{"id":209,"date":"2024-08-22T06:31:34","date_gmt":"2024-08-22T06:31:34","guid":{"rendered":"https:\/\/stadtwerkezeitung.info\/forst\/?p=209"},"modified":"2025-02-24T10:38:05","modified_gmt":"2025-02-24T10:38:05","slug":"besonderes-naturspektakel","status":"publish","type":"post","link":"https:\/\/stadtwerkezeitung.info\/forst\/besonderes-naturspektakel\/","title":{"rendered":"Besonderes Naturspektakel"},"content":{"rendered":"<p><img decoding=\"async\" src=\"\/forst\/wp-content\/uploads\/2024\/08\/202_Bild_1_GraugansGraugans_1_Anton_Lehnig-scaled.jpg\" alt=\"\"><\/p>\n<div>\n<p><em>Graug\u00e4nse im Anflug \u2013 im Herbst bev\u00f6lkern sie Brandenburg in Scharen. <\/p>\n<p><small>Foto:  Anton Lehnig<br \/>\n<br \/><\/small><\/em><\/p>\n<\/div>\n<h2>Besonderes Naturspektakel<\/h2>\n<h1>Der gro\u00dfe Vogelzug<\/h1>\n<h2>Alle V\u00f6gel sind bald weg! Mit dem Sp\u00e4tsommer beginnt der gro\u00dfe Vogelzug und damit das gro\u00dfe Geschnatter der Enten, gepaart mit dem Trompeten der Kraniche. Die meisten V\u00f6gel, die bei uns in Brandenburg leben, sind Zugv\u00f6gel. Sie haben hier in der warmen Jahreszeit ihre Nester gebaut, beste Bedingungen vorgefunden, um ihren Nachwuchs gro\u00dfzuziehen und ziehen nun, wie etwa der Wei\u00dfstorch, weiter ins Winterquartier in den warmen S\u00fcden. Gleichzeitig landen hunderttausende Kraniche, nordische G\u00e4nse und andere Zugv\u00f6gel in Brandenburg. Sie rasten hier auf ihrer Reise zwischen den n\u00f6rdlich und nord\u00f6stlich gelegenen Brutgebieten und den Winterquartieren im w\u00e4rmeren S\u00fcden. Einige, zum Beispiel Singschw\u00e4ne, \u00fcberwintern auch bei uns. Ganz klar, der Herbst bietet ein besonderes Naturspektakel. Wir verraten, wo die Schnatter-Hotspots sind und Sie die beste Aussicht auf das gro\u00dfe Geflatter haben \u2013 allein oder in fachkundiger Begleitung von Rangern der Naturwacht Brandenburg! <\/h2>\n<p><img decoding=\"async\" src=\"\/forst\/wp-content\/uploads\/2024\/08\/202_Bild_2_Kranich_Agnieszka_Florczyk_3-scaled.jpg\" alt=\"\"><\/p>\n<div>\n<p><em>Ruf der Kraniche: Dadurch werden Bindungen zwischen einzelnen Tieren gest\u00e4rkt. <\/p>\n<p><small>Foto: Agnieszka Florczyk<br \/>\n<br \/><\/small><\/em><\/p>\n<\/div>\n<div>\n<h4>Die gro\u00dfen Beobachtungsgebiete zum Vogelzug<\/h4>\n<h5>Biosph\u00e4renreservat Flusslandschaft Elbe-Brandenburg<\/h5>\n<p>Geh\u00f6rt zum Europ\u00e4ischen Vogelschutzgebiet \u201eUnteres Elbtal\u201c und erstreckt sich \u00fcber rund 70 Elbkilometer entlang des \u00f6stlichen Ufers der Elbe. Zu Hunderten steuern Kraniche an der Elbe trompetend ihre gut gesch\u00fctzten Schlafpl\u00e4tze an.<\/p>\n<\/div>\n<p><img decoding=\"async\" src=\"\/forst\/wp-content\/uploads\/2024\/08\/202_Bild_3_Grauganse2_Lerch_Ulmer-scaled.jpg\" alt=\"\"><\/p>\n<div>\n<p><em>Eine Graugans erhebt sich aus dem See: Flachwasserzonen dienen als Schlafplatz. <br \/><small>Foto: Lerch Ulmer <br \/><\/small><\/em><\/p>\n<\/div>\n<div>\n<h5>Naturpark Westhavelland<\/h5>\n<p>Vogel-Tankstelle am G\u00fclper See: W\u00e4hrend des Herbstzugs k\u00f6nnen bis 150.000 Saat-, Bl\u00e4ss- und Graug\u00e4nse und bis zu 15.000 Kraniche am und auf dem See beobachtet werden. Mit etwas Gl\u00fcck entdeckt man auch die h\u00fcbsch gezeichneten Pfeif- und Krickenten.<\/p>\n<h5>Biosph\u00e4ren-reservat Spreewald<\/h5>\n<p>Der Spreewald, ein Vogelparadies. In den Feuchtwiesen und Flachwasserbereichen bei Schlepzig tummeln sich diverse Wat- und Wasserv\u00f6gel. Idealer Aussichtspunkt: Der Vogelbeobachtungsturm am Wussegk unmittelbar am Naturlehrpfad Buchenhain.<\/p>\n<h5>Naturpark Nuthe-Nieplitz<\/h5>\n<p>Herzst\u00fcck ist die \u201eNuthe-Nieplitz-Niederung\u201c, die zum bedeutendsten Vogelschutzgebiet Brandenburgs z\u00e4hlt und 150 Brutvogelarten einen optimalen Lebensraum bietet. Die gro\u00dfen Schlafgew\u00e4sser mit angrenzenden Nahrungsfl\u00e4chen ziehen 100.000 Winterg\u00e4ste wie Nordische G\u00e4nse, Schw\u00e4ne und Kraniche an.<\/p>\n<h5>Naturpark Niederlausitzer Landr\u00fccken<\/h5>\n<p>Die weitl\u00e4ufigen Tagebauseen hier geh\u00f6ren zu den gr\u00f6\u00dften Sammel- und Rastpl\u00e4tzen in Brandenburg. Den H\u00f6hepunkt des Vogelzugs erwartet die Naturwacht dort Ende September. Dann treffen auch gro\u00dfe Schw\u00e4rme nordischer Saat- und Bl\u00e4ssg\u00e4nse am Borcheltsbusch bei Freesdorf ein.<\/p>\n<\/div>\n<div>\n<h4>Alle Termine: RangerTouren und Feste zum Vogelzug<\/h4>\n<\/div>\n<ul>\n<li>\n<h3>27.09.2024 \u2013 06.10.2024<\/h3>\n<div>\n<p>19.\u2009Kranichwoche im Nationalpark Unteres Odertal mit Kranichfest in Mescherin (Uckermark)<\/p>\n<\/div>\n<p><a href=\"https:\/\/www.nationalpark-unteres-odertal.eu\/aktuelles\/veranstaltungen\">www.nationalpark-unteres-odertal.eu<\/a><\/p>\n<\/li>\n<li>\n<h3>09.10.2024, 10 \u2013 15 Uhr<\/h3>\n<div>\n<p>Radtour mit eigenem Rad zum Aussichtsturm Kockrowsberg. Mit Rangern der Naturwacht Spreewald beobachten Sie, wie sich G\u00e4nse, Kraniche &amp; Co. auf die lange Reise gen S\u00fcden begeben.<\/p>\n<p><strong>Treff:<\/strong> Tourist-Info L\u00fcbbenau, <br \/>Ehm-Welk-Str. 15, 03222 L\u00fcbbenau. <br \/><strong>Anmeldung:<\/strong> Tel. 03542 892123.<\/p>\n<\/div>\n<\/li>\n<li>\n<h3>10.10. und 17.10.2024, 17 \u2013 19 Uhr<\/h3>\n<div>\n<p>Abendliche Schlafplatzsuche der Kraniche und Wildg\u00e4nse im FFH-Gebiet \u201eNuthe-Nieplitz-Niederung\u201c.<\/p>\n<p><strong>Treff:<\/strong> FFH-Gebiet, 14959 Trebbin, OT Stangenhagen. <br \/><strong>Anmeldung:<\/strong> Tel. 033732 50631.<\/p>\n<\/div>\n<\/li>\n<li>\n<h3>12.10.2024, 17 \u2013 20 Uhr<\/h3>\n<div>\n<p>Kranich-Wanderung mit einem Nationalpark-Ranger zum gro\u00dfen Spektakel der einfliegenden Kraniche.<\/p>\n<p><strong>Treff:<\/strong> Caf\u00e9 am M\u00fchlenteich, Kastanienallee\u2009\u20098, 16307 Gartz\/Oder. <br \/><strong>Anmeldung:<\/strong> Tel. 03332 267711.<\/p>\n<\/div>\n<\/li>\n<li>\n<h3>12.10.2024, 17.15 \u2013 19.30 Uhr<br \/>20.10.2024, 17 \u2013 19.15 Uhr<\/h3>\n<div>\n<p>Bei der F\u00fchrung der Naturwacht Lenzen (Prignitz) gleiten hunderte Kraniche laut trompetend \u00fcber die K\u00f6pfe der Beobachter hinweg.<\/p>\n<p><strong>Treff:<\/strong> An der Kirche, Dorfstra\u00dfe, <br \/>19309 Rambow am See. <br \/><strong>Anmeldung:<\/strong> Tel. 038792 1701.<\/p>\n<\/div>\n<\/li>\n<li>\n<h3>12. und 18.10.2024, 16.30 \u2013 19.30 Uhr<\/h3>\n<div>\n<p>G\u00e4nseeinfall am G\u00fclper See (Westhavelland). Wanderung in der Abendd\u00e4mmerung zu dem Sammel- und Schlafplatz der G\u00e4nse und Enten.<\/p>\n<p><strong>Treff:<\/strong> Bockwindm\u00fchle Prietzen, An der M\u00fchle, 14715 Havelaue OT Prietzen. <br \/><strong>Anmeldung:<\/strong> Tel. 0175 4378487.<\/p>\n<\/div>\n<\/li>\n<li>\n<h3>25.10.2024, 16 \u2013 19 Uhr<\/h3>\n<div>\n<p><strong>Start\/Ende<\/strong> in Storkow (Mark) in Oder-Spree. Strecke: ca. 15 km. <br \/><strong>Anmeldung:<\/strong> Tel: 033768 50118.<\/p>\n<\/div>\n<p><a href=\"https:\/\/naturschutzfonds.de\">Mehr Infos<\/a><\/p>\n<\/li>\n<\/ul>\n<div>\n<h4>Beste Aussicht<\/h4>\n<\/div>\n<ul>\n<li>\n<h3>Barnim: Eulenturm <\/h3>\n<div>\n<p>am Naturbeobachtungspunkt Alth\u00fcttendorf (Neugrimnitzer Stra\u00dfe 1\u2009b): Im Sp\u00e4therbst rasten t\u00e4glich Hunderte von V\u00f6geln an dem Ufer des Grimnitzsees.<\/p>\n<\/div>\n<\/li>\n<li>\n<h3>Havelland:<\/h3>\n<div>Vogelbeobachtungsturm am G\u00fclper See (An der M\u00fchle, 14715 Havelaue OT G\u00fclpe). Abends erfolgt ein spektakul\u00e4rer Einfall von Saat- und Bl\u00e4ssg\u00e4nsen (regelm\u00e4\u00dfig \u00fcber 100.000 V\u00f6gel).<\/div>\n<\/li>\n<li>\n<h3>Uckermark: <\/h3>\n<div>Aussichtsturm Oderdeiche (Gartenstra\u00dfe, 16307 Gartz\/Oder): September bis Oktober sammeln sich allj\u00e4hrlich bis zu 10.000 Kraniche und um die 150.000 G\u00e4nse, Enten und Schw\u00e4ne.<\/div>\n<\/li>\n<li>\n<h3>Spreewald: <\/h3>\n<div>Natur-Erlebniszentrum Wanninchen (Wanninchen\u20091, 15926 Luckau OT G\u00f6rlsdorf): Von den Schutzh\u00fctten aus lassen sich Kraniche am Ufer beobachten \u2013 ebenso verschiedene Entenarten, Uferschwalben, Flussregenpfeifer, Seeadler, Schwarzkehlchen und Wiedehopf. <\/div>\n<\/li>\n<li>\n<h3>Prignitz:<\/h3>\n<div>Am Rambower Moor vom Beobachtungsturm A (19309 Lenzen\/Elbe OT Rambow) und Beobachtungsturm B (19357 Karst\u00e4dt OT Boberow). <\/div>\n<\/li>\n<li>\n<h3>Elbe-Elster: <\/h3>\n<div>Lobenturm im Naturschutzgebiet \u201eDer Loben\u201c (04934 Hohenleipisch). Den Vogelzug aus 5,60 Metern H\u00f6he beobachten, dazu gibt es ein Konzert der Teichfr\u00f6sche. <\/div>\n<\/li>\n<\/ul>\n<div>\n<h3>Ist es den Zugv\u00f6geln bei uns im Winter zu kalt?<\/h3>\n<p>Kinderfrage<\/p>\n<div>Nein. Aber den Insekten, den die V\u00f6gel auf dem Speiseplan haben. Nicht die Temperaturen sind also der Grund f\u00fcr die Reise der Zugv\u00f6gel gen S\u00fcden. Sie finden bei uns im Winter einfach nicht genug Nahrung. Denn es gibt kaum noch Fr\u00fcchte. Und W\u00fcrmer, Insekten oder Schnecken halten sich gut versteckt.<\/div>\n<\/div>\n<p><!--more--><br \/>\n<!-- {\"type\":\"layout\",\"children\":[{\"type\":\"section\",\"props\":{\"image_position\":\"center-center\",\"padding_remove_top\":true,\"style\":\"default\",\"title_breakpoint\":\"xl\",\"title_position\":\"top-left\",\"title_rotation\":\"left\",\"vertical_align\":\"\",\"width\":\"default\"},\"children\":[{\"type\":\"row\",\"children\":[{\"type\":\"column\",\"props\":{\"image_position\":\"center-center\",\"position_sticky_breakpoint\":\"m\"},\"children\":[{\"type\":\"image\",\"props\":{\"image\":\"wp-content\\\/uploads\\\/2024\\\/08\\\/202_Bild_1_GraugansGraugans_1_Anton_Lehnig-scaled.jpg\",\"image_svg_color\":\"emphasis\",\"margin\":\"default\"}},{\"type\":\"text\",\"props\":{\"column_breakpoint\":\"m\",\"content\":\"\n\n<p><em>Graug\\u00e4nse im Anflug \\u2013 im Herbst bev\\u00f6lkern sie Brandenburg in Scharen. \\n\\n<br \\\/><small>Foto:  Anton Lehnig\\n<br \\\/><\\\/small><\\\/em><\\\/p>\",\"margin\":\"default\"}},{\"type\":\"headline\",\"props\":{\"content\":\"Besonderes Naturspektakel\",\"margin\":\"small\",\"margin_remove_bottom\":false,\"margin_remove_top\":false,\"title_element\":\"h2\",\"title_style\":\"h5\"}},{\"type\":\"headline\",\"props\":{\"content\":\"Der gro\\u00dfe Vogelzug\",\"margin\":\"small\",\"margin_remove_bottom\":false,\"margin_remove_top\":false,\"title_element\":\"h1\"}},{\"type\":\"headline\",\"props\":{\"content\":\"Alle V\\u00f6gel sind bald weg! Mit dem Sp\\u00e4tsommer beginnt der gro\\u00dfe Vogelzug und damit das gro\\u00dfe Geschnatter der Enten, gepaart mit dem Trompeten der Kraniche. Die meisten V\\u00f6gel, die bei uns in Brandenburg leben, sind Zugv\\u00f6gel. Sie haben hier in der warmen Jahreszeit ihre Nester gebaut, beste Bedingungen vorgefunden, um ihren Nachwuchs gro\\u00dfzuziehen und ziehen nun, wie etwa der Wei\\u00dfstorch, weiter ins Winterquartier in den warmen S\\u00fcden. Gleichzeitig landen hunderttausende Kraniche, nordische G\\u00e4nse und andere Zugv\\u00f6gel in Brandenburg. Sie rasten hier auf ihrer Reise zwischen den n\\u00f6rdlich und nord\\u00f6stlich gelegenen Brutgebieten und den Winterquartieren im w\\u00e4rmeren S\\u00fcden. Einige, zum Beispiel Singschw\\u00e4ne, \\u00fcberwintern auch bei uns. Ganz klar, der Herbst bietet ein besonderes Naturspektakel. Wir verraten, wo die Schnatter-Hotspots sind und Sie die beste Aussicht auf das gro\\u00dfe Geflatter haben \\u2013 allein oder in fachkundiger Begleitung von Rangern der Naturwacht Brandenburg! \",\"margin\":\"small\",\"margin_remove_top\":false,\"title_element\":\"h2\",\"title_style\":\"h2\"}},{\"type\":\"image\",\"props\":{\"image\":\"wp-content\\\/uploads\\\/2024\\\/08\\\/202_Bild_2_Kranich_Agnieszka_Florczyk_3-scaled.jpg\",\"image_svg_color\":\"emphasis\",\"margin\":\"default\"}},{\"type\":\"text\",\"props\":{\"column_breakpoint\":\"m\",\"content\":\"\n\n<p><em>Ruf der Kraniche: Dadurch werden Bindungen zwischen einzelnen Tieren gest\\u00e4rkt. \\n\\n<br \\\/><small>Foto: Agnieszka Florczyk\\n<br \\\/><\\\/small><\\\/em><\\\/p>\",\"margin\":\"default\"}},{\"type\":\"text\",\"props\":{\"column_breakpoint\":\"m\",\"content\":\"\n\n<h4>Die gro\\u00dfen Beobachtungsgebiete zum Vogelzug<\\\/h4>\\n\n\n<h5>Biosph\\u00e4renreservat Flusslandschaft Elbe-Brandenburg<\\\/h5>\\n\n\n<p>Geh\\u00f6rt zum Europ\\u00e4ischen Vogelschutzgebiet \\u201eUnteres Elbtal\\u201c und erstreckt sich \\u00fcber rund 70 Elbkilometer entlang des \\u00f6stlichen Ufers der Elbe. Zu Hunderten steuern Kraniche an der Elbe trompetend ihre gut gesch\\u00fctzten Schlafpl\\u00e4tze an.<\\\/p>\",\"margin\":\"default\"}},{\"type\":\"image\",\"props\":{\"image\":\"wp-content\\\/uploads\\\/2024\\\/08\\\/202_Bild_3_Grauganse2_Lerch_Ulmer-scaled.jpg\",\"image_svg_color\":\"emphasis\",\"margin\":\"default\"}},{\"type\":\"text\",\"props\":{\"column_breakpoint\":\"m\",\"content\":\"\n\n<p><em>Eine Graugans erhebt sich aus dem See: Flachwasserzonen dienen als Schlafplatz. <br \\\/><small>Foto: Lerch Ulmer <br \\\/><\\\/small><\\\/em><\\\/p>\",\"margin\":\"default\"}},{\"type\":\"text\",\"props\":{\"column_breakpoint\":\"m\",\"content\":\"\n\n<h5>Naturpark Westhavelland<\\\/h5>\\n\n\n<p>Vogel-Tankstelle am G\\u00fclper See: W\\u00e4hrend des Herbstzugs k\\u00f6nnen bis 150.000 Saat-, Bl\\u00e4ss- und Graug\\u00e4nse und bis zu 15.000 Kraniche am und auf dem See beobachtet werden. Mit etwas Gl\\u00fcck entdeckt man auch die h\\u00fcbsch gezeichneten Pfeif- und Krickenten.<\\\/p>\\n\n\n<h5>Biosph\\u00e4ren-reservat Spreewald<\\\/h5>\\n\n\n<p>Der Spreewald, ein Vogelparadies. In den Feuchtwiesen und Flachwasserbereichen bei Schlepzig tummeln sich diverse Wat- und Wasserv\\u00f6gel. Idealer Aussichtspunkt: Der Vogelbeobachtungsturm am Wussegk unmittelbar am Naturlehrpfad Buchenhain.<\\\/p>\\n\n\n<h5>Naturpark Nuthe-Nieplitz<\\\/h5>\\n\n\n<p>Herzst\\u00fcck ist die \\u201eNuthe-Nieplitz-Niederung\\u201c, die zum bedeutendsten Vogelschutzgebiet Brandenburgs z\\u00e4hlt und 150 Brutvogelarten einen optimalen Lebensraum bietet. Die gro\\u00dfen Schlafgew\\u00e4sser mit angrenzenden Nahrungsfl\\u00e4chen ziehen 100.000 Winterg\\u00e4ste wie Nordische G\\u00e4nse, Schw\\u00e4ne und Kraniche an.<\\\/p>\\n\n\n<h5>Naturpark Niederlausitzer Landr\\u00fccken<\\\/h5>\\n\n\n<p>Die weitl\\u00e4ufigen Tagebauseen hier geh\\u00f6ren zu den gr\\u00f6\\u00dften Sammel- und Rastpl\\u00e4tzen in Brandenburg. Den H\\u00f6hepunkt des Vogelzugs erwartet die Naturwacht dort Ende September. Dann treffen auch gro\\u00dfe Schw\\u00e4rme nordischer Saat- und Bl\\u00e4ssg\\u00e4nse am Borcheltsbusch bei Freesdorf ein.<\\\/p>\",\"margin\":\"default\"}},{\"type\":\"text\",\"props\":{\"column_breakpoint\":\"m\",\"content\":\"\n\n<h4>Alle Termine: RangerTouren und Feste zum Vogelzug<\\\/h4>\",\"margin\":\"default\"}},{\"type\":\"grid\",\"props\":{\"content_column_breakpoint\":\"m\",\"filter_align\":\"left\",\"filter_all\":true,\"filter_grid_breakpoint\":\"m\",\"filter_grid_width\":\"auto\",\"filter_position\":\"top\",\"filter_style\":\"tab\",\"grid_default\":\"1\",\"grid_masonry\":\"next\",\"grid_medium\":\"2\",\"icon_width\":80,\"image_align\":\"top\",\"image_grid_breakpoint\":\"m\",\"image_grid_width\":\"1-2\",\"image_svg_color\":\"emphasis\",\"item_animation\":true,\"link_fullwidth\":true,\"link_style\":\"default\",\"link_target\":true,\"link_text\":\"Read more\",\"margin\":\"default\",\"meta_align\":\"below-title\",\"meta_element\":\"div\",\"meta_style\":\"text-meta\",\"panel_padding\":\"default\",\"panel_style\":\"card-default\",\"show_content\":true,\"show_image\":true,\"show_link\":true,\"show_meta\":true,\"show_title\":true,\"title_align\":\"top\",\"title_element\":\"h3\",\"title_grid_breakpoint\":\"m\",\"title_grid_width\":\"1-2\",\"title_hover_style\":\"reset\"},\"children\":[{\"type\":\"grid_item\",\"props\":{\"content\":\"\n\n<p>19.\\u2009Kranichwoche im Nationalpark Unteres Odertal mit Kranichfest in Mescherin (Uckermark)<\\\/p>\",\"link\":\"https:\\\/\\\/www.nationalpark-unteres-odertal.eu\\\/aktuelles\\\/veranstaltungen\",\"link_text\":\"www.nationalpark-unteres-odertal.eu\",\"title\":\"27.09.2024 \\u2013 06.10.2024\"}},{\"type\":\"grid_item\",\"props\":{\"content\":\"\n\n<p>Radtour mit eigenem Rad zum Aussichtsturm Kockrowsberg. Mit Rangern der Naturwacht Spreewald beobachten Sie, wie sich G\\u00e4nse, Kraniche &amp; Co. auf die lange Reise gen S\\u00fcden begeben.<\\\/p>\\n\n\n<p><strong>Treff:<\\\/strong> Tourist-Info L\\u00fcbbenau, <br \\\/>Ehm-Welk-Str. 15, 03222 L\\u00fcbbenau. <br \\\/><strong>Anmeldung:<\\\/strong> Tel. 03542 892123.<\\\/p>\",\"title\":\"09.10.2024, 10 \\u2013 15 Uhr\"}},{\"type\":\"grid_item\",\"props\":{\"content\":\"\n\n<p>Abendliche Schlafplatzsuche der Kraniche und Wildg\\u00e4nse im FFH-Gebiet \\u201eNuthe-Nieplitz-Niederung\\u201c.<\\\/p>\\n\n\n<p><strong>Treff:<\\\/strong> FFH-Gebiet, 14959 Trebbin, OT Stangenhagen. <br \\\/><strong>Anmeldung:<\\\/strong> Tel. 033732 50631.<\\\/p>\",\"title\":\"10.10. und 17.10.2024, 17 \\u2013 19 Uhr\"}},{\"type\":\"grid_item\",\"props\":{\"content\":\"\n\n<p>Kranich-Wanderung mit einem Nationalpark-Ranger zum gro\\u00dfen Spektakel der einfliegenden Kraniche.<\\\/p>\\n\n\n<p><strong>Treff:<\\\/strong> Caf\\u00e9 am M\\u00fchlenteich, Kastanienallee\\u2009\\u20098, 16307 Gartz\\\/Oder. <br \\\/><strong>Anmeldung:<\\\/strong> Tel. 03332 267711.<\\\/p>\",\"title\":\"12.10.2024, 17 \\u2013 20 Uhr\"}},{\"type\":\"grid_item\",\"props\":{\"content\":\"\n\n<p>Bei der F\\u00fchrung der Naturwacht Lenzen (Prignitz) gleiten hunderte Kraniche laut trompetend \\u00fcber die K\\u00f6pfe der Beobachter hinweg.<\\\/p>\\n\n\n<p><strong>Treff:<\\\/strong> An der Kirche, Dorfstra\\u00dfe, <br \\\/>19309 Rambow am See. <br \\\/><strong>Anmeldung:<\\\/strong> Tel. 038792 1701.<\\\/p>\",\"title\":\"12.10.2024, 17.15 \\u2013 19.30 Uhr<br \/>20.10.2024, 17 \\u2013 19.15 Uhr\"}},{\"type\":\"grid_item\",\"props\":{\"content\":\"\n\n<p>G\\u00e4nseeinfall am G\\u00fclper See (Westhavelland). Wanderung in der Abendd\\u00e4mmerung zu dem Sammel- und Schlafplatz der G\\u00e4nse und Enten.<\\\/p>\\n\n\n<p><strong>Treff:<\\\/strong> Bockwindm\\u00fchle Prietzen, An der M\\u00fchle, 14715 Havelaue OT Prietzen. <br \\\/><strong>Anmeldung:<\\\/strong> Tel. 0175 4378487.<\\\/p>\",\"title\":\"12. und 18.10.2024, 16.30 \\u2013 19.30 Uhr\"}},{\"type\":\"grid_item\",\"props\":{\"content\":\"\n\n<p><strong>Start\\\/Ende<\\\/strong> in Storkow (Mark) in Oder-Spree. Strecke: ca. 15 km. <br \\\/><strong>Anmeldung:<\\\/strong> Tel: 033768 50118.<\\\/p>\",\"link\":\"https:\\\/\\\/naturschutzfonds.de\",\"link_text\":\"Mehr Infos\",\"title\":\"25.10.2024, 16 \\u2013 19 Uhr\"}}]},{\"type\":\"text\",\"props\":{\"column_breakpoint\":\"m\",\"content\":\"\n\n<h4>Beste Aussicht<\\\/h4>\",\"margin\":\"default\"}},{\"type\":\"grid\",\"props\":{\"content_column_breakpoint\":\"m\",\"filter_align\":\"left\",\"filter_all\":true,\"filter_grid_breakpoint\":\"m\",\"filter_grid_width\":\"auto\",\"filter_position\":\"top\",\"filter_style\":\"tab\",\"grid_default\":\"1\",\"grid_medium\":\"3\",\"icon_width\":80,\"image_align\":\"top\",\"image_grid_breakpoint\":\"m\",\"image_grid_width\":\"1-2\",\"image_svg_color\":\"emphasis\",\"item_animation\":true,\"link_style\":\"default\",\"link_text\":\"Read more\",\"margin\":\"default\",\"meta_align\":\"below-title\",\"meta_element\":\"div\",\"meta_style\":\"text-meta\",\"panel_padding\":\"default\",\"panel_style\":\"card-default\",\"show_content\":true,\"show_image\":true,\"show_link\":true,\"show_meta\":true,\"show_title\":true,\"title_align\":\"top\",\"title_element\":\"h3\",\"title_grid_breakpoint\":\"m\",\"title_grid_width\":\"1-2\",\"title_hover_style\":\"reset\"},\"children\":[{\"type\":\"grid_item\",\"props\":{\"content\":\"\n\n<p>am Naturbeobachtungspunkt Alth\\u00fcttendorf (Neugrimnitzer Stra\\u00dfe 1\\u2009b): Im Sp\\u00e4therbst rasten t\\u00e4glich Hunderte von V\\u00f6geln an dem Ufer des Grimnitzsees.<\\\/p>\",\"title\":\"Barnim: Eulenturm \"}},{\"type\":\"grid_item\",\"props\":{\"content\":\"Vogelbeobachtungsturm am G\\u00fclper See (An der M\\u00fchle, 14715 Havelaue OT G\\u00fclpe). Abends erfolgt ein spektakul\\u00e4rer Einfall von Saat- und Bl\\u00e4ssg\\u00e4nsen (regelm\\u00e4\\u00dfig \\u00fcber 100.000 V\\u00f6gel).\",\"title\":\"Havelland:\"}},{\"type\":\"grid_item\",\"props\":{\"content\":\"Aussichtsturm Oderdeiche (Gartenstra\\u00dfe, 16307 Gartz\\\/Oder): September bis Oktober sammeln sich allj\\u00e4hrlich bis zu 10.000 Kraniche und um die 150.000 G\\u00e4nse, Enten und Schw\\u00e4ne.\",\"title\":\"Uckermark: \"}},{\"type\":\"grid_item\",\"props\":{\"content\":\"Natur-Erlebniszentrum Wanninchen (Wanninchen\\u20091, 15926 Luckau OT G\\u00f6rlsdorf): Von den Schutzh\\u00fctten aus lassen sich Kraniche am Ufer beobachten \\u2013 ebenso verschiedene Entenarten, Uferschwalben, Flussregenpfeifer, Seeadler, Schwarzkehlchen und Wiedehopf. \",\"title\":\"Spreewald: \"}},{\"type\":\"grid_item\",\"props\":{\"content\":\"Am Rambower Moor vom Beobachtungsturm A (19309 Lenzen\\\/Elbe OT Rambow) und Beobachtungsturm B (19357 Karst\\u00e4dt OT Boberow). \",\"title\":\"Prignitz:\"}},{\"type\":\"grid_item\",\"props\":{\"content\":\"Lobenturm im Naturschutzgebiet \\u201eDer Loben\\u201c (04934 Hohenleipisch). Den Vogelzug aus 5,60 Metern H\\u00f6he beobachten, dazu gibt es ein Konzert der Teichfr\\u00f6sche. \",\"title\":\"Elbe-Elster: \"}}]},{\"type\":\"panel\",\"props\":{\"content\":\"Nein. Aber den Insekten, den die V\\u00f6gel auf dem Speiseplan haben. Nicht die Temperaturen sind also der Grund f\\u00fcr die Reise der Zugv\\u00f6gel gen S\\u00fcden. Sie finden bei uns im Winter einfach nicht genug Nahrung. Denn es gibt kaum noch Fr\\u00fcchte. Und W\\u00fcrmer, Insekten oder Schnecken halten sich gut versteckt.\",\"content_column_breakpoint\":\"m\",\"icon\":\"question\",\"icon_width\":80,\"image_align\":\"left\",\"image_grid_breakpoint\":\"m\",\"image_grid_width\":\"auto\",\"image_svg_color\":\"emphasis\",\"image_vertical_align\":true,\"link_style\":\"default\",\"link_text\":\"Read more\",\"margin\":\"default\",\"meta\":\"Kinderfrage\",\"meta_align\":\"above-title\",\"meta_element\":\"div\",\"meta_style\":\"text-meta\",\"panel_padding\":\"default\",\"panel_style\":\"card-secondary\",\"title\":\"Ist es den Zugv\\u00f6geln bei uns im Winter zu kalt?\",\"title_align\":\"top\",\"title_element\":\"h3\",\"title_grid_breakpoint\":\"m\",\"title_grid_width\":\"1-2\",\"title_hover_style\":\"reset\"}}]}]}],\"name\":\"x- vogel\"}],\"version\":\"4.4.1\"} --><\/p>\n","protected":false},"excerpt":{"rendered":"<p>Graug\u00e4nse im Anflug \u2013 im Herbst bev\u00f6lkern sie Brandenburg in Scharen. Foto: Anton Lehnig Besonderes Naturspektakel Der gro\u00dfe Vogelzug Alle V\u00f6gel sind bald weg! Mit dem Sp\u00e4tsommer beginnt der gro\u00dfe Vogelzug und damit das gro\u00dfe Geschnatter der Enten, gepaart mit dem Trompeten der Kraniche. Die meisten V\u00f6gel, die bei uns in Brandenburg leben, sind Zugv\u00f6gel. [&hellip;]<\/p>\n","protected":false},"author":1,"featured_media":0,"comment_status":"open","ping_status":"open","sticky":false,"template":"","format":"standard","meta":{"footnotes":""},"categories":[1],"tags":[],"class_list":["post-209","post","type-post","status-publish","format-standard","hentry","category-uncategorized"],"yoast_head":"<!-- This site is optimized with the Yoast SEO plugin v26.9 - https:\/\/yoast.com\/product\/yoast-seo-wordpress\/ -->\n<title>Besonderes Naturspektakel - Forst<\/title>\n<meta name=\"robots\" content=\"index, follow, max-snippet:-1, max-image-preview:large, max-video-preview:-1\" \/>\n<link rel=\"canonical\" href=\"https:\/\/stadtwerkezeitung.info\/e-paper\/der-grosse-vogelzug\/\" \/>\n<meta property=\"og:locale\" content=\"en_US\" \/>\n<meta property=\"og:type\" content=\"article\" \/>\n<meta property=\"og:title\" content=\"Besonderes Naturspektakel - Forst\" \/>\n<meta property=\"og:description\" content=\"Graug\u00e4nse im Anflug \u2013 im Herbst bev\u00f6lkern sie Brandenburg in Scharen. Foto: Anton Lehnig Besonderes Naturspektakel Der gro\u00dfe Vogelzug Alle V\u00f6gel sind bald weg! Mit dem Sp\u00e4tsommer beginnt der gro\u00dfe Vogelzug und damit das gro\u00dfe Geschnatter der Enten, gepaart mit dem Trompeten der Kraniche. Die meisten V\u00f6gel, die bei uns in Brandenburg leben, sind Zugv\u00f6gel. [&hellip;]\" \/>\n<meta property=\"og:url\" content=\"https:\/\/stadtwerkezeitung.info\/e-paper\/der-grosse-vogelzug\/\" \/>\n<meta property=\"og:site_name\" content=\"Forst\" \/>\n<meta property=\"article:published_time\" content=\"2024-08-22T06:31:34+00:00\" \/>\n<meta property=\"article:modified_time\" content=\"2025-02-24T10:38:05+00:00\" \/>\n<meta name=\"author\" content=\"admin\" \/>\n<meta name=\"twitter:card\" content=\"summary_large_image\" \/>\n<meta name=\"twitter:label1\" content=\"Written by\" \/>\n\t<meta name=\"twitter:data1\" content=\"admin\" \/>\n\t<meta name=\"twitter:label2\" content=\"Est. reading time\" \/>\n\t<meta name=\"twitter:data2\" content=\"6 minutes\" \/>\n<script type=\"application\/ld+json\" class=\"yoast-schema-graph\">{\"@context\":\"https:\/\/schema.org\",\"@graph\":[{\"@type\":\"Article\",\"@id\":\"https:\/\/stadtwerkezeitung.info\/e-paper\/der-grosse-vogelzug\/#article\",\"isPartOf\":{\"@id\":\"https:\/\/stadtwerkezeitung.info\/forst\/besonderes-naturspektakel\/\"},\"author\":{\"name\":\"admin\",\"@id\":\"https:\/\/stadtwerkezeitung.info\/forst\/#\/schema\/person\/acd409dca37d4bb8bf3a1284da7f1ee0\"},\"headline\":\"Besonderes Naturspektakel\",\"datePublished\":\"2024-08-22T06:31:34+00:00\",\"dateModified\":\"2025-02-24T10:38:05+00:00\",\"mainEntityOfPage\":{\"@id\":\"https:\/\/stadtwerkezeitung.info\/forst\/besonderes-naturspektakel\/\"},\"wordCount\":824,\"commentCount\":0,\"inLanguage\":\"en-US\",\"potentialAction\":[{\"@type\":\"CommentAction\",\"name\":\"Comment\",\"target\":[\"https:\/\/stadtwerkezeitung.info\/e-paper\/der-grosse-vogelzug\/#respond\"]}]},{\"@type\":\"WebPage\",\"@id\":\"https:\/\/stadtwerkezeitung.info\/forst\/besonderes-naturspektakel\/\",\"url\":\"https:\/\/stadtwerkezeitung.info\/e-paper\/der-grosse-vogelzug\/\",\"name\":\"Besonderes Naturspektakel - Forst\",\"isPartOf\":{\"@id\":\"https:\/\/stadtwerkezeitung.info\/forst\/#website\"},\"datePublished\":\"2024-08-22T06:31:34+00:00\",\"dateModified\":\"2025-02-24T10:38:05+00:00\",\"author\":{\"@id\":\"https:\/\/stadtwerkezeitung.info\/forst\/#\/schema\/person\/acd409dca37d4bb8bf3a1284da7f1ee0\"},\"breadcrumb\":{\"@id\":\"https:\/\/stadtwerkezeitung.info\/e-paper\/der-grosse-vogelzug\/#breadcrumb\"},\"inLanguage\":\"en-US\",\"potentialAction\":[{\"@type\":\"ReadAction\",\"target\":[\"https:\/\/stadtwerkezeitung.info\/e-paper\/der-grosse-vogelzug\/\"]}]},{\"@type\":\"BreadcrumbList\",\"@id\":\"https:\/\/stadtwerkezeitung.info\/e-paper\/der-grosse-vogelzug\/#breadcrumb\",\"itemListElement\":[{\"@type\":\"ListItem\",\"position\":1,\"name\":\"Home\",\"item\":\"https:\/\/stadtwerkezeitung.info\/forst\/\"},{\"@type\":\"ListItem\",\"position\":2,\"name\":\"Besonderes Naturspektakel\"}]},{\"@type\":\"WebSite\",\"@id\":\"https:\/\/stadtwerkezeitung.info\/forst\/#website\",\"url\":\"https:\/\/stadtwerkezeitung.info\/forst\/\",\"name\":\"Forst\",\"description\":\"\",\"inLanguage\":\"en-US\"},{\"@type\":\"Person\",\"@id\":\"https:\/\/stadtwerkezeitung.info\/forst\/#\/schema\/person\/acd409dca37d4bb8bf3a1284da7f1ee0\",\"name\":\"admin\",\"image\":{\"@type\":\"ImageObject\",\"inLanguage\":\"en-US\",\"@id\":\"https:\/\/stadtwerkezeitung.info\/forst\/#\/schema\/person\/image\/\",\"url\":\"https:\/\/secure.gravatar.com\/avatar\/52dc0b3340c8087a51f52eaa20dc62cd4a6fe41f5bd886140989db7b572c00cd?s=96&d=mm&r=g\",\"contentUrl\":\"https:\/\/secure.gravatar.com\/avatar\/52dc0b3340c8087a51f52eaa20dc62cd4a6fe41f5bd886140989db7b572c00cd?s=96&d=mm&r=g\",\"caption\":\"admin\"},\"sameAs\":[\"https:\/\/stadtwerkezeitung.info\"]}]}<\/script>\n<!-- \/ Yoast SEO plugin. -->","yoast_head_json":{"title":"Besonderes Naturspektakel - Forst","robots":{"index":"index","follow":"follow","max-snippet":"max-snippet:-1","max-image-preview":"max-image-preview:large","max-video-preview":"max-video-preview:-1"},"canonical":"https:\/\/stadtwerkezeitung.info\/e-paper\/der-grosse-vogelzug\/","og_locale":"en_US","og_type":"article","og_title":"Besonderes Naturspektakel - Forst","og_description":"Graug\u00e4nse im Anflug \u2013 im Herbst bev\u00f6lkern sie Brandenburg in Scharen. Foto: Anton Lehnig Besonderes Naturspektakel Der gro\u00dfe Vogelzug Alle V\u00f6gel sind bald weg! Mit dem Sp\u00e4tsommer beginnt der gro\u00dfe Vogelzug und damit das gro\u00dfe Geschnatter der Enten, gepaart mit dem Trompeten der Kraniche. Die meisten V\u00f6gel, die bei uns in Brandenburg leben, sind Zugv\u00f6gel. [&hellip;]","og_url":"https:\/\/stadtwerkezeitung.info\/e-paper\/der-grosse-vogelzug\/","og_site_name":"Forst","article_published_time":"2024-08-22T06:31:34+00:00","article_modified_time":"2025-02-24T10:38:05+00:00","author":"admin","twitter_card":"summary_large_image","twitter_misc":{"Written by":"admin","Est. reading time":"6 minutes"},"schema":{"@context":"https:\/\/schema.org","@graph":[{"@type":"Article","@id":"https:\/\/stadtwerkezeitung.info\/e-paper\/der-grosse-vogelzug\/#article","isPartOf":{"@id":"https:\/\/stadtwerkezeitung.info\/forst\/besonderes-naturspektakel\/"},"author":{"name":"admin","@id":"https:\/\/stadtwerkezeitung.info\/forst\/#\/schema\/person\/acd409dca37d4bb8bf3a1284da7f1ee0"},"headline":"Besonderes Naturspektakel","datePublished":"2024-08-22T06:31:34+00:00","dateModified":"2025-02-24T10:38:05+00:00","mainEntityOfPage":{"@id":"https:\/\/stadtwerkezeitung.info\/forst\/besonderes-naturspektakel\/"},"wordCount":824,"commentCount":0,"inLanguage":"en-US","potentialAction":[{"@type":"CommentAction","name":"Comment","target":["https:\/\/stadtwerkezeitung.info\/e-paper\/der-grosse-vogelzug\/#respond"]}]},{"@type":"WebPage","@id":"https:\/\/stadtwerkezeitung.info\/forst\/besonderes-naturspektakel\/","url":"https:\/\/stadtwerkezeitung.info\/e-paper\/der-grosse-vogelzug\/","name":"Besonderes Naturspektakel - Forst","isPartOf":{"@id":"https:\/\/stadtwerkezeitung.info\/forst\/#website"},"datePublished":"2024-08-22T06:31:34+00:00","dateModified":"2025-02-24T10:38:05+00:00","author":{"@id":"https:\/\/stadtwerkezeitung.info\/forst\/#\/schema\/person\/acd409dca37d4bb8bf3a1284da7f1ee0"},"breadcrumb":{"@id":"https:\/\/stadtwerkezeitung.info\/e-paper\/der-grosse-vogelzug\/#breadcrumb"},"inLanguage":"en-US","potentialAction":[{"@type":"ReadAction","target":["https:\/\/stadtwerkezeitung.info\/e-paper\/der-grosse-vogelzug\/"]}]},{"@type":"BreadcrumbList","@id":"https:\/\/stadtwerkezeitung.info\/e-paper\/der-grosse-vogelzug\/#breadcrumb","itemListElement":[{"@type":"ListItem","position":1,"name":"Home","item":"https:\/\/stadtwerkezeitung.info\/forst\/"},{"@type":"ListItem","position":2,"name":"Besonderes Naturspektakel"}]},{"@type":"WebSite","@id":"https:\/\/stadtwerkezeitung.info\/forst\/#website","url":"https:\/\/stadtwerkezeitung.info\/forst\/","name":"Forst","description":"","inLanguage":"en-US"},{"@type":"Person","@id":"https:\/\/stadtwerkezeitung.info\/forst\/#\/schema\/person\/acd409dca37d4bb8bf3a1284da7f1ee0","name":"admin","image":{"@type":"ImageObject","inLanguage":"en-US","@id":"https:\/\/stadtwerkezeitung.info\/forst\/#\/schema\/person\/image\/","url":"https:\/\/secure.gravatar.com\/avatar\/52dc0b3340c8087a51f52eaa20dc62cd4a6fe41f5bd886140989db7b572c00cd?s=96&d=mm&r=g","contentUrl":"https:\/\/secure.gravatar.com\/avatar\/52dc0b3340c8087a51f52eaa20dc62cd4a6fe41f5bd886140989db7b572c00cd?s=96&d=mm&r=g","caption":"admin"},"sameAs":["https:\/\/stadtwerkezeitung.info"]}]}},"_links":{"self":[{"href":"https:\/\/stadtwerkezeitung.info\/forst\/wp-json\/wp\/v2\/posts\/209","targetHints":{"allow":["GET"]}}],"collection":[{"href":"https:\/\/stadtwerkezeitung.info\/forst\/wp-json\/wp\/v2\/posts"}],"about":[{"href":"https:\/\/stadtwerkezeitung.info\/forst\/wp-json\/wp\/v2\/types\/post"}],"author":[{"embeddable":true,"href":"https:\/\/stadtwerkezeitung.info\/forst\/wp-json\/wp\/v2\/users\/1"}],"replies":[{"embeddable":true,"href":"https:\/\/stadtwerkezeitung.info\/forst\/wp-json\/wp\/v2\/comments?post=209"}],"version-history":[{"count":3,"href":"https:\/\/stadtwerkezeitung.info\/forst\/wp-json\/wp\/v2\/posts\/209\/revisions"}],"predecessor-version":[{"id":360,"href":"https:\/\/stadtwerkezeitung.info\/forst\/wp-json\/wp\/v2\/posts\/209\/revisions\/360"}],"wp:attachment":[{"href":"https:\/\/stadtwerkezeitung.info\/forst\/wp-json\/wp\/v2\/media?parent=209"}],"wp:term":[{"taxonomy":"category","embeddable":true,"href":"https:\/\/stadtwerkezeitung.info\/forst\/wp-json\/wp\/v2\/categories?post=209"},{"taxonomy":"post_tag","embeddable":true,"href":"https:\/\/stadtwerkezeitung.info\/forst\/wp-json\/wp\/v2\/tags?post=209"}],"curies":[{"name":"wp","href":"https:\/\/api.w.org\/{rel}","templated":true}]}}