{"id":248,"date":"2024-11-16T11:28:04","date_gmt":"2024-11-16T11:28:04","guid":{"rendered":"https:\/\/stadtwerkezeitung.info\/forst\/?p=248"},"modified":"2025-02-25T11:42:11","modified_gmt":"2025-02-25T11:42:11","slug":"ein-starkes-netzwerk-fuer-unsere-stadt","status":"publish","type":"post","link":"https:\/\/stadtwerkezeitung.info\/forst\/ein-starkes-netzwerk-fuer-unsere-stadt\/","title":{"rendered":"Ein starkes Netzwerk f\u00fcr unsere Stadt"},"content":{"rendered":"<p><img decoding=\"async\" src=\"\/forst\/wp-content\/uploads\/sites\/2\/2024\/11\/102_Teaser_Bild_SW-Forst_-2_2024_S_8_Aufmacher-1-scaled.jpg\" alt=\"\"><\/p>\n<div>\n<p><em>Blick auf Forst (Lausitz).<\/p>\n<p><small>Foto: Touristinformation Forst<br \/>\n<br \/><\/small><\/em><\/p>\n<\/div>\n<h2>Gewerbeverein \u201eForster UNTERNEHMEN\u201c<\/h2>\n<h1>Ein starkes Netzwerk f\u00fcr unsere Stadt<\/h1>\n<h2>Unsere Stadt hat nicht nur herrliche Rosen, sondern auch viele engagierte kleine, mittlere und gr\u00f6\u00dfere Unternehmen. Im Gewerbeverein haben sich interessierte Forster Unternehmen und B\u00fcrger vernetzt, um sich leidenschaftlich f\u00fcr eine attraktive Entwicklung der Wirtschaft, Wohn- und Lebensqualit\u00e4t ihrer Heimatstadt einzusetzen.<\/h2>\n<div>\n<div>\n<p>Unternehmer kommt von unternehmen. Wir sind Einzelunternehmer von A wie ApothekerIn, \u00fcber B wie Bestatter oder Banker, sowie S wie SteuerberaterIn bis Z wie Zeitungsmacher. Doch wir 63 Mitglieder des Gewerbevereins wollen mehr! Wir wollen etwas f\u00fcr unsere Stadt tun. Deshalb treffen wir uns jeden dritten Dienstag des Monats von 18.30 bis 21\u2009Uhr im \u201eKaiserlichen Postamt\u201c zum Austausch und zur Besprechung aktueller Themen. Wir reden aber nicht nur, wir machen auch! Hier ein kleiner \u00dcberblick unserer Aktivit\u00e4ten. Und sollten Sie Lust haben, bei uns mitzumachen, dann kommen Sie doch einfach mal an einem Dienstag vorbei!<\/p>\n<p><strong>J\u00f6rg Makowski, 1. Vorsitzender des Gewerbevereins<\/strong><\/p>\n<\/div>\n<\/div>\n<ul>\n<li>\n<p><img decoding=\"async\" src=\"\/forst\/wp-content\/uploads\/sites\/2\/2024\/11\/102_Bild_2_SW-Forst_-2_2024_S_8_Arbeitstreffen.jpg\" alt=\"\"><\/p>\n<h3>Monatliche Arbeitstreffen<\/h3>\n<p>Foto: J\u00f6rg Makowski<\/p>\n<div>\n<p>Das Geheimnis des Erfolgs: miteinander lachen!<br \/>Die monatlichen Arbeitstreffen im \u201eKaiserlichen Postamt\u201c sind intensiv, aber auch fr\u00f6hlich.<\/p>\n<\/div>\n<\/li>\n<li>\n<p><img decoding=\"async\" src=\"\/forst\/wp-content\/uploads\/sites\/2\/2024\/11\/102_Bild_3_SW-Forst_-2_2024_S_8_Stammtisch.jpg\" alt=\"\"><\/p>\n<h3>Stammtisch<\/h3>\n<p>Foto: Frank Schmidt<\/p>\n<div>\n<p>Drei Mal im Jahr trifft sich der Gewerbeverein in lockerer Runde zum Kennenlernen, Informationsaustausch, zu Vortr\u00e4gen \u00fcber aktuelle Themen und zum gem\u00fctlichen Beisammensein. Gro\u00dfes Interesse fand beispielsweise der Stammtisch bei welchem Heinrich Wei\u00dfhaupt, F\u00f6rderberater der ILB F zum F\u00f6rderprogramm JTF-Unternehmensf\u00f6rderung referierte. Auch f\u00fcr das n\u00e4chste Jahr gibt es bereits spannende Themen f\u00fcr dieses Format.<\/p>\n<\/div>\n<\/li>\n<li>\n<p><img decoding=\"async\" src=\"\/forst\/wp-content\/uploads\/sites\/2\/2024\/11\/102_Bild_4_SW-Forst_-2_2024_S_8_Tag-des-offenen-Unternehmens-2.jpg\" alt=\"\"><\/p>\n<h3>Tag des offenen Unternehmens<\/h3>\n<p>Foto: Christian Swietakowski\/Studio 2.0<\/p>\n<div>Am 11.10.2024 luden \u00fcber 50 Aussteller zum \u201eTag des offenen Unternehmens\u201c in das Forster Gewerbegebiet ein. Von 14 bis 17\u2009Uhr informierten Firmen und Institutionen \u00fcber Chancen am Arbeits- und Ausbildungsmarkt. Besonders Sch\u00fclerinnen und Sch\u00fcler der 9. und 11. Klassen der Forster Schulen waren eingeladen. Ans\u00e4ssige Firmen \u00f6ffneten ihre Tore zur Besichtigung der Betriebsst\u00e4tten.<\/div>\n<\/li>\n<li>\n<p><img decoding=\"async\" src=\"\/forst\/wp-content\/uploads\/sites\/2\/2024\/11\/102_Bild_5_SW-Forst_-2_2024_S_8_Stadtgutschein.jpg\" alt=\"\"><\/p>\n<h3>Brandneu: Stadtgutschein wird digital<\/h3>\n<div>Seit 2016 gibt es ihn bereits, den Forster Stadtgutschein. Nun wird er digitalisiert. Kunden k\u00f6nnen den Gutschein nun bequem online erwerben und per Smartphone nutzen, was den Prozess erheblich vereinfacht und die Nutzung noch attraktiver macht. Arbeitgeber k\u00f6nnen den Stadtgutschein als steuerfreien Sachbezug an ihre Mitarbeiter ausgeben, ein kleines Gehaltsextra, das zus\u00e4tzlich die lokale Wirtschaft f\u00f6rdert. Eltern k\u00f6nnen ihren Kindern Gutscheine als Taschengeld schenken. Das f\u00f6rdert den Umgang mit Geld, die Kinder lernen gleich die Gesch\u00e4fte ihrer Stadt kennen.<\/div>\n<\/li>\n<li>\n<p><img decoding=\"async\" src=\"\/forst\/wp-content\/uploads\/sites\/2\/2024\/11\/102_Bild_6_PatLografie-Patrick-Lucia-5441-scaled.jpg\" alt=\"\"><\/p>\n<h3>Jugendweihen<\/h3>\n<p>Foto: Patrick Lucia<\/p>\n<div>Eine engagierte Gruppe Ehrenamtlicher k\u00fcmmert sich unter dem Dach des Gewerbevereins \u201eForster Unternehmen\u201c um die Organisation der Jugendweihen in Forst. In den vorbereitenden Jugendstunden gibt es eine Kennenlernrunde, Tanzstunden, werden Kniggeregeln erkl\u00e4rt und verschiedene heimische Unternehmen besucht. Echte Vorbereitung f\u00fcr den Schritt ins Erwachsenenleben.<\/div>\n<\/li>\n<li>\n<h3>Mitternachts&shy;shopping<\/h3>\n<div>Am 2. November 2024 \u00f6ffneten 22 Forster Unternehmen ihre Gesch\u00e4fte zus\u00e4tzlich von 18\u2009Uhr bis Mitternacht. Auf den Stra\u00dfen war auch jede Menge los: Spielmannszug, Stelzenl\u00e4uferin und Fotobulli waren dabei. DJ Tobi M\u00fcller sorgte f\u00fcr Stimmung und ein Feuerwerk aus tausenden Lichtblitzen verzauberte den Himmel \u00fcber der Stadt. Kinder, die mit einem Lampion am Umzug teilnahmen, konnten kostenlos mit dem Kinderkarussell fahren.<\/div>\n<\/li>\n<\/ul>\n<p><!--more--><br \/>\n<!-- {\"type\":\"layout\",\"children\":[{\"type\":\"section\",\"props\":{\"image_position\":\"center-center\",\"padding_remove_top\":true,\"style\":\"default\",\"title_breakpoint\":\"xl\",\"title_position\":\"top-left\",\"title_rotation\":\"left\",\"vertical_align\":\"\",\"width\":\"default\"},\"children\":[{\"type\":\"row\",\"children\":[{\"type\":\"column\",\"props\":{\"image_position\":\"center-center\",\"position_sticky_breakpoint\":\"m\"},\"children\":[{\"type\":\"image\",\"props\":{\"image\":\"wp-content\\\/uploads\\\/sites\\\/2\\\/2024\\\/11\\\/102_Teaser_Bild_SW-Forst_-2_2024_S_8_Aufmacher-1-scaled.jpg\",\"image_svg_color\":\"emphasis\",\"margin\":\"default\"}},{\"type\":\"text\",\"props\":{\"column_breakpoint\":\"m\",\"content\":\"\n\n<p><em>Blick auf Forst (Lausitz).\\n\\n\\n\\n<br \\\/><small>Foto: Touristinformation Forst\\n<br \\\/><\\\/small><\\\/em><\\\/p>\",\"margin\":\"default\"}},{\"type\":\"headline\",\"props\":{\"content\":\"Gewerbeverein \\u201eForster UNTERNEHMEN\\u201c\",\"margin\":\"small\",\"margin_remove_bottom\":false,\"margin_remove_top\":false,\"title_element\":\"h2\",\"title_style\":\"h5\"}},{\"type\":\"headline\",\"props\":{\"content\":\"Ein starkes Netzwerk f\\u00fcr unsere Stadt\",\"margin\":\"small\",\"margin_remove_bottom\":false,\"margin_remove_top\":false,\"title_element\":\"h1\"}},{\"type\":\"headline\",\"props\":{\"content\":\"Unsere Stadt hat nicht nur herrliche Rosen, sondern auch viele engagierte kleine, mittlere und gr\\u00f6\\u00dfere Unternehmen. Im Gewerbeverein haben sich interessierte Forster Unternehmen und B\\u00fcrger vernetzt, um sich leidenschaftlich f\\u00fcr eine attraktive Entwicklung der Wirtschaft, Wohn- und Lebensqualit\\u00e4t ihrer Heimatstadt einzusetzen.\",\"margin\":\"small\",\"margin_remove_top\":false,\"title_element\":\"h2\",\"title_style\":\"h2\"}},{\"type\":\"panel\",\"props\":{\"content\":\"\n\n<p>Unternehmer kommt von unternehmen. Wir sind Einzelunternehmer von A wie ApothekerIn, \\u00fcber B wie Bestatter oder Banker, sowie S wie SteuerberaterIn bis Z wie Zeitungsmacher. Doch wir 63 Mitglieder des Gewerbevereins wollen mehr! Wir wollen etwas f\\u00fcr unsere Stadt tun. Deshalb treffen wir uns jeden dritten Dienstag des Monats von 18.30 bis 21\\u2009Uhr im \\u201eKaiserlichen Postamt\\u201c zum Austausch und zur Besprechung aktueller Themen. Wir reden aber nicht nur, wir machen auch! Hier ein kleiner \\u00dcberblick unserer Aktivit\\u00e4ten. Und sollten Sie Lust haben, bei uns mitzumachen, dann kommen Sie doch einfach mal an einem Dienstag vorbei!<\\\/p>\\n\n\n<p><strong>J\\u00f6rg Makowski, 1. Vorsitzender des Gewerbevereins<\\\/strong><\\\/p>\",\"content_column_breakpoint\":\"m\",\"icon_width\":80,\"image_align\":\"top\",\"image_grid_breakpoint\":\"m\",\"image_grid_width\":\"1-2\",\"image_svg_color\":\"emphasis\",\"link_style\":\"default\",\"link_text\":\"Read more\",\"margin\":\"default\",\"meta_align\":\"below-title\",\"meta_element\":\"div\",\"meta_style\":\"text-meta\",\"title_align\":\"top\",\"title_element\":\"h3\",\"title_grid_breakpoint\":\"m\",\"title_grid_width\":\"1-2\",\"title_hover_style\":\"reset\"}},{\"type\":\"grid\",\"props\":{\"content_column_breakpoint\":\"m\",\"filter_align\":\"left\",\"filter_all\":true,\"filter_grid_breakpoint\":\"m\",\"filter_grid_width\":\"auto\",\"filter_position\":\"top\",\"filter_style\":\"tab\",\"grid_column_gap\":\"small\",\"grid_default\":\"1\",\"grid_masonry\":\"next\",\"grid_medium\":\"2\",\"grid_row_gap\":\"small\",\"icon_width\":80,\"image_align\":\"top\",\"image_grid_breakpoint\":\"m\",\"image_grid_width\":\"1-2\",\"image_svg_color\":\"emphasis\",\"item_animation\":true,\"link_style\":\"default\",\"link_text\":\"Read more\",\"margin\":\"default\",\"meta_align\":\"above-title\",\"meta_element\":\"div\",\"meta_style\":\"text-meta\",\"panel_padding\":\"default\",\"panel_style\":\"card-default\",\"show_content\":true,\"show_image\":true,\"show_link\":true,\"show_meta\":true,\"show_title\":true,\"title_align\":\"top\",\"title_element\":\"h3\",\"title_grid_breakpoint\":\"m\",\"title_grid_width\":\"1-2\",\"title_hover_style\":\"reset\"},\"children\":[{\"type\":\"grid_item\",\"props\":{\"content\":\"\n\n<p>Das Geheimnis des Erfolgs: miteinander lachen!<br \\\/>Die monatlichen Arbeitstreffen im \\u201eKaiserlichen Postamt\\u201c sind intensiv, aber auch fr\\u00f6hlich.<\\\/p>\",\"image\":\"wp-content\\\/uploads\\\/sites\\\/2\\\/2024\\\/11\\\/102_Bild_2_SW-Forst_-2_2024_S_8_Arbeitstreffen.jpg\",\"meta\":\"Foto: J\\u00f6rg Makowski\",\"title\":\"Monatliche Arbeitstreffen\"}},{\"type\":\"grid_item\",\"props\":{\"content\":\"\n\n<p>Drei Mal im Jahr trifft sich der Gewerbeverein in lockerer Runde zum Kennenlernen, Informationsaustausch, zu Vortr\\u00e4gen \\u00fcber aktuelle Themen und zum gem\\u00fctlichen Beisammensein. Gro\\u00dfes Interesse fand beispielsweise der Stammtisch bei welchem Heinrich Wei\\u00dfhaupt, F\\u00f6rderberater der ILB F zum F\\u00f6rderprogramm JTF-Unternehmensf\\u00f6rderung referierte. Auch f\\u00fcr das n\\u00e4chste Jahr gibt es bereits spannende Themen f\\u00fcr dieses Format.<\\\/p>\",\"image\":\"wp-content\\\/uploads\\\/sites\\\/2\\\/2024\\\/11\\\/102_Bild_3_SW-Forst_-2_2024_S_8_Stammtisch.jpg\",\"meta\":\"Foto: Frank Schmidt\",\"title\":\"Stammtisch\"}},{\"type\":\"grid_item\",\"props\":{\"content\":\"Am 11.10.2024 luden \\u00fcber 50 Aussteller zum \\u201eTag des offenen Unternehmens\\u201c in das Forster Gewerbegebiet ein. Von 14 bis 17\\u2009Uhr informierten Firmen und Institutionen \\u00fcber Chancen am Arbeits- und Ausbildungsmarkt. Besonders Sch\\u00fclerinnen und Sch\\u00fcler der 9. und 11. Klassen der Forster Schulen waren eingeladen. Ans\\u00e4ssige Firmen \\u00f6ffneten ihre Tore zur Besichtigung der Betriebsst\\u00e4tten.\",\"image\":\"wp-content\\\/uploads\\\/sites\\\/2\\\/2024\\\/11\\\/102_Bild_4_SW-Forst_-2_2024_S_8_Tag-des-offenen-Unternehmens-2.jpg\",\"meta\":\"Foto: Christian Swietakowski\\\/Studio 2.0\",\"title\":\"Tag des offenen Unternehmens\"}},{\"type\":\"grid_item\",\"props\":{\"content\":\"Seit 2016 gibt es ihn bereits, den Forster Stadtgutschein. Nun wird er digitalisiert. Kunden k\\u00f6nnen den Gutschein nun bequem online erwerben und per Smartphone nutzen, was den Prozess erheblich vereinfacht und die Nutzung noch attraktiver macht. Arbeitgeber k\\u00f6nnen den Stadtgutschein als steuerfreien Sachbezug an ihre Mitarbeiter ausgeben, ein kleines Gehaltsextra, das zus\\u00e4tzlich die lokale Wirtschaft f\\u00f6rdert. Eltern k\\u00f6nnen ihren Kindern Gutscheine als Taschengeld schenken. Das f\\u00f6rdert den Umgang mit Geld, die Kinder lernen gleich die Gesch\\u00e4fte ihrer Stadt kennen.\",\"image\":\"wp-content\\\/uploads\\\/sites\\\/2\\\/2024\\\/11\\\/102_Bild_5_SW-Forst_-2_2024_S_8_Stadtgutschein.jpg\",\"title\":\"Brandneu: Stadtgutschein wird digital\"}},{\"type\":\"grid_item\",\"props\":{\"content\":\"Eine engagierte Gruppe Ehrenamtlicher k\\u00fcmmert sich unter dem Dach des Gewerbevereins \\u201eForster Unternehmen\\u201c um die Organisation der Jugendweihen in Forst. In den vorbereitenden Jugendstunden gibt es eine Kennenlernrunde, Tanzstunden, werden Kniggeregeln erkl\\u00e4rt und verschiedene heimische Unternehmen besucht. Echte Vorbereitung f\\u00fcr den Schritt ins Erwachsenenleben.\",\"image\":\"wp-content\\\/uploads\\\/sites\\\/2\\\/2024\\\/11\\\/102_Bild_6_PatLografie-Patrick-Lucia-5441-scaled.jpg\",\"meta\":\"Foto: Patrick Lucia\",\"title\":\"Jugendweihen\"}},{\"type\":\"grid_item\",\"props\":{\"content\":\"Am 2. November 2024 \\u00f6ffneten 22 Forster Unternehmen ihre Gesch\\u00e4fte zus\\u00e4tzlich von 18\\u2009Uhr bis Mitternacht. Auf den Stra\\u00dfen war auch jede Menge los: Spielmannszug, Stelzenl\\u00e4uferin und Fotobulli waren dabei. DJ Tobi M\\u00fcller sorgte f\\u00fcr Stimmung und ein Feuerwerk aus tausenden Lichtblitzen verzauberte den Himmel \\u00fcber der Stadt. Kinder, die mit einem Lampion am Umzug teilnahmen, konnten kostenlos mit dem Kinderkarussell fahren.\",\"title\":\"Mitternachts&shy;shopping\"}}]}]}]}],\"name\":\"x- vogel\"}],\"version\":\"4.4.1\"} --><\/p>\n","protected":false},"excerpt":{"rendered":"<p>Blick auf Forst (Lausitz). Foto: Touristinformation Forst Gewerbeverein \u201eForster UNTERNEHMEN\u201c Ein starkes Netzwerk f\u00fcr unsere Stadt Unsere Stadt hat nicht nur herrliche Rosen, sondern auch viele engagierte kleine, mittlere und gr\u00f6\u00dfere Unternehmen. Im Gewerbeverein haben sich interessierte Forster Unternehmen und B\u00fcrger vernetzt, um sich leidenschaftlich f\u00fcr eine attraktive Entwicklung der Wirtschaft, Wohn- und Lebensqualit\u00e4t ihrer [&hellip;]<\/p>\n","protected":false},"author":1,"featured_media":0,"comment_status":"open","ping_status":"open","sticky":false,"template":"","format":"standard","meta":{"footnotes":""},"categories":[1],"tags":[],"class_list":["post-248","post","type-post","status-publish","format-standard","hentry","category-uncategorized"],"yoast_head":"<!-- This site is optimized with the Yoast SEO plugin v26.9 - https:\/\/yoast.com\/product\/yoast-seo-wordpress\/ -->\n<title>Ein starkes Netzwerk f\u00fcr unsere Stadt - Forst<\/title>\n<meta name=\"description\" content=\"Unsere Stadt hat nicht nur herrliche Rosen, sondern auch viele engagierte kleine, mittlere und gr\u00f6\u00dfere Unternehmen. Im Gewerbeverein haben sich interessierte Forster Unternehmen und B\u00fcrger vernetzt, um sich leidenschaftlich f\u00fcr eine attraktive Entwicklung der Wirtschaft, Wohn- und Lebensqualit\u00e4t ihrer Heimatstadt einzusetzen.\" \/>\n<meta name=\"robots\" content=\"index, follow, max-snippet:-1, max-image-preview:large, max-video-preview:-1\" \/>\n<link rel=\"canonical\" href=\"https:\/\/stadtwerkezeitung.info\/forst\/ein-starkes-netzwerk-fuer-unsere-stadt\/\" \/>\n<meta property=\"og:locale\" content=\"en_US\" \/>\n<meta property=\"og:type\" content=\"article\" \/>\n<meta property=\"og:title\" content=\"Ein starkes Netzwerk f\u00fcr unsere Stadt - Forst\" \/>\n<meta property=\"og:description\" content=\"Unsere Stadt hat nicht nur herrliche Rosen, sondern auch viele engagierte kleine, mittlere und gr\u00f6\u00dfere Unternehmen. Im Gewerbeverein haben sich interessierte Forster Unternehmen und B\u00fcrger vernetzt, um sich leidenschaftlich f\u00fcr eine attraktive Entwicklung der Wirtschaft, Wohn- und Lebensqualit\u00e4t ihrer Heimatstadt einzusetzen.\" \/>\n<meta property=\"og:url\" content=\"https:\/\/stadtwerkezeitung.info\/forst\/ein-starkes-netzwerk-fuer-unsere-stadt\/\" \/>\n<meta property=\"og:site_name\" content=\"Forst\" \/>\n<meta property=\"article:published_time\" content=\"2024-11-16T11:28:04+00:00\" \/>\n<meta property=\"article:modified_time\" content=\"2025-02-25T11:42:11+00:00\" \/>\n<meta name=\"author\" content=\"admin\" \/>\n<meta name=\"twitter:card\" content=\"summary_large_image\" \/>\n<meta name=\"twitter:label1\" content=\"Written by\" \/>\n\t<meta name=\"twitter:data1\" content=\"admin\" \/>\n\t<meta name=\"twitter:label2\" content=\"Est. reading time\" \/>\n\t<meta name=\"twitter:data2\" content=\"3 minutes\" \/>\n<script type=\"application\/ld+json\" class=\"yoast-schema-graph\">{\"@context\":\"https:\/\/schema.org\",\"@graph\":[{\"@type\":\"Article\",\"@id\":\"https:\/\/stadtwerkezeitung.info\/forst\/ein-starkes-netzwerk-fuer-unsere-stadt\/#article\",\"isPartOf\":{\"@id\":\"https:\/\/stadtwerkezeitung.info\/forst\/ein-starkes-netzwerk-fuer-unsere-stadt\/\"},\"author\":{\"name\":\"admin\",\"@id\":\"https:\/\/stadtwerkezeitung.info\/forst\/#\/schema\/person\/acd409dca37d4bb8bf3a1284da7f1ee0\"},\"headline\":\"Ein starkes Netzwerk f\u00fcr unsere Stadt\",\"datePublished\":\"2024-11-16T11:28:04+00:00\",\"dateModified\":\"2025-02-25T11:42:11+00:00\",\"mainEntityOfPage\":{\"@id\":\"https:\/\/stadtwerkezeitung.info\/forst\/ein-starkes-netzwerk-fuer-unsere-stadt\/\"},\"wordCount\":529,\"commentCount\":0,\"inLanguage\":\"en-US\",\"potentialAction\":[{\"@type\":\"CommentAction\",\"name\":\"Comment\",\"target\":[\"https:\/\/stadtwerkezeitung.info\/forst\/ein-starkes-netzwerk-fuer-unsere-stadt\/#respond\"]}]},{\"@type\":\"WebPage\",\"@id\":\"https:\/\/stadtwerkezeitung.info\/forst\/ein-starkes-netzwerk-fuer-unsere-stadt\/\",\"url\":\"https:\/\/stadtwerkezeitung.info\/forst\/ein-starkes-netzwerk-fuer-unsere-stadt\/\",\"name\":\"Ein starkes Netzwerk f\u00fcr unsere Stadt - Forst\",\"isPartOf\":{\"@id\":\"https:\/\/stadtwerkezeitung.info\/forst\/#website\"},\"datePublished\":\"2024-11-16T11:28:04+00:00\",\"dateModified\":\"2025-02-25T11:42:11+00:00\",\"author\":{\"@id\":\"https:\/\/stadtwerkezeitung.info\/forst\/#\/schema\/person\/acd409dca37d4bb8bf3a1284da7f1ee0\"},\"description\":\"Unsere Stadt hat nicht nur herrliche Rosen, sondern auch viele engagierte kleine, mittlere und gr\u00f6\u00dfere Unternehmen. Im Gewerbeverein haben sich interessierte Forster Unternehmen und B\u00fcrger vernetzt, um sich leidenschaftlich f\u00fcr eine attraktive Entwicklung der Wirtschaft, Wohn- und Lebensqualit\u00e4t ihrer Heimatstadt einzusetzen.\",\"breadcrumb\":{\"@id\":\"https:\/\/stadtwerkezeitung.info\/forst\/ein-starkes-netzwerk-fuer-unsere-stadt\/#breadcrumb\"},\"inLanguage\":\"en-US\",\"potentialAction\":[{\"@type\":\"ReadAction\",\"target\":[\"https:\/\/stadtwerkezeitung.info\/forst\/ein-starkes-netzwerk-fuer-unsere-stadt\/\"]}]},{\"@type\":\"BreadcrumbList\",\"@id\":\"https:\/\/stadtwerkezeitung.info\/forst\/ein-starkes-netzwerk-fuer-unsere-stadt\/#breadcrumb\",\"itemListElement\":[{\"@type\":\"ListItem\",\"position\":1,\"name\":\"Home\",\"item\":\"https:\/\/stadtwerkezeitung.info\/forst\/\"},{\"@type\":\"ListItem\",\"position\":2,\"name\":\"Ein starkes Netzwerk f\u00fcr unsere Stadt\"}]},{\"@type\":\"WebSite\",\"@id\":\"https:\/\/stadtwerkezeitung.info\/forst\/#website\",\"url\":\"https:\/\/stadtwerkezeitung.info\/forst\/\",\"name\":\"Forst\",\"description\":\"\",\"inLanguage\":\"en-US\"},{\"@type\":\"Person\",\"@id\":\"https:\/\/stadtwerkezeitung.info\/forst\/#\/schema\/person\/acd409dca37d4bb8bf3a1284da7f1ee0\",\"name\":\"admin\",\"image\":{\"@type\":\"ImageObject\",\"inLanguage\":\"en-US\",\"@id\":\"https:\/\/stadtwerkezeitung.info\/forst\/#\/schema\/person\/image\/\",\"url\":\"https:\/\/secure.gravatar.com\/avatar\/52dc0b3340c8087a51f52eaa20dc62cd4a6fe41f5bd886140989db7b572c00cd?s=96&d=mm&r=g\",\"contentUrl\":\"https:\/\/secure.gravatar.com\/avatar\/52dc0b3340c8087a51f52eaa20dc62cd4a6fe41f5bd886140989db7b572c00cd?s=96&d=mm&r=g\",\"caption\":\"admin\"},\"sameAs\":[\"https:\/\/stadtwerkezeitung.info\"]}]}<\/script>\n<!-- \/ Yoast SEO plugin. -->","yoast_head_json":{"title":"Ein starkes Netzwerk f\u00fcr unsere Stadt - Forst","description":"Unsere Stadt hat nicht nur herrliche Rosen, sondern auch viele engagierte kleine, mittlere und gr\u00f6\u00dfere Unternehmen. Im Gewerbeverein haben sich interessierte Forster Unternehmen und B\u00fcrger vernetzt, um sich leidenschaftlich f\u00fcr eine attraktive Entwicklung der Wirtschaft, Wohn- und Lebensqualit\u00e4t ihrer Heimatstadt einzusetzen.","robots":{"index":"index","follow":"follow","max-snippet":"max-snippet:-1","max-image-preview":"max-image-preview:large","max-video-preview":"max-video-preview:-1"},"canonical":"https:\/\/stadtwerkezeitung.info\/forst\/ein-starkes-netzwerk-fuer-unsere-stadt\/","og_locale":"en_US","og_type":"article","og_title":"Ein starkes Netzwerk f\u00fcr unsere Stadt - Forst","og_description":"Unsere Stadt hat nicht nur herrliche Rosen, sondern auch viele engagierte kleine, mittlere und gr\u00f6\u00dfere Unternehmen. Im Gewerbeverein haben sich interessierte Forster Unternehmen und B\u00fcrger vernetzt, um sich leidenschaftlich f\u00fcr eine attraktive Entwicklung der Wirtschaft, Wohn- und Lebensqualit\u00e4t ihrer Heimatstadt einzusetzen.","og_url":"https:\/\/stadtwerkezeitung.info\/forst\/ein-starkes-netzwerk-fuer-unsere-stadt\/","og_site_name":"Forst","article_published_time":"2024-11-16T11:28:04+00:00","article_modified_time":"2025-02-25T11:42:11+00:00","author":"admin","twitter_card":"summary_large_image","twitter_misc":{"Written by":"admin","Est. reading time":"3 minutes"},"schema":{"@context":"https:\/\/schema.org","@graph":[{"@type":"Article","@id":"https:\/\/stadtwerkezeitung.info\/forst\/ein-starkes-netzwerk-fuer-unsere-stadt\/#article","isPartOf":{"@id":"https:\/\/stadtwerkezeitung.info\/forst\/ein-starkes-netzwerk-fuer-unsere-stadt\/"},"author":{"name":"admin","@id":"https:\/\/stadtwerkezeitung.info\/forst\/#\/schema\/person\/acd409dca37d4bb8bf3a1284da7f1ee0"},"headline":"Ein starkes Netzwerk f\u00fcr unsere Stadt","datePublished":"2024-11-16T11:28:04+00:00","dateModified":"2025-02-25T11:42:11+00:00","mainEntityOfPage":{"@id":"https:\/\/stadtwerkezeitung.info\/forst\/ein-starkes-netzwerk-fuer-unsere-stadt\/"},"wordCount":529,"commentCount":0,"inLanguage":"en-US","potentialAction":[{"@type":"CommentAction","name":"Comment","target":["https:\/\/stadtwerkezeitung.info\/forst\/ein-starkes-netzwerk-fuer-unsere-stadt\/#respond"]}]},{"@type":"WebPage","@id":"https:\/\/stadtwerkezeitung.info\/forst\/ein-starkes-netzwerk-fuer-unsere-stadt\/","url":"https:\/\/stadtwerkezeitung.info\/forst\/ein-starkes-netzwerk-fuer-unsere-stadt\/","name":"Ein starkes Netzwerk f\u00fcr unsere Stadt - Forst","isPartOf":{"@id":"https:\/\/stadtwerkezeitung.info\/forst\/#website"},"datePublished":"2024-11-16T11:28:04+00:00","dateModified":"2025-02-25T11:42:11+00:00","author":{"@id":"https:\/\/stadtwerkezeitung.info\/forst\/#\/schema\/person\/acd409dca37d4bb8bf3a1284da7f1ee0"},"description":"Unsere Stadt hat nicht nur herrliche Rosen, sondern auch viele engagierte kleine, mittlere und gr\u00f6\u00dfere Unternehmen. Im Gewerbeverein haben sich interessierte Forster Unternehmen und B\u00fcrger vernetzt, um sich leidenschaftlich f\u00fcr eine attraktive Entwicklung der Wirtschaft, Wohn- und Lebensqualit\u00e4t ihrer Heimatstadt einzusetzen.","breadcrumb":{"@id":"https:\/\/stadtwerkezeitung.info\/forst\/ein-starkes-netzwerk-fuer-unsere-stadt\/#breadcrumb"},"inLanguage":"en-US","potentialAction":[{"@type":"ReadAction","target":["https:\/\/stadtwerkezeitung.info\/forst\/ein-starkes-netzwerk-fuer-unsere-stadt\/"]}]},{"@type":"BreadcrumbList","@id":"https:\/\/stadtwerkezeitung.info\/forst\/ein-starkes-netzwerk-fuer-unsere-stadt\/#breadcrumb","itemListElement":[{"@type":"ListItem","position":1,"name":"Home","item":"https:\/\/stadtwerkezeitung.info\/forst\/"},{"@type":"ListItem","position":2,"name":"Ein starkes Netzwerk f\u00fcr unsere Stadt"}]},{"@type":"WebSite","@id":"https:\/\/stadtwerkezeitung.info\/forst\/#website","url":"https:\/\/stadtwerkezeitung.info\/forst\/","name":"Forst","description":"","inLanguage":"en-US"},{"@type":"Person","@id":"https:\/\/stadtwerkezeitung.info\/forst\/#\/schema\/person\/acd409dca37d4bb8bf3a1284da7f1ee0","name":"admin","image":{"@type":"ImageObject","inLanguage":"en-US","@id":"https:\/\/stadtwerkezeitung.info\/forst\/#\/schema\/person\/image\/","url":"https:\/\/secure.gravatar.com\/avatar\/52dc0b3340c8087a51f52eaa20dc62cd4a6fe41f5bd886140989db7b572c00cd?s=96&d=mm&r=g","contentUrl":"https:\/\/secure.gravatar.com\/avatar\/52dc0b3340c8087a51f52eaa20dc62cd4a6fe41f5bd886140989db7b572c00cd?s=96&d=mm&r=g","caption":"admin"},"sameAs":["https:\/\/stadtwerkezeitung.info"]}]}},"_links":{"self":[{"href":"https:\/\/stadtwerkezeitung.info\/forst\/wp-json\/wp\/v2\/posts\/248","targetHints":{"allow":["GET"]}}],"collection":[{"href":"https:\/\/stadtwerkezeitung.info\/forst\/wp-json\/wp\/v2\/posts"}],"about":[{"href":"https:\/\/stadtwerkezeitung.info\/forst\/wp-json\/wp\/v2\/types\/post"}],"author":[{"embeddable":true,"href":"https:\/\/stadtwerkezeitung.info\/forst\/wp-json\/wp\/v2\/users\/1"}],"replies":[{"embeddable":true,"href":"https:\/\/stadtwerkezeitung.info\/forst\/wp-json\/wp\/v2\/comments?post=248"}],"version-history":[{"count":5,"href":"https:\/\/stadtwerkezeitung.info\/forst\/wp-json\/wp\/v2\/posts\/248\/revisions"}],"predecessor-version":[{"id":418,"href":"https:\/\/stadtwerkezeitung.info\/forst\/wp-json\/wp\/v2\/posts\/248\/revisions\/418"}],"wp:attachment":[{"href":"https:\/\/stadtwerkezeitung.info\/forst\/wp-json\/wp\/v2\/media?parent=248"}],"wp:term":[{"taxonomy":"category","embeddable":true,"href":"https:\/\/stadtwerkezeitung.info\/forst\/wp-json\/wp\/v2\/categories?post=248"},{"taxonomy":"post_tag","embeddable":true,"href":"https:\/\/stadtwerkezeitung.info\/forst\/wp-json\/wp\/v2\/tags?post=248"}],"curies":[{"name":"wp","href":"https:\/\/api.w.org\/{rel}","templated":true}]}}