{"id":293,"date":"2024-11-16T12:47:21","date_gmt":"2024-11-16T12:47:21","guid":{"rendered":"https:\/\/stadtwerkezeitung.info\/forst\/?p=293"},"modified":"2025-02-24T10:35:22","modified_gmt":"2025-02-24T10:35:22","slug":"wir-holen-die-sonne-vom-dach","status":"publish","type":"post","link":"https:\/\/stadtwerkezeitung.info\/forst\/wir-holen-die-sonne-vom-dach\/","title":{"rendered":"Wir holen die Sonne vom Dach"},"content":{"rendered":"<p><img decoding=\"async\" src=\"\/forst\/wp-content\/uploads\/sites\/2\/2024\/11\/203_Teaser_Bild_SW-Forst_-2_2024_S_1_PV-auf-der-Schule-1-scaled.jpg\" alt=\"\"><\/p>\n<div>\n<p><em>Auf dem Tablet k\u00f6nnen die Sch\u00fcler die Stromproduktion verfolgen. <\/p>\n<p><small>Foto: Stadtwerke Forst<br \/>\n<br \/><\/small><\/em><\/p>\n<\/div>\n<h2>Forster Schule produziert eigenen Strom <\/h2>\n<h1>Wir holen die Sonne vom Dach<\/h1>\n<h2>\u201eWir tun was Gutes f\u00fcr die Umwelt\u201c, freuen sich die Sch\u00fclerinnen und Sch\u00fcler und zeigen stolz auf die vielen Solarfelder auf dem Dach ihrer Schule. \u201eBei uns produziert die Sonne den Strom und nicht mehr die Kohle!\u201c <\/h2>\n<div>Die 56 Module und ein gro\u00dfer Speicher sorgen daf\u00fcr, dass mehr als die H\u00e4lfte des in der Schule ben\u00f6tigten Stroms nun selbst produziert wird. \u201eAuf einem Monitor im Flur k\u00f6nnen wir immer sehen, wie viel Strom die Sonne gerade liefert und wie viel unsere Schule davon verbraucht. Das ist spannend!\u201c<\/div>\n<p><!--more--><br \/>\n<!-- {\"type\":\"layout\",\"children\":[{\"type\":\"section\",\"props\":{\"image_position\":\"center-center\",\"padding_remove_top\":true,\"style\":\"default\",\"title_breakpoint\":\"xl\",\"title_position\":\"top-left\",\"title_rotation\":\"left\",\"vertical_align\":\"\",\"width\":\"default\"},\"children\":[{\"type\":\"row\",\"children\":[{\"type\":\"column\",\"props\":{\"image_position\":\"center-center\",\"position_sticky_breakpoint\":\"m\"},\"children\":[{\"type\":\"image\",\"props\":{\"image\":\"wp-content\\\/uploads\\\/sites\\\/2\\\/2024\\\/11\\\/203_Teaser_Bild_SW-Forst_-2_2024_S_1_PV-auf-der-Schule-1-scaled.jpg\",\"image_svg_color\":\"emphasis\",\"margin\":\"default\"}},{\"type\":\"text\",\"props\":{\"column_breakpoint\":\"m\",\"content\":\"\n\n<p><em>Auf dem Tablet k\\u00f6nnen die Sch\\u00fcler die Stromproduktion verfolgen. \\n\\n\\n\\n<br \\\/><small>Foto: Stadtwerke Forst\\n<br \\\/><\\\/small><\\\/em><\\\/p>\",\"margin\":\"default\"}},{\"type\":\"headline\",\"props\":{\"content\":\"Forster Schule produziert eigenen Strom \",\"margin\":\"small\",\"margin_remove_bottom\":false,\"margin_remove_top\":false,\"title_element\":\"h2\",\"title_style\":\"h5\"}},{\"type\":\"headline\",\"props\":{\"content\":\"Wir holen die Sonne vom Dach\",\"margin\":\"small\",\"margin_remove_bottom\":false,\"margin_remove_top\":false,\"title_element\":\"h1\"}},{\"type\":\"headline\",\"props\":{\"content\":\"\\u201eWir tun was Gutes f\\u00fcr die Umwelt\\u201c, freuen sich die Sch\\u00fclerinnen und Sch\\u00fcler und zeigen stolz auf die vielen Solarfelder auf dem Dach ihrer Schule. \\u201eBei uns produziert die Sonne den Strom und nicht mehr die Kohle!\\u201c \",\"margin\":\"small\",\"margin_remove_top\":false,\"title_element\":\"h2\",\"title_style\":\"h2\"}},{\"type\":\"text\",\"props\":{\"column_breakpoint\":\"m\",\"content\":\"Die 56 Module und ein gro\\u00dfer Speicher sorgen daf\\u00fcr, dass mehr als die H\\u00e4lfte des in der Schule ben\\u00f6tigten Stroms nun selbst produziert wird. \\u201eAuf einem Monitor im Flur k\\u00f6nnen wir immer sehen, wie viel Strom die Sonne gerade liefert und wie viel unsere Schule davon verbraucht. Das ist spannend!\\u201c\",\"margin\":\"default\"}}]}]}],\"name\":\"x- vogel\"}],\"version\":\"4.4.1\"} --><\/p>\n","protected":false},"excerpt":{"rendered":"<p>Auf dem Tablet k\u00f6nnen die Sch\u00fcler die Stromproduktion verfolgen. Foto: Stadtwerke Forst Forster Schule produziert eigenen Strom Wir holen die Sonne vom Dach \u201eWir tun was Gutes f\u00fcr die Umwelt\u201c, freuen sich die Sch\u00fclerinnen und Sch\u00fcler und zeigen stolz auf die vielen Solarfelder auf dem Dach ihrer Schule. \u201eBei uns produziert die Sonne den Strom [&hellip;]<\/p>\n","protected":false},"author":1,"featured_media":0,"comment_status":"open","ping_status":"open","sticky":false,"template":"","format":"standard","meta":{"footnotes":""},"categories":[1],"tags":[],"class_list":["post-293","post","type-post","status-publish","format-standard","hentry","category-uncategorized"],"yoast_head":"<!-- This site is optimized with the Yoast SEO plugin v26.9 - https:\/\/yoast.com\/product\/yoast-seo-wordpress\/ -->\n<title>Wir holen die Sonne vom Dach - Forst<\/title>\n<meta name=\"description\" content=\"Die Evangelische Grundschule Forst produziert jetzt ihren eigenen Strom.\" \/>\n<meta name=\"robots\" content=\"index, follow, max-snippet:-1, max-image-preview:large, max-video-preview:-1\" \/>\n<link rel=\"canonical\" href=\"https:\/\/stadtwerkezeitung.info\/forst\/wir-holen-die-sonne-vom-dach\/\" \/>\n<meta property=\"og:locale\" content=\"en_US\" \/>\n<meta property=\"og:type\" content=\"article\" \/>\n<meta property=\"og:title\" content=\"Wir holen die Sonne vom Dach - Forst\" \/>\n<meta property=\"og:description\" content=\"Die Evangelische Grundschule Forst produziert jetzt ihren eigenen Strom.\" \/>\n<meta property=\"og:url\" content=\"https:\/\/stadtwerkezeitung.info\/forst\/wir-holen-die-sonne-vom-dach\/\" \/>\n<meta property=\"og:site_name\" content=\"Forst\" \/>\n<meta property=\"article:published_time\" content=\"2024-11-16T12:47:21+00:00\" \/>\n<meta property=\"article:modified_time\" content=\"2025-02-24T10:35:22+00:00\" \/>\n<meta name=\"author\" content=\"admin\" \/>\n<meta name=\"twitter:card\" content=\"summary_large_image\" \/>\n<meta name=\"twitter:label1\" content=\"Written by\" \/>\n\t<meta name=\"twitter:data1\" content=\"admin\" \/>\n\t<meta name=\"twitter:label2\" content=\"Est. reading time\" \/>\n\t<meta name=\"twitter:data2\" content=\"1 minute\" \/>\n<script type=\"application\/ld+json\" class=\"yoast-schema-graph\">{\"@context\":\"https:\/\/schema.org\",\"@graph\":[{\"@type\":\"Article\",\"@id\":\"https:\/\/stadtwerkezeitung.info\/forst\/wir-holen-die-sonne-vom-dach\/#article\",\"isPartOf\":{\"@id\":\"https:\/\/stadtwerkezeitung.info\/forst\/wir-holen-die-sonne-vom-dach\/\"},\"author\":{\"name\":\"admin\",\"@id\":\"https:\/\/stadtwerkezeitung.info\/forst\/#\/schema\/person\/acd409dca37d4bb8bf3a1284da7f1ee0\"},\"headline\":\"Wir holen die Sonne vom Dach\",\"datePublished\":\"2024-11-16T12:47:21+00:00\",\"dateModified\":\"2025-02-24T10:35:22+00:00\",\"mainEntityOfPage\":{\"@id\":\"https:\/\/stadtwerkezeitung.info\/forst\/wir-holen-die-sonne-vom-dach\/\"},\"wordCount\":125,\"commentCount\":0,\"inLanguage\":\"en-US\",\"potentialAction\":[{\"@type\":\"CommentAction\",\"name\":\"Comment\",\"target\":[\"https:\/\/stadtwerkezeitung.info\/forst\/wir-holen-die-sonne-vom-dach\/#respond\"]}]},{\"@type\":\"WebPage\",\"@id\":\"https:\/\/stadtwerkezeitung.info\/forst\/wir-holen-die-sonne-vom-dach\/\",\"url\":\"https:\/\/stadtwerkezeitung.info\/forst\/wir-holen-die-sonne-vom-dach\/\",\"name\":\"Wir holen die Sonne vom Dach - Forst\",\"isPartOf\":{\"@id\":\"https:\/\/stadtwerkezeitung.info\/forst\/#website\"},\"datePublished\":\"2024-11-16T12:47:21+00:00\",\"dateModified\":\"2025-02-24T10:35:22+00:00\",\"author\":{\"@id\":\"https:\/\/stadtwerkezeitung.info\/forst\/#\/schema\/person\/acd409dca37d4bb8bf3a1284da7f1ee0\"},\"description\":\"Die Evangelische Grundschule Forst produziert jetzt ihren eigenen Strom.\",\"breadcrumb\":{\"@id\":\"https:\/\/stadtwerkezeitung.info\/forst\/wir-holen-die-sonne-vom-dach\/#breadcrumb\"},\"inLanguage\":\"en-US\",\"potentialAction\":[{\"@type\":\"ReadAction\",\"target\":[\"https:\/\/stadtwerkezeitung.info\/forst\/wir-holen-die-sonne-vom-dach\/\"]}]},{\"@type\":\"BreadcrumbList\",\"@id\":\"https:\/\/stadtwerkezeitung.info\/forst\/wir-holen-die-sonne-vom-dach\/#breadcrumb\",\"itemListElement\":[{\"@type\":\"ListItem\",\"position\":1,\"name\":\"Home\",\"item\":\"https:\/\/stadtwerkezeitung.info\/forst\/\"},{\"@type\":\"ListItem\",\"position\":2,\"name\":\"Wir holen die Sonne vom Dach\"}]},{\"@type\":\"WebSite\",\"@id\":\"https:\/\/stadtwerkezeitung.info\/forst\/#website\",\"url\":\"https:\/\/stadtwerkezeitung.info\/forst\/\",\"name\":\"Forst\",\"description\":\"\",\"inLanguage\":\"en-US\"},{\"@type\":\"Person\",\"@id\":\"https:\/\/stadtwerkezeitung.info\/forst\/#\/schema\/person\/acd409dca37d4bb8bf3a1284da7f1ee0\",\"name\":\"admin\",\"image\":{\"@type\":\"ImageObject\",\"inLanguage\":\"en-US\",\"@id\":\"https:\/\/stadtwerkezeitung.info\/forst\/#\/schema\/person\/image\/\",\"url\":\"https:\/\/secure.gravatar.com\/avatar\/52dc0b3340c8087a51f52eaa20dc62cd4a6fe41f5bd886140989db7b572c00cd?s=96&d=mm&r=g\",\"contentUrl\":\"https:\/\/secure.gravatar.com\/avatar\/52dc0b3340c8087a51f52eaa20dc62cd4a6fe41f5bd886140989db7b572c00cd?s=96&d=mm&r=g\",\"caption\":\"admin\"},\"sameAs\":[\"https:\/\/stadtwerkezeitung.info\"]}]}<\/script>\n<!-- \/ Yoast SEO plugin. -->","yoast_head_json":{"title":"Wir holen die Sonne vom Dach - Forst","description":"Die Evangelische Grundschule Forst produziert jetzt ihren eigenen Strom.","robots":{"index":"index","follow":"follow","max-snippet":"max-snippet:-1","max-image-preview":"max-image-preview:large","max-video-preview":"max-video-preview:-1"},"canonical":"https:\/\/stadtwerkezeitung.info\/forst\/wir-holen-die-sonne-vom-dach\/","og_locale":"en_US","og_type":"article","og_title":"Wir holen die Sonne vom Dach - Forst","og_description":"Die Evangelische Grundschule Forst produziert jetzt ihren eigenen Strom.","og_url":"https:\/\/stadtwerkezeitung.info\/forst\/wir-holen-die-sonne-vom-dach\/","og_site_name":"Forst","article_published_time":"2024-11-16T12:47:21+00:00","article_modified_time":"2025-02-24T10:35:22+00:00","author":"admin","twitter_card":"summary_large_image","twitter_misc":{"Written by":"admin","Est. reading time":"1 minute"},"schema":{"@context":"https:\/\/schema.org","@graph":[{"@type":"Article","@id":"https:\/\/stadtwerkezeitung.info\/forst\/wir-holen-die-sonne-vom-dach\/#article","isPartOf":{"@id":"https:\/\/stadtwerkezeitung.info\/forst\/wir-holen-die-sonne-vom-dach\/"},"author":{"name":"admin","@id":"https:\/\/stadtwerkezeitung.info\/forst\/#\/schema\/person\/acd409dca37d4bb8bf3a1284da7f1ee0"},"headline":"Wir holen die Sonne vom Dach","datePublished":"2024-11-16T12:47:21+00:00","dateModified":"2025-02-24T10:35:22+00:00","mainEntityOfPage":{"@id":"https:\/\/stadtwerkezeitung.info\/forst\/wir-holen-die-sonne-vom-dach\/"},"wordCount":125,"commentCount":0,"inLanguage":"en-US","potentialAction":[{"@type":"CommentAction","name":"Comment","target":["https:\/\/stadtwerkezeitung.info\/forst\/wir-holen-die-sonne-vom-dach\/#respond"]}]},{"@type":"WebPage","@id":"https:\/\/stadtwerkezeitung.info\/forst\/wir-holen-die-sonne-vom-dach\/","url":"https:\/\/stadtwerkezeitung.info\/forst\/wir-holen-die-sonne-vom-dach\/","name":"Wir holen die Sonne vom Dach - Forst","isPartOf":{"@id":"https:\/\/stadtwerkezeitung.info\/forst\/#website"},"datePublished":"2024-11-16T12:47:21+00:00","dateModified":"2025-02-24T10:35:22+00:00","author":{"@id":"https:\/\/stadtwerkezeitung.info\/forst\/#\/schema\/person\/acd409dca37d4bb8bf3a1284da7f1ee0"},"description":"Die Evangelische Grundschule Forst produziert jetzt ihren eigenen Strom.","breadcrumb":{"@id":"https:\/\/stadtwerkezeitung.info\/forst\/wir-holen-die-sonne-vom-dach\/#breadcrumb"},"inLanguage":"en-US","potentialAction":[{"@type":"ReadAction","target":["https:\/\/stadtwerkezeitung.info\/forst\/wir-holen-die-sonne-vom-dach\/"]}]},{"@type":"BreadcrumbList","@id":"https:\/\/stadtwerkezeitung.info\/forst\/wir-holen-die-sonne-vom-dach\/#breadcrumb","itemListElement":[{"@type":"ListItem","position":1,"name":"Home","item":"https:\/\/stadtwerkezeitung.info\/forst\/"},{"@type":"ListItem","position":2,"name":"Wir holen die Sonne vom Dach"}]},{"@type":"WebSite","@id":"https:\/\/stadtwerkezeitung.info\/forst\/#website","url":"https:\/\/stadtwerkezeitung.info\/forst\/","name":"Forst","description":"","inLanguage":"en-US"},{"@type":"Person","@id":"https:\/\/stadtwerkezeitung.info\/forst\/#\/schema\/person\/acd409dca37d4bb8bf3a1284da7f1ee0","name":"admin","image":{"@type":"ImageObject","inLanguage":"en-US","@id":"https:\/\/stadtwerkezeitung.info\/forst\/#\/schema\/person\/image\/","url":"https:\/\/secure.gravatar.com\/avatar\/52dc0b3340c8087a51f52eaa20dc62cd4a6fe41f5bd886140989db7b572c00cd?s=96&d=mm&r=g","contentUrl":"https:\/\/secure.gravatar.com\/avatar\/52dc0b3340c8087a51f52eaa20dc62cd4a6fe41f5bd886140989db7b572c00cd?s=96&d=mm&r=g","caption":"admin"},"sameAs":["https:\/\/stadtwerkezeitung.info"]}]}},"_links":{"self":[{"href":"https:\/\/stadtwerkezeitung.info\/forst\/wp-json\/wp\/v2\/posts\/293","targetHints":{"allow":["GET"]}}],"collection":[{"href":"https:\/\/stadtwerkezeitung.info\/forst\/wp-json\/wp\/v2\/posts"}],"about":[{"href":"https:\/\/stadtwerkezeitung.info\/forst\/wp-json\/wp\/v2\/types\/post"}],"author":[{"embeddable":true,"href":"https:\/\/stadtwerkezeitung.info\/forst\/wp-json\/wp\/v2\/users\/1"}],"replies":[{"embeddable":true,"href":"https:\/\/stadtwerkezeitung.info\/forst\/wp-json\/wp\/v2\/comments?post=293"}],"version-history":[{"count":3,"href":"https:\/\/stadtwerkezeitung.info\/forst\/wp-json\/wp\/v2\/posts\/293\/revisions"}],"predecessor-version":[{"id":351,"href":"https:\/\/stadtwerkezeitung.info\/forst\/wp-json\/wp\/v2\/posts\/293\/revisions\/351"}],"wp:attachment":[{"href":"https:\/\/stadtwerkezeitung.info\/forst\/wp-json\/wp\/v2\/media?parent=293"}],"wp:term":[{"taxonomy":"category","embeddable":true,"href":"https:\/\/stadtwerkezeitung.info\/forst\/wp-json\/wp\/v2\/categories?post=293"},{"taxonomy":"post_tag","embeddable":true,"href":"https:\/\/stadtwerkezeitung.info\/forst\/wp-json\/wp\/v2\/tags?post=293"}],"curies":[{"name":"wp","href":"https:\/\/api.w.org\/{rel}","templated":true}]}}