{"id":386,"date":"2025-02-24T10:52:40","date_gmt":"2025-02-24T10:52:40","guid":{"rendered":"https:\/\/stadtwerkezeitung.info\/forst\/?p=386"},"modified":"2025-02-25T11:46:40","modified_gmt":"2025-02-25T11:46:40","slug":"energie-spezial-2025","status":"publish","type":"post","link":"https:\/\/stadtwerkezeitung.info\/forst\/energie-spezial-2025\/","title":{"rendered":"Energie-Spezial"},"content":{"rendered":"<p><img decoding=\"async\" src=\"\/forst\/wp-content\/uploads\/sites\/2\/2024\/11\/201_Bild_1SW-Forst_-2_2024_S_4_5_Energie-Spezial.jpg\" alt=\"\"><\/p>\n<div>\n<p><em>Silke Goldschmidt, Leiterin Vertrieb der Stadtwerke Forst, hat die wichtigsten Fragen rund um die Energie beantwortet. <\/p>\n<p><small>Foto: Christian Swiekatowski, Studio 2.0<br \/>\n<br \/><\/small><\/em><\/p>\n<\/div>\n<h2>Neuerungen 2025<\/h2>\n<h1>Energie-Spezial<\/h1>\n<h2>Ab 2025 stehen bei der Energieversorgung einige Neuerungen an. Was das f\u00fcr die Kundinnen und Kunden der Stadtwerke Forst bedeutet, erkl\u00e4rt Silke Goldschmidt, Leiterin Vertrieb der Stadtwerke Forst.<\/h2>\n<div>\n<h4>Die Netzentgelte Strom sinken 2025. Hat das Auswirkungen auf die Preise der Stadtwerke Forst?<\/h4>\n<p>Ja, die Strompreise werden ab Januar sinken. Zum Zeitpunkt des Redaktionsschlusses stand die Kalkulation der endg\u00fcltigen Preise noch nicht fest. Alle Kundinnen und Kunden, deren Preis sich \u00e4ndert, werden rechtzeitig informiert. <\/p>\n<\/div>\n<p><img decoding=\"async\" src=\"\/forst\/wp-content\/uploads\/sites\/2\/2024\/11\/202_Bild_2_Bildschirmfoto-2024-11-15-um-11.16.59.png\" alt=\"\"><\/p>\n<div>\n<h4>Das Angebot dynamischer Stromtarife ist ein Schritt in die Zukunft der Energiewirtschaft. Wie sind die Stadtwerke darauf vorbereitet?<\/h4>\n<p>Wir werden ab dem 01.\u200901.\u20092025 einen dynamischen Tarif anbieten. Jeder Kunde, der \u00fcber ein intelligentes Messsystem, ein so genannter Smart Meter verf\u00fcgt, kann diesen dann abschlie\u00dfen. Zudem werden wir eine App anbieten, auf welcher der Kunde seinen Verbrauch und die st\u00fcndlichen Preise der Energieb\u00f6rse EEX ablesen kann. Mit diesen Informationen kann er gezielt seine Verbr\u00e4uche in die preiswerten Stunden legen und damit Stromkosten senken.<\/p>\n<h4>F\u00fcr wen ist der Tarif sinnvoll?<\/h4>\n<p>F\u00fcr preisaffine Kunden, denen es m\u00f6glich ist, Verbr\u00e4uche in kosteng\u00fcnstige Zeiten zu legen.<\/p>\n<h4>Welche Gefahren des Tarifs gibt es?<\/h4>\n<p>Der B\u00f6rsenpreis schwankt oft stark. Aktuell sind die Preise wochentags zwischen 6 \u2013 9 Uhr und 18 \u2013 20 Uhr am teuersten. Wer nicht die M\u00f6glichkeit hat, seinen Stromverbrauch in g\u00fcnstige Zeiten wie mittags oder nachts zu legen, k\u00f6nnte am Ende draufzahlen.<\/p>\n<h4>Ab 01.04.2025 kann man innerhalb von 24 Stunden den Strom-Lieferanten wechseln. Was bedeutet das?<\/h4>\n<p>Bisher dauerte der Wechsel bei einem Umzug bis zu acht Werktage. Nun wurden die gesetzlich vorgeschriebenen Antwortfristen auf 24 Stunden reduziert. Der Wechsel des Energieversorgers wird f\u00fcr Verbraucher also erheblich leichter und schneller. Es bedeutet aber auch, dass ab April keine r\u00fcckwirkenden An- und Abmeldungen mehr m\u00f6glich sind. Bisher war dies bis zu sechs Wochen r\u00fcckwirkend m\u00f6glich. Der Kunde muss daher rechtzeitig seinem Energielieferanten \u00fcber einen Ein- oder Auszug informieren. <\/p>\n<p>Beim Gas gibt es diesen 24-Stunden-Wechsel bisher noch nicht.<\/p>\n<h4>Gibt es dann keine Jahresvertr\u00e4ge mehr?<\/h4>\n<p>Doch, die \u00c4nderungen im 24-h-Lieferantenwechsel sind rein technischer Natur und haben keine Auswirkungen auf die abgeschlossenen Vertragslaufzeiten.<\/p>\n<h4>Was hat es mit dem Paragrafen 14\u2009a Energiewirtschaftsgesetz auf sich?<\/h4>\n<p>Der \u00a7\u200914 a des Energiewirtschaftsgesetzes regelt, dass Netzbetreiber zum Zwecke der netzdienlichen Steuerung bei sogenannten steuerbaren Verbrauchseinrichtungen bei Bedarf vorr\u00fcbergehend die Leistung auf bis zu 4,2 kW absenken d\u00fcrfen. Dies betrifft Anlagen, die ab dem 01.01.2024 in Betrieb gegangen sind. Darunter fallen haupts\u00e4chlich Wallboxen, W\u00e4rmepumpen und Klimager\u00e4te mit einem Leistungsbezug \u00fcber 4,2\u2009kW, die durch einen Installateur beim Netzbetreiber angemeldet wurden. Als Gegenleistung f\u00fcr die M\u00f6glichkeit des Netzbetreibers, diese Ger\u00e4te zu dimmen, erh\u00e4lt der Kunde Verg\u00fcnstigungen auf seine Netzentgelte. Dabei kann der Kunde aus drei Modulen w\u00e4hlen.<\/p>\n<h4>Modul\u20091<\/h4>\n<p>ist eine pauschale Reduzierung des Netzentgeltes. Das ist sinnvoll, wenn der Verbrauch der steuerbaren Verbrauchseinrichtungen eher gering ist. Jeder betroffene Kunde wird automatisch in Modul 1 eingruppiert und muss nichts weiter unternehmen.<\/p>\n<h4>F\u00fcr Modul\u20092<\/h4>\n<p>kann sich der Kunde entscheiden, wenn f\u00fcr die steuerbaren Verbrauchseinrichtungen ein separater Z\u00e4hler installiert ist. Hierbei wird das jeweilige Netzentgelt f\u00fcr den Verbrauch auf dem separaten Z\u00e4hler auf 40 Prozent reduziert. Ein netzseitiger Grundpreis f\u00e4llt f\u00fcr diesen 2. Z\u00e4hler nicht an. F\u00fcr die Inanspruchnahme von Modul 2 muss ein separater Stromvertrag geschlossen werden.<\/p>\n<p>Und schlie\u00dflich kann sich der Kunde ab dem 01.04.2025 noch f\u00fcr Modul\u20093 mit zeitvariablen Netzentgelten entscheiden. Dazu muss der Kunde allerdings \u00fcber ein intelligentes Messystem verf\u00fcgen. Modul\u20093 ist nur in Verbindung mit Modul\u20091 m\u00f6glich. Kurz gesagt gelten zu unterschiedlichen Zeiten unterschiedliche Netzentgelte. <\/p>\n<p>Die reduzierten Netzentgelte werden in der Stromabrechnung ber\u00fccksichtigt und separat ausgewiesen.<\/p>\n<p>Jeder Netzbetreiber hat die preislichen Informationen auf seiner Internetseite ver\u00f6ffentlicht. F\u00fcr Kunden, die vor dem 01.01.2024 eine Wallbox oder W\u00e4rmepumpe installiert hatten, \u00e4ndert sich erstmal nichts. Dort gelten noch \u00dcbergangsfristen bis zum 31.12.2028.<\/p>\n<h4>Welche \u00c4nderungen gibt es im Strom- und Erdgasnetz in Forst und was bedeutet das f\u00fcr die Kunden?<\/h4>\n<p>Die Netzgesellschaft Forst (Lausitz) mbH &amp; Co. KG (NFL) \u00fcbertr\u00e4gt zum 01.01.2025 ihre Rolle als grundzust\u00e4ndiger Messstellenbetreiber f\u00fcr moderne Messeinrichtungen (mME) und intelligente Messsysteme (iMS) Strom an die DIGImeto GmbH &amp; Co. KG.<\/p>\n<p>Der Betrieb des Forster Gasverteilnetzes geht zum 01.01.2025 von der Netzgesellschaft Forst (Lausitz) mbH &amp; Co. KG (NFL) auf die NBB Netzgesellschaft Berlin-Brandenburg mbH &amp; Co. KG (NBB) \u00fcber. Dazu m\u00fcssen bis zum 30.11.2024 die Z\u00e4hler f\u00fcr Strom und Gas abgelesen werden. Alle betroffenen Kunden erhalten dazu Post vom Netzbetreiber mit den entsprechenden Ablesekarten. Da die NBB bereits jetzt die operative Betriebsf\u00fchrung des Gas- und Stromnetzes der Netzgesellschaft Forst (Lausitz) wahrnimmt, hat dieser Wechsel f\u00fcr die Kunden kaum Auswirkungen. Die gewohnten Ansprechpartner stehen weiterhin in Forst vor Ort zur Verf\u00fcgung.<\/p>\n<\/div>\n<div>\n<h3>Hinweis: Zus\u00e4tzliche Ablesung Strom und Erdgas zum 30.11.2024? <\/h3>\n<div>\n<p>Kunden, die turnusm\u00e4\u00dfig mit der Ablesung der Z\u00e4hlerst\u00e4nde dran sind, bekommen keine Post vom Netzbetreiber, da in den F\u00e4llen der Ableser vorbeikommt. Wasserz\u00e4hler sind davon nicht betroffen.<\/p>\n<\/div>\n<\/div>\n<p><!--more--><br \/>\n<!-- {\"type\":\"layout\",\"children\":[{\"type\":\"section\",\"props\":{\"image_position\":\"center-center\",\"padding_remove_top\":true,\"style\":\"default\",\"title_breakpoint\":\"xl\",\"title_position\":\"top-left\",\"title_rotation\":\"left\",\"vertical_align\":\"\",\"width\":\"default\"},\"children\":[{\"type\":\"row\",\"children\":[{\"type\":\"column\",\"props\":{\"image_position\":\"center-center\",\"position_sticky_breakpoint\":\"m\"},\"children\":[{\"type\":\"image\",\"props\":{\"image\":\"wp-content\\\/uploads\\\/sites\\\/2\\\/2024\\\/11\\\/201_Bild_1SW-Forst_-2_2024_S_4_5_Energie-Spezial.jpg\",\"image_svg_color\":\"emphasis\",\"margin\":\"default\"}},{\"type\":\"text\",\"props\":{\"column_breakpoint\":\"m\",\"content\":\"\n\n<p><em>Silke Goldschmidt, Leiterin Vertrieb der Stadtwerke Forst, hat die wichtigsten Fragen rund um die Energie beantwortet. \\n\\n\\n<br \\\/><small>Foto: Christian Swiekatowski, Studio 2.0\\n<br \\\/><\\\/small><\\\/em><\\\/p>\",\"margin\":\"default\"}},{\"type\":\"headline\",\"props\":{\"content\":\"Neuerungen 2025\",\"margin\":\"small\",\"margin_remove_bottom\":false,\"margin_remove_top\":false,\"title_element\":\"h2\",\"title_style\":\"h5\"}},{\"type\":\"headline\",\"props\":{\"content\":\"Energie-Spezial\",\"margin\":\"small\",\"margin_remove_bottom\":false,\"margin_remove_top\":false,\"title_element\":\"h1\"}},{\"type\":\"headline\",\"props\":{\"content\":\"Ab 2025 stehen bei der Energieversorgung einige Neuerungen an. Was das f\\u00fcr die Kundinnen und Kunden der Stadtwerke Forst bedeutet, erkl\\u00e4rt Silke Goldschmidt, Leiterin Vertrieb der Stadtwerke Forst.\",\"margin\":\"small\",\"margin_remove_top\":false,\"title_element\":\"h2\",\"title_style\":\"h2\"}},{\"type\":\"text\",\"props\":{\"column_breakpoint\":\"m\",\"content\":\"\n\n<h4>Die Netzentgelte Strom sinken 2025. Hat das Auswirkungen auf die Preise der Stadtwerke Forst?<\\\/h4>\\n\n\n<p>Ja, die Strompreise werden ab Januar sinken. Zum Zeitpunkt des Redaktionsschlusses stand die Kalkulation der endg\\u00fcltigen Preise noch nicht fest. Alle Kundinnen und Kunden, deren Preis sich \\u00e4ndert, werden rechtzeitig informiert. <\\\/p>\",\"margin\":\"default\"}},{\"type\":\"image\",\"props\":{\"image\":\"wp-content\\\/uploads\\\/sites\\\/2\\\/2024\\\/11\\\/202_Bild_2_Bildschirmfoto-2024-11-15-um-11.16.59.png\",\"image_svg_color\":\"emphasis\",\"margin\":\"default\"}},{\"type\":\"text\",\"props\":{\"column_breakpoint\":\"m\",\"content\":\"\n\n<h4>Das Angebot dynamischer Stromtarife ist ein Schritt in die Zukunft der Energiewirtschaft. Wie sind die Stadtwerke darauf vorbereitet?<\\\/h4>\\n\n\n<p>Wir werden ab dem 01.\\u200901.\\u20092025 einen dynamischen Tarif anbieten. Jeder Kunde, der \\u00fcber ein intelligentes Messsystem, ein so genannter Smart Meter verf\\u00fcgt, kann diesen dann abschlie\\u00dfen. Zudem werden wir eine App anbieten, auf welcher der Kunde seinen Verbrauch und die st\\u00fcndlichen Preise der Energieb\\u00f6rse EEX ablesen kann. Mit diesen Informationen kann er gezielt seine Verbr\\u00e4uche in die preiswerten Stunden legen und damit Stromkosten senken.<\\\/p>\\n\n\n<h4>F\\u00fcr wen ist der Tarif sinnvoll?<\\\/h4>\\n\n\n<p>F\\u00fcr preisaffine Kunden, denen es m\\u00f6glich ist, Verbr\\u00e4uche in kosteng\\u00fcnstige Zeiten zu legen.<\\\/p>\\n\n\n<h4>Welche Gefahren des Tarifs gibt es?<\\\/h4>\\n\n\n<p>Der B\\u00f6rsenpreis schwankt oft stark. Aktuell sind die Preise wochentags zwischen 6 \\u2013 9 Uhr und 18 \\u2013 20 Uhr am teuersten. Wer nicht die M\\u00f6glichkeit hat, seinen Stromverbrauch in g\\u00fcnstige Zeiten wie mittags oder nachts zu legen, k\\u00f6nnte am Ende draufzahlen.<\\\/p>\\n\n\n<h4>Ab 01.04.2025 kann man innerhalb von 24 Stunden den Strom-Lieferanten wechseln. Was bedeutet das?<\\\/h4>\\n\n\n<p>Bisher dauerte der Wechsel bei einem Umzug bis zu acht Werktage. Nun wurden die gesetzlich vorgeschriebenen Antwortfristen auf 24 Stunden reduziert. Der Wechsel des Energieversorgers wird f\\u00fcr Verbraucher also erheblich leichter und schneller. Es bedeutet aber auch, dass ab April keine r\\u00fcckwirkenden An- und Abmeldungen mehr m\\u00f6glich sind. Bisher war dies bis zu sechs Wochen r\\u00fcckwirkend m\\u00f6glich. Der Kunde muss daher rechtzeitig seinem Energielieferanten \\u00fcber einen Ein- oder Auszug informieren. <br \\\/><br \\\/>Beim Gas gibt es diesen 24-Stunden-Wechsel bisher noch nicht.<\\\/p>\\n\n\n<h4>Gibt es dann keine Jahresvertr\\u00e4ge mehr?<\\\/h4>\\n\n\n<p>Doch, die \\u00c4nderungen im 24-h-Lieferantenwechsel sind rein technischer Natur und haben keine Auswirkungen auf die abgeschlossenen Vertragslaufzeiten.<\\\/p>\\n\n\n<h4>Was hat es mit dem Paragrafen 14\\u2009a Energiewirtschaftsgesetz auf sich?<\\\/h4>\\n\n\n<p>Der \\u00a7\\u200914 a des Energiewirtschaftsgesetzes regelt, dass Netzbetreiber zum Zwecke der netzdienlichen Steuerung bei sogenannten steuerbaren Verbrauchseinrichtungen bei Bedarf vorr\\u00fcbergehend die Leistung auf bis zu 4,2 kW absenken d\\u00fcrfen. Dies betrifft Anlagen, die ab dem 01.01.2024 in Betrieb gegangen sind. Darunter fallen haupts\\u00e4chlich Wallboxen, W\\u00e4rmepumpen und Klimager\\u00e4te mit einem Leistungsbezug \\u00fcber 4,2\\u2009kW, die durch einen Installateur beim Netzbetreiber angemeldet wurden. Als Gegenleistung f\\u00fcr die M\\u00f6glichkeit des Netzbetreibers, diese Ger\\u00e4te zu dimmen, erh\\u00e4lt der Kunde Verg\\u00fcnstigungen auf seine Netzentgelte. Dabei kann der Kunde aus drei Modulen w\\u00e4hlen.<\\\/p>\\n\n\n<h4>Modul\\u20091<\\\/h4>\\n\n\n<p>ist eine pauschale Reduzierung des Netzentgeltes. Das ist sinnvoll, wenn der Verbrauch der steuerbaren Verbrauchseinrichtungen eher gering ist. Jeder betroffene Kunde wird automatisch in Modul 1 eingruppiert und muss nichts weiter unternehmen.<\\\/p>\\n\n\n<h4>F\\u00fcr Modul\\u20092<\\\/h4>\\n\n\n<p>kann sich der Kunde entscheiden, wenn f\\u00fcr die steuerbaren Verbrauchseinrichtungen ein separater Z\\u00e4hler installiert ist. Hierbei wird das jeweilige Netzentgelt f\\u00fcr den Verbrauch auf dem separaten Z\\u00e4hler auf 40 Prozent reduziert. Ein netzseitiger Grundpreis f\\u00e4llt f\\u00fcr diesen 2. Z\\u00e4hler nicht an. F\\u00fcr die Inanspruchnahme von Modul 2 muss ein separater Stromvertrag geschlossen werden.<\\\/p>\\n\n\n<p>Und schlie\\u00dflich kann sich der Kunde ab dem 01.04.2025 noch f\\u00fcr Modul\\u20093 mit zeitvariablen Netzentgelten entscheiden. Dazu muss der Kunde allerdings \\u00fcber ein intelligentes Messystem verf\\u00fcgen. Modul\\u20093 ist nur in Verbindung mit Modul\\u20091 m\\u00f6glich. Kurz gesagt gelten zu unterschiedlichen Zeiten unterschiedliche Netzentgelte. <br \\\/><br \\\/>Die reduzierten Netzentgelte werden in der Stromabrechnung ber\\u00fccksichtigt und separat ausgewiesen.<br \\\/><br \\\/>Jeder Netzbetreiber hat die preislichen Informationen auf seiner Internetseite ver\\u00f6ffentlicht. F\\u00fcr Kunden, die vor dem 01.01.2024 eine Wallbox oder W\\u00e4rmepumpe installiert hatten, \\u00e4ndert sich erstmal nichts. Dort gelten noch \\u00dcbergangsfristen bis zum 31.12.2028.<\\\/p>\\n\n\n<h4>Welche \\u00c4nderungen gibt es im Strom- und Erdgasnetz in Forst und was bedeutet das f\\u00fcr die Kunden?<\\\/h4>\\n\n\n<p>Die Netzgesellschaft Forst (Lausitz) mbH &amp; Co. KG (NFL) \\u00fcbertr\\u00e4gt zum 01.01.2025 ihre Rolle als grundzust\\u00e4ndiger Messstellenbetreiber f\\u00fcr moderne Messeinrichtungen (mME) und intelligente Messsysteme (iMS) Strom an die DIGImeto GmbH &amp; Co. KG.<br \\\/><br \\\/>Der Betrieb des Forster Gasverteilnetzes geht zum 01.01.2025 von der Netzgesellschaft Forst (Lausitz) mbH &amp; Co. KG (NFL) auf die NBB Netzgesellschaft Berlin-Brandenburg mbH &amp; Co. KG (NBB) \\u00fcber. Dazu m\\u00fcssen bis zum 30.11.2024 die Z\\u00e4hler f\\u00fcr Strom und Gas abgelesen werden. Alle betroffenen Kunden erhalten dazu Post vom Netzbetreiber mit den entsprechenden Ablesekarten. Da die NBB bereits jetzt die operative Betriebsf\\u00fchrung des Gas- und Stromnetzes der Netzgesellschaft Forst (Lausitz) wahrnimmt, hat dieser Wechsel f\\u00fcr die Kunden kaum Auswirkungen. Die gewohnten Ansprechpartner stehen weiterhin in Forst vor Ort zur Verf\\u00fcgung.<\\\/p>\",\"margin\":\"default\"}},{\"type\":\"panel\",\"props\":{\"content\":\"\n\n<p>Kunden, die turnusm\\u00e4\\u00dfig mit der Ablesung der Z\\u00e4hlerst\\u00e4nde dran sind, bekommen keine Post vom Netzbetreiber, da in den F\\u00e4llen der Ableser vorbeikommt. Wasserz\\u00e4hler sind davon nicht betroffen.<\\\/p>\",\"content_column_breakpoint\":\"m\",\"icon\":\"info\",\"icon_width\":80,\"image_align\":\"left\",\"image_grid_breakpoint\":\"m\",\"image_grid_width\":\"auto\",\"image_svg_color\":\"emphasis\",\"image_vertical_align\":true,\"link_style\":\"default\",\"link_text\":\"Read more\",\"margin\":\"default\",\"meta_align\":\"below-title\",\"meta_element\":\"div\",\"meta_style\":\"text-meta\",\"panel_padding\":\"default\",\"panel_style\":\"card-secondary\",\"title\":\"Hinweis: Zus\\u00e4tzliche Ablesung Strom und Erdgas zum 30.11.2024? \",\"title_align\":\"top\",\"title_element\":\"h3\",\"title_grid_breakpoint\":\"m\",\"title_grid_width\":\"1-2\",\"title_hover_style\":\"reset\"}}]}]}],\"name\":\"x- vogel\"}],\"version\":\"4.4.1\"} --><\/p>\n","protected":false},"excerpt":{"rendered":"<p>Silke Goldschmidt, Leiterin Vertrieb der Stadtwerke Forst, hat die wichtigsten Fragen rund um die Energie beantwortet. Foto: Christian Swiekatowski, Studio 2.0 Neuerungen 2025 Energie-Spezial Ab 2025 stehen bei der Energieversorgung einige Neuerungen an. Was das f\u00fcr die Kundinnen und Kunden der Stadtwerke Forst bedeutet, erkl\u00e4rt Silke Goldschmidt, Leiterin Vertrieb der Stadtwerke Forst. Die Netzentgelte Strom [&hellip;]<\/p>\n","protected":false},"author":1,"featured_media":0,"comment_status":"open","ping_status":"open","sticky":false,"template":"","format":"standard","meta":{"footnotes":""},"categories":[1],"tags":[],"class_list":["post-386","post","type-post","status-publish","format-standard","hentry","category-uncategorized"],"yoast_head":"<!-- This site is optimized with the Yoast SEO plugin v26.9 - https:\/\/yoast.com\/product\/yoast-seo-wordpress\/ -->\n<title>Energie-Spezial - Forst<\/title>\n<meta name=\"description\" content=\"Ab 2025 stehen bei der Energieversorgung einige Neuerungen an. Worum es geht und was das f\u00fcr die Kundinnen und Kunden der Stadtwerke Forst bedeutet, erkl\u00e4ren wir in unserem Energie-Spezial.\" \/>\n<meta name=\"robots\" content=\"index, follow, max-snippet:-1, max-image-preview:large, max-video-preview:-1\" \/>\n<link rel=\"canonical\" href=\"https:\/\/stadtwerkezeitung.info\/forst\/energie-spezial-2025\/\" \/>\n<meta property=\"og:locale\" content=\"en_US\" \/>\n<meta property=\"og:type\" content=\"article\" \/>\n<meta property=\"og:title\" content=\"Energie-Spezial - Forst\" \/>\n<meta property=\"og:description\" content=\"Ab 2025 stehen bei der Energieversorgung einige Neuerungen an. Worum es geht und was das f\u00fcr die Kundinnen und Kunden der Stadtwerke Forst bedeutet, erkl\u00e4ren wir in unserem Energie-Spezial.\" \/>\n<meta property=\"og:url\" content=\"https:\/\/stadtwerkezeitung.info\/forst\/energie-spezial-2025\/\" \/>\n<meta property=\"og:site_name\" content=\"Forst\" \/>\n<meta property=\"article:published_time\" content=\"2025-02-24T10:52:40+00:00\" \/>\n<meta property=\"article:modified_time\" content=\"2025-02-25T11:46:40+00:00\" \/>\n<meta name=\"author\" content=\"admin\" \/>\n<meta name=\"twitter:card\" content=\"summary_large_image\" \/>\n<meta name=\"twitter:label1\" content=\"Written by\" \/>\n\t<meta name=\"twitter:data1\" content=\"admin\" \/>\n\t<meta name=\"twitter:label2\" content=\"Est. reading time\" \/>\n\t<meta name=\"twitter:data2\" content=\"4 minutes\" \/>\n<script type=\"application\/ld+json\" class=\"yoast-schema-graph\">{\"@context\":\"https:\/\/schema.org\",\"@graph\":[{\"@type\":\"Article\",\"@id\":\"https:\/\/stadtwerkezeitung.info\/forst\/energie-spezial-2025\/#article\",\"isPartOf\":{\"@id\":\"https:\/\/stadtwerkezeitung.info\/forst\/energie-spezial-2025\/\"},\"author\":{\"name\":\"admin\",\"@id\":\"https:\/\/stadtwerkezeitung.info\/forst\/#\/schema\/person\/acd409dca37d4bb8bf3a1284da7f1ee0\"},\"headline\":\"Energie-Spezial\",\"datePublished\":\"2025-02-24T10:52:40+00:00\",\"dateModified\":\"2025-02-25T11:46:40+00:00\",\"mainEntityOfPage\":{\"@id\":\"https:\/\/stadtwerkezeitung.info\/forst\/energie-spezial-2025\/\"},\"wordCount\":847,\"commentCount\":0,\"inLanguage\":\"en-US\",\"potentialAction\":[{\"@type\":\"CommentAction\",\"name\":\"Comment\",\"target\":[\"https:\/\/stadtwerkezeitung.info\/forst\/energie-spezial-2025\/#respond\"]}]},{\"@type\":\"WebPage\",\"@id\":\"https:\/\/stadtwerkezeitung.info\/forst\/energie-spezial-2025\/\",\"url\":\"https:\/\/stadtwerkezeitung.info\/forst\/energie-spezial-2025\/\",\"name\":\"Energie-Spezial - Forst\",\"isPartOf\":{\"@id\":\"https:\/\/stadtwerkezeitung.info\/forst\/#website\"},\"datePublished\":\"2025-02-24T10:52:40+00:00\",\"dateModified\":\"2025-02-25T11:46:40+00:00\",\"author\":{\"@id\":\"https:\/\/stadtwerkezeitung.info\/forst\/#\/schema\/person\/acd409dca37d4bb8bf3a1284da7f1ee0\"},\"description\":\"Ab 2025 stehen bei der Energieversorgung einige Neuerungen an. Worum es geht und was das f\u00fcr die Kundinnen und Kunden der Stadtwerke Forst bedeutet, erkl\u00e4ren wir in unserem Energie-Spezial.\",\"breadcrumb\":{\"@id\":\"https:\/\/stadtwerkezeitung.info\/forst\/energie-spezial-2025\/#breadcrumb\"},\"inLanguage\":\"en-US\",\"potentialAction\":[{\"@type\":\"ReadAction\",\"target\":[\"https:\/\/stadtwerkezeitung.info\/forst\/energie-spezial-2025\/\"]}]},{\"@type\":\"BreadcrumbList\",\"@id\":\"https:\/\/stadtwerkezeitung.info\/forst\/energie-spezial-2025\/#breadcrumb\",\"itemListElement\":[{\"@type\":\"ListItem\",\"position\":1,\"name\":\"Home\",\"item\":\"https:\/\/stadtwerkezeitung.info\/forst\/\"},{\"@type\":\"ListItem\",\"position\":2,\"name\":\"Energie-Spezial\"}]},{\"@type\":\"WebSite\",\"@id\":\"https:\/\/stadtwerkezeitung.info\/forst\/#website\",\"url\":\"https:\/\/stadtwerkezeitung.info\/forst\/\",\"name\":\"Forst\",\"description\":\"\",\"inLanguage\":\"en-US\"},{\"@type\":\"Person\",\"@id\":\"https:\/\/stadtwerkezeitung.info\/forst\/#\/schema\/person\/acd409dca37d4bb8bf3a1284da7f1ee0\",\"name\":\"admin\",\"image\":{\"@type\":\"ImageObject\",\"inLanguage\":\"en-US\",\"@id\":\"https:\/\/stadtwerkezeitung.info\/forst\/#\/schema\/person\/image\/\",\"url\":\"https:\/\/secure.gravatar.com\/avatar\/52dc0b3340c8087a51f52eaa20dc62cd4a6fe41f5bd886140989db7b572c00cd?s=96&d=mm&r=g\",\"contentUrl\":\"https:\/\/secure.gravatar.com\/avatar\/52dc0b3340c8087a51f52eaa20dc62cd4a6fe41f5bd886140989db7b572c00cd?s=96&d=mm&r=g\",\"caption\":\"admin\"},\"sameAs\":[\"https:\/\/stadtwerkezeitung.info\"]}]}<\/script>\n<!-- \/ Yoast SEO plugin. -->","yoast_head_json":{"title":"Energie-Spezial - Forst","description":"Ab 2025 stehen bei der Energieversorgung einige Neuerungen an. Worum es geht und was das f\u00fcr die Kundinnen und Kunden der Stadtwerke Forst bedeutet, erkl\u00e4ren wir in unserem Energie-Spezial.","robots":{"index":"index","follow":"follow","max-snippet":"max-snippet:-1","max-image-preview":"max-image-preview:large","max-video-preview":"max-video-preview:-1"},"canonical":"https:\/\/stadtwerkezeitung.info\/forst\/energie-spezial-2025\/","og_locale":"en_US","og_type":"article","og_title":"Energie-Spezial - Forst","og_description":"Ab 2025 stehen bei der Energieversorgung einige Neuerungen an. Worum es geht und was das f\u00fcr die Kundinnen und Kunden der Stadtwerke Forst bedeutet, erkl\u00e4ren wir in unserem Energie-Spezial.","og_url":"https:\/\/stadtwerkezeitung.info\/forst\/energie-spezial-2025\/","og_site_name":"Forst","article_published_time":"2025-02-24T10:52:40+00:00","article_modified_time":"2025-02-25T11:46:40+00:00","author":"admin","twitter_card":"summary_large_image","twitter_misc":{"Written by":"admin","Est. reading time":"4 minutes"},"schema":{"@context":"https:\/\/schema.org","@graph":[{"@type":"Article","@id":"https:\/\/stadtwerkezeitung.info\/forst\/energie-spezial-2025\/#article","isPartOf":{"@id":"https:\/\/stadtwerkezeitung.info\/forst\/energie-spezial-2025\/"},"author":{"name":"admin","@id":"https:\/\/stadtwerkezeitung.info\/forst\/#\/schema\/person\/acd409dca37d4bb8bf3a1284da7f1ee0"},"headline":"Energie-Spezial","datePublished":"2025-02-24T10:52:40+00:00","dateModified":"2025-02-25T11:46:40+00:00","mainEntityOfPage":{"@id":"https:\/\/stadtwerkezeitung.info\/forst\/energie-spezial-2025\/"},"wordCount":847,"commentCount":0,"inLanguage":"en-US","potentialAction":[{"@type":"CommentAction","name":"Comment","target":["https:\/\/stadtwerkezeitung.info\/forst\/energie-spezial-2025\/#respond"]}]},{"@type":"WebPage","@id":"https:\/\/stadtwerkezeitung.info\/forst\/energie-spezial-2025\/","url":"https:\/\/stadtwerkezeitung.info\/forst\/energie-spezial-2025\/","name":"Energie-Spezial - Forst","isPartOf":{"@id":"https:\/\/stadtwerkezeitung.info\/forst\/#website"},"datePublished":"2025-02-24T10:52:40+00:00","dateModified":"2025-02-25T11:46:40+00:00","author":{"@id":"https:\/\/stadtwerkezeitung.info\/forst\/#\/schema\/person\/acd409dca37d4bb8bf3a1284da7f1ee0"},"description":"Ab 2025 stehen bei der Energieversorgung einige Neuerungen an. Worum es geht und was das f\u00fcr die Kundinnen und Kunden der Stadtwerke Forst bedeutet, erkl\u00e4ren wir in unserem Energie-Spezial.","breadcrumb":{"@id":"https:\/\/stadtwerkezeitung.info\/forst\/energie-spezial-2025\/#breadcrumb"},"inLanguage":"en-US","potentialAction":[{"@type":"ReadAction","target":["https:\/\/stadtwerkezeitung.info\/forst\/energie-spezial-2025\/"]}]},{"@type":"BreadcrumbList","@id":"https:\/\/stadtwerkezeitung.info\/forst\/energie-spezial-2025\/#breadcrumb","itemListElement":[{"@type":"ListItem","position":1,"name":"Home","item":"https:\/\/stadtwerkezeitung.info\/forst\/"},{"@type":"ListItem","position":2,"name":"Energie-Spezial"}]},{"@type":"WebSite","@id":"https:\/\/stadtwerkezeitung.info\/forst\/#website","url":"https:\/\/stadtwerkezeitung.info\/forst\/","name":"Forst","description":"","inLanguage":"en-US"},{"@type":"Person","@id":"https:\/\/stadtwerkezeitung.info\/forst\/#\/schema\/person\/acd409dca37d4bb8bf3a1284da7f1ee0","name":"admin","image":{"@type":"ImageObject","inLanguage":"en-US","@id":"https:\/\/stadtwerkezeitung.info\/forst\/#\/schema\/person\/image\/","url":"https:\/\/secure.gravatar.com\/avatar\/52dc0b3340c8087a51f52eaa20dc62cd4a6fe41f5bd886140989db7b572c00cd?s=96&d=mm&r=g","contentUrl":"https:\/\/secure.gravatar.com\/avatar\/52dc0b3340c8087a51f52eaa20dc62cd4a6fe41f5bd886140989db7b572c00cd?s=96&d=mm&r=g","caption":"admin"},"sameAs":["https:\/\/stadtwerkezeitung.info"]}]}},"_links":{"self":[{"href":"https:\/\/stadtwerkezeitung.info\/forst\/wp-json\/wp\/v2\/posts\/386","targetHints":{"allow":["GET"]}}],"collection":[{"href":"https:\/\/stadtwerkezeitung.info\/forst\/wp-json\/wp\/v2\/posts"}],"about":[{"href":"https:\/\/stadtwerkezeitung.info\/forst\/wp-json\/wp\/v2\/types\/post"}],"author":[{"embeddable":true,"href":"https:\/\/stadtwerkezeitung.info\/forst\/wp-json\/wp\/v2\/users\/1"}],"replies":[{"embeddable":true,"href":"https:\/\/stadtwerkezeitung.info\/forst\/wp-json\/wp\/v2\/comments?post=386"}],"version-history":[{"count":5,"href":"https:\/\/stadtwerkezeitung.info\/forst\/wp-json\/wp\/v2\/posts\/386\/revisions"}],"predecessor-version":[{"id":419,"href":"https:\/\/stadtwerkezeitung.info\/forst\/wp-json\/wp\/v2\/posts\/386\/revisions\/419"}],"wp:attachment":[{"href":"https:\/\/stadtwerkezeitung.info\/forst\/wp-json\/wp\/v2\/media?parent=386"}],"wp:term":[{"taxonomy":"category","embeddable":true,"href":"https:\/\/stadtwerkezeitung.info\/forst\/wp-json\/wp\/v2\/categories?post=386"},{"taxonomy":"post_tag","embeddable":true,"href":"https:\/\/stadtwerkezeitung.info\/forst\/wp-json\/wp\/v2\/tags?post=386"}],"curies":[{"name":"wp","href":"https:\/\/api.w.org\/{rel}","templated":true}]}}