{"id":400,"date":"2025-02-24T11:04:50","date_gmt":"2025-02-24T11:04:50","guid":{"rendered":"https:\/\/stadtwerkezeitung.info\/forst\/?p=400"},"modified":"2025-02-25T12:09:47","modified_gmt":"2025-02-25T12:09:47","slug":"hier-blueht-uns-was","status":"publish","type":"post","link":"https:\/\/stadtwerkezeitung.info\/forst\/hier-blueht-uns-was\/","title":{"rendered":"Hier bl\u00fcht uns was"},"content":{"rendered":"<p><img decoding=\"async\" src=\"\/forst\/wp-content\/uploads\/2025\/02\/202_Teaser_Preview_Ersatz_AufmacxherRadweg-in-fruehlingshafter-Kulisse_Steffen-Lehmann_TMB-Tourismus-Marketing-Brandenburg-GmbH-scaled.jpeg\" alt=\"\"><\/p>\n<div>\n<p><em>Ein Radweg in fr\u00fchlingshafter Kulisse: Viele Obst-Alleen in Brandenburg tragen im April ihr Bl\u00fctenkleid.<br \/>\n<br \/><small> Foto: TMB-Tourismus-Marketing-Brandenburg-GmbH\/Steffen-Lehmann <br \/><\/small><\/em><\/p>\n<\/div>\n<h2>Natur erwacht aus Winterschlaf<\/h2>\n<h1>Hier bl\u00fcht uns was<\/h1>\n<h2>Winter ade! Die ersten w\u00e4rmenden Sonnenstrahlen und l\u00e4nger werdenden Tage lassen die Natur so langsam aus dem Winterschlaf erwachen. Die ersten Pflanzen melden sich in W\u00e4ldern, Parks und G\u00e4rten zur\u00fcck und k\u00fcndigen mit ihrer bunten Bl\u00fctenpracht den Fr\u00fchling an. Wir haben uns auf die Suche nach Orten im Land Brandenburg begeben, wo die Natur nun besonders \u00fcberschw\u00e4nglich die Vorboten des Fr\u00fchlings zur Schau stellt. <\/h2>\n<div>\n<h4>Februar\/M\u00e4rz<\/h4>\n<h5>Der Schneegl\u00f6ckchenpark<\/h5>\n<p>Bis Mitte M\u00e4rz bl\u00fchen im Park Uebigau (Elbe-Elster) abertausende Schneegl\u00f6ckchen im Schneegl\u00f6ckchenpark. Irgendwann in den 90er-Jahren wurde hier begonnen, Schneegl\u00f6ckchen zu pflanzen. Mittlerweile gibt es hier Tausende aus ganz Europa zu bewundern. Zum Winterende lassen sich regelrechte wei\u00dfe Wiesen bestaunen. Falls auch Schneegl\u00f6ckchen aus Ihrer Heimat in Uebigau wachsen sollen, so bringen Sie doch einfach ein paar mit und geben sie in der benachbarten G\u00e4rtnerei ab.<\/p>\n<\/div>\n<p><img decoding=\"async\" src=\"\/forst\/wp-content\/uploads\/2025\/02\/202_Bild_2_Schneegloeckchen-vor-dem-Schloss-Uebigau_Klaus-Peter-Manig_Parkaktiv-Uebigau-scaled.jpeg\" alt=\"\"><\/p>\n<div>\n<p><em>Schneegl\u00f6ckchen im Schlosspark Uebigau.<\/p>\n<p><small>Foto: Klaus-Peter Manig\/Parkaktiv Uebigau.  <br \/><\/small><\/em><\/p>\n<\/div>\n<div>\n<h4>Anfang April \u2013\u2009Mitte Mai<\/h4>\n<h5>Adonisbl\u00fcte an Oderh\u00e4ngen<\/h5>\n<p>Ab Ende M\u00e4rz bis Mitte Mai legt Mutter Natur wieder am \u00f6stlichsten Zipfel Brandenburgs einen sonnengelben Bl\u00fctenteppich aus. In Deutschland wachsen die Fr\u00fchlings-Adonisr\u00f6schen heute nur noch in einigen isolierten Gebieten wie an den Oderh\u00e4ngen. An drei Hotspots kann man gut das Naturschauspiel erleben:<\/p>\n<p>\u25cf Naturschutzgebiet \u201eOderberge\u201c Lebus: Wer sich die Adonisr\u00f6schen ansehen m\u00f6chte, f\u00e4hrt auf der B\u2009112 bis<br \/>zur Abfahrt Unterkrug s\u00fcdlich von Lebus und dort bis zum ausgeschilderten Parkplatz. Von hier f\u00fchrt der Adonisr\u00f6schen-Themenpfad zu den Oderbergen. Der Rundweg, dauert etwa 1,5 Stunden.<\/p>\n<p>\u25cf Oderh\u00e4nge Mallnow: Die gesamten H\u00e4nge sind dann mit einem goldgelben Bl\u00fctenteppich bedeckt. Der Adonisr\u00f6schenwanderweg \u00fcber die Oderh\u00e4nge beginnt am Parkplatz in Mallnow und unterteilt sich in einen kleinen und einen gro\u00dfen Rundweg, die beide als Naturlehrpfade angelegt sind.<\/p>\n<p>\u25cf \u201ePriesterschlucht&#8221; bei Podelzig (zwischen Manschnow und Lebus an der B\u2009112): Der Rundweg im Naturschutzgebiet umfasst 800 Meter. Guter Ausgangsort ist der alte Bahnhof Podelzig.<\/p>\n<\/div>\n<p><img decoding=\"async\" src=\"\/forst\/wp-content\/uploads\/2025\/02\/202_Bild2_Adonisroeschen-an-den-Oderhaengen-bei-Lebus_Steffen-Lehmann_TMB-Tourismus-Marketing-Brandenburg-GmbH.jpeg\" alt=\"\"><\/p>\n<div>\n<p><em>Das seltene Adonisr\u00f6schen ist an den Oderh\u00e4ngen zu finden. <br \/><small>Foto: TMB-Tourismus-Marketing-Brandenburg-GmbH\/Steffen-Lehmann <br \/><\/small><\/em><\/p>\n<\/div>\n<div>\n<h4>Mitte April<\/h4>\n<h5>Kirschbl\u00fcte in Teltow<\/h5>\n<p>Hier brauchen Sie keine rosarote Brille: Wandeln inmitten von 1.000 bl\u00fchenden Kirschbl\u00fctenb\u00e4umen. Die TV-Asahi-Kirschbl\u00fctenallee bl\u00fcht j\u00e4hrlich etwa ab Mitte April. Voraussichtlich 3\u2009Wochen lang kann man auf dem etwa 1,5 Kilometern die vielen Japanischen Kirschb\u00e4ume vom Aufbl\u00fchen \u00fcber die volle Bl\u00fcte bis hin zum Herabrieseln der rosa Bl\u00fctenbl\u00e4tter erleben.<\/p>\n<p>Die wohl sch\u00f6nste Kirschbl\u00fcte in Brandenburg liegt in Teltow (Potsdam-Mittelmark). Wobei, genau genommen teilen sich die Berliner und Brandenburger diesen Hotspot der Kirschbl\u00fcte im Fr\u00fchjahr\u2013 schlie\u00dflich liegt er auf dem ehemaligen Grenzstreifen, der einst Deutschland teilte. Die B\u00e4ume wurden zur Wiedervereinigung durch eine Spende der Zuschauer des japanischen Fernsehsenders TV-Asahi gepflanzt.<\/p>\n<\/div>\n<p><img decoding=\"async\" src=\"\/forst\/wp-content\/uploads\/2025\/02\/202_Bild_3AufmacherBluehende-Kirschbaeume-am-Berliner-Mauerweg_Steffen-Lehmann_TMB-Tourismus-Marketing-Brandenburg-GmbH_fe061888-af7b-4511-b528-dd7e9dc81dda-scaled.jpeg\" alt=\"\"><\/p>\n<div>\n<p><em>Kirschbl\u00fctenallee in Teltow <br \/><small>Foto: TMB-Tourismus-Marketing-Brandenburg-GmbH\/Steffen-Lehmann <br \/><\/small><\/em><\/p>\n<\/div>\n<h4>Termine &amp; gef\u00fchrte Touren<\/h4>\n<ul>\n<li>\n<h3>19. M\u00e4rz 2025, 15 Uhr<\/h3>\n<div>\n<p>F\u00fchrung zu den ersten Fr\u00fchbl\u00fchern im Paradiesgarten (Botanischer Garten, Maulbeerallee 2, 14469 Potsdam). Dr. Michael Burkart zeigt Besuchern, wie sich mit Zwiebelpflanzen auch in kleinen G\u00e4rten erstaunliche Effekte erzielen lassen.<\/p>\n<p>Eintritt 6 \u20ac, erm\u00e4\u00dfigt 3 \u20ac.<\/p>\n<\/div>\n<\/li>\n<li>\n<h3>22. M\u00e4rz 2025, 10 \u2013 13 Uhr<\/h3>\n<div>\n<p>RangerTour: im Gartzer Schrey im Nationalpark Unteres Odertal (Uckermark) lassen sich Bl\u00fctenpracht von Anemonen, Lederbl\u00fcmchen und anderen Fr\u00fchjahrsbl\u00fchern erleben. Dauer 3\u2009Std. (6\u2009km Wanderung), Anmeldung bis Do. 20.03., (5\u201320 Teilnehmende).<\/p>\n<p><a href=\"mailto:unteresodertal@naturwacht.de\">unteresodertal@naturwacht.de<\/a><\/p>\n<p>Tel.: 03332 267711.<\/p>\n<p>Treffpunkt: Parkplatz \u201eKanonenschuppen Gartz\/ Oder\u201c, Alter Sportpl. 6, 16307 Gartz (Oder).<\/p>\n<\/div>\n<\/li>\n<li>\n<p><img decoding=\"async\" src=\"\/forst\/wp-content\/uploads\/2025\/02\/202_Bild_4_MeldungsbeinDSC02608.jpg\" alt=\"\"><\/p>\n<h3>13. April 2025 ab 10:30 Uhr<\/h3>\n<p><em>Tulpenfest in Luckau.<br \/><small> Foto: Laga Luckau 2000 gGmbH<\/em><\/small><\/p>\n<div>\n<p>Tulpenfest in Luckau (Dahme-Spreewald) \u2013 Fr\u00fchlingserwachen in Nordeuropa im LAGA-Park (S\u00fcdpromenade, 15926 Luckau).<\/p>\n<p>Eintritt 10\u2009\u20ac, Sch\u00fcler 6\u2009\u2013\u200914 Jahre 5\u2009\u20ac, Kinder bis 5 Jahre frei.<\/p>\n<\/div>\n<\/li>\n<li>\n<h3>27. April 2025 ab 10 Uhr<\/h3>\n<div>\n<p>Fr\u00fchlingfest zur Adonisbl\u00fcte in Lebus (M\u00e4rkisch-Oderland). Mit Adoniswanderung 11\u2009\u2013\u200914\u2009Uhr.<\/p>\n<p>Treffpunkt: Lebus Gewerbe-gebiet Kirschallee.<\/p>\n<\/div>\n<\/li>\n<li>\n<h3>26. April \u2013 4. Mai 2025<\/h3>\n<div>\n<p>146.\u2009Baumbl\u00fctenfest in Werder<\/p>\n<p>(Havel): am <strong>26.\u2009April Traditionsfest<\/strong> in den ge\u00f6ffneten Obsth\u00f6fen und G\u00e4rten der Kernstadt und der Plantagen, begleitet durch die beliebten Bl\u00fctenrundfahrten. Am Mittwoch, <strong>30. April,<\/strong> startet der Rummel auf dem Hartplatz. Ab <strong>1. Mai Volksfest<\/strong> mit B\u00fchnen und Attraktionen.<\/p>\n<\/div>\n<\/li>\n<\/ul>\n<p><!--more--><br \/>\n<!-- {\"type\":\"layout\",\"children\":[{\"type\":\"section\",\"props\":{\"image_position\":\"center-center\",\"padding_remove_top\":true,\"style\":\"default\",\"title_breakpoint\":\"xl\",\"title_position\":\"top-left\",\"title_rotation\":\"left\",\"vertical_align\":\"\",\"width\":\"small\"},\"children\":[{\"type\":\"row\",\"children\":[{\"type\":\"column\",\"props\":{\"image_position\":\"center-center\",\"position_sticky_breakpoint\":\"m\"},\"children\":[{\"type\":\"image\",\"props\":{\"image\":\"wp-content\\\/uploads\\\/2025\\\/02\\\/202_Teaser_Preview_Ersatz_AufmacxherRadweg-in-fruehlingshafter-Kulisse_Steffen-Lehmann_TMB-Tourismus-Marketing-Brandenburg-GmbH-scaled.jpeg\",\"image_svg_color\":\"emphasis\",\"margin\":\"default\"}},{\"type\":\"text\",\"props\":{\"column_breakpoint\":\"m\",\"content\":\"\n\n<p><em>Ein Radweg in fr\\u00fchlingshafter Kulisse: Viele Obst-Alleen in Brandenburg tragen im April ihr Bl\\u00fctenkleid. \\n<br \\\/><small> Foto: TMB-Tourismus-Marketing-Brandenburg-GmbH\\\/Steffen-Lehmann <br \\\/><\\\/small><\\\/em><\\\/p>\",\"margin\":\"default\"}},{\"type\":\"headline\",\"props\":{\"content\":\"Natur erwacht aus Winterschlaf\",\"margin\":\"small\",\"margin_remove_bottom\":false,\"margin_remove_top\":false,\"title_element\":\"h2\",\"title_style\":\"h5\"}},{\"type\":\"headline\",\"props\":{\"content\":\"Hier bl\\u00fcht uns was\",\"margin\":\"small\",\"margin_remove_bottom\":false,\"margin_remove_top\":false,\"title_element\":\"h1\"}},{\"type\":\"headline\",\"props\":{\"content\":\"Winter ade! Die ersten w\\u00e4rmenden Sonnenstrahlen und l\\u00e4nger werdenden Tage lassen die Natur so langsam aus dem Winterschlaf erwachen. Die ersten Pflanzen melden sich in W\\u00e4ldern, Parks und G\\u00e4rten zur\\u00fcck und k\\u00fcndigen mit ihrer bunten Bl\\u00fctenpracht den Fr\\u00fchling an. Wir haben uns auf die Suche nach Orten im Land Brandenburg begeben, wo die Natur nun besonders \\u00fcberschw\\u00e4nglich die Vorboten des Fr\\u00fchlings zur Schau stellt. \",\"margin\":\"small\",\"margin_remove_top\":false,\"title_element\":\"h2\",\"title_style\":\"h2\"}},{\"type\":\"text\",\"props\":{\"column_breakpoint\":\"m\",\"content\":\"\n\n<h4>Februar\\\/M\\u00e4rz<\\\/h4>\\n\n\n<h5>Der Schneegl\\u00f6ckchenpark<\\\/h5>\\n\n\n<p>Bis Mitte M\\u00e4rz bl\\u00fchen im Park Uebigau (Elbe-Elster) abertausende Schneegl\\u00f6ckchen im Schneegl\\u00f6ckchenpark. Irgendwann in den 90er-Jahren wurde hier begonnen, Schneegl\\u00f6ckchen zu pflanzen. Mittlerweile gibt es hier Tausende aus ganz Europa zu bewundern. Zum Winterende lassen sich regelrechte wei\\u00dfe Wiesen bestaunen. Falls auch Schneegl\\u00f6ckchen aus Ihrer Heimat in Uebigau wachsen sollen, so bringen Sie doch einfach ein paar mit und geben sie in der benachbarten G\\u00e4rtnerei ab.<\\\/p>\",\"margin\":\"default\"}},{\"type\":\"image\",\"props\":{\"image\":\"wp-content\\\/uploads\\\/2025\\\/02\\\/202_Bild_2_Schneegloeckchen-vor-dem-Schloss-Uebigau_Klaus-Peter-Manig_Parkaktiv-Uebigau-scaled.jpeg\",\"image_svg_color\":\"emphasis\",\"margin\":\"default\"}},{\"type\":\"text\",\"props\":{\"column_breakpoint\":\"m\",\"content\":\"\n\n<p><em>Schneegl\\u00f6ckchen im Schlosspark Uebigau.\\n\\n<br \\\/><small>Foto: Klaus-Peter Manig\\\/Parkaktiv Uebigau.  <br \\\/><\\\/small><\\\/em><\\\/p>\",\"margin\":\"default\"}},{\"type\":\"text\",\"props\":{\"column_breakpoint\":\"m\",\"content\":\"\n\n<h4>Anfang April \\u2013\\u2009Mitte Mai<\\\/h4>\\n\n\n<h5>Adonisbl\\u00fcte an Oderh\\u00e4ngen<\\\/h5>\\n\n\n<p>Ab Ende M\\u00e4rz bis Mitte Mai legt Mutter Natur wieder am \\u00f6stlichsten Zipfel Brandenburgs einen sonnengelben Bl\\u00fctenteppich aus. In Deutschland wachsen die Fr\\u00fchlings-Adonisr\\u00f6schen heute nur noch in einigen isolierten Gebieten wie an den Oderh\\u00e4ngen. An drei Hotspots kann man gut das Naturschauspiel erleben:<\\\/p>\\n\n\n<p>\\u25cf Naturschutzgebiet \\u201eOderberge\\u201c Lebus: Wer sich die Adonisr\\u00f6schen ansehen m\\u00f6chte, f\\u00e4hrt auf der B\\u2009112 bis<br \\\/>zur Abfahrt Unterkrug s\\u00fcdlich von Lebus und dort bis zum ausgeschilderten Parkplatz. Von hier f\\u00fchrt der Adonisr\\u00f6schen-Themenpfad zu den Oderbergen. Der Rundweg, dauert etwa 1,5 Stunden.<br \\\/><br \\\/>\\u25cf Oderh\\u00e4nge Mallnow: Die gesamten H\\u00e4nge sind dann mit einem goldgelben Bl\\u00fctenteppich bedeckt. Der Adonisr\\u00f6schenwanderweg \\u00fcber die Oderh\\u00e4nge beginnt am Parkplatz in Mallnow und unterteilt sich in einen kleinen und einen gro\\u00dfen Rundweg, die beide als Naturlehrpfade angelegt sind.<br \\\/><br \\\/>\\u25cf \\u201ePriesterschlucht\\\" bei Podelzig (zwischen Manschnow und Lebus an der B\\u2009112): Der Rundweg im Naturschutzgebiet umfasst 800 Meter. Guter Ausgangsort ist der alte Bahnhof Podelzig.<\\\/p>\",\"margin\":\"default\"}},{\"type\":\"image\",\"props\":{\"image\":\"wp-content\\\/uploads\\\/2025\\\/02\\\/202_Bild2_Adonisroeschen-an-den-Oderhaengen-bei-Lebus_Steffen-Lehmann_TMB-Tourismus-Marketing-Brandenburg-GmbH.jpeg\",\"image_svg_color\":\"emphasis\",\"margin\":\"default\"}},{\"type\":\"text\",\"props\":{\"column_breakpoint\":\"m\",\"content\":\"\n\n<p><em>Das seltene Adonisr\\u00f6schen ist an den Oderh\\u00e4ngen zu finden. <br \\\/><small>Foto: TMB-Tourismus-Marketing-Brandenburg-GmbH\\\/Steffen-Lehmann <br \\\/><\\\/small><\\\/em><\\\/p>\",\"margin\":\"default\"}},{\"type\":\"text\",\"props\":{\"column_breakpoint\":\"m\",\"content\":\"\n\n<h4>Mitte April<\\\/h4>\\n\n\n<h5>Kirschbl\\u00fcte in Teltow<\\\/h5>\\n\n\n<p>Hier brauchen Sie keine rosarote Brille: Wandeln inmitten von 1.000 bl\\u00fchenden Kirschbl\\u00fctenb\\u00e4umen. Die TV-Asahi-Kirschbl\\u00fctenallee bl\\u00fcht j\\u00e4hrlich etwa ab Mitte April. Voraussichtlich 3\\u2009Wochen lang kann man auf dem etwa 1,5 Kilometern die vielen Japanischen Kirschb\\u00e4ume vom Aufbl\\u00fchen \\u00fcber die volle Bl\\u00fcte bis hin zum Herabrieseln der rosa Bl\\u00fctenbl\\u00e4tter erleben.<\\\/p>\\n\n\n<p>Die wohl sch\\u00f6nste Kirschbl\\u00fcte in Brandenburg liegt in Teltow (Potsdam-Mittelmark). Wobei, genau genommen teilen sich die Berliner und Brandenburger diesen Hotspot der Kirschbl\\u00fcte im Fr\\u00fchjahr\\u2013 schlie\\u00dflich liegt er auf dem ehemaligen Grenzstreifen, der einst Deutschland teilte. Die B\\u00e4ume wurden zur Wiedervereinigung durch eine Spende der Zuschauer des japanischen Fernsehsenders TV-Asahi gepflanzt.<\\\/p>\",\"margin\":\"default\"}},{\"type\":\"image\",\"props\":{\"image\":\"wp-content\\\/uploads\\\/2025\\\/02\\\/202_Bild_3AufmacherBluehende-Kirschbaeume-am-Berliner-Mauerweg_Steffen-Lehmann_TMB-Tourismus-Marketing-Brandenburg-GmbH_fe061888-af7b-4511-b528-dd7e9dc81dda-scaled.jpeg\",\"image_svg_color\":\"emphasis\",\"margin\":\"default\"}},{\"type\":\"text\",\"props\":{\"column_breakpoint\":\"m\",\"content\":\"\n\n<p><em>Kirschbl\\u00fctenallee in Teltow <br \\\/><small>Foto: TMB-Tourismus-Marketing-Brandenburg-GmbH\\\/Steffen-Lehmann <br \\\/><\\\/small><\\\/em><\\\/p>\",\"margin\":\"default\"}},{\"type\":\"headline\",\"props\":{\"content\":\"Termine &amp; gef\\u00fchrte Touren\",\"title_element\":\"h4\"}},{\"type\":\"grid\",\"props\":{\"content_column_breakpoint\":\"m\",\"filter_align\":\"left\",\"filter_all\":true,\"filter_grid_breakpoint\":\"m\",\"filter_grid_width\":\"auto\",\"filter_position\":\"top\",\"filter_style\":\"tab\",\"grid_default\":\"1\",\"grid_divider\":false,\"grid_medium\":\"1\",\"icon_width\":80,\"image_align\":\"top\",\"image_grid_breakpoint\":\"m\",\"image_grid_width\":\"1-2\",\"image_svg_color\":\"emphasis\",\"item_animation\":true,\"link_style\":\"default\",\"link_text\":\"Read more\",\"margin\":\"default\",\"meta_align\":\"above-title\",\"meta_element\":\"div\",\"meta_style\":\"\",\"panel_padding\":\"default\",\"panel_style\":\"card-default\",\"show_content\":true,\"show_image\":true,\"show_link\":true,\"show_meta\":true,\"show_title\":true,\"title_align\":\"top\",\"title_element\":\"h3\",\"title_grid_breakpoint\":\"m\",\"title_grid_width\":\"1-2\",\"title_hover_style\":\"reset\"},\"children\":[{\"type\":\"grid_item\",\"props\":{\"content\":\"\n\n<p>F\\u00fchrung zu den ersten Fr\\u00fchbl\\u00fchern im Paradiesgarten (Botanischer Garten, Maulbeerallee 2, 14469 Potsdam). Dr. Michael Burkart zeigt Besuchern, wie sich mit Zwiebelpflanzen auch in kleinen G\\u00e4rten erstaunliche Effekte erzielen lassen.<\\\/p>\\n\n\n<p>Eintritt 6 \\u20ac, erm\\u00e4\\u00dfigt 3 \\u20ac.<\\\/p>\",\"title\":\"19. M\\u00e4rz 2025, 15 Uhr\"}},{\"type\":\"grid_item\",\"props\":{\"content\":\"\n\n<p>RangerTour: im Gartzer Schrey im Nationalpark Unteres Odertal (Uckermark) lassen sich Bl\\u00fctenpracht von Anemonen, Lederbl\\u00fcmchen und anderen Fr\\u00fchjahrsbl\\u00fchern erleben. Dauer 3\\u2009Std. (6\\u2009km Wanderung), Anmeldung bis Do. 20.03., (5\\u201320 Teilnehmende).<br \\\/><br \\\/><a href=\\\"mailto:unteresodertal@naturwacht.de\\\">unteresodertal@naturwacht.de<\\\/a><br \\\/><br \\\/>Tel.: 03332 267711.<br \\\/><br \\\/>Treffpunkt: Parkplatz \\u201eKanonenschuppen Gartz\\\/ Oder\\u201c, Alter Sportpl. 6, 16307 Gartz (Oder).<\\\/p>\",\"title\":\"22. M\\u00e4rz 2025, 10 \\u2013 13 Uhr\"}},{\"type\":\"grid_item\",\"props\":{\"content\":\"\n\n<p>Tulpenfest in Luckau (Dahme-Spreewald) \\u2013 Fr\\u00fchlingserwachen in Nordeuropa im LAGA-Park (S\\u00fcdpromenade, 15926 Luckau).<\\\/p>\\n\n\n<p>Eintritt 10\\u2009\\u20ac, Sch\\u00fcler 6\\u2009\\u2013\\u200914 Jahre 5\\u2009\\u20ac, Kinder bis 5 Jahre frei.<\\\/p>\",\"image\":\"wp-content\\\/uploads\\\/2025\\\/02\\\/202_Bild_4_MeldungsbeinDSC02608.jpg\",\"meta\":\"<em>Tulpenfest in Luckau.<br \/><small> Foto: Laga Luckau 2000 gGmbH<\\\/em><\\\/small>\",\"title\":\"13. April 2025 ab 10:30 Uhr\"}},{\"type\":\"grid_item\",\"props\":{\"content\":\"\n\n<p>Fr\\u00fchlingfest zur Adonisbl\\u00fcte in Lebus (M\\u00e4rkisch-Oderland). Mit Adoniswanderung 11\\u2009\\u2013\\u200914\\u2009Uhr.<br \\\/><br \\\/>Treffpunkt: Lebus Gewerbe-gebiet Kirschallee.<\\\/p>\",\"title\":\"27. April 2025 ab 10 Uhr\"}},{\"type\":\"grid_item\",\"props\":{\"content\":\"\n\n<p>146.\\u2009Baumbl\\u00fctenfest in Werder<\\\/p>\\n\n\n<p>(Havel): am <strong>26.\\u2009April Traditionsfest<\\\/strong> in den ge\\u00f6ffneten Obsth\\u00f6fen und G\\u00e4rten der Kernstadt und der Plantagen, begleitet durch die beliebten Bl\\u00fctenrundfahrten. Am Mittwoch, <strong>30. April,<\\\/strong> startet der Rummel auf dem Hartplatz. Ab <strong>1. Mai Volksfest<\\\/strong> mit B\\u00fchnen und Attraktionen.<\\\/p>\",\"title\":\"26. April \\u2013 4. Mai 2025\"}}]}]}],\"props\":{\"divider\":true}}],\"name\":\"x - blueht uns was\"}],\"version\":\"4.4.1\"} --><\/p>\n","protected":false},"excerpt":{"rendered":"<p>Ein Radweg in fr\u00fchlingshafter Kulisse: Viele Obst-Alleen in Brandenburg tragen im April ihr Bl\u00fctenkleid. Foto: TMB-Tourismus-Marketing-Brandenburg-GmbH\/Steffen-Lehmann Natur erwacht aus Winterschlaf Hier bl\u00fcht uns was Winter ade! Die ersten w\u00e4rmenden Sonnenstrahlen und l\u00e4nger werdenden Tage lassen die Natur so langsam aus dem Winterschlaf erwachen. Die ersten Pflanzen melden sich in W\u00e4ldern, Parks und G\u00e4rten zur\u00fcck und [&hellip;]<\/p>\n","protected":false},"author":1,"featured_media":0,"comment_status":"open","ping_status":"open","sticky":false,"template":"","format":"standard","meta":{"footnotes":""},"categories":[1],"tags":[],"class_list":["post-400","post","type-post","status-publish","format-standard","hentry","category-uncategorized"],"yoast_head":"<!-- This site is optimized with the Yoast SEO plugin v26.9 - https:\/\/yoast.com\/product\/yoast-seo-wordpress\/ -->\n<title>Hier bl\u00fcht uns was - Forst<\/title>\n<meta name=\"description\" content=\"Winter ade! Die ersten w\u00e4rmenden Sonnenstrahlen und l\u00e4nger werdenden Tage lassen die Natur so langsam aus dem Winterschlaf erwachen. Wir haben uns auf die Suche nach Orten im Land Brandenburg begeben, wo die Natur nun besonders \u00fcberschw\u00e4nglich die Vorboten des Fr\u00fchlings zur Schau stellt.\" \/>\n<meta name=\"robots\" content=\"index, follow, max-snippet:-1, max-image-preview:large, max-video-preview:-1\" \/>\n<link rel=\"canonical\" href=\"https:\/\/stadtwerkezeitung.info\/e-paper\/hier-blueht-uns-was\/\" \/>\n<meta property=\"og:locale\" content=\"en_US\" \/>\n<meta property=\"og:type\" content=\"article\" \/>\n<meta property=\"og:title\" content=\"Hier bl\u00fcht uns was - Forst\" \/>\n<meta property=\"og:description\" content=\"Winter ade! Die ersten w\u00e4rmenden Sonnenstrahlen und l\u00e4nger werdenden Tage lassen die Natur so langsam aus dem Winterschlaf erwachen. Wir haben uns auf die Suche nach Orten im Land Brandenburg begeben, wo die Natur nun besonders \u00fcberschw\u00e4nglich die Vorboten des Fr\u00fchlings zur Schau stellt.\" \/>\n<meta property=\"og:url\" content=\"https:\/\/stadtwerkezeitung.info\/e-paper\/hier-blueht-uns-was\/\" \/>\n<meta property=\"og:site_name\" content=\"Forst\" \/>\n<meta property=\"article:published_time\" content=\"2025-02-24T11:04:50+00:00\" \/>\n<meta property=\"article:modified_time\" content=\"2025-02-25T12:09:47+00:00\" \/>\n<meta name=\"author\" content=\"admin\" \/>\n<meta name=\"twitter:card\" content=\"summary_large_image\" \/>\n<meta name=\"twitter:label1\" content=\"Written by\" \/>\n\t<meta name=\"twitter:data1\" content=\"admin\" \/>\n\t<meta name=\"twitter:label2\" content=\"Est. reading time\" \/>\n\t<meta name=\"twitter:data2\" content=\"6 minutes\" \/>\n<script type=\"application\/ld+json\" class=\"yoast-schema-graph\">{\"@context\":\"https:\/\/schema.org\",\"@graph\":[{\"@type\":\"Article\",\"@id\":\"https:\/\/stadtwerkezeitung.info\/e-paper\/hier-blueht-uns-was\/#article\",\"isPartOf\":{\"@id\":\"https:\/\/stadtwerkezeitung.info\/forst\/hier-blueht-uns-was\/\"},\"author\":{\"name\":\"admin\",\"@id\":\"https:\/\/stadtwerkezeitung.info\/forst\/#\/schema\/person\/acd409dca37d4bb8bf3a1284da7f1ee0\"},\"headline\":\"Hier bl\u00fcht uns was\",\"datePublished\":\"2025-02-24T11:04:50+00:00\",\"dateModified\":\"2025-02-25T12:09:47+00:00\",\"mainEntityOfPage\":{\"@id\":\"https:\/\/stadtwerkezeitung.info\/forst\/hier-blueht-uns-was\/\"},\"wordCount\":693,\"commentCount\":0,\"inLanguage\":\"en-US\",\"potentialAction\":[{\"@type\":\"CommentAction\",\"name\":\"Comment\",\"target\":[\"https:\/\/stadtwerkezeitung.info\/e-paper\/hier-blueht-uns-was\/#respond\"]}]},{\"@type\":\"WebPage\",\"@id\":\"https:\/\/stadtwerkezeitung.info\/forst\/hier-blueht-uns-was\/\",\"url\":\"https:\/\/stadtwerkezeitung.info\/e-paper\/hier-blueht-uns-was\/\",\"name\":\"Hier bl\u00fcht uns was - Forst\",\"isPartOf\":{\"@id\":\"https:\/\/stadtwerkezeitung.info\/forst\/#website\"},\"datePublished\":\"2025-02-24T11:04:50+00:00\",\"dateModified\":\"2025-02-25T12:09:47+00:00\",\"author\":{\"@id\":\"https:\/\/stadtwerkezeitung.info\/forst\/#\/schema\/person\/acd409dca37d4bb8bf3a1284da7f1ee0\"},\"description\":\"Winter ade! Die ersten w\u00e4rmenden Sonnenstrahlen und l\u00e4nger werdenden Tage lassen die Natur so langsam aus dem Winterschlaf erwachen. Wir haben uns auf die Suche nach Orten im Land Brandenburg begeben, wo die Natur nun besonders \u00fcberschw\u00e4nglich die Vorboten des Fr\u00fchlings zur Schau stellt.\",\"breadcrumb\":{\"@id\":\"https:\/\/stadtwerkezeitung.info\/e-paper\/hier-blueht-uns-was\/#breadcrumb\"},\"inLanguage\":\"en-US\",\"potentialAction\":[{\"@type\":\"ReadAction\",\"target\":[\"https:\/\/stadtwerkezeitung.info\/e-paper\/hier-blueht-uns-was\/\"]}]},{\"@type\":\"BreadcrumbList\",\"@id\":\"https:\/\/stadtwerkezeitung.info\/e-paper\/hier-blueht-uns-was\/#breadcrumb\",\"itemListElement\":[{\"@type\":\"ListItem\",\"position\":1,\"name\":\"Home\",\"item\":\"https:\/\/stadtwerkezeitung.info\/forst\/\"},{\"@type\":\"ListItem\",\"position\":2,\"name\":\"Hier bl\u00fcht uns was\"}]},{\"@type\":\"WebSite\",\"@id\":\"https:\/\/stadtwerkezeitung.info\/forst\/#website\",\"url\":\"https:\/\/stadtwerkezeitung.info\/forst\/\",\"name\":\"Forst\",\"description\":\"\",\"inLanguage\":\"en-US\"},{\"@type\":\"Person\",\"@id\":\"https:\/\/stadtwerkezeitung.info\/forst\/#\/schema\/person\/acd409dca37d4bb8bf3a1284da7f1ee0\",\"name\":\"admin\",\"image\":{\"@type\":\"ImageObject\",\"inLanguage\":\"en-US\",\"@id\":\"https:\/\/stadtwerkezeitung.info\/forst\/#\/schema\/person\/image\/\",\"url\":\"https:\/\/secure.gravatar.com\/avatar\/52dc0b3340c8087a51f52eaa20dc62cd4a6fe41f5bd886140989db7b572c00cd?s=96&d=mm&r=g\",\"contentUrl\":\"https:\/\/secure.gravatar.com\/avatar\/52dc0b3340c8087a51f52eaa20dc62cd4a6fe41f5bd886140989db7b572c00cd?s=96&d=mm&r=g\",\"caption\":\"admin\"},\"sameAs\":[\"https:\/\/stadtwerkezeitung.info\"]}]}<\/script>\n<!-- \/ Yoast SEO plugin. -->","yoast_head_json":{"title":"Hier bl\u00fcht uns was - Forst","description":"Winter ade! Die ersten w\u00e4rmenden Sonnenstrahlen und l\u00e4nger werdenden Tage lassen die Natur so langsam aus dem Winterschlaf erwachen. Wir haben uns auf die Suche nach Orten im Land Brandenburg begeben, wo die Natur nun besonders \u00fcberschw\u00e4nglich die Vorboten des Fr\u00fchlings zur Schau stellt.","robots":{"index":"index","follow":"follow","max-snippet":"max-snippet:-1","max-image-preview":"max-image-preview:large","max-video-preview":"max-video-preview:-1"},"canonical":"https:\/\/stadtwerkezeitung.info\/e-paper\/hier-blueht-uns-was\/","og_locale":"en_US","og_type":"article","og_title":"Hier bl\u00fcht uns was - Forst","og_description":"Winter ade! Die ersten w\u00e4rmenden Sonnenstrahlen und l\u00e4nger werdenden Tage lassen die Natur so langsam aus dem Winterschlaf erwachen. Wir haben uns auf die Suche nach Orten im Land Brandenburg begeben, wo die Natur nun besonders \u00fcberschw\u00e4nglich die Vorboten des Fr\u00fchlings zur Schau stellt.","og_url":"https:\/\/stadtwerkezeitung.info\/e-paper\/hier-blueht-uns-was\/","og_site_name":"Forst","article_published_time":"2025-02-24T11:04:50+00:00","article_modified_time":"2025-02-25T12:09:47+00:00","author":"admin","twitter_card":"summary_large_image","twitter_misc":{"Written by":"admin","Est. reading time":"6 minutes"},"schema":{"@context":"https:\/\/schema.org","@graph":[{"@type":"Article","@id":"https:\/\/stadtwerkezeitung.info\/e-paper\/hier-blueht-uns-was\/#article","isPartOf":{"@id":"https:\/\/stadtwerkezeitung.info\/forst\/hier-blueht-uns-was\/"},"author":{"name":"admin","@id":"https:\/\/stadtwerkezeitung.info\/forst\/#\/schema\/person\/acd409dca37d4bb8bf3a1284da7f1ee0"},"headline":"Hier bl\u00fcht uns was","datePublished":"2025-02-24T11:04:50+00:00","dateModified":"2025-02-25T12:09:47+00:00","mainEntityOfPage":{"@id":"https:\/\/stadtwerkezeitung.info\/forst\/hier-blueht-uns-was\/"},"wordCount":693,"commentCount":0,"inLanguage":"en-US","potentialAction":[{"@type":"CommentAction","name":"Comment","target":["https:\/\/stadtwerkezeitung.info\/e-paper\/hier-blueht-uns-was\/#respond"]}]},{"@type":"WebPage","@id":"https:\/\/stadtwerkezeitung.info\/forst\/hier-blueht-uns-was\/","url":"https:\/\/stadtwerkezeitung.info\/e-paper\/hier-blueht-uns-was\/","name":"Hier bl\u00fcht uns was - Forst","isPartOf":{"@id":"https:\/\/stadtwerkezeitung.info\/forst\/#website"},"datePublished":"2025-02-24T11:04:50+00:00","dateModified":"2025-02-25T12:09:47+00:00","author":{"@id":"https:\/\/stadtwerkezeitung.info\/forst\/#\/schema\/person\/acd409dca37d4bb8bf3a1284da7f1ee0"},"description":"Winter ade! Die ersten w\u00e4rmenden Sonnenstrahlen und l\u00e4nger werdenden Tage lassen die Natur so langsam aus dem Winterschlaf erwachen. Wir haben uns auf die Suche nach Orten im Land Brandenburg begeben, wo die Natur nun besonders \u00fcberschw\u00e4nglich die Vorboten des Fr\u00fchlings zur Schau stellt.","breadcrumb":{"@id":"https:\/\/stadtwerkezeitung.info\/e-paper\/hier-blueht-uns-was\/#breadcrumb"},"inLanguage":"en-US","potentialAction":[{"@type":"ReadAction","target":["https:\/\/stadtwerkezeitung.info\/e-paper\/hier-blueht-uns-was\/"]}]},{"@type":"BreadcrumbList","@id":"https:\/\/stadtwerkezeitung.info\/e-paper\/hier-blueht-uns-was\/#breadcrumb","itemListElement":[{"@type":"ListItem","position":1,"name":"Home","item":"https:\/\/stadtwerkezeitung.info\/forst\/"},{"@type":"ListItem","position":2,"name":"Hier bl\u00fcht uns was"}]},{"@type":"WebSite","@id":"https:\/\/stadtwerkezeitung.info\/forst\/#website","url":"https:\/\/stadtwerkezeitung.info\/forst\/","name":"Forst","description":"","inLanguage":"en-US"},{"@type":"Person","@id":"https:\/\/stadtwerkezeitung.info\/forst\/#\/schema\/person\/acd409dca37d4bb8bf3a1284da7f1ee0","name":"admin","image":{"@type":"ImageObject","inLanguage":"en-US","@id":"https:\/\/stadtwerkezeitung.info\/forst\/#\/schema\/person\/image\/","url":"https:\/\/secure.gravatar.com\/avatar\/52dc0b3340c8087a51f52eaa20dc62cd4a6fe41f5bd886140989db7b572c00cd?s=96&d=mm&r=g","contentUrl":"https:\/\/secure.gravatar.com\/avatar\/52dc0b3340c8087a51f52eaa20dc62cd4a6fe41f5bd886140989db7b572c00cd?s=96&d=mm&r=g","caption":"admin"},"sameAs":["https:\/\/stadtwerkezeitung.info"]}]}},"_links":{"self":[{"href":"https:\/\/stadtwerkezeitung.info\/forst\/wp-json\/wp\/v2\/posts\/400","targetHints":{"allow":["GET"]}}],"collection":[{"href":"https:\/\/stadtwerkezeitung.info\/forst\/wp-json\/wp\/v2\/posts"}],"about":[{"href":"https:\/\/stadtwerkezeitung.info\/forst\/wp-json\/wp\/v2\/types\/post"}],"author":[{"embeddable":true,"href":"https:\/\/stadtwerkezeitung.info\/forst\/wp-json\/wp\/v2\/users\/1"}],"replies":[{"embeddable":true,"href":"https:\/\/stadtwerkezeitung.info\/forst\/wp-json\/wp\/v2\/comments?post=400"}],"version-history":[{"count":4,"href":"https:\/\/stadtwerkezeitung.info\/forst\/wp-json\/wp\/v2\/posts\/400\/revisions"}],"predecessor-version":[{"id":420,"href":"https:\/\/stadtwerkezeitung.info\/forst\/wp-json\/wp\/v2\/posts\/400\/revisions\/420"}],"wp:attachment":[{"href":"https:\/\/stadtwerkezeitung.info\/forst\/wp-json\/wp\/v2\/media?parent=400"}],"wp:term":[{"taxonomy":"category","embeddable":true,"href":"https:\/\/stadtwerkezeitung.info\/forst\/wp-json\/wp\/v2\/categories?post=400"},{"taxonomy":"post_tag","embeddable":true,"href":"https:\/\/stadtwerkezeitung.info\/forst\/wp-json\/wp\/v2\/tags?post=400"}],"curies":[{"name":"wp","href":"https:\/\/api.w.org\/{rel}","templated":true}]}}