{"id":406,"date":"2025-02-24T11:07:26","date_gmt":"2025-02-24T11:07:26","guid":{"rendered":"https:\/\/stadtwerkezeitung.info\/forst\/?p=406"},"modified":"2025-02-24T11:08:51","modified_gmt":"2025-02-24T11:08:51","slug":"das-ist-ja-wohl-die-hoehe","status":"publish","type":"post","link":"https:\/\/stadtwerkezeitung.info\/forst\/das-ist-ja-wohl-die-hoehe\/","title":{"rendered":"Das ist (ja wohl) die H\u00f6he!"},"content":{"rendered":"<h2>R\u00e4tsel<\/h2>\n<h1>Das ist (ja wohl) die H\u00f6he!<\/h1>\n<h2>Die durchschnittliche H\u00f6he im Land Brandenburg betr\u00e4gt 68 Meter. Die M\u00e4rker \u00fcberragen damit die Hauptst\u00e4dter immerhin um ganze 21 Meter. Zu einem \u201eBergvolk\u201c macht sie das nat\u00fcrlich noch lange nicht.  <\/h2>\n<div>\n<p>Dennoch kann Brandenburg h\u00f6chst interessante Rekorde vorweisen. Wir bringen Sie auf die H\u00f6he kleiner Bestmarken im Land Brandenburg! Beantworten Sie unsere Frage und gewinnen Sie attraktive Geldpreise \u00e0<\/p>\n<p><strong>1 x 20 Euro, <\/strong><br \/><strong>1 x 30 Euro<\/strong><br \/><strong>und 1 x 50 Euro.<\/strong><\/p>\n<p>Was f\u00fcr Kerle! Vor 350 Jahren stellte Kurf\u00fcrst Friedrich Wilhelm angesichts des Einfalls der Schweden in die Mark Brandenburg das Altpreu\u00dfische Infanterieregiment No.\u20096 auf. Die Grenadiere des K\u00f6nigsregiments mussten mindestens 6\u2009rheinische Fu\u00df (ca.\u20091,88\u2009m) messen. Eine damals eher ungew\u00f6hnliche Durchschnittsgr\u00f6\u00dfe. Und so waren Spezialbeauftragte des Preu\u00dfenk\u00f6nigs europaweit unterwegs, um gro\u00dfgewachsene M\u00e4nner durch hohe Handgeldzahlungen zum Dienst in Preu\u00dfen zu bewegen. Diese Art der Rekrutenwerbung und auch der Unterhalt der hoch besoldeten Eliteeinheit verschlangen horrende Geldsummen. Aufgrund der hohen Unterhaltskosten l\u00f6ste K\u00f6nig Friedrich II. im Zuge seiner Thronbesteigung dann auch das alte Garderegiment auf und behielt nur noch ein Bataillon \u2013 1806 wurde auch diese Truppe aufgel\u00f6st. Die volkst\u00fcmliche Bezeichnung f\u00fcr die Soldaten ist aber bis heute in aller Munde: \u201eLange Kerls\u201c. <\/p>\n<\/div>\n<p><img decoding=\"async\" src=\"\/forst\/wp-content\/uploads\/2025\/02\/203_Teaser_Preview_Aufmacher_1718_Merk_Grenadier_Lange_Kerls_anagoria-scaled.jpg\" alt=\"\"><\/p>\n<div>\n<p><em>Grenadier vom \u201eRoten\u201c (1.) Bataillon des K\u00f6nigsregiments Friedrich Wilhelm I. auf dem Gem\u00e4lde von Johann Christof Merck. <br \/><small>Quelle: Johann Christof Merck (1718)\/Wikimedia-Commons<\/small><\/em><\/p>\n<\/div>\n<ul>\n<li>\n<p><img decoding=\"async\" src=\"\/forst\/wp-content\/uploads\/2025\/02\/fruehlingsraetsel.png\" alt=\"\"><\/p>\n<div>\n<p>Schicken Sie die Antwort <br \/>bis zum 7. April 2025 an:<br \/>SPREE-PR<br \/>Kennwort: H\u00f6he<\/p>\n<p>Zehdenicker Str. 21<br \/>10119 Berlin <br \/>oder per Mail an:<br \/><a href=\"mailto:swz@spree-pr.com\">swz@spree-pr.com<\/a><\/p>\n<p><em>Viel Gl\u00fcck!<\/em><\/p>\n<\/div>\n<\/li>\n<li>\n<div>\n<div class=\"wpcf7 no-js\" id=\"wpcf7-f314-o1\" lang=\"en-US\" dir=\"ltr\" data-wpcf7-id=\"314\">\n<div class=\"screen-reader-response\"><p role=\"status\" aria-live=\"polite\" aria-atomic=\"true\"><\/p> <ul><\/ul><\/div>\n<form action=\"\/forst\/wp-json\/wp\/v2\/posts\/406#wpcf7-f314-o1\" method=\"post\" class=\"wpcf7-form init\" aria-label=\"Contact form\" novalidate=\"novalidate\" data-status=\"init\">\n<fieldset class=\"hidden-fields-container\"><input type=\"hidden\" name=\"_wpcf7\" value=\"314\" \/><input type=\"hidden\" name=\"_wpcf7_version\" value=\"6.1.5\" \/><input type=\"hidden\" name=\"_wpcf7_locale\" value=\"en_US\" \/><input type=\"hidden\" name=\"_wpcf7_unit_tag\" value=\"wpcf7-f314-o1\" \/><input type=\"hidden\" name=\"_wpcf7_container_post\" value=\"0\" \/><input type=\"hidden\" name=\"_wpcf7_posted_data_hash\" value=\"\" \/>\n<\/fieldset>\n<p><label> Name<br \/>\n<span class=\"wpcf7-form-control-wrap\" data-name=\"your-name\"><input size=\"40\" maxlength=\"400\" class=\"wpcf7-form-control wpcf7-text wpcf7-validates-as-required\" autocomplete=\"name\" aria-required=\"true\" aria-invalid=\"false\" value=\"\" type=\"text\" name=\"your-name\" \/><\/span> <\/label>\n<\/p>\n<p><label> E-Mail<br \/>\n<span class=\"wpcf7-form-control-wrap\" data-name=\"your-email\"><input size=\"40\" maxlength=\"400\" class=\"wpcf7-form-control wpcf7-email wpcf7-validates-as-required wpcf7-text wpcf7-validates-as-email\" autocomplete=\"email\" aria-required=\"true\" aria-invalid=\"false\" value=\"\" type=\"email\" name=\"your-email\" \/><\/span> <\/label>\n<\/p>\n<p><label> L\u00f6sungswort<br \/>\n<span class=\"wpcf7-form-control-wrap\" data-name=\"loesung\"><input size=\"40\" maxlength=\"400\" class=\"wpcf7-form-control wpcf7-text wpcf7-validates-as-required\" aria-required=\"true\" aria-invalid=\"false\" value=\"\" type=\"text\" name=\"loesung\" \/><\/span> <\/label>\n<\/p>\n<p><input class=\"wpcf7-form-control wpcf7-submit has-spinner\" type=\"submit\" value=\"Senden\" \/>\n<\/p><p style=\"display: none !important;\" class=\"akismet-fields-container\" data-prefix=\"_wpcf7_ak_\"><label>&#916;<textarea name=\"_wpcf7_ak_hp_textarea\" cols=\"45\" rows=\"8\" maxlength=\"100\"><\/textarea><\/label><input type=\"hidden\" id=\"ak_js_1\" name=\"_wpcf7_ak_js\" value=\"176\"\/><script>document.getElementById( \"ak_js_1\" ).setAttribute( \"value\", ( new Date() ).getTime() );<\/script><\/p><div class=\"wpcf7-response-output\" aria-hidden=\"true\"><\/div>\n<\/form>\n<\/div>\n<\/div>\n<\/li>\n<\/ul>\n<p><img decoding=\"async\" src=\"\/forst\/wp-content\/uploads\/2025\/02\/203_Bild_2.png\" alt=\"\"><\/p>\n<div>\n<h4>Die Gewinner des Kreuzwortr\u00e4tsels zum Jahresende:<\/h4>\n<p>Rund 400 Zuschriften mit dem richtigen L\u00f6sungswort \u201eKerzenflackern\u201c haben uns erreicht. Gewonnen haben je 100 Euro: S. Schulz aus Lu\u0308bbenau, E. Gattermann aus Guben, W. Specht aus Zehdenick, M. Kulke aus Forst, W. Bru\u0308ckner aus Premnitz, J. Fleischmann aus Schwedt\/Oder und E. Mattick aus Perleberg.<\/p>\n<p><strong>Herzlichen Gl\u00fcckwunsch!<\/strong> <\/p>\n<\/div>\n<p><!--more--><br \/>\n<!-- {\"type\":\"layout\",\"children\":[{\"type\":\"section\",\"props\":{\"image_position\":\"center-center\",\"padding_remove_top\":true,\"style\":\"default\",\"title_breakpoint\":\"xl\",\"title_position\":\"top-left\",\"title_rotation\":\"left\",\"vertical_align\":\"\",\"width\":\"small\"},\"children\":[{\"type\":\"row\",\"props\":{\"divider\":true,\"layout\":\"2-3,1-3\"},\"children\":[{\"type\":\"column\",\"props\":{\"image_position\":\"center-center\",\"position_sticky_breakpoint\":\"m\",\"width_medium\":\"2-3\"},\"children\":[{\"type\":\"headline\",\"props\":{\"content\":\"R\\u00e4tsel\",\"margin\":\"small\",\"margin_remove_bottom\":false,\"margin_remove_top\":false,\"title_element\":\"h2\",\"title_style\":\"h5\"}},{\"type\":\"headline\",\"props\":{\"content\":\"Das ist (ja wohl) die H\\u00f6he!\",\"margin\":\"small\",\"margin_remove_bottom\":false,\"margin_remove_top\":false,\"title_element\":\"h1\"}},{\"type\":\"headline\",\"props\":{\"content\":\"Die durchschnittliche H\\u00f6he im Land Brandenburg betr\\u00e4gt 68 Meter. Die M\\u00e4rker \\u00fcberragen damit die Hauptst\\u00e4dter immerhin um ganze 21 Meter. Zu einem \\u201eBergvolk\\u201c macht sie das nat\\u00fcrlich noch lange nicht.  \",\"margin\":\"small\",\"margin_remove_top\":false,\"title_element\":\"h2\",\"title_style\":\"h2\"}},{\"type\":\"text\",\"props\":{\"column_breakpoint\":\"m\",\"content\":\"\n\n<p>Dennoch kann Brandenburg h\\u00f6chst interessante Rekorde vorweisen. Wir bringen Sie auf die H\\u00f6he kleiner Bestmarken im Land Brandenburg! Beantworten Sie unsere Frage und gewinnen Sie attraktive Geldpreise \\u00e0<\\\/p>\\n\n\n<p><strong>1 x 20 Euro, <\\\/strong><br \\\/><strong>1 x 30 Euro<\\\/strong><br \\\/><strong>und 1 x 50 Euro.<\\\/strong><\\\/p>\\n\n\n<p>Was f\\u00fcr Kerle! Vor 350 Jahren stellte Kurf\\u00fcrst Friedrich Wilhelm angesichts des Einfalls der Schweden in die Mark Brandenburg das Altpreu\\u00dfische Infanterieregiment No.\\u20096 auf. Die Grenadiere des K\\u00f6nigsregiments mussten mindestens 6\\u2009rheinische Fu\\u00df (ca.\\u20091,88\\u2009m) messen. Eine damals eher ungew\\u00f6hnliche Durchschnittsgr\\u00f6\\u00dfe. Und so waren Spezialbeauftragte des Preu\\u00dfenk\\u00f6nigs europaweit unterwegs, um gro\\u00dfgewachsene M\\u00e4nner durch hohe Handgeldzahlungen zum Dienst in Preu\\u00dfen zu bewegen. Diese Art der Rekrutenwerbung und auch der Unterhalt der hoch besoldeten Eliteeinheit verschlangen horrende Geldsummen. Aufgrund der hohen Unterhaltskosten l\\u00f6ste K\\u00f6nig Friedrich II. im Zuge seiner Thronbesteigung dann auch das alte Garderegiment auf und behielt nur noch ein Bataillon \\u2013 1806 wurde auch diese Truppe aufgel\\u00f6st. Die volkst\\u00fcmliche Bezeichnung f\\u00fcr die Soldaten ist aber bis heute in aller Munde: \\u201eLange Kerls\\u201c. <\\\/p>\",\"margin\":\"default\"}}]},{\"type\":\"column\",\"props\":{\"image_position\":\"center-center\",\"position_sticky_breakpoint\":\"m\",\"width_medium\":\"1-3\"},\"children\":[{\"type\":\"image\",\"props\":{\"image\":\"wp-content\\\/uploads\\\/2025\\\/02\\\/203_Teaser_Preview_Aufmacher_1718_Merk_Grenadier_Lange_Kerls_anagoria-scaled.jpg\",\"image_svg_color\":\"emphasis\",\"margin\":\"default\"}},{\"type\":\"text\",\"props\":{\"column_breakpoint\":\"m\",\"content\":\"\n\n<p><em>Grenadier vom \\u201eRoten\\u201c (1.) Bataillon des K\\u00f6nigsregiments Friedrich Wilhelm I. auf dem Gem\\u00e4lde von Johann Christof Merck. <br \\\/><small>Quelle: Johann Christof Merck (1718)\\\/Wikimedia-Commons<\\\/small><\\\/em><\\\/p>\",\"margin\":\"default\"},\"name\":\"03 Bildunterschrift\"}]}]},{\"type\":\"row\",\"children\":[{\"type\":\"column\",\"props\":{\"image_position\":\"center-center\",\"position_sticky_breakpoint\":\"m\"},\"children\":[{\"type\":\"grid\",\"props\":{\"content_column_breakpoint\":\"m\",\"css\":\"\\\/* General Form Styles *\\\/\\n.wpcf7 {\\n    max-width: 300px;\\n    margin: 0 auto;\\n    padding: 0px;\\n\\n    border: 0px solid #ddd;\\n    border-radius: 8px;\\n    font-family: Arial, sans-serif; \\\/* Simple, clean font *\\\/\\n    color: #6f6f6e; \\\/* Stadtwerke Forst gray *\\\/\\n}\\n\\n\\\/* Style Labels *\\\/\\n.wpcf7 form label {\\n    font-size: 14px;\\n    font-weight: bold;\\n    margin-bottom: 5px;\\n    display: block;\\n    color: #294c62; \\\/* Stadtwerke Forst blue *\\\/\\n}\\n\\n\\\/* Style Input Fields *\\\/\\n.wpcf7 input[type=\\\"text\\\"],\\n.wpcf7 input[type=\\\"email\\\"],\\n.wpcf7 textarea {\\n    width: 100%;\\n    padding: 10px;\\n    margin-bottom: 15px;\\n    border: 1px solid #ccc;\\n    border-radius: 4px;\\n    font-size: 14px;\\n    color: ##d12b51; \\\/* Text color in blue *\\\/\\n    background-color: #fff; \\\/* White background for inputs *\\\/\\n}\\n\\n.wpcf7 textarea {\\n    height: 100px; \\\/* Adjust for readability *\\\/\\n}\\n\\n\\\/* Add focus styles to inputs *\\\/\\n.wpcf7 input[type=\\\"text\\\"]:focus,\\n.wpcf7 input[type=\\\"email\\\"]:focus,\\n.wpcf7 textarea:focus {\\n    border-color: #d12b51; \\\/* Stadtwerke Forst orange for focus *\\\/\\n    outline: none;\\n}\\n\\n\\\/* Style the Submit Button *\\\/\\n.wpcf7 input[type=\\\"submit\\\"] {\\n    background-color: #294c62; \\\/* Stadtwerke Forst blue *\\\/\\n    color: #fff; \\\/* White text *\\\/\\n    border: none;\\n    padding: 10px 20px;\\n    border-radius: 4px;\\n    cursor: pointer;\\n    font-size: 14px;\\n    font-weight: normal;\\n    text-transform: uppercase; \\n    transition: background-color 0.3s ease;\\n}\\n\\n\\\/* Hover Effect for Button *\\\/\\n.wpcf7 input[type=\\\"submit\\\"]:hover {\\n    background-color: #d12b51; \\\/* Stadtwerke Forst orange on hover *\\\/\\n}\\n\\n\\\/* Style Validation Errors *\\\/\\n.wpcf7 .wpcf7-not-valid-tip {\\n    color: #ef7d00; \\\/* Stadtwerke Forst orange for error tips *\\\/\\n    font-size: 12px;\\n}\\n\\n\\\/* Style Success Message *\\\/\\n.wpcf7-mail-sent-ok {\\n    color: #294c62; \\\/* Blue for success messages *\\\/\\n    background-color: #eaf3f7; \\\/* Light blue background *\\\/\\n    padding: 10px;\\n    border-radius: 4px;\\n    border: 1px solid #294c62;\\n}\",\"filter_align\":\"left\",\"filter_all\":true,\"filter_grid_breakpoint\":\"m\",\"filter_grid_width\":\"auto\",\"filter_position\":\"top\",\"filter_style\":\"tab\",\"grid_column_gap\":\"large\",\"grid_default\":\"1\",\"grid_medium\":\"2\",\"icon_width\":80,\"image_align\":\"top\",\"image_grid_breakpoint\":\"m\",\"image_grid_width\":\"1-2\",\"image_svg_color\":\"emphasis\",\"item_animation\":true,\"link_style\":\"default\",\"link_text\":\"Read more\",\"margin\":\"default\",\"meta_align\":\"below-title\",\"meta_element\":\"div\",\"meta_style\":\"text-meta\",\"panel_image_no_padding\":false,\"panel_padding\":\"default\",\"panel_style\":\"card-default\",\"show_content\":true,\"show_image\":true,\"show_link\":true,\"show_meta\":true,\"show_title\":true,\"title_align\":\"top\",\"title_element\":\"h3\",\"title_grid_breakpoint\":\"m\",\"title_grid_width\":\"1-2\",\"title_hover_style\":\"reset\"},\"children\":[{\"type\":\"grid_item\",\"props\":{\"content\":\"\n\n<p>Schicken Sie die Antwort <br \\\/>bis zum 7. April 2025 an:<br \\\/>SPREE-PR<br \\\/>Kennwort: H\\u00f6he<\\\/p>\\n\n\n<p>Zehdenicker Str. 21<br \\\/>10119 Berlin <br \\\/>oder per Mail an:<br \\\/><a href=\\\"mailto:swz@spree-pr.com\\\">swz@spree-pr.com<\\\/a><\\\/p>\\n\n\n<p><em>Viel Gl\\u00fcck!<\\\/em><\\\/p>\",\"image\":\"wp-content\\\/uploads\\\/2025\\\/02\\\/fruehlingsraetsel.png\"}},{\"type\":\"grid_item\",\"props\":{\"content\":\"[contact-form-7 id=\\\"9a0dec2\\\" title=\\\"Jahresr\\u00e4tsel\\\"]\"}}]}]}],\"props\":{\"margin_remove_top\":false}},{\"type\":\"row\",\"props\":{\"divider\":true,\"layout\":\"1-4,3-4\"},\"children\":[{\"type\":\"column\",\"props\":{\"image_position\":\"center-center\",\"position_sticky_breakpoint\":\"m\",\"width_medium\":\"1-4\"},\"children\":[{\"type\":\"image\",\"props\":{\"image\":\"wp-content\\\/uploads\\\/2025\\\/02\\\/203_Bild_2.png\",\"image_svg_color\":\"emphasis\",\"margin\":\"default\"}}]},{\"type\":\"column\",\"props\":{\"image_position\":\"center-center\",\"position_sticky_breakpoint\":\"m\",\"vertical_align\":\"middle\",\"width_medium\":\"3-4\"},\"children\":[{\"type\":\"text\",\"props\":{\"column_breakpoint\":\"m\",\"content\":\"\n\n<h4>Die Gewinner des Kreuzwortr\\u00e4tsels zum Jahresende:<\\\/h4>\\n\n\n<p>Rund 400 Zuschriften mit dem richtigen L\\u00f6sungswort \\u201eKerzenflackern\\u201c haben uns erreicht. Gewonnen haben je 100 Euro: S. Schulz aus Lu\\u0308bbenau, E. Gattermann aus Guben, W. Specht aus Zehdenick, M. Kulke aus Forst, W. Bru\\u0308ckner aus Premnitz, J. Fleischmann aus Schwedt\\\/Oder und E. Mattick aus Perleberg.<br \\\/><br \\\/><strong>Herzlichen Gl\\u00fcckwunsch!<\\\/strong> <br \\\/><br \\\/><\\\/p>\",\"margin\":\"default\"}}]}]}],\"name\":\"x - raetsel\"}],\"version\":\"4.4.1\"} --><\/p>\n","protected":false},"excerpt":{"rendered":"<p>R\u00e4tsel Das ist (ja wohl) die H\u00f6he! Die durchschnittliche H\u00f6he im Land Brandenburg betr\u00e4gt 68 Meter. Die M\u00e4rker \u00fcberragen damit die Hauptst\u00e4dter immerhin um ganze 21 Meter. Zu einem \u201eBergvolk\u201c macht sie das nat\u00fcrlich noch lange nicht. Dennoch kann Brandenburg h\u00f6chst interessante Rekorde vorweisen. Wir bringen Sie auf die H\u00f6he kleiner Bestmarken im Land Brandenburg! [&hellip;]<\/p>\n","protected":false},"author":1,"featured_media":0,"comment_status":"open","ping_status":"open","sticky":false,"template":"","format":"standard","meta":{"footnotes":""},"categories":[1],"tags":[],"class_list":["post-406","post","type-post","status-publish","format-standard","hentry","category-uncategorized"],"yoast_head":"<!-- This site is optimized with the Yoast SEO plugin v26.9 - https:\/\/yoast.com\/product\/yoast-seo-wordpress\/ -->\n<title>Das ist (ja wohl) die H\u00f6he! - Forst<\/title>\n<meta name=\"robots\" content=\"index, follow, max-snippet:-1, max-image-preview:large, max-video-preview:-1\" \/>\n<link rel=\"canonical\" href=\"https:\/\/stadtwerkezeitung.info\/e-paper\/das-ist-ja-wohl-die-hoehe\/\" \/>\n<meta property=\"og:locale\" content=\"en_US\" \/>\n<meta property=\"og:type\" content=\"article\" \/>\n<meta property=\"og:title\" content=\"Das ist (ja wohl) die H\u00f6he! - Forst\" \/>\n<meta property=\"og:description\" content=\"R\u00e4tsel Das ist (ja wohl) die H\u00f6he! Die durchschnittliche H\u00f6he im Land Brandenburg betr\u00e4gt 68 Meter. Die M\u00e4rker \u00fcberragen damit die Hauptst\u00e4dter immerhin um ganze 21 Meter. Zu einem \u201eBergvolk\u201c macht sie das nat\u00fcrlich noch lange nicht. Dennoch kann Brandenburg h\u00f6chst interessante Rekorde vorweisen. Wir bringen Sie auf die H\u00f6he kleiner Bestmarken im Land Brandenburg! [&hellip;]\" \/>\n<meta property=\"og:url\" content=\"https:\/\/stadtwerkezeitung.info\/e-paper\/das-ist-ja-wohl-die-hoehe\/\" \/>\n<meta property=\"og:site_name\" content=\"Forst\" \/>\n<meta property=\"article:published_time\" content=\"2025-02-24T11:07:26+00:00\" \/>\n<meta property=\"article:modified_time\" content=\"2025-02-24T11:08:51+00:00\" \/>\n<meta name=\"author\" content=\"admin\" \/>\n<meta name=\"twitter:card\" content=\"summary_large_image\" \/>\n<meta name=\"twitter:label1\" content=\"Written by\" \/>\n\t<meta name=\"twitter:data1\" content=\"admin\" \/>\n\t<meta name=\"twitter:label2\" content=\"Est. reading time\" \/>\n\t<meta name=\"twitter:data2\" content=\"5 minutes\" \/>\n<script type=\"application\/ld+json\" class=\"yoast-schema-graph\">{\"@context\":\"https:\/\/schema.org\",\"@graph\":[{\"@type\":\"Article\",\"@id\":\"https:\/\/stadtwerkezeitung.info\/e-paper\/das-ist-ja-wohl-die-hoehe\/#article\",\"isPartOf\":{\"@id\":\"https:\/\/stadtwerkezeitung.info\/forst\/das-ist-ja-wohl-die-hoehe\/\"},\"author\":{\"name\":\"admin\",\"@id\":\"https:\/\/stadtwerkezeitung.info\/forst\/#\/schema\/person\/acd409dca37d4bb8bf3a1284da7f1ee0\"},\"headline\":\"Das ist (ja wohl) die H\u00f6he!\",\"datePublished\":\"2025-02-24T11:07:26+00:00\",\"dateModified\":\"2025-02-24T11:08:51+00:00\",\"mainEntityOfPage\":{\"@id\":\"https:\/\/stadtwerkezeitung.info\/forst\/das-ist-ja-wohl-die-hoehe\/\"},\"wordCount\":330,\"commentCount\":0,\"inLanguage\":\"en-US\",\"potentialAction\":[{\"@type\":\"CommentAction\",\"name\":\"Comment\",\"target\":[\"https:\/\/stadtwerkezeitung.info\/e-paper\/das-ist-ja-wohl-die-hoehe\/#respond\"]}]},{\"@type\":\"WebPage\",\"@id\":\"https:\/\/stadtwerkezeitung.info\/forst\/das-ist-ja-wohl-die-hoehe\/\",\"url\":\"https:\/\/stadtwerkezeitung.info\/e-paper\/das-ist-ja-wohl-die-hoehe\/\",\"name\":\"Das ist (ja wohl) die H\u00f6he! - Forst\",\"isPartOf\":{\"@id\":\"https:\/\/stadtwerkezeitung.info\/forst\/#website\"},\"datePublished\":\"2025-02-24T11:07:26+00:00\",\"dateModified\":\"2025-02-24T11:08:51+00:00\",\"author\":{\"@id\":\"https:\/\/stadtwerkezeitung.info\/forst\/#\/schema\/person\/acd409dca37d4bb8bf3a1284da7f1ee0\"},\"breadcrumb\":{\"@id\":\"https:\/\/stadtwerkezeitung.info\/e-paper\/das-ist-ja-wohl-die-hoehe\/#breadcrumb\"},\"inLanguage\":\"en-US\",\"potentialAction\":[{\"@type\":\"ReadAction\",\"target\":[\"https:\/\/stadtwerkezeitung.info\/e-paper\/das-ist-ja-wohl-die-hoehe\/\"]}]},{\"@type\":\"BreadcrumbList\",\"@id\":\"https:\/\/stadtwerkezeitung.info\/e-paper\/das-ist-ja-wohl-die-hoehe\/#breadcrumb\",\"itemListElement\":[{\"@type\":\"ListItem\",\"position\":1,\"name\":\"Home\",\"item\":\"https:\/\/stadtwerkezeitung.info\/forst\/\"},{\"@type\":\"ListItem\",\"position\":2,\"name\":\"Das ist (ja wohl) die H\u00f6he!\"}]},{\"@type\":\"WebSite\",\"@id\":\"https:\/\/stadtwerkezeitung.info\/forst\/#website\",\"url\":\"https:\/\/stadtwerkezeitung.info\/forst\/\",\"name\":\"Forst\",\"description\":\"\",\"inLanguage\":\"en-US\"},{\"@type\":\"Person\",\"@id\":\"https:\/\/stadtwerkezeitung.info\/forst\/#\/schema\/person\/acd409dca37d4bb8bf3a1284da7f1ee0\",\"name\":\"admin\",\"image\":{\"@type\":\"ImageObject\",\"inLanguage\":\"en-US\",\"@id\":\"https:\/\/stadtwerkezeitung.info\/forst\/#\/schema\/person\/image\/\",\"url\":\"https:\/\/secure.gravatar.com\/avatar\/52dc0b3340c8087a51f52eaa20dc62cd4a6fe41f5bd886140989db7b572c00cd?s=96&d=mm&r=g\",\"contentUrl\":\"https:\/\/secure.gravatar.com\/avatar\/52dc0b3340c8087a51f52eaa20dc62cd4a6fe41f5bd886140989db7b572c00cd?s=96&d=mm&r=g\",\"caption\":\"admin\"},\"sameAs\":[\"https:\/\/stadtwerkezeitung.info\"]}]}<\/script>\n<!-- \/ Yoast SEO plugin. -->","yoast_head_json":{"title":"Das ist (ja wohl) die H\u00f6he! - Forst","robots":{"index":"index","follow":"follow","max-snippet":"max-snippet:-1","max-image-preview":"max-image-preview:large","max-video-preview":"max-video-preview:-1"},"canonical":"https:\/\/stadtwerkezeitung.info\/e-paper\/das-ist-ja-wohl-die-hoehe\/","og_locale":"en_US","og_type":"article","og_title":"Das ist (ja wohl) die H\u00f6he! - Forst","og_description":"R\u00e4tsel Das ist (ja wohl) die H\u00f6he! Die durchschnittliche H\u00f6he im Land Brandenburg betr\u00e4gt 68 Meter. Die M\u00e4rker \u00fcberragen damit die Hauptst\u00e4dter immerhin um ganze 21 Meter. Zu einem \u201eBergvolk\u201c macht sie das nat\u00fcrlich noch lange nicht. Dennoch kann Brandenburg h\u00f6chst interessante Rekorde vorweisen. Wir bringen Sie auf die H\u00f6he kleiner Bestmarken im Land Brandenburg! [&hellip;]","og_url":"https:\/\/stadtwerkezeitung.info\/e-paper\/das-ist-ja-wohl-die-hoehe\/","og_site_name":"Forst","article_published_time":"2025-02-24T11:07:26+00:00","article_modified_time":"2025-02-24T11:08:51+00:00","author":"admin","twitter_card":"summary_large_image","twitter_misc":{"Written by":"admin","Est. reading time":"5 minutes"},"schema":{"@context":"https:\/\/schema.org","@graph":[{"@type":"Article","@id":"https:\/\/stadtwerkezeitung.info\/e-paper\/das-ist-ja-wohl-die-hoehe\/#article","isPartOf":{"@id":"https:\/\/stadtwerkezeitung.info\/forst\/das-ist-ja-wohl-die-hoehe\/"},"author":{"name":"admin","@id":"https:\/\/stadtwerkezeitung.info\/forst\/#\/schema\/person\/acd409dca37d4bb8bf3a1284da7f1ee0"},"headline":"Das ist (ja wohl) die H\u00f6he!","datePublished":"2025-02-24T11:07:26+00:00","dateModified":"2025-02-24T11:08:51+00:00","mainEntityOfPage":{"@id":"https:\/\/stadtwerkezeitung.info\/forst\/das-ist-ja-wohl-die-hoehe\/"},"wordCount":330,"commentCount":0,"inLanguage":"en-US","potentialAction":[{"@type":"CommentAction","name":"Comment","target":["https:\/\/stadtwerkezeitung.info\/e-paper\/das-ist-ja-wohl-die-hoehe\/#respond"]}]},{"@type":"WebPage","@id":"https:\/\/stadtwerkezeitung.info\/forst\/das-ist-ja-wohl-die-hoehe\/","url":"https:\/\/stadtwerkezeitung.info\/e-paper\/das-ist-ja-wohl-die-hoehe\/","name":"Das ist (ja wohl) die H\u00f6he! - Forst","isPartOf":{"@id":"https:\/\/stadtwerkezeitung.info\/forst\/#website"},"datePublished":"2025-02-24T11:07:26+00:00","dateModified":"2025-02-24T11:08:51+00:00","author":{"@id":"https:\/\/stadtwerkezeitung.info\/forst\/#\/schema\/person\/acd409dca37d4bb8bf3a1284da7f1ee0"},"breadcrumb":{"@id":"https:\/\/stadtwerkezeitung.info\/e-paper\/das-ist-ja-wohl-die-hoehe\/#breadcrumb"},"inLanguage":"en-US","potentialAction":[{"@type":"ReadAction","target":["https:\/\/stadtwerkezeitung.info\/e-paper\/das-ist-ja-wohl-die-hoehe\/"]}]},{"@type":"BreadcrumbList","@id":"https:\/\/stadtwerkezeitung.info\/e-paper\/das-ist-ja-wohl-die-hoehe\/#breadcrumb","itemListElement":[{"@type":"ListItem","position":1,"name":"Home","item":"https:\/\/stadtwerkezeitung.info\/forst\/"},{"@type":"ListItem","position":2,"name":"Das ist (ja wohl) die H\u00f6he!"}]},{"@type":"WebSite","@id":"https:\/\/stadtwerkezeitung.info\/forst\/#website","url":"https:\/\/stadtwerkezeitung.info\/forst\/","name":"Forst","description":"","inLanguage":"en-US"},{"@type":"Person","@id":"https:\/\/stadtwerkezeitung.info\/forst\/#\/schema\/person\/acd409dca37d4bb8bf3a1284da7f1ee0","name":"admin","image":{"@type":"ImageObject","inLanguage":"en-US","@id":"https:\/\/stadtwerkezeitung.info\/forst\/#\/schema\/person\/image\/","url":"https:\/\/secure.gravatar.com\/avatar\/52dc0b3340c8087a51f52eaa20dc62cd4a6fe41f5bd886140989db7b572c00cd?s=96&d=mm&r=g","contentUrl":"https:\/\/secure.gravatar.com\/avatar\/52dc0b3340c8087a51f52eaa20dc62cd4a6fe41f5bd886140989db7b572c00cd?s=96&d=mm&r=g","caption":"admin"},"sameAs":["https:\/\/stadtwerkezeitung.info"]}]}},"_links":{"self":[{"href":"https:\/\/stadtwerkezeitung.info\/forst\/wp-json\/wp\/v2\/posts\/406","targetHints":{"allow":["GET"]}}],"collection":[{"href":"https:\/\/stadtwerkezeitung.info\/forst\/wp-json\/wp\/v2\/posts"}],"about":[{"href":"https:\/\/stadtwerkezeitung.info\/forst\/wp-json\/wp\/v2\/types\/post"}],"author":[{"embeddable":true,"href":"https:\/\/stadtwerkezeitung.info\/forst\/wp-json\/wp\/v2\/users\/1"}],"replies":[{"embeddable":true,"href":"https:\/\/stadtwerkezeitung.info\/forst\/wp-json\/wp\/v2\/comments?post=406"}],"version-history":[{"count":3,"href":"https:\/\/stadtwerkezeitung.info\/forst\/wp-json\/wp\/v2\/posts\/406\/revisions"}],"predecessor-version":[{"id":409,"href":"https:\/\/stadtwerkezeitung.info\/forst\/wp-json\/wp\/v2\/posts\/406\/revisions\/409"}],"wp:attachment":[{"href":"https:\/\/stadtwerkezeitung.info\/forst\/wp-json\/wp\/v2\/media?parent=406"}],"wp:term":[{"taxonomy":"category","embeddable":true,"href":"https:\/\/stadtwerkezeitung.info\/forst\/wp-json\/wp\/v2\/categories?post=406"},{"taxonomy":"post_tag","embeddable":true,"href":"https:\/\/stadtwerkezeitung.info\/forst\/wp-json\/wp\/v2\/tags?post=406"}],"curies":[{"name":"wp","href":"https:\/\/api.w.org\/{rel}","templated":true}]}}