{"id":452,"date":"2025-05-23T08:27:52","date_gmt":"2025-05-23T08:27:52","guid":{"rendered":"https:\/\/stadtwerkezeitung.info\/forst\/?p=452"},"modified":"2025-05-23T08:48:53","modified_gmt":"2025-05-23T08:48:53","slug":"wir-bleiben-am-netz","status":"publish","type":"post","link":"https:\/\/stadtwerkezeitung.info\/forst\/wir-bleiben-am-netz\/","title":{"rendered":"Wir bleiben am Netz"},"content":{"rendered":"<p><img decoding=\"async\" src=\"\/forst\/wp-content\/uploads\/sites\/2\/2025\/05\/103_Teaser__MG_7038-scaled.jpg\" alt=\"\"><\/p>\n<div>\n<p><em>Die Mitarbeitenden der NBB des Standortes Forst (Lausitz) stehen f\u00fcr eine sichere und verl\u00e4ssliche Versorgung unserer Anschlussnehmer und<br \/>\n-nutzer mit Strom, Gas, Wasser und Fernw\u00e4rme.<\/p>\n<p><small>Foto: SPREE-PR\/Petsch <br \/><\/small><\/em><\/p>\n<\/div>\n<h2>Partner der Stadtwerke Forst: NBB Netzgesellschaft Berlin Brandenburg <\/h2>\n<h1>Wir bleiben am Netz<\/h1>\n<h2>Egal ob Strom, Wasser, Erdgas oder Fernw\u00e4rme \u2013 ohne uns flie\u00dft nichts. F\u00fcr die Stadtwerke Forst und die Netzgesellschaft Forst (Lausitz) sorgen die Mitarbeitenden am Standort Forst (Lausitz) der NBB im Rahmen der technischen Betriebsf\u00fchrung f\u00fcr die Wartung, Instandsetzung und den Neubau der Netze und technischen Anlagen einschlie\u00dflich der Vorhaltung eines 24-Stunden-Bereitschaftsdienstes f\u00fcr das Versorgungsgebiet Forst. Dar\u00fcber hinaus gew\u00e4hrleisten sie die Betriebsf\u00fchrung f\u00fcr die Netze und Anlagen Gas des Versorgungsgebietes Spree-Niederlausitz Region Ost, welches sich bis ins n\u00f6rdliche Sachsen erstreckt. <\/h2>\n<p><img decoding=\"async\" src=\"\/forst\/wp-content\/uploads\/sites\/2\/2025\/05\/103_Bild_2_MG_7044-scaled.jpg\" alt=\"\"><\/p>\n<div>\n<p><em>Zwei der insgesamt f\u00fcnf Kollegen, die das Stromnetz der Stadt instandhalten. <\/p>\n<p><small>Foto: SPREE-PR\/Petsch <br \/><\/small><\/em><\/p>\n<\/div>\n<div>\n<h3>Bereich Strom<\/h3>\n<div>\n<p><strong>Technische Daten:<\/strong> 347,5 km Leitungen (Mittel-\/Niederspannung und Freileitung), 6.049 Hausanschl\u00fcsse, 13.272 installierte Stromz\u00e4hler, 1\u2009Umspannwerk, 106 Ortsnetzstationen und 41 Kundenstationen<\/p>\n<p><strong>Geplante Vorhaben 2025:<\/strong> Erweiterung der Netzkapazit\u00e4t der Deponie Forst. In der Hermann-Standtke-Stra\u00dfe und in der Paul-Decker-Stra\u00dfe werden ungef\u00e4hr 300 Meter Freileitung durch Erdkabel abgel\u00f6st.<\/p>\n<p><strong>Investitionsvolumen 2025:<\/strong> ca. 1\u2009Mio. \u20ac<\/p>\n<\/div>\n<\/div>\n<div>\n<h3>Bereich Gas<\/h3>\n<div>\n<p><strong>Gas\/Wasser\/Fernw\u00e4rme:<\/strong><\/p>\n<p><strong>Mitarbeitende:<\/strong> 10 und ein Auszubildender<\/p>\n<p><strong>Technische Daten:<\/strong> 127\u2009km Netz in den drei Stufen Hochdruck (HD), Mitteldruck (MD) und Niederdruck (ND), 3.881\u2009Hausanschl\u00fcsse, 4.758 installierte Gasz\u00e4hler, 14 Gasdruckregelanlagen und eine \u00dcbernahmestation.<\/p>\n<p><strong>Vorhaben 2025:<\/strong> Im Zuge der Sanierung der Eisenbahnbr\u00fccke Euloer Stra\u00dfe m\u00fcssen die Gas-HD und Gas-ND-Leitungen umverlegt werden. Die Herausforderung hierbei ist die Unterquerung des Bahndammes w\u00e4hrend des rollenden Bahnverkehrs. <br \/>Au\u00dferdem erfolgt in der Muskauer Stra\u00dfe im Zusammenhang mit dem Stra\u00dfenbau der Stadt Forst (Lausitz) die Erneuerung der Gasleitung.<\/p>\n<p><strong>Investitionsvolumen 2025:<\/strong> ca.\u20091\u2009Mio. \u20ac<\/p>\n<\/div>\n<\/div>\n<p><img decoding=\"async\" src=\"\/forst\/wp-content\/uploads\/sites\/2\/2025\/05\/103_Bild_3_MG_7050-scaled.jpg\" alt=\"\"><\/p>\n<div>\n<p><em>In den Bereichen Gas, Trinkwasser und Fernw\u00e4rme arbeiten zehn Kollegen und ein Auszubildender. <br \/><small>Foto: SPREE-PR\/Petsch <br \/><\/small><\/em><\/p>\n<\/div>\n<div>\n<h3>Bereich Wasser<\/h3>\n<div>\n<p><strong>Technische Daten:<\/strong> ein Wasserwerk zur Aufbereitung von Grundwasser mit einer max. Aufbereitungskapazit\u00e4t von 500\u2009m\u00b3\/h und einer Speicherungskapazit\u00e4t von 1.800\u2009m\u00b3 Trinkwasser, eine Druckerh\u00f6hungsstation, 169 km Leitungen, 5.525 Hausanschl\u00fcsse.<\/p>\n<p>Im Winter liegt der Tagesbedarf bei etwa 2.300\u2009m\u00b3, an hei\u00dfen Sommertagen kann er auf bis zu 5.000\u2009m\u00b3 steigen. Die Jahresnetzabgabe Trinkwasser liegt aktuell bei ca. 1\u2009Mio.\u2009m\u00b3.<\/p>\n<p><strong>Vorhaben 2025:<\/strong> Im Zuge der Sanierung der Eisenbahnbr\u00fccke Euloer Stra\u00dfe m\u00fcssen die Trinkwasserleitungen umverlegt werden. Dies erfolgt auf die gleiche Bauart wie beim Gas. Zudem erfolgt in der Muskauer Stra\u00dfe im Zusammenhang mit dem Stra\u00dfenbau der Stadt Forst (Lausitz) die Erneuerung der Trinkwasserleitung.<\/p>\n<p><strong>Investitionsvolumen 2025:<\/strong> ca. 0,5\u2009 Mio.\u2009\u20ac<\/p>\n<\/div>\n<\/div>\n<p><img decoding=\"async\" src=\"\/forst\/wp-content\/uploads\/sites\/2\/2025\/05\/103_Bild_4_MG_7057-scaled.jpg\" alt=\"\"><\/p>\n<div>\n<p><em>Die drei Kollegen \u00fcberwachen die Anlagen der NBB.<br \/><small>Foto: SPREE-PR\/Petsch <br \/><\/small><\/em><\/p>\n<\/div>\n<div>\n<h3>Bereich Fernw\u00e4rme<\/h3>\n<div>\n<p><strong>Technische Daten:<\/strong> drei Heizh\u00e4user mit kombiniertem Kessel- und BHKW-Betrieb auf Erdgasbasis, 20\u2009Kilometer langes Leitungsnetz, 32\u2009Sch\u00e4chte\/-Bauwerke, 68 Hausanschl\u00fcsse<br \/>Versorgung wichtiger Objekte wie Schwimmhalle, Pflegeheim, Krankenhaus, Gymnasium einschlie\u00dflich Mehrzweckhalle sowie zahlreicher Wohnungen im Stadtkern.<\/p>\n<p><strong>Vorhaben 2025:<\/strong> Neubau der Fernw\u00e4rmeleitung M\u00fchlenstra\u00dfe\/Lindenstra\u00dfe\/Lindenplatz, Anschluss des alten Kaufhauses Lindenstra\u00dfe 2\u20134 an die Fernw\u00e4rme.<\/p>\n<p><strong>Investitionsvolumen 2025:<\/strong> ca. 0,5\u2009Mio.\u2009\u20ac<\/p>\n<\/div>\n<\/div>\n<div>\n<div class=\"uk-panel uk-card-secondary uk-padding\">\n<div class=\"uk-grid uk-grid-large uk-child-width-expand@s uk-flex-middle\" uk-grid>\n<p>    <!-- Left Column: Image + Caption --><\/p>\n<div>\n<figure class=\"uk-margin-remove\">\n        <img decoding=\"async\" src=\"\/wp-content\/uploads\/sites\/2\/2025\/05\/103_Bild_5_MG_7066-scaled.jpg\" alt=\"Bildbeschreibung\" class=\"uk-border-rounded\"><figcaption class=\"uk-margin-small-top\">\n          <em>Thomas Winkler, Leiter Region Ost der NBB.<\/figcaption><figcaption class=\"uk-text-small uk-margin-small-top\">Foto: SPREE-PR\/Petsch<br \/>\n        <\/figcaption><\/em><br \/>\n      <\/figure>\n<\/p><\/div>\n<p>    <!-- Right Column: Title + Content --><\/p>\n<div>\n<h3 class=\"uk-margin-remove-bottom\">\u00dcber die NBB<\/h3>\n<p class=\"uk-margin-small-top\">Die NBB Netzgesellschaft Berlin-Brandenburg mbH &#038; Co. KG wurde 2006 gegr\u00fcndet. Sie betreibt eines der gr\u00f6\u00dften \u00f6rtlichen Gasverteilnetze in Berlin und Brandenburg sowie Teilen Sachsens und Sachsen-Anhalts und \u00fcbernimmt damit den Gastransport f\u00fcr alle H\u00e4ndler. Daneben geh\u00f6ren die Wartung und der Ausbau der Leitungsnetzinfrastruktur sowie die Durchf\u00fchrung und Gew\u00e4hrleistung des technisch sicheren Betriebes zu ihren Kernaufgaben. Die NBB \u00fcbernimmt auch die Betriebsf\u00fchrung weiterer Strom-, Wasser- und Fernw\u00e4rmenetze f\u00fcr verschiedene Stadtwerke und Netzbetreiber. Die NBB ist Teil der GASAG-Gruppe und hatte Ende vergangenen Jahres 742 Mitarbeitende.\n      <\/p>\n<\/p><\/div>\n<\/p><\/div>\n<\/div>\n<\/div>\n<div>\n<h3>Kontakt: <\/h3>\n<div>\n<p>Telefon: +49 3562 69756 104<br \/>Entst\u00f6rungsdienst (24h): +49 3562 7190<br \/>E-Mail: <a href=\"mailto:regionalcenter-forst@nbb-netzgesellschaft.de\">regionalcenter-forst@nbb-netzgesellschaft.de<\/a><\/p>\n<\/div>\n<\/div>\n<p><img decoding=\"async\" src=\"\/forst\/wp-content\/uploads\/sites\/2\/2025\/05\/103_Bild_6_MG_7062-scaled.jpg\" alt=\"\"><\/p>\n<div>\n<p><em><small>Foto: SPREE-PR\/Petsch <br \/><\/small><\/em><\/p>\n<\/div>\n<p><!--more--><br \/>\n<!-- {\"type\":\"layout\",\"children\":[{\"type\":\"section\",\"props\":{\"image_position\":\"center-center\",\"padding_remove_top\":true,\"style\":\"default\",\"title_breakpoint\":\"xl\",\"title_position\":\"top-left\",\"title_rotation\":\"left\",\"vertical_align\":\"\",\"width\":\"small\"},\"children\":[{\"type\":\"row\",\"children\":[{\"type\":\"column\",\"props\":{\"image_position\":\"center-center\",\"position_sticky_breakpoint\":\"m\"},\"children\":[{\"type\":\"image\",\"props\":{\"image\":\"wp-content\\\/uploads\\\/sites\\\/2\\\/2025\\\/05\\\/103_Teaser__MG_7038-scaled.jpg\",\"image_svg_color\":\"emphasis\",\"margin\":\"default\"}},{\"type\":\"text\",\"props\":{\"column_breakpoint\":\"m\",\"content\":\"\n\n<p><em>Die Mitarbeitenden der NBB des Standortes Forst (Lausitz) stehen f\\u00fcr eine sichere und verl\\u00e4ssliche Versorgung unserer Anschlussnehmer und\\n-nutzer mit Strom, Gas, Wasser und Fernw\\u00e4rme.\\n\\n\\n<br \\\/><small>Foto: SPREE-PR\\\/Petsch <br \\\/><\\\/small><\\\/em><\\\/p>\",\"margin\":\"default\"}},{\"type\":\"headline\",\"props\":{\"content\":\"Partner der Stadtwerke Forst: NBB Netzgesellschaft Berlin Brandenburg \",\"margin\":\"small\",\"margin_remove_bottom\":false,\"margin_remove_top\":false,\"title_element\":\"h2\",\"title_style\":\"h5\"}},{\"type\":\"headline\",\"props\":{\"content\":\"Wir bleiben am Netz\",\"margin\":\"small\",\"margin_remove_bottom\":false,\"margin_remove_top\":false,\"title_element\":\"h1\"}},{\"type\":\"headline\",\"props\":{\"content\":\"Egal ob Strom, Wasser, Erdgas oder Fernw\\u00e4rme \\u2013 ohne uns flie\\u00dft nichts. F\\u00fcr die Stadtwerke Forst und die Netzgesellschaft Forst (Lausitz) sorgen die Mitarbeitenden am Standort Forst (Lausitz) der NBB im Rahmen der technischen Betriebsf\\u00fchrung f\\u00fcr die Wartung, Instandsetzung und den Neubau der Netze und technischen Anlagen einschlie\\u00dflich der Vorhaltung eines 24-Stunden-Bereitschaftsdienstes f\\u00fcr das Versorgungsgebiet Forst. Dar\\u00fcber hinaus gew\\u00e4hrleisten sie die Betriebsf\\u00fchrung f\\u00fcr die Netze und Anlagen Gas des Versorgungsgebietes Spree-Niederlausitz Region Ost, welches sich bis ins n\\u00f6rdliche Sachsen erstreckt. \",\"margin\":\"small\",\"margin_remove_top\":false,\"title_element\":\"h2\",\"title_style\":\"h2\"}},{\"type\":\"image\",\"props\":{\"image\":\"wp-content\\\/uploads\\\/sites\\\/2\\\/2025\\\/05\\\/103_Bild_2_MG_7044-scaled.jpg\",\"image_svg_color\":\"emphasis\",\"margin\":\"default\"}},{\"type\":\"text\",\"props\":{\"column_breakpoint\":\"m\",\"content\":\"\n\n<p><em>Zwei der insgesamt f\\u00fcnf Kollegen, die das Stromnetz der Stadt instandhalten. \\n\\n<br \\\/><small>Foto: SPREE-PR\\\/Petsch <br \\\/><\\\/small><\\\/em><\\\/p>\",\"margin\":\"default\"}},{\"type\":\"panel\",\"props\":{\"content\":\"\n\n<p><strong>Technische Daten:<\\\/strong> 347,5 km Leitungen (Mittel-\\\/Niederspannung und Freileitung), 6.049 Hausanschl\\u00fcsse, 13.272 installierte Stromz\\u00e4hler, 1\\u2009Umspannwerk, 106 Ortsnetzstationen und 41 Kundenstationen<\\\/p>\\n\n\n<p><strong>Geplante Vorhaben 2025:<\\\/strong> Erweiterung der Netzkapazit\\u00e4t der Deponie Forst. In der Hermann-Standtke-Stra\\u00dfe und in der Paul-Decker-Stra\\u00dfe werden ungef\\u00e4hr 300 Meter Freileitung durch Erdkabel abgel\\u00f6st.<\\\/p>\\n\n\n<p><strong>Investitionsvolumen 2025:<\\\/strong> ca. 1\\u2009Mio. \\u20ac<\\\/p>\",\"content_column_breakpoint\":\"m\",\"icon_width\":80,\"image_align\":\"top\",\"image_grid_breakpoint\":\"m\",\"image_grid_width\":\"1-2\",\"image_svg_color\":\"emphasis\",\"link_style\":\"default\",\"link_text\":\"Read more\",\"margin\":\"default\",\"meta_align\":\"below-title\",\"meta_element\":\"div\",\"meta_style\":\"text-meta\",\"panel_padding\":\"default\",\"panel_style\":\"card-default\",\"title\":\"Bereich Strom\",\"title_align\":\"top\",\"title_element\":\"h3\",\"title_grid_breakpoint\":\"m\",\"title_grid_width\":\"1-2\",\"title_hover_style\":\"reset\"}},{\"type\":\"panel\",\"props\":{\"content\":\"\n\n<p><strong>Gas\\\/Wasser\\\/Fernw\\u00e4rme:<\\\/strong><\\\/p>\\n\n\n<p><strong>Mitarbeitende:<\\\/strong> 10 und ein Auszubildender<\\\/p>\\n\n\n<p><strong>Technische Daten:<\\\/strong> 127\\u2009km Netz in den drei Stufen Hochdruck (HD), Mitteldruck (MD) und Niederdruck (ND), 3.881\\u2009Hausanschl\\u00fcsse, 4.758 installierte Gasz\\u00e4hler, 14 Gasdruckregelanlagen und eine \\u00dcbernahmestation.<\\\/p>\\n\n\n<p><strong>Vorhaben 2025:<\\\/strong> Im Zuge der Sanierung der Eisenbahnbr\\u00fccke Euloer Stra\\u00dfe m\\u00fcssen die Gas-HD und Gas-ND-Leitungen umverlegt werden. Die Herausforderung hierbei ist die Unterquerung des Bahndammes w\\u00e4hrend des rollenden Bahnverkehrs. <br \\\/>Au\\u00dferdem erfolgt in der Muskauer Stra\\u00dfe im Zusammenhang mit dem Stra\\u00dfenbau der Stadt Forst (Lausitz) die Erneuerung der Gasleitung.<\\\/p>\\n\n\n<p><strong>Investitionsvolumen 2025:<\\\/strong> ca.\\u20091\\u2009Mio. \\u20ac<\\\/p>\",\"content_column_breakpoint\":\"m\",\"icon_width\":80,\"image_align\":\"top\",\"image_grid_breakpoint\":\"m\",\"image_grid_width\":\"1-2\",\"image_svg_color\":\"emphasis\",\"link_style\":\"default\",\"link_text\":\"Read more\",\"margin\":\"default\",\"meta_align\":\"below-title\",\"meta_element\":\"div\",\"meta_style\":\"text-meta\",\"panel_padding\":\"default\",\"panel_style\":\"card-default\",\"title\":\"Bereich Gas\",\"title_align\":\"top\",\"title_element\":\"h3\",\"title_grid_breakpoint\":\"m\",\"title_grid_width\":\"1-2\",\"title_hover_style\":\"reset\"}},{\"type\":\"image\",\"props\":{\"image\":\"wp-content\\\/uploads\\\/sites\\\/2\\\/2025\\\/05\\\/103_Bild_3_MG_7050-scaled.jpg\",\"image_svg_color\":\"emphasis\",\"margin\":\"default\"}},{\"type\":\"text\",\"props\":{\"column_breakpoint\":\"m\",\"content\":\"\n\n<p><em>In den Bereichen Gas, Trinkwasser und Fernw\\u00e4rme arbeiten zehn Kollegen und ein Auszubildender. <br \\\/><small>Foto: SPREE-PR\\\/Petsch <br \\\/><\\\/small><\\\/em><\\\/p>\",\"margin\":\"default\"}},{\"type\":\"panel\",\"props\":{\"content\":\"\n\n<p><strong>Technische Daten:<\\\/strong> ein Wasserwerk zur Aufbereitung von Grundwasser mit einer max. Aufbereitungskapazit\\u00e4t von 500\\u2009m\\u00b3\\\/h und einer Speicherungskapazit\\u00e4t von 1.800\\u2009m\\u00b3 Trinkwasser, eine Druckerh\\u00f6hungsstation, 169 km Leitungen, 5.525 Hausanschl\\u00fcsse.<br \\\/><br \\\/>Im Winter liegt der Tagesbedarf bei etwa 2.300\\u2009m\\u00b3, an hei\\u00dfen Sommertagen kann er auf bis zu 5.000\\u2009m\\u00b3 steigen. Die Jahresnetzabgabe Trinkwasser liegt aktuell bei ca. 1\\u2009Mio.\\u2009m\\u00b3.<\\\/p>\\n\n\n<p><strong>Vorhaben 2025:<\\\/strong> Im Zuge der Sanierung der Eisenbahnbr\\u00fccke Euloer Stra\\u00dfe m\\u00fcssen die Trinkwasserleitungen umverlegt werden. Dies erfolgt auf die gleiche Bauart wie beim Gas. Zudem erfolgt in der Muskauer Stra\\u00dfe im Zusammenhang mit dem Stra\\u00dfenbau der Stadt Forst (Lausitz) die Erneuerung der Trinkwasserleitung.<\\\/p>\\n\n\n<p><strong>Investitionsvolumen 2025:<\\\/strong> ca. 0,5\\u2009 Mio.\\u2009\\u20ac<\\\/p>\",\"content_column_breakpoint\":\"m\",\"icon_width\":80,\"image_align\":\"top\",\"image_grid_breakpoint\":\"m\",\"image_grid_width\":\"1-2\",\"image_svg_color\":\"emphasis\",\"link_style\":\"default\",\"link_text\":\"Read more\",\"margin\":\"default\",\"meta_align\":\"below-title\",\"meta_element\":\"div\",\"meta_style\":\"text-meta\",\"panel_padding\":\"default\",\"panel_style\":\"card-default\",\"title\":\"Bereich Wasser\",\"title_align\":\"top\",\"title_element\":\"h3\",\"title_grid_breakpoint\":\"m\",\"title_grid_width\":\"1-2\",\"title_hover_style\":\"reset\"}}]}]},{\"type\":\"row\",\"children\":[{\"type\":\"column\",\"props\":{\"image_position\":\"center-center\",\"position_sticky_breakpoint\":\"m\",\"width_medium\":\"1-2\"},\"children\":[{\"type\":\"image\",\"props\":{\"image\":\"wp-content\\\/uploads\\\/sites\\\/2\\\/2025\\\/05\\\/103_Bild_4_MG_7057-scaled.jpg\",\"image_svg_color\":\"emphasis\",\"margin\":\"default\"}},{\"type\":\"text\",\"props\":{\"column_breakpoint\":\"m\",\"content\":\"\n\n<p><em>Die drei Kollegen \\u00fcberwachen die Anlagen der NBB.<br \\\/><small>Foto: SPREE-PR\\\/Petsch <br \\\/><\\\/small><\\\/em><\\\/p>\",\"margin\":\"default\"}}]},{\"type\":\"column\",\"props\":{\"image_position\":\"center-center\",\"position_sticky_breakpoint\":\"m\",\"vertical_align\":\"middle\",\"width_medium\":\"1-2\"},\"children\":[{\"type\":\"panel\",\"props\":{\"content\":\"\n\n<p><strong>Technische Daten:<\\\/strong> drei Heizh\\u00e4user mit kombiniertem Kessel- und BHKW-Betrieb auf Erdgasbasis, 20\\u2009Kilometer langes Leitungsnetz, 32\\u2009Sch\\u00e4chte\\\/-Bauwerke, 68 Hausanschl\\u00fcsse<br \\\/>Versorgung wichtiger Objekte wie Schwimmhalle, Pflegeheim, Krankenhaus, Gymnasium einschlie\\u00dflich Mehrzweckhalle sowie zahlreicher Wohnungen im Stadtkern.<\\\/p>\\n\n\n<p><strong>Vorhaben 2025:<\\\/strong> Neubau der Fernw\\u00e4rmeleitung M\\u00fchlenstra\\u00dfe\\\/Lindenstra\\u00dfe\\\/Lindenplatz, Anschluss des alten Kaufhauses Lindenstra\\u00dfe 2\\u20134 an die Fernw\\u00e4rme.<\\\/p>\\n\n\n<p><strong>Investitionsvolumen 2025:<\\\/strong> ca. 0,5\\u2009Mio.\\u2009\\u20ac<\\\/p>\",\"content_column_breakpoint\":\"m\",\"icon_width\":80,\"image_align\":\"top\",\"image_grid_breakpoint\":\"m\",\"image_grid_width\":\"1-2\",\"image_svg_color\":\"emphasis\",\"link_style\":\"default\",\"link_text\":\"Read more\",\"margin\":\"default\",\"meta_align\":\"below-title\",\"meta_element\":\"div\",\"meta_style\":\"text-meta\",\"panel_padding\":\"default\",\"panel_style\":\"card-default\",\"title\":\"Bereich Fernw\\u00e4rme\",\"title_align\":\"top\",\"title_element\":\"h3\",\"title_grid_breakpoint\":\"m\",\"title_grid_width\":\"1-2\",\"title_hover_style\":\"reset\"}}]}],\"props\":{\"divider\":true,\"layout\":\"1-2,1-2\"}},{\"type\":\"row\",\"children\":[{\"type\":\"column\",\"props\":{\"image_position\":\"center-center\",\"position_sticky_breakpoint\":\"m\"},\"children\":[{\"type\":\"html\",\"props\":{\"content\":\"\n\n<div class=\\\"uk-panel uk-card-secondary uk-padding\\\">\\n\n\n<div class=\\\"uk-grid uk-grid-large uk-child-width-expand@s uk-flex-middle\\\" uk-grid>\\n    \\n    <!-- Left Column: Image + Caption -->\\n    <\/p>\n<div>\\n      <\/p>\n<figure class=\\\"uk-margin-remove\\\">\\n        <img src=\\\"\\\/wp-content\\\/uploads\\\/sites\\\/2\\\/2025\\\/05\\\/103_Bild_5_MG_7066-scaled.jpg\\\" alt=\\\"Bildbeschreibung\\\" class=\\\"uk-border-rounded\\\">\\n<figcaption class=\\\"uk-margin-small-top\\\">\\n          <em>Thomas Winkler, Leiter Region Ost der NBB.<\\\/figcaption>\\n<figcaption class=\\\"uk-text-small uk-margin-small-top\\\">Foto: SPREE-PR\\\/Petsch\\n        <\\\/figcaption><\\\/em>\\n      <\\\/figure>\\n    <\\\/div>\\n\\n    <!-- Right Column: Title + Content -->\\n    <\/p>\n<div>\\n      <\/p>\n<h3 class=\\\"uk-margin-remove-bottom\\\">\\u00dcber die NBB<\\\/h3>\\n      <\/p>\n<p class=\\\"uk-margin-small-top\\\">Die NBB Netzgesellschaft Berlin-Brandenburg mbH &#038; Co. KG wurde 2006 gegr\\u00fcndet. Sie betreibt eines der gr\\u00f6\\u00dften \\u00f6rtlichen Gasverteilnetze in Berlin und Brandenburg sowie Teilen Sachsens und Sachsen-Anhalts und \\u00fcbernimmt damit den Gastransport f\\u00fcr alle H\\u00e4ndler. Daneben geh\\u00f6ren die Wartung und der Ausbau der Leitungsnetzinfrastruktur sowie die Durchf\\u00fchrung und Gew\\u00e4hrleistung des technisch sicheren Betriebes zu ihren Kernaufgaben. Die NBB \\u00fcbernimmt auch die Betriebsf\\u00fchrung weiterer Strom-, Wasser- und Fernw\\u00e4rmenetze f\\u00fcr verschiedene Stadtwerke und Netzbetreiber. Die NBB ist Teil der GASAG-Gruppe und hatte Ende vergangenen Jahres 742 Mitarbeitende. \\n      <\\\/p>\\n    <\\\/div>\\n\\n  <\\\/div>\\n<\\\/div>\\n&#8221;}}]}]},{&#8220;type&#8221;:&#8221;row&#8221;,&#8221;props&#8221;:{&#8220;divider&#8221;:true,&#8221;layout&#8221;:&#8221;1-2,1-2&#8243;},&#8221;children&#8221;:[{&#8220;type&#8221;:&#8221;column&#8221;,&#8221;props&#8221;:{&#8220;image_position&#8221;:&#8221;center-center&#8221;,&#8221;position_sticky_breakpoint&#8221;:&#8221;m&#8221;,&#8221;vertical_align&#8221;:&#8221;middle&#8221;,&#8221;width_medium&#8221;:&#8221;1-2&#8243;},&#8221;children&#8221;:[{&#8220;type&#8221;:&#8221;panel&#8221;,&#8221;props&#8221;:{&#8220;content&#8221;:&#8221;<\/p>\n<p>Telefon: +49 3562 69756 104<br \\\/>Entst\\u00f6rungsdienst (24h): +49 3562 7190<br \\\/>E-Mail: <a href=\\\"mailto:regionalcenter-forst@nbb-netzgesellschaft.de\\\">regionalcenter-forst@nbb-netzgesellschaft.de<\\\/a><\\\/p>&#8220;,&#8221;content_column_breakpoint&#8221;:&#8221;m&#8221;,&#8221;icon_width&#8221;:80,&#8221;image_align&#8221;:&#8221;top&#8221;,&#8221;image_grid_breakpoint&#8221;:&#8221;m&#8221;,&#8221;image_grid_width&#8221;:&#8221;1-2&#8243;,&#8221;image_svg_color&#8221;:&#8221;emphasis&#8221;,&#8221;link_style&#8221;:&#8221;default&#8221;,&#8221;link_text&#8221;:&#8221;Read more&#8221;,&#8221;margin&#8221;:&#8221;default&#8221;,&#8221;meta_align&#8221;:&#8221;below-title&#8221;,&#8221;meta_element&#8221;:&#8221;div&#8221;,&#8221;meta_style&#8221;:&#8221;text-meta&#8221;,&#8221;panel_padding&#8221;:&#8221;default&#8221;,&#8221;panel_style&#8221;:&#8221;card-default&#8221;,&#8221;title&#8221;:&#8221;Kontakt: &#8220;,&#8221;title_align&#8221;:&#8221;top&#8221;,&#8221;title_element&#8221;:&#8221;h3&#8243;,&#8221;title_grid_breakpoint&#8221;:&#8221;m&#8221;,&#8221;title_grid_width&#8221;:&#8221;1-2&#8243;,&#8221;title_hover_style&#8221;:&#8221;reset&#8221;}}]},{&#8220;type&#8221;:&#8221;column&#8221;,&#8221;props&#8221;:{&#8220;image_position&#8221;:&#8221;center-center&#8221;,&#8221;position_sticky_breakpoint&#8221;:&#8221;m&#8221;,&#8221;width_medium&#8221;:&#8221;1-2&#8243;},&#8221;children&#8221;:[{&#8220;type&#8221;:&#8221;image&#8221;,&#8221;props&#8221;:{&#8220;image&#8221;:&#8221;wp-content\\\/uploads\\\/sites\\\/2\\\/2025\\\/05\\\/103_Bild_6_MG_7062-scaled.jpg&#8221;,&#8221;image_svg_color&#8221;:&#8221;emphasis&#8221;,&#8221;margin&#8221;:&#8221;default&#8221;}},{&#8220;type&#8221;:&#8221;text&#8221;,&#8221;props&#8221;:{&#8220;column_breakpoint&#8221;:&#8221;m&#8221;,&#8221;content&#8221;:&#8221;<\/p>\n<p><em><small>Foto: SPREE-PR\\\/Petsch <br \\\/><\\\/small><\\\/em><\\\/p>&#8220;,&#8221;margin&#8221;:&#8221;default&#8221;}}]}]}],&#8221;name&#8221;:&#8221;x &#8211; Solarparks&#8221;}],&#8221;version&#8221;:&#8221;4.4.1&#8243;} &#8211;><\/p>\n","protected":false},"excerpt":{"rendered":"<p>Die Mitarbeitenden der NBB des Standortes Forst (Lausitz) stehen f\u00fcr eine sichere und verl\u00e4ssliche Versorgung unserer Anschlussnehmer und -nutzer mit Strom, Gas, Wasser und Fernw\u00e4rme. Foto: SPREE-PR\/Petsch Partner der Stadtwerke Forst: NBB Netzgesellschaft Berlin Brandenburg Wir bleiben am Netz Egal ob Strom, Wasser, Erdgas oder Fernw\u00e4rme \u2013 ohne uns flie\u00dft nichts. F\u00fcr die Stadtwerke Forst [&hellip;]<\/p>\n","protected":false},"author":1,"featured_media":0,"comment_status":"open","ping_status":"open","sticky":false,"template":"","format":"standard","meta":{"footnotes":""},"categories":[1],"tags":[],"class_list":["post-452","post","type-post","status-publish","format-standard","hentry","category-uncategorized"],"yoast_head":"<!-- This site is optimized with the Yoast SEO plugin v26.9 - https:\/\/yoast.com\/product\/yoast-seo-wordpress\/ -->\n<title>Wir bleiben am Netz - Forst<\/title>\n<meta name=\"description\" content=\"Die Mitarbeitenden der NBB des Standortes Forst (Lausitz) stehen f\u00fcr eine sichere und verl\u00e4ssliche Versorgung unserer Anschlussnehmer und-nutzer mit Strom, Gas, Wasser und Fernw\u00e4rme.\" \/>\n<meta name=\"robots\" content=\"index, follow, max-snippet:-1, max-image-preview:large, max-video-preview:-1\" \/>\n<link rel=\"canonical\" href=\"https:\/\/stadtwerkezeitung.info\/forst\/wir-bleiben-am-netz\/\" \/>\n<meta property=\"og:locale\" content=\"en_US\" \/>\n<meta property=\"og:type\" content=\"article\" \/>\n<meta property=\"og:title\" content=\"Wir bleiben am Netz - Forst\" \/>\n<meta property=\"og:description\" content=\"Die Mitarbeitenden der NBB des Standortes Forst (Lausitz) stehen f\u00fcr eine sichere und verl\u00e4ssliche Versorgung unserer Anschlussnehmer und-nutzer mit Strom, Gas, Wasser und Fernw\u00e4rme.\" \/>\n<meta property=\"og:url\" content=\"https:\/\/stadtwerkezeitung.info\/forst\/wir-bleiben-am-netz\/\" \/>\n<meta property=\"og:site_name\" content=\"Forst\" \/>\n<meta property=\"article:published_time\" content=\"2025-05-23T08:27:52+00:00\" \/>\n<meta property=\"article:modified_time\" content=\"2025-05-23T08:48:53+00:00\" \/>\n<meta name=\"author\" content=\"admin\" \/>\n<meta name=\"twitter:card\" content=\"summary_large_image\" \/>\n<meta name=\"twitter:label1\" content=\"Written by\" \/>\n\t<meta name=\"twitter:data1\" content=\"admin\" \/>\n\t<meta name=\"twitter:label2\" content=\"Est. reading time\" \/>\n\t<meta name=\"twitter:data2\" content=\"2 minutes\" \/>\n<script type=\"application\/ld+json\" class=\"yoast-schema-graph\">{\"@context\":\"https:\/\/schema.org\",\"@graph\":[{\"@type\":\"Article\",\"@id\":\"https:\/\/stadtwerkezeitung.info\/forst\/wir-bleiben-am-netz\/#article\",\"isPartOf\":{\"@id\":\"https:\/\/stadtwerkezeitung.info\/forst\/wir-bleiben-am-netz\/\"},\"author\":{\"name\":\"admin\",\"@id\":\"https:\/\/stadtwerkezeitung.info\/forst\/#\/schema\/person\/acd409dca37d4bb8bf3a1284da7f1ee0\"},\"headline\":\"Wir bleiben am Netz\",\"datePublished\":\"2025-05-23T08:27:52+00:00\",\"dateModified\":\"2025-05-23T08:48:53+00:00\",\"mainEntityOfPage\":{\"@id\":\"https:\/\/stadtwerkezeitung.info\/forst\/wir-bleiben-am-netz\/\"},\"wordCount\":910,\"commentCount\":0,\"inLanguage\":\"en-US\",\"potentialAction\":[{\"@type\":\"CommentAction\",\"name\":\"Comment\",\"target\":[\"https:\/\/stadtwerkezeitung.info\/forst\/wir-bleiben-am-netz\/#respond\"]}]},{\"@type\":\"WebPage\",\"@id\":\"https:\/\/stadtwerkezeitung.info\/forst\/wir-bleiben-am-netz\/\",\"url\":\"https:\/\/stadtwerkezeitung.info\/forst\/wir-bleiben-am-netz\/\",\"name\":\"Wir bleiben am Netz - Forst\",\"isPartOf\":{\"@id\":\"https:\/\/stadtwerkezeitung.info\/forst\/#website\"},\"datePublished\":\"2025-05-23T08:27:52+00:00\",\"dateModified\":\"2025-05-23T08:48:53+00:00\",\"author\":{\"@id\":\"https:\/\/stadtwerkezeitung.info\/forst\/#\/schema\/person\/acd409dca37d4bb8bf3a1284da7f1ee0\"},\"description\":\"Die Mitarbeitenden der NBB des Standortes Forst (Lausitz) stehen f\u00fcr eine sichere und verl\u00e4ssliche Versorgung unserer Anschlussnehmer und-nutzer mit Strom, Gas, Wasser und Fernw\u00e4rme.\",\"breadcrumb\":{\"@id\":\"https:\/\/stadtwerkezeitung.info\/forst\/wir-bleiben-am-netz\/#breadcrumb\"},\"inLanguage\":\"en-US\",\"potentialAction\":[{\"@type\":\"ReadAction\",\"target\":[\"https:\/\/stadtwerkezeitung.info\/forst\/wir-bleiben-am-netz\/\"]}]},{\"@type\":\"BreadcrumbList\",\"@id\":\"https:\/\/stadtwerkezeitung.info\/forst\/wir-bleiben-am-netz\/#breadcrumb\",\"itemListElement\":[{\"@type\":\"ListItem\",\"position\":1,\"name\":\"Home\",\"item\":\"https:\/\/stadtwerkezeitung.info\/forst\/\"},{\"@type\":\"ListItem\",\"position\":2,\"name\":\"Wir bleiben am Netz\"}]},{\"@type\":\"WebSite\",\"@id\":\"https:\/\/stadtwerkezeitung.info\/forst\/#website\",\"url\":\"https:\/\/stadtwerkezeitung.info\/forst\/\",\"name\":\"Forst\",\"description\":\"\",\"inLanguage\":\"en-US\"},{\"@type\":\"Person\",\"@id\":\"https:\/\/stadtwerkezeitung.info\/forst\/#\/schema\/person\/acd409dca37d4bb8bf3a1284da7f1ee0\",\"name\":\"admin\",\"image\":{\"@type\":\"ImageObject\",\"inLanguage\":\"en-US\",\"@id\":\"https:\/\/stadtwerkezeitung.info\/forst\/#\/schema\/person\/image\/\",\"url\":\"https:\/\/secure.gravatar.com\/avatar\/52dc0b3340c8087a51f52eaa20dc62cd4a6fe41f5bd886140989db7b572c00cd?s=96&d=mm&r=g\",\"contentUrl\":\"https:\/\/secure.gravatar.com\/avatar\/52dc0b3340c8087a51f52eaa20dc62cd4a6fe41f5bd886140989db7b572c00cd?s=96&d=mm&r=g\",\"caption\":\"admin\"},\"sameAs\":[\"https:\/\/stadtwerkezeitung.info\"]}]}<\/script>\n<!-- \/ Yoast SEO plugin. -->","yoast_head_json":{"title":"Wir bleiben am Netz - Forst","description":"Die Mitarbeitenden der NBB des Standortes Forst (Lausitz) stehen f\u00fcr eine sichere und verl\u00e4ssliche Versorgung unserer Anschlussnehmer und-nutzer mit Strom, Gas, Wasser und Fernw\u00e4rme.","robots":{"index":"index","follow":"follow","max-snippet":"max-snippet:-1","max-image-preview":"max-image-preview:large","max-video-preview":"max-video-preview:-1"},"canonical":"https:\/\/stadtwerkezeitung.info\/forst\/wir-bleiben-am-netz\/","og_locale":"en_US","og_type":"article","og_title":"Wir bleiben am Netz - Forst","og_description":"Die Mitarbeitenden der NBB des Standortes Forst (Lausitz) stehen f\u00fcr eine sichere und verl\u00e4ssliche Versorgung unserer Anschlussnehmer und-nutzer mit Strom, Gas, Wasser und Fernw\u00e4rme.","og_url":"https:\/\/stadtwerkezeitung.info\/forst\/wir-bleiben-am-netz\/","og_site_name":"Forst","article_published_time":"2025-05-23T08:27:52+00:00","article_modified_time":"2025-05-23T08:48:53+00:00","author":"admin","twitter_card":"summary_large_image","twitter_misc":{"Written by":"admin","Est. reading time":"2 minutes"},"schema":{"@context":"https:\/\/schema.org","@graph":[{"@type":"Article","@id":"https:\/\/stadtwerkezeitung.info\/forst\/wir-bleiben-am-netz\/#article","isPartOf":{"@id":"https:\/\/stadtwerkezeitung.info\/forst\/wir-bleiben-am-netz\/"},"author":{"name":"admin","@id":"https:\/\/stadtwerkezeitung.info\/forst\/#\/schema\/person\/acd409dca37d4bb8bf3a1284da7f1ee0"},"headline":"Wir bleiben am Netz","datePublished":"2025-05-23T08:27:52+00:00","dateModified":"2025-05-23T08:48:53+00:00","mainEntityOfPage":{"@id":"https:\/\/stadtwerkezeitung.info\/forst\/wir-bleiben-am-netz\/"},"wordCount":910,"commentCount":0,"inLanguage":"en-US","potentialAction":[{"@type":"CommentAction","name":"Comment","target":["https:\/\/stadtwerkezeitung.info\/forst\/wir-bleiben-am-netz\/#respond"]}]},{"@type":"WebPage","@id":"https:\/\/stadtwerkezeitung.info\/forst\/wir-bleiben-am-netz\/","url":"https:\/\/stadtwerkezeitung.info\/forst\/wir-bleiben-am-netz\/","name":"Wir bleiben am Netz - Forst","isPartOf":{"@id":"https:\/\/stadtwerkezeitung.info\/forst\/#website"},"datePublished":"2025-05-23T08:27:52+00:00","dateModified":"2025-05-23T08:48:53+00:00","author":{"@id":"https:\/\/stadtwerkezeitung.info\/forst\/#\/schema\/person\/acd409dca37d4bb8bf3a1284da7f1ee0"},"description":"Die Mitarbeitenden der NBB des Standortes Forst (Lausitz) stehen f\u00fcr eine sichere und verl\u00e4ssliche Versorgung unserer Anschlussnehmer und-nutzer mit Strom, Gas, Wasser und Fernw\u00e4rme.","breadcrumb":{"@id":"https:\/\/stadtwerkezeitung.info\/forst\/wir-bleiben-am-netz\/#breadcrumb"},"inLanguage":"en-US","potentialAction":[{"@type":"ReadAction","target":["https:\/\/stadtwerkezeitung.info\/forst\/wir-bleiben-am-netz\/"]}]},{"@type":"BreadcrumbList","@id":"https:\/\/stadtwerkezeitung.info\/forst\/wir-bleiben-am-netz\/#breadcrumb","itemListElement":[{"@type":"ListItem","position":1,"name":"Home","item":"https:\/\/stadtwerkezeitung.info\/forst\/"},{"@type":"ListItem","position":2,"name":"Wir bleiben am Netz"}]},{"@type":"WebSite","@id":"https:\/\/stadtwerkezeitung.info\/forst\/#website","url":"https:\/\/stadtwerkezeitung.info\/forst\/","name":"Forst","description":"","inLanguage":"en-US"},{"@type":"Person","@id":"https:\/\/stadtwerkezeitung.info\/forst\/#\/schema\/person\/acd409dca37d4bb8bf3a1284da7f1ee0","name":"admin","image":{"@type":"ImageObject","inLanguage":"en-US","@id":"https:\/\/stadtwerkezeitung.info\/forst\/#\/schema\/person\/image\/","url":"https:\/\/secure.gravatar.com\/avatar\/52dc0b3340c8087a51f52eaa20dc62cd4a6fe41f5bd886140989db7b572c00cd?s=96&d=mm&r=g","contentUrl":"https:\/\/secure.gravatar.com\/avatar\/52dc0b3340c8087a51f52eaa20dc62cd4a6fe41f5bd886140989db7b572c00cd?s=96&d=mm&r=g","caption":"admin"},"sameAs":["https:\/\/stadtwerkezeitung.info"]}]}},"_links":{"self":[{"href":"https:\/\/stadtwerkezeitung.info\/forst\/wp-json\/wp\/v2\/posts\/452","targetHints":{"allow":["GET"]}}],"collection":[{"href":"https:\/\/stadtwerkezeitung.info\/forst\/wp-json\/wp\/v2\/posts"}],"about":[{"href":"https:\/\/stadtwerkezeitung.info\/forst\/wp-json\/wp\/v2\/types\/post"}],"author":[{"embeddable":true,"href":"https:\/\/stadtwerkezeitung.info\/forst\/wp-json\/wp\/v2\/users\/1"}],"replies":[{"embeddable":true,"href":"https:\/\/stadtwerkezeitung.info\/forst\/wp-json\/wp\/v2\/comments?post=452"}],"version-history":[{"count":10,"href":"https:\/\/stadtwerkezeitung.info\/forst\/wp-json\/wp\/v2\/posts\/452\/revisions"}],"predecessor-version":[{"id":468,"href":"https:\/\/stadtwerkezeitung.info\/forst\/wp-json\/wp\/v2\/posts\/452\/revisions\/468"}],"wp:attachment":[{"href":"https:\/\/stadtwerkezeitung.info\/forst\/wp-json\/wp\/v2\/media?parent=452"}],"wp:term":[{"taxonomy":"category","embeddable":true,"href":"https:\/\/stadtwerkezeitung.info\/forst\/wp-json\/wp\/v2\/categories?post=452"},{"taxonomy":"post_tag","embeddable":true,"href":"https:\/\/stadtwerkezeitung.info\/forst\/wp-json\/wp\/v2\/tags?post=452"}],"curies":[{"name":"wp","href":"https:\/\/api.w.org\/{rel}","templated":true}]}}