{"id":475,"date":"2025-05-23T08:59:32","date_gmt":"2025-05-23T08:59:32","guid":{"rendered":"https:\/\/stadtwerkezeitung.info\/forst\/?p=475"},"modified":"2025-05-23T09:10:46","modified_gmt":"2025-05-23T09:10:46","slug":"hommage-an-unsere-lausitz","status":"publish","type":"post","link":"https:\/\/stadtwerkezeitung.info\/forst\/hommage-an-unsere-lausitz\/","title":{"rendered":"Hommage an unsere Lausitz"},"content":{"rendered":"<p><img decoding=\"async\" src=\"\/forst\/wp-content\/uploads\/sites\/2\/2025\/05\/105_Teaser_SWZ-Forst_1_2025_S_8_Stilwerk-14.jpeg\" alt=\"\"><\/p>\n<div>\n<p><em>Die jungen Tischler: Meister Pascal Lachmann<br \/>\nund Fitness-\u00d6konom Florian Malke (rechts). <\/p>\n<p><small>Foto: Carsten Schmollius <br \/><\/small><\/em><\/p>\n<\/div>\n<h2>Sie tischlern Heimatst\u00fccke<\/h2>\n<h1>Hommage an unsere Lausitz<\/h1>\n<h2>Ein Tisch aus Omas altem Kirschbaum, ein Regal aus der knorrigen Kiefer im Vorgarten, Schneidbretter aus Nachbars Pflaumenbaum \u2013 am Ende eines Baumlebens schenken Kalle und Flori in ihrer Forster Tischlerei Holz ein zweites Leben.   <\/h2>\n<p><img decoding=\"async\" src=\"\/forst\/wp-content\/uploads\/sites\/2\/2025\/05\/105_Bild_2_SWZ-Forst_1_2025_S_8_Stilwerk-1.jpg\" alt=\"\"><\/p>\n<div>\n<p><em>Im Holz des Esstischs sind deutlich die Spuren des Lebens als Nussbaum zu sehen. <\/p>\n<p><small>Foto: Carsten Schmollius <br \/><\/small><\/em><\/p>\n<\/div>\n<div>Jahrzehnte, manchmal sogar Jahrhunderte haben die B\u00e4ume ihren Besitzern Freude bereitet. Sie trugen Fr\u00fcchte, spendeten Schatten, schm\u00fcckten den Garten. Doch am letzten Tag droht ihnen eine d\u00fcstere Zukunft als Brennholz. Genauso ein Scheit entfachte in Pascal Lachmann die Leidenschaft f\u00fcrs Tischlerhandwerk. \u201eIch schnappte mir eine Axt, einen Bohrer, Hammer und N\u00e4gel und baute daraus ein kleines Tischchen\u201c, erz\u00e4hlt er. \u201eNach der Schule begann ich eine Tischlerlehre, verschlang B\u00fccher \u00fcber Holz und seine Verarbeitung.\u201c Er macht den Meister und tr\u00e4umt davon, seine Ideen zu verwirklichen. Ein echter Holzfachmann. Was ihm fehlte? Das Unternehmerwissen. Bis er eines Tages seinen Sandkastenfreund Flori wiedertraf. <\/div>\n<p><img decoding=\"async\" src=\"\/forst\/wp-content\/uploads\/sites\/2\/2025\/05\/105_Bild_3SWZ-Forst_1_2025_S_8_Stilwerk-6-scaled.jpg\" alt=\"\"><\/p>\n<div>\n<p><em>Nicht nur sehr sch\u00f6n, sondern auch lange haltbar: Schneidebretter aus Stirnholz eines Forster Nussbaums.<\/p>\n<p><small>Foto: Carsten Schmollius <br \/><\/small><\/em><\/p>\n<\/div>\n<p><img decoding=\"async\" src=\"\/forst\/wp-content\/uploads\/sites\/2\/2025\/05\/105_Bild_4_SWZ-Forst_1_2025_S_8_Stilwerk-13-scaled.jpg\" alt=\"\"><\/p>\n<div>\n<p><em>Individuelle Messlatte f\u00fcr das Kinderzimmer. <\/p>\n<p><small>Foto: Carsten Schmollius <br \/><\/small><\/em><\/p>\n<\/div>\n<p><img decoding=\"async\" src=\"\/forst\/wp-content\/uploads\/sites\/2\/2025\/05\/105_Bild_5_SWZ-Forst_1_2025_S_8_Stilwerk-4.jpg\" alt=\"\"><\/p>\n<div>\n<p><em>Gl\u00e4nzende Aufarbeitung der alten Kiefer-Dielen. <br \/><small>Foto: Carsten Schmollius <br \/><\/small><\/em><\/p>\n<\/div>\n<div>\n<h4>Ein Hoch auf heimisches Holz<\/h4>\n<p>Florian Malke studiert in Berlin Fitness\u00f6konomie, macht gerade seinen Master im betrieblichen Gesundheitsmanagement. Er liebt Zahlen, Listen, plant und organisiert gerne. \u201eNach vielen Jahren trafen wir uns bei Freunden wieder. Sp\u00e4ter zeigte Kalle mir seine Werkstatt, seine einzigartigen Holzprodukte.\u201c Das ist der Moment, an dem die alte Freundschaft nicht nur auflebt, sondern einen neuen Inhalt bekommt. \u201eWir gr\u00fcndeten am 1. Januar 2025 das ,Stilwerk.Forst\u2018, lassen in unserer Tischlerei heimisches Holz mit spannenden, individuellen Designs hochleben.\u201c<\/p>\n<\/div>\n<div>\n<h4>Ein Hoch auf eine Freundschaft<\/h4>\n<p>Ihr erstes Projekt: Holz sammeln. Winterzeit ist F\u00e4llzeit! \u201eWir kauften uns einen H\u00e4nger, holten an den Wochenenden von morgens bis abends von Bekannten, Freunden und Nachbarn Kirschen, Robinien, Eichen, Eschen, Pflaumen- und Nussb\u00e4ume. Teilweise riesige St\u00e4mme.\u201c Das Fundament der Tischlerei. Unterdessen haben sie schon gro\u00dfe und kleine Auftr\u00e4ge ausgef\u00fchrt, kreierten einen Nischenschrank und urige Esstische, richteten ein Badezimmer ein, verlegten Dielen und Fensterbretter, bauten eine Treppe. \u201eDer Kunde hat eine Idee, ein Projekt. Wir setzen es gemeinsam mit ihm um, mit Liebe zum Detail und h\u00f6chster Pr\u00e4zision.\u201c<\/p>\n<p>Momentane Lieblinge der Kunden sind die exklusiven Schneidebretter aus Hirnholz. \u201eDazu schneiden wir Harth\u00f6lzer wie Ulme, Eiche oder Walnuss in St\u00e4be und leimen sie so zusammen, dass die Jahresringe faszinierende Ornamente bilden\u201c, beschreibt Flori die Besonderheit. \u201eDiese Stirnholzbretter sehen nicht nur wundersch\u00f6n aus, sie schonen auch die Messer und halten sehr lange.\u201c<\/p>\n<\/div>\n<p><img decoding=\"async\" src=\"\/forst\/wp-content\/uploads\/sites\/2\/2025\/05\/105_Bild_6_SWZ-Forst_1_2025_S_8_Stilwerk-6.jpg\" alt=\"\"><\/p>\n<div>\n<p><em>Diese Baumscheibe eines Forster Ahorns wurde mit Epoxidharz bearbeitet.<br \/><small>Foto: Carsten Schmollius <br \/><\/small><\/em><\/p>\n<\/div>\n<div>\n<h4>Ein Hoch auf die Zukunft<\/h4>\n<p>Zwei Forster Jungs mit einer Vision: \u201eWir m\u00f6chten hier, in unserer Region mit unseren Ideen und Produkten etwas bewegen. Viele junge Leute, Kumpels und Freunde von uns, haben seit dem nahenden Kohleausstieg die Zuversicht in eine erfolgreiche Zukunft verloren. Wir wollen zeigen, dass wir trotzdem in unserer Heimat etwas aufbauen k\u00f6nnen.\u201c<\/p>\n<\/div>\n<div>\n<h3>Hier erreichen Sie Stilwerk Forst:<\/h3>\n<p><a href=\"https:\/\/www.stilwerk-forst.de\">www.stilwerk-forst.de<\/a><\/p>\n<\/div>\n<p><!--more--><br \/>\n<!-- {\"type\":\"layout\",\"children\":[{\"type\":\"section\",\"props\":{\"image_position\":\"center-center\",\"padding_remove_top\":true,\"style\":\"default\",\"title_breakpoint\":\"xl\",\"title_position\":\"top-left\",\"title_rotation\":\"left\",\"vertical_align\":\"\",\"width\":\"small\"},\"children\":[{\"type\":\"row\",\"children\":[{\"type\":\"column\",\"props\":{\"image_position\":\"center-center\",\"position_sticky_breakpoint\":\"m\"},\"children\":[{\"type\":\"image\",\"props\":{\"image\":\"wp-content\\\/uploads\\\/sites\\\/2\\\/2025\\\/05\\\/105_Teaser_SWZ-Forst_1_2025_S_8_Stilwerk-14.jpeg\",\"image_svg_color\":\"emphasis\",\"margin\":\"default\"}},{\"type\":\"text\",\"props\":{\"column_breakpoint\":\"m\",\"content\":\"\n\n<p><em>Die jungen Tischler: Meister Pascal Lachmann\\nund Fitness-\\u00d6konom Florian Malke (rechts). \\n\\n<br \\\/><small>Foto: Carsten Schmollius <br \\\/><\\\/small><\\\/em><\\\/p>\",\"margin\":\"default\"}},{\"type\":\"headline\",\"props\":{\"content\":\"Sie tischlern Heimatst\\u00fccke\",\"margin\":\"small\",\"margin_remove_bottom\":false,\"margin_remove_top\":false,\"title_element\":\"h2\",\"title_style\":\"h5\"}},{\"type\":\"headline\",\"props\":{\"content\":\"Hommage an unsere Lausitz\",\"margin\":\"small\",\"margin_remove_bottom\":false,\"margin_remove_top\":false,\"title_element\":\"h1\"}},{\"type\":\"headline\",\"props\":{\"content\":\"Ein Tisch aus Omas altem Kirschbaum, ein Regal aus der knorrigen Kiefer im Vorgarten, Schneidbretter aus Nachbars Pflaumenbaum \\u2013 am Ende eines Baumlebens schenken Kalle und Flori in ihrer Forster Tischlerei Holz ein zweites Leben.   \",\"margin\":\"small\",\"margin_remove_top\":false,\"title_element\":\"h2\",\"title_style\":\"h2\"}}]}]},{\"type\":\"row\",\"children\":[{\"type\":\"column\",\"props\":{\"image_position\":\"center-center\",\"position_sticky_breakpoint\":\"m\",\"vertical_align\":\"middle\",\"width_medium\":\"1-2\"},\"children\":[{\"type\":\"image\",\"props\":{\"image\":\"wp-content\\\/uploads\\\/sites\\\/2\\\/2025\\\/05\\\/105_Bild_2_SWZ-Forst_1_2025_S_8_Stilwerk-1.jpg\",\"image_svg_color\":\"emphasis\",\"margin\":\"default\"}},{\"type\":\"text\",\"props\":{\"column_breakpoint\":\"m\",\"content\":\"\n\n<p><em>Im Holz des Esstischs sind deutlich die Spuren des Lebens als Nussbaum zu sehen. \\n\\n\\n<br \\\/><small>Foto: Carsten Schmollius <br \\\/><\\\/small><\\\/em><\\\/p>\",\"margin\":\"default\"}}]},{\"type\":\"column\",\"props\":{\"image_position\":\"center-center\",\"position_sticky_breakpoint\":\"m\",\"width_medium\":\"1-2\"},\"children\":[{\"type\":\"text\",\"props\":{\"column_breakpoint\":\"m\",\"content\":\"Jahrzehnte, manchmal sogar Jahrhunderte haben die B\\u00e4ume ihren Besitzern Freude bereitet. Sie trugen Fr\\u00fcchte, spendeten Schatten, schm\\u00fcckten den Garten. Doch am letzten Tag droht ihnen eine d\\u00fcstere Zukunft als Brennholz. Genauso ein Scheit entfachte in Pascal Lachmann die Leidenschaft f\\u00fcrs Tischlerhandwerk. \\u201eIch schnappte mir eine Axt, einen Bohrer, Hammer und N\\u00e4gel und baute daraus ein kleines Tischchen\\u201c, erz\\u00e4hlt er. \\u201eNach der Schule begann ich eine Tischlerlehre, verschlang B\\u00fccher \\u00fcber Holz und seine Verarbeitung.\\u201c Er macht den Meister und tr\\u00e4umt davon, seine Ideen zu verwirklichen. Ein echter Holzfachmann. Was ihm fehlte? Das Unternehmerwissen. Bis er eines Tages seinen Sandkastenfreund Flori wiedertraf. \",\"margin\":\"default\"}},{\"type\":\"image\",\"props\":{\"image\":\"wp-content\\\/uploads\\\/sites\\\/2\\\/2025\\\/05\\\/105_Bild_3SWZ-Forst_1_2025_S_8_Stilwerk-6-scaled.jpg\",\"image_svg_color\":\"emphasis\",\"margin\":\"default\"}},{\"type\":\"text\",\"props\":{\"column_breakpoint\":\"m\",\"content\":\"\n\n<p><em>Nicht nur sehr sch\\u00f6n, sondern auch lange haltbar: Schneidebretter aus Stirnholz eines Forster Nussbaums.\\n\\n\\n<br \\\/><small>Foto: Carsten Schmollius <br \\\/><\\\/small><\\\/em><\\\/p>\",\"margin\":\"default\"}}]}],\"props\":{\"divider\":true,\"layout\":\"1-2,1-2\"}},{\"type\":\"row\",\"children\":[{\"type\":\"column\",\"props\":{\"image_position\":\"center-center\",\"position_sticky_breakpoint\":\"m\",\"width_medium\":\"1-2\"},\"children\":[{\"type\":\"image\",\"props\":{\"image\":\"wp-content\\\/uploads\\\/sites\\\/2\\\/2025\\\/05\\\/105_Bild_4_SWZ-Forst_1_2025_S_8_Stilwerk-13-scaled.jpg\",\"image_svg_color\":\"emphasis\",\"margin\":\"default\"}},{\"type\":\"text\",\"props\":{\"column_breakpoint\":\"m\",\"content\":\"\n\n<p><em>Individuelle Messlatte f\\u00fcr das Kinderzimmer. \\n\\n<br \\\/><small>Foto: Carsten Schmollius <br \\\/><\\\/small><\\\/em><\\\/p>\",\"margin\":\"default\"}},{\"type\":\"image\",\"props\":{\"image\":\"wp-content\\\/uploads\\\/sites\\\/2\\\/2025\\\/05\\\/105_Bild_5_SWZ-Forst_1_2025_S_8_Stilwerk-4.jpg\",\"image_svg_color\":\"emphasis\",\"margin\":\"default\"}},{\"type\":\"text\",\"props\":{\"column_breakpoint\":\"m\",\"content\":\"\n\n<p><em>Gl\\u00e4nzende Aufarbeitung der alten Kiefer-Dielen. <br \\\/><small>Foto: Carsten Schmollius <br \\\/><\\\/small><\\\/em><\\\/p>\",\"margin\":\"default\"}}]},{\"type\":\"column\",\"props\":{\"image_position\":\"center-center\",\"position_sticky_breakpoint\":\"m\",\"width_medium\":\"1-2\"},\"children\":[{\"type\":\"text\",\"props\":{\"column_breakpoint\":\"m\",\"content\":\"\n\n<h4>Ein Hoch auf heimisches Holz<\\\/h4>\\n\n\n<p>Florian Malke studiert in Berlin Fitness\\u00f6konomie, macht gerade seinen Master im betrieblichen Gesundheitsmanagement. Er liebt Zahlen, Listen, plant und organisiert gerne. \\u201eNach vielen Jahren trafen wir uns bei Freunden wieder. Sp\\u00e4ter zeigte Kalle mir seine Werkstatt, seine einzigartigen Holzprodukte.\\u201c Das ist der Moment, an dem die alte Freundschaft nicht nur auflebt, sondern einen neuen Inhalt bekommt. \\u201eWir gr\\u00fcndeten am 1. Januar 2025 das ,Stilwerk.Forst\\u2018, lassen in unserer Tischlerei heimisches Holz mit spannenden, individuellen Designs hochleben.\\u201c<\\\/p>\",\"margin\":\"default\"}},{\"type\":\"text\",\"props\":{\"column_breakpoint\":\"m\",\"content\":\"\n\n<h4>Ein Hoch auf eine Freundschaft<\\\/h4>\\n\n\n<p>Ihr erstes Projekt: Holz sammeln. Winterzeit ist F\\u00e4llzeit! \\u201eWir kauften uns einen H\\u00e4nger, holten an den Wochenenden von morgens bis abends von Bekannten, Freunden und Nachbarn Kirschen, Robinien, Eichen, Eschen, Pflaumen- und Nussb\\u00e4ume. Teilweise riesige St\\u00e4mme.\\u201c Das Fundament der Tischlerei. Unterdessen haben sie schon gro\\u00dfe und kleine Auftr\\u00e4ge ausgef\\u00fchrt, kreierten einen Nischenschrank und urige Esstische, richteten ein Badezimmer ein, verlegten Dielen und Fensterbretter, bauten eine Treppe. \\u201eDer Kunde hat eine Idee, ein Projekt. Wir setzen es gemeinsam mit ihm um, mit Liebe zum Detail und h\\u00f6chster Pr\\u00e4zision.\\u201c<\\\/p>\\n\n\n<p>Momentane Lieblinge der Kunden sind die exklusiven Schneidebretter aus Hirnholz. \\u201eDazu schneiden wir Harth\\u00f6lzer wie Ulme, Eiche oder Walnuss in St\\u00e4be und leimen sie so zusammen, dass die Jahresringe faszinierende Ornamente bilden\\u201c, beschreibt Flori die Besonderheit. \\u201eDiese Stirnholzbretter sehen nicht nur wundersch\\u00f6n aus, sie schonen auch die Messer und halten sehr lange.\\u201c<\\\/p>\",\"margin\":\"default\"}},{\"type\":\"image\",\"props\":{\"image\":\"wp-content\\\/uploads\\\/sites\\\/2\\\/2025\\\/05\\\/105_Bild_6_SWZ-Forst_1_2025_S_8_Stilwerk-6.jpg\",\"image_svg_color\":\"emphasis\",\"margin\":\"default\"}},{\"type\":\"text\",\"props\":{\"column_breakpoint\":\"m\",\"content\":\"\n\n<p><em>Diese Baumscheibe eines Forster Ahorns wurde mit Epoxidharz bearbeitet.<br \\\/><small>Foto: Carsten Schmollius <br \\\/><\\\/small><\\\/em><\\\/p>\",\"margin\":\"default\"}}]}],\"props\":{\"divider\":true,\"layout\":\"1-2,1-2\"}},{\"type\":\"row\",\"children\":[{\"type\":\"column\",\"props\":{\"image_position\":\"center-center\",\"position_sticky_breakpoint\":\"m\"},\"children\":[{\"type\":\"text\",\"props\":{\"column_breakpoint\":\"m\",\"content\":\"\n\n<h4>Ein Hoch auf die Zukunft<\\\/h4>\\n\n\n<p>Zwei Forster Jungs mit einer Vision: \\u201eWir m\\u00f6chten hier, in unserer Region mit unseren Ideen und Produkten etwas bewegen. Viele junge Leute, Kumpels und Freunde von uns, haben seit dem nahenden Kohleausstieg die Zuversicht in eine erfolgreiche Zukunft verloren. Wir wollen zeigen, dass wir trotzdem in unserer Heimat etwas aufbauen k\\u00f6nnen.\\u201c<\\\/p>\",\"margin\":\"default\"}},{\"type\":\"panel\",\"props\":{\"content_column_breakpoint\":\"m\",\"icon\":\"link-external\",\"icon_width\":\"80\",\"image_align\":\"left\",\"image_grid_breakpoint\":\"m\",\"image_grid_column_gap\":\"small\",\"image_grid_width\":\"small\",\"image_svg_color\":\"emphasis\",\"image_vertical_align\":true,\"link\":\"https:\\\/\\\/www.stilwerk-forst.de\",\"link_fullwidth\":true,\"link_style\":\"default\",\"link_target\":true,\"link_text\":\"www.stilwerk-forst.de\",\"margin\":\"default\",\"meta_align\":\"below-title\",\"meta_element\":\"div\",\"meta_style\":\"text-meta\",\"panel_padding\":\"default\",\"panel_style\":\"card-secondary\",\"title\":\"Hier erreichen Sie Stilwerk Forst:\",\"title_align\":\"top\",\"title_element\":\"h3\",\"title_grid_breakpoint\":\"m\",\"title_grid_width\":\"1-2\",\"title_hover_style\":\"reset\"}}]}]}],\"name\":\"x - Solarparks\"}],\"version\":\"4.4.1\"} --><\/p>\n","protected":false},"excerpt":{"rendered":"<p>Die jungen Tischler: Meister Pascal Lachmann und Fitness-\u00d6konom Florian Malke (rechts). Foto: Carsten Schmollius Sie tischlern Heimatst\u00fccke Hommage an unsere Lausitz Ein Tisch aus Omas altem Kirschbaum, ein Regal aus der knorrigen Kiefer im Vorgarten, Schneidbretter aus Nachbars Pflaumenbaum \u2013 am Ende eines Baumlebens schenken Kalle und Flori in ihrer Forster Tischlerei Holz ein zweites [&hellip;]<\/p>\n","protected":false},"author":1,"featured_media":0,"comment_status":"open","ping_status":"open","sticky":false,"template":"","format":"standard","meta":{"footnotes":""},"categories":[1],"tags":[],"class_list":["post-475","post","type-post","status-publish","format-standard","hentry","category-uncategorized"],"yoast_head":"<!-- This site is optimized with the Yoast SEO plugin v26.9 - https:\/\/yoast.com\/product\/yoast-seo-wordpress\/ -->\n<title>Hommage an unsere Lausitz - Forst<\/title>\n<meta name=\"description\" content=\"Ein Tisch aus Omas altem Kirschbaum, ein Regal aus der knorrigen Kiefer im Vorgarten, Schneidbretter aus Nachbars Pflaumenbaum \u2013 am Ende eines Baumlebens schenken Kalle und Flori in ihrer Forster Tischlerei Holz ein zweites Leben.\" \/>\n<meta name=\"robots\" content=\"index, follow, max-snippet:-1, max-image-preview:large, max-video-preview:-1\" \/>\n<link rel=\"canonical\" href=\"https:\/\/stadtwerkezeitung.info\/forst\/hommage-an-unsere-lausitz\/\" \/>\n<meta property=\"og:locale\" content=\"en_US\" \/>\n<meta property=\"og:type\" content=\"article\" \/>\n<meta property=\"og:title\" content=\"Hommage an unsere Lausitz - Forst\" \/>\n<meta property=\"og:description\" content=\"Ein Tisch aus Omas altem Kirschbaum, ein Regal aus der knorrigen Kiefer im Vorgarten, Schneidbretter aus Nachbars Pflaumenbaum \u2013 am Ende eines Baumlebens schenken Kalle und Flori in ihrer Forster Tischlerei Holz ein zweites Leben.\" \/>\n<meta property=\"og:url\" content=\"https:\/\/stadtwerkezeitung.info\/forst\/hommage-an-unsere-lausitz\/\" \/>\n<meta property=\"og:site_name\" content=\"Forst\" \/>\n<meta property=\"article:published_time\" content=\"2025-05-23T08:59:32+00:00\" \/>\n<meta property=\"article:modified_time\" content=\"2025-05-23T09:10:46+00:00\" \/>\n<meta name=\"author\" content=\"admin\" \/>\n<meta name=\"twitter:card\" content=\"summary_large_image\" \/>\n<meta name=\"twitter:label1\" content=\"Written by\" \/>\n\t<meta name=\"twitter:data1\" content=\"admin\" \/>\n\t<meta name=\"twitter:label2\" content=\"Est. reading time\" \/>\n\t<meta name=\"twitter:data2\" content=\"1 minute\" \/>\n<script type=\"application\/ld+json\" class=\"yoast-schema-graph\">{\"@context\":\"https:\/\/schema.org\",\"@graph\":[{\"@type\":\"Article\",\"@id\":\"https:\/\/stadtwerkezeitung.info\/forst\/hommage-an-unsere-lausitz\/#article\",\"isPartOf\":{\"@id\":\"https:\/\/stadtwerkezeitung.info\/forst\/hommage-an-unsere-lausitz\/\"},\"author\":{\"name\":\"admin\",\"@id\":\"https:\/\/stadtwerkezeitung.info\/forst\/#\/schema\/person\/acd409dca37d4bb8bf3a1284da7f1ee0\"},\"headline\":\"Hommage an unsere Lausitz\",\"datePublished\":\"2025-05-23T08:59:32+00:00\",\"dateModified\":\"2025-05-23T09:10:46+00:00\",\"mainEntityOfPage\":{\"@id\":\"https:\/\/stadtwerkezeitung.info\/forst\/hommage-an-unsere-lausitz\/\"},\"wordCount\":539,\"commentCount\":0,\"inLanguage\":\"en-US\",\"potentialAction\":[{\"@type\":\"CommentAction\",\"name\":\"Comment\",\"target\":[\"https:\/\/stadtwerkezeitung.info\/forst\/hommage-an-unsere-lausitz\/#respond\"]}]},{\"@type\":\"WebPage\",\"@id\":\"https:\/\/stadtwerkezeitung.info\/forst\/hommage-an-unsere-lausitz\/\",\"url\":\"https:\/\/stadtwerkezeitung.info\/forst\/hommage-an-unsere-lausitz\/\",\"name\":\"Hommage an unsere Lausitz - Forst\",\"isPartOf\":{\"@id\":\"https:\/\/stadtwerkezeitung.info\/forst\/#website\"},\"datePublished\":\"2025-05-23T08:59:32+00:00\",\"dateModified\":\"2025-05-23T09:10:46+00:00\",\"author\":{\"@id\":\"https:\/\/stadtwerkezeitung.info\/forst\/#\/schema\/person\/acd409dca37d4bb8bf3a1284da7f1ee0\"},\"description\":\"Ein Tisch aus Omas altem Kirschbaum, ein Regal aus der knorrigen Kiefer im Vorgarten, Schneidbretter aus Nachbars Pflaumenbaum \u2013 am Ende eines Baumlebens schenken Kalle und Flori in ihrer Forster Tischlerei Holz ein zweites Leben.\",\"breadcrumb\":{\"@id\":\"https:\/\/stadtwerkezeitung.info\/forst\/hommage-an-unsere-lausitz\/#breadcrumb\"},\"inLanguage\":\"en-US\",\"potentialAction\":[{\"@type\":\"ReadAction\",\"target\":[\"https:\/\/stadtwerkezeitung.info\/forst\/hommage-an-unsere-lausitz\/\"]}]},{\"@type\":\"BreadcrumbList\",\"@id\":\"https:\/\/stadtwerkezeitung.info\/forst\/hommage-an-unsere-lausitz\/#breadcrumb\",\"itemListElement\":[{\"@type\":\"ListItem\",\"position\":1,\"name\":\"Home\",\"item\":\"https:\/\/stadtwerkezeitung.info\/forst\/\"},{\"@type\":\"ListItem\",\"position\":2,\"name\":\"Hommage an unsere Lausitz\"}]},{\"@type\":\"WebSite\",\"@id\":\"https:\/\/stadtwerkezeitung.info\/forst\/#website\",\"url\":\"https:\/\/stadtwerkezeitung.info\/forst\/\",\"name\":\"Forst\",\"description\":\"\",\"inLanguage\":\"en-US\"},{\"@type\":\"Person\",\"@id\":\"https:\/\/stadtwerkezeitung.info\/forst\/#\/schema\/person\/acd409dca37d4bb8bf3a1284da7f1ee0\",\"name\":\"admin\",\"image\":{\"@type\":\"ImageObject\",\"inLanguage\":\"en-US\",\"@id\":\"https:\/\/stadtwerkezeitung.info\/forst\/#\/schema\/person\/image\/\",\"url\":\"https:\/\/secure.gravatar.com\/avatar\/52dc0b3340c8087a51f52eaa20dc62cd4a6fe41f5bd886140989db7b572c00cd?s=96&d=mm&r=g\",\"contentUrl\":\"https:\/\/secure.gravatar.com\/avatar\/52dc0b3340c8087a51f52eaa20dc62cd4a6fe41f5bd886140989db7b572c00cd?s=96&d=mm&r=g\",\"caption\":\"admin\"},\"sameAs\":[\"https:\/\/stadtwerkezeitung.info\"]}]}<\/script>\n<!-- \/ Yoast SEO plugin. -->","yoast_head_json":{"title":"Hommage an unsere Lausitz - Forst","description":"Ein Tisch aus Omas altem Kirschbaum, ein Regal aus der knorrigen Kiefer im Vorgarten, Schneidbretter aus Nachbars Pflaumenbaum \u2013 am Ende eines Baumlebens schenken Kalle und Flori in ihrer Forster Tischlerei Holz ein zweites Leben.","robots":{"index":"index","follow":"follow","max-snippet":"max-snippet:-1","max-image-preview":"max-image-preview:large","max-video-preview":"max-video-preview:-1"},"canonical":"https:\/\/stadtwerkezeitung.info\/forst\/hommage-an-unsere-lausitz\/","og_locale":"en_US","og_type":"article","og_title":"Hommage an unsere Lausitz - Forst","og_description":"Ein Tisch aus Omas altem Kirschbaum, ein Regal aus der knorrigen Kiefer im Vorgarten, Schneidbretter aus Nachbars Pflaumenbaum \u2013 am Ende eines Baumlebens schenken Kalle und Flori in ihrer Forster Tischlerei Holz ein zweites Leben.","og_url":"https:\/\/stadtwerkezeitung.info\/forst\/hommage-an-unsere-lausitz\/","og_site_name":"Forst","article_published_time":"2025-05-23T08:59:32+00:00","article_modified_time":"2025-05-23T09:10:46+00:00","author":"admin","twitter_card":"summary_large_image","twitter_misc":{"Written by":"admin","Est. reading time":"1 minute"},"schema":{"@context":"https:\/\/schema.org","@graph":[{"@type":"Article","@id":"https:\/\/stadtwerkezeitung.info\/forst\/hommage-an-unsere-lausitz\/#article","isPartOf":{"@id":"https:\/\/stadtwerkezeitung.info\/forst\/hommage-an-unsere-lausitz\/"},"author":{"name":"admin","@id":"https:\/\/stadtwerkezeitung.info\/forst\/#\/schema\/person\/acd409dca37d4bb8bf3a1284da7f1ee0"},"headline":"Hommage an unsere Lausitz","datePublished":"2025-05-23T08:59:32+00:00","dateModified":"2025-05-23T09:10:46+00:00","mainEntityOfPage":{"@id":"https:\/\/stadtwerkezeitung.info\/forst\/hommage-an-unsere-lausitz\/"},"wordCount":539,"commentCount":0,"inLanguage":"en-US","potentialAction":[{"@type":"CommentAction","name":"Comment","target":["https:\/\/stadtwerkezeitung.info\/forst\/hommage-an-unsere-lausitz\/#respond"]}]},{"@type":"WebPage","@id":"https:\/\/stadtwerkezeitung.info\/forst\/hommage-an-unsere-lausitz\/","url":"https:\/\/stadtwerkezeitung.info\/forst\/hommage-an-unsere-lausitz\/","name":"Hommage an unsere Lausitz - Forst","isPartOf":{"@id":"https:\/\/stadtwerkezeitung.info\/forst\/#website"},"datePublished":"2025-05-23T08:59:32+00:00","dateModified":"2025-05-23T09:10:46+00:00","author":{"@id":"https:\/\/stadtwerkezeitung.info\/forst\/#\/schema\/person\/acd409dca37d4bb8bf3a1284da7f1ee0"},"description":"Ein Tisch aus Omas altem Kirschbaum, ein Regal aus der knorrigen Kiefer im Vorgarten, Schneidbretter aus Nachbars Pflaumenbaum \u2013 am Ende eines Baumlebens schenken Kalle und Flori in ihrer Forster Tischlerei Holz ein zweites Leben.","breadcrumb":{"@id":"https:\/\/stadtwerkezeitung.info\/forst\/hommage-an-unsere-lausitz\/#breadcrumb"},"inLanguage":"en-US","potentialAction":[{"@type":"ReadAction","target":["https:\/\/stadtwerkezeitung.info\/forst\/hommage-an-unsere-lausitz\/"]}]},{"@type":"BreadcrumbList","@id":"https:\/\/stadtwerkezeitung.info\/forst\/hommage-an-unsere-lausitz\/#breadcrumb","itemListElement":[{"@type":"ListItem","position":1,"name":"Home","item":"https:\/\/stadtwerkezeitung.info\/forst\/"},{"@type":"ListItem","position":2,"name":"Hommage an unsere Lausitz"}]},{"@type":"WebSite","@id":"https:\/\/stadtwerkezeitung.info\/forst\/#website","url":"https:\/\/stadtwerkezeitung.info\/forst\/","name":"Forst","description":"","inLanguage":"en-US"},{"@type":"Person","@id":"https:\/\/stadtwerkezeitung.info\/forst\/#\/schema\/person\/acd409dca37d4bb8bf3a1284da7f1ee0","name":"admin","image":{"@type":"ImageObject","inLanguage":"en-US","@id":"https:\/\/stadtwerkezeitung.info\/forst\/#\/schema\/person\/image\/","url":"https:\/\/secure.gravatar.com\/avatar\/52dc0b3340c8087a51f52eaa20dc62cd4a6fe41f5bd886140989db7b572c00cd?s=96&d=mm&r=g","contentUrl":"https:\/\/secure.gravatar.com\/avatar\/52dc0b3340c8087a51f52eaa20dc62cd4a6fe41f5bd886140989db7b572c00cd?s=96&d=mm&r=g","caption":"admin"},"sameAs":["https:\/\/stadtwerkezeitung.info"]}]}},"_links":{"self":[{"href":"https:\/\/stadtwerkezeitung.info\/forst\/wp-json\/wp\/v2\/posts\/475","targetHints":{"allow":["GET"]}}],"collection":[{"href":"https:\/\/stadtwerkezeitung.info\/forst\/wp-json\/wp\/v2\/posts"}],"about":[{"href":"https:\/\/stadtwerkezeitung.info\/forst\/wp-json\/wp\/v2\/types\/post"}],"author":[{"embeddable":true,"href":"https:\/\/stadtwerkezeitung.info\/forst\/wp-json\/wp\/v2\/users\/1"}],"replies":[{"embeddable":true,"href":"https:\/\/stadtwerkezeitung.info\/forst\/wp-json\/wp\/v2\/comments?post=475"}],"version-history":[{"count":3,"href":"https:\/\/stadtwerkezeitung.info\/forst\/wp-json\/wp\/v2\/posts\/475\/revisions"}],"predecessor-version":[{"id":486,"href":"https:\/\/stadtwerkezeitung.info\/forst\/wp-json\/wp\/v2\/posts\/475\/revisions\/486"}],"wp:attachment":[{"href":"https:\/\/stadtwerkezeitung.info\/forst\/wp-json\/wp\/v2\/media?parent=475"}],"wp:term":[{"taxonomy":"category","embeddable":true,"href":"https:\/\/stadtwerkezeitung.info\/forst\/wp-json\/wp\/v2\/categories?post=475"},{"taxonomy":"post_tag","embeddable":true,"href":"https:\/\/stadtwerkezeitung.info\/forst\/wp-json\/wp\/v2\/tags?post=475"}],"curies":[{"name":"wp","href":"https:\/\/api.w.org\/{rel}","templated":true}]}}