{"id":538,"date":"2025-08-21T15:12:43","date_gmt":"2025-08-21T15:12:43","guid":{"rendered":"https:\/\/stadtwerkezeitung.info\/forst\/?p=538"},"modified":"2025-08-22T08:52:01","modified_gmt":"2025-08-22T08:52:01","slug":"was-hat-sich-schon-bewegt","status":"publish","type":"post","link":"https:\/\/stadtwerkezeitung.info\/forst\/was-hat-sich-schon-bewegt\/","title":{"rendered":"Was hat sich schon bewegt?"},"content":{"rendered":"<h2>Energiepolitik im Wandel<\/h2>\n<h1>Was hat sich schon bewegt?<\/h1>\n<h2>Die neue Bundesregierung ist nun \u00fcber 100\u202fTage im Amt. Union und SPD hatten im Koalitionsvertrag \u00fcber zwei Dutzend Energievorhaben vereinbart \u2013 aber was davon wurde schon umgesetzt? Und was ist in der Pipeline?<\/h2>\n<p><img decoding=\"async\" src=\"\/forst\/wp-content\/uploads\/2025\/08\/101_Teaser_Bildhirmfoto-2025-08-21-um-08.40.42.png\" alt=\"\"><\/p>\n<div>\n<p><em>Der Status der wichtigsten Energievorhaben der Bundesregierung. In der Tabelle: Gr\u00fcn \u2013 Vorhaben wurde final beschlossen. Gelb \u2013 Entwurf wurde innerhalb der Regierung beschlossen. Rot \u2013 Anfangsphase, es liegt noch kein Entwurf der Regierung vor. <\/p>\n<p><small>Grafik: SPREE-PR\/Uftring<\/small><\/em><\/p>\n<\/div>\n<div>\n<h4>Senkung Strompreise<\/h4>\n<p>Das war das gr\u00f6\u00dfte Versprechen im Koalitionsvertrag. Die Rede war von einer Strompreisentlastung von mindestens 5\u202fCent pro\u202fkWh durch Stromsteuersenkung und Umlagenk\u00fcrzung. Inzwischen wurde die angek\u00fcndigte Steuer-Senkung f\u00fcr Haushalte aber gestrichen \u2013 sie bleibt nur f\u00fcr Industrie in Aussicht. Die Strompreise f\u00fcr Haushalte sollen rein \u00fcber einen Zuschuss zu den Netzentgelten \u00fcber das bisherige Ma\u00df hinaus sinken, das geht aus dem Entwurf f\u00fcr den Bundeshaushalt 2026 hervor, der nach der Sommerpause vom Bundestag verabschiedet werden soll. F\u00fcr den Bundesverband der Energie- und Wasserwirtschaft e.V. (BDEW) bleiben diese \u201eEntlastungen hinter den Erwartungen zur\u00fcck\u201c. BDEW-Chefin Kerstin Andreae: \u201eInsbesondere die seit Jahren vom BDEW geforderte Reduzierung der Stromsteuer auf das europ\u00e4ische Mindestma\u00df f\u00fcr alle l\u00e4sst weiter auf sich warten.\u201c Dabei sind g\u00fcnstige Strompreise ein wichtiger Hebel f\u00fcr die Energiewende und f\u00fcr mehr private Investitionen: W\u00e4rmepumpen lohnen sich um so mehr bei niedrigen Stromkosten und auch der Umstieg auf E-Fahrzeuge wird attraktiver, wenn der Strompreis sinkt.\u201c<\/p>\n<p>Und auch die Zeit dr\u00e4ngt: Denn Stromversorger und Netzbetreiber, die die Zusch\u00fcsse in ihre Entgelte einpreisen und so Entlastungen an die Stromkunden weitergeben, m\u00fcssen ihre Netzentgelte bis zum 15. Oktober ver\u00f6ffentlichen. \u201eAuch die Energieversorger haben feste Fristen f\u00fcr die Einbeziehung der Entlastung in die Energiepreise&#8221;, mahnt Kerstin Andreae. Der Verband Kommunaler Unternehmen (VKU) forderte ebenso rasches Handeln: \u201eDamit die Entlastung planm\u00e4\u00dfig erfolgen kann, m\u00fcssen die erforderlichen gesetzlichen Beschl\u00fcsse im September gefasst werden.&#8221; Die Bundesregierung will, dass die Energieentlastungen ab 1. Januar 2026 greifen. Bundestag und Bundesrat m\u00fcssen aber noch zustimmen.<\/p>\n<h4>Entlastung Gaskunden<\/h4>\n<p>Gaskunden sollen ab 1. Januar 2026 sp\u00fcrbar entlastet werden, beschloss das Bundeskabinett am 6. August. K\u00fcnftig soll die Gasspeicherumlage entfallen, die 2022 nach dem russischen Angriff auf die Ukraine eingef\u00fchrt wurde. Die Umlage soll k\u00fcnftig vom Bund \u00fcbernommen werden \u2013 f\u00fcr einen 4-Personen-Haushalt bedeutet das eine Ersparnis von bis zu 60 Euro im Jahr. Der entsprechende Gesetzentwurf zur Abschaffung der Gasspeicherumlage geht jetzt in das parlamentarische Verfahren.<\/p>\n<h4>Ausbau Erneuerbarer Energie<\/h4>\n<p>Erledigt ist das Gesetz zur Umsetzung der EU-Richtlinie f\u00fcr Erneuerbare Energien (RED III). Es wurde am 11. Juli 2025 vom Bundesrat gebilligt. Damit w\u00e4chst Planungssicherheit, die Bebauung von Windfl\u00e4chen wird beschleunigt. Stadtwerke k\u00f6nnen leichter in Projekte investieren. Der Verband kommunaler Unternehmen (VKU) begr\u00fc\u00dfte daher die Zustimmung des Bundesrats. Das Gesetz bringe wichtige Verbesserungen f\u00fcr Stadtwerke, die in Windenergie, erneuerbare W\u00e4rme und Geothermie investieren. \u201eKommunale Unternehmen brauchen schnelle und verl\u00e4ssliche Genehmigungen, um ihre Projekte z\u00fcgig umsetzen zu k\u00f6nnen\u201c, so VKU-Hauptgesch\u00e4ftsf\u00fchrer Ingbert Liebing.<\/p>\n<h4>Geb\u00e4udeenergiegesetz (GEG)<\/h4>\n<p>Union und SPD wollen das sogenannte Heizungsgesetz durch ein technologieoffeneres Geb\u00e4udeenergiegesetz ersetzen. Ziel: flexiblere Regeln zur Nutzung erneuerbarer W\u00e4rme und l\u00e4ngere Umsetzungsfristen. Ein entsprechender Entwurf soll noch vor Herbst ins Kabinett, das Geb\u00e4udeenergiegesetz bis Ende 2025 reformiert sein.<\/p>\n<h4>Fazit:<\/h4>\n<p>Das f\u00fcr Energievorhaben zust\u00e4ndige Bundeswirtschaftsministerium um Ministerin Katherina Reiche hat in der parlamentarischen Sommerpause kaum Zeit verloren \u2013 so konnte sich das Bundeskabinett mehrmals im Juli und August mit weiteren Energievorhaben befassen und Beschl\u00fcsse verabschieden. Darunter z.\u2009Bsp. Geothermie-Beschleunigungsgesetz, EnWG-Novelle, Energy Sharing, Messstellenbetriebsgesetz. Es wird also ein hei\u00dfer Herbst im Parlament.<\/p>\n<h4>Zwei starke Stimmen f\u00fcr Brandenburg<\/h4>\n<\/div>\n<ul>\n<li>\n<p><img decoding=\"async\" src=\"\/forst\/wp-content\/uploads\/2025\/08\/101_Bild1_download-pressefoto-reiche.jpeg\" alt=\"\"><\/p>\n<h3>Katherina Reiche<\/h3>\n<p>Bundeswirtschaftsministerin <\/p>\n<div>Am 6. Mai 2025 wurde die Brandenburger CDU-Politikerin Katherina Reiche zur Bundesministerin f\u00fcr Wirtschaft und Energie ernannt. Sie hat Tempo vorgelegt. Ihre To-do-Liste ist lang: Reform des Geb\u00e4udeenergiegesetzes, Ausbau von Geothermie, Wind- und Solarkraft\u2026 Katharina Reiche stammt aus Luckenwalde, ist gut vernetzt in Politik und Wirtschaft. Sie war Bundestagsabgeordnete, Staatssekret\u00e4rin und Hauptgesch\u00e4ftsf\u00fchrerin des Verbands kommunaler Unternehmen (VKU). Zudem leitete sie den Energieversorger Westenergie. Diese Erfahrung wurde in der Branche als Vorteil angesehen, da sie die Herausforderungen der Stadtwerke kennt und kein Neuland betritt.<\/p>\n<p><em><small>Foto: BMWE\/Chaperon<\/em><\/small><\/div>\n<\/li>\n<li>\n<p><img decoding=\"async\" src=\"\/forst\/wp-content\/uploads\/2025\/08\/101_Bild2_Dirk_Sasson_11.jpeg\" alt=\"\"><\/p>\n<h3>Dirk Sasson<\/h3>\n<p>Landesgruppenchef des BDEW<\/p>\n<div>Er ist die neue starke Stimme f\u00fcr die Energie- und Wasserwirtschaft in Berlin und Brandenburg: Der Gesch\u00e4ftsf\u00fchrer des Unternehmensverbundes Stadtwerke Schwedt wurde Mitte Mai zum Vorsitzenden der BDEW Landesgruppe Berlin-Brandenburg gew\u00e4hlt. Mit diesem Mandat wird er k\u00fcnftig auch im Bundesvorstand des BDEW mitwirken. Der BDEW bringt die Anliegen der Energie- und Wasserwirtschaft gegen\u00fcber Politik, Verwaltung und \u00d6ffentlichkeit ein \u2013 auf Landes- und Bundesebene sowie in Europa. Mit \u00fcber 1.900 Mitgliedsunternehmen spricht der BDEW f\u00fcr einen gro\u00dfen Teil der Versorgungswirtschaft in Deutschland.<\/p>\n<p><em><small>Foto: Stadtwerke Schwedt<\/em><\/small><\/div>\n<\/li>\n<\/ul>\n<p><!--more--><br \/>\n<!-- {\"type\":\"layout\",\"children\":[{\"type\":\"section\",\"props\":{\"image_position\":\"center-center\",\"padding_remove_top\":true,\"style\":\"default\",\"title_breakpoint\":\"xl\",\"title_position\":\"top-left\",\"title_rotation\":\"left\",\"vertical_align\":\"\",\"width\":\"small\"},\"children\":[{\"type\":\"row\",\"children\":[{\"type\":\"column\",\"props\":{\"image_position\":\"center-center\",\"position_sticky_breakpoint\":\"m\"},\"children\":[{\"type\":\"headline\",\"props\":{\"content\":\"Energiepolitik im Wandel\",\"margin\":\"small\",\"margin_remove_bottom\":false,\"margin_remove_top\":false,\"title_element\":\"h2\",\"title_style\":\"h5\"}},{\"type\":\"headline\",\"props\":{\"content\":\"Was hat sich schon bewegt?\",\"margin\":\"small\",\"margin_remove_bottom\":false,\"margin_remove_top\":false,\"title_element\":\"h1\"}},{\"type\":\"headline\",\"props\":{\"content\":\"Die neue Bundesregierung ist nun \\u00fcber 100\\u202fTage im Amt. Union und SPD hatten im Koalitionsvertrag \\u00fcber zwei Dutzend Energievorhaben vereinbart \\u2013 aber was davon wurde schon umgesetzt? Und was ist in der Pipeline?\",\"margin\":\"small\",\"margin_remove_top\":false,\"title_element\":\"h2\",\"title_style\":\"h4\"}},{\"type\":\"image\",\"props\":{\"image\":\"wp-content\\\/uploads\\\/2025\\\/08\\\/101_Teaser_Bildhirmfoto-2025-08-21-um-08.40.42.png\",\"image_svg_color\":\"emphasis\",\"margin\":\"default\",\"text_align\":\"center\"}},{\"type\":\"text\",\"props\":{\"column_breakpoint\":\"m\",\"content\":\"\n\n<p><em>Der Status der wichtigsten Energievorhaben der Bundesregierung. In der Tabelle: Gr\\u00fcn \\u2013 Vorhaben wurde final beschlossen. Gelb \\u2013 Entwurf wurde innerhalb der Regierung beschlossen. Rot \\u2013 Anfangsphase, es liegt noch kein Entwurf der Regierung vor. \\n\\n<br \\\/><small>Grafik: SPREE-PR\\\/Uftring<\\\/small><\\\/em><\\\/p>\",\"margin\":\"default\"}},{\"type\":\"text\",\"props\":{\"column_breakpoint\":\"m\",\"content\":\"\n\n<h4>Senkung Strompreise<\\\/h4>\\n\n\n<p>Das war das gr\\u00f6\\u00dfte Versprechen im Koalitionsvertrag. Die Rede war von einer Strompreisentlastung von mindestens 5\\u202fCent pro\\u202fkWh durch Stromsteuersenkung und Umlagenk\\u00fcrzung. Inzwischen wurde die angek\\u00fcndigte Steuer-Senkung f\\u00fcr Haushalte aber gestrichen \\u2013 sie bleibt nur f\\u00fcr Industrie in Aussicht. Die Strompreise f\\u00fcr Haushalte sollen rein \\u00fcber einen Zuschuss zu den Netzentgelten \\u00fcber das bisherige Ma\\u00df hinaus sinken, das geht aus dem Entwurf f\\u00fcr den Bundeshaushalt 2026 hervor, der nach der Sommerpause vom Bundestag verabschiedet werden soll. F\\u00fcr den Bundesverband der Energie- und Wasserwirtschaft e.V. (BDEW) bleiben diese \\u201eEntlastungen hinter den Erwartungen zur\\u00fcck\\u201c. BDEW-Chefin Kerstin Andreae: \\u201eInsbesondere die seit Jahren vom BDEW geforderte Reduzierung der Stromsteuer auf das europ\\u00e4ische Mindestma\\u00df f\\u00fcr alle l\\u00e4sst weiter auf sich warten.\\u201c Dabei sind g\\u00fcnstige Strompreise ein wichtiger Hebel f\\u00fcr die Energiewende und f\\u00fcr mehr private Investitionen: W\\u00e4rmepumpen lohnen sich um so mehr bei niedrigen Stromkosten und auch der Umstieg auf E-Fahrzeuge wird attraktiver, wenn der Strompreis sinkt.\\u201c<\\\/p>\\n\n\n<p>Und auch die Zeit dr\\u00e4ngt: Denn Stromversorger und Netzbetreiber, die die Zusch\\u00fcsse in ihre Entgelte einpreisen und so Entlastungen an die Stromkunden weitergeben, m\\u00fcssen ihre Netzentgelte bis zum 15. Oktober ver\\u00f6ffentlichen. \\u201eAuch die Energieversorger haben feste Fristen f\\u00fcr die Einbeziehung der Entlastung in die Energiepreise\\\", mahnt Kerstin Andreae. Der Verband Kommunaler Unternehmen (VKU) forderte ebenso rasches Handeln: \\u201eDamit die Entlastung planm\\u00e4\\u00dfig erfolgen kann, m\\u00fcssen die erforderlichen gesetzlichen Beschl\\u00fcsse im September gefasst werden.\\\" Die Bundesregierung will, dass die Energieentlastungen ab 1. Januar 2026 greifen. Bundestag und Bundesrat m\\u00fcssen aber noch zustimmen.<\\\/p>\\n\n\n<h4>Entlastung Gaskunden<\\\/h4>\\n\n\n<p>Gaskunden sollen ab 1. Januar 2026 sp\\u00fcrbar entlastet werden, beschloss das Bundeskabinett am 6. August. K\\u00fcnftig soll die Gasspeicherumlage entfallen, die 2022 nach dem russischen Angriff auf die Ukraine eingef\\u00fchrt wurde. Die Umlage soll k\\u00fcnftig vom Bund \\u00fcbernommen werden \\u2013 f\\u00fcr einen 4-Personen-Haushalt bedeutet das eine Ersparnis von bis zu 60 Euro im Jahr. Der entsprechende Gesetzentwurf zur Abschaffung der Gasspeicherumlage geht jetzt in das parlamentarische Verfahren.<\\\/p>\\n\n\n<h4>Ausbau Erneuerbarer Energie<\\\/h4>\\n\n\n<p>Erledigt ist das Gesetz zur Umsetzung der EU-Richtlinie f\\u00fcr Erneuerbare Energien (RED III). Es wurde am 11. Juli 2025 vom Bundesrat gebilligt. Damit w\\u00e4chst Planungssicherheit, die Bebauung von Windfl\\u00e4chen wird beschleunigt. Stadtwerke k\\u00f6nnen leichter in Projekte investieren. Der Verband kommunaler Unternehmen (VKU) begr\\u00fc\\u00dfte daher die Zustimmung des Bundesrats. Das Gesetz bringe wichtige Verbesserungen f\\u00fcr Stadtwerke, die in Windenergie, erneuerbare W\\u00e4rme und Geothermie investieren. \\u201eKommunale Unternehmen brauchen schnelle und verl\\u00e4ssliche Genehmigungen, um ihre Projekte z\\u00fcgig umsetzen zu k\\u00f6nnen\\u201c, so VKU-Hauptgesch\\u00e4ftsf\\u00fchrer Ingbert Liebing.<\\\/p>\\n\n\n<h4>Geb\\u00e4udeenergiegesetz (GEG)<\\\/h4>\\n\n\n<p>Union und SPD wollen das sogenannte Heizungsgesetz durch ein technologieoffeneres Geb\\u00e4udeenergiegesetz ersetzen. Ziel: flexiblere Regeln zur Nutzung erneuerbarer W\\u00e4rme und l\\u00e4ngere Umsetzungsfristen. Ein entsprechender Entwurf soll noch vor Herbst ins Kabinett, das Geb\\u00e4udeenergiegesetz bis Ende 2025 reformiert sein.<\\\/p>\\n\n\n<h4>Fazit:<\\\/h4>\\n\n\n<p>Das f\\u00fcr Energievorhaben zust\\u00e4ndige Bundeswirtschaftsministerium um Ministerin Katherina Reiche hat in der parlamentarischen Sommerpause kaum Zeit verloren \\u2013 so konnte sich das Bundeskabinett mehrmals im Juli und August mit weiteren Energievorhaben befassen und Beschl\\u00fcsse verabschieden. Darunter z.\\u2009Bsp. Geothermie-Beschleunigungsgesetz, EnWG-Novelle, Energy Sharing, Messstellenbetriebsgesetz. Es wird also ein hei\\u00dfer Herbst im Parlament.<\\\/p>\\n\n\n<h4>Zwei starke Stimmen f\\u00fcr Brandenburg<\\\/h4>\",\"margin\":\"default\"}},{\"type\":\"grid\",\"props\":{\"content_column_breakpoint\":\"m\",\"filter_align\":\"left\",\"filter_all\":true,\"filter_grid_breakpoint\":\"m\",\"filter_grid_width\":\"auto\",\"filter_position\":\"top\",\"filter_style\":\"tab\",\"grid_default\":\"1\",\"grid_divider\":true,\"grid_medium\":\"2\",\"grid_parallax_justify\":false,\"icon_width\":80,\"image_align\":\"top\",\"image_grid_breakpoint\":\"m\",\"image_grid_width\":\"1-2\",\"image_height\":\"325\",\"image_svg_color\":\"emphasis\",\"image_width\":\"409\",\"item_animation\":true,\"link_style\":\"default\",\"link_text\":\"Read more\",\"margin\":\"default\",\"meta_align\":\"below-title\",\"meta_element\":\"div\",\"meta_style\":\"text-meta\",\"panel_image_no_padding\":true,\"panel_padding\":\"default\",\"panel_style\":\"card-default\",\"show_content\":true,\"show_image\":true,\"show_link\":true,\"show_meta\":true,\"show_title\":true,\"title_align\":\"top\",\"title_element\":\"h3\",\"title_grid_breakpoint\":\"m\",\"title_grid_width\":\"1-2\",\"title_hover_style\":\"reset\",\"title_style\":\"h3\"},\"children\":[{\"type\":\"grid_item\",\"props\":{\"content\":\"Am 6. Mai 2025 wurde die Brandenburger CDU-Politikerin Katherina Reiche zur Bundesministerin f\\u00fcr Wirtschaft und Energie ernannt. Sie hat Tempo vorgelegt. Ihre To-do-Liste ist lang: Reform des Geb\\u00e4udeenergiegesetzes, Ausbau von Geothermie, Wind- und Solarkraft\\u2026 Katharina Reiche stammt aus Luckenwalde, ist gut vernetzt in Politik und Wirtschaft. Sie war Bundestagsabgeordnete, Staatssekret\\u00e4rin und Hauptgesch\\u00e4ftsf\\u00fchrerin des Verbands kommunaler Unternehmen (VKU). Zudem leitete sie den Energieversorger Westenergie. Diese Erfahrung wurde in der Branche als Vorteil angesehen, da sie die Herausforderungen der Stadtwerke kennt und kein Neuland betritt.\n\n<em><small>Foto: BMWE\\\/Chaperon<\\\/em><\\\/small>\",\"image\":\"wp-content\\\/uploads\\\/2025\\\/08\\\/101_Bild1_download-pressefoto-reiche.jpeg\",\"meta\":\"Bundeswirtschaftsministerin \",\"title\":\"Katherina Reiche\"}},{\"type\":\"grid_item\",\"props\":{\"content\":\"Er ist die neue starke Stimme f\\u00fcr die Energie- und Wasserwirtschaft in Berlin und Brandenburg: Der Gesch\\u00e4ftsf\\u00fchrer des Unternehmensverbundes Stadtwerke Schwedt wurde Mitte Mai zum Vorsitzenden der BDEW Landesgruppe Berlin-Brandenburg gew\\u00e4hlt. Mit diesem Mandat wird er k\\u00fcnftig auch im Bundesvorstand des BDEW mitwirken. Der BDEW bringt die Anliegen der Energie- und Wasserwirtschaft gegen\\u00fcber Politik, Verwaltung und \\u00d6ffentlichkeit ein \\u2013 auf Landes- und Bundesebene sowie in Europa. Mit \\u00fcber 1.900 Mitgliedsunternehmen spricht der BDEW f\\u00fcr einen gro\\u00dfen Teil der Versorgungswirtschaft in Deutschland.\n\n<em><small>Foto: Stadtwerke Schwedt<\\\/em><\\\/small>\",\"image\":\"wp-content\\\/uploads\\\/2025\\\/08\\\/101_Bild2_Dirk_Sasson_11.jpeg\",\"image_focal_point\":\"top-center\",\"lightbox_image_focal_point\":\"top-center\",\"meta\":\"Landesgruppenchef des BDEW\",\"title\":\"Dirk Sasson\"}}]}]}]}],\"name\":\"2025 was hat sich schon bewegt\"}],\"version\":\"4.4.1\"} --><\/p>\n","protected":false},"excerpt":{"rendered":"<p>Energiepolitik im Wandel Was hat sich schon bewegt? Die neue Bundesregierung ist nun \u00fcber 100\u202fTage im Amt. Union und SPD hatten im Koalitionsvertrag \u00fcber zwei Dutzend Energievorhaben vereinbart \u2013 aber was davon wurde schon umgesetzt? Und was ist in der Pipeline? Der Status der wichtigsten Energievorhaben der Bundesregierung. In der Tabelle: Gr\u00fcn \u2013 Vorhaben wurde [&hellip;]<\/p>\n","protected":false},"author":1,"featured_media":542,"comment_status":"open","ping_status":"open","sticky":false,"template":"","format":"standard","meta":{"footnotes":""},"categories":[1],"tags":[],"class_list":["post-538","post","type-post","status-publish","format-standard","has-post-thumbnail","hentry","category-uncategorized"],"yoast_head":"<!-- This site is optimized with the Yoast SEO plugin v26.9 - https:\/\/yoast.com\/product\/yoast-seo-wordpress\/ -->\n<title>Was hat sich schon bewegt? - Forst<\/title>\n<meta name=\"description\" content=\"Die neue Bundesregierung ist nun \u00fcber 100\u202fTage im Amt. Union und SPD hatten im Koalitionsvertrag \u00fcber zwei Dutzend Energievorhaben vereinbart \u2013 aber was davon wurde schon umgesetzt? Und was ist in der Pipeline?\" \/>\n<meta name=\"robots\" content=\"index, follow, max-snippet:-1, max-image-preview:large, max-video-preview:-1\" \/>\n<link rel=\"canonical\" href=\"https:\/\/stadtwerkezeitung.info\/forst\/was-hat-sich-schon-bewegt\/\" \/>\n<meta property=\"og:locale\" content=\"en_US\" \/>\n<meta property=\"og:type\" content=\"article\" \/>\n<meta property=\"og:title\" content=\"Was hat sich schon bewegt? - Forst\" \/>\n<meta property=\"og:description\" content=\"Die neue Bundesregierung ist nun \u00fcber 100\u202fTage im Amt. Union und SPD hatten im Koalitionsvertrag \u00fcber zwei Dutzend Energievorhaben vereinbart \u2013 aber was davon wurde schon umgesetzt? Und was ist in der Pipeline?\" \/>\n<meta property=\"og:url\" content=\"https:\/\/stadtwerkezeitung.info\/forst\/was-hat-sich-schon-bewegt\/\" \/>\n<meta property=\"og:site_name\" content=\"Forst\" \/>\n<meta property=\"article:published_time\" content=\"2025-08-21T15:12:43+00:00\" \/>\n<meta property=\"article:modified_time\" content=\"2025-08-22T08:52:01+00:00\" \/>\n<meta property=\"og:image\" content=\"https:\/\/stadtwerkezeitung.info\/forst\/wp-content\/uploads\/sites\/2\/2025\/08\/101_Teaser_Bildhirmfoto-2025-08-21-um-08.40.42.png\" \/>\n\t<meta property=\"og:image:width\" content=\"761\" \/>\n\t<meta property=\"og:image:height\" content=\"465\" \/>\n\t<meta property=\"og:image:type\" content=\"image\/png\" \/>\n<meta name=\"author\" content=\"admin\" \/>\n<meta name=\"twitter:card\" content=\"summary_large_image\" \/>\n<meta name=\"twitter:label1\" content=\"Written by\" \/>\n\t<meta name=\"twitter:data1\" content=\"admin\" \/>\n\t<meta name=\"twitter:label2\" content=\"Est. reading time\" \/>\n\t<meta name=\"twitter:data2\" content=\"5 minutes\" \/>\n<script type=\"application\/ld+json\" class=\"yoast-schema-graph\">{\"@context\":\"https:\/\/schema.org\",\"@graph\":[{\"@type\":\"Article\",\"@id\":\"https:\/\/stadtwerkezeitung.info\/forst\/was-hat-sich-schon-bewegt\/#article\",\"isPartOf\":{\"@id\":\"https:\/\/stadtwerkezeitung.info\/forst\/was-hat-sich-schon-bewegt\/\"},\"author\":{\"name\":\"admin\",\"@id\":\"https:\/\/stadtwerkezeitung.info\/forst\/#\/schema\/person\/acd409dca37d4bb8bf3a1284da7f1ee0\"},\"headline\":\"Was hat sich schon bewegt?\",\"datePublished\":\"2025-08-21T15:12:43+00:00\",\"dateModified\":\"2025-08-22T08:52:01+00:00\",\"mainEntityOfPage\":{\"@id\":\"https:\/\/stadtwerkezeitung.info\/forst\/was-hat-sich-schon-bewegt\/\"},\"wordCount\":800,\"commentCount\":0,\"image\":{\"@id\":\"https:\/\/stadtwerkezeitung.info\/forst\/was-hat-sich-schon-bewegt\/#primaryimage\"},\"thumbnailUrl\":\"https:\/\/stadtwerkezeitung.info\/forst\/wp-content\/uploads\/sites\/2\/2025\/08\/101_Teaser_Bildhirmfoto-2025-08-21-um-08.40.42.png\",\"inLanguage\":\"en-US\",\"potentialAction\":[{\"@type\":\"CommentAction\",\"name\":\"Comment\",\"target\":[\"https:\/\/stadtwerkezeitung.info\/forst\/was-hat-sich-schon-bewegt\/#respond\"]}]},{\"@type\":\"WebPage\",\"@id\":\"https:\/\/stadtwerkezeitung.info\/forst\/was-hat-sich-schon-bewegt\/\",\"url\":\"https:\/\/stadtwerkezeitung.info\/forst\/was-hat-sich-schon-bewegt\/\",\"name\":\"Was hat sich schon bewegt? - Forst\",\"isPartOf\":{\"@id\":\"https:\/\/stadtwerkezeitung.info\/forst\/#website\"},\"primaryImageOfPage\":{\"@id\":\"https:\/\/stadtwerkezeitung.info\/forst\/was-hat-sich-schon-bewegt\/#primaryimage\"},\"image\":{\"@id\":\"https:\/\/stadtwerkezeitung.info\/forst\/was-hat-sich-schon-bewegt\/#primaryimage\"},\"thumbnailUrl\":\"https:\/\/stadtwerkezeitung.info\/forst\/wp-content\/uploads\/sites\/2\/2025\/08\/101_Teaser_Bildhirmfoto-2025-08-21-um-08.40.42.png\",\"datePublished\":\"2025-08-21T15:12:43+00:00\",\"dateModified\":\"2025-08-22T08:52:01+00:00\",\"author\":{\"@id\":\"https:\/\/stadtwerkezeitung.info\/forst\/#\/schema\/person\/acd409dca37d4bb8bf3a1284da7f1ee0\"},\"description\":\"Die neue Bundesregierung ist nun \u00fcber 100\u202fTage im Amt. Union und SPD hatten im Koalitionsvertrag \u00fcber zwei Dutzend Energievorhaben vereinbart \u2013 aber was davon wurde schon umgesetzt? Und was ist in der Pipeline?\",\"breadcrumb\":{\"@id\":\"https:\/\/stadtwerkezeitung.info\/forst\/was-hat-sich-schon-bewegt\/#breadcrumb\"},\"inLanguage\":\"en-US\",\"potentialAction\":[{\"@type\":\"ReadAction\",\"target\":[\"https:\/\/stadtwerkezeitung.info\/forst\/was-hat-sich-schon-bewegt\/\"]}]},{\"@type\":\"ImageObject\",\"inLanguage\":\"en-US\",\"@id\":\"https:\/\/stadtwerkezeitung.info\/forst\/was-hat-sich-schon-bewegt\/#primaryimage\",\"url\":\"https:\/\/stadtwerkezeitung.info\/forst\/wp-content\/uploads\/sites\/2\/2025\/08\/101_Teaser_Bildhirmfoto-2025-08-21-um-08.40.42.png\",\"contentUrl\":\"https:\/\/stadtwerkezeitung.info\/forst\/wp-content\/uploads\/sites\/2\/2025\/08\/101_Teaser_Bildhirmfoto-2025-08-21-um-08.40.42.png\",\"width\":761,\"height\":465},{\"@type\":\"BreadcrumbList\",\"@id\":\"https:\/\/stadtwerkezeitung.info\/forst\/was-hat-sich-schon-bewegt\/#breadcrumb\",\"itemListElement\":[{\"@type\":\"ListItem\",\"position\":1,\"name\":\"Home\",\"item\":\"https:\/\/stadtwerkezeitung.info\/forst\/\"},{\"@type\":\"ListItem\",\"position\":2,\"name\":\"Was hat sich schon bewegt?\"}]},{\"@type\":\"WebSite\",\"@id\":\"https:\/\/stadtwerkezeitung.info\/forst\/#website\",\"url\":\"https:\/\/stadtwerkezeitung.info\/forst\/\",\"name\":\"Forst\",\"description\":\"\",\"inLanguage\":\"en-US\"},{\"@type\":\"Person\",\"@id\":\"https:\/\/stadtwerkezeitung.info\/forst\/#\/schema\/person\/acd409dca37d4bb8bf3a1284da7f1ee0\",\"name\":\"admin\",\"image\":{\"@type\":\"ImageObject\",\"inLanguage\":\"en-US\",\"@id\":\"https:\/\/stadtwerkezeitung.info\/forst\/#\/schema\/person\/image\/\",\"url\":\"https:\/\/secure.gravatar.com\/avatar\/52dc0b3340c8087a51f52eaa20dc62cd4a6fe41f5bd886140989db7b572c00cd?s=96&d=mm&r=g\",\"contentUrl\":\"https:\/\/secure.gravatar.com\/avatar\/52dc0b3340c8087a51f52eaa20dc62cd4a6fe41f5bd886140989db7b572c00cd?s=96&d=mm&r=g\",\"caption\":\"admin\"},\"sameAs\":[\"https:\/\/stadtwerkezeitung.info\"]}]}<\/script>\n<!-- \/ Yoast SEO plugin. -->","yoast_head_json":{"title":"Was hat sich schon bewegt? - Forst","description":"Die neue Bundesregierung ist nun \u00fcber 100\u202fTage im Amt. Union und SPD hatten im Koalitionsvertrag \u00fcber zwei Dutzend Energievorhaben vereinbart \u2013 aber was davon wurde schon umgesetzt? Und was ist in der Pipeline?","robots":{"index":"index","follow":"follow","max-snippet":"max-snippet:-1","max-image-preview":"max-image-preview:large","max-video-preview":"max-video-preview:-1"},"canonical":"https:\/\/stadtwerkezeitung.info\/forst\/was-hat-sich-schon-bewegt\/","og_locale":"en_US","og_type":"article","og_title":"Was hat sich schon bewegt? - Forst","og_description":"Die neue Bundesregierung ist nun \u00fcber 100\u202fTage im Amt. Union und SPD hatten im Koalitionsvertrag \u00fcber zwei Dutzend Energievorhaben vereinbart \u2013 aber was davon wurde schon umgesetzt? Und was ist in der Pipeline?","og_url":"https:\/\/stadtwerkezeitung.info\/forst\/was-hat-sich-schon-bewegt\/","og_site_name":"Forst","article_published_time":"2025-08-21T15:12:43+00:00","article_modified_time":"2025-08-22T08:52:01+00:00","og_image":[{"width":761,"height":465,"url":"https:\/\/stadtwerkezeitung.info\/forst\/wp-content\/uploads\/sites\/2\/2025\/08\/101_Teaser_Bildhirmfoto-2025-08-21-um-08.40.42.png","type":"image\/png"}],"author":"admin","twitter_card":"summary_large_image","twitter_misc":{"Written by":"admin","Est. reading time":"5 minutes"},"schema":{"@context":"https:\/\/schema.org","@graph":[{"@type":"Article","@id":"https:\/\/stadtwerkezeitung.info\/forst\/was-hat-sich-schon-bewegt\/#article","isPartOf":{"@id":"https:\/\/stadtwerkezeitung.info\/forst\/was-hat-sich-schon-bewegt\/"},"author":{"name":"admin","@id":"https:\/\/stadtwerkezeitung.info\/forst\/#\/schema\/person\/acd409dca37d4bb8bf3a1284da7f1ee0"},"headline":"Was hat sich schon bewegt?","datePublished":"2025-08-21T15:12:43+00:00","dateModified":"2025-08-22T08:52:01+00:00","mainEntityOfPage":{"@id":"https:\/\/stadtwerkezeitung.info\/forst\/was-hat-sich-schon-bewegt\/"},"wordCount":800,"commentCount":0,"image":{"@id":"https:\/\/stadtwerkezeitung.info\/forst\/was-hat-sich-schon-bewegt\/#primaryimage"},"thumbnailUrl":"https:\/\/stadtwerkezeitung.info\/forst\/wp-content\/uploads\/sites\/2\/2025\/08\/101_Teaser_Bildhirmfoto-2025-08-21-um-08.40.42.png","inLanguage":"en-US","potentialAction":[{"@type":"CommentAction","name":"Comment","target":["https:\/\/stadtwerkezeitung.info\/forst\/was-hat-sich-schon-bewegt\/#respond"]}]},{"@type":"WebPage","@id":"https:\/\/stadtwerkezeitung.info\/forst\/was-hat-sich-schon-bewegt\/","url":"https:\/\/stadtwerkezeitung.info\/forst\/was-hat-sich-schon-bewegt\/","name":"Was hat sich schon bewegt? - Forst","isPartOf":{"@id":"https:\/\/stadtwerkezeitung.info\/forst\/#website"},"primaryImageOfPage":{"@id":"https:\/\/stadtwerkezeitung.info\/forst\/was-hat-sich-schon-bewegt\/#primaryimage"},"image":{"@id":"https:\/\/stadtwerkezeitung.info\/forst\/was-hat-sich-schon-bewegt\/#primaryimage"},"thumbnailUrl":"https:\/\/stadtwerkezeitung.info\/forst\/wp-content\/uploads\/sites\/2\/2025\/08\/101_Teaser_Bildhirmfoto-2025-08-21-um-08.40.42.png","datePublished":"2025-08-21T15:12:43+00:00","dateModified":"2025-08-22T08:52:01+00:00","author":{"@id":"https:\/\/stadtwerkezeitung.info\/forst\/#\/schema\/person\/acd409dca37d4bb8bf3a1284da7f1ee0"},"description":"Die neue Bundesregierung ist nun \u00fcber 100\u202fTage im Amt. Union und SPD hatten im Koalitionsvertrag \u00fcber zwei Dutzend Energievorhaben vereinbart \u2013 aber was davon wurde schon umgesetzt? Und was ist in der Pipeline?","breadcrumb":{"@id":"https:\/\/stadtwerkezeitung.info\/forst\/was-hat-sich-schon-bewegt\/#breadcrumb"},"inLanguage":"en-US","potentialAction":[{"@type":"ReadAction","target":["https:\/\/stadtwerkezeitung.info\/forst\/was-hat-sich-schon-bewegt\/"]}]},{"@type":"ImageObject","inLanguage":"en-US","@id":"https:\/\/stadtwerkezeitung.info\/forst\/was-hat-sich-schon-bewegt\/#primaryimage","url":"https:\/\/stadtwerkezeitung.info\/forst\/wp-content\/uploads\/sites\/2\/2025\/08\/101_Teaser_Bildhirmfoto-2025-08-21-um-08.40.42.png","contentUrl":"https:\/\/stadtwerkezeitung.info\/forst\/wp-content\/uploads\/sites\/2\/2025\/08\/101_Teaser_Bildhirmfoto-2025-08-21-um-08.40.42.png","width":761,"height":465},{"@type":"BreadcrumbList","@id":"https:\/\/stadtwerkezeitung.info\/forst\/was-hat-sich-schon-bewegt\/#breadcrumb","itemListElement":[{"@type":"ListItem","position":1,"name":"Home","item":"https:\/\/stadtwerkezeitung.info\/forst\/"},{"@type":"ListItem","position":2,"name":"Was hat sich schon bewegt?"}]},{"@type":"WebSite","@id":"https:\/\/stadtwerkezeitung.info\/forst\/#website","url":"https:\/\/stadtwerkezeitung.info\/forst\/","name":"Forst","description":"","inLanguage":"en-US"},{"@type":"Person","@id":"https:\/\/stadtwerkezeitung.info\/forst\/#\/schema\/person\/acd409dca37d4bb8bf3a1284da7f1ee0","name":"admin","image":{"@type":"ImageObject","inLanguage":"en-US","@id":"https:\/\/stadtwerkezeitung.info\/forst\/#\/schema\/person\/image\/","url":"https:\/\/secure.gravatar.com\/avatar\/52dc0b3340c8087a51f52eaa20dc62cd4a6fe41f5bd886140989db7b572c00cd?s=96&d=mm&r=g","contentUrl":"https:\/\/secure.gravatar.com\/avatar\/52dc0b3340c8087a51f52eaa20dc62cd4a6fe41f5bd886140989db7b572c00cd?s=96&d=mm&r=g","caption":"admin"},"sameAs":["https:\/\/stadtwerkezeitung.info"]}]}},"_links":{"self":[{"href":"https:\/\/stadtwerkezeitung.info\/forst\/wp-json\/wp\/v2\/posts\/538","targetHints":{"allow":["GET"]}}],"collection":[{"href":"https:\/\/stadtwerkezeitung.info\/forst\/wp-json\/wp\/v2\/posts"}],"about":[{"href":"https:\/\/stadtwerkezeitung.info\/forst\/wp-json\/wp\/v2\/types\/post"}],"author":[{"embeddable":true,"href":"https:\/\/stadtwerkezeitung.info\/forst\/wp-json\/wp\/v2\/users\/1"}],"replies":[{"embeddable":true,"href":"https:\/\/stadtwerkezeitung.info\/forst\/wp-json\/wp\/v2\/comments?post=538"}],"version-history":[{"count":3,"href":"https:\/\/stadtwerkezeitung.info\/forst\/wp-json\/wp\/v2\/posts\/538\/revisions"}],"predecessor-version":[{"id":571,"href":"https:\/\/stadtwerkezeitung.info\/forst\/wp-json\/wp\/v2\/posts\/538\/revisions\/571"}],"wp:featuredmedia":[{"embeddable":true,"href":"https:\/\/stadtwerkezeitung.info\/forst\/wp-json\/wp\/v2\/media\/542"}],"wp:attachment":[{"href":"https:\/\/stadtwerkezeitung.info\/forst\/wp-json\/wp\/v2\/media?parent=538"}],"wp:term":[{"taxonomy":"category","embeddable":true,"href":"https:\/\/stadtwerkezeitung.info\/forst\/wp-json\/wp\/v2\/categories?post=538"},{"taxonomy":"post_tag","embeddable":true,"href":"https:\/\/stadtwerkezeitung.info\/forst\/wp-json\/wp\/v2\/tags?post=538"}],"curies":[{"name":"wp","href":"https:\/\/api.w.org\/{rel}","templated":true}]}}