{"id":552,"date":"2025-08-21T15:31:40","date_gmt":"2025-08-21T15:31:40","guid":{"rendered":"https:\/\/stadtwerkezeitung.info\/forst\/?p=552"},"modified":"2025-08-21T15:33:45","modified_gmt":"2025-08-21T15:33:45","slug":"expedition-zu-armleuchtern-und-huepferlingen","status":"publish","type":"post","link":"https:\/\/stadtwerkezeitung.info\/forst\/expedition-zu-armleuchtern-und-huepferlingen\/","title":{"rendered":"Expedition zu Armleuchtern und H\u00fcpferlingen"},"content":{"rendered":"<h2>Unterwegs mit dem Forschungsschiff Solar-Explorer<\/h2>\n<h1>Expedition zu Armleuchtern und H\u00fcpferlingen<br \/>\n<\/h1>\n<h3>Von Jana Krone, Redakteurin der SWZ<\/h3>\n<h2>Lautlos gleitet der schnittige Katamaran \u00fcber das Wasser des Werbellinsees. Es ist ein schwimmendes Labor, auf dem jedermann in die Tiefen des Eiszeitgew\u00e4ssers eintauchen kann.<\/h2>\n<p><img decoding=\"async\" src=\"\/forst\/wp-content\/uploads\/2025\/08\/201_Bild_2_DSC_9750.jpg\" alt=\"\"><\/p>\n<div>\n<p><em>Redakteurin Jana Krone staunt mit Enkelin Cleo was alles in einem Wassertropfen lebt.<\/p>\n<p><small>Foto: SPREE-PR\/Krone<\/small><\/em><\/p>\n<\/div>\n<div>\n<p>\u201eDa zappelt was\u201c, jubelt die vierj\u00e4hrige Cleo. Neugierig schaut sie noch einmal durch das Mikroskop. Wenig sp\u00e4ter begutachtet Biologin Anne Wolf den 400-fach vergr\u00f6\u00dferten Wassertropfen. \u201eDas ist ein H\u00fcpferling\u201c, erkl\u00e4rt sie. Anne Wolf von Kulturlandschaft Uckermark e. V. aus Angerm\u00fcnde leitet an diesem Freitag im August die Mini-Expedition mit dem Forschungsschiff Solar-Explorer.<\/p>\n<h4>Ein Katamaran ohne Segel<\/h4>\n<p>Das Forschungsschiff schippert seit 2012 \u00fcber einen der sch\u00f6nsten und tiefsten Seen des UNESCO-Biosph\u00e4renreservats Schorfheide-Chorin. Ein 18 Meter langer Katamaran, der nicht vom Wind in Segeln angetrieben wird, sondern von der Sonne, deren Energie von riesigen Photovoltaikzellen auf dem Dach und an den Seiten eingefangen wird. Das 14-Tonnen-schwere Schiff soll Lust aufs Forschen wecken. Unter dem Motto \u201eFische, Fernglas, Fotosynthese\u201c sticht es jedes Jahr zwischen Mai und Oktober bis zu 75-mal zu einem Abenteuer in See.<\/p>\n<\/div>\n<p><img decoding=\"async\" src=\"\/forst\/wp-content\/uploads\/2025\/08\/201_Bild_3_DSC_9714.jpg\" alt=\"\"><\/p>\n<div>\n<p><em> Mit einem Kescher wird im See gefischt. <br \/><small>Foto: SPREE-PR\/Krone<\/small><\/em><\/p>\n<\/div>\n<div>\n<h4>Mitmachen, entdecken, staunen<\/h4>\n<p>Cleo l\u00e4sst zuerst eine wei\u00dfe Scheibe an einer langen Schnur mit Knoten ins Wasser. \u201eIch sehe sie nicht mehr\u201c, ruft sie pl\u00f6tzlich. F\u00fcnf Knoten z\u00e4hlt sie. \u201eF\u00fcnf Meter Sichttiefe, das ist super\u201c, erkl\u00e4rt Expeditionsleiterin Anne. \u201eDas Wasser im Werbellinsee ist sehr sauber.\u201c Doch was ist das? Im Boden des Keschers eines anderen Expeditionsteilnehmers schwimmt gr\u00fcne Br\u00fche.<\/p>\n<p>\u201eDas ist Plankton\u201c, wei\u00df ein Hobbyforscher. Einen Tropfen davon untersucht Cleo im Mikroskop und entdeckt Wasserfl\u00f6he, Schwebesternchen, R\u00e4dertierchen und die zappelnden H\u00fcpferlinge. \u201eDer See ist nicht nur gro\u00dfartig zum Baden, sondern auch ein wertvoller Lebensraum\u201c, erz\u00e4hlt die Referentin f\u00fcr Umweltbildung. \u201eDieses Plankton ist Futter f\u00fcr Fische. Diese locken Eisvogel, Kranich und Haubentaucher an. Sogar der Seeadler nistet hier.\u201c Spontan greifen wir eins der bereitstehenden Ferngl\u00e4ser und suchen den See ab. Schade, an diesem Tag h\u00e4lt der Vogel mit den mehr als zwei Meter breiten Schwingen sich versteckt. <\/p>\n<\/div>\n<p><img decoding=\"async\" src=\"\/forst\/wp-content\/uploads\/2025\/08\/201_Bild4_DSC_9730.jpg\" alt=\"\"><\/p>\n<div>\n<p><em> Cleo staunt: Das Wasser ist ja ganz gr\u00fcn. <br \/><small>Foto: SPREE-PR\/Krone<\/small><\/em><\/p>\n<\/div>\n<p><img decoding=\"async\" src=\"\/forst\/wp-content\/uploads\/2025\/08\/201_Bild_5_DSC_9762.jpg\" alt=\"\"><\/p>\n<div>\n<p><em> Die Teilnehmer der Schnuppertour mikroskopieren.<br \/><small>Foto: SPREE-PR\/Krone<\/small><\/em><\/p>\n<\/div>\n<div>\n<h4>Spannende Gruppenpakete<\/h4>\n<p>In der einst\u00fcndigen Schnupperfahrt erleben wir nur einen kleinen Ausschnitt der m\u00f6glichen Forschungsthemen an Bord. Mit Hilfe eines Krans am Heck k\u00f6nnten wir noch Boden- und Pflanzenproben einholen und analysieren. Vielleicht h\u00e4tten wir eine der ganz seltenen Armleuchteralgen herausgefischt, die es im Werbellinsee noch gibt. Wir k\u00f6nnten uns die Solartechnik des Schiffs erkl\u00e4ren und die Zusammenh\u00e4nge von Biodiversit\u00e4t und menschlichem Handeln verdeutlichen lassen. \u201eWir bieten verschiedene Pakete f\u00fcr Kitakinder, Sch\u00fcler, Studenten und Erwachsene an. Die Fahrten dauern dann 2,5 Stunden.\u201c Das Projekt \u201eFische, Fernglas, Fotosynthese\u201c der \u201eSolar Explorer\u201c des Biosph\u00e4renreservats Schorfheide-Chorin ist so vielf\u00e4ltig und interessant, dass es sogar von einem Gremium der UN-Dekade Biologische Vielfalt ausgezeichnet wurde.<\/p>\n<p>Nach einer Stunde legt der Katamaran wieder am Steg des Wassersportclubs Altenhof e.V. an. \u201eDas war toll\u201c, schw\u00e4rmt die vierj\u00e4hrige Cleo und winkt zum Abschied Anne, der Expeditionsleiterin, zu.<\/p>\n<\/div>\n<div>\n<p>        <img decoding=\"async\" src=\"\/forst\/wp-content\/uploads\/2025\/08\/201_Bild_6_Logosolarexplorer-logo.png\" alt=\"\"><\/p>\n<p><a href=\"https:\/\/www.solar-explorer.de\">Mehr Infos<\/a><\/p>\n<\/div>\n<p><!--more--><br \/>\n<!-- {\"type\":\"layout\",\"children\":[{\"type\":\"section\",\"props\":{\"image_position\":\"center-center\",\"padding_remove_top\":true,\"style\":\"default\",\"title_breakpoint\":\"xl\",\"title_position\":\"top-left\",\"title_rotation\":\"left\",\"vertical_align\":\"\",\"width\":\"small\"},\"children\":[{\"type\":\"row\",\"children\":[{\"type\":\"column\",\"props\":{\"image_position\":\"center-center\",\"position_sticky_breakpoint\":\"m\"},\"children\":[{\"type\":\"headline\",\"props\":{\"content\":\"Unterwegs mit dem Forschungsschiff Solar-Explorer\",\"margin\":\"small\",\"margin_remove_bottom\":false,\"margin_remove_top\":false,\"title_element\":\"h2\",\"title_style\":\"h5\"}},{\"type\":\"headline\",\"props\":{\"content\":\"Expedition zu Armleuchtern und H\\u00fcpferlingen\\n\",\"margin\":\"small\",\"margin_remove_bottom\":false,\"margin_remove_top\":false,\"title_element\":\"h1\"}},{\"type\":\"headline\",\"props\":{\"content\":\"Von Jana Krone, Redakteurin der SWZ\",\"margin\":\"small\",\"margin_remove_top\":false,\"title_color\":\"muted\",\"title_decoration\":\"bullet\",\"title_element\":\"h3\",\"title_style\":\"h6\"}},{\"type\":\"headline\",\"props\":{\"content\":\"Lautlos gleitet der schnittige Katamaran \\u00fcber das Wasser des Werbellinsees. Es ist ein schwimmendes Labor, auf dem jedermann in die Tiefen des Eiszeitgew\\u00e4ssers eintauchen kann.\",\"margin\":\"small\",\"margin_remove_top\":false,\"title_element\":\"h2\",\"title_style\":\"h4\"}},{\"type\":\"image\",\"props\":{\"image\":\"wp-content\\\/uploads\\\/2025\\\/08\\\/201_Bild_2_DSC_9750.jpg\",\"image_svg_color\":\"emphasis\",\"margin\":\"default\",\"text_align\":\"center\"}},{\"type\":\"text\",\"props\":{\"column_breakpoint\":\"m\",\"content\":\"\n\n<p><em>Redakteurin Jana Krone staunt mit Enkelin Cleo was alles in einem Wassertropfen lebt.\\n\\n\\n\\n<br \\\/><small>Foto: SPREE-PR\\\/Krone<\\\/small><\\\/em><\\\/p>\",\"margin\":\"default\"}}]}]},{\"type\":\"row\",\"props\":{\"divider\":true,\"layout\":\"1-2,1-2\"},\"children\":[{\"type\":\"column\",\"props\":{\"image_position\":\"center-center\",\"position_sticky_breakpoint\":\"m\",\"vertical_align\":\"middle\",\"width_medium\":\"1-2\"},\"children\":[{\"type\":\"text\",\"props\":{\"column_breakpoint\":\"m\",\"content\":\"\n\n<p>\\u201eDa zappelt was\\u201c, jubelt die vierj\\u00e4hrige Cleo. Neugierig schaut sie noch einmal durch das Mikroskop. Wenig sp\\u00e4ter begutachtet Biologin Anne Wolf den 400-fach vergr\\u00f6\\u00dferten Wassertropfen. \\u201eDas ist ein H\\u00fcpferling\\u201c, erkl\\u00e4rt sie. Anne Wolf von Kulturlandschaft Uckermark e. V. aus Angerm\\u00fcnde leitet an diesem Freitag im August die Mini-Expedition mit dem Forschungsschiff Solar-Explorer.<\\\/p>\\n\n\n<h4>Ein Katamaran ohne Segel<\\\/h4>\\n\n\n<p>Das Forschungsschiff schippert seit 2012 \\u00fcber einen der sch\\u00f6nsten und tiefsten Seen des UNESCO-Biosph\\u00e4renreservats Schorfheide-Chorin. Ein 18 Meter langer Katamaran, der nicht vom Wind in Segeln angetrieben wird, sondern von der Sonne, deren Energie von riesigen Photovoltaikzellen auf dem Dach und an den Seiten eingefangen wird. Das 14-Tonnen-schwere Schiff soll Lust aufs Forschen wecken. Unter dem Motto \\u201eFische, Fernglas, Fotosynthese\\u201c sticht es jedes Jahr zwischen Mai und Oktober bis zu 75-mal zu einem Abenteuer in See.<\\\/p>\",\"margin\":\"default\"}}]},{\"type\":\"column\",\"props\":{\"image_position\":\"center-center\",\"position_sticky_breakpoint\":\"m\",\"vertical_align\":\"middle\",\"width_medium\":\"1-2\"},\"children\":[{\"type\":\"image\",\"props\":{\"image\":\"wp-content\\\/uploads\\\/2025\\\/08\\\/201_Bild_3_DSC_9714.jpg\",\"image_svg_color\":\"emphasis\",\"margin\":\"default\",\"text_align\":\"center\"}},{\"type\":\"text\",\"props\":{\"column_breakpoint\":\"m\",\"content\":\"\n\n<p><em> Mit einem Kescher wird im See gefischt. <br \\\/><small>Foto: SPREE-PR\\\/Krone<\\\/small><\\\/em><\\\/p>\",\"margin\":\"default\"}}]}]},{\"type\":\"row\",\"props\":{\"divider\":true,\"layout\":\"1-2,1-2\"},\"children\":[{\"type\":\"column\",\"props\":{\"image_position\":\"center-center\",\"position_sticky_breakpoint\":\"m\",\"vertical_align\":\"middle\",\"width_medium\":\"1-2\"},\"children\":[{\"type\":\"text\",\"props\":{\"column_breakpoint\":\"m\",\"content\":\"\n\n<h4>Mitmachen, entdecken, staunen<\\\/h4>\\n\n\n<p>Cleo l\\u00e4sst zuerst eine wei\\u00dfe Scheibe an einer langen Schnur mit Knoten ins Wasser. \\u201eIch sehe sie nicht mehr\\u201c, ruft sie pl\\u00f6tzlich. F\\u00fcnf Knoten z\\u00e4hlt sie. \\u201eF\\u00fcnf Meter Sichttiefe, das ist super\\u201c, erkl\\u00e4rt Expeditionsleiterin Anne. \\u201eDas Wasser im Werbellinsee ist sehr sauber.\\u201c Doch was ist das? Im Boden des Keschers eines anderen Expeditionsteilnehmers schwimmt gr\\u00fcne Br\\u00fche.<\\\/p>\n\n<p>\\u201eDas ist Plankton\\u201c, wei\\u00df ein Hobbyforscher. Einen Tropfen davon untersucht Cleo im Mikroskop und entdeckt Wasserfl\\u00f6he, Schwebesternchen, R\\u00e4dertierchen und die zappelnden H\\u00fcpferlinge. \\u201eDer See ist nicht nur gro\\u00dfartig zum Baden, sondern auch ein wertvoller Lebensraum\\u201c, erz\\u00e4hlt die Referentin f\\u00fcr Umweltbildung. \\u201eDieses Plankton ist Futter f\\u00fcr Fische. Diese locken Eisvogel, Kranich und Haubentaucher an. Sogar der Seeadler nistet hier.\\u201c Spontan greifen wir eins der bereitstehenden Ferngl\\u00e4ser und suchen den See ab. Schade, an diesem Tag h\\u00e4lt der Vogel mit den mehr als zwei Meter breiten Schwingen sich versteckt. <\\\/p>\",\"margin\":\"default\"}}]},{\"type\":\"column\",\"props\":{\"image_position\":\"center-center\",\"order_first\":\"l\",\"position_sticky_breakpoint\":\"m\",\"vertical_align\":\"middle\",\"width_medium\":\"1-2\"},\"children\":[{\"type\":\"image\",\"props\":{\"image\":\"wp-content\\\/uploads\\\/2025\\\/08\\\/201_Bild4_DSC_9730.jpg\",\"image_svg_color\":\"emphasis\",\"margin\":\"default\"}},{\"type\":\"text\",\"props\":{\"column_breakpoint\":\"m\",\"content\":\"\n\n<p><em> Cleo staunt: Das Wasser ist ja ganz gr\\u00fcn. <br \\\/><small>Foto: SPREE-PR\\\/Krone<\\\/small><\\\/em><\\\/p>\",\"margin\":\"default\"}}]}]},{\"type\":\"row\",\"children\":[{\"type\":\"column\",\"props\":{\"image_position\":\"center-center\",\"position_sticky_breakpoint\":\"m\"},\"children\":[{\"type\":\"image\",\"props\":{\"image\":\"wp-content\\\/uploads\\\/2025\\\/08\\\/201_Bild_5_DSC_9762.jpg\",\"image_svg_color\":\"emphasis\",\"margin\":\"default\"}},{\"type\":\"text\",\"props\":{\"column_breakpoint\":\"m\",\"content\":\"\n\n<p><em> Die Teilnehmer der Schnuppertour mikroskopieren.<br \\\/><small>Foto: SPREE-PR\\\/Krone<\\\/small><\\\/em><\\\/p>\",\"margin\":\"default\"}},{\"type\":\"text\",\"props\":{\"column_breakpoint\":\"m\",\"content\":\"\n\n<h4>Spannende Gruppenpakete<\\\/h4>\\n\n\n<p>In der einst\\u00fcndigen Schnupperfahrt erleben wir nur einen kleinen Ausschnitt der m\\u00f6glichen Forschungsthemen an Bord. Mit Hilfe eines Krans am Heck k\\u00f6nnten wir noch Boden- und Pflanzenproben einholen und analysieren. Vielleicht h\\u00e4tten wir eine der ganz seltenen Armleuchteralgen herausgefischt, die es im Werbellinsee noch gibt. Wir k\\u00f6nnten uns die Solartechnik des Schiffs erkl\\u00e4ren und die Zusammenh\\u00e4nge von Biodiversit\\u00e4t und menschlichem Handeln verdeutlichen lassen. \\u201eWir bieten verschiedene Pakete f\\u00fcr Kitakinder, Sch\\u00fcler, Studenten und Erwachsene an. Die Fahrten dauern dann 2,5 Stunden.\\u201c Das Projekt \\u201eFische, Fernglas, Fotosynthese\\u201c der \\u201eSolar Explorer\\u201c des Biosph\\u00e4renreservats Schorfheide-Chorin ist so vielf\\u00e4ltig und interessant, dass es sogar von einem Gremium der UN-Dekade Biologische Vielfalt ausgezeichnet wurde.<\\\/p>\\n\n\n<p>Nach einer Stunde legt der Katamaran wieder am Steg des Wassersportclubs Altenhof e.V. an. \\u201eDas war toll\\u201c, schw\\u00e4rmt die vierj\\u00e4hrige Cleo und winkt zum Abschied Anne, der Expeditionsleiterin, zu.<\\\/p>\",\"margin\":\"default\"}},{\"type\":\"panel\",\"props\":{\"content_column_breakpoint\":\"m\",\"icon_width\":80,\"image\":\"wp-content\\\/uploads\\\/2025\\\/08\\\/201_Bild_6_Logosolarexplorer-logo.png\",\"image_align\":\"top\",\"image_grid_breakpoint\":\"m\",\"image_grid_width\":\"1-2\",\"image_svg_color\":\"emphasis\",\"image_transition_border\":false,\"link\":\"https:\\\/\\\/www.solar-explorer.de\",\"link_fullwidth\":true,\"link_style\":\"secondary\",\"link_target\":true,\"link_text\":\"Mehr Infos\",\"margin\":\"default\",\"meta_align\":\"below-title\",\"meta_element\":\"div\",\"meta_style\":\"text-meta\",\"panel_link\":true,\"panel_padding\":\"default\",\"panel_style\":\"card-default\",\"title_align\":\"top\",\"title_element\":\"h3\",\"title_grid_breakpoint\":\"m\",\"title_grid_width\":\"1-2\",\"title_hover_style\":\"reset\"}}]}]}],\"name\":\"xxx - forschungsschiff\"}],\"version\":\"4.4.1\"} --><\/p>\n","protected":false},"excerpt":{"rendered":"<p>Unterwegs mit dem Forschungsschiff Solar-Explorer Expedition zu Armleuchtern und H\u00fcpferlingen Von Jana Krone, Redakteurin der SWZ Lautlos gleitet der schnittige Katamaran \u00fcber das Wasser des Werbellinsees. Es ist ein schwimmendes Labor, auf dem jedermann in die Tiefen des Eiszeitgew\u00e4ssers eintauchen kann. Redakteurin Jana Krone staunt mit Enkelin Cleo was alles in einem Wassertropfen lebt. Foto: [&hellip;]<\/p>\n","protected":false},"author":1,"featured_media":554,"comment_status":"open","ping_status":"open","sticky":false,"template":"","format":"standard","meta":{"footnotes":""},"categories":[1],"tags":[],"class_list":["post-552","post","type-post","status-publish","format-standard","has-post-thumbnail","hentry","category-uncategorized"],"yoast_head":"<!-- This site is optimized with the Yoast SEO plugin v26.9 - https:\/\/yoast.com\/product\/yoast-seo-wordpress\/ -->\n<title>Expedition zu Armleuchtern und H\u00fcpferlingen - Forst<\/title>\n<meta name=\"description\" content=\"Lautlos gleitet der schnittige Katamaran \u00fcber das Wasser des Werbellinsees. Es ist ein schwimmendes Labor, auf dem jedermann in die Tiefen des Eiszeitgew\u00e4ssers eintauchen kann.\" \/>\n<meta name=\"robots\" content=\"index, follow, max-snippet:-1, max-image-preview:large, max-video-preview:-1\" \/>\n<link rel=\"canonical\" href=\"https:\/\/stadtwerkezeitung.info\/forst\/expedition-zu-armleuchtern-und-huepferlingen\/\" \/>\n<meta property=\"og:locale\" content=\"en_US\" \/>\n<meta property=\"og:type\" content=\"article\" \/>\n<meta property=\"og:title\" content=\"Expedition zu Armleuchtern und H\u00fcpferlingen - Forst\" \/>\n<meta property=\"og:description\" content=\"Lautlos gleitet der schnittige Katamaran \u00fcber das Wasser des Werbellinsees. Es ist ein schwimmendes Labor, auf dem jedermann in die Tiefen des Eiszeitgew\u00e4ssers eintauchen kann.\" \/>\n<meta property=\"og:url\" content=\"https:\/\/stadtwerkezeitung.info\/forst\/expedition-zu-armleuchtern-und-huepferlingen\/\" \/>\n<meta property=\"og:site_name\" content=\"Forst\" \/>\n<meta property=\"article:published_time\" content=\"2025-08-21T15:31:40+00:00\" \/>\n<meta property=\"article:modified_time\" content=\"2025-08-21T15:33:45+00:00\" \/>\n<meta property=\"og:image\" content=\"https:\/\/stadtwerkezeitung.info\/forst\/wp-content\/uploads\/sites\/2\/2025\/08\/201_Teaser_Bild_Solar-Explorer.png\" \/>\n\t<meta property=\"og:image:width\" content=\"900\" \/>\n\t<meta property=\"og:image:height\" content=\"506\" \/>\n\t<meta property=\"og:image:type\" content=\"image\/png\" \/>\n<meta name=\"author\" content=\"admin\" \/>\n<meta name=\"twitter:card\" content=\"summary_large_image\" \/>\n<meta name=\"twitter:label1\" content=\"Written by\" \/>\n\t<meta name=\"twitter:data1\" content=\"admin\" \/>\n\t<meta name=\"twitter:label2\" content=\"Est. reading time\" \/>\n\t<meta name=\"twitter:data2\" content=\"5 minutes\" \/>\n<script type=\"application\/ld+json\" class=\"yoast-schema-graph\">{\"@context\":\"https:\/\/schema.org\",\"@graph\":[{\"@type\":\"Article\",\"@id\":\"https:\/\/stadtwerkezeitung.info\/forst\/expedition-zu-armleuchtern-und-huepferlingen\/#article\",\"isPartOf\":{\"@id\":\"https:\/\/stadtwerkezeitung.info\/forst\/expedition-zu-armleuchtern-und-huepferlingen\/\"},\"author\":{\"name\":\"admin\",\"@id\":\"https:\/\/stadtwerkezeitung.info\/forst\/#\/schema\/person\/acd409dca37d4bb8bf3a1284da7f1ee0\"},\"headline\":\"Expedition zu Armleuchtern und H\u00fcpferlingen\",\"datePublished\":\"2025-08-21T15:31:40+00:00\",\"dateModified\":\"2025-08-21T15:33:45+00:00\",\"mainEntityOfPage\":{\"@id\":\"https:\/\/stadtwerkezeitung.info\/forst\/expedition-zu-armleuchtern-und-huepferlingen\/\"},\"wordCount\":552,\"commentCount\":0,\"image\":{\"@id\":\"https:\/\/stadtwerkezeitung.info\/forst\/expedition-zu-armleuchtern-und-huepferlingen\/#primaryimage\"},\"thumbnailUrl\":\"https:\/\/stadtwerkezeitung.info\/forst\/wp-content\/uploads\/sites\/2\/2025\/08\/201_Teaser_Bild_Solar-Explorer.png\",\"inLanguage\":\"en-US\",\"potentialAction\":[{\"@type\":\"CommentAction\",\"name\":\"Comment\",\"target\":[\"https:\/\/stadtwerkezeitung.info\/forst\/expedition-zu-armleuchtern-und-huepferlingen\/#respond\"]}]},{\"@type\":\"WebPage\",\"@id\":\"https:\/\/stadtwerkezeitung.info\/forst\/expedition-zu-armleuchtern-und-huepferlingen\/\",\"url\":\"https:\/\/stadtwerkezeitung.info\/forst\/expedition-zu-armleuchtern-und-huepferlingen\/\",\"name\":\"Expedition zu Armleuchtern und H\u00fcpferlingen - Forst\",\"isPartOf\":{\"@id\":\"https:\/\/stadtwerkezeitung.info\/forst\/#website\"},\"primaryImageOfPage\":{\"@id\":\"https:\/\/stadtwerkezeitung.info\/forst\/expedition-zu-armleuchtern-und-huepferlingen\/#primaryimage\"},\"image\":{\"@id\":\"https:\/\/stadtwerkezeitung.info\/forst\/expedition-zu-armleuchtern-und-huepferlingen\/#primaryimage\"},\"thumbnailUrl\":\"https:\/\/stadtwerkezeitung.info\/forst\/wp-content\/uploads\/sites\/2\/2025\/08\/201_Teaser_Bild_Solar-Explorer.png\",\"datePublished\":\"2025-08-21T15:31:40+00:00\",\"dateModified\":\"2025-08-21T15:33:45+00:00\",\"author\":{\"@id\":\"https:\/\/stadtwerkezeitung.info\/forst\/#\/schema\/person\/acd409dca37d4bb8bf3a1284da7f1ee0\"},\"description\":\"Lautlos gleitet der schnittige Katamaran \u00fcber das Wasser des Werbellinsees. Es ist ein schwimmendes Labor, auf dem jedermann in die Tiefen des Eiszeitgew\u00e4ssers eintauchen kann.\",\"breadcrumb\":{\"@id\":\"https:\/\/stadtwerkezeitung.info\/forst\/expedition-zu-armleuchtern-und-huepferlingen\/#breadcrumb\"},\"inLanguage\":\"en-US\",\"potentialAction\":[{\"@type\":\"ReadAction\",\"target\":[\"https:\/\/stadtwerkezeitung.info\/forst\/expedition-zu-armleuchtern-und-huepferlingen\/\"]}]},{\"@type\":\"ImageObject\",\"inLanguage\":\"en-US\",\"@id\":\"https:\/\/stadtwerkezeitung.info\/forst\/expedition-zu-armleuchtern-und-huepferlingen\/#primaryimage\",\"url\":\"https:\/\/stadtwerkezeitung.info\/forst\/wp-content\/uploads\/sites\/2\/2025\/08\/201_Teaser_Bild_Solar-Explorer.png\",\"contentUrl\":\"https:\/\/stadtwerkezeitung.info\/forst\/wp-content\/uploads\/sites\/2\/2025\/08\/201_Teaser_Bild_Solar-Explorer.png\",\"width\":900,\"height\":506},{\"@type\":\"BreadcrumbList\",\"@id\":\"https:\/\/stadtwerkezeitung.info\/forst\/expedition-zu-armleuchtern-und-huepferlingen\/#breadcrumb\",\"itemListElement\":[{\"@type\":\"ListItem\",\"position\":1,\"name\":\"Home\",\"item\":\"https:\/\/stadtwerkezeitung.info\/forst\/\"},{\"@type\":\"ListItem\",\"position\":2,\"name\":\"Expedition zu Armleuchtern und H\u00fcpferlingen\"}]},{\"@type\":\"WebSite\",\"@id\":\"https:\/\/stadtwerkezeitung.info\/forst\/#website\",\"url\":\"https:\/\/stadtwerkezeitung.info\/forst\/\",\"name\":\"Forst\",\"description\":\"\",\"inLanguage\":\"en-US\"},{\"@type\":\"Person\",\"@id\":\"https:\/\/stadtwerkezeitung.info\/forst\/#\/schema\/person\/acd409dca37d4bb8bf3a1284da7f1ee0\",\"name\":\"admin\",\"image\":{\"@type\":\"ImageObject\",\"inLanguage\":\"en-US\",\"@id\":\"https:\/\/stadtwerkezeitung.info\/forst\/#\/schema\/person\/image\/\",\"url\":\"https:\/\/secure.gravatar.com\/avatar\/52dc0b3340c8087a51f52eaa20dc62cd4a6fe41f5bd886140989db7b572c00cd?s=96&d=mm&r=g\",\"contentUrl\":\"https:\/\/secure.gravatar.com\/avatar\/52dc0b3340c8087a51f52eaa20dc62cd4a6fe41f5bd886140989db7b572c00cd?s=96&d=mm&r=g\",\"caption\":\"admin\"},\"sameAs\":[\"https:\/\/stadtwerkezeitung.info\"]}]}<\/script>\n<!-- \/ Yoast SEO plugin. -->","yoast_head_json":{"title":"Expedition zu Armleuchtern und H\u00fcpferlingen - Forst","description":"Lautlos gleitet der schnittige Katamaran \u00fcber das Wasser des Werbellinsees. Es ist ein schwimmendes Labor, auf dem jedermann in die Tiefen des Eiszeitgew\u00e4ssers eintauchen kann.","robots":{"index":"index","follow":"follow","max-snippet":"max-snippet:-1","max-image-preview":"max-image-preview:large","max-video-preview":"max-video-preview:-1"},"canonical":"https:\/\/stadtwerkezeitung.info\/forst\/expedition-zu-armleuchtern-und-huepferlingen\/","og_locale":"en_US","og_type":"article","og_title":"Expedition zu Armleuchtern und H\u00fcpferlingen - Forst","og_description":"Lautlos gleitet der schnittige Katamaran \u00fcber das Wasser des Werbellinsees. Es ist ein schwimmendes Labor, auf dem jedermann in die Tiefen des Eiszeitgew\u00e4ssers eintauchen kann.","og_url":"https:\/\/stadtwerkezeitung.info\/forst\/expedition-zu-armleuchtern-und-huepferlingen\/","og_site_name":"Forst","article_published_time":"2025-08-21T15:31:40+00:00","article_modified_time":"2025-08-21T15:33:45+00:00","og_image":[{"width":900,"height":506,"url":"https:\/\/stadtwerkezeitung.info\/forst\/wp-content\/uploads\/sites\/2\/2025\/08\/201_Teaser_Bild_Solar-Explorer.png","type":"image\/png"}],"author":"admin","twitter_card":"summary_large_image","twitter_misc":{"Written by":"admin","Est. reading time":"5 minutes"},"schema":{"@context":"https:\/\/schema.org","@graph":[{"@type":"Article","@id":"https:\/\/stadtwerkezeitung.info\/forst\/expedition-zu-armleuchtern-und-huepferlingen\/#article","isPartOf":{"@id":"https:\/\/stadtwerkezeitung.info\/forst\/expedition-zu-armleuchtern-und-huepferlingen\/"},"author":{"name":"admin","@id":"https:\/\/stadtwerkezeitung.info\/forst\/#\/schema\/person\/acd409dca37d4bb8bf3a1284da7f1ee0"},"headline":"Expedition zu Armleuchtern und H\u00fcpferlingen","datePublished":"2025-08-21T15:31:40+00:00","dateModified":"2025-08-21T15:33:45+00:00","mainEntityOfPage":{"@id":"https:\/\/stadtwerkezeitung.info\/forst\/expedition-zu-armleuchtern-und-huepferlingen\/"},"wordCount":552,"commentCount":0,"image":{"@id":"https:\/\/stadtwerkezeitung.info\/forst\/expedition-zu-armleuchtern-und-huepferlingen\/#primaryimage"},"thumbnailUrl":"https:\/\/stadtwerkezeitung.info\/forst\/wp-content\/uploads\/sites\/2\/2025\/08\/201_Teaser_Bild_Solar-Explorer.png","inLanguage":"en-US","potentialAction":[{"@type":"CommentAction","name":"Comment","target":["https:\/\/stadtwerkezeitung.info\/forst\/expedition-zu-armleuchtern-und-huepferlingen\/#respond"]}]},{"@type":"WebPage","@id":"https:\/\/stadtwerkezeitung.info\/forst\/expedition-zu-armleuchtern-und-huepferlingen\/","url":"https:\/\/stadtwerkezeitung.info\/forst\/expedition-zu-armleuchtern-und-huepferlingen\/","name":"Expedition zu Armleuchtern und H\u00fcpferlingen - Forst","isPartOf":{"@id":"https:\/\/stadtwerkezeitung.info\/forst\/#website"},"primaryImageOfPage":{"@id":"https:\/\/stadtwerkezeitung.info\/forst\/expedition-zu-armleuchtern-und-huepferlingen\/#primaryimage"},"image":{"@id":"https:\/\/stadtwerkezeitung.info\/forst\/expedition-zu-armleuchtern-und-huepferlingen\/#primaryimage"},"thumbnailUrl":"https:\/\/stadtwerkezeitung.info\/forst\/wp-content\/uploads\/sites\/2\/2025\/08\/201_Teaser_Bild_Solar-Explorer.png","datePublished":"2025-08-21T15:31:40+00:00","dateModified":"2025-08-21T15:33:45+00:00","author":{"@id":"https:\/\/stadtwerkezeitung.info\/forst\/#\/schema\/person\/acd409dca37d4bb8bf3a1284da7f1ee0"},"description":"Lautlos gleitet der schnittige Katamaran \u00fcber das Wasser des Werbellinsees. Es ist ein schwimmendes Labor, auf dem jedermann in die Tiefen des Eiszeitgew\u00e4ssers eintauchen kann.","breadcrumb":{"@id":"https:\/\/stadtwerkezeitung.info\/forst\/expedition-zu-armleuchtern-und-huepferlingen\/#breadcrumb"},"inLanguage":"en-US","potentialAction":[{"@type":"ReadAction","target":["https:\/\/stadtwerkezeitung.info\/forst\/expedition-zu-armleuchtern-und-huepferlingen\/"]}]},{"@type":"ImageObject","inLanguage":"en-US","@id":"https:\/\/stadtwerkezeitung.info\/forst\/expedition-zu-armleuchtern-und-huepferlingen\/#primaryimage","url":"https:\/\/stadtwerkezeitung.info\/forst\/wp-content\/uploads\/sites\/2\/2025\/08\/201_Teaser_Bild_Solar-Explorer.png","contentUrl":"https:\/\/stadtwerkezeitung.info\/forst\/wp-content\/uploads\/sites\/2\/2025\/08\/201_Teaser_Bild_Solar-Explorer.png","width":900,"height":506},{"@type":"BreadcrumbList","@id":"https:\/\/stadtwerkezeitung.info\/forst\/expedition-zu-armleuchtern-und-huepferlingen\/#breadcrumb","itemListElement":[{"@type":"ListItem","position":1,"name":"Home","item":"https:\/\/stadtwerkezeitung.info\/forst\/"},{"@type":"ListItem","position":2,"name":"Expedition zu Armleuchtern und H\u00fcpferlingen"}]},{"@type":"WebSite","@id":"https:\/\/stadtwerkezeitung.info\/forst\/#website","url":"https:\/\/stadtwerkezeitung.info\/forst\/","name":"Forst","description":"","inLanguage":"en-US"},{"@type":"Person","@id":"https:\/\/stadtwerkezeitung.info\/forst\/#\/schema\/person\/acd409dca37d4bb8bf3a1284da7f1ee0","name":"admin","image":{"@type":"ImageObject","inLanguage":"en-US","@id":"https:\/\/stadtwerkezeitung.info\/forst\/#\/schema\/person\/image\/","url":"https:\/\/secure.gravatar.com\/avatar\/52dc0b3340c8087a51f52eaa20dc62cd4a6fe41f5bd886140989db7b572c00cd?s=96&d=mm&r=g","contentUrl":"https:\/\/secure.gravatar.com\/avatar\/52dc0b3340c8087a51f52eaa20dc62cd4a6fe41f5bd886140989db7b572c00cd?s=96&d=mm&r=g","caption":"admin"},"sameAs":["https:\/\/stadtwerkezeitung.info"]}]}},"_links":{"self":[{"href":"https:\/\/stadtwerkezeitung.info\/forst\/wp-json\/wp\/v2\/posts\/552","targetHints":{"allow":["GET"]}}],"collection":[{"href":"https:\/\/stadtwerkezeitung.info\/forst\/wp-json\/wp\/v2\/posts"}],"about":[{"href":"https:\/\/stadtwerkezeitung.info\/forst\/wp-json\/wp\/v2\/types\/post"}],"author":[{"embeddable":true,"href":"https:\/\/stadtwerkezeitung.info\/forst\/wp-json\/wp\/v2\/users\/1"}],"replies":[{"embeddable":true,"href":"https:\/\/stadtwerkezeitung.info\/forst\/wp-json\/wp\/v2\/comments?post=552"}],"version-history":[{"count":2,"href":"https:\/\/stadtwerkezeitung.info\/forst\/wp-json\/wp\/v2\/posts\/552\/revisions"}],"predecessor-version":[{"id":556,"href":"https:\/\/stadtwerkezeitung.info\/forst\/wp-json\/wp\/v2\/posts\/552\/revisions\/556"}],"wp:featuredmedia":[{"embeddable":true,"href":"https:\/\/stadtwerkezeitung.info\/forst\/wp-json\/wp\/v2\/media\/554"}],"wp:attachment":[{"href":"https:\/\/stadtwerkezeitung.info\/forst\/wp-json\/wp\/v2\/media?parent=552"}],"wp:term":[{"taxonomy":"category","embeddable":true,"href":"https:\/\/stadtwerkezeitung.info\/forst\/wp-json\/wp\/v2\/categories?post=552"},{"taxonomy":"post_tag","embeddable":true,"href":"https:\/\/stadtwerkezeitung.info\/forst\/wp-json\/wp\/v2\/tags?post=552"}],"curies":[{"name":"wp","href":"https:\/\/api.w.org\/{rel}","templated":true}]}}