{"id":558,"date":"2025-08-21T15:43:51","date_gmt":"2025-08-21T15:43:51","guid":{"rendered":"https:\/\/stadtwerkezeitung.info\/forst\/?p=558"},"modified":"2025-08-26T11:19:44","modified_gmt":"2025-08-26T11:19:44","slug":"die-letzten-ihrer-zunft-wanderschaefer","status":"publish","type":"post","link":"https:\/\/stadtwerkezeitung.info\/forst\/die-letzten-ihrer-zunft-wanderschaefer\/","title":{"rendered":"Die Letzten ihrer Zunft: Wandersch\u00e4fer"},"content":{"rendered":"<h2>Die Letzten ihrer Zunft: Wandersch\u00e4fer<\/h2>\n<h1>Der Sch\u00e4fer und seine wolligen Weltverbesserer<\/h1>\n<h2>Von Jana Krone,<br \/>\nRedakteurin der SWZ<\/h2>\n<h2>Er wei\u00df, was die Welt im Innersten zusammenh\u00e4lt, denn Jonas Scholz hat Chemie studiert. Doch als er vor sechs Jahren lernen wollte, wie er seine drei Schafe scheren kann, hat er seine wirkliche Berufung im Leben gefunden.<\/h2>\n<p><img decoding=\"async\" src=\"\/forst\/wp-content\/uploads\/2025\/08\/202_Bild_1_DSC_9676.jpg\" alt=\"\"><\/p>\n<div>\n<p><em>Flei\u00dfige Mitarbeiter auf vier Klauen: Die Schafe von Jonas Scholz pflegen die Wiese unter dem Solarpark an der s\u00fcdlichen A10. Er checkt, ob alle Tiere gesund sind. Die drei Monate alte Hirtenh\u00fcndin Fee wird schon bald die Aufgabe des Treibens \u00fcbernehmen. Sie ist ein &#8220;Working Kelpie&#8221;, eine australische Hirtenhundrasse.<\/p>\n<p><small>Foto: SPREE-PR\/Krone<\/small><\/em><\/p>\n<\/div>\n<div>\n<p>\u201eElla, her!\u201c Jonas Stimme schallt \u00fcber die Platten des Solarparks am Rande der A\u200910 zwischen Ludwigsfelde und Dreieck Nuthetal. Mit heraush\u00e4ngender Zunge jagt die dreij\u00e4hrige Border-Collie-H\u00fcndin die wolkenwei\u00dfen Bentheimer Schafe mit den schwarzen Sprenkeln im Gesicht zum Sch\u00e4fer. Wenig sp\u00e4ter gucken ihn 400\u2009Augenpaare fragend an. \u201eFototermin!\u201c erkl\u00e4rt Jonas Scholz den Tieren, warum er sie beim Grasen gest\u00f6rt hat.<\/p>\n<\/div>\n<p><img decoding=\"async\" src=\"\/forst\/wp-content\/uploads\/2025\/08\/202_Bild_2_DSC_9687.jpg\" alt=\"\"><\/p>\n<div>\n<p><em>Trinkwasser ist Lebensmittel Nr. 1 \u2013 auch bei Schafen. <br \/><small>Foto: SPREE-PR\/Krone<\/small><\/em><\/p>\n<\/div>\n<div>\n<h4>Vom Ern\u00e4hrer zum G\u00e4rtner<\/h4>\n<p>Seit sechs Jahren \u00fcbt Jonas Scholz einen der \u00e4ltesten Berufe der Welt aus, er ist Wandersch\u00e4fer und Schafz\u00fcchter in Ludwigsfelde s\u00fcdlich von Berlin. Schon vor etwa 10.000 Jahren haben Menschen angefangen, Schafe zu halten. \u201eDamals nutzten sie vor allem das Fleisch, die Milch und die Wolle der Tiere\u201c, erz\u00e4hlt der Vorsitzende des Schafzuchtverbandes Berlin-Brandenburg. \u201eHeute sind sie vor allem Landschaftspfleger.\u201c<\/p>\n<h4>Landschaftspfleger mit goldenem Tritt<\/h4>\n<p>Der Sandboden an der A\u200910 ist mager. Nur mit viel D\u00fcnger und Wasser k\u00f6nnte man ihm landwirtschaftliche Ertr\u00e4ge abringen. Deshalb ist es schlau, hier die Energie der Sonne zu ernten. Die Wiese unter den riesigen Solarfl\u00e4chen bearbeiten die G\u00e4rtner mit vier Klauen. Sie m\u00e4hen das Gr\u00fcnzeug, Gr\u00e4ser, Kr\u00e4uter. Jedes Schaf verzehrt t\u00e4glich etwa f\u00fcnf Kilo davon. Mit eisernem Biss k\u00fcrzt es auch die Triebe von B\u00e4umen und Str\u00e4uchern. So werden die Paneele nicht \u00fcberwuchert. In ihrem Fell transportieren die Wolltiere Samen, tragen das wertvolle Gut von Wiese zu Wiese. Die Hinterlassenschaften, etwa 75\u2009Kilogramm Dung pro Monat und Schaf, sind ein Festmahl f\u00fcr Insekten. Mit goldenem Tritt arbeiten die Tiere den Dung gleich in den Boden ein. Durch die Schafe wurde die Wiese im Solarpark ein vielf\u00e4ltiges \u00d6kosystem.<\/p>\n<\/div>\n<div>\n<h4>Ein 365-Tage-Job<\/h4>\n<p>Auf den ersten Blick wirkt die Arbeit des jungen Sch\u00e4fers idyllisch. \u201eIch muss jeden Tag raus, nach den Tieren sehen und mit ihnen weiterziehen. Egal, ob es 30 Grad im Schatten sind oder aus Eimern regnet, ob Weihnachten ist oder Geburtstag.\u201c Wenn ein Tier krank oder verletzt ist, k\u00fcmmert er sich. Der Sch\u00e4fer checkt t\u00e4glich alle Z\u00e4une, um dem Wolf keine Chance zu bieten. Vor allem aber muss er Wasser auf die Weiden bringen, im Sommer sogar sehr viel Wasser. \u201eDie Wiesen sind dieses Jahr nicht saftig, sondern eher Heu. Entsprechend gro\u00df ist der Durst der Tiere.\u201d Statt einem Kubikmeter Trinkwasser bringt Jonas Scholz an trockenen Tagen bis zu drei Kubikmeter. Das hei\u00dft, bis zu drei Mal Nachschub holen. Da die d\u00fcrren Weiden weniger nahrhaft sind, m\u00fcssen die Schafe \u00f6fter umziehen. Das hei\u00dft, st\u00e4ndig neue Koppeln einrichten.<\/p>\n<h4>Vom Frieden grasender Schafe<\/h4>\n<p>Etwa 500\u2009Schafe hat Jonas Scholz, die meisten von ihnen sind ehemalige Mutterschafe. \u201eSolange sie noch Z\u00e4hne haben, d\u00fcrfen sie auf Deponien und auf wertvollen \u00f6kologischen Fl\u00e4chen im Naturpark Nuthe-Nieplitz grasen oder Brandschutzschneisen in W\u00e4ldern freifressen.\u201c F\u00fcr seine Umweltarbeit bekommt der Sch\u00e4fer Gelder aus verschiedenen F\u00f6rderprogrammen von Brandenburg, in die auch Mittel der Europ\u00e4ischen Union und des Bundes flie\u00dfen. Diese Gelder machen es m\u00f6glich, dass es in Brandenburg \u00fcber 300 Sch\u00e4fer, darunter 70 hauptberufliche, mit 80.000 Schafen und Ziegen gibt. Seit 2024 ist Jonas Scholz Vorsitzender des Schafzuchtverbandes Berlin-Brandenburg e.V. Gerade macht er eine Ausbildung zum Sch\u00e4fermeister. Neben der Landschaftspflege z\u00fcchtet er Gotl\u00e4ndische Pelzschafe. \u201eWenn ich mein Tagwerk geschafft habe und die Tiere friedlich fressen, dann bin ich zufrieden. Deshalb bin ich so gerne Sch\u00e4fer.\u201c<\/p>\n<\/div>\n<div>\n<p>        <img decoding=\"async\" src=\"\/forst\/wp-content\/uploads\/2025\/08\/202_Bild_3_reffiSchaf_IssNeWurst_Naturschutz-Foto-v.-Eduard-Fischer-Kopie.png\" alt=\"\"><\/p>\n<h3>Modellprojekt bekommt Innovationspreis<\/h3>\n<p><em><small>Foto: Eduard Fischer<\/em><\/small><\/p>\n<div>Der Schafzuchtverband ist Mitglied von reffiSchaf, einem Modellprojekt zur Verarbeitung und Vermarktung von Lamm- und Schaffleisch. Es wurde mit dem Brandenburger Innovationspreis 2025 ausgezeichnet. <\/div>\n<p><a href=\"https:\/\/www.reffischaf.de\">Mehr Infos<\/a><\/p>\n<\/div>\n<p><!--more--><br \/>\n<!-- {\"type\":\"layout\",\"children\":[{\"type\":\"section\",\"props\":{\"image_position\":\"center-center\",\"padding_remove_top\":true,\"style\":\"default\",\"title_breakpoint\":\"xl\",\"title_position\":\"top-left\",\"title_rotation\":\"left\",\"vertical_align\":\"\",\"width\":\"small\"},\"children\":[{\"type\":\"row\",\"children\":[{\"type\":\"column\",\"props\":{\"image_position\":\"center-center\",\"position_sticky_breakpoint\":\"m\"},\"children\":[{\"type\":\"headline\",\"props\":{\"content\":\"Die Letzten ihrer Zunft: Wandersch\\u00e4fer\",\"margin\":\"small\",\"margin_remove_bottom\":false,\"margin_remove_top\":false,\"title_element\":\"h2\",\"title_style\":\"h5\"}},{\"type\":\"headline\",\"props\":{\"content\":\"Der Sch\\u00e4fer und seine wolligen Weltverbesserer\",\"margin\":\"small\",\"margin_remove_bottom\":false,\"margin_remove_top\":false,\"title_element\":\"h1\"}},{\"type\":\"headline\",\"props\":{\"content\":\"Von Jana Krone,\\nRedakteurin der SWZ\",\"margin\":\"small\",\"margin_remove_top\":false,\"title_color\":\"muted\",\"title_decoration\":\"bullet\",\"title_element\":\"h2\",\"title_style\":\"h6\"}},{\"type\":\"headline\",\"props\":{\"content\":\"Er wei\\u00df, was die Welt im Innersten zusammenh\\u00e4lt, denn Jonas Scholz hat Chemie studiert. Doch als er vor sechs Jahren lernen wollte, wie er seine drei Schafe scheren kann, hat er seine wirkliche Berufung im Leben gefunden.\",\"margin\":\"small\",\"margin_remove_top\":false,\"title_element\":\"h2\",\"title_style\":\"h4\"}},{\"type\":\"image\",\"props\":{\"image\":\"wp-content\\\/uploads\\\/2025\\\/08\\\/202_Bild_1_DSC_9676.jpg\",\"image_svg_color\":\"emphasis\",\"margin\":\"default\",\"text_align\":\"center\"}},{\"type\":\"text\",\"props\":{\"column_breakpoint\":\"m\",\"content\":\"\n\n<p><em>Flei\\u00dfige Mitarbeiter auf vier Klauen: Die Schafe von Jonas Scholz pflegen die Wiese unter dem Solarpark an der s\\u00fcdlichen A10. Er checkt, ob alle Tiere gesund sind. Die drei Monate alte Hirtenh\\u00fcndin Fee wird schon bald die Aufgabe des Treibens \\u00fcbernehmen. Sie ist ein \\\"Working Kelpie\\\", eine australische Hirtenhundrasse.\\n\\n\\n\\n\\n<br \\\/><small>Foto: SPREE-PR\\\/Krone<\\\/small><\\\/em><\\\/p>\",\"margin\":\"default\"}},{\"type\":\"text\",\"props\":{\"column_breakpoint\":\"m\",\"content\":\"\n\n<p>\\u201eElla, her!\\u201c Jonas Stimme schallt \\u00fcber die Platten des Solarparks am Rande der A\\u200910 zwischen Ludwigsfelde und Dreieck Nuthetal. Mit heraush\\u00e4ngender Zunge jagt die dreij\\u00e4hrige Border-Collie-H\\u00fcndin die wolkenwei\\u00dfen Bentheimer Schafe mit den schwarzen Sprenkeln im Gesicht zum Sch\\u00e4fer. Wenig sp\\u00e4ter gucken ihn 400\\u2009Augenpaare fragend an. \\u201eFototermin!\\u201c erkl\\u00e4rt Jonas Scholz den Tieren, warum er sie beim Grasen gest\\u00f6rt hat.<\\\/p>\",\"margin\":\"default\"}}]}]},{\"type\":\"row\",\"props\":{\"divider\":true,\"layout\":\"1-2,1-2\"},\"children\":[{\"type\":\"column\",\"props\":{\"image_position\":\"center-center\",\"position_sticky_breakpoint\":\"m\",\"vertical_align\":\"middle\",\"width_medium\":\"1-2\"},\"children\":[{\"type\":\"image\",\"props\":{\"image\":\"wp-content\\\/uploads\\\/2025\\\/08\\\/202_Bild_2_DSC_9687.jpg\",\"image_svg_color\":\"emphasis\",\"margin\":\"default\"}},{\"type\":\"text\",\"props\":{\"column_breakpoint\":\"m\",\"content\":\"\n\n<p><em>Trinkwasser ist Lebensmittel Nr. 1 \\u2013 auch bei Schafen. <br \\\/><small>Foto: SPREE-PR\\\/Krone<\\\/small><\\\/em><\\\/p>\",\"margin\":\"default\"}}]},{\"type\":\"column\",\"props\":{\"image_position\":\"center-center\",\"position_sticky_breakpoint\":\"m\",\"width_medium\":\"1-2\"},\"children\":[{\"type\":\"text\",\"props\":{\"column_breakpoint\":\"m\",\"content\":\"\n\n<h4>Vom Ern\\u00e4hrer zum G\\u00e4rtner<\\\/h4>\\n\n\n<p>Seit sechs Jahren \\u00fcbt Jonas Scholz einen der \\u00e4ltesten Berufe der Welt aus, er ist Wandersch\\u00e4fer und Schafz\\u00fcchter in Ludwigsfelde s\\u00fcdlich von Berlin. Schon vor etwa 10.000 Jahren haben Menschen angefangen, Schafe zu halten. \\u201eDamals nutzten sie vor allem das Fleisch, die Milch und die Wolle der Tiere\\u201c, erz\\u00e4hlt der Vorsitzende des Schafzuchtverbandes Berlin-Brandenburg. \\u201eHeute sind sie vor allem Landschaftspfleger.\\u201c<\\\/p>\\n\n\n<h4>Landschaftspfleger mit goldenem Tritt<\\\/h4>\\n\n\n<p>Der Sandboden an der A\\u200910 ist mager. Nur mit viel D\\u00fcnger und Wasser k\\u00f6nnte man ihm landwirtschaftliche Ertr\\u00e4ge abringen. Deshalb ist es schlau, hier die Energie der Sonne zu ernten. Die Wiese unter den riesigen Solarfl\\u00e4chen bearbeiten die G\\u00e4rtner mit vier Klauen. Sie m\\u00e4hen das Gr\\u00fcnzeug, Gr\\u00e4ser, Kr\\u00e4uter. Jedes Schaf verzehrt t\\u00e4glich etwa f\\u00fcnf Kilo davon. Mit eisernem Biss k\\u00fcrzt es auch die Triebe von B\\u00e4umen und Str\\u00e4uchern. So werden die Paneele nicht \\u00fcberwuchert. In ihrem Fell transportieren die Wolltiere Samen, tragen das wertvolle Gut von Wiese zu Wiese. Die Hinterlassenschaften, etwa 75\\u2009Kilogramm Dung pro Monat und Schaf, sind ein Festmahl f\\u00fcr Insekten. Mit goldenem Tritt arbeiten die Tiere den Dung gleich in den Boden ein. Durch die Schafe wurde die Wiese im Solarpark ein vielf\\u00e4ltiges \\u00d6kosystem.<\\\/p>\",\"margin\":\"default\"}}]}]},{\"type\":\"row\",\"children\":[{\"type\":\"column\",\"props\":{\"image_position\":\"center-center\",\"position_sticky_breakpoint\":\"m\"},\"children\":[{\"type\":\"text\",\"props\":{\"column_breakpoint\":\"m\",\"content\":\"\n\n<h4>Ein 365-Tage-Job<\\\/h4>\\n\n\n<p>Auf den ersten Blick wirkt die Arbeit des jungen Sch\\u00e4fers idyllisch. \\u201eIch muss jeden Tag raus, nach den Tieren sehen und mit ihnen weiterziehen. Egal, ob es 30 Grad im Schatten sind oder aus Eimern regnet, ob Weihnachten ist oder Geburtstag.\\u201c Wenn ein Tier krank oder verletzt ist, k\\u00fcmmert er sich. Der Sch\\u00e4fer checkt t\\u00e4glich alle Z\\u00e4une, um dem Wolf keine Chance zu bieten. Vor allem aber muss er Wasser auf die Weiden bringen, im Sommer sogar sehr viel Wasser. \\u201eDie Wiesen sind dieses Jahr nicht saftig, sondern eher Heu. Entsprechend gro\\u00df ist der Durst der Tiere.\\u201d Statt einem Kubikmeter Trinkwasser bringt Jonas Scholz an trockenen Tagen bis zu drei Kubikmeter. Das hei\\u00dft, bis zu drei Mal Nachschub holen. Da die d\\u00fcrren Weiden weniger nahrhaft sind, m\\u00fcssen die Schafe \\u00f6fter umziehen. Das hei\\u00dft, st\\u00e4ndig neue Koppeln einrichten.<\\\/p>\\n\n\n<h4>Vom Frieden grasender Schafe<\\\/h4>\\n\n\n<p>Etwa 500\\u2009Schafe hat Jonas Scholz, die meisten von ihnen sind ehemalige Mutterschafe. \\u201eSolange sie noch Z\\u00e4hne haben, d\\u00fcrfen sie auf Deponien und auf wertvollen \\u00f6kologischen Fl\\u00e4chen im Naturpark Nuthe-Nieplitz grasen oder Brandschutzschneisen in W\\u00e4ldern freifressen.\\u201c F\\u00fcr seine Umweltarbeit bekommt der Sch\\u00e4fer Gelder aus verschiedenen F\\u00f6rderprogrammen von Brandenburg, in die auch Mittel der Europ\\u00e4ischen Union und des Bundes flie\\u00dfen. Diese Gelder machen es m\\u00f6glich, dass es in Brandenburg \\u00fcber 300 Sch\\u00e4fer, darunter 70 hauptberufliche, mit 80.000 Schafen und Ziegen gibt. Seit 2024 ist Jonas Scholz Vorsitzender des Schafzuchtverbandes Berlin-Brandenburg e.V. Gerade macht er eine Ausbildung zum Sch\\u00e4fermeister. Neben der Landschaftspflege z\\u00fcchtet er Gotl\\u00e4ndische Pelzschafe. \\u201eWenn ich mein Tagwerk geschafft habe und die Tiere friedlich fressen, dann bin ich zufrieden. Deshalb bin ich so gerne Sch\\u00e4fer.\\u201c<\\\/p>\",\"margin\":\"default\"}},{\"type\":\"panel\",\"props\":{\"content\":\"Der Schafzuchtverband ist Mitglied von reffiSchaf, einem Modellprojekt zur Verarbeitung und Vermarktung von Lamm- und Schaffleisch. Es wurde mit dem Brandenburger Innovationspreis 2025 ausgezeichnet. \",\"content_column_breakpoint\":\"m\",\"icon_width\":80,\"image\":\"wp-content\\\/uploads\\\/2025\\\/08\\\/202_Bild_3_reffiSchaf_IssNeWurst_Naturschutz-Foto-v.-Eduard-Fischer-Kopie.png\",\"image_align\":\"left\",\"image_grid_breakpoint\":\"m\",\"image_grid_width\":\"1-2\",\"image_link\":true,\"image_svg_color\":\"emphasis\",\"image_transition_border\":false,\"link\":\"https:\\\/\\\/www.reffischaf.de\",\"link_fullwidth\":true,\"link_margin\":\"xlarge\",\"link_style\":\"default\",\"link_target\":true,\"link_text\":\"Mehr Infos\",\"margin\":\"default\",\"meta\":\"<em><small>Foto: Eduard Fischer<\\\/em><\\\/small>\",\"meta_align\":\"above-title\",\"meta_element\":\"div\",\"meta_style\":\"text-small\",\"panel_image_no_padding\":true,\"panel_link\":true,\"panel_padding\":\"default\",\"panel_style\":\"card-secondary\",\"title\":\"Modellprojekt bekommt Innovationspreis\",\"title_align\":\"top\",\"title_element\":\"h3\",\"title_grid_breakpoint\":\"m\",\"title_grid_width\":\"1-2\",\"title_hover_style\":\"reset\"}}]}]}],\"name\":\"xxx - schaefe\"}],\"version\":\"4.4.1\"} --><\/p>\n","protected":false},"excerpt":{"rendered":"<p>Die Letzten ihrer Zunft: Wandersch\u00e4fer Der Sch\u00e4fer und seine wolligen Weltverbesserer Von Jana Krone, Redakteurin der SWZ Er wei\u00df, was die Welt im Innersten zusammenh\u00e4lt, denn Jonas Scholz hat Chemie studiert. Doch als er vor sechs Jahren lernen wollte, wie er seine drei Schafe scheren kann, hat er seine wirkliche Berufung im Leben gefunden. Flei\u00dfige [&hellip;]<\/p>\n","protected":false},"author":1,"featured_media":559,"comment_status":"open","ping_status":"open","sticky":false,"template":"","format":"standard","meta":{"footnotes":""},"categories":[1],"tags":[],"class_list":["post-558","post","type-post","status-publish","format-standard","has-post-thumbnail","hentry","category-uncategorized"],"yoast_head":"<!-- This site is optimized with the Yoast SEO plugin v26.9 - https:\/\/yoast.com\/product\/yoast-seo-wordpress\/ -->\n<title>Die Letzten ihrer Zunft: Wandersch\u00e4fer - Forst<\/title>\n<meta name=\"description\" content=\"Er wei\u00df, was die Welt im Innersten zusammenh\u00e4lt, denn Jonas Scholz hat Chemie studiert. Doch als er vor sechs Jahren lernen wollte, wie er seine drei Schafe scheren kann, hat er seine wirkliche Berufung im Leben gefunden.\" \/>\n<meta name=\"robots\" content=\"index, follow, max-snippet:-1, max-image-preview:large, max-video-preview:-1\" \/>\n<link rel=\"canonical\" href=\"https:\/\/stadtwerkezeitung.info\/forst\/die-letzten-ihrer-zunft-wanderschaefer\/\" \/>\n<meta property=\"og:locale\" content=\"en_US\" \/>\n<meta property=\"og:type\" content=\"article\" \/>\n<meta property=\"og:title\" content=\"Die Letzten ihrer Zunft: Wandersch\u00e4fer - Forst\" \/>\n<meta property=\"og:description\" content=\"Er wei\u00df, was die Welt im Innersten zusammenh\u00e4lt, denn Jonas Scholz hat Chemie studiert. Doch als er vor sechs Jahren lernen wollte, wie er seine drei Schafe scheren kann, hat er seine wirkliche Berufung im Leben gefunden.\" \/>\n<meta property=\"og:url\" content=\"https:\/\/stadtwerkezeitung.info\/forst\/die-letzten-ihrer-zunft-wanderschaefer\/\" \/>\n<meta property=\"og:site_name\" content=\"Forst\" \/>\n<meta property=\"article:published_time\" content=\"2025-08-21T15:43:51+00:00\" \/>\n<meta property=\"article:modified_time\" content=\"2025-08-26T11:19:44+00:00\" \/>\n<meta property=\"og:image\" content=\"https:\/\/stadtwerkezeitung.info\/forst\/wp-content\/uploads\/sites\/2\/2025\/08\/202_Teaser_Bild_DSC_9669.jpg\" \/>\n\t<meta property=\"og:image:width\" content=\"900\" \/>\n\t<meta property=\"og:image:height\" content=\"600\" \/>\n\t<meta property=\"og:image:type\" content=\"image\/jpeg\" \/>\n<meta name=\"author\" content=\"admin\" \/>\n<meta name=\"twitter:card\" content=\"summary_large_image\" \/>\n<meta name=\"twitter:label1\" content=\"Written by\" \/>\n\t<meta name=\"twitter:data1\" content=\"admin\" \/>\n\t<meta name=\"twitter:label2\" content=\"Est. reading time\" \/>\n\t<meta name=\"twitter:data2\" content=\"4 minutes\" \/>\n<script type=\"application\/ld+json\" class=\"yoast-schema-graph\">{\"@context\":\"https:\/\/schema.org\",\"@graph\":[{\"@type\":\"Article\",\"@id\":\"https:\/\/stadtwerkezeitung.info\/forst\/die-letzten-ihrer-zunft-wanderschaefer\/#article\",\"isPartOf\":{\"@id\":\"https:\/\/stadtwerkezeitung.info\/forst\/die-letzten-ihrer-zunft-wanderschaefer\/\"},\"author\":{\"name\":\"admin\",\"@id\":\"https:\/\/stadtwerkezeitung.info\/forst\/#\/schema\/person\/acd409dca37d4bb8bf3a1284da7f1ee0\"},\"headline\":\"Die Letzten ihrer Zunft: Wandersch\u00e4fer\",\"datePublished\":\"2025-08-21T15:43:51+00:00\",\"dateModified\":\"2025-08-26T11:19:44+00:00\",\"mainEntityOfPage\":{\"@id\":\"https:\/\/stadtwerkezeitung.info\/forst\/die-letzten-ihrer-zunft-wanderschaefer\/\"},\"wordCount\":729,\"commentCount\":0,\"image\":{\"@id\":\"https:\/\/stadtwerkezeitung.info\/forst\/die-letzten-ihrer-zunft-wanderschaefer\/#primaryimage\"},\"thumbnailUrl\":\"https:\/\/stadtwerkezeitung.info\/forst\/wp-content\/uploads\/sites\/2\/2025\/08\/202_Teaser_Bild_DSC_9669.jpg\",\"inLanguage\":\"en-US\",\"potentialAction\":[{\"@type\":\"CommentAction\",\"name\":\"Comment\",\"target\":[\"https:\/\/stadtwerkezeitung.info\/forst\/die-letzten-ihrer-zunft-wanderschaefer\/#respond\"]}]},{\"@type\":\"WebPage\",\"@id\":\"https:\/\/stadtwerkezeitung.info\/forst\/die-letzten-ihrer-zunft-wanderschaefer\/\",\"url\":\"https:\/\/stadtwerkezeitung.info\/forst\/die-letzten-ihrer-zunft-wanderschaefer\/\",\"name\":\"Die Letzten ihrer Zunft: Wandersch\u00e4fer - Forst\",\"isPartOf\":{\"@id\":\"https:\/\/stadtwerkezeitung.info\/forst\/#website\"},\"primaryImageOfPage\":{\"@id\":\"https:\/\/stadtwerkezeitung.info\/forst\/die-letzten-ihrer-zunft-wanderschaefer\/#primaryimage\"},\"image\":{\"@id\":\"https:\/\/stadtwerkezeitung.info\/forst\/die-letzten-ihrer-zunft-wanderschaefer\/#primaryimage\"},\"thumbnailUrl\":\"https:\/\/stadtwerkezeitung.info\/forst\/wp-content\/uploads\/sites\/2\/2025\/08\/202_Teaser_Bild_DSC_9669.jpg\",\"datePublished\":\"2025-08-21T15:43:51+00:00\",\"dateModified\":\"2025-08-26T11:19:44+00:00\",\"author\":{\"@id\":\"https:\/\/stadtwerkezeitung.info\/forst\/#\/schema\/person\/acd409dca37d4bb8bf3a1284da7f1ee0\"},\"description\":\"Er wei\u00df, was die Welt im Innersten zusammenh\u00e4lt, denn Jonas Scholz hat Chemie studiert. Doch als er vor sechs Jahren lernen wollte, wie er seine drei Schafe scheren kann, hat er seine wirkliche Berufung im Leben gefunden.\",\"breadcrumb\":{\"@id\":\"https:\/\/stadtwerkezeitung.info\/forst\/die-letzten-ihrer-zunft-wanderschaefer\/#breadcrumb\"},\"inLanguage\":\"en-US\",\"potentialAction\":[{\"@type\":\"ReadAction\",\"target\":[\"https:\/\/stadtwerkezeitung.info\/forst\/die-letzten-ihrer-zunft-wanderschaefer\/\"]}]},{\"@type\":\"ImageObject\",\"inLanguage\":\"en-US\",\"@id\":\"https:\/\/stadtwerkezeitung.info\/forst\/die-letzten-ihrer-zunft-wanderschaefer\/#primaryimage\",\"url\":\"https:\/\/stadtwerkezeitung.info\/forst\/wp-content\/uploads\/sites\/2\/2025\/08\/202_Teaser_Bild_DSC_9669.jpg\",\"contentUrl\":\"https:\/\/stadtwerkezeitung.info\/forst\/wp-content\/uploads\/sites\/2\/2025\/08\/202_Teaser_Bild_DSC_9669.jpg\",\"width\":900,\"height\":600},{\"@type\":\"BreadcrumbList\",\"@id\":\"https:\/\/stadtwerkezeitung.info\/forst\/die-letzten-ihrer-zunft-wanderschaefer\/#breadcrumb\",\"itemListElement\":[{\"@type\":\"ListItem\",\"position\":1,\"name\":\"Home\",\"item\":\"https:\/\/stadtwerkezeitung.info\/forst\/\"},{\"@type\":\"ListItem\",\"position\":2,\"name\":\"Die Letzten ihrer Zunft: Wandersch\u00e4fer\"}]},{\"@type\":\"WebSite\",\"@id\":\"https:\/\/stadtwerkezeitung.info\/forst\/#website\",\"url\":\"https:\/\/stadtwerkezeitung.info\/forst\/\",\"name\":\"Forst\",\"description\":\"\",\"inLanguage\":\"en-US\"},{\"@type\":\"Person\",\"@id\":\"https:\/\/stadtwerkezeitung.info\/forst\/#\/schema\/person\/acd409dca37d4bb8bf3a1284da7f1ee0\",\"name\":\"admin\",\"image\":{\"@type\":\"ImageObject\",\"inLanguage\":\"en-US\",\"@id\":\"https:\/\/stadtwerkezeitung.info\/forst\/#\/schema\/person\/image\/\",\"url\":\"https:\/\/secure.gravatar.com\/avatar\/52dc0b3340c8087a51f52eaa20dc62cd4a6fe41f5bd886140989db7b572c00cd?s=96&d=mm&r=g\",\"contentUrl\":\"https:\/\/secure.gravatar.com\/avatar\/52dc0b3340c8087a51f52eaa20dc62cd4a6fe41f5bd886140989db7b572c00cd?s=96&d=mm&r=g\",\"caption\":\"admin\"},\"sameAs\":[\"https:\/\/stadtwerkezeitung.info\"]}]}<\/script>\n<!-- \/ Yoast SEO plugin. -->","yoast_head_json":{"title":"Die Letzten ihrer Zunft: Wandersch\u00e4fer - Forst","description":"Er wei\u00df, was die Welt im Innersten zusammenh\u00e4lt, denn Jonas Scholz hat Chemie studiert. Doch als er vor sechs Jahren lernen wollte, wie er seine drei Schafe scheren kann, hat er seine wirkliche Berufung im Leben gefunden.","robots":{"index":"index","follow":"follow","max-snippet":"max-snippet:-1","max-image-preview":"max-image-preview:large","max-video-preview":"max-video-preview:-1"},"canonical":"https:\/\/stadtwerkezeitung.info\/forst\/die-letzten-ihrer-zunft-wanderschaefer\/","og_locale":"en_US","og_type":"article","og_title":"Die Letzten ihrer Zunft: Wandersch\u00e4fer - Forst","og_description":"Er wei\u00df, was die Welt im Innersten zusammenh\u00e4lt, denn Jonas Scholz hat Chemie studiert. Doch als er vor sechs Jahren lernen wollte, wie er seine drei Schafe scheren kann, hat er seine wirkliche Berufung im Leben gefunden.","og_url":"https:\/\/stadtwerkezeitung.info\/forst\/die-letzten-ihrer-zunft-wanderschaefer\/","og_site_name":"Forst","article_published_time":"2025-08-21T15:43:51+00:00","article_modified_time":"2025-08-26T11:19:44+00:00","og_image":[{"width":900,"height":600,"url":"https:\/\/stadtwerkezeitung.info\/forst\/wp-content\/uploads\/sites\/2\/2025\/08\/202_Teaser_Bild_DSC_9669.jpg","type":"image\/jpeg"}],"author":"admin","twitter_card":"summary_large_image","twitter_misc":{"Written by":"admin","Est. reading time":"4 minutes"},"schema":{"@context":"https:\/\/schema.org","@graph":[{"@type":"Article","@id":"https:\/\/stadtwerkezeitung.info\/forst\/die-letzten-ihrer-zunft-wanderschaefer\/#article","isPartOf":{"@id":"https:\/\/stadtwerkezeitung.info\/forst\/die-letzten-ihrer-zunft-wanderschaefer\/"},"author":{"name":"admin","@id":"https:\/\/stadtwerkezeitung.info\/forst\/#\/schema\/person\/acd409dca37d4bb8bf3a1284da7f1ee0"},"headline":"Die Letzten ihrer Zunft: Wandersch\u00e4fer","datePublished":"2025-08-21T15:43:51+00:00","dateModified":"2025-08-26T11:19:44+00:00","mainEntityOfPage":{"@id":"https:\/\/stadtwerkezeitung.info\/forst\/die-letzten-ihrer-zunft-wanderschaefer\/"},"wordCount":729,"commentCount":0,"image":{"@id":"https:\/\/stadtwerkezeitung.info\/forst\/die-letzten-ihrer-zunft-wanderschaefer\/#primaryimage"},"thumbnailUrl":"https:\/\/stadtwerkezeitung.info\/forst\/wp-content\/uploads\/sites\/2\/2025\/08\/202_Teaser_Bild_DSC_9669.jpg","inLanguage":"en-US","potentialAction":[{"@type":"CommentAction","name":"Comment","target":["https:\/\/stadtwerkezeitung.info\/forst\/die-letzten-ihrer-zunft-wanderschaefer\/#respond"]}]},{"@type":"WebPage","@id":"https:\/\/stadtwerkezeitung.info\/forst\/die-letzten-ihrer-zunft-wanderschaefer\/","url":"https:\/\/stadtwerkezeitung.info\/forst\/die-letzten-ihrer-zunft-wanderschaefer\/","name":"Die Letzten ihrer Zunft: Wandersch\u00e4fer - Forst","isPartOf":{"@id":"https:\/\/stadtwerkezeitung.info\/forst\/#website"},"primaryImageOfPage":{"@id":"https:\/\/stadtwerkezeitung.info\/forst\/die-letzten-ihrer-zunft-wanderschaefer\/#primaryimage"},"image":{"@id":"https:\/\/stadtwerkezeitung.info\/forst\/die-letzten-ihrer-zunft-wanderschaefer\/#primaryimage"},"thumbnailUrl":"https:\/\/stadtwerkezeitung.info\/forst\/wp-content\/uploads\/sites\/2\/2025\/08\/202_Teaser_Bild_DSC_9669.jpg","datePublished":"2025-08-21T15:43:51+00:00","dateModified":"2025-08-26T11:19:44+00:00","author":{"@id":"https:\/\/stadtwerkezeitung.info\/forst\/#\/schema\/person\/acd409dca37d4bb8bf3a1284da7f1ee0"},"description":"Er wei\u00df, was die Welt im Innersten zusammenh\u00e4lt, denn Jonas Scholz hat Chemie studiert. Doch als er vor sechs Jahren lernen wollte, wie er seine drei Schafe scheren kann, hat er seine wirkliche Berufung im Leben gefunden.","breadcrumb":{"@id":"https:\/\/stadtwerkezeitung.info\/forst\/die-letzten-ihrer-zunft-wanderschaefer\/#breadcrumb"},"inLanguage":"en-US","potentialAction":[{"@type":"ReadAction","target":["https:\/\/stadtwerkezeitung.info\/forst\/die-letzten-ihrer-zunft-wanderschaefer\/"]}]},{"@type":"ImageObject","inLanguage":"en-US","@id":"https:\/\/stadtwerkezeitung.info\/forst\/die-letzten-ihrer-zunft-wanderschaefer\/#primaryimage","url":"https:\/\/stadtwerkezeitung.info\/forst\/wp-content\/uploads\/sites\/2\/2025\/08\/202_Teaser_Bild_DSC_9669.jpg","contentUrl":"https:\/\/stadtwerkezeitung.info\/forst\/wp-content\/uploads\/sites\/2\/2025\/08\/202_Teaser_Bild_DSC_9669.jpg","width":900,"height":600},{"@type":"BreadcrumbList","@id":"https:\/\/stadtwerkezeitung.info\/forst\/die-letzten-ihrer-zunft-wanderschaefer\/#breadcrumb","itemListElement":[{"@type":"ListItem","position":1,"name":"Home","item":"https:\/\/stadtwerkezeitung.info\/forst\/"},{"@type":"ListItem","position":2,"name":"Die Letzten ihrer Zunft: Wandersch\u00e4fer"}]},{"@type":"WebSite","@id":"https:\/\/stadtwerkezeitung.info\/forst\/#website","url":"https:\/\/stadtwerkezeitung.info\/forst\/","name":"Forst","description":"","inLanguage":"en-US"},{"@type":"Person","@id":"https:\/\/stadtwerkezeitung.info\/forst\/#\/schema\/person\/acd409dca37d4bb8bf3a1284da7f1ee0","name":"admin","image":{"@type":"ImageObject","inLanguage":"en-US","@id":"https:\/\/stadtwerkezeitung.info\/forst\/#\/schema\/person\/image\/","url":"https:\/\/secure.gravatar.com\/avatar\/52dc0b3340c8087a51f52eaa20dc62cd4a6fe41f5bd886140989db7b572c00cd?s=96&d=mm&r=g","contentUrl":"https:\/\/secure.gravatar.com\/avatar\/52dc0b3340c8087a51f52eaa20dc62cd4a6fe41f5bd886140989db7b572c00cd?s=96&d=mm&r=g","caption":"admin"},"sameAs":["https:\/\/stadtwerkezeitung.info"]}]}},"_links":{"self":[{"href":"https:\/\/stadtwerkezeitung.info\/forst\/wp-json\/wp\/v2\/posts\/558","targetHints":{"allow":["GET"]}}],"collection":[{"href":"https:\/\/stadtwerkezeitung.info\/forst\/wp-json\/wp\/v2\/posts"}],"about":[{"href":"https:\/\/stadtwerkezeitung.info\/forst\/wp-json\/wp\/v2\/types\/post"}],"author":[{"embeddable":true,"href":"https:\/\/stadtwerkezeitung.info\/forst\/wp-json\/wp\/v2\/users\/1"}],"replies":[{"embeddable":true,"href":"https:\/\/stadtwerkezeitung.info\/forst\/wp-json\/wp\/v2\/comments?post=558"}],"version-history":[{"count":3,"href":"https:\/\/stadtwerkezeitung.info\/forst\/wp-json\/wp\/v2\/posts\/558\/revisions"}],"predecessor-version":[{"id":576,"href":"https:\/\/stadtwerkezeitung.info\/forst\/wp-json\/wp\/v2\/posts\/558\/revisions\/576"}],"wp:featuredmedia":[{"embeddable":true,"href":"https:\/\/stadtwerkezeitung.info\/forst\/wp-json\/wp\/v2\/media\/559"}],"wp:attachment":[{"href":"https:\/\/stadtwerkezeitung.info\/forst\/wp-json\/wp\/v2\/media?parent=558"}],"wp:term":[{"taxonomy":"category","embeddable":true,"href":"https:\/\/stadtwerkezeitung.info\/forst\/wp-json\/wp\/v2\/categories?post=558"},{"taxonomy":"post_tag","embeddable":true,"href":"https:\/\/stadtwerkezeitung.info\/forst\/wp-json\/wp\/v2\/tags?post=558"}],"curies":[{"name":"wp","href":"https:\/\/api.w.org\/{rel}","templated":true}]}}