{"id":57,"date":"2024-05-23T14:41:54","date_gmt":"2024-05-23T14:41:54","guid":{"rendered":"https:\/\/localhost\/stadtwerkezeitung\/forst\/?p=57"},"modified":"2025-02-24T10:43:09","modified_gmt":"2025-02-24T10:43:09","slug":"superwahljahr-in-brandenburg","status":"publish","type":"post","link":"https:\/\/stadtwerkezeitung.info\/forst\/superwahljahr-in-brandenburg\/","title":{"rendered":"Superwahljahr in Brandenburg"},"content":{"rendered":"<p><img decoding=\"async\" src=\"\/forst\/wp-content\/uploads\/2024\/05\/101_Teaser_Kommunalwahl.png\" alt=\"\"><\/p>\n<div>\n<p><em>2024 ist Wahljahr im Land Brandenburg: Die STADTWERKE ZEITUNG fragte bei einigen kommunalen Energieversorgern nach, was ihre Erwartungen sind.<\/p>\n<p><small><br \/>\nGrafik: SPREE-PR\/Friedel<br \/><\/small><\/em><\/p>\n<\/div>\n<h2>Superwahljahr in Brandenburg<\/h2>\n<h1>Das erwarten die Stadtwerke von der neuen Landesregierung<\/h1>\n<h2>2024 ist Superwahljahr in Brandenburg: Am 9. Juni 2024 finden die Kommunalwahlen und Europawahl statt. Am 22. September folgt die Landtagswahl. Damit wird bestimmt, wer im Parlament vertreten ist und wie die politische Ausrichtung ist. Im Vorfeld haben die gro\u00dfen Interessenvertreter der Energiewirtschaft wie der BDEW und VKU mit Blick auf die Wahlen ihre Positionen erarbeitet: Was muss die kommende Landesregierung unbedingt anpacken \u2013 damit die Energiewende nicht nur gelingt und finanzierbar ist. Sondern auch Energie f\u00fcr die Menschen im Land bei der Erreichung der Klimaziele bezahlbar bleibt.<\/h2>\n<div>\n<h4>Die SWZ hat bei kommunalen Energieversorgern nachgefragt:<\/h4>\n<p>Vor welchen Herausforderungen stehen Sie genau? Wo hakt es derzeit? Was sind Erwartungen an die neue Landesregierung?<\/p>\n<\/div>\n<div>\n<div>\n<h3 class=\"el-title uk-margin-top uk-margin-remove-bottom\">\u201ePlanungssicherheit f\u00fcr Stadtwerke.\u201c<\/p>\n<\/h3>\n<\/div>\n<div><strong>J\u00f6rg Makowski, Gesch\u00e4ftsf\u00fchrer Stadtwerke Forst,\u00a0<\/strong><\/div>\n<div>hofft auf \u201eeine starke demokratische Landesregierung, die mutig, verl\u00e4sslich und unter Beteiligung von Stadtwerken und Energieversorgungsunternehmen (EVU) die Transformation der Energie- und W\u00e4rmewende in Brandenburg voranbringt:<\/div>\n<p>Planungssicherheit f\u00fcr Stadtwerke und EVU, um weiterhin zuverl\u00e4ssig mit Energie versorgen zu k\u00f6nnen<br \/>Ad\u00e4quate Rahmenbedingungen, die den Aus- und Aufbau einer zukunftssicheren Versorgungsinfrastruktur\/Unterst\u00fctzung bei der Finanzierung erm\u00f6glichen<br \/>Aktive Unterst\u00fctzung der zust\u00e4ndigen Akteure bei der Umsetzung der kommunalen W\u00e4rmeplanung.\u201c<\/p>\n<\/div>\n<div>\n<p>        <img decoding=\"async\" src=\"\/forst\/wp-content\/uploads\/2024\/05\/101_Bild_5_Makowski_2019_SWF_300dpi.png\" alt=\"\"><\/p>\n<p><p><em>J\u00f6rg Makowski.<br \/><small>Foto: SPREE-PR\/ml<br \/><\/small><\/em><\/p>\n<\/p>\n<\/div>\n<div>\n<p>        <img decoding=\"async\" src=\"\/forst\/wp-content\/uploads\/2024\/05\/101_Bild_2_SteffenMullerLuckau-012.jpg\" alt=\"\"><\/p>\n<p><p><em>Steffen M\u00fcller.   <br \/><small> Foto: SPREE-PR\/Friedel<br \/><\/small><\/em><\/p>\n<\/p>\n<\/div>\n<div>\n<h3>\u201eWir brauchen stabile Rahmenbedingungen.\u201c<\/h3>\n<\/p>\n<p><strong>Steffen M\u00fcller, Stadt- und \u00dcberlandwerke GmbH Luckau-L\u00fcbbenau:<\/strong><\/p>\n<p>\u201eStadtwerke sind die lokalen Ansprechpartner zur Umsetzung der Energie- und W\u00e4rmewende in Brandenburg. Neben den gro\u00dfen Fl\u00e4chennetzbetreibern bewirtschaften die Stadtwerke vor allem in den Kleinst\u00e4dten die Energienetze. Stadtwerke st\u00e4rken das lokale Handwerk und vergeben an \u00f6rtliche Unternehmen Auftr\u00e4ge. Dies muss der Politik weiterhin verdeutlicht werden, damit die Rahmenbedingungen zum wirtschaftlichen Agieren der brandenburgischen Stadtwerke nicht noch weiter verschlechtert werden. Stadtwerke sind die Grundversorger in Ihren Gebieten und m\u00fcssen auch in Krisenzeiten jederzeit leistungsf\u00e4hig sein, um auf globale Krisen lokale Antworten zu haben. Wir erwarten von der kommenden Landesregierung ein Bekenntnis zu den brandenburgischen Stadtwerken mit unkomplizierten und unb\u00fcrokratischen Umsetzungen zu den aktuellen Herausforderungen der Energie- und W\u00e4rmewende. Jedes Stadtwerk und jede Kommune hat ganz eigene Voraussetzungen, energiewirtschaftliche M\u00f6glichkeiten und finanzielle Spielr\u00e4ume, um die gestellten Aufgaben zu bew\u00e4ltigen. Ferner erhoffen wir uns stabile Rahmenbedingungen und verl\u00e4ssliche Ziele der Gesetzgeber. Mit dem politischen Einfluss durch den Bundesrat k\u00f6nnen auch brandenburgische politische Ziele in die Bundespolitik gebracht werden.\u201c<\/p>\n<\/div>\n<div>\n<p><strong>Michael Schiemenz, Gesch\u00e4ftsf\u00fchrer St\u00e4dtische Werke Spremberg,<\/strong><\/p>\n<p>teilt die Erwartungshaltung aller Stadtwerke: \u201eEine klare, planbare und langfristige Energiepolitik, die Investitionssicherheit bietet und den Ausbau der erneuerbaren Energie f\u00f6rdert. Zudem erwarten wir stabile politische Rahmenbedingungen, die langfristige Planungssicherheit bieten und eine F\u00f6rderung und Unterst\u00fctzung sowohl f\u00fcr den Ausbau erneuerbarer Energien sowie f\u00fcr die Modernisierung der Infrastruktur, insbesondere im Bereich der Stromnetze.\u201c In den kommenden Jahren sollten auf der Agenda im Bereich der sicheren Stromversorgung und der W\u00e4rmewende folgende Punkte stehen:<\/p>\n<ul>\n<li>Ausbau erneuerbarer Energien zur Erh\u00f6hung der Versorgungssicherheit nach dem Ausscheiden der Braunkohlekraftwerke<\/li>\n<li>Investition in die Modernisierung und den Ausbau der Stromnetze, um eine stabile und zuverl\u00e4ssige Stromversorgung auch bei einem h\u00f6heren Anteil erneuerbarer Energien zu gew\u00e4hrleisten<\/li>\n<li>F\u00f6rderung von Speichertechnologien, um \u00fcbersch\u00fcssige Energie aus erneuerbaren Quellen zu speichern und bei Bedarf zur Verf\u00fcgung zu stellen.<\/li>\n<\/ul>\n<p>\u201eDerzeit fehlt es an einer koh\u00e4renten und langfristig ausgerichteten Energiepolitik, die die verschiedenen Dimensionen der Energiewende (z.B. erneuerbare Energien, Energieeffizienz, Netzausbau) aufeinander abstimmt\u201c, bem\u00e4ngelt Michael Schiemenz. \u201eHinzu kommen die b\u00fcrokratischen Prozesse und regulatorischen Hindernisse, die den Ausbau erneuerbarer Energien und die Modernisierung der Energieinfrastruktur erschweren und verz\u00f6gern. Die Energiegesetzgebung ist oft komplex und fragmentiert, was zu Schwierigkeiten bei der Umsetzung f\u00fchrt.\u201c<\/p>\n<\/div>\n<div>\n<p>        <img decoding=\"async\" src=\"\/forst\/wp-content\/uploads\/2024\/05\/101_Bild_3_schiemenz-_MSchiemenz300dpi_bfr.jpg\" alt=\"\"><\/p>\n<h3>\u201eEs fehlt an einer langfristig ausgerichteten Energiepolitik.\u201c<\/h3>\n<p><p><em>Michael Schiemenz.<br \/><small>Foto: SPREE-PR\/K\u00fchn<br \/><\/small><\/em><\/p>\n<\/p>\n<\/div>\n<div>\n<p>        <img decoding=\"async\" src=\"\/forst\/wp-content\/uploads\/2024\/05\/101_Bild_4_Hohmann_2017-04-05_Stadtwerke-Premnitz_4763.jpg\" alt=\"\"><\/p>\n<p><p><em>Mathias Hohmann.<br \/><small>Foto: SW Premnitz<br \/><\/small><\/em><\/p>\n<\/p>\n<\/div>\n<div>\n<h3 class=\"el-title uk-margin-top uk-margin-remove-bottom\">\u201eNicht nur \u00fcber B\u00fcrokratieabbau reden.\u201c<\/h3>\n<p><strong>Mathias Hohmann, Gesch\u00e4ftsf\u00fchrer der Stadtwerke Premnitz:<\/strong> <\/p>\n<p>\u201eBrandenburger Stadtwerke ben\u00f6tigen dringend Investitionszusch\u00fcsse \u00fcber die Ma\u00dfnahmen des Bundes hinaus\u201c, sagt er. So stehe im Klimaplan Brandenburg 2024 unter \u201eM3.6 Geothermie als Beitrag zur W\u00e4rmewende\u201c. Ma\u00dfnahmen der Landesregierung: Eine Brosch\u00fcre erarbeiten, Informationsveranstaltungen organisieren. \u201eDas ist ein Witz\u201c, so Mathias Hohmann. Die Landesregierung m\u00fcsse den \u201einvestiven Anteil der Haushaltsmittel (zu Lasten der Konsumtion) deutlich erh\u00f6hen!\u201c Und: \u201eEine wirtschaftliche W\u00e4rmegewinnung durch ein Tiefengeothermie-Investitionsprogramm des Landes Brandenburg erm\u00f6glichen! Brandenburg muss seinen Vorteil in der Geologie des Norddeutschen Beckens zur Anwendung der Tiefen-Geothermie auch nutzbar machen! Grundlastf\u00e4hig, CO2-frei! Der Beginn der Bearbeitung von Genehmigungen zur Tiefengeothermie dauert beim Bergbauamt Cottbus mittlerweile mehr als ein Jahr! Die Landesregierung muss endlich die Bearbeitungskapazit\u00e4ten erweitern und nicht nur von B\u00fcrokratieabbau reden, sondern auch mal handeln!\u201c Er fordert weiter: \u201eDas F\u00fcndigkeits-Risiko bei Tiefenbohrungen muss das Land Brandenburg versichern!\u201c<\/p>\n<\/div>\n<p><!--more--><br \/>\n<!-- {\"type\":\"layout\",\"children\":[{\"type\":\"section\",\"props\":{\"image_position\":\"center-center\",\"padding_remove_top\":true,\"style\":\"default\",\"title_breakpoint\":\"xl\",\"title_position\":\"top-left\",\"title_rotation\":\"left\",\"vertical_align\":\"\",\"width\":\"default\"},\"children\":[{\"type\":\"row\",\"children\":[{\"type\":\"column\",\"props\":{\"image_position\":\"center-center\",\"position_sticky_breakpoint\":\"m\"},\"children\":[{\"type\":\"image\",\"props\":{\"image\":\"wp-content\\\/uploads\\\/2024\\\/05\\\/101_Teaser_Kommunalwahl.png\",\"image_svg_color\":\"emphasis\",\"margin\":\"default\",\"text_align\":\"center\"}},{\"type\":\"text\",\"props\":{\"column_breakpoint\":\"m\",\"content\":\"\n\n<p><em>2024 ist Wahljahr im Land Brandenburg: Die STADTWERKE ZEITUNG fragte bei einigen kommunalen Energieversorgern nach, was ihre Erwartungen sind.\\n\\n\\n\\n<br \\\/><small>\\nGrafik: SPREE-PR\\\/Friedel<br \\\/><\\\/small><\\\/em><\\\/p>\",\"margin\":\"default\"}},{\"type\":\"headline\",\"props\":{\"content\":\"Superwahljahr in Brandenburg\",\"margin\":\"small\",\"margin_remove_bottom\":false,\"margin_remove_top\":false,\"title_element\":\"h2\",\"title_style\":\"h5\"}},{\"type\":\"headline\",\"props\":{\"content\":\"Das erwarten die Stadtwerke von der neuen Landesregierung\",\"margin\":\"small\",\"margin_remove_bottom\":false,\"margin_remove_top\":false,\"title_element\":\"h1\"}},{\"type\":\"headline\",\"props\":{\"content\":\"2024 ist Superwahljahr in Brandenburg: Am 9. Juni 2024 finden die Kommunalwahlen und Europawahl statt. Am 22. September folgt die Landtagswahl. Damit wird bestimmt, wer im Parlament vertreten ist und wie die politische Ausrichtung ist. Im Vorfeld haben die gro\\u00dfen Interessenvertreter der Energiewirtschaft wie der BDEW und VKU mit Blick auf die Wahlen ihre Positionen erarbeitet: Was muss die kommende Landesregierung unbedingt anpacken \\u2013 damit die Energiewende nicht nur gelingt und finanzierbar ist. Sondern auch Energie f\\u00fcr die Menschen im Land bei der Erreichung der Klimaziele bezahlbar bleibt.\",\"margin\":\"small\",\"margin_remove_top\":false,\"title_element\":\"h2\",\"title_style\":\"h2\"}},{\"type\":\"text\",\"props\":{\"column_breakpoint\":\"m\",\"content\":\"\n\n<h4>Die SWZ hat bei kommunalen Energieversorgern nachgefragt:<\\\/h4>\\n\n\n<p>Vor welchen Herausforderungen stehen Sie genau? Wo hakt es derzeit? Was sind Erwartungen an die neue Landesregierung?<\\\/p>\",\"margin\":\"default\"}}]}],\"props\":{\"margin_remove_top\":false}},{\"type\":\"row\",\"props\":{\"divider\":true,\"layout\":\"1-2,1-2\"},\"children\":[{\"type\":\"column\",\"props\":{\"image_position\":\"center-center\",\"position_sticky_breakpoint\":\"m\",\"vertical_align\":\"middle\",\"width_medium\":\"1-2\"},\"children\":[{\"type\":\"text\",\"props\":{\"column_breakpoint\":\"m\",\"content\":\"\n\n<div>\\n\n\n<h3 class=\\\"el-title uk-margin-top uk-margin-remove-bottom\\\">\\u201ePlanungssicherheit f\\u00fcr Stadtwerke.\\u201c<br \\\/><br \\\/><\\\/h3>\\n<\\\/div>\\n\n\n<div><strong>J\\u00f6rg Makowski, Gesch\\u00e4ftsf\\u00fchrer Stadtwerke Forst,\\u00a0<\\\/strong><\\\/div>\\n\n\n<div>hofft auf \\u201eeine starke demokratische Landesregierung, die mutig, verl\\u00e4sslich und unter Beteiligung von Stadtwerken und Energieversorgungsunternehmen (EVU) die Transformation der Energie- und W\\u00e4rmewende in Brandenburg voranbringt:<\\\/div>\\n\n\n<p>Planungssicherheit f\\u00fcr Stadtwerke und EVU, um weiterhin zuverl\\u00e4ssig mit Energie versorgen zu k\\u00f6nnen<br \\\/>Ad\\u00e4quate Rahmenbedingungen, die den Aus- und Aufbau einer zukunftssicheren Versorgungsinfrastruktur\\\/Unterst\\u00fctzung bei der Finanzierung erm\\u00f6glichen<br \\\/>Aktive Unterst\\u00fctzung der zust\\u00e4ndigen Akteure bei der Umsetzung der kommunalen W\\u00e4rmeplanung.\\u201c<\\\/p>\",\"margin\":\"default\"}}]},{\"type\":\"column\",\"props\":{\"image_position\":\"center-center\",\"position_sticky_breakpoint\":\"m\",\"vertical_align\":\"middle\",\"width_medium\":\"1-2\"},\"children\":[{\"type\":\"panel\",\"props\":{\"content\":\"\",\"content_column_breakpoint\":\"m\",\"height_expand\":false,\"icon_width\":80,\"image\":\"wp-content\\\/uploads\\\/2024\\\/05\\\/101_Bild_5_Makowski_2019_SWF_300dpi.png\",\"image_align\":\"top\",\"image_grid_breakpoint\":\"m\",\"image_grid_width\":\"1-2\",\"image_svg_color\":\"emphasis\",\"link_style\":\"default\",\"link_text\":\"Read more\",\"margin\":\"default\",\"meta\":\"\n\n<p><em>J\\u00f6rg Makowski.<br \\\/><small>Foto: SPREE-PR\\\/ml<br \\\/><\\\/small><\\\/em><\\\/p>\",\"meta_align\":\"above-title\",\"meta_element\":\"div\",\"meta_style\":\"\",\"title\":\"\",\"title_align\":\"top\",\"title_element\":\"h3\",\"title_grid_breakpoint\":\"m\",\"title_grid_width\":\"1-2\",\"title_hover_style\":\"reset\"}}]}]},{\"type\":\"row\",\"props\":{\"divider\":true,\"layout\":\"1-2,1-2\"},\"children\":[{\"type\":\"column\",\"props\":{\"image_position\":\"center-center\",\"position_sticky_breakpoint\":\"m\",\"vertical_align\":\"middle\",\"width_medium\":\"1-2\"},\"children\":[{\"type\":\"panel\",\"props\":{\"content\":\"\",\"content_column_breakpoint\":\"m\",\"height_expand\":false,\"icon_width\":80,\"image\":\"wp-content\\\/uploads\\\/2024\\\/05\\\/101_Bild_2_SteffenMullerLuckau-012.jpg\",\"image_align\":\"between\",\"image_grid_breakpoint\":\"m\",\"image_grid_width\":\"1-2\",\"image_svg_color\":\"emphasis\",\"link_style\":\"default\",\"link_text\":\"Read more\",\"margin\":\"default\",\"meta\":\"\n\n<p><em>Steffen M\\u00fcller.   <br \\\/><small> Foto: SPREE-PR\\\/Friedel<br \\\/><\\\/small><\\\/em><\\\/p>\",\"meta_align\":\"below-content\",\"meta_element\":\"div\",\"meta_style\":\"\",\"title\":\"\",\"title_align\":\"top\",\"title_element\":\"h3\",\"title_grid_breakpoint\":\"m\",\"title_grid_width\":\"1-2\",\"title_hover_style\":\"reset\"}}]},{\"type\":\"column\",\"props\":{\"image_position\":\"center-center\",\"position_sticky_breakpoint\":\"m\",\"vertical_align\":\"middle\",\"width_medium\":\"1-2\"},\"children\":[{\"type\":\"text\",\"props\":{\"column_breakpoint\":\"m\",\"content\":\"\n\n<h3>\\u201eWir brauchen stabile Rahmenbedingungen.\\u201c<\\\/h3>\\n\n\n<p><\\\/p>\\n\n\n<p><strong>Steffen M\\u00fcller, Stadt- und \\u00dcberlandwerke GmbH Luckau-L\\u00fcbbenau:<\\\/strong><\\\/p>\\n\n\n<p>\\u201eStadtwerke sind die lokalen Ansprechpartner zur Umsetzung der Energie- und W\\u00e4rmewende in Brandenburg. Neben den gro\\u00dfen Fl\\u00e4chennetzbetreibern bewirtschaften die Stadtwerke vor allem in den Kleinst\\u00e4dten die Energienetze. Stadtwerke st\\u00e4rken das lokale Handwerk und vergeben an \\u00f6rtliche Unternehmen Auftr\\u00e4ge. Dies muss der Politik weiterhin verdeutlicht werden, damit die Rahmenbedingungen zum wirtschaftlichen Agieren der brandenburgischen Stadtwerke nicht noch weiter verschlechtert werden. Stadtwerke sind die Grundversorger in Ihren Gebieten und m\\u00fcssen auch in Krisenzeiten jederzeit leistungsf\\u00e4hig sein, um auf globale Krisen lokale Antworten zu haben. Wir erwarten von der kommenden Landesregierung ein Bekenntnis zu den brandenburgischen Stadtwerken mit unkomplizierten und unb\\u00fcrokratischen Umsetzungen zu den aktuellen Herausforderungen der Energie- und W\\u00e4rmewende. Jedes Stadtwerk und jede Kommune hat ganz eigene Voraussetzungen, energiewirtschaftliche M\\u00f6glichkeiten und finanzielle Spielr\\u00e4ume, um die gestellten Aufgaben zu bew\\u00e4ltigen. Ferner erhoffen wir uns stabile Rahmenbedingungen und verl\\u00e4ssliche Ziele der Gesetzgeber. Mit dem politischen Einfluss durch den Bundesrat k\\u00f6nnen auch brandenburgische politische Ziele in die Bundespolitik gebracht werden.\\u201c<\\\/p>\",\"margin\":\"default\"}}]}]},{\"type\":\"row\",\"props\":{\"divider\":true,\"layout\":\"1-2,1-2\"},\"children\":[{\"type\":\"column\",\"props\":{\"image_position\":\"center-center\",\"position_sticky_breakpoint\":\"m\",\"width_medium\":\"1-2\"},\"children\":[{\"type\":\"text\",\"props\":{\"column_breakpoint\":\"m\",\"content\":\"\n\n<p><strong>Michael Schiemenz, Gesch\\u00e4ftsf\\u00fchrer St\\u00e4dtische Werke Spremberg,<\\\/strong><\\\/p>\\n\n\n<p>teilt die Erwartungshaltung aller Stadtwerke: \\u201eEine klare, planbare und langfristige Energiepolitik, die Investitionssicherheit bietet und den Ausbau der erneuerbaren Energie f\\u00f6rdert. Zudem erwarten wir stabile politische Rahmenbedingungen, die langfristige Planungssicherheit bieten und eine F\\u00f6rderung und Unterst\\u00fctzung sowohl f\\u00fcr den Ausbau erneuerbarer Energien sowie f\\u00fcr die Modernisierung der Infrastruktur, insbesondere im Bereich der Stromnetze.\\u201c In den kommenden Jahren sollten auf der Agenda im Bereich der sicheren Stromversorgung und der W\\u00e4rmewende folgende Punkte stehen:<\\\/p>\\n\n\n<ul>\\n\n\n<li>Ausbau erneuerbarer Energien zur Erh\\u00f6hung der Versorgungssicherheit nach dem Ausscheiden der Braunkohlekraftwerke<\\\/li>\\n\n\n<li>Investition in die Modernisierung und den Ausbau der Stromnetze, um eine stabile und zuverl\\u00e4ssige Stromversorgung auch bei einem h\\u00f6heren Anteil erneuerbarer Energien zu gew\\u00e4hrleisten<\\\/li>\\n\n\n<li>F\\u00f6rderung von Speichertechnologien, um \\u00fcbersch\\u00fcssige Energie aus erneuerbaren Quellen zu speichern und bei Bedarf zur Verf\\u00fcgung zu stellen.<\\\/li>\\n<\\\/ul>\\n\n\n<p>\\u201eDerzeit fehlt es an einer koh\\u00e4renten und langfristig ausgerichteten Energiepolitik, die die verschiedenen Dimensionen der Energiewende (z.B. erneuerbare Energien, Energieeffizienz, Netzausbau) aufeinander abstimmt\\u201c, bem\\u00e4ngelt Michael Schiemenz. \\u201eHinzu kommen die b\\u00fcrokratischen Prozesse und regulatorischen Hindernisse, die den Ausbau erneuerbarer Energien und die Modernisierung der Energieinfrastruktur erschweren und verz\\u00f6gern. Die Energiegesetzgebung ist oft komplex und fragmentiert, was zu Schwierigkeiten bei der Umsetzung f\\u00fchrt.\\u201c<\\\/p>\",\"margin\":\"default\"}}]},{\"type\":\"column\",\"props\":{\"image_position\":\"center-center\",\"position_sticky_breakpoint\":\"m\",\"vertical_align\":\"middle\",\"width_medium\":\"1-2\"},\"children\":[{\"type\":\"panel\",\"props\":{\"content\":\"\",\"content_column_breakpoint\":\"m\",\"icon_width\":80,\"image\":\"wp-content\\\/uploads\\\/2024\\\/05\\\/101_Bild_3_schiemenz-_MSchiemenz300dpi_bfr.jpg\",\"image_align\":\"between\",\"image_grid_breakpoint\":\"m\",\"image_grid_width\":\"1-2\",\"image_svg_color\":\"emphasis\",\"link_style\":\"default\",\"link_text\":\"Read more\",\"margin\":\"default\",\"meta\":\"\n\n<p><em>Michael Schiemenz.<br \\\/><small>Foto: SPREE-PR\\\/K\\u00fchn<br \\\/><\\\/small><\\\/em><\\\/p>\",\"meta_align\":\"below-content\",\"meta_element\":\"div\",\"meta_style\":\"\",\"title\":\"\\u201eEs fehlt an einer langfristig ausgerichteten Energiepolitik.\\u201c\",\"title_align\":\"top\",\"title_element\":\"h3\",\"title_grid_breakpoint\":\"m\",\"title_grid_width\":\"1-2\",\"title_hover_style\":\"reset\"}}]}]},{\"type\":\"row\",\"props\":{\"divider\":true,\"layout\":\"1-2,1-2\"},\"children\":[{\"type\":\"column\",\"props\":{\"image_position\":\"center-center\",\"position_sticky_breakpoint\":\"m\",\"width_medium\":\"1-2\"},\"children\":[{\"type\":\"panel\",\"props\":{\"content\":\"\",\"content_column_breakpoint\":\"m\",\"height_expand\":false,\"icon_width\":80,\"image\":\"wp-content\\\/uploads\\\/2024\\\/05\\\/101_Bild_4_Hohmann_2017-04-05_Stadtwerke-Premnitz_4763.jpg\",\"image_align\":\"top\",\"image_grid_breakpoint\":\"m\",\"image_grid_width\":\"1-2\",\"image_svg_color\":\"emphasis\",\"link_style\":\"default\",\"link_text\":\"Read more\",\"margin\":\"default\",\"meta\":\"\n\n<p><em>Mathias Hohmann.<br \\\/><small>Foto: SW Premnitz<br \\\/><\\\/small><\\\/em><\\\/p>\",\"meta_align\":\"above-title\",\"meta_element\":\"div\",\"meta_style\":\"\",\"title\":\"\",\"title_align\":\"top\",\"title_element\":\"h3\",\"title_grid_breakpoint\":\"m\",\"title_grid_width\":\"1-2\",\"title_hover_style\":\"reset\"}}]},{\"type\":\"column\",\"props\":{\"image_position\":\"center-center\",\"position_sticky_breakpoint\":\"m\",\"vertical_align\":\"middle\",\"width_medium\":\"1-2\"},\"children\":[{\"type\":\"text\",\"props\":{\"column_breakpoint\":\"m\",\"content\":\"\n\n<h3 class=\\\"el-title uk-margin-top uk-margin-remove-bottom\\\">\\u201eNicht nur \\u00fcber B\\u00fcrokratieabbau reden.\\u201c<\\\/h3>\\n\n\n<p><strong>Mathias Hohmann, Gesch\\u00e4ftsf\\u00fchrer der Stadtwerke Premnitz:<\\\/strong> <br \\\/><br \\\/>\\u201eBrandenburger Stadtwerke ben\\u00f6tigen dringend Investitionszusch\\u00fcsse \\u00fcber die Ma\\u00dfnahmen des Bundes hinaus\\u201c, sagt er. So stehe im Klimaplan Brandenburg 2024 unter \\u201eM3.6 Geothermie als Beitrag zur W\\u00e4rmewende\\u201c. Ma\\u00dfnahmen der Landesregierung: Eine Brosch\\u00fcre erarbeiten, Informationsveranstaltungen organisieren. \\u201eDas ist ein Witz\\u201c, so Mathias Hohmann. Die Landesregierung m\\u00fcsse den \\u201einvestiven Anteil der Haushaltsmittel (zu Lasten der Konsumtion) deutlich erh\\u00f6hen!\\u201c Und: \\u201eEine wirtschaftliche W\\u00e4rmegewinnung durch ein Tiefengeothermie-Investitionsprogramm des Landes Brandenburg erm\\u00f6glichen! Brandenburg muss seinen Vorteil in der Geologie des Norddeutschen Beckens zur Anwendung der Tiefen-Geothermie auch nutzbar machen! Grundlastf\\u00e4hig, CO2-frei! Der Beginn der Bearbeitung von Genehmigungen zur Tiefengeothermie dauert beim Bergbauamt Cottbus mittlerweile mehr als ein Jahr! Die Landesregierung muss endlich die Bearbeitungskapazit\\u00e4ten erweitern und nicht nur von B\\u00fcrokratieabbau reden, sondern auch mal handeln!\\u201c Er fordert weiter: \\u201eDas F\\u00fcndigkeits-Risiko bei Tiefenbohrungen muss das Land Brandenburg versichern!\\u201c<br \\\/><br \\\/><\\\/p>\",\"margin\":\"default\"}}]}]}],\"name\":\"09 SWZ Superwahljahr\"}],\"version\":\"4.4.1\"} --><\/p>\n","protected":false},"excerpt":{"rendered":"<p>2024 ist Wahljahr im Land Brandenburg: Die STADTWERKE ZEITUNG fragte bei einigen kommunalen Energieversorgern nach, was ihre Erwartungen sind. Grafik: SPREE-PR\/Friedel Superwahljahr in Brandenburg Das erwarten die Stadtwerke von der neuen Landesregierung 2024 ist Superwahljahr in Brandenburg: Am 9. Juni 2024 finden die Kommunalwahlen und Europawahl statt. Am 22. September folgt die Landtagswahl. Damit wird [&hellip;]<\/p>\n","protected":false},"author":1,"featured_media":0,"comment_status":"open","ping_status":"open","sticky":false,"template":"","format":"standard","meta":{"footnotes":""},"categories":[1],"tags":[],"class_list":["post-57","post","type-post","status-publish","format-standard","hentry","category-uncategorized"],"yoast_head":"<!-- This site is optimized with the Yoast SEO plugin v26.9 - https:\/\/yoast.com\/product\/yoast-seo-wordpress\/ -->\n<title>Superwahljahr in Brandenburg - Forst<\/title>\n<meta name=\"robots\" content=\"index, follow, max-snippet:-1, max-image-preview:large, max-video-preview:-1\" \/>\n<link rel=\"canonical\" href=\"https:\/\/stadtwerkezeitung.info\/e-paper\/das-erwarten-die-stadtwerke-von-der-neuen-landesregierung\/\" \/>\n<meta property=\"og:locale\" content=\"en_US\" \/>\n<meta property=\"og:type\" content=\"article\" \/>\n<meta property=\"og:title\" content=\"Superwahljahr in Brandenburg - Forst\" \/>\n<meta property=\"og:description\" content=\"2024 ist Wahljahr im Land Brandenburg: Die STADTWERKE ZEITUNG fragte bei einigen kommunalen Energieversorgern nach, was ihre Erwartungen sind. Grafik: SPREE-PR\/Friedel Superwahljahr in Brandenburg Das erwarten die Stadtwerke von der neuen Landesregierung 2024 ist Superwahljahr in Brandenburg: Am 9. Juni 2024 finden die Kommunalwahlen und Europawahl statt. Am 22. September folgt die Landtagswahl. Damit wird [&hellip;]\" \/>\n<meta property=\"og:url\" content=\"https:\/\/stadtwerkezeitung.info\/e-paper\/das-erwarten-die-stadtwerke-von-der-neuen-landesregierung\/\" \/>\n<meta property=\"og:site_name\" content=\"Forst\" \/>\n<meta property=\"article:published_time\" content=\"2024-05-23T14:41:54+00:00\" \/>\n<meta property=\"article:modified_time\" content=\"2025-02-24T10:43:09+00:00\" \/>\n<meta name=\"author\" content=\"admin\" \/>\n<meta name=\"twitter:card\" content=\"summary_large_image\" \/>\n<meta name=\"twitter:label1\" content=\"Written by\" \/>\n\t<meta name=\"twitter:data1\" content=\"admin\" \/>\n\t<meta name=\"twitter:label2\" content=\"Est. reading time\" \/>\n\t<meta name=\"twitter:data2\" content=\"2 minutes\" \/>\n<script type=\"application\/ld+json\" class=\"yoast-schema-graph\">{\"@context\":\"https:\/\/schema.org\",\"@graph\":[{\"@type\":\"Article\",\"@id\":\"https:\/\/stadtwerkezeitung.info\/e-paper\/das-erwarten-die-stadtwerke-von-der-neuen-landesregierung\/#article\",\"isPartOf\":{\"@id\":\"https:\/\/stadtwerkezeitung.info\/forst\/superwahljahr-in-brandenburg\/\"},\"author\":{\"name\":\"admin\",\"@id\":\"https:\/\/stadtwerkezeitung.info\/forst\/#\/schema\/person\/acd409dca37d4bb8bf3a1284da7f1ee0\"},\"headline\":\"Superwahljahr in Brandenburg\",\"datePublished\":\"2024-05-23T14:41:54+00:00\",\"dateModified\":\"2025-02-24T10:43:09+00:00\",\"mainEntityOfPage\":{\"@id\":\"https:\/\/stadtwerkezeitung.info\/forst\/superwahljahr-in-brandenburg\/\"},\"wordCount\":817,\"commentCount\":0,\"inLanguage\":\"en-US\",\"potentialAction\":[{\"@type\":\"CommentAction\",\"name\":\"Comment\",\"target\":[\"https:\/\/stadtwerkezeitung.info\/e-paper\/das-erwarten-die-stadtwerke-von-der-neuen-landesregierung\/#respond\"]}]},{\"@type\":\"WebPage\",\"@id\":\"https:\/\/stadtwerkezeitung.info\/forst\/superwahljahr-in-brandenburg\/\",\"url\":\"https:\/\/stadtwerkezeitung.info\/e-paper\/das-erwarten-die-stadtwerke-von-der-neuen-landesregierung\/\",\"name\":\"Superwahljahr in Brandenburg - Forst\",\"isPartOf\":{\"@id\":\"https:\/\/stadtwerkezeitung.info\/forst\/#website\"},\"datePublished\":\"2024-05-23T14:41:54+00:00\",\"dateModified\":\"2025-02-24T10:43:09+00:00\",\"author\":{\"@id\":\"https:\/\/stadtwerkezeitung.info\/forst\/#\/schema\/person\/acd409dca37d4bb8bf3a1284da7f1ee0\"},\"breadcrumb\":{\"@id\":\"https:\/\/stadtwerkezeitung.info\/e-paper\/das-erwarten-die-stadtwerke-von-der-neuen-landesregierung\/#breadcrumb\"},\"inLanguage\":\"en-US\",\"potentialAction\":[{\"@type\":\"ReadAction\",\"target\":[\"https:\/\/stadtwerkezeitung.info\/e-paper\/das-erwarten-die-stadtwerke-von-der-neuen-landesregierung\/\"]}]},{\"@type\":\"BreadcrumbList\",\"@id\":\"https:\/\/stadtwerkezeitung.info\/e-paper\/das-erwarten-die-stadtwerke-von-der-neuen-landesregierung\/#breadcrumb\",\"itemListElement\":[{\"@type\":\"ListItem\",\"position\":1,\"name\":\"Home\",\"item\":\"https:\/\/stadtwerkezeitung.info\/forst\/\"},{\"@type\":\"ListItem\",\"position\":2,\"name\":\"Superwahljahr in Brandenburg\"}]},{\"@type\":\"WebSite\",\"@id\":\"https:\/\/stadtwerkezeitung.info\/forst\/#website\",\"url\":\"https:\/\/stadtwerkezeitung.info\/forst\/\",\"name\":\"Forst\",\"description\":\"\",\"inLanguage\":\"en-US\"},{\"@type\":\"Person\",\"@id\":\"https:\/\/stadtwerkezeitung.info\/forst\/#\/schema\/person\/acd409dca37d4bb8bf3a1284da7f1ee0\",\"name\":\"admin\",\"image\":{\"@type\":\"ImageObject\",\"inLanguage\":\"en-US\",\"@id\":\"https:\/\/stadtwerkezeitung.info\/forst\/#\/schema\/person\/image\/\",\"url\":\"https:\/\/secure.gravatar.com\/avatar\/52dc0b3340c8087a51f52eaa20dc62cd4a6fe41f5bd886140989db7b572c00cd?s=96&d=mm&r=g\",\"contentUrl\":\"https:\/\/secure.gravatar.com\/avatar\/52dc0b3340c8087a51f52eaa20dc62cd4a6fe41f5bd886140989db7b572c00cd?s=96&d=mm&r=g\",\"caption\":\"admin\"},\"sameAs\":[\"https:\/\/stadtwerkezeitung.info\"]}]}<\/script>\n<!-- \/ Yoast SEO plugin. -->","yoast_head_json":{"title":"Superwahljahr in Brandenburg - Forst","robots":{"index":"index","follow":"follow","max-snippet":"max-snippet:-1","max-image-preview":"max-image-preview:large","max-video-preview":"max-video-preview:-1"},"canonical":"https:\/\/stadtwerkezeitung.info\/e-paper\/das-erwarten-die-stadtwerke-von-der-neuen-landesregierung\/","og_locale":"en_US","og_type":"article","og_title":"Superwahljahr in Brandenburg - Forst","og_description":"2024 ist Wahljahr im Land Brandenburg: Die STADTWERKE ZEITUNG fragte bei einigen kommunalen Energieversorgern nach, was ihre Erwartungen sind. Grafik: SPREE-PR\/Friedel Superwahljahr in Brandenburg Das erwarten die Stadtwerke von der neuen Landesregierung 2024 ist Superwahljahr in Brandenburg: Am 9. Juni 2024 finden die Kommunalwahlen und Europawahl statt. Am 22. September folgt die Landtagswahl. Damit wird [&hellip;]","og_url":"https:\/\/stadtwerkezeitung.info\/e-paper\/das-erwarten-die-stadtwerke-von-der-neuen-landesregierung\/","og_site_name":"Forst","article_published_time":"2024-05-23T14:41:54+00:00","article_modified_time":"2025-02-24T10:43:09+00:00","author":"admin","twitter_card":"summary_large_image","twitter_misc":{"Written by":"admin","Est. reading time":"2 minutes"},"schema":{"@context":"https:\/\/schema.org","@graph":[{"@type":"Article","@id":"https:\/\/stadtwerkezeitung.info\/e-paper\/das-erwarten-die-stadtwerke-von-der-neuen-landesregierung\/#article","isPartOf":{"@id":"https:\/\/stadtwerkezeitung.info\/forst\/superwahljahr-in-brandenburg\/"},"author":{"name":"admin","@id":"https:\/\/stadtwerkezeitung.info\/forst\/#\/schema\/person\/acd409dca37d4bb8bf3a1284da7f1ee0"},"headline":"Superwahljahr in Brandenburg","datePublished":"2024-05-23T14:41:54+00:00","dateModified":"2025-02-24T10:43:09+00:00","mainEntityOfPage":{"@id":"https:\/\/stadtwerkezeitung.info\/forst\/superwahljahr-in-brandenburg\/"},"wordCount":817,"commentCount":0,"inLanguage":"en-US","potentialAction":[{"@type":"CommentAction","name":"Comment","target":["https:\/\/stadtwerkezeitung.info\/e-paper\/das-erwarten-die-stadtwerke-von-der-neuen-landesregierung\/#respond"]}]},{"@type":"WebPage","@id":"https:\/\/stadtwerkezeitung.info\/forst\/superwahljahr-in-brandenburg\/","url":"https:\/\/stadtwerkezeitung.info\/e-paper\/das-erwarten-die-stadtwerke-von-der-neuen-landesregierung\/","name":"Superwahljahr in Brandenburg - Forst","isPartOf":{"@id":"https:\/\/stadtwerkezeitung.info\/forst\/#website"},"datePublished":"2024-05-23T14:41:54+00:00","dateModified":"2025-02-24T10:43:09+00:00","author":{"@id":"https:\/\/stadtwerkezeitung.info\/forst\/#\/schema\/person\/acd409dca37d4bb8bf3a1284da7f1ee0"},"breadcrumb":{"@id":"https:\/\/stadtwerkezeitung.info\/e-paper\/das-erwarten-die-stadtwerke-von-der-neuen-landesregierung\/#breadcrumb"},"inLanguage":"en-US","potentialAction":[{"@type":"ReadAction","target":["https:\/\/stadtwerkezeitung.info\/e-paper\/das-erwarten-die-stadtwerke-von-der-neuen-landesregierung\/"]}]},{"@type":"BreadcrumbList","@id":"https:\/\/stadtwerkezeitung.info\/e-paper\/das-erwarten-die-stadtwerke-von-der-neuen-landesregierung\/#breadcrumb","itemListElement":[{"@type":"ListItem","position":1,"name":"Home","item":"https:\/\/stadtwerkezeitung.info\/forst\/"},{"@type":"ListItem","position":2,"name":"Superwahljahr in Brandenburg"}]},{"@type":"WebSite","@id":"https:\/\/stadtwerkezeitung.info\/forst\/#website","url":"https:\/\/stadtwerkezeitung.info\/forst\/","name":"Forst","description":"","inLanguage":"en-US"},{"@type":"Person","@id":"https:\/\/stadtwerkezeitung.info\/forst\/#\/schema\/person\/acd409dca37d4bb8bf3a1284da7f1ee0","name":"admin","image":{"@type":"ImageObject","inLanguage":"en-US","@id":"https:\/\/stadtwerkezeitung.info\/forst\/#\/schema\/person\/image\/","url":"https:\/\/secure.gravatar.com\/avatar\/52dc0b3340c8087a51f52eaa20dc62cd4a6fe41f5bd886140989db7b572c00cd?s=96&d=mm&r=g","contentUrl":"https:\/\/secure.gravatar.com\/avatar\/52dc0b3340c8087a51f52eaa20dc62cd4a6fe41f5bd886140989db7b572c00cd?s=96&d=mm&r=g","caption":"admin"},"sameAs":["https:\/\/stadtwerkezeitung.info"]}]}},"_links":{"self":[{"href":"https:\/\/stadtwerkezeitung.info\/forst\/wp-json\/wp\/v2\/posts\/57","targetHints":{"allow":["GET"]}}],"collection":[{"href":"https:\/\/stadtwerkezeitung.info\/forst\/wp-json\/wp\/v2\/posts"}],"about":[{"href":"https:\/\/stadtwerkezeitung.info\/forst\/wp-json\/wp\/v2\/types\/post"}],"author":[{"embeddable":true,"href":"https:\/\/stadtwerkezeitung.info\/forst\/wp-json\/wp\/v2\/users\/1"}],"replies":[{"embeddable":true,"href":"https:\/\/stadtwerkezeitung.info\/forst\/wp-json\/wp\/v2\/comments?post=57"}],"version-history":[{"count":4,"href":"https:\/\/stadtwerkezeitung.info\/forst\/wp-json\/wp\/v2\/posts\/57\/revisions"}],"predecessor-version":[{"id":376,"href":"https:\/\/stadtwerkezeitung.info\/forst\/wp-json\/wp\/v2\/posts\/57\/revisions\/376"}],"wp:attachment":[{"href":"https:\/\/stadtwerkezeitung.info\/forst\/wp-json\/wp\/v2\/media?parent=57"}],"wp:term":[{"taxonomy":"category","embeddable":true,"href":"https:\/\/stadtwerkezeitung.info\/forst\/wp-json\/wp\/v2\/categories?post=57"},{"taxonomy":"post_tag","embeddable":true,"href":"https:\/\/stadtwerkezeitung.info\/forst\/wp-json\/wp\/v2\/tags?post=57"}],"curies":[{"name":"wp","href":"https:\/\/api.w.org\/{rel}","templated":true}]}}