{"id":630,"date":"2025-11-14T12:06:25","date_gmt":"2025-11-14T12:06:25","guid":{"rendered":"https:\/\/stadtwerkezeitung.info\/forst\/?p=630"},"modified":"2025-11-14T12:08:02","modified_gmt":"2025-11-14T12:08:02","slug":"30-jahre-bei-den-stadtwerken-danke-uwe","status":"publish","type":"post","link":"https:\/\/stadtwerkezeitung.info\/forst\/30-jahre-bei-den-stadtwerken-danke-uwe\/","title":{"rendered":"30 Jahre bei den Stadtwerken \u2013 Danke, Uwe!"},"content":{"rendered":"<h2>Verabschiedung<\/h2>\n<h1>30 Jahre bei den Stadtwerken \u2013 Danke, Uwe!<\/h1>\n<h2>\u201eIch hatte unglaubliches Gl\u00fcck\u201c, sagt Uwe Boss. Denn seine Biografie ist im Osten eher selten zu finden. Als nach der Wende viele Betriebe in der Lausitz schlie\u00dfen mussten, wurden Freunde und Bekannte arbeitslos.<\/h2>\n<div>Viele mussten sich neu orientieren oder weit entfernt von ihrer Heimat neue Jobs suchen. Uwe hingegen war keinen einzigen Tag arbeitslos. 1960 geboren, hat er Kfz-Schlosser gelernt. Arbeitet dann bei der Energieversorgung Cottbus und landet schlie\u00dflich nach der Wende in der Verbrauchsabrechnung eines Energieversorgers. \u201eAls die Stadtwerke Forst 1995 die Stromsparte \u00fcbernahmen, wurde auch ich \u00fcbernommen. Und ich bin bis heute geblieben.\u201c<\/div>\n<p><img decoding=\"async\" src=\"\/forst\/wp-content\/uploads\/sites\/2\/2025\/11\/106bild1.jpg\" alt=\"\"><\/p>\n<div>\n<p><em>Mit Stromtarifen kennt sich Uwe Boss bestens aus \u2013 seit 30\u2009Jahren arbeitet er im Wechselmanagement der Stadtwerke.<\/p>\n<p><small>Foto: Stadtwerke Forst<\/small><\/em><\/p>\n<\/div>\n<div>\n<h4>Die ersten Jahre<\/h4>\n<p>Die ersten Jahre waren echte Aufbauarbeit. Zu DDR-Zeiten gab es f\u00fcr jeden Stromabnehmer eine Karteikarte. Uwe Boss \u00fcbertr\u00e4gt akribisch die Daten in eine moderne Datenbank. \u201ePl\u00f6tzlich waren aus Abnehmern anspruchsvolle Kunden geworden. Sie konnten sich ihren Stromanbieter aussuchen, erwarteten schnell Antworten auf ihre Fragen.\u201c<\/p>\n<p>Mittlerweile sind 30 Jahre vergangen. Uwe hat die H\u00f6hen und Tiefen der Stadtwerke miterlebt. Zeiten, die das kleine Team zusammengeschwei\u00dft haben. \u201eHeute sind wir breiter aufgestellt und fest in unserer Region verwurzelt\u201c, erz\u00e4hlt er. \u201eIch arbeite gerne bei den Stadtwerken.\u201c<\/p>\n<h4>Ein neuer Lebensabschnitt<\/h4>\n<p>Doch nach 45 Berufsjahren ist es Zeit f\u00fcr einen neuen Lebensabschnitt: Im Fr\u00fchjahr 2026 verabschiedet sich Uwe in den Ruhestand, mit einem weinenden und einem lachenden Auge. \u201eIch werde meinen Schreibtisch vermissen. Aber ich freue mich darauf, in Bayern und \u00d6sterreich unterwegs zu sein, Freunde und Bekannte zu besuchen.\u201c<\/p>\n<p>Die Stadtwerke sagen: Danke Uwe! F\u00fcr 30 Jahre Engagement, Zuverl\u00e4ssigkeit, Loyalit\u00e4t und Herzblut \u2013 und viel Gl\u00fcck und Freude f\u00fcr den neuen Lebensabschnitt!<\/p>\n<\/div>\n<p><!--more--><br \/>\n<!-- {\"type\":\"layout\",\"children\":[{\"type\":\"section\",\"props\":{\"image_position\":\"center-center\",\"padding_remove_top\":true,\"style\":\"default\",\"title_breakpoint\":\"xl\",\"title_position\":\"top-left\",\"title_rotation\":\"left\",\"vertical_align\":\"\",\"width\":\"small\"},\"children\":[{\"type\":\"row\",\"props\":{\"divider\":true,\"layout\":\"1-2,1-2\"},\"children\":[{\"type\":\"column\",\"props\":{\"image_position\":\"center-center\",\"position_sticky_breakpoint\":\"m\",\"vertical_align\":\"middle\",\"width_medium\":\"1-2\"},\"children\":[{\"type\":\"headline\",\"props\":{\"content\":\"Verabschiedung\",\"margin\":\"small\",\"margin_remove_bottom\":false,\"margin_remove_top\":false,\"title_element\":\"h2\",\"title_style\":\"h5\"}},{\"type\":\"headline\",\"props\":{\"content\":\"30 Jahre bei den Stadtwerken \\u2013 Danke, Uwe!\",\"margin\":\"small\",\"margin_remove_bottom\":false,\"margin_remove_top\":false,\"title_element\":\"h1\"}},{\"type\":\"headline\",\"props\":{\"content\":\"\\u201eIch hatte unglaubliches Gl\\u00fcck\\u201c, sagt Uwe Boss. Denn seine Biografie ist im Osten eher selten zu finden. Als nach der Wende viele Betriebe in der Lausitz schlie\\u00dfen mussten, wurden Freunde und Bekannte arbeitslos.\",\"margin\":\"small\",\"margin_remove_bottom\":false,\"margin_remove_top\":false,\"title_element\":\"h2\",\"title_style\":\"h4\"}},{\"type\":\"text\",\"props\":{\"column_breakpoint\":\"m\",\"content\":\"Viele mussten sich neu orientieren oder weit entfernt von ihrer Heimat neue Jobs suchen. Uwe hingegen war keinen einzigen Tag arbeitslos. 1960 geboren, hat er Kfz-Schlosser gelernt. Arbeitet dann bei der Energieversorgung Cottbus und landet schlie\\u00dflich nach der Wende in der Verbrauchsabrechnung eines Energieversorgers. \\u201eAls die Stadtwerke Forst 1995 die Stromsparte \\u00fcbernahmen, wurde auch ich \\u00fcbernommen. Und ich bin bis heute geblieben.\\u201c\",\"margin\":\"default\"}}]},{\"type\":\"column\",\"props\":{\"image_position\":\"center-center\",\"position_sticky_breakpoint\":\"m\",\"width_medium\":\"1-2\"},\"children\":[{\"type\":\"image\",\"props\":{\"image\":\"wp-content\\\/uploads\\\/sites\\\/2\\\/2025\\\/11\\\/106bild1.jpg\",\"image_svg_color\":\"emphasis\",\"link_target\":\"modal\",\"margin\":\"default\",\"text_align\":\"center\"}},{\"type\":\"text\",\"props\":{\"column_breakpoint\":\"m\",\"content\":\"\n\n<p><em>Mit Stromtarifen kennt sich Uwe Boss bestens aus \\u2013 seit 30\\u2009Jahren arbeitet er im Wechselmanagement der Stadtwerke.\\n\\n\\n\\n\\n\\n\\n\\n\\n\\n\\n\\n\\n\\n<br \\\/><small>Foto: Stadtwerke Forst<\\\/small><\\\/em><\\\/p>\",\"margin\":\"default\"}}]}]},{\"type\":\"row\",\"children\":[{\"type\":\"column\",\"props\":{\"image_position\":\"center-center\",\"position_sticky_breakpoint\":\"m\"},\"children\":[{\"type\":\"text\",\"props\":{\"column_breakpoint\":\"m\",\"content\":\"\n\n<h4>Die ersten Jahre<\\\/h4>\\n\n\n<p>Die ersten Jahre waren echte Aufbauarbeit. Zu DDR-Zeiten gab es f\\u00fcr jeden Stromabnehmer eine Karteikarte. Uwe Boss \\u00fcbertr\\u00e4gt akribisch die Daten in eine moderne Datenbank. \\u201ePl\\u00f6tzlich waren aus Abnehmern anspruchsvolle Kunden geworden. Sie konnten sich ihren Stromanbieter aussuchen, erwarteten schnell Antworten auf ihre Fragen.\\u201c<\\\/p>\\n\n\n<p>Mittlerweile sind 30 Jahre vergangen. Uwe hat die H\\u00f6hen und Tiefen der Stadtwerke miterlebt. Zeiten, die das kleine Team zusammengeschwei\\u00dft haben. \\u201eHeute sind wir breiter aufgestellt und fest in unserer Region verwurzelt\\u201c, erz\\u00e4hlt er. \\u201eIch arbeite gerne bei den Stadtwerken.\\u201c<\\\/p>\\n\n\n<h4>Ein neuer Lebensabschnitt<\\\/h4>\\n\n\n<p>Doch nach 45 Berufsjahren ist es Zeit f\\u00fcr einen neuen Lebensabschnitt: Im Fr\\u00fchjahr 2026 verabschiedet sich Uwe in den Ruhestand, mit einem weinenden und einem lachenden Auge. \\u201eIch werde meinen Schreibtisch vermissen. Aber ich freue mich darauf, in Bayern und \\u00d6sterreich unterwegs zu sein, Freunde und Bekannte zu besuchen.\\u201c<\\\/p>\\n\n\n<p>Die Stadtwerke sagen: Danke Uwe! F\\u00fcr 30 Jahre Engagement, Zuverl\\u00e4ssigkeit, Loyalit\\u00e4t und Herzblut \\u2013 und viel Gl\\u00fcck und Freude f\\u00fcr den neuen Lebensabschnitt!<\\\/p>\",\"margin\":\"default\"}}]}]}],\"name\":\"xxx - forschungsschiff\"}],\"version\":\"4.4.1\"} --><\/p>\n","protected":false},"excerpt":{"rendered":"<p>Verabschiedung 30 Jahre bei den Stadtwerken \u2013 Danke, Uwe! \u201eIch hatte unglaubliches Gl\u00fcck\u201c, sagt Uwe Boss. Denn seine Biografie ist im Osten eher selten zu finden. Als nach der Wende viele Betriebe in der Lausitz schlie\u00dfen mussten, wurden Freunde und Bekannte arbeitslos. Viele mussten sich neu orientieren oder weit entfernt von ihrer Heimat neue Jobs [&hellip;]<\/p>\n","protected":false},"author":1,"featured_media":598,"comment_status":"open","ping_status":"open","sticky":false,"template":"","format":"standard","meta":{"footnotes":""},"categories":[1],"tags":[],"class_list":["post-630","post","type-post","status-publish","format-standard","has-post-thumbnail","hentry","category-uncategorized"],"yoast_head":"<!-- This site is optimized with the Yoast SEO plugin v26.9 - https:\/\/yoast.com\/product\/yoast-seo-wordpress\/ -->\n<title>30 Jahre bei den Stadtwerken \u2013 Danke, Uwe! - Forst<\/title>\n<meta name=\"description\" content=\"Im Fr\u00fchjahr 2026 verabschiedet sich Uwe Boss in den Ruhestand, mit einem weinenden und einem lachenden Auge.\" \/>\n<meta name=\"robots\" content=\"index, follow, max-snippet:-1, max-image-preview:large, max-video-preview:-1\" \/>\n<link rel=\"canonical\" href=\"https:\/\/stadtwerkezeitung.info\/forst\/30-jahre-bei-den-stadtwerken-danke-uwe\/\" \/>\n<meta property=\"og:locale\" content=\"en_US\" \/>\n<meta property=\"og:type\" content=\"article\" \/>\n<meta property=\"og:title\" content=\"30 Jahre bei den Stadtwerken \u2013 Danke, Uwe! - Forst\" \/>\n<meta property=\"og:description\" content=\"Im Fr\u00fchjahr 2026 verabschiedet sich Uwe Boss in den Ruhestand, mit einem weinenden und einem lachenden Auge.\" \/>\n<meta property=\"og:url\" content=\"https:\/\/stadtwerkezeitung.info\/forst\/30-jahre-bei-den-stadtwerken-danke-uwe\/\" \/>\n<meta property=\"og:site_name\" content=\"Forst\" \/>\n<meta property=\"article:published_time\" content=\"2025-11-14T12:06:25+00:00\" \/>\n<meta property=\"article:modified_time\" content=\"2025-11-14T12:08:02+00:00\" \/>\n<meta property=\"og:image\" content=\"https:\/\/stadtwerkezeitung.info\/forst\/wp-content\/uploads\/sites\/2\/2025\/11\/106bild1-768x1024.jpg\" \/>\n\t<meta property=\"og:image:width\" content=\"768\" \/>\n\t<meta property=\"og:image:height\" content=\"1024\" \/>\n\t<meta property=\"og:image:type\" content=\"image\/jpeg\" \/>\n<meta name=\"author\" content=\"admin\" \/>\n<meta name=\"twitter:card\" content=\"summary_large_image\" \/>\n<meta name=\"twitter:label1\" content=\"Written by\" \/>\n\t<meta name=\"twitter:data1\" content=\"admin\" \/>\n\t<meta name=\"twitter:label2\" content=\"Est. reading time\" \/>\n\t<meta name=\"twitter:data2\" content=\"3 minutes\" \/>\n<script type=\"application\/ld+json\" class=\"yoast-schema-graph\">{\"@context\":\"https:\/\/schema.org\",\"@graph\":[{\"@type\":\"Article\",\"@id\":\"https:\/\/stadtwerkezeitung.info\/forst\/30-jahre-bei-den-stadtwerken-danke-uwe\/#article\",\"isPartOf\":{\"@id\":\"https:\/\/stadtwerkezeitung.info\/forst\/30-jahre-bei-den-stadtwerken-danke-uwe\/\"},\"author\":{\"name\":\"admin\",\"@id\":\"https:\/\/stadtwerkezeitung.info\/forst\/#\/schema\/person\/acd409dca37d4bb8bf3a1284da7f1ee0\"},\"headline\":\"30 Jahre bei den Stadtwerken \u2013 Danke, Uwe!\",\"datePublished\":\"2025-11-14T12:06:25+00:00\",\"dateModified\":\"2025-11-14T12:08:02+00:00\",\"mainEntityOfPage\":{\"@id\":\"https:\/\/stadtwerkezeitung.info\/forst\/30-jahre-bei-den-stadtwerken-danke-uwe\/\"},\"wordCount\":298,\"commentCount\":0,\"image\":{\"@id\":\"https:\/\/stadtwerkezeitung.info\/forst\/30-jahre-bei-den-stadtwerken-danke-uwe\/#primaryimage\"},\"thumbnailUrl\":\"https:\/\/stadtwerkezeitung.info\/forst\/wp-content\/uploads\/sites\/2\/2025\/11\/106bild1.jpg\",\"inLanguage\":\"en-US\",\"potentialAction\":[{\"@type\":\"CommentAction\",\"name\":\"Comment\",\"target\":[\"https:\/\/stadtwerkezeitung.info\/forst\/30-jahre-bei-den-stadtwerken-danke-uwe\/#respond\"]}]},{\"@type\":\"WebPage\",\"@id\":\"https:\/\/stadtwerkezeitung.info\/forst\/30-jahre-bei-den-stadtwerken-danke-uwe\/\",\"url\":\"https:\/\/stadtwerkezeitung.info\/forst\/30-jahre-bei-den-stadtwerken-danke-uwe\/\",\"name\":\"30 Jahre bei den Stadtwerken \u2013 Danke, Uwe! - Forst\",\"isPartOf\":{\"@id\":\"https:\/\/stadtwerkezeitung.info\/forst\/#website\"},\"primaryImageOfPage\":{\"@id\":\"https:\/\/stadtwerkezeitung.info\/forst\/30-jahre-bei-den-stadtwerken-danke-uwe\/#primaryimage\"},\"image\":{\"@id\":\"https:\/\/stadtwerkezeitung.info\/forst\/30-jahre-bei-den-stadtwerken-danke-uwe\/#primaryimage\"},\"thumbnailUrl\":\"https:\/\/stadtwerkezeitung.info\/forst\/wp-content\/uploads\/sites\/2\/2025\/11\/106bild1.jpg\",\"datePublished\":\"2025-11-14T12:06:25+00:00\",\"dateModified\":\"2025-11-14T12:08:02+00:00\",\"author\":{\"@id\":\"https:\/\/stadtwerkezeitung.info\/forst\/#\/schema\/person\/acd409dca37d4bb8bf3a1284da7f1ee0\"},\"description\":\"Im Fr\u00fchjahr 2026 verabschiedet sich Uwe Boss in den Ruhestand, mit einem weinenden und einem lachenden Auge.\",\"breadcrumb\":{\"@id\":\"https:\/\/stadtwerkezeitung.info\/forst\/30-jahre-bei-den-stadtwerken-danke-uwe\/#breadcrumb\"},\"inLanguage\":\"en-US\",\"potentialAction\":[{\"@type\":\"ReadAction\",\"target\":[\"https:\/\/stadtwerkezeitung.info\/forst\/30-jahre-bei-den-stadtwerken-danke-uwe\/\"]}]},{\"@type\":\"ImageObject\",\"inLanguage\":\"en-US\",\"@id\":\"https:\/\/stadtwerkezeitung.info\/forst\/30-jahre-bei-den-stadtwerken-danke-uwe\/#primaryimage\",\"url\":\"https:\/\/stadtwerkezeitung.info\/forst\/wp-content\/uploads\/sites\/2\/2025\/11\/106bild1.jpg\",\"contentUrl\":\"https:\/\/stadtwerkezeitung.info\/forst\/wp-content\/uploads\/sites\/2\/2025\/11\/106bild1.jpg\",\"width\":1512,\"height\":2016},{\"@type\":\"BreadcrumbList\",\"@id\":\"https:\/\/stadtwerkezeitung.info\/forst\/30-jahre-bei-den-stadtwerken-danke-uwe\/#breadcrumb\",\"itemListElement\":[{\"@type\":\"ListItem\",\"position\":1,\"name\":\"Home\",\"item\":\"https:\/\/stadtwerkezeitung.info\/forst\/\"},{\"@type\":\"ListItem\",\"position\":2,\"name\":\"30 Jahre bei den Stadtwerken \u2013 Danke, Uwe!\"}]},{\"@type\":\"WebSite\",\"@id\":\"https:\/\/stadtwerkezeitung.info\/forst\/#website\",\"url\":\"https:\/\/stadtwerkezeitung.info\/forst\/\",\"name\":\"Forst\",\"description\":\"\",\"inLanguage\":\"en-US\"},{\"@type\":\"Person\",\"@id\":\"https:\/\/stadtwerkezeitung.info\/forst\/#\/schema\/person\/acd409dca37d4bb8bf3a1284da7f1ee0\",\"name\":\"admin\",\"image\":{\"@type\":\"ImageObject\",\"inLanguage\":\"en-US\",\"@id\":\"https:\/\/stadtwerkezeitung.info\/forst\/#\/schema\/person\/image\/\",\"url\":\"https:\/\/secure.gravatar.com\/avatar\/52dc0b3340c8087a51f52eaa20dc62cd4a6fe41f5bd886140989db7b572c00cd?s=96&d=mm&r=g\",\"contentUrl\":\"https:\/\/secure.gravatar.com\/avatar\/52dc0b3340c8087a51f52eaa20dc62cd4a6fe41f5bd886140989db7b572c00cd?s=96&d=mm&r=g\",\"caption\":\"admin\"},\"sameAs\":[\"https:\/\/stadtwerkezeitung.info\"]}]}<\/script>\n<!-- \/ Yoast SEO plugin. -->","yoast_head_json":{"title":"30 Jahre bei den Stadtwerken \u2013 Danke, Uwe! - Forst","description":"Im Fr\u00fchjahr 2026 verabschiedet sich Uwe Boss in den Ruhestand, mit einem weinenden und einem lachenden Auge.","robots":{"index":"index","follow":"follow","max-snippet":"max-snippet:-1","max-image-preview":"max-image-preview:large","max-video-preview":"max-video-preview:-1"},"canonical":"https:\/\/stadtwerkezeitung.info\/forst\/30-jahre-bei-den-stadtwerken-danke-uwe\/","og_locale":"en_US","og_type":"article","og_title":"30 Jahre bei den Stadtwerken \u2013 Danke, Uwe! - Forst","og_description":"Im Fr\u00fchjahr 2026 verabschiedet sich Uwe Boss in den Ruhestand, mit einem weinenden und einem lachenden Auge.","og_url":"https:\/\/stadtwerkezeitung.info\/forst\/30-jahre-bei-den-stadtwerken-danke-uwe\/","og_site_name":"Forst","article_published_time":"2025-11-14T12:06:25+00:00","article_modified_time":"2025-11-14T12:08:02+00:00","og_image":[{"width":768,"height":1024,"url":"https:\/\/stadtwerkezeitung.info\/forst\/wp-content\/uploads\/sites\/2\/2025\/11\/106bild1-768x1024.jpg","type":"image\/jpeg"}],"author":"admin","twitter_card":"summary_large_image","twitter_misc":{"Written by":"admin","Est. reading time":"3 minutes"},"schema":{"@context":"https:\/\/schema.org","@graph":[{"@type":"Article","@id":"https:\/\/stadtwerkezeitung.info\/forst\/30-jahre-bei-den-stadtwerken-danke-uwe\/#article","isPartOf":{"@id":"https:\/\/stadtwerkezeitung.info\/forst\/30-jahre-bei-den-stadtwerken-danke-uwe\/"},"author":{"name":"admin","@id":"https:\/\/stadtwerkezeitung.info\/forst\/#\/schema\/person\/acd409dca37d4bb8bf3a1284da7f1ee0"},"headline":"30 Jahre bei den Stadtwerken \u2013 Danke, Uwe!","datePublished":"2025-11-14T12:06:25+00:00","dateModified":"2025-11-14T12:08:02+00:00","mainEntityOfPage":{"@id":"https:\/\/stadtwerkezeitung.info\/forst\/30-jahre-bei-den-stadtwerken-danke-uwe\/"},"wordCount":298,"commentCount":0,"image":{"@id":"https:\/\/stadtwerkezeitung.info\/forst\/30-jahre-bei-den-stadtwerken-danke-uwe\/#primaryimage"},"thumbnailUrl":"https:\/\/stadtwerkezeitung.info\/forst\/wp-content\/uploads\/sites\/2\/2025\/11\/106bild1.jpg","inLanguage":"en-US","potentialAction":[{"@type":"CommentAction","name":"Comment","target":["https:\/\/stadtwerkezeitung.info\/forst\/30-jahre-bei-den-stadtwerken-danke-uwe\/#respond"]}]},{"@type":"WebPage","@id":"https:\/\/stadtwerkezeitung.info\/forst\/30-jahre-bei-den-stadtwerken-danke-uwe\/","url":"https:\/\/stadtwerkezeitung.info\/forst\/30-jahre-bei-den-stadtwerken-danke-uwe\/","name":"30 Jahre bei den Stadtwerken \u2013 Danke, Uwe! - Forst","isPartOf":{"@id":"https:\/\/stadtwerkezeitung.info\/forst\/#website"},"primaryImageOfPage":{"@id":"https:\/\/stadtwerkezeitung.info\/forst\/30-jahre-bei-den-stadtwerken-danke-uwe\/#primaryimage"},"image":{"@id":"https:\/\/stadtwerkezeitung.info\/forst\/30-jahre-bei-den-stadtwerken-danke-uwe\/#primaryimage"},"thumbnailUrl":"https:\/\/stadtwerkezeitung.info\/forst\/wp-content\/uploads\/sites\/2\/2025\/11\/106bild1.jpg","datePublished":"2025-11-14T12:06:25+00:00","dateModified":"2025-11-14T12:08:02+00:00","author":{"@id":"https:\/\/stadtwerkezeitung.info\/forst\/#\/schema\/person\/acd409dca37d4bb8bf3a1284da7f1ee0"},"description":"Im Fr\u00fchjahr 2026 verabschiedet sich Uwe Boss in den Ruhestand, mit einem weinenden und einem lachenden Auge.","breadcrumb":{"@id":"https:\/\/stadtwerkezeitung.info\/forst\/30-jahre-bei-den-stadtwerken-danke-uwe\/#breadcrumb"},"inLanguage":"en-US","potentialAction":[{"@type":"ReadAction","target":["https:\/\/stadtwerkezeitung.info\/forst\/30-jahre-bei-den-stadtwerken-danke-uwe\/"]}]},{"@type":"ImageObject","inLanguage":"en-US","@id":"https:\/\/stadtwerkezeitung.info\/forst\/30-jahre-bei-den-stadtwerken-danke-uwe\/#primaryimage","url":"https:\/\/stadtwerkezeitung.info\/forst\/wp-content\/uploads\/sites\/2\/2025\/11\/106bild1.jpg","contentUrl":"https:\/\/stadtwerkezeitung.info\/forst\/wp-content\/uploads\/sites\/2\/2025\/11\/106bild1.jpg","width":1512,"height":2016},{"@type":"BreadcrumbList","@id":"https:\/\/stadtwerkezeitung.info\/forst\/30-jahre-bei-den-stadtwerken-danke-uwe\/#breadcrumb","itemListElement":[{"@type":"ListItem","position":1,"name":"Home","item":"https:\/\/stadtwerkezeitung.info\/forst\/"},{"@type":"ListItem","position":2,"name":"30 Jahre bei den Stadtwerken \u2013 Danke, Uwe!"}]},{"@type":"WebSite","@id":"https:\/\/stadtwerkezeitung.info\/forst\/#website","url":"https:\/\/stadtwerkezeitung.info\/forst\/","name":"Forst","description":"","inLanguage":"en-US"},{"@type":"Person","@id":"https:\/\/stadtwerkezeitung.info\/forst\/#\/schema\/person\/acd409dca37d4bb8bf3a1284da7f1ee0","name":"admin","image":{"@type":"ImageObject","inLanguage":"en-US","@id":"https:\/\/stadtwerkezeitung.info\/forst\/#\/schema\/person\/image\/","url":"https:\/\/secure.gravatar.com\/avatar\/52dc0b3340c8087a51f52eaa20dc62cd4a6fe41f5bd886140989db7b572c00cd?s=96&d=mm&r=g","contentUrl":"https:\/\/secure.gravatar.com\/avatar\/52dc0b3340c8087a51f52eaa20dc62cd4a6fe41f5bd886140989db7b572c00cd?s=96&d=mm&r=g","caption":"admin"},"sameAs":["https:\/\/stadtwerkezeitung.info"]}]}},"_links":{"self":[{"href":"https:\/\/stadtwerkezeitung.info\/forst\/wp-json\/wp\/v2\/posts\/630","targetHints":{"allow":["GET"]}}],"collection":[{"href":"https:\/\/stadtwerkezeitung.info\/forst\/wp-json\/wp\/v2\/posts"}],"about":[{"href":"https:\/\/stadtwerkezeitung.info\/forst\/wp-json\/wp\/v2\/types\/post"}],"author":[{"embeddable":true,"href":"https:\/\/stadtwerkezeitung.info\/forst\/wp-json\/wp\/v2\/users\/1"}],"replies":[{"embeddable":true,"href":"https:\/\/stadtwerkezeitung.info\/forst\/wp-json\/wp\/v2\/comments?post=630"}],"version-history":[{"count":2,"href":"https:\/\/stadtwerkezeitung.info\/forst\/wp-json\/wp\/v2\/posts\/630\/revisions"}],"predecessor-version":[{"id":632,"href":"https:\/\/stadtwerkezeitung.info\/forst\/wp-json\/wp\/v2\/posts\/630\/revisions\/632"}],"wp:featuredmedia":[{"embeddable":true,"href":"https:\/\/stadtwerkezeitung.info\/forst\/wp-json\/wp\/v2\/media\/598"}],"wp:attachment":[{"href":"https:\/\/stadtwerkezeitung.info\/forst\/wp-json\/wp\/v2\/media?parent=630"}],"wp:term":[{"taxonomy":"category","embeddable":true,"href":"https:\/\/stadtwerkezeitung.info\/forst\/wp-json\/wp\/v2\/categories?post=630"},{"taxonomy":"post_tag","embeddable":true,"href":"https:\/\/stadtwerkezeitung.info\/forst\/wp-json\/wp\/v2\/tags?post=630"}],"curies":[{"name":"wp","href":"https:\/\/api.w.org\/{rel}","templated":true}]}}