{"id":74,"date":"2024-05-23T21:19:58","date_gmt":"2024-05-23T21:19:58","guid":{"rendered":"https:\/\/stadtwerkezeitung.info\/forst\/?p=74"},"modified":"2025-02-24T10:42:34","modified_gmt":"2025-02-24T10:42:34","slug":"open-air-saison-in-brandenburg","status":"publish","type":"post","link":"https:\/\/stadtwerkezeitung.info\/forst\/open-air-saison-in-brandenburg\/","title":{"rendered":"Open-Air-Saison in Brandenburg"},"content":{"rendered":"<p><img decoding=\"async\" src=\"\/forst\/wp-content\/uploads\/2024\/05\/202_Preview_Foto_Odertalfestspiele_Andre_Nicke.jpg\" alt=\"\"><\/p>\n<div>\n<p><em>Die Odertalb\u00fchne in Schwedt l\u00e4dt ab 8. Juni bis zum 1. September zum \u201eSommer am Fluss\u201c mit einer F\u00fclle an Veranstaltungen wie Theater, Konzerten, Shows und Kino ein. <\/p>\n<p><small>Foto:  ubs\/Andr\u00e9 Nicke<br \/><\/small><\/em><\/p>\n<\/div>\n<h2>Open-Air-Saison in Brandenburg<\/h2>\n<h1>Kino, Musik und Tanz unter freien Himmel<\/h1>\n<h2>Endlich Sommer! Endlich wieder Open-Air-Saison f\u00fcr Kunst und Musik. Wir geben hier einen \u00dcberblick zu den besten \u201eAlles drau\u00dfen\u201c-Terminen.<\/h2>\n<h6>MUSIKTHEATER \/ THEATERSOMMER<\/h6>\n<ul>\n<li>\n<h3>\u201eSpremberg tanzt&#8221;<\/h3>\n<div>am 8. Juni 2024 pra\u0308sentiert \u201eSOCIAL (D)IS DANCING&#8221;, das lokale Tanztheater mit Videoelementen in Kinoqualita\u0308t auf einer der scho\u0308nsten Freilichtbu\u0308hnen der Lausitz, in Spremberg, sein Programm. Beginn: 20.30 Uhr, Vorprogramm startet 18 Uhr. Nach der Show HipHop-Party bei Tanz, Gespra\u0308chen und Drinks. <\/div>\n<p><a href=\"https:\/\/www.mgz-bergschloesschen.org\">Infos und Karten<\/a><\/p>\n<\/li>\n<li>\n<p><img decoding=\"async\" src=\"\/forst\/wp-content\/uploads\/2024\/05\/202_Bild_2_UNTER-DEM-MILCHWALD-1-c-Jannika-Olesch.jpg\" alt=\"\"><\/p>\n<h3>Theatersommer Netzeband<\/h3>\n<p><em>Kult: die \u00fcberlebensgro\u00dfen Figuren in Netzeband aus \u201eUnter dem Milchwald\u201d.<br \/><small>Foto: Jannika Olesch<br \/><\/small><\/em><\/p>\n<div>startet am 21.\u2009\u2009Juni 2024 um 20.30 Uhr auf der Naturb\u00fchne im Gutspark hinter der Temnitzkirche mit dem Traditionsst\u00fcck \u201eUnter dem Milchwald\u201c.  Bis Ende August l\u00e4uft das Theaterfestival unterm Sternenhimmel in dem 200-Seelen-Dorf. <\/div>\n<p><a href=\"https:\/\/www.netzeband-kultur.de\/spielplan\">Alle St\u00fccke, Termine und Preise<\/a><\/p>\n<\/li>\n<li>\n<h3>Theatersommer Sanssouci<\/h3>\n<div>vom 27.\u2009Juli \u2013 4.\u2009August 2024 erf\u00fcllt das Theater Poetenpack das Heckentheater im Park Sanssouci mit Leben. Auf der tats\u00e4chlich von Hecken ums\u00e4umten B\u00fchne werden Klassiker entstaubt und moderne Kom\u00f6dien mit viel Esprit und Poesie neu inszeniert. Auftakt macht der \u201eRaub der Sabinerinnen\u201c.<\/div>\n<p><a href=\"https:\/\/www.theater-poetenpack.de\">Programm und Termine<\/a><\/p>\n<\/li>\n<li>\n<p><img decoding=\"async\" src=\"\/forst\/wp-content\/uploads\/2024\/05\/202_Bild_3_OperOderSpree-scaled.jpg\" alt=\"\"><\/p>\n<h3>Musiktheaterfestival Oper Oder Spree<\/h3>\n<p><em>\u201eEin Sommernachtskonzert&#8221; feiert am 19.\u200907. Premiere im Burghof Beeskow. <br \/><small>Foto: OperOderSpree<br \/><\/small><\/em><\/p>\n<div>\n<p>mit sommerlichen Open-Air-Auff\u00fchrungen im Kreuzhof des Klosters Neuzelle und im mittelalterlichen Burghof der Burg Beeskow.<\/p>\n<\/div>\n<p><a href=\"https:\/\/www.operoderspree.de\">Mehr Infos<\/a><\/p>\n<\/li>\n<\/ul>\n<h6>FESTTAGE &#038; FESTSPIELE<\/h6>\n<ul>\n<li>\n<p><img decoding=\"async\" src=\"\/forst\/wp-content\/uploads\/2024\/05\/202_Bild_4_Kultur-Herz-Luckau-Gestort-aber-GeiL-scaled.jpg\" alt=\"\"><\/p>\n<h3>KULTUR-HERZ OPEN-AIR LUCKAU<\/h3>\n<p><p><em>Beim Kultur-Herz Open-Air Luckau wird der Samstag durchgetanzt. <br \/><small>Foto: Stefan Otto<br \/><\/small><\/em><\/p>\n<\/p>\n<div>am 08.\/\u200909.\u2009\u2009Juni 2024 im LAGA-Park. Ein Festwochenende f\u00fcr Kinder und Jugendliche mit Rock, Pop, und Jazz, mit internationalen TOP-Acts, regionalen K\u00fcnstlern und freiem Eintritt.<\/div>\n<p><a href=\"https:\/\/www.luckau.de\">Mehr Infos<\/a><\/p>\n<\/li>\n<li>\n<h3>Odertalfestspiele 2024<\/h3>\n<div>vom 8.\u2009Juni\u2009\u2009\u2013\u20091.\u2009September\u20092024 laden die Uckerm\u00e4rkischen B\u00fchnen Schwedt zum \u201eSommer am Fluss\u201c. Vor idyllischer Kulisse auf der Odertalb\u00fchne wird ein buntes Potpourri an Kulturveranstaltungen geboten: Theater, Konzerte, Shows oder Kino unterm Sternenhimmel. Highlights: Das Musical \u201eDie neuen Abenteuer des Baron M\u00fcnchhausen\u201c (Premiere 8. Juni um 19.30 Uhr), Konzert f\u00fcr Kinder und Familien \u201eRumpelstil \u2013 Taschenlampenkonzert\u201c am 11. August\u20092024, 20\u2009Uhr. <\/div>\n<p><a href=\"https:\/\/www.theater-schwedt.de\">Alle Termine und Preise<\/a><\/p>\n<\/li>\n<li>\n<h3>Choriner Musiksommer<\/h3>\n<div>22.\u2009Juni\u2009\u2013 25.\u2009August 2024 im Kloster Chorin (Barnim). Besucher erwarten hochkar\u00e4tige, klassische Konzerte im einseitig offenen Kirchenschiff, Sitz- und Picknickgelegenheiten gibt es auch auf den angrenzenden Rasenfl\u00e4chen.<\/div>\n<p><a href=\"https:\/\/www.choriner-musiksommer.de\">Alle Termine<\/a><\/p>\n<\/li>\n<li>\n<h3>Rosengarten-Festtage Forst (Lausitz)<\/h3>\n<div>28.\u2009\u2013\u200930.\u2009\u2009Juni 2024 im Ostdeutschen Rosengarten \u2013 ein unterhaltsames Kulturwochenende in farbenpr\u00e4chtiger Kulisse u.\u2009a. mit Gartenmusik im Rosenpark, Klassik Open Air, Samstagnachtparty mit Musik von Rock bis Pop, Nacht der 1.000 Lichter im Rosenpark und eine beeindruckende Lasershow.<\/div>\n<p><a href=\"https:\/\/www.rosengarten-forst.de\">Mehr Infos<\/a><\/p>\n<\/li>\n<li>\n<h3>Elblandfestspiele Wittenberge<\/h3>\n<div>5. \u2013 6.\u2009\u2009Juli 2024 auf der Elblandb\u00fchne u.\u2009a. mit dem Filmorchester Babelsberg. \u201eFilmmusik am Fluss&#8221;, das unvergessliche Live-Erlebnis in der Prignitz, gibt\u2019s in 23.\u2009Auflage.<\/div>\n<p><a href=\"https:\/\/www.elblandfestspiele.de\">Alle Infos<\/a><\/p>\n<\/li>\n<li>\n<p><img decoding=\"async\" src=\"\/forst\/wp-content\/uploads\/2024\/05\/202_Bild_5_Kahnnacht-Luckau-III.jpg\" alt=\"\"><\/p>\n<h3>Kahnnacht Luckau (Dahme-Spreewald)<\/h3>\n<p><em>Kahnnacht Luckau (Dahme-Spreewald) am 13.07. rund um die historische Altstadt. <br \/><small>Foto: Stefan Otto<br \/><\/small><\/em><\/p>\n<div>13. Juli 2024. Nicht die G\u00e4ste sitzen auf den K\u00e4hnen, sondern die Musiker! An den f\u00fcnf Lieblingspl\u00e4tzen der Luckauer machen die Musikk\u00e4hne nach und nach Halt und verf\u00fchren mit unterschiedlichen Musikrichtungen und Genres. Eintritt Frei!<\/div>\n<p><a href=\"https:\/\/luckau.de\/de\/kultur-stadtleben\/luckauer-highlights-2024\/artikel-13-07-2024-kahnnacht-luckau.html\">Mehr Infos<\/a><\/p>\n<\/li>\n<\/ul>\n<h6>FESTIVALS<\/h6>\n<ul>\n<li>\n<h3>Havelbeats<\/h3>\n<div>19.\/20.\u2009Juli 2024 in Potsdam. \u00dcber 50 DJs und Live-Acts aus ganz Europa sowie lokale Gr\u00f6\u00dfen auf vier B\u00fchnen. Das gro\u00dfe Finale des XXL-Festival bildet das tosende Abschlussfeuerwerk.<\/div>\n<p><a href=\"https:\/\/www.citybounce.de\/havelbeats-2024\">Alle Infos<\/a><\/p>\n<\/li>\n<li>\n<h3>Feel Festival<\/h3>\n<div>vom 25. \u2013 28.\u2009Juli 2024 wird die gr\u00f6\u00dfte Abraumf\u00f6rderbr\u00fccke F60 am Bergheider See (Elbe-Elster) zur fulminanten Kulisse f\u00fcr das Feel Festival. Gemeinschaft, Freiheit, Kunst und Nachhaltigkeit werden zelebriert. Mit elektronischer und handgemachter Musik, Kunstinstallationen, Workshops und Performances. Tags\u00fcber Strandfeeling und  kreative Sessions, nachts ein Sprung in kosmische Gefilde.<\/div>\n<p><a href=\"https:\/\/www.feel-festival.de\">Alle Infos<\/a><\/p>\n<\/li>\n<li>\n<h3>Wilde M\u00f6hre<\/h3>\n<div>vom 9. \u2013 12.\u2009August 2024 in Drebkau am Gr\u00e4bendorfer See im Spreewald ist mehr als Musik und Tanz. Vielmehr ein Ort des Lernens und der pers\u00f6nlichen Entwicklung. Workshops, Yoga und durch die Nacht tanzen.<\/div>\n<p><a href=\"https:\/\/www.wildemoehrefestival.de\">Alle Infos<\/a><\/p>\n<\/li>\n<\/ul>\n<p><!--more--><br \/>\n<!-- {\"type\":\"layout\",\"children\":[{\"type\":\"section\",\"props\":{\"image_position\":\"center-center\",\"padding_remove_top\":true,\"style\":\"default\",\"title_breakpoint\":\"xl\",\"title_position\":\"top-left\",\"title_rotation\":\"left\",\"vertical_align\":\"\",\"width\":\"default\"},\"children\":[{\"type\":\"row\",\"children\":[{\"type\":\"column\",\"props\":{\"image_position\":\"center-center\",\"position_sticky_breakpoint\":\"m\"},\"children\":[{\"type\":\"image\",\"props\":{\"image\":\"wp-content\\\/uploads\\\/2024\\\/05\\\/202_Preview_Foto_Odertalfestspiele_Andre_Nicke.jpg\",\"image_svg_color\":\"emphasis\",\"margin\":\"default\"}},{\"type\":\"text\",\"props\":{\"column_breakpoint\":\"m\",\"content\":\"\n\n<p><em>Die Odertalb\\u00fchne in Schwedt l\\u00e4dt ab 8. Juni bis zum 1. September zum \\u201eSommer am Fluss\\u201c mit einer F\\u00fclle an Veranstaltungen wie Theater, Konzerten, Shows und Kino ein. \\n\\n\\n<br \\\/><small>Foto:  ubs\\\/Andr\\u00e9 Nicke<br \\\/><\\\/small><\\\/em><\\\/p>\",\"margin\":\"default\"}},{\"type\":\"headline\",\"props\":{\"content\":\"Open-Air-Saison in Brandenburg\",\"margin\":\"small\",\"margin_remove_bottom\":false,\"margin_remove_top\":false,\"title_element\":\"h2\",\"title_style\":\"h5\"}},{\"type\":\"headline\",\"props\":{\"content\":\"Kino, Musik und Tanz unter freien Himmel\",\"margin\":\"small\",\"margin_remove_bottom\":false,\"margin_remove_top\":false,\"title_element\":\"h1\"}},{\"type\":\"headline\",\"props\":{\"content\":\"Endlich Sommer! Endlich wieder Open-Air-Saison f\\u00fcr Kunst und Musik. Wir geben hier einen \\u00dcberblick zu den besten \\u201eAlles drau\\u00dfen\\u201c-Terminen.\",\"margin\":\"small\",\"margin_remove_top\":false,\"title_element\":\"h2\",\"title_style\":\"h2\"}},{\"type\":\"headline\",\"props\":{\"content\":\"MUSIKTHEATER \\\/ THEATERSOMMER\",\"title_element\":\"h6\"}},{\"type\":\"grid\",\"props\":{\"content_column_breakpoint\":\"m\",\"filter_align\":\"left\",\"filter_all\":true,\"filter_grid_breakpoint\":\"m\",\"filter_grid_width\":\"auto\",\"filter_position\":\"top\",\"filter_style\":\"tab\",\"grid_default\":\"1\",\"grid_divider\":false,\"grid_masonry\":\"pack\",\"grid_medium\":\"1\",\"icon_width\":80,\"image_align\":\"top\",\"image_grid_breakpoint\":\"m\",\"image_grid_width\":\"1-2\",\"image_svg_color\":\"emphasis\",\"item_animation\":true,\"link_fullwidth\":true,\"link_style\":\"default\",\"link_text\":\"Read more\",\"margin\":\"default\",\"meta_align\":\"above-title\",\"meta_element\":\"div\",\"meta_style\":\"\",\"panel_padding\":\"default\",\"panel_style\":\"card-default\",\"show_content\":true,\"show_image\":true,\"show_link\":true,\"show_meta\":true,\"show_title\":true,\"title_align\":\"top\",\"title_element\":\"h3\",\"title_grid_breakpoint\":\"m\",\"title_grid_width\":\"1-2\",\"title_hover_style\":\"reset\"},\"children\":[{\"type\":\"grid_item\",\"props\":{\"content\":\"am 8. Juni 2024 pra\\u0308sentiert \\u201eSOCIAL (D)IS DANCING\\\", das lokale Tanztheater mit Videoelementen in Kinoqualita\\u0308t auf einer der scho\\u0308nsten Freilichtbu\\u0308hnen der Lausitz, in Spremberg, sein Programm. Beginn: 20.30 Uhr, Vorprogramm startet 18 Uhr. Nach der Show HipHop-Party bei Tanz, Gespra\\u0308chen und Drinks. \",\"link\":\"https:\\\/\\\/www.mgz-bergschloesschen.org\",\"link_text\":\"Infos und Karten\",\"title\":\"\\u201eSpremberg tanzt\\\"\"}},{\"type\":\"grid_item\",\"props\":{\"content\":\"startet am 21.\\u2009\\u2009Juni 2024 um 20.30 Uhr auf der Naturb\\u00fchne im Gutspark hinter der Temnitzkirche mit dem Traditionsst\\u00fcck \\u201eUnter dem Milchwald\\u201c.  Bis Ende August l\\u00e4uft das Theaterfestival unterm Sternenhimmel in dem 200-Seelen-Dorf. \",\"image\":\"wp-content\\\/uploads\\\/2024\\\/05\\\/202_Bild_2_UNTER-DEM-MILCHWALD-1-c-Jannika-Olesch.jpg\",\"link\":\"https:\\\/\\\/www.netzeband-kultur.de\\\/spielplan\",\"link_text\":\"Alle St\\u00fccke, Termine und Preise\",\"meta\":\"<em>Kult: die \\u00fcberlebensgro\\u00dfen Figuren in Netzeband aus \\u201eUnter dem Milchwald\\u201d.<br \\\/><small>Foto: Jannika Olesch<br \\\/><\\\/small><\\\/em>\",\"title\":\"Theatersommer Netzeband\"}},{\"type\":\"grid_item\",\"props\":{\"content\":\"vom 27.\\u2009Juli \\u2013 4.\\u2009August 2024 erf\\u00fcllt das Theater Poetenpack das Heckentheater im Park Sanssouci mit Leben. Auf der tats\\u00e4chlich von Hecken ums\\u00e4umten B\\u00fchne werden Klassiker entstaubt und moderne Kom\\u00f6dien mit viel Esprit und Poesie neu inszeniert. Auftakt macht der \\u201eRaub der Sabinerinnen\\u201c.\",\"link\":\"https:\\\/\\\/www.theater-poetenpack.de\",\"link_text\":\"Programm und Termine\",\"title\":\"Theatersommer Sanssouci\"}},{\"type\":\"grid_item\",\"props\":{\"content\":\"\n\n<p>mit sommerlichen Open-Air-Auff\\u00fchrungen im Kreuzhof des Klosters Neuzelle und im mittelalterlichen Burghof der Burg Beeskow.<\\\/p>\",\"image\":\"wp-content\\\/uploads\\\/2024\\\/05\\\/202_Bild_3_OperOderSpree-scaled.jpg\",\"link\":\"https:\\\/\\\/www.operoderspree.de\",\"link_text\":\"Mehr Infos\",\"meta\":\"<em>\\u201eEin Sommernachtskonzert\\\" feiert am 19.\\u200907. Premiere im Burghof Beeskow. <br \\\/><small>Foto: OperOderSpree<br \\\/><\\\/small><\\\/em>\",\"title\":\"Musiktheaterfestival Oper Oder Spree\"}}]},{\"type\":\"headline\",\"props\":{\"content\":\"FESTTAGE & FESTSPIELE\",\"title_element\":\"h6\"}},{\"type\":\"grid\",\"props\":{\"content_column_breakpoint\":\"m\",\"filter_align\":\"left\",\"filter_all\":true,\"filter_grid_breakpoint\":\"m\",\"filter_grid_width\":\"auto\",\"filter_position\":\"top\",\"filter_style\":\"tab\",\"grid_default\":\"1\",\"grid_divider\":false,\"grid_masonry\":\"pack\",\"grid_medium\":\"1\",\"icon_width\":80,\"image_align\":\"top\",\"image_grid_breakpoint\":\"m\",\"image_grid_width\":\"1-2\",\"image_svg_color\":\"emphasis\",\"item_animation\":true,\"link_fullwidth\":true,\"link_style\":\"default\",\"link_text\":\"Read more\",\"margin\":\"default\",\"meta_align\":\"above-title\",\"meta_element\":\"div\",\"meta_style\":\"\",\"panel_padding\":\"default\",\"panel_style\":\"card-default\",\"show_content\":true,\"show_image\":true,\"show_link\":true,\"show_meta\":true,\"show_title\":true,\"title_align\":\"top\",\"title_element\":\"h3\",\"title_grid_breakpoint\":\"m\",\"title_grid_width\":\"1-2\",\"title_hover_style\":\"reset\"},\"children\":[{\"type\":\"grid_item\",\"props\":{\"content\":\"am 08.\\\/\\u200909.\\u2009\\u2009Juni 2024 im LAGA-Park. Ein Festwochenende f\\u00fcr Kinder und Jugendliche mit Rock, Pop, und Jazz, mit internationalen TOP-Acts, regionalen K\\u00fcnstlern und freiem Eintritt.\",\"image\":\"wp-content\\\/uploads\\\/2024\\\/05\\\/202_Bild_4_Kultur-Herz-Luckau-Gestort-aber-GeiL-scaled.jpg\",\"link\":\"https:\\\/\\\/www.luckau.de\",\"link_text\":\"Mehr Infos\",\"meta\":\"\n\n<p><em>Beim Kultur-Herz Open-Air Luckau wird der Samstag durchgetanzt. <br \\\/><small>Foto: Stefan Otto<br \\\/><\\\/small><\\\/em><\\\/p>\",\"title\":\"KULTUR-HERZ OPEN-AIR LUCKAU\"}},{\"type\":\"grid_item\",\"props\":{\"content\":\"vom 8.\\u2009Juni\\u2009\\u2009\\u2013\\u20091.\\u2009September\\u20092024 laden die Uckerm\\u00e4rkischen B\\u00fchnen Schwedt zum \\u201eSommer am Fluss\\u201c. Vor idyllischer Kulisse auf der Odertalb\\u00fchne wird ein buntes Potpourri an Kulturveranstaltungen geboten: Theater, Konzerte, Shows oder Kino unterm Sternenhimmel. Highlights: Das Musical \\u201eDie neuen Abenteuer des Baron M\\u00fcnchhausen\\u201c (Premiere 8. Juni um 19.30 Uhr), Konzert f\\u00fcr Kinder und Familien \\u201eRumpelstil \\u2013 Taschenlampenkonzert\\u201c am 11. August\\u20092024, 20\\u2009Uhr. \",\"link\":\"https:\\\/\\\/www.theater-schwedt.de\",\"link_text\":\"Alle Termine und Preise\",\"title\":\"Odertalfestspiele 2024\"}},{\"type\":\"grid_item\",\"props\":{\"content\":\"22.\\u2009Juni\\u2009\\u2013 25.\\u2009August 2024 im Kloster Chorin (Barnim). Besucher erwarten hochkar\\u00e4tige, klassische Konzerte im einseitig offenen Kirchenschiff, Sitz- und Picknickgelegenheiten gibt es auch auf den angrenzenden Rasenfl\\u00e4chen.\",\"link\":\"https:\\\/\\\/www.choriner-musiksommer.de\",\"link_text\":\"Alle Termine\",\"title\":\"Choriner Musiksommer\"}},{\"type\":\"grid_item\",\"props\":{\"content\":\"28.\\u2009\\u2013\\u200930.\\u2009\\u2009Juni 2024 im Ostdeutschen Rosengarten \\u2013 ein unterhaltsames Kulturwochenende in farbenpr\\u00e4chtiger Kulisse u.\\u2009a. mit Gartenmusik im Rosenpark, Klassik Open Air, Samstagnachtparty mit Musik von Rock bis Pop, Nacht der 1.000 Lichter im Rosenpark und eine beeindruckende Lasershow.\",\"link\":\"https:\\\/\\\/www.rosengarten-forst.de\",\"link_text\":\"Mehr Infos\",\"title\":\"Rosengarten-Festtage Forst (Lausitz)\"}},{\"type\":\"grid_item\",\"props\":{\"content\":\"5. \\u2013 6.\\u2009\\u2009Juli 2024 auf der Elblandb\\u00fchne u.\\u2009a. mit dem Filmorchester Babelsberg. \\u201eFilmmusik am Fluss\\\", das unvergessliche Live-Erlebnis in der Prignitz, gibt\\u2019s in 23.\\u2009Auflage.\",\"link\":\"https:\\\/\\\/www.elblandfestspiele.de\",\"link_text\":\"Alle Infos\",\"title\":\"Elblandfestspiele Wittenberge\"}},{\"type\":\"grid_item\",\"props\":{\"content\":\"13. Juli 2024. Nicht die G\\u00e4ste sitzen auf den K\\u00e4hnen, sondern die Musiker! An den f\\u00fcnf Lieblingspl\\u00e4tzen der Luckauer machen die Musikk\\u00e4hne nach und nach Halt und verf\\u00fchren mit unterschiedlichen Musikrichtungen und Genres. Eintritt Frei!\",\"image\":\"wp-content\\\/uploads\\\/2024\\\/05\\\/202_Bild_5_Kahnnacht-Luckau-III.jpg\",\"link\":\"https:\\\/\\\/luckau.de\\\/de\\\/kultur-stadtleben\\\/luckauer-highlights-2024\\\/artikel-13-07-2024-kahnnacht-luckau.html\",\"link_text\":\"Mehr Infos\",\"meta\":\"<em>Kahnnacht Luckau (Dahme-Spreewald) am 13.07. rund um die historische Altstadt. <br \\\/><small>Foto: Stefan Otto<br \\\/><\\\/small><\\\/em>\",\"title\":\"Kahnnacht Luckau (Dahme-Spreewald)\"}}]},{\"type\":\"headline\",\"props\":{\"content\":\"FESTIVALS\",\"title_element\":\"h6\"}},{\"type\":\"grid\",\"props\":{\"content_column_breakpoint\":\"m\",\"filter_align\":\"left\",\"filter_all\":true,\"filter_grid_breakpoint\":\"m\",\"filter_grid_width\":\"auto\",\"filter_position\":\"top\",\"filter_style\":\"tab\",\"grid_default\":\"1\",\"grid_divider\":false,\"grid_masonry\":\"pack\",\"grid_medium\":\"\",\"icon_width\":80,\"image_align\":\"top\",\"image_grid_breakpoint\":\"m\",\"image_grid_width\":\"1-2\",\"image_svg_color\":\"emphasis\",\"item_animation\":true,\"link_fullwidth\":true,\"link_style\":\"default\",\"link_text\":\"Read more\",\"margin\":\"default\",\"meta_align\":\"above-title\",\"meta_element\":\"div\",\"meta_style\":\"\",\"panel_padding\":\"default\",\"panel_style\":\"card-default\",\"show_content\":true,\"show_image\":true,\"show_link\":true,\"show_meta\":true,\"show_title\":true,\"title_align\":\"top\",\"title_element\":\"h3\",\"title_grid_breakpoint\":\"m\",\"title_grid_width\":\"1-2\",\"title_hover_style\":\"reset\"},\"children\":[{\"type\":\"grid_item\",\"props\":{\"content\":\"19.\\\/20.\\u2009Juli 2024 in Potsdam. \\u00dcber 50 DJs und Live-Acts aus ganz Europa sowie lokale Gr\\u00f6\\u00dfen auf vier B\\u00fchnen. Das gro\\u00dfe Finale des XXL-Festival bildet das tosende Abschlussfeuerwerk.\",\"link\":\"https:\\\/\\\/www.citybounce.de\\\/havelbeats-2024\",\"link_text\":\"Alle Infos\",\"title\":\"Havelbeats\"}},{\"type\":\"grid_item\",\"props\":{\"content\":\"vom 25. \\u2013 28.\\u2009Juli 2024 wird die gr\\u00f6\\u00dfte Abraumf\\u00f6rderbr\\u00fccke F60 am Bergheider See (Elbe-Elster) zur fulminanten Kulisse f\\u00fcr das Feel Festival. Gemeinschaft, Freiheit, Kunst und Nachhaltigkeit werden zelebriert. Mit elektronischer und handgemachter Musik, Kunstinstallationen, Workshops und Performances. Tags\\u00fcber Strandfeeling und  kreative Sessions, nachts ein Sprung in kosmische Gefilde.\",\"link\":\"https:\\\/\\\/www.feel-festival.de\",\"link_text\":\"Alle Infos\",\"title\":\"Feel Festival\"}},{\"type\":\"grid_item\",\"props\":{\"content\":\"vom 9. \\u2013 12.\\u2009August 2024 in Drebkau am Gr\\u00e4bendorfer See im Spreewald ist mehr als Musik und Tanz. Vielmehr ein Ort des Lernens und der pers\\u00f6nlichen Entwicklung. Workshops, Yoga und durch die Nacht tanzen.\",\"link\":\"https:\\\/\\\/www.wildemoehrefestival.de\",\"link_text\":\"Alle Infos\",\"title\":\"Wilde M\\u00f6hre\"}}]}]}],\"props\":{\"margin_remove_top\":false}}],\"name\":\"09 Open Air Saison\"}],\"version\":\"4.4.1\"} --><\/p>\n","protected":false},"excerpt":{"rendered":"<p>Die Odertalb\u00fchne in Schwedt l\u00e4dt ab 8. Juni bis zum 1. September zum \u201eSommer am Fluss\u201c mit einer F\u00fclle an Veranstaltungen wie Theater, Konzerten, Shows und Kino ein. Foto: ubs\/Andr\u00e9 Nicke Open-Air-Saison in Brandenburg Kino, Musik und Tanz unter freien Himmel Endlich Sommer! Endlich wieder Open-Air-Saison f\u00fcr Kunst und Musik. Wir geben hier einen \u00dcberblick [&hellip;]<\/p>\n","protected":false},"author":1,"featured_media":0,"comment_status":"open","ping_status":"open","sticky":false,"template":"","format":"standard","meta":{"footnotes":""},"categories":[1],"tags":[],"class_list":["post-74","post","type-post","status-publish","format-standard","hentry","category-uncategorized"],"yoast_head":"<!-- This site is optimized with the Yoast SEO plugin v26.9 - https:\/\/yoast.com\/product\/yoast-seo-wordpress\/ -->\n<title>Open-Air-Saison in Brandenburg - Forst<\/title>\n<meta name=\"description\" content=\"Endlich Sommer! Endlich wieder Open-Air-Saison f\u00fcr Kunst und Musik. Wir geben hier einen \u00dcberblick zu den besten \u201eAlles drau\u00dfen\u201c-Terminen.\" \/>\n<meta name=\"robots\" content=\"index, follow, max-snippet:-1, max-image-preview:large, max-video-preview:-1\" \/>\n<link rel=\"canonical\" href=\"https:\/\/stadtwerkezeitung.info\/e-paper\/kino-musik-und-tanz-unter-freien-himmel\/\" \/>\n<meta property=\"og:locale\" content=\"en_US\" \/>\n<meta property=\"og:type\" content=\"article\" \/>\n<meta property=\"og:title\" content=\"Open-Air-Saison in Brandenburg - Forst\" \/>\n<meta property=\"og:description\" content=\"Endlich Sommer! Endlich wieder Open-Air-Saison f\u00fcr Kunst und Musik. Wir geben hier einen \u00dcberblick zu den besten \u201eAlles drau\u00dfen\u201c-Terminen.\" \/>\n<meta property=\"og:url\" content=\"https:\/\/stadtwerkezeitung.info\/e-paper\/kino-musik-und-tanz-unter-freien-himmel\/\" \/>\n<meta property=\"og:site_name\" content=\"Forst\" \/>\n<meta property=\"article:published_time\" content=\"2024-05-23T21:19:58+00:00\" \/>\n<meta property=\"article:modified_time\" content=\"2025-02-24T10:42:34+00:00\" \/>\n<meta name=\"author\" content=\"admin\" \/>\n<meta name=\"twitter:card\" content=\"summary_large_image\" \/>\n<meta name=\"twitter:label1\" content=\"Written by\" \/>\n\t<meta name=\"twitter:data1\" content=\"admin\" \/>\n\t<meta name=\"twitter:label2\" content=\"Est. reading time\" \/>\n\t<meta name=\"twitter:data2\" content=\"5 minutes\" \/>\n<script type=\"application\/ld+json\" class=\"yoast-schema-graph\">{\"@context\":\"https:\/\/schema.org\",\"@graph\":[{\"@type\":\"Article\",\"@id\":\"https:\/\/stadtwerkezeitung.info\/e-paper\/kino-musik-und-tanz-unter-freien-himmel\/#article\",\"isPartOf\":{\"@id\":\"https:\/\/stadtwerkezeitung.info\/forst\/open-air-saison-in-brandenburg\/\"},\"author\":{\"name\":\"admin\",\"@id\":\"https:\/\/stadtwerkezeitung.info\/forst\/#\/schema\/person\/acd409dca37d4bb8bf3a1284da7f1ee0\"},\"headline\":\"Open-Air-Saison in Brandenburg\",\"datePublished\":\"2024-05-23T21:19:58+00:00\",\"dateModified\":\"2025-02-24T10:42:34+00:00\",\"mainEntityOfPage\":{\"@id\":\"https:\/\/stadtwerkezeitung.info\/forst\/open-air-saison-in-brandenburg\/\"},\"wordCount\":644,\"commentCount\":0,\"inLanguage\":\"en-US\",\"potentialAction\":[{\"@type\":\"CommentAction\",\"name\":\"Comment\",\"target\":[\"https:\/\/stadtwerkezeitung.info\/e-paper\/kino-musik-und-tanz-unter-freien-himmel\/#respond\"]}]},{\"@type\":\"WebPage\",\"@id\":\"https:\/\/stadtwerkezeitung.info\/forst\/open-air-saison-in-brandenburg\/\",\"url\":\"https:\/\/stadtwerkezeitung.info\/e-paper\/kino-musik-und-tanz-unter-freien-himmel\/\",\"name\":\"Open-Air-Saison in Brandenburg - Forst\",\"isPartOf\":{\"@id\":\"https:\/\/stadtwerkezeitung.info\/forst\/#website\"},\"datePublished\":\"2024-05-23T21:19:58+00:00\",\"dateModified\":\"2025-02-24T10:42:34+00:00\",\"author\":{\"@id\":\"https:\/\/stadtwerkezeitung.info\/forst\/#\/schema\/person\/acd409dca37d4bb8bf3a1284da7f1ee0\"},\"description\":\"Endlich Sommer! Endlich wieder Open-Air-Saison f\u00fcr Kunst und Musik. Wir geben hier einen \u00dcberblick zu den besten \u201eAlles drau\u00dfen\u201c-Terminen.\",\"breadcrumb\":{\"@id\":\"https:\/\/stadtwerkezeitung.info\/e-paper\/kino-musik-und-tanz-unter-freien-himmel\/#breadcrumb\"},\"inLanguage\":\"en-US\",\"potentialAction\":[{\"@type\":\"ReadAction\",\"target\":[\"https:\/\/stadtwerkezeitung.info\/e-paper\/kino-musik-und-tanz-unter-freien-himmel\/\"]}]},{\"@type\":\"BreadcrumbList\",\"@id\":\"https:\/\/stadtwerkezeitung.info\/e-paper\/kino-musik-und-tanz-unter-freien-himmel\/#breadcrumb\",\"itemListElement\":[{\"@type\":\"ListItem\",\"position\":1,\"name\":\"Home\",\"item\":\"https:\/\/stadtwerkezeitung.info\/forst\/\"},{\"@type\":\"ListItem\",\"position\":2,\"name\":\"Open-Air-Saison in Brandenburg\"}]},{\"@type\":\"WebSite\",\"@id\":\"https:\/\/stadtwerkezeitung.info\/forst\/#website\",\"url\":\"https:\/\/stadtwerkezeitung.info\/forst\/\",\"name\":\"Forst\",\"description\":\"\",\"inLanguage\":\"en-US\"},{\"@type\":\"Person\",\"@id\":\"https:\/\/stadtwerkezeitung.info\/forst\/#\/schema\/person\/acd409dca37d4bb8bf3a1284da7f1ee0\",\"name\":\"admin\",\"image\":{\"@type\":\"ImageObject\",\"inLanguage\":\"en-US\",\"@id\":\"https:\/\/stadtwerkezeitung.info\/forst\/#\/schema\/person\/image\/\",\"url\":\"https:\/\/secure.gravatar.com\/avatar\/52dc0b3340c8087a51f52eaa20dc62cd4a6fe41f5bd886140989db7b572c00cd?s=96&d=mm&r=g\",\"contentUrl\":\"https:\/\/secure.gravatar.com\/avatar\/52dc0b3340c8087a51f52eaa20dc62cd4a6fe41f5bd886140989db7b572c00cd?s=96&d=mm&r=g\",\"caption\":\"admin\"},\"sameAs\":[\"https:\/\/stadtwerkezeitung.info\"]}]}<\/script>\n<!-- \/ Yoast SEO plugin. -->","yoast_head_json":{"title":"Open-Air-Saison in Brandenburg - Forst","description":"Endlich Sommer! Endlich wieder Open-Air-Saison f\u00fcr Kunst und Musik. Wir geben hier einen \u00dcberblick zu den besten \u201eAlles drau\u00dfen\u201c-Terminen.","robots":{"index":"index","follow":"follow","max-snippet":"max-snippet:-1","max-image-preview":"max-image-preview:large","max-video-preview":"max-video-preview:-1"},"canonical":"https:\/\/stadtwerkezeitung.info\/e-paper\/kino-musik-und-tanz-unter-freien-himmel\/","og_locale":"en_US","og_type":"article","og_title":"Open-Air-Saison in Brandenburg - Forst","og_description":"Endlich Sommer! Endlich wieder Open-Air-Saison f\u00fcr Kunst und Musik. Wir geben hier einen \u00dcberblick zu den besten \u201eAlles drau\u00dfen\u201c-Terminen.","og_url":"https:\/\/stadtwerkezeitung.info\/e-paper\/kino-musik-und-tanz-unter-freien-himmel\/","og_site_name":"Forst","article_published_time":"2024-05-23T21:19:58+00:00","article_modified_time":"2025-02-24T10:42:34+00:00","author":"admin","twitter_card":"summary_large_image","twitter_misc":{"Written by":"admin","Est. reading time":"5 minutes"},"schema":{"@context":"https:\/\/schema.org","@graph":[{"@type":"Article","@id":"https:\/\/stadtwerkezeitung.info\/e-paper\/kino-musik-und-tanz-unter-freien-himmel\/#article","isPartOf":{"@id":"https:\/\/stadtwerkezeitung.info\/forst\/open-air-saison-in-brandenburg\/"},"author":{"name":"admin","@id":"https:\/\/stadtwerkezeitung.info\/forst\/#\/schema\/person\/acd409dca37d4bb8bf3a1284da7f1ee0"},"headline":"Open-Air-Saison in Brandenburg","datePublished":"2024-05-23T21:19:58+00:00","dateModified":"2025-02-24T10:42:34+00:00","mainEntityOfPage":{"@id":"https:\/\/stadtwerkezeitung.info\/forst\/open-air-saison-in-brandenburg\/"},"wordCount":644,"commentCount":0,"inLanguage":"en-US","potentialAction":[{"@type":"CommentAction","name":"Comment","target":["https:\/\/stadtwerkezeitung.info\/e-paper\/kino-musik-und-tanz-unter-freien-himmel\/#respond"]}]},{"@type":"WebPage","@id":"https:\/\/stadtwerkezeitung.info\/forst\/open-air-saison-in-brandenburg\/","url":"https:\/\/stadtwerkezeitung.info\/e-paper\/kino-musik-und-tanz-unter-freien-himmel\/","name":"Open-Air-Saison in Brandenburg - Forst","isPartOf":{"@id":"https:\/\/stadtwerkezeitung.info\/forst\/#website"},"datePublished":"2024-05-23T21:19:58+00:00","dateModified":"2025-02-24T10:42:34+00:00","author":{"@id":"https:\/\/stadtwerkezeitung.info\/forst\/#\/schema\/person\/acd409dca37d4bb8bf3a1284da7f1ee0"},"description":"Endlich Sommer! Endlich wieder Open-Air-Saison f\u00fcr Kunst und Musik. Wir geben hier einen \u00dcberblick zu den besten \u201eAlles drau\u00dfen\u201c-Terminen.","breadcrumb":{"@id":"https:\/\/stadtwerkezeitung.info\/e-paper\/kino-musik-und-tanz-unter-freien-himmel\/#breadcrumb"},"inLanguage":"en-US","potentialAction":[{"@type":"ReadAction","target":["https:\/\/stadtwerkezeitung.info\/e-paper\/kino-musik-und-tanz-unter-freien-himmel\/"]}]},{"@type":"BreadcrumbList","@id":"https:\/\/stadtwerkezeitung.info\/e-paper\/kino-musik-und-tanz-unter-freien-himmel\/#breadcrumb","itemListElement":[{"@type":"ListItem","position":1,"name":"Home","item":"https:\/\/stadtwerkezeitung.info\/forst\/"},{"@type":"ListItem","position":2,"name":"Open-Air-Saison in Brandenburg"}]},{"@type":"WebSite","@id":"https:\/\/stadtwerkezeitung.info\/forst\/#website","url":"https:\/\/stadtwerkezeitung.info\/forst\/","name":"Forst","description":"","inLanguage":"en-US"},{"@type":"Person","@id":"https:\/\/stadtwerkezeitung.info\/forst\/#\/schema\/person\/acd409dca37d4bb8bf3a1284da7f1ee0","name":"admin","image":{"@type":"ImageObject","inLanguage":"en-US","@id":"https:\/\/stadtwerkezeitung.info\/forst\/#\/schema\/person\/image\/","url":"https:\/\/secure.gravatar.com\/avatar\/52dc0b3340c8087a51f52eaa20dc62cd4a6fe41f5bd886140989db7b572c00cd?s=96&d=mm&r=g","contentUrl":"https:\/\/secure.gravatar.com\/avatar\/52dc0b3340c8087a51f52eaa20dc62cd4a6fe41f5bd886140989db7b572c00cd?s=96&d=mm&r=g","caption":"admin"},"sameAs":["https:\/\/stadtwerkezeitung.info"]}]}},"_links":{"self":[{"href":"https:\/\/stadtwerkezeitung.info\/forst\/wp-json\/wp\/v2\/posts\/74","targetHints":{"allow":["GET"]}}],"collection":[{"href":"https:\/\/stadtwerkezeitung.info\/forst\/wp-json\/wp\/v2\/posts"}],"about":[{"href":"https:\/\/stadtwerkezeitung.info\/forst\/wp-json\/wp\/v2\/types\/post"}],"author":[{"embeddable":true,"href":"https:\/\/stadtwerkezeitung.info\/forst\/wp-json\/wp\/v2\/users\/1"}],"replies":[{"embeddable":true,"href":"https:\/\/stadtwerkezeitung.info\/forst\/wp-json\/wp\/v2\/comments?post=74"}],"version-history":[{"count":5,"href":"https:\/\/stadtwerkezeitung.info\/forst\/wp-json\/wp\/v2\/posts\/74\/revisions"}],"predecessor-version":[{"id":374,"href":"https:\/\/stadtwerkezeitung.info\/forst\/wp-json\/wp\/v2\/posts\/74\/revisions\/374"}],"wp:attachment":[{"href":"https:\/\/stadtwerkezeitung.info\/forst\/wp-json\/wp\/v2\/media?parent=74"}],"wp:term":[{"taxonomy":"category","embeddable":true,"href":"https:\/\/stadtwerkezeitung.info\/forst\/wp-json\/wp\/v2\/categories?post=74"},{"taxonomy":"post_tag","embeddable":true,"href":"https:\/\/stadtwerkezeitung.info\/forst\/wp-json\/wp\/v2\/tags?post=74"}],"curies":[{"name":"wp","href":"https:\/\/api.w.org\/{rel}","templated":true}]}}