{"id":105,"date":"2025-05-26T07:59:50","date_gmt":"2025-05-26T07:59:50","guid":{"rendered":"https:\/\/stadtwerkezeitung.info\/pvu\/?p=105"},"modified":"2025-05-26T10:53:55","modified_gmt":"2025-05-26T10:53:55","slug":"elektroniker-zahlenprofis-und-mechatroniker","status":"publish","type":"post","link":"https:\/\/stadtwerkezeitung.info\/pvu\/2025\/05\/26\/elektroniker-zahlenprofis-und-mechatroniker\/","title":{"rendered":"Elektroniker, Zahlenprofis und Mechatroniker"},"content":{"rendered":"<p><img decoding=\"async\" src=\"\/pvu\/wp-content\/uploads\/sites\/3\/2025\/05\/202_Teaser_Mitarbeiter.png\" alt=\"\"><\/p>\n<div>\n<p><em>Elektoniker Iven Miksch (v. li.n.re.) Mathias Beckmann und Corven Tiedemann verst\u00e4rken die Verwaltung und Mechatroniker Sebastian Brumm.<\/p>\n<p><small>Fotos (3): PVU <\/small><\/em><\/p>\n<\/div>\n<h2>Neu im Team: Vorgestellt<\/h2>\n<h1>Elektroniker, Zahlenprofis und Mechatroniker<\/h1>\n<h2>Neu im Team! Iven Miksch ist voller Energie als Elektroniker in der Prignitz unterwegs. Mathias Beckmann und Corven Tiedemann sorgen als Zahlenprofis f\u00fcr den \u00dcberblick. Und Sebastian Brumm, der Technikfreak, bringt frischen Wind in die Strom- und Gasabteilung. Willkommen bei PVU!<\/h2>\n<p><img decoding=\"async\" src=\"\/pvu\/wp-content\/uploads\/sites\/3\/2025\/05\/202_Bild_2_Iven-Miksch-scaled.jpg\" alt=\"\"><\/p>\n<div>\n<p><em>Iven Miksch freut sich, wenn er Kunden helfen kann. <br \/><small>Foto: PVU<\/small><\/em><\/p>\n<\/div>\n<h2>Iven Miksch startet voller Energie als Elektroniker bei PVU<\/h2>\n<div>\n<p>Iven Miksch ist der Neue im Team der PVU. Als Elektroniker f\u00fcr Energie- und Geb\u00e4udetechnik verst\u00e4rkt er die Abteilung Strom und bringt frischen Wind ins Unternehmen. Vor seinem Wechsel war er bei der Firma Erdmann t\u00e4tig.<\/p>\n<p>Auch wenn er noch neu im Betrieb ist, erlebt Miksch bereits, wie abwechslungsreich der Arbeitsalltag bei der PVU ist. \u201eFast jeder Tag ist anders\u201c, erz\u00e4hlt er. \u201eIch lerne immer neue Objekte und Bauma\u00dfnahmen kennen. Besonders spannend finde ich die Vielfalt der Anlagen \u2013 von \u00e4lteren Bauwerken mit historischer Technik bis hin zu modernen Anlagen.\u201c<\/p>\n<p>Die eigenverantwortliche Arbeit, das selbstst\u00e4ndige Planen der n\u00e4chsten Schritte und der direkte Kontakt zu Kundinnen und Kunden machen den Beruf f\u00fcr Miksch besonders reizvoll. Auch die Region selbst gef\u00e4llt ihm: \u201eHier ist es ruhig, die Natur ist ganz nah \u2013 perfekt, um nach der Arbeit zu entspannen.\u201c<\/p>\n<h4>Bildung f\u00fcr Unterst\u00fctzung<\/h4>\n<p>Ob gem\u00fctlich auf der Couch oder aktiv beim Heimwerken \u2013 Miksch nutzt seine Freizeit vielseitig. F\u00fcr die Zukunft hat er klare Ziele: \u201eIch m\u00f6chte mich unbedingt weiterbilden und das bestehende Team tatkr\u00e4ftig unterst\u00fctzen.\u201c<\/p>\n<\/div>\n<h2>Zahlenprofis verst\u00e4rken die Verwaltung<\/h2>\n<div>\n<h4>Mathias Beckmann und Corven Tiedemann:<\/h4>\n<p>Mathias Beckmann geh\u00f6rt seit Kurzem zum Team der PVU. Der gelernte Bankkaufmann und Diplom-Betriebswirt (FH) bringt langj\u00e4hrige Erfahrung im Bereich Rechnungswesen mit: Zehn Jahre war er zuvor beim Krankenhaus Perleberg t\u00e4tig. Nun freut er sich auf neue Aufgaben im kommunalen Versorgungsunternehmen.<\/p>\n<p>Am Arbeiten mit Zahlen fasziniert Beckmann besonders die klare Struktur: \u201eOrdnung ist das halbe Leben \u2013 aber auch der Blick f\u00fcrs Detail ist im Rechnungswesen unerl\u00e4sslich\u201c, sagt er. Die ersten Wochen bei der PVU sind gepr\u00e4gt von neuen Eindr\u00fccken: \u201eJeden Tag lerne ich neue Fachbegriffe kennen. Einen wirklich typischen Arbeitstag gibt es bisher nicht \u2013 jede Aufgabe bringt neue Herausforderungen.\u201c<\/p>\n<p>Auf dem Schreibtisch d\u00fcrfen f\u00fcr Beckmann einfache Dinge nicht fehlen: Kugelschreiber und Notizzettel geh\u00f6ren zu seiner Grundausstattung. Sie helfen, den \u00dcberblick auch an arbeitsreichen Tagen zu behalten.<br \/>F\u00fcr den Ausgleich zum B\u00fcroalltag setzt Beckmann auf Bewegung und Teamgeist. Er treibt regelm\u00e4\u00dfig Sport und engagiert sich aktiv in der Freiwilligen Feuerwehr. Dort wie bei der PVU z\u00e4hlen Verl\u00e4sslichkeit und Einsatzbereitschaft \u2013 Eigenschaften, die er nun auch ins Unternehmen einbringt.Wer in den kommenden Wochen das Kundenb\u00fcro der PVU in Perleberg besucht, trifft auf ein neues, freundliches Gesicht: Corven Tiedemann. Der 23-J\u00e4hrige ist seit Kurzem Teil des Teams der Energiedienstleistungen und bringt viel Engagement und Freude am Umgang mit Menschen mit. <\/p>\n<\/div>\n<p><img decoding=\"async\" src=\"\/pvu\/wp-content\/uploads\/sites\/3\/2025\/05\/202_Bild_3_IMG_3179-scaled.jpg\" alt=\"\"><\/p>\n<div>\n<p><em>Kugelschreiber, Notizzettel und PC: Damit bringen Mathias Beckmann (rechts) und Corven Tiedemann Ordnung in den Wasser- und Energieversorger.<br \/><small>Foto: PVU<\/small><\/em><\/p>\n<\/div>\n<div>\n<p>Der gelernte Gro\u00df- und Au\u00dfenhandelskaufmann kam auf Empfehlung eines Freundes zur PVU. \u201eDie Gespr\u00e4che waren sympathisch und \u00fcberzeugend \u2013 da musste ich nicht lange \u00fcberlegen\u201c, so Tiedemann.<\/p>\n<\/div>\n<div>\n<p>In seiner neuen Rolle \u00fcbernimmt er vielf\u00e4ltige Aufgaben im Kundenb\u00fcro: Rechnungen pr\u00fcfen, Mahnungen verfolgen, Bankdaten \u00e4ndern, An- und Abmeldungen bearbeiten, Kassenvorg\u00e4nge abwickeln. Noch befindet er sich in der Einarbeitung \u2013 doch er f\u00fchlt sich schon jetzt gut aufgehoben. \u201eDas Team ist herzlich, kollegial und hilfsbereit. Ich wurde sofort aufgenommen.\u201c<\/p>\n<p>Besonders sch\u00e4tzt Tiedemann den direkten Kontakt zu den Kundinnen und Kunden. Bei Fragen rund um Versorgung oder Energieeffizienz steht er als erster Ansprechpartner bereit \u2013 und findet entweder selbst eine L\u00f6sung oder holt die zust\u00e4ndigen Fachleute ins Boot. Einen praktischen Tipp zum Energiesparen hat er ebenfalls parat: \u201eHaushaltsger\u00e4te nur voll beladen laufen lassen und regelm\u00e4\u00dfig die Heizk\u00f6rper entl\u00fcften \u2013 das spart Energie und Kosten.\u201c<\/p>\n<\/div>\n<p><img decoding=\"async\" src=\"\/pvu\/wp-content\/uploads\/sites\/3\/2025\/05\/202_Bild_4_Sebastian-Brumm-scaled.jpg\" alt=\"\"><\/p>\n<div>\n<p><em>Mechanik und Elektronik \u2013 diese zwei Leidenschaften verbinden sich im Job von Sebastian Brumm.<br \/><small>Foto: PVU<\/small><\/em><\/p>\n<\/div>\n<h2>Mechatroniker bringt Technikbegeisterung in die Strom- und Gasabteilung<\/h2>\n<div>\n<h4>Sebastian Brumm<\/h4>\n<p>Seit Kurzem verst\u00e4rkt Sebastian Brumm die Strom- und Gasabteilung der PVU. Der gelernte Mechatroniker war zuvor bei der Bahn t\u00e4tig und hat sich bewusst f\u00fcr einen Wechsel zum Regionalversorger entschieden.<\/p>\n<p>\u201eF\u00fcr mich war es eine Herzensentscheidung\u201c, erz\u00e4hlt Brumm. Bereits in einem fr\u00fcheren Job als Dienstleister in der Versorgungsbranche begeisterten ihn die vielseitigen Aufgaben und besonders der Entst\u00f6rdienst. Als sich privat ein Wechsel in die Region ergab, f\u00fchrte ihn der Weg schlie\u00dflich zur PVU \u2013 unterst\u00fctzt von einem Tipp aus der Freiwilligen Feuerwehr.<\/p>\n<p>An seinem Beruf reizt ihn vor allem die Verbindung von Mechanik und Elektronik. Ob Mess-, Steuer- und Regelungstechnik oder klassische Installationen: Brumm interessiert sich f\u00fcr alles, was mit Technik und Handarbeit zu tun hat.<\/p>\n<p>Diese Leidenschaft spiegelt sich auch privat wider \u2013 auf dem eigenen Resthof in der Prignitz findet er Entspannung beim Sanieren, G\u00e4rtnern und Werkeln.<\/p>\n<p>Besonders beeindruckt hat ihn bei der PVU die komplexe Infrastruktur: \u201eMan kann sich kaum vorstellen, wie viele Leitungen und Kabel unter unseren F\u00fc\u00dfen verlaufen. Es ist faszinierend, Teil dieses Systems zu sein.\u201c<\/p>\n<\/div>\n<div>\n<p>F\u00fcr die Zukunft hat Brumm klare Pl\u00e4ne: Er m\u00f6chte sich weiterbilden, die Modernisierung der Technik unterst\u00fctzen und Verantwortung \u00fcbernehmen. Sein Ziel: eine Versorgung, auf die sich alle Kundinnen und Kunden jederzeit verlassen k\u00f6nnen.<\/p>\n<\/div>\n<div>\n<h3>Sie suchen auch neue Herausforderungen?<\/h3>\n<p><a href=\"https:\/\/www.pvu-gmbh.de\/unternehmen\/aktuelles#c67926\">Zu den Stellen- und Ausbildungsangeboten der PVU<\/a><\/p>\n<\/div>\n<p><!--more--><br \/>\n<!-- {\"type\":\"layout\",\"children\":[{\"type\":\"section\",\"props\":{\"image_position\":\"center-center\",\"padding_remove_top\":true,\"style\":\"default\",\"title_breakpoint\":\"xl\",\"title_position\":\"top-left\",\"title_rotation\":\"left\",\"vertical_align\":\"\",\"width\":\"small\"},\"children\":[{\"type\":\"row\",\"children\":[{\"type\":\"column\",\"props\":{\"image_position\":\"center-center\",\"position_sticky_breakpoint\":\"m\"},\"children\":[{\"type\":\"image\",\"props\":{\"image\":\"wp-content\\\/uploads\\\/sites\\\/3\\\/2025\\\/05\\\/202_Teaser_Mitarbeiter.png\",\"image_svg_color\":\"emphasis\",\"margin\":\"default\"}},{\"type\":\"text\",\"props\":{\"column_breakpoint\":\"m\",\"content\":\"\n\n<p><em>Elektoniker Iven Miksch (v. li.n.re.) Mathias Beckmann und Corven Tiedemann verst\\u00e4rken die Verwaltung und Mechatroniker Sebastian Brumm.\\n\\n <br \\\/><small>Fotos (3): PVU <\\\/small><\\\/em><\\\/p>\",\"margin\":\"default\"}},{\"type\":\"headline\",\"props\":{\"content\":\"Neu im Team: Vorgestellt\",\"margin\":\"small\",\"margin_remove_bottom\":false,\"margin_remove_top\":false,\"title_element\":\"h2\",\"title_style\":\"h5\"}},{\"type\":\"headline\",\"props\":{\"content\":\"Elektroniker, Zahlenprofis und Mechatroniker\",\"margin\":\"small\",\"margin_remove_bottom\":false,\"margin_remove_top\":false,\"title_element\":\"h1\"}},{\"type\":\"headline\",\"props\":{\"content\":\"Neu im Team! Iven Miksch ist voller Energie als Elektroniker in der Prignitz unterwegs. Mathias Beckmann und Corven Tiedemann sorgen als Zahlenprofis f\\u00fcr den \\u00dcberblick. Und Sebastian Brumm, der Technikfreak, bringt frischen Wind in die Strom- und Gasabteilung. Willkommen bei PVU!\",\"margin\":\"small\",\"margin_remove_top\":false,\"title_element\":\"h2\",\"title_style\":\"text-lead\"}}]}]},{\"type\":\"row\",\"props\":{\"divider\":true,\"layout\":\"1-2,1-2\"},\"children\":[{\"type\":\"column\",\"props\":{\"image_position\":\"center-center\",\"position_sticky_breakpoint\":\"m\",\"width_medium\":\"1-2\"},\"children\":[{\"type\":\"image\",\"props\":{\"image\":\"wp-content\\\/uploads\\\/sites\\\/3\\\/2025\\\/05\\\/202_Bild_2_Iven-Miksch-scaled.jpg\",\"image_height\":900,\"image_svg_color\":\"emphasis\",\"image_width\":450,\"margin\":\"default\"}},{\"type\":\"text\",\"props\":{\"column_breakpoint\":\"m\",\"content\":\"\n\n<p><em>Iven Miksch freut sich, wenn er Kunden helfen kann. <br \\\/><small>Foto: PVU<\\\/small><\\\/em><\\\/p>\",\"margin\":\"default\"}}]},{\"type\":\"column\",\"props\":{\"image_position\":\"center-center\",\"position_sticky_breakpoint\":\"m\",\"width_medium\":\"1-2\"},\"children\":[{\"type\":\"headline\",\"props\":{\"content\":\"Iven Miksch startet voller Energie als Elektroniker bei PVU\",\"margin\":\"small\",\"margin_remove_bottom\":false,\"margin_remove_top\":false,\"title_element\":\"h2\"}},{\"type\":\"text\",\"props\":{\"column_breakpoint\":\"m\",\"content\":\"\n\n<p>Iven Miksch ist der Neue im Team der PVU. Als Elektroniker f\\u00fcr Energie- und Geb\\u00e4udetechnik verst\\u00e4rkt er die Abteilung Strom und bringt frischen Wind ins Unternehmen. Vor seinem Wechsel war er bei der Firma Erdmann t\\u00e4tig.<\\\/p>\\n\n\n<p>Auch wenn er noch neu im Betrieb ist, erlebt Miksch bereits, wie abwechslungsreich der Arbeitsalltag bei der PVU ist. \\u201eFast jeder Tag ist anders\\u201c, erz\\u00e4hlt er. \\u201eIch lerne immer neue Objekte und Bauma\\u00dfnahmen kennen. Besonders spannend finde ich die Vielfalt der Anlagen \\u2013 von \\u00e4lteren Bauwerken mit historischer Technik bis hin zu modernen Anlagen.\\u201c<\\\/p>\\n\n\n<p>Die eigenverantwortliche Arbeit, das selbstst\\u00e4ndige Planen der n\\u00e4chsten Schritte und der direkte Kontakt zu Kundinnen und Kunden machen den Beruf f\\u00fcr Miksch besonders reizvoll. Auch die Region selbst gef\\u00e4llt ihm: \\u201eHier ist es ruhig, die Natur ist ganz nah \\u2013 perfekt, um nach der Arbeit zu entspannen.\\u201c<\\\/p>\\n\n\n<h4>Bildung f\\u00fcr Unterst\\u00fctzung<\\\/h4>\\n\n\n<p>Ob gem\\u00fctlich auf der Couch oder aktiv beim Heimwerken \\u2013 Miksch nutzt seine Freizeit vielseitig. F\\u00fcr die Zukunft hat er klare Ziele: \\u201eIch m\\u00f6chte mich unbedingt weiterbilden und das bestehende Team tatkr\\u00e4ftig unterst\\u00fctzen.\\u201c<\\\/p>\",\"margin\":\"default\"}}]}]},{\"type\":\"row\",\"children\":[{\"type\":\"column\",\"props\":{\"image_position\":\"center-center\",\"position_sticky_breakpoint\":\"m\",\"width_medium\":\"1-2\"},\"children\":[{\"type\":\"headline\",\"props\":{\"content\":\"Zahlenprofis verst\\u00e4rken die Verwaltung\",\"margin\":\"small\",\"margin_remove_bottom\":false,\"margin_remove_top\":false,\"title_element\":\"h2\"}},{\"type\":\"text\",\"props\":{\"column_breakpoint\":\"m\",\"content\":\"\n\n<h4>Mathias Beckmann und Corven Tiedemann:<\\\/h4>\\n\n\n<p>Mathias Beckmann geh\\u00f6rt seit Kurzem zum Team der PVU. Der gelernte Bankkaufmann und Diplom-Betriebswirt (FH) bringt langj\\u00e4hrige Erfahrung im Bereich Rechnungswesen mit: Zehn Jahre war er zuvor beim Krankenhaus Perleberg t\\u00e4tig. Nun freut er sich auf neue Aufgaben im kommunalen Versorgungsunternehmen.<\\\/p>\\n\n\n<p>Am Arbeiten mit Zahlen fasziniert Beckmann besonders die klare Struktur: \\u201eOrdnung ist das halbe Leben \\u2013 aber auch der Blick f\\u00fcrs Detail ist im Rechnungswesen unerl\\u00e4sslich\\u201c, sagt er. Die ersten Wochen bei der PVU sind gepr\\u00e4gt von neuen Eindr\\u00fccken: \\u201eJeden Tag lerne ich neue Fachbegriffe kennen. Einen wirklich typischen Arbeitstag gibt es bisher nicht \\u2013 jede Aufgabe bringt neue Herausforderungen.\\u201c<\\\/p>\\n\n\n<p>Auf dem Schreibtisch d\\u00fcrfen f\\u00fcr Beckmann einfache Dinge nicht fehlen: Kugelschreiber und Notizzettel geh\\u00f6ren zu seiner Grundausstattung. Sie helfen, den \\u00dcberblick auch an arbeitsreichen Tagen zu behalten.<br \\\/>F\\u00fcr den Ausgleich zum B\\u00fcroalltag setzt Beckmann auf Bewegung und Teamgeist. Er treibt regelm\\u00e4\\u00dfig Sport und engagiert sich aktiv in der Freiwilligen Feuerwehr. Dort wie bei der PVU z\\u00e4hlen Verl\\u00e4sslichkeit und Einsatzbereitschaft \\u2013 Eigenschaften, die er nun auch ins Unternehmen einbringt.Wer in den kommenden Wochen das Kundenb\\u00fcro der PVU in Perleberg besucht, trifft auf ein neues, freundliches Gesicht: Corven Tiedemann. Der 23-J\\u00e4hrige ist seit Kurzem Teil des Teams der Energiedienstleistungen und bringt viel Engagement und Freude am Umgang mit Menschen mit. <\\\/p>\",\"margin\":\"default\"}}]},{\"type\":\"column\",\"props\":{\"image_position\":\"center-center\",\"position_sticky_breakpoint\":\"m\",\"width_medium\":\"1-2\"},\"children\":[{\"type\":\"image\",\"props\":{\"image\":\"wp-content\\\/uploads\\\/sites\\\/3\\\/2025\\\/05\\\/202_Bild_3_IMG_3179-scaled.jpg\",\"image_svg_color\":\"emphasis\",\"margin\":\"default\"}},{\"type\":\"text\",\"props\":{\"column_breakpoint\":\"m\",\"content\":\"\n\n<p><em>Kugelschreiber, Notizzettel und PC: Damit bringen Mathias Beckmann (rechts) und Corven Tiedemann Ordnung in den Wasser- und Energieversorger.<br \\\/><small>Foto: PVU<\\\/small><\\\/em><\\\/p>\",\"margin\":\"default\"}},{\"type\":\"text\",\"props\":{\"column_breakpoint\":\"m\",\"content\":\"\n\n<p>Der gelernte Gro\\u00df- und Au\\u00dfenhandelskaufmann kam auf Empfehlung eines Freundes zur PVU. \\u201eDie Gespr\\u00e4che waren sympathisch und \\u00fcberzeugend \\u2013 da musste ich nicht lange \\u00fcberlegen\\u201c, so Tiedemann.<\\\/p>\",\"margin\":\"default\"}}]}],\"props\":{\"divider\":true,\"layout\":\"1-2,1-2\"}},{\"type\":\"row\",\"children\":[{\"type\":\"column\",\"props\":{\"image_position\":\"center-center\",\"position_sticky_breakpoint\":\"m\"},\"children\":[{\"type\":\"text\",\"props\":{\"column_breakpoint\":\"m\",\"content\":\"\n\n<p>In seiner neuen Rolle \\u00fcbernimmt er vielf\\u00e4ltige Aufgaben im Kundenb\\u00fcro: Rechnungen pr\\u00fcfen, Mahnungen verfolgen, Bankdaten \\u00e4ndern, An- und Abmeldungen bearbeiten, Kassenvorg\\u00e4nge abwickeln. Noch befindet er sich in der Einarbeitung \\u2013 doch er f\\u00fchlt sich schon jetzt gut aufgehoben. \\u201eDas Team ist herzlich, kollegial und hilfsbereit. Ich wurde sofort aufgenommen.\\u201c<\\\/p>\\n\n\n<p>Besonders sch\\u00e4tzt Tiedemann den direkten Kontakt zu den Kundinnen und Kunden. Bei Fragen rund um Versorgung oder Energieeffizienz steht er als erster Ansprechpartner bereit \\u2013 und findet entweder selbst eine L\\u00f6sung oder holt die zust\\u00e4ndigen Fachleute ins Boot. Einen praktischen Tipp zum Energiesparen hat er ebenfalls parat: \\u201eHaushaltsger\\u00e4te nur voll beladen laufen lassen und regelm\\u00e4\\u00dfig die Heizk\\u00f6rper entl\\u00fcften \\u2013 das spart Energie und Kosten.\\u201c<\\\/p>\",\"margin\":\"default\"}}]}]},{\"type\":\"row\",\"props\":{\"divider\":true,\"layout\":\"1-2,1-2\"},\"children\":[{\"type\":\"column\",\"props\":{\"image_position\":\"center-center\",\"position_sticky_breakpoint\":\"m\",\"width_medium\":\"1-2\"},\"children\":[{\"type\":\"image\",\"props\":{\"image\":\"wp-content\\\/uploads\\\/sites\\\/3\\\/2025\\\/05\\\/202_Bild_4_Sebastian-Brumm-scaled.jpg\",\"image_svg_color\":\"emphasis\",\"margin\":\"default\"}},{\"type\":\"text\",\"props\":{\"column_breakpoint\":\"m\",\"content\":\"\n\n<p><em>Mechanik und Elektronik \\u2013 diese zwei Leidenschaften verbinden sich im Job von Sebastian Brumm.<br \\\/><small>Foto: PVU<\\\/small><\\\/em><\\\/p>\",\"margin\":\"default\"}}]},{\"type\":\"column\",\"props\":{\"image_position\":\"center-center\",\"position_sticky_breakpoint\":\"m\",\"width_medium\":\"1-2\"},\"children\":[{\"type\":\"headline\",\"props\":{\"content\":\"Mechatroniker bringt Technikbegeisterung in die Strom- und Gasabteilung\",\"margin\":\"small\",\"margin_remove_bottom\":false,\"margin_remove_top\":false,\"title_element\":\"h2\"}},{\"type\":\"text\",\"props\":{\"column_breakpoint\":\"m\",\"content\":\"\n\n<h4>Sebastian Brumm<\\\/h4>\\n\n\n<p>Seit Kurzem verst\\u00e4rkt Sebastian Brumm die Strom- und Gasabteilung der PVU. Der gelernte Mechatroniker war zuvor bei der Bahn t\\u00e4tig und hat sich bewusst f\\u00fcr einen Wechsel zum Regionalversorger entschieden.<\\\/p>\\n\n\n<p>\\u201eF\\u00fcr mich war es eine Herzensentscheidung\\u201c, erz\\u00e4hlt Brumm. Bereits in einem fr\\u00fcheren Job als Dienstleister in der Versorgungsbranche begeisterten ihn die vielseitigen Aufgaben und besonders der Entst\\u00f6rdienst. Als sich privat ein Wechsel in die Region ergab, f\\u00fchrte ihn der Weg schlie\\u00dflich zur PVU \\u2013 unterst\\u00fctzt von einem Tipp aus der Freiwilligen Feuerwehr.<\\\/p>\\n\n\n<p>An seinem Beruf reizt ihn vor allem die Verbindung von Mechanik und Elektronik. Ob Mess-, Steuer- und Regelungstechnik oder klassische Installationen: Brumm interessiert sich f\\u00fcr alles, was mit Technik und Handarbeit zu tun hat.<\\\/p>\\n\n\n<p>Diese Leidenschaft spiegelt sich auch privat wider \\u2013 auf dem eigenen Resthof in der Prignitz findet er Entspannung beim Sanieren, G\\u00e4rtnern und Werkeln.<\\\/p>\\n\n\n<p>Besonders beeindruckt hat ihn bei der PVU die komplexe Infrastruktur: \\u201eMan kann sich kaum vorstellen, wie viele Leitungen und Kabel unter unseren F\\u00fc\\u00dfen verlaufen. Es ist faszinierend, Teil dieses Systems zu sein.\\u201c<\\\/p>\",\"margin\":\"default\"}}]}]},{\"type\":\"row\",\"children\":[{\"type\":\"column\",\"props\":{\"image_position\":\"center-center\",\"position_sticky_breakpoint\":\"m\"},\"children\":[{\"type\":\"text\",\"props\":{\"column_breakpoint\":\"m\",\"content\":\"\n\n<p>F\\u00fcr die Zukunft hat Brumm klare Pl\\u00e4ne: Er m\\u00f6chte sich weiterbilden, die Modernisierung der Technik unterst\\u00fctzen und Verantwortung \\u00fcbernehmen. Sein Ziel: eine Versorgung, auf die sich alle Kundinnen und Kunden jederzeit verlassen k\\u00f6nnen.<\\\/p>\",\"margin\":\"default\"}},{\"type\":\"panel\",\"props\":{\"content_column_breakpoint\":\"m\",\"icon\":\"link-external\",\"icon_width\":80,\"image_align\":\"left\",\"image_grid_breakpoint\":\"m\",\"image_grid_width\":\"small\",\"image_svg_color\":\"emphasis\",\"image_vertical_align\":true,\"link\":\"https:\\\/\\\/www.pvu-gmbh.de\\\/unternehmen\\\/aktuelles#c67926\",\"link_fullwidth\":true,\"link_style\":\"primary\",\"link_text\":\"Zu den Stellen- und Ausbildungsangeboten der PVU\",\"margin\":\"default\",\"meta_align\":\"below-title\",\"meta_element\":\"div\",\"meta_style\":\"text-meta\",\"panel_link\":true,\"panel_padding\":\"default\",\"panel_style\":\"card-primary\",\"title\":\"Sie suchen auch neue Herausforderungen?\",\"title_align\":\"top\",\"title_element\":\"h3\",\"title_grid_breakpoint\":\"m\",\"title_grid_width\":\"1-2\",\"title_hover_style\":\"reset\"}}]}]}],\"name\":\"rohrweber\"}],\"version\":\"4.4.1\"} --><\/p>\n","protected":false},"excerpt":{"rendered":"<p>Elektoniker Iven Miksch (v. li.n.re.) Mathias Beckmann und Corven Tiedemann verst\u00e4rken die Verwaltung und Mechatroniker Sebastian Brumm. Fotos (3): PVU Neu im Team: Vorgestellt Elektroniker, Zahlenprofis und Mechatroniker Neu im Team! Iven Miksch ist voller Energie als Elektroniker in der Prignitz unterwegs. Mathias Beckmann und Corven Tiedemann sorgen als Zahlenprofis f\u00fcr den \u00dcberblick. Und Sebastian [&hellip;]<\/p>\n","protected":false},"author":1,"featured_media":0,"comment_status":"open","ping_status":"open","sticky":false,"template":"","format":"standard","meta":{"footnotes":""},"categories":[1],"tags":[],"class_list":["post-105","post","type-post","status-publish","format-standard","hentry","category-uncategorized"],"yoast_head":"<!-- This site is optimized with the Yoast SEO plugin v26.9 - https:\/\/yoast.com\/product\/yoast-seo-wordpress\/ -->\n<title>Elektroniker, Zahlenprofis und Mechatroniker - PVU aktuell<\/title>\n<meta name=\"description\" content=\"Neu im Team! Iven Miksch ist voller Energie als Elektroniker in der Prignitz unterwegs. Mathias Beckmann und Corven Tiedemann sorgen als Zahlenprofis f\u00fcr den \u00dcberblick. Und Sebastian Brumm, der Technikfreak, bringt frischen Wind in die Strom- und Gasabteilung. Willkommen bei PVU!\" \/>\n<meta name=\"robots\" content=\"index, follow, max-snippet:-1, max-image-preview:large, max-video-preview:-1\" \/>\n<link rel=\"canonical\" href=\"https:\/\/stadtwerkezeitung.info\/pvu\/2025\/05\/26\/elektroniker-zahlenprofis-und-mechatroniker\/\" \/>\n<meta property=\"og:locale\" content=\"en_US\" \/>\n<meta property=\"og:type\" content=\"article\" \/>\n<meta property=\"og:title\" content=\"Elektroniker, Zahlenprofis und Mechatroniker - PVU aktuell\" \/>\n<meta property=\"og:description\" content=\"Neu im Team! Iven Miksch ist voller Energie als Elektroniker in der Prignitz unterwegs. Mathias Beckmann und Corven Tiedemann sorgen als Zahlenprofis f\u00fcr den \u00dcberblick. Und Sebastian Brumm, der Technikfreak, bringt frischen Wind in die Strom- und Gasabteilung. Willkommen bei PVU!\" \/>\n<meta property=\"og:url\" content=\"https:\/\/stadtwerkezeitung.info\/pvu\/2025\/05\/26\/elektroniker-zahlenprofis-und-mechatroniker\/\" \/>\n<meta property=\"og:site_name\" content=\"PVU aktuell\" \/>\n<meta property=\"article:published_time\" content=\"2025-05-26T07:59:50+00:00\" \/>\n<meta property=\"article:modified_time\" content=\"2025-05-26T10:53:55+00:00\" \/>\n<meta name=\"author\" content=\"admin\" \/>\n<meta name=\"twitter:card\" content=\"summary_large_image\" \/>\n<meta name=\"twitter:label1\" content=\"Written by\" \/>\n\t<meta name=\"twitter:data1\" content=\"admin\" \/>\n\t<meta name=\"twitter:label2\" content=\"Est. reading time\" \/>\n\t<meta name=\"twitter:data2\" content=\"2 minutes\" \/>\n<script type=\"application\/ld+json\" class=\"yoast-schema-graph\">{\"@context\":\"https:\/\/schema.org\",\"@graph\":[{\"@type\":\"Article\",\"@id\":\"https:\/\/stadtwerkezeitung.info\/pvu\/2025\/05\/26\/elektroniker-zahlenprofis-und-mechatroniker\/#article\",\"isPartOf\":{\"@id\":\"https:\/\/stadtwerkezeitung.info\/pvu\/2025\/05\/26\/elektroniker-zahlenprofis-und-mechatroniker\/\"},\"author\":{\"name\":\"admin\",\"@id\":\"https:\/\/stadtwerkezeitung.info\/pvu\/#\/schema\/person\/acd409dca37d4bb8bf3a1284da7f1ee0\"},\"headline\":\"Elektroniker, Zahlenprofis und Mechatroniker\",\"datePublished\":\"2025-05-26T07:59:50+00:00\",\"dateModified\":\"2025-05-26T10:53:55+00:00\",\"mainEntityOfPage\":{\"@id\":\"https:\/\/stadtwerkezeitung.info\/pvu\/2025\/05\/26\/elektroniker-zahlenprofis-und-mechatroniker\/\"},\"wordCount\":945,\"commentCount\":0,\"publisher\":{\"@id\":\"https:\/\/stadtwerkezeitung.info\/pvu\/#organization\"},\"inLanguage\":\"en-US\",\"potentialAction\":[{\"@type\":\"CommentAction\",\"name\":\"Comment\",\"target\":[\"https:\/\/stadtwerkezeitung.info\/pvu\/2025\/05\/26\/elektroniker-zahlenprofis-und-mechatroniker\/#respond\"]}]},{\"@type\":\"WebPage\",\"@id\":\"https:\/\/stadtwerkezeitung.info\/pvu\/2025\/05\/26\/elektroniker-zahlenprofis-und-mechatroniker\/\",\"url\":\"https:\/\/stadtwerkezeitung.info\/pvu\/2025\/05\/26\/elektroniker-zahlenprofis-und-mechatroniker\/\",\"name\":\"Elektroniker, Zahlenprofis und Mechatroniker - PVU aktuell\",\"isPartOf\":{\"@id\":\"https:\/\/stadtwerkezeitung.info\/pvu\/#website\"},\"datePublished\":\"2025-05-26T07:59:50+00:00\",\"dateModified\":\"2025-05-26T10:53:55+00:00\",\"description\":\"Neu im Team! Iven Miksch ist voller Energie als Elektroniker in der Prignitz unterwegs. Mathias Beckmann und Corven Tiedemann sorgen als Zahlenprofis f\u00fcr den \u00dcberblick. Und Sebastian Brumm, der Technikfreak, bringt frischen Wind in die Strom- und Gasabteilung. Willkommen bei PVU!\",\"breadcrumb\":{\"@id\":\"https:\/\/stadtwerkezeitung.info\/pvu\/2025\/05\/26\/elektroniker-zahlenprofis-und-mechatroniker\/#breadcrumb\"},\"inLanguage\":\"en-US\",\"potentialAction\":[{\"@type\":\"ReadAction\",\"target\":[\"https:\/\/stadtwerkezeitung.info\/pvu\/2025\/05\/26\/elektroniker-zahlenprofis-und-mechatroniker\/\"]}]},{\"@type\":\"BreadcrumbList\",\"@id\":\"https:\/\/stadtwerkezeitung.info\/pvu\/2025\/05\/26\/elektroniker-zahlenprofis-und-mechatroniker\/#breadcrumb\",\"itemListElement\":[{\"@type\":\"ListItem\",\"position\":1,\"name\":\"Home\",\"item\":\"https:\/\/stadtwerkezeitung.info\/pvu\/\"},{\"@type\":\"ListItem\",\"position\":2,\"name\":\"Elektroniker, Zahlenprofis und Mechatroniker\"}]},{\"@type\":\"WebSite\",\"@id\":\"https:\/\/stadtwerkezeitung.info\/pvu\/#website\",\"url\":\"https:\/\/stadtwerkezeitung.info\/pvu\/\",\"name\":\"PVU aktuell\",\"description\":\"Ihre STADTWERKE ZEITUNG digital\",\"publisher\":{\"@id\":\"https:\/\/stadtwerkezeitung.info\/pvu\/#organization\"},\"inLanguage\":\"en-US\"},{\"@type\":\"Organization\",\"@id\":\"https:\/\/stadtwerkezeitung.info\/pvu\/#organization\",\"name\":\"PVU aktuell\",\"url\":\"https:\/\/stadtwerkezeitung.info\/pvu\/\",\"logo\":{\"@type\":\"ImageObject\",\"inLanguage\":\"en-US\",\"@id\":\"https:\/\/stadtwerkezeitung.info\/pvu\/#\/schema\/logo\/image\/\",\"url\":\"https:\/\/stadtwerkezeitung.info\/pvu\/wp-content\/uploads\/sites\/3\/2025\/01\/PVU_logo.png\",\"contentUrl\":\"https:\/\/stadtwerkezeitung.info\/pvu\/wp-content\/uploads\/sites\/3\/2025\/01\/PVU_logo.png\",\"width\":1045,\"height\":472,\"caption\":\"PVU aktuell\"},\"image\":{\"@id\":\"https:\/\/stadtwerkezeitung.info\/pvu\/#\/schema\/logo\/image\/\"}},{\"@type\":\"Person\",\"@id\":\"https:\/\/stadtwerkezeitung.info\/pvu\/#\/schema\/person\/acd409dca37d4bb8bf3a1284da7f1ee0\",\"name\":\"admin\",\"image\":{\"@type\":\"ImageObject\",\"inLanguage\":\"en-US\",\"@id\":\"https:\/\/stadtwerkezeitung.info\/pvu\/#\/schema\/person\/image\/\",\"url\":\"https:\/\/secure.gravatar.com\/avatar\/52dc0b3340c8087a51f52eaa20dc62cd4a6fe41f5bd886140989db7b572c00cd?s=96&d=mm&r=g\",\"contentUrl\":\"https:\/\/secure.gravatar.com\/avatar\/52dc0b3340c8087a51f52eaa20dc62cd4a6fe41f5bd886140989db7b572c00cd?s=96&d=mm&r=g\",\"caption\":\"admin\"},\"sameAs\":[\"https:\/\/stadtwerkezeitung.info\"]}]}<\/script>\n<!-- \/ Yoast SEO plugin. -->","yoast_head_json":{"title":"Elektroniker, Zahlenprofis und Mechatroniker - PVU aktuell","description":"Neu im Team! Iven Miksch ist voller Energie als Elektroniker in der Prignitz unterwegs. Mathias Beckmann und Corven Tiedemann sorgen als Zahlenprofis f\u00fcr den \u00dcberblick. Und Sebastian Brumm, der Technikfreak, bringt frischen Wind in die Strom- und Gasabteilung. Willkommen bei PVU!","robots":{"index":"index","follow":"follow","max-snippet":"max-snippet:-1","max-image-preview":"max-image-preview:large","max-video-preview":"max-video-preview:-1"},"canonical":"https:\/\/stadtwerkezeitung.info\/pvu\/2025\/05\/26\/elektroniker-zahlenprofis-und-mechatroniker\/","og_locale":"en_US","og_type":"article","og_title":"Elektroniker, Zahlenprofis und Mechatroniker - PVU aktuell","og_description":"Neu im Team! Iven Miksch ist voller Energie als Elektroniker in der Prignitz unterwegs. Mathias Beckmann und Corven Tiedemann sorgen als Zahlenprofis f\u00fcr den \u00dcberblick. Und Sebastian Brumm, der Technikfreak, bringt frischen Wind in die Strom- und Gasabteilung. Willkommen bei PVU!","og_url":"https:\/\/stadtwerkezeitung.info\/pvu\/2025\/05\/26\/elektroniker-zahlenprofis-und-mechatroniker\/","og_site_name":"PVU aktuell","article_published_time":"2025-05-26T07:59:50+00:00","article_modified_time":"2025-05-26T10:53:55+00:00","author":"admin","twitter_card":"summary_large_image","twitter_misc":{"Written by":"admin","Est. reading time":"2 minutes"},"schema":{"@context":"https:\/\/schema.org","@graph":[{"@type":"Article","@id":"https:\/\/stadtwerkezeitung.info\/pvu\/2025\/05\/26\/elektroniker-zahlenprofis-und-mechatroniker\/#article","isPartOf":{"@id":"https:\/\/stadtwerkezeitung.info\/pvu\/2025\/05\/26\/elektroniker-zahlenprofis-und-mechatroniker\/"},"author":{"name":"admin","@id":"https:\/\/stadtwerkezeitung.info\/pvu\/#\/schema\/person\/acd409dca37d4bb8bf3a1284da7f1ee0"},"headline":"Elektroniker, Zahlenprofis und Mechatroniker","datePublished":"2025-05-26T07:59:50+00:00","dateModified":"2025-05-26T10:53:55+00:00","mainEntityOfPage":{"@id":"https:\/\/stadtwerkezeitung.info\/pvu\/2025\/05\/26\/elektroniker-zahlenprofis-und-mechatroniker\/"},"wordCount":945,"commentCount":0,"publisher":{"@id":"https:\/\/stadtwerkezeitung.info\/pvu\/#organization"},"inLanguage":"en-US","potentialAction":[{"@type":"CommentAction","name":"Comment","target":["https:\/\/stadtwerkezeitung.info\/pvu\/2025\/05\/26\/elektroniker-zahlenprofis-und-mechatroniker\/#respond"]}]},{"@type":"WebPage","@id":"https:\/\/stadtwerkezeitung.info\/pvu\/2025\/05\/26\/elektroniker-zahlenprofis-und-mechatroniker\/","url":"https:\/\/stadtwerkezeitung.info\/pvu\/2025\/05\/26\/elektroniker-zahlenprofis-und-mechatroniker\/","name":"Elektroniker, Zahlenprofis und Mechatroniker - PVU aktuell","isPartOf":{"@id":"https:\/\/stadtwerkezeitung.info\/pvu\/#website"},"datePublished":"2025-05-26T07:59:50+00:00","dateModified":"2025-05-26T10:53:55+00:00","description":"Neu im Team! Iven Miksch ist voller Energie als Elektroniker in der Prignitz unterwegs. Mathias Beckmann und Corven Tiedemann sorgen als Zahlenprofis f\u00fcr den \u00dcberblick. Und Sebastian Brumm, der Technikfreak, bringt frischen Wind in die Strom- und Gasabteilung. Willkommen bei PVU!","breadcrumb":{"@id":"https:\/\/stadtwerkezeitung.info\/pvu\/2025\/05\/26\/elektroniker-zahlenprofis-und-mechatroniker\/#breadcrumb"},"inLanguage":"en-US","potentialAction":[{"@type":"ReadAction","target":["https:\/\/stadtwerkezeitung.info\/pvu\/2025\/05\/26\/elektroniker-zahlenprofis-und-mechatroniker\/"]}]},{"@type":"BreadcrumbList","@id":"https:\/\/stadtwerkezeitung.info\/pvu\/2025\/05\/26\/elektroniker-zahlenprofis-und-mechatroniker\/#breadcrumb","itemListElement":[{"@type":"ListItem","position":1,"name":"Home","item":"https:\/\/stadtwerkezeitung.info\/pvu\/"},{"@type":"ListItem","position":2,"name":"Elektroniker, Zahlenprofis und Mechatroniker"}]},{"@type":"WebSite","@id":"https:\/\/stadtwerkezeitung.info\/pvu\/#website","url":"https:\/\/stadtwerkezeitung.info\/pvu\/","name":"PVU aktuell","description":"Ihre STADTWERKE ZEITUNG digital","publisher":{"@id":"https:\/\/stadtwerkezeitung.info\/pvu\/#organization"},"inLanguage":"en-US"},{"@type":"Organization","@id":"https:\/\/stadtwerkezeitung.info\/pvu\/#organization","name":"PVU aktuell","url":"https:\/\/stadtwerkezeitung.info\/pvu\/","logo":{"@type":"ImageObject","inLanguage":"en-US","@id":"https:\/\/stadtwerkezeitung.info\/pvu\/#\/schema\/logo\/image\/","url":"https:\/\/stadtwerkezeitung.info\/pvu\/wp-content\/uploads\/sites\/3\/2025\/01\/PVU_logo.png","contentUrl":"https:\/\/stadtwerkezeitung.info\/pvu\/wp-content\/uploads\/sites\/3\/2025\/01\/PVU_logo.png","width":1045,"height":472,"caption":"PVU aktuell"},"image":{"@id":"https:\/\/stadtwerkezeitung.info\/pvu\/#\/schema\/logo\/image\/"}},{"@type":"Person","@id":"https:\/\/stadtwerkezeitung.info\/pvu\/#\/schema\/person\/acd409dca37d4bb8bf3a1284da7f1ee0","name":"admin","image":{"@type":"ImageObject","inLanguage":"en-US","@id":"https:\/\/stadtwerkezeitung.info\/pvu\/#\/schema\/person\/image\/","url":"https:\/\/secure.gravatar.com\/avatar\/52dc0b3340c8087a51f52eaa20dc62cd4a6fe41f5bd886140989db7b572c00cd?s=96&d=mm&r=g","contentUrl":"https:\/\/secure.gravatar.com\/avatar\/52dc0b3340c8087a51f52eaa20dc62cd4a6fe41f5bd886140989db7b572c00cd?s=96&d=mm&r=g","caption":"admin"},"sameAs":["https:\/\/stadtwerkezeitung.info"]}]}},"_links":{"self":[{"href":"https:\/\/stadtwerkezeitung.info\/pvu\/wp-json\/wp\/v2\/posts\/105","targetHints":{"allow":["GET"]}}],"collection":[{"href":"https:\/\/stadtwerkezeitung.info\/pvu\/wp-json\/wp\/v2\/posts"}],"about":[{"href":"https:\/\/stadtwerkezeitung.info\/pvu\/wp-json\/wp\/v2\/types\/post"}],"author":[{"embeddable":true,"href":"https:\/\/stadtwerkezeitung.info\/pvu\/wp-json\/wp\/v2\/users\/1"}],"replies":[{"embeddable":true,"href":"https:\/\/stadtwerkezeitung.info\/pvu\/wp-json\/wp\/v2\/comments?post=105"}],"version-history":[{"count":8,"href":"https:\/\/stadtwerkezeitung.info\/pvu\/wp-json\/wp\/v2\/posts\/105\/revisions"}],"predecessor-version":[{"id":149,"href":"https:\/\/stadtwerkezeitung.info\/pvu\/wp-json\/wp\/v2\/posts\/105\/revisions\/149"}],"wp:attachment":[{"href":"https:\/\/stadtwerkezeitung.info\/pvu\/wp-json\/wp\/v2\/media?parent=105"}],"wp:term":[{"taxonomy":"category","embeddable":true,"href":"https:\/\/stadtwerkezeitung.info\/pvu\/wp-json\/wp\/v2\/categories?post=105"},{"taxonomy":"post_tag","embeddable":true,"href":"https:\/\/stadtwerkezeitung.info\/pvu\/wp-json\/wp\/v2\/tags?post=105"}],"curies":[{"name":"wp","href":"https:\/\/api.w.org\/{rel}","templated":true}]}}