{"id":136,"date":"2025-05-26T08:29:01","date_gmt":"2025-05-26T08:29:01","guid":{"rendered":"https:\/\/stadtwerkezeitung.info\/pvu\/?p=136"},"modified":"2025-05-26T10:52:32","modified_gmt":"2025-05-26T10:52:32","slug":"pvu-mai-2025-raetsel","status":"publish","type":"post","link":"https:\/\/stadtwerkezeitung.info\/pvu\/2025\/05\/26\/pvu-mai-2025-raetsel\/","title":{"rendered":"Das ist (ja wohl) die H\u00f6he!"},"content":{"rendered":"<p><img decoding=\"async\" src=\"\/pvu\/wp-content\/uploads\/2025\/05\/203_Bild_1__Aufmacher_Unknown-Kopie-rotated.jpeg\" alt=\"\"><\/p>\n<div>\n<p><em>Der Oderturm in Frankfurt (Oder) \u2013 modernes Wahrzeichen der Stadt. <br \/><small>Foto: SPREE-PR\/Klaus Arbeit<\/small><\/em><\/p>\n<\/div>\n<h2>R\u00e4tsel<\/h2>\n<h1>Das ist (ja wohl) die H\u00f6he!<\/h1>\n<h3>Die durchschnittliche H\u00f6he im Land Brandenburg betr\u00e4gt 68 Meter. Die Mark \u00fcberragt damit die Hauptstadt immerhin um ganze 21\u2009Meter. Zu einem \u201eBergvolk\u201c macht sie das nat\u00fcrlich noch lange nicht.  <\/h3>\n<div>\n<p>Dennoch kann Brandenburg h\u00f6chst interessante Rekorde vorweisen. Wir bringen Sie auf die H\u00f6he kleiner Bestmarken im Land Brandenburg!<\/p>\n<p>Beantworten Sie unsere Frage und gewinnen Sie attraktive Geldpreise: <\/p>\n<p><strong>2 x 20 Euro, <\/strong><br \/><strong>2 x 30 Euro<\/strong><br \/><strong>und 3 x 50 Euro.<\/strong><\/p>\n<\/div>\n<div>\n<p>Was f\u00fcr eine Aussicht! Mit seinen 88,95 Metern ist der Oderturm das h\u00f6chste Geb\u00e4ude im Land Brandenburg. Er k\u00fcndigt bereits aus der Ferne am Himmel als modernes Wahrzeichen die Stadt Frankfurt an der Oder an. Erbaut wurde das 25-st\u00f6ckige Geb\u00e4ude von 1968 bis 1976 als B\u00fcrogeb\u00e4ude. Nach Umbau und Sanierung wurde der Turm mit einem Einkaufszentrum in den unteren Etagen 1996 wiederer\u00f6ffnet. Rund 40 Gesch\u00e4fte, jede Menge Restaurants und Caf\u00e9s, B\u00fcros, Arztpraxen bieten Arbeitspl\u00e4tze f\u00fcr 1.300 Besch\u00e4ftigte \u2013 und von den oberen Stockwerken einen unvergleichlichen Ausblick \u00fcber Stadt, Land, Fluss. Einmal im Jahr wird der Oderturm zur Sportst\u00e4tte \u2013 dann findet in dem Geb\u00e4ude der Oderturmlauf statt. Der n\u00e4chste Lauf ist voraussichtlich am 30. August 2025.<\/p>\n<\/div>\n<ul>\n<li>\n<p><img decoding=\"async\" src=\"\/pvu\/wp-content\/uploads\/2025\/05\/203_Bild_2.png\" alt=\"\"><\/p>\n<div>\n<p>Schicken Sie die Antwort bis zum 7. Juli 2025 an:<br \/>SPREE-PR<br \/>Kennwort: Stufen<\/p>\n<p>Zehdenicker Str. 21<br \/>10119 Berlin <br \/>oder per Mail an:<br \/><a href=\"mailto:swz@spree-pr.com\">swz@spree-pr.com<\/a><\/p>\n<p><em>Viel Gl\u00fcck!<\/em><\/p>\n<\/div>\n<\/li>\n<li>\n<div>\n<div class=\"wpcf7 no-js\" id=\"wpcf7-f16-o1\" lang=\"en-US\" dir=\"ltr\" data-wpcf7-id=\"16\">\n<div class=\"screen-reader-response\"><p role=\"status\" aria-live=\"polite\" aria-atomic=\"true\"><\/p> <ul><\/ul><\/div>\n<form action=\"\/pvu\/wp-json\/wp\/v2\/posts\/136#wpcf7-f16-o1\" method=\"post\" class=\"wpcf7-form init\" aria-label=\"Contact form\" novalidate=\"novalidate\" data-status=\"init\">\n<fieldset class=\"hidden-fields-container\"><input type=\"hidden\" name=\"_wpcf7\" value=\"16\" \/><input type=\"hidden\" name=\"_wpcf7_version\" value=\"6.1.5\" \/><input type=\"hidden\" name=\"_wpcf7_locale\" value=\"en_US\" \/><input type=\"hidden\" name=\"_wpcf7_unit_tag\" value=\"wpcf7-f16-o1\" \/><input type=\"hidden\" name=\"_wpcf7_container_post\" value=\"0\" \/><input type=\"hidden\" name=\"_wpcf7_posted_data_hash\" value=\"\" \/>\n<\/fieldset>\n<p><label> Name<br \/>\n<span class=\"wpcf7-form-control-wrap\" data-name=\"your-name\"><input size=\"40\" maxlength=\"400\" class=\"wpcf7-form-control wpcf7-text wpcf7-validates-as-required\" autocomplete=\"name\" aria-required=\"true\" aria-invalid=\"false\" value=\"\" type=\"text\" name=\"your-name\" \/><\/span> <\/label>\n<\/p>\n<p><label> E-Mail<br \/>\n<span class=\"wpcf7-form-control-wrap\" data-name=\"your-email\"><input size=\"40\" maxlength=\"400\" class=\"wpcf7-form-control wpcf7-email wpcf7-validates-as-required wpcf7-text wpcf7-validates-as-email\" autocomplete=\"email\" aria-required=\"true\" aria-invalid=\"false\" value=\"\" type=\"email\" name=\"your-email\" \/><\/span> <\/label>\n<\/p>\n<p><label> L\u00f6sungswort<br \/>\n<span class=\"wpcf7-form-control-wrap\" data-name=\"loesungswort\"><input size=\"40\" maxlength=\"400\" class=\"wpcf7-form-control wpcf7-text wpcf7-validates-as-required\" aria-required=\"true\" aria-invalid=\"false\" value=\"\" type=\"text\" name=\"loesungswort\" \/><\/span> <\/label>\n<\/p>\n<p><input class=\"wpcf7-form-control wpcf7-submit has-spinner uk-button uk-button-primary\" type=\"submit\" value=\"Senden\" \/>\n<\/p><div class=\"wpcf7-response-output\" aria-hidden=\"true\"><\/div>\n<\/form>\n<\/div>\n<\/div>\n<\/li>\n<\/ul>\n<p><img decoding=\"async\" src=\"\/pvu\/wp-content\/uploads\/2024\/05\/203_HandGeld_300dpi_fr.png\" alt=\"\"><\/p>\n<div>\n<h4>Die Gewinner des Fr\u00fchlingsr\u00e4tsels:<\/h4>\n<p>Rund 330 Zuschriften mit dem richtigen L\u00f6sungswort \u201ePotsdamer Riesengarde\u201c haben uns erreicht.<\/p>\n<p>Gewonnen haben 20\u2009Euro B. Rabenstein aus Schwedt\/O., 30\u2009Euro A. Selka aus Heideblick und 50\u2009Euro M. Dresler aus Guben.<\/p>\n<p><strong>Herzlichen Gl\u00fcckwunsch!<\/strong> <\/p>\n<\/div>\n<p><!--more--><br \/>\n<!-- {\"type\":\"layout\",\"children\":[{\"type\":\"section\",\"props\":{\"image_position\":\"center-center\",\"padding_remove_top\":true,\"style\":\"default\",\"title_breakpoint\":\"xl\",\"title_position\":\"top-left\",\"title_rotation\":\"left\",\"vertical_align\":\"\",\"width\":\"small\"},\"children\":[{\"type\":\"row\",\"props\":{\"divider\":true,\"layout\":\"1-2,1-2\"},\"children\":[{\"type\":\"column\",\"props\":{\"image_position\":\"center-center\",\"position_sticky_breakpoint\":\"m\",\"width_medium\":\"1-2\"},\"children\":[{\"type\":\"image\",\"props\":{\"image\":\"wp-content\\\/uploads\\\/2025\\\/05\\\/203_Bild_1__Aufmacher_Unknown-Kopie-rotated.jpeg\",\"image_svg_color\":\"emphasis\",\"margin\":\"default\"}},{\"type\":\"text\",\"props\":{\"column_breakpoint\":\"m\",\"content\":\"\n\n<p><em>Der Oderturm in Frankfurt (Oder) \\u2013 modernes Wahrzeichen der Stadt. <br \\\/><small>Foto: SPREE-PR\\\/Klaus Arbeit<\\\/small><\\\/em><\\\/p>\",\"margin\":\"default\"},\"name\":\"03 Bildunterschrift\"}]},{\"type\":\"column\",\"props\":{\"image_position\":\"center-center\",\"position_sticky_breakpoint\":\"m\",\"vertical_align\":\"middle\",\"width_medium\":\"1-2\"},\"children\":[{\"type\":\"headline\",\"props\":{\"content\":\"R\\u00e4tsel\",\"margin\":\"small\",\"margin_remove_bottom\":false,\"margin_remove_top\":false,\"title_element\":\"h2\",\"title_style\":\"h5\"}},{\"type\":\"headline\",\"props\":{\"content\":\"Das ist (ja wohl) die H\\u00f6he!\",\"margin\":\"small\",\"margin_remove_bottom\":false,\"margin_remove_top\":false,\"title_element\":\"h1\"}},{\"type\":\"headline\",\"props\":{\"content\":\"Die durchschnittliche H\\u00f6he im Land Brandenburg betr\\u00e4gt 68 Meter. Die Mark \\u00fcberragt damit die Hauptstadt immerhin um ganze 21\\u2009Meter. Zu einem \\u201eBergvolk\\u201c macht sie das nat\\u00fcrlich noch lange nicht.  \",\"margin\":\"small\",\"margin_remove_top\":false,\"title_element\":\"h3\",\"title_style\":\"text-lead\"}},{\"type\":\"text\",\"props\":{\"column_breakpoint\":\"m\",\"content\":\"\n\n<p>Dennoch kann Brandenburg h\\u00f6chst interessante Rekorde vorweisen. Wir bringen Sie auf die H\\u00f6he kleiner Bestmarken im Land Brandenburg!<\\\/p>\\n\n\n<p>Beantworten Sie unsere Frage und gewinnen Sie attraktive Geldpreise: <br \\\/><br \\\/><strong>2 x 20 Euro, <\\\/strong><br \\\/><strong>2 x 30 Euro<\\\/strong><br \\\/><strong>und 3 x 50 Euro.<\\\/strong><\\\/p>\",\"margin\":\"default\"}}]}]},{\"type\":\"row\",\"children\":[{\"type\":\"column\",\"props\":{\"image_position\":\"center-center\",\"position_sticky_breakpoint\":\"m\"},\"children\":[{\"type\":\"text\",\"props\":{\"column_breakpoint\":\"m\",\"content\":\"\n\n<p>Was f\\u00fcr eine Aussicht! Mit seinen 88,95 Metern ist der Oderturm das h\\u00f6chste Geb\\u00e4ude im Land Brandenburg. Er k\\u00fcndigt bereits aus der Ferne am Himmel als modernes Wahrzeichen die Stadt Frankfurt an der Oder an. Erbaut wurde das 25-st\\u00f6ckige Geb\\u00e4ude von 1968 bis 1976 als B\\u00fcrogeb\\u00e4ude. Nach Umbau und Sanierung wurde der Turm mit einem Einkaufszentrum in den unteren Etagen 1996 wiederer\\u00f6ffnet. Rund 40 Gesch\\u00e4fte, jede Menge Restaurants und Caf\\u00e9s, B\\u00fcros, Arztpraxen bieten Arbeitspl\\u00e4tze f\\u00fcr 1.300 Besch\\u00e4ftigte \\u2013 und von den oberen Stockwerken einen unvergleichlichen Ausblick \\u00fcber Stadt, Land, Fluss. Einmal im Jahr wird der Oderturm zur Sportst\\u00e4tte \\u2013 dann findet in dem Geb\\u00e4ude der Oderturmlauf statt. Der n\\u00e4chste Lauf ist voraussichtlich am 30. August 2025.<\\\/p>\",\"margin\":\"default\"}},{\"type\":\"grid\",\"props\":{\"content_column_breakpoint\":\"m\",\"css\":\"\\\/* General Form Styles *\\\/\\n.wpcf7 {\\n    max-width: 300px;\\n    margin: 0 auto;\\n    padding: 0px;\\n\\n    border: 0px solid #ddd;\\n    border-radius: 8px;\\n    font-family: Arial, sans-serif; \\\/* Simple, clean font *\\\/\\n    color: #6f6f6e; \\\/* Stadtwerke Forst gray *\\\/\\n}\\n\\n\\\/* Style Labels *\\\/\\n.wpcf7 form label {\\n    font-size: 14px;\\n    font-weight: bold;\\n    margin-bottom: 5px;\\n    display: block;\\n    color: #294c62; \\\/* Stadtwerke Forst blue *\\\/\\n}\\n\\n\\\/* Style Input Fields *\\\/\\n.wpcf7 input[type=\\\"text\\\"],\\n.wpcf7 input[type=\\\"email\\\"],\\n.wpcf7 textarea {\\n    width: 100%;\\n    padding: 10px;\\n    margin-bottom: 15px;\\n    border: 1px solid #ccc;\\n    border-radius: 4px;\\n    font-size: 14px;\\n    color: ##d12b51; \\\/* Text color in blue *\\\/\\n    background-color: #fff; \\\/* White background for inputs *\\\/\\n}\\n\\n.wpcf7 textarea {\\n    height: 100px; \\\/* Adjust for readability *\\\/\\n}\\n\\n\\\/* Add focus styles to inputs *\\\/\\n.wpcf7 input[type=\\\"text\\\"]:focus,\\n.wpcf7 input[type=\\\"email\\\"]:focus,\\n.wpcf7 textarea:focus {\\n    border-color: #d12b51; \\\/* Stadtwerke Forst orange for focus *\\\/\\n    outline: none;\\n}\\n\\n\\\/* Style the Submit Button *\\\/\\n.wpcf7 input[type=\\\"submit\\\"] {\\n    background-color: #294c62; \\\/* Stadtwerke Forst blue *\\\/\\n    color: #fff; \\\/* White text *\\\/\\n    border: none;\\n    padding: 10px 20px;\\n    border-radius: 4px;\\n    cursor: pointer;\\n    font-size: 14px;\\n    font-weight: normal;\\n    text-transform: uppercase; \\n    transition: background-color 0.3s ease;\\n}\\n\\n\\\/* Hover Effect for Button *\\\/\\n.wpcf7 input[type=\\\"submit\\\"]:hover {\\n    background-color: #d12b51; \\\/* Stadtwerke Forst orange on hover *\\\/\\n}\\n\\n\\\/* Style Validation Errors *\\\/\\n.wpcf7 .wpcf7-not-valid-tip {\\n    color: #ef7d00; \\\/* Stadtwerke Forst orange for error tips *\\\/\\n    font-size: 12px;\\n}\\n\\n\\\/* Style Success Message *\\\/\\n.wpcf7-mail-sent-ok {\\n    color: #294c62; \\\/* Blue for success messages *\\\/\\n    background-color: #eaf3f7; \\\/* Light blue background *\\\/\\n    padding: 10px;\\n    border-radius: 4px;\\n    border: 1px solid #294c62;\\n}\",\"filter_align\":\"left\",\"filter_all\":true,\"filter_grid_breakpoint\":\"m\",\"filter_grid_width\":\"auto\",\"filter_position\":\"top\",\"filter_style\":\"tab\",\"grid_column_gap\":\"large\",\"grid_default\":\"1\",\"grid_medium\":\"2\",\"icon_width\":80,\"image_align\":\"top\",\"image_grid_breakpoint\":\"m\",\"image_grid_width\":\"1-2\",\"image_svg_color\":\"emphasis\",\"item_animation\":true,\"link_style\":\"default\",\"link_text\":\"Read more\",\"margin\":\"default\",\"meta_align\":\"below-title\",\"meta_element\":\"div\",\"meta_style\":\"text-meta\",\"panel_image_no_padding\":false,\"panel_padding\":\"default\",\"panel_style\":\"card-default\",\"show_content\":true,\"show_image\":true,\"show_link\":true,\"show_meta\":true,\"show_title\":true,\"title_align\":\"top\",\"title_element\":\"h3\",\"title_grid_breakpoint\":\"m\",\"title_grid_width\":\"1-2\",\"title_hover_style\":\"reset\"},\"children\":[{\"type\":\"grid_item\",\"props\":{\"content\":\"\n\n<p>Schicken Sie die Antwort bis zum 7. Juli 2025 an:<br \\\/>SPREE-PR<br \\\/>Kennwort: Stufen<\\\/p>\\n\n\n<p>Zehdenicker Str. 21<br \\\/>10119 Berlin <br \\\/>oder per Mail an:<br \\\/><a href=\\\"mailto:swz@spree-pr.com\\\">swz@spree-pr.com<\\\/a><\\\/p>\\n\n\n<p><em>Viel Gl\\u00fcck!<\\\/em><\\\/p>\",\"image\":\"wp-content\\\/uploads\\\/2025\\\/05\\\/203_Bild_2.png\"}},{\"type\":\"grid_item\",\"props\":{\"content\":\"[contact-form-7 id=\\\"41f3d0a\\\" title=\\\"Raetsel PVU\\\"]\"}}]}]}],\"props\":{\"margin_remove_top\":false}},{\"type\":\"row\",\"props\":{\"divider\":true,\"layout\":\"1-4,3-4\"},\"children\":[{\"type\":\"column\",\"props\":{\"image_position\":\"center-center\",\"position_sticky_breakpoint\":\"m\",\"vertical_align\":\"middle\",\"width_medium\":\"1-4\"},\"children\":[{\"type\":\"image\",\"props\":{\"image\":\"wp-content\\\/uploads\\\/2024\\\/05\\\/203_HandGeld_300dpi_fr.png\",\"image_svg_color\":\"emphasis\",\"margin\":\"default\"}}]},{\"type\":\"column\",\"props\":{\"image_position\":\"center-center\",\"position_sticky_breakpoint\":\"m\",\"vertical_align\":\"middle\",\"width_medium\":\"3-4\"},\"children\":[{\"type\":\"text\",\"props\":{\"column_breakpoint\":\"m\",\"content\":\"\n\n<h4>Die Gewinner des Fr\\u00fchlingsr\\u00e4tsels:<\\\/h4>\\n\n\n<p>Rund 330 Zuschriften mit dem richtigen L\\u00f6sungswort \\u201ePotsdamer Riesengarde\\u201c haben uns erreicht.<\\\/p>\\n\n\n<p>Gewonnen haben 20\\u2009Euro B. Rabenstein aus Schwedt\\\/O., 30\\u2009Euro A. Selka aus Heideblick und 50\\u2009Euro M. Dresler aus Guben.<\\\/p>\\n\n\n<p><strong>Herzlichen Gl\\u00fcckwunsch!<\\\/strong> <br \\\/><br \\\/><\\\/p>\",\"margin\":\"default\"}}]}]}],\"name\":\"raetsel mai 2025\"}],\"version\":\"4.4.1\"} --><\/p>\n","protected":false},"excerpt":{"rendered":"<p>Der Oderturm in Frankfurt (Oder) \u2013 modernes Wahrzeichen der Stadt. Foto: SPREE-PR\/Klaus Arbeit R\u00e4tsel Das ist (ja wohl) die H\u00f6he! Die durchschnittliche H\u00f6he im Land Brandenburg betr\u00e4gt 68 Meter. Die Mark \u00fcberragt damit die Hauptstadt immerhin um ganze 21\u2009Meter. Zu einem \u201eBergvolk\u201c macht sie das nat\u00fcrlich noch lange nicht. Dennoch kann Brandenburg h\u00f6chst interessante Rekorde [&hellip;]<\/p>\n","protected":false},"author":1,"featured_media":0,"comment_status":"open","ping_status":"open","sticky":false,"template":"","format":"standard","meta":{"footnotes":""},"categories":[1],"tags":[],"class_list":["post-136","post","type-post","status-publish","format-standard","hentry","category-uncategorized"],"yoast_head":"<!-- This site is optimized with the Yoast SEO plugin v26.9 - https:\/\/yoast.com\/product\/yoast-seo-wordpress\/ -->\n<title>Das ist (ja wohl) die H\u00f6he! - PVU aktuell<\/title>\n<meta name=\"robots\" content=\"index, follow, max-snippet:-1, max-image-preview:large, max-video-preview:-1\" \/>\n<link rel=\"canonical\" href=\"https:\/\/stadtwerkezeitung.info\/e-paper\/mai-2025-raetsel\/\" \/>\n<meta property=\"og:locale\" content=\"en_US\" \/>\n<meta property=\"og:type\" content=\"article\" \/>\n<meta property=\"og:title\" content=\"Das ist (ja wohl) die H\u00f6he! - PVU aktuell\" \/>\n<meta property=\"og:description\" content=\"Der Oderturm in Frankfurt (Oder) \u2013 modernes Wahrzeichen der Stadt. Foto: SPREE-PR\/Klaus Arbeit R\u00e4tsel Das ist (ja wohl) die H\u00f6he! Die durchschnittliche H\u00f6he im Land Brandenburg betr\u00e4gt 68 Meter. Die Mark \u00fcberragt damit die Hauptstadt immerhin um ganze 21\u2009Meter. Zu einem \u201eBergvolk\u201c macht sie das nat\u00fcrlich noch lange nicht. Dennoch kann Brandenburg h\u00f6chst interessante Rekorde [&hellip;]\" \/>\n<meta property=\"og:url\" content=\"https:\/\/stadtwerkezeitung.info\/e-paper\/mai-2025-raetsel\/\" \/>\n<meta property=\"og:site_name\" content=\"PVU aktuell\" \/>\n<meta property=\"article:published_time\" content=\"2025-05-26T08:29:01+00:00\" \/>\n<meta property=\"article:modified_time\" content=\"2025-05-26T10:52:32+00:00\" \/>\n<meta name=\"author\" content=\"admin\" \/>\n<meta name=\"twitter:card\" content=\"summary_large_image\" \/>\n<meta name=\"twitter:label1\" content=\"Written by\" \/>\n\t<meta name=\"twitter:data1\" content=\"admin\" \/>\n\t<meta name=\"twitter:label2\" content=\"Est. reading time\" \/>\n\t<meta name=\"twitter:data2\" content=\"2 minutes\" \/>\n<script type=\"application\/ld+json\" class=\"yoast-schema-graph\">{\"@context\":\"https:\/\/schema.org\",\"@graph\":[{\"@type\":\"Article\",\"@id\":\"https:\/\/stadtwerkezeitung.info\/e-paper\/mai-2025-raetsel\/#article\",\"isPartOf\":{\"@id\":\"https:\/\/stadtwerkezeitung.info\/pvu\/2025\/05\/26\/pvu-mai-2025-raetsel\/\"},\"author\":{\"name\":\"admin\",\"@id\":\"https:\/\/stadtwerkezeitung.info\/pvu\/#\/schema\/person\/acd409dca37d4bb8bf3a1284da7f1ee0\"},\"headline\":\"Das ist (ja wohl) die H\u00f6he!\",\"datePublished\":\"2025-05-26T08:29:01+00:00\",\"dateModified\":\"2025-05-26T10:52:32+00:00\",\"mainEntityOfPage\":{\"@id\":\"https:\/\/stadtwerkezeitung.info\/pvu\/2025\/05\/26\/pvu-mai-2025-raetsel\/\"},\"wordCount\":291,\"commentCount\":0,\"publisher\":{\"@id\":\"https:\/\/stadtwerkezeitung.info\/pvu\/#organization\"},\"inLanguage\":\"en-US\",\"potentialAction\":[{\"@type\":\"CommentAction\",\"name\":\"Comment\",\"target\":[\"https:\/\/stadtwerkezeitung.info\/e-paper\/mai-2025-raetsel\/#respond\"]}]},{\"@type\":\"WebPage\",\"@id\":\"https:\/\/stadtwerkezeitung.info\/pvu\/2025\/05\/26\/pvu-mai-2025-raetsel\/\",\"url\":\"https:\/\/stadtwerkezeitung.info\/e-paper\/mai-2025-raetsel\/\",\"name\":\"Das ist (ja wohl) die H\u00f6he! - PVU aktuell\",\"isPartOf\":{\"@id\":\"https:\/\/stadtwerkezeitung.info\/pvu\/#website\"},\"datePublished\":\"2025-05-26T08:29:01+00:00\",\"dateModified\":\"2025-05-26T10:52:32+00:00\",\"breadcrumb\":{\"@id\":\"https:\/\/stadtwerkezeitung.info\/e-paper\/mai-2025-raetsel\/#breadcrumb\"},\"inLanguage\":\"en-US\",\"potentialAction\":[{\"@type\":\"ReadAction\",\"target\":[\"https:\/\/stadtwerkezeitung.info\/e-paper\/mai-2025-raetsel\/\"]}]},{\"@type\":\"BreadcrumbList\",\"@id\":\"https:\/\/stadtwerkezeitung.info\/e-paper\/mai-2025-raetsel\/#breadcrumb\",\"itemListElement\":[{\"@type\":\"ListItem\",\"position\":1,\"name\":\"Home\",\"item\":\"https:\/\/stadtwerkezeitung.info\/pvu\/\"},{\"@type\":\"ListItem\",\"position\":2,\"name\":\"Das ist (ja wohl) die H\u00f6he!\"}]},{\"@type\":\"WebSite\",\"@id\":\"https:\/\/stadtwerkezeitung.info\/pvu\/#website\",\"url\":\"https:\/\/stadtwerkezeitung.info\/pvu\/\",\"name\":\"PVU aktuell\",\"description\":\"Ihre STADTWERKE ZEITUNG digital\",\"publisher\":{\"@id\":\"https:\/\/stadtwerkezeitung.info\/pvu\/#organization\"},\"inLanguage\":\"en-US\"},{\"@type\":\"Organization\",\"@id\":\"https:\/\/stadtwerkezeitung.info\/pvu\/#organization\",\"name\":\"PVU aktuell\",\"url\":\"https:\/\/stadtwerkezeitung.info\/pvu\/\",\"logo\":{\"@type\":\"ImageObject\",\"inLanguage\":\"en-US\",\"@id\":\"https:\/\/stadtwerkezeitung.info\/pvu\/#\/schema\/logo\/image\/\",\"url\":\"https:\/\/stadtwerkezeitung.info\/pvu\/wp-content\/uploads\/sites\/3\/2025\/01\/PVU_logo.png\",\"contentUrl\":\"https:\/\/stadtwerkezeitung.info\/pvu\/wp-content\/uploads\/sites\/3\/2025\/01\/PVU_logo.png\",\"width\":1045,\"height\":472,\"caption\":\"PVU aktuell\"},\"image\":{\"@id\":\"https:\/\/stadtwerkezeitung.info\/pvu\/#\/schema\/logo\/image\/\"}},{\"@type\":\"Person\",\"@id\":\"https:\/\/stadtwerkezeitung.info\/pvu\/#\/schema\/person\/acd409dca37d4bb8bf3a1284da7f1ee0\",\"name\":\"admin\",\"image\":{\"@type\":\"ImageObject\",\"inLanguage\":\"en-US\",\"@id\":\"https:\/\/stadtwerkezeitung.info\/pvu\/#\/schema\/person\/image\/\",\"url\":\"https:\/\/secure.gravatar.com\/avatar\/52dc0b3340c8087a51f52eaa20dc62cd4a6fe41f5bd886140989db7b572c00cd?s=96&d=mm&r=g\",\"contentUrl\":\"https:\/\/secure.gravatar.com\/avatar\/52dc0b3340c8087a51f52eaa20dc62cd4a6fe41f5bd886140989db7b572c00cd?s=96&d=mm&r=g\",\"caption\":\"admin\"},\"sameAs\":[\"https:\/\/stadtwerkezeitung.info\"]}]}<\/script>\n<!-- \/ Yoast SEO plugin. -->","yoast_head_json":{"title":"Das ist (ja wohl) die H\u00f6he! - PVU aktuell","robots":{"index":"index","follow":"follow","max-snippet":"max-snippet:-1","max-image-preview":"max-image-preview:large","max-video-preview":"max-video-preview:-1"},"canonical":"https:\/\/stadtwerkezeitung.info\/e-paper\/mai-2025-raetsel\/","og_locale":"en_US","og_type":"article","og_title":"Das ist (ja wohl) die H\u00f6he! - PVU aktuell","og_description":"Der Oderturm in Frankfurt (Oder) \u2013 modernes Wahrzeichen der Stadt. Foto: SPREE-PR\/Klaus Arbeit R\u00e4tsel Das ist (ja wohl) die H\u00f6he! Die durchschnittliche H\u00f6he im Land Brandenburg betr\u00e4gt 68 Meter. Die Mark \u00fcberragt damit die Hauptstadt immerhin um ganze 21\u2009Meter. Zu einem \u201eBergvolk\u201c macht sie das nat\u00fcrlich noch lange nicht. Dennoch kann Brandenburg h\u00f6chst interessante Rekorde [&hellip;]","og_url":"https:\/\/stadtwerkezeitung.info\/e-paper\/mai-2025-raetsel\/","og_site_name":"PVU aktuell","article_published_time":"2025-05-26T08:29:01+00:00","article_modified_time":"2025-05-26T10:52:32+00:00","author":"admin","twitter_card":"summary_large_image","twitter_misc":{"Written by":"admin","Est. reading time":"2 minutes"},"schema":{"@context":"https:\/\/schema.org","@graph":[{"@type":"Article","@id":"https:\/\/stadtwerkezeitung.info\/e-paper\/mai-2025-raetsel\/#article","isPartOf":{"@id":"https:\/\/stadtwerkezeitung.info\/pvu\/2025\/05\/26\/pvu-mai-2025-raetsel\/"},"author":{"name":"admin","@id":"https:\/\/stadtwerkezeitung.info\/pvu\/#\/schema\/person\/acd409dca37d4bb8bf3a1284da7f1ee0"},"headline":"Das ist (ja wohl) die H\u00f6he!","datePublished":"2025-05-26T08:29:01+00:00","dateModified":"2025-05-26T10:52:32+00:00","mainEntityOfPage":{"@id":"https:\/\/stadtwerkezeitung.info\/pvu\/2025\/05\/26\/pvu-mai-2025-raetsel\/"},"wordCount":291,"commentCount":0,"publisher":{"@id":"https:\/\/stadtwerkezeitung.info\/pvu\/#organization"},"inLanguage":"en-US","potentialAction":[{"@type":"CommentAction","name":"Comment","target":["https:\/\/stadtwerkezeitung.info\/e-paper\/mai-2025-raetsel\/#respond"]}]},{"@type":"WebPage","@id":"https:\/\/stadtwerkezeitung.info\/pvu\/2025\/05\/26\/pvu-mai-2025-raetsel\/","url":"https:\/\/stadtwerkezeitung.info\/e-paper\/mai-2025-raetsel\/","name":"Das ist (ja wohl) die H\u00f6he! - PVU aktuell","isPartOf":{"@id":"https:\/\/stadtwerkezeitung.info\/pvu\/#website"},"datePublished":"2025-05-26T08:29:01+00:00","dateModified":"2025-05-26T10:52:32+00:00","breadcrumb":{"@id":"https:\/\/stadtwerkezeitung.info\/e-paper\/mai-2025-raetsel\/#breadcrumb"},"inLanguage":"en-US","potentialAction":[{"@type":"ReadAction","target":["https:\/\/stadtwerkezeitung.info\/e-paper\/mai-2025-raetsel\/"]}]},{"@type":"BreadcrumbList","@id":"https:\/\/stadtwerkezeitung.info\/e-paper\/mai-2025-raetsel\/#breadcrumb","itemListElement":[{"@type":"ListItem","position":1,"name":"Home","item":"https:\/\/stadtwerkezeitung.info\/pvu\/"},{"@type":"ListItem","position":2,"name":"Das ist (ja wohl) die H\u00f6he!"}]},{"@type":"WebSite","@id":"https:\/\/stadtwerkezeitung.info\/pvu\/#website","url":"https:\/\/stadtwerkezeitung.info\/pvu\/","name":"PVU aktuell","description":"Ihre STADTWERKE ZEITUNG digital","publisher":{"@id":"https:\/\/stadtwerkezeitung.info\/pvu\/#organization"},"inLanguage":"en-US"},{"@type":"Organization","@id":"https:\/\/stadtwerkezeitung.info\/pvu\/#organization","name":"PVU aktuell","url":"https:\/\/stadtwerkezeitung.info\/pvu\/","logo":{"@type":"ImageObject","inLanguage":"en-US","@id":"https:\/\/stadtwerkezeitung.info\/pvu\/#\/schema\/logo\/image\/","url":"https:\/\/stadtwerkezeitung.info\/pvu\/wp-content\/uploads\/sites\/3\/2025\/01\/PVU_logo.png","contentUrl":"https:\/\/stadtwerkezeitung.info\/pvu\/wp-content\/uploads\/sites\/3\/2025\/01\/PVU_logo.png","width":1045,"height":472,"caption":"PVU aktuell"},"image":{"@id":"https:\/\/stadtwerkezeitung.info\/pvu\/#\/schema\/logo\/image\/"}},{"@type":"Person","@id":"https:\/\/stadtwerkezeitung.info\/pvu\/#\/schema\/person\/acd409dca37d4bb8bf3a1284da7f1ee0","name":"admin","image":{"@type":"ImageObject","inLanguage":"en-US","@id":"https:\/\/stadtwerkezeitung.info\/pvu\/#\/schema\/person\/image\/","url":"https:\/\/secure.gravatar.com\/avatar\/52dc0b3340c8087a51f52eaa20dc62cd4a6fe41f5bd886140989db7b572c00cd?s=96&d=mm&r=g","contentUrl":"https:\/\/secure.gravatar.com\/avatar\/52dc0b3340c8087a51f52eaa20dc62cd4a6fe41f5bd886140989db7b572c00cd?s=96&d=mm&r=g","caption":"admin"},"sameAs":["https:\/\/stadtwerkezeitung.info"]}]}},"_links":{"self":[{"href":"https:\/\/stadtwerkezeitung.info\/pvu\/wp-json\/wp\/v2\/posts\/136","targetHints":{"allow":["GET"]}}],"collection":[{"href":"https:\/\/stadtwerkezeitung.info\/pvu\/wp-json\/wp\/v2\/posts"}],"about":[{"href":"https:\/\/stadtwerkezeitung.info\/pvu\/wp-json\/wp\/v2\/types\/post"}],"author":[{"embeddable":true,"href":"https:\/\/stadtwerkezeitung.info\/pvu\/wp-json\/wp\/v2\/users\/1"}],"replies":[{"embeddable":true,"href":"https:\/\/stadtwerkezeitung.info\/pvu\/wp-json\/wp\/v2\/comments?post=136"}],"version-history":[{"count":7,"href":"https:\/\/stadtwerkezeitung.info\/pvu\/wp-json\/wp\/v2\/posts\/136\/revisions"}],"predecessor-version":[{"id":145,"href":"https:\/\/stadtwerkezeitung.info\/pvu\/wp-json\/wp\/v2\/posts\/136\/revisions\/145"}],"wp:attachment":[{"href":"https:\/\/stadtwerkezeitung.info\/pvu\/wp-json\/wp\/v2\/media?parent=136"}],"wp:term":[{"taxonomy":"category","embeddable":true,"href":"https:\/\/stadtwerkezeitung.info\/pvu\/wp-json\/wp\/v2\/categories?post=136"},{"taxonomy":"post_tag","embeddable":true,"href":"https:\/\/stadtwerkezeitung.info\/pvu\/wp-json\/wp\/v2\/tags?post=136"}],"curies":[{"name":"wp","href":"https:\/\/api.w.org\/{rel}","templated":true}]}}