{"id":165,"date":"2025-11-14T12:46:42","date_gmt":"2025-11-14T12:46:42","guid":{"rendered":"https:\/\/stadtwerkezeitung.info\/pvu\/?p=165"},"modified":"2025-11-14T12:52:42","modified_gmt":"2025-11-14T12:52:42","slug":"35-jahre-energie-fuer-die-prignitz","status":"publish","type":"post","link":"https:\/\/stadtwerkezeitung.info\/pvu\/2025\/11\/14\/35-jahre-energie-fuer-die-prignitz\/","title":{"rendered":"35 Jahre Energie f\u00fcr die Prignitz"},"content":{"rendered":"<h2>35 Jahre Energie f\u00fcr die Prignitz<\/h2>\n<h1>Seit 1990 sorgt die PVU f\u00fcr Strom, W\u00e4rme, Gas und Wasser \u2013 und gestaltet aktiv die Energiezukunft in der Region<\/h1>\n<h2>Die Prignitz blickt auf 35 Jahre verl\u00e4ssliche Versorgung zur\u00fcck: Am 21. September 1990 wurde die PVU Prignitzer Energie- und Wasserversorgungsunternehmen GmbH gegr\u00fcndet. Ziel war es damals, die Fernw\u00e4rmeversorgung in Perleberg, Wittenberge und Karst\u00e4dt zu sichern. Heute steht die PVU f\u00fcr weit mehr \u2013 als moderner Energieversorger, Arbeitgeber und Zukunftsgestalter in der Region.<\/h2>\n<p><img decoding=\"async\" src=\"\/pvu\/wp-content\/uploads\/sites\/3\/2025\/11\/101bild1-scaled.jpg\" alt=\"\"><\/p>\n<div>\n<p><em>Zum 35. Jubil\u00e4um schauen IHK-RegionalCenter-Leiter Ren\u00e9 Georgius, Landrat Christian M\u00fcller, PVU-Gesch\u00e4ftsf\u00fchrer Holger Lossin und Prokurist Falko Schindler, TGZ-Gesch\u00e4ftsf\u00fchrerin Sandra Perabo sowie B\u00fcrgermeister Axel Schmidt (v.l.) in eine innovative Zukunft.<br \/>\n <br \/><small>Foto: PVU<\/small><\/em><\/p>\n<\/div>\n<div>\n<p>Was klein begann, entwickelte sich zu einem stabilen Partner f\u00fcr viele Kommunen. Bereits Anfang 1991 beteiligte sich die Niederrheinische Gas- und Wasserwerke GmbH an der PVU, heute h\u00e4lt die Gelsenwasser AG 50\u2009Prozent der Anteile. Die restlichen Anteile liegen bei kommunalen Eigent\u00fcmern, darunter die Stadt Perleberg, der Landkreis Prignitz sowie Bad Wilsnack und Karst\u00e4dt.<\/p>\n<h4>Versorgung aus einer Hand \u2013 gestern und heute<\/h4>\n<p>Aus der ehemaligen VEB W\u00e4rmeversorgung Perleberg mit mehr als 100\u2009Besch\u00e4ftigten in den Heizh\u00e4usern wuchs ein Unternehmen, das sich heute breit aufstellt: Wasser, Erdgas, Strom und Fernw\u00e4rme geh\u00f6ren l\u00e4ngst zum Leistungsspektrum. Aktuell sorgen 35\u2009Mitarbeitende \u2013 darunter drei Auszubildende in kaufm\u00e4nnischen, technischen und IT-Be-rufen f\u00fcr einen reibungslosen Betrieb.<\/p>\n<p>Zum Jubil\u00e4um gratulierten Vertreterinnen und Vertreter aus Politik und Wirtschaft. F\u00fcr Gesch\u00e4ftsf\u00fchrer Holger Lossin ist das ein starkes Signal: \u201eWir sind stolz auf das Erreichte \u2013 und zugleich bereit f\u00fcr die n\u00e4chsten Schritte.\u201c<\/p>\n<h4>Blick nach vorn: klimafreundliche W\u00e4rme f\u00fcr die Prignitz<\/h4>\n<p>Diese n\u00e4chsten Schritte werden gr\u00fcn: Die kommunale W\u00e4rmeplanung f\u00fcr Perleberg setzt auf den Ausstieg aus fossilen Brennstoffen. Ziel ist eine bezahlbare, klimafreundliche Versorgung f\u00fcr alle. Die Herausforderungen sind gro\u00df \u2013 vom Umbau der W\u00e4rmenetze bis hin zu gesetzlichen Vorgaben wie dem Klimaschutzgesetz mit dem Ziel der Treibhausgasneutralit\u00e4t bis 2045. Doch die PVU ist vorbereitet. Mit Erfahrung, Know-how und einem eingespielten Team gestaltet das Unternehmen die Energiezukunft \u2013 regional, b\u00fcrgernah, verantwortungsvoll.<\/p>\n<h3>Ein starkes Zeichen f\u00fcr die Region \u2013 gestern, heute und morgen.<\/h3>\n<\/div>\n<p><!--more--><br \/>\n<!-- {\"type\":\"layout\",\"children\":[{\"type\":\"section\",\"props\":{\"image_position\":\"center-center\",\"padding_remove_top\":true,\"style\":\"default\",\"title_breakpoint\":\"xl\",\"title_position\":\"top-left\",\"title_rotation\":\"left\",\"vertical_align\":\"\",\"width\":\"small\"},\"children\":[{\"type\":\"row\",\"children\":[{\"type\":\"column\",\"props\":{\"image_position\":\"center-center\",\"position_sticky_breakpoint\":\"m\"},\"children\":[{\"type\":\"headline\",\"props\":{\"content\":\"35 Jahre Energie f\\u00fcr die Prignitz\",\"margin\":\"small\",\"margin_remove_bottom\":false,\"margin_remove_top\":false,\"title_element\":\"h2\",\"title_style\":\"h5\"}},{\"type\":\"headline\",\"props\":{\"content\":\"Seit 1990 sorgt die PVU f\\u00fcr Strom, W\\u00e4rme, Gas und Wasser \\u2013 und gestaltet aktiv die Energiezukunft in der Region\",\"margin\":\"small\",\"margin_remove_bottom\":false,\"margin_remove_top\":false,\"title_element\":\"h1\",\"title_style\":\"h2\"}},{\"type\":\"headline\",\"props\":{\"content\":\"Die Prignitz blickt auf 35 Jahre verl\\u00e4ssliche Versorgung zur\\u00fcck: Am 21. September 1990 wurde die PVU Prignitzer Energie- und Wasserversorgungsunternehmen GmbH gegr\\u00fcndet. Ziel war es damals, die Fernw\\u00e4rmeversorgung in Perleberg, Wittenberge und Karst\\u00e4dt zu sichern. Heute steht die PVU f\\u00fcr weit mehr \\u2013 als moderner Energieversorger, Arbeitgeber und Zukunftsgestalter in der Region.\",\"margin\":\"small\",\"margin_remove_top\":false,\"title_element\":\"h2\",\"title_style\":\"text-lead\"}},{\"type\":\"image\",\"props\":{\"image\":\"wp-content\\\/uploads\\\/sites\\\/3\\\/2025\\\/11\\\/101bild1-scaled.jpg\",\"image_svg_color\":\"emphasis\",\"margin\":\"default\"}},{\"type\":\"text\",\"props\":{\"column_breakpoint\":\"m\",\"content\":\"\n\n<p><em>Zum 35. Jubil\\u00e4um schauen IHK-RegionalCenter-Leiter Ren\\u00e9 Georgius, Landrat Christian M\\u00fcller, PVU-Gesch\\u00e4ftsf\\u00fchrer Holger Lossin und Prokurist Falko Schindler, TGZ-Gesch\\u00e4ftsf\\u00fchrerin Sandra Perabo sowie B\\u00fcrgermeister Axel Schmidt (v.l.) in eine innovative Zukunft.\\n <br \\\/><small>Foto: PVU<\\\/small><\\\/em><\\\/p>\",\"margin\":\"default\"}},{\"type\":\"text\",\"props\":{\"column_breakpoint\":\"m\",\"content\":\"\n\n<p>Was klein begann, entwickelte sich zu einem stabilen Partner f\\u00fcr viele Kommunen. Bereits Anfang 1991 beteiligte sich die Niederrheinische Gas- und Wasserwerke GmbH an der PVU, heute h\\u00e4lt die Gelsenwasser AG 50\\u2009Prozent der Anteile. Die restlichen Anteile liegen bei kommunalen Eigent\\u00fcmern, darunter die Stadt Perleberg, der Landkreis Prignitz sowie Bad Wilsnack und Karst\\u00e4dt.<\\\/p>\\n\n\n<h4>Versorgung aus einer Hand \\u2013 gestern und heute<\\\/h4>\\n\n\n<p>Aus der ehemaligen VEB W\\u00e4rmeversorgung Perleberg mit mehr als 100\\u2009Besch\\u00e4ftigten in den Heizh\\u00e4usern wuchs ein Unternehmen, das sich heute breit aufstellt: Wasser, Erdgas, Strom und Fernw\\u00e4rme geh\\u00f6ren l\\u00e4ngst zum Leistungsspektrum. Aktuell sorgen 35\\u2009Mitarbeitende \\u2013 darunter drei Auszubildende in kaufm\\u00e4nnischen, technischen und IT-Be-rufen f\\u00fcr einen reibungslosen Betrieb.<\\\/p>\\n\n\n<p>Zum Jubil\\u00e4um gratulierten Vertreterinnen und Vertreter aus Politik und Wirtschaft. F\\u00fcr Gesch\\u00e4ftsf\\u00fchrer Holger Lossin ist das ein starkes Signal: \\u201eWir sind stolz auf das Erreichte \\u2013 und zugleich bereit f\\u00fcr die n\\u00e4chsten Schritte.\\u201c<\\\/p>\\n\n\n<h4>Blick nach vorn: klimafreundliche W\\u00e4rme f\\u00fcr die Prignitz<\\\/h4>\\n\n\n<p>Diese n\\u00e4chsten Schritte werden gr\\u00fcn: Die kommunale W\\u00e4rmeplanung f\\u00fcr Perleberg setzt auf den Ausstieg aus fossilen Brennstoffen. Ziel ist eine bezahlbare, klimafreundliche Versorgung f\\u00fcr alle. Die Herausforderungen sind gro\\u00df \\u2013 vom Umbau der W\\u00e4rmenetze bis hin zu gesetzlichen Vorgaben wie dem Klimaschutzgesetz mit dem Ziel der Treibhausgasneutralit\\u00e4t bis 2045. Doch die PVU ist vorbereitet. Mit Erfahrung, Know-how und einem eingespielten Team gestaltet das Unternehmen die Energiezukunft \\u2013 regional, b\\u00fcrgernah, verantwortungsvoll.<\\\/p>\\n\n\n<h3>Ein starkes Zeichen f\\u00fcr die Region \\u2013 gestern, heute und morgen.<\\\/h3>\",\"margin\":\"default\"}}]}]}],\"name\":\"rohrweber\"}],\"version\":\"4.4.1\"} --><\/p>\n","protected":false},"excerpt":{"rendered":"<p>35 Jahre Energie f\u00fcr die Prignitz Seit 1990 sorgt die PVU f\u00fcr Strom, W\u00e4rme, Gas und Wasser \u2013 und gestaltet aktiv die Energiezukunft in der Region Die Prignitz blickt auf 35 Jahre verl\u00e4ssliche Versorgung zur\u00fcck: Am 21. September 1990 wurde die PVU Prignitzer Energie- und Wasserversorgungsunternehmen GmbH gegr\u00fcndet. Ziel war es damals, die Fernw\u00e4rmeversorgung in [&hellip;]<\/p>\n","protected":false},"author":1,"featured_media":166,"comment_status":"open","ping_status":"open","sticky":false,"template":"","format":"standard","meta":{"footnotes":""},"categories":[1],"tags":[],"class_list":["post-165","post","type-post","status-publish","format-standard","has-post-thumbnail","hentry","category-uncategorized"],"yoast_head":"<!-- This site is optimized with the Yoast SEO plugin v26.9 - https:\/\/yoast.com\/product\/yoast-seo-wordpress\/ -->\n<title>35 Jahre Energie f\u00fcr die Prignitz - PVU aktuell<\/title>\n<meta name=\"description\" content=\"Die Prignitz blickt auf 35 Jahre verl\u00e4ssliche Versorgung zur\u00fcck: Am 21. September 1990 wurde die PVU Prignitzer Energie- und Wasserversorgungsunternehmen GmbH gegr\u00fcndet.\" \/>\n<meta name=\"robots\" content=\"index, follow, max-snippet:-1, max-image-preview:large, max-video-preview:-1\" \/>\n<link rel=\"canonical\" href=\"https:\/\/stadtwerkezeitung.info\/pvu\/2025\/11\/14\/35-jahre-energie-fuer-die-prignitz\/\" \/>\n<meta property=\"og:locale\" content=\"en_US\" \/>\n<meta property=\"og:type\" content=\"article\" \/>\n<meta property=\"og:title\" content=\"35 Jahre Energie f\u00fcr die Prignitz - PVU aktuell\" \/>\n<meta property=\"og:description\" content=\"Die Prignitz blickt auf 35 Jahre verl\u00e4ssliche Versorgung zur\u00fcck: Am 21. September 1990 wurde die PVU Prignitzer Energie- und Wasserversorgungsunternehmen GmbH gegr\u00fcndet.\" \/>\n<meta property=\"og:url\" content=\"https:\/\/stadtwerkezeitung.info\/pvu\/2025\/11\/14\/35-jahre-energie-fuer-die-prignitz\/\" \/>\n<meta property=\"og:site_name\" content=\"PVU aktuell\" \/>\n<meta property=\"article:published_time\" content=\"2025-11-14T12:46:42+00:00\" \/>\n<meta property=\"article:modified_time\" content=\"2025-11-14T12:52:42+00:00\" \/>\n<meta property=\"og:image\" content=\"https:\/\/stadtwerkezeitung.info\/pvu\/wp-content\/uploads\/sites\/3\/2025\/11\/101bild1-scaled.jpg\" \/>\n\t<meta property=\"og:image:width\" content=\"2560\" \/>\n\t<meta property=\"og:image:height\" content=\"1922\" \/>\n\t<meta property=\"og:image:type\" content=\"image\/jpeg\" \/>\n<meta name=\"author\" content=\"admin\" \/>\n<meta name=\"twitter:card\" content=\"summary_large_image\" \/>\n<meta name=\"twitter:label1\" content=\"Written by\" \/>\n\t<meta name=\"twitter:data1\" content=\"admin\" \/>\n\t<meta name=\"twitter:label2\" content=\"Est. reading time\" \/>\n\t<meta name=\"twitter:data2\" content=\"2 minutes\" \/>\n<script type=\"application\/ld+json\" class=\"yoast-schema-graph\">{\"@context\":\"https:\/\/schema.org\",\"@graph\":[{\"@type\":\"Article\",\"@id\":\"https:\/\/stadtwerkezeitung.info\/pvu\/2025\/11\/14\/35-jahre-energie-fuer-die-prignitz\/#article\",\"isPartOf\":{\"@id\":\"https:\/\/stadtwerkezeitung.info\/pvu\/2025\/11\/14\/35-jahre-energie-fuer-die-prignitz\/\"},\"author\":{\"name\":\"admin\",\"@id\":\"https:\/\/stadtwerkezeitung.info\/pvu\/#\/schema\/person\/acd409dca37d4bb8bf3a1284da7f1ee0\"},\"headline\":\"35 Jahre Energie f\u00fcr die Prignitz\",\"datePublished\":\"2025-11-14T12:46:42+00:00\",\"dateModified\":\"2025-11-14T12:52:42+00:00\",\"mainEntityOfPage\":{\"@id\":\"https:\/\/stadtwerkezeitung.info\/pvu\/2025\/11\/14\/35-jahre-energie-fuer-die-prignitz\/\"},\"wordCount\":374,\"commentCount\":0,\"publisher\":{\"@id\":\"https:\/\/stadtwerkezeitung.info\/pvu\/#organization\"},\"image\":{\"@id\":\"https:\/\/stadtwerkezeitung.info\/pvu\/2025\/11\/14\/35-jahre-energie-fuer-die-prignitz\/#primaryimage\"},\"thumbnailUrl\":\"https:\/\/stadtwerkezeitung.info\/pvu\/wp-content\/uploads\/sites\/3\/2025\/11\/101bild1-scaled.jpg\",\"inLanguage\":\"en-US\",\"potentialAction\":[{\"@type\":\"CommentAction\",\"name\":\"Comment\",\"target\":[\"https:\/\/stadtwerkezeitung.info\/pvu\/2025\/11\/14\/35-jahre-energie-fuer-die-prignitz\/#respond\"]}]},{\"@type\":\"WebPage\",\"@id\":\"https:\/\/stadtwerkezeitung.info\/pvu\/2025\/11\/14\/35-jahre-energie-fuer-die-prignitz\/\",\"url\":\"https:\/\/stadtwerkezeitung.info\/pvu\/2025\/11\/14\/35-jahre-energie-fuer-die-prignitz\/\",\"name\":\"35 Jahre Energie f\u00fcr die Prignitz - PVU aktuell\",\"isPartOf\":{\"@id\":\"https:\/\/stadtwerkezeitung.info\/pvu\/#website\"},\"primaryImageOfPage\":{\"@id\":\"https:\/\/stadtwerkezeitung.info\/pvu\/2025\/11\/14\/35-jahre-energie-fuer-die-prignitz\/#primaryimage\"},\"image\":{\"@id\":\"https:\/\/stadtwerkezeitung.info\/pvu\/2025\/11\/14\/35-jahre-energie-fuer-die-prignitz\/#primaryimage\"},\"thumbnailUrl\":\"https:\/\/stadtwerkezeitung.info\/pvu\/wp-content\/uploads\/sites\/3\/2025\/11\/101bild1-scaled.jpg\",\"datePublished\":\"2025-11-14T12:46:42+00:00\",\"dateModified\":\"2025-11-14T12:52:42+00:00\",\"description\":\"Die Prignitz blickt auf 35 Jahre verl\u00e4ssliche Versorgung zur\u00fcck: Am 21. September 1990 wurde die PVU Prignitzer Energie- und Wasserversorgungsunternehmen GmbH gegr\u00fcndet.\",\"breadcrumb\":{\"@id\":\"https:\/\/stadtwerkezeitung.info\/pvu\/2025\/11\/14\/35-jahre-energie-fuer-die-prignitz\/#breadcrumb\"},\"inLanguage\":\"en-US\",\"potentialAction\":[{\"@type\":\"ReadAction\",\"target\":[\"https:\/\/stadtwerkezeitung.info\/pvu\/2025\/11\/14\/35-jahre-energie-fuer-die-prignitz\/\"]}]},{\"@type\":\"ImageObject\",\"inLanguage\":\"en-US\",\"@id\":\"https:\/\/stadtwerkezeitung.info\/pvu\/2025\/11\/14\/35-jahre-energie-fuer-die-prignitz\/#primaryimage\",\"url\":\"https:\/\/stadtwerkezeitung.info\/pvu\/wp-content\/uploads\/sites\/3\/2025\/11\/101bild1-scaled.jpg\",\"contentUrl\":\"https:\/\/stadtwerkezeitung.info\/pvu\/wp-content\/uploads\/sites\/3\/2025\/11\/101bild1-scaled.jpg\",\"width\":2560,\"height\":1922},{\"@type\":\"BreadcrumbList\",\"@id\":\"https:\/\/stadtwerkezeitung.info\/pvu\/2025\/11\/14\/35-jahre-energie-fuer-die-prignitz\/#breadcrumb\",\"itemListElement\":[{\"@type\":\"ListItem\",\"position\":1,\"name\":\"Home\",\"item\":\"https:\/\/stadtwerkezeitung.info\/pvu\/\"},{\"@type\":\"ListItem\",\"position\":2,\"name\":\"35 Jahre Energie f\u00fcr die Prignitz\"}]},{\"@type\":\"WebSite\",\"@id\":\"https:\/\/stadtwerkezeitung.info\/pvu\/#website\",\"url\":\"https:\/\/stadtwerkezeitung.info\/pvu\/\",\"name\":\"PVU aktuell\",\"description\":\"Ihre STADTWERKE ZEITUNG digital\",\"publisher\":{\"@id\":\"https:\/\/stadtwerkezeitung.info\/pvu\/#organization\"},\"inLanguage\":\"en-US\"},{\"@type\":\"Organization\",\"@id\":\"https:\/\/stadtwerkezeitung.info\/pvu\/#organization\",\"name\":\"PVU aktuell\",\"url\":\"https:\/\/stadtwerkezeitung.info\/pvu\/\",\"logo\":{\"@type\":\"ImageObject\",\"inLanguage\":\"en-US\",\"@id\":\"https:\/\/stadtwerkezeitung.info\/pvu\/#\/schema\/logo\/image\/\",\"url\":\"https:\/\/stadtwerkezeitung.info\/pvu\/wp-content\/uploads\/sites\/3\/2025\/01\/PVU_logo.png\",\"contentUrl\":\"https:\/\/stadtwerkezeitung.info\/pvu\/wp-content\/uploads\/sites\/3\/2025\/01\/PVU_logo.png\",\"width\":1045,\"height\":472,\"caption\":\"PVU aktuell\"},\"image\":{\"@id\":\"https:\/\/stadtwerkezeitung.info\/pvu\/#\/schema\/logo\/image\/\"}},{\"@type\":\"Person\",\"@id\":\"https:\/\/stadtwerkezeitung.info\/pvu\/#\/schema\/person\/acd409dca37d4bb8bf3a1284da7f1ee0\",\"name\":\"admin\",\"image\":{\"@type\":\"ImageObject\",\"inLanguage\":\"en-US\",\"@id\":\"https:\/\/stadtwerkezeitung.info\/pvu\/#\/schema\/person\/image\/\",\"url\":\"https:\/\/secure.gravatar.com\/avatar\/52dc0b3340c8087a51f52eaa20dc62cd4a6fe41f5bd886140989db7b572c00cd?s=96&d=mm&r=g\",\"contentUrl\":\"https:\/\/secure.gravatar.com\/avatar\/52dc0b3340c8087a51f52eaa20dc62cd4a6fe41f5bd886140989db7b572c00cd?s=96&d=mm&r=g\",\"caption\":\"admin\"},\"sameAs\":[\"https:\/\/stadtwerkezeitung.info\"]}]}<\/script>\n<!-- \/ Yoast SEO plugin. -->","yoast_head_json":{"title":"35 Jahre Energie f\u00fcr die Prignitz - PVU aktuell","description":"Die Prignitz blickt auf 35 Jahre verl\u00e4ssliche Versorgung zur\u00fcck: Am 21. September 1990 wurde die PVU Prignitzer Energie- und Wasserversorgungsunternehmen GmbH gegr\u00fcndet.","robots":{"index":"index","follow":"follow","max-snippet":"max-snippet:-1","max-image-preview":"max-image-preview:large","max-video-preview":"max-video-preview:-1"},"canonical":"https:\/\/stadtwerkezeitung.info\/pvu\/2025\/11\/14\/35-jahre-energie-fuer-die-prignitz\/","og_locale":"en_US","og_type":"article","og_title":"35 Jahre Energie f\u00fcr die Prignitz - PVU aktuell","og_description":"Die Prignitz blickt auf 35 Jahre verl\u00e4ssliche Versorgung zur\u00fcck: Am 21. September 1990 wurde die PVU Prignitzer Energie- und Wasserversorgungsunternehmen GmbH gegr\u00fcndet.","og_url":"https:\/\/stadtwerkezeitung.info\/pvu\/2025\/11\/14\/35-jahre-energie-fuer-die-prignitz\/","og_site_name":"PVU aktuell","article_published_time":"2025-11-14T12:46:42+00:00","article_modified_time":"2025-11-14T12:52:42+00:00","og_image":[{"width":2560,"height":1922,"url":"https:\/\/stadtwerkezeitung.info\/pvu\/wp-content\/uploads\/sites\/3\/2025\/11\/101bild1-scaled.jpg","type":"image\/jpeg"}],"author":"admin","twitter_card":"summary_large_image","twitter_misc":{"Written by":"admin","Est. reading time":"2 minutes"},"schema":{"@context":"https:\/\/schema.org","@graph":[{"@type":"Article","@id":"https:\/\/stadtwerkezeitung.info\/pvu\/2025\/11\/14\/35-jahre-energie-fuer-die-prignitz\/#article","isPartOf":{"@id":"https:\/\/stadtwerkezeitung.info\/pvu\/2025\/11\/14\/35-jahre-energie-fuer-die-prignitz\/"},"author":{"name":"admin","@id":"https:\/\/stadtwerkezeitung.info\/pvu\/#\/schema\/person\/acd409dca37d4bb8bf3a1284da7f1ee0"},"headline":"35 Jahre Energie f\u00fcr die Prignitz","datePublished":"2025-11-14T12:46:42+00:00","dateModified":"2025-11-14T12:52:42+00:00","mainEntityOfPage":{"@id":"https:\/\/stadtwerkezeitung.info\/pvu\/2025\/11\/14\/35-jahre-energie-fuer-die-prignitz\/"},"wordCount":374,"commentCount":0,"publisher":{"@id":"https:\/\/stadtwerkezeitung.info\/pvu\/#organization"},"image":{"@id":"https:\/\/stadtwerkezeitung.info\/pvu\/2025\/11\/14\/35-jahre-energie-fuer-die-prignitz\/#primaryimage"},"thumbnailUrl":"https:\/\/stadtwerkezeitung.info\/pvu\/wp-content\/uploads\/sites\/3\/2025\/11\/101bild1-scaled.jpg","inLanguage":"en-US","potentialAction":[{"@type":"CommentAction","name":"Comment","target":["https:\/\/stadtwerkezeitung.info\/pvu\/2025\/11\/14\/35-jahre-energie-fuer-die-prignitz\/#respond"]}]},{"@type":"WebPage","@id":"https:\/\/stadtwerkezeitung.info\/pvu\/2025\/11\/14\/35-jahre-energie-fuer-die-prignitz\/","url":"https:\/\/stadtwerkezeitung.info\/pvu\/2025\/11\/14\/35-jahre-energie-fuer-die-prignitz\/","name":"35 Jahre Energie f\u00fcr die Prignitz - PVU aktuell","isPartOf":{"@id":"https:\/\/stadtwerkezeitung.info\/pvu\/#website"},"primaryImageOfPage":{"@id":"https:\/\/stadtwerkezeitung.info\/pvu\/2025\/11\/14\/35-jahre-energie-fuer-die-prignitz\/#primaryimage"},"image":{"@id":"https:\/\/stadtwerkezeitung.info\/pvu\/2025\/11\/14\/35-jahre-energie-fuer-die-prignitz\/#primaryimage"},"thumbnailUrl":"https:\/\/stadtwerkezeitung.info\/pvu\/wp-content\/uploads\/sites\/3\/2025\/11\/101bild1-scaled.jpg","datePublished":"2025-11-14T12:46:42+00:00","dateModified":"2025-11-14T12:52:42+00:00","description":"Die Prignitz blickt auf 35 Jahre verl\u00e4ssliche Versorgung zur\u00fcck: Am 21. September 1990 wurde die PVU Prignitzer Energie- und Wasserversorgungsunternehmen GmbH gegr\u00fcndet.","breadcrumb":{"@id":"https:\/\/stadtwerkezeitung.info\/pvu\/2025\/11\/14\/35-jahre-energie-fuer-die-prignitz\/#breadcrumb"},"inLanguage":"en-US","potentialAction":[{"@type":"ReadAction","target":["https:\/\/stadtwerkezeitung.info\/pvu\/2025\/11\/14\/35-jahre-energie-fuer-die-prignitz\/"]}]},{"@type":"ImageObject","inLanguage":"en-US","@id":"https:\/\/stadtwerkezeitung.info\/pvu\/2025\/11\/14\/35-jahre-energie-fuer-die-prignitz\/#primaryimage","url":"https:\/\/stadtwerkezeitung.info\/pvu\/wp-content\/uploads\/sites\/3\/2025\/11\/101bild1-scaled.jpg","contentUrl":"https:\/\/stadtwerkezeitung.info\/pvu\/wp-content\/uploads\/sites\/3\/2025\/11\/101bild1-scaled.jpg","width":2560,"height":1922},{"@type":"BreadcrumbList","@id":"https:\/\/stadtwerkezeitung.info\/pvu\/2025\/11\/14\/35-jahre-energie-fuer-die-prignitz\/#breadcrumb","itemListElement":[{"@type":"ListItem","position":1,"name":"Home","item":"https:\/\/stadtwerkezeitung.info\/pvu\/"},{"@type":"ListItem","position":2,"name":"35 Jahre Energie f\u00fcr die Prignitz"}]},{"@type":"WebSite","@id":"https:\/\/stadtwerkezeitung.info\/pvu\/#website","url":"https:\/\/stadtwerkezeitung.info\/pvu\/","name":"PVU aktuell","description":"Ihre STADTWERKE ZEITUNG digital","publisher":{"@id":"https:\/\/stadtwerkezeitung.info\/pvu\/#organization"},"inLanguage":"en-US"},{"@type":"Organization","@id":"https:\/\/stadtwerkezeitung.info\/pvu\/#organization","name":"PVU aktuell","url":"https:\/\/stadtwerkezeitung.info\/pvu\/","logo":{"@type":"ImageObject","inLanguage":"en-US","@id":"https:\/\/stadtwerkezeitung.info\/pvu\/#\/schema\/logo\/image\/","url":"https:\/\/stadtwerkezeitung.info\/pvu\/wp-content\/uploads\/sites\/3\/2025\/01\/PVU_logo.png","contentUrl":"https:\/\/stadtwerkezeitung.info\/pvu\/wp-content\/uploads\/sites\/3\/2025\/01\/PVU_logo.png","width":1045,"height":472,"caption":"PVU aktuell"},"image":{"@id":"https:\/\/stadtwerkezeitung.info\/pvu\/#\/schema\/logo\/image\/"}},{"@type":"Person","@id":"https:\/\/stadtwerkezeitung.info\/pvu\/#\/schema\/person\/acd409dca37d4bb8bf3a1284da7f1ee0","name":"admin","image":{"@type":"ImageObject","inLanguage":"en-US","@id":"https:\/\/stadtwerkezeitung.info\/pvu\/#\/schema\/person\/image\/","url":"https:\/\/secure.gravatar.com\/avatar\/52dc0b3340c8087a51f52eaa20dc62cd4a6fe41f5bd886140989db7b572c00cd?s=96&d=mm&r=g","contentUrl":"https:\/\/secure.gravatar.com\/avatar\/52dc0b3340c8087a51f52eaa20dc62cd4a6fe41f5bd886140989db7b572c00cd?s=96&d=mm&r=g","caption":"admin"},"sameAs":["https:\/\/stadtwerkezeitung.info"]}]}},"_links":{"self":[{"href":"https:\/\/stadtwerkezeitung.info\/pvu\/wp-json\/wp\/v2\/posts\/165","targetHints":{"allow":["GET"]}}],"collection":[{"href":"https:\/\/stadtwerkezeitung.info\/pvu\/wp-json\/wp\/v2\/posts"}],"about":[{"href":"https:\/\/stadtwerkezeitung.info\/pvu\/wp-json\/wp\/v2\/types\/post"}],"author":[{"embeddable":true,"href":"https:\/\/stadtwerkezeitung.info\/pvu\/wp-json\/wp\/v2\/users\/1"}],"replies":[{"embeddable":true,"href":"https:\/\/stadtwerkezeitung.info\/pvu\/wp-json\/wp\/v2\/comments?post=165"}],"version-history":[{"count":4,"href":"https:\/\/stadtwerkezeitung.info\/pvu\/wp-json\/wp\/v2\/posts\/165\/revisions"}],"predecessor-version":[{"id":178,"href":"https:\/\/stadtwerkezeitung.info\/pvu\/wp-json\/wp\/v2\/posts\/165\/revisions\/178"}],"wp:featuredmedia":[{"embeddable":true,"href":"https:\/\/stadtwerkezeitung.info\/pvu\/wp-json\/wp\/v2\/media\/166"}],"wp:attachment":[{"href":"https:\/\/stadtwerkezeitung.info\/pvu\/wp-json\/wp\/v2\/media?parent=165"}],"wp:term":[{"taxonomy":"category","embeddable":true,"href":"https:\/\/stadtwerkezeitung.info\/pvu\/wp-json\/wp\/v2\/categories?post=165"},{"taxonomy":"post_tag","embeddable":true,"href":"https:\/\/stadtwerkezeitung.info\/pvu\/wp-json\/wp\/v2\/tags?post=165"}],"curies":[{"name":"wp","href":"https:\/\/api.w.org\/{rel}","templated":true}]}}