{"id":180,"date":"2025-11-14T12:54:02","date_gmt":"2025-11-14T12:54:02","guid":{"rendered":"https:\/\/stadtwerkezeitung.info\/pvu\/?p=180"},"modified":"2025-11-14T12:55:32","modified_gmt":"2025-11-14T12:55:32","slug":"kommunale-waermeplanung-steht-kurz-vor-dem-abschluss","status":"publish","type":"post","link":"https:\/\/stadtwerkezeitung.info\/pvu\/2025\/11\/14\/kommunale-waermeplanung-steht-kurz-vor-dem-abschluss\/","title":{"rendered":"Kommunale W\u00e4rmeplanung steht kurz vor dem Abschluss"},"content":{"rendered":"<h2>Perleberg stellt die Weichen<\/h2>\n<h1>Kommunale W\u00e4rmeplanung steht kurz vor dem Abschluss \u2013 B\u00fcrgerinnen und B\u00fcrger waren aktiv beteiligt<\/h1>\n<h2>Wie kann Perleberg in Zukunft klimafreundlich heizen? Die Antwort liefert die kommunale W\u00e4rmeplanung, die nun fast abgeschlossen ist. Der Entwurf wurde \u00f6ffentlich diskutiert \u2013 und zeigt konkrete Perspektiven f\u00fcr die W\u00e4rmewende in der Rolandstadt.<\/h2>\n<p><img decoding=\"async\" src=\"\/pvu\/wp-content\/uploads\/sites\/3\/2025\/11\/102bild1.png\" alt=\"\"><\/p>\n<div>\n<p><em>Die kommunale W\u00e4rmeplanung zeigt, wie die Prignitz ihre Energieversorgung zukunftssicher aufstellen kann \u2013 mit einem Fokus auf regionale W\u00e4rmenetze, Biogas, Solarthermie und W\u00e4rmepumpen. <\/p>\n<p><small>Grafik: SPREE-PR, mit Adobe Illustrator KI<\/small><\/em><\/p>\n<\/div>\n<div>\n<p>Seit Januar 2024 sind St\u00e4dte und Gemeinden verpflichtet, eine kommunale W\u00e4rmeplanung (KWP) zu erstellen \u2013 ein zentrales Instrument der Energiewende. In Perleberg ist dieser Prozess nun fast abgeschlossen. Vom 19. September bis 18. Oktober 2025 lag der Entwurf \u00f6ffentlich aus: Im Bauamt und auf der Website der Stadt konnten sich B\u00fcrgerinnen und B\u00fcrger informieren, einbringen und Fragen stellen.<\/p>\n<p>Zuvor wurde die Planung bereits am 23. September 2025 auf einer B\u00fcrgerinformationsveranstaltung sowie im Stadtentwicklungsausschuss vorgestellt. Der offizielle Berichtsentwurf ging am 16. Oktober 2025 in die Stadtverordnetenversammlung und steht nun kurz vor der finalen Fassung.<\/p>\n<h4>Konkrete Schritte auf dem Weg zur W\u00e4rmewende<\/h4>\n<p>Die KWP untersucht, wie Perleberg bis zum Jahr 2045 klimaneutral mit W\u00e4rme versorgt werden kann. Grundlage war eine umfassende Bestandsanalyse: Derzeit wird in der Stadt zu rund 75\u202fProzent mit Erdgas geheizt, viele Heizungen sind \u00e4lter als 30\u2009Jahre. Der CO\u2082-Aussto\u00df durch W\u00e4rmeversorgung liegt bei rund 30.000 Tonnen j\u00e4hrlich. Zuk\u00fcnftig sollen erneuerbare Energien, W\u00e4rmepumpen und intelligente W\u00e4rmenetze diese Versorgung sichern. Besonders im Fokus stehen die Kaiserlichen Kasernen und die Heinrich-Heine-Stra\u00dfe \u2013 hier werden konkrete W\u00e4rmenetzl\u00f6sungen gepr\u00fcft. Weitere Gebiete, wie das Kreiskrankenhaus oder Quitzow, k\u00f6nnten folgen.<\/p>\n<h4>Was bedeutet das f\u00fcr Haushalte und Unternehmen?<\/h4>\n<p>Die KWP ist keine Verpflichtung zum Anschluss an ein W\u00e4rmenetz oder zum Heizungstausch \u2013 aber sie bietet eine Orientierung, welche L\u00f6sungen in welchem Stadtgebiet langfristig sinnvoll und wirtschaftlich sind. Sie schafft damit Planungssicherheit f\u00fcr Eigent\u00fcmerinnen und Eigent\u00fcmer, Investoren sowie f\u00fcr die Stadtentwicklung.<\/p>\n<p>Die PVU und die BBH Consulting AG haben den Plan gemeinsam im Auftrag der Stadt entwickelt. Das Ziel: Eine bezahlbare, zuverl\u00e4ssige und klimafreundliche W\u00e4rmeversorgung. Mit der KWP liegt nun ein realistischer und umsetzbarer Fahrplan vor \u2013 f\u00fcr eine W\u00e4rmeversorgung in der Rolandstadt in der Zukunft.<\/p>\n<\/div>\n<p><!--more--><br \/>\n<!-- {\"type\":\"layout\",\"children\":[{\"type\":\"section\",\"props\":{\"image_position\":\"center-center\",\"padding_remove_top\":true,\"style\":\"default\",\"title_breakpoint\":\"xl\",\"title_position\":\"top-left\",\"title_rotation\":\"left\",\"vertical_align\":\"\",\"width\":\"small\"},\"children\":[{\"type\":\"row\",\"children\":[{\"type\":\"column\",\"props\":{\"image_position\":\"center-center\",\"position_sticky_breakpoint\":\"m\"},\"children\":[{\"type\":\"headline\",\"props\":{\"content\":\"Perleberg stellt die Weichen\",\"margin\":\"small\",\"margin_remove_bottom\":false,\"margin_remove_top\":false,\"title_element\":\"h2\",\"title_style\":\"h5\"}},{\"type\":\"headline\",\"props\":{\"content\":\"Kommunale W\\u00e4rmeplanung steht kurz vor dem Abschluss \\u2013 B\\u00fcrgerinnen und B\\u00fcrger waren aktiv beteiligt\",\"margin\":\"small\",\"margin_remove_bottom\":false,\"margin_remove_top\":false,\"title_element\":\"h1\",\"title_style\":\"h2\"}},{\"type\":\"headline\",\"props\":{\"content\":\"Wie kann Perleberg in Zukunft klimafreundlich heizen? Die Antwort liefert die kommunale W\\u00e4rmeplanung, die nun fast abgeschlossen ist. Der Entwurf wurde \\u00f6ffentlich diskutiert \\u2013 und zeigt konkrete Perspektiven f\\u00fcr die W\\u00e4rmewende in der Rolandstadt.\",\"margin\":\"small\",\"margin_remove_top\":false,\"title_element\":\"h2\",\"title_style\":\"text-lead\"}},{\"type\":\"image\",\"props\":{\"image\":\"wp-content\\\/uploads\\\/sites\\\/3\\\/2025\\\/11\\\/102bild1.png\",\"image_svg_color\":\"emphasis\",\"margin\":\"default\"}},{\"type\":\"text\",\"props\":{\"column_breakpoint\":\"m\",\"content\":\"\n\n<p><em>Die kommunale W\\u00e4rmeplanung zeigt, wie die Prignitz ihre Energieversorgung zukunftssicher aufstellen kann \\u2013 mit einem Fokus auf regionale W\\u00e4rmenetze, Biogas, Solarthermie und W\\u00e4rmepumpen. \\n\\n\\n\\n <br \\\/><small>Grafik: SPREE-PR, mit Adobe Illustrator KI<\\\/small><\\\/em><\\\/p>\",\"margin\":\"default\"}},{\"type\":\"text\",\"props\":{\"column_breakpoint\":\"m\",\"content\":\"\n\n<p>Seit Januar 2024 sind St\\u00e4dte und Gemeinden verpflichtet, eine kommunale W\\u00e4rmeplanung (KWP) zu erstellen \\u2013 ein zentrales Instrument der Energiewende. In Perleberg ist dieser Prozess nun fast abgeschlossen. Vom 19. September bis 18. Oktober 2025 lag der Entwurf \\u00f6ffentlich aus: Im Bauamt und auf der Website der Stadt konnten sich B\\u00fcrgerinnen und B\\u00fcrger informieren, einbringen und Fragen stellen.<\\\/p>\\n\n\n<p>Zuvor wurde die Planung bereits am 23. September 2025 auf einer B\\u00fcrgerinformationsveranstaltung sowie im Stadtentwicklungsausschuss vorgestellt. Der offizielle Berichtsentwurf ging am 16. Oktober 2025 in die Stadtverordnetenversammlung und steht nun kurz vor der finalen Fassung.<\\\/p>\\n\n\n<h4>Konkrete Schritte auf dem Weg zur W\\u00e4rmewende<\\\/h4>\\n\n\n<p>Die KWP untersucht, wie Perleberg bis zum Jahr 2045 klimaneutral mit W\\u00e4rme versorgt werden kann. Grundlage war eine umfassende Bestandsanalyse: Derzeit wird in der Stadt zu rund 75\\u202fProzent mit Erdgas geheizt, viele Heizungen sind \\u00e4lter als 30\\u2009Jahre. Der CO\\u2082-Aussto\\u00df durch W\\u00e4rmeversorgung liegt bei rund 30.000 Tonnen j\\u00e4hrlich. Zuk\\u00fcnftig sollen erneuerbare Energien, W\\u00e4rmepumpen und intelligente W\\u00e4rmenetze diese Versorgung sichern. Besonders im Fokus stehen die Kaiserlichen Kasernen und die Heinrich-Heine-Stra\\u00dfe \\u2013 hier werden konkrete W\\u00e4rmenetzl\\u00f6sungen gepr\\u00fcft. Weitere Gebiete, wie das Kreiskrankenhaus oder Quitzow, k\\u00f6nnten folgen.<\\\/p>\\n\n\n<h4>Was bedeutet das f\\u00fcr Haushalte und Unternehmen?<\\\/h4>\\n\n\n<p>Die KWP ist keine Verpflichtung zum Anschluss an ein W\\u00e4rmenetz oder zum Heizungstausch \\u2013 aber sie bietet eine Orientierung, welche L\\u00f6sungen in welchem Stadtgebiet langfristig sinnvoll und wirtschaftlich sind. Sie schafft damit Planungssicherheit f\\u00fcr Eigent\\u00fcmerinnen und Eigent\\u00fcmer, Investoren sowie f\\u00fcr die Stadtentwicklung.<\\\/p>\\n\n\n<p>Die PVU und die BBH Consulting AG haben den Plan gemeinsam im Auftrag der Stadt entwickelt. Das Ziel: Eine bezahlbare, zuverl\\u00e4ssige und klimafreundliche W\\u00e4rmeversorgung. Mit der KWP liegt nun ein realistischer und umsetzbarer Fahrplan vor \\u2013 f\\u00fcr eine W\\u00e4rmeversorgung in der Rolandstadt in der Zukunft.<\\\/p>\",\"margin\":\"default\"}}]}]}],\"name\":\"rohrweber\"}],\"version\":\"4.4.1\"} --><\/p>\n","protected":false},"excerpt":{"rendered":"<p>Perleberg stellt die Weichen Kommunale W\u00e4rmeplanung steht kurz vor dem Abschluss \u2013 B\u00fcrgerinnen und B\u00fcrger waren aktiv beteiligt Wie kann Perleberg in Zukunft klimafreundlich heizen? Die Antwort liefert die kommunale W\u00e4rmeplanung, die nun fast abgeschlossen ist. Der Entwurf wurde \u00f6ffentlich diskutiert \u2013 und zeigt konkrete Perspektiven f\u00fcr die W\u00e4rmewende in der Rolandstadt. Die kommunale W\u00e4rmeplanung [&hellip;]<\/p>\n","protected":false},"author":1,"featured_media":167,"comment_status":"open","ping_status":"open","sticky":false,"template":"","format":"standard","meta":{"footnotes":""},"categories":[1],"tags":[],"class_list":["post-180","post","type-post","status-publish","format-standard","has-post-thumbnail","hentry","category-uncategorized"],"yoast_head":"<!-- This site is optimized with the Yoast SEO plugin v26.9 - https:\/\/yoast.com\/product\/yoast-seo-wordpress\/ -->\n<title>Kommunale W\u00e4rmeplanung steht kurz vor dem Abschluss - PVU aktuell<\/title>\n<meta name=\"description\" content=\"Vom 19. September bis 18. Oktober 2025 lag der Entwurf \u00f6ffentlich aus: Im Bauamt und auf der Website der Stadt konnten sich B\u00fcrgerinnen und B\u00fcrger informieren, einbringen und Fragen stellen.\" \/>\n<meta name=\"robots\" content=\"index, follow, max-snippet:-1, max-image-preview:large, max-video-preview:-1\" \/>\n<link rel=\"canonical\" href=\"https:\/\/stadtwerkezeitung.info\/pvu\/2025\/11\/14\/kommunale-waermeplanung-steht-kurz-vor-dem-abschluss\/\" \/>\n<meta property=\"og:locale\" content=\"en_US\" \/>\n<meta property=\"og:type\" content=\"article\" \/>\n<meta property=\"og:title\" content=\"Kommunale W\u00e4rmeplanung steht kurz vor dem Abschluss - PVU aktuell\" \/>\n<meta property=\"og:description\" content=\"Vom 19. September bis 18. Oktober 2025 lag der Entwurf \u00f6ffentlich aus: Im Bauamt und auf der Website der Stadt konnten sich B\u00fcrgerinnen und B\u00fcrger informieren, einbringen und Fragen stellen.\" \/>\n<meta property=\"og:url\" content=\"https:\/\/stadtwerkezeitung.info\/pvu\/2025\/11\/14\/kommunale-waermeplanung-steht-kurz-vor-dem-abschluss\/\" \/>\n<meta property=\"og:site_name\" content=\"PVU aktuell\" \/>\n<meta property=\"article:published_time\" content=\"2025-11-14T12:54:02+00:00\" \/>\n<meta property=\"article:modified_time\" content=\"2025-11-14T12:55:32+00:00\" \/>\n<meta property=\"og:image\" content=\"https:\/\/stadtwerkezeitung.info\/pvu\/wp-content\/uploads\/sites\/3\/2025\/11\/102bild1.png\" \/>\n\t<meta property=\"og:image:width\" content=\"2191\" \/>\n\t<meta property=\"og:image:height\" content=\"665\" \/>\n\t<meta property=\"og:image:type\" content=\"image\/png\" \/>\n<meta name=\"author\" content=\"admin\" \/>\n<meta name=\"twitter:card\" content=\"summary_large_image\" \/>\n<meta name=\"twitter:label1\" content=\"Written by\" \/>\n\t<meta name=\"twitter:data1\" content=\"admin\" \/>\n\t<meta name=\"twitter:label2\" content=\"Est. reading time\" \/>\n\t<meta name=\"twitter:data2\" content=\"2 minutes\" \/>\n<script type=\"application\/ld+json\" class=\"yoast-schema-graph\">{\"@context\":\"https:\/\/schema.org\",\"@graph\":[{\"@type\":\"Article\",\"@id\":\"https:\/\/stadtwerkezeitung.info\/pvu\/2025\/11\/14\/kommunale-waermeplanung-steht-kurz-vor-dem-abschluss\/#article\",\"isPartOf\":{\"@id\":\"https:\/\/stadtwerkezeitung.info\/pvu\/2025\/11\/14\/kommunale-waermeplanung-steht-kurz-vor-dem-abschluss\/\"},\"author\":{\"name\":\"admin\",\"@id\":\"https:\/\/stadtwerkezeitung.info\/pvu\/#\/schema\/person\/acd409dca37d4bb8bf3a1284da7f1ee0\"},\"headline\":\"Kommunale W\u00e4rmeplanung steht kurz vor dem Abschluss\",\"datePublished\":\"2025-11-14T12:54:02+00:00\",\"dateModified\":\"2025-11-14T12:55:32+00:00\",\"mainEntityOfPage\":{\"@id\":\"https:\/\/stadtwerkezeitung.info\/pvu\/2025\/11\/14\/kommunale-waermeplanung-steht-kurz-vor-dem-abschluss\/\"},\"wordCount\":387,\"commentCount\":0,\"publisher\":{\"@id\":\"https:\/\/stadtwerkezeitung.info\/pvu\/#organization\"},\"image\":{\"@id\":\"https:\/\/stadtwerkezeitung.info\/pvu\/2025\/11\/14\/kommunale-waermeplanung-steht-kurz-vor-dem-abschluss\/#primaryimage\"},\"thumbnailUrl\":\"https:\/\/stadtwerkezeitung.info\/pvu\/wp-content\/uploads\/sites\/3\/2025\/11\/102bild1.png\",\"inLanguage\":\"en-US\",\"potentialAction\":[{\"@type\":\"CommentAction\",\"name\":\"Comment\",\"target\":[\"https:\/\/stadtwerkezeitung.info\/pvu\/2025\/11\/14\/kommunale-waermeplanung-steht-kurz-vor-dem-abschluss\/#respond\"]}]},{\"@type\":\"WebPage\",\"@id\":\"https:\/\/stadtwerkezeitung.info\/pvu\/2025\/11\/14\/kommunale-waermeplanung-steht-kurz-vor-dem-abschluss\/\",\"url\":\"https:\/\/stadtwerkezeitung.info\/pvu\/2025\/11\/14\/kommunale-waermeplanung-steht-kurz-vor-dem-abschluss\/\",\"name\":\"Kommunale W\u00e4rmeplanung steht kurz vor dem Abschluss - PVU aktuell\",\"isPartOf\":{\"@id\":\"https:\/\/stadtwerkezeitung.info\/pvu\/#website\"},\"primaryImageOfPage\":{\"@id\":\"https:\/\/stadtwerkezeitung.info\/pvu\/2025\/11\/14\/kommunale-waermeplanung-steht-kurz-vor-dem-abschluss\/#primaryimage\"},\"image\":{\"@id\":\"https:\/\/stadtwerkezeitung.info\/pvu\/2025\/11\/14\/kommunale-waermeplanung-steht-kurz-vor-dem-abschluss\/#primaryimage\"},\"thumbnailUrl\":\"https:\/\/stadtwerkezeitung.info\/pvu\/wp-content\/uploads\/sites\/3\/2025\/11\/102bild1.png\",\"datePublished\":\"2025-11-14T12:54:02+00:00\",\"dateModified\":\"2025-11-14T12:55:32+00:00\",\"description\":\"Vom 19. September bis 18. Oktober 2025 lag der Entwurf \u00f6ffentlich aus: Im Bauamt und auf der Website der Stadt konnten sich B\u00fcrgerinnen und B\u00fcrger informieren, einbringen und Fragen stellen.\",\"breadcrumb\":{\"@id\":\"https:\/\/stadtwerkezeitung.info\/pvu\/2025\/11\/14\/kommunale-waermeplanung-steht-kurz-vor-dem-abschluss\/#breadcrumb\"},\"inLanguage\":\"en-US\",\"potentialAction\":[{\"@type\":\"ReadAction\",\"target\":[\"https:\/\/stadtwerkezeitung.info\/pvu\/2025\/11\/14\/kommunale-waermeplanung-steht-kurz-vor-dem-abschluss\/\"]}]},{\"@type\":\"ImageObject\",\"inLanguage\":\"en-US\",\"@id\":\"https:\/\/stadtwerkezeitung.info\/pvu\/2025\/11\/14\/kommunale-waermeplanung-steht-kurz-vor-dem-abschluss\/#primaryimage\",\"url\":\"https:\/\/stadtwerkezeitung.info\/pvu\/wp-content\/uploads\/sites\/3\/2025\/11\/102bild1.png\",\"contentUrl\":\"https:\/\/stadtwerkezeitung.info\/pvu\/wp-content\/uploads\/sites\/3\/2025\/11\/102bild1.png\",\"width\":2191,\"height\":665},{\"@type\":\"BreadcrumbList\",\"@id\":\"https:\/\/stadtwerkezeitung.info\/pvu\/2025\/11\/14\/kommunale-waermeplanung-steht-kurz-vor-dem-abschluss\/#breadcrumb\",\"itemListElement\":[{\"@type\":\"ListItem\",\"position\":1,\"name\":\"Home\",\"item\":\"https:\/\/stadtwerkezeitung.info\/pvu\/\"},{\"@type\":\"ListItem\",\"position\":2,\"name\":\"Kommunale W\u00e4rmeplanung steht kurz vor dem Abschluss\"}]},{\"@type\":\"WebSite\",\"@id\":\"https:\/\/stadtwerkezeitung.info\/pvu\/#website\",\"url\":\"https:\/\/stadtwerkezeitung.info\/pvu\/\",\"name\":\"PVU aktuell\",\"description\":\"Ihre STADTWERKE ZEITUNG digital\",\"publisher\":{\"@id\":\"https:\/\/stadtwerkezeitung.info\/pvu\/#organization\"},\"inLanguage\":\"en-US\"},{\"@type\":\"Organization\",\"@id\":\"https:\/\/stadtwerkezeitung.info\/pvu\/#organization\",\"name\":\"PVU aktuell\",\"url\":\"https:\/\/stadtwerkezeitung.info\/pvu\/\",\"logo\":{\"@type\":\"ImageObject\",\"inLanguage\":\"en-US\",\"@id\":\"https:\/\/stadtwerkezeitung.info\/pvu\/#\/schema\/logo\/image\/\",\"url\":\"https:\/\/stadtwerkezeitung.info\/pvu\/wp-content\/uploads\/sites\/3\/2025\/01\/PVU_logo.png\",\"contentUrl\":\"https:\/\/stadtwerkezeitung.info\/pvu\/wp-content\/uploads\/sites\/3\/2025\/01\/PVU_logo.png\",\"width\":1045,\"height\":472,\"caption\":\"PVU aktuell\"},\"image\":{\"@id\":\"https:\/\/stadtwerkezeitung.info\/pvu\/#\/schema\/logo\/image\/\"}},{\"@type\":\"Person\",\"@id\":\"https:\/\/stadtwerkezeitung.info\/pvu\/#\/schema\/person\/acd409dca37d4bb8bf3a1284da7f1ee0\",\"name\":\"admin\",\"image\":{\"@type\":\"ImageObject\",\"inLanguage\":\"en-US\",\"@id\":\"https:\/\/stadtwerkezeitung.info\/pvu\/#\/schema\/person\/image\/\",\"url\":\"https:\/\/secure.gravatar.com\/avatar\/52dc0b3340c8087a51f52eaa20dc62cd4a6fe41f5bd886140989db7b572c00cd?s=96&d=mm&r=g\",\"contentUrl\":\"https:\/\/secure.gravatar.com\/avatar\/52dc0b3340c8087a51f52eaa20dc62cd4a6fe41f5bd886140989db7b572c00cd?s=96&d=mm&r=g\",\"caption\":\"admin\"},\"sameAs\":[\"https:\/\/stadtwerkezeitung.info\"]}]}<\/script>\n<!-- \/ Yoast SEO plugin. -->","yoast_head_json":{"title":"Kommunale W\u00e4rmeplanung steht kurz vor dem Abschluss - PVU aktuell","description":"Vom 19. September bis 18. Oktober 2025 lag der Entwurf \u00f6ffentlich aus: Im Bauamt und auf der Website der Stadt konnten sich B\u00fcrgerinnen und B\u00fcrger informieren, einbringen und Fragen stellen.","robots":{"index":"index","follow":"follow","max-snippet":"max-snippet:-1","max-image-preview":"max-image-preview:large","max-video-preview":"max-video-preview:-1"},"canonical":"https:\/\/stadtwerkezeitung.info\/pvu\/2025\/11\/14\/kommunale-waermeplanung-steht-kurz-vor-dem-abschluss\/","og_locale":"en_US","og_type":"article","og_title":"Kommunale W\u00e4rmeplanung steht kurz vor dem Abschluss - PVU aktuell","og_description":"Vom 19. September bis 18. Oktober 2025 lag der Entwurf \u00f6ffentlich aus: Im Bauamt und auf der Website der Stadt konnten sich B\u00fcrgerinnen und B\u00fcrger informieren, einbringen und Fragen stellen.","og_url":"https:\/\/stadtwerkezeitung.info\/pvu\/2025\/11\/14\/kommunale-waermeplanung-steht-kurz-vor-dem-abschluss\/","og_site_name":"PVU aktuell","article_published_time":"2025-11-14T12:54:02+00:00","article_modified_time":"2025-11-14T12:55:32+00:00","og_image":[{"width":2191,"height":665,"url":"https:\/\/stadtwerkezeitung.info\/pvu\/wp-content\/uploads\/sites\/3\/2025\/11\/102bild1.png","type":"image\/png"}],"author":"admin","twitter_card":"summary_large_image","twitter_misc":{"Written by":"admin","Est. reading time":"2 minutes"},"schema":{"@context":"https:\/\/schema.org","@graph":[{"@type":"Article","@id":"https:\/\/stadtwerkezeitung.info\/pvu\/2025\/11\/14\/kommunale-waermeplanung-steht-kurz-vor-dem-abschluss\/#article","isPartOf":{"@id":"https:\/\/stadtwerkezeitung.info\/pvu\/2025\/11\/14\/kommunale-waermeplanung-steht-kurz-vor-dem-abschluss\/"},"author":{"name":"admin","@id":"https:\/\/stadtwerkezeitung.info\/pvu\/#\/schema\/person\/acd409dca37d4bb8bf3a1284da7f1ee0"},"headline":"Kommunale W\u00e4rmeplanung steht kurz vor dem Abschluss","datePublished":"2025-11-14T12:54:02+00:00","dateModified":"2025-11-14T12:55:32+00:00","mainEntityOfPage":{"@id":"https:\/\/stadtwerkezeitung.info\/pvu\/2025\/11\/14\/kommunale-waermeplanung-steht-kurz-vor-dem-abschluss\/"},"wordCount":387,"commentCount":0,"publisher":{"@id":"https:\/\/stadtwerkezeitung.info\/pvu\/#organization"},"image":{"@id":"https:\/\/stadtwerkezeitung.info\/pvu\/2025\/11\/14\/kommunale-waermeplanung-steht-kurz-vor-dem-abschluss\/#primaryimage"},"thumbnailUrl":"https:\/\/stadtwerkezeitung.info\/pvu\/wp-content\/uploads\/sites\/3\/2025\/11\/102bild1.png","inLanguage":"en-US","potentialAction":[{"@type":"CommentAction","name":"Comment","target":["https:\/\/stadtwerkezeitung.info\/pvu\/2025\/11\/14\/kommunale-waermeplanung-steht-kurz-vor-dem-abschluss\/#respond"]}]},{"@type":"WebPage","@id":"https:\/\/stadtwerkezeitung.info\/pvu\/2025\/11\/14\/kommunale-waermeplanung-steht-kurz-vor-dem-abschluss\/","url":"https:\/\/stadtwerkezeitung.info\/pvu\/2025\/11\/14\/kommunale-waermeplanung-steht-kurz-vor-dem-abschluss\/","name":"Kommunale W\u00e4rmeplanung steht kurz vor dem Abschluss - PVU aktuell","isPartOf":{"@id":"https:\/\/stadtwerkezeitung.info\/pvu\/#website"},"primaryImageOfPage":{"@id":"https:\/\/stadtwerkezeitung.info\/pvu\/2025\/11\/14\/kommunale-waermeplanung-steht-kurz-vor-dem-abschluss\/#primaryimage"},"image":{"@id":"https:\/\/stadtwerkezeitung.info\/pvu\/2025\/11\/14\/kommunale-waermeplanung-steht-kurz-vor-dem-abschluss\/#primaryimage"},"thumbnailUrl":"https:\/\/stadtwerkezeitung.info\/pvu\/wp-content\/uploads\/sites\/3\/2025\/11\/102bild1.png","datePublished":"2025-11-14T12:54:02+00:00","dateModified":"2025-11-14T12:55:32+00:00","description":"Vom 19. September bis 18. Oktober 2025 lag der Entwurf \u00f6ffentlich aus: Im Bauamt und auf der Website der Stadt konnten sich B\u00fcrgerinnen und B\u00fcrger informieren, einbringen und Fragen stellen.","breadcrumb":{"@id":"https:\/\/stadtwerkezeitung.info\/pvu\/2025\/11\/14\/kommunale-waermeplanung-steht-kurz-vor-dem-abschluss\/#breadcrumb"},"inLanguage":"en-US","potentialAction":[{"@type":"ReadAction","target":["https:\/\/stadtwerkezeitung.info\/pvu\/2025\/11\/14\/kommunale-waermeplanung-steht-kurz-vor-dem-abschluss\/"]}]},{"@type":"ImageObject","inLanguage":"en-US","@id":"https:\/\/stadtwerkezeitung.info\/pvu\/2025\/11\/14\/kommunale-waermeplanung-steht-kurz-vor-dem-abschluss\/#primaryimage","url":"https:\/\/stadtwerkezeitung.info\/pvu\/wp-content\/uploads\/sites\/3\/2025\/11\/102bild1.png","contentUrl":"https:\/\/stadtwerkezeitung.info\/pvu\/wp-content\/uploads\/sites\/3\/2025\/11\/102bild1.png","width":2191,"height":665},{"@type":"BreadcrumbList","@id":"https:\/\/stadtwerkezeitung.info\/pvu\/2025\/11\/14\/kommunale-waermeplanung-steht-kurz-vor-dem-abschluss\/#breadcrumb","itemListElement":[{"@type":"ListItem","position":1,"name":"Home","item":"https:\/\/stadtwerkezeitung.info\/pvu\/"},{"@type":"ListItem","position":2,"name":"Kommunale W\u00e4rmeplanung steht kurz vor dem Abschluss"}]},{"@type":"WebSite","@id":"https:\/\/stadtwerkezeitung.info\/pvu\/#website","url":"https:\/\/stadtwerkezeitung.info\/pvu\/","name":"PVU aktuell","description":"Ihre STADTWERKE ZEITUNG digital","publisher":{"@id":"https:\/\/stadtwerkezeitung.info\/pvu\/#organization"},"inLanguage":"en-US"},{"@type":"Organization","@id":"https:\/\/stadtwerkezeitung.info\/pvu\/#organization","name":"PVU aktuell","url":"https:\/\/stadtwerkezeitung.info\/pvu\/","logo":{"@type":"ImageObject","inLanguage":"en-US","@id":"https:\/\/stadtwerkezeitung.info\/pvu\/#\/schema\/logo\/image\/","url":"https:\/\/stadtwerkezeitung.info\/pvu\/wp-content\/uploads\/sites\/3\/2025\/01\/PVU_logo.png","contentUrl":"https:\/\/stadtwerkezeitung.info\/pvu\/wp-content\/uploads\/sites\/3\/2025\/01\/PVU_logo.png","width":1045,"height":472,"caption":"PVU aktuell"},"image":{"@id":"https:\/\/stadtwerkezeitung.info\/pvu\/#\/schema\/logo\/image\/"}},{"@type":"Person","@id":"https:\/\/stadtwerkezeitung.info\/pvu\/#\/schema\/person\/acd409dca37d4bb8bf3a1284da7f1ee0","name":"admin","image":{"@type":"ImageObject","inLanguage":"en-US","@id":"https:\/\/stadtwerkezeitung.info\/pvu\/#\/schema\/person\/image\/","url":"https:\/\/secure.gravatar.com\/avatar\/52dc0b3340c8087a51f52eaa20dc62cd4a6fe41f5bd886140989db7b572c00cd?s=96&d=mm&r=g","contentUrl":"https:\/\/secure.gravatar.com\/avatar\/52dc0b3340c8087a51f52eaa20dc62cd4a6fe41f5bd886140989db7b572c00cd?s=96&d=mm&r=g","caption":"admin"},"sameAs":["https:\/\/stadtwerkezeitung.info"]}]}},"_links":{"self":[{"href":"https:\/\/stadtwerkezeitung.info\/pvu\/wp-json\/wp\/v2\/posts\/180","targetHints":{"allow":["GET"]}}],"collection":[{"href":"https:\/\/stadtwerkezeitung.info\/pvu\/wp-json\/wp\/v2\/posts"}],"about":[{"href":"https:\/\/stadtwerkezeitung.info\/pvu\/wp-json\/wp\/v2\/types\/post"}],"author":[{"embeddable":true,"href":"https:\/\/stadtwerkezeitung.info\/pvu\/wp-json\/wp\/v2\/users\/1"}],"replies":[{"embeddable":true,"href":"https:\/\/stadtwerkezeitung.info\/pvu\/wp-json\/wp\/v2\/comments?post=180"}],"version-history":[{"count":3,"href":"https:\/\/stadtwerkezeitung.info\/pvu\/wp-json\/wp\/v2\/posts\/180\/revisions"}],"predecessor-version":[{"id":183,"href":"https:\/\/stadtwerkezeitung.info\/pvu\/wp-json\/wp\/v2\/posts\/180\/revisions\/183"}],"wp:featuredmedia":[{"embeddable":true,"href":"https:\/\/stadtwerkezeitung.info\/pvu\/wp-json\/wp\/v2\/media\/167"}],"wp:attachment":[{"href":"https:\/\/stadtwerkezeitung.info\/pvu\/wp-json\/wp\/v2\/media?parent=180"}],"wp:term":[{"taxonomy":"category","embeddable":true,"href":"https:\/\/stadtwerkezeitung.info\/pvu\/wp-json\/wp\/v2\/categories?post=180"},{"taxonomy":"post_tag","embeddable":true,"href":"https:\/\/stadtwerkezeitung.info\/pvu\/wp-json\/wp\/v2\/tags?post=180"}],"curies":[{"name":"wp","href":"https:\/\/api.w.org\/{rel}","templated":true}]}}