{"id":193,"date":"2025-11-14T13:13:47","date_gmt":"2025-11-14T13:13:47","guid":{"rendered":"https:\/\/stadtwerkezeitung.info\/pvu\/?p=193"},"modified":"2025-11-14T13:16:45","modified_gmt":"2025-11-14T13:16:45","slug":"unsere-neuen-auszubildenden-starten-durch","status":"publish","type":"post","link":"https:\/\/stadtwerkezeitung.info\/pvu\/2025\/11\/14\/unsere-neuen-auszubildenden-starten-durch\/","title":{"rendered":"Unsere neuen Auszubildenden starten durch!"},"content":{"rendered":"<h2>Herzlich willkommen bei der PVU<\/h2>\n<h1>Unsere neuen Auszubildenden starten durch!<\/h1>\n<h2>Zum Ausbildungsstart 2025 begr\u00fc\u00dfen wir drei engagierte Nachwuchskr\u00e4fte, die nun Teil des PVU-Teams sind. Mit frischer Neugier und viel Motivation starten sie in ganz unterschiedliche Berufsfelder:<\/p>\n<p>\u25a0\u2009\u2009\u2009\u2009Industriekauffrau<br \/>\u25a0\u2009\u2009\u2009\u2009Fachinformatiker f\u00fcr Systemintegration<br \/>\u25a0\u2009\u2009\u2009\u2009Mechatroniker f\u00fcr Anlagen- und Rohrsystemtechnik<\/p>\n<p>W\u00e4hrend ihrer Ausbildung lernen sie die technischen und kaufm\u00e4nnischen Abl\u00e4ufe unseres Unternehmens kennen \u2013 und leisten dabei einen wichtigen Beitrag zu einer zuverl\u00e4ssigen und nachhaltigen Energieversorgung in der Prignitz. Wir w\u00fcnschen allen einen erfolgreichen Start, spannende Einblicke \u2013 und vor allem Freude an den neuen Aufgaben. Wir stellen zwei Azubis vor.<\/h2>\n<ul>\n<li>\n<p><img decoding=\"async\" src=\"\/pvu\/wp-content\/uploads\/sites\/3\/2025\/11\/105bild1.jpg\" alt=\"\"><\/p>\n<h3>Florian Jakob startet in der IT durch<\/h3>\n<div>\n<p>Florian Jakob ist 20 Jahre alt und kommt aus Wittenberge. Seit Kurzem geh\u00f6rt er zum Team der PVU \u2013 als Auszubildender zum Fachinformatiker f\u00fcr Systemintegration in der IT-Abteilung bei Herrn Kahl.<\/p>\n<\/p>\n<p>Schon als Kind war sein Interesse an Technik und Computern gro\u00df. \u201eIch wollte immer wissen, wie ein PC funktioniert, welche Bauteile verbaut sind und habe sie gern ausgebaut, um sie genauer anzuschauen\u201c, erz\u00e4hlt Florian. Kein Wunder, dass ihn der Beruf des Fachinformatikers sofort angesprochen hat.<\/p>\n<\/p>\n<p>Was ihm bei der PVU besonders gef\u00e4llt? \u201eDie Kolleginnen und Kollegen \u2013 ich wurde sofort als Teil des Teams aufgenommen und nicht nur als Azubi gesehen.\u201c In seiner Freizeit spielt Florian gern Gitarre, Bass und Schlagzeug, trifft Freunde oder widmet sich Videospielen.<\/p>\n<p>Drei Dinge, die ihn beschreiben: ambitioniert, empathisch und manchmal etwas durcheinander!<\/p>\n<\/div>\n<\/li>\n<li>\n<p><img decoding=\"async\" src=\"\/pvu\/wp-content\/uploads\/sites\/3\/2025\/11\/105bild2-scaled.jpg\" alt=\"\"><\/p>\n<h3>Sarah Josefin Lembke lernt Industriekauffrau<\/h3>\n<div>\n<p>Sarah Josefin Lembke ist 17 Jahre alt und kommt aus Karst\u00e4dt. Seit diesem Ausbildungsjahr verst\u00e4rkt sie das Team der PVU als Auszubildende zur Industriekauffrau.<\/p>\n<p>\u201eDie Arbeit in diesem Bereich hat mich von Anfang an interessiert\u201c, erz\u00e4hlt sie. Besonders gut gef\u00e4llt ihr der Umgang im Unternehmen: \u201eAlle Mitarbeitenden sind sehr nett und hilfsbereit, man f\u00fchlt sich sofort willkommen.\u201c<\/p>\n<p>In ihrer Freizeit ist Sarah gern drau\u00dfen unterwegs, geht spazieren oder unternimmt etwas mit ihrer Familie. Drei Eigenschaften, die sie selbst an sich sch\u00e4tzt: h\u00f6flich, hilfsbereit und nett \u2013 eine tolle Mischung f\u00fcr einen gelungenen Start ins Berufsleben!<\/p>\n<\/div>\n<\/li>\n<\/ul>\n<div>\n<p><em><small>Fotos (2): PVU<\/small><\/em><\/p>\n<\/div>\n<p><!--more--><br \/>\n<!-- {\"type\":\"layout\",\"children\":[{\"type\":\"section\",\"props\":{\"image_position\":\"center-center\",\"padding_remove_top\":true,\"style\":\"default\",\"title_breakpoint\":\"xl\",\"title_position\":\"top-left\",\"title_rotation\":\"left\",\"vertical_align\":\"\",\"width\":\"small\"},\"children\":[{\"type\":\"row\",\"children\":[{\"type\":\"column\",\"props\":{\"image_position\":\"center-center\",\"position_sticky_breakpoint\":\"m\"},\"children\":[{\"type\":\"headline\",\"props\":{\"content\":\"Herzlich willkommen bei der PVU\",\"margin\":\"small\",\"margin_remove_bottom\":false,\"margin_remove_top\":false,\"title_element\":\"h2\",\"title_style\":\"h5\"}},{\"type\":\"headline\",\"props\":{\"content\":\"Unsere neuen Auszubildenden starten durch!\",\"margin\":\"small\",\"margin_remove_bottom\":false,\"margin_remove_top\":false,\"title_element\":\"h1\",\"title_style\":\"h2\"}},{\"type\":\"headline\",\"props\":{\"content\":\"Zum Ausbildungsstart 2025 begr\\u00fc\\u00dfen wir drei engagierte Nachwuchskr\\u00e4fte, die nun Teil des PVU-Teams sind. Mit frischer Neugier und viel Motivation starten sie in ganz unterschiedliche Berufsfelder:<br \\\/><br \\\/>\\u25a0\\u2009\\u2009\\u2009\\u2009Industriekauffrau<br \\\/>\\u25a0\\u2009\\u2009\\u2009\\u2009Fachinformatiker f\\u00fcr Systemintegration<br \\\/>\\u25a0\\u2009\\u2009\\u2009\\u2009Mechatroniker f\\u00fcr Anlagen- und Rohrsystemtechnik<br \\\/><br \\\/>W\\u00e4hrend ihrer Ausbildung lernen sie die technischen und kaufm\\u00e4nnischen Abl\\u00e4ufe unseres Unternehmens kennen \\u2013 und leisten dabei einen wichtigen Beitrag zu einer zuverl\\u00e4ssigen und nachhaltigen Energieversorgung in der Prignitz. Wir w\\u00fcnschen allen einen erfolgreichen Start, spannende Einblicke \\u2013 und vor allem Freude an den neuen Aufgaben. Wir stellen zwei Azubis vor.\",\"margin\":\"small\",\"margin_remove_top\":false,\"title_element\":\"h2\",\"title_style\":\"text-lead\"}},{\"type\":\"grid\",\"props\":{\"content_column_breakpoint\":\"m\",\"filter_align\":\"left\",\"filter_all\":true,\"filter_grid_breakpoint\":\"m\",\"filter_grid_width\":\"auto\",\"filter_position\":\"top\",\"filter_style\":\"tab\",\"grid_default\":\"1\",\"grid_medium\":\"2\",\"icon_width\":80,\"image_align\":\"top\",\"image_grid_breakpoint\":\"m\",\"image_grid_width\":\"1-2\",\"image_svg_color\":\"emphasis\",\"item_animation\":true,\"link_style\":\"default\",\"link_text\":\"Read more\",\"margin\":\"default\",\"meta_align\":\"below-title\",\"meta_element\":\"div\",\"meta_style\":\"text-meta\",\"panel_image_no_padding\":true,\"panel_padding\":\"default\",\"panel_style\":\"card-primary\",\"show_content\":true,\"show_image\":true,\"show_link\":true,\"show_meta\":true,\"show_title\":true,\"title_align\":\"top\",\"title_element\":\"h3\",\"title_grid_breakpoint\":\"m\",\"title_grid_width\":\"1-2\",\"title_hover_style\":\"reset\"},\"children\":[{\"type\":\"grid_item\",\"props\":{\"content\":\"\n\n<p>Florian Jakob ist 20 Jahre alt und kommt aus Wittenberge. Seit Kurzem geh\\u00f6rt er zum Team der PVU \\u2013 als Auszubildender zum Fachinformatiker f\\u00fcr Systemintegration in der IT-Abteilung bei Herrn Kahl.<\\\/p>\\n\n\n<p><\\\/p>\\n\n\n<p>Schon als Kind war sein Interesse an Technik und Computern gro\\u00df. \\u201eIch wollte immer wissen, wie ein PC funktioniert, welche Bauteile verbaut sind und habe sie gern ausgebaut, um sie genauer anzuschauen\\u201c, erz\\u00e4hlt Florian. Kein Wunder, dass ihn der Beruf des Fachinformatikers sofort angesprochen hat.<\\\/p>\\n\n\n<p><\\\/p>\\n\n\n<p>Was ihm bei der PVU besonders gef\\u00e4llt? \\u201eDie Kolleginnen und Kollegen \\u2013 ich wurde sofort als Teil des Teams aufgenommen und nicht nur als Azubi gesehen.\\u201c In seiner Freizeit spielt Florian gern Gitarre, Bass und Schlagzeug, trifft Freunde oder widmet sich Videospielen.<\\\/p>\\n\n\n<p>Drei Dinge, die ihn beschreiben: ambitioniert, empathisch und manchmal etwas durcheinander!<\\\/p>\",\"image\":\"wp-content\\\/uploads\\\/sites\\\/3\\\/2025\\\/11\\\/105bild1.jpg\",\"title\":\"Florian Jakob startet in der IT durch\"}},{\"type\":\"grid_item\",\"props\":{\"content\":\"\n\n<p>Sarah Josefin Lembke ist 17 Jahre alt und kommt aus Karst\\u00e4dt. Seit diesem Ausbildungsjahr verst\\u00e4rkt sie das Team der PVU als Auszubildende zur Industriekauffrau.<\\\/p>\\n\n\n<p>\\u201eDie Arbeit in diesem Bereich hat mich von Anfang an interessiert\\u201c, erz\\u00e4hlt sie. Besonders gut gef\\u00e4llt ihr der Umgang im Unternehmen: \\u201eAlle Mitarbeitenden sind sehr nett und hilfsbereit, man f\\u00fchlt sich sofort willkommen.\\u201c<\\\/p>\\n\n\n<p>In ihrer Freizeit ist Sarah gern drau\\u00dfen unterwegs, geht spazieren oder unternimmt etwas mit ihrer Familie. Drei Eigenschaften, die sie selbst an sich sch\\u00e4tzt: h\\u00f6flich, hilfsbereit und nett \\u2013 eine tolle Mischung f\\u00fcr einen gelungenen Start ins Berufsleben!<\\\/p>\",\"image\":\"wp-content\\\/uploads\\\/sites\\\/3\\\/2025\\\/11\\\/105bild2-scaled.jpg\",\"title\":\"Sarah Josefin Lembke lernt Industriekauffrau\"}}]},{\"type\":\"text\",\"props\":{\"column_breakpoint\":\"m\",\"content\":\"\n\n<p><em><small>Fotos (2): PVU<\\\/small><\\\/em><\\\/p>\",\"margin\":\"default\"}}]}]}],\"name\":\"rohrweber\"}],\"version\":\"4.4.1\"} --><\/p>\n","protected":false},"excerpt":{"rendered":"<p>Herzlich willkommen bei der PVU Unsere neuen Auszubildenden starten durch! Zum Ausbildungsstart 2025 begr\u00fc\u00dfen wir drei engagierte Nachwuchskr\u00e4fte, die nun Teil des PVU-Teams sind. Mit frischer Neugier und viel Motivation starten sie in ganz unterschiedliche Berufsfelder: \u25a0\u2009\u2009\u2009\u2009Industriekauffrau\u25a0\u2009\u2009\u2009\u2009Fachinformatiker f\u00fcr Systemintegration\u25a0\u2009\u2009\u2009\u2009Mechatroniker f\u00fcr Anlagen- und Rohrsystemtechnik W\u00e4hrend ihrer Ausbildung lernen sie die technischen und kaufm\u00e4nnischen Abl\u00e4ufe unseres Unternehmens [&hellip;]<\/p>\n","protected":false},"author":1,"featured_media":171,"comment_status":"open","ping_status":"open","sticky":false,"template":"","format":"standard","meta":{"footnotes":""},"categories":[1],"tags":[],"class_list":["post-193","post","type-post","status-publish","format-standard","has-post-thumbnail","hentry","category-uncategorized"],"yoast_head":"<!-- This site is optimized with the Yoast SEO plugin v26.9 - https:\/\/yoast.com\/product\/yoast-seo-wordpress\/ -->\n<title>Unsere neuen Auszubildenden starten durch! - PVU aktuell<\/title>\n<meta name=\"description\" content=\"Zum Ausbildungsstart 2025 begr\u00fc\u00dfen wir drei engagierte Nachwuchskr\u00e4fte, die nun Teil des PVU-Teams sind.\" \/>\n<meta name=\"robots\" content=\"index, follow, max-snippet:-1, max-image-preview:large, max-video-preview:-1\" \/>\n<link rel=\"canonical\" href=\"https:\/\/stadtwerkezeitung.info\/pvu\/2025\/11\/14\/unsere-neuen-auszubildenden-starten-durch\/\" \/>\n<meta property=\"og:locale\" content=\"en_US\" \/>\n<meta property=\"og:type\" content=\"article\" \/>\n<meta property=\"og:title\" content=\"Unsere neuen Auszubildenden starten durch! - PVU aktuell\" \/>\n<meta property=\"og:description\" content=\"Zum Ausbildungsstart 2025 begr\u00fc\u00dfen wir drei engagierte Nachwuchskr\u00e4fte, die nun Teil des PVU-Teams sind.\" \/>\n<meta property=\"og:url\" content=\"https:\/\/stadtwerkezeitung.info\/pvu\/2025\/11\/14\/unsere-neuen-auszubildenden-starten-durch\/\" \/>\n<meta property=\"og:site_name\" content=\"PVU aktuell\" \/>\n<meta property=\"article:published_time\" content=\"2025-11-14T13:13:47+00:00\" \/>\n<meta property=\"article:modified_time\" content=\"2025-11-14T13:16:45+00:00\" \/>\n<meta property=\"og:image\" content=\"https:\/\/stadtwerkezeitung.info\/pvu\/wp-content\/uploads\/sites\/3\/2025\/11\/105bild1-576x1024.jpg\" \/>\n\t<meta property=\"og:image:width\" content=\"576\" \/>\n\t<meta property=\"og:image:height\" content=\"1024\" \/>\n\t<meta property=\"og:image:type\" content=\"image\/jpeg\" \/>\n<meta name=\"author\" content=\"admin\" \/>\n<meta name=\"twitter:card\" content=\"summary_large_image\" \/>\n<meta name=\"twitter:label1\" content=\"Written by\" \/>\n\t<meta name=\"twitter:data1\" content=\"admin\" \/>\n\t<meta name=\"twitter:label2\" content=\"Est. reading time\" \/>\n\t<meta name=\"twitter:data2\" content=\"2 minutes\" \/>\n<script type=\"application\/ld+json\" class=\"yoast-schema-graph\">{\"@context\":\"https:\/\/schema.org\",\"@graph\":[{\"@type\":\"Article\",\"@id\":\"https:\/\/stadtwerkezeitung.info\/pvu\/2025\/11\/14\/unsere-neuen-auszubildenden-starten-durch\/#article\",\"isPartOf\":{\"@id\":\"https:\/\/stadtwerkezeitung.info\/pvu\/2025\/11\/14\/unsere-neuen-auszubildenden-starten-durch\/\"},\"author\":{\"name\":\"admin\",\"@id\":\"https:\/\/stadtwerkezeitung.info\/pvu\/#\/schema\/person\/acd409dca37d4bb8bf3a1284da7f1ee0\"},\"headline\":\"Unsere neuen Auszubildenden starten durch!\",\"datePublished\":\"2025-11-14T13:13:47+00:00\",\"dateModified\":\"2025-11-14T13:16:45+00:00\",\"mainEntityOfPage\":{\"@id\":\"https:\/\/stadtwerkezeitung.info\/pvu\/2025\/11\/14\/unsere-neuen-auszubildenden-starten-durch\/\"},\"wordCount\":353,\"commentCount\":0,\"publisher\":{\"@id\":\"https:\/\/stadtwerkezeitung.info\/pvu\/#organization\"},\"image\":{\"@id\":\"https:\/\/stadtwerkezeitung.info\/pvu\/2025\/11\/14\/unsere-neuen-auszubildenden-starten-durch\/#primaryimage\"},\"thumbnailUrl\":\"https:\/\/stadtwerkezeitung.info\/pvu\/wp-content\/uploads\/sites\/3\/2025\/11\/105bild1.jpg\",\"inLanguage\":\"en-US\",\"potentialAction\":[{\"@type\":\"CommentAction\",\"name\":\"Comment\",\"target\":[\"https:\/\/stadtwerkezeitung.info\/pvu\/2025\/11\/14\/unsere-neuen-auszubildenden-starten-durch\/#respond\"]}]},{\"@type\":\"WebPage\",\"@id\":\"https:\/\/stadtwerkezeitung.info\/pvu\/2025\/11\/14\/unsere-neuen-auszubildenden-starten-durch\/\",\"url\":\"https:\/\/stadtwerkezeitung.info\/pvu\/2025\/11\/14\/unsere-neuen-auszubildenden-starten-durch\/\",\"name\":\"Unsere neuen Auszubildenden starten durch! - PVU aktuell\",\"isPartOf\":{\"@id\":\"https:\/\/stadtwerkezeitung.info\/pvu\/#website\"},\"primaryImageOfPage\":{\"@id\":\"https:\/\/stadtwerkezeitung.info\/pvu\/2025\/11\/14\/unsere-neuen-auszubildenden-starten-durch\/#primaryimage\"},\"image\":{\"@id\":\"https:\/\/stadtwerkezeitung.info\/pvu\/2025\/11\/14\/unsere-neuen-auszubildenden-starten-durch\/#primaryimage\"},\"thumbnailUrl\":\"https:\/\/stadtwerkezeitung.info\/pvu\/wp-content\/uploads\/sites\/3\/2025\/11\/105bild1.jpg\",\"datePublished\":\"2025-11-14T13:13:47+00:00\",\"dateModified\":\"2025-11-14T13:16:45+00:00\",\"description\":\"Zum Ausbildungsstart 2025 begr\u00fc\u00dfen wir drei engagierte Nachwuchskr\u00e4fte, die nun Teil des PVU-Teams sind.\",\"breadcrumb\":{\"@id\":\"https:\/\/stadtwerkezeitung.info\/pvu\/2025\/11\/14\/unsere-neuen-auszubildenden-starten-durch\/#breadcrumb\"},\"inLanguage\":\"en-US\",\"potentialAction\":[{\"@type\":\"ReadAction\",\"target\":[\"https:\/\/stadtwerkezeitung.info\/pvu\/2025\/11\/14\/unsere-neuen-auszubildenden-starten-durch\/\"]}]},{\"@type\":\"ImageObject\",\"inLanguage\":\"en-US\",\"@id\":\"https:\/\/stadtwerkezeitung.info\/pvu\/2025\/11\/14\/unsere-neuen-auszubildenden-starten-durch\/#primaryimage\",\"url\":\"https:\/\/stadtwerkezeitung.info\/pvu\/wp-content\/uploads\/sites\/3\/2025\/11\/105bild1.jpg\",\"contentUrl\":\"https:\/\/stadtwerkezeitung.info\/pvu\/wp-content\/uploads\/sites\/3\/2025\/11\/105bild1.jpg\",\"width\":1181,\"height\":2100},{\"@type\":\"BreadcrumbList\",\"@id\":\"https:\/\/stadtwerkezeitung.info\/pvu\/2025\/11\/14\/unsere-neuen-auszubildenden-starten-durch\/#breadcrumb\",\"itemListElement\":[{\"@type\":\"ListItem\",\"position\":1,\"name\":\"Home\",\"item\":\"https:\/\/stadtwerkezeitung.info\/pvu\/\"},{\"@type\":\"ListItem\",\"position\":2,\"name\":\"Unsere neuen Auszubildenden starten durch!\"}]},{\"@type\":\"WebSite\",\"@id\":\"https:\/\/stadtwerkezeitung.info\/pvu\/#website\",\"url\":\"https:\/\/stadtwerkezeitung.info\/pvu\/\",\"name\":\"PVU aktuell\",\"description\":\"Ihre STADTWERKE ZEITUNG digital\",\"publisher\":{\"@id\":\"https:\/\/stadtwerkezeitung.info\/pvu\/#organization\"},\"inLanguage\":\"en-US\"},{\"@type\":\"Organization\",\"@id\":\"https:\/\/stadtwerkezeitung.info\/pvu\/#organization\",\"name\":\"PVU aktuell\",\"url\":\"https:\/\/stadtwerkezeitung.info\/pvu\/\",\"logo\":{\"@type\":\"ImageObject\",\"inLanguage\":\"en-US\",\"@id\":\"https:\/\/stadtwerkezeitung.info\/pvu\/#\/schema\/logo\/image\/\",\"url\":\"https:\/\/stadtwerkezeitung.info\/pvu\/wp-content\/uploads\/sites\/3\/2025\/01\/PVU_logo.png\",\"contentUrl\":\"https:\/\/stadtwerkezeitung.info\/pvu\/wp-content\/uploads\/sites\/3\/2025\/01\/PVU_logo.png\",\"width\":1045,\"height\":472,\"caption\":\"PVU aktuell\"},\"image\":{\"@id\":\"https:\/\/stadtwerkezeitung.info\/pvu\/#\/schema\/logo\/image\/\"}},{\"@type\":\"Person\",\"@id\":\"https:\/\/stadtwerkezeitung.info\/pvu\/#\/schema\/person\/acd409dca37d4bb8bf3a1284da7f1ee0\",\"name\":\"admin\",\"image\":{\"@type\":\"ImageObject\",\"inLanguage\":\"en-US\",\"@id\":\"https:\/\/stadtwerkezeitung.info\/pvu\/#\/schema\/person\/image\/\",\"url\":\"https:\/\/secure.gravatar.com\/avatar\/52dc0b3340c8087a51f52eaa20dc62cd4a6fe41f5bd886140989db7b572c00cd?s=96&d=mm&r=g\",\"contentUrl\":\"https:\/\/secure.gravatar.com\/avatar\/52dc0b3340c8087a51f52eaa20dc62cd4a6fe41f5bd886140989db7b572c00cd?s=96&d=mm&r=g\",\"caption\":\"admin\"},\"sameAs\":[\"https:\/\/stadtwerkezeitung.info\"]}]}<\/script>\n<!-- \/ Yoast SEO plugin. -->","yoast_head_json":{"title":"Unsere neuen Auszubildenden starten durch! - PVU aktuell","description":"Zum Ausbildungsstart 2025 begr\u00fc\u00dfen wir drei engagierte Nachwuchskr\u00e4fte, die nun Teil des PVU-Teams sind.","robots":{"index":"index","follow":"follow","max-snippet":"max-snippet:-1","max-image-preview":"max-image-preview:large","max-video-preview":"max-video-preview:-1"},"canonical":"https:\/\/stadtwerkezeitung.info\/pvu\/2025\/11\/14\/unsere-neuen-auszubildenden-starten-durch\/","og_locale":"en_US","og_type":"article","og_title":"Unsere neuen Auszubildenden starten durch! - PVU aktuell","og_description":"Zum Ausbildungsstart 2025 begr\u00fc\u00dfen wir drei engagierte Nachwuchskr\u00e4fte, die nun Teil des PVU-Teams sind.","og_url":"https:\/\/stadtwerkezeitung.info\/pvu\/2025\/11\/14\/unsere-neuen-auszubildenden-starten-durch\/","og_site_name":"PVU aktuell","article_published_time":"2025-11-14T13:13:47+00:00","article_modified_time":"2025-11-14T13:16:45+00:00","og_image":[{"width":576,"height":1024,"url":"https:\/\/stadtwerkezeitung.info\/pvu\/wp-content\/uploads\/sites\/3\/2025\/11\/105bild1-576x1024.jpg","type":"image\/jpeg"}],"author":"admin","twitter_card":"summary_large_image","twitter_misc":{"Written by":"admin","Est. reading time":"2 minutes"},"schema":{"@context":"https:\/\/schema.org","@graph":[{"@type":"Article","@id":"https:\/\/stadtwerkezeitung.info\/pvu\/2025\/11\/14\/unsere-neuen-auszubildenden-starten-durch\/#article","isPartOf":{"@id":"https:\/\/stadtwerkezeitung.info\/pvu\/2025\/11\/14\/unsere-neuen-auszubildenden-starten-durch\/"},"author":{"name":"admin","@id":"https:\/\/stadtwerkezeitung.info\/pvu\/#\/schema\/person\/acd409dca37d4bb8bf3a1284da7f1ee0"},"headline":"Unsere neuen Auszubildenden starten durch!","datePublished":"2025-11-14T13:13:47+00:00","dateModified":"2025-11-14T13:16:45+00:00","mainEntityOfPage":{"@id":"https:\/\/stadtwerkezeitung.info\/pvu\/2025\/11\/14\/unsere-neuen-auszubildenden-starten-durch\/"},"wordCount":353,"commentCount":0,"publisher":{"@id":"https:\/\/stadtwerkezeitung.info\/pvu\/#organization"},"image":{"@id":"https:\/\/stadtwerkezeitung.info\/pvu\/2025\/11\/14\/unsere-neuen-auszubildenden-starten-durch\/#primaryimage"},"thumbnailUrl":"https:\/\/stadtwerkezeitung.info\/pvu\/wp-content\/uploads\/sites\/3\/2025\/11\/105bild1.jpg","inLanguage":"en-US","potentialAction":[{"@type":"CommentAction","name":"Comment","target":["https:\/\/stadtwerkezeitung.info\/pvu\/2025\/11\/14\/unsere-neuen-auszubildenden-starten-durch\/#respond"]}]},{"@type":"WebPage","@id":"https:\/\/stadtwerkezeitung.info\/pvu\/2025\/11\/14\/unsere-neuen-auszubildenden-starten-durch\/","url":"https:\/\/stadtwerkezeitung.info\/pvu\/2025\/11\/14\/unsere-neuen-auszubildenden-starten-durch\/","name":"Unsere neuen Auszubildenden starten durch! - PVU aktuell","isPartOf":{"@id":"https:\/\/stadtwerkezeitung.info\/pvu\/#website"},"primaryImageOfPage":{"@id":"https:\/\/stadtwerkezeitung.info\/pvu\/2025\/11\/14\/unsere-neuen-auszubildenden-starten-durch\/#primaryimage"},"image":{"@id":"https:\/\/stadtwerkezeitung.info\/pvu\/2025\/11\/14\/unsere-neuen-auszubildenden-starten-durch\/#primaryimage"},"thumbnailUrl":"https:\/\/stadtwerkezeitung.info\/pvu\/wp-content\/uploads\/sites\/3\/2025\/11\/105bild1.jpg","datePublished":"2025-11-14T13:13:47+00:00","dateModified":"2025-11-14T13:16:45+00:00","description":"Zum Ausbildungsstart 2025 begr\u00fc\u00dfen wir drei engagierte Nachwuchskr\u00e4fte, die nun Teil des PVU-Teams sind.","breadcrumb":{"@id":"https:\/\/stadtwerkezeitung.info\/pvu\/2025\/11\/14\/unsere-neuen-auszubildenden-starten-durch\/#breadcrumb"},"inLanguage":"en-US","potentialAction":[{"@type":"ReadAction","target":["https:\/\/stadtwerkezeitung.info\/pvu\/2025\/11\/14\/unsere-neuen-auszubildenden-starten-durch\/"]}]},{"@type":"ImageObject","inLanguage":"en-US","@id":"https:\/\/stadtwerkezeitung.info\/pvu\/2025\/11\/14\/unsere-neuen-auszubildenden-starten-durch\/#primaryimage","url":"https:\/\/stadtwerkezeitung.info\/pvu\/wp-content\/uploads\/sites\/3\/2025\/11\/105bild1.jpg","contentUrl":"https:\/\/stadtwerkezeitung.info\/pvu\/wp-content\/uploads\/sites\/3\/2025\/11\/105bild1.jpg","width":1181,"height":2100},{"@type":"BreadcrumbList","@id":"https:\/\/stadtwerkezeitung.info\/pvu\/2025\/11\/14\/unsere-neuen-auszubildenden-starten-durch\/#breadcrumb","itemListElement":[{"@type":"ListItem","position":1,"name":"Home","item":"https:\/\/stadtwerkezeitung.info\/pvu\/"},{"@type":"ListItem","position":2,"name":"Unsere neuen Auszubildenden starten durch!"}]},{"@type":"WebSite","@id":"https:\/\/stadtwerkezeitung.info\/pvu\/#website","url":"https:\/\/stadtwerkezeitung.info\/pvu\/","name":"PVU aktuell","description":"Ihre STADTWERKE ZEITUNG digital","publisher":{"@id":"https:\/\/stadtwerkezeitung.info\/pvu\/#organization"},"inLanguage":"en-US"},{"@type":"Organization","@id":"https:\/\/stadtwerkezeitung.info\/pvu\/#organization","name":"PVU aktuell","url":"https:\/\/stadtwerkezeitung.info\/pvu\/","logo":{"@type":"ImageObject","inLanguage":"en-US","@id":"https:\/\/stadtwerkezeitung.info\/pvu\/#\/schema\/logo\/image\/","url":"https:\/\/stadtwerkezeitung.info\/pvu\/wp-content\/uploads\/sites\/3\/2025\/01\/PVU_logo.png","contentUrl":"https:\/\/stadtwerkezeitung.info\/pvu\/wp-content\/uploads\/sites\/3\/2025\/01\/PVU_logo.png","width":1045,"height":472,"caption":"PVU aktuell"},"image":{"@id":"https:\/\/stadtwerkezeitung.info\/pvu\/#\/schema\/logo\/image\/"}},{"@type":"Person","@id":"https:\/\/stadtwerkezeitung.info\/pvu\/#\/schema\/person\/acd409dca37d4bb8bf3a1284da7f1ee0","name":"admin","image":{"@type":"ImageObject","inLanguage":"en-US","@id":"https:\/\/stadtwerkezeitung.info\/pvu\/#\/schema\/person\/image\/","url":"https:\/\/secure.gravatar.com\/avatar\/52dc0b3340c8087a51f52eaa20dc62cd4a6fe41f5bd886140989db7b572c00cd?s=96&d=mm&r=g","contentUrl":"https:\/\/secure.gravatar.com\/avatar\/52dc0b3340c8087a51f52eaa20dc62cd4a6fe41f5bd886140989db7b572c00cd?s=96&d=mm&r=g","caption":"admin"},"sameAs":["https:\/\/stadtwerkezeitung.info"]}]}},"_links":{"self":[{"href":"https:\/\/stadtwerkezeitung.info\/pvu\/wp-json\/wp\/v2\/posts\/193","targetHints":{"allow":["GET"]}}],"collection":[{"href":"https:\/\/stadtwerkezeitung.info\/pvu\/wp-json\/wp\/v2\/posts"}],"about":[{"href":"https:\/\/stadtwerkezeitung.info\/pvu\/wp-json\/wp\/v2\/types\/post"}],"author":[{"embeddable":true,"href":"https:\/\/stadtwerkezeitung.info\/pvu\/wp-json\/wp\/v2\/users\/1"}],"replies":[{"embeddable":true,"href":"https:\/\/stadtwerkezeitung.info\/pvu\/wp-json\/wp\/v2\/comments?post=193"}],"version-history":[{"count":3,"href":"https:\/\/stadtwerkezeitung.info\/pvu\/wp-json\/wp\/v2\/posts\/193\/revisions"}],"predecessor-version":[{"id":196,"href":"https:\/\/stadtwerkezeitung.info\/pvu\/wp-json\/wp\/v2\/posts\/193\/revisions\/196"}],"wp:featuredmedia":[{"embeddable":true,"href":"https:\/\/stadtwerkezeitung.info\/pvu\/wp-json\/wp\/v2\/media\/171"}],"wp:attachment":[{"href":"https:\/\/stadtwerkezeitung.info\/pvu\/wp-json\/wp\/v2\/media?parent=193"}],"wp:term":[{"taxonomy":"category","embeddable":true,"href":"https:\/\/stadtwerkezeitung.info\/pvu\/wp-json\/wp\/v2\/categories?post=193"},{"taxonomy":"post_tag","embeddable":true,"href":"https:\/\/stadtwerkezeitung.info\/pvu\/wp-json\/wp\/v2\/tags?post=193"}],"curies":[{"name":"wp","href":"https:\/\/api.w.org\/{rel}","templated":true}]}}