{"id":198,"date":"2025-11-14T13:22:03","date_gmt":"2025-11-14T13:22:03","guid":{"rendered":"https:\/\/stadtwerkezeitung.info\/pvu\/?p=198"},"modified":"2025-11-14T13:26:52","modified_gmt":"2025-11-14T13:26:52","slug":"neue-ladesaeule-in-der-grabenstrasse","status":"publish","type":"post","link":"https:\/\/stadtwerkezeitung.info\/pvu\/2025\/11\/14\/neue-ladesaeule-in-der-grabenstrasse\/","title":{"rendered":"Neue Lades\u00e4ule in der Grabenstra\u00dfe"},"content":{"rendered":"<p><img decoding=\"async\" src=\"\/pvu\/wp-content\/uploads\/sites\/3\/2025\/11\/107bild1-scaled.jpg\" alt=\"\"><\/p>\n<div>\n<p><em>An der Lades\u00e4ule in der Grabenstra\u00dfe k\u00f6nnen zwei Elektroautos gleichzeitig laden. Phillipp Zimmermann zeigt, wie es geht.<\/p>\n<p><small>Foto: PVU<\/small><\/em><\/p>\n<\/div>\n<h2>PVU erweitert das Ladenetz f\u00fcr E-Autos<\/h2>\n<h1>Neue Lades\u00e4ule in der Grabenstra\u00dfe: Sechs Standorte f\u00fcr saubere Mobilit\u00e4t in Perleberg<\/h1>\n<div>\n<p>In Perleberg gibt es seit Anfang 2025 sechs \u00f6ffentliche Lades\u00e4ulen f\u00fcr Elektroautos und Plug-in-Hybride. Die neueste Lades\u00e4ule befindet sich in der Grabenstra\u00dfe\u20092. Weitere Ladepunkte stehen in der Dobberziner Stra\u00dfe, der Heinrich-Heine-Stra\u00dfe, der Karl-Liebknecht-Stra\u00dfe, am alten Busbahnhof und auf dem Sophienparkplatz.<\/p>\n<h4>Ladestrom \u2013 wo er gebraucht wird<\/h4>\n<p>Nicht an Bundesstra\u00dfen, sondern in Wohngebieten \u2013 bewusst hat die PVU die Ladeinfrastruktur dort platziert, wo viele Mieterinnen und Mieter wohnen. \u201eGerade hier war das Laden bisher schwierig\u201c, erkl\u00e4rt Falko Schindler, Prokurist der PVU. Pro Standort lassen sich zwei Fahrzeuge gleichzeitig laden. Zum Einsatz kommen sogenannte Normallades\u00e4ulen. Sie sind g\u00fcnstiger als Schnelllader, einfacher zu installieren und ideal f\u00fcr l\u00e4ngere Standzeiten \u2013 etwa zuhause oder am Arbeitsplatz.<\/p>\n<h4>Einfach laden mit App oder Karte<\/h4>\n<p>Zum Laden reicht die App oder Ladekarte eines g\u00e4ngigen Fahrstromanbieters oder Plugsurfing. Alternativ kann man per QR-Code an der Lades\u00e4ule direkt die passende App herunterladen. Die Bezahlung ist per Debit- oder Kreditkarte m\u00f6glich \u2013 die aktuellen Preise werden dabei immer direkt angezeigt.<\/p>\n<\/div>\n<p><!--more--><br \/>\n<!-- {\"type\":\"layout\",\"children\":[{\"type\":\"section\",\"props\":{\"image_position\":\"center-center\",\"padding_remove_top\":true,\"style\":\"default\",\"title_breakpoint\":\"xl\",\"title_position\":\"top-left\",\"title_rotation\":\"left\",\"vertical_align\":\"\",\"width\":\"small\"},\"children\":[{\"type\":\"row\",\"children\":[{\"type\":\"column\",\"props\":{\"image_position\":\"center-center\",\"position_sticky_breakpoint\":\"m\",\"vertical_align\":\"middle\",\"width_medium\":\"1-2\"},\"children\":[{\"type\":\"image\",\"props\":{\"image\":\"wp-content\\\/uploads\\\/sites\\\/3\\\/2025\\\/11\\\/107bild1-scaled.jpg\",\"image_svg_color\":\"emphasis\",\"margin\":\"default\"}},{\"type\":\"text\",\"props\":{\"column_breakpoint\":\"m\",\"content\":\"\n\n<p><em>An der Lades\\u00e4ule in der Grabenstra\\u00dfe k\\u00f6nnen zwei Elektroautos gleichzeitig laden. Phillipp Zimmermann zeigt, wie es geht.\\n\\n\\n\\n\\n\\n\\n <br \\\/><small>Foto: PVU<\\\/small><\\\/em><\\\/p>\",\"margin\":\"default\"}}]},{\"type\":\"column\",\"props\":{\"image_position\":\"center-center\",\"position_sticky_breakpoint\":\"m\",\"width_medium\":\"1-2\"},\"children\":[{\"type\":\"headline\",\"props\":{\"content\":\"PVU erweitert das Ladenetz f\\u00fcr E-Autos\",\"margin\":\"small\",\"margin_remove_bottom\":false,\"margin_remove_top\":false,\"title_element\":\"h2\",\"title_style\":\"h5\"}},{\"type\":\"headline\",\"props\":{\"content\":\"Neue Lades\\u00e4ule in der Grabenstra\\u00dfe: Sechs Standorte f\\u00fcr saubere Mobilit\\u00e4t in Perleberg\",\"margin\":\"small\",\"margin_remove_bottom\":false,\"margin_remove_top\":false,\"title_element\":\"h1\",\"title_style\":\"h2\"}},{\"type\":\"text\",\"props\":{\"column_breakpoint\":\"m\",\"content\":\"\n\n<p>In Perleberg gibt es seit Anfang 2025 sechs \\u00f6ffentliche Lades\\u00e4ulen f\\u00fcr Elektroautos und Plug-in-Hybride. Die neueste Lades\\u00e4ule befindet sich in der Grabenstra\\u00dfe\\u20092. Weitere Ladepunkte stehen in der Dobberziner Stra\\u00dfe, der Heinrich-Heine-Stra\\u00dfe, der Karl-Liebknecht-Stra\\u00dfe, am alten Busbahnhof und auf dem Sophienparkplatz.<\\\/p>\\n\n\n<h4>Ladestrom \\u2013 wo er gebraucht wird<\\\/h4>\\n\n\n<p>Nicht an Bundesstra\\u00dfen, sondern in Wohngebieten \\u2013 bewusst hat die PVU die Ladeinfrastruktur dort platziert, wo viele Mieterinnen und Mieter wohnen. \\u201eGerade hier war das Laden bisher schwierig\\u201c, erkl\\u00e4rt Falko Schindler, Prokurist der PVU. Pro Standort lassen sich zwei Fahrzeuge gleichzeitig laden. Zum Einsatz kommen sogenannte Normallades\\u00e4ulen. Sie sind g\\u00fcnstiger als Schnelllader, einfacher zu installieren und ideal f\\u00fcr l\\u00e4ngere Standzeiten \\u2013 etwa zuhause oder am Arbeitsplatz.<\\\/p>\\n\n\n<h4>Einfach laden mit App oder Karte<\\\/h4>\\n\n\n<p>Zum Laden reicht die App oder Ladekarte eines g\\u00e4ngigen Fahrstromanbieters oder Plugsurfing. Alternativ kann man per QR-Code an der Lades\\u00e4ule direkt die passende App herunterladen. Die Bezahlung ist per Debit- oder Kreditkarte m\\u00f6glich \\u2013 die aktuellen Preise werden dabei immer direkt angezeigt.<\\\/p>\",\"margin\":\"default\"}}]}],\"props\":{\"divider\":true,\"layout\":\"1-2,1-2\"}}],\"name\":\"rohrweber\"}],\"version\":\"4.4.1\"} --><\/p>\n","protected":false},"excerpt":{"rendered":"<p>An der Lades\u00e4ule in der Grabenstra\u00dfe k\u00f6nnen zwei Elektroautos gleichzeitig laden. Phillipp Zimmermann zeigt, wie es geht. Foto: PVU PVU erweitert das Ladenetz f\u00fcr E-Autos Neue Lades\u00e4ule in der Grabenstra\u00dfe: Sechs Standorte f\u00fcr saubere Mobilit\u00e4t in Perleberg In Perleberg gibt es seit Anfang 2025 sechs \u00f6ffentliche Lades\u00e4ulen f\u00fcr Elektroautos und Plug-in-Hybride. Die neueste Lades\u00e4ule befindet [&hellip;]<\/p>\n","protected":false},"author":1,"featured_media":174,"comment_status":"open","ping_status":"open","sticky":false,"template":"","format":"standard","meta":{"footnotes":""},"categories":[1],"tags":[],"class_list":["post-198","post","type-post","status-publish","format-standard","has-post-thumbnail","hentry","category-uncategorized"],"yoast_head":"<!-- This site is optimized with the Yoast SEO plugin v26.9 - https:\/\/yoast.com\/product\/yoast-seo-wordpress\/ -->\n<title>Neue Lades\u00e4ule in der Grabenstra\u00dfe - PVU aktuell<\/title>\n<meta name=\"description\" content=\"Nicht an Bundesstra\u00dfen, sondern in Wohngebieten \u2013 bewusst hat die PVU die Ladeinfrastruktur dort platziert, wo viele Mieterinnen und Mieter wohnen.\" \/>\n<meta name=\"robots\" content=\"index, follow, max-snippet:-1, max-image-preview:large, max-video-preview:-1\" \/>\n<link rel=\"canonical\" href=\"https:\/\/stadtwerkezeitung.info\/pvu\/2025\/11\/14\/neue-ladesaeule-in-der-grabenstrasse\/\" \/>\n<meta property=\"og:locale\" content=\"en_US\" \/>\n<meta property=\"og:type\" content=\"article\" \/>\n<meta property=\"og:title\" content=\"Neue Lades\u00e4ule in der Grabenstra\u00dfe - PVU aktuell\" \/>\n<meta property=\"og:description\" content=\"Nicht an Bundesstra\u00dfen, sondern in Wohngebieten \u2013 bewusst hat die PVU die Ladeinfrastruktur dort platziert, wo viele Mieterinnen und Mieter wohnen.\" \/>\n<meta property=\"og:url\" content=\"https:\/\/stadtwerkezeitung.info\/pvu\/2025\/11\/14\/neue-ladesaeule-in-der-grabenstrasse\/\" \/>\n<meta property=\"og:site_name\" content=\"PVU aktuell\" \/>\n<meta property=\"article:published_time\" content=\"2025-11-14T13:22:03+00:00\" \/>\n<meta property=\"article:modified_time\" content=\"2025-11-14T13:26:52+00:00\" \/>\n<meta property=\"og:image\" content=\"https:\/\/stadtwerkezeitung.info\/pvu\/wp-content\/uploads\/sites\/3\/2025\/11\/107bild1-scaled.jpg\" \/>\n\t<meta property=\"og:image:width\" content=\"1440\" \/>\n\t<meta property=\"og:image:height\" content=\"2560\" \/>\n\t<meta property=\"og:image:type\" content=\"image\/jpeg\" \/>\n<meta name=\"author\" content=\"admin\" \/>\n<meta name=\"twitter:card\" content=\"summary_large_image\" \/>\n<meta name=\"twitter:label1\" content=\"Written by\" \/>\n\t<meta name=\"twitter:data1\" content=\"admin\" \/>\n\t<meta name=\"twitter:label2\" content=\"Est. reading time\" \/>\n\t<meta name=\"twitter:data2\" content=\"2 minutes\" \/>\n<script type=\"application\/ld+json\" class=\"yoast-schema-graph\">{\"@context\":\"https:\/\/schema.org\",\"@graph\":[{\"@type\":\"Article\",\"@id\":\"https:\/\/stadtwerkezeitung.info\/pvu\/2025\/11\/14\/neue-ladesaeule-in-der-grabenstrasse\/#article\",\"isPartOf\":{\"@id\":\"https:\/\/stadtwerkezeitung.info\/pvu\/2025\/11\/14\/neue-ladesaeule-in-der-grabenstrasse\/\"},\"author\":{\"name\":\"admin\",\"@id\":\"https:\/\/stadtwerkezeitung.info\/pvu\/#\/schema\/person\/acd409dca37d4bb8bf3a1284da7f1ee0\"},\"headline\":\"Neue Lades\u00e4ule in der Grabenstra\u00dfe\",\"datePublished\":\"2025-11-14T13:22:03+00:00\",\"dateModified\":\"2025-11-14T13:26:52+00:00\",\"mainEntityOfPage\":{\"@id\":\"https:\/\/stadtwerkezeitung.info\/pvu\/2025\/11\/14\/neue-ladesaeule-in-der-grabenstrasse\/\"},\"wordCount\":223,\"commentCount\":0,\"publisher\":{\"@id\":\"https:\/\/stadtwerkezeitung.info\/pvu\/#organization\"},\"image\":{\"@id\":\"https:\/\/stadtwerkezeitung.info\/pvu\/2025\/11\/14\/neue-ladesaeule-in-der-grabenstrasse\/#primaryimage\"},\"thumbnailUrl\":\"https:\/\/stadtwerkezeitung.info\/pvu\/wp-content\/uploads\/sites\/3\/2025\/11\/107bild1-scaled.jpg\",\"inLanguage\":\"en-US\",\"potentialAction\":[{\"@type\":\"CommentAction\",\"name\":\"Comment\",\"target\":[\"https:\/\/stadtwerkezeitung.info\/pvu\/2025\/11\/14\/neue-ladesaeule-in-der-grabenstrasse\/#respond\"]}]},{\"@type\":\"WebPage\",\"@id\":\"https:\/\/stadtwerkezeitung.info\/pvu\/2025\/11\/14\/neue-ladesaeule-in-der-grabenstrasse\/\",\"url\":\"https:\/\/stadtwerkezeitung.info\/pvu\/2025\/11\/14\/neue-ladesaeule-in-der-grabenstrasse\/\",\"name\":\"Neue Lades\u00e4ule in der Grabenstra\u00dfe - PVU aktuell\",\"isPartOf\":{\"@id\":\"https:\/\/stadtwerkezeitung.info\/pvu\/#website\"},\"primaryImageOfPage\":{\"@id\":\"https:\/\/stadtwerkezeitung.info\/pvu\/2025\/11\/14\/neue-ladesaeule-in-der-grabenstrasse\/#primaryimage\"},\"image\":{\"@id\":\"https:\/\/stadtwerkezeitung.info\/pvu\/2025\/11\/14\/neue-ladesaeule-in-der-grabenstrasse\/#primaryimage\"},\"thumbnailUrl\":\"https:\/\/stadtwerkezeitung.info\/pvu\/wp-content\/uploads\/sites\/3\/2025\/11\/107bild1-scaled.jpg\",\"datePublished\":\"2025-11-14T13:22:03+00:00\",\"dateModified\":\"2025-11-14T13:26:52+00:00\",\"description\":\"Nicht an Bundesstra\u00dfen, sondern in Wohngebieten \u2013 bewusst hat die PVU die Ladeinfrastruktur dort platziert, wo viele Mieterinnen und Mieter wohnen.\",\"breadcrumb\":{\"@id\":\"https:\/\/stadtwerkezeitung.info\/pvu\/2025\/11\/14\/neue-ladesaeule-in-der-grabenstrasse\/#breadcrumb\"},\"inLanguage\":\"en-US\",\"potentialAction\":[{\"@type\":\"ReadAction\",\"target\":[\"https:\/\/stadtwerkezeitung.info\/pvu\/2025\/11\/14\/neue-ladesaeule-in-der-grabenstrasse\/\"]}]},{\"@type\":\"ImageObject\",\"inLanguage\":\"en-US\",\"@id\":\"https:\/\/stadtwerkezeitung.info\/pvu\/2025\/11\/14\/neue-ladesaeule-in-der-grabenstrasse\/#primaryimage\",\"url\":\"https:\/\/stadtwerkezeitung.info\/pvu\/wp-content\/uploads\/sites\/3\/2025\/11\/107bild1-scaled.jpg\",\"contentUrl\":\"https:\/\/stadtwerkezeitung.info\/pvu\/wp-content\/uploads\/sites\/3\/2025\/11\/107bild1-scaled.jpg\",\"width\":1440,\"height\":2560},{\"@type\":\"BreadcrumbList\",\"@id\":\"https:\/\/stadtwerkezeitung.info\/pvu\/2025\/11\/14\/neue-ladesaeule-in-der-grabenstrasse\/#breadcrumb\",\"itemListElement\":[{\"@type\":\"ListItem\",\"position\":1,\"name\":\"Home\",\"item\":\"https:\/\/stadtwerkezeitung.info\/pvu\/\"},{\"@type\":\"ListItem\",\"position\":2,\"name\":\"Neue Lades\u00e4ule in der Grabenstra\u00dfe\"}]},{\"@type\":\"WebSite\",\"@id\":\"https:\/\/stadtwerkezeitung.info\/pvu\/#website\",\"url\":\"https:\/\/stadtwerkezeitung.info\/pvu\/\",\"name\":\"PVU aktuell\",\"description\":\"Ihre STADTWERKE ZEITUNG digital\",\"publisher\":{\"@id\":\"https:\/\/stadtwerkezeitung.info\/pvu\/#organization\"},\"inLanguage\":\"en-US\"},{\"@type\":\"Organization\",\"@id\":\"https:\/\/stadtwerkezeitung.info\/pvu\/#organization\",\"name\":\"PVU aktuell\",\"url\":\"https:\/\/stadtwerkezeitung.info\/pvu\/\",\"logo\":{\"@type\":\"ImageObject\",\"inLanguage\":\"en-US\",\"@id\":\"https:\/\/stadtwerkezeitung.info\/pvu\/#\/schema\/logo\/image\/\",\"url\":\"https:\/\/stadtwerkezeitung.info\/pvu\/wp-content\/uploads\/sites\/3\/2025\/01\/PVU_logo.png\",\"contentUrl\":\"https:\/\/stadtwerkezeitung.info\/pvu\/wp-content\/uploads\/sites\/3\/2025\/01\/PVU_logo.png\",\"width\":1045,\"height\":472,\"caption\":\"PVU aktuell\"},\"image\":{\"@id\":\"https:\/\/stadtwerkezeitung.info\/pvu\/#\/schema\/logo\/image\/\"}},{\"@type\":\"Person\",\"@id\":\"https:\/\/stadtwerkezeitung.info\/pvu\/#\/schema\/person\/acd409dca37d4bb8bf3a1284da7f1ee0\",\"name\":\"admin\",\"image\":{\"@type\":\"ImageObject\",\"inLanguage\":\"en-US\",\"@id\":\"https:\/\/stadtwerkezeitung.info\/pvu\/#\/schema\/person\/image\/\",\"url\":\"https:\/\/secure.gravatar.com\/avatar\/52dc0b3340c8087a51f52eaa20dc62cd4a6fe41f5bd886140989db7b572c00cd?s=96&d=mm&r=g\",\"contentUrl\":\"https:\/\/secure.gravatar.com\/avatar\/52dc0b3340c8087a51f52eaa20dc62cd4a6fe41f5bd886140989db7b572c00cd?s=96&d=mm&r=g\",\"caption\":\"admin\"},\"sameAs\":[\"https:\/\/stadtwerkezeitung.info\"]}]}<\/script>\n<!-- \/ Yoast SEO plugin. -->","yoast_head_json":{"title":"Neue Lades\u00e4ule in der Grabenstra\u00dfe - PVU aktuell","description":"Nicht an Bundesstra\u00dfen, sondern in Wohngebieten \u2013 bewusst hat die PVU die Ladeinfrastruktur dort platziert, wo viele Mieterinnen und Mieter wohnen.","robots":{"index":"index","follow":"follow","max-snippet":"max-snippet:-1","max-image-preview":"max-image-preview:large","max-video-preview":"max-video-preview:-1"},"canonical":"https:\/\/stadtwerkezeitung.info\/pvu\/2025\/11\/14\/neue-ladesaeule-in-der-grabenstrasse\/","og_locale":"en_US","og_type":"article","og_title":"Neue Lades\u00e4ule in der Grabenstra\u00dfe - PVU aktuell","og_description":"Nicht an Bundesstra\u00dfen, sondern in Wohngebieten \u2013 bewusst hat die PVU die Ladeinfrastruktur dort platziert, wo viele Mieterinnen und Mieter wohnen.","og_url":"https:\/\/stadtwerkezeitung.info\/pvu\/2025\/11\/14\/neue-ladesaeule-in-der-grabenstrasse\/","og_site_name":"PVU aktuell","article_published_time":"2025-11-14T13:22:03+00:00","article_modified_time":"2025-11-14T13:26:52+00:00","og_image":[{"width":1440,"height":2560,"url":"https:\/\/stadtwerkezeitung.info\/pvu\/wp-content\/uploads\/sites\/3\/2025\/11\/107bild1-scaled.jpg","type":"image\/jpeg"}],"author":"admin","twitter_card":"summary_large_image","twitter_misc":{"Written by":"admin","Est. reading time":"2 minutes"},"schema":{"@context":"https:\/\/schema.org","@graph":[{"@type":"Article","@id":"https:\/\/stadtwerkezeitung.info\/pvu\/2025\/11\/14\/neue-ladesaeule-in-der-grabenstrasse\/#article","isPartOf":{"@id":"https:\/\/stadtwerkezeitung.info\/pvu\/2025\/11\/14\/neue-ladesaeule-in-der-grabenstrasse\/"},"author":{"name":"admin","@id":"https:\/\/stadtwerkezeitung.info\/pvu\/#\/schema\/person\/acd409dca37d4bb8bf3a1284da7f1ee0"},"headline":"Neue Lades\u00e4ule in der Grabenstra\u00dfe","datePublished":"2025-11-14T13:22:03+00:00","dateModified":"2025-11-14T13:26:52+00:00","mainEntityOfPage":{"@id":"https:\/\/stadtwerkezeitung.info\/pvu\/2025\/11\/14\/neue-ladesaeule-in-der-grabenstrasse\/"},"wordCount":223,"commentCount":0,"publisher":{"@id":"https:\/\/stadtwerkezeitung.info\/pvu\/#organization"},"image":{"@id":"https:\/\/stadtwerkezeitung.info\/pvu\/2025\/11\/14\/neue-ladesaeule-in-der-grabenstrasse\/#primaryimage"},"thumbnailUrl":"https:\/\/stadtwerkezeitung.info\/pvu\/wp-content\/uploads\/sites\/3\/2025\/11\/107bild1-scaled.jpg","inLanguage":"en-US","potentialAction":[{"@type":"CommentAction","name":"Comment","target":["https:\/\/stadtwerkezeitung.info\/pvu\/2025\/11\/14\/neue-ladesaeule-in-der-grabenstrasse\/#respond"]}]},{"@type":"WebPage","@id":"https:\/\/stadtwerkezeitung.info\/pvu\/2025\/11\/14\/neue-ladesaeule-in-der-grabenstrasse\/","url":"https:\/\/stadtwerkezeitung.info\/pvu\/2025\/11\/14\/neue-ladesaeule-in-der-grabenstrasse\/","name":"Neue Lades\u00e4ule in der Grabenstra\u00dfe - PVU aktuell","isPartOf":{"@id":"https:\/\/stadtwerkezeitung.info\/pvu\/#website"},"primaryImageOfPage":{"@id":"https:\/\/stadtwerkezeitung.info\/pvu\/2025\/11\/14\/neue-ladesaeule-in-der-grabenstrasse\/#primaryimage"},"image":{"@id":"https:\/\/stadtwerkezeitung.info\/pvu\/2025\/11\/14\/neue-ladesaeule-in-der-grabenstrasse\/#primaryimage"},"thumbnailUrl":"https:\/\/stadtwerkezeitung.info\/pvu\/wp-content\/uploads\/sites\/3\/2025\/11\/107bild1-scaled.jpg","datePublished":"2025-11-14T13:22:03+00:00","dateModified":"2025-11-14T13:26:52+00:00","description":"Nicht an Bundesstra\u00dfen, sondern in Wohngebieten \u2013 bewusst hat die PVU die Ladeinfrastruktur dort platziert, wo viele Mieterinnen und Mieter wohnen.","breadcrumb":{"@id":"https:\/\/stadtwerkezeitung.info\/pvu\/2025\/11\/14\/neue-ladesaeule-in-der-grabenstrasse\/#breadcrumb"},"inLanguage":"en-US","potentialAction":[{"@type":"ReadAction","target":["https:\/\/stadtwerkezeitung.info\/pvu\/2025\/11\/14\/neue-ladesaeule-in-der-grabenstrasse\/"]}]},{"@type":"ImageObject","inLanguage":"en-US","@id":"https:\/\/stadtwerkezeitung.info\/pvu\/2025\/11\/14\/neue-ladesaeule-in-der-grabenstrasse\/#primaryimage","url":"https:\/\/stadtwerkezeitung.info\/pvu\/wp-content\/uploads\/sites\/3\/2025\/11\/107bild1-scaled.jpg","contentUrl":"https:\/\/stadtwerkezeitung.info\/pvu\/wp-content\/uploads\/sites\/3\/2025\/11\/107bild1-scaled.jpg","width":1440,"height":2560},{"@type":"BreadcrumbList","@id":"https:\/\/stadtwerkezeitung.info\/pvu\/2025\/11\/14\/neue-ladesaeule-in-der-grabenstrasse\/#breadcrumb","itemListElement":[{"@type":"ListItem","position":1,"name":"Home","item":"https:\/\/stadtwerkezeitung.info\/pvu\/"},{"@type":"ListItem","position":2,"name":"Neue Lades\u00e4ule in der Grabenstra\u00dfe"}]},{"@type":"WebSite","@id":"https:\/\/stadtwerkezeitung.info\/pvu\/#website","url":"https:\/\/stadtwerkezeitung.info\/pvu\/","name":"PVU aktuell","description":"Ihre STADTWERKE ZEITUNG digital","publisher":{"@id":"https:\/\/stadtwerkezeitung.info\/pvu\/#organization"},"inLanguage":"en-US"},{"@type":"Organization","@id":"https:\/\/stadtwerkezeitung.info\/pvu\/#organization","name":"PVU aktuell","url":"https:\/\/stadtwerkezeitung.info\/pvu\/","logo":{"@type":"ImageObject","inLanguage":"en-US","@id":"https:\/\/stadtwerkezeitung.info\/pvu\/#\/schema\/logo\/image\/","url":"https:\/\/stadtwerkezeitung.info\/pvu\/wp-content\/uploads\/sites\/3\/2025\/01\/PVU_logo.png","contentUrl":"https:\/\/stadtwerkezeitung.info\/pvu\/wp-content\/uploads\/sites\/3\/2025\/01\/PVU_logo.png","width":1045,"height":472,"caption":"PVU aktuell"},"image":{"@id":"https:\/\/stadtwerkezeitung.info\/pvu\/#\/schema\/logo\/image\/"}},{"@type":"Person","@id":"https:\/\/stadtwerkezeitung.info\/pvu\/#\/schema\/person\/acd409dca37d4bb8bf3a1284da7f1ee0","name":"admin","image":{"@type":"ImageObject","inLanguage":"en-US","@id":"https:\/\/stadtwerkezeitung.info\/pvu\/#\/schema\/person\/image\/","url":"https:\/\/secure.gravatar.com\/avatar\/52dc0b3340c8087a51f52eaa20dc62cd4a6fe41f5bd886140989db7b572c00cd?s=96&d=mm&r=g","contentUrl":"https:\/\/secure.gravatar.com\/avatar\/52dc0b3340c8087a51f52eaa20dc62cd4a6fe41f5bd886140989db7b572c00cd?s=96&d=mm&r=g","caption":"admin"},"sameAs":["https:\/\/stadtwerkezeitung.info"]}]}},"_links":{"self":[{"href":"https:\/\/stadtwerkezeitung.info\/pvu\/wp-json\/wp\/v2\/posts\/198","targetHints":{"allow":["GET"]}}],"collection":[{"href":"https:\/\/stadtwerkezeitung.info\/pvu\/wp-json\/wp\/v2\/posts"}],"about":[{"href":"https:\/\/stadtwerkezeitung.info\/pvu\/wp-json\/wp\/v2\/types\/post"}],"author":[{"embeddable":true,"href":"https:\/\/stadtwerkezeitung.info\/pvu\/wp-json\/wp\/v2\/users\/1"}],"replies":[{"embeddable":true,"href":"https:\/\/stadtwerkezeitung.info\/pvu\/wp-json\/wp\/v2\/comments?post=198"}],"version-history":[{"count":2,"href":"https:\/\/stadtwerkezeitung.info\/pvu\/wp-json\/wp\/v2\/posts\/198\/revisions"}],"predecessor-version":[{"id":205,"href":"https:\/\/stadtwerkezeitung.info\/pvu\/wp-json\/wp\/v2\/posts\/198\/revisions\/205"}],"wp:featuredmedia":[{"embeddable":true,"href":"https:\/\/stadtwerkezeitung.info\/pvu\/wp-json\/wp\/v2\/media\/174"}],"wp:attachment":[{"href":"https:\/\/stadtwerkezeitung.info\/pvu\/wp-json\/wp\/v2\/media?parent=198"}],"wp:term":[{"taxonomy":"category","embeddable":true,"href":"https:\/\/stadtwerkezeitung.info\/pvu\/wp-json\/wp\/v2\/categories?post=198"},{"taxonomy":"post_tag","embeddable":true,"href":"https:\/\/stadtwerkezeitung.info\/pvu\/wp-json\/wp\/v2\/tags?post=198"}],"curies":[{"name":"wp","href":"https:\/\/api.w.org\/{rel}","templated":true}]}}