{"id":207,"date":"2025-11-14T13:29:13","date_gmt":"2025-11-14T13:29:13","guid":{"rendered":"https:\/\/stadtwerkezeitung.info\/pvu\/?p=207"},"modified":"2025-11-14T13:30:34","modified_gmt":"2025-11-14T13:30:34","slug":"ein-herbst-voller-energie-und-dankbarkeit","status":"publish","type":"post","link":"https:\/\/stadtwerkezeitung.info\/pvu\/2025\/11\/14\/ein-herbst-voller-energie-und-dankbarkeit\/","title":{"rendered":"Ein Herbst voller Energie \u2013 und Dankbarkeit"},"content":{"rendered":"<h2>Editorial<\/h2>\n<h1>Ein Herbst voller Energie \u2013 und Dankbarkeit<\/h1>\n<p><img decoding=\"async\" src=\"\/pvu\/wp-content\/uploads\/sites\/3\/2025\/11\/201bild1-scaled.jpg\" alt=\"\"><\/p>\n<div>\n<p><em>Ein starkes PVU-Team: Prokorist Falko Schindler, Annemarie L\u00fcskow, Leon Wormsdorf und Gesch\u00e4ftsf\u00fchrer Holger Lossin (v.l.).<\/p>\n<p><small>Foto: PVU<\/small><\/em><\/p>\n<\/div>\n<div>\n<h4>Liebe Leserinnen und Leser,<\/h4>\n<p>was f\u00fcr ein Fest! Der Brandenburgtag in Perleberg war ein echtes Highlight \u2013 f\u00fcr die Stadt, die Region und f\u00fcr alle, die dabei waren. Drei Tage lang wurde gefeiert, gestaunt, gelacht und mitgemacht. Perleberg hat gezeigt, wie bunt, lebendig und gastfreundlich unsere Heimat ist. Und ja: Perleberg kann feiern!<\/p>\n<p>Auch wir von der PVU waren mittendrin \u2013 nicht nur mit unserer technischen Unterst\u00fctzung f\u00fcr eine reibungslose Strom- und Wasserversorgung, sondern auch mit viel Herz und Engagement. Unser Dank gilt allen Helferinnen und Helfern, Organisatorinnen und Organisatoren \u2013 und nat\u00fcrlich den vielen Besucherinnen und Besuchern, die dieses Fest zu etwas Besonderem gemacht haben.<\/p>\n<p>Besonders gefreut hat uns auch die gro\u00dfe Resonanz zu unserem 35.\u2009Firmenjubil\u00e4um. Die vielen Gl\u00fcckw\u00fcnsche, die anerkennenden Worte und das Interesse an unserer Geschichte zeigen uns, wie fest die PVU in der Region verwurzelt ist. Seit 1990 versorgen wir in der Prignitz zuverl\u00e4ssig mit Energie und Wasser \u2013 und wir tun das mit gro\u00dfem Engagement.<br \/>Nat\u00fcrlich bleibt die Welt nicht stehen. Die letzten Jahre waren turbulent, auch auf dem Energiemarkt. Doch aktuell entspannen sich die Preise wieder etwas, vor allem beim Strom. Das nehmen wir zum Anlass, unsere Kundinnen und Kunden zu entlasten \u2013 fair und transparent.<\/p>\n<p>Und nun ist Adventszeit. Eine Zeit der Ruhe, des Innehaltens und der Vorfreude. Lassen wir uns nicht verr\u00fcckt machen vom hektischen Alltag. Genie\u00dfen wir die kleinen Dinge \u2013 eine Tasse Tee, ein Licht im Fenster, ein gutes Gespr\u00e4ch.<br \/>Ich w\u00fcnsche Ihnen eine friedliche Advents- und Weihnachtszeit, Gesundheit und Zuversicht f\u00fcr das neue Jahr \u2013 und f\u00fcr alles, was kommt.<\/p>\n<p><strong>Ihr Holger Lossin,<\/strong> <br \/>PVU-Gesch\u00e4ftsf\u00fchrer<\/p>\n<\/div>\n<p><!--more--><br \/>\n<!-- {\"type\":\"layout\",\"children\":[{\"type\":\"section\",\"props\":{\"image_position\":\"center-center\",\"padding_remove_top\":true,\"style\":\"default\",\"title_breakpoint\":\"xl\",\"title_position\":\"top-left\",\"title_rotation\":\"left\",\"vertical_align\":\"\",\"width\":\"small\"},\"children\":[{\"type\":\"row\",\"children\":[{\"type\":\"column\",\"props\":{\"image_position\":\"center-center\",\"position_sticky_breakpoint\":\"m\",\"width_medium\":\"1-2\"},\"children\":[{\"type\":\"headline\",\"props\":{\"content\":\"Editorial\",\"margin\":\"small\",\"margin_remove_bottom\":false,\"margin_remove_top\":false,\"title_element\":\"h2\",\"title_style\":\"h5\"}},{\"type\":\"headline\",\"props\":{\"content\":\"Ein Herbst voller Energie \\u2013 und Dankbarkeit\",\"margin\":\"small\",\"margin_remove_bottom\":false,\"margin_remove_top\":false,\"title_element\":\"h1\",\"title_style\":\"h2\"}},{\"type\":\"image\",\"props\":{\"image\":\"wp-content\\\/uploads\\\/sites\\\/3\\\/2025\\\/11\\\/201bild1-scaled.jpg\",\"image_svg_color\":\"emphasis\",\"margin\":\"default\"}},{\"type\":\"text\",\"props\":{\"column_breakpoint\":\"m\",\"content\":\"\n\n<p><em>Ein starkes PVU-Team: Prokorist Falko Schindler, Annemarie L\\u00fcskow, Leon Wormsdorf und Gesch\\u00e4ftsf\\u00fchrer Holger Lossin (v.l.).\\n\\n\\n\\n\\n <br \\\/><small>Foto: PVU<\\\/small><\\\/em><\\\/p>\",\"margin\":\"default\"}}]},{\"type\":\"column\",\"props\":{\"image_position\":\"center-center\",\"position_sticky_breakpoint\":\"m\",\"width_medium\":\"1-2\"},\"children\":[{\"type\":\"text\",\"props\":{\"column_breakpoint\":\"m\",\"content\":\"\n\n<h4>Liebe Leserinnen und Leser,<\\\/h4>\\n\n\n<p>was f\\u00fcr ein Fest! Der Brandenburgtag in Perleberg war ein echtes Highlight \\u2013 f\\u00fcr die Stadt, die Region und f\\u00fcr alle, die dabei waren. Drei Tage lang wurde gefeiert, gestaunt, gelacht und mitgemacht. Perleberg hat gezeigt, wie bunt, lebendig und gastfreundlich unsere Heimat ist. Und ja: Perleberg kann feiern!<\\\/p>\\n\n\n<p>Auch wir von der PVU waren mittendrin \\u2013 nicht nur mit unserer technischen Unterst\\u00fctzung f\\u00fcr eine reibungslose Strom- und Wasserversorgung, sondern auch mit viel Herz und Engagement. Unser Dank gilt allen Helferinnen und Helfern, Organisatorinnen und Organisatoren \\u2013 und nat\\u00fcrlich den vielen Besucherinnen und Besuchern, die dieses Fest zu etwas Besonderem gemacht haben.<\\\/p>\\n\n\n<p>Besonders gefreut hat uns auch die gro\\u00dfe Resonanz zu unserem 35.\\u2009Firmenjubil\\u00e4um. Die vielen Gl\\u00fcckw\\u00fcnsche, die anerkennenden Worte und das Interesse an unserer Geschichte zeigen uns, wie fest die PVU in der Region verwurzelt ist. Seit 1990 versorgen wir in der Prignitz zuverl\\u00e4ssig mit Energie und Wasser \\u2013 und wir tun das mit gro\\u00dfem Engagement.<br \\\/>Nat\\u00fcrlich bleibt die Welt nicht stehen. Die letzten Jahre waren turbulent, auch auf dem Energiemarkt. Doch aktuell entspannen sich die Preise wieder etwas, vor allem beim Strom. Das nehmen wir zum Anlass, unsere Kundinnen und Kunden zu entlasten \\u2013 fair und transparent.<\\\/p>\\n\n\n<p>Und nun ist Adventszeit. Eine Zeit der Ruhe, des Innehaltens und der Vorfreude. Lassen wir uns nicht verr\\u00fcckt machen vom hektischen Alltag. Genie\\u00dfen wir die kleinen Dinge \\u2013 eine Tasse Tee, ein Licht im Fenster, ein gutes Gespr\\u00e4ch.<br \\\/>Ich w\\u00fcnsche Ihnen eine friedliche Advents- und Weihnachtszeit, Gesundheit und Zuversicht f\\u00fcr das neue Jahr \\u2013 und f\\u00fcr alles, was kommt.<\\\/p>\\n\n\n<p><strong>Ihr Holger Lossin,<\\\/strong> <br \\\/>PVU-Gesch\\u00e4ftsf\\u00fchrer<\\\/p>\",\"margin\":\"default\"}}]}],\"props\":{\"divider\":true,\"layout\":\"1-2,1-2\"}}],\"name\":\"rohrweber\"}],\"version\":\"4.4.1\"} --><\/p>\n","protected":false},"excerpt":{"rendered":"<p>Editorial Ein Herbst voller Energie \u2013 und Dankbarkeit Ein starkes PVU-Team: Prokorist Falko Schindler, Annemarie L\u00fcskow, Leon Wormsdorf und Gesch\u00e4ftsf\u00fchrer Holger Lossin (v.l.). Foto: PVU Liebe Leserinnen und Leser, was f\u00fcr ein Fest! Der Brandenburgtag in Perleberg war ein echtes Highlight \u2013 f\u00fcr die Stadt, die Region und f\u00fcr alle, die dabei waren. Drei Tage [&hellip;]<\/p>\n","protected":false},"author":1,"featured_media":208,"comment_status":"open","ping_status":"open","sticky":false,"template":"","format":"standard","meta":{"footnotes":""},"categories":[1],"tags":[],"class_list":["post-207","post","type-post","status-publish","format-standard","has-post-thumbnail","hentry","category-uncategorized"],"yoast_head":"<!-- This site is optimized with the Yoast SEO plugin v26.9 - https:\/\/yoast.com\/product\/yoast-seo-wordpress\/ -->\n<title>Ein Herbst voller Energie \u2013 und Dankbarkeit - PVU aktuell<\/title>\n<meta name=\"description\" content=\"Liebe Leserinnen und Leser, der Brandenburgtag in Perleberg war ein echtes Highlight \u2013 f\u00fcr die Stadt, die Region und f\u00fcr alle, die dabei waren.\" \/>\n<meta name=\"robots\" content=\"index, follow, max-snippet:-1, max-image-preview:large, max-video-preview:-1\" \/>\n<link rel=\"canonical\" href=\"https:\/\/stadtwerkezeitung.info\/pvu\/2025\/11\/14\/ein-herbst-voller-energie-und-dankbarkeit\/\" \/>\n<meta property=\"og:locale\" content=\"en_US\" \/>\n<meta property=\"og:type\" content=\"article\" \/>\n<meta property=\"og:title\" content=\"Ein Herbst voller Energie \u2013 und Dankbarkeit - PVU aktuell\" \/>\n<meta property=\"og:description\" content=\"Liebe Leserinnen und Leser, der Brandenburgtag in Perleberg war ein echtes Highlight \u2013 f\u00fcr die Stadt, die Region und f\u00fcr alle, die dabei waren.\" \/>\n<meta property=\"og:url\" content=\"https:\/\/stadtwerkezeitung.info\/pvu\/2025\/11\/14\/ein-herbst-voller-energie-und-dankbarkeit\/\" \/>\n<meta property=\"og:site_name\" content=\"PVU aktuell\" \/>\n<meta property=\"article:published_time\" content=\"2025-11-14T13:29:13+00:00\" \/>\n<meta property=\"article:modified_time\" content=\"2025-11-14T13:30:34+00:00\" \/>\n<meta property=\"og:image\" content=\"https:\/\/stadtwerkezeitung.info\/pvu\/wp-content\/uploads\/sites\/3\/2025\/11\/201bild1-scaled.jpg\" \/>\n\t<meta property=\"og:image:width\" content=\"1440\" \/>\n\t<meta property=\"og:image:height\" content=\"2560\" \/>\n\t<meta property=\"og:image:type\" content=\"image\/jpeg\" \/>\n<meta name=\"author\" content=\"admin\" \/>\n<meta name=\"twitter:card\" content=\"summary_large_image\" \/>\n<meta name=\"twitter:label1\" content=\"Written by\" \/>\n\t<meta name=\"twitter:data1\" content=\"admin\" \/>\n\t<meta name=\"twitter:label2\" content=\"Est. reading time\" \/>\n\t<meta name=\"twitter:data2\" content=\"2 minutes\" \/>\n<script type=\"application\/ld+json\" class=\"yoast-schema-graph\">{\"@context\":\"https:\/\/schema.org\",\"@graph\":[{\"@type\":\"Article\",\"@id\":\"https:\/\/stadtwerkezeitung.info\/pvu\/2025\/11\/14\/ein-herbst-voller-energie-und-dankbarkeit\/#article\",\"isPartOf\":{\"@id\":\"https:\/\/stadtwerkezeitung.info\/pvu\/2025\/11\/14\/ein-herbst-voller-energie-und-dankbarkeit\/\"},\"author\":{\"name\":\"admin\",\"@id\":\"https:\/\/stadtwerkezeitung.info\/pvu\/#\/schema\/person\/acd409dca37d4bb8bf3a1284da7f1ee0\"},\"headline\":\"Ein Herbst voller Energie \u2013 und Dankbarkeit\",\"datePublished\":\"2025-11-14T13:29:13+00:00\",\"dateModified\":\"2025-11-14T13:30:34+00:00\",\"mainEntityOfPage\":{\"@id\":\"https:\/\/stadtwerkezeitung.info\/pvu\/2025\/11\/14\/ein-herbst-voller-energie-und-dankbarkeit\/\"},\"wordCount\":312,\"commentCount\":0,\"publisher\":{\"@id\":\"https:\/\/stadtwerkezeitung.info\/pvu\/#organization\"},\"image\":{\"@id\":\"https:\/\/stadtwerkezeitung.info\/pvu\/2025\/11\/14\/ein-herbst-voller-energie-und-dankbarkeit\/#primaryimage\"},\"thumbnailUrl\":\"https:\/\/stadtwerkezeitung.info\/pvu\/wp-content\/uploads\/sites\/3\/2025\/11\/201bild1-scaled.jpg\",\"inLanguage\":\"en-US\",\"potentialAction\":[{\"@type\":\"CommentAction\",\"name\":\"Comment\",\"target\":[\"https:\/\/stadtwerkezeitung.info\/pvu\/2025\/11\/14\/ein-herbst-voller-energie-und-dankbarkeit\/#respond\"]}]},{\"@type\":\"WebPage\",\"@id\":\"https:\/\/stadtwerkezeitung.info\/pvu\/2025\/11\/14\/ein-herbst-voller-energie-und-dankbarkeit\/\",\"url\":\"https:\/\/stadtwerkezeitung.info\/pvu\/2025\/11\/14\/ein-herbst-voller-energie-und-dankbarkeit\/\",\"name\":\"Ein Herbst voller Energie \u2013 und Dankbarkeit - PVU aktuell\",\"isPartOf\":{\"@id\":\"https:\/\/stadtwerkezeitung.info\/pvu\/#website\"},\"primaryImageOfPage\":{\"@id\":\"https:\/\/stadtwerkezeitung.info\/pvu\/2025\/11\/14\/ein-herbst-voller-energie-und-dankbarkeit\/#primaryimage\"},\"image\":{\"@id\":\"https:\/\/stadtwerkezeitung.info\/pvu\/2025\/11\/14\/ein-herbst-voller-energie-und-dankbarkeit\/#primaryimage\"},\"thumbnailUrl\":\"https:\/\/stadtwerkezeitung.info\/pvu\/wp-content\/uploads\/sites\/3\/2025\/11\/201bild1-scaled.jpg\",\"datePublished\":\"2025-11-14T13:29:13+00:00\",\"dateModified\":\"2025-11-14T13:30:34+00:00\",\"description\":\"Liebe Leserinnen und Leser, der Brandenburgtag in Perleberg war ein echtes Highlight \u2013 f\u00fcr die Stadt, die Region und f\u00fcr alle, die dabei waren.\",\"breadcrumb\":{\"@id\":\"https:\/\/stadtwerkezeitung.info\/pvu\/2025\/11\/14\/ein-herbst-voller-energie-und-dankbarkeit\/#breadcrumb\"},\"inLanguage\":\"en-US\",\"potentialAction\":[{\"@type\":\"ReadAction\",\"target\":[\"https:\/\/stadtwerkezeitung.info\/pvu\/2025\/11\/14\/ein-herbst-voller-energie-und-dankbarkeit\/\"]}]},{\"@type\":\"ImageObject\",\"inLanguage\":\"en-US\",\"@id\":\"https:\/\/stadtwerkezeitung.info\/pvu\/2025\/11\/14\/ein-herbst-voller-energie-und-dankbarkeit\/#primaryimage\",\"url\":\"https:\/\/stadtwerkezeitung.info\/pvu\/wp-content\/uploads\/sites\/3\/2025\/11\/201bild1-scaled.jpg\",\"contentUrl\":\"https:\/\/stadtwerkezeitung.info\/pvu\/wp-content\/uploads\/sites\/3\/2025\/11\/201bild1-scaled.jpg\",\"width\":1440,\"height\":2560},{\"@type\":\"BreadcrumbList\",\"@id\":\"https:\/\/stadtwerkezeitung.info\/pvu\/2025\/11\/14\/ein-herbst-voller-energie-und-dankbarkeit\/#breadcrumb\",\"itemListElement\":[{\"@type\":\"ListItem\",\"position\":1,\"name\":\"Home\",\"item\":\"https:\/\/stadtwerkezeitung.info\/pvu\/\"},{\"@type\":\"ListItem\",\"position\":2,\"name\":\"Ein Herbst voller Energie \u2013 und Dankbarkeit\"}]},{\"@type\":\"WebSite\",\"@id\":\"https:\/\/stadtwerkezeitung.info\/pvu\/#website\",\"url\":\"https:\/\/stadtwerkezeitung.info\/pvu\/\",\"name\":\"PVU aktuell\",\"description\":\"Ihre STADTWERKE ZEITUNG digital\",\"publisher\":{\"@id\":\"https:\/\/stadtwerkezeitung.info\/pvu\/#organization\"},\"inLanguage\":\"en-US\"},{\"@type\":\"Organization\",\"@id\":\"https:\/\/stadtwerkezeitung.info\/pvu\/#organization\",\"name\":\"PVU aktuell\",\"url\":\"https:\/\/stadtwerkezeitung.info\/pvu\/\",\"logo\":{\"@type\":\"ImageObject\",\"inLanguage\":\"en-US\",\"@id\":\"https:\/\/stadtwerkezeitung.info\/pvu\/#\/schema\/logo\/image\/\",\"url\":\"https:\/\/stadtwerkezeitung.info\/pvu\/wp-content\/uploads\/sites\/3\/2025\/01\/PVU_logo.png\",\"contentUrl\":\"https:\/\/stadtwerkezeitung.info\/pvu\/wp-content\/uploads\/sites\/3\/2025\/01\/PVU_logo.png\",\"width\":1045,\"height\":472,\"caption\":\"PVU aktuell\"},\"image\":{\"@id\":\"https:\/\/stadtwerkezeitung.info\/pvu\/#\/schema\/logo\/image\/\"}},{\"@type\":\"Person\",\"@id\":\"https:\/\/stadtwerkezeitung.info\/pvu\/#\/schema\/person\/acd409dca37d4bb8bf3a1284da7f1ee0\",\"name\":\"admin\",\"image\":{\"@type\":\"ImageObject\",\"inLanguage\":\"en-US\",\"@id\":\"https:\/\/stadtwerkezeitung.info\/pvu\/#\/schema\/person\/image\/\",\"url\":\"https:\/\/secure.gravatar.com\/avatar\/52dc0b3340c8087a51f52eaa20dc62cd4a6fe41f5bd886140989db7b572c00cd?s=96&d=mm&r=g\",\"contentUrl\":\"https:\/\/secure.gravatar.com\/avatar\/52dc0b3340c8087a51f52eaa20dc62cd4a6fe41f5bd886140989db7b572c00cd?s=96&d=mm&r=g\",\"caption\":\"admin\"},\"sameAs\":[\"https:\/\/stadtwerkezeitung.info\"]}]}<\/script>\n<!-- \/ Yoast SEO plugin. -->","yoast_head_json":{"title":"Ein Herbst voller Energie \u2013 und Dankbarkeit - PVU aktuell","description":"Liebe Leserinnen und Leser, der Brandenburgtag in Perleberg war ein echtes Highlight \u2013 f\u00fcr die Stadt, die Region und f\u00fcr alle, die dabei waren.","robots":{"index":"index","follow":"follow","max-snippet":"max-snippet:-1","max-image-preview":"max-image-preview:large","max-video-preview":"max-video-preview:-1"},"canonical":"https:\/\/stadtwerkezeitung.info\/pvu\/2025\/11\/14\/ein-herbst-voller-energie-und-dankbarkeit\/","og_locale":"en_US","og_type":"article","og_title":"Ein Herbst voller Energie \u2013 und Dankbarkeit - PVU aktuell","og_description":"Liebe Leserinnen und Leser, der Brandenburgtag in Perleberg war ein echtes Highlight \u2013 f\u00fcr die Stadt, die Region und f\u00fcr alle, die dabei waren.","og_url":"https:\/\/stadtwerkezeitung.info\/pvu\/2025\/11\/14\/ein-herbst-voller-energie-und-dankbarkeit\/","og_site_name":"PVU aktuell","article_published_time":"2025-11-14T13:29:13+00:00","article_modified_time":"2025-11-14T13:30:34+00:00","og_image":[{"width":1440,"height":2560,"url":"https:\/\/stadtwerkezeitung.info\/pvu\/wp-content\/uploads\/sites\/3\/2025\/11\/201bild1-scaled.jpg","type":"image\/jpeg"}],"author":"admin","twitter_card":"summary_large_image","twitter_misc":{"Written by":"admin","Est. reading time":"2 minutes"},"schema":{"@context":"https:\/\/schema.org","@graph":[{"@type":"Article","@id":"https:\/\/stadtwerkezeitung.info\/pvu\/2025\/11\/14\/ein-herbst-voller-energie-und-dankbarkeit\/#article","isPartOf":{"@id":"https:\/\/stadtwerkezeitung.info\/pvu\/2025\/11\/14\/ein-herbst-voller-energie-und-dankbarkeit\/"},"author":{"name":"admin","@id":"https:\/\/stadtwerkezeitung.info\/pvu\/#\/schema\/person\/acd409dca37d4bb8bf3a1284da7f1ee0"},"headline":"Ein Herbst voller Energie \u2013 und Dankbarkeit","datePublished":"2025-11-14T13:29:13+00:00","dateModified":"2025-11-14T13:30:34+00:00","mainEntityOfPage":{"@id":"https:\/\/stadtwerkezeitung.info\/pvu\/2025\/11\/14\/ein-herbst-voller-energie-und-dankbarkeit\/"},"wordCount":312,"commentCount":0,"publisher":{"@id":"https:\/\/stadtwerkezeitung.info\/pvu\/#organization"},"image":{"@id":"https:\/\/stadtwerkezeitung.info\/pvu\/2025\/11\/14\/ein-herbst-voller-energie-und-dankbarkeit\/#primaryimage"},"thumbnailUrl":"https:\/\/stadtwerkezeitung.info\/pvu\/wp-content\/uploads\/sites\/3\/2025\/11\/201bild1-scaled.jpg","inLanguage":"en-US","potentialAction":[{"@type":"CommentAction","name":"Comment","target":["https:\/\/stadtwerkezeitung.info\/pvu\/2025\/11\/14\/ein-herbst-voller-energie-und-dankbarkeit\/#respond"]}]},{"@type":"WebPage","@id":"https:\/\/stadtwerkezeitung.info\/pvu\/2025\/11\/14\/ein-herbst-voller-energie-und-dankbarkeit\/","url":"https:\/\/stadtwerkezeitung.info\/pvu\/2025\/11\/14\/ein-herbst-voller-energie-und-dankbarkeit\/","name":"Ein Herbst voller Energie \u2013 und Dankbarkeit - PVU aktuell","isPartOf":{"@id":"https:\/\/stadtwerkezeitung.info\/pvu\/#website"},"primaryImageOfPage":{"@id":"https:\/\/stadtwerkezeitung.info\/pvu\/2025\/11\/14\/ein-herbst-voller-energie-und-dankbarkeit\/#primaryimage"},"image":{"@id":"https:\/\/stadtwerkezeitung.info\/pvu\/2025\/11\/14\/ein-herbst-voller-energie-und-dankbarkeit\/#primaryimage"},"thumbnailUrl":"https:\/\/stadtwerkezeitung.info\/pvu\/wp-content\/uploads\/sites\/3\/2025\/11\/201bild1-scaled.jpg","datePublished":"2025-11-14T13:29:13+00:00","dateModified":"2025-11-14T13:30:34+00:00","description":"Liebe Leserinnen und Leser, der Brandenburgtag in Perleberg war ein echtes Highlight \u2013 f\u00fcr die Stadt, die Region und f\u00fcr alle, die dabei waren.","breadcrumb":{"@id":"https:\/\/stadtwerkezeitung.info\/pvu\/2025\/11\/14\/ein-herbst-voller-energie-und-dankbarkeit\/#breadcrumb"},"inLanguage":"en-US","potentialAction":[{"@type":"ReadAction","target":["https:\/\/stadtwerkezeitung.info\/pvu\/2025\/11\/14\/ein-herbst-voller-energie-und-dankbarkeit\/"]}]},{"@type":"ImageObject","inLanguage":"en-US","@id":"https:\/\/stadtwerkezeitung.info\/pvu\/2025\/11\/14\/ein-herbst-voller-energie-und-dankbarkeit\/#primaryimage","url":"https:\/\/stadtwerkezeitung.info\/pvu\/wp-content\/uploads\/sites\/3\/2025\/11\/201bild1-scaled.jpg","contentUrl":"https:\/\/stadtwerkezeitung.info\/pvu\/wp-content\/uploads\/sites\/3\/2025\/11\/201bild1-scaled.jpg","width":1440,"height":2560},{"@type":"BreadcrumbList","@id":"https:\/\/stadtwerkezeitung.info\/pvu\/2025\/11\/14\/ein-herbst-voller-energie-und-dankbarkeit\/#breadcrumb","itemListElement":[{"@type":"ListItem","position":1,"name":"Home","item":"https:\/\/stadtwerkezeitung.info\/pvu\/"},{"@type":"ListItem","position":2,"name":"Ein Herbst voller Energie \u2013 und Dankbarkeit"}]},{"@type":"WebSite","@id":"https:\/\/stadtwerkezeitung.info\/pvu\/#website","url":"https:\/\/stadtwerkezeitung.info\/pvu\/","name":"PVU aktuell","description":"Ihre STADTWERKE ZEITUNG digital","publisher":{"@id":"https:\/\/stadtwerkezeitung.info\/pvu\/#organization"},"inLanguage":"en-US"},{"@type":"Organization","@id":"https:\/\/stadtwerkezeitung.info\/pvu\/#organization","name":"PVU aktuell","url":"https:\/\/stadtwerkezeitung.info\/pvu\/","logo":{"@type":"ImageObject","inLanguage":"en-US","@id":"https:\/\/stadtwerkezeitung.info\/pvu\/#\/schema\/logo\/image\/","url":"https:\/\/stadtwerkezeitung.info\/pvu\/wp-content\/uploads\/sites\/3\/2025\/01\/PVU_logo.png","contentUrl":"https:\/\/stadtwerkezeitung.info\/pvu\/wp-content\/uploads\/sites\/3\/2025\/01\/PVU_logo.png","width":1045,"height":472,"caption":"PVU aktuell"},"image":{"@id":"https:\/\/stadtwerkezeitung.info\/pvu\/#\/schema\/logo\/image\/"}},{"@type":"Person","@id":"https:\/\/stadtwerkezeitung.info\/pvu\/#\/schema\/person\/acd409dca37d4bb8bf3a1284da7f1ee0","name":"admin","image":{"@type":"ImageObject","inLanguage":"en-US","@id":"https:\/\/stadtwerkezeitung.info\/pvu\/#\/schema\/person\/image\/","url":"https:\/\/secure.gravatar.com\/avatar\/52dc0b3340c8087a51f52eaa20dc62cd4a6fe41f5bd886140989db7b572c00cd?s=96&d=mm&r=g","contentUrl":"https:\/\/secure.gravatar.com\/avatar\/52dc0b3340c8087a51f52eaa20dc62cd4a6fe41f5bd886140989db7b572c00cd?s=96&d=mm&r=g","caption":"admin"},"sameAs":["https:\/\/stadtwerkezeitung.info"]}]}},"_links":{"self":[{"href":"https:\/\/stadtwerkezeitung.info\/pvu\/wp-json\/wp\/v2\/posts\/207","targetHints":{"allow":["GET"]}}],"collection":[{"href":"https:\/\/stadtwerkezeitung.info\/pvu\/wp-json\/wp\/v2\/posts"}],"about":[{"href":"https:\/\/stadtwerkezeitung.info\/pvu\/wp-json\/wp\/v2\/types\/post"}],"author":[{"embeddable":true,"href":"https:\/\/stadtwerkezeitung.info\/pvu\/wp-json\/wp\/v2\/users\/1"}],"replies":[{"embeddable":true,"href":"https:\/\/stadtwerkezeitung.info\/pvu\/wp-json\/wp\/v2\/comments?post=207"}],"version-history":[{"count":2,"href":"https:\/\/stadtwerkezeitung.info\/pvu\/wp-json\/wp\/v2\/posts\/207\/revisions"}],"predecessor-version":[{"id":212,"href":"https:\/\/stadtwerkezeitung.info\/pvu\/wp-json\/wp\/v2\/posts\/207\/revisions\/212"}],"wp:featuredmedia":[{"embeddable":true,"href":"https:\/\/stadtwerkezeitung.info\/pvu\/wp-json\/wp\/v2\/media\/208"}],"wp:attachment":[{"href":"https:\/\/stadtwerkezeitung.info\/pvu\/wp-json\/wp\/v2\/media?parent=207"}],"wp:term":[{"taxonomy":"category","embeddable":true,"href":"https:\/\/stadtwerkezeitung.info\/pvu\/wp-json\/wp\/v2\/categories?post=207"},{"taxonomy":"post_tag","embeddable":true,"href":"https:\/\/stadtwerkezeitung.info\/pvu\/wp-json\/wp\/v2\/tags?post=207"}],"curies":[{"name":"wp","href":"https:\/\/api.w.org\/{rel}","templated":true}]}}