{"id":214,"date":"2025-11-14T13:34:23","date_gmt":"2025-11-14T13:34:23","guid":{"rendered":"https:\/\/stadtwerkezeitung.info\/pvu\/?p=214"},"modified":"2025-11-14T13:35:25","modified_gmt":"2025-11-14T13:35:25","slug":"ein-waschechter-reetzer-verstaerkt-die-pvu-als-netzmonteur-gas-wasser","status":"publish","type":"post","link":"https:\/\/stadtwerkezeitung.info\/pvu\/2025\/11\/14\/ein-waschechter-reetzer-verstaerkt-die-pvu-als-netzmonteur-gas-wasser\/","title":{"rendered":"Ein waschechter Reetzer verst\u00e4rkt die PVU als Netzmonteur Gas\/Wasser"},"content":{"rendered":"<p><img decoding=\"async\" src=\"\/pvu\/wp-content\/uploads\/sites\/3\/2025\/11\/202bild1-scaled.jpg\" alt=\"\"><\/p>\n<div>\n<p><em><small>Foto: PVU<\/small><\/em><\/p>\n<\/div>\n<h2>Willkommen im Team, Christoph M\u00fcller!<\/h2>\n<h1>Ein waschechter Reetzer verst\u00e4rkt die PVU als Netzmonteur Gas\/Wasser<\/h1>\n<div>\n<p>Seit dem 1.\u2009August ist Christoph M\u00fcller Teil der PVU-Familie. Der geb\u00fcrtige Reetzer arbeitet als Netzmonteur Gas\/Wasser und ist f\u00fcr die Wartung und Instandhaltung von Gasregelanlagen und Hausanschl\u00fcssen verantwortlich. Nach 15 Jahren bei der Deutschen Bahn suchte Christoph eine neue berufliche Herausforderung \u2013 und fand sie bei der PVU: \u201eDie Arbeit ist abwechslungsreich und spannend, auch wenn es noch viel zu lernen gibt.<\/p>\n<p>Besonders toll finde ich, wie herzlich ich im Team aufgenommen wurde. Meine Kollegen unterst\u00fctzen mich bei Fragen und geben mir wertvolle Tipps.\u201c Auch au\u00dferhalb der Arbeitszeit ist Christoph vielseitig engagiert: Als Ortswehrf\u00fchrer der Freiwilligen Feuerwehr Reetz, aktives Mitglied der M\u00e4nnertanzgruppe des Reetzer Faschingsclubs e.\u2009V. (Motto: \u201eIn Reetz da geht\u2019s!\u201c) und Gemeindevertreter setzt er sich mit vollem Einsatz f\u00fcr seine Heimat ein. Wenn man ihn in drei Worten beschreiben m\u00fcsste, w\u00e4ren das: aufgeschlossen, engagiert und flei\u00dfig.<\/p>\n<\/div>\n<p><!--more--><br \/>\n<!-- {\"type\":\"layout\",\"children\":[{\"type\":\"section\",\"props\":{\"image_position\":\"center-center\",\"padding_remove_top\":true,\"style\":\"default\",\"title_breakpoint\":\"xl\",\"title_position\":\"top-left\",\"title_rotation\":\"left\",\"vertical_align\":\"\",\"width\":\"small\"},\"children\":[{\"type\":\"row\",\"children\":[{\"type\":\"column\",\"props\":{\"image_position\":\"center-center\",\"position_sticky_breakpoint\":\"m\",\"width_medium\":\"1-2\"},\"children\":[{\"type\":\"image\",\"props\":{\"image\":\"wp-content\\\/uploads\\\/sites\\\/3\\\/2025\\\/11\\\/202bild1-scaled.jpg\",\"image_svg_color\":\"emphasis\",\"margin\":\"default\"}},{\"type\":\"text\",\"props\":{\"column_breakpoint\":\"m\",\"content\":\"\n\n<p><em><small>Foto: PVU<\\\/small><\\\/em><\\\/p>\",\"margin\":\"default\"}}]},{\"type\":\"column\",\"props\":{\"image_position\":\"center-center\",\"position_sticky_breakpoint\":\"m\",\"vertical_align\":\"middle\",\"width_medium\":\"1-2\"},\"children\":[{\"type\":\"headline\",\"props\":{\"content\":\"Willkommen im Team, Christoph M\\u00fcller!\",\"margin\":\"small\",\"margin_remove_bottom\":false,\"margin_remove_top\":false,\"title_element\":\"h2\",\"title_style\":\"h5\"}},{\"type\":\"headline\",\"props\":{\"content\":\"Ein waschechter Reetzer verst\\u00e4rkt die PVU als Netzmonteur Gas\\\/Wasser\",\"margin\":\"small\",\"margin_remove_bottom\":false,\"margin_remove_top\":false,\"title_element\":\"h1\",\"title_style\":\"h2\"}},{\"type\":\"text\",\"props\":{\"column_breakpoint\":\"m\",\"content\":\"\n\n<p>Seit dem 1.\\u2009August ist Christoph M\\u00fcller Teil der PVU-Familie. Der geb\\u00fcrtige Reetzer arbeitet als Netzmonteur Gas\\\/Wasser und ist f\\u00fcr die Wartung und Instandhaltung von Gasregelanlagen und Hausanschl\\u00fcssen verantwortlich. Nach 15 Jahren bei der Deutschen Bahn suchte Christoph eine neue berufliche Herausforderung \\u2013 und fand sie bei der PVU: \\u201eDie Arbeit ist abwechslungsreich und spannend, auch wenn es noch viel zu lernen gibt.<\\\/p>\\n\n\n<p>Besonders toll finde ich, wie herzlich ich im Team aufgenommen wurde. Meine Kollegen unterst\\u00fctzen mich bei Fragen und geben mir wertvolle Tipps.\\u201c Auch au\\u00dferhalb der Arbeitszeit ist Christoph vielseitig engagiert: Als Ortswehrf\\u00fchrer der Freiwilligen Feuerwehr Reetz, aktives Mitglied der M\\u00e4nnertanzgruppe des Reetzer Faschingsclubs e.\\u2009V. (Motto: \\u201eIn Reetz da geht\\u2019s!\\u201c) und Gemeindevertreter setzt er sich mit vollem Einsatz f\\u00fcr seine Heimat ein. Wenn man ihn in drei Worten beschreiben m\\u00fcsste, w\\u00e4ren das: aufgeschlossen, engagiert und flei\\u00dfig.<\\\/p>\",\"margin\":\"default\"}}]}],\"props\":{\"divider\":true,\"layout\":\"1-2,1-2\"}}],\"name\":\"rohrweber\"}],\"version\":\"4.4.1\"} --><\/p>\n","protected":false},"excerpt":{"rendered":"<p>Foto: PVU Willkommen im Team, Christoph M\u00fcller! Ein waschechter Reetzer verst\u00e4rkt die PVU als Netzmonteur Gas\/Wasser Seit dem 1.\u2009August ist Christoph M\u00fcller Teil der PVU-Familie. Der geb\u00fcrtige Reetzer arbeitet als Netzmonteur Gas\/Wasser und ist f\u00fcr die Wartung und Instandhaltung von Gasregelanlagen und Hausanschl\u00fcssen verantwortlich. Nach 15 Jahren bei der Deutschen Bahn suchte Christoph eine neue [&hellip;]<\/p>\n","protected":false},"author":1,"featured_media":209,"comment_status":"open","ping_status":"open","sticky":false,"template":"","format":"standard","meta":{"footnotes":""},"categories":[1],"tags":[],"class_list":["post-214","post","type-post","status-publish","format-standard","has-post-thumbnail","hentry","category-uncategorized"],"yoast_head":"<!-- This site is optimized with the Yoast SEO plugin v26.9 - https:\/\/yoast.com\/product\/yoast-seo-wordpress\/ -->\n<title>Ein waschechter Reetzer verst\u00e4rkt die PVU als Netzmonteur Gas\/Wasser - PVU aktuell<\/title>\n<meta name=\"description\" content=\"Seit dem 1.\u2009August ist Christoph M\u00fcller Teil der PVU-Familie und arbeitet bei uns als Netzmonteur Gas\/Wasser.\" \/>\n<meta name=\"robots\" content=\"index, follow, max-snippet:-1, max-image-preview:large, max-video-preview:-1\" \/>\n<link rel=\"canonical\" href=\"https:\/\/stadtwerkezeitung.info\/pvu\/2025\/11\/14\/ein-waschechter-reetzer-verstaerkt-die-pvu-als-netzmonteur-gas-wasser\/\" \/>\n<meta property=\"og:locale\" content=\"en_US\" \/>\n<meta property=\"og:type\" content=\"article\" \/>\n<meta property=\"og:title\" content=\"Ein waschechter Reetzer verst\u00e4rkt die PVU als Netzmonteur Gas\/Wasser - PVU aktuell\" \/>\n<meta property=\"og:description\" content=\"Seit dem 1.\u2009August ist Christoph M\u00fcller Teil der PVU-Familie und arbeitet bei uns als Netzmonteur Gas\/Wasser.\" \/>\n<meta property=\"og:url\" content=\"https:\/\/stadtwerkezeitung.info\/pvu\/2025\/11\/14\/ein-waschechter-reetzer-verstaerkt-die-pvu-als-netzmonteur-gas-wasser\/\" \/>\n<meta property=\"og:site_name\" content=\"PVU aktuell\" \/>\n<meta property=\"article:published_time\" content=\"2025-11-14T13:34:23+00:00\" \/>\n<meta property=\"article:modified_time\" content=\"2025-11-14T13:35:25+00:00\" \/>\n<meta property=\"og:image\" content=\"https:\/\/stadtwerkezeitung.info\/pvu\/wp-content\/uploads\/sites\/3\/2025\/11\/202bild1-scaled.jpg\" \/>\n\t<meta property=\"og:image:width\" content=\"1153\" \/>\n\t<meta property=\"og:image:height\" content=\"2560\" \/>\n\t<meta property=\"og:image:type\" content=\"image\/jpeg\" \/>\n<meta name=\"author\" content=\"admin\" \/>\n<meta name=\"twitter:card\" content=\"summary_large_image\" \/>\n<meta name=\"twitter:label1\" content=\"Written by\" \/>\n\t<meta name=\"twitter:data1\" content=\"admin\" \/>\n\t<meta name=\"twitter:label2\" content=\"Est. reading time\" \/>\n\t<meta name=\"twitter:data2\" content=\"2 minutes\" \/>\n<script type=\"application\/ld+json\" class=\"yoast-schema-graph\">{\"@context\":\"https:\/\/schema.org\",\"@graph\":[{\"@type\":\"Article\",\"@id\":\"https:\/\/stadtwerkezeitung.info\/pvu\/2025\/11\/14\/ein-waschechter-reetzer-verstaerkt-die-pvu-als-netzmonteur-gas-wasser\/#article\",\"isPartOf\":{\"@id\":\"https:\/\/stadtwerkezeitung.info\/pvu\/2025\/11\/14\/ein-waschechter-reetzer-verstaerkt-die-pvu-als-netzmonteur-gas-wasser\/\"},\"author\":{\"name\":\"admin\",\"@id\":\"https:\/\/stadtwerkezeitung.info\/pvu\/#\/schema\/person\/acd409dca37d4bb8bf3a1284da7f1ee0\"},\"headline\":\"Ein waschechter Reetzer verst\u00e4rkt die PVU als Netzmonteur Gas\/Wasser\",\"datePublished\":\"2025-11-14T13:34:23+00:00\",\"dateModified\":\"2025-11-14T13:35:25+00:00\",\"mainEntityOfPage\":{\"@id\":\"https:\/\/stadtwerkezeitung.info\/pvu\/2025\/11\/14\/ein-waschechter-reetzer-verstaerkt-die-pvu-als-netzmonteur-gas-wasser\/\"},\"wordCount\":180,\"commentCount\":0,\"publisher\":{\"@id\":\"https:\/\/stadtwerkezeitung.info\/pvu\/#organization\"},\"image\":{\"@id\":\"https:\/\/stadtwerkezeitung.info\/pvu\/2025\/11\/14\/ein-waschechter-reetzer-verstaerkt-die-pvu-als-netzmonteur-gas-wasser\/#primaryimage\"},\"thumbnailUrl\":\"https:\/\/stadtwerkezeitung.info\/pvu\/wp-content\/uploads\/sites\/3\/2025\/11\/202bild1-scaled.jpg\",\"inLanguage\":\"en-US\",\"potentialAction\":[{\"@type\":\"CommentAction\",\"name\":\"Comment\",\"target\":[\"https:\/\/stadtwerkezeitung.info\/pvu\/2025\/11\/14\/ein-waschechter-reetzer-verstaerkt-die-pvu-als-netzmonteur-gas-wasser\/#respond\"]}]},{\"@type\":\"WebPage\",\"@id\":\"https:\/\/stadtwerkezeitung.info\/pvu\/2025\/11\/14\/ein-waschechter-reetzer-verstaerkt-die-pvu-als-netzmonteur-gas-wasser\/\",\"url\":\"https:\/\/stadtwerkezeitung.info\/pvu\/2025\/11\/14\/ein-waschechter-reetzer-verstaerkt-die-pvu-als-netzmonteur-gas-wasser\/\",\"name\":\"Ein waschechter Reetzer verst\u00e4rkt die PVU als Netzmonteur Gas\/Wasser - PVU aktuell\",\"isPartOf\":{\"@id\":\"https:\/\/stadtwerkezeitung.info\/pvu\/#website\"},\"primaryImageOfPage\":{\"@id\":\"https:\/\/stadtwerkezeitung.info\/pvu\/2025\/11\/14\/ein-waschechter-reetzer-verstaerkt-die-pvu-als-netzmonteur-gas-wasser\/#primaryimage\"},\"image\":{\"@id\":\"https:\/\/stadtwerkezeitung.info\/pvu\/2025\/11\/14\/ein-waschechter-reetzer-verstaerkt-die-pvu-als-netzmonteur-gas-wasser\/#primaryimage\"},\"thumbnailUrl\":\"https:\/\/stadtwerkezeitung.info\/pvu\/wp-content\/uploads\/sites\/3\/2025\/11\/202bild1-scaled.jpg\",\"datePublished\":\"2025-11-14T13:34:23+00:00\",\"dateModified\":\"2025-11-14T13:35:25+00:00\",\"description\":\"Seit dem 1.\u2009August ist Christoph M\u00fcller Teil der PVU-Familie und arbeitet bei uns als Netzmonteur Gas\/Wasser.\",\"breadcrumb\":{\"@id\":\"https:\/\/stadtwerkezeitung.info\/pvu\/2025\/11\/14\/ein-waschechter-reetzer-verstaerkt-die-pvu-als-netzmonteur-gas-wasser\/#breadcrumb\"},\"inLanguage\":\"en-US\",\"potentialAction\":[{\"@type\":\"ReadAction\",\"target\":[\"https:\/\/stadtwerkezeitung.info\/pvu\/2025\/11\/14\/ein-waschechter-reetzer-verstaerkt-die-pvu-als-netzmonteur-gas-wasser\/\"]}]},{\"@type\":\"ImageObject\",\"inLanguage\":\"en-US\",\"@id\":\"https:\/\/stadtwerkezeitung.info\/pvu\/2025\/11\/14\/ein-waschechter-reetzer-verstaerkt-die-pvu-als-netzmonteur-gas-wasser\/#primaryimage\",\"url\":\"https:\/\/stadtwerkezeitung.info\/pvu\/wp-content\/uploads\/sites\/3\/2025\/11\/202bild1-scaled.jpg\",\"contentUrl\":\"https:\/\/stadtwerkezeitung.info\/pvu\/wp-content\/uploads\/sites\/3\/2025\/11\/202bild1-scaled.jpg\",\"width\":1153,\"height\":2560},{\"@type\":\"BreadcrumbList\",\"@id\":\"https:\/\/stadtwerkezeitung.info\/pvu\/2025\/11\/14\/ein-waschechter-reetzer-verstaerkt-die-pvu-als-netzmonteur-gas-wasser\/#breadcrumb\",\"itemListElement\":[{\"@type\":\"ListItem\",\"position\":1,\"name\":\"Home\",\"item\":\"https:\/\/stadtwerkezeitung.info\/pvu\/\"},{\"@type\":\"ListItem\",\"position\":2,\"name\":\"Ein waschechter Reetzer verst\u00e4rkt die PVU als Netzmonteur Gas\/Wasser\"}]},{\"@type\":\"WebSite\",\"@id\":\"https:\/\/stadtwerkezeitung.info\/pvu\/#website\",\"url\":\"https:\/\/stadtwerkezeitung.info\/pvu\/\",\"name\":\"PVU aktuell\",\"description\":\"Ihre STADTWERKE ZEITUNG digital\",\"publisher\":{\"@id\":\"https:\/\/stadtwerkezeitung.info\/pvu\/#organization\"},\"inLanguage\":\"en-US\"},{\"@type\":\"Organization\",\"@id\":\"https:\/\/stadtwerkezeitung.info\/pvu\/#organization\",\"name\":\"PVU aktuell\",\"url\":\"https:\/\/stadtwerkezeitung.info\/pvu\/\",\"logo\":{\"@type\":\"ImageObject\",\"inLanguage\":\"en-US\",\"@id\":\"https:\/\/stadtwerkezeitung.info\/pvu\/#\/schema\/logo\/image\/\",\"url\":\"https:\/\/stadtwerkezeitung.info\/pvu\/wp-content\/uploads\/sites\/3\/2025\/01\/PVU_logo.png\",\"contentUrl\":\"https:\/\/stadtwerkezeitung.info\/pvu\/wp-content\/uploads\/sites\/3\/2025\/01\/PVU_logo.png\",\"width\":1045,\"height\":472,\"caption\":\"PVU aktuell\"},\"image\":{\"@id\":\"https:\/\/stadtwerkezeitung.info\/pvu\/#\/schema\/logo\/image\/\"}},{\"@type\":\"Person\",\"@id\":\"https:\/\/stadtwerkezeitung.info\/pvu\/#\/schema\/person\/acd409dca37d4bb8bf3a1284da7f1ee0\",\"name\":\"admin\",\"image\":{\"@type\":\"ImageObject\",\"inLanguage\":\"en-US\",\"@id\":\"https:\/\/stadtwerkezeitung.info\/pvu\/#\/schema\/person\/image\/\",\"url\":\"https:\/\/secure.gravatar.com\/avatar\/52dc0b3340c8087a51f52eaa20dc62cd4a6fe41f5bd886140989db7b572c00cd?s=96&d=mm&r=g\",\"contentUrl\":\"https:\/\/secure.gravatar.com\/avatar\/52dc0b3340c8087a51f52eaa20dc62cd4a6fe41f5bd886140989db7b572c00cd?s=96&d=mm&r=g\",\"caption\":\"admin\"},\"sameAs\":[\"https:\/\/stadtwerkezeitung.info\"]}]}<\/script>\n<!-- \/ Yoast SEO plugin. -->","yoast_head_json":{"title":"Ein waschechter Reetzer verst\u00e4rkt die PVU als Netzmonteur Gas\/Wasser - PVU aktuell","description":"Seit dem 1.\u2009August ist Christoph M\u00fcller Teil der PVU-Familie und arbeitet bei uns als Netzmonteur Gas\/Wasser.","robots":{"index":"index","follow":"follow","max-snippet":"max-snippet:-1","max-image-preview":"max-image-preview:large","max-video-preview":"max-video-preview:-1"},"canonical":"https:\/\/stadtwerkezeitung.info\/pvu\/2025\/11\/14\/ein-waschechter-reetzer-verstaerkt-die-pvu-als-netzmonteur-gas-wasser\/","og_locale":"en_US","og_type":"article","og_title":"Ein waschechter Reetzer verst\u00e4rkt die PVU als Netzmonteur Gas\/Wasser - PVU aktuell","og_description":"Seit dem 1.\u2009August ist Christoph M\u00fcller Teil der PVU-Familie und arbeitet bei uns als Netzmonteur Gas\/Wasser.","og_url":"https:\/\/stadtwerkezeitung.info\/pvu\/2025\/11\/14\/ein-waschechter-reetzer-verstaerkt-die-pvu-als-netzmonteur-gas-wasser\/","og_site_name":"PVU aktuell","article_published_time":"2025-11-14T13:34:23+00:00","article_modified_time":"2025-11-14T13:35:25+00:00","og_image":[{"width":1153,"height":2560,"url":"https:\/\/stadtwerkezeitung.info\/pvu\/wp-content\/uploads\/sites\/3\/2025\/11\/202bild1-scaled.jpg","type":"image\/jpeg"}],"author":"admin","twitter_card":"summary_large_image","twitter_misc":{"Written by":"admin","Est. reading time":"2 minutes"},"schema":{"@context":"https:\/\/schema.org","@graph":[{"@type":"Article","@id":"https:\/\/stadtwerkezeitung.info\/pvu\/2025\/11\/14\/ein-waschechter-reetzer-verstaerkt-die-pvu-als-netzmonteur-gas-wasser\/#article","isPartOf":{"@id":"https:\/\/stadtwerkezeitung.info\/pvu\/2025\/11\/14\/ein-waschechter-reetzer-verstaerkt-die-pvu-als-netzmonteur-gas-wasser\/"},"author":{"name":"admin","@id":"https:\/\/stadtwerkezeitung.info\/pvu\/#\/schema\/person\/acd409dca37d4bb8bf3a1284da7f1ee0"},"headline":"Ein waschechter Reetzer verst\u00e4rkt die PVU als Netzmonteur Gas\/Wasser","datePublished":"2025-11-14T13:34:23+00:00","dateModified":"2025-11-14T13:35:25+00:00","mainEntityOfPage":{"@id":"https:\/\/stadtwerkezeitung.info\/pvu\/2025\/11\/14\/ein-waschechter-reetzer-verstaerkt-die-pvu-als-netzmonteur-gas-wasser\/"},"wordCount":180,"commentCount":0,"publisher":{"@id":"https:\/\/stadtwerkezeitung.info\/pvu\/#organization"},"image":{"@id":"https:\/\/stadtwerkezeitung.info\/pvu\/2025\/11\/14\/ein-waschechter-reetzer-verstaerkt-die-pvu-als-netzmonteur-gas-wasser\/#primaryimage"},"thumbnailUrl":"https:\/\/stadtwerkezeitung.info\/pvu\/wp-content\/uploads\/sites\/3\/2025\/11\/202bild1-scaled.jpg","inLanguage":"en-US","potentialAction":[{"@type":"CommentAction","name":"Comment","target":["https:\/\/stadtwerkezeitung.info\/pvu\/2025\/11\/14\/ein-waschechter-reetzer-verstaerkt-die-pvu-als-netzmonteur-gas-wasser\/#respond"]}]},{"@type":"WebPage","@id":"https:\/\/stadtwerkezeitung.info\/pvu\/2025\/11\/14\/ein-waschechter-reetzer-verstaerkt-die-pvu-als-netzmonteur-gas-wasser\/","url":"https:\/\/stadtwerkezeitung.info\/pvu\/2025\/11\/14\/ein-waschechter-reetzer-verstaerkt-die-pvu-als-netzmonteur-gas-wasser\/","name":"Ein waschechter Reetzer verst\u00e4rkt die PVU als Netzmonteur Gas\/Wasser - PVU aktuell","isPartOf":{"@id":"https:\/\/stadtwerkezeitung.info\/pvu\/#website"},"primaryImageOfPage":{"@id":"https:\/\/stadtwerkezeitung.info\/pvu\/2025\/11\/14\/ein-waschechter-reetzer-verstaerkt-die-pvu-als-netzmonteur-gas-wasser\/#primaryimage"},"image":{"@id":"https:\/\/stadtwerkezeitung.info\/pvu\/2025\/11\/14\/ein-waschechter-reetzer-verstaerkt-die-pvu-als-netzmonteur-gas-wasser\/#primaryimage"},"thumbnailUrl":"https:\/\/stadtwerkezeitung.info\/pvu\/wp-content\/uploads\/sites\/3\/2025\/11\/202bild1-scaled.jpg","datePublished":"2025-11-14T13:34:23+00:00","dateModified":"2025-11-14T13:35:25+00:00","description":"Seit dem 1.\u2009August ist Christoph M\u00fcller Teil der PVU-Familie und arbeitet bei uns als Netzmonteur Gas\/Wasser.","breadcrumb":{"@id":"https:\/\/stadtwerkezeitung.info\/pvu\/2025\/11\/14\/ein-waschechter-reetzer-verstaerkt-die-pvu-als-netzmonteur-gas-wasser\/#breadcrumb"},"inLanguage":"en-US","potentialAction":[{"@type":"ReadAction","target":["https:\/\/stadtwerkezeitung.info\/pvu\/2025\/11\/14\/ein-waschechter-reetzer-verstaerkt-die-pvu-als-netzmonteur-gas-wasser\/"]}]},{"@type":"ImageObject","inLanguage":"en-US","@id":"https:\/\/stadtwerkezeitung.info\/pvu\/2025\/11\/14\/ein-waschechter-reetzer-verstaerkt-die-pvu-als-netzmonteur-gas-wasser\/#primaryimage","url":"https:\/\/stadtwerkezeitung.info\/pvu\/wp-content\/uploads\/sites\/3\/2025\/11\/202bild1-scaled.jpg","contentUrl":"https:\/\/stadtwerkezeitung.info\/pvu\/wp-content\/uploads\/sites\/3\/2025\/11\/202bild1-scaled.jpg","width":1153,"height":2560},{"@type":"BreadcrumbList","@id":"https:\/\/stadtwerkezeitung.info\/pvu\/2025\/11\/14\/ein-waschechter-reetzer-verstaerkt-die-pvu-als-netzmonteur-gas-wasser\/#breadcrumb","itemListElement":[{"@type":"ListItem","position":1,"name":"Home","item":"https:\/\/stadtwerkezeitung.info\/pvu\/"},{"@type":"ListItem","position":2,"name":"Ein waschechter Reetzer verst\u00e4rkt die PVU als Netzmonteur Gas\/Wasser"}]},{"@type":"WebSite","@id":"https:\/\/stadtwerkezeitung.info\/pvu\/#website","url":"https:\/\/stadtwerkezeitung.info\/pvu\/","name":"PVU aktuell","description":"Ihre STADTWERKE ZEITUNG digital","publisher":{"@id":"https:\/\/stadtwerkezeitung.info\/pvu\/#organization"},"inLanguage":"en-US"},{"@type":"Organization","@id":"https:\/\/stadtwerkezeitung.info\/pvu\/#organization","name":"PVU aktuell","url":"https:\/\/stadtwerkezeitung.info\/pvu\/","logo":{"@type":"ImageObject","inLanguage":"en-US","@id":"https:\/\/stadtwerkezeitung.info\/pvu\/#\/schema\/logo\/image\/","url":"https:\/\/stadtwerkezeitung.info\/pvu\/wp-content\/uploads\/sites\/3\/2025\/01\/PVU_logo.png","contentUrl":"https:\/\/stadtwerkezeitung.info\/pvu\/wp-content\/uploads\/sites\/3\/2025\/01\/PVU_logo.png","width":1045,"height":472,"caption":"PVU aktuell"},"image":{"@id":"https:\/\/stadtwerkezeitung.info\/pvu\/#\/schema\/logo\/image\/"}},{"@type":"Person","@id":"https:\/\/stadtwerkezeitung.info\/pvu\/#\/schema\/person\/acd409dca37d4bb8bf3a1284da7f1ee0","name":"admin","image":{"@type":"ImageObject","inLanguage":"en-US","@id":"https:\/\/stadtwerkezeitung.info\/pvu\/#\/schema\/person\/image\/","url":"https:\/\/secure.gravatar.com\/avatar\/52dc0b3340c8087a51f52eaa20dc62cd4a6fe41f5bd886140989db7b572c00cd?s=96&d=mm&r=g","contentUrl":"https:\/\/secure.gravatar.com\/avatar\/52dc0b3340c8087a51f52eaa20dc62cd4a6fe41f5bd886140989db7b572c00cd?s=96&d=mm&r=g","caption":"admin"},"sameAs":["https:\/\/stadtwerkezeitung.info"]}]}},"_links":{"self":[{"href":"https:\/\/stadtwerkezeitung.info\/pvu\/wp-json\/wp\/v2\/posts\/214","targetHints":{"allow":["GET"]}}],"collection":[{"href":"https:\/\/stadtwerkezeitung.info\/pvu\/wp-json\/wp\/v2\/posts"}],"about":[{"href":"https:\/\/stadtwerkezeitung.info\/pvu\/wp-json\/wp\/v2\/types\/post"}],"author":[{"embeddable":true,"href":"https:\/\/stadtwerkezeitung.info\/pvu\/wp-json\/wp\/v2\/users\/1"}],"replies":[{"embeddable":true,"href":"https:\/\/stadtwerkezeitung.info\/pvu\/wp-json\/wp\/v2\/comments?post=214"}],"version-history":[{"count":2,"href":"https:\/\/stadtwerkezeitung.info\/pvu\/wp-json\/wp\/v2\/posts\/214\/revisions"}],"predecessor-version":[{"id":216,"href":"https:\/\/stadtwerkezeitung.info\/pvu\/wp-json\/wp\/v2\/posts\/214\/revisions\/216"}],"wp:featuredmedia":[{"embeddable":true,"href":"https:\/\/stadtwerkezeitung.info\/pvu\/wp-json\/wp\/v2\/media\/209"}],"wp:attachment":[{"href":"https:\/\/stadtwerkezeitung.info\/pvu\/wp-json\/wp\/v2\/media?parent=214"}],"wp:term":[{"taxonomy":"category","embeddable":true,"href":"https:\/\/stadtwerkezeitung.info\/pvu\/wp-json\/wp\/v2\/categories?post=214"},{"taxonomy":"post_tag","embeddable":true,"href":"https:\/\/stadtwerkezeitung.info\/pvu\/wp-json\/wp\/v2\/tags?post=214"}],"curies":[{"name":"wp","href":"https:\/\/api.w.org\/{rel}","templated":true}]}}