{"id":218,"date":"2025-11-14T13:37:41","date_gmt":"2025-11-14T13:37:41","guid":{"rendered":"https:\/\/stadtwerkezeitung.info\/pvu\/?p=218"},"modified":"2025-11-14T13:42:03","modified_gmt":"2025-11-14T13:42:03","slug":"woher-kommt-das-bild-auf-dem-pvu-flyer","status":"publish","type":"post","link":"https:\/\/stadtwerkezeitung.info\/pvu\/2025\/11\/14\/woher-kommt-das-bild-auf-dem-pvu-flyer\/","title":{"rendered":"Woher kommt das Bild auf dem PVU-Flyer?"},"content":{"rendered":"<h2>Kurz erkl\u00e4rt<\/h2>\n<h1>Woher kommt das Bild auf dem PVU-Flyer?<\/h1>\n<h2>Wer den neuen PVU-Flyer zur Hand genommen hat, dem ist sicher das eindrucksvolle Titelbild aufgefallen. Doch woher stammt dieses stimmungsvolle Foto eigentlich?<\/h2>\n<p><img decoding=\"async\" src=\"\/pvu\/wp-content\/uploads\/sites\/3\/2025\/11\/203bild1.jpg\" alt=\"\"><\/p>\n<div>\n<p><em>Ein vertrauter Blick auf Perleberg \u2013 festgehalten von Dieter Zaplow \u2013 einem regionalen Fotografen.<\/p>\n<p>\n<small>Foto: Dieter Zaplow<\/small><\/em><\/p>\n<\/div>\n<div>Das Bild zeigt den Marktplatz von Perleberg \u2013 mit dem Roland, dem historischen Rathaus und der Stadtkirche im Hintergrund. Eine Szene, die viele B\u00fcrgerinnen und B\u00fcrger sofort wiedererkennen. Das Foto stammt vom regionalen Fotografen Dieter Zaplow, der der PVU freundlicherweise die Nutzungsrechte f\u00fcr das Bildmaterial zur Verf\u00fcgung gestellt hat. Mit der Auswahl dieses Motivs m\u00f6chten wir unsere enge Verbundenheit mit der Region und den Menschen zum Ausdruck bringen. Denn als lokaler Energieversorger liefern wir nicht nur Strom, Gas, Wasser und W\u00e4rme \u2013 wir f\u00fchlen uns auch als Teil dieser Stadt und ihrer Geschichte.<\/div>\n<p><!--more--><br \/>\n<!-- {\"type\":\"layout\",\"children\":[{\"type\":\"section\",\"props\":{\"image_position\":\"center-center\",\"padding_remove_top\":true,\"style\":\"default\",\"title_breakpoint\":\"xl\",\"title_position\":\"top-left\",\"title_rotation\":\"left\",\"vertical_align\":\"\",\"width\":\"small\"},\"children\":[{\"type\":\"row\",\"children\":[{\"type\":\"column\",\"props\":{\"image_position\":\"center-center\",\"position_sticky_breakpoint\":\"m\"},\"children\":[{\"type\":\"headline\",\"props\":{\"content\":\"Kurz erkl\\u00e4rt\",\"margin\":\"small\",\"margin_remove_bottom\":false,\"margin_remove_top\":false,\"title_element\":\"h2\",\"title_style\":\"h5\"}},{\"type\":\"headline\",\"props\":{\"content\":\"Woher kommt das Bild auf dem PVU-Flyer?\",\"margin\":\"small\",\"margin_remove_bottom\":false,\"margin_remove_top\":false,\"title_element\":\"h1\",\"title_style\":\"h2\"}},{\"type\":\"headline\",\"props\":{\"content\":\"Wer den neuen PVU-Flyer zur Hand genommen hat, dem ist sicher das eindrucksvolle Titelbild aufgefallen. Doch woher stammt dieses stimmungsvolle Foto eigentlich?\",\"margin\":\"small\",\"margin_remove_bottom\":false,\"margin_remove_top\":false,\"title_element\":\"h2\",\"title_style\":\"text-lead\"}},{\"type\":\"image\",\"props\":{\"image\":\"wp-content\\\/uploads\\\/sites\\\/3\\\/2025\\\/11\\\/203bild1.jpg\",\"image_svg_color\":\"emphasis\",\"margin\":\"default\"}},{\"type\":\"text\",\"props\":{\"column_breakpoint\":\"m\",\"content\":\"\n\n<p><em>Ein vertrauter Blick auf Perleberg \\u2013 festgehalten von Dieter Zaplow \\u2013 einem regionalen Fotografen.\\n\\n<br \/>\\n<small>Foto: Dieter Zaplow<\\\/small><\\\/em><\\\/p>\",\"margin\":\"default\"}},{\"type\":\"text\",\"props\":{\"column_breakpoint\":\"m\",\"content\":\"Das Bild zeigt den Marktplatz von Perleberg \\u2013 mit dem Roland, dem historischen Rathaus und der Stadtkirche im Hintergrund. Eine Szene, die viele B\\u00fcrgerinnen und B\\u00fcrger sofort wiedererkennen. Das Foto stammt vom regionalen Fotografen Dieter Zaplow, der der PVU freundlicherweise die Nutzungsrechte f\\u00fcr das Bildmaterial zur Verf\\u00fcgung gestellt hat. Mit der Auswahl dieses Motivs m\\u00f6chten wir unsere enge Verbundenheit mit der Region und den Menschen zum Ausdruck bringen. Denn als lokaler Energieversorger liefern wir nicht nur Strom, Gas, Wasser und W\\u00e4rme \\u2013 wir f\\u00fchlen uns auch als Teil dieser Stadt und ihrer Geschichte.\",\"margin\":\"default\"}}]}],\"props\":{\"divider\":true}}],\"name\":\"rohrweber\"}],\"version\":\"4.4.1\"} --><\/p>\n","protected":false},"excerpt":{"rendered":"<p>Kurz erkl\u00e4rt Woher kommt das Bild auf dem PVU-Flyer? Wer den neuen PVU-Flyer zur Hand genommen hat, dem ist sicher das eindrucksvolle Titelbild aufgefallen. Doch woher stammt dieses stimmungsvolle Foto eigentlich? Ein vertrauter Blick auf Perleberg \u2013 festgehalten von Dieter Zaplow \u2013 einem regionalen Fotografen. Foto: Dieter Zaplow Das Bild zeigt den Marktplatz von Perleberg [&hellip;]<\/p>\n","protected":false},"author":1,"featured_media":210,"comment_status":"open","ping_status":"open","sticky":false,"template":"","format":"standard","meta":{"footnotes":""},"categories":[1],"tags":[],"class_list":["post-218","post","type-post","status-publish","format-standard","has-post-thumbnail","hentry","category-uncategorized"],"yoast_head":"<!-- This site is optimized with the Yoast SEO plugin v26.9 - https:\/\/yoast.com\/product\/yoast-seo-wordpress\/ -->\n<title>Woher kommt das Bild auf dem PVU-Flyer? - PVU aktuell<\/title>\n<meta name=\"description\" content=\"Wer den neuen PVU-Flyer zur Hand genommen hat, dem ist sicher das eindrucksvolle Titelbild aufgefallen.\" \/>\n<meta name=\"robots\" content=\"index, follow, max-snippet:-1, max-image-preview:large, max-video-preview:-1\" \/>\n<link rel=\"canonical\" href=\"https:\/\/stadtwerkezeitung.info\/pvu\/2025\/11\/14\/woher-kommt-das-bild-auf-dem-pvu-flyer\/\" \/>\n<meta property=\"og:locale\" content=\"en_US\" \/>\n<meta property=\"og:type\" content=\"article\" \/>\n<meta property=\"og:title\" content=\"Woher kommt das Bild auf dem PVU-Flyer? - PVU aktuell\" \/>\n<meta property=\"og:description\" content=\"Wer den neuen PVU-Flyer zur Hand genommen hat, dem ist sicher das eindrucksvolle Titelbild aufgefallen.\" \/>\n<meta property=\"og:url\" content=\"https:\/\/stadtwerkezeitung.info\/pvu\/2025\/11\/14\/woher-kommt-das-bild-auf-dem-pvu-flyer\/\" \/>\n<meta property=\"og:site_name\" content=\"PVU aktuell\" \/>\n<meta property=\"article:published_time\" content=\"2025-11-14T13:37:41+00:00\" \/>\n<meta property=\"article:modified_time\" content=\"2025-11-14T13:42:03+00:00\" \/>\n<meta property=\"og:image\" content=\"https:\/\/stadtwerkezeitung.info\/pvu\/wp-content\/uploads\/sites\/3\/2025\/11\/203bild1-1024x922.jpg\" \/>\n\t<meta property=\"og:image:width\" content=\"1024\" \/>\n\t<meta property=\"og:image:height\" content=\"922\" \/>\n\t<meta property=\"og:image:type\" content=\"image\/jpeg\" \/>\n<meta name=\"author\" content=\"admin\" \/>\n<meta name=\"twitter:card\" content=\"summary_large_image\" \/>\n<meta name=\"twitter:label1\" content=\"Written by\" \/>\n\t<meta name=\"twitter:data1\" content=\"admin\" \/>\n\t<meta name=\"twitter:label2\" content=\"Est. reading time\" \/>\n\t<meta name=\"twitter:data2\" content=\"2 minutes\" \/>\n<script type=\"application\/ld+json\" class=\"yoast-schema-graph\">{\"@context\":\"https:\/\/schema.org\",\"@graph\":[{\"@type\":\"Article\",\"@id\":\"https:\/\/stadtwerkezeitung.info\/pvu\/2025\/11\/14\/woher-kommt-das-bild-auf-dem-pvu-flyer\/#article\",\"isPartOf\":{\"@id\":\"https:\/\/stadtwerkezeitung.info\/pvu\/2025\/11\/14\/woher-kommt-das-bild-auf-dem-pvu-flyer\/\"},\"author\":{\"name\":\"admin\",\"@id\":\"https:\/\/stadtwerkezeitung.info\/pvu\/#\/schema\/person\/acd409dca37d4bb8bf3a1284da7f1ee0\"},\"headline\":\"Woher kommt das Bild auf dem PVU-Flyer?\",\"datePublished\":\"2025-11-14T13:37:41+00:00\",\"dateModified\":\"2025-11-14T13:42:03+00:00\",\"mainEntityOfPage\":{\"@id\":\"https:\/\/stadtwerkezeitung.info\/pvu\/2025\/11\/14\/woher-kommt-das-bild-auf-dem-pvu-flyer\/\"},\"wordCount\":152,\"commentCount\":0,\"publisher\":{\"@id\":\"https:\/\/stadtwerkezeitung.info\/pvu\/#organization\"},\"image\":{\"@id\":\"https:\/\/stadtwerkezeitung.info\/pvu\/2025\/11\/14\/woher-kommt-das-bild-auf-dem-pvu-flyer\/#primaryimage\"},\"thumbnailUrl\":\"https:\/\/stadtwerkezeitung.info\/pvu\/wp-content\/uploads\/sites\/3\/2025\/11\/203bild1.jpg\",\"inLanguage\":\"en-US\",\"potentialAction\":[{\"@type\":\"CommentAction\",\"name\":\"Comment\",\"target\":[\"https:\/\/stadtwerkezeitung.info\/pvu\/2025\/11\/14\/woher-kommt-das-bild-auf-dem-pvu-flyer\/#respond\"]}]},{\"@type\":\"WebPage\",\"@id\":\"https:\/\/stadtwerkezeitung.info\/pvu\/2025\/11\/14\/woher-kommt-das-bild-auf-dem-pvu-flyer\/\",\"url\":\"https:\/\/stadtwerkezeitung.info\/pvu\/2025\/11\/14\/woher-kommt-das-bild-auf-dem-pvu-flyer\/\",\"name\":\"Woher kommt das Bild auf dem PVU-Flyer? - PVU aktuell\",\"isPartOf\":{\"@id\":\"https:\/\/stadtwerkezeitung.info\/pvu\/#website\"},\"primaryImageOfPage\":{\"@id\":\"https:\/\/stadtwerkezeitung.info\/pvu\/2025\/11\/14\/woher-kommt-das-bild-auf-dem-pvu-flyer\/#primaryimage\"},\"image\":{\"@id\":\"https:\/\/stadtwerkezeitung.info\/pvu\/2025\/11\/14\/woher-kommt-das-bild-auf-dem-pvu-flyer\/#primaryimage\"},\"thumbnailUrl\":\"https:\/\/stadtwerkezeitung.info\/pvu\/wp-content\/uploads\/sites\/3\/2025\/11\/203bild1.jpg\",\"datePublished\":\"2025-11-14T13:37:41+00:00\",\"dateModified\":\"2025-11-14T13:42:03+00:00\",\"description\":\"Wer den neuen PVU-Flyer zur Hand genommen hat, dem ist sicher das eindrucksvolle Titelbild aufgefallen.\",\"breadcrumb\":{\"@id\":\"https:\/\/stadtwerkezeitung.info\/pvu\/2025\/11\/14\/woher-kommt-das-bild-auf-dem-pvu-flyer\/#breadcrumb\"},\"inLanguage\":\"en-US\",\"potentialAction\":[{\"@type\":\"ReadAction\",\"target\":[\"https:\/\/stadtwerkezeitung.info\/pvu\/2025\/11\/14\/woher-kommt-das-bild-auf-dem-pvu-flyer\/\"]}]},{\"@type\":\"ImageObject\",\"inLanguage\":\"en-US\",\"@id\":\"https:\/\/stadtwerkezeitung.info\/pvu\/2025\/11\/14\/woher-kommt-das-bild-auf-dem-pvu-flyer\/#primaryimage\",\"url\":\"https:\/\/stadtwerkezeitung.info\/pvu\/wp-content\/uploads\/sites\/3\/2025\/11\/203bild1.jpg\",\"contentUrl\":\"https:\/\/stadtwerkezeitung.info\/pvu\/wp-content\/uploads\/sites\/3\/2025\/11\/203bild1.jpg\",\"width\":1920,\"height\":1728},{\"@type\":\"BreadcrumbList\",\"@id\":\"https:\/\/stadtwerkezeitung.info\/pvu\/2025\/11\/14\/woher-kommt-das-bild-auf-dem-pvu-flyer\/#breadcrumb\",\"itemListElement\":[{\"@type\":\"ListItem\",\"position\":1,\"name\":\"Home\",\"item\":\"https:\/\/stadtwerkezeitung.info\/pvu\/\"},{\"@type\":\"ListItem\",\"position\":2,\"name\":\"Woher kommt das Bild auf dem PVU-Flyer?\"}]},{\"@type\":\"WebSite\",\"@id\":\"https:\/\/stadtwerkezeitung.info\/pvu\/#website\",\"url\":\"https:\/\/stadtwerkezeitung.info\/pvu\/\",\"name\":\"PVU aktuell\",\"description\":\"Ihre STADTWERKE ZEITUNG digital\",\"publisher\":{\"@id\":\"https:\/\/stadtwerkezeitung.info\/pvu\/#organization\"},\"inLanguage\":\"en-US\"},{\"@type\":\"Organization\",\"@id\":\"https:\/\/stadtwerkezeitung.info\/pvu\/#organization\",\"name\":\"PVU aktuell\",\"url\":\"https:\/\/stadtwerkezeitung.info\/pvu\/\",\"logo\":{\"@type\":\"ImageObject\",\"inLanguage\":\"en-US\",\"@id\":\"https:\/\/stadtwerkezeitung.info\/pvu\/#\/schema\/logo\/image\/\",\"url\":\"https:\/\/stadtwerkezeitung.info\/pvu\/wp-content\/uploads\/sites\/3\/2025\/01\/PVU_logo.png\",\"contentUrl\":\"https:\/\/stadtwerkezeitung.info\/pvu\/wp-content\/uploads\/sites\/3\/2025\/01\/PVU_logo.png\",\"width\":1045,\"height\":472,\"caption\":\"PVU aktuell\"},\"image\":{\"@id\":\"https:\/\/stadtwerkezeitung.info\/pvu\/#\/schema\/logo\/image\/\"}},{\"@type\":\"Person\",\"@id\":\"https:\/\/stadtwerkezeitung.info\/pvu\/#\/schema\/person\/acd409dca37d4bb8bf3a1284da7f1ee0\",\"name\":\"admin\",\"image\":{\"@type\":\"ImageObject\",\"inLanguage\":\"en-US\",\"@id\":\"https:\/\/stadtwerkezeitung.info\/pvu\/#\/schema\/person\/image\/\",\"url\":\"https:\/\/secure.gravatar.com\/avatar\/52dc0b3340c8087a51f52eaa20dc62cd4a6fe41f5bd886140989db7b572c00cd?s=96&d=mm&r=g\",\"contentUrl\":\"https:\/\/secure.gravatar.com\/avatar\/52dc0b3340c8087a51f52eaa20dc62cd4a6fe41f5bd886140989db7b572c00cd?s=96&d=mm&r=g\",\"caption\":\"admin\"},\"sameAs\":[\"https:\/\/stadtwerkezeitung.info\"]}]}<\/script>\n<!-- \/ Yoast SEO plugin. -->","yoast_head_json":{"title":"Woher kommt das Bild auf dem PVU-Flyer? - PVU aktuell","description":"Wer den neuen PVU-Flyer zur Hand genommen hat, dem ist sicher das eindrucksvolle Titelbild aufgefallen.","robots":{"index":"index","follow":"follow","max-snippet":"max-snippet:-1","max-image-preview":"max-image-preview:large","max-video-preview":"max-video-preview:-1"},"canonical":"https:\/\/stadtwerkezeitung.info\/pvu\/2025\/11\/14\/woher-kommt-das-bild-auf-dem-pvu-flyer\/","og_locale":"en_US","og_type":"article","og_title":"Woher kommt das Bild auf dem PVU-Flyer? - PVU aktuell","og_description":"Wer den neuen PVU-Flyer zur Hand genommen hat, dem ist sicher das eindrucksvolle Titelbild aufgefallen.","og_url":"https:\/\/stadtwerkezeitung.info\/pvu\/2025\/11\/14\/woher-kommt-das-bild-auf-dem-pvu-flyer\/","og_site_name":"PVU aktuell","article_published_time":"2025-11-14T13:37:41+00:00","article_modified_time":"2025-11-14T13:42:03+00:00","og_image":[{"width":1024,"height":922,"url":"https:\/\/stadtwerkezeitung.info\/pvu\/wp-content\/uploads\/sites\/3\/2025\/11\/203bild1-1024x922.jpg","type":"image\/jpeg"}],"author":"admin","twitter_card":"summary_large_image","twitter_misc":{"Written by":"admin","Est. reading time":"2 minutes"},"schema":{"@context":"https:\/\/schema.org","@graph":[{"@type":"Article","@id":"https:\/\/stadtwerkezeitung.info\/pvu\/2025\/11\/14\/woher-kommt-das-bild-auf-dem-pvu-flyer\/#article","isPartOf":{"@id":"https:\/\/stadtwerkezeitung.info\/pvu\/2025\/11\/14\/woher-kommt-das-bild-auf-dem-pvu-flyer\/"},"author":{"name":"admin","@id":"https:\/\/stadtwerkezeitung.info\/pvu\/#\/schema\/person\/acd409dca37d4bb8bf3a1284da7f1ee0"},"headline":"Woher kommt das Bild auf dem PVU-Flyer?","datePublished":"2025-11-14T13:37:41+00:00","dateModified":"2025-11-14T13:42:03+00:00","mainEntityOfPage":{"@id":"https:\/\/stadtwerkezeitung.info\/pvu\/2025\/11\/14\/woher-kommt-das-bild-auf-dem-pvu-flyer\/"},"wordCount":152,"commentCount":0,"publisher":{"@id":"https:\/\/stadtwerkezeitung.info\/pvu\/#organization"},"image":{"@id":"https:\/\/stadtwerkezeitung.info\/pvu\/2025\/11\/14\/woher-kommt-das-bild-auf-dem-pvu-flyer\/#primaryimage"},"thumbnailUrl":"https:\/\/stadtwerkezeitung.info\/pvu\/wp-content\/uploads\/sites\/3\/2025\/11\/203bild1.jpg","inLanguage":"en-US","potentialAction":[{"@type":"CommentAction","name":"Comment","target":["https:\/\/stadtwerkezeitung.info\/pvu\/2025\/11\/14\/woher-kommt-das-bild-auf-dem-pvu-flyer\/#respond"]}]},{"@type":"WebPage","@id":"https:\/\/stadtwerkezeitung.info\/pvu\/2025\/11\/14\/woher-kommt-das-bild-auf-dem-pvu-flyer\/","url":"https:\/\/stadtwerkezeitung.info\/pvu\/2025\/11\/14\/woher-kommt-das-bild-auf-dem-pvu-flyer\/","name":"Woher kommt das Bild auf dem PVU-Flyer? - PVU aktuell","isPartOf":{"@id":"https:\/\/stadtwerkezeitung.info\/pvu\/#website"},"primaryImageOfPage":{"@id":"https:\/\/stadtwerkezeitung.info\/pvu\/2025\/11\/14\/woher-kommt-das-bild-auf-dem-pvu-flyer\/#primaryimage"},"image":{"@id":"https:\/\/stadtwerkezeitung.info\/pvu\/2025\/11\/14\/woher-kommt-das-bild-auf-dem-pvu-flyer\/#primaryimage"},"thumbnailUrl":"https:\/\/stadtwerkezeitung.info\/pvu\/wp-content\/uploads\/sites\/3\/2025\/11\/203bild1.jpg","datePublished":"2025-11-14T13:37:41+00:00","dateModified":"2025-11-14T13:42:03+00:00","description":"Wer den neuen PVU-Flyer zur Hand genommen hat, dem ist sicher das eindrucksvolle Titelbild aufgefallen.","breadcrumb":{"@id":"https:\/\/stadtwerkezeitung.info\/pvu\/2025\/11\/14\/woher-kommt-das-bild-auf-dem-pvu-flyer\/#breadcrumb"},"inLanguage":"en-US","potentialAction":[{"@type":"ReadAction","target":["https:\/\/stadtwerkezeitung.info\/pvu\/2025\/11\/14\/woher-kommt-das-bild-auf-dem-pvu-flyer\/"]}]},{"@type":"ImageObject","inLanguage":"en-US","@id":"https:\/\/stadtwerkezeitung.info\/pvu\/2025\/11\/14\/woher-kommt-das-bild-auf-dem-pvu-flyer\/#primaryimage","url":"https:\/\/stadtwerkezeitung.info\/pvu\/wp-content\/uploads\/sites\/3\/2025\/11\/203bild1.jpg","contentUrl":"https:\/\/stadtwerkezeitung.info\/pvu\/wp-content\/uploads\/sites\/3\/2025\/11\/203bild1.jpg","width":1920,"height":1728},{"@type":"BreadcrumbList","@id":"https:\/\/stadtwerkezeitung.info\/pvu\/2025\/11\/14\/woher-kommt-das-bild-auf-dem-pvu-flyer\/#breadcrumb","itemListElement":[{"@type":"ListItem","position":1,"name":"Home","item":"https:\/\/stadtwerkezeitung.info\/pvu\/"},{"@type":"ListItem","position":2,"name":"Woher kommt das Bild auf dem PVU-Flyer?"}]},{"@type":"WebSite","@id":"https:\/\/stadtwerkezeitung.info\/pvu\/#website","url":"https:\/\/stadtwerkezeitung.info\/pvu\/","name":"PVU aktuell","description":"Ihre STADTWERKE ZEITUNG digital","publisher":{"@id":"https:\/\/stadtwerkezeitung.info\/pvu\/#organization"},"inLanguage":"en-US"},{"@type":"Organization","@id":"https:\/\/stadtwerkezeitung.info\/pvu\/#organization","name":"PVU aktuell","url":"https:\/\/stadtwerkezeitung.info\/pvu\/","logo":{"@type":"ImageObject","inLanguage":"en-US","@id":"https:\/\/stadtwerkezeitung.info\/pvu\/#\/schema\/logo\/image\/","url":"https:\/\/stadtwerkezeitung.info\/pvu\/wp-content\/uploads\/sites\/3\/2025\/01\/PVU_logo.png","contentUrl":"https:\/\/stadtwerkezeitung.info\/pvu\/wp-content\/uploads\/sites\/3\/2025\/01\/PVU_logo.png","width":1045,"height":472,"caption":"PVU aktuell"},"image":{"@id":"https:\/\/stadtwerkezeitung.info\/pvu\/#\/schema\/logo\/image\/"}},{"@type":"Person","@id":"https:\/\/stadtwerkezeitung.info\/pvu\/#\/schema\/person\/acd409dca37d4bb8bf3a1284da7f1ee0","name":"admin","image":{"@type":"ImageObject","inLanguage":"en-US","@id":"https:\/\/stadtwerkezeitung.info\/pvu\/#\/schema\/person\/image\/","url":"https:\/\/secure.gravatar.com\/avatar\/52dc0b3340c8087a51f52eaa20dc62cd4a6fe41f5bd886140989db7b572c00cd?s=96&d=mm&r=g","contentUrl":"https:\/\/secure.gravatar.com\/avatar\/52dc0b3340c8087a51f52eaa20dc62cd4a6fe41f5bd886140989db7b572c00cd?s=96&d=mm&r=g","caption":"admin"},"sameAs":["https:\/\/stadtwerkezeitung.info"]}]}},"_links":{"self":[{"href":"https:\/\/stadtwerkezeitung.info\/pvu\/wp-json\/wp\/v2\/posts\/218","targetHints":{"allow":["GET"]}}],"collection":[{"href":"https:\/\/stadtwerkezeitung.info\/pvu\/wp-json\/wp\/v2\/posts"}],"about":[{"href":"https:\/\/stadtwerkezeitung.info\/pvu\/wp-json\/wp\/v2\/types\/post"}],"author":[{"embeddable":true,"href":"https:\/\/stadtwerkezeitung.info\/pvu\/wp-json\/wp\/v2\/users\/1"}],"replies":[{"embeddable":true,"href":"https:\/\/stadtwerkezeitung.info\/pvu\/wp-json\/wp\/v2\/comments?post=218"}],"version-history":[{"count":4,"href":"https:\/\/stadtwerkezeitung.info\/pvu\/wp-json\/wp\/v2\/posts\/218\/revisions"}],"predecessor-version":[{"id":229,"href":"https:\/\/stadtwerkezeitung.info\/pvu\/wp-json\/wp\/v2\/posts\/218\/revisions\/229"}],"wp:featuredmedia":[{"embeddable":true,"href":"https:\/\/stadtwerkezeitung.info\/pvu\/wp-json\/wp\/v2\/media\/210"}],"wp:attachment":[{"href":"https:\/\/stadtwerkezeitung.info\/pvu\/wp-json\/wp\/v2\/media?parent=218"}],"wp:term":[{"taxonomy":"category","embeddable":true,"href":"https:\/\/stadtwerkezeitung.info\/pvu\/wp-json\/wp\/v2\/categories?post=218"},{"taxonomy":"post_tag","embeddable":true,"href":"https:\/\/stadtwerkezeitung.info\/pvu\/wp-json\/wp\/v2\/tags?post=218"}],"curies":[{"name":"wp","href":"https:\/\/api.w.org\/{rel}","templated":true}]}}