{"id":235,"date":"2025-11-14T13:45:56","date_gmt":"2025-11-14T13:45:56","guid":{"rendered":"https:\/\/stadtwerkezeitung.info\/pvu\/?p=235"},"modified":"2025-11-14T13:46:34","modified_gmt":"2025-11-14T13:46:34","slug":"die-lausitz-im-rampenlicht-europas-erstes-net-zero-valley","status":"publish","type":"post","link":"https:\/\/stadtwerkezeitung.info\/pvu\/2025\/11\/14\/die-lausitz-im-rampenlicht-europas-erstes-net-zero-valley\/","title":{"rendered":"Die Lausitz im Rampenlicht \u2013 Europas erstes Net Zero Valley"},"content":{"rendered":"<h2>Unterwegs in Brandenburg<\/h2>\n<h1>Die Lausitz im Rampenlicht \u2013 Europas erstes Net Zero Valley<\/h1>\n<h2>Die Spannung steigt: Noch im Dezember, wird die Ausweisung der Lausitz \u2013 dem ehemaligen Braunkohlerevier in Brandenburg und Sachsen \u2013 als Europas erstes \u201eNet Zero Valley\u201c erwartet. Dahinter verbirgt sich nichts Geringeres als eine Modellregion f\u00fcr Produktionsst\u00e4tten klimafreundlicher und nachhaltiger Technologien. Gelingt der Lausitz der Wandel von der Braunkohleregion zum Hotspot \u201egr\u00fcner Industrie\u201c und damit auch der Strukturwandel? Das interessiert l\u00e4ngst auch andere Regionen, nicht nur in Deutschland. Viele schauen gebannt auf die Lausitz. Aber was verbirgt sich eigentlich genau hinter diesem \u201eNetto Null Tal Lausitz\u201c? Dar\u00fcber sprachen wir mit Dr. Maria Marquardt, Projektkoordinatorin der Stadt Cottbus.<\/h2>\n<p><img decoding=\"async\" src=\"\/pvu\/wp-content\/uploads\/sites\/5\/2025\/11\/211bild1.png\" alt=\"\"><\/p>\n<div>\n<p><em>Das Ziel vom Net Zero Valley: politische, b\u00fcrokratische und regulatorische H\u00fcrden reduzieren und Ansiedelung von Firmen, die Technologien f\u00fcr Netto-Null-Produktion herstellen.<\/p>\n<p><small> Foto: Net Zero Valley Lausitz <br \/><\/small><\/em><\/p>\n<\/div>\n<p><img decoding=\"async\" src=\"\/pvu\/wp-content\/uploads\/sites\/5\/2025\/11\/211bild2.jpg\" alt=\"\"><\/p>\n<div>\n<p><em>Dr. Maria Marquardt, Projektkoordinatorin der Stadt Cottbus. <br \/><small> Foto: Kristin Suckau <br \/><\/small><\/em><\/p>\n<\/div>\n<div>\n<p><em><strong>Frau Dr. Marquardt, was genau passiert, wenn die Zusage f\u00fcr das Net Zero Valley kommt?<\/strong><\/em><\/p>\n<p>Sobald die Ausweisung offiziell erfolgt, bekommen wir zun\u00e4chst den offiziellen \u201eStempel\u201c als Europas erstes Net Zero Valley. Das bedeutet, dass Unternehmen, die hier klimaneutrale Technologien produzieren, bevorzugt behandelt werden. Daf\u00fcr bekommen wir in Brandenburg und Sachsen je einen Single Point of Contact, also eine Anlaufstelle, benannt. Das erleichtert den Firmen die Ansiedlung erheblich, weil sie einen einzigen Ansprechpartner f\u00fcr alle erforderlichen Genehmigungen erhalten. Weiterhin gilt bei Abw\u00e4gungsentscheidungen das \u00fcbergeordnete \u00f6ffentliche Interesse und solche Antr\u00e4ge m\u00fcssen priorit\u00e4r und nicht chronologisch bearbeitet werden. Aber wir sind auch dabei, noch deutlich mehr Vorteile eines Net Zero Valleys mit den L\u00e4ndern, dem Bund und auch der EU zu besprechen, die dann zu einem sp\u00e4teren Zeitpunkt erst Gesetzeslage werden. Gleichzeitig ist es ein Signal: Die Region ist bereit f\u00fcr den Wandel. Nat\u00fcrlich hei\u00dft das nicht, dass sofort Gro\u00dfinvestoren aus aller Welt anr\u00fccken, aber die strukturellen Voraussetzungen, die wir geschaffen haben, machen die Lausitz attraktiv und bereiten den Boden f\u00fcr zuk\u00fcnftige Investitionen.<\/p>\n<\/div>\n<div>\n<p><em><strong>Was ist genau ein Net Zero Valley?<\/strong><\/em><\/p>\n<p>Das Net Zero Valley ist kein Ort, an dem Strom erzeugt wird, sondern ein geographischer Raum, in dem Unternehmen Technologien entwickeln und herstellen, die f\u00fcr eine klimaneutrale Wirtschaft wichtig sind. Das Ziel ist, die Produktion dieser Technologien in der Lausitz attraktiv zu gestalten, b\u00fcrokratische H\u00fcrden zu verringern und den Unternehmen schnellere Verfahren anzubieten. So entsteht ein Hotspot f\u00fcr nachhaltige Industrie, von dem nicht nur die Unternehmen profitieren, sondern auch die gesamte Region \u2013 durch Arbeitspl\u00e4tze, Forschung und wirtschaftliche Impulse. Wir wollen mit diesen attraktiven Standortbedingungen in Net Zero Valleys erreichen, dass diese Produktionsst\u00e4tten, in die pro Jahr weltweit hunderte von Milliarden Euros investiert werden, (auch) in der Lausitz entstehen \u2013 und nicht wie derzeit vorwiegend in Asien und Nordamerika.<\/p>\n<p><em><strong>K\u00f6nnen Sie ein Beispiel f\u00fcr ein beschleunigtes Verfahren nennen?<\/strong><\/em><\/p>\n<p>Die Verfahren unterscheiden sich je nach Projekt, aber das Prinzip ist es immer dasselbe: alles geht schneller und effizienter. Normalerweise dauern Genehmigungen f\u00fcr Industrieprojekte zwei bis f\u00fcnf Jahre. Mit dem Net Zero Valley wollen wir diese Zeit deutlich verk\u00fcrzen. Das kann zum Beispiel bedeuten, dass F\u00f6rdermittel vorab ausgezahlt werden, bevor ein Antrag offiziell bewilligt ist, oder dass Ausgleichsfl\u00e4chen f\u00fcr Bauma\u00dfnahmen flexibler gestaltet k\u00f6nnen \u2013 bis zu zehn Jahre sp\u00e4ter und in einem weiten Umkreis. Au\u00dferdem wollen wir Reallabore schaffen, sogenannte \u201eregulatory Sandboxes\u201c, in denen Unternehmen neue Technologien erproben k\u00f6nnen, ohne dass sofort alle bestehenden Regeln greifen. So k\u00f6nnen Innovationen schneller getestet und in die Praxis gebracht werden.<\/p>\n<\/div>\n<p><img decoding=\"async\" src=\"\/pvu\/wp-content\/uploads\/sites\/5\/2025\/11\/211bild3.png\" alt=\"\"><\/p>\n<div>\n<p><em><strong>Welche Technologien stehen besonders im Fokus?<\/strong><\/em><\/p>\n<p>Nach einem umfangreichen Stakeholder-Prozess haben wir uns auf vier Hauptbereiche konzentriert: Batterie- und Energiespeichertechnologien, Stromtechnologien, Wasserstofftechnologien und Power-to-X. Davon profitieren die Unternehmen, die diese Technologien herstellen, direkt von den erleichterten Verfahren und F\u00f6rderungen. Genauso profitieren aber auch von Anfang an Zulieferer und kleinere Firmen, die in der Wertsch\u00f6pfungskette beteiligt sind. So entsteht ein Netzwerk, das die gesamte Region st\u00e4rkt und die Lausitz zu einem echten Innovationszentrum f\u00fcr Produktionsst\u00e4tten klimaneutraler Technologien macht.<\/p>\n<p><em><strong>Wie gro\u00df ist das Interesse anderer Regionen an diesem Projekt?<\/strong><\/em><\/p>\n<p>Sehr gro\u00df, sowohl national als auch international. Viele Besucher und Delegationen zeigen gro\u00dfes Interesse an dem Net Zero Valley. Die Delegation mit der weitesten Anreise kam dabei aus Australien. Wir sind in engem Austausch mit der GTAI (Germany Trade &amp; Invest) bei der internationalen Vermarktung des Valleys. Aber auch die EU bietet uns regelm\u00e4\u00dfige Plattformen. So waren wir zum Beispiel zum Beispiel bei den EU Industry Days in Polen und in Br\u00fcssel auf verschiedenen Veranstaltungen. Auch andere Regionen in Europa wollen lernen, welche Rahmenbedingungen f\u00fcr ein Valley n\u00f6tig sind, wie man z.B. Fl\u00e4chen und Technologien ausw\u00e4hlt und welche politischen Unterst\u00fctzungen sinnvoll sind. Dabei unterst\u00fctzen wir gerne. Wir fungieren als First Mover, also als Vorreiter \u2013 und zeigen, wie Strukturwandel und Klimaschutz Hand in Hand gehen k\u00f6nnen.<\/p>\n<p><em><strong>Und wie stellen Sie sich die Lausitz in ein oder zwei Jahren vor?<\/strong><\/em><\/p>\n<p>Ich hoffe, dass das Valley so attraktiv gestaltet wird, dass Unternehmen, die die ausgew\u00e4hlten Technologien produzieren, sich hier ansiedeln m\u00f6chten \u2013 und nicht im au\u00dfereurop\u00e4ischen Ausland. Dadurch profitieren nicht nur die Unternehmen selbst, sondern auch unsere Forschungseinrichtungen, Zulieferer und die Region insgesamt. Wir wollen, dass die Lausitz ein Paradebeispiel f\u00fcr zukunftsgerichtete, klimaneutrale Industrie wird \u2013 ein Ort, an dem Innovation und nachhaltige Produktion Zuhause sind. Ziel ist, dass wir bereits in kurzer Zeit erste Unternehmen erfolgreich ansiedeln und sich mittelfristig ein Industriecluster mit internationaler Strahlkraft herausbildet.<\/p>\n<h4>Vielen Dank f\u00fcr das Gespr\u00e4ch!<\/p>\n<\/h4>\n<\/div>\n<div>\n<p>        <img decoding=\"async\" src=\"\/pvu\/wp-content\/uploads\/sites\/5\/2025\/11\/211bild4-scaled.jpg\" alt=\"\"><\/p>\n<h3>Bewerbung zum Net Zero Valley<\/h3>\n<p><em>5. September 2024: Brandenburgs Ministerpr\u00e4sident Dr. Diemtar Woidke und der EU-Abgeordnete Dr. Christian Ehler bekommen beim Jahresempfang der IHK Cottbus von den Gesch\u00e4ftsf\u00fchrern der Kammern, Vertretern der Landkreise sowie der Kommunen Tafeln mit dem \u201eLausitzer Weg\u201c \u00fcberreicht.<br \/><small>Foto: Thomas Goethe<\/em><\/small><\/p>\n<div>\n<p>6. November 2024: Vertreter der Region Lausitz pr\u00e4sentierten auf dem \u201eLausitzforum 2038\u201c die Initiativbewerbung f\u00fcr ein Net Zero Valley (NZV) Lausitz und \u00fcbergaben diese an das Bundesministerium f\u00fcr Wirtschaft und Klimaschutz und die Bundesl\u00e4nder Sachsen und Brandenburg.<\/p>\n<p>18. M\u00e4rz 2025: Symbolische \u00dcbergabe des offiziellen Antrags in Br\u00fcssel. Dabei \u00fcberreichten Vertreter der Lausitz gemeinsam mit Staatssekret\u00e4ren aus Brandenburg und Sachsen den Antrag an EU-Kommissar St\u00e9phane S\u00e9journ\u00e9 \u2013 ein symbolischer Akt um die Unterst\u00fctzung des Antrags auf europ\u00e4ischer Ebene sichtbar zu machen.<\/p>\n<\/div>\n<\/div>\n<p><!--more--><br \/>\n<!-- {\"type\":\"layout\",\"children\":[{\"type\":\"section\",\"props\":{\"image_position\":\"center-center\",\"padding_remove_top\":true,\"style\":\"default\",\"title_breakpoint\":\"xl\",\"title_position\":\"top-left\",\"title_rotation\":\"left\",\"vertical_align\":\"\",\"width\":\"small\"},\"children\":[{\"type\":\"row\",\"children\":[{\"type\":\"column\",\"props\":{\"image_position\":\"center-center\",\"position_sticky_breakpoint\":\"m\"},\"children\":[{\"type\":\"headline\",\"props\":{\"content\":\"Unterwegs in Brandenburg\",\"margin\":\"small\",\"margin_remove_bottom\":false,\"margin_remove_top\":false,\"title_element\":\"h2\",\"title_style\":\"h6\"}},{\"type\":\"headline\",\"props\":{\"content\":\"Die Lausitz im Rampenlicht \\u2013 Europas erstes Net Zero Valley\",\"margin\":\"small\",\"margin_remove_bottom\":false,\"margin_remove_top\":false,\"title_element\":\"h1\",\"title_style\":\"h2\"}},{\"type\":\"headline\",\"props\":{\"content\":\"Die Spannung steigt: Noch im Dezember, wird die Ausweisung der Lausitz \\u2013 dem ehemaligen Braunkohlerevier in Brandenburg und Sachsen \\u2013 als Europas erstes \\u201eNet Zero Valley\\u201c erwartet. Dahinter verbirgt sich nichts Geringeres als eine Modellregion f\\u00fcr Produktionsst\\u00e4tten klimafreundlicher und nachhaltiger Technologien. Gelingt der Lausitz der Wandel von der Braunkohleregion zum Hotspot \\u201egr\\u00fcner Industrie\\u201c und damit auch der Strukturwandel? Das interessiert l\\u00e4ngst auch andere Regionen, nicht nur in Deutschland. Viele schauen gebannt auf die Lausitz. Aber was verbirgt sich eigentlich genau hinter diesem \\u201eNetto Null Tal Lausitz\\u201c? Dar\\u00fcber sprachen wir mit Dr. Maria Marquardt, Projektkoordinatorin der Stadt Cottbus.\",\"margin\":\"small\",\"margin_remove_top\":false,\"title_element\":\"h2\",\"title_style\":\"text-lead\"}},{\"type\":\"image\",\"props\":{\"image\":\"wp-content\\\/uploads\\\/sites\\\/5\\\/2025\\\/11\\\/211bild1.png\",\"image_svg_color\":\"emphasis\",\"margin\":\"default\"}},{\"type\":\"text\",\"props\":{\"column_breakpoint\":\"m\",\"content\":\"\n\n<p><em>Das Ziel vom Net Zero Valley: politische, b\\u00fcrokratische und regulatorische H\\u00fcrden reduzieren und Ansiedelung von Firmen, die Technologien f\\u00fcr Netto-Null-Produktion herstellen.\\n\\n\\n\\n    \\n    <br \\\/><small> Foto: Net Zero Valley Lausitz <br \\\/><\\\/small><\\\/em><\\\/p>\",\"margin\":\"default\"}}]}]},{\"type\":\"row\",\"props\":{\"divider\":true,\"layout\":\"1-2,1-2\"},\"children\":[{\"type\":\"column\",\"props\":{\"image_position\":\"center-center\",\"position_sticky_breakpoint\":\"m\",\"vertical_align\":\"middle\",\"width_medium\":\"1-2\"},\"children\":[{\"type\":\"image\",\"props\":{\"image\":\"wp-content\\\/uploads\\\/sites\\\/5\\\/2025\\\/11\\\/211bild2.jpg\",\"image_svg_color\":\"emphasis\",\"margin\":\"default\"}},{\"type\":\"text\",\"props\":{\"column_breakpoint\":\"m\",\"content\":\"\n\n<p><em>Dr. Maria Marquardt, Projektkoordinatorin der Stadt Cottbus. <br \\\/><small> Foto: Kristin Suckau <br \\\/><\\\/small><\\\/em><\\\/p>\",\"margin\":\"default\"}}]},{\"type\":\"column\",\"props\":{\"image_position\":\"center-center\",\"position_sticky_breakpoint\":\"m\",\"width_medium\":\"1-2\"},\"children\":[{\"type\":\"text\",\"props\":{\"column_breakpoint\":\"m\",\"content\":\"\n\n<p><em><strong>Frau Dr. Marquardt, was genau passiert, wenn die Zusage f\\u00fcr das Net Zero Valley kommt?<\\\/strong><\\\/em><\\\/p>\\n\n\n<p>Sobald die Ausweisung offiziell erfolgt, bekommen wir zun\\u00e4chst den offiziellen \\u201eStempel\\u201c als Europas erstes Net Zero Valley. Das bedeutet, dass Unternehmen, die hier klimaneutrale Technologien produzieren, bevorzugt behandelt werden. Daf\\u00fcr bekommen wir in Brandenburg und Sachsen je einen Single Point of Contact, also eine Anlaufstelle, benannt. Das erleichtert den Firmen die Ansiedlung erheblich, weil sie einen einzigen Ansprechpartner f\\u00fcr alle erforderlichen Genehmigungen erhalten. Weiterhin gilt bei Abw\\u00e4gungsentscheidungen das \\u00fcbergeordnete \\u00f6ffentliche Interesse und solche Antr\\u00e4ge m\\u00fcssen priorit\\u00e4r und nicht chronologisch bearbeitet werden. Aber wir sind auch dabei, noch deutlich mehr Vorteile eines Net Zero Valleys mit den L\\u00e4ndern, dem Bund und auch der EU zu besprechen, die dann zu einem sp\\u00e4teren Zeitpunkt erst Gesetzeslage werden. Gleichzeitig ist es ein Signal: Die Region ist bereit f\\u00fcr den Wandel. Nat\\u00fcrlich hei\\u00dft das nicht, dass sofort Gro\\u00dfinvestoren aus aller Welt anr\\u00fccken, aber die strukturellen Voraussetzungen, die wir geschaffen haben, machen die Lausitz attraktiv und bereiten den Boden f\\u00fcr zuk\\u00fcnftige Investitionen.<\\\/p>\",\"margin\":\"default\"}}]}]},{\"type\":\"row\",\"children\":[{\"type\":\"column\",\"props\":{\"image_position\":\"center-center\",\"position_sticky_breakpoint\":\"m\"},\"children\":[{\"type\":\"text\",\"props\":{\"column_breakpoint\":\"m\",\"content\":\"\n\n<p><em><strong>Was ist genau ein Net Zero Valley?<\\\/strong><\\\/em><\\\/p>\\n\n\n<p>Das Net Zero Valley ist kein Ort, an dem Strom erzeugt wird, sondern ein geographischer Raum, in dem Unternehmen Technologien entwickeln und herstellen, die f\\u00fcr eine klimaneutrale Wirtschaft wichtig sind. Das Ziel ist, die Produktion dieser Technologien in der Lausitz attraktiv zu gestalten, b\\u00fcrokratische H\\u00fcrden zu verringern und den Unternehmen schnellere Verfahren anzubieten. So entsteht ein Hotspot f\\u00fcr nachhaltige Industrie, von dem nicht nur die Unternehmen profitieren, sondern auch die gesamte Region \\u2013 durch Arbeitspl\\u00e4tze, Forschung und wirtschaftliche Impulse. Wir wollen mit diesen attraktiven Standortbedingungen in Net Zero Valleys erreichen, dass diese Produktionsst\\u00e4tten, in die pro Jahr weltweit hunderte von Milliarden Euros investiert werden, (auch) in der Lausitz entstehen \\u2013 und nicht wie derzeit vorwiegend in Asien und Nordamerika.<\\\/p>\\n\n\n<p><em><strong>K\\u00f6nnen Sie ein Beispiel f\\u00fcr ein beschleunigtes Verfahren nennen?<\\\/strong><\\\/em><\\\/p>\\n\n\n<p>Die Verfahren unterscheiden sich je nach Projekt, aber das Prinzip ist es immer dasselbe: alles geht schneller und effizienter. Normalerweise dauern Genehmigungen f\\u00fcr Industrieprojekte zwei bis f\\u00fcnf Jahre. Mit dem Net Zero Valley wollen wir diese Zeit deutlich verk\\u00fcrzen. Das kann zum Beispiel bedeuten, dass F\\u00f6rdermittel vorab ausgezahlt werden, bevor ein Antrag offiziell bewilligt ist, oder dass Ausgleichsfl\\u00e4chen f\\u00fcr Bauma\\u00dfnahmen flexibler gestaltet k\\u00f6nnen \\u2013 bis zu zehn Jahre sp\\u00e4ter und in einem weiten Umkreis. Au\\u00dferdem wollen wir Reallabore schaffen, sogenannte \\u201eregulatory Sandboxes\\u201c, in denen Unternehmen neue Technologien erproben k\\u00f6nnen, ohne dass sofort alle bestehenden Regeln greifen. So k\\u00f6nnen Innovationen schneller getestet und in die Praxis gebracht werden.<\\\/p>\",\"margin\":\"default\"}},{\"type\":\"image\",\"props\":{\"image\":\"wp-content\\\/uploads\\\/sites\\\/5\\\/2025\\\/11\\\/211bild3.png\",\"image_svg_color\":\"emphasis\",\"margin\":\"default\"}},{\"type\":\"text\",\"props\":{\"column_breakpoint\":\"m\",\"content\":\"\n\n<p><em><strong>Welche Technologien stehen besonders im Fokus?<\\\/strong><\\\/em><\\\/p>\\n\n\n<p>Nach einem umfangreichen Stakeholder-Prozess haben wir uns auf vier Hauptbereiche konzentriert: Batterie- und Energiespeichertechnologien, Stromtechnologien, Wasserstofftechnologien und Power-to-X. Davon profitieren die Unternehmen, die diese Technologien herstellen, direkt von den erleichterten Verfahren und F\\u00f6rderungen. Genauso profitieren aber auch von Anfang an Zulieferer und kleinere Firmen, die in der Wertsch\\u00f6pfungskette beteiligt sind. So entsteht ein Netzwerk, das die gesamte Region st\\u00e4rkt und die Lausitz zu einem echten Innovationszentrum f\\u00fcr Produktionsst\\u00e4tten klimaneutraler Technologien macht.<\\\/p>\\n\n\n<p><em><strong>Wie gro\\u00df ist das Interesse anderer Regionen an diesem Projekt?<\\\/strong><\\\/em><\\\/p>\\n\n\n<p>Sehr gro\\u00df, sowohl national als auch international. Viele Besucher und Delegationen zeigen gro\\u00dfes Interesse an dem Net Zero Valley. Die Delegation mit der weitesten Anreise kam dabei aus Australien. Wir sind in engem Austausch mit der GTAI (Germany Trade &amp; Invest) bei der internationalen Vermarktung des Valleys. Aber auch die EU bietet uns regelm\\u00e4\\u00dfige Plattformen. So waren wir zum Beispiel zum Beispiel bei den EU Industry Days in Polen und in Br\\u00fcssel auf verschiedenen Veranstaltungen. Auch andere Regionen in Europa wollen lernen, welche Rahmenbedingungen f\\u00fcr ein Valley n\\u00f6tig sind, wie man z.B. Fl\\u00e4chen und Technologien ausw\\u00e4hlt und welche politischen Unterst\\u00fctzungen sinnvoll sind. Dabei unterst\\u00fctzen wir gerne. Wir fungieren als First Mover, also als Vorreiter \\u2013 und zeigen, wie Strukturwandel und Klimaschutz Hand in Hand gehen k\\u00f6nnen.<\\\/p>\\n\n\n<p><em><strong>Und wie stellen Sie sich die Lausitz in ein oder zwei Jahren vor?<\\\/strong><\\\/em><\\\/p>\\n\n\n<p>Ich hoffe, dass das Valley so attraktiv gestaltet wird, dass Unternehmen, die die ausgew\\u00e4hlten Technologien produzieren, sich hier ansiedeln m\\u00f6chten \\u2013 und nicht im au\\u00dfereurop\\u00e4ischen Ausland. Dadurch profitieren nicht nur die Unternehmen selbst, sondern auch unsere Forschungseinrichtungen, Zulieferer und die Region insgesamt. Wir wollen, dass die Lausitz ein Paradebeispiel f\\u00fcr zukunftsgerichtete, klimaneutrale Industrie wird \\u2013 ein Ort, an dem Innovation und nachhaltige Produktion Zuhause sind. Ziel ist, dass wir bereits in kurzer Zeit erste Unternehmen erfolgreich ansiedeln und sich mittelfristig ein Industriecluster mit internationaler Strahlkraft herausbildet.<\\\/p>\\n\n\n<h4>Vielen Dank f\\u00fcr das Gespr\\u00e4ch!<br \\\/><br \\\/><\\\/h4>\",\"margin\":\"default\"}},{\"type\":\"panel\",\"props\":{\"content\":\"\n\n<p>6. November 2024: Vertreter der Region Lausitz pr\\u00e4sentierten auf dem \\u201eLausitzforum 2038\\u201c die Initiativbewerbung f\\u00fcr ein Net Zero Valley (NZV) Lausitz und \\u00fcbergaben diese an das Bundesministerium f\\u00fcr Wirtschaft und Klimaschutz und die Bundesl\\u00e4nder Sachsen und Brandenburg.<br \\\/><br \\\/>18. M\\u00e4rz 2025: Symbolische \\u00dcbergabe des offiziellen Antrags in Br\\u00fcssel. Dabei \\u00fcberreichten Vertreter der Lausitz gemeinsam mit Staatssekret\\u00e4ren aus Brandenburg und Sachsen den Antrag an EU-Kommissar St\\u00e9phane S\\u00e9journ\\u00e9 \\u2013 ein symbolischer Akt um die Unterst\\u00fctzung des Antrags auf europ\\u00e4ischer Ebene sichtbar zu machen.<\\\/p>\",\"content_column_breakpoint\":\"m\",\"icon_width\":80,\"image\":\"wp-content\\\/uploads\\\/sites\\\/5\\\/2025\\\/11\\\/211bild4-scaled.jpg\",\"image_align\":\"top\",\"image_grid_breakpoint\":\"m\",\"image_grid_width\":\"1-2\",\"image_svg_color\":\"emphasis\",\"link_style\":\"default\",\"link_text\":\"Read more\",\"margin\":\"default\",\"meta\":\"<em>5. September 2024: Brandenburgs Ministerpr\\u00e4sident Dr. Diemtar Woidke und der EU-Abgeordnete Dr. Christian Ehler bekommen beim Jahresempfang der IHK Cottbus von den Gesch\\u00e4ftsf\\u00fchrern der Kammern, Vertretern der Landkreise sowie der Kommunen Tafeln mit dem \\u201eLausitzer Weg\\u201c \\u00fcberreicht.<br \/><small>Foto: Thomas Goethe<\\\/em><\\\/small>\",\"meta_align\":\"above-title\",\"meta_element\":\"div\",\"meta_style\":\"\",\"panel_padding\":\"default\",\"panel_style\":\"card-primary\",\"title\":\"Bewerbung zum Net Zero Valley\",\"title_align\":\"top\",\"title_element\":\"h3\",\"title_grid_breakpoint\":\"m\",\"title_grid_width\":\"1-2\",\"title_hover_style\":\"reset\"}}]}]}],\"name\":\"99 - Net Zero\"}],\"version\":\"4.4.1\"} --><\/p>\n","protected":false},"excerpt":{"rendered":"<p>Unterwegs in Brandenburg Die Lausitz im Rampenlicht \u2013 Europas erstes Net Zero Valley Die Spannung steigt: Noch im Dezember, wird die Ausweisung der Lausitz \u2013 dem ehemaligen Braunkohlerevier in Brandenburg und Sachsen \u2013 als Europas erstes \u201eNet Zero Valley\u201c erwartet. Dahinter verbirgt sich nichts Geringeres als eine Modellregion f\u00fcr Produktionsst\u00e4tten klimafreundlicher und nachhaltiger Technologien. Gelingt [&hellip;]<\/p>\n","protected":false},"author":1,"featured_media":226,"comment_status":"open","ping_status":"open","sticky":false,"template":"","format":"standard","meta":{"footnotes":""},"categories":[1],"tags":[],"class_list":["post-235","post","type-post","status-publish","format-standard","has-post-thumbnail","hentry","category-uncategorized"],"yoast_head":"<!-- This site is optimized with the Yoast SEO plugin v26.9 - https:\/\/yoast.com\/product\/yoast-seo-wordpress\/ -->\n<title>Die Lausitz im Rampenlicht \u2013 Europas erstes Net Zero Valley - PVU aktuell<\/title>\n<meta name=\"description\" content=\"Die Lausitz will den Wandel von der Braunkohleregion zum Hotspot \u201egr\u00fcner Industrie\u201c erfolgreich vollenden.\" \/>\n<meta name=\"robots\" content=\"index, follow, max-snippet:-1, max-image-preview:large, max-video-preview:-1\" \/>\n<link rel=\"canonical\" href=\"https:\/\/stadtwerkezeitung.info\/pvu\/2025\/11\/14\/die-lausitz-im-rampenlicht-europas-erstes-net-zero-valley\/\" \/>\n<meta property=\"og:locale\" content=\"en_US\" \/>\n<meta property=\"og:type\" content=\"article\" \/>\n<meta property=\"og:title\" content=\"Die Lausitz im Rampenlicht \u2013 Europas erstes Net Zero Valley - PVU aktuell\" \/>\n<meta property=\"og:description\" content=\"Die Lausitz will den Wandel von der Braunkohleregion zum Hotspot \u201egr\u00fcner Industrie\u201c erfolgreich vollenden.\" \/>\n<meta property=\"og:url\" content=\"https:\/\/stadtwerkezeitung.info\/pvu\/2025\/11\/14\/die-lausitz-im-rampenlicht-europas-erstes-net-zero-valley\/\" \/>\n<meta property=\"og:site_name\" content=\"PVU aktuell\" \/>\n<meta property=\"article:published_time\" content=\"2025-11-14T13:45:56+00:00\" \/>\n<meta property=\"article:modified_time\" content=\"2025-11-14T13:46:34+00:00\" \/>\n<meta property=\"og:image\" content=\"https:\/\/stadtwerkezeitung.info\/pvu\/wp-content\/uploads\/sites\/3\/2025\/11\/206bild1.png\" \/>\n\t<meta property=\"og:image:width\" content=\"900\" \/>\n\t<meta property=\"og:image:height\" content=\"429\" \/>\n\t<meta property=\"og:image:type\" content=\"image\/png\" \/>\n<meta name=\"author\" content=\"admin\" \/>\n<meta name=\"twitter:card\" content=\"summary_large_image\" \/>\n<meta name=\"twitter:label1\" content=\"Written by\" \/>\n\t<meta name=\"twitter:data1\" content=\"admin\" \/>\n\t<meta name=\"twitter:label2\" content=\"Est. reading time\" \/>\n\t<meta name=\"twitter:data2\" content=\"5 minutes\" \/>\n<script type=\"application\/ld+json\" class=\"yoast-schema-graph\">{\"@context\":\"https:\/\/schema.org\",\"@graph\":[{\"@type\":\"Article\",\"@id\":\"https:\/\/stadtwerkezeitung.info\/pvu\/2025\/11\/14\/die-lausitz-im-rampenlicht-europas-erstes-net-zero-valley\/#article\",\"isPartOf\":{\"@id\":\"https:\/\/stadtwerkezeitung.info\/pvu\/2025\/11\/14\/die-lausitz-im-rampenlicht-europas-erstes-net-zero-valley\/\"},\"author\":{\"name\":\"admin\",\"@id\":\"https:\/\/stadtwerkezeitung.info\/pvu\/#\/schema\/person\/acd409dca37d4bb8bf3a1284da7f1ee0\"},\"headline\":\"Die Lausitz im Rampenlicht \u2013 Europas erstes Net Zero Valley\",\"datePublished\":\"2025-11-14T13:45:56+00:00\",\"dateModified\":\"2025-11-14T13:46:34+00:00\",\"mainEntityOfPage\":{\"@id\":\"https:\/\/stadtwerkezeitung.info\/pvu\/2025\/11\/14\/die-lausitz-im-rampenlicht-europas-erstes-net-zero-valley\/\"},\"wordCount\":1075,\"commentCount\":0,\"publisher\":{\"@id\":\"https:\/\/stadtwerkezeitung.info\/pvu\/#organization\"},\"image\":{\"@id\":\"https:\/\/stadtwerkezeitung.info\/pvu\/2025\/11\/14\/die-lausitz-im-rampenlicht-europas-erstes-net-zero-valley\/#primaryimage\"},\"thumbnailUrl\":\"https:\/\/stadtwerkezeitung.info\/pvu\/wp-content\/uploads\/sites\/3\/2025\/11\/206bild1.png\",\"inLanguage\":\"en-US\",\"potentialAction\":[{\"@type\":\"CommentAction\",\"name\":\"Comment\",\"target\":[\"https:\/\/stadtwerkezeitung.info\/pvu\/2025\/11\/14\/die-lausitz-im-rampenlicht-europas-erstes-net-zero-valley\/#respond\"]}]},{\"@type\":\"WebPage\",\"@id\":\"https:\/\/stadtwerkezeitung.info\/pvu\/2025\/11\/14\/die-lausitz-im-rampenlicht-europas-erstes-net-zero-valley\/\",\"url\":\"https:\/\/stadtwerkezeitung.info\/pvu\/2025\/11\/14\/die-lausitz-im-rampenlicht-europas-erstes-net-zero-valley\/\",\"name\":\"Die Lausitz im Rampenlicht \u2013 Europas erstes Net Zero Valley - PVU aktuell\",\"isPartOf\":{\"@id\":\"https:\/\/stadtwerkezeitung.info\/pvu\/#website\"},\"primaryImageOfPage\":{\"@id\":\"https:\/\/stadtwerkezeitung.info\/pvu\/2025\/11\/14\/die-lausitz-im-rampenlicht-europas-erstes-net-zero-valley\/#primaryimage\"},\"image\":{\"@id\":\"https:\/\/stadtwerkezeitung.info\/pvu\/2025\/11\/14\/die-lausitz-im-rampenlicht-europas-erstes-net-zero-valley\/#primaryimage\"},\"thumbnailUrl\":\"https:\/\/stadtwerkezeitung.info\/pvu\/wp-content\/uploads\/sites\/3\/2025\/11\/206bild1.png\",\"datePublished\":\"2025-11-14T13:45:56+00:00\",\"dateModified\":\"2025-11-14T13:46:34+00:00\",\"description\":\"Die Lausitz will den Wandel von der Braunkohleregion zum Hotspot \u201egr\u00fcner Industrie\u201c erfolgreich vollenden.\",\"breadcrumb\":{\"@id\":\"https:\/\/stadtwerkezeitung.info\/pvu\/2025\/11\/14\/die-lausitz-im-rampenlicht-europas-erstes-net-zero-valley\/#breadcrumb\"},\"inLanguage\":\"en-US\",\"potentialAction\":[{\"@type\":\"ReadAction\",\"target\":[\"https:\/\/stadtwerkezeitung.info\/pvu\/2025\/11\/14\/die-lausitz-im-rampenlicht-europas-erstes-net-zero-valley\/\"]}]},{\"@type\":\"ImageObject\",\"inLanguage\":\"en-US\",\"@id\":\"https:\/\/stadtwerkezeitung.info\/pvu\/2025\/11\/14\/die-lausitz-im-rampenlicht-europas-erstes-net-zero-valley\/#primaryimage\",\"url\":\"https:\/\/stadtwerkezeitung.info\/pvu\/wp-content\/uploads\/sites\/3\/2025\/11\/206bild1.png\",\"contentUrl\":\"https:\/\/stadtwerkezeitung.info\/pvu\/wp-content\/uploads\/sites\/3\/2025\/11\/206bild1.png\",\"width\":900,\"height\":429},{\"@type\":\"BreadcrumbList\",\"@id\":\"https:\/\/stadtwerkezeitung.info\/pvu\/2025\/11\/14\/die-lausitz-im-rampenlicht-europas-erstes-net-zero-valley\/#breadcrumb\",\"itemListElement\":[{\"@type\":\"ListItem\",\"position\":1,\"name\":\"Home\",\"item\":\"https:\/\/stadtwerkezeitung.info\/pvu\/\"},{\"@type\":\"ListItem\",\"position\":2,\"name\":\"Die Lausitz im Rampenlicht \u2013 Europas erstes Net Zero Valley\"}]},{\"@type\":\"WebSite\",\"@id\":\"https:\/\/stadtwerkezeitung.info\/pvu\/#website\",\"url\":\"https:\/\/stadtwerkezeitung.info\/pvu\/\",\"name\":\"PVU aktuell\",\"description\":\"Ihre STADTWERKE ZEITUNG digital\",\"publisher\":{\"@id\":\"https:\/\/stadtwerkezeitung.info\/pvu\/#organization\"},\"inLanguage\":\"en-US\"},{\"@type\":\"Organization\",\"@id\":\"https:\/\/stadtwerkezeitung.info\/pvu\/#organization\",\"name\":\"PVU aktuell\",\"url\":\"https:\/\/stadtwerkezeitung.info\/pvu\/\",\"logo\":{\"@type\":\"ImageObject\",\"inLanguage\":\"en-US\",\"@id\":\"https:\/\/stadtwerkezeitung.info\/pvu\/#\/schema\/logo\/image\/\",\"url\":\"https:\/\/stadtwerkezeitung.info\/pvu\/wp-content\/uploads\/sites\/3\/2025\/01\/PVU_logo.png\",\"contentUrl\":\"https:\/\/stadtwerkezeitung.info\/pvu\/wp-content\/uploads\/sites\/3\/2025\/01\/PVU_logo.png\",\"width\":1045,\"height\":472,\"caption\":\"PVU aktuell\"},\"image\":{\"@id\":\"https:\/\/stadtwerkezeitung.info\/pvu\/#\/schema\/logo\/image\/\"}},{\"@type\":\"Person\",\"@id\":\"https:\/\/stadtwerkezeitung.info\/pvu\/#\/schema\/person\/acd409dca37d4bb8bf3a1284da7f1ee0\",\"name\":\"admin\",\"image\":{\"@type\":\"ImageObject\",\"inLanguage\":\"en-US\",\"@id\":\"https:\/\/stadtwerkezeitung.info\/pvu\/#\/schema\/person\/image\/\",\"url\":\"https:\/\/secure.gravatar.com\/avatar\/52dc0b3340c8087a51f52eaa20dc62cd4a6fe41f5bd886140989db7b572c00cd?s=96&d=mm&r=g\",\"contentUrl\":\"https:\/\/secure.gravatar.com\/avatar\/52dc0b3340c8087a51f52eaa20dc62cd4a6fe41f5bd886140989db7b572c00cd?s=96&d=mm&r=g\",\"caption\":\"admin\"},\"sameAs\":[\"https:\/\/stadtwerkezeitung.info\"]}]}<\/script>\n<!-- \/ Yoast SEO plugin. -->","yoast_head_json":{"title":"Die Lausitz im Rampenlicht \u2013 Europas erstes Net Zero Valley - PVU aktuell","description":"Die Lausitz will den Wandel von der Braunkohleregion zum Hotspot \u201egr\u00fcner Industrie\u201c erfolgreich vollenden.","robots":{"index":"index","follow":"follow","max-snippet":"max-snippet:-1","max-image-preview":"max-image-preview:large","max-video-preview":"max-video-preview:-1"},"canonical":"https:\/\/stadtwerkezeitung.info\/pvu\/2025\/11\/14\/die-lausitz-im-rampenlicht-europas-erstes-net-zero-valley\/","og_locale":"en_US","og_type":"article","og_title":"Die Lausitz im Rampenlicht \u2013 Europas erstes Net Zero Valley - PVU aktuell","og_description":"Die Lausitz will den Wandel von der Braunkohleregion zum Hotspot \u201egr\u00fcner Industrie\u201c erfolgreich vollenden.","og_url":"https:\/\/stadtwerkezeitung.info\/pvu\/2025\/11\/14\/die-lausitz-im-rampenlicht-europas-erstes-net-zero-valley\/","og_site_name":"PVU aktuell","article_published_time":"2025-11-14T13:45:56+00:00","article_modified_time":"2025-11-14T13:46:34+00:00","og_image":[{"width":900,"height":429,"url":"https:\/\/stadtwerkezeitung.info\/pvu\/wp-content\/uploads\/sites\/3\/2025\/11\/206bild1.png","type":"image\/png"}],"author":"admin","twitter_card":"summary_large_image","twitter_misc":{"Written by":"admin","Est. reading time":"5 minutes"},"schema":{"@context":"https:\/\/schema.org","@graph":[{"@type":"Article","@id":"https:\/\/stadtwerkezeitung.info\/pvu\/2025\/11\/14\/die-lausitz-im-rampenlicht-europas-erstes-net-zero-valley\/#article","isPartOf":{"@id":"https:\/\/stadtwerkezeitung.info\/pvu\/2025\/11\/14\/die-lausitz-im-rampenlicht-europas-erstes-net-zero-valley\/"},"author":{"name":"admin","@id":"https:\/\/stadtwerkezeitung.info\/pvu\/#\/schema\/person\/acd409dca37d4bb8bf3a1284da7f1ee0"},"headline":"Die Lausitz im Rampenlicht \u2013 Europas erstes Net Zero Valley","datePublished":"2025-11-14T13:45:56+00:00","dateModified":"2025-11-14T13:46:34+00:00","mainEntityOfPage":{"@id":"https:\/\/stadtwerkezeitung.info\/pvu\/2025\/11\/14\/die-lausitz-im-rampenlicht-europas-erstes-net-zero-valley\/"},"wordCount":1075,"commentCount":0,"publisher":{"@id":"https:\/\/stadtwerkezeitung.info\/pvu\/#organization"},"image":{"@id":"https:\/\/stadtwerkezeitung.info\/pvu\/2025\/11\/14\/die-lausitz-im-rampenlicht-europas-erstes-net-zero-valley\/#primaryimage"},"thumbnailUrl":"https:\/\/stadtwerkezeitung.info\/pvu\/wp-content\/uploads\/sites\/3\/2025\/11\/206bild1.png","inLanguage":"en-US","potentialAction":[{"@type":"CommentAction","name":"Comment","target":["https:\/\/stadtwerkezeitung.info\/pvu\/2025\/11\/14\/die-lausitz-im-rampenlicht-europas-erstes-net-zero-valley\/#respond"]}]},{"@type":"WebPage","@id":"https:\/\/stadtwerkezeitung.info\/pvu\/2025\/11\/14\/die-lausitz-im-rampenlicht-europas-erstes-net-zero-valley\/","url":"https:\/\/stadtwerkezeitung.info\/pvu\/2025\/11\/14\/die-lausitz-im-rampenlicht-europas-erstes-net-zero-valley\/","name":"Die Lausitz im Rampenlicht \u2013 Europas erstes Net Zero Valley - PVU aktuell","isPartOf":{"@id":"https:\/\/stadtwerkezeitung.info\/pvu\/#website"},"primaryImageOfPage":{"@id":"https:\/\/stadtwerkezeitung.info\/pvu\/2025\/11\/14\/die-lausitz-im-rampenlicht-europas-erstes-net-zero-valley\/#primaryimage"},"image":{"@id":"https:\/\/stadtwerkezeitung.info\/pvu\/2025\/11\/14\/die-lausitz-im-rampenlicht-europas-erstes-net-zero-valley\/#primaryimage"},"thumbnailUrl":"https:\/\/stadtwerkezeitung.info\/pvu\/wp-content\/uploads\/sites\/3\/2025\/11\/206bild1.png","datePublished":"2025-11-14T13:45:56+00:00","dateModified":"2025-11-14T13:46:34+00:00","description":"Die Lausitz will den Wandel von der Braunkohleregion zum Hotspot \u201egr\u00fcner Industrie\u201c erfolgreich vollenden.","breadcrumb":{"@id":"https:\/\/stadtwerkezeitung.info\/pvu\/2025\/11\/14\/die-lausitz-im-rampenlicht-europas-erstes-net-zero-valley\/#breadcrumb"},"inLanguage":"en-US","potentialAction":[{"@type":"ReadAction","target":["https:\/\/stadtwerkezeitung.info\/pvu\/2025\/11\/14\/die-lausitz-im-rampenlicht-europas-erstes-net-zero-valley\/"]}]},{"@type":"ImageObject","inLanguage":"en-US","@id":"https:\/\/stadtwerkezeitung.info\/pvu\/2025\/11\/14\/die-lausitz-im-rampenlicht-europas-erstes-net-zero-valley\/#primaryimage","url":"https:\/\/stadtwerkezeitung.info\/pvu\/wp-content\/uploads\/sites\/3\/2025\/11\/206bild1.png","contentUrl":"https:\/\/stadtwerkezeitung.info\/pvu\/wp-content\/uploads\/sites\/3\/2025\/11\/206bild1.png","width":900,"height":429},{"@type":"BreadcrumbList","@id":"https:\/\/stadtwerkezeitung.info\/pvu\/2025\/11\/14\/die-lausitz-im-rampenlicht-europas-erstes-net-zero-valley\/#breadcrumb","itemListElement":[{"@type":"ListItem","position":1,"name":"Home","item":"https:\/\/stadtwerkezeitung.info\/pvu\/"},{"@type":"ListItem","position":2,"name":"Die Lausitz im Rampenlicht \u2013 Europas erstes Net Zero Valley"}]},{"@type":"WebSite","@id":"https:\/\/stadtwerkezeitung.info\/pvu\/#website","url":"https:\/\/stadtwerkezeitung.info\/pvu\/","name":"PVU aktuell","description":"Ihre STADTWERKE ZEITUNG digital","publisher":{"@id":"https:\/\/stadtwerkezeitung.info\/pvu\/#organization"},"inLanguage":"en-US"},{"@type":"Organization","@id":"https:\/\/stadtwerkezeitung.info\/pvu\/#organization","name":"PVU aktuell","url":"https:\/\/stadtwerkezeitung.info\/pvu\/","logo":{"@type":"ImageObject","inLanguage":"en-US","@id":"https:\/\/stadtwerkezeitung.info\/pvu\/#\/schema\/logo\/image\/","url":"https:\/\/stadtwerkezeitung.info\/pvu\/wp-content\/uploads\/sites\/3\/2025\/01\/PVU_logo.png","contentUrl":"https:\/\/stadtwerkezeitung.info\/pvu\/wp-content\/uploads\/sites\/3\/2025\/01\/PVU_logo.png","width":1045,"height":472,"caption":"PVU aktuell"},"image":{"@id":"https:\/\/stadtwerkezeitung.info\/pvu\/#\/schema\/logo\/image\/"}},{"@type":"Person","@id":"https:\/\/stadtwerkezeitung.info\/pvu\/#\/schema\/person\/acd409dca37d4bb8bf3a1284da7f1ee0","name":"admin","image":{"@type":"ImageObject","inLanguage":"en-US","@id":"https:\/\/stadtwerkezeitung.info\/pvu\/#\/schema\/person\/image\/","url":"https:\/\/secure.gravatar.com\/avatar\/52dc0b3340c8087a51f52eaa20dc62cd4a6fe41f5bd886140989db7b572c00cd?s=96&d=mm&r=g","contentUrl":"https:\/\/secure.gravatar.com\/avatar\/52dc0b3340c8087a51f52eaa20dc62cd4a6fe41f5bd886140989db7b572c00cd?s=96&d=mm&r=g","caption":"admin"},"sameAs":["https:\/\/stadtwerkezeitung.info"]}]}},"_links":{"self":[{"href":"https:\/\/stadtwerkezeitung.info\/pvu\/wp-json\/wp\/v2\/posts\/235","targetHints":{"allow":["GET"]}}],"collection":[{"href":"https:\/\/stadtwerkezeitung.info\/pvu\/wp-json\/wp\/v2\/posts"}],"about":[{"href":"https:\/\/stadtwerkezeitung.info\/pvu\/wp-json\/wp\/v2\/types\/post"}],"author":[{"embeddable":true,"href":"https:\/\/stadtwerkezeitung.info\/pvu\/wp-json\/wp\/v2\/users\/1"}],"replies":[{"embeddable":true,"href":"https:\/\/stadtwerkezeitung.info\/pvu\/wp-json\/wp\/v2\/comments?post=235"}],"version-history":[{"count":3,"href":"https:\/\/stadtwerkezeitung.info\/pvu\/wp-json\/wp\/v2\/posts\/235\/revisions"}],"predecessor-version":[{"id":238,"href":"https:\/\/stadtwerkezeitung.info\/pvu\/wp-json\/wp\/v2\/posts\/235\/revisions\/238"}],"wp:featuredmedia":[{"embeddable":true,"href":"https:\/\/stadtwerkezeitung.info\/pvu\/wp-json\/wp\/v2\/media\/226"}],"wp:attachment":[{"href":"https:\/\/stadtwerkezeitung.info\/pvu\/wp-json\/wp\/v2\/media?parent=235"}],"wp:term":[{"taxonomy":"category","embeddable":true,"href":"https:\/\/stadtwerkezeitung.info\/pvu\/wp-json\/wp\/v2\/categories?post=235"},{"taxonomy":"post_tag","embeddable":true,"href":"https:\/\/stadtwerkezeitung.info\/pvu\/wp-json\/wp\/v2\/tags?post=235"}],"curies":[{"name":"wp","href":"https:\/\/api.w.org\/{rel}","templated":true}]}}