{"id":48,"date":"2025-05-23T10:33:27","date_gmt":"2025-05-23T10:33:27","guid":{"rendered":"https:\/\/stadtwerkezeitung.info\/pvu\/?p=48"},"modified":"2025-05-26T10:55:54","modified_gmt":"2025-05-26T10:55:54","slug":"ein-fest-fuer-die-ganze-region","status":"publish","type":"post","link":"https:\/\/stadtwerkezeitung.info\/pvu\/2025\/05\/23\/ein-fest-fuer-die-ganze-region\/","title":{"rendered":"Ein Fest f\u00fcr die ganze Region"},"content":{"rendered":"<p><img decoding=\"async\" src=\"\/pvu\/wp-content\/uploads\/sites\/3\/2025\/05\/101_Teaser_-Der-Perleberger-Roland-und-unsere-neue-Perlenprinzessin-Eva-Wickel-Foto-24MORE.jpg\" alt=\"\"><\/p>\n<div>\n<p><em>Der Perleberger Roland und die neue Perlenprinzessin Eva Wickel freuen sich auf viele G\u00e4ste. <br \/><small>Foto: 24MORE<\/small><\/em><\/p>\n<\/div>\n<h2>Brandenburg-Tag 2025<\/h2>\n<h1>Perleberg pr\u00e4sentiert Vielfalt und Gemeinschaft<\/h1>\n<h2>Perleberg verwandelt sich vom 12. bis 14.\u2009September 2025 in eine gro\u00dfe B\u00fchne: Der Brandenburg-Tag bringt Kultur, Musik und Engagement in die Rolandstadt. Was Besucherinnen und Besucher erwartet \u2013 und wie sie selbst Teil des gr\u00f6\u00dften Volksfestes Brandenburgs werden k\u00f6nnen.<\/h2>\n<div>\n<p>        <img decoding=\"async\" src=\"\/pvu\/wp-content\/uploads\/sites\/3\/2025\/05\/101_Bild_2_Logo_BBTag_Perleberg2025.jpg\" alt=\"\"><\/p>\n<div>Perleberg wird zum Schaufenster Brandenburgs: Mit dem Motto \u201ePerlenpracht \u2013 Mitgemacht!\u201c richtet Perleberg 2025 den Brandenburg-Tag aus. Das offizielle Landesfest zeigt alle zwei Jahre in einer anderen Stadt die kulturelle Vielfalt, wirtschaftliche Kraft und Lebensfreude des Landes.<\/div>\n<\/div>\n<p><img decoding=\"async\" src=\"\/pvu\/wp-content\/uploads\/sites\/3\/2025\/05\/101_Bild_3_Karat_Pressefoto_2025-Foto-Marcel-Brell_-Freigabe-v.-happy-production-einholen.jpg\" alt=\"\"><\/p>\n<div>\n<p><em>Die Band Karat feiert ihr 50-j\u00e4hriges B\u00fchnenjubil\u00e4um auf dem Brandenburg-Tag 2025.<\/p>\n<p><small>Foto: Marcel Brell<\/small><\/em><\/p>\n<\/div>\n<div>\n<p>Tausende G\u00e4ste erwartet ein Fest mit Tradition, Innovation und Leidenschaft. Von der Er\u00f6ffnung durch die Lotte Lehmann Akademie \u00fcber regionale \u201ePerlen\u201c bis zur TV-Sendung mit dem rbb \u2013 Perleberg zeigt, was es kann. Ein H\u00f6hepunkt: das 50-j\u00e4hrige B\u00fchnenjubil\u00e4um der Band \u201eKarat\u201c. Auch lokale Gruppen wie die Band Kokas sind dabei. Der KIKA bietet ein Kinderprogramm, Jugendliche feiern am Flugplatz.<\/p>\n<h4>Energie f\u00fcr ein Landesfest<\/h4>\n<p>Seit 2023 bereitet sich die PVU zusammen mit Stadt und Betriebshof auf das Fest vor. Eine zentrale Aufgabe: die Stromversorgung auf dem Hagen. Daf\u00fcr starteten Planung und Genehmigungen bereits 2023. Die Kabel wurden gr\u00f6\u00dftenteils unter dem Schulhof des Gymnasiums in der Puschkinstra\u00dfe verlegt \u2013 deshalb fanden die Arbeiten in den Sommerferien 2024 statt.<\/p>\n<p>Ende 2024 und Anfang 2025 legte die PVU der Stadt Vorschl\u00e4ge f\u00fcr Stromanschl\u00fcsse vor und nahm an Abstimmungen teil. Das Lager wurde aufgestockt, eine Urlaubssperre sichert die Einsatzbereitschaft. Da keine Autos erlaubt sind, setzt PVU auf Lastenr\u00e4der. Die Wasserversorgung erfolgt \u00fcber Standrohre.<\/p>\n<\/div>\n<p><img decoding=\"async\" src=\"\/pvu\/wp-content\/uploads\/sites\/3\/2025\/05\/101_Bild_4_-Perlenspiel-am-Gansebrunnen-Foto-fotografenherz-105-scaled.jpg\" alt=\"\"><\/p>\n<div>\n<p><em>Perlenspiel am G\u00e4nsebrunnen: Das Stadtfest verbindet Tradition, Innovation und Leidenschaft. <br \/><small>Foto: fotografenherz<\/small><\/em><\/p>\n<\/div>\n<div>\n<h4>Jetzt aktiv mitgestalten<\/h4>\n<p>Alle B\u00fcrgerinnen und B\u00fcrger, Vereine sowie Unternehmen sind eingeladen, den Brandenburg-Tag mitzugestalten. Besonders gesucht: Ehrenamtliche Helferinnen und Helfer, die das Fest zu einem Erfolg machen. Wer dabei sein m\u00f6chte, kann sich jederzeit melden.<\/p>\n<p>Perleberg setzt zudem auf Nachhaltigkeit: Das gesamte Festgel\u00e4nde wird mit einem Mehrwegbechersystem ausgestattet \u2013 ein Beitrag zum Umweltschutz und f\u00fcr ein sauberes Fest.<\/p>\n<\/div>\n<div>\n<h3>Mitmachen beim Brandenburg-Tag 2025<\/h3>\n<p>Sie m\u00f6chten den Brandenburg-Tag aktiv mitgestalten? Perleberg sucht engagierte Helferinnen und Helfer sowie Vereine und Unternehmen, die das Fest bereichern.<\/p>\n<div>\n<p>\u25a0 Ehrenamtlich helfen: Unterst\u00fctzen Sie das Fest vor und w\u00e4hrend des Wochenendes. <br \/>\u25a0 Job- und Vereinsperle: Pr\u00e4sentieren Sie Ihr Unternehmen oder Ihren Verein bei der \u201ePerlenpr\u00e4sentation\u201c. <\/p>\n<p>Anmeldung unter: <br \/><a href=\"mailto:info-bbt2025@stadt-perleberg.de\">info-bbt2025@stadt-perleberg.de<\/a><\/p>\n<\/div>\n<\/div>\n<p><!--more--><br \/>\n<!-- {\"type\":\"layout\",\"children\":[{\"type\":\"section\",\"props\":{\"image_position\":\"center-center\",\"padding_remove_top\":true,\"style\":\"default\",\"title_breakpoint\":\"xl\",\"title_position\":\"top-left\",\"title_rotation\":\"left\",\"vertical_align\":\"\",\"width\":\"small\"},\"children\":[{\"type\":\"row\",\"props\":{\"divider\":true,\"layout\":\"1-2,1-2\"},\"children\":[{\"type\":\"column\",\"props\":{\"image_position\":\"center-center\",\"position_sticky_breakpoint\":\"m\",\"width_medium\":\"1-2\"},\"children\":[{\"type\":\"image\",\"props\":{\"image\":\"wp-content\\\/uploads\\\/sites\\\/3\\\/2025\\\/05\\\/101_Teaser_-Der-Perleberger-Roland-und-unsere-neue-Perlenprinzessin-Eva-Wickel-Foto-24MORE.jpg\",\"image_svg_color\":\"emphasis\",\"margin\":\"default\"}}]},{\"type\":\"column\",\"props\":{\"image_position\":\"center-center\",\"position_sticky_breakpoint\":\"m\",\"vertical_align\":\"bottom\",\"width_medium\":\"1-2\"},\"children\":[{\"type\":\"text\",\"props\":{\"column_breakpoint\":\"m\",\"content\":\"\n\n<p><em>Der Perleberger Roland und die neue Perlenprinzessin Eva Wickel freuen sich auf viele G\\u00e4ste. <br \\\/><small>Foto: 24MORE<\\\/small><\\\/em><\\\/p>\",\"margin\":\"default\"}}]}]},{\"type\":\"row\",\"children\":[{\"type\":\"column\",\"props\":{\"image_position\":\"center-center\",\"position_sticky_breakpoint\":\"m\"},\"children\":[{\"type\":\"headline\",\"props\":{\"content\":\"Brandenburg-Tag 2025\",\"margin\":\"small\",\"margin_remove_bottom\":false,\"margin_remove_top\":false,\"title_element\":\"h2\",\"title_style\":\"h5\"}},{\"type\":\"headline\",\"props\":{\"content\":\"Perleberg pr\\u00e4sentiert Vielfalt und Gemeinschaft\",\"margin\":\"small\",\"margin_remove_bottom\":false,\"margin_remove_top\":false,\"title_element\":\"h1\",\"title_style\":\"h2\"}},{\"type\":\"headline\",\"props\":{\"content\":\"Perleberg verwandelt sich vom 12. bis 14.\\u2009September 2025 in eine gro\\u00dfe B\\u00fchne: Der Brandenburg-Tag bringt Kultur, Musik und Engagement in die Rolandstadt. Was Besucherinnen und Besucher erwartet \\u2013 und wie sie selbst Teil des gr\\u00f6\\u00dften Volksfestes Brandenburgs werden k\\u00f6nnen.\",\"margin\":\"small\",\"margin_remove_top\":false,\"title_element\":\"h2\",\"title_style\":\"text-lead\"}},{\"type\":\"panel\",\"props\":{\"content\":\"Perleberg wird zum Schaufenster Brandenburgs: Mit dem Motto \\u201ePerlenpracht \\u2013 Mitgemacht!\\u201c richtet Perleberg 2025 den Brandenburg-Tag aus. Das offizielle Landesfest zeigt alle zwei Jahre in einer anderen Stadt die kulturelle Vielfalt, wirtschaftliche Kraft und Lebensfreude des Landes.\",\"content_column_breakpoint\":\"m\",\"icon_width\":80,\"image\":\"wp-content\\\/uploads\\\/sites\\\/3\\\/2025\\\/05\\\/101_Bild_2_Logo_BBTag_Perleberg2025.jpg\",\"image_align\":\"left\",\"image_grid_breakpoint\":\"m\",\"image_grid_width\":\"1-3\",\"image_svg_color\":\"emphasis\",\"image_vertical_align\":true,\"link_style\":\"default\",\"link_text\":\"Read more\",\"margin\":\"default\",\"meta_align\":\"below-title\",\"meta_element\":\"div\",\"meta_style\":\"text-meta\",\"panel_padding\":\"default\",\"panel_style\":\"card-default\",\"title_align\":\"top\",\"title_element\":\"h3\",\"title_grid_breakpoint\":\"m\",\"title_grid_width\":\"1-2\",\"title_hover_style\":\"reset\"}},{\"type\":\"image\",\"props\":{\"image\":\"wp-content\\\/uploads\\\/sites\\\/3\\\/2025\\\/05\\\/101_Bild_3_Karat_Pressefoto_2025-Foto-Marcel-Brell_-Freigabe-v.-happy-production-einholen.jpg\",\"image_svg_color\":\"emphasis\",\"margin\":\"default\"}},{\"type\":\"text\",\"props\":{\"column_breakpoint\":\"m\",\"content\":\"\n\n<p><em>Die Band Karat feiert ihr 50-j\\u00e4hriges B\\u00fchnenjubil\\u00e4um auf dem Brandenburg-Tag 2025.\\n\\n<br \\\/><small>Foto: Marcel Brell<\\\/small><\\\/em><\\\/p>\",\"margin\":\"default\"}},{\"type\":\"text\",\"props\":{\"column_breakpoint\":\"m\",\"content\":\"\n\n<p>Tausende G\\u00e4ste erwartet ein Fest mit Tradition, Innovation und Leidenschaft. Von der Er\\u00f6ffnung durch die Lotte Lehmann Akademie \\u00fcber regionale \\u201ePerlen\\u201c bis zur TV-Sendung mit dem rbb \\u2013 Perleberg zeigt, was es kann. Ein H\\u00f6hepunkt: das 50-j\\u00e4hrige B\\u00fchnenjubil\\u00e4um der Band \\u201eKarat\\u201c. Auch lokale Gruppen wie die Band Kokas sind dabei. Der KIKA bietet ein Kinderprogramm, Jugendliche feiern am Flugplatz.<\\\/p>\\n\n\n<h4>Energie f\\u00fcr ein Landesfest<\\\/h4>\\n\n\n<p>Seit 2023 bereitet sich die PVU zusammen mit Stadt und Betriebshof auf das Fest vor. Eine zentrale Aufgabe: die Stromversorgung auf dem Hagen. Daf\\u00fcr starteten Planung und Genehmigungen bereits 2023. Die Kabel wurden gr\\u00f6\\u00dftenteils unter dem Schulhof des Gymnasiums in der Puschkinstra\\u00dfe verlegt \\u2013 deshalb fanden die Arbeiten in den Sommerferien 2024 statt.<\\\/p>\\n\n\n<p>Ende 2024 und Anfang 2025 legte die PVU der Stadt Vorschl\\u00e4ge f\\u00fcr Stromanschl\\u00fcsse vor und nahm an Abstimmungen teil. Das Lager wurde aufgestockt, eine Urlaubssperre sichert die Einsatzbereitschaft. Da keine Autos erlaubt sind, setzt PVU auf Lastenr\\u00e4der. Die Wasserversorgung erfolgt \\u00fcber Standrohre.<\\\/p>\",\"margin\":\"default\"}},{\"type\":\"image\",\"props\":{\"image\":\"wp-content\\\/uploads\\\/sites\\\/3\\\/2025\\\/05\\\/101_Bild_4_-Perlenspiel-am-Gansebrunnen-Foto-fotografenherz-105-scaled.jpg\",\"image_svg_color\":\"emphasis\",\"margin\":\"default\"}},{\"type\":\"text\",\"props\":{\"column_breakpoint\":\"m\",\"content\":\"\n\n<p><em>Perlenspiel am G\\u00e4nsebrunnen: Das Stadtfest verbindet Tradition, Innovation und Leidenschaft. <br \\\/><small>Foto: fotografenherz<\\\/small><\\\/em><\\\/p>\",\"margin\":\"default\"}},{\"type\":\"text\",\"props\":{\"column_breakpoint\":\"m\",\"content\":\"\n\n<h4>Jetzt aktiv mitgestalten<\\\/h4>\\n\n\n<p>Alle B\\u00fcrgerinnen und B\\u00fcrger, Vereine sowie Unternehmen sind eingeladen, den Brandenburg-Tag mitzugestalten. Besonders gesucht: Ehrenamtliche Helferinnen und Helfer, die das Fest zu einem Erfolg machen. Wer dabei sein m\\u00f6chte, kann sich jederzeit melden.<\\\/p>\\n\n\n<p>Perleberg setzt zudem auf Nachhaltigkeit: Das gesamte Festgel\\u00e4nde wird mit einem Mehrwegbechersystem ausgestattet \\u2013 ein Beitrag zum Umweltschutz und f\\u00fcr ein sauberes Fest.<\\\/p>\",\"margin\":\"default\"}},{\"type\":\"panel\",\"props\":{\"content\":\"\n\n<p>\\u25a0 Ehrenamtlich helfen: Unterst\\u00fctzen Sie das Fest vor und w\\u00e4hrend des Wochenendes. <br \\\/>\\u25a0 Job- und Vereinsperle: Pr\\u00e4sentieren Sie Ihr Unternehmen oder Ihren Verein bei der \\u201ePerlenpr\\u00e4sentation\\u201c. <br \\\/><br \\\/>Anmeldung unter: <br \\\/><a href=\\\"mailto:info-bbt2025@stadt-perleberg.de\\\">info-bbt2025@stadt-perleberg.de<\\\/a><\\\/p>\",\"content_column_breakpoint\":\"m\",\"icon_width\":80,\"image_align\":\"top\",\"image_grid_breakpoint\":\"m\",\"image_grid_width\":\"1-2\",\"image_svg_color\":\"emphasis\",\"link_style\":\"default\",\"link_text\":\"Read more\",\"margin\":\"default\",\"meta\":\"Sie m\\u00f6chten den Brandenburg-Tag aktiv mitgestalten? Perleberg sucht engagierte Helferinnen und Helfer sowie Vereine und Unternehmen, die das Fest bereichern.\",\"meta_align\":\"below-title\",\"meta_element\":\"div\",\"meta_style\":\"text-meta\",\"panel_padding\":\"default\",\"panel_style\":\"card-primary\",\"title\":\"Mitmachen beim Brandenburg-Tag 2025\",\"title_align\":\"top\",\"title_element\":\"h3\",\"title_grid_breakpoint\":\"m\",\"title_grid_width\":\"1-2\",\"title_hover_style\":\"reset\"}}]}]}],\"name\":\"rohrweber\"}],\"version\":\"4.4.1\"} --><\/p>\n","protected":false},"excerpt":{"rendered":"<p>Der Perleberger Roland und die neue Perlenprinzessin Eva Wickel freuen sich auf viele G\u00e4ste. Foto: 24MORE Brandenburg-Tag 2025 Perleberg pr\u00e4sentiert Vielfalt und Gemeinschaft Perleberg verwandelt sich vom 12. bis 14.\u2009September 2025 in eine gro\u00dfe B\u00fchne: Der Brandenburg-Tag bringt Kultur, Musik und Engagement in die Rolandstadt. Was Besucherinnen und Besucher erwartet \u2013 und wie sie selbst [&hellip;]<\/p>\n","protected":false},"author":1,"featured_media":0,"comment_status":"open","ping_status":"open","sticky":false,"template":"","format":"standard","meta":{"footnotes":""},"categories":[1],"tags":[],"class_list":["post-48","post","type-post","status-publish","format-standard","hentry","category-uncategorized"],"yoast_head":"<!-- This site is optimized with the Yoast SEO plugin v26.9 - https:\/\/yoast.com\/product\/yoast-seo-wordpress\/ -->\n<title>Ein Fest f\u00fcr die ganze Region - PVU aktuell<\/title>\n<meta name=\"description\" content=\"Perleberg verwandelt sich vom 12. bis 14.\u2009September 2025 in eine gro\u00dfe B\u00fchne: Der Brandenburg-Tag bringt Kultur, Musik und Engagement in die Rolandstadt. Was Besucherinnen und Besucher erwartet.\" \/>\n<meta name=\"robots\" content=\"index, follow, max-snippet:-1, max-image-preview:large, max-video-preview:-1\" \/>\n<link rel=\"canonical\" href=\"https:\/\/stadtwerkezeitung.info\/pvu\/2025\/05\/23\/ein-fest-fuer-die-ganze-region\/\" \/>\n<meta property=\"og:locale\" content=\"en_US\" \/>\n<meta property=\"og:type\" content=\"article\" \/>\n<meta property=\"og:title\" content=\"Ein Fest f\u00fcr die ganze Region - PVU aktuell\" \/>\n<meta property=\"og:description\" content=\"Perleberg verwandelt sich vom 12. bis 14.\u2009September 2025 in eine gro\u00dfe B\u00fchne: Der Brandenburg-Tag bringt Kultur, Musik und Engagement in die Rolandstadt. Was Besucherinnen und Besucher erwartet.\" \/>\n<meta property=\"og:url\" content=\"https:\/\/stadtwerkezeitung.info\/pvu\/2025\/05\/23\/ein-fest-fuer-die-ganze-region\/\" \/>\n<meta property=\"og:site_name\" content=\"PVU aktuell\" \/>\n<meta property=\"article:published_time\" content=\"2025-05-23T10:33:27+00:00\" \/>\n<meta property=\"article:modified_time\" content=\"2025-05-26T10:55:54+00:00\" \/>\n<meta name=\"author\" content=\"admin\" \/>\n<meta name=\"twitter:card\" content=\"summary_large_image\" \/>\n<meta name=\"twitter:label1\" content=\"Written by\" \/>\n\t<meta name=\"twitter:data1\" content=\"admin\" \/>\n<script type=\"application\/ld+json\" class=\"yoast-schema-graph\">{\"@context\":\"https:\/\/schema.org\",\"@graph\":[{\"@type\":\"Article\",\"@id\":\"https:\/\/stadtwerkezeitung.info\/pvu\/2025\/05\/23\/ein-fest-fuer-die-ganze-region\/#article\",\"isPartOf\":{\"@id\":\"https:\/\/stadtwerkezeitung.info\/pvu\/2025\/05\/23\/ein-fest-fuer-die-ganze-region\/\"},\"author\":{\"name\":\"admin\",\"@id\":\"https:\/\/stadtwerkezeitung.info\/pvu\/#\/schema\/person\/acd409dca37d4bb8bf3a1284da7f1ee0\"},\"headline\":\"Ein Fest f\u00fcr die ganze Region\",\"datePublished\":\"2025-05-23T10:33:27+00:00\",\"dateModified\":\"2025-05-26T10:55:54+00:00\",\"mainEntityOfPage\":{\"@id\":\"https:\/\/stadtwerkezeitung.info\/pvu\/2025\/05\/23\/ein-fest-fuer-die-ganze-region\/\"},\"wordCount\":420,\"commentCount\":0,\"publisher\":{\"@id\":\"https:\/\/stadtwerkezeitung.info\/pvu\/#organization\"},\"inLanguage\":\"en-US\",\"potentialAction\":[{\"@type\":\"CommentAction\",\"name\":\"Comment\",\"target\":[\"https:\/\/stadtwerkezeitung.info\/pvu\/2025\/05\/23\/ein-fest-fuer-die-ganze-region\/#respond\"]}]},{\"@type\":\"WebPage\",\"@id\":\"https:\/\/stadtwerkezeitung.info\/pvu\/2025\/05\/23\/ein-fest-fuer-die-ganze-region\/\",\"url\":\"https:\/\/stadtwerkezeitung.info\/pvu\/2025\/05\/23\/ein-fest-fuer-die-ganze-region\/\",\"name\":\"Ein Fest f\u00fcr die ganze Region - PVU aktuell\",\"isPartOf\":{\"@id\":\"https:\/\/stadtwerkezeitung.info\/pvu\/#website\"},\"datePublished\":\"2025-05-23T10:33:27+00:00\",\"dateModified\":\"2025-05-26T10:55:54+00:00\",\"description\":\"Perleberg verwandelt sich vom 12. bis 14.\u2009September 2025 in eine gro\u00dfe B\u00fchne: Der Brandenburg-Tag bringt Kultur, Musik und Engagement in die Rolandstadt. Was Besucherinnen und Besucher erwartet.\",\"breadcrumb\":{\"@id\":\"https:\/\/stadtwerkezeitung.info\/pvu\/2025\/05\/23\/ein-fest-fuer-die-ganze-region\/#breadcrumb\"},\"inLanguage\":\"en-US\",\"potentialAction\":[{\"@type\":\"ReadAction\",\"target\":[\"https:\/\/stadtwerkezeitung.info\/pvu\/2025\/05\/23\/ein-fest-fuer-die-ganze-region\/\"]}]},{\"@type\":\"BreadcrumbList\",\"@id\":\"https:\/\/stadtwerkezeitung.info\/pvu\/2025\/05\/23\/ein-fest-fuer-die-ganze-region\/#breadcrumb\",\"itemListElement\":[{\"@type\":\"ListItem\",\"position\":1,\"name\":\"Home\",\"item\":\"https:\/\/stadtwerkezeitung.info\/pvu\/\"},{\"@type\":\"ListItem\",\"position\":2,\"name\":\"Ein Fest f\u00fcr die ganze Region\"}]},{\"@type\":\"WebSite\",\"@id\":\"https:\/\/stadtwerkezeitung.info\/pvu\/#website\",\"url\":\"https:\/\/stadtwerkezeitung.info\/pvu\/\",\"name\":\"PVU aktuell\",\"description\":\"Ihre STADTWERKE ZEITUNG digital\",\"publisher\":{\"@id\":\"https:\/\/stadtwerkezeitung.info\/pvu\/#organization\"},\"inLanguage\":\"en-US\"},{\"@type\":\"Organization\",\"@id\":\"https:\/\/stadtwerkezeitung.info\/pvu\/#organization\",\"name\":\"PVU aktuell\",\"url\":\"https:\/\/stadtwerkezeitung.info\/pvu\/\",\"logo\":{\"@type\":\"ImageObject\",\"inLanguage\":\"en-US\",\"@id\":\"https:\/\/stadtwerkezeitung.info\/pvu\/#\/schema\/logo\/image\/\",\"url\":\"https:\/\/stadtwerkezeitung.info\/pvu\/wp-content\/uploads\/sites\/3\/2025\/01\/PVU_logo.png\",\"contentUrl\":\"https:\/\/stadtwerkezeitung.info\/pvu\/wp-content\/uploads\/sites\/3\/2025\/01\/PVU_logo.png\",\"width\":1045,\"height\":472,\"caption\":\"PVU aktuell\"},\"image\":{\"@id\":\"https:\/\/stadtwerkezeitung.info\/pvu\/#\/schema\/logo\/image\/\"}},{\"@type\":\"Person\",\"@id\":\"https:\/\/stadtwerkezeitung.info\/pvu\/#\/schema\/person\/acd409dca37d4bb8bf3a1284da7f1ee0\",\"name\":\"admin\",\"image\":{\"@type\":\"ImageObject\",\"inLanguage\":\"en-US\",\"@id\":\"https:\/\/stadtwerkezeitung.info\/pvu\/#\/schema\/person\/image\/\",\"url\":\"https:\/\/secure.gravatar.com\/avatar\/52dc0b3340c8087a51f52eaa20dc62cd4a6fe41f5bd886140989db7b572c00cd?s=96&d=mm&r=g\",\"contentUrl\":\"https:\/\/secure.gravatar.com\/avatar\/52dc0b3340c8087a51f52eaa20dc62cd4a6fe41f5bd886140989db7b572c00cd?s=96&d=mm&r=g\",\"caption\":\"admin\"},\"sameAs\":[\"https:\/\/stadtwerkezeitung.info\"]}]}<\/script>\n<!-- \/ Yoast SEO plugin. -->","yoast_head_json":{"title":"Ein Fest f\u00fcr die ganze Region - PVU aktuell","description":"Perleberg verwandelt sich vom 12. bis 14.\u2009September 2025 in eine gro\u00dfe B\u00fchne: Der Brandenburg-Tag bringt Kultur, Musik und Engagement in die Rolandstadt. Was Besucherinnen und Besucher erwartet.","robots":{"index":"index","follow":"follow","max-snippet":"max-snippet:-1","max-image-preview":"max-image-preview:large","max-video-preview":"max-video-preview:-1"},"canonical":"https:\/\/stadtwerkezeitung.info\/pvu\/2025\/05\/23\/ein-fest-fuer-die-ganze-region\/","og_locale":"en_US","og_type":"article","og_title":"Ein Fest f\u00fcr die ganze Region - PVU aktuell","og_description":"Perleberg verwandelt sich vom 12. bis 14.\u2009September 2025 in eine gro\u00dfe B\u00fchne: Der Brandenburg-Tag bringt Kultur, Musik und Engagement in die Rolandstadt. Was Besucherinnen und Besucher erwartet.","og_url":"https:\/\/stadtwerkezeitung.info\/pvu\/2025\/05\/23\/ein-fest-fuer-die-ganze-region\/","og_site_name":"PVU aktuell","article_published_time":"2025-05-23T10:33:27+00:00","article_modified_time":"2025-05-26T10:55:54+00:00","author":"admin","twitter_card":"summary_large_image","twitter_misc":{"Written by":"admin"},"schema":{"@context":"https:\/\/schema.org","@graph":[{"@type":"Article","@id":"https:\/\/stadtwerkezeitung.info\/pvu\/2025\/05\/23\/ein-fest-fuer-die-ganze-region\/#article","isPartOf":{"@id":"https:\/\/stadtwerkezeitung.info\/pvu\/2025\/05\/23\/ein-fest-fuer-die-ganze-region\/"},"author":{"name":"admin","@id":"https:\/\/stadtwerkezeitung.info\/pvu\/#\/schema\/person\/acd409dca37d4bb8bf3a1284da7f1ee0"},"headline":"Ein Fest f\u00fcr die ganze Region","datePublished":"2025-05-23T10:33:27+00:00","dateModified":"2025-05-26T10:55:54+00:00","mainEntityOfPage":{"@id":"https:\/\/stadtwerkezeitung.info\/pvu\/2025\/05\/23\/ein-fest-fuer-die-ganze-region\/"},"wordCount":420,"commentCount":0,"publisher":{"@id":"https:\/\/stadtwerkezeitung.info\/pvu\/#organization"},"inLanguage":"en-US","potentialAction":[{"@type":"CommentAction","name":"Comment","target":["https:\/\/stadtwerkezeitung.info\/pvu\/2025\/05\/23\/ein-fest-fuer-die-ganze-region\/#respond"]}]},{"@type":"WebPage","@id":"https:\/\/stadtwerkezeitung.info\/pvu\/2025\/05\/23\/ein-fest-fuer-die-ganze-region\/","url":"https:\/\/stadtwerkezeitung.info\/pvu\/2025\/05\/23\/ein-fest-fuer-die-ganze-region\/","name":"Ein Fest f\u00fcr die ganze Region - PVU aktuell","isPartOf":{"@id":"https:\/\/stadtwerkezeitung.info\/pvu\/#website"},"datePublished":"2025-05-23T10:33:27+00:00","dateModified":"2025-05-26T10:55:54+00:00","description":"Perleberg verwandelt sich vom 12. bis 14.\u2009September 2025 in eine gro\u00dfe B\u00fchne: Der Brandenburg-Tag bringt Kultur, Musik und Engagement in die Rolandstadt. Was Besucherinnen und Besucher erwartet.","breadcrumb":{"@id":"https:\/\/stadtwerkezeitung.info\/pvu\/2025\/05\/23\/ein-fest-fuer-die-ganze-region\/#breadcrumb"},"inLanguage":"en-US","potentialAction":[{"@type":"ReadAction","target":["https:\/\/stadtwerkezeitung.info\/pvu\/2025\/05\/23\/ein-fest-fuer-die-ganze-region\/"]}]},{"@type":"BreadcrumbList","@id":"https:\/\/stadtwerkezeitung.info\/pvu\/2025\/05\/23\/ein-fest-fuer-die-ganze-region\/#breadcrumb","itemListElement":[{"@type":"ListItem","position":1,"name":"Home","item":"https:\/\/stadtwerkezeitung.info\/pvu\/"},{"@type":"ListItem","position":2,"name":"Ein Fest f\u00fcr die ganze Region"}]},{"@type":"WebSite","@id":"https:\/\/stadtwerkezeitung.info\/pvu\/#website","url":"https:\/\/stadtwerkezeitung.info\/pvu\/","name":"PVU aktuell","description":"Ihre STADTWERKE ZEITUNG digital","publisher":{"@id":"https:\/\/stadtwerkezeitung.info\/pvu\/#organization"},"inLanguage":"en-US"},{"@type":"Organization","@id":"https:\/\/stadtwerkezeitung.info\/pvu\/#organization","name":"PVU aktuell","url":"https:\/\/stadtwerkezeitung.info\/pvu\/","logo":{"@type":"ImageObject","inLanguage":"en-US","@id":"https:\/\/stadtwerkezeitung.info\/pvu\/#\/schema\/logo\/image\/","url":"https:\/\/stadtwerkezeitung.info\/pvu\/wp-content\/uploads\/sites\/3\/2025\/01\/PVU_logo.png","contentUrl":"https:\/\/stadtwerkezeitung.info\/pvu\/wp-content\/uploads\/sites\/3\/2025\/01\/PVU_logo.png","width":1045,"height":472,"caption":"PVU aktuell"},"image":{"@id":"https:\/\/stadtwerkezeitung.info\/pvu\/#\/schema\/logo\/image\/"}},{"@type":"Person","@id":"https:\/\/stadtwerkezeitung.info\/pvu\/#\/schema\/person\/acd409dca37d4bb8bf3a1284da7f1ee0","name":"admin","image":{"@type":"ImageObject","inLanguage":"en-US","@id":"https:\/\/stadtwerkezeitung.info\/pvu\/#\/schema\/person\/image\/","url":"https:\/\/secure.gravatar.com\/avatar\/52dc0b3340c8087a51f52eaa20dc62cd4a6fe41f5bd886140989db7b572c00cd?s=96&d=mm&r=g","contentUrl":"https:\/\/secure.gravatar.com\/avatar\/52dc0b3340c8087a51f52eaa20dc62cd4a6fe41f5bd886140989db7b572c00cd?s=96&d=mm&r=g","caption":"admin"},"sameAs":["https:\/\/stadtwerkezeitung.info"]}]}},"_links":{"self":[{"href":"https:\/\/stadtwerkezeitung.info\/pvu\/wp-json\/wp\/v2\/posts\/48","targetHints":{"allow":["GET"]}}],"collection":[{"href":"https:\/\/stadtwerkezeitung.info\/pvu\/wp-json\/wp\/v2\/posts"}],"about":[{"href":"https:\/\/stadtwerkezeitung.info\/pvu\/wp-json\/wp\/v2\/types\/post"}],"author":[{"embeddable":true,"href":"https:\/\/stadtwerkezeitung.info\/pvu\/wp-json\/wp\/v2\/users\/1"}],"replies":[{"embeddable":true,"href":"https:\/\/stadtwerkezeitung.info\/pvu\/wp-json\/wp\/v2\/comments?post=48"}],"version-history":[{"count":12,"href":"https:\/\/stadtwerkezeitung.info\/pvu\/wp-json\/wp\/v2\/posts\/48\/revisions"}],"predecessor-version":[{"id":156,"href":"https:\/\/stadtwerkezeitung.info\/pvu\/wp-json\/wp\/v2\/posts\/48\/revisions\/156"}],"wp:attachment":[{"href":"https:\/\/stadtwerkezeitung.info\/pvu\/wp-json\/wp\/v2\/media?parent=48"}],"wp:term":[{"taxonomy":"category","embeddable":true,"href":"https:\/\/stadtwerkezeitung.info\/pvu\/wp-json\/wp\/v2\/categories?post=48"},{"taxonomy":"post_tag","embeddable":true,"href":"https:\/\/stadtwerkezeitung.info\/pvu\/wp-json\/wp\/v2\/tags?post=48"}],"curies":[{"name":"wp","href":"https:\/\/api.w.org\/{rel}","templated":true}]}}