{"id":98,"date":"2025-05-26T07:52:50","date_gmt":"2025-05-26T07:52:50","guid":{"rendered":"https:\/\/stadtwerkezeitung.info\/pvu\/?p=98"},"modified":"2025-05-26T10:54:09","modified_gmt":"2025-05-26T10:54:09","slug":"pvu-auf-instagram-und-facebook-folgen","status":"publish","type":"post","link":"https:\/\/stadtwerkezeitung.info\/pvu\/2025\/05\/26\/pvu-auf-instagram-und-facebook-folgen\/","title":{"rendered":"PVU auf Instagram und Facebook folgen"},"content":{"rendered":"<h2>Soziale Netzwerke<\/h2>\n<h2>PVU auf Instagram und Facebook folgen<\/h2>\n<p><img decoding=\"async\" src=\"\/pvu\/wp-content\/uploads\/sites\/3\/2025\/05\/201-Bild_1insta.jpg\" alt=\"\"><\/p>\n<div>\n<p><em>Aktionen, Jobs und Havarien \u2014 auf Instagram informiert die PVU unter @pvuperleberg \u00fcber Aktuelles zu Wasser- und Energieversorgung in der Prignitz.<\/p>\n<p><small>Instagram: Screenshot<\/small><\/em><\/p>\n<\/div>\n<h2>Die PVU ist seit Kurzem auf Facebook und Instagram vertreten. Damit erweitert der Prignitzer Energie- und Wasserversorger seine Kommunikationswege und reagiert auf das ver\u00e4nderte Informationsverhalten vieler Kundinnen und Kunden. Ziel ist es, wichtige Hinweise, Einblicke in die Arbeit des Unternehmens sowie Neuigkeiten aus der Region schnell und direkt zu verbreiten.<\/h2>\n<div>\n<p>\u201eViele Menschen informieren sich heute in sozialen Netzwerken. Als regionales Unternehmen wollen wir genau dort pr\u00e4sent sein, wo unsere Kundinnen und Kunden bereits aktiv sind\u201c, sagt Holger Lossin, PVU-Gesch\u00e4ftsf\u00fchrer.<\/p>\n<h4>Aktuelles, Einblicke und Jobangebote<\/h4>\n<p>Wer den Kan\u00e4len der PVU folgt, erh\u00e4lt regelm\u00e4\u00dfig Updates \u2013 etwa zu geplanten Wartungsarbeiten oder St\u00f6rungen, Einblicke in den Arbeitsalltag der Mitarbeitenden sowie Veranstaltungshinweise aus der Prignitz. Auch offene Stellen und Ausbildungspl\u00e4tze werden dort ver\u00f6ffentlicht. Dar\u00fcber hinaus bietet der Auftritt eine weitere M\u00f6glichkeit zur direkten Kontaktaufnahme mit dem Unternehmen.<\/p>\n<h4>N\u00e4he zur Region auch digital<\/h4>\n<p>Mit dem Schritt in die sozialen Medien m\u00f6chte die PVU den Dialog mit der Region st\u00e4rken. Als kommunales Unternehmen legt sie gro\u00dfen Wert auf Transparenz und Nahbarkeit. Die Resonanz auf die ersten Beitr\u00e4ge ist positiv \u2013 die Reichweite w\u00e4chst kontinuierlich.<\/p>\n<\/div>\n<ul>\n<li>\n        <a href=\"https:\/\/www.facebook.com\/p\/PVU-Prignitzer-Energie-und-Wasserversorgungsunternehmen-GmbH-100057304935483\/\">PVU auf Facebook: @pvu.gmbh<\/a>\n    <\/li>\n<li>\n        <a href=\"https:\/\/www.instagram.com\/pvuperleberg\/\">auf Instagram: @pvuperleberg<\/a>\n    <\/li>\n<\/ul>\n<p><!--more--><br \/>\n<!-- {\"type\":\"layout\",\"children\":[{\"type\":\"section\",\"props\":{\"image_position\":\"center-center\",\"padding_remove_top\":true,\"style\":\"default\",\"title_breakpoint\":\"xl\",\"title_position\":\"top-left\",\"title_rotation\":\"left\",\"vertical_align\":\"\",\"width\":\"small\"},\"children\":[{\"type\":\"row\",\"children\":[{\"type\":\"column\",\"props\":{\"image_position\":\"center-center\",\"position_sticky_breakpoint\":\"m\"},\"children\":[{\"type\":\"headline\",\"props\":{\"content\":\"Soziale Netzwerke\",\"margin\":\"small\",\"margin_remove_bottom\":false,\"margin_remove_top\":false,\"title_element\":\"h2\",\"title_style\":\"h5\"}},{\"type\":\"headline\",\"props\":{\"content\":\"PVU auf Instagram und Facebook folgen\",\"margin\":\"small\",\"margin_remove_bottom\":false,\"margin_remove_top\":false,\"title_element\":\"h2\"}}]}]},{\"type\":\"row\",\"props\":{\"divider\":true,\"layout\":\"1-2,1-2\"},\"children\":[{\"type\":\"column\",\"props\":{\"image_position\":\"center-center\",\"position_sticky_breakpoint\":\"m\",\"width_medium\":\"1-2\"},\"children\":[{\"type\":\"image\",\"props\":{\"image\":\"wp-content\\\/uploads\\\/sites\\\/3\\\/2025\\\/05\\\/201-Bild_1insta.jpg\",\"image_svg_color\":\"emphasis\",\"margin\":\"default\"}},{\"type\":\"text\",\"props\":{\"column_breakpoint\":\"m\",\"content\":\"\n\n<p><em>Aktionen, Jobs und Havarien \\u2014 auf Instagram informiert die PVU unter @pvuperleberg \\u00fcber Aktuelles zu Wasser- und Energieversorgung in der Prignitz.\\n\\n\\n <br \\\/><small>Instagram: Screenshot<\\\/small><\\\/em><\\\/p>\",\"margin\":\"default\"}}]},{\"type\":\"column\",\"props\":{\"image_position\":\"center-center\",\"position_sticky_breakpoint\":\"m\",\"width_medium\":\"1-2\"},\"children\":[{\"type\":\"headline\",\"props\":{\"content\":\"Die PVU ist seit Kurzem auf Facebook und Instagram vertreten. Damit erweitert der Prignitzer Energie- und Wasserversorger seine Kommunikationswege und reagiert auf das ver\\u00e4nderte Informationsverhalten vieler Kundinnen und Kunden. Ziel ist es, wichtige Hinweise, Einblicke in die Arbeit des Unternehmens sowie Neuigkeiten aus der Region schnell und direkt zu verbreiten.\",\"margin\":\"small\",\"margin_remove_top\":false,\"title_element\":\"h2\",\"title_style\":\"text-lead\"}},{\"type\":\"text\",\"props\":{\"column_breakpoint\":\"m\",\"content\":\"\n\n<p>\\u201eViele Menschen informieren sich heute in sozialen Netzwerken. Als regionales Unternehmen wollen wir genau dort pr\\u00e4sent sein, wo unsere Kundinnen und Kunden bereits aktiv sind\\u201c, sagt Holger Lossin, PVU-Gesch\\u00e4ftsf\\u00fchrer.<\\\/p>\\n\n\n<h4>Aktuelles, Einblicke und Jobangebote<\\\/h4>\\n\n\n<p>Wer den Kan\\u00e4len der PVU folgt, erh\\u00e4lt regelm\\u00e4\\u00dfig Updates \\u2013 etwa zu geplanten Wartungsarbeiten oder St\\u00f6rungen, Einblicke in den Arbeitsalltag der Mitarbeitenden sowie Veranstaltungshinweise aus der Prignitz. Auch offene Stellen und Ausbildungspl\\u00e4tze werden dort ver\\u00f6ffentlicht. Dar\\u00fcber hinaus bietet der Auftritt eine weitere M\\u00f6glichkeit zur direkten Kontaktaufnahme mit dem Unternehmen.<\\\/p>\\n\n\n<h4>N\\u00e4he zur Region auch digital<\\\/h4>\\n\n\n<p>Mit dem Schritt in die sozialen Medien m\\u00f6chte die PVU den Dialog mit der Region st\\u00e4rken. Als kommunales Unternehmen legt sie gro\\u00dfen Wert auf Transparenz und Nahbarkeit. Die Resonanz auf die ersten Beitr\\u00e4ge ist positiv \\u2013 die Reichweite w\\u00e4chst kontinuierlich.<\\\/p>\",\"margin\":\"default\"}},{\"type\":\"button\",\"props\":{\"fullwidth\":true,\"grid_column_gap\":\"small\",\"grid_row_gap\":\"small\",\"margin\":\"default\"},\"children\":[{\"type\":\"button_item\",\"props\":{\"button_style\":\"default\",\"content\":\"PVU auf Facebook: @pvu.gmbh\",\"icon\":\"facebook\",\"icon_align\":\"left\",\"link\":\"https:\\\/\\\/www.facebook.com\\\/p\\\/PVU-Prignitzer-Energie-und-Wasserversorgungsunternehmen-GmbH-100057304935483\\\/\"}},{\"type\":\"button_item\",\"props\":{\"button_style\":\"default\",\"content\":\"auf Instagram: @pvuperleberg\",\"icon\":\"instagram\",\"icon_align\":\"left\",\"link\":\"https:\\\/\\\/www.instagram.com\\\/pvuperleberg\\\/\"}}]}]}]}],\"name\":\"rohrweber\"}],\"version\":\"4.4.1\"} --><\/p>\n","protected":false},"excerpt":{"rendered":"<p>Soziale Netzwerke PVU auf Instagram und Facebook folgen Aktionen, Jobs und Havarien \u2014 auf Instagram informiert die PVU unter @pvuperleberg \u00fcber Aktuelles zu Wasser- und Energieversorgung in der Prignitz. Instagram: Screenshot Die PVU ist seit Kurzem auf Facebook und Instagram vertreten. Damit erweitert der Prignitzer Energie- und Wasserversorger seine Kommunikationswege und reagiert auf das ver\u00e4nderte [&hellip;]<\/p>\n","protected":false},"author":1,"featured_media":0,"comment_status":"open","ping_status":"open","sticky":false,"template":"","format":"standard","meta":{"footnotes":""},"categories":[1],"tags":[],"class_list":["post-98","post","type-post","status-publish","format-standard","hentry","category-uncategorized"],"yoast_head":"<!-- This site is optimized with the Yoast SEO plugin v26.9 - https:\/\/yoast.com\/product\/yoast-seo-wordpress\/ -->\n<title>PVU auf Instagram und Facebook folgen - PVU aktuell<\/title>\n<meta name=\"description\" content=\"Die PVU ist seit Kurzem auf Facebook und Instagram vertreten und informiert als Regionalversorger ab sofort in den sozialen Netzwerken.\" \/>\n<meta name=\"robots\" content=\"index, follow, max-snippet:-1, max-image-preview:large, max-video-preview:-1\" \/>\n<link rel=\"canonical\" href=\"https:\/\/stadtwerkezeitung.info\/pvu\/2025\/05\/26\/pvu-auf-instagram-und-facebook-folgen\/\" \/>\n<meta property=\"og:locale\" content=\"en_US\" \/>\n<meta property=\"og:type\" content=\"article\" \/>\n<meta property=\"og:title\" content=\"PVU auf Instagram und Facebook folgen - PVU aktuell\" \/>\n<meta property=\"og:description\" content=\"Die PVU ist seit Kurzem auf Facebook und Instagram vertreten und informiert als Regionalversorger ab sofort in den sozialen Netzwerken.\" \/>\n<meta property=\"og:url\" content=\"https:\/\/stadtwerkezeitung.info\/pvu\/2025\/05\/26\/pvu-auf-instagram-und-facebook-folgen\/\" \/>\n<meta property=\"og:site_name\" content=\"PVU aktuell\" \/>\n<meta property=\"article:published_time\" content=\"2025-05-26T07:52:50+00:00\" \/>\n<meta property=\"article:modified_time\" content=\"2025-05-26T10:54:09+00:00\" \/>\n<meta name=\"author\" content=\"admin\" \/>\n<meta name=\"twitter:card\" content=\"summary_large_image\" \/>\n<meta name=\"twitter:label1\" content=\"Written by\" \/>\n\t<meta name=\"twitter:data1\" content=\"admin\" \/>\n\t<meta name=\"twitter:label2\" content=\"Est. reading time\" \/>\n\t<meta name=\"twitter:data2\" content=\"2 minutes\" \/>\n<script type=\"application\/ld+json\" class=\"yoast-schema-graph\">{\"@context\":\"https:\/\/schema.org\",\"@graph\":[{\"@type\":\"Article\",\"@id\":\"https:\/\/stadtwerkezeitung.info\/pvu\/2025\/05\/26\/pvu-auf-instagram-und-facebook-folgen\/#article\",\"isPartOf\":{\"@id\":\"https:\/\/stadtwerkezeitung.info\/pvu\/2025\/05\/26\/pvu-auf-instagram-und-facebook-folgen\/\"},\"author\":{\"name\":\"admin\",\"@id\":\"https:\/\/stadtwerkezeitung.info\/pvu\/#\/schema\/person\/acd409dca37d4bb8bf3a1284da7f1ee0\"},\"headline\":\"PVU auf Instagram und Facebook folgen\",\"datePublished\":\"2025-05-26T07:52:50+00:00\",\"dateModified\":\"2025-05-26T10:54:09+00:00\",\"mainEntityOfPage\":{\"@id\":\"https:\/\/stadtwerkezeitung.info\/pvu\/2025\/05\/26\/pvu-auf-instagram-und-facebook-folgen\/\"},\"wordCount\":237,\"commentCount\":0,\"publisher\":{\"@id\":\"https:\/\/stadtwerkezeitung.info\/pvu\/#organization\"},\"inLanguage\":\"en-US\",\"potentialAction\":[{\"@type\":\"CommentAction\",\"name\":\"Comment\",\"target\":[\"https:\/\/stadtwerkezeitung.info\/pvu\/2025\/05\/26\/pvu-auf-instagram-und-facebook-folgen\/#respond\"]}]},{\"@type\":\"WebPage\",\"@id\":\"https:\/\/stadtwerkezeitung.info\/pvu\/2025\/05\/26\/pvu-auf-instagram-und-facebook-folgen\/\",\"url\":\"https:\/\/stadtwerkezeitung.info\/pvu\/2025\/05\/26\/pvu-auf-instagram-und-facebook-folgen\/\",\"name\":\"PVU auf Instagram und Facebook folgen - PVU aktuell\",\"isPartOf\":{\"@id\":\"https:\/\/stadtwerkezeitung.info\/pvu\/#website\"},\"datePublished\":\"2025-05-26T07:52:50+00:00\",\"dateModified\":\"2025-05-26T10:54:09+00:00\",\"description\":\"Die PVU ist seit Kurzem auf Facebook und Instagram vertreten und informiert als Regionalversorger ab sofort in den sozialen Netzwerken.\",\"breadcrumb\":{\"@id\":\"https:\/\/stadtwerkezeitung.info\/pvu\/2025\/05\/26\/pvu-auf-instagram-und-facebook-folgen\/#breadcrumb\"},\"inLanguage\":\"en-US\",\"potentialAction\":[{\"@type\":\"ReadAction\",\"target\":[\"https:\/\/stadtwerkezeitung.info\/pvu\/2025\/05\/26\/pvu-auf-instagram-und-facebook-folgen\/\"]}]},{\"@type\":\"BreadcrumbList\",\"@id\":\"https:\/\/stadtwerkezeitung.info\/pvu\/2025\/05\/26\/pvu-auf-instagram-und-facebook-folgen\/#breadcrumb\",\"itemListElement\":[{\"@type\":\"ListItem\",\"position\":1,\"name\":\"Home\",\"item\":\"https:\/\/stadtwerkezeitung.info\/pvu\/\"},{\"@type\":\"ListItem\",\"position\":2,\"name\":\"PVU auf Instagram und Facebook folgen\"}]},{\"@type\":\"WebSite\",\"@id\":\"https:\/\/stadtwerkezeitung.info\/pvu\/#website\",\"url\":\"https:\/\/stadtwerkezeitung.info\/pvu\/\",\"name\":\"PVU aktuell\",\"description\":\"Ihre STADTWERKE ZEITUNG digital\",\"publisher\":{\"@id\":\"https:\/\/stadtwerkezeitung.info\/pvu\/#organization\"},\"inLanguage\":\"en-US\"},{\"@type\":\"Organization\",\"@id\":\"https:\/\/stadtwerkezeitung.info\/pvu\/#organization\",\"name\":\"PVU aktuell\",\"url\":\"https:\/\/stadtwerkezeitung.info\/pvu\/\",\"logo\":{\"@type\":\"ImageObject\",\"inLanguage\":\"en-US\",\"@id\":\"https:\/\/stadtwerkezeitung.info\/pvu\/#\/schema\/logo\/image\/\",\"url\":\"https:\/\/stadtwerkezeitung.info\/pvu\/wp-content\/uploads\/sites\/3\/2025\/01\/PVU_logo.png\",\"contentUrl\":\"https:\/\/stadtwerkezeitung.info\/pvu\/wp-content\/uploads\/sites\/3\/2025\/01\/PVU_logo.png\",\"width\":1045,\"height\":472,\"caption\":\"PVU aktuell\"},\"image\":{\"@id\":\"https:\/\/stadtwerkezeitung.info\/pvu\/#\/schema\/logo\/image\/\"}},{\"@type\":\"Person\",\"@id\":\"https:\/\/stadtwerkezeitung.info\/pvu\/#\/schema\/person\/acd409dca37d4bb8bf3a1284da7f1ee0\",\"name\":\"admin\",\"image\":{\"@type\":\"ImageObject\",\"inLanguage\":\"en-US\",\"@id\":\"https:\/\/stadtwerkezeitung.info\/pvu\/#\/schema\/person\/image\/\",\"url\":\"https:\/\/secure.gravatar.com\/avatar\/52dc0b3340c8087a51f52eaa20dc62cd4a6fe41f5bd886140989db7b572c00cd?s=96&d=mm&r=g\",\"contentUrl\":\"https:\/\/secure.gravatar.com\/avatar\/52dc0b3340c8087a51f52eaa20dc62cd4a6fe41f5bd886140989db7b572c00cd?s=96&d=mm&r=g\",\"caption\":\"admin\"},\"sameAs\":[\"https:\/\/stadtwerkezeitung.info\"]}]}<\/script>\n<!-- \/ Yoast SEO plugin. -->","yoast_head_json":{"title":"PVU auf Instagram und Facebook folgen - PVU aktuell","description":"Die PVU ist seit Kurzem auf Facebook und Instagram vertreten und informiert als Regionalversorger ab sofort in den sozialen Netzwerken.","robots":{"index":"index","follow":"follow","max-snippet":"max-snippet:-1","max-image-preview":"max-image-preview:large","max-video-preview":"max-video-preview:-1"},"canonical":"https:\/\/stadtwerkezeitung.info\/pvu\/2025\/05\/26\/pvu-auf-instagram-und-facebook-folgen\/","og_locale":"en_US","og_type":"article","og_title":"PVU auf Instagram und Facebook folgen - PVU aktuell","og_description":"Die PVU ist seit Kurzem auf Facebook und Instagram vertreten und informiert als Regionalversorger ab sofort in den sozialen Netzwerken.","og_url":"https:\/\/stadtwerkezeitung.info\/pvu\/2025\/05\/26\/pvu-auf-instagram-und-facebook-folgen\/","og_site_name":"PVU aktuell","article_published_time":"2025-05-26T07:52:50+00:00","article_modified_time":"2025-05-26T10:54:09+00:00","author":"admin","twitter_card":"summary_large_image","twitter_misc":{"Written by":"admin","Est. reading time":"2 minutes"},"schema":{"@context":"https:\/\/schema.org","@graph":[{"@type":"Article","@id":"https:\/\/stadtwerkezeitung.info\/pvu\/2025\/05\/26\/pvu-auf-instagram-und-facebook-folgen\/#article","isPartOf":{"@id":"https:\/\/stadtwerkezeitung.info\/pvu\/2025\/05\/26\/pvu-auf-instagram-und-facebook-folgen\/"},"author":{"name":"admin","@id":"https:\/\/stadtwerkezeitung.info\/pvu\/#\/schema\/person\/acd409dca37d4bb8bf3a1284da7f1ee0"},"headline":"PVU auf Instagram und Facebook folgen","datePublished":"2025-05-26T07:52:50+00:00","dateModified":"2025-05-26T10:54:09+00:00","mainEntityOfPage":{"@id":"https:\/\/stadtwerkezeitung.info\/pvu\/2025\/05\/26\/pvu-auf-instagram-und-facebook-folgen\/"},"wordCount":237,"commentCount":0,"publisher":{"@id":"https:\/\/stadtwerkezeitung.info\/pvu\/#organization"},"inLanguage":"en-US","potentialAction":[{"@type":"CommentAction","name":"Comment","target":["https:\/\/stadtwerkezeitung.info\/pvu\/2025\/05\/26\/pvu-auf-instagram-und-facebook-folgen\/#respond"]}]},{"@type":"WebPage","@id":"https:\/\/stadtwerkezeitung.info\/pvu\/2025\/05\/26\/pvu-auf-instagram-und-facebook-folgen\/","url":"https:\/\/stadtwerkezeitung.info\/pvu\/2025\/05\/26\/pvu-auf-instagram-und-facebook-folgen\/","name":"PVU auf Instagram und Facebook folgen - PVU aktuell","isPartOf":{"@id":"https:\/\/stadtwerkezeitung.info\/pvu\/#website"},"datePublished":"2025-05-26T07:52:50+00:00","dateModified":"2025-05-26T10:54:09+00:00","description":"Die PVU ist seit Kurzem auf Facebook und Instagram vertreten und informiert als Regionalversorger ab sofort in den sozialen Netzwerken.","breadcrumb":{"@id":"https:\/\/stadtwerkezeitung.info\/pvu\/2025\/05\/26\/pvu-auf-instagram-und-facebook-folgen\/#breadcrumb"},"inLanguage":"en-US","potentialAction":[{"@type":"ReadAction","target":["https:\/\/stadtwerkezeitung.info\/pvu\/2025\/05\/26\/pvu-auf-instagram-und-facebook-folgen\/"]}]},{"@type":"BreadcrumbList","@id":"https:\/\/stadtwerkezeitung.info\/pvu\/2025\/05\/26\/pvu-auf-instagram-und-facebook-folgen\/#breadcrumb","itemListElement":[{"@type":"ListItem","position":1,"name":"Home","item":"https:\/\/stadtwerkezeitung.info\/pvu\/"},{"@type":"ListItem","position":2,"name":"PVU auf Instagram und Facebook folgen"}]},{"@type":"WebSite","@id":"https:\/\/stadtwerkezeitung.info\/pvu\/#website","url":"https:\/\/stadtwerkezeitung.info\/pvu\/","name":"PVU aktuell","description":"Ihre STADTWERKE ZEITUNG digital","publisher":{"@id":"https:\/\/stadtwerkezeitung.info\/pvu\/#organization"},"inLanguage":"en-US"},{"@type":"Organization","@id":"https:\/\/stadtwerkezeitung.info\/pvu\/#organization","name":"PVU aktuell","url":"https:\/\/stadtwerkezeitung.info\/pvu\/","logo":{"@type":"ImageObject","inLanguage":"en-US","@id":"https:\/\/stadtwerkezeitung.info\/pvu\/#\/schema\/logo\/image\/","url":"https:\/\/stadtwerkezeitung.info\/pvu\/wp-content\/uploads\/sites\/3\/2025\/01\/PVU_logo.png","contentUrl":"https:\/\/stadtwerkezeitung.info\/pvu\/wp-content\/uploads\/sites\/3\/2025\/01\/PVU_logo.png","width":1045,"height":472,"caption":"PVU aktuell"},"image":{"@id":"https:\/\/stadtwerkezeitung.info\/pvu\/#\/schema\/logo\/image\/"}},{"@type":"Person","@id":"https:\/\/stadtwerkezeitung.info\/pvu\/#\/schema\/person\/acd409dca37d4bb8bf3a1284da7f1ee0","name":"admin","image":{"@type":"ImageObject","inLanguage":"en-US","@id":"https:\/\/stadtwerkezeitung.info\/pvu\/#\/schema\/person\/image\/","url":"https:\/\/secure.gravatar.com\/avatar\/52dc0b3340c8087a51f52eaa20dc62cd4a6fe41f5bd886140989db7b572c00cd?s=96&d=mm&r=g","contentUrl":"https:\/\/secure.gravatar.com\/avatar\/52dc0b3340c8087a51f52eaa20dc62cd4a6fe41f5bd886140989db7b572c00cd?s=96&d=mm&r=g","caption":"admin"},"sameAs":["https:\/\/stadtwerkezeitung.info"]}]}},"_links":{"self":[{"href":"https:\/\/stadtwerkezeitung.info\/pvu\/wp-json\/wp\/v2\/posts\/98","targetHints":{"allow":["GET"]}}],"collection":[{"href":"https:\/\/stadtwerkezeitung.info\/pvu\/wp-json\/wp\/v2\/posts"}],"about":[{"href":"https:\/\/stadtwerkezeitung.info\/pvu\/wp-json\/wp\/v2\/types\/post"}],"author":[{"embeddable":true,"href":"https:\/\/stadtwerkezeitung.info\/pvu\/wp-json\/wp\/v2\/users\/1"}],"replies":[{"embeddable":true,"href":"https:\/\/stadtwerkezeitung.info\/pvu\/wp-json\/wp\/v2\/comments?post=98"}],"version-history":[{"count":4,"href":"https:\/\/stadtwerkezeitung.info\/pvu\/wp-json\/wp\/v2\/posts\/98\/revisions"}],"predecessor-version":[{"id":150,"href":"https:\/\/stadtwerkezeitung.info\/pvu\/wp-json\/wp\/v2\/posts\/98\/revisions\/150"}],"wp:attachment":[{"href":"https:\/\/stadtwerkezeitung.info\/pvu\/wp-json\/wp\/v2\/media?parent=98"}],"wp:term":[{"taxonomy":"category","embeddable":true,"href":"https:\/\/stadtwerkezeitung.info\/pvu\/wp-json\/wp\/v2\/categories?post=98"},{"taxonomy":"post_tag","embeddable":true,"href":"https:\/\/stadtwerkezeitung.info\/pvu\/wp-json\/wp\/v2\/tags?post=98"}],"curies":[{"name":"wp","href":"https:\/\/api.w.org\/{rel}","templated":true}]}}