{"id":194,"date":"2025-08-25T08:04:15","date_gmt":"2025-08-25T08:04:15","guid":{"rendered":"https:\/\/stadtwerkezeitung.info\/schwedt\/?p=194"},"modified":"2025-08-25T08:12:19","modified_gmt":"2025-08-25T08:12:19","slug":"highspeed-fuer-das-zuhause-auf-zeit","status":"publish","type":"post","link":"https:\/\/stadtwerkezeitung.info\/schwedt\/2025\/08\/25\/highspeed-fuer-das-zuhause-auf-zeit\/","title":{"rendered":"Highspeed f\u00fcr das Zuhause auf Zeit"},"content":{"rendered":"<h2>Stadtwerke-Giganetz: Glasfaser-L\u00f6sungen f\u00fcr alle Kunden <\/h2>\n<h1>Highspeed f\u00fcr das Zuhause auf Zeit<\/h1>\n<h2>Seit 2019 haben die Stadtwerke Schwedt im Rahmen der Bundesf\u00f6rderung Glasfaser ihr Netz f\u00fcr Gigabitgeschwindigkeiten ger\u00fcstet. Seitdem wird das Giganetz mit eigenen Mitteln weiter ausgebaut \u2013 mit passenden L\u00f6sungen f\u00fcr alle Kunden. Das zeigt auch das Beispiel vom Mutter-Vater-Kind-Wohnen in Schwedt.<\/h2>\n<p><img decoding=\"async\" src=\"\/schwedt\/wp-content\/uploads\/sites\/5\/2025\/08\/102_Teaser__MG_2709_plus_NEU_neu.png\" alt=\"\"><\/p>\n<div>\n<p><em>P\u00e4dagogischer Mitarbeiter Toni Pinkpank, p\u00e4dagogische Mitarbeiterin Nadine Wendt\u2009(li.) und therapeutische Mitarbeiterin Nadja Stodtmeister (re.) mit einer Bewohnerin der EJF-Wohngruppe\u2009(2.\u2009v.\u2009re.) freuen sich auf den neuen Glasfaseranschluss und schnellere Internetverbindungen.<\/p>\n<p><small> Fotos: SPREE-PR\/Petsch <br \/><\/small><\/em><\/p>\n<\/div>\n<div>In der Berliner Stra\u00dfe befinden sich die Wohnprojekte \u201eMarlene\u201c und \u201ePauline\u201c des EJF Kinder- und Jugendhilfeverbunds Uckermark. Hier finden minderj\u00e4hrige Schwangere, alleinerziehende Elternteile oder Familien mit Kindern in schwierigen Lebenssituationen nicht nur ein Zuhause auf Zeit, sondern auch funktionierende Unterst\u00fctzung und Hilfe zur Selbsthilfe.<\/div>\n<div>\n<h4>Schnelles Internet<\/h4>\n<p>Derzeit wird das Wohnprojekt an das Glasfasernetz der Stadtwerke Schwedt angeschlossen. \u201eDie Zug\u00e4nge sind gelegt\u201c, freut sich EJF-Bereichsleiterin Sabine Radtke. \u201eDie Corona-Pandemie und der Bedarf an Videokonferenzen haben Schw\u00e4chen aufgezeigt. Eine schnelle, verl\u00e4ssliche Internetverbindung ist f\u00fcr unsere Arbeit und den Austausch mit Jugend\u00e4mtern enorm wichtig. Unsere Familien kommen nicht nur aus Schwedt, wir werden aus vielen anderen Landkreisen und Bundesl\u00e4ndern angefragt, so hatten wir auch schon Aufnahmen aus Bayern.\u201c Da braucht es gute Verbindungen, menschlich, wie digital.<\/p>\n<p>Das Schwedter Wohnprojekt ist besonders: M\u00fctter und V\u00e4ter k\u00f6nnen mit ihren Kindern gemeinsam untergebracht werden. \u201eFamilien werden nicht getrennt, auch wenn ein Elternteil Probleme wie Sucht, psychische Erkrankungen oder Traumatisierungen hat. In diesem Fall ist es wichtig, dass die Bereitschaft zur Ver\u00e4nderung oder Behandlung vorhanden ist\u201c, erkl\u00e4rt Fachleiterin Josefine B\u00f6we. \u201eUnser oberstes Ziel ist es, den Kindern Schutz und Sicherheit zu bieten und die Eltern zur Selbstst\u00e4ndigkeit zu bef\u00e4higen.\u201c<\/p>\n<p>Neben 14\u2009Familienzimmern und vier Gemeinschaftsk\u00fcchen gibt es eine weitere Besonderheit: \u201eWir haben unsere hausinterne Kinderbetreuung \u201aMitmachstube\u00b4 mit drei Mitarbeitenden, die tags\u00fcber die Eltern bei der F\u00f6rderung und Betreuung einbeziehen sowie unterst\u00fctzen\u201c, so Josefine B\u00f6we. Im Schnitt leben Familien zwei Jahre hier.<\/p>\n<h4>Auch Familien wollen streamen &amp; surfen<\/h4>\n<p>Auch beim Glasfaserprodukt wurden die Bed\u00fcrfnisse der Bewohner ber\u00fccksichtigt: Die Familien wollen streamen, surfen, Fotos und Videos hochladen. F\u00fcr Videoportale, Streaming-Dienste, Cloud- und Internetnutzung reichen unter 50\u2009Mbit\/s l\u00e4ngst nicht mehr aus. 1.000\u2009Mbit\/s sind im Glasfaser-Netz kein Problem.<\/p>\n<\/div>\n<p><img decoding=\"async\" src=\"\/schwedt\/wp-content\/uploads\/sites\/5\/2025\/08\/102_Bild_2_Werbeflakat_flyer.png\" alt=\"\"><\/p>\n<div>\n<p><em><small>Quelle: SWS<\/small><\/em><\/p>\n<\/div>\n<p><img decoding=\"async\" src=\"\/schwedt\/wp-content\/uploads\/sites\/5\/2025\/08\/102_Bild_3__MG_2774.png\" alt=\"\"><\/p>\n<div>\n<p><em>Stadtwerke-Mitarbeiterin Mia Schmidt im Kundenzentrum mit einem Glasfaseranschluss.<\/p>\n<p><small>Foto: SPREE-PR\/Petsch<br \/><\/small><\/em><\/p>\n<\/div>\n<div>\n<p>\u201eUnsere Glasfaserprodukte bieten im Upload und Download gleiche Geschwindigkeiten\u201c, erkl\u00e4rt Grit Haese, Ansprechpartnerin f\u00fcr Gesch\u00e4ftskunden im Bereich Telekommunikation bei den Stadtwerken Schwedt. \u201eUnd wir sind vor Ort \u2013 beraten Haushalte und Unternehmen individuell.\u201c<\/p>\n<h4>Warum verlegen Mitbewerber zus\u00e4tzlich Glasfaser in Schwedt?<\/h4>\n<p>\u201eDass andere Anbieter ein eigenes Netz aufbauen, ist legitim, Konkurrenz belebt das Gesch\u00e4ft\u201c, sagt Stadtwerke-Gesch\u00e4ftsf\u00fchrer Dirk Sasson. \u201eEs zeigt uns: Wir haben mit unserer vorausschauenden Netzstrategie fr\u00fchzeitig richtig entschieden.\u201c Das Stadtwerke-Gigabitnetz ist leistungsf\u00e4hig, fair, transparent \u2013 und konkurrenzf\u00e4hig.<\/p>\n<\/div>\n<div>\n<div>\n<p>Fragen zur Glasfaser? Die Stadtwerke Schwedt beraten pers\u00f6nlich im Kundenzentrum im CKS, unter 03332 449-449, <a href=\"mailto:kundenservice@stadtwerke-schwedt.de\">kundenservice@stadtwerke-schwedt.de<\/a>.<\/p>\n<\/div>\n<\/div>\n<p><!--more--><br \/>\n<!-- {\"type\":\"layout\",\"children\":[{\"type\":\"section\",\"props\":{\"image_position\":\"center-center\",\"padding_remove_top\":true,\"style\":\"default\",\"title_breakpoint\":\"xl\",\"title_position\":\"top-left\",\"title_rotation\":\"left\",\"vertical_align\":\"\",\"width\":\"small\"},\"children\":[{\"type\":\"row\",\"children\":[{\"type\":\"column\",\"props\":{\"image_position\":\"center-center\",\"position_sticky_breakpoint\":\"m\"},\"children\":[{\"type\":\"headline\",\"props\":{\"content\":\"Stadtwerke-Giganetz: Glasfaser-L\\u00f6sungen f\\u00fcr alle Kunden \",\"margin\":\"small\",\"margin_remove_bottom\":false,\"margin_remove_top\":false,\"title_element\":\"h2\",\"title_style\":\"h6\"}},{\"type\":\"headline\",\"props\":{\"content\":\"Highspeed f\\u00fcr das Zuhause auf Zeit\",\"margin\":\"small\",\"margin_remove_bottom\":false,\"margin_remove_top\":false,\"title_element\":\"h1\",\"title_style\":\"h2\"}},{\"type\":\"headline\",\"props\":{\"content\":\"Seit 2019 haben die Stadtwerke Schwedt im Rahmen der Bundesf\\u00f6rderung Glasfaser ihr Netz f\\u00fcr Gigabitgeschwindigkeiten ger\\u00fcstet. Seitdem wird das Giganetz mit eigenen Mitteln weiter ausgebaut \\u2013 mit passenden L\\u00f6sungen f\\u00fcr alle Kunden. Das zeigt auch das Beispiel vom Mutter-Vater-Kind-Wohnen in Schwedt.\",\"margin\":\"small\",\"margin_remove_top\":false,\"title_element\":\"h2\",\"title_style\":\"text-lead\"}},{\"type\":\"image\",\"props\":{\"image\":\"wp-content\\\/uploads\\\/sites\\\/5\\\/2025\\\/08\\\/102_Teaser__MG_2709_plus_NEU_neu.png\",\"image_svg_color\":\"emphasis\",\"margin\":\"default\"}},{\"type\":\"text\",\"props\":{\"column_breakpoint\":\"m\",\"content\":\"\n\n<p><em>P\\u00e4dagogischer Mitarbeiter Toni Pinkpank, p\\u00e4dagogische Mitarbeiterin Nadine Wendt\\u2009(li.) und therapeutische Mitarbeiterin Nadja Stodtmeister (re.) mit einer Bewohnerin der EJF-Wohngruppe\\u2009(2.\\u2009v.\\u2009re.) freuen sich auf den neuen Glasfaseranschluss und schnellere Internetverbindungen.\\n\\n    \\n    <br \\\/><small> Fotos: SPREE-PR\\\/Petsch <br \\\/><\\\/small><\\\/em><\\\/p>\",\"margin\":\"default\"}},{\"type\":\"text\",\"props\":{\"column_breakpoint\":\"m\",\"content\":\"In der Berliner Stra\\u00dfe befinden sich die Wohnprojekte \\u201eMarlene\\u201c und \\u201ePauline\\u201c des EJF Kinder- und Jugendhilfeverbunds Uckermark. Hier finden minderj\\u00e4hrige Schwangere, alleinerziehende Elternteile oder Familien mit Kindern in schwierigen Lebenssituationen nicht nur ein Zuhause auf Zeit, sondern auch funktionierende Unterst\\u00fctzung und Hilfe zur Selbsthilfe.\",\"margin\":\"default\"}}]}]},{\"type\":\"row\",\"props\":{\"divider\":true,\"layout\":\"1-2,1-2\"},\"children\":[{\"type\":\"column\",\"props\":{\"image_position\":\"center-center\",\"position_sticky_breakpoint\":\"m\",\"width_medium\":\"1-2\"},\"children\":[{\"type\":\"text\",\"props\":{\"column_breakpoint\":\"m\",\"content\":\"\n\n<h4>Schnelles Internet<\\\/h4>\\n\n\n<p>Derzeit wird das Wohnprojekt an das Glasfasernetz der Stadtwerke Schwedt angeschlossen. \\u201eDie Zug\\u00e4nge sind gelegt\\u201c, freut sich EJF-Bereichsleiterin Sabine Radtke. \\u201eDie Corona-Pandemie und der Bedarf an Videokonferenzen haben Schw\\u00e4chen aufgezeigt. Eine schnelle, verl\\u00e4ssliche Internetverbindung ist f\\u00fcr unsere Arbeit und den Austausch mit Jugend\\u00e4mtern enorm wichtig. Unsere Familien kommen nicht nur aus Schwedt, wir werden aus vielen anderen Landkreisen und Bundesl\\u00e4ndern angefragt, so hatten wir auch schon Aufnahmen aus Bayern.\\u201c Da braucht es gute Verbindungen, menschlich, wie digital.<\\\/p>\\n\n\n<p>Das Schwedter Wohnprojekt ist besonders: M\\u00fctter und V\\u00e4ter k\\u00f6nnen mit ihren Kindern gemeinsam untergebracht werden. \\u201eFamilien werden nicht getrennt, auch wenn ein Elternteil Probleme wie Sucht, psychische Erkrankungen oder Traumatisierungen hat. In diesem Fall ist es wichtig, dass die Bereitschaft zur Ver\\u00e4nderung oder Behandlung vorhanden ist\\u201c, erkl\\u00e4rt Fachleiterin Josefine B\\u00f6we. \\u201eUnser oberstes Ziel ist es, den Kindern Schutz und Sicherheit zu bieten und die Eltern zur Selbstst\\u00e4ndigkeit zu bef\\u00e4higen.\\u201c<\\\/p>\\n\n\n<p>Neben 14\\u2009Familienzimmern und vier Gemeinschaftsk\\u00fcchen gibt es eine weitere Besonderheit: \\u201eWir haben unsere hausinterne Kinderbetreuung \\u201aMitmachstube\\u00b4 mit drei Mitarbeitenden, die tags\\u00fcber die Eltern bei der F\\u00f6rderung und Betreuung einbeziehen sowie unterst\\u00fctzen\\u201c, so Josefine B\\u00f6we. Im Schnitt leben Familien zwei Jahre hier.<\\\/p>\\n\n\n<h4>Auch Familien wollen streamen &amp; surfen<\\\/h4>\\n\n\n<p>Auch beim Glasfaserprodukt wurden die Bed\\u00fcrfnisse der Bewohner ber\\u00fccksichtigt: Die Familien wollen streamen, surfen, Fotos und Videos hochladen. F\\u00fcr Videoportale, Streaming-Dienste, Cloud- und Internetnutzung reichen unter 50\\u2009Mbit\\\/s l\\u00e4ngst nicht mehr aus. 1.000\\u2009Mbit\\\/s sind im Glasfaser-Netz kein Problem.<\\\/p>\",\"margin\":\"default\"}}]},{\"type\":\"column\",\"props\":{\"image_position\":\"center-center\",\"position_sticky_breakpoint\":\"m\",\"vertical_align\":\"middle\",\"width_medium\":\"1-2\"},\"children\":[{\"type\":\"image\",\"props\":{\"image\":\"wp-content\\\/uploads\\\/sites\\\/5\\\/2025\\\/08\\\/102_Bild_2_Werbeflakat_flyer.png\",\"image_svg_color\":\"emphasis\",\"margin\":\"default\"}},{\"type\":\"text\",\"props\":{\"column_breakpoint\":\"m\",\"content\":\"\n\n<p><em><small>Quelle: SWS<\\\/small><\\\/em><\\\/p>\",\"margin\":\"default\"}}]}]},{\"type\":\"row\",\"children\":[{\"type\":\"column\",\"props\":{\"image_position\":\"center-center\",\"position_sticky_breakpoint\":\"m\"},\"children\":[{\"type\":\"image\",\"props\":{\"image\":\"wp-content\\\/uploads\\\/sites\\\/5\\\/2025\\\/08\\\/102_Bild_3__MG_2774.png\",\"image_svg_color\":\"emphasis\",\"margin\":\"default\"}},{\"type\":\"text\",\"props\":{\"column_breakpoint\":\"m\",\"content\":\"\n\n<p><em>Stadtwerke-Mitarbeiterin Mia Schmidt im Kundenzentrum mit einem Glasfaseranschluss.\\n\\n    \\n    <br \\\/><small>Foto: SPREE-PR\\\/Petsch<br \\\/><\\\/small><\\\/em><\\\/p>\",\"margin\":\"default\"}}]}]},{\"type\":\"row\",\"props\":{\"divider\":true,\"layout\":\"1-2,1-2\"},\"children\":[{\"type\":\"column\",\"props\":{\"image_position\":\"center-center\",\"position_sticky_breakpoint\":\"m\",\"width_medium\":\"1-2\"},\"children\":[{\"type\":\"text\",\"props\":{\"column_breakpoint\":\"m\",\"content\":\"\n\n<p>\\u201eUnsere Glasfaserprodukte bieten im Upload und Download gleiche Geschwindigkeiten\\u201c, erkl\\u00e4rt Grit Haese, Ansprechpartnerin f\\u00fcr Gesch\\u00e4ftskunden im Bereich Telekommunikation bei den Stadtwerken Schwedt. \\u201eUnd wir sind vor Ort \\u2013 beraten Haushalte und Unternehmen individuell.\\u201c<\\\/p>\\n\n\n<h4>Warum verlegen Mitbewerber zus\\u00e4tzlich Glasfaser in Schwedt?<\\\/h4>\\n\n\n<p>\\u201eDass andere Anbieter ein eigenes Netz aufbauen, ist legitim, Konkurrenz belebt das Gesch\\u00e4ft\\u201c, sagt Stadtwerke-Gesch\\u00e4ftsf\\u00fchrer Dirk Sasson. \\u201eEs zeigt uns: Wir haben mit unserer vorausschauenden Netzstrategie fr\\u00fchzeitig richtig entschieden.\\u201c Das Stadtwerke-Gigabitnetz ist leistungsf\\u00e4hig, fair, transparent \\u2013 und konkurrenzf\\u00e4hig.<\\\/p>\",\"margin\":\"default\"}}]},{\"type\":\"column\",\"props\":{\"image_position\":\"center-center\",\"position_sticky_breakpoint\":\"m\",\"vertical_align\":\"middle\",\"width_medium\":\"1-2\"},\"children\":[{\"type\":\"panel\",\"props\":{\"content\":\"\n\n<p>Fragen zur Glasfaser? Die Stadtwerke Schwedt beraten pers\\u00f6nlich im Kundenzentrum im CKS, unter 03332 449-449, <a href=\\\"mailto:kundenservice@stadtwerke-schwedt.de\\\">kundenservice@stadtwerke-schwedt.de<\\\/a>.<\\\/p>\",\"content_column_breakpoint\":\"m\",\"icon\":\"question\",\"icon_width\":80,\"image_align\":\"left\",\"image_grid_breakpoint\":\"m\",\"image_grid_width\":\"auto\",\"image_svg_color\":\"emphasis\",\"image_vertical_align\":true,\"link_style\":\"default\",\"link_text\":\"Read more\",\"margin\":\"default\",\"meta_align\":\"below-title\",\"meta_element\":\"div\",\"meta_style\":\"text-meta\",\"panel_padding\":\"default\",\"panel_style\":\"card-secondary\",\"title_align\":\"top\",\"title_element\":\"h3\",\"title_grid_breakpoint\":\"m\",\"title_grid_width\":\"1-2\",\"title_hover_style\":\"reset\"}}]}]}],\"name\":\"Artikel Format\"}],\"version\":\"4.4.1\"} --><\/p>\n","protected":false},"excerpt":{"rendered":"<p>Stadtwerke-Giganetz: Glasfaser-L\u00f6sungen f\u00fcr alle Kunden Highspeed f\u00fcr das Zuhause auf Zeit Seit 2019 haben die Stadtwerke Schwedt im Rahmen der Bundesf\u00f6rderung Glasfaser ihr Netz f\u00fcr Gigabitgeschwindigkeiten ger\u00fcstet. Seitdem wird das Giganetz mit eigenen Mitteln weiter ausgebaut \u2013 mit passenden L\u00f6sungen f\u00fcr alle Kunden. Das zeigt auch das Beispiel vom Mutter-Vater-Kind-Wohnen in Schwedt. P\u00e4dagogischer Mitarbeiter Toni [&hellip;]<\/p>\n","protected":false},"author":1,"featured_media":197,"comment_status":"open","ping_status":"open","sticky":false,"template":"","format":"standard","meta":{"footnotes":""},"categories":[1],"tags":[],"class_list":["post-194","post","type-post","status-publish","format-standard","has-post-thumbnail","hentry","category-uncategorized"],"yoast_head":"<!-- This site is optimized with the Yoast SEO plugin v26.9 - https:\/\/yoast.com\/product\/yoast-seo-wordpress\/ -->\n<title>Highspeed f\u00fcr das Zuhause auf Zeit - UMschau Schwedt<\/title>\n<meta name=\"description\" content=\"Seit 2019 haben die Stadtwerke Schwedt im Rahmen der Bundesf\u00f6rderung Glasfaser ihr Netz f\u00fcr Gigabitgeschwindigkeiten ger\u00fcstet. Seitdem wird das Giganetz mit eigenen Mitteln weiter ausgebaut \u2013 mit passenden L\u00f6sungen f\u00fcr alle Kunden. Das zeigt auch das Beispiel vom Mutter-Vater-Kind-Wohnen in Schwedt.\" \/>\n<meta name=\"robots\" content=\"index, follow, max-snippet:-1, max-image-preview:large, max-video-preview:-1\" \/>\n<link rel=\"canonical\" href=\"https:\/\/stadtwerkezeitung.info\/schwedt\/2025\/08\/25\/highspeed-fuer-das-zuhause-auf-zeit\/\" \/>\n<meta property=\"og:locale\" content=\"en_US\" \/>\n<meta property=\"og:type\" content=\"article\" \/>\n<meta property=\"og:title\" content=\"Highspeed f\u00fcr das Zuhause auf Zeit - UMschau Schwedt\" \/>\n<meta property=\"og:description\" content=\"Seit 2019 haben die Stadtwerke Schwedt im Rahmen der Bundesf\u00f6rderung Glasfaser ihr Netz f\u00fcr Gigabitgeschwindigkeiten ger\u00fcstet. Seitdem wird das Giganetz mit eigenen Mitteln weiter ausgebaut \u2013 mit passenden L\u00f6sungen f\u00fcr alle Kunden. Das zeigt auch das Beispiel vom Mutter-Vater-Kind-Wohnen in Schwedt.\" \/>\n<meta property=\"og:url\" content=\"https:\/\/stadtwerkezeitung.info\/schwedt\/2025\/08\/25\/highspeed-fuer-das-zuhause-auf-zeit\/\" \/>\n<meta property=\"og:site_name\" content=\"UMschau Schwedt\" \/>\n<meta property=\"article:published_time\" content=\"2025-08-25T08:04:15+00:00\" \/>\n<meta property=\"article:modified_time\" content=\"2025-08-25T08:12:19+00:00\" \/>\n<meta property=\"og:image\" content=\"https:\/\/stadtwerkezeitung.info\/schwedt\/wp-content\/uploads\/sites\/5\/2025\/08\/102_Teaser__MG_2709_plus_NEU_neu.png\" \/>\n\t<meta property=\"og:image:width\" content=\"900\" \/>\n\t<meta property=\"og:image:height\" content=\"600\" \/>\n\t<meta property=\"og:image:type\" content=\"image\/png\" \/>\n<meta name=\"author\" content=\"admin\" \/>\n<meta name=\"twitter:card\" content=\"summary_large_image\" \/>\n<meta name=\"twitter:label1\" content=\"Written by\" \/>\n\t<meta name=\"twitter:data1\" content=\"admin\" \/>\n\t<meta name=\"twitter:label2\" content=\"Est. reading time\" \/>\n\t<meta name=\"twitter:data2\" content=\"2 minutes\" \/>\n<script type=\"application\/ld+json\" class=\"yoast-schema-graph\">{\"@context\":\"https:\/\/schema.org\",\"@graph\":[{\"@type\":\"Article\",\"@id\":\"https:\/\/stadtwerkezeitung.info\/schwedt\/2025\/08\/25\/highspeed-fuer-das-zuhause-auf-zeit\/#article\",\"isPartOf\":{\"@id\":\"https:\/\/stadtwerkezeitung.info\/schwedt\/2025\/08\/25\/highspeed-fuer-das-zuhause-auf-zeit\/\"},\"author\":{\"name\":\"admin\",\"@id\":\"https:\/\/stadtwerkezeitung.info\/schwedt\/#\/schema\/person\/acd409dca37d4bb8bf3a1284da7f1ee0\"},\"headline\":\"Highspeed f\u00fcr das Zuhause auf Zeit\",\"datePublished\":\"2025-08-25T08:04:15+00:00\",\"dateModified\":\"2025-08-25T08:12:19+00:00\",\"mainEntityOfPage\":{\"@id\":\"https:\/\/stadtwerkezeitung.info\/schwedt\/2025\/08\/25\/highspeed-fuer-das-zuhause-auf-zeit\/\"},\"wordCount\":522,\"commentCount\":0,\"image\":{\"@id\":\"https:\/\/stadtwerkezeitung.info\/schwedt\/2025\/08\/25\/highspeed-fuer-das-zuhause-auf-zeit\/#primaryimage\"},\"thumbnailUrl\":\"https:\/\/stadtwerkezeitung.info\/schwedt\/wp-content\/uploads\/sites\/5\/2025\/08\/102_Teaser__MG_2709_plus_NEU_neu.png\",\"inLanguage\":\"en-US\",\"potentialAction\":[{\"@type\":\"CommentAction\",\"name\":\"Comment\",\"target\":[\"https:\/\/stadtwerkezeitung.info\/schwedt\/2025\/08\/25\/highspeed-fuer-das-zuhause-auf-zeit\/#respond\"]}]},{\"@type\":\"WebPage\",\"@id\":\"https:\/\/stadtwerkezeitung.info\/schwedt\/2025\/08\/25\/highspeed-fuer-das-zuhause-auf-zeit\/\",\"url\":\"https:\/\/stadtwerkezeitung.info\/schwedt\/2025\/08\/25\/highspeed-fuer-das-zuhause-auf-zeit\/\",\"name\":\"Highspeed f\u00fcr das Zuhause auf Zeit - UMschau Schwedt\",\"isPartOf\":{\"@id\":\"https:\/\/stadtwerkezeitung.info\/schwedt\/#website\"},\"primaryImageOfPage\":{\"@id\":\"https:\/\/stadtwerkezeitung.info\/schwedt\/2025\/08\/25\/highspeed-fuer-das-zuhause-auf-zeit\/#primaryimage\"},\"image\":{\"@id\":\"https:\/\/stadtwerkezeitung.info\/schwedt\/2025\/08\/25\/highspeed-fuer-das-zuhause-auf-zeit\/#primaryimage\"},\"thumbnailUrl\":\"https:\/\/stadtwerkezeitung.info\/schwedt\/wp-content\/uploads\/sites\/5\/2025\/08\/102_Teaser__MG_2709_plus_NEU_neu.png\",\"datePublished\":\"2025-08-25T08:04:15+00:00\",\"dateModified\":\"2025-08-25T08:12:19+00:00\",\"author\":{\"@id\":\"https:\/\/stadtwerkezeitung.info\/schwedt\/#\/schema\/person\/acd409dca37d4bb8bf3a1284da7f1ee0\"},\"description\":\"Seit 2019 haben die Stadtwerke Schwedt im Rahmen der Bundesf\u00f6rderung Glasfaser ihr Netz f\u00fcr Gigabitgeschwindigkeiten ger\u00fcstet. Seitdem wird das Giganetz mit eigenen Mitteln weiter ausgebaut \u2013 mit passenden L\u00f6sungen f\u00fcr alle Kunden. Das zeigt auch das Beispiel vom Mutter-Vater-Kind-Wohnen in Schwedt.\",\"breadcrumb\":{\"@id\":\"https:\/\/stadtwerkezeitung.info\/schwedt\/2025\/08\/25\/highspeed-fuer-das-zuhause-auf-zeit\/#breadcrumb\"},\"inLanguage\":\"en-US\",\"potentialAction\":[{\"@type\":\"ReadAction\",\"target\":[\"https:\/\/stadtwerkezeitung.info\/schwedt\/2025\/08\/25\/highspeed-fuer-das-zuhause-auf-zeit\/\"]}]},{\"@type\":\"ImageObject\",\"inLanguage\":\"en-US\",\"@id\":\"https:\/\/stadtwerkezeitung.info\/schwedt\/2025\/08\/25\/highspeed-fuer-das-zuhause-auf-zeit\/#primaryimage\",\"url\":\"https:\/\/stadtwerkezeitung.info\/schwedt\/wp-content\/uploads\/sites\/5\/2025\/08\/102_Teaser__MG_2709_plus_NEU_neu.png\",\"contentUrl\":\"https:\/\/stadtwerkezeitung.info\/schwedt\/wp-content\/uploads\/sites\/5\/2025\/08\/102_Teaser__MG_2709_plus_NEU_neu.png\",\"width\":900,\"height\":600},{\"@type\":\"BreadcrumbList\",\"@id\":\"https:\/\/stadtwerkezeitung.info\/schwedt\/2025\/08\/25\/highspeed-fuer-das-zuhause-auf-zeit\/#breadcrumb\",\"itemListElement\":[{\"@type\":\"ListItem\",\"position\":1,\"name\":\"Home\",\"item\":\"https:\/\/stadtwerkezeitung.info\/schwedt\/\"},{\"@type\":\"ListItem\",\"position\":2,\"name\":\"Highspeed f\u00fcr das Zuhause auf Zeit\"}]},{\"@type\":\"WebSite\",\"@id\":\"https:\/\/stadtwerkezeitung.info\/schwedt\/#website\",\"url\":\"https:\/\/stadtwerkezeitung.info\/schwedt\/\",\"name\":\"UMschau Schwedt\",\"description\":\"\",\"inLanguage\":\"en-US\"},{\"@type\":\"Person\",\"@id\":\"https:\/\/stadtwerkezeitung.info\/schwedt\/#\/schema\/person\/acd409dca37d4bb8bf3a1284da7f1ee0\",\"name\":\"admin\",\"image\":{\"@type\":\"ImageObject\",\"inLanguage\":\"en-US\",\"@id\":\"https:\/\/stadtwerkezeitung.info\/schwedt\/#\/schema\/person\/image\/\",\"url\":\"https:\/\/secure.gravatar.com\/avatar\/52dc0b3340c8087a51f52eaa20dc62cd4a6fe41f5bd886140989db7b572c00cd?s=96&d=mm&r=g\",\"contentUrl\":\"https:\/\/secure.gravatar.com\/avatar\/52dc0b3340c8087a51f52eaa20dc62cd4a6fe41f5bd886140989db7b572c00cd?s=96&d=mm&r=g\",\"caption\":\"admin\"},\"sameAs\":[\"https:\/\/stadtwerkezeitung.info\"]}]}<\/script>\n<!-- \/ Yoast SEO plugin. -->","yoast_head_json":{"title":"Highspeed f\u00fcr das Zuhause auf Zeit - UMschau Schwedt","description":"Seit 2019 haben die Stadtwerke Schwedt im Rahmen der Bundesf\u00f6rderung Glasfaser ihr Netz f\u00fcr Gigabitgeschwindigkeiten ger\u00fcstet. Seitdem wird das Giganetz mit eigenen Mitteln weiter ausgebaut \u2013 mit passenden L\u00f6sungen f\u00fcr alle Kunden. Das zeigt auch das Beispiel vom Mutter-Vater-Kind-Wohnen in Schwedt.","robots":{"index":"index","follow":"follow","max-snippet":"max-snippet:-1","max-image-preview":"max-image-preview:large","max-video-preview":"max-video-preview:-1"},"canonical":"https:\/\/stadtwerkezeitung.info\/schwedt\/2025\/08\/25\/highspeed-fuer-das-zuhause-auf-zeit\/","og_locale":"en_US","og_type":"article","og_title":"Highspeed f\u00fcr das Zuhause auf Zeit - UMschau Schwedt","og_description":"Seit 2019 haben die Stadtwerke Schwedt im Rahmen der Bundesf\u00f6rderung Glasfaser ihr Netz f\u00fcr Gigabitgeschwindigkeiten ger\u00fcstet. Seitdem wird das Giganetz mit eigenen Mitteln weiter ausgebaut \u2013 mit passenden L\u00f6sungen f\u00fcr alle Kunden. Das zeigt auch das Beispiel vom Mutter-Vater-Kind-Wohnen in Schwedt.","og_url":"https:\/\/stadtwerkezeitung.info\/schwedt\/2025\/08\/25\/highspeed-fuer-das-zuhause-auf-zeit\/","og_site_name":"UMschau Schwedt","article_published_time":"2025-08-25T08:04:15+00:00","article_modified_time":"2025-08-25T08:12:19+00:00","og_image":[{"width":900,"height":600,"url":"https:\/\/stadtwerkezeitung.info\/schwedt\/wp-content\/uploads\/sites\/5\/2025\/08\/102_Teaser__MG_2709_plus_NEU_neu.png","type":"image\/png"}],"author":"admin","twitter_card":"summary_large_image","twitter_misc":{"Written by":"admin","Est. reading time":"2 minutes"},"schema":{"@context":"https:\/\/schema.org","@graph":[{"@type":"Article","@id":"https:\/\/stadtwerkezeitung.info\/schwedt\/2025\/08\/25\/highspeed-fuer-das-zuhause-auf-zeit\/#article","isPartOf":{"@id":"https:\/\/stadtwerkezeitung.info\/schwedt\/2025\/08\/25\/highspeed-fuer-das-zuhause-auf-zeit\/"},"author":{"name":"admin","@id":"https:\/\/stadtwerkezeitung.info\/schwedt\/#\/schema\/person\/acd409dca37d4bb8bf3a1284da7f1ee0"},"headline":"Highspeed f\u00fcr das Zuhause auf Zeit","datePublished":"2025-08-25T08:04:15+00:00","dateModified":"2025-08-25T08:12:19+00:00","mainEntityOfPage":{"@id":"https:\/\/stadtwerkezeitung.info\/schwedt\/2025\/08\/25\/highspeed-fuer-das-zuhause-auf-zeit\/"},"wordCount":522,"commentCount":0,"image":{"@id":"https:\/\/stadtwerkezeitung.info\/schwedt\/2025\/08\/25\/highspeed-fuer-das-zuhause-auf-zeit\/#primaryimage"},"thumbnailUrl":"https:\/\/stadtwerkezeitung.info\/schwedt\/wp-content\/uploads\/sites\/5\/2025\/08\/102_Teaser__MG_2709_plus_NEU_neu.png","inLanguage":"en-US","potentialAction":[{"@type":"CommentAction","name":"Comment","target":["https:\/\/stadtwerkezeitung.info\/schwedt\/2025\/08\/25\/highspeed-fuer-das-zuhause-auf-zeit\/#respond"]}]},{"@type":"WebPage","@id":"https:\/\/stadtwerkezeitung.info\/schwedt\/2025\/08\/25\/highspeed-fuer-das-zuhause-auf-zeit\/","url":"https:\/\/stadtwerkezeitung.info\/schwedt\/2025\/08\/25\/highspeed-fuer-das-zuhause-auf-zeit\/","name":"Highspeed f\u00fcr das Zuhause auf Zeit - UMschau Schwedt","isPartOf":{"@id":"https:\/\/stadtwerkezeitung.info\/schwedt\/#website"},"primaryImageOfPage":{"@id":"https:\/\/stadtwerkezeitung.info\/schwedt\/2025\/08\/25\/highspeed-fuer-das-zuhause-auf-zeit\/#primaryimage"},"image":{"@id":"https:\/\/stadtwerkezeitung.info\/schwedt\/2025\/08\/25\/highspeed-fuer-das-zuhause-auf-zeit\/#primaryimage"},"thumbnailUrl":"https:\/\/stadtwerkezeitung.info\/schwedt\/wp-content\/uploads\/sites\/5\/2025\/08\/102_Teaser__MG_2709_plus_NEU_neu.png","datePublished":"2025-08-25T08:04:15+00:00","dateModified":"2025-08-25T08:12:19+00:00","author":{"@id":"https:\/\/stadtwerkezeitung.info\/schwedt\/#\/schema\/person\/acd409dca37d4bb8bf3a1284da7f1ee0"},"description":"Seit 2019 haben die Stadtwerke Schwedt im Rahmen der Bundesf\u00f6rderung Glasfaser ihr Netz f\u00fcr Gigabitgeschwindigkeiten ger\u00fcstet. Seitdem wird das Giganetz mit eigenen Mitteln weiter ausgebaut \u2013 mit passenden L\u00f6sungen f\u00fcr alle Kunden. Das zeigt auch das Beispiel vom Mutter-Vater-Kind-Wohnen in Schwedt.","breadcrumb":{"@id":"https:\/\/stadtwerkezeitung.info\/schwedt\/2025\/08\/25\/highspeed-fuer-das-zuhause-auf-zeit\/#breadcrumb"},"inLanguage":"en-US","potentialAction":[{"@type":"ReadAction","target":["https:\/\/stadtwerkezeitung.info\/schwedt\/2025\/08\/25\/highspeed-fuer-das-zuhause-auf-zeit\/"]}]},{"@type":"ImageObject","inLanguage":"en-US","@id":"https:\/\/stadtwerkezeitung.info\/schwedt\/2025\/08\/25\/highspeed-fuer-das-zuhause-auf-zeit\/#primaryimage","url":"https:\/\/stadtwerkezeitung.info\/schwedt\/wp-content\/uploads\/sites\/5\/2025\/08\/102_Teaser__MG_2709_plus_NEU_neu.png","contentUrl":"https:\/\/stadtwerkezeitung.info\/schwedt\/wp-content\/uploads\/sites\/5\/2025\/08\/102_Teaser__MG_2709_plus_NEU_neu.png","width":900,"height":600},{"@type":"BreadcrumbList","@id":"https:\/\/stadtwerkezeitung.info\/schwedt\/2025\/08\/25\/highspeed-fuer-das-zuhause-auf-zeit\/#breadcrumb","itemListElement":[{"@type":"ListItem","position":1,"name":"Home","item":"https:\/\/stadtwerkezeitung.info\/schwedt\/"},{"@type":"ListItem","position":2,"name":"Highspeed f\u00fcr das Zuhause auf Zeit"}]},{"@type":"WebSite","@id":"https:\/\/stadtwerkezeitung.info\/schwedt\/#website","url":"https:\/\/stadtwerkezeitung.info\/schwedt\/","name":"UMschau Schwedt","description":"","inLanguage":"en-US"},{"@type":"Person","@id":"https:\/\/stadtwerkezeitung.info\/schwedt\/#\/schema\/person\/acd409dca37d4bb8bf3a1284da7f1ee0","name":"admin","image":{"@type":"ImageObject","inLanguage":"en-US","@id":"https:\/\/stadtwerkezeitung.info\/schwedt\/#\/schema\/person\/image\/","url":"https:\/\/secure.gravatar.com\/avatar\/52dc0b3340c8087a51f52eaa20dc62cd4a6fe41f5bd886140989db7b572c00cd?s=96&d=mm&r=g","contentUrl":"https:\/\/secure.gravatar.com\/avatar\/52dc0b3340c8087a51f52eaa20dc62cd4a6fe41f5bd886140989db7b572c00cd?s=96&d=mm&r=g","caption":"admin"},"sameAs":["https:\/\/stadtwerkezeitung.info"]}]}},"_links":{"self":[{"href":"https:\/\/stadtwerkezeitung.info\/schwedt\/wp-json\/wp\/v2\/posts\/194","targetHints":{"allow":["GET"]}}],"collection":[{"href":"https:\/\/stadtwerkezeitung.info\/schwedt\/wp-json\/wp\/v2\/posts"}],"about":[{"href":"https:\/\/stadtwerkezeitung.info\/schwedt\/wp-json\/wp\/v2\/types\/post"}],"author":[{"embeddable":true,"href":"https:\/\/stadtwerkezeitung.info\/schwedt\/wp-json\/wp\/v2\/users\/1"}],"replies":[{"embeddable":true,"href":"https:\/\/stadtwerkezeitung.info\/schwedt\/wp-json\/wp\/v2\/comments?post=194"}],"version-history":[{"count":6,"href":"https:\/\/stadtwerkezeitung.info\/schwedt\/wp-json\/wp\/v2\/posts\/194\/revisions"}],"predecessor-version":[{"id":203,"href":"https:\/\/stadtwerkezeitung.info\/schwedt\/wp-json\/wp\/v2\/posts\/194\/revisions\/203"}],"wp:featuredmedia":[{"embeddable":true,"href":"https:\/\/stadtwerkezeitung.info\/schwedt\/wp-json\/wp\/v2\/media\/197"}],"wp:attachment":[{"href":"https:\/\/stadtwerkezeitung.info\/schwedt\/wp-json\/wp\/v2\/media?parent=194"}],"wp:term":[{"taxonomy":"category","embeddable":true,"href":"https:\/\/stadtwerkezeitung.info\/schwedt\/wp-json\/wp\/v2\/categories?post=194"},{"taxonomy":"post_tag","embeddable":true,"href":"https:\/\/stadtwerkezeitung.info\/schwedt\/wp-json\/wp\/v2\/tags?post=194"}],"curies":[{"name":"wp","href":"https:\/\/api.w.org\/{rel}","templated":true}]}}