{"id":205,"date":"2025-08-25T08:15:25","date_gmt":"2025-08-25T08:15:25","guid":{"rendered":"https:\/\/stadtwerkezeitung.info\/schwedt\/?p=205"},"modified":"2025-08-25T08:20:32","modified_gmt":"2025-08-25T08:20:32","slug":"studien-ausbildungs-und-wirtschaftsmesse","status":"publish","type":"post","link":"https:\/\/stadtwerkezeitung.info\/schwedt\/2025\/08\/25\/studien-ausbildungs-und-wirtschaftsmesse\/","title":{"rendered":"Studien-, Ausbildungs- und Wirtschaftsmesse"},"content":{"rendered":"<h2>Studien-, Ausbildungs- und Wirtschaftsmesse<\/h2>\n<h1>Auf die Pl\u00e4tze, fertig \u2013 los geht\u2019s zu sam und INKONTAKT<\/h1>\n<h2>Sie vertreiben Energie, vermarkten Telekommunikationsprodukte, betreiben ein Freizeitbad, sorgen f\u00fcr eine flimmernde Kinoleinwand und Wohlf\u00fchlatmosph\u00e4re am Campingplatz\u2026und sie planen den Messeauftritt des Unternehmensverbundes Stadtwerke Schwedt auf der diesj\u00e4hrigen Verbundmesse \u201esam meets INKONTAKT\u201c. Gemeint sind Susanne H\u00e4usgen, Leiterin Kundenservice und Vertrieb und Martin Grunert, Leiter der Freizeiteinrichtungen im Unternehmensverbund.<\/h2>\n<p><img decoding=\"async\" src=\"\/schwedt\/wp-content\/uploads\/sites\/5\/2025\/08\/102_Teaser__Aufmacher_y_MG_2728-scaled.jpg\" alt=\"\"><\/p>\n<div>\n<p><em>Susanne H\u00e4usgen, Leiterin Kundenservice\/Vertrieb und Martin Grunert, Leiter Freizeiteinrichtungen in Startposition zur INKONTAKT. <\/p>\n<p><small>Foto: SPREE-PR\/Petsch <br \/><\/small><\/em><\/p>\n<\/div>\n<div>Beide stehen in den Startl\u00f6chern f\u00fcr INKONTAKT und sam. Die gr\u00f6\u00dfte Wirtschafts- und Kontaktmesse der Region findet gemeinsam mit der Bildungsmesse vom 11. bis 13. September an den Uckerm\u00e4rkischen B\u00fchnen statt. Und der Unternehmensverbund Stadtwerke Schwedt ist dabei \u2013 mit seinen vielf\u00e4ltigen Sparten und attraktiven Angeboten. <\/div>\n<p><img decoding=\"async\" src=\"\/schwedt\/wp-content\/uploads\/sites\/5\/2025\/08\/102_Bild_2__y_MG_2714-scaled.jpg\" alt=\"\"><\/p>\n<div>\n<p><em>Susanne H\u00e4usgen und Martin Grunert mit dem Plakat zur das INKONTAKT. <\/p>\n<p><small>Foto: SPREE-PR\/Petsch <br \/><\/small><\/em><\/p>\n<\/div>\n<div>\n<h4>Vielfalt auf einen Blick<\/h4>\n<p>Auf der Rasenfl\u00e4che hinter dem B\u00fchneneingang der ubs entsteht das kleine \u201aStadtwerke-Dorf\u2018, in dem jeder seinen Platz hat und alle mit anpacken, f\u00fcrs gro\u00dfe Ganze: \u201eJede Sparte hat ihren eigenen Stand \u2013 mit Mitarbeitenden, die ihre Einrichtungen, ihre Kunden und Besucher bestens kennen, beraten und informieren k\u00f6nnen. Mit dabei sind die Stadtwerke Schwedt, das AquariUM, das FilmforUM und das StroamCamp\u201c, sagt Unternehmenssprecherin Jana J\u00e4hnke.<\/p>\n<h4>Energie &amp; Internet<\/h4>\n<p>Das gro\u00dfe Infomobil der Stadtwerke dient vor Ort nicht nur als Blickfang, sondern auch als mobiles Kundenzentrum. Hier k\u00f6nnen sich Besucher zu Energie und Telekommunikation beraten lassen. Besonders f\u00fcr G\u00e4ste aus dem Umland ist die Messe eine gute Gelegenheit, die Stadtwerke als regionalen Versorger kennenzulernen \u2013 mit pers\u00f6nlichen Ansprechpartnern, attraktiven Konditionen und N\u00e4he zur Region.<\/p>\n<\/div>\n<div>\n<h3>Die Stadtwerke bringen zwei besondere Angebote mit:<\/h3>\n<div>\n<p>\u2022\u00a0 \u00a0 Neukundenbonus f\u00fcr neue Energieliefervertr\u00e4ge<br \/>\u2022\u00a0 \u00a0 Empfehlungsprogramm \u201eKunden werben Kunden\u201c\u00a0<\/p>\n<\/div>\n<\/div>\n<div>\n<h4>Mitmachen &amp; Ausprobieren<\/h4>\n<p>Am Fahrrad-Simulator kann jeder Pedalritter an einer Verlosung teilnehmen. Zu gewinnen sind verschiedene Gutscheine \u2013 unter anderem von UckerTanne, denn der n\u00e4chste Weihnachtsbaum kommt bestimmt. Wer in die Pedale tritt, engagiert sich au\u00dferdem f\u00fcr die Umwelt: Die Stadtwerke pflanzen f\u00fcr erradelte Kilometer Laubb\u00e4ume in der Nationalparkstadt \u2013 mit professioneller Umsetzung durch die Revierf\u00f6rsterei und UckerTanne. So geht nachhaltiges Miteinander \u2013 f\u00fcr Kunden und Natur.<\/p>\n<h4>Fitbleiben &amp; Feiern<\/h4>\n<p>Am AquariUM-Stand geht\u2019s sportlich zu: Spikeball und Entenangeln sorgen f\u00fcr Bewegung und kleine Gewinne. Bad- und Fitnessbereich bringen Messeangebote mit: Wer vor Ort einen Fitnessvertrag abschlie\u00dft, trainiert zwei Monate beitragsfrei. F\u00fcr regelm\u00e4\u00dfige Besucher bietet sich die Premium-Mitgliedschaft f\u00fcr 990\u2009\u20ac f\u00fcr ein ganzes Jahr an \u2013 im Paket: Fitnesstraining und -kurse*, Eintritt in Spa\u00df- und Sportbad, Sauna und Badminton. F\u00fcr ein sportliches, erfrischendes und entspanntes Jahr.<\/p>\n<h4>Kino &amp; Kanus<\/h4>\n<p>Das FilmforUM-Team l\u00e4dt mit Gl\u00fccksrad zum Filmstart von \u201eDie Schule der magischen Tiere 4\u201c ein und informiert \u00fcber Familienangebote wie Familiensonntag (ab 5,30\u2009\u20ac), Ferienkino (4,80\u2009\u20ac) und Geburtstagsaktionen. Am Messeabend l\u00e4uft auf der mobilen Kinoleinwand \u201eDas Kanu des Manitu\u201c im kostenfreien Open-Air-Kino.<\/p>\n<p>Das StroamCamp bringt Urlaubsstimmung ins Stadtwerke-Dorf \u2013 mit Infos zu Kanutouren, den Verleih von Wassersportger\u00e4ten jeglicher Couleur, regionalem Fr\u00fchst\u00fcck des Restaurants \u201eAnker&amp;Platz\u201c und einem XXL-Liegestuhl.<\/p>\n<h4>Ein starker Arbeitgeber<\/h4>\n<p>Nat\u00fcrlich pr\u00e4sentieren sich die Stadtwerke auf der Bildungsmesse sam auch als Ausbildungsbetrieb \u2013 mit Angeboten f\u00fcr das Ausbildungsjahr 2026\/27. Vor Ort geben Azubis und Studenten Einblicke und konkrete Infos zu offenen Stellen und Ausbildungspl\u00e4tzen.<\/p>\n<\/div>\n<div>\n<h3>Neugierig? \u201esam meets INKONTAKT\u201c vom 11.\u201313. September 2025<\/h3>\n<\/div>\n<p><!--more--><br \/>\n<!-- {\"type\":\"layout\",\"children\":[{\"type\":\"section\",\"props\":{\"image_position\":\"center-center\",\"padding_remove_top\":true,\"style\":\"default\",\"title_breakpoint\":\"xl\",\"title_position\":\"top-left\",\"title_rotation\":\"left\",\"vertical_align\":\"\",\"width\":\"small\"},\"children\":[{\"type\":\"row\",\"children\":[{\"type\":\"column\",\"props\":{\"image_position\":\"center-center\",\"position_sticky_breakpoint\":\"m\"},\"children\":[{\"type\":\"headline\",\"props\":{\"content\":\"Studien-, Ausbildungs- und Wirtschaftsmesse\",\"margin\":\"small\",\"margin_remove_bottom\":false,\"margin_remove_top\":false,\"title_element\":\"h2\",\"title_style\":\"h6\"}},{\"type\":\"headline\",\"props\":{\"content\":\"Auf die Pl\\u00e4tze, fertig \\u2013 los geht\\u2019s zu sam und INKONTAKT\",\"margin\":\"small\",\"margin_remove_bottom\":false,\"margin_remove_top\":false,\"title_element\":\"h1\",\"title_style\":\"h2\"}},{\"type\":\"headline\",\"props\":{\"content\":\"Sie vertreiben Energie, vermarkten Telekommunikationsprodukte, betreiben ein Freizeitbad, sorgen f\\u00fcr eine flimmernde Kinoleinwand und Wohlf\\u00fchlatmosph\\u00e4re am Campingplatz\\u2026und sie planen den Messeauftritt des Unternehmensverbundes Stadtwerke Schwedt auf der diesj\\u00e4hrigen Verbundmesse \\u201esam meets INKONTAKT\\u201c. Gemeint sind Susanne H\\u00e4usgen, Leiterin Kundenservice und Vertrieb und Martin Grunert, Leiter der Freizeiteinrichtungen im Unternehmensverbund.\",\"margin\":\"small\",\"margin_remove_top\":false,\"title_element\":\"h2\",\"title_style\":\"text-lead\"}},{\"type\":\"image\",\"props\":{\"image\":\"wp-content\\\/uploads\\\/sites\\\/5\\\/2025\\\/08\\\/102_Teaser__Aufmacher_y_MG_2728-scaled.jpg\",\"image_svg_color\":\"emphasis\",\"margin\":\"default\"}},{\"type\":\"text\",\"props\":{\"column_breakpoint\":\"m\",\"content\":\"\n\n<p><em>Susanne H\\u00e4usgen, Leiterin Kundenservice\\\/Vertrieb und Martin Grunert, Leiter Freizeiteinrichtungen in Startposition zur INKONTAKT. \\n\\n    \\n    <br \\\/><small>Foto: SPREE-PR\\\/Petsch <br \\\/><\\\/small><\\\/em><\\\/p>\",\"margin\":\"default\"}},{\"type\":\"text\",\"props\":{\"column_breakpoint\":\"m\",\"content\":\"Beide stehen in den Startl\\u00f6chern f\\u00fcr INKONTAKT und sam. Die gr\\u00f6\\u00dfte Wirtschafts- und Kontaktmesse der Region findet gemeinsam mit der Bildungsmesse vom 11. bis 13. September an den Uckerm\\u00e4rkischen B\\u00fchnen statt. Und der Unternehmensverbund Stadtwerke Schwedt ist dabei \\u2013 mit seinen vielf\\u00e4ltigen Sparten und attraktiven Angeboten. \",\"margin\":\"default\"}},{\"type\":\"image\",\"props\":{\"image\":\"wp-content\\\/uploads\\\/sites\\\/5\\\/2025\\\/08\\\/102_Bild_2__y_MG_2714-scaled.jpg\",\"image_svg_color\":\"emphasis\",\"margin\":\"default\"}},{\"type\":\"text\",\"props\":{\"column_breakpoint\":\"m\",\"content\":\"\n\n<p><em>Susanne H\\u00e4usgen und Martin Grunert mit dem Plakat zur das INKONTAKT. \\n\\n    \\n    <br \\\/><small>Foto: SPREE-PR\\\/Petsch <br \\\/><\\\/small><\\\/em><\\\/p>\",\"margin\":\"default\"}},{\"type\":\"text\",\"props\":{\"column_breakpoint\":\"m\",\"content\":\"\n\n<h4>Vielfalt auf einen Blick<\\\/h4>\\n\n\n<p>Auf der Rasenfl\\u00e4che hinter dem B\\u00fchneneingang der ubs entsteht das kleine \\u201aStadtwerke-Dorf\\u2018, in dem jeder seinen Platz hat und alle mit anpacken, f\\u00fcrs gro\\u00dfe Ganze: \\u201eJede Sparte hat ihren eigenen Stand \\u2013 mit Mitarbeitenden, die ihre Einrichtungen, ihre Kunden und Besucher bestens kennen, beraten und informieren k\\u00f6nnen. Mit dabei sind die Stadtwerke Schwedt, das AquariUM, das FilmforUM und das StroamCamp\\u201c, sagt Unternehmenssprecherin Jana J\\u00e4hnke.<\\\/p>\\n\n\n<h4>Energie &amp; Internet<\\\/h4>\\n\n\n<p>Das gro\\u00dfe Infomobil der Stadtwerke dient vor Ort nicht nur als Blickfang, sondern auch als mobiles Kundenzentrum. Hier k\\u00f6nnen sich Besucher zu Energie und Telekommunikation beraten lassen. Besonders f\\u00fcr G\\u00e4ste aus dem Umland ist die Messe eine gute Gelegenheit, die Stadtwerke als regionalen Versorger kennenzulernen \\u2013 mit pers\\u00f6nlichen Ansprechpartnern, attraktiven Konditionen und N\\u00e4he zur Region.<\\\/p>\",\"margin\":\"default\"}},{\"type\":\"panel\",\"props\":{\"content\":\"\n\n<p>\\u2022\\u00a0 \\u00a0 Neukundenbonus f\\u00fcr neue Energieliefervertr\\u00e4ge<br \\\/>\\u2022\\u00a0 \\u00a0 Empfehlungsprogramm \\u201eKunden werben Kunden\\u201c\\u00a0<\\\/p>\",\"content_column_breakpoint\":\"m\",\"icon_width\":80,\"image_align\":\"top\",\"image_grid_breakpoint\":\"m\",\"image_grid_width\":\"1-2\",\"image_svg_color\":\"emphasis\",\"link_style\":\"default\",\"link_text\":\"Read more\",\"margin\":\"default\",\"meta_align\":\"below-title\",\"meta_element\":\"div\",\"meta_style\":\"text-meta\",\"panel_padding\":\"default\",\"panel_style\":\"card-secondary\",\"title\":\"Die Stadtwerke bringen zwei besondere Angebote mit:\",\"title_align\":\"top\",\"title_element\":\"h3\",\"title_grid_breakpoint\":\"m\",\"title_grid_width\":\"1-2\",\"title_hover_style\":\"reset\"}},{\"type\":\"text\",\"props\":{\"column_breakpoint\":\"m\",\"content\":\"\n\n<h4>Mitmachen &amp; Ausprobieren<\\\/h4>\\n\n\n<p>Am Fahrrad-Simulator kann jeder Pedalritter an einer Verlosung teilnehmen. Zu gewinnen sind verschiedene Gutscheine \\u2013 unter anderem von UckerTanne, denn der n\\u00e4chste Weihnachtsbaum kommt bestimmt. Wer in die Pedale tritt, engagiert sich au\\u00dferdem f\\u00fcr die Umwelt: Die Stadtwerke pflanzen f\\u00fcr erradelte Kilometer Laubb\\u00e4ume in der Nationalparkstadt \\u2013 mit professioneller Umsetzung durch die Revierf\\u00f6rsterei und UckerTanne. So geht nachhaltiges Miteinander \\u2013 f\\u00fcr Kunden und Natur.<\\\/p>\\n\n\n<h4>Fitbleiben &amp; Feiern<\\\/h4>\\n\n\n<p>Am AquariUM-Stand geht\\u2019s sportlich zu: Spikeball und Entenangeln sorgen f\\u00fcr Bewegung und kleine Gewinne. Bad- und Fitnessbereich bringen Messeangebote mit: Wer vor Ort einen Fitnessvertrag abschlie\\u00dft, trainiert zwei Monate beitragsfrei. F\\u00fcr regelm\\u00e4\\u00dfige Besucher bietet sich die Premium-Mitgliedschaft f\\u00fcr 990\\u2009\\u20ac f\\u00fcr ein ganzes Jahr an \\u2013 im Paket: Fitnesstraining und -kurse*, Eintritt in Spa\\u00df- und Sportbad, Sauna und Badminton. F\\u00fcr ein sportliches, erfrischendes und entspanntes Jahr.<\\\/p>\\n\n\n<h4>Kino &amp; Kanus<\\\/h4>\\n\n\n<p>Das FilmforUM-Team l\\u00e4dt mit Gl\\u00fccksrad zum Filmstart von \\u201eDie Schule der magischen Tiere 4\\u201c ein und informiert \\u00fcber Familienangebote wie Familiensonntag (ab 5,30\\u2009\\u20ac), Ferienkino (4,80\\u2009\\u20ac) und Geburtstagsaktionen. Am Messeabend l\\u00e4uft auf der mobilen Kinoleinwand \\u201eDas Kanu des Manitu\\u201c im kostenfreien Open-Air-Kino.<br \\\/><br \\\/>Das StroamCamp bringt Urlaubsstimmung ins Stadtwerke-Dorf \\u2013 mit Infos zu Kanutouren, den Verleih von Wassersportger\\u00e4ten jeglicher Couleur, regionalem Fr\\u00fchst\\u00fcck des Restaurants \\u201eAnker&amp;Platz\\u201c und einem XXL-Liegestuhl.<\\\/p>\\n\n\n<h4>Ein starker Arbeitgeber<\\\/h4>\\n\n\n<p>Nat\\u00fcrlich pr\\u00e4sentieren sich die Stadtwerke auf der Bildungsmesse sam auch als Ausbildungsbetrieb \\u2013 mit Angeboten f\\u00fcr das Ausbildungsjahr 2026\\\/27. Vor Ort geben Azubis und Studenten Einblicke und konkrete Infos zu offenen Stellen und Ausbildungspl\\u00e4tzen.<\\\/p>\",\"margin\":\"default\"}},{\"type\":\"panel\",\"props\":{\"content_column_breakpoint\":\"m\",\"icon\":\"info\",\"icon_width\":80,\"image_align\":\"left\",\"image_grid_breakpoint\":\"m\",\"image_grid_width\":\"auto\",\"image_svg_color\":\"emphasis\",\"image_vertical_align\":true,\"link_style\":\"default\",\"link_text\":\"Read more\",\"margin\":\"default\",\"meta_align\":\"below-title\",\"meta_element\":\"div\",\"meta_style\":\"text-meta\",\"panel_padding\":\"default\",\"panel_style\":\"card-secondary\",\"title\":\"Neugierig? \\u201esam meets INKONTAKT\\u201c vom 11.\\u201313. September 2025\",\"title_align\":\"top\",\"title_element\":\"h3\",\"title_grid_breakpoint\":\"m\",\"title_grid_width\":\"1-2\",\"title_hover_style\":\"reset\"}}]}]}],\"name\":\"Artikel Format\"}],\"version\":\"4.4.1\"} --><\/p>\n","protected":false},"excerpt":{"rendered":"<p>Studien-, Ausbildungs- und Wirtschaftsmesse Auf die Pl\u00e4tze, fertig \u2013 los geht\u2019s zu sam und INKONTAKT Sie vertreiben Energie, vermarkten Telekommunikationsprodukte, betreiben ein Freizeitbad, sorgen f\u00fcr eine flimmernde Kinoleinwand und Wohlf\u00fchlatmosph\u00e4re am Campingplatz\u2026und sie planen den Messeauftritt des Unternehmensverbundes Stadtwerke Schwedt auf der diesj\u00e4hrigen Verbundmesse \u201esam meets INKONTAKT\u201c. Gemeint sind Susanne H\u00e4usgen, Leiterin Kundenservice und Vertrieb [&hellip;]<\/p>\n","protected":false},"author":1,"featured_media":207,"comment_status":"open","ping_status":"open","sticky":false,"template":"","format":"standard","meta":{"footnotes":""},"categories":[1],"tags":[],"class_list":["post-205","post","type-post","status-publish","format-standard","has-post-thumbnail","hentry","category-uncategorized"],"yoast_head":"<!-- This site is optimized with the Yoast SEO plugin v26.9 - https:\/\/yoast.com\/product\/yoast-seo-wordpress\/ -->\n<title>Studien-, Ausbildungs- und Wirtschaftsmesse - UMschau Schwedt<\/title>\n<meta name=\"description\" content=\"Sie vertreiben Energie, vermarkten Telekommunikationsprodukte, betreiben ein Freizeitbad, sorgen f\u00fcr eine flimmernde Kinoleinwand und Wohlf\u00fchlatmosph\u00e4re am Campingplatz\u2026und sie planen den Messeauftritt des Unternehmensverbundes Stadtwerke Schwedt auf der diesj\u00e4hrigen Verbundmesse \u201esam meets INKONTAKT\u201c.\" \/>\n<meta name=\"robots\" content=\"index, follow, max-snippet:-1, max-image-preview:large, max-video-preview:-1\" \/>\n<link rel=\"canonical\" href=\"https:\/\/stadtwerkezeitung.info\/schwedt\/2025\/08\/25\/studien-ausbildungs-und-wirtschaftsmesse\/\" \/>\n<meta property=\"og:locale\" content=\"en_US\" \/>\n<meta property=\"og:type\" content=\"article\" \/>\n<meta property=\"og:title\" content=\"Studien-, Ausbildungs- und Wirtschaftsmesse - UMschau Schwedt\" \/>\n<meta property=\"og:description\" content=\"Sie vertreiben Energie, vermarkten Telekommunikationsprodukte, betreiben ein Freizeitbad, sorgen f\u00fcr eine flimmernde Kinoleinwand und Wohlf\u00fchlatmosph\u00e4re am Campingplatz\u2026und sie planen den Messeauftritt des Unternehmensverbundes Stadtwerke Schwedt auf der diesj\u00e4hrigen Verbundmesse \u201esam meets INKONTAKT\u201c.\" \/>\n<meta property=\"og:url\" content=\"https:\/\/stadtwerkezeitung.info\/schwedt\/2025\/08\/25\/studien-ausbildungs-und-wirtschaftsmesse\/\" \/>\n<meta property=\"og:site_name\" content=\"UMschau Schwedt\" \/>\n<meta property=\"article:published_time\" content=\"2025-08-25T08:15:25+00:00\" \/>\n<meta property=\"article:modified_time\" content=\"2025-08-25T08:20:32+00:00\" \/>\n<meta property=\"og:image\" content=\"https:\/\/stadtwerkezeitung.info\/schwedt\/wp-content\/uploads\/sites\/5\/2025\/08\/102_Teaser__Aufmacher_y_MG_2728-scaled.jpg\" \/>\n\t<meta property=\"og:image:width\" content=\"2560\" \/>\n\t<meta property=\"og:image:height\" content=\"1707\" \/>\n\t<meta property=\"og:image:type\" content=\"image\/jpeg\" \/>\n<meta name=\"author\" content=\"admin\" \/>\n<meta name=\"twitter:card\" content=\"summary_large_image\" \/>\n<meta name=\"twitter:label1\" content=\"Written by\" \/>\n\t<meta name=\"twitter:data1\" content=\"admin\" \/>\n\t<meta name=\"twitter:label2\" content=\"Est. reading time\" \/>\n\t<meta name=\"twitter:data2\" content=\"3 minutes\" \/>\n<script type=\"application\/ld+json\" class=\"yoast-schema-graph\">{\"@context\":\"https:\/\/schema.org\",\"@graph\":[{\"@type\":\"Article\",\"@id\":\"https:\/\/stadtwerkezeitung.info\/schwedt\/2025\/08\/25\/studien-ausbildungs-und-wirtschaftsmesse\/#article\",\"isPartOf\":{\"@id\":\"https:\/\/stadtwerkezeitung.info\/schwedt\/2025\/08\/25\/studien-ausbildungs-und-wirtschaftsmesse\/\"},\"author\":{\"name\":\"admin\",\"@id\":\"https:\/\/stadtwerkezeitung.info\/schwedt\/#\/schema\/person\/acd409dca37d4bb8bf3a1284da7f1ee0\"},\"headline\":\"Studien-, Ausbildungs- und Wirtschaftsmesse\",\"datePublished\":\"2025-08-25T08:15:25+00:00\",\"dateModified\":\"2025-08-25T08:20:32+00:00\",\"mainEntityOfPage\":{\"@id\":\"https:\/\/stadtwerkezeitung.info\/schwedt\/2025\/08\/25\/studien-ausbildungs-und-wirtschaftsmesse\/\"},\"wordCount\":573,\"commentCount\":0,\"image\":{\"@id\":\"https:\/\/stadtwerkezeitung.info\/schwedt\/2025\/08\/25\/studien-ausbildungs-und-wirtschaftsmesse\/#primaryimage\"},\"thumbnailUrl\":\"https:\/\/stadtwerkezeitung.info\/schwedt\/wp-content\/uploads\/sites\/5\/2025\/08\/102_Teaser__Aufmacher_y_MG_2728-scaled.jpg\",\"inLanguage\":\"en-US\",\"potentialAction\":[{\"@type\":\"CommentAction\",\"name\":\"Comment\",\"target\":[\"https:\/\/stadtwerkezeitung.info\/schwedt\/2025\/08\/25\/studien-ausbildungs-und-wirtschaftsmesse\/#respond\"]}]},{\"@type\":\"WebPage\",\"@id\":\"https:\/\/stadtwerkezeitung.info\/schwedt\/2025\/08\/25\/studien-ausbildungs-und-wirtschaftsmesse\/\",\"url\":\"https:\/\/stadtwerkezeitung.info\/schwedt\/2025\/08\/25\/studien-ausbildungs-und-wirtschaftsmesse\/\",\"name\":\"Studien-, Ausbildungs- und Wirtschaftsmesse - UMschau Schwedt\",\"isPartOf\":{\"@id\":\"https:\/\/stadtwerkezeitung.info\/schwedt\/#website\"},\"primaryImageOfPage\":{\"@id\":\"https:\/\/stadtwerkezeitung.info\/schwedt\/2025\/08\/25\/studien-ausbildungs-und-wirtschaftsmesse\/#primaryimage\"},\"image\":{\"@id\":\"https:\/\/stadtwerkezeitung.info\/schwedt\/2025\/08\/25\/studien-ausbildungs-und-wirtschaftsmesse\/#primaryimage\"},\"thumbnailUrl\":\"https:\/\/stadtwerkezeitung.info\/schwedt\/wp-content\/uploads\/sites\/5\/2025\/08\/102_Teaser__Aufmacher_y_MG_2728-scaled.jpg\",\"datePublished\":\"2025-08-25T08:15:25+00:00\",\"dateModified\":\"2025-08-25T08:20:32+00:00\",\"author\":{\"@id\":\"https:\/\/stadtwerkezeitung.info\/schwedt\/#\/schema\/person\/acd409dca37d4bb8bf3a1284da7f1ee0\"},\"description\":\"Sie vertreiben Energie, vermarkten Telekommunikationsprodukte, betreiben ein Freizeitbad, sorgen f\u00fcr eine flimmernde Kinoleinwand und Wohlf\u00fchlatmosph\u00e4re am Campingplatz\u2026und sie planen den Messeauftritt des Unternehmensverbundes Stadtwerke Schwedt auf der diesj\u00e4hrigen Verbundmesse \u201esam meets INKONTAKT\u201c.\",\"breadcrumb\":{\"@id\":\"https:\/\/stadtwerkezeitung.info\/schwedt\/2025\/08\/25\/studien-ausbildungs-und-wirtschaftsmesse\/#breadcrumb\"},\"inLanguage\":\"en-US\",\"potentialAction\":[{\"@type\":\"ReadAction\",\"target\":[\"https:\/\/stadtwerkezeitung.info\/schwedt\/2025\/08\/25\/studien-ausbildungs-und-wirtschaftsmesse\/\"]}]},{\"@type\":\"ImageObject\",\"inLanguage\":\"en-US\",\"@id\":\"https:\/\/stadtwerkezeitung.info\/schwedt\/2025\/08\/25\/studien-ausbildungs-und-wirtschaftsmesse\/#primaryimage\",\"url\":\"https:\/\/stadtwerkezeitung.info\/schwedt\/wp-content\/uploads\/sites\/5\/2025\/08\/102_Teaser__Aufmacher_y_MG_2728-scaled.jpg\",\"contentUrl\":\"https:\/\/stadtwerkezeitung.info\/schwedt\/wp-content\/uploads\/sites\/5\/2025\/08\/102_Teaser__Aufmacher_y_MG_2728-scaled.jpg\",\"width\":2560,\"height\":1707},{\"@type\":\"BreadcrumbList\",\"@id\":\"https:\/\/stadtwerkezeitung.info\/schwedt\/2025\/08\/25\/studien-ausbildungs-und-wirtschaftsmesse\/#breadcrumb\",\"itemListElement\":[{\"@type\":\"ListItem\",\"position\":1,\"name\":\"Home\",\"item\":\"https:\/\/stadtwerkezeitung.info\/schwedt\/\"},{\"@type\":\"ListItem\",\"position\":2,\"name\":\"Studien-, Ausbildungs- und Wirtschaftsmesse\"}]},{\"@type\":\"WebSite\",\"@id\":\"https:\/\/stadtwerkezeitung.info\/schwedt\/#website\",\"url\":\"https:\/\/stadtwerkezeitung.info\/schwedt\/\",\"name\":\"UMschau Schwedt\",\"description\":\"\",\"inLanguage\":\"en-US\"},{\"@type\":\"Person\",\"@id\":\"https:\/\/stadtwerkezeitung.info\/schwedt\/#\/schema\/person\/acd409dca37d4bb8bf3a1284da7f1ee0\",\"name\":\"admin\",\"image\":{\"@type\":\"ImageObject\",\"inLanguage\":\"en-US\",\"@id\":\"https:\/\/stadtwerkezeitung.info\/schwedt\/#\/schema\/person\/image\/\",\"url\":\"https:\/\/secure.gravatar.com\/avatar\/52dc0b3340c8087a51f52eaa20dc62cd4a6fe41f5bd886140989db7b572c00cd?s=96&d=mm&r=g\",\"contentUrl\":\"https:\/\/secure.gravatar.com\/avatar\/52dc0b3340c8087a51f52eaa20dc62cd4a6fe41f5bd886140989db7b572c00cd?s=96&d=mm&r=g\",\"caption\":\"admin\"},\"sameAs\":[\"https:\/\/stadtwerkezeitung.info\"]}]}<\/script>\n<!-- \/ Yoast SEO plugin. -->","yoast_head_json":{"title":"Studien-, Ausbildungs- und Wirtschaftsmesse - UMschau Schwedt","description":"Sie vertreiben Energie, vermarkten Telekommunikationsprodukte, betreiben ein Freizeitbad, sorgen f\u00fcr eine flimmernde Kinoleinwand und Wohlf\u00fchlatmosph\u00e4re am Campingplatz\u2026und sie planen den Messeauftritt des Unternehmensverbundes Stadtwerke Schwedt auf der diesj\u00e4hrigen Verbundmesse \u201esam meets INKONTAKT\u201c.","robots":{"index":"index","follow":"follow","max-snippet":"max-snippet:-1","max-image-preview":"max-image-preview:large","max-video-preview":"max-video-preview:-1"},"canonical":"https:\/\/stadtwerkezeitung.info\/schwedt\/2025\/08\/25\/studien-ausbildungs-und-wirtschaftsmesse\/","og_locale":"en_US","og_type":"article","og_title":"Studien-, Ausbildungs- und Wirtschaftsmesse - UMschau Schwedt","og_description":"Sie vertreiben Energie, vermarkten Telekommunikationsprodukte, betreiben ein Freizeitbad, sorgen f\u00fcr eine flimmernde Kinoleinwand und Wohlf\u00fchlatmosph\u00e4re am Campingplatz\u2026und sie planen den Messeauftritt des Unternehmensverbundes Stadtwerke Schwedt auf der diesj\u00e4hrigen Verbundmesse \u201esam meets INKONTAKT\u201c.","og_url":"https:\/\/stadtwerkezeitung.info\/schwedt\/2025\/08\/25\/studien-ausbildungs-und-wirtschaftsmesse\/","og_site_name":"UMschau Schwedt","article_published_time":"2025-08-25T08:15:25+00:00","article_modified_time":"2025-08-25T08:20:32+00:00","og_image":[{"width":2560,"height":1707,"url":"https:\/\/stadtwerkezeitung.info\/schwedt\/wp-content\/uploads\/sites\/5\/2025\/08\/102_Teaser__Aufmacher_y_MG_2728-scaled.jpg","type":"image\/jpeg"}],"author":"admin","twitter_card":"summary_large_image","twitter_misc":{"Written by":"admin","Est. reading time":"3 minutes"},"schema":{"@context":"https:\/\/schema.org","@graph":[{"@type":"Article","@id":"https:\/\/stadtwerkezeitung.info\/schwedt\/2025\/08\/25\/studien-ausbildungs-und-wirtschaftsmesse\/#article","isPartOf":{"@id":"https:\/\/stadtwerkezeitung.info\/schwedt\/2025\/08\/25\/studien-ausbildungs-und-wirtschaftsmesse\/"},"author":{"name":"admin","@id":"https:\/\/stadtwerkezeitung.info\/schwedt\/#\/schema\/person\/acd409dca37d4bb8bf3a1284da7f1ee0"},"headline":"Studien-, Ausbildungs- und Wirtschaftsmesse","datePublished":"2025-08-25T08:15:25+00:00","dateModified":"2025-08-25T08:20:32+00:00","mainEntityOfPage":{"@id":"https:\/\/stadtwerkezeitung.info\/schwedt\/2025\/08\/25\/studien-ausbildungs-und-wirtschaftsmesse\/"},"wordCount":573,"commentCount":0,"image":{"@id":"https:\/\/stadtwerkezeitung.info\/schwedt\/2025\/08\/25\/studien-ausbildungs-und-wirtschaftsmesse\/#primaryimage"},"thumbnailUrl":"https:\/\/stadtwerkezeitung.info\/schwedt\/wp-content\/uploads\/sites\/5\/2025\/08\/102_Teaser__Aufmacher_y_MG_2728-scaled.jpg","inLanguage":"en-US","potentialAction":[{"@type":"CommentAction","name":"Comment","target":["https:\/\/stadtwerkezeitung.info\/schwedt\/2025\/08\/25\/studien-ausbildungs-und-wirtschaftsmesse\/#respond"]}]},{"@type":"WebPage","@id":"https:\/\/stadtwerkezeitung.info\/schwedt\/2025\/08\/25\/studien-ausbildungs-und-wirtschaftsmesse\/","url":"https:\/\/stadtwerkezeitung.info\/schwedt\/2025\/08\/25\/studien-ausbildungs-und-wirtschaftsmesse\/","name":"Studien-, Ausbildungs- und Wirtschaftsmesse - UMschau Schwedt","isPartOf":{"@id":"https:\/\/stadtwerkezeitung.info\/schwedt\/#website"},"primaryImageOfPage":{"@id":"https:\/\/stadtwerkezeitung.info\/schwedt\/2025\/08\/25\/studien-ausbildungs-und-wirtschaftsmesse\/#primaryimage"},"image":{"@id":"https:\/\/stadtwerkezeitung.info\/schwedt\/2025\/08\/25\/studien-ausbildungs-und-wirtschaftsmesse\/#primaryimage"},"thumbnailUrl":"https:\/\/stadtwerkezeitung.info\/schwedt\/wp-content\/uploads\/sites\/5\/2025\/08\/102_Teaser__Aufmacher_y_MG_2728-scaled.jpg","datePublished":"2025-08-25T08:15:25+00:00","dateModified":"2025-08-25T08:20:32+00:00","author":{"@id":"https:\/\/stadtwerkezeitung.info\/schwedt\/#\/schema\/person\/acd409dca37d4bb8bf3a1284da7f1ee0"},"description":"Sie vertreiben Energie, vermarkten Telekommunikationsprodukte, betreiben ein Freizeitbad, sorgen f\u00fcr eine flimmernde Kinoleinwand und Wohlf\u00fchlatmosph\u00e4re am Campingplatz\u2026und sie planen den Messeauftritt des Unternehmensverbundes Stadtwerke Schwedt auf der diesj\u00e4hrigen Verbundmesse \u201esam meets INKONTAKT\u201c.","breadcrumb":{"@id":"https:\/\/stadtwerkezeitung.info\/schwedt\/2025\/08\/25\/studien-ausbildungs-und-wirtschaftsmesse\/#breadcrumb"},"inLanguage":"en-US","potentialAction":[{"@type":"ReadAction","target":["https:\/\/stadtwerkezeitung.info\/schwedt\/2025\/08\/25\/studien-ausbildungs-und-wirtschaftsmesse\/"]}]},{"@type":"ImageObject","inLanguage":"en-US","@id":"https:\/\/stadtwerkezeitung.info\/schwedt\/2025\/08\/25\/studien-ausbildungs-und-wirtschaftsmesse\/#primaryimage","url":"https:\/\/stadtwerkezeitung.info\/schwedt\/wp-content\/uploads\/sites\/5\/2025\/08\/102_Teaser__Aufmacher_y_MG_2728-scaled.jpg","contentUrl":"https:\/\/stadtwerkezeitung.info\/schwedt\/wp-content\/uploads\/sites\/5\/2025\/08\/102_Teaser__Aufmacher_y_MG_2728-scaled.jpg","width":2560,"height":1707},{"@type":"BreadcrumbList","@id":"https:\/\/stadtwerkezeitung.info\/schwedt\/2025\/08\/25\/studien-ausbildungs-und-wirtschaftsmesse\/#breadcrumb","itemListElement":[{"@type":"ListItem","position":1,"name":"Home","item":"https:\/\/stadtwerkezeitung.info\/schwedt\/"},{"@type":"ListItem","position":2,"name":"Studien-, Ausbildungs- und Wirtschaftsmesse"}]},{"@type":"WebSite","@id":"https:\/\/stadtwerkezeitung.info\/schwedt\/#website","url":"https:\/\/stadtwerkezeitung.info\/schwedt\/","name":"UMschau Schwedt","description":"","inLanguage":"en-US"},{"@type":"Person","@id":"https:\/\/stadtwerkezeitung.info\/schwedt\/#\/schema\/person\/acd409dca37d4bb8bf3a1284da7f1ee0","name":"admin","image":{"@type":"ImageObject","inLanguage":"en-US","@id":"https:\/\/stadtwerkezeitung.info\/schwedt\/#\/schema\/person\/image\/","url":"https:\/\/secure.gravatar.com\/avatar\/52dc0b3340c8087a51f52eaa20dc62cd4a6fe41f5bd886140989db7b572c00cd?s=96&d=mm&r=g","contentUrl":"https:\/\/secure.gravatar.com\/avatar\/52dc0b3340c8087a51f52eaa20dc62cd4a6fe41f5bd886140989db7b572c00cd?s=96&d=mm&r=g","caption":"admin"},"sameAs":["https:\/\/stadtwerkezeitung.info"]}]}},"_links":{"self":[{"href":"https:\/\/stadtwerkezeitung.info\/schwedt\/wp-json\/wp\/v2\/posts\/205","targetHints":{"allow":["GET"]}}],"collection":[{"href":"https:\/\/stadtwerkezeitung.info\/schwedt\/wp-json\/wp\/v2\/posts"}],"about":[{"href":"https:\/\/stadtwerkezeitung.info\/schwedt\/wp-json\/wp\/v2\/types\/post"}],"author":[{"embeddable":true,"href":"https:\/\/stadtwerkezeitung.info\/schwedt\/wp-json\/wp\/v2\/users\/1"}],"replies":[{"embeddable":true,"href":"https:\/\/stadtwerkezeitung.info\/schwedt\/wp-json\/wp\/v2\/comments?post=205"}],"version-history":[{"count":4,"href":"https:\/\/stadtwerkezeitung.info\/schwedt\/wp-json\/wp\/v2\/posts\/205\/revisions"}],"predecessor-version":[{"id":211,"href":"https:\/\/stadtwerkezeitung.info\/schwedt\/wp-json\/wp\/v2\/posts\/205\/revisions\/211"}],"wp:featuredmedia":[{"embeddable":true,"href":"https:\/\/stadtwerkezeitung.info\/schwedt\/wp-json\/wp\/v2\/media\/207"}],"wp:attachment":[{"href":"https:\/\/stadtwerkezeitung.info\/schwedt\/wp-json\/wp\/v2\/media?parent=205"}],"wp:term":[{"taxonomy":"category","embeddable":true,"href":"https:\/\/stadtwerkezeitung.info\/schwedt\/wp-json\/wp\/v2\/categories?post=205"},{"taxonomy":"post_tag","embeddable":true,"href":"https:\/\/stadtwerkezeitung.info\/schwedt\/wp-json\/wp\/v2\/tags?post=205"}],"curies":[{"name":"wp","href":"https:\/\/api.w.org\/{rel}","templated":true}]}}