{"id":213,"date":"2025-08-25T08:22:49","date_gmt":"2025-08-25T08:22:49","guid":{"rendered":"https:\/\/stadtwerkezeitung.info\/schwedt\/?p=213"},"modified":"2025-08-25T08:27:31","modified_gmt":"2025-08-25T08:27:31","slug":"neue-wasserkurse-und-veranstaltungen-im-aquarium","status":"publish","type":"post","link":"https:\/\/stadtwerkezeitung.info\/schwedt\/2025\/08\/25\/neue-wasserkurse-und-veranstaltungen-im-aquarium\/","title":{"rendered":"Neue Wasserkurse und Veranstaltungen im AquariUM"},"content":{"rendered":"<h2>Mehr Schwimmen, mehr Bewegung<\/h2>\n<h1>Neue Wasserkurse und Veranstaltungen im AquariUM<\/h1>\n<h2>F\u00fcr die kommende Herbst- und Wintersaison plant das Freizeitbad neue Kurse f\u00fcr Kita-Kinder und mehr Schwimmkurse f\u00fcr Kinder ab 5\u2009Jahren. Der Leiter Freizeiteinrichtungen beim Unternehmensverbund Stadtwerke Schwedt, Martin Grunert, gibt einen \u00dcberblick.<\/h2>\n<p><img decoding=\"async\" src=\"\/schwedt\/wp-content\/uploads\/sites\/5\/2025\/08\/103_Teaser_Bild_IMG_3312.jpg\" alt=\"\"><\/p>\n<div>\n<p><em>Der Wasserparcours beim \u201eSplash&#038;Smile\u201c-Familienfest im Juni kam besonders gut an.<\/p>\n<p><small>Foto: SWS <br \/><\/small><\/em><\/p>\n<\/div>\n<div>\n<p><strong>Schwimmkurse f\u00fcr Kinder ab\u20095:<\/strong> \u201eDer Bedarf ist enorm. Deshalb schaffen wir ein eigenes Kursangebot\u201c, so Grunert. \u201eDie Warteliste an kleinen Schwimmanw\u00e4rtern beim SSV PCK 90\u2009e. V. reicht aktuell \u00fcber zwei Jahre.\u201c Das neue Kursformat soll Entlastung bringen und mehr Kindern den Zugang zum Schwimmen erm\u00f6glichen. Daf\u00fcr lie\u00df das AquariUM eigene Mitarbeitende zu Schwimmausbildern qualifizieren. <br \/>Start: Ende September, nachmittags, w\u00f6chentlich mehrere Einheiten. Anmeldung: aquarium@stadtwerke-schwedt.de<\/p>\n<p><strong>Fr\u00fchschwimmer-Kurse f\u00fcr Kitas:<\/strong> \u201eAngelehnt an das Schulschwimmen, m\u00f6chten wir auch f\u00fcr Kitagruppen ein Kursangebot wiederbeleben. Vorschulkinder im Alter von 4 bis 6\u2009Jahren sollen hier spielerisch und ohne Angst den ersten Kontakt mit tiefem Wasser erleben\u201c, erkl\u00e4rt Martin Grunert. Ziel: Wassergew\u00f6hnung als Vorstufe zum Schwimmenlernen. Drei AquariUM-Kollegen wurden daf\u00fcr speziell geschult.<\/p>\n<p><strong>Aquakurse:<\/strong> \u201eDank Zusatzqualifikationen bieten wir zuk\u00fcnftig mehr Aqua-Fitness- und Rehasport-Kurse an\u201c, berichtet Grunert. Reha-Kurse, die \u00e4rztlich verordnet und von Krankenkassen \u00fcbernommen werden, sind besonders beliebt. Geplant ist eine sp\u00e4tere Startzeit (ab 16.30\u2009Uhr), um Berufst\u00e4tigen die Teilnahme zu erleichtern. Zudem soll noch in diesem Jahr ein Kurs \u201eAqua-Cycling\u201c starten.<\/p>\n<p><strong>Babyschwimmen:<\/strong> startet nach der Sommerpause wieder am 11.\u2009September. Es sind immer zwei erfahrende Babyschwimmtrainer anwesend. Donnerstags von 14.30\u2009\u2013\u200916.30 Uhr, offener Kurs, ohne Voranmeldung, flexibles Kommen.<\/p>\n<p>Unser Tipp \u2013 Fr\u00fchschwimmen: Ab dem 8.\u2009September erhalten Fr\u00fchschwimmer bis 10 Uhr wieder 10\u2009% Rabatt. \u201eAuch wer 9.50\u2009Uhr kommt, kann zwei Stunden g\u00fcnstiger schwimmen\u201c, so Grunert.<\/p>\n<p><strong>Ausblick:<\/strong> \u201eIm November wird das Sportbad zum Kino. Die mobile Leinwand des FilmforUM wird am Beckenrand aufgebaut, geschaut wird vom Schlauchboot oder Liegestuhl. Au\u00dferdem planen wir auch f\u00fcr 2026 wieder ein Familienfest\u201c, sagt Grunert. Das \u201eSplash&amp;Smile\u201c im Juni mit fast 400\u2009Besuchern war ein voller Erfolg \u2013 besonders der Wasser-parcours kam hervorragend an. \u201eEin gro\u00dfes Dankesch\u00f6n an Badleiter Kai Kurpiuhn, der das Geschehen vor Ort wunderbar koordiniert hat, und alle Partner, die sich mit bunten Aktionen beteiligt haben.\u201c<\/p>\n<\/div>\n<p>\n    <a href=\"https:\/\/www.aquarium-schwedt.de\">Aktuelle Informationen jederzeit unter: www.aquarium-schwedt.de<\/a>\n<\/p>\n<div>\n<h3>8 Gr\u00fcnde, warum Schwimmen so gesund ist<\/h3>\n<p>Schon zwei Mal pro Woche 30 \u2013 60 Minuten Schwimmen:<\/p>\n<div>\n<p>\u2022 schont Gelenke<br \/>\u2022 st\u00e4rkt Herz &amp; Kreislauf<br \/>\u2022 verbessert Ausdauer<br \/>\u2022 f\u00f6rdert Muskeln<br \/>\u2022 reduziert Stress<br \/>\u2022 unterst\u00fctzt den R\u00fccken <br \/>\u2022 verbessert die Haltung<br \/>\u2022 hebt die Stimmung<\/p>\n<\/div>\n<\/div>\n<p><!--more--><br \/>\n<!-- {\"type\":\"layout\",\"children\":[{\"type\":\"section\",\"props\":{\"image_position\":\"center-center\",\"padding_remove_top\":true,\"style\":\"default\",\"title_breakpoint\":\"xl\",\"title_position\":\"top-left\",\"title_rotation\":\"left\",\"vertical_align\":\"\",\"width\":\"small\"},\"children\":[{\"type\":\"row\",\"children\":[{\"type\":\"column\",\"props\":{\"image_position\":\"center-center\",\"position_sticky_breakpoint\":\"m\"},\"children\":[{\"type\":\"headline\",\"props\":{\"content\":\"Mehr Schwimmen, mehr Bewegung\",\"margin\":\"small\",\"margin_remove_bottom\":false,\"margin_remove_top\":false,\"title_element\":\"h2\",\"title_style\":\"h6\"}},{\"type\":\"headline\",\"props\":{\"content\":\"Neue Wasserkurse und Veranstaltungen im AquariUM\",\"margin\":\"small\",\"margin_remove_bottom\":false,\"margin_remove_top\":false,\"title_element\":\"h1\",\"title_style\":\"h2\"}},{\"type\":\"headline\",\"props\":{\"content\":\"F\\u00fcr die kommende Herbst- und Wintersaison plant das Freizeitbad neue Kurse f\\u00fcr Kita-Kinder und mehr Schwimmkurse f\\u00fcr Kinder ab 5\\u2009Jahren. Der Leiter Freizeiteinrichtungen beim Unternehmensverbund Stadtwerke Schwedt, Martin Grunert, gibt einen \\u00dcberblick.\",\"margin\":\"small\",\"margin_remove_top\":false,\"title_element\":\"h2\",\"title_style\":\"text-lead\"}},{\"type\":\"image\",\"props\":{\"image\":\"wp-content\\\/uploads\\\/sites\\\/5\\\/2025\\\/08\\\/103_Teaser_Bild_IMG_3312.jpg\",\"image_svg_color\":\"emphasis\",\"margin\":\"default\"}},{\"type\":\"text\",\"props\":{\"column_breakpoint\":\"m\",\"content\":\"\n\n<p><em>Der Wasserparcours beim \\u201eSplash&Smile\\u201c-Familienfest im Juni kam besonders gut an.\\n\\n    \\n    <br \\\/><small>Foto: SWS <br \\\/><\\\/small><\\\/em><\\\/p>\",\"margin\":\"default\"}},{\"type\":\"text\",\"props\":{\"column_breakpoint\":\"m\",\"content\":\"\n\n<p><strong>Schwimmkurse f\\u00fcr Kinder ab\\u20095:<\\\/strong> \\u201eDer Bedarf ist enorm. Deshalb schaffen wir ein eigenes Kursangebot\\u201c, so Grunert. \\u201eDie Warteliste an kleinen Schwimmanw\\u00e4rtern beim SSV PCK 90\\u2009e. V. reicht aktuell \\u00fcber zwei Jahre.\\u201c Das neue Kursformat soll Entlastung bringen und mehr Kindern den Zugang zum Schwimmen erm\\u00f6glichen. Daf\\u00fcr lie\\u00df das AquariUM eigene Mitarbeitende zu Schwimmausbildern qualifizieren. <br \\\/>Start: Ende September, nachmittags, w\\u00f6chentlich mehrere Einheiten. Anmeldung: aquarium@stadtwerke-schwedt.de<\\\/p>\\n\n\n<p><strong>Fr\\u00fchschwimmer-Kurse f\\u00fcr Kitas:<\\\/strong> \\u201eAngelehnt an das Schulschwimmen, m\\u00f6chten wir auch f\\u00fcr Kitagruppen ein Kursangebot wiederbeleben. Vorschulkinder im Alter von 4 bis 6\\u2009Jahren sollen hier spielerisch und ohne Angst den ersten Kontakt mit tiefem Wasser erleben\\u201c, erkl\\u00e4rt Martin Grunert. Ziel: Wassergew\\u00f6hnung als Vorstufe zum Schwimmenlernen. Drei AquariUM-Kollegen wurden daf\\u00fcr speziell geschult.<\\\/p>\\n\n\n<p><strong>Aquakurse:<\\\/strong> \\u201eDank Zusatzqualifikationen bieten wir zuk\\u00fcnftig mehr Aqua-Fitness- und Rehasport-Kurse an\\u201c, berichtet Grunert. Reha-Kurse, die \\u00e4rztlich verordnet und von Krankenkassen \\u00fcbernommen werden, sind besonders beliebt. Geplant ist eine sp\\u00e4tere Startzeit (ab 16.30\\u2009Uhr), um Berufst\\u00e4tigen die Teilnahme zu erleichtern. Zudem soll noch in diesem Jahr ein Kurs \\u201eAqua-Cycling\\u201c starten.<\\\/p>\\n\n\n<p><strong>Babyschwimmen:<\\\/strong> startet nach der Sommerpause wieder am 11.\\u2009September. Es sind immer zwei erfahrende Babyschwimmtrainer anwesend. Donnerstags von 14.30\\u2009\\u2013\\u200916.30 Uhr, offener Kurs, ohne Voranmeldung, flexibles Kommen.<\\\/p>\\n\n\n<p>Unser Tipp \\u2013 Fr\\u00fchschwimmen: Ab dem 8.\\u2009September erhalten Fr\\u00fchschwimmer bis 10 Uhr wieder 10\\u2009% Rabatt. \\u201eAuch wer 9.50\\u2009Uhr kommt, kann zwei Stunden g\\u00fcnstiger schwimmen\\u201c, so Grunert.<\\\/p>\\n\n\n<p><strong>Ausblick:<\\\/strong> \\u201eIm November wird das Sportbad zum Kino. Die mobile Leinwand des FilmforUM wird am Beckenrand aufgebaut, geschaut wird vom Schlauchboot oder Liegestuhl. Au\\u00dferdem planen wir auch f\\u00fcr 2026 wieder ein Familienfest\\u201c, sagt Grunert. Das \\u201eSplash&amp;Smile\\u201c im Juni mit fast 400\\u2009Besuchern war ein voller Erfolg \\u2013 besonders der Wasser-parcours kam hervorragend an. \\u201eEin gro\\u00dfes Dankesch\\u00f6n an Badleiter Kai Kurpiuhn, der das Geschehen vor Ort wunderbar koordiniert hat, und alle Partner, die sich mit bunten Aktionen beteiligt haben.\\u201c<\\\/p>\",\"margin\":\"default\"}},{\"type\":\"button\",\"props\":{\"fullwidth\":true,\"grid_column_gap\":\"small\",\"grid_row_gap\":\"small\",\"margin\":\"default\"},\"children\":[{\"type\":\"button_item\",\"props\":{\"button_style\":\"secondary\",\"content\":\"Aktuelle Informationen jederzeit unter: www.aquarium-schwedt.de\",\"icon\":\"link-external\",\"icon_align\":\"left\",\"link\":\"https:\\\/\\\/www.aquarium-schwedt.de\",\"link_target\":\"blank\"}}]},{\"type\":\"panel\",\"props\":{\"content\":\"\n\n<p>\\u2022 schont Gelenke<br \\\/>\\u2022 st\\u00e4rkt Herz &amp; Kreislauf<br \\\/>\\u2022 verbessert Ausdauer<br \\\/>\\u2022 f\\u00f6rdert Muskeln<br \\\/>\\u2022 reduziert Stress<br \\\/>\\u2022 unterst\\u00fctzt den R\\u00fccken <br \\\/>\\u2022 verbessert die Haltung<br \\\/>\\u2022 hebt die Stimmung<\\\/p>\",\"content_column_breakpoint\":\"m\",\"icon\":\"\",\"icon_width\":80,\"image_align\":\"left\",\"image_grid_breakpoint\":\"m\",\"image_grid_width\":\"auto\",\"image_svg_color\":\"emphasis\",\"image_vertical_align\":true,\"link_style\":\"default\",\"link_text\":\"Read more\",\"margin\":\"default\",\"meta\":\"Schon zwei Mal pro Woche 30 \\u2013 60 Minuten Schwimmen:\",\"meta_align\":\"below-title\",\"meta_element\":\"div\",\"meta_style\":\"text-meta\",\"panel_padding\":\"default\",\"panel_style\":\"card-secondary\",\"title\":\"8 Gr\\u00fcnde, warum Schwimmen so gesund ist\",\"title_align\":\"top\",\"title_element\":\"h3\",\"title_grid_breakpoint\":\"m\",\"title_grid_width\":\"1-2\",\"title_hover_style\":\"reset\"}}]}]}],\"name\":\"Artikel Format\"}],\"version\":\"4.4.1\"} --><\/p>\n","protected":false},"excerpt":{"rendered":"<p>Mehr Schwimmen, mehr Bewegung Neue Wasserkurse und Veranstaltungen im AquariUM F\u00fcr die kommende Herbst- und Wintersaison plant das Freizeitbad neue Kurse f\u00fcr Kita-Kinder und mehr Schwimmkurse f\u00fcr Kinder ab 5\u2009Jahren. Der Leiter Freizeiteinrichtungen beim Unternehmensverbund Stadtwerke Schwedt, Martin Grunert, gibt einen \u00dcberblick. Der Wasserparcours beim \u201eSplash&#038;Smile\u201c-Familienfest im Juni kam besonders gut an. Foto: SWS Schwimmkurse [&hellip;]<\/p>\n","protected":false},"author":1,"featured_media":215,"comment_status":"open","ping_status":"open","sticky":false,"template":"","format":"standard","meta":{"footnotes":""},"categories":[1],"tags":[],"class_list":["post-213","post","type-post","status-publish","format-standard","has-post-thumbnail","hentry","category-uncategorized"],"yoast_head":"<!-- This site is optimized with the Yoast SEO plugin v26.9 - https:\/\/yoast.com\/product\/yoast-seo-wordpress\/ -->\n<title>Neue Wasserkurse und Veranstaltungen im AquariUM - UMschau Schwedt<\/title>\n<meta name=\"description\" content=\"F\u00fcr die kommende Herbst- und Wintersaison plant das Freizeitbad neue Kurse f\u00fcr Kita-Kinder und mehr Schwimmkurse f\u00fcr Kinder ab 5\u2009Jahren. Der Leiter Freizeiteinrichtungen beim Unternehmensverbund Stadtwerke Schwedt, Martin Grunert, gibt einen \u00dcberblick.\" \/>\n<meta name=\"robots\" content=\"index, follow, max-snippet:-1, max-image-preview:large, max-video-preview:-1\" \/>\n<link rel=\"canonical\" href=\"https:\/\/stadtwerkezeitung.info\/schwedt\/2025\/08\/25\/neue-wasserkurse-und-veranstaltungen-im-aquarium\/\" \/>\n<meta property=\"og:locale\" content=\"en_US\" \/>\n<meta property=\"og:type\" content=\"article\" \/>\n<meta property=\"og:title\" content=\"Neue Wasserkurse und Veranstaltungen im AquariUM - UMschau Schwedt\" \/>\n<meta property=\"og:description\" content=\"F\u00fcr die kommende Herbst- und Wintersaison plant das Freizeitbad neue Kurse f\u00fcr Kita-Kinder und mehr Schwimmkurse f\u00fcr Kinder ab 5\u2009Jahren. Der Leiter Freizeiteinrichtungen beim Unternehmensverbund Stadtwerke Schwedt, Martin Grunert, gibt einen \u00dcberblick.\" \/>\n<meta property=\"og:url\" content=\"https:\/\/stadtwerkezeitung.info\/schwedt\/2025\/08\/25\/neue-wasserkurse-und-veranstaltungen-im-aquarium\/\" \/>\n<meta property=\"og:site_name\" content=\"UMschau Schwedt\" \/>\n<meta property=\"article:published_time\" content=\"2025-08-25T08:22:49+00:00\" \/>\n<meta property=\"article:modified_time\" content=\"2025-08-25T08:27:31+00:00\" \/>\n<meta property=\"og:image\" content=\"https:\/\/stadtwerkezeitung.info\/schwedt\/wp-content\/uploads\/sites\/5\/2025\/08\/103_Teaser_Bild_IMG_3312.jpg\" \/>\n\t<meta property=\"og:image:width\" content=\"900\" \/>\n\t<meta property=\"og:image:height\" content=\"675\" \/>\n\t<meta property=\"og:image:type\" content=\"image\/jpeg\" \/>\n<meta name=\"author\" content=\"admin\" \/>\n<meta name=\"twitter:card\" content=\"summary_large_image\" \/>\n<meta name=\"twitter:label1\" content=\"Written by\" \/>\n\t<meta name=\"twitter:data1\" content=\"admin\" \/>\n\t<meta name=\"twitter:label2\" content=\"Est. reading time\" \/>\n\t<meta name=\"twitter:data2\" content=\"3 minutes\" \/>\n<script type=\"application\/ld+json\" class=\"yoast-schema-graph\">{\"@context\":\"https:\/\/schema.org\",\"@graph\":[{\"@type\":\"Article\",\"@id\":\"https:\/\/stadtwerkezeitung.info\/schwedt\/2025\/08\/25\/neue-wasserkurse-und-veranstaltungen-im-aquarium\/#article\",\"isPartOf\":{\"@id\":\"https:\/\/stadtwerkezeitung.info\/schwedt\/2025\/08\/25\/neue-wasserkurse-und-veranstaltungen-im-aquarium\/\"},\"author\":{\"name\":\"admin\",\"@id\":\"https:\/\/stadtwerkezeitung.info\/schwedt\/#\/schema\/person\/acd409dca37d4bb8bf3a1284da7f1ee0\"},\"headline\":\"Neue Wasserkurse und Veranstaltungen im AquariUM\",\"datePublished\":\"2025-08-25T08:22:49+00:00\",\"dateModified\":\"2025-08-25T08:27:31+00:00\",\"mainEntityOfPage\":{\"@id\":\"https:\/\/stadtwerkezeitung.info\/schwedt\/2025\/08\/25\/neue-wasserkurse-und-veranstaltungen-im-aquarium\/\"},\"wordCount\":419,\"commentCount\":0,\"image\":{\"@id\":\"https:\/\/stadtwerkezeitung.info\/schwedt\/2025\/08\/25\/neue-wasserkurse-und-veranstaltungen-im-aquarium\/#primaryimage\"},\"thumbnailUrl\":\"https:\/\/stadtwerkezeitung.info\/schwedt\/wp-content\/uploads\/sites\/5\/2025\/08\/103_Teaser_Bild_IMG_3312.jpg\",\"inLanguage\":\"en-US\",\"potentialAction\":[{\"@type\":\"CommentAction\",\"name\":\"Comment\",\"target\":[\"https:\/\/stadtwerkezeitung.info\/schwedt\/2025\/08\/25\/neue-wasserkurse-und-veranstaltungen-im-aquarium\/#respond\"]}]},{\"@type\":\"WebPage\",\"@id\":\"https:\/\/stadtwerkezeitung.info\/schwedt\/2025\/08\/25\/neue-wasserkurse-und-veranstaltungen-im-aquarium\/\",\"url\":\"https:\/\/stadtwerkezeitung.info\/schwedt\/2025\/08\/25\/neue-wasserkurse-und-veranstaltungen-im-aquarium\/\",\"name\":\"Neue Wasserkurse und Veranstaltungen im AquariUM - UMschau Schwedt\",\"isPartOf\":{\"@id\":\"https:\/\/stadtwerkezeitung.info\/schwedt\/#website\"},\"primaryImageOfPage\":{\"@id\":\"https:\/\/stadtwerkezeitung.info\/schwedt\/2025\/08\/25\/neue-wasserkurse-und-veranstaltungen-im-aquarium\/#primaryimage\"},\"image\":{\"@id\":\"https:\/\/stadtwerkezeitung.info\/schwedt\/2025\/08\/25\/neue-wasserkurse-und-veranstaltungen-im-aquarium\/#primaryimage\"},\"thumbnailUrl\":\"https:\/\/stadtwerkezeitung.info\/schwedt\/wp-content\/uploads\/sites\/5\/2025\/08\/103_Teaser_Bild_IMG_3312.jpg\",\"datePublished\":\"2025-08-25T08:22:49+00:00\",\"dateModified\":\"2025-08-25T08:27:31+00:00\",\"author\":{\"@id\":\"https:\/\/stadtwerkezeitung.info\/schwedt\/#\/schema\/person\/acd409dca37d4bb8bf3a1284da7f1ee0\"},\"description\":\"F\u00fcr die kommende Herbst- und Wintersaison plant das Freizeitbad neue Kurse f\u00fcr Kita-Kinder und mehr Schwimmkurse f\u00fcr Kinder ab 5\u2009Jahren. Der Leiter Freizeiteinrichtungen beim Unternehmensverbund Stadtwerke Schwedt, Martin Grunert, gibt einen \u00dcberblick.\",\"breadcrumb\":{\"@id\":\"https:\/\/stadtwerkezeitung.info\/schwedt\/2025\/08\/25\/neue-wasserkurse-und-veranstaltungen-im-aquarium\/#breadcrumb\"},\"inLanguage\":\"en-US\",\"potentialAction\":[{\"@type\":\"ReadAction\",\"target\":[\"https:\/\/stadtwerkezeitung.info\/schwedt\/2025\/08\/25\/neue-wasserkurse-und-veranstaltungen-im-aquarium\/\"]}]},{\"@type\":\"ImageObject\",\"inLanguage\":\"en-US\",\"@id\":\"https:\/\/stadtwerkezeitung.info\/schwedt\/2025\/08\/25\/neue-wasserkurse-und-veranstaltungen-im-aquarium\/#primaryimage\",\"url\":\"https:\/\/stadtwerkezeitung.info\/schwedt\/wp-content\/uploads\/sites\/5\/2025\/08\/103_Teaser_Bild_IMG_3312.jpg\",\"contentUrl\":\"https:\/\/stadtwerkezeitung.info\/schwedt\/wp-content\/uploads\/sites\/5\/2025\/08\/103_Teaser_Bild_IMG_3312.jpg\",\"width\":900,\"height\":675},{\"@type\":\"BreadcrumbList\",\"@id\":\"https:\/\/stadtwerkezeitung.info\/schwedt\/2025\/08\/25\/neue-wasserkurse-und-veranstaltungen-im-aquarium\/#breadcrumb\",\"itemListElement\":[{\"@type\":\"ListItem\",\"position\":1,\"name\":\"Home\",\"item\":\"https:\/\/stadtwerkezeitung.info\/schwedt\/\"},{\"@type\":\"ListItem\",\"position\":2,\"name\":\"Neue Wasserkurse und Veranstaltungen im AquariUM\"}]},{\"@type\":\"WebSite\",\"@id\":\"https:\/\/stadtwerkezeitung.info\/schwedt\/#website\",\"url\":\"https:\/\/stadtwerkezeitung.info\/schwedt\/\",\"name\":\"UMschau Schwedt\",\"description\":\"\",\"inLanguage\":\"en-US\"},{\"@type\":\"Person\",\"@id\":\"https:\/\/stadtwerkezeitung.info\/schwedt\/#\/schema\/person\/acd409dca37d4bb8bf3a1284da7f1ee0\",\"name\":\"admin\",\"image\":{\"@type\":\"ImageObject\",\"inLanguage\":\"en-US\",\"@id\":\"https:\/\/stadtwerkezeitung.info\/schwedt\/#\/schema\/person\/image\/\",\"url\":\"https:\/\/secure.gravatar.com\/avatar\/52dc0b3340c8087a51f52eaa20dc62cd4a6fe41f5bd886140989db7b572c00cd?s=96&d=mm&r=g\",\"contentUrl\":\"https:\/\/secure.gravatar.com\/avatar\/52dc0b3340c8087a51f52eaa20dc62cd4a6fe41f5bd886140989db7b572c00cd?s=96&d=mm&r=g\",\"caption\":\"admin\"},\"sameAs\":[\"https:\/\/stadtwerkezeitung.info\"]}]}<\/script>\n<!-- \/ Yoast SEO plugin. -->","yoast_head_json":{"title":"Neue Wasserkurse und Veranstaltungen im AquariUM - UMschau Schwedt","description":"F\u00fcr die kommende Herbst- und Wintersaison plant das Freizeitbad neue Kurse f\u00fcr Kita-Kinder und mehr Schwimmkurse f\u00fcr Kinder ab 5\u2009Jahren. Der Leiter Freizeiteinrichtungen beim Unternehmensverbund Stadtwerke Schwedt, Martin Grunert, gibt einen \u00dcberblick.","robots":{"index":"index","follow":"follow","max-snippet":"max-snippet:-1","max-image-preview":"max-image-preview:large","max-video-preview":"max-video-preview:-1"},"canonical":"https:\/\/stadtwerkezeitung.info\/schwedt\/2025\/08\/25\/neue-wasserkurse-und-veranstaltungen-im-aquarium\/","og_locale":"en_US","og_type":"article","og_title":"Neue Wasserkurse und Veranstaltungen im AquariUM - UMschau Schwedt","og_description":"F\u00fcr die kommende Herbst- und Wintersaison plant das Freizeitbad neue Kurse f\u00fcr Kita-Kinder und mehr Schwimmkurse f\u00fcr Kinder ab 5\u2009Jahren. Der Leiter Freizeiteinrichtungen beim Unternehmensverbund Stadtwerke Schwedt, Martin Grunert, gibt einen \u00dcberblick.","og_url":"https:\/\/stadtwerkezeitung.info\/schwedt\/2025\/08\/25\/neue-wasserkurse-und-veranstaltungen-im-aquarium\/","og_site_name":"UMschau Schwedt","article_published_time":"2025-08-25T08:22:49+00:00","article_modified_time":"2025-08-25T08:27:31+00:00","og_image":[{"width":900,"height":675,"url":"https:\/\/stadtwerkezeitung.info\/schwedt\/wp-content\/uploads\/sites\/5\/2025\/08\/103_Teaser_Bild_IMG_3312.jpg","type":"image\/jpeg"}],"author":"admin","twitter_card":"summary_large_image","twitter_misc":{"Written by":"admin","Est. reading time":"3 minutes"},"schema":{"@context":"https:\/\/schema.org","@graph":[{"@type":"Article","@id":"https:\/\/stadtwerkezeitung.info\/schwedt\/2025\/08\/25\/neue-wasserkurse-und-veranstaltungen-im-aquarium\/#article","isPartOf":{"@id":"https:\/\/stadtwerkezeitung.info\/schwedt\/2025\/08\/25\/neue-wasserkurse-und-veranstaltungen-im-aquarium\/"},"author":{"name":"admin","@id":"https:\/\/stadtwerkezeitung.info\/schwedt\/#\/schema\/person\/acd409dca37d4bb8bf3a1284da7f1ee0"},"headline":"Neue Wasserkurse und Veranstaltungen im AquariUM","datePublished":"2025-08-25T08:22:49+00:00","dateModified":"2025-08-25T08:27:31+00:00","mainEntityOfPage":{"@id":"https:\/\/stadtwerkezeitung.info\/schwedt\/2025\/08\/25\/neue-wasserkurse-und-veranstaltungen-im-aquarium\/"},"wordCount":419,"commentCount":0,"image":{"@id":"https:\/\/stadtwerkezeitung.info\/schwedt\/2025\/08\/25\/neue-wasserkurse-und-veranstaltungen-im-aquarium\/#primaryimage"},"thumbnailUrl":"https:\/\/stadtwerkezeitung.info\/schwedt\/wp-content\/uploads\/sites\/5\/2025\/08\/103_Teaser_Bild_IMG_3312.jpg","inLanguage":"en-US","potentialAction":[{"@type":"CommentAction","name":"Comment","target":["https:\/\/stadtwerkezeitung.info\/schwedt\/2025\/08\/25\/neue-wasserkurse-und-veranstaltungen-im-aquarium\/#respond"]}]},{"@type":"WebPage","@id":"https:\/\/stadtwerkezeitung.info\/schwedt\/2025\/08\/25\/neue-wasserkurse-und-veranstaltungen-im-aquarium\/","url":"https:\/\/stadtwerkezeitung.info\/schwedt\/2025\/08\/25\/neue-wasserkurse-und-veranstaltungen-im-aquarium\/","name":"Neue Wasserkurse und Veranstaltungen im AquariUM - UMschau Schwedt","isPartOf":{"@id":"https:\/\/stadtwerkezeitung.info\/schwedt\/#website"},"primaryImageOfPage":{"@id":"https:\/\/stadtwerkezeitung.info\/schwedt\/2025\/08\/25\/neue-wasserkurse-und-veranstaltungen-im-aquarium\/#primaryimage"},"image":{"@id":"https:\/\/stadtwerkezeitung.info\/schwedt\/2025\/08\/25\/neue-wasserkurse-und-veranstaltungen-im-aquarium\/#primaryimage"},"thumbnailUrl":"https:\/\/stadtwerkezeitung.info\/schwedt\/wp-content\/uploads\/sites\/5\/2025\/08\/103_Teaser_Bild_IMG_3312.jpg","datePublished":"2025-08-25T08:22:49+00:00","dateModified":"2025-08-25T08:27:31+00:00","author":{"@id":"https:\/\/stadtwerkezeitung.info\/schwedt\/#\/schema\/person\/acd409dca37d4bb8bf3a1284da7f1ee0"},"description":"F\u00fcr die kommende Herbst- und Wintersaison plant das Freizeitbad neue Kurse f\u00fcr Kita-Kinder und mehr Schwimmkurse f\u00fcr Kinder ab 5\u2009Jahren. Der Leiter Freizeiteinrichtungen beim Unternehmensverbund Stadtwerke Schwedt, Martin Grunert, gibt einen \u00dcberblick.","breadcrumb":{"@id":"https:\/\/stadtwerkezeitung.info\/schwedt\/2025\/08\/25\/neue-wasserkurse-und-veranstaltungen-im-aquarium\/#breadcrumb"},"inLanguage":"en-US","potentialAction":[{"@type":"ReadAction","target":["https:\/\/stadtwerkezeitung.info\/schwedt\/2025\/08\/25\/neue-wasserkurse-und-veranstaltungen-im-aquarium\/"]}]},{"@type":"ImageObject","inLanguage":"en-US","@id":"https:\/\/stadtwerkezeitung.info\/schwedt\/2025\/08\/25\/neue-wasserkurse-und-veranstaltungen-im-aquarium\/#primaryimage","url":"https:\/\/stadtwerkezeitung.info\/schwedt\/wp-content\/uploads\/sites\/5\/2025\/08\/103_Teaser_Bild_IMG_3312.jpg","contentUrl":"https:\/\/stadtwerkezeitung.info\/schwedt\/wp-content\/uploads\/sites\/5\/2025\/08\/103_Teaser_Bild_IMG_3312.jpg","width":900,"height":675},{"@type":"BreadcrumbList","@id":"https:\/\/stadtwerkezeitung.info\/schwedt\/2025\/08\/25\/neue-wasserkurse-und-veranstaltungen-im-aquarium\/#breadcrumb","itemListElement":[{"@type":"ListItem","position":1,"name":"Home","item":"https:\/\/stadtwerkezeitung.info\/schwedt\/"},{"@type":"ListItem","position":2,"name":"Neue Wasserkurse und Veranstaltungen im AquariUM"}]},{"@type":"WebSite","@id":"https:\/\/stadtwerkezeitung.info\/schwedt\/#website","url":"https:\/\/stadtwerkezeitung.info\/schwedt\/","name":"UMschau Schwedt","description":"","inLanguage":"en-US"},{"@type":"Person","@id":"https:\/\/stadtwerkezeitung.info\/schwedt\/#\/schema\/person\/acd409dca37d4bb8bf3a1284da7f1ee0","name":"admin","image":{"@type":"ImageObject","inLanguage":"en-US","@id":"https:\/\/stadtwerkezeitung.info\/schwedt\/#\/schema\/person\/image\/","url":"https:\/\/secure.gravatar.com\/avatar\/52dc0b3340c8087a51f52eaa20dc62cd4a6fe41f5bd886140989db7b572c00cd?s=96&d=mm&r=g","contentUrl":"https:\/\/secure.gravatar.com\/avatar\/52dc0b3340c8087a51f52eaa20dc62cd4a6fe41f5bd886140989db7b572c00cd?s=96&d=mm&r=g","caption":"admin"},"sameAs":["https:\/\/stadtwerkezeitung.info"]}]}},"_links":{"self":[{"href":"https:\/\/stadtwerkezeitung.info\/schwedt\/wp-json\/wp\/v2\/posts\/213","targetHints":{"allow":["GET"]}}],"collection":[{"href":"https:\/\/stadtwerkezeitung.info\/schwedt\/wp-json\/wp\/v2\/posts"}],"about":[{"href":"https:\/\/stadtwerkezeitung.info\/schwedt\/wp-json\/wp\/v2\/types\/post"}],"author":[{"embeddable":true,"href":"https:\/\/stadtwerkezeitung.info\/schwedt\/wp-json\/wp\/v2\/users\/1"}],"replies":[{"embeddable":true,"href":"https:\/\/stadtwerkezeitung.info\/schwedt\/wp-json\/wp\/v2\/comments?post=213"}],"version-history":[{"count":5,"href":"https:\/\/stadtwerkezeitung.info\/schwedt\/wp-json\/wp\/v2\/posts\/213\/revisions"}],"predecessor-version":[{"id":220,"href":"https:\/\/stadtwerkezeitung.info\/schwedt\/wp-json\/wp\/v2\/posts\/213\/revisions\/220"}],"wp:featuredmedia":[{"embeddable":true,"href":"https:\/\/stadtwerkezeitung.info\/schwedt\/wp-json\/wp\/v2\/media\/215"}],"wp:attachment":[{"href":"https:\/\/stadtwerkezeitung.info\/schwedt\/wp-json\/wp\/v2\/media?parent=213"}],"wp:term":[{"taxonomy":"category","embeddable":true,"href":"https:\/\/stadtwerkezeitung.info\/schwedt\/wp-json\/wp\/v2\/categories?post=213"},{"taxonomy":"post_tag","embeddable":true,"href":"https:\/\/stadtwerkezeitung.info\/schwedt\/wp-json\/wp\/v2\/tags?post=213"}],"curies":[{"name":"wp","href":"https:\/\/api.w.org\/{rel}","templated":true}]}}