{"id":222,"date":"2025-08-25T08:30:06","date_gmt":"2025-08-25T08:30:06","guid":{"rendered":"https:\/\/stadtwerkezeitung.info\/schwedt\/?p=222"},"modified":"2025-08-25T08:32:44","modified_gmt":"2025-08-25T08:32:44","slug":"mach-die-schwalbe","status":"publish","type":"post","link":"https:\/\/stadtwerkezeitung.info\/schwedt\/2025\/08\/25\/mach-die-schwalbe\/","title":{"rendered":"Mach die Schwalbe!"},"content":{"rendered":"<h2>Simsonwerkstatt f\u00fcr Jugendliche<br \/>\n<\/h2>\n<h1>Mach die Schwalbe!<\/h1>\n<h2>Jeden Dienstag ab 14:30 Uhr treffen sich Jette, Joyce, Lucas, Florian, Hannes und Vinzent in einer Werkstatt in Schwedt, um gemeinsam alte Simson-Mopeds wieder flott zu machen. Sie sind der harte Kern einer Moped-AG, die im Januar an den Start ging.<\/h2>\n<p><img decoding=\"async\" src=\"\/schwedt\/wp-content\/uploads\/sites\/5\/2025\/08\/104_Teaser_Bild_y_MG_2842.jpg\" alt=\"\"><\/p>\n<div>\n<p><em>Florian, Jette, Joyce, Hannes und Vinzent (v.\u2009li.) an der Simson SR 50, bei der die Z\u00fcndung repariert wird. <br \/><small>Foto: SPREE-PR\/Petsch<br \/><\/small><\/em><\/p>\n<\/div>\n<div>\n<p>Das Herzensprojekt geht auf die Initiative von Hans-Joachim Bliefert (72) zur\u00fcck. Der fr\u00fchere PCK-Ingenieur engagierte sich schon lange in einer Modellbau-AG der Talsand-Gesamtschule und stellte fest: \u201eViele Jungs und M\u00e4dels wissen gar nicht, dass man eine Schraube rechts rum festmacht und links rum l\u00f6st.\u201c Da kam die Idee zur Simson-Schrauberwerkstatt. \u201eWir wollen hier den Jugendlichen ganz praktisch handwerkliche F\u00e4higkeiten beibringen.\u201c<\/p>\n<p>Zun\u00e4chst wurden drei alte Simsons gekauft. Denn an den Mopeds g\u00e4be es nichts, \u201ewas man nicht reparieren kann\u201c. Und sie haben Kultstatus \u2013 das begeistert. Hier lernen M\u00e4dchen und Jungen zwischen 12 und 16 Jahren, wie man eine Simson flottmacht oder neue Felgen einbaut. Oder es wird einfach mal gemeinsam \u00fcber \u201eMoped-Probleme\u201c geschwatzt.<\/p>\n<\/div>\n<p><img decoding=\"async\" src=\"\/schwedt\/wp-content\/uploads\/sites\/5\/2025\/08\/104_Bild_2_y_MG_2837.jpg\" alt=\"\"><\/p>\n<div>\n<p><em>Der harte Kern: Die Jugendlichen der Simsonwerkstatt.<\/p>\n<p><small>Foto: SPREE-PR\/Petsch<br \/><\/small><\/em><\/p>\n<\/div>\n<div>\n<p>Gerade steht eine SR\u200950 auf der kleinen gr\u00fcnen Hebeb\u00fchne. \u201eDa wird gerade die Z\u00fcndung repariert\u201c, erkl\u00e4rt Hans-Joachim Bliefert. \u201eEs ist cool, dass man hier nicht nur zuguckt, sondern richtig was lernt\u201c, sagt Jette (15). Wer will, bringt sein eigenes Moped mit und schraubt mit den anderen daran. Und: \u201eEs ist ja auch ein Zusammenkommen mit Freunden. Man kann hier \u00fcber alles mit den Leuten quatschen\u201c, so Jette. Und so wird hier mehr als Technik vermittelt: Zusammenhalt, Eigenverantwortung und Begeisterung f\u00fcr Handwerk stehen im Mittelpunkt.<\/p>\n<p>Unterst\u00fctzt werden die jungen Simson-Schrauber von erfahrenen Ehrenamtlichen \u2013 und von den Stadtwerken Schwedt. S\u00e4mtliches Werkzeug, ein Koffer voller Maulschl\u00fcssel bekamen sie gesponsert, inklusive Unterst\u00fctzung bei regelm\u00e4\u00dfigen Unkosten.<\/p>\n<\/div>\n<div>\n<h3>Die Moped-AG ist offen f\u00fcr Jugendliche ab 12 Jahre und trifft sich Di von 14:30\u2009\u2013\u200918:00 Uhr in der Steinstra\u00dfe 10. <\/h3>\n<\/div>\n<p><!--more--><br \/>\n<!-- {\"type\":\"layout\",\"children\":[{\"type\":\"section\",\"props\":{\"image_position\":\"center-center\",\"padding_remove_top\":true,\"style\":\"default\",\"title_breakpoint\":\"xl\",\"title_position\":\"top-left\",\"title_rotation\":\"left\",\"vertical_align\":\"\",\"width\":\"small\"},\"children\":[{\"type\":\"row\",\"children\":[{\"type\":\"column\",\"props\":{\"image_position\":\"center-center\",\"position_sticky_breakpoint\":\"m\"},\"children\":[{\"type\":\"headline\",\"props\":{\"content\":\"Simsonwerkstatt f\\u00fcr Jugendliche\\n\",\"margin\":\"small\",\"margin_remove_bottom\":false,\"margin_remove_top\":false,\"title_element\":\"h2\",\"title_style\":\"h6\"}},{\"type\":\"headline\",\"props\":{\"content\":\"Mach die Schwalbe!\",\"margin\":\"small\",\"margin_remove_bottom\":false,\"margin_remove_top\":false,\"title_element\":\"h1\",\"title_style\":\"h2\"}},{\"type\":\"headline\",\"props\":{\"content\":\"Jeden Dienstag ab 14:30 Uhr treffen sich Jette, Joyce, Lucas, Florian, Hannes und Vinzent in einer Werkstatt in Schwedt, um gemeinsam alte Simson-Mopeds wieder flott zu machen. Sie sind der harte Kern einer Moped-AG, die im Januar an den Start ging.\",\"margin\":\"small\",\"margin_remove_top\":false,\"title_element\":\"h2\",\"title_style\":\"text-lead\"}},{\"type\":\"image\",\"props\":{\"image\":\"wp-content\\\/uploads\\\/sites\\\/5\\\/2025\\\/08\\\/104_Teaser_Bild_y_MG_2842.jpg\",\"image_svg_color\":\"emphasis\",\"margin\":\"default\"}},{\"type\":\"text\",\"props\":{\"column_breakpoint\":\"m\",\"content\":\"\n\n<p><em>Florian, Jette, Joyce, Hannes und Vinzent (v.\\u2009li.) an der Simson SR 50, bei der die Z\\u00fcndung repariert wird. <br \\\/><small>Foto: SPREE-PR\\\/Petsch<br \\\/><\\\/small><\\\/em><\\\/p>\",\"margin\":\"default\"}},{\"type\":\"text\",\"props\":{\"column_breakpoint\":\"m\",\"content\":\"\n\n<p>Das Herzensprojekt geht auf die Initiative von Hans-Joachim Bliefert (72) zur\\u00fcck. Der fr\\u00fchere PCK-Ingenieur engagierte sich schon lange in einer Modellbau-AG der Talsand-Gesamtschule und stellte fest: \\u201eViele Jungs und M\\u00e4dels wissen gar nicht, dass man eine Schraube rechts rum festmacht und links rum l\\u00f6st.\\u201c Da kam die Idee zur Simson-Schrauberwerkstatt. \\u201eWir wollen hier den Jugendlichen ganz praktisch handwerkliche F\\u00e4higkeiten beibringen.\\u201c<\\\/p>\\n\n\n<p>Zun\\u00e4chst wurden drei alte Simsons gekauft. Denn an den Mopeds g\\u00e4be es nichts, \\u201ewas man nicht reparieren kann\\u201c. Und sie haben Kultstatus \\u2013 das begeistert. Hier lernen M\\u00e4dchen und Jungen zwischen 12 und 16 Jahren, wie man eine Simson flottmacht oder neue Felgen einbaut. Oder es wird einfach mal gemeinsam \\u00fcber \\u201eMoped-Probleme\\u201c geschwatzt.<\\\/p>\",\"margin\":\"default\"}},{\"type\":\"image\",\"props\":{\"image\":\"wp-content\\\/uploads\\\/sites\\\/5\\\/2025\\\/08\\\/104_Bild_2_y_MG_2837.jpg\",\"image_svg_color\":\"emphasis\",\"margin\":\"default\"}},{\"type\":\"text\",\"props\":{\"column_breakpoint\":\"m\",\"content\":\"\n\n<p><em>Der harte Kern: Die Jugendlichen der Simsonwerkstatt.\\n\\n\\n    \\n    <br \\\/><small>Foto: SPREE-PR\\\/Petsch<br \\\/><\\\/small><\\\/em><\\\/p>\",\"margin\":\"default\"}},{\"type\":\"text\",\"props\":{\"column_breakpoint\":\"m\",\"content\":\"\n\n<p>Gerade steht eine SR\\u200950 auf der kleinen gr\\u00fcnen Hebeb\\u00fchne. \\u201eDa wird gerade die Z\\u00fcndung repariert\\u201c, erkl\\u00e4rt Hans-Joachim Bliefert. \\u201eEs ist cool, dass man hier nicht nur zuguckt, sondern richtig was lernt\\u201c, sagt Jette (15). Wer will, bringt sein eigenes Moped mit und schraubt mit den anderen daran. Und: \\u201eEs ist ja auch ein Zusammenkommen mit Freunden. Man kann hier \\u00fcber alles mit den Leuten quatschen\\u201c, so Jette. Und so wird hier mehr als Technik vermittelt: Zusammenhalt, Eigenverantwortung und Begeisterung f\\u00fcr Handwerk stehen im Mittelpunkt.<\\\/p>\\n\n\n<p>Unterst\\u00fctzt werden die jungen Simson-Schrauber von erfahrenen Ehrenamtlichen \\u2013 und von den Stadtwerken Schwedt. S\\u00e4mtliches Werkzeug, ein Koffer voller Maulschl\\u00fcssel bekamen sie gesponsert, inklusive Unterst\\u00fctzung bei regelm\\u00e4\\u00dfigen Unkosten.<\\\/p>\",\"margin\":\"default\"}},{\"type\":\"panel\",\"props\":{\"content\":\"\",\"content_column_breakpoint\":\"m\",\"icon\":\"location\",\"icon_width\":80,\"image_align\":\"left\",\"image_grid_breakpoint\":\"m\",\"image_grid_width\":\"auto\",\"image_svg_color\":\"emphasis\",\"image_vertical_align\":true,\"link_style\":\"default\",\"link_text\":\"Read more\",\"margin\":\"default\",\"meta\":\"\",\"meta_align\":\"below-title\",\"meta_element\":\"div\",\"meta_style\":\"text-meta\",\"panel_padding\":\"default\",\"panel_style\":\"card-secondary\",\"title\":\"Die Moped-AG ist offen f\\u00fcr Jugendliche ab 12 Jahre und trifft sich Di von 14:30\\u2009\\u2013\\u200918:00 Uhr in der Steinstra\\u00dfe 10. \",\"title_align\":\"top\",\"title_element\":\"h3\",\"title_grid_breakpoint\":\"m\",\"title_grid_width\":\"1-2\",\"title_hover_style\":\"reset\"}}]}]}],\"name\":\"Artikel Format\"}],\"version\":\"4.4.1\"} --><\/p>\n","protected":false},"excerpt":{"rendered":"<p>Simsonwerkstatt f\u00fcr Jugendliche Mach die Schwalbe! Jeden Dienstag ab 14:30 Uhr treffen sich Jette, Joyce, Lucas, Florian, Hannes und Vinzent in einer Werkstatt in Schwedt, um gemeinsam alte Simson-Mopeds wieder flott zu machen. Sie sind der harte Kern einer Moped-AG, die im Januar an den Start ging. Florian, Jette, Joyce, Hannes und Vinzent (v.\u2009li.) an [&hellip;]<\/p>\n","protected":false},"author":1,"featured_media":226,"comment_status":"open","ping_status":"open","sticky":false,"template":"","format":"standard","meta":{"footnotes":""},"categories":[1],"tags":[],"class_list":["post-222","post","type-post","status-publish","format-standard","has-post-thumbnail","hentry","category-uncategorized"],"yoast_head":"<!-- This site is optimized with the Yoast SEO plugin v26.9 - https:\/\/yoast.com\/product\/yoast-seo-wordpress\/ -->\n<title>Mach die Schwalbe! - UMschau Schwedt<\/title>\n<meta name=\"description\" content=\"Jeden Dienstag ab 14:30 Uhr treffen sich Jette, Joyce, Lucas, Florian, Hannes und Vinzent in einer Werkstatt in Schwedt, um gemeinsam alte Simson-Mopeds wieder flott zu machen. Sie sind der harte Kern einer Moped-AG, die im Januar an den Start ging.\" \/>\n<meta name=\"robots\" content=\"index, follow, max-snippet:-1, max-image-preview:large, max-video-preview:-1\" \/>\n<link rel=\"canonical\" href=\"https:\/\/stadtwerkezeitung.info\/schwedt\/2025\/08\/25\/mach-die-schwalbe\/\" \/>\n<meta property=\"og:locale\" content=\"en_US\" \/>\n<meta property=\"og:type\" content=\"article\" \/>\n<meta property=\"og:title\" content=\"Mach die Schwalbe! - UMschau Schwedt\" \/>\n<meta property=\"og:description\" content=\"Jeden Dienstag ab 14:30 Uhr treffen sich Jette, Joyce, Lucas, Florian, Hannes und Vinzent in einer Werkstatt in Schwedt, um gemeinsam alte Simson-Mopeds wieder flott zu machen. Sie sind der harte Kern einer Moped-AG, die im Januar an den Start ging.\" \/>\n<meta property=\"og:url\" content=\"https:\/\/stadtwerkezeitung.info\/schwedt\/2025\/08\/25\/mach-die-schwalbe\/\" \/>\n<meta property=\"og:site_name\" content=\"UMschau Schwedt\" \/>\n<meta property=\"article:published_time\" content=\"2025-08-25T08:30:06+00:00\" \/>\n<meta property=\"article:modified_time\" content=\"2025-08-25T08:32:44+00:00\" \/>\n<meta property=\"og:image\" content=\"https:\/\/stadtwerkezeitung.info\/schwedt\/wp-content\/uploads\/sites\/5\/2025\/08\/104_Teaser_Bild_y_MG_2842.jpg\" \/>\n\t<meta property=\"og:image:width\" content=\"900\" \/>\n\t<meta property=\"og:image:height\" content=\"654\" \/>\n\t<meta property=\"og:image:type\" content=\"image\/jpeg\" \/>\n<meta name=\"author\" content=\"admin\" \/>\n<meta name=\"twitter:card\" content=\"summary_large_image\" \/>\n<meta name=\"twitter:label1\" content=\"Written by\" \/>\n\t<meta name=\"twitter:data1\" content=\"admin\" \/>\n\t<meta name=\"twitter:label2\" content=\"Est. reading time\" \/>\n\t<meta name=\"twitter:data2\" content=\"3 minutes\" \/>\n<script type=\"application\/ld+json\" class=\"yoast-schema-graph\">{\"@context\":\"https:\/\/schema.org\",\"@graph\":[{\"@type\":\"Article\",\"@id\":\"https:\/\/stadtwerkezeitung.info\/schwedt\/2025\/08\/25\/mach-die-schwalbe\/#article\",\"isPartOf\":{\"@id\":\"https:\/\/stadtwerkezeitung.info\/schwedt\/2025\/08\/25\/mach-die-schwalbe\/\"},\"author\":{\"name\":\"admin\",\"@id\":\"https:\/\/stadtwerkezeitung.info\/schwedt\/#\/schema\/person\/acd409dca37d4bb8bf3a1284da7f1ee0\"},\"headline\":\"Mach die Schwalbe!\",\"datePublished\":\"2025-08-25T08:30:06+00:00\",\"dateModified\":\"2025-08-25T08:32:44+00:00\",\"mainEntityOfPage\":{\"@id\":\"https:\/\/stadtwerkezeitung.info\/schwedt\/2025\/08\/25\/mach-die-schwalbe\/\"},\"wordCount\":338,\"commentCount\":0,\"image\":{\"@id\":\"https:\/\/stadtwerkezeitung.info\/schwedt\/2025\/08\/25\/mach-die-schwalbe\/#primaryimage\"},\"thumbnailUrl\":\"https:\/\/stadtwerkezeitung.info\/schwedt\/wp-content\/uploads\/sites\/5\/2025\/08\/104_Teaser_Bild_y_MG_2842.jpg\",\"inLanguage\":\"en-US\",\"potentialAction\":[{\"@type\":\"CommentAction\",\"name\":\"Comment\",\"target\":[\"https:\/\/stadtwerkezeitung.info\/schwedt\/2025\/08\/25\/mach-die-schwalbe\/#respond\"]}]},{\"@type\":\"WebPage\",\"@id\":\"https:\/\/stadtwerkezeitung.info\/schwedt\/2025\/08\/25\/mach-die-schwalbe\/\",\"url\":\"https:\/\/stadtwerkezeitung.info\/schwedt\/2025\/08\/25\/mach-die-schwalbe\/\",\"name\":\"Mach die Schwalbe! - UMschau Schwedt\",\"isPartOf\":{\"@id\":\"https:\/\/stadtwerkezeitung.info\/schwedt\/#website\"},\"primaryImageOfPage\":{\"@id\":\"https:\/\/stadtwerkezeitung.info\/schwedt\/2025\/08\/25\/mach-die-schwalbe\/#primaryimage\"},\"image\":{\"@id\":\"https:\/\/stadtwerkezeitung.info\/schwedt\/2025\/08\/25\/mach-die-schwalbe\/#primaryimage\"},\"thumbnailUrl\":\"https:\/\/stadtwerkezeitung.info\/schwedt\/wp-content\/uploads\/sites\/5\/2025\/08\/104_Teaser_Bild_y_MG_2842.jpg\",\"datePublished\":\"2025-08-25T08:30:06+00:00\",\"dateModified\":\"2025-08-25T08:32:44+00:00\",\"author\":{\"@id\":\"https:\/\/stadtwerkezeitung.info\/schwedt\/#\/schema\/person\/acd409dca37d4bb8bf3a1284da7f1ee0\"},\"description\":\"Jeden Dienstag ab 14:30 Uhr treffen sich Jette, Joyce, Lucas, Florian, Hannes und Vinzent in einer Werkstatt in Schwedt, um gemeinsam alte Simson-Mopeds wieder flott zu machen. Sie sind der harte Kern einer Moped-AG, die im Januar an den Start ging.\",\"breadcrumb\":{\"@id\":\"https:\/\/stadtwerkezeitung.info\/schwedt\/2025\/08\/25\/mach-die-schwalbe\/#breadcrumb\"},\"inLanguage\":\"en-US\",\"potentialAction\":[{\"@type\":\"ReadAction\",\"target\":[\"https:\/\/stadtwerkezeitung.info\/schwedt\/2025\/08\/25\/mach-die-schwalbe\/\"]}]},{\"@type\":\"ImageObject\",\"inLanguage\":\"en-US\",\"@id\":\"https:\/\/stadtwerkezeitung.info\/schwedt\/2025\/08\/25\/mach-die-schwalbe\/#primaryimage\",\"url\":\"https:\/\/stadtwerkezeitung.info\/schwedt\/wp-content\/uploads\/sites\/5\/2025\/08\/104_Teaser_Bild_y_MG_2842.jpg\",\"contentUrl\":\"https:\/\/stadtwerkezeitung.info\/schwedt\/wp-content\/uploads\/sites\/5\/2025\/08\/104_Teaser_Bild_y_MG_2842.jpg\",\"width\":900,\"height\":654},{\"@type\":\"BreadcrumbList\",\"@id\":\"https:\/\/stadtwerkezeitung.info\/schwedt\/2025\/08\/25\/mach-die-schwalbe\/#breadcrumb\",\"itemListElement\":[{\"@type\":\"ListItem\",\"position\":1,\"name\":\"Home\",\"item\":\"https:\/\/stadtwerkezeitung.info\/schwedt\/\"},{\"@type\":\"ListItem\",\"position\":2,\"name\":\"Mach die Schwalbe!\"}]},{\"@type\":\"WebSite\",\"@id\":\"https:\/\/stadtwerkezeitung.info\/schwedt\/#website\",\"url\":\"https:\/\/stadtwerkezeitung.info\/schwedt\/\",\"name\":\"UMschau Schwedt\",\"description\":\"\",\"inLanguage\":\"en-US\"},{\"@type\":\"Person\",\"@id\":\"https:\/\/stadtwerkezeitung.info\/schwedt\/#\/schema\/person\/acd409dca37d4bb8bf3a1284da7f1ee0\",\"name\":\"admin\",\"image\":{\"@type\":\"ImageObject\",\"inLanguage\":\"en-US\",\"@id\":\"https:\/\/stadtwerkezeitung.info\/schwedt\/#\/schema\/person\/image\/\",\"url\":\"https:\/\/secure.gravatar.com\/avatar\/52dc0b3340c8087a51f52eaa20dc62cd4a6fe41f5bd886140989db7b572c00cd?s=96&d=mm&r=g\",\"contentUrl\":\"https:\/\/secure.gravatar.com\/avatar\/52dc0b3340c8087a51f52eaa20dc62cd4a6fe41f5bd886140989db7b572c00cd?s=96&d=mm&r=g\",\"caption\":\"admin\"},\"sameAs\":[\"https:\/\/stadtwerkezeitung.info\"]}]}<\/script>\n<!-- \/ Yoast SEO plugin. -->","yoast_head_json":{"title":"Mach die Schwalbe! - UMschau Schwedt","description":"Jeden Dienstag ab 14:30 Uhr treffen sich Jette, Joyce, Lucas, Florian, Hannes und Vinzent in einer Werkstatt in Schwedt, um gemeinsam alte Simson-Mopeds wieder flott zu machen. Sie sind der harte Kern einer Moped-AG, die im Januar an den Start ging.","robots":{"index":"index","follow":"follow","max-snippet":"max-snippet:-1","max-image-preview":"max-image-preview:large","max-video-preview":"max-video-preview:-1"},"canonical":"https:\/\/stadtwerkezeitung.info\/schwedt\/2025\/08\/25\/mach-die-schwalbe\/","og_locale":"en_US","og_type":"article","og_title":"Mach die Schwalbe! - UMschau Schwedt","og_description":"Jeden Dienstag ab 14:30 Uhr treffen sich Jette, Joyce, Lucas, Florian, Hannes und Vinzent in einer Werkstatt in Schwedt, um gemeinsam alte Simson-Mopeds wieder flott zu machen. Sie sind der harte Kern einer Moped-AG, die im Januar an den Start ging.","og_url":"https:\/\/stadtwerkezeitung.info\/schwedt\/2025\/08\/25\/mach-die-schwalbe\/","og_site_name":"UMschau Schwedt","article_published_time":"2025-08-25T08:30:06+00:00","article_modified_time":"2025-08-25T08:32:44+00:00","og_image":[{"width":900,"height":654,"url":"https:\/\/stadtwerkezeitung.info\/schwedt\/wp-content\/uploads\/sites\/5\/2025\/08\/104_Teaser_Bild_y_MG_2842.jpg","type":"image\/jpeg"}],"author":"admin","twitter_card":"summary_large_image","twitter_misc":{"Written by":"admin","Est. reading time":"3 minutes"},"schema":{"@context":"https:\/\/schema.org","@graph":[{"@type":"Article","@id":"https:\/\/stadtwerkezeitung.info\/schwedt\/2025\/08\/25\/mach-die-schwalbe\/#article","isPartOf":{"@id":"https:\/\/stadtwerkezeitung.info\/schwedt\/2025\/08\/25\/mach-die-schwalbe\/"},"author":{"name":"admin","@id":"https:\/\/stadtwerkezeitung.info\/schwedt\/#\/schema\/person\/acd409dca37d4bb8bf3a1284da7f1ee0"},"headline":"Mach die Schwalbe!","datePublished":"2025-08-25T08:30:06+00:00","dateModified":"2025-08-25T08:32:44+00:00","mainEntityOfPage":{"@id":"https:\/\/stadtwerkezeitung.info\/schwedt\/2025\/08\/25\/mach-die-schwalbe\/"},"wordCount":338,"commentCount":0,"image":{"@id":"https:\/\/stadtwerkezeitung.info\/schwedt\/2025\/08\/25\/mach-die-schwalbe\/#primaryimage"},"thumbnailUrl":"https:\/\/stadtwerkezeitung.info\/schwedt\/wp-content\/uploads\/sites\/5\/2025\/08\/104_Teaser_Bild_y_MG_2842.jpg","inLanguage":"en-US","potentialAction":[{"@type":"CommentAction","name":"Comment","target":["https:\/\/stadtwerkezeitung.info\/schwedt\/2025\/08\/25\/mach-die-schwalbe\/#respond"]}]},{"@type":"WebPage","@id":"https:\/\/stadtwerkezeitung.info\/schwedt\/2025\/08\/25\/mach-die-schwalbe\/","url":"https:\/\/stadtwerkezeitung.info\/schwedt\/2025\/08\/25\/mach-die-schwalbe\/","name":"Mach die Schwalbe! - UMschau Schwedt","isPartOf":{"@id":"https:\/\/stadtwerkezeitung.info\/schwedt\/#website"},"primaryImageOfPage":{"@id":"https:\/\/stadtwerkezeitung.info\/schwedt\/2025\/08\/25\/mach-die-schwalbe\/#primaryimage"},"image":{"@id":"https:\/\/stadtwerkezeitung.info\/schwedt\/2025\/08\/25\/mach-die-schwalbe\/#primaryimage"},"thumbnailUrl":"https:\/\/stadtwerkezeitung.info\/schwedt\/wp-content\/uploads\/sites\/5\/2025\/08\/104_Teaser_Bild_y_MG_2842.jpg","datePublished":"2025-08-25T08:30:06+00:00","dateModified":"2025-08-25T08:32:44+00:00","author":{"@id":"https:\/\/stadtwerkezeitung.info\/schwedt\/#\/schema\/person\/acd409dca37d4bb8bf3a1284da7f1ee0"},"description":"Jeden Dienstag ab 14:30 Uhr treffen sich Jette, Joyce, Lucas, Florian, Hannes und Vinzent in einer Werkstatt in Schwedt, um gemeinsam alte Simson-Mopeds wieder flott zu machen. Sie sind der harte Kern einer Moped-AG, die im Januar an den Start ging.","breadcrumb":{"@id":"https:\/\/stadtwerkezeitung.info\/schwedt\/2025\/08\/25\/mach-die-schwalbe\/#breadcrumb"},"inLanguage":"en-US","potentialAction":[{"@type":"ReadAction","target":["https:\/\/stadtwerkezeitung.info\/schwedt\/2025\/08\/25\/mach-die-schwalbe\/"]}]},{"@type":"ImageObject","inLanguage":"en-US","@id":"https:\/\/stadtwerkezeitung.info\/schwedt\/2025\/08\/25\/mach-die-schwalbe\/#primaryimage","url":"https:\/\/stadtwerkezeitung.info\/schwedt\/wp-content\/uploads\/sites\/5\/2025\/08\/104_Teaser_Bild_y_MG_2842.jpg","contentUrl":"https:\/\/stadtwerkezeitung.info\/schwedt\/wp-content\/uploads\/sites\/5\/2025\/08\/104_Teaser_Bild_y_MG_2842.jpg","width":900,"height":654},{"@type":"BreadcrumbList","@id":"https:\/\/stadtwerkezeitung.info\/schwedt\/2025\/08\/25\/mach-die-schwalbe\/#breadcrumb","itemListElement":[{"@type":"ListItem","position":1,"name":"Home","item":"https:\/\/stadtwerkezeitung.info\/schwedt\/"},{"@type":"ListItem","position":2,"name":"Mach die Schwalbe!"}]},{"@type":"WebSite","@id":"https:\/\/stadtwerkezeitung.info\/schwedt\/#website","url":"https:\/\/stadtwerkezeitung.info\/schwedt\/","name":"UMschau Schwedt","description":"","inLanguage":"en-US"},{"@type":"Person","@id":"https:\/\/stadtwerkezeitung.info\/schwedt\/#\/schema\/person\/acd409dca37d4bb8bf3a1284da7f1ee0","name":"admin","image":{"@type":"ImageObject","inLanguage":"en-US","@id":"https:\/\/stadtwerkezeitung.info\/schwedt\/#\/schema\/person\/image\/","url":"https:\/\/secure.gravatar.com\/avatar\/52dc0b3340c8087a51f52eaa20dc62cd4a6fe41f5bd886140989db7b572c00cd?s=96&d=mm&r=g","contentUrl":"https:\/\/secure.gravatar.com\/avatar\/52dc0b3340c8087a51f52eaa20dc62cd4a6fe41f5bd886140989db7b572c00cd?s=96&d=mm&r=g","caption":"admin"},"sameAs":["https:\/\/stadtwerkezeitung.info"]}]}},"_links":{"self":[{"href":"https:\/\/stadtwerkezeitung.info\/schwedt\/wp-json\/wp\/v2\/posts\/222","targetHints":{"allow":["GET"]}}],"collection":[{"href":"https:\/\/stadtwerkezeitung.info\/schwedt\/wp-json\/wp\/v2\/posts"}],"about":[{"href":"https:\/\/stadtwerkezeitung.info\/schwedt\/wp-json\/wp\/v2\/types\/post"}],"author":[{"embeddable":true,"href":"https:\/\/stadtwerkezeitung.info\/schwedt\/wp-json\/wp\/v2\/users\/1"}],"replies":[{"embeddable":true,"href":"https:\/\/stadtwerkezeitung.info\/schwedt\/wp-json\/wp\/v2\/comments?post=222"}],"version-history":[{"count":2,"href":"https:\/\/stadtwerkezeitung.info\/schwedt\/wp-json\/wp\/v2\/posts\/222\/revisions"}],"predecessor-version":[{"id":228,"href":"https:\/\/stadtwerkezeitung.info\/schwedt\/wp-json\/wp\/v2\/posts\/222\/revisions\/228"}],"wp:featuredmedia":[{"embeddable":true,"href":"https:\/\/stadtwerkezeitung.info\/schwedt\/wp-json\/wp\/v2\/media\/226"}],"wp:attachment":[{"href":"https:\/\/stadtwerkezeitung.info\/schwedt\/wp-json\/wp\/v2\/media?parent=222"}],"wp:term":[{"taxonomy":"category","embeddable":true,"href":"https:\/\/stadtwerkezeitung.info\/schwedt\/wp-json\/wp\/v2\/categories?post=222"},{"taxonomy":"post_tag","embeddable":true,"href":"https:\/\/stadtwerkezeitung.info\/schwedt\/wp-json\/wp\/v2\/tags?post=222"}],"curies":[{"name":"wp","href":"https:\/\/api.w.org\/{rel}","templated":true}]}}