{"id":235,"date":"2025-08-25T08:39:21","date_gmt":"2025-08-25T08:39:21","guid":{"rendered":"https:\/\/stadtwerkezeitung.info\/schwedt\/?p=235"},"modified":"2025-08-28T10:12:12","modified_gmt":"2025-08-28T10:12:12","slug":"mit-selbstgebautem-e-rennwagen-auf-europa-tour","status":"publish","type":"post","link":"https:\/\/stadtwerkezeitung.info\/schwedt\/2025\/08\/25\/mit-selbstgebautem-e-rennwagen-auf-europa-tour\/","title":{"rendered":"Mit selbstgebautem E-Rennwagen auf Europa-Tour"},"content":{"rendered":"<h2>Dualstudent bei den Stadtwerken Schwedt<\/h2>\n<h1>Mit selbstgebautem E-Rennwagen auf Europa-Tour<\/h1>\n<h2>W\u00e4hrend im franz\u00f6sischen Transpolis die Rennmotoren summen, fiebert Jakob Seib (24) mit: Gemeinsam mit seinem Baltic Racing Team misst er sich dort gerade (bis 31. August) bei der Formula Student France mit 32 Top-Teams aus aller Welt. Nur wenige Wochen zuvor war das Team bereits beim Rennen im tschechischen Autodrom Most im Einsatz \u2013 jetzt also die zweite gro\u00dfe Station auf der Europa-Tour.<\/h2>\n<p><img decoding=\"async\" src=\"\/schwedt\/wp-content\/uploads\/sites\/5\/2025\/08\/106_Teaser_Keller_IMG_8046.jpg\" alt=\"\"><\/p>\n<div>\n<p><em>Besuch beim Baltic Racing Team Anfang Juli in der Werkstatt in Stralsund (von links): Stadtwerke-Gesch\u00e4ftsf\u00fchrer Dirk Sasson mit \u201eseinem\u201c Dualstudenten Jakob Seib, Henning Schult (dualer Student Electrical Engineering), Paul Klawitter Teamleiter Baltic Racing und Susanne Diesterweg (Ausbildungsleiterin).<\/p>\n<p><small>Foto: SWS<br \/><\/small><\/em><\/p>\n<\/div>\n<div>\n<p>Jakob absolviert ein duales Studium bei den Stadtwerken Schwedt und ist seit einem Jahr im Studiengang Elektrotechnik an der Hochschule Stralsund eingeschrieben. Dort hat er sich direkt nach Studienstart dem Baltic Racing Team angeschlossen \u2013 ein Motorsportprojekt von Studierenden. \u201eWir haben einen Rennwagen gebaut, mit dem wir an Events der Formula Student teilnehmen\u201c, erkl\u00e4rt er. Seine Aufgabe im Team: die Steuerungselektronik. \u201eIch bin in der ersten Saison in der LV-Electronics-Abteilung. Dort k\u00fcmmern wir uns um die Steuerung des Autos. Wir entwerfen und designen Platinen, best\u00fccken sie selbst \u2013 und steuern damit das komplette Auto.\u201c<\/p>\n<\/div>\n<p><img decoding=\"async\" src=\"\/schwedt\/wp-content\/uploads\/sites\/5\/2025\/08\/106_Bild_2_SUHK6050.jpg\" alt=\"\"><\/p>\n<div>\n<p><em>Gruppenfoto von allen Teams vom VDE E-Race im Juni in Schwedt. Das Basislager war auf dem StroamCamp. <br \/><small>Foto: Timon Suhk<br \/><\/small><\/em><\/p>\n<\/div>\n<div>\n<p>Schon beim VDE E-Race im Juni in Schwedt \u00fcberzeugte der Rennwagen TY25 mit Power und Pr\u00e4zision. Hier pr\u00e4sentierten zehn Teams ihre neugefertigten E-Rennwagen beim ersten gro\u00dfen Formula Student Event des Jahres einer Jury und unterzogen sich das erste Mal einer technischen Abnahme. Das Team um Jakob Seib holte vier erste Pl\u00e4tze und einen dritten \u2013 und qualifizierte sich damit f\u00fcr die Europa-Tour.<\/p>\n<p>Die Stadtwerke Schwedt \u2013 als Hauptsponsor des VDE E-Race &#8211; unterst\u00fctzen Jakob Seib voll und stellten seine praktische Arbeit f\u00fcr das Rennwagen-Projekt frei. \u201eDie Vorbereitungen waren sehr stressig \u2013 aber wir wollten ein zuverl\u00e4ssiges Auto. Und das haben wir geschafft\u201c, sagt Jakob. \u201eWir hatten dieses Jahr eine solide Grundlage, weil wir fr\u00fch ein fahrendes Auto hatten und viel testen konnten.\u201c<\/p>\n<\/div>\n<p><img decoding=\"async\" src=\"\/schwedt\/wp-content\/uploads\/sites\/5\/2025\/08\/106_Bild_3_SUHK8537.jpg\" alt=\"\"><\/p>\n<div>\n<p><em>Der TY25 beim VDE E-Race im Schwedter Hafen.<br \/><small>Foto: Timon Suhk<br \/><\/small><\/em><\/p>\n<\/div>\n<div>Jetzt geht\u2019s um alles. Und Jakob Seib wei\u00df: \u201eMan lernt hier extrem viel und man kommt mit Dingen in Kontakt, die man im Studium noch gar nicht hatte.\u201c Und was sagt sein Chef dazu? \u201eDie Formula E-Student steht wie kaum ein anderes Projekt f\u00fcr Innovationsfreude, intensive Teamarbeit und effizientes Umsetzen \u2013 das ist es, was wir in unserer Arbeit brauchen\u201c, so Dirk Sasson, Gesch\u00e4ftsf\u00fchrer des Unternehmensverbundes Stadtwerke Schwedt.\n<\/div>\n<p>\n    <a href=\"https:\/\/www.karriere.stadtwerke-schwedt.de\">Infos zu Ausbildung und Studium bei den Stadtwerken<\/a>\n<\/p>\n<p><!--more--><br \/>\n<!-- {\"type\":\"layout\",\"children\":[{\"type\":\"section\",\"props\":{\"image_position\":\"center-center\",\"padding_remove_top\":true,\"style\":\"default\",\"title_breakpoint\":\"xl\",\"title_position\":\"top-left\",\"title_rotation\":\"left\",\"vertical_align\":\"\",\"width\":\"small\"},\"children\":[{\"type\":\"row\",\"children\":[{\"type\":\"column\",\"props\":{\"image_position\":\"center-center\",\"position_sticky_breakpoint\":\"m\"},\"children\":[{\"type\":\"headline\",\"props\":{\"content\":\"Dualstudent bei den Stadtwerken Schwedt\",\"margin\":\"small\",\"margin_remove_bottom\":false,\"margin_remove_top\":false,\"title_element\":\"h2\",\"title_style\":\"h6\"}},{\"type\":\"headline\",\"props\":{\"content\":\"Mit selbstgebautem E-Rennwagen auf Europa-Tour\",\"margin\":\"small\",\"margin_remove_bottom\":false,\"margin_remove_top\":false,\"title_element\":\"h1\",\"title_style\":\"h2\"}},{\"type\":\"headline\",\"props\":{\"content\":\"W\\u00e4hrend im franz\\u00f6sischen Transpolis die Rennmotoren summen, fiebert Jakob Seib (24) mit: Gemeinsam mit seinem Baltic Racing Team misst er sich dort gerade (bis 31. August) bei der Formula Student France mit 32 Top-Teams aus aller Welt. Nur wenige Wochen zuvor war das Team bereits beim Rennen im tschechischen Autodrom Most im Einsatz \\u2013 jetzt also die zweite gro\\u00dfe Station auf der Europa-Tour.\",\"margin\":\"small\",\"margin_remove_top\":false,\"title_element\":\"h2\",\"title_style\":\"text-lead\"}},{\"type\":\"image\",\"props\":{\"image\":\"wp-content\\\/uploads\\\/sites\\\/5\\\/2025\\\/08\\\/106_Teaser_Keller_IMG_8046.jpg\",\"image_svg_color\":\"emphasis\",\"margin\":\"default\"}},{\"type\":\"text\",\"props\":{\"column_breakpoint\":\"m\",\"content\":\"\n\n<p><em>Besuch beim Baltic Racing Team Anfang Juli in der Werkstatt in Stralsund (von links): Stadtwerke-Gesch\\u00e4ftsf\\u00fchrer Dirk Sasson mit \\u201eseinem\\u201c Dualstudenten Jakob Seib, Henning Schult (dualer Student Electrical Engineering), Paul Klawitter Teamleiter Baltic Racing und Susanne Diesterweg (Ausbildungsleiterin).\\n\\n\\n    \\n    <br \\\/><small>Foto: SWS<br \\\/><\\\/small><\\\/em><\\\/p>\",\"margin\":\"default\"}},{\"type\":\"text\",\"props\":{\"column_breakpoint\":\"m\",\"content\":\"\n\n<p>Jakob absolviert ein duales Studium bei den Stadtwerken Schwedt und ist seit einem Jahr im Studiengang Elektrotechnik an der Hochschule Stralsund eingeschrieben. Dort hat er sich direkt nach Studienstart dem Baltic Racing Team angeschlossen \\u2013 ein Motorsportprojekt von Studierenden. \\u201eWir haben einen Rennwagen gebaut, mit dem wir an Events der Formula Student teilnehmen\\u201c, erkl\\u00e4rt er. Seine Aufgabe im Team: die Steuerungselektronik. \\u201eIch bin in der ersten Saison in der LV-Electronics-Abteilung. Dort k\\u00fcmmern wir uns um die Steuerung des Autos. Wir entwerfen und designen Platinen, best\\u00fccken sie selbst \\u2013 und steuern damit das komplette Auto.\\u201c<\\\/p>\",\"margin\":\"default\"}},{\"type\":\"image\",\"props\":{\"image\":\"wp-content\\\/uploads\\\/sites\\\/5\\\/2025\\\/08\\\/106_Bild_2_SUHK6050.jpg\",\"image_svg_color\":\"emphasis\",\"margin\":\"default\"}},{\"type\":\"text\",\"props\":{\"column_breakpoint\":\"m\",\"content\":\"\n\n<p><em>Gruppenfoto von allen Teams vom VDE E-Race im Juni in Schwedt. Das Basislager war auf dem StroamCamp. <br \\\/><small>Foto: Timon Suhk<br \\\/><\\\/small><\\\/em><\\\/p>\",\"margin\":\"default\"}},{\"type\":\"text\",\"props\":{\"column_breakpoint\":\"m\",\"content\":\"\n\n<p>Schon beim VDE E-Race im Juni in Schwedt \\u00fcberzeugte der Rennwagen TY25 mit Power und Pr\\u00e4zision. Hier pr\\u00e4sentierten zehn Teams ihre neugefertigten E-Rennwagen beim ersten gro\\u00dfen Formula Student Event des Jahres einer Jury und unterzogen sich das erste Mal einer technischen Abnahme. Das Team um Jakob Seib holte vier erste Pl\\u00e4tze und einen dritten \\u2013 und qualifizierte sich damit f\\u00fcr die Europa-Tour.<\\\/p>\\n\n\n<p>Die Stadtwerke Schwedt \\u2013 als Hauptsponsor des VDE E-Race - unterst\\u00fctzen Jakob Seib voll und stellten seine praktische Arbeit f\\u00fcr das Rennwagen-Projekt frei. \\u201eDie Vorbereitungen waren sehr stressig \\u2013 aber wir wollten ein zuverl\\u00e4ssiges Auto. Und das haben wir geschafft\\u201c, sagt Jakob. \\u201eWir hatten dieses Jahr eine solide Grundlage, weil wir fr\\u00fch ein fahrendes Auto hatten und viel testen konnten.\\u201c<\\\/p>\",\"margin\":\"default\"}},{\"type\":\"image\",\"props\":{\"image\":\"wp-content\\\/uploads\\\/sites\\\/5\\\/2025\\\/08\\\/106_Bild_3_SUHK8537.jpg\",\"image_svg_color\":\"emphasis\",\"margin\":\"default\"}},{\"type\":\"text\",\"props\":{\"column_breakpoint\":\"m\",\"content\":\"\n\n<p><em>Der TY25 beim VDE E-Race im Schwedter Hafen.<br \\\/><small>Foto: Timon Suhk<br \\\/><\\\/small><\\\/em><\\\/p>\",\"margin\":\"default\"}},{\"type\":\"text\",\"props\":{\"column_breakpoint\":\"m\",\"content\":\"Jetzt geht\\u2019s um alles. Und Jakob Seib wei\\u00df: \\u201eMan lernt hier extrem viel und man kommt mit Dingen in Kontakt, die man im Studium noch gar nicht hatte.\\u201c Und was sagt sein Chef dazu? \\u201eDie Formula E-Student steht wie kaum ein anderes Projekt f\\u00fcr Innovationsfreude, intensive Teamarbeit und effizientes Umsetzen \\u2013 das ist es, was wir in unserer Arbeit brauchen\\u201c, so Dirk Sasson, Gesch\\u00e4ftsf\\u00fchrer des Unternehmensverbundes Stadtwerke Schwedt.\\n\",\"margin\":\"default\"}},{\"type\":\"button\",\"props\":{\"fullwidth\":true,\"grid_column_gap\":\"small\",\"grid_row_gap\":\"small\",\"margin\":\"default\"},\"children\":[{\"type\":\"button_item\",\"props\":{\"button_style\":\"secondary\",\"content\":\"Infos zu Ausbildung und Studium bei den Stadtwerken\",\"icon\":\"link-external\",\"icon_align\":\"left\",\"link\":\"https:\\\/\\\/www.karriere.stadtwerke-schwedt.de\",\"link_target\":\"blank\"}}]}]}]}],\"name\":\"Artikel Format\"}],\"version\":\"4.4.1\"} --><\/p>\n","protected":false},"excerpt":{"rendered":"<p>Dualstudent bei den Stadtwerken Schwedt Mit selbstgebautem E-Rennwagen auf Europa-Tour W\u00e4hrend im franz\u00f6sischen Transpolis die Rennmotoren summen, fiebert Jakob Seib (24) mit: Gemeinsam mit seinem Baltic Racing Team misst er sich dort gerade (bis 31. August) bei der Formula Student France mit 32 Top-Teams aus aller Welt. Nur wenige Wochen zuvor war das Team bereits [&hellip;]<\/p>\n","protected":false},"author":1,"featured_media":238,"comment_status":"open","ping_status":"open","sticky":false,"template":"","format":"standard","meta":{"footnotes":""},"categories":[1],"tags":[],"class_list":["post-235","post","type-post","status-publish","format-standard","has-post-thumbnail","hentry","category-uncategorized"],"yoast_head":"<!-- This site is optimized with the Yoast SEO plugin v26.9 - https:\/\/yoast.com\/product\/yoast-seo-wordpress\/ -->\n<title>Mit selbstgebautem E-Rennwagen auf Europa-Tour - UMschau Schwedt<\/title>\n<meta name=\"description\" content=\"W\u00e4hrend im franz\u00f6sischen Transpolis die Rennmotoren summen, fiebert Jakob Seib (24) mit: Gemeinsam mit seinem Baltic Racing Team misst er sich dort gerade (bis 31. August) bei der Formula Student France mit 32 Top-Teams aus aller Welt.\" \/>\n<meta name=\"robots\" content=\"index, follow, max-snippet:-1, max-image-preview:large, max-video-preview:-1\" \/>\n<link rel=\"canonical\" href=\"https:\/\/stadtwerkezeitung.info\/schwedt\/2025\/08\/25\/mit-selbstgebautem-e-rennwagen-auf-europa-tour\/\" \/>\n<meta property=\"og:locale\" content=\"en_US\" \/>\n<meta property=\"og:type\" content=\"article\" \/>\n<meta property=\"og:title\" content=\"Mit selbstgebautem E-Rennwagen auf Europa-Tour - UMschau Schwedt\" \/>\n<meta property=\"og:description\" content=\"W\u00e4hrend im franz\u00f6sischen Transpolis die Rennmotoren summen, fiebert Jakob Seib (24) mit: Gemeinsam mit seinem Baltic Racing Team misst er sich dort gerade (bis 31. August) bei der Formula Student France mit 32 Top-Teams aus aller Welt.\" \/>\n<meta property=\"og:url\" content=\"https:\/\/stadtwerkezeitung.info\/schwedt\/2025\/08\/25\/mit-selbstgebautem-e-rennwagen-auf-europa-tour\/\" \/>\n<meta property=\"og:site_name\" content=\"UMschau Schwedt\" \/>\n<meta property=\"article:published_time\" content=\"2025-08-25T08:39:21+00:00\" \/>\n<meta property=\"article:modified_time\" content=\"2025-08-28T10:12:12+00:00\" \/>\n<meta property=\"og:image\" content=\"https:\/\/stadtwerkezeitung.info\/schwedt\/wp-content\/uploads\/sites\/5\/2025\/08\/106_Teaser_Keller_IMG_8046.jpg\" \/>\n\t<meta property=\"og:image:width\" content=\"900\" \/>\n\t<meta property=\"og:image:height\" content=\"675\" \/>\n\t<meta property=\"og:image:type\" content=\"image\/jpeg\" \/>\n<meta name=\"author\" content=\"admin\" \/>\n<meta name=\"twitter:card\" content=\"summary_large_image\" \/>\n<meta name=\"twitter:label1\" content=\"Written by\" \/>\n\t<meta name=\"twitter:data1\" content=\"admin\" \/>\n\t<meta name=\"twitter:label2\" content=\"Est. reading time\" \/>\n\t<meta name=\"twitter:data2\" content=\"3 minutes\" \/>\n<script type=\"application\/ld+json\" class=\"yoast-schema-graph\">{\"@context\":\"https:\/\/schema.org\",\"@graph\":[{\"@type\":\"Article\",\"@id\":\"https:\/\/stadtwerkezeitung.info\/schwedt\/2025\/08\/25\/mit-selbstgebautem-e-rennwagen-auf-europa-tour\/#article\",\"isPartOf\":{\"@id\":\"https:\/\/stadtwerkezeitung.info\/schwedt\/2025\/08\/25\/mit-selbstgebautem-e-rennwagen-auf-europa-tour\/\"},\"author\":{\"name\":\"admin\",\"@id\":\"https:\/\/stadtwerkezeitung.info\/schwedt\/#\/schema\/person\/acd409dca37d4bb8bf3a1284da7f1ee0\"},\"headline\":\"Mit selbstgebautem E-Rennwagen auf Europa-Tour\",\"datePublished\":\"2025-08-25T08:39:21+00:00\",\"dateModified\":\"2025-08-28T10:12:12+00:00\",\"mainEntityOfPage\":{\"@id\":\"https:\/\/stadtwerkezeitung.info\/schwedt\/2025\/08\/25\/mit-selbstgebautem-e-rennwagen-auf-europa-tour\/\"},\"wordCount\":451,\"commentCount\":0,\"image\":{\"@id\":\"https:\/\/stadtwerkezeitung.info\/schwedt\/2025\/08\/25\/mit-selbstgebautem-e-rennwagen-auf-europa-tour\/#primaryimage\"},\"thumbnailUrl\":\"https:\/\/stadtwerkezeitung.info\/schwedt\/wp-content\/uploads\/sites\/5\/2025\/08\/106_Teaser_Keller_IMG_8046.jpg\",\"inLanguage\":\"en-US\",\"potentialAction\":[{\"@type\":\"CommentAction\",\"name\":\"Comment\",\"target\":[\"https:\/\/stadtwerkezeitung.info\/schwedt\/2025\/08\/25\/mit-selbstgebautem-e-rennwagen-auf-europa-tour\/#respond\"]}]},{\"@type\":\"WebPage\",\"@id\":\"https:\/\/stadtwerkezeitung.info\/schwedt\/2025\/08\/25\/mit-selbstgebautem-e-rennwagen-auf-europa-tour\/\",\"url\":\"https:\/\/stadtwerkezeitung.info\/schwedt\/2025\/08\/25\/mit-selbstgebautem-e-rennwagen-auf-europa-tour\/\",\"name\":\"Mit selbstgebautem E-Rennwagen auf Europa-Tour - UMschau Schwedt\",\"isPartOf\":{\"@id\":\"https:\/\/stadtwerkezeitung.info\/schwedt\/#website\"},\"primaryImageOfPage\":{\"@id\":\"https:\/\/stadtwerkezeitung.info\/schwedt\/2025\/08\/25\/mit-selbstgebautem-e-rennwagen-auf-europa-tour\/#primaryimage\"},\"image\":{\"@id\":\"https:\/\/stadtwerkezeitung.info\/schwedt\/2025\/08\/25\/mit-selbstgebautem-e-rennwagen-auf-europa-tour\/#primaryimage\"},\"thumbnailUrl\":\"https:\/\/stadtwerkezeitung.info\/schwedt\/wp-content\/uploads\/sites\/5\/2025\/08\/106_Teaser_Keller_IMG_8046.jpg\",\"datePublished\":\"2025-08-25T08:39:21+00:00\",\"dateModified\":\"2025-08-28T10:12:12+00:00\",\"author\":{\"@id\":\"https:\/\/stadtwerkezeitung.info\/schwedt\/#\/schema\/person\/acd409dca37d4bb8bf3a1284da7f1ee0\"},\"description\":\"W\u00e4hrend im franz\u00f6sischen Transpolis die Rennmotoren summen, fiebert Jakob Seib (24) mit: Gemeinsam mit seinem Baltic Racing Team misst er sich dort gerade (bis 31. August) bei der Formula Student France mit 32 Top-Teams aus aller Welt.\",\"breadcrumb\":{\"@id\":\"https:\/\/stadtwerkezeitung.info\/schwedt\/2025\/08\/25\/mit-selbstgebautem-e-rennwagen-auf-europa-tour\/#breadcrumb\"},\"inLanguage\":\"en-US\",\"potentialAction\":[{\"@type\":\"ReadAction\",\"target\":[\"https:\/\/stadtwerkezeitung.info\/schwedt\/2025\/08\/25\/mit-selbstgebautem-e-rennwagen-auf-europa-tour\/\"]}]},{\"@type\":\"ImageObject\",\"inLanguage\":\"en-US\",\"@id\":\"https:\/\/stadtwerkezeitung.info\/schwedt\/2025\/08\/25\/mit-selbstgebautem-e-rennwagen-auf-europa-tour\/#primaryimage\",\"url\":\"https:\/\/stadtwerkezeitung.info\/schwedt\/wp-content\/uploads\/sites\/5\/2025\/08\/106_Teaser_Keller_IMG_8046.jpg\",\"contentUrl\":\"https:\/\/stadtwerkezeitung.info\/schwedt\/wp-content\/uploads\/sites\/5\/2025\/08\/106_Teaser_Keller_IMG_8046.jpg\",\"width\":900,\"height\":675},{\"@type\":\"BreadcrumbList\",\"@id\":\"https:\/\/stadtwerkezeitung.info\/schwedt\/2025\/08\/25\/mit-selbstgebautem-e-rennwagen-auf-europa-tour\/#breadcrumb\",\"itemListElement\":[{\"@type\":\"ListItem\",\"position\":1,\"name\":\"Home\",\"item\":\"https:\/\/stadtwerkezeitung.info\/schwedt\/\"},{\"@type\":\"ListItem\",\"position\":2,\"name\":\"Mit selbstgebautem E-Rennwagen auf Europa-Tour\"}]},{\"@type\":\"WebSite\",\"@id\":\"https:\/\/stadtwerkezeitung.info\/schwedt\/#website\",\"url\":\"https:\/\/stadtwerkezeitung.info\/schwedt\/\",\"name\":\"UMschau Schwedt\",\"description\":\"\",\"inLanguage\":\"en-US\"},{\"@type\":\"Person\",\"@id\":\"https:\/\/stadtwerkezeitung.info\/schwedt\/#\/schema\/person\/acd409dca37d4bb8bf3a1284da7f1ee0\",\"name\":\"admin\",\"image\":{\"@type\":\"ImageObject\",\"inLanguage\":\"en-US\",\"@id\":\"https:\/\/stadtwerkezeitung.info\/schwedt\/#\/schema\/person\/image\/\",\"url\":\"https:\/\/secure.gravatar.com\/avatar\/52dc0b3340c8087a51f52eaa20dc62cd4a6fe41f5bd886140989db7b572c00cd?s=96&d=mm&r=g\",\"contentUrl\":\"https:\/\/secure.gravatar.com\/avatar\/52dc0b3340c8087a51f52eaa20dc62cd4a6fe41f5bd886140989db7b572c00cd?s=96&d=mm&r=g\",\"caption\":\"admin\"},\"sameAs\":[\"https:\/\/stadtwerkezeitung.info\"]}]}<\/script>\n<!-- \/ Yoast SEO plugin. -->","yoast_head_json":{"title":"Mit selbstgebautem E-Rennwagen auf Europa-Tour - UMschau Schwedt","description":"W\u00e4hrend im franz\u00f6sischen Transpolis die Rennmotoren summen, fiebert Jakob Seib (24) mit: Gemeinsam mit seinem Baltic Racing Team misst er sich dort gerade (bis 31. August) bei der Formula Student France mit 32 Top-Teams aus aller Welt.","robots":{"index":"index","follow":"follow","max-snippet":"max-snippet:-1","max-image-preview":"max-image-preview:large","max-video-preview":"max-video-preview:-1"},"canonical":"https:\/\/stadtwerkezeitung.info\/schwedt\/2025\/08\/25\/mit-selbstgebautem-e-rennwagen-auf-europa-tour\/","og_locale":"en_US","og_type":"article","og_title":"Mit selbstgebautem E-Rennwagen auf Europa-Tour - UMschau Schwedt","og_description":"W\u00e4hrend im franz\u00f6sischen Transpolis die Rennmotoren summen, fiebert Jakob Seib (24) mit: Gemeinsam mit seinem Baltic Racing Team misst er sich dort gerade (bis 31. August) bei der Formula Student France mit 32 Top-Teams aus aller Welt.","og_url":"https:\/\/stadtwerkezeitung.info\/schwedt\/2025\/08\/25\/mit-selbstgebautem-e-rennwagen-auf-europa-tour\/","og_site_name":"UMschau Schwedt","article_published_time":"2025-08-25T08:39:21+00:00","article_modified_time":"2025-08-28T10:12:12+00:00","og_image":[{"width":900,"height":675,"url":"https:\/\/stadtwerkezeitung.info\/schwedt\/wp-content\/uploads\/sites\/5\/2025\/08\/106_Teaser_Keller_IMG_8046.jpg","type":"image\/jpeg"}],"author":"admin","twitter_card":"summary_large_image","twitter_misc":{"Written by":"admin","Est. reading time":"3 minutes"},"schema":{"@context":"https:\/\/schema.org","@graph":[{"@type":"Article","@id":"https:\/\/stadtwerkezeitung.info\/schwedt\/2025\/08\/25\/mit-selbstgebautem-e-rennwagen-auf-europa-tour\/#article","isPartOf":{"@id":"https:\/\/stadtwerkezeitung.info\/schwedt\/2025\/08\/25\/mit-selbstgebautem-e-rennwagen-auf-europa-tour\/"},"author":{"name":"admin","@id":"https:\/\/stadtwerkezeitung.info\/schwedt\/#\/schema\/person\/acd409dca37d4bb8bf3a1284da7f1ee0"},"headline":"Mit selbstgebautem E-Rennwagen auf Europa-Tour","datePublished":"2025-08-25T08:39:21+00:00","dateModified":"2025-08-28T10:12:12+00:00","mainEntityOfPage":{"@id":"https:\/\/stadtwerkezeitung.info\/schwedt\/2025\/08\/25\/mit-selbstgebautem-e-rennwagen-auf-europa-tour\/"},"wordCount":451,"commentCount":0,"image":{"@id":"https:\/\/stadtwerkezeitung.info\/schwedt\/2025\/08\/25\/mit-selbstgebautem-e-rennwagen-auf-europa-tour\/#primaryimage"},"thumbnailUrl":"https:\/\/stadtwerkezeitung.info\/schwedt\/wp-content\/uploads\/sites\/5\/2025\/08\/106_Teaser_Keller_IMG_8046.jpg","inLanguage":"en-US","potentialAction":[{"@type":"CommentAction","name":"Comment","target":["https:\/\/stadtwerkezeitung.info\/schwedt\/2025\/08\/25\/mit-selbstgebautem-e-rennwagen-auf-europa-tour\/#respond"]}]},{"@type":"WebPage","@id":"https:\/\/stadtwerkezeitung.info\/schwedt\/2025\/08\/25\/mit-selbstgebautem-e-rennwagen-auf-europa-tour\/","url":"https:\/\/stadtwerkezeitung.info\/schwedt\/2025\/08\/25\/mit-selbstgebautem-e-rennwagen-auf-europa-tour\/","name":"Mit selbstgebautem E-Rennwagen auf Europa-Tour - UMschau Schwedt","isPartOf":{"@id":"https:\/\/stadtwerkezeitung.info\/schwedt\/#website"},"primaryImageOfPage":{"@id":"https:\/\/stadtwerkezeitung.info\/schwedt\/2025\/08\/25\/mit-selbstgebautem-e-rennwagen-auf-europa-tour\/#primaryimage"},"image":{"@id":"https:\/\/stadtwerkezeitung.info\/schwedt\/2025\/08\/25\/mit-selbstgebautem-e-rennwagen-auf-europa-tour\/#primaryimage"},"thumbnailUrl":"https:\/\/stadtwerkezeitung.info\/schwedt\/wp-content\/uploads\/sites\/5\/2025\/08\/106_Teaser_Keller_IMG_8046.jpg","datePublished":"2025-08-25T08:39:21+00:00","dateModified":"2025-08-28T10:12:12+00:00","author":{"@id":"https:\/\/stadtwerkezeitung.info\/schwedt\/#\/schema\/person\/acd409dca37d4bb8bf3a1284da7f1ee0"},"description":"W\u00e4hrend im franz\u00f6sischen Transpolis die Rennmotoren summen, fiebert Jakob Seib (24) mit: Gemeinsam mit seinem Baltic Racing Team misst er sich dort gerade (bis 31. August) bei der Formula Student France mit 32 Top-Teams aus aller Welt.","breadcrumb":{"@id":"https:\/\/stadtwerkezeitung.info\/schwedt\/2025\/08\/25\/mit-selbstgebautem-e-rennwagen-auf-europa-tour\/#breadcrumb"},"inLanguage":"en-US","potentialAction":[{"@type":"ReadAction","target":["https:\/\/stadtwerkezeitung.info\/schwedt\/2025\/08\/25\/mit-selbstgebautem-e-rennwagen-auf-europa-tour\/"]}]},{"@type":"ImageObject","inLanguage":"en-US","@id":"https:\/\/stadtwerkezeitung.info\/schwedt\/2025\/08\/25\/mit-selbstgebautem-e-rennwagen-auf-europa-tour\/#primaryimage","url":"https:\/\/stadtwerkezeitung.info\/schwedt\/wp-content\/uploads\/sites\/5\/2025\/08\/106_Teaser_Keller_IMG_8046.jpg","contentUrl":"https:\/\/stadtwerkezeitung.info\/schwedt\/wp-content\/uploads\/sites\/5\/2025\/08\/106_Teaser_Keller_IMG_8046.jpg","width":900,"height":675},{"@type":"BreadcrumbList","@id":"https:\/\/stadtwerkezeitung.info\/schwedt\/2025\/08\/25\/mit-selbstgebautem-e-rennwagen-auf-europa-tour\/#breadcrumb","itemListElement":[{"@type":"ListItem","position":1,"name":"Home","item":"https:\/\/stadtwerkezeitung.info\/schwedt\/"},{"@type":"ListItem","position":2,"name":"Mit selbstgebautem E-Rennwagen auf Europa-Tour"}]},{"@type":"WebSite","@id":"https:\/\/stadtwerkezeitung.info\/schwedt\/#website","url":"https:\/\/stadtwerkezeitung.info\/schwedt\/","name":"UMschau Schwedt","description":"","inLanguage":"en-US"},{"@type":"Person","@id":"https:\/\/stadtwerkezeitung.info\/schwedt\/#\/schema\/person\/acd409dca37d4bb8bf3a1284da7f1ee0","name":"admin","image":{"@type":"ImageObject","inLanguage":"en-US","@id":"https:\/\/stadtwerkezeitung.info\/schwedt\/#\/schema\/person\/image\/","url":"https:\/\/secure.gravatar.com\/avatar\/52dc0b3340c8087a51f52eaa20dc62cd4a6fe41f5bd886140989db7b572c00cd?s=96&d=mm&r=g","contentUrl":"https:\/\/secure.gravatar.com\/avatar\/52dc0b3340c8087a51f52eaa20dc62cd4a6fe41f5bd886140989db7b572c00cd?s=96&d=mm&r=g","caption":"admin"},"sameAs":["https:\/\/stadtwerkezeitung.info"]}]}},"_links":{"self":[{"href":"https:\/\/stadtwerkezeitung.info\/schwedt\/wp-json\/wp\/v2\/posts\/235","targetHints":{"allow":["GET"]}}],"collection":[{"href":"https:\/\/stadtwerkezeitung.info\/schwedt\/wp-json\/wp\/v2\/posts"}],"about":[{"href":"https:\/\/stadtwerkezeitung.info\/schwedt\/wp-json\/wp\/v2\/types\/post"}],"author":[{"embeddable":true,"href":"https:\/\/stadtwerkezeitung.info\/schwedt\/wp-json\/wp\/v2\/users\/1"}],"replies":[{"embeddable":true,"href":"https:\/\/stadtwerkezeitung.info\/schwedt\/wp-json\/wp\/v2\/comments?post=235"}],"version-history":[{"count":5,"href":"https:\/\/stadtwerkezeitung.info\/schwedt\/wp-json\/wp\/v2\/posts\/235\/revisions"}],"predecessor-version":[{"id":338,"href":"https:\/\/stadtwerkezeitung.info\/schwedt\/wp-json\/wp\/v2\/posts\/235\/revisions\/338"}],"wp:featuredmedia":[{"embeddable":true,"href":"https:\/\/stadtwerkezeitung.info\/schwedt\/wp-json\/wp\/v2\/media\/238"}],"wp:attachment":[{"href":"https:\/\/stadtwerkezeitung.info\/schwedt\/wp-json\/wp\/v2\/media?parent=235"}],"wp:term":[{"taxonomy":"category","embeddable":true,"href":"https:\/\/stadtwerkezeitung.info\/schwedt\/wp-json\/wp\/v2\/categories?post=235"},{"taxonomy":"post_tag","embeddable":true,"href":"https:\/\/stadtwerkezeitung.info\/schwedt\/wp-json\/wp\/v2\/tags?post=235"}],"curies":[{"name":"wp","href":"https:\/\/api.w.org\/{rel}","templated":true}]}}