{"id":242,"date":"2025-08-25T08:45:42","date_gmt":"2025-08-25T08:45:42","guid":{"rendered":"https:\/\/stadtwerkezeitung.info\/schwedt\/?p=242"},"modified":"2025-08-25T08:49:41","modified_gmt":"2025-08-25T08:49:41","slug":"zwischen-marketing-und-matschpfoten","status":"publish","type":"post","link":"https:\/\/stadtwerkezeitung.info\/schwedt\/2025\/08\/25\/zwischen-marketing-und-matschpfoten\/","title":{"rendered":"Zwischen Marketing und Matschpfoten"},"content":{"rendered":"<h2>Die Gesichter des Unternehmensverbundes <\/h2>\n<h1>Zwischen Marketing und Matschpfoten<\/h1>\n<h2>Die Mitarbeitenden des Unternehmensverbundes Stadtwerke Schwedt geben jeden Tag ihr Bestes \u2013 im Team, im Projekt und mit Blick auf den Kunden. Doch was passiert, wenn der Arbeitstag endet? In loser Folge stellen wir die Hobbys und Leidenschaften der Kollegen vor.<br \/>\n<\/h2>\n<p><img decoding=\"async\" src=\"\/schwedt\/wp-content\/uploads\/sites\/5\/2025\/08\/107_Teaser_Bild_y_MG_2742.jpg\" alt=\"\"><\/p>\n<div>\n<p><em>Stadtwerke-Mitarbeiterin Lara Jaksch mit Pina und Josi an der Querfahrt.<\/p>\n<p><small>Foto: SPREE-PR\/Petsch<br \/><\/small><\/em><\/p>\n<\/div>\n<div>Lara Jaksch ist Marketingverantwortliche im Energiebereich bei den Stadtwerken. Sie analysiert Kundenbed\u00fcrfnisse, hat Trends im Blick und entwickelt Strategien, um Produkte sichtbarer zu machen. Sie hat unter anderem die aktuelle Energiekampagne \u201eEnergie f\u00fcr die Uckermark. Energie f\u00fcr Zuhause.\u201c oder die Wiedereinf\u00fchrung des Neukundenbonus bei Sonderprodukten Strom und Gas (siehe Infokasten) mit auf den Weg gebracht. Im Marketing trifft kreative Arbeit auf straffe Zeitpl\u00e4ne und volle Konzentration. Ausgleich dazu findet die 26-J\u00e4hrige gelernte Mediengestalterin bei ihren zwei treuen Vierbeinern, die f\u00fcr sie mehr sind als nur Haustiere.<\/div>\n<p><img decoding=\"async\" src=\"\/schwedt\/wp-content\/uploads\/sites\/5\/2025\/08\/107_Bild_2_y_MG_2768.jpg\" alt=\"\"><\/p>\n<div>\n<p><em>Bei der Runde im Nationalpark mit Blick auf Schwedt.<\/p>\n<p><small>Foto: SPREE-PR\/Petsch<br \/><\/small><\/em><\/p>\n<\/div>\n<div>\n<h4>3 Gassirunden am Tag<\/h4>\n<p>Sobald Lara Jaksch nach Feierabend den Wohnungst\u00fcrschl\u00fcssel umdreht, beginnt die \u201eEntspannung\u201c. Pina und Josi warten schon \u2013 sie wollen Action! Mit der Labrador-Australian-Shepherd-Mix-H\u00fcndin Pina\u2009(5) und der Labrador-H\u00fcndin Josi\u2009(3), die ihr Partner mit in die Beziehung brachte, ist sie t\u00e4glich unterwegs. \u201eDreimal am Tag geht\u2019s raus \u2013 bei jedem Wetter, egal wie voll der Kopf ist. Und genau das tut mir gut.\u201c Ob Spazierg\u00e4nge am Oder-Nei\u00dfe-Kanal, Trainingseinheiten zwischendurch oder einfach Toben im Hundepark \u2013 Gassi gehen bedeutet f\u00fcr sie: abschalten, runterkommen, auftanken. \u201eDer Alltag mit Hund bringt Bewegung, Freude und oft auch ziemlich dreckige Pfoten.\u201c Auf den Hund gekommen ist Lara Jaksch w\u00e4hrend ihrer Ausbildung in Dippoldiswalde \u2013 fern der Heimat Schwedt. Fremd in der Stadt, ohne Familie, schaffte der elfw\u00f6chige Welpe Pina fix ein Gef\u00fchl von Geborgenheit. \u201eMit ihr bin ich rausgegangen, habe Menschen kennengelernt und die S\u00e4chsische Schweiz erkundet. Sie war mein Anker in einer fremden Stadt.\u201c Zur\u00fcck in Schwedt erging es ihr \u00e4hnlich. \u201eIch bin hier aufgewachsen, aber hatte dennoch vergessen, wie wundersch\u00f6n die Uckermark ist. Mit Hund sieht man die Umgebung mit anderen Augen.\u201c<\/p>\n<\/div>\n<p><img decoding=\"async\" src=\"\/schwedt\/wp-content\/uploads\/sites\/5\/2025\/08\/107_Bild_3_y_MG_2749.jpg\" alt=\"\"><\/p>\n<div>\n<p><em>Pina und Josi in Erwartung eines Leckerlis. <br \/><small>Foto: SPREE-PR\/Petsch<br \/><\/small><\/em><\/p>\n<\/div>\n<div>\n<p>Neben Bewegung und Begegnung bringt das Leben mit Hund auch eine F\u00e4higkeit mit sich, die sie beruflich sch\u00e4tzt: innere Ruhe. \u201eIch habe gelernt, dass man sich nicht laut durchsetzen muss \u2013 weder mit Hunden noch im Job\u201c, sagt sie. \u201eEin klarer Blick, eine ruhige Haltung \u2013 das funktioniert oft besser als Stress. Das hat mir im Beruf enorm geholfen.\u201c<\/p>\n<p>Und wie sieht der perfekte Feierabend aus? Lara Jaksch muss nicht lange \u00fcberlegen: \u201eEin Spaziergang an der Querfahrt, die Hunde toben durchs Gras, wir beobachten die Kraniche auf dem Feld &#8211; der Ball darf nat\u00fcrlich auch nicht fehlen. Und wenn alle genug frische Luft und Bewegung getankt haben, geht\u2019s zur\u00fcck nach Hause. Dann wird gekuschelt \u2013 am liebsten auf der Couch, mit schweren Hundek\u00f6pfen auf dem Scho\u00df. Manchmal ist es eben ganz einfach, zur Ruhe zu kommen.\u201c<\/p>\n<\/div>\n<div>\n<h3>Comeback Neukundenbonus<\/h3>\n<p>*ausgenommen sind Mitarbeitende der Stadtwerke Schwedt<\/p>\n<div>Der Neukundenbonus ist bei den Stadtwerken Schwedt zur\u00fcck. F\u00fcr Strom- und Gas-Neuvertr\u00e4ge in Schwedt und \u00fcberall dort, wo die Stadtwerke versorgen, gibt es ab sofort 50 \u20ac Gutschrift. Der Bonus* gilt f\u00fcr alle Privatpersonen, die in den letzten 12 Monaten keinen Vertrag bei den Stadtwerken Schwedt hatten.<\/div>\n<\/div>\n<p><!--more--><br \/>\n<!-- {\"type\":\"layout\",\"children\":[{\"type\":\"section\",\"props\":{\"image_position\":\"center-center\",\"padding_remove_top\":true,\"style\":\"default\",\"title_breakpoint\":\"xl\",\"title_position\":\"top-left\",\"title_rotation\":\"left\",\"vertical_align\":\"\",\"width\":\"small\"},\"children\":[{\"type\":\"row\",\"children\":[{\"type\":\"column\",\"props\":{\"image_position\":\"center-center\",\"position_sticky_breakpoint\":\"m\"},\"children\":[{\"type\":\"headline\",\"props\":{\"content\":\"Die Gesichter des Unternehmensverbundes \",\"margin\":\"small\",\"margin_remove_bottom\":false,\"margin_remove_top\":false,\"title_element\":\"h2\",\"title_style\":\"h6\"}},{\"type\":\"headline\",\"props\":{\"content\":\"Zwischen Marketing und Matschpfoten\",\"margin\":\"small\",\"margin_remove_bottom\":false,\"margin_remove_top\":false,\"title_element\":\"h1\",\"title_style\":\"h2\"}},{\"type\":\"headline\",\"props\":{\"content\":\"Die Mitarbeitenden des Unternehmensverbundes Stadtwerke Schwedt geben jeden Tag ihr Bestes \\u2013 im Team, im Projekt und mit Blick auf den Kunden. Doch was passiert, wenn der Arbeitstag endet? In loser Folge stellen wir die Hobbys und Leidenschaften der Kollegen vor.\\n\",\"margin\":\"small\",\"margin_remove_top\":false,\"title_element\":\"h2\",\"title_style\":\"text-lead\"}},{\"type\":\"image\",\"props\":{\"image\":\"wp-content\\\/uploads\\\/sites\\\/5\\\/2025\\\/08\\\/107_Teaser_Bild_y_MG_2742.jpg\",\"image_svg_color\":\"emphasis\",\"margin\":\"default\"}},{\"type\":\"text\",\"props\":{\"column_breakpoint\":\"m\",\"content\":\"\n\n<p><em>Stadtwerke-Mitarbeiterin Lara Jaksch mit Pina und Josi an der Querfahrt.\\n\\n    <br \\\/><small>Foto: SPREE-PR\\\/Petsch<br \\\/><\\\/small><\\\/em><\\\/p>\",\"margin\":\"default\"}},{\"type\":\"text\",\"props\":{\"column_breakpoint\":\"m\",\"content\":\"Lara Jaksch ist Marketingverantwortliche im Energiebereich bei den Stadtwerken. Sie analysiert Kundenbed\\u00fcrfnisse, hat Trends im Blick und entwickelt Strategien, um Produkte sichtbarer zu machen. Sie hat unter anderem die aktuelle Energiekampagne \\u201eEnergie f\\u00fcr die Uckermark. Energie f\\u00fcr Zuhause.\\u201c oder die Wiedereinf\\u00fchrung des Neukundenbonus bei Sonderprodukten Strom und Gas (siehe Infokasten) mit auf den Weg gebracht. Im Marketing trifft kreative Arbeit auf straffe Zeitpl\\u00e4ne und volle Konzentration. Ausgleich dazu findet die 26-J\\u00e4hrige gelernte Mediengestalterin bei ihren zwei treuen Vierbeinern, die f\\u00fcr sie mehr sind als nur Haustiere.\",\"margin\":\"default\"}},{\"type\":\"image\",\"props\":{\"image\":\"wp-content\\\/uploads\\\/sites\\\/5\\\/2025\\\/08\\\/107_Bild_2_y_MG_2768.jpg\",\"image_svg_color\":\"emphasis\",\"margin\":\"default\"}},{\"type\":\"text\",\"props\":{\"column_breakpoint\":\"m\",\"content\":\"\n\n<p><em>Bei der Runde im Nationalpark mit Blick auf Schwedt.\\n\\n    <br \\\/><small>Foto: SPREE-PR\\\/Petsch<br \\\/><\\\/small><\\\/em><\\\/p>\",\"margin\":\"default\"}},{\"type\":\"text\",\"props\":{\"column_breakpoint\":\"m\",\"content\":\"\n\n<h4>3 Gassirunden am Tag<\\\/h4>\\n\n\n<p>Sobald Lara Jaksch nach Feierabend den Wohnungst\\u00fcrschl\\u00fcssel umdreht, beginnt die \\u201eEntspannung\\u201c. Pina und Josi warten schon \\u2013 sie wollen Action! Mit der Labrador-Australian-Shepherd-Mix-H\\u00fcndin Pina\\u2009(5) und der Labrador-H\\u00fcndin Josi\\u2009(3), die ihr Partner mit in die Beziehung brachte, ist sie t\\u00e4glich unterwegs. \\u201eDreimal am Tag geht\\u2019s raus \\u2013 bei jedem Wetter, egal wie voll der Kopf ist. Und genau das tut mir gut.\\u201c Ob Spazierg\\u00e4nge am Oder-Nei\\u00dfe-Kanal, Trainingseinheiten zwischendurch oder einfach Toben im Hundepark \\u2013 Gassi gehen bedeutet f\\u00fcr sie: abschalten, runterkommen, auftanken. \\u201eDer Alltag mit Hund bringt Bewegung, Freude und oft auch ziemlich dreckige Pfoten.\\u201c Auf den Hund gekommen ist Lara Jaksch w\\u00e4hrend ihrer Ausbildung in Dippoldiswalde \\u2013 fern der Heimat Schwedt. Fremd in der Stadt, ohne Familie, schaffte der elfw\\u00f6chige Welpe Pina fix ein Gef\\u00fchl von Geborgenheit. \\u201eMit ihr bin ich rausgegangen, habe Menschen kennengelernt und die S\\u00e4chsische Schweiz erkundet. Sie war mein Anker in einer fremden Stadt.\\u201c Zur\\u00fcck in Schwedt erging es ihr \\u00e4hnlich. \\u201eIch bin hier aufgewachsen, aber hatte dennoch vergessen, wie wundersch\\u00f6n die Uckermark ist. Mit Hund sieht man die Umgebung mit anderen Augen.\\u201c<\\\/p>\",\"margin\":\"default\"}},{\"type\":\"image\",\"props\":{\"image\":\"wp-content\\\/uploads\\\/sites\\\/5\\\/2025\\\/08\\\/107_Bild_3_y_MG_2749.jpg\",\"image_svg_color\":\"emphasis\",\"margin\":\"default\"}},{\"type\":\"text\",\"props\":{\"column_breakpoint\":\"m\",\"content\":\"\n\n<p><em>Pina und Josi in Erwartung eines Leckerlis. <br \\\/><small>Foto: SPREE-PR\\\/Petsch<br \\\/><\\\/small><\\\/em><\\\/p>\",\"margin\":\"default\"}},{\"type\":\"text\",\"props\":{\"column_breakpoint\":\"m\",\"content\":\"\n\n<p>Neben Bewegung und Begegnung bringt das Leben mit Hund auch eine F\\u00e4higkeit mit sich, die sie beruflich sch\\u00e4tzt: innere Ruhe. \\u201eIch habe gelernt, dass man sich nicht laut durchsetzen muss \\u2013 weder mit Hunden noch im Job\\u201c, sagt sie. \\u201eEin klarer Blick, eine ruhige Haltung \\u2013 das funktioniert oft besser als Stress. Das hat mir im Beruf enorm geholfen.\\u201c<\\\/p>\\n\n\n<p>Und wie sieht der perfekte Feierabend aus? Lara Jaksch muss nicht lange \\u00fcberlegen: \\u201eEin Spaziergang an der Querfahrt, die Hunde toben durchs Gras, wir beobachten die Kraniche auf dem Feld - der Ball darf nat\\u00fcrlich auch nicht fehlen. Und wenn alle genug frische Luft und Bewegung getankt haben, geht\\u2019s zur\\u00fcck nach Hause. Dann wird gekuschelt \\u2013 am liebsten auf der Couch, mit schweren Hundek\\u00f6pfen auf dem Scho\\u00df. Manchmal ist es eben ganz einfach, zur Ruhe zu kommen.\\u201c<\\\/p>\",\"margin\":\"default\"}},{\"type\":\"panel\",\"props\":{\"content\":\"Der Neukundenbonus ist bei den Stadtwerken Schwedt zur\\u00fcck. F\\u00fcr Strom- und Gas-Neuvertr\\u00e4ge in Schwedt und \\u00fcberall dort, wo die Stadtwerke versorgen, gibt es ab sofort 50 \\u20ac Gutschrift. Der Bonus* gilt f\\u00fcr alle Privatpersonen, die in den letzten 12 Monaten keinen Vertrag bei den Stadtwerken Schwedt hatten.\",\"content_column_breakpoint\":\"m\",\"icon\":\"bolt\",\"icon_width\":80,\"image_align\":\"left\",\"image_grid_breakpoint\":\"m\",\"image_grid_width\":\"auto\",\"image_svg_color\":\"emphasis\",\"image_vertical_align\":true,\"link_style\":\"default\",\"link_text\":\"Read more\",\"margin\":\"default\",\"meta\":\"*ausgenommen sind Mitarbeitende der Stadtwerke Schwedt\",\"meta_align\":\"below-content\",\"meta_element\":\"div\",\"meta_style\":\"text-small\",\"panel_padding\":\"default\",\"panel_style\":\"card-secondary\",\"title\":\"Comeback Neukundenbonus\",\"title_align\":\"top\",\"title_element\":\"h3\",\"title_grid_breakpoint\":\"m\",\"title_grid_width\":\"1-2\",\"title_hover_style\":\"reset\"}}]}]}],\"name\":\"Artikel Format\"}],\"version\":\"4.4.1\"} --><\/p>\n","protected":false},"excerpt":{"rendered":"<p>Die Gesichter des Unternehmensverbundes Zwischen Marketing und Matschpfoten Die Mitarbeitenden des Unternehmensverbundes Stadtwerke Schwedt geben jeden Tag ihr Bestes \u2013 im Team, im Projekt und mit Blick auf den Kunden. Doch was passiert, wenn der Arbeitstag endet? In loser Folge stellen wir die Hobbys und Leidenschaften der Kollegen vor. Stadtwerke-Mitarbeiterin Lara Jaksch mit Pina und [&hellip;]<\/p>\n","protected":false},"author":1,"featured_media":245,"comment_status":"open","ping_status":"open","sticky":false,"template":"","format":"standard","meta":{"footnotes":""},"categories":[1],"tags":[],"class_list":["post-242","post","type-post","status-publish","format-standard","has-post-thumbnail","hentry","category-uncategorized"],"yoast_head":"<!-- This site is optimized with the Yoast SEO plugin v26.9 - https:\/\/yoast.com\/product\/yoast-seo-wordpress\/ -->\n<title>Zwischen Marketing und Matschpfoten - UMschau Schwedt<\/title>\n<meta name=\"description\" content=\"Die Mitarbeitenden des Unternehmensverbundes Stadtwerke Schwedt geben jeden Tag ihr Bestes \u2013 im Team, im Projekt und mit Blick auf den Kunden. Doch was passiert, wenn der Arbeitstag endet? In loser Folge stellen wir die Hobbys und Leidenschaften der Kollegen vor. Diesmal: Lara Jaksch, Marketingverantwortliche im Energiebereich bei den Stadtwerken.\" \/>\n<meta name=\"robots\" content=\"index, follow, max-snippet:-1, max-image-preview:large, max-video-preview:-1\" \/>\n<link rel=\"canonical\" href=\"https:\/\/stadtwerkezeitung.info\/schwedt\/2025\/08\/25\/zwischen-marketing-und-matschpfoten\/\" \/>\n<meta property=\"og:locale\" content=\"en_US\" \/>\n<meta property=\"og:type\" content=\"article\" \/>\n<meta property=\"og:title\" content=\"Zwischen Marketing und Matschpfoten - UMschau Schwedt\" \/>\n<meta property=\"og:description\" content=\"Die Mitarbeitenden des Unternehmensverbundes Stadtwerke Schwedt geben jeden Tag ihr Bestes \u2013 im Team, im Projekt und mit Blick auf den Kunden. Doch was passiert, wenn der Arbeitstag endet? In loser Folge stellen wir die Hobbys und Leidenschaften der Kollegen vor. Diesmal: Lara Jaksch, Marketingverantwortliche im Energiebereich bei den Stadtwerken.\" \/>\n<meta property=\"og:url\" content=\"https:\/\/stadtwerkezeitung.info\/schwedt\/2025\/08\/25\/zwischen-marketing-und-matschpfoten\/\" \/>\n<meta property=\"og:site_name\" content=\"UMschau Schwedt\" \/>\n<meta property=\"article:published_time\" content=\"2025-08-25T08:45:42+00:00\" \/>\n<meta property=\"article:modified_time\" content=\"2025-08-25T08:49:41+00:00\" \/>\n<meta property=\"og:image\" content=\"https:\/\/stadtwerkezeitung.info\/schwedt\/wp-content\/uploads\/sites\/5\/2025\/08\/107_Teaser_Bild_y_MG_2742.jpg\" \/>\n\t<meta property=\"og:image:width\" content=\"900\" \/>\n\t<meta property=\"og:image:height\" content=\"600\" \/>\n\t<meta property=\"og:image:type\" content=\"image\/jpeg\" \/>\n<meta name=\"author\" content=\"admin\" \/>\n<meta name=\"twitter:card\" content=\"summary_large_image\" \/>\n<meta name=\"twitter:label1\" content=\"Written by\" \/>\n\t<meta name=\"twitter:data1\" content=\"admin\" \/>\n\t<meta name=\"twitter:label2\" content=\"Est. reading time\" \/>\n\t<meta name=\"twitter:data2\" content=\"2 minutes\" \/>\n<script type=\"application\/ld+json\" class=\"yoast-schema-graph\">{\"@context\":\"https:\/\/schema.org\",\"@graph\":[{\"@type\":\"Article\",\"@id\":\"https:\/\/stadtwerkezeitung.info\/schwedt\/2025\/08\/25\/zwischen-marketing-und-matschpfoten\/#article\",\"isPartOf\":{\"@id\":\"https:\/\/stadtwerkezeitung.info\/schwedt\/2025\/08\/25\/zwischen-marketing-und-matschpfoten\/\"},\"author\":{\"name\":\"admin\",\"@id\":\"https:\/\/stadtwerkezeitung.info\/schwedt\/#\/schema\/person\/acd409dca37d4bb8bf3a1284da7f1ee0\"},\"headline\":\"Zwischen Marketing und Matschpfoten\",\"datePublished\":\"2025-08-25T08:45:42+00:00\",\"dateModified\":\"2025-08-25T08:49:41+00:00\",\"mainEntityOfPage\":{\"@id\":\"https:\/\/stadtwerkezeitung.info\/schwedt\/2025\/08\/25\/zwischen-marketing-und-matschpfoten\/\"},\"wordCount\":566,\"commentCount\":0,\"image\":{\"@id\":\"https:\/\/stadtwerkezeitung.info\/schwedt\/2025\/08\/25\/zwischen-marketing-und-matschpfoten\/#primaryimage\"},\"thumbnailUrl\":\"https:\/\/stadtwerkezeitung.info\/schwedt\/wp-content\/uploads\/sites\/5\/2025\/08\/107_Teaser_Bild_y_MG_2742.jpg\",\"inLanguage\":\"en-US\",\"potentialAction\":[{\"@type\":\"CommentAction\",\"name\":\"Comment\",\"target\":[\"https:\/\/stadtwerkezeitung.info\/schwedt\/2025\/08\/25\/zwischen-marketing-und-matschpfoten\/#respond\"]}]},{\"@type\":\"WebPage\",\"@id\":\"https:\/\/stadtwerkezeitung.info\/schwedt\/2025\/08\/25\/zwischen-marketing-und-matschpfoten\/\",\"url\":\"https:\/\/stadtwerkezeitung.info\/schwedt\/2025\/08\/25\/zwischen-marketing-und-matschpfoten\/\",\"name\":\"Zwischen Marketing und Matschpfoten - UMschau Schwedt\",\"isPartOf\":{\"@id\":\"https:\/\/stadtwerkezeitung.info\/schwedt\/#website\"},\"primaryImageOfPage\":{\"@id\":\"https:\/\/stadtwerkezeitung.info\/schwedt\/2025\/08\/25\/zwischen-marketing-und-matschpfoten\/#primaryimage\"},\"image\":{\"@id\":\"https:\/\/stadtwerkezeitung.info\/schwedt\/2025\/08\/25\/zwischen-marketing-und-matschpfoten\/#primaryimage\"},\"thumbnailUrl\":\"https:\/\/stadtwerkezeitung.info\/schwedt\/wp-content\/uploads\/sites\/5\/2025\/08\/107_Teaser_Bild_y_MG_2742.jpg\",\"datePublished\":\"2025-08-25T08:45:42+00:00\",\"dateModified\":\"2025-08-25T08:49:41+00:00\",\"author\":{\"@id\":\"https:\/\/stadtwerkezeitung.info\/schwedt\/#\/schema\/person\/acd409dca37d4bb8bf3a1284da7f1ee0\"},\"description\":\"Die Mitarbeitenden des Unternehmensverbundes Stadtwerke Schwedt geben jeden Tag ihr Bestes \u2013 im Team, im Projekt und mit Blick auf den Kunden. Doch was passiert, wenn der Arbeitstag endet? In loser Folge stellen wir die Hobbys und Leidenschaften der Kollegen vor. Diesmal: Lara Jaksch, Marketingverantwortliche im Energiebereich bei den Stadtwerken.\",\"breadcrumb\":{\"@id\":\"https:\/\/stadtwerkezeitung.info\/schwedt\/2025\/08\/25\/zwischen-marketing-und-matschpfoten\/#breadcrumb\"},\"inLanguage\":\"en-US\",\"potentialAction\":[{\"@type\":\"ReadAction\",\"target\":[\"https:\/\/stadtwerkezeitung.info\/schwedt\/2025\/08\/25\/zwischen-marketing-und-matschpfoten\/\"]}]},{\"@type\":\"ImageObject\",\"inLanguage\":\"en-US\",\"@id\":\"https:\/\/stadtwerkezeitung.info\/schwedt\/2025\/08\/25\/zwischen-marketing-und-matschpfoten\/#primaryimage\",\"url\":\"https:\/\/stadtwerkezeitung.info\/schwedt\/wp-content\/uploads\/sites\/5\/2025\/08\/107_Teaser_Bild_y_MG_2742.jpg\",\"contentUrl\":\"https:\/\/stadtwerkezeitung.info\/schwedt\/wp-content\/uploads\/sites\/5\/2025\/08\/107_Teaser_Bild_y_MG_2742.jpg\",\"width\":900,\"height\":600},{\"@type\":\"BreadcrumbList\",\"@id\":\"https:\/\/stadtwerkezeitung.info\/schwedt\/2025\/08\/25\/zwischen-marketing-und-matschpfoten\/#breadcrumb\",\"itemListElement\":[{\"@type\":\"ListItem\",\"position\":1,\"name\":\"Home\",\"item\":\"https:\/\/stadtwerkezeitung.info\/schwedt\/\"},{\"@type\":\"ListItem\",\"position\":2,\"name\":\"Zwischen Marketing und Matschpfoten\"}]},{\"@type\":\"WebSite\",\"@id\":\"https:\/\/stadtwerkezeitung.info\/schwedt\/#website\",\"url\":\"https:\/\/stadtwerkezeitung.info\/schwedt\/\",\"name\":\"UMschau Schwedt\",\"description\":\"\",\"inLanguage\":\"en-US\"},{\"@type\":\"Person\",\"@id\":\"https:\/\/stadtwerkezeitung.info\/schwedt\/#\/schema\/person\/acd409dca37d4bb8bf3a1284da7f1ee0\",\"name\":\"admin\",\"image\":{\"@type\":\"ImageObject\",\"inLanguage\":\"en-US\",\"@id\":\"https:\/\/stadtwerkezeitung.info\/schwedt\/#\/schema\/person\/image\/\",\"url\":\"https:\/\/secure.gravatar.com\/avatar\/52dc0b3340c8087a51f52eaa20dc62cd4a6fe41f5bd886140989db7b572c00cd?s=96&d=mm&r=g\",\"contentUrl\":\"https:\/\/secure.gravatar.com\/avatar\/52dc0b3340c8087a51f52eaa20dc62cd4a6fe41f5bd886140989db7b572c00cd?s=96&d=mm&r=g\",\"caption\":\"admin\"},\"sameAs\":[\"https:\/\/stadtwerkezeitung.info\"]}]}<\/script>\n<!-- \/ Yoast SEO plugin. -->","yoast_head_json":{"title":"Zwischen Marketing und Matschpfoten - UMschau Schwedt","description":"Die Mitarbeitenden des Unternehmensverbundes Stadtwerke Schwedt geben jeden Tag ihr Bestes \u2013 im Team, im Projekt und mit Blick auf den Kunden. Doch was passiert, wenn der Arbeitstag endet? In loser Folge stellen wir die Hobbys und Leidenschaften der Kollegen vor. Diesmal: Lara Jaksch, Marketingverantwortliche im Energiebereich bei den Stadtwerken.","robots":{"index":"index","follow":"follow","max-snippet":"max-snippet:-1","max-image-preview":"max-image-preview:large","max-video-preview":"max-video-preview:-1"},"canonical":"https:\/\/stadtwerkezeitung.info\/schwedt\/2025\/08\/25\/zwischen-marketing-und-matschpfoten\/","og_locale":"en_US","og_type":"article","og_title":"Zwischen Marketing und Matschpfoten - UMschau Schwedt","og_description":"Die Mitarbeitenden des Unternehmensverbundes Stadtwerke Schwedt geben jeden Tag ihr Bestes \u2013 im Team, im Projekt und mit Blick auf den Kunden. Doch was passiert, wenn der Arbeitstag endet? In loser Folge stellen wir die Hobbys und Leidenschaften der Kollegen vor. Diesmal: Lara Jaksch, Marketingverantwortliche im Energiebereich bei den Stadtwerken.","og_url":"https:\/\/stadtwerkezeitung.info\/schwedt\/2025\/08\/25\/zwischen-marketing-und-matschpfoten\/","og_site_name":"UMschau Schwedt","article_published_time":"2025-08-25T08:45:42+00:00","article_modified_time":"2025-08-25T08:49:41+00:00","og_image":[{"width":900,"height":600,"url":"https:\/\/stadtwerkezeitung.info\/schwedt\/wp-content\/uploads\/sites\/5\/2025\/08\/107_Teaser_Bild_y_MG_2742.jpg","type":"image\/jpeg"}],"author":"admin","twitter_card":"summary_large_image","twitter_misc":{"Written by":"admin","Est. reading time":"2 minutes"},"schema":{"@context":"https:\/\/schema.org","@graph":[{"@type":"Article","@id":"https:\/\/stadtwerkezeitung.info\/schwedt\/2025\/08\/25\/zwischen-marketing-und-matschpfoten\/#article","isPartOf":{"@id":"https:\/\/stadtwerkezeitung.info\/schwedt\/2025\/08\/25\/zwischen-marketing-und-matschpfoten\/"},"author":{"name":"admin","@id":"https:\/\/stadtwerkezeitung.info\/schwedt\/#\/schema\/person\/acd409dca37d4bb8bf3a1284da7f1ee0"},"headline":"Zwischen Marketing und Matschpfoten","datePublished":"2025-08-25T08:45:42+00:00","dateModified":"2025-08-25T08:49:41+00:00","mainEntityOfPage":{"@id":"https:\/\/stadtwerkezeitung.info\/schwedt\/2025\/08\/25\/zwischen-marketing-und-matschpfoten\/"},"wordCount":566,"commentCount":0,"image":{"@id":"https:\/\/stadtwerkezeitung.info\/schwedt\/2025\/08\/25\/zwischen-marketing-und-matschpfoten\/#primaryimage"},"thumbnailUrl":"https:\/\/stadtwerkezeitung.info\/schwedt\/wp-content\/uploads\/sites\/5\/2025\/08\/107_Teaser_Bild_y_MG_2742.jpg","inLanguage":"en-US","potentialAction":[{"@type":"CommentAction","name":"Comment","target":["https:\/\/stadtwerkezeitung.info\/schwedt\/2025\/08\/25\/zwischen-marketing-und-matschpfoten\/#respond"]}]},{"@type":"WebPage","@id":"https:\/\/stadtwerkezeitung.info\/schwedt\/2025\/08\/25\/zwischen-marketing-und-matschpfoten\/","url":"https:\/\/stadtwerkezeitung.info\/schwedt\/2025\/08\/25\/zwischen-marketing-und-matschpfoten\/","name":"Zwischen Marketing und Matschpfoten - UMschau Schwedt","isPartOf":{"@id":"https:\/\/stadtwerkezeitung.info\/schwedt\/#website"},"primaryImageOfPage":{"@id":"https:\/\/stadtwerkezeitung.info\/schwedt\/2025\/08\/25\/zwischen-marketing-und-matschpfoten\/#primaryimage"},"image":{"@id":"https:\/\/stadtwerkezeitung.info\/schwedt\/2025\/08\/25\/zwischen-marketing-und-matschpfoten\/#primaryimage"},"thumbnailUrl":"https:\/\/stadtwerkezeitung.info\/schwedt\/wp-content\/uploads\/sites\/5\/2025\/08\/107_Teaser_Bild_y_MG_2742.jpg","datePublished":"2025-08-25T08:45:42+00:00","dateModified":"2025-08-25T08:49:41+00:00","author":{"@id":"https:\/\/stadtwerkezeitung.info\/schwedt\/#\/schema\/person\/acd409dca37d4bb8bf3a1284da7f1ee0"},"description":"Die Mitarbeitenden des Unternehmensverbundes Stadtwerke Schwedt geben jeden Tag ihr Bestes \u2013 im Team, im Projekt und mit Blick auf den Kunden. Doch was passiert, wenn der Arbeitstag endet? In loser Folge stellen wir die Hobbys und Leidenschaften der Kollegen vor. Diesmal: Lara Jaksch, Marketingverantwortliche im Energiebereich bei den Stadtwerken.","breadcrumb":{"@id":"https:\/\/stadtwerkezeitung.info\/schwedt\/2025\/08\/25\/zwischen-marketing-und-matschpfoten\/#breadcrumb"},"inLanguage":"en-US","potentialAction":[{"@type":"ReadAction","target":["https:\/\/stadtwerkezeitung.info\/schwedt\/2025\/08\/25\/zwischen-marketing-und-matschpfoten\/"]}]},{"@type":"ImageObject","inLanguage":"en-US","@id":"https:\/\/stadtwerkezeitung.info\/schwedt\/2025\/08\/25\/zwischen-marketing-und-matschpfoten\/#primaryimage","url":"https:\/\/stadtwerkezeitung.info\/schwedt\/wp-content\/uploads\/sites\/5\/2025\/08\/107_Teaser_Bild_y_MG_2742.jpg","contentUrl":"https:\/\/stadtwerkezeitung.info\/schwedt\/wp-content\/uploads\/sites\/5\/2025\/08\/107_Teaser_Bild_y_MG_2742.jpg","width":900,"height":600},{"@type":"BreadcrumbList","@id":"https:\/\/stadtwerkezeitung.info\/schwedt\/2025\/08\/25\/zwischen-marketing-und-matschpfoten\/#breadcrumb","itemListElement":[{"@type":"ListItem","position":1,"name":"Home","item":"https:\/\/stadtwerkezeitung.info\/schwedt\/"},{"@type":"ListItem","position":2,"name":"Zwischen Marketing und Matschpfoten"}]},{"@type":"WebSite","@id":"https:\/\/stadtwerkezeitung.info\/schwedt\/#website","url":"https:\/\/stadtwerkezeitung.info\/schwedt\/","name":"UMschau Schwedt","description":"","inLanguage":"en-US"},{"@type":"Person","@id":"https:\/\/stadtwerkezeitung.info\/schwedt\/#\/schema\/person\/acd409dca37d4bb8bf3a1284da7f1ee0","name":"admin","image":{"@type":"ImageObject","inLanguage":"en-US","@id":"https:\/\/stadtwerkezeitung.info\/schwedt\/#\/schema\/person\/image\/","url":"https:\/\/secure.gravatar.com\/avatar\/52dc0b3340c8087a51f52eaa20dc62cd4a6fe41f5bd886140989db7b572c00cd?s=96&d=mm&r=g","contentUrl":"https:\/\/secure.gravatar.com\/avatar\/52dc0b3340c8087a51f52eaa20dc62cd4a6fe41f5bd886140989db7b572c00cd?s=96&d=mm&r=g","caption":"admin"},"sameAs":["https:\/\/stadtwerkezeitung.info"]}]}},"_links":{"self":[{"href":"https:\/\/stadtwerkezeitung.info\/schwedt\/wp-json\/wp\/v2\/posts\/242","targetHints":{"allow":["GET"]}}],"collection":[{"href":"https:\/\/stadtwerkezeitung.info\/schwedt\/wp-json\/wp\/v2\/posts"}],"about":[{"href":"https:\/\/stadtwerkezeitung.info\/schwedt\/wp-json\/wp\/v2\/types\/post"}],"author":[{"embeddable":true,"href":"https:\/\/stadtwerkezeitung.info\/schwedt\/wp-json\/wp\/v2\/users\/1"}],"replies":[{"embeddable":true,"href":"https:\/\/stadtwerkezeitung.info\/schwedt\/wp-json\/wp\/v2\/comments?post=242"}],"version-history":[{"count":3,"href":"https:\/\/stadtwerkezeitung.info\/schwedt\/wp-json\/wp\/v2\/posts\/242\/revisions"}],"predecessor-version":[{"id":248,"href":"https:\/\/stadtwerkezeitung.info\/schwedt\/wp-json\/wp\/v2\/posts\/242\/revisions\/248"}],"wp:featuredmedia":[{"embeddable":true,"href":"https:\/\/stadtwerkezeitung.info\/schwedt\/wp-json\/wp\/v2\/media\/245"}],"wp:attachment":[{"href":"https:\/\/stadtwerkezeitung.info\/schwedt\/wp-json\/wp\/v2\/media?parent=242"}],"wp:term":[{"taxonomy":"category","embeddable":true,"href":"https:\/\/stadtwerkezeitung.info\/schwedt\/wp-json\/wp\/v2\/categories?post=242"},{"taxonomy":"post_tag","embeddable":true,"href":"https:\/\/stadtwerkezeitung.info\/schwedt\/wp-json\/wp\/v2\/tags?post=242"}],"curies":[{"name":"wp","href":"https:\/\/api.w.org\/{rel}","templated":true}]}}