{"id":256,"date":"2025-08-25T08:57:07","date_gmt":"2025-08-25T08:57:07","guid":{"rendered":"https:\/\/stadtwerkezeitung.info\/schwedt\/?p=256"},"modified":"2025-08-25T08:58:10","modified_gmt":"2025-08-25T08:58:10","slug":"sanierung-60-jahre-alter-leitungen","status":"publish","type":"post","link":"https:\/\/stadtwerkezeitung.info\/schwedt\/2025\/08\/25\/sanierung-60-jahre-alter-leitungen\/","title":{"rendered":"Sanierung 60 Jahre alter Leitungen"},"content":{"rendered":"<h2>Sanierung 60 Jahre alter Leitungen<\/h2>\n<h1>Fernw\u00e4rmetrasse flott f\u00fcr Zukunft<\/h1>\n<h2>Stadtwerke-Planungsingenieur W\u00e4rme Moritz M\u00fcller und Vorarbeiter Marcel Volkmann der ausf\u00fchrenden Firma TRS begutachten die Bauarbeiten unweit der Hohensaaten-Friedrichthaler-Wasserstra\u00dfe (Kanal) im Gr\u00fcnstreifen zwischen Wohngeb\u00e4ude und Uferpromenade. <\/h2>\n<p><img decoding=\"async\" src=\"\/schwedt\/wp-content\/uploads\/sites\/5\/2025\/08\/109_Bild_1_y_MG_2734.jpg\" alt=\"\"><\/p>\n<div>\n<p><em>Stadtwerke-Planungsingenieur W\u00e4rme Moritz M\u00fcller und Vorarbeiter Marcel Volkmann der ausf\u00fchrenden Firma TRS <\/p>\n<p><small>Foto: SPREE-PR\/Petsch<br \/><\/small><\/em><\/p>\n<\/div>\n<div>Seit Juli wird Am Kanal 1\u201310 eine rund 60 Jahre alte Fernw\u00e4rme-Hauptleitung im offenen Graben auf 210 Metern saniert. Die alte Trasse hatte noch eine einfache Isolierung aus Stroh und Dachpappe. Die neuen Kunststoffmantelrohre (Vor- und R\u00fccklauf) reduzieren W\u00e4rmeverluste, sorgen k\u00fcnftig f\u00fcr mehr Effizienz sowie Versorgungssicherheit und schaffen die Basis f\u00fcr neue Hausanschl\u00fcsse, etwa im Gebiet \u201eAm Kiez\u201d. Bis Ende September ist der Graben wieder geschlossen. \u201eDie Sanierung des Fernw\u00e4rmenetzes ist eine pr\u00e4ventive Ma\u00dfnahme\u201c, erkl\u00e4rt Moritz M\u00fcller. Rund 400.000\u202fEuro investieren die Stadtwerke j\u00e4hrlich in die Netzsanierung. Dank Nutzung von Abw\u00e4rmequellen der PCK-Raffinerie versorgen die Stadtwerke die Schwedter Haushalte bereits heute mit Fernw\u00e4rme aus bis zu 50 Prozent zertifizierten nachhaltigen Energien.<\/div>\n<p><!--more--><br \/>\n<!-- {\"type\":\"layout\",\"children\":[{\"type\":\"section\",\"props\":{\"image_position\":\"center-center\",\"padding_remove_top\":true,\"style\":\"default\",\"title_breakpoint\":\"xl\",\"title_position\":\"top-left\",\"title_rotation\":\"left\",\"vertical_align\":\"\",\"width\":\"small\"},\"children\":[{\"type\":\"row\",\"children\":[{\"type\":\"column\",\"props\":{\"image_position\":\"center-center\",\"position_sticky_breakpoint\":\"m\"},\"children\":[{\"type\":\"headline\",\"props\":{\"content\":\"Sanierung 60 Jahre alter Leitungen\",\"margin\":\"small\",\"margin_remove_bottom\":false,\"margin_remove_top\":false,\"title_element\":\"h2\",\"title_style\":\"h6\"}},{\"type\":\"headline\",\"props\":{\"content\":\"Fernw\\u00e4rmetrasse flott f\\u00fcr Zukunft\",\"margin\":\"small\",\"margin_remove_bottom\":false,\"margin_remove_top\":false,\"title_element\":\"h1\",\"title_style\":\"h2\"}},{\"type\":\"headline\",\"props\":{\"content\":\"Stadtwerke-Planungsingenieur W\\u00e4rme Moritz M\\u00fcller und Vorarbeiter Marcel Volkmann der ausf\\u00fchrenden Firma TRS begutachten die Bauarbeiten unweit der Hohensaaten-Friedrichthaler-Wasserstra\\u00dfe (Kanal) im Gr\\u00fcnstreifen zwischen Wohngeb\\u00e4ude und Uferpromenade. \",\"margin\":\"small\",\"margin_remove_top\":false,\"title_element\":\"h2\",\"title_style\":\"text-lead\"}},{\"type\":\"image\",\"props\":{\"image\":\"wp-content\\\/uploads\\\/sites\\\/5\\\/2025\\\/08\\\/109_Bild_1_y_MG_2734.jpg\",\"image_svg_color\":\"emphasis\",\"margin\":\"default\"}},{\"type\":\"text\",\"props\":{\"column_breakpoint\":\"m\",\"content\":\"\n\n<p><em>Stadtwerke-Planungsingenieur W\\u00e4rme Moritz M\\u00fcller und Vorarbeiter Marcel Volkmann der ausf\\u00fchrenden Firma TRS \\n\\n    <br \\\/><small>Foto: SPREE-PR\\\/Petsch<br \\\/><\\\/small><\\\/em><\\\/p>\",\"margin\":\"default\"}},{\"type\":\"text\",\"props\":{\"column_breakpoint\":\"m\",\"content\":\"Seit Juli wird Am Kanal 1\\u201310 eine rund 60 Jahre alte Fernw\\u00e4rme-Hauptleitung im offenen Graben auf 210 Metern saniert. Die alte Trasse hatte noch eine einfache Isolierung aus Stroh und Dachpappe. Die neuen Kunststoffmantelrohre (Vor- und R\\u00fccklauf) reduzieren W\\u00e4rmeverluste, sorgen k\\u00fcnftig f\\u00fcr mehr Effizienz sowie Versorgungssicherheit und schaffen die Basis f\\u00fcr neue Hausanschl\\u00fcsse, etwa im Gebiet \\u201eAm Kiez\\u201d. Bis Ende September ist der Graben wieder geschlossen. \\u201eDie Sanierung des Fernw\\u00e4rmenetzes ist eine pr\\u00e4ventive Ma\\u00dfnahme\\u201c, erkl\\u00e4rt Moritz M\\u00fcller. Rund 400.000\\u202fEuro investieren die Stadtwerke j\\u00e4hrlich in die Netzsanierung. Dank Nutzung von Abw\\u00e4rmequellen der PCK-Raffinerie versorgen die Stadtwerke die Schwedter Haushalte bereits heute mit Fernw\\u00e4rme aus bis zu 50 Prozent zertifizierten nachhaltigen Energien.\",\"margin\":\"default\"}}]}]}],\"name\":\"Artikel Format\"}],\"version\":\"4.4.1\"} --><\/p>\n","protected":false},"excerpt":{"rendered":"<p>Sanierung 60 Jahre alter Leitungen Fernw\u00e4rmetrasse flott f\u00fcr Zukunft Stadtwerke-Planungsingenieur W\u00e4rme Moritz M\u00fcller und Vorarbeiter Marcel Volkmann der ausf\u00fchrenden Firma TRS begutachten die Bauarbeiten unweit der Hohensaaten-Friedrichthaler-Wasserstra\u00dfe (Kanal) im Gr\u00fcnstreifen zwischen Wohngeb\u00e4ude und Uferpromenade. Stadtwerke-Planungsingenieur W\u00e4rme Moritz M\u00fcller und Vorarbeiter Marcel Volkmann der ausf\u00fchrenden Firma TRS Foto: SPREE-PR\/Petsch Seit Juli wird Am Kanal 1\u201310 eine [&hellip;]<\/p>\n","protected":false},"author":1,"featured_media":258,"comment_status":"open","ping_status":"open","sticky":false,"template":"","format":"standard","meta":{"footnotes":""},"categories":[1],"tags":[],"class_list":["post-256","post","type-post","status-publish","format-standard","has-post-thumbnail","hentry","category-uncategorized"],"yoast_head":"<!-- This site is optimized with the Yoast SEO plugin v26.9 - https:\/\/yoast.com\/product\/yoast-seo-wordpress\/ -->\n<title>Sanierung 60 Jahre alter Leitungen - UMschau Schwedt<\/title>\n<meta name=\"description\" content=\"Seit Juli wird Am Kanal 1\u201310 eine rund 60 Jahre alte Fernw\u00e4rme-Hauptleitung im offenen Graben auf 210 Metern saniert.\" \/>\n<meta name=\"robots\" content=\"index, follow, max-snippet:-1, max-image-preview:large, max-video-preview:-1\" \/>\n<link rel=\"canonical\" href=\"https:\/\/stadtwerkezeitung.info\/schwedt\/2025\/08\/25\/sanierung-60-jahre-alter-leitungen\/\" \/>\n<meta property=\"og:locale\" content=\"en_US\" \/>\n<meta property=\"og:type\" content=\"article\" \/>\n<meta property=\"og:title\" content=\"Sanierung 60 Jahre alter Leitungen - UMschau Schwedt\" \/>\n<meta property=\"og:description\" content=\"Seit Juli wird Am Kanal 1\u201310 eine rund 60 Jahre alte Fernw\u00e4rme-Hauptleitung im offenen Graben auf 210 Metern saniert.\" \/>\n<meta property=\"og:url\" content=\"https:\/\/stadtwerkezeitung.info\/schwedt\/2025\/08\/25\/sanierung-60-jahre-alter-leitungen\/\" \/>\n<meta property=\"og:site_name\" content=\"UMschau Schwedt\" \/>\n<meta property=\"article:published_time\" content=\"2025-08-25T08:57:07+00:00\" \/>\n<meta property=\"article:modified_time\" content=\"2025-08-25T08:58:10+00:00\" \/>\n<meta property=\"og:image\" content=\"https:\/\/stadtwerkezeitung.info\/schwedt\/wp-content\/uploads\/sites\/5\/2025\/08\/109_Teaser_y_MG_2738.jpg\" \/>\n\t<meta property=\"og:image:width\" content=\"900\" \/>\n\t<meta property=\"og:image:height\" content=\"600\" \/>\n\t<meta property=\"og:image:type\" content=\"image\/jpeg\" \/>\n<meta name=\"author\" content=\"admin\" \/>\n<meta name=\"twitter:card\" content=\"summary_large_image\" \/>\n<meta name=\"twitter:label1\" content=\"Written by\" \/>\n\t<meta name=\"twitter:data1\" content=\"admin\" \/>\n\t<meta name=\"twitter:label2\" content=\"Est. reading time\" \/>\n\t<meta name=\"twitter:data2\" content=\"4 minutes\" \/>\n<script type=\"application\/ld+json\" class=\"yoast-schema-graph\">{\"@context\":\"https:\/\/schema.org\",\"@graph\":[{\"@type\":\"Article\",\"@id\":\"https:\/\/stadtwerkezeitung.info\/schwedt\/2025\/08\/25\/sanierung-60-jahre-alter-leitungen\/#article\",\"isPartOf\":{\"@id\":\"https:\/\/stadtwerkezeitung.info\/schwedt\/2025\/08\/25\/sanierung-60-jahre-alter-leitungen\/\"},\"author\":{\"name\":\"admin\",\"@id\":\"https:\/\/stadtwerkezeitung.info\/schwedt\/#\/schema\/person\/acd409dca37d4bb8bf3a1284da7f1ee0\"},\"headline\":\"Sanierung 60 Jahre alter Leitungen\",\"datePublished\":\"2025-08-25T08:57:07+00:00\",\"dateModified\":\"2025-08-25T08:58:10+00:00\",\"mainEntityOfPage\":{\"@id\":\"https:\/\/stadtwerkezeitung.info\/schwedt\/2025\/08\/25\/sanierung-60-jahre-alter-leitungen\/\"},\"wordCount\":184,\"commentCount\":0,\"image\":{\"@id\":\"https:\/\/stadtwerkezeitung.info\/schwedt\/2025\/08\/25\/sanierung-60-jahre-alter-leitungen\/#primaryimage\"},\"thumbnailUrl\":\"https:\/\/stadtwerkezeitung.info\/schwedt\/wp-content\/uploads\/sites\/5\/2025\/08\/109_Teaser_y_MG_2738.jpg\",\"inLanguage\":\"en-US\",\"potentialAction\":[{\"@type\":\"CommentAction\",\"name\":\"Comment\",\"target\":[\"https:\/\/stadtwerkezeitung.info\/schwedt\/2025\/08\/25\/sanierung-60-jahre-alter-leitungen\/#respond\"]}]},{\"@type\":\"WebPage\",\"@id\":\"https:\/\/stadtwerkezeitung.info\/schwedt\/2025\/08\/25\/sanierung-60-jahre-alter-leitungen\/\",\"url\":\"https:\/\/stadtwerkezeitung.info\/schwedt\/2025\/08\/25\/sanierung-60-jahre-alter-leitungen\/\",\"name\":\"Sanierung 60 Jahre alter Leitungen - UMschau Schwedt\",\"isPartOf\":{\"@id\":\"https:\/\/stadtwerkezeitung.info\/schwedt\/#website\"},\"primaryImageOfPage\":{\"@id\":\"https:\/\/stadtwerkezeitung.info\/schwedt\/2025\/08\/25\/sanierung-60-jahre-alter-leitungen\/#primaryimage\"},\"image\":{\"@id\":\"https:\/\/stadtwerkezeitung.info\/schwedt\/2025\/08\/25\/sanierung-60-jahre-alter-leitungen\/#primaryimage\"},\"thumbnailUrl\":\"https:\/\/stadtwerkezeitung.info\/schwedt\/wp-content\/uploads\/sites\/5\/2025\/08\/109_Teaser_y_MG_2738.jpg\",\"datePublished\":\"2025-08-25T08:57:07+00:00\",\"dateModified\":\"2025-08-25T08:58:10+00:00\",\"author\":{\"@id\":\"https:\/\/stadtwerkezeitung.info\/schwedt\/#\/schema\/person\/acd409dca37d4bb8bf3a1284da7f1ee0\"},\"description\":\"Seit Juli wird Am Kanal 1\u201310 eine rund 60 Jahre alte Fernw\u00e4rme-Hauptleitung im offenen Graben auf 210 Metern saniert.\",\"breadcrumb\":{\"@id\":\"https:\/\/stadtwerkezeitung.info\/schwedt\/2025\/08\/25\/sanierung-60-jahre-alter-leitungen\/#breadcrumb\"},\"inLanguage\":\"en-US\",\"potentialAction\":[{\"@type\":\"ReadAction\",\"target\":[\"https:\/\/stadtwerkezeitung.info\/schwedt\/2025\/08\/25\/sanierung-60-jahre-alter-leitungen\/\"]}]},{\"@type\":\"ImageObject\",\"inLanguage\":\"en-US\",\"@id\":\"https:\/\/stadtwerkezeitung.info\/schwedt\/2025\/08\/25\/sanierung-60-jahre-alter-leitungen\/#primaryimage\",\"url\":\"https:\/\/stadtwerkezeitung.info\/schwedt\/wp-content\/uploads\/sites\/5\/2025\/08\/109_Teaser_y_MG_2738.jpg\",\"contentUrl\":\"https:\/\/stadtwerkezeitung.info\/schwedt\/wp-content\/uploads\/sites\/5\/2025\/08\/109_Teaser_y_MG_2738.jpg\",\"width\":900,\"height\":600},{\"@type\":\"BreadcrumbList\",\"@id\":\"https:\/\/stadtwerkezeitung.info\/schwedt\/2025\/08\/25\/sanierung-60-jahre-alter-leitungen\/#breadcrumb\",\"itemListElement\":[{\"@type\":\"ListItem\",\"position\":1,\"name\":\"Home\",\"item\":\"https:\/\/stadtwerkezeitung.info\/schwedt\/\"},{\"@type\":\"ListItem\",\"position\":2,\"name\":\"Sanierung 60 Jahre alter Leitungen\"}]},{\"@type\":\"WebSite\",\"@id\":\"https:\/\/stadtwerkezeitung.info\/schwedt\/#website\",\"url\":\"https:\/\/stadtwerkezeitung.info\/schwedt\/\",\"name\":\"UMschau Schwedt\",\"description\":\"\",\"inLanguage\":\"en-US\"},{\"@type\":\"Person\",\"@id\":\"https:\/\/stadtwerkezeitung.info\/schwedt\/#\/schema\/person\/acd409dca37d4bb8bf3a1284da7f1ee0\",\"name\":\"admin\",\"image\":{\"@type\":\"ImageObject\",\"inLanguage\":\"en-US\",\"@id\":\"https:\/\/stadtwerkezeitung.info\/schwedt\/#\/schema\/person\/image\/\",\"url\":\"https:\/\/secure.gravatar.com\/avatar\/52dc0b3340c8087a51f52eaa20dc62cd4a6fe41f5bd886140989db7b572c00cd?s=96&d=mm&r=g\",\"contentUrl\":\"https:\/\/secure.gravatar.com\/avatar\/52dc0b3340c8087a51f52eaa20dc62cd4a6fe41f5bd886140989db7b572c00cd?s=96&d=mm&r=g\",\"caption\":\"admin\"},\"sameAs\":[\"https:\/\/stadtwerkezeitung.info\"]}]}<\/script>\n<!-- \/ Yoast SEO plugin. -->","yoast_head_json":{"title":"Sanierung 60 Jahre alter Leitungen - UMschau Schwedt","description":"Seit Juli wird Am Kanal 1\u201310 eine rund 60 Jahre alte Fernw\u00e4rme-Hauptleitung im offenen Graben auf 210 Metern saniert.","robots":{"index":"index","follow":"follow","max-snippet":"max-snippet:-1","max-image-preview":"max-image-preview:large","max-video-preview":"max-video-preview:-1"},"canonical":"https:\/\/stadtwerkezeitung.info\/schwedt\/2025\/08\/25\/sanierung-60-jahre-alter-leitungen\/","og_locale":"en_US","og_type":"article","og_title":"Sanierung 60 Jahre alter Leitungen - UMschau Schwedt","og_description":"Seit Juli wird Am Kanal 1\u201310 eine rund 60 Jahre alte Fernw\u00e4rme-Hauptleitung im offenen Graben auf 210 Metern saniert.","og_url":"https:\/\/stadtwerkezeitung.info\/schwedt\/2025\/08\/25\/sanierung-60-jahre-alter-leitungen\/","og_site_name":"UMschau Schwedt","article_published_time":"2025-08-25T08:57:07+00:00","article_modified_time":"2025-08-25T08:58:10+00:00","og_image":[{"width":900,"height":600,"url":"https:\/\/stadtwerkezeitung.info\/schwedt\/wp-content\/uploads\/sites\/5\/2025\/08\/109_Teaser_y_MG_2738.jpg","type":"image\/jpeg"}],"author":"admin","twitter_card":"summary_large_image","twitter_misc":{"Written by":"admin","Est. reading time":"4 minutes"},"schema":{"@context":"https:\/\/schema.org","@graph":[{"@type":"Article","@id":"https:\/\/stadtwerkezeitung.info\/schwedt\/2025\/08\/25\/sanierung-60-jahre-alter-leitungen\/#article","isPartOf":{"@id":"https:\/\/stadtwerkezeitung.info\/schwedt\/2025\/08\/25\/sanierung-60-jahre-alter-leitungen\/"},"author":{"name":"admin","@id":"https:\/\/stadtwerkezeitung.info\/schwedt\/#\/schema\/person\/acd409dca37d4bb8bf3a1284da7f1ee0"},"headline":"Sanierung 60 Jahre alter Leitungen","datePublished":"2025-08-25T08:57:07+00:00","dateModified":"2025-08-25T08:58:10+00:00","mainEntityOfPage":{"@id":"https:\/\/stadtwerkezeitung.info\/schwedt\/2025\/08\/25\/sanierung-60-jahre-alter-leitungen\/"},"wordCount":184,"commentCount":0,"image":{"@id":"https:\/\/stadtwerkezeitung.info\/schwedt\/2025\/08\/25\/sanierung-60-jahre-alter-leitungen\/#primaryimage"},"thumbnailUrl":"https:\/\/stadtwerkezeitung.info\/schwedt\/wp-content\/uploads\/sites\/5\/2025\/08\/109_Teaser_y_MG_2738.jpg","inLanguage":"en-US","potentialAction":[{"@type":"CommentAction","name":"Comment","target":["https:\/\/stadtwerkezeitung.info\/schwedt\/2025\/08\/25\/sanierung-60-jahre-alter-leitungen\/#respond"]}]},{"@type":"WebPage","@id":"https:\/\/stadtwerkezeitung.info\/schwedt\/2025\/08\/25\/sanierung-60-jahre-alter-leitungen\/","url":"https:\/\/stadtwerkezeitung.info\/schwedt\/2025\/08\/25\/sanierung-60-jahre-alter-leitungen\/","name":"Sanierung 60 Jahre alter Leitungen - UMschau Schwedt","isPartOf":{"@id":"https:\/\/stadtwerkezeitung.info\/schwedt\/#website"},"primaryImageOfPage":{"@id":"https:\/\/stadtwerkezeitung.info\/schwedt\/2025\/08\/25\/sanierung-60-jahre-alter-leitungen\/#primaryimage"},"image":{"@id":"https:\/\/stadtwerkezeitung.info\/schwedt\/2025\/08\/25\/sanierung-60-jahre-alter-leitungen\/#primaryimage"},"thumbnailUrl":"https:\/\/stadtwerkezeitung.info\/schwedt\/wp-content\/uploads\/sites\/5\/2025\/08\/109_Teaser_y_MG_2738.jpg","datePublished":"2025-08-25T08:57:07+00:00","dateModified":"2025-08-25T08:58:10+00:00","author":{"@id":"https:\/\/stadtwerkezeitung.info\/schwedt\/#\/schema\/person\/acd409dca37d4bb8bf3a1284da7f1ee0"},"description":"Seit Juli wird Am Kanal 1\u201310 eine rund 60 Jahre alte Fernw\u00e4rme-Hauptleitung im offenen Graben auf 210 Metern saniert.","breadcrumb":{"@id":"https:\/\/stadtwerkezeitung.info\/schwedt\/2025\/08\/25\/sanierung-60-jahre-alter-leitungen\/#breadcrumb"},"inLanguage":"en-US","potentialAction":[{"@type":"ReadAction","target":["https:\/\/stadtwerkezeitung.info\/schwedt\/2025\/08\/25\/sanierung-60-jahre-alter-leitungen\/"]}]},{"@type":"ImageObject","inLanguage":"en-US","@id":"https:\/\/stadtwerkezeitung.info\/schwedt\/2025\/08\/25\/sanierung-60-jahre-alter-leitungen\/#primaryimage","url":"https:\/\/stadtwerkezeitung.info\/schwedt\/wp-content\/uploads\/sites\/5\/2025\/08\/109_Teaser_y_MG_2738.jpg","contentUrl":"https:\/\/stadtwerkezeitung.info\/schwedt\/wp-content\/uploads\/sites\/5\/2025\/08\/109_Teaser_y_MG_2738.jpg","width":900,"height":600},{"@type":"BreadcrumbList","@id":"https:\/\/stadtwerkezeitung.info\/schwedt\/2025\/08\/25\/sanierung-60-jahre-alter-leitungen\/#breadcrumb","itemListElement":[{"@type":"ListItem","position":1,"name":"Home","item":"https:\/\/stadtwerkezeitung.info\/schwedt\/"},{"@type":"ListItem","position":2,"name":"Sanierung 60 Jahre alter Leitungen"}]},{"@type":"WebSite","@id":"https:\/\/stadtwerkezeitung.info\/schwedt\/#website","url":"https:\/\/stadtwerkezeitung.info\/schwedt\/","name":"UMschau Schwedt","description":"","inLanguage":"en-US"},{"@type":"Person","@id":"https:\/\/stadtwerkezeitung.info\/schwedt\/#\/schema\/person\/acd409dca37d4bb8bf3a1284da7f1ee0","name":"admin","image":{"@type":"ImageObject","inLanguage":"en-US","@id":"https:\/\/stadtwerkezeitung.info\/schwedt\/#\/schema\/person\/image\/","url":"https:\/\/secure.gravatar.com\/avatar\/52dc0b3340c8087a51f52eaa20dc62cd4a6fe41f5bd886140989db7b572c00cd?s=96&d=mm&r=g","contentUrl":"https:\/\/secure.gravatar.com\/avatar\/52dc0b3340c8087a51f52eaa20dc62cd4a6fe41f5bd886140989db7b572c00cd?s=96&d=mm&r=g","caption":"admin"},"sameAs":["https:\/\/stadtwerkezeitung.info"]}]}},"_links":{"self":[{"href":"https:\/\/stadtwerkezeitung.info\/schwedt\/wp-json\/wp\/v2\/posts\/256","targetHints":{"allow":["GET"]}}],"collection":[{"href":"https:\/\/stadtwerkezeitung.info\/schwedt\/wp-json\/wp\/v2\/posts"}],"about":[{"href":"https:\/\/stadtwerkezeitung.info\/schwedt\/wp-json\/wp\/v2\/types\/post"}],"author":[{"embeddable":true,"href":"https:\/\/stadtwerkezeitung.info\/schwedt\/wp-json\/wp\/v2\/users\/1"}],"replies":[{"embeddable":true,"href":"https:\/\/stadtwerkezeitung.info\/schwedt\/wp-json\/wp\/v2\/comments?post=256"}],"version-history":[{"count":2,"href":"https:\/\/stadtwerkezeitung.info\/schwedt\/wp-json\/wp\/v2\/posts\/256\/revisions"}],"predecessor-version":[{"id":260,"href":"https:\/\/stadtwerkezeitung.info\/schwedt\/wp-json\/wp\/v2\/posts\/256\/revisions\/260"}],"wp:featuredmedia":[{"embeddable":true,"href":"https:\/\/stadtwerkezeitung.info\/schwedt\/wp-json\/wp\/v2\/media\/258"}],"wp:attachment":[{"href":"https:\/\/stadtwerkezeitung.info\/schwedt\/wp-json\/wp\/v2\/media?parent=256"}],"wp:term":[{"taxonomy":"category","embeddable":true,"href":"https:\/\/stadtwerkezeitung.info\/schwedt\/wp-json\/wp\/v2\/categories?post=256"},{"taxonomy":"post_tag","embeddable":true,"href":"https:\/\/stadtwerkezeitung.info\/schwedt\/wp-json\/wp\/v2\/tags?post=256"}],"curies":[{"name":"wp","href":"https:\/\/api.w.org\/{rel}","templated":true}]}}