{"id":273,"date":"2025-08-25T09:07:57","date_gmt":"2025-08-25T09:07:57","guid":{"rendered":"https:\/\/stadtwerkezeitung.info\/schwedt\/?p=273"},"modified":"2025-08-25T09:11:49","modified_gmt":"2025-08-25T09:11:49","slug":"wilder-westen-im-tiefsten-osten","status":"publish","type":"post","link":"https:\/\/stadtwerkezeitung.info\/schwedt\/2025\/08\/25\/wilder-westen-im-tiefsten-osten\/","title":{"rendered":"Wilder Westen im tiefsten Osten"},"content":{"rendered":"<h2>UMschau-Tipp mit Verlosung<\/h2>\n<h1>Wilder Westen im tiefsten Osten <\/h1>\n<h2>Balla ist ein Draufg\u00e4nger, der die Anarchie auf der Baustelle bek\u00e4mpft, indem er Material stiehlt und seine Kollegen tyrannisiert. Dabei geht es ihm nur um seinen eigenen Vorteil.<\/h2>\n<p><img decoding=\"async\" src=\"\/schwedt\/wp-content\/uploads\/sites\/5\/2025\/08\/202_Teaser_Umscha_PL_Spur_der_Steine_web.jpg\" alt=\"\"><\/p>\n<div>\n<p><em>Spur der Steine in der Regie von Andr\u00e9 Nicke kommt auf die B\u00fchne.<\/p>\n<p><small>Plakat: ubs<br \/><\/small><\/em><\/p>\n<\/div>\n<div>Seine Brigade besteht aus den besten, aber auch den rebellischsten Arbeitern \u2013 ein explosives Gemisch! Der Idealist Horrath ist entschlossen, Balla von der Vision eines gemeinsamen, gr\u00f6\u00dferen Ziels zu \u00fcberzeugen. Doch das Schicksal schl\u00e4gt zu: Horrath verliebt sich in die bezaubernde Ingenieurin Kati, die auch Balla den Kopf verdreht. Als Kati schwanger wird, ist nicht nur Horraths Karriere bedroht. Eine Geschichte \u00fcber Liebe, Tr\u00e4ume und harte Realit\u00e4t \u2013 mit Musik u. a. von den Puhdys, Silly, Renft. Die Inszenierung ist die letzte gro\u00dfe musikalische Produktion, die vor Sanierungsbeginn des Gro\u00dfen Hauses zu sehen sein wird. Premiere: 4. Oktober 2025, 19:30 Uhr, Gro\u00dfer Saal. <\/div>\n<p>\n    <a href=\"https:\/\/theater-schwedt.de\">Alle Termine auf: theater-schwedt.de<\/a>\n<\/p>\n<div>\n<h3>Spur der Steine<\/h3>\n<p>Viel Gl\u00fcck!<\/p>\n<div>\n<p>F\u00fcr die Vorstellung am Samstag, dem 11. Oktober 2025 um 19:30 Uhr, verlosen wir 2\u2009x\u20092\u2009Freikarten. Einfach eine E-Mail mit dem Begriff \u201eSteine\u201c an: <a href=\"mailto:umschauschwedt@spree-pr.com\">umschauschwedt@spree-pr.com<\/a>.<\/p>\n<\/div>\n<\/div>\n<p><!--more--><br \/>\n<!-- {\"type\":\"layout\",\"children\":[{\"type\":\"section\",\"props\":{\"image_position\":\"center-center\",\"padding_remove_top\":true,\"style\":\"default\",\"title_breakpoint\":\"xl\",\"title_position\":\"top-left\",\"title_rotation\":\"left\",\"vertical_align\":\"\",\"width\":\"small\"},\"children\":[{\"type\":\"row\",\"children\":[{\"type\":\"column\",\"props\":{\"image_position\":\"center-center\",\"position_sticky_breakpoint\":\"m\"},\"children\":[{\"type\":\"headline\",\"props\":{\"content\":\"UMschau-Tipp mit Verlosung\",\"margin\":\"small\",\"margin_remove_bottom\":false,\"margin_remove_top\":false,\"title_element\":\"h2\",\"title_style\":\"h6\"}},{\"type\":\"headline\",\"props\":{\"content\":\"Wilder Westen im tiefsten Osten \",\"margin\":\"small\",\"margin_remove_bottom\":false,\"margin_remove_top\":false,\"title_element\":\"h1\",\"title_style\":\"h2\"}},{\"type\":\"headline\",\"props\":{\"content\":\"Balla ist ein Draufg\\u00e4nger, der die Anarchie auf der Baustelle bek\\u00e4mpft, indem er Material stiehlt und seine Kollegen tyrannisiert. Dabei geht es ihm nur um seinen eigenen Vorteil.\",\"margin\":\"small\",\"margin_remove_top\":false,\"title_element\":\"h2\",\"title_style\":\"text-lead\"}},{\"type\":\"image\",\"props\":{\"image\":\"wp-content\\\/uploads\\\/sites\\\/5\\\/2025\\\/08\\\/202_Teaser_Umscha_PL_Spur_der_Steine_web.jpg\",\"image_svg_color\":\"emphasis\",\"margin\":\"default\"}},{\"type\":\"text\",\"props\":{\"column_breakpoint\":\"m\",\"content\":\"\n\n<p><em>Spur der Steine in der Regie von Andr\\u00e9 Nicke kommt auf die B\\u00fchne.\\n\\n\\n    <br \\\/><small>Plakat: ubs<br \\\/><\\\/small><\\\/em><\\\/p>\",\"margin\":\"default\"}},{\"type\":\"text\",\"props\":{\"column_breakpoint\":\"m\",\"content\":\"Seine Brigade besteht aus den besten, aber auch den rebellischsten Arbeitern \\u2013 ein explosives Gemisch! Der Idealist Horrath ist entschlossen, Balla von der Vision eines gemeinsamen, gr\\u00f6\\u00dferen Ziels zu \\u00fcberzeugen. Doch das Schicksal schl\\u00e4gt zu: Horrath verliebt sich in die bezaubernde Ingenieurin Kati, die auch Balla den Kopf verdreht. Als Kati schwanger wird, ist nicht nur Horraths Karriere bedroht. Eine Geschichte \\u00fcber Liebe, Tr\\u00e4ume und harte Realit\\u00e4t \\u2013 mit Musik u. a. von den Puhdys, Silly, Renft. Die Inszenierung ist die letzte gro\\u00dfe musikalische Produktion, die vor Sanierungsbeginn des Gro\\u00dfen Hauses zu sehen sein wird. Premiere: 4. Oktober 2025, 19:30 Uhr, Gro\\u00dfer Saal. \",\"margin\":\"default\"}},{\"type\":\"button\",\"props\":{\"fullwidth\":true,\"grid_column_gap\":\"small\",\"grid_row_gap\":\"small\",\"margin\":\"default\"},\"children\":[{\"type\":\"button_item\",\"props\":{\"button_style\":\"secondary\",\"content\":\"Alle Termine auf: theater-schwedt.de\",\"icon\":\"link-external\",\"icon_align\":\"left\",\"link\":\"https:\\\/\\\/theater-schwedt.de\",\"link_target\":\"blank\"}}]},{\"type\":\"panel\",\"props\":{\"content\":\"\n\n<p>F\\u00fcr die Vorstellung am Samstag, dem 11. Oktober 2025 um 19:30 Uhr, verlosen wir 2\\u2009x\\u20092\\u2009Freikarten. Einfach eine E-Mail mit dem Begriff \\u201eSteine\\u201c an: <a href=\\\"mailto:umschauschwedt@spree-pr.com\\\">umschauschwedt@spree-pr.com<\\\/a>.<\\\/p>\",\"content_column_breakpoint\":\"m\",\"icon\":\"bolt\",\"icon_width\":80,\"image_align\":\"left\",\"image_grid_breakpoint\":\"m\",\"image_grid_width\":\"auto\",\"image_svg_color\":\"emphasis\",\"image_vertical_align\":true,\"link_style\":\"default\",\"link_text\":\"Read more\",\"margin\":\"default\",\"meta\":\"Viel Gl\\u00fcck!\",\"meta_align\":\"below-content\",\"meta_element\":\"div\",\"meta_style\":\"text-meta\",\"panel_padding\":\"default\",\"panel_style\":\"card-secondary\",\"title\":\"Spur der Steine\",\"title_align\":\"top\",\"title_element\":\"h3\",\"title_grid_breakpoint\":\"m\",\"title_grid_width\":\"1-2\",\"title_hover_style\":\"reset\"}}]}]}],\"name\":\"Artikel Format\"}],\"version\":\"4.4.1\"} --><\/p>\n","protected":false},"excerpt":{"rendered":"<p>UMschau-Tipp mit Verlosung Wilder Westen im tiefsten Osten Balla ist ein Draufg\u00e4nger, der die Anarchie auf der Baustelle bek\u00e4mpft, indem er Material stiehlt und seine Kollegen tyrannisiert. Dabei geht es ihm nur um seinen eigenen Vorteil. Spur der Steine in der Regie von Andr\u00e9 Nicke kommt auf die B\u00fchne. Plakat: ubs Seine Brigade besteht aus [&hellip;]<\/p>\n","protected":false},"author":1,"featured_media":274,"comment_status":"open","ping_status":"open","sticky":false,"template":"","format":"standard","meta":{"footnotes":""},"categories":[1],"tags":[],"class_list":["post-273","post","type-post","status-publish","format-standard","has-post-thumbnail","hentry","category-uncategorized"],"yoast_head":"<!-- This site is optimized with the Yoast SEO plugin v26.9 - https:\/\/yoast.com\/product\/yoast-seo-wordpress\/ -->\n<title>Wilder Westen im tiefsten Osten - UMschau Schwedt<\/title>\n<meta name=\"description\" content=\"Die Inszenierung ist die letzte gro\u00dfe musikalische Produktion, die vor Sanierungsbeginn des Gro\u00dfen Hauses zu sehen sein wird. F\u00fcr die Vorstellung am Samstag, dem 11. Oktober 2025 um 19:30 Uhr, verlosen wir 2\u2009x\u20092\u2009Freikarten.\" \/>\n<meta name=\"robots\" content=\"index, follow, max-snippet:-1, max-image-preview:large, max-video-preview:-1\" \/>\n<link rel=\"canonical\" href=\"https:\/\/stadtwerkezeitung.info\/schwedt\/2025\/08\/25\/wilder-westen-im-tiefsten-osten\/\" \/>\n<meta property=\"og:locale\" content=\"en_US\" \/>\n<meta property=\"og:type\" content=\"article\" \/>\n<meta property=\"og:title\" content=\"Wilder Westen im tiefsten Osten - UMschau Schwedt\" \/>\n<meta property=\"og:description\" content=\"Die Inszenierung ist die letzte gro\u00dfe musikalische Produktion, die vor Sanierungsbeginn des Gro\u00dfen Hauses zu sehen sein wird. F\u00fcr die Vorstellung am Samstag, dem 11. Oktober 2025 um 19:30 Uhr, verlosen wir 2\u2009x\u20092\u2009Freikarten.\" \/>\n<meta property=\"og:url\" content=\"https:\/\/stadtwerkezeitung.info\/schwedt\/2025\/08\/25\/wilder-westen-im-tiefsten-osten\/\" \/>\n<meta property=\"og:site_name\" content=\"UMschau Schwedt\" \/>\n<meta property=\"article:published_time\" content=\"2025-08-25T09:07:57+00:00\" \/>\n<meta property=\"article:modified_time\" content=\"2025-08-25T09:11:49+00:00\" \/>\n<meta property=\"og:image\" content=\"https:\/\/stadtwerkezeitung.info\/schwedt\/wp-content\/uploads\/sites\/5\/2025\/08\/202_Teaser_Umscha_PL_Spur_der_Steine_web.jpg\" \/>\n\t<meta property=\"og:image:width\" content=\"900\" \/>\n\t<meta property=\"og:image:height\" content=\"1273\" \/>\n\t<meta property=\"og:image:type\" content=\"image\/jpeg\" \/>\n<meta name=\"author\" content=\"admin\" \/>\n<meta name=\"twitter:card\" content=\"summary_large_image\" \/>\n<meta name=\"twitter:label1\" content=\"Written by\" \/>\n\t<meta name=\"twitter:data1\" content=\"admin\" \/>\n\t<meta name=\"twitter:label2\" content=\"Est. reading time\" \/>\n\t<meta name=\"twitter:data2\" content=\"2 minutes\" \/>\n<script type=\"application\/ld+json\" class=\"yoast-schema-graph\">{\"@context\":\"https:\/\/schema.org\",\"@graph\":[{\"@type\":\"Article\",\"@id\":\"https:\/\/stadtwerkezeitung.info\/schwedt\/2025\/08\/25\/wilder-westen-im-tiefsten-osten\/#article\",\"isPartOf\":{\"@id\":\"https:\/\/stadtwerkezeitung.info\/schwedt\/2025\/08\/25\/wilder-westen-im-tiefsten-osten\/\"},\"author\":{\"name\":\"admin\",\"@id\":\"https:\/\/stadtwerkezeitung.info\/schwedt\/#\/schema\/person\/acd409dca37d4bb8bf3a1284da7f1ee0\"},\"headline\":\"Wilder Westen im tiefsten Osten\",\"datePublished\":\"2025-08-25T09:07:57+00:00\",\"dateModified\":\"2025-08-25T09:11:49+00:00\",\"mainEntityOfPage\":{\"@id\":\"https:\/\/stadtwerkezeitung.info\/schwedt\/2025\/08\/25\/wilder-westen-im-tiefsten-osten\/\"},\"wordCount\":200,\"commentCount\":0,\"image\":{\"@id\":\"https:\/\/stadtwerkezeitung.info\/schwedt\/2025\/08\/25\/wilder-westen-im-tiefsten-osten\/#primaryimage\"},\"thumbnailUrl\":\"https:\/\/stadtwerkezeitung.info\/schwedt\/wp-content\/uploads\/sites\/5\/2025\/08\/202_Teaser_Umscha_PL_Spur_der_Steine_web.jpg\",\"inLanguage\":\"en-US\",\"potentialAction\":[{\"@type\":\"CommentAction\",\"name\":\"Comment\",\"target\":[\"https:\/\/stadtwerkezeitung.info\/schwedt\/2025\/08\/25\/wilder-westen-im-tiefsten-osten\/#respond\"]}]},{\"@type\":\"WebPage\",\"@id\":\"https:\/\/stadtwerkezeitung.info\/schwedt\/2025\/08\/25\/wilder-westen-im-tiefsten-osten\/\",\"url\":\"https:\/\/stadtwerkezeitung.info\/schwedt\/2025\/08\/25\/wilder-westen-im-tiefsten-osten\/\",\"name\":\"Wilder Westen im tiefsten Osten - UMschau Schwedt\",\"isPartOf\":{\"@id\":\"https:\/\/stadtwerkezeitung.info\/schwedt\/#website\"},\"primaryImageOfPage\":{\"@id\":\"https:\/\/stadtwerkezeitung.info\/schwedt\/2025\/08\/25\/wilder-westen-im-tiefsten-osten\/#primaryimage\"},\"image\":{\"@id\":\"https:\/\/stadtwerkezeitung.info\/schwedt\/2025\/08\/25\/wilder-westen-im-tiefsten-osten\/#primaryimage\"},\"thumbnailUrl\":\"https:\/\/stadtwerkezeitung.info\/schwedt\/wp-content\/uploads\/sites\/5\/2025\/08\/202_Teaser_Umscha_PL_Spur_der_Steine_web.jpg\",\"datePublished\":\"2025-08-25T09:07:57+00:00\",\"dateModified\":\"2025-08-25T09:11:49+00:00\",\"author\":{\"@id\":\"https:\/\/stadtwerkezeitung.info\/schwedt\/#\/schema\/person\/acd409dca37d4bb8bf3a1284da7f1ee0\"},\"description\":\"Die Inszenierung ist die letzte gro\u00dfe musikalische Produktion, die vor Sanierungsbeginn des Gro\u00dfen Hauses zu sehen sein wird. F\u00fcr die Vorstellung am Samstag, dem 11. Oktober 2025 um 19:30 Uhr, verlosen wir 2\u2009x\u20092\u2009Freikarten.\",\"breadcrumb\":{\"@id\":\"https:\/\/stadtwerkezeitung.info\/schwedt\/2025\/08\/25\/wilder-westen-im-tiefsten-osten\/#breadcrumb\"},\"inLanguage\":\"en-US\",\"potentialAction\":[{\"@type\":\"ReadAction\",\"target\":[\"https:\/\/stadtwerkezeitung.info\/schwedt\/2025\/08\/25\/wilder-westen-im-tiefsten-osten\/\"]}]},{\"@type\":\"ImageObject\",\"inLanguage\":\"en-US\",\"@id\":\"https:\/\/stadtwerkezeitung.info\/schwedt\/2025\/08\/25\/wilder-westen-im-tiefsten-osten\/#primaryimage\",\"url\":\"https:\/\/stadtwerkezeitung.info\/schwedt\/wp-content\/uploads\/sites\/5\/2025\/08\/202_Teaser_Umscha_PL_Spur_der_Steine_web.jpg\",\"contentUrl\":\"https:\/\/stadtwerkezeitung.info\/schwedt\/wp-content\/uploads\/sites\/5\/2025\/08\/202_Teaser_Umscha_PL_Spur_der_Steine_web.jpg\",\"width\":900,\"height\":1273},{\"@type\":\"BreadcrumbList\",\"@id\":\"https:\/\/stadtwerkezeitung.info\/schwedt\/2025\/08\/25\/wilder-westen-im-tiefsten-osten\/#breadcrumb\",\"itemListElement\":[{\"@type\":\"ListItem\",\"position\":1,\"name\":\"Home\",\"item\":\"https:\/\/stadtwerkezeitung.info\/schwedt\/\"},{\"@type\":\"ListItem\",\"position\":2,\"name\":\"Wilder Westen im tiefsten Osten\"}]},{\"@type\":\"WebSite\",\"@id\":\"https:\/\/stadtwerkezeitung.info\/schwedt\/#website\",\"url\":\"https:\/\/stadtwerkezeitung.info\/schwedt\/\",\"name\":\"UMschau Schwedt\",\"description\":\"\",\"inLanguage\":\"en-US\"},{\"@type\":\"Person\",\"@id\":\"https:\/\/stadtwerkezeitung.info\/schwedt\/#\/schema\/person\/acd409dca37d4bb8bf3a1284da7f1ee0\",\"name\":\"admin\",\"image\":{\"@type\":\"ImageObject\",\"inLanguage\":\"en-US\",\"@id\":\"https:\/\/stadtwerkezeitung.info\/schwedt\/#\/schema\/person\/image\/\",\"url\":\"https:\/\/secure.gravatar.com\/avatar\/52dc0b3340c8087a51f52eaa20dc62cd4a6fe41f5bd886140989db7b572c00cd?s=96&d=mm&r=g\",\"contentUrl\":\"https:\/\/secure.gravatar.com\/avatar\/52dc0b3340c8087a51f52eaa20dc62cd4a6fe41f5bd886140989db7b572c00cd?s=96&d=mm&r=g\",\"caption\":\"admin\"},\"sameAs\":[\"https:\/\/stadtwerkezeitung.info\"]}]}<\/script>\n<!-- \/ Yoast SEO plugin. -->","yoast_head_json":{"title":"Wilder Westen im tiefsten Osten - UMschau Schwedt","description":"Die Inszenierung ist die letzte gro\u00dfe musikalische Produktion, die vor Sanierungsbeginn des Gro\u00dfen Hauses zu sehen sein wird. F\u00fcr die Vorstellung am Samstag, dem 11. Oktober 2025 um 19:30 Uhr, verlosen wir 2\u2009x\u20092\u2009Freikarten.","robots":{"index":"index","follow":"follow","max-snippet":"max-snippet:-1","max-image-preview":"max-image-preview:large","max-video-preview":"max-video-preview:-1"},"canonical":"https:\/\/stadtwerkezeitung.info\/schwedt\/2025\/08\/25\/wilder-westen-im-tiefsten-osten\/","og_locale":"en_US","og_type":"article","og_title":"Wilder Westen im tiefsten Osten - UMschau Schwedt","og_description":"Die Inszenierung ist die letzte gro\u00dfe musikalische Produktion, die vor Sanierungsbeginn des Gro\u00dfen Hauses zu sehen sein wird. F\u00fcr die Vorstellung am Samstag, dem 11. Oktober 2025 um 19:30 Uhr, verlosen wir 2\u2009x\u20092\u2009Freikarten.","og_url":"https:\/\/stadtwerkezeitung.info\/schwedt\/2025\/08\/25\/wilder-westen-im-tiefsten-osten\/","og_site_name":"UMschau Schwedt","article_published_time":"2025-08-25T09:07:57+00:00","article_modified_time":"2025-08-25T09:11:49+00:00","og_image":[{"width":900,"height":1273,"url":"https:\/\/stadtwerkezeitung.info\/schwedt\/wp-content\/uploads\/sites\/5\/2025\/08\/202_Teaser_Umscha_PL_Spur_der_Steine_web.jpg","type":"image\/jpeg"}],"author":"admin","twitter_card":"summary_large_image","twitter_misc":{"Written by":"admin","Est. reading time":"2 minutes"},"schema":{"@context":"https:\/\/schema.org","@graph":[{"@type":"Article","@id":"https:\/\/stadtwerkezeitung.info\/schwedt\/2025\/08\/25\/wilder-westen-im-tiefsten-osten\/#article","isPartOf":{"@id":"https:\/\/stadtwerkezeitung.info\/schwedt\/2025\/08\/25\/wilder-westen-im-tiefsten-osten\/"},"author":{"name":"admin","@id":"https:\/\/stadtwerkezeitung.info\/schwedt\/#\/schema\/person\/acd409dca37d4bb8bf3a1284da7f1ee0"},"headline":"Wilder Westen im tiefsten Osten","datePublished":"2025-08-25T09:07:57+00:00","dateModified":"2025-08-25T09:11:49+00:00","mainEntityOfPage":{"@id":"https:\/\/stadtwerkezeitung.info\/schwedt\/2025\/08\/25\/wilder-westen-im-tiefsten-osten\/"},"wordCount":200,"commentCount":0,"image":{"@id":"https:\/\/stadtwerkezeitung.info\/schwedt\/2025\/08\/25\/wilder-westen-im-tiefsten-osten\/#primaryimage"},"thumbnailUrl":"https:\/\/stadtwerkezeitung.info\/schwedt\/wp-content\/uploads\/sites\/5\/2025\/08\/202_Teaser_Umscha_PL_Spur_der_Steine_web.jpg","inLanguage":"en-US","potentialAction":[{"@type":"CommentAction","name":"Comment","target":["https:\/\/stadtwerkezeitung.info\/schwedt\/2025\/08\/25\/wilder-westen-im-tiefsten-osten\/#respond"]}]},{"@type":"WebPage","@id":"https:\/\/stadtwerkezeitung.info\/schwedt\/2025\/08\/25\/wilder-westen-im-tiefsten-osten\/","url":"https:\/\/stadtwerkezeitung.info\/schwedt\/2025\/08\/25\/wilder-westen-im-tiefsten-osten\/","name":"Wilder Westen im tiefsten Osten - UMschau Schwedt","isPartOf":{"@id":"https:\/\/stadtwerkezeitung.info\/schwedt\/#website"},"primaryImageOfPage":{"@id":"https:\/\/stadtwerkezeitung.info\/schwedt\/2025\/08\/25\/wilder-westen-im-tiefsten-osten\/#primaryimage"},"image":{"@id":"https:\/\/stadtwerkezeitung.info\/schwedt\/2025\/08\/25\/wilder-westen-im-tiefsten-osten\/#primaryimage"},"thumbnailUrl":"https:\/\/stadtwerkezeitung.info\/schwedt\/wp-content\/uploads\/sites\/5\/2025\/08\/202_Teaser_Umscha_PL_Spur_der_Steine_web.jpg","datePublished":"2025-08-25T09:07:57+00:00","dateModified":"2025-08-25T09:11:49+00:00","author":{"@id":"https:\/\/stadtwerkezeitung.info\/schwedt\/#\/schema\/person\/acd409dca37d4bb8bf3a1284da7f1ee0"},"description":"Die Inszenierung ist die letzte gro\u00dfe musikalische Produktion, die vor Sanierungsbeginn des Gro\u00dfen Hauses zu sehen sein wird. F\u00fcr die Vorstellung am Samstag, dem 11. Oktober 2025 um 19:30 Uhr, verlosen wir 2\u2009x\u20092\u2009Freikarten.","breadcrumb":{"@id":"https:\/\/stadtwerkezeitung.info\/schwedt\/2025\/08\/25\/wilder-westen-im-tiefsten-osten\/#breadcrumb"},"inLanguage":"en-US","potentialAction":[{"@type":"ReadAction","target":["https:\/\/stadtwerkezeitung.info\/schwedt\/2025\/08\/25\/wilder-westen-im-tiefsten-osten\/"]}]},{"@type":"ImageObject","inLanguage":"en-US","@id":"https:\/\/stadtwerkezeitung.info\/schwedt\/2025\/08\/25\/wilder-westen-im-tiefsten-osten\/#primaryimage","url":"https:\/\/stadtwerkezeitung.info\/schwedt\/wp-content\/uploads\/sites\/5\/2025\/08\/202_Teaser_Umscha_PL_Spur_der_Steine_web.jpg","contentUrl":"https:\/\/stadtwerkezeitung.info\/schwedt\/wp-content\/uploads\/sites\/5\/2025\/08\/202_Teaser_Umscha_PL_Spur_der_Steine_web.jpg","width":900,"height":1273},{"@type":"BreadcrumbList","@id":"https:\/\/stadtwerkezeitung.info\/schwedt\/2025\/08\/25\/wilder-westen-im-tiefsten-osten\/#breadcrumb","itemListElement":[{"@type":"ListItem","position":1,"name":"Home","item":"https:\/\/stadtwerkezeitung.info\/schwedt\/"},{"@type":"ListItem","position":2,"name":"Wilder Westen im tiefsten Osten"}]},{"@type":"WebSite","@id":"https:\/\/stadtwerkezeitung.info\/schwedt\/#website","url":"https:\/\/stadtwerkezeitung.info\/schwedt\/","name":"UMschau Schwedt","description":"","inLanguage":"en-US"},{"@type":"Person","@id":"https:\/\/stadtwerkezeitung.info\/schwedt\/#\/schema\/person\/acd409dca37d4bb8bf3a1284da7f1ee0","name":"admin","image":{"@type":"ImageObject","inLanguage":"en-US","@id":"https:\/\/stadtwerkezeitung.info\/schwedt\/#\/schema\/person\/image\/","url":"https:\/\/secure.gravatar.com\/avatar\/52dc0b3340c8087a51f52eaa20dc62cd4a6fe41f5bd886140989db7b572c00cd?s=96&d=mm&r=g","contentUrl":"https:\/\/secure.gravatar.com\/avatar\/52dc0b3340c8087a51f52eaa20dc62cd4a6fe41f5bd886140989db7b572c00cd?s=96&d=mm&r=g","caption":"admin"},"sameAs":["https:\/\/stadtwerkezeitung.info"]}]}},"_links":{"self":[{"href":"https:\/\/stadtwerkezeitung.info\/schwedt\/wp-json\/wp\/v2\/posts\/273","targetHints":{"allow":["GET"]}}],"collection":[{"href":"https:\/\/stadtwerkezeitung.info\/schwedt\/wp-json\/wp\/v2\/posts"}],"about":[{"href":"https:\/\/stadtwerkezeitung.info\/schwedt\/wp-json\/wp\/v2\/types\/post"}],"author":[{"embeddable":true,"href":"https:\/\/stadtwerkezeitung.info\/schwedt\/wp-json\/wp\/v2\/users\/1"}],"replies":[{"embeddable":true,"href":"https:\/\/stadtwerkezeitung.info\/schwedt\/wp-json\/wp\/v2\/comments?post=273"}],"version-history":[{"count":3,"href":"https:\/\/stadtwerkezeitung.info\/schwedt\/wp-json\/wp\/v2\/posts\/273\/revisions"}],"predecessor-version":[{"id":277,"href":"https:\/\/stadtwerkezeitung.info\/schwedt\/wp-json\/wp\/v2\/posts\/273\/revisions\/277"}],"wp:featuredmedia":[{"embeddable":true,"href":"https:\/\/stadtwerkezeitung.info\/schwedt\/wp-json\/wp\/v2\/media\/274"}],"wp:attachment":[{"href":"https:\/\/stadtwerkezeitung.info\/schwedt\/wp-json\/wp\/v2\/media?parent=273"}],"wp:term":[{"taxonomy":"category","embeddable":true,"href":"https:\/\/stadtwerkezeitung.info\/schwedt\/wp-json\/wp\/v2\/categories?post=273"},{"taxonomy":"post_tag","embeddable":true,"href":"https:\/\/stadtwerkezeitung.info\/schwedt\/wp-json\/wp\/v2\/tags?post=273"}],"curies":[{"name":"wp","href":"https:\/\/api.w.org\/{rel}","templated":true}]}}