{"id":281,"date":"2025-08-25T09:14:48","date_gmt":"2025-08-25T09:14:48","guid":{"rendered":"https:\/\/stadtwerkezeitung.info\/schwedt\/?p=281"},"modified":"2025-08-25T11:40:26","modified_gmt":"2025-08-25T11:40:26","slug":"deutsche-u23-boxmeisterschaften","status":"publish","type":"post","link":"https:\/\/stadtwerkezeitung.info\/schwedt\/2025\/08\/25\/deutsche-u23-boxmeisterschaften\/","title":{"rendered":"Deutsche U23-Boxmeisterschaften"},"content":{"rendered":"<h2>Deutsche U23-Boxmeisterschaften<\/h2>\n<h1>Schlagkr\u00e4ftige Unterst\u00fctzung<\/h1>\n<h2>Vom 22. bis 25.\u2009Oktober fliegen in Schwedt die F\u00e4uste! Die Deutschen U23-Meisterschaften im Boxen stehen an \u2013 und versprechen Spannung pur!<\/h2>\n<div>\n<p>Auch zwei Schwedter haben sich qualifiziert und vertreten Brandenburg: Bei den Frauen Emelie Fr\u00e4drich, bei den M\u00e4nnern der Titelverteidiger Adam Shapianov. Ausgerichtet wird das Spitzen-Event vom Uckerm\u00e4rkischen Boxverein 1948 Schwedt e.V. und \u2013 nebst Stadtsparkasse Schwedt \u2013 unterst\u00fctzt durch die Stadtwerke Schwedt. \u201eMit der Spende \u00fcber 8.000\u2009Euro k\u00f6nnen wir die Lizenzgeb\u00fchren f\u00fcr die Meisterschaften bezahlen und den Boxring erneuern\u201c, sagt Carmen Bauer, Vorstand des Vereins.<\/p>\n<p>Zur U23-DM werden 130 bis 160\u2009Boxerinnen und Boxer im Alter von 18 bis 22\u2009Jahren erwartet. Geboxt wird in je 10\u2009Gewichtsklassen, vom 22. bis 24.\u2009Oktober t\u00e4glich um 11, 15 und 19\u2009Uhr. Das Frauenfinale steigt am 24.10. um 19\u2009Uhr, das M\u00e4nnerfinale folgt am 25.10. um 11\u2009Uhr. Die Tageskarte kostet 10\u2009\u20ac vor Ort. \u201eWir freuen uns nat\u00fcrlich \u00fcber viele Zuschauer\u201c, so Bauer.<\/p>\n<\/div>\n<p><img decoding=\"async\" src=\"\/schwedt\/wp-content\/uploads\/sites\/5\/2025\/08\/204_Teaser_image002.jpg\" alt=\"\"><\/p>\n<div>\n<p><em>Die Schwedterin Emelie Fr\u00e4drich hat sich qualifiziert und vertritt Brandenburg.<\/p>\n<p><small>Foto: UBV 1948 Schwedt e.v.<br \/><\/small><\/em><\/p>\n<\/div>\n<div>\n<h3>U23-DM in Schwedt am 22.\u2009\u2013\u200925.\u200910., Sporthalle \u201eNeue Zeit\u201c<\/h3>\n<\/div>\n<p><!--more--><br \/>\n<!-- {\"type\":\"layout\",\"children\":[{\"type\":\"section\",\"props\":{\"image_position\":\"center-center\",\"padding_remove_top\":true,\"style\":\"default\",\"title_breakpoint\":\"xl\",\"title_position\":\"top-left\",\"title_rotation\":\"left\",\"vertical_align\":\"\",\"width\":\"small\"},\"children\":[{\"type\":\"row\",\"children\":[{\"type\":\"column\",\"props\":{\"image_position\":\"center-center\",\"position_sticky_breakpoint\":\"m\",\"width_medium\":\"1-2\"},\"children\":[{\"type\":\"headline\",\"props\":{\"content\":\"Deutsche U23-Boxmeisterschaften\",\"margin\":\"small\",\"margin_remove_bottom\":false,\"margin_remove_top\":false,\"title_element\":\"h2\",\"title_style\":\"h6\"}},{\"type\":\"headline\",\"props\":{\"content\":\"Schlagkr\\u00e4ftige Unterst\\u00fctzung\",\"margin\":\"small\",\"margin_remove_bottom\":false,\"margin_remove_top\":false,\"title_element\":\"h1\",\"title_style\":\"h2\"}},{\"type\":\"headline\",\"props\":{\"content\":\"Vom 22. bis 25.\\u2009Oktober fliegen in Schwedt die F\\u00e4uste! Die Deutschen U23-Meisterschaften im Boxen stehen an \\u2013 und versprechen Spannung pur!\",\"margin\":\"small\",\"margin_remove_top\":false,\"title_element\":\"h2\",\"title_style\":\"text-lead\"}},{\"type\":\"text\",\"props\":{\"column_breakpoint\":\"m\",\"content\":\"\n\n<p>Auch zwei Schwedter haben sich qualifiziert und vertreten Brandenburg: Bei den Frauen Emelie Fr\\u00e4drich, bei den M\\u00e4nnern der Titelverteidiger Adam Shapianov. Ausgerichtet wird das Spitzen-Event vom Uckerm\\u00e4rkischen Boxverein 1948 Schwedt e.V. und \\u2013 nebst Stadtsparkasse Schwedt \\u2013 unterst\\u00fctzt durch die Stadtwerke Schwedt. \\u201eMit der Spende \\u00fcber 8.000\\u2009Euro k\\u00f6nnen wir die Lizenzgeb\\u00fchren f\\u00fcr die Meisterschaften bezahlen und den Boxring erneuern\\u201c, sagt Carmen Bauer, Vorstand des Vereins.<\\\/p>\\n\n\n<p>Zur U23-DM werden 130 bis 160\\u2009Boxerinnen und Boxer im Alter von 18 bis 22\\u2009Jahren erwartet. Geboxt wird in je 10\\u2009Gewichtsklassen, vom 22. bis 24.\\u2009Oktober t\\u00e4glich um 11, 15 und 19\\u2009Uhr. Das Frauenfinale steigt am 24.10. um 19\\u2009Uhr, das M\\u00e4nnerfinale folgt am 25.10. um 11\\u2009Uhr. Die Tageskarte kostet 10\\u2009\\u20ac vor Ort. \\u201eWir freuen uns nat\\u00fcrlich \\u00fcber viele Zuschauer\\u201c, so Bauer.<\\\/p>\",\"margin\":\"default\"}}]},{\"type\":\"column\",\"props\":{\"image_position\":\"center-center\",\"position_sticky_breakpoint\":\"m\",\"width_medium\":\"1-2\"},\"children\":[{\"type\":\"image\",\"props\":{\"image\":\"wp-content\\\/uploads\\\/sites\\\/5\\\/2025\\\/08\\\/204_Teaser_image002.jpg\",\"image_svg_color\":\"emphasis\",\"margin\":\"default\"}},{\"type\":\"text\",\"props\":{\"column_breakpoint\":\"m\",\"content\":\"\n\n<p><em>Die Schwedterin Emelie Fr\\u00e4drich hat sich qualifiziert und vertritt Brandenburg.\\n\\n\\n    <br \\\/><small>Foto: UBV 1948 Schwedt e.v.<br \\\/><\\\/small><\\\/em><\\\/p>\",\"margin\":\"default\"}}]}],\"props\":{\"divider\":true,\"layout\":\"1-2,1-2\"}},{\"type\":\"row\",\"children\":[{\"type\":\"column\",\"props\":{\"image_position\":\"center-center\",\"position_sticky_breakpoint\":\"m\"},\"children\":[{\"type\":\"panel\",\"props\":{\"content\":\"\",\"content_column_breakpoint\":\"m\",\"icon\":\"location\",\"icon_width\":80,\"image_align\":\"left\",\"image_grid_breakpoint\":\"m\",\"image_grid_width\":\"auto\",\"image_svg_color\":\"emphasis\",\"image_vertical_align\":true,\"link_style\":\"default\",\"link_text\":\"Read more\",\"margin\":\"default\",\"meta\":\"\",\"meta_align\":\"below-content\",\"meta_element\":\"div\",\"meta_style\":\"text-meta\",\"panel_padding\":\"default\",\"panel_style\":\"card-secondary\",\"title\":\"U23-DM in Schwedt am 22.\\u2009\\u2013\\u200925.\\u200910., Sporthalle \\u201eNeue Zeit\\u201c\",\"title_align\":\"top\",\"title_element\":\"h3\",\"title_grid_breakpoint\":\"m\",\"title_grid_width\":\"1-2\",\"title_hover_style\":\"reset\"}}]}]}],\"name\":\"Artikel Format\"}],\"version\":\"4.4.1\"} --><\/p>\n","protected":false},"excerpt":{"rendered":"<p>Deutsche U23-Boxmeisterschaften Schlagkr\u00e4ftige Unterst\u00fctzung Vom 22. bis 25.\u2009Oktober fliegen in Schwedt die F\u00e4uste! Die Deutschen U23-Meisterschaften im Boxen stehen an \u2013 und versprechen Spannung pur! Auch zwei Schwedter haben sich qualifiziert und vertreten Brandenburg: Bei den Frauen Emelie Fr\u00e4drich, bei den M\u00e4nnern der Titelverteidiger Adam Shapianov. Ausgerichtet wird das Spitzen-Event vom Uckerm\u00e4rkischen Boxverein 1948 Schwedt [&hellip;]<\/p>\n","protected":false},"author":1,"featured_media":283,"comment_status":"open","ping_status":"open","sticky":false,"template":"","format":"standard","meta":{"footnotes":""},"categories":[1],"tags":[],"class_list":["post-281","post","type-post","status-publish","format-standard","has-post-thumbnail","hentry","category-uncategorized"],"yoast_head":"<!-- This site is optimized with the Yoast SEO plugin v26.9 - https:\/\/yoast.com\/product\/yoast-seo-wordpress\/ -->\n<title>Deutsche U23-Boxmeisterschaften - UMschau Schwedt<\/title>\n<meta name=\"description\" content=\"Vom 22. bis 25.\u2009Oktober fliegen in Schwedt die F\u00e4uste! Die Deutschen U23-Meisterschaften im Boxen stehen an \u2013 und versprechen Spannung pur!\" \/>\n<meta name=\"robots\" content=\"index, follow, max-snippet:-1, max-image-preview:large, max-video-preview:-1\" \/>\n<link rel=\"canonical\" href=\"https:\/\/stadtwerkezeitung.info\/schwedt\/2025\/08\/25\/deutsche-u23-boxmeisterschaften\/\" \/>\n<meta property=\"og:locale\" content=\"en_US\" \/>\n<meta property=\"og:type\" content=\"article\" \/>\n<meta property=\"og:title\" content=\"Deutsche U23-Boxmeisterschaften - UMschau Schwedt\" \/>\n<meta property=\"og:description\" content=\"Vom 22. bis 25.\u2009Oktober fliegen in Schwedt die F\u00e4uste! Die Deutschen U23-Meisterschaften im Boxen stehen an \u2013 und versprechen Spannung pur!\" \/>\n<meta property=\"og:url\" content=\"https:\/\/stadtwerkezeitung.info\/schwedt\/2025\/08\/25\/deutsche-u23-boxmeisterschaften\/\" \/>\n<meta property=\"og:site_name\" content=\"UMschau Schwedt\" \/>\n<meta property=\"article:published_time\" content=\"2025-08-25T09:14:48+00:00\" \/>\n<meta property=\"article:modified_time\" content=\"2025-08-25T11:40:26+00:00\" \/>\n<meta property=\"og:image\" content=\"https:\/\/stadtwerkezeitung.info\/schwedt\/wp-content\/uploads\/sites\/5\/2025\/08\/204_Teaser_image002.jpg\" \/>\n\t<meta property=\"og:image:width\" content=\"900\" \/>\n\t<meta property=\"og:image:height\" content=\"1278\" \/>\n\t<meta property=\"og:image:type\" content=\"image\/jpeg\" \/>\n<meta name=\"author\" content=\"admin\" \/>\n<meta name=\"twitter:card\" content=\"summary_large_image\" \/>\n<meta name=\"twitter:label1\" content=\"Written by\" \/>\n\t<meta name=\"twitter:data1\" content=\"admin\" \/>\n\t<meta name=\"twitter:label2\" content=\"Est. reading time\" \/>\n\t<meta name=\"twitter:data2\" content=\"2 minutes\" \/>\n<script type=\"application\/ld+json\" class=\"yoast-schema-graph\">{\"@context\":\"https:\/\/schema.org\",\"@graph\":[{\"@type\":\"Article\",\"@id\":\"https:\/\/stadtwerkezeitung.info\/schwedt\/2025\/08\/25\/deutsche-u23-boxmeisterschaften\/#article\",\"isPartOf\":{\"@id\":\"https:\/\/stadtwerkezeitung.info\/schwedt\/2025\/08\/25\/deutsche-u23-boxmeisterschaften\/\"},\"author\":{\"name\":\"admin\",\"@id\":\"https:\/\/stadtwerkezeitung.info\/schwedt\/#\/schema\/person\/acd409dca37d4bb8bf3a1284da7f1ee0\"},\"headline\":\"Deutsche U23-Boxmeisterschaften\",\"datePublished\":\"2025-08-25T09:14:48+00:00\",\"dateModified\":\"2025-08-25T11:40:26+00:00\",\"mainEntityOfPage\":{\"@id\":\"https:\/\/stadtwerkezeitung.info\/schwedt\/2025\/08\/25\/deutsche-u23-boxmeisterschaften\/\"},\"wordCount\":180,\"commentCount\":0,\"image\":{\"@id\":\"https:\/\/stadtwerkezeitung.info\/schwedt\/2025\/08\/25\/deutsche-u23-boxmeisterschaften\/#primaryimage\"},\"thumbnailUrl\":\"https:\/\/stadtwerkezeitung.info\/schwedt\/wp-content\/uploads\/sites\/5\/2025\/08\/204_Teaser_image002.jpg\",\"inLanguage\":\"en-US\",\"potentialAction\":[{\"@type\":\"CommentAction\",\"name\":\"Comment\",\"target\":[\"https:\/\/stadtwerkezeitung.info\/schwedt\/2025\/08\/25\/deutsche-u23-boxmeisterschaften\/#respond\"]}]},{\"@type\":\"WebPage\",\"@id\":\"https:\/\/stadtwerkezeitung.info\/schwedt\/2025\/08\/25\/deutsche-u23-boxmeisterschaften\/\",\"url\":\"https:\/\/stadtwerkezeitung.info\/schwedt\/2025\/08\/25\/deutsche-u23-boxmeisterschaften\/\",\"name\":\"Deutsche U23-Boxmeisterschaften - UMschau Schwedt\",\"isPartOf\":{\"@id\":\"https:\/\/stadtwerkezeitung.info\/schwedt\/#website\"},\"primaryImageOfPage\":{\"@id\":\"https:\/\/stadtwerkezeitung.info\/schwedt\/2025\/08\/25\/deutsche-u23-boxmeisterschaften\/#primaryimage\"},\"image\":{\"@id\":\"https:\/\/stadtwerkezeitung.info\/schwedt\/2025\/08\/25\/deutsche-u23-boxmeisterschaften\/#primaryimage\"},\"thumbnailUrl\":\"https:\/\/stadtwerkezeitung.info\/schwedt\/wp-content\/uploads\/sites\/5\/2025\/08\/204_Teaser_image002.jpg\",\"datePublished\":\"2025-08-25T09:14:48+00:00\",\"dateModified\":\"2025-08-25T11:40:26+00:00\",\"author\":{\"@id\":\"https:\/\/stadtwerkezeitung.info\/schwedt\/#\/schema\/person\/acd409dca37d4bb8bf3a1284da7f1ee0\"},\"description\":\"Vom 22. bis 25.\u2009Oktober fliegen in Schwedt die F\u00e4uste! Die Deutschen U23-Meisterschaften im Boxen stehen an \u2013 und versprechen Spannung pur!\",\"breadcrumb\":{\"@id\":\"https:\/\/stadtwerkezeitung.info\/schwedt\/2025\/08\/25\/deutsche-u23-boxmeisterschaften\/#breadcrumb\"},\"inLanguage\":\"en-US\",\"potentialAction\":[{\"@type\":\"ReadAction\",\"target\":[\"https:\/\/stadtwerkezeitung.info\/schwedt\/2025\/08\/25\/deutsche-u23-boxmeisterschaften\/\"]}]},{\"@type\":\"ImageObject\",\"inLanguage\":\"en-US\",\"@id\":\"https:\/\/stadtwerkezeitung.info\/schwedt\/2025\/08\/25\/deutsche-u23-boxmeisterschaften\/#primaryimage\",\"url\":\"https:\/\/stadtwerkezeitung.info\/schwedt\/wp-content\/uploads\/sites\/5\/2025\/08\/204_Teaser_image002.jpg\",\"contentUrl\":\"https:\/\/stadtwerkezeitung.info\/schwedt\/wp-content\/uploads\/sites\/5\/2025\/08\/204_Teaser_image002.jpg\",\"width\":900,\"height\":1278},{\"@type\":\"BreadcrumbList\",\"@id\":\"https:\/\/stadtwerkezeitung.info\/schwedt\/2025\/08\/25\/deutsche-u23-boxmeisterschaften\/#breadcrumb\",\"itemListElement\":[{\"@type\":\"ListItem\",\"position\":1,\"name\":\"Home\",\"item\":\"https:\/\/stadtwerkezeitung.info\/schwedt\/\"},{\"@type\":\"ListItem\",\"position\":2,\"name\":\"Deutsche U23-Boxmeisterschaften\"}]},{\"@type\":\"WebSite\",\"@id\":\"https:\/\/stadtwerkezeitung.info\/schwedt\/#website\",\"url\":\"https:\/\/stadtwerkezeitung.info\/schwedt\/\",\"name\":\"UMschau Schwedt\",\"description\":\"\",\"inLanguage\":\"en-US\"},{\"@type\":\"Person\",\"@id\":\"https:\/\/stadtwerkezeitung.info\/schwedt\/#\/schema\/person\/acd409dca37d4bb8bf3a1284da7f1ee0\",\"name\":\"admin\",\"image\":{\"@type\":\"ImageObject\",\"inLanguage\":\"en-US\",\"@id\":\"https:\/\/stadtwerkezeitung.info\/schwedt\/#\/schema\/person\/image\/\",\"url\":\"https:\/\/secure.gravatar.com\/avatar\/52dc0b3340c8087a51f52eaa20dc62cd4a6fe41f5bd886140989db7b572c00cd?s=96&d=mm&r=g\",\"contentUrl\":\"https:\/\/secure.gravatar.com\/avatar\/52dc0b3340c8087a51f52eaa20dc62cd4a6fe41f5bd886140989db7b572c00cd?s=96&d=mm&r=g\",\"caption\":\"admin\"},\"sameAs\":[\"https:\/\/stadtwerkezeitung.info\"]}]}<\/script>\n<!-- \/ Yoast SEO plugin. -->","yoast_head_json":{"title":"Deutsche U23-Boxmeisterschaften - UMschau Schwedt","description":"Vom 22. bis 25.\u2009Oktober fliegen in Schwedt die F\u00e4uste! Die Deutschen U23-Meisterschaften im Boxen stehen an \u2013 und versprechen Spannung pur!","robots":{"index":"index","follow":"follow","max-snippet":"max-snippet:-1","max-image-preview":"max-image-preview:large","max-video-preview":"max-video-preview:-1"},"canonical":"https:\/\/stadtwerkezeitung.info\/schwedt\/2025\/08\/25\/deutsche-u23-boxmeisterschaften\/","og_locale":"en_US","og_type":"article","og_title":"Deutsche U23-Boxmeisterschaften - UMschau Schwedt","og_description":"Vom 22. bis 25.\u2009Oktober fliegen in Schwedt die F\u00e4uste! Die Deutschen U23-Meisterschaften im Boxen stehen an \u2013 und versprechen Spannung pur!","og_url":"https:\/\/stadtwerkezeitung.info\/schwedt\/2025\/08\/25\/deutsche-u23-boxmeisterschaften\/","og_site_name":"UMschau Schwedt","article_published_time":"2025-08-25T09:14:48+00:00","article_modified_time":"2025-08-25T11:40:26+00:00","og_image":[{"width":900,"height":1278,"url":"https:\/\/stadtwerkezeitung.info\/schwedt\/wp-content\/uploads\/sites\/5\/2025\/08\/204_Teaser_image002.jpg","type":"image\/jpeg"}],"author":"admin","twitter_card":"summary_large_image","twitter_misc":{"Written by":"admin","Est. reading time":"2 minutes"},"schema":{"@context":"https:\/\/schema.org","@graph":[{"@type":"Article","@id":"https:\/\/stadtwerkezeitung.info\/schwedt\/2025\/08\/25\/deutsche-u23-boxmeisterschaften\/#article","isPartOf":{"@id":"https:\/\/stadtwerkezeitung.info\/schwedt\/2025\/08\/25\/deutsche-u23-boxmeisterschaften\/"},"author":{"name":"admin","@id":"https:\/\/stadtwerkezeitung.info\/schwedt\/#\/schema\/person\/acd409dca37d4bb8bf3a1284da7f1ee0"},"headline":"Deutsche U23-Boxmeisterschaften","datePublished":"2025-08-25T09:14:48+00:00","dateModified":"2025-08-25T11:40:26+00:00","mainEntityOfPage":{"@id":"https:\/\/stadtwerkezeitung.info\/schwedt\/2025\/08\/25\/deutsche-u23-boxmeisterschaften\/"},"wordCount":180,"commentCount":0,"image":{"@id":"https:\/\/stadtwerkezeitung.info\/schwedt\/2025\/08\/25\/deutsche-u23-boxmeisterschaften\/#primaryimage"},"thumbnailUrl":"https:\/\/stadtwerkezeitung.info\/schwedt\/wp-content\/uploads\/sites\/5\/2025\/08\/204_Teaser_image002.jpg","inLanguage":"en-US","potentialAction":[{"@type":"CommentAction","name":"Comment","target":["https:\/\/stadtwerkezeitung.info\/schwedt\/2025\/08\/25\/deutsche-u23-boxmeisterschaften\/#respond"]}]},{"@type":"WebPage","@id":"https:\/\/stadtwerkezeitung.info\/schwedt\/2025\/08\/25\/deutsche-u23-boxmeisterschaften\/","url":"https:\/\/stadtwerkezeitung.info\/schwedt\/2025\/08\/25\/deutsche-u23-boxmeisterschaften\/","name":"Deutsche U23-Boxmeisterschaften - UMschau Schwedt","isPartOf":{"@id":"https:\/\/stadtwerkezeitung.info\/schwedt\/#website"},"primaryImageOfPage":{"@id":"https:\/\/stadtwerkezeitung.info\/schwedt\/2025\/08\/25\/deutsche-u23-boxmeisterschaften\/#primaryimage"},"image":{"@id":"https:\/\/stadtwerkezeitung.info\/schwedt\/2025\/08\/25\/deutsche-u23-boxmeisterschaften\/#primaryimage"},"thumbnailUrl":"https:\/\/stadtwerkezeitung.info\/schwedt\/wp-content\/uploads\/sites\/5\/2025\/08\/204_Teaser_image002.jpg","datePublished":"2025-08-25T09:14:48+00:00","dateModified":"2025-08-25T11:40:26+00:00","author":{"@id":"https:\/\/stadtwerkezeitung.info\/schwedt\/#\/schema\/person\/acd409dca37d4bb8bf3a1284da7f1ee0"},"description":"Vom 22. bis 25.\u2009Oktober fliegen in Schwedt die F\u00e4uste! Die Deutschen U23-Meisterschaften im Boxen stehen an \u2013 und versprechen Spannung pur!","breadcrumb":{"@id":"https:\/\/stadtwerkezeitung.info\/schwedt\/2025\/08\/25\/deutsche-u23-boxmeisterschaften\/#breadcrumb"},"inLanguage":"en-US","potentialAction":[{"@type":"ReadAction","target":["https:\/\/stadtwerkezeitung.info\/schwedt\/2025\/08\/25\/deutsche-u23-boxmeisterschaften\/"]}]},{"@type":"ImageObject","inLanguage":"en-US","@id":"https:\/\/stadtwerkezeitung.info\/schwedt\/2025\/08\/25\/deutsche-u23-boxmeisterschaften\/#primaryimage","url":"https:\/\/stadtwerkezeitung.info\/schwedt\/wp-content\/uploads\/sites\/5\/2025\/08\/204_Teaser_image002.jpg","contentUrl":"https:\/\/stadtwerkezeitung.info\/schwedt\/wp-content\/uploads\/sites\/5\/2025\/08\/204_Teaser_image002.jpg","width":900,"height":1278},{"@type":"BreadcrumbList","@id":"https:\/\/stadtwerkezeitung.info\/schwedt\/2025\/08\/25\/deutsche-u23-boxmeisterschaften\/#breadcrumb","itemListElement":[{"@type":"ListItem","position":1,"name":"Home","item":"https:\/\/stadtwerkezeitung.info\/schwedt\/"},{"@type":"ListItem","position":2,"name":"Deutsche U23-Boxmeisterschaften"}]},{"@type":"WebSite","@id":"https:\/\/stadtwerkezeitung.info\/schwedt\/#website","url":"https:\/\/stadtwerkezeitung.info\/schwedt\/","name":"UMschau Schwedt","description":"","inLanguage":"en-US"},{"@type":"Person","@id":"https:\/\/stadtwerkezeitung.info\/schwedt\/#\/schema\/person\/acd409dca37d4bb8bf3a1284da7f1ee0","name":"admin","image":{"@type":"ImageObject","inLanguage":"en-US","@id":"https:\/\/stadtwerkezeitung.info\/schwedt\/#\/schema\/person\/image\/","url":"https:\/\/secure.gravatar.com\/avatar\/52dc0b3340c8087a51f52eaa20dc62cd4a6fe41f5bd886140989db7b572c00cd?s=96&d=mm&r=g","contentUrl":"https:\/\/secure.gravatar.com\/avatar\/52dc0b3340c8087a51f52eaa20dc62cd4a6fe41f5bd886140989db7b572c00cd?s=96&d=mm&r=g","caption":"admin"},"sameAs":["https:\/\/stadtwerkezeitung.info"]}]}},"_links":{"self":[{"href":"https:\/\/stadtwerkezeitung.info\/schwedt\/wp-json\/wp\/v2\/posts\/281","targetHints":{"allow":["GET"]}}],"collection":[{"href":"https:\/\/stadtwerkezeitung.info\/schwedt\/wp-json\/wp\/v2\/posts"}],"about":[{"href":"https:\/\/stadtwerkezeitung.info\/schwedt\/wp-json\/wp\/v2\/types\/post"}],"author":[{"embeddable":true,"href":"https:\/\/stadtwerkezeitung.info\/schwedt\/wp-json\/wp\/v2\/users\/1"}],"replies":[{"embeddable":true,"href":"https:\/\/stadtwerkezeitung.info\/schwedt\/wp-json\/wp\/v2\/comments?post=281"}],"version-history":[{"count":3,"href":"https:\/\/stadtwerkezeitung.info\/schwedt\/wp-json\/wp\/v2\/posts\/281\/revisions"}],"predecessor-version":[{"id":331,"href":"https:\/\/stadtwerkezeitung.info\/schwedt\/wp-json\/wp\/v2\/posts\/281\/revisions\/331"}],"wp:featuredmedia":[{"embeddable":true,"href":"https:\/\/stadtwerkezeitung.info\/schwedt\/wp-json\/wp\/v2\/media\/283"}],"wp:attachment":[{"href":"https:\/\/stadtwerkezeitung.info\/schwedt\/wp-json\/wp\/v2\/media?parent=281"}],"wp:term":[{"taxonomy":"category","embeddable":true,"href":"https:\/\/stadtwerkezeitung.info\/schwedt\/wp-json\/wp\/v2\/categories?post=281"},{"taxonomy":"post_tag","embeddable":true,"href":"https:\/\/stadtwerkezeitung.info\/schwedt\/wp-json\/wp\/v2\/tags?post=281"}],"curies":[{"name":"wp","href":"https:\/\/api.w.org\/{rel}","templated":true}]}}