{"id":288,"date":"2025-08-25T09:21:29","date_gmt":"2025-08-25T09:21:29","guid":{"rendered":"https:\/\/stadtwerkezeitung.info\/schwedt\/?p=288"},"modified":"2025-08-25T11:41:49","modified_gmt":"2025-08-25T11:41:49","slug":"stadtwerke-bringen-motorsport-nachwuchs-auf-touren","status":"publish","type":"post","link":"https:\/\/stadtwerkezeitung.info\/schwedt\/2025\/08\/25\/stadtwerke-bringen-motorsport-nachwuchs-auf-touren\/","title":{"rendered":"Stadtwerke bringen Motorsport-Nachwuchs auf Touren"},"content":{"rendered":"<h2>Gro\u00dfe Pl\u00e4ne auf zwei R\u00e4der<\/h2>\n<h1>Stadtwerke bringen Motorsport-Nachwuchs auf Touren<\/h1>\n<h2>Mit lautem R\u00f6hren erklimmt Lina einen steilen H\u00fcgel, setzt zur Kurve an und die Reifen graben sich kurz in den Sandboden. Die 14-J\u00e4hrige ist ganz in ihrem Element \u2013 nat\u00fcrlich in Helm, Stiefel, Schutzkleidung. \u201eAdrenalin und Geschwindigkeit machen die Faszination aus\u201c, sagt sie.<\/h2>\n<ul>\n<li>\n<p>        <img decoding=\"async\" src=\"\/schwedt\/wp-content\/uploads\/sites\/5\/2025\/08\/206_Bild_1_y_MG_2811.jpg\" alt=\"\"><\/p>\n<div><em>Lina im Gel\u00e4nde auf der 350 Meter langen Kinderrennstrecke.<br \/><small>Fotos: SPREE-PR\/Petsch<\/em><\/small><\/div>\n<\/li>\n<li>\n<p>        <img decoding=\"async\" src=\"\/schwedt\/wp-content\/uploads\/sites\/5\/2025\/08\/206_Bild_2_y_MG_2797.jpg\" alt=\"\"><\/p>\n<div><em>Lina ist das einzige M\u00e4dchen beim MC Schwedt.<br \/><small>Fotos: SPREE-PR\/Petsch<\/em><\/small><\/div>\n<\/li>\n<li>\n<p>        <img decoding=\"async\" src=\"\/schwedt\/wp-content\/uploads\/sites\/5\/2025\/08\/206_Bild_3_y_MG_2794.jpg\" alt=\"\"><\/p>\n<div><em>Eine Motorcrossmaschine f\u00fcr Kinder ab 5 Jahre \u2013 k\u00fcnftig soll es Leihmaschinen geben.<br \/><small>Fotos: SPREE-PR\/Petsch<\/em><\/small><\/div>\n<\/li>\n<\/ul>\n<div>\n<p>Lina ist das einzige M\u00e4dchen beim MC Schwedt \u2013 noch. Der traditionsreiche Motorsportverein, 1964 gegr\u00fcndet, 60 Mitglieder, will k\u00fcnftig mehr Kinder f\u00fcr den Motocross-Sport begeistern und den fr\u00fcheren Landesleistungsst\u00fctzpunkt wieder aufleben lassen. \u201eDaf\u00fcr haben wir eine 350 m lange Kinderrennstrecke in Blumenhagen ausgebaut\u201c, sagt der Vorstandsvorsitzende Steve Meier. Demn\u00e4chst sollen Schnupperkurse angeboten werden \u2013 inklusive Leihmaschinen f\u00fcr Kinder ab 5 Jahren und Schutzausr\u00fcstung. So k\u00f6nnen Familien den Einstieg ausprobieren, ohne gleich mehrere tausend Euro investieren zu m\u00fcssen.<\/p>\n<p>\u201eMotocross ist faszinierend, aber auch teuer. Uns ist wichtig, dass niemand aus Kostengr\u00fcnden drau\u00dfen bleiben muss\u201c, sagt Meier. Unterst\u00fctzt wird der Verein dabei von den Stadtwerken Schwedt: F\u00fcr Strom, Telefon und Internet sorgt das Unternehmen bereits, jetzt f\u00f6rdern sie den Verein auch finanziell. \u201eEin nachhaltiges Sponsoring\u201c, betont Meier.<\/p>\n<p>Neben nationalen und internationalen Rennen ist das Vereinsgel\u00e4nde mit vier Hektar Fl\u00e4che auch ein beliebter Trainingsort \u2013 f\u00fcr Profis wie f\u00fcr Anf\u00e4nger. \u201eF\u00fcr Leute, die wirklich versuchen an Meisterschaften teilzunehmen, bietet unsere 1680 m lange Strecke ein ziemlich hohes Niveau\u201c, so Steve Meier, selbst Dirt-Biker. Und mit Projekten wie der neuen Nachwuchsf\u00f6rderung soll der Motocross-Sport auch in Zukunft in der Region eine st\u00e4rkere Rolle spielen.<\/p>\n<p>Vielleicht ist Lina dann nicht mehr das einzige M\u00e4dchen.<\/p>\n<\/div>\n<p>\n    <a href=\"https:\/\/www.motorsportclub-schwedt.de\">Alle Infos zu Trainingsm\u00f6glichkeiten und Veranstaltungen<\/a>\n<\/p>\n<p><!--more--><br \/>\n<!-- {\"type\":\"layout\",\"children\":[{\"type\":\"section\",\"props\":{\"image_position\":\"center-center\",\"padding_remove_top\":true,\"style\":\"default\",\"title_breakpoint\":\"xl\",\"title_position\":\"top-left\",\"title_rotation\":\"left\",\"vertical_align\":\"\",\"width\":\"small\"},\"children\":[{\"type\":\"row\",\"children\":[{\"type\":\"column\",\"props\":{\"image_position\":\"center-center\",\"position_sticky_breakpoint\":\"m\"},\"children\":[{\"type\":\"headline\",\"props\":{\"content\":\"Gro\\u00dfe Pl\\u00e4ne auf zwei R\\u00e4der\",\"margin\":\"small\",\"margin_remove_bottom\":false,\"margin_remove_top\":false,\"title_element\":\"h2\",\"title_style\":\"h6\"}},{\"type\":\"headline\",\"props\":{\"content\":\"Stadtwerke bringen Motorsport-Nachwuchs auf Touren\",\"margin\":\"small\",\"margin_remove_bottom\":false,\"margin_remove_top\":false,\"title_element\":\"h1\",\"title_style\":\"h2\"}},{\"type\":\"headline\",\"props\":{\"content\":\"Mit lautem R\\u00f6hren erklimmt Lina einen steilen H\\u00fcgel, setzt zur Kurve an und die Reifen graben sich kurz in den Sandboden. Die 14-J\\u00e4hrige ist ganz in ihrem Element \\u2013 nat\\u00fcrlich in Helm, Stiefel, Schutzkleidung. \\u201eAdrenalin und Geschwindigkeit machen die Faszination aus\\u201c, sagt sie.\",\"margin\":\"small\",\"margin_remove_top\":false,\"title_element\":\"h2\",\"title_style\":\"text-lead\"}},{\"type\":\"slideshow\",\"props\":{\"link_style\":\"default\",\"link_text\":\"Read more\",\"margin\":\"default\",\"meta_align\":\"below-title\",\"meta_element\":\"div\",\"meta_style\":\"text-meta\",\"nav\":\"dotnav\",\"nav_align\":\"center\",\"nav_below\":true,\"nav_breakpoint\":\"\",\"nav_position\":\"bottom-center\",\"nav_position_margin\":\"medium\",\"overlay_animation\":\"parallax\",\"overlay_container\":\"default\",\"overlay_container_padding\":\"xsmall\",\"overlay_position\":\"bottom-left\",\"overlay_style\":\"overlay-primary\",\"show_content\":true,\"show_link\":true,\"show_meta\":true,\"show_thumbnail\":true,\"show_title\":true,\"slidenav\":\"outside\",\"slidenav_breakpoint\":\"\",\"slidenav_large\":true,\"slidenav_margin\":\"medium\",\"slidenav_outside_breakpoint\":\"m\",\"slideshow_autoplay_pause\":true,\"slideshow_min_height\":\"600\",\"thumbnav_height\":\"75\",\"thumbnav_svg_color\":\"emphasis\",\"thumbnav_width\":\"100\",\"title_element\":\"h3\"},\"children\":[{\"type\":\"slideshow_item\",\"props\":{\"content\":\"<em>Lina im Gel\\u00e4nde auf der 350 Meter langen Kinderrennstrecke.<br \/><small>Fotos: SPREE-PR\\\/Petsch<\\\/em><\\\/small>\",\"image\":\"wp-content\\\/uploads\\\/sites\\\/5\\\/2025\\\/08\\\/206_Bild_1_y_MG_2811.jpg\",\"title\":\"\"}},{\"type\":\"slideshow_item\",\"props\":{\"content\":\"<em>Lina ist das einzige M\\u00e4dchen beim MC Schwedt.<br \/><small>Fotos: SPREE-PR\\\/Petsch<\\\/em><\\\/small>\",\"image\":\"wp-content\\\/uploads\\\/sites\\\/5\\\/2025\\\/08\\\/206_Bild_2_y_MG_2797.jpg\",\"title\":\"\"}},{\"type\":\"slideshow_item\",\"props\":{\"content\":\"<em>Eine Motorcrossmaschine f\\u00fcr Kinder ab 5 Jahre \\u2013 k\\u00fcnftig soll es Leihmaschinen geben.<br \/><small>Fotos: SPREE-PR\\\/Petsch<\\\/em><\\\/small>\",\"image\":\"wp-content\\\/uploads\\\/sites\\\/5\\\/2025\\\/08\\\/206_Bild_3_y_MG_2794.jpg\",\"title\":\"\"}}]},{\"type\":\"text\",\"props\":{\"column_breakpoint\":\"m\",\"content\":\"\n\n<p>Lina ist das einzige M\\u00e4dchen beim MC Schwedt \\u2013 noch. Der traditionsreiche Motorsportverein, 1964 gegr\\u00fcndet, 60 Mitglieder, will k\\u00fcnftig mehr Kinder f\\u00fcr den Motocross-Sport begeistern und den fr\\u00fcheren Landesleistungsst\\u00fctzpunkt wieder aufleben lassen. \\u201eDaf\\u00fcr haben wir eine 350 m lange Kinderrennstrecke in Blumenhagen ausgebaut\\u201c, sagt der Vorstandsvorsitzende Steve Meier. Demn\\u00e4chst sollen Schnupperkurse angeboten werden \\u2013 inklusive Leihmaschinen f\\u00fcr Kinder ab 5 Jahren und Schutzausr\\u00fcstung. So k\\u00f6nnen Familien den Einstieg ausprobieren, ohne gleich mehrere tausend Euro investieren zu m\\u00fcssen.<\\\/p>\\n\n\n<p>\\u201eMotocross ist faszinierend, aber auch teuer. Uns ist wichtig, dass niemand aus Kostengr\\u00fcnden drau\\u00dfen bleiben muss\\u201c, sagt Meier. Unterst\\u00fctzt wird der Verein dabei von den Stadtwerken Schwedt: F\\u00fcr Strom, Telefon und Internet sorgt das Unternehmen bereits, jetzt f\\u00f6rdern sie den Verein auch finanziell. \\u201eEin nachhaltiges Sponsoring\\u201c, betont Meier.<\\\/p>\\n\n\n<p>Neben nationalen und internationalen Rennen ist das Vereinsgel\\u00e4nde mit vier Hektar Fl\\u00e4che auch ein beliebter Trainingsort \\u2013 f\\u00fcr Profis wie f\\u00fcr Anf\\u00e4nger. \\u201eF\\u00fcr Leute, die wirklich versuchen an Meisterschaften teilzunehmen, bietet unsere 1680 m lange Strecke ein ziemlich hohes Niveau\\u201c, so Steve Meier, selbst Dirt-Biker. Und mit Projekten wie der neuen Nachwuchsf\\u00f6rderung soll der Motocross-Sport auch in Zukunft in der Region eine st\\u00e4rkere Rolle spielen.<\\\/p>\\n\n\n<p>Vielleicht ist Lina dann nicht mehr das einzige M\\u00e4dchen.<\\\/p>\",\"margin\":\"default\"}},{\"type\":\"button\",\"props\":{\"fullwidth\":true,\"grid_column_gap\":\"small\",\"grid_row_gap\":\"small\",\"margin\":\"default\"},\"children\":[{\"type\":\"button_item\",\"props\":{\"button_style\":\"secondary\",\"content\":\"Alle Infos zu Trainingsm\\u00f6glichkeiten und Veranstaltungen\",\"icon\":\"link-external\",\"icon_align\":\"left\",\"link\":\"https:\\\/\\\/www.motorsportclub-schwedt.de\",\"link_target\":\"blank\"}}]}]}]}],\"name\":\"Artikel Format\"}],\"version\":\"4.4.1\"} --><\/p>\n","protected":false},"excerpt":{"rendered":"<p>Gro\u00dfe Pl\u00e4ne auf zwei R\u00e4der Stadtwerke bringen Motorsport-Nachwuchs auf Touren Mit lautem R\u00f6hren erklimmt Lina einen steilen H\u00fcgel, setzt zur Kurve an und die Reifen graben sich kurz in den Sandboden. Die 14-J\u00e4hrige ist ganz in ihrem Element \u2013 nat\u00fcrlich in Helm, Stiefel, Schutzkleidung. \u201eAdrenalin und Geschwindigkeit machen die Faszination aus\u201c, sagt sie. Lina im [&hellip;]<\/p>\n","protected":false},"author":1,"featured_media":292,"comment_status":"open","ping_status":"open","sticky":false,"template":"","format":"standard","meta":{"footnotes":""},"categories":[1],"tags":[],"class_list":["post-288","post","type-post","status-publish","format-standard","has-post-thumbnail","hentry","category-uncategorized"],"yoast_head":"<!-- This site is optimized with the Yoast SEO plugin v26.9 - https:\/\/yoast.com\/product\/yoast-seo-wordpress\/ -->\n<title>Stadtwerke bringen Motorsport-Nachwuchs auf Touren - UMschau Schwedt<\/title>\n<meta name=\"description\" content=\"Mit lautem R\u00f6hren erklimmt Lina einen steilen H\u00fcgel, setzt zur Kurve an und die Reifen graben sich kurz in den Sandboden. Die 14-J\u00e4hrige ist ganz in ihrem Element \u2013 nat\u00fcrlich in Helm, Stiefel, Schutzkleidung.\" \/>\n<meta name=\"robots\" content=\"index, follow, max-snippet:-1, max-image-preview:large, max-video-preview:-1\" \/>\n<link rel=\"canonical\" href=\"https:\/\/stadtwerkezeitung.info\/schwedt\/2025\/08\/25\/stadtwerke-bringen-motorsport-nachwuchs-auf-touren\/\" \/>\n<meta property=\"og:locale\" content=\"en_US\" \/>\n<meta property=\"og:type\" content=\"article\" \/>\n<meta property=\"og:title\" content=\"Stadtwerke bringen Motorsport-Nachwuchs auf Touren - UMschau Schwedt\" \/>\n<meta property=\"og:description\" content=\"Mit lautem R\u00f6hren erklimmt Lina einen steilen H\u00fcgel, setzt zur Kurve an und die Reifen graben sich kurz in den Sandboden. Die 14-J\u00e4hrige ist ganz in ihrem Element \u2013 nat\u00fcrlich in Helm, Stiefel, Schutzkleidung.\" \/>\n<meta property=\"og:url\" content=\"https:\/\/stadtwerkezeitung.info\/schwedt\/2025\/08\/25\/stadtwerke-bringen-motorsport-nachwuchs-auf-touren\/\" \/>\n<meta property=\"og:site_name\" content=\"UMschau Schwedt\" \/>\n<meta property=\"article:published_time\" content=\"2025-08-25T09:21:29+00:00\" \/>\n<meta property=\"article:modified_time\" content=\"2025-08-25T11:41:49+00:00\" \/>\n<meta property=\"og:image\" content=\"https:\/\/stadtwerkezeitung.info\/schwedt\/wp-content\/uploads\/sites\/5\/2025\/08\/206_Teaser_y_MG_2817.jpg\" \/>\n\t<meta property=\"og:image:width\" content=\"900\" \/>\n\t<meta property=\"og:image:height\" content=\"600\" \/>\n\t<meta property=\"og:image:type\" content=\"image\/jpeg\" \/>\n<meta name=\"author\" content=\"admin\" \/>\n<meta name=\"twitter:card\" content=\"summary_large_image\" \/>\n<meta name=\"twitter:label1\" content=\"Written by\" \/>\n\t<meta name=\"twitter:data1\" content=\"admin\" \/>\n\t<meta name=\"twitter:label2\" content=\"Est. reading time\" \/>\n\t<meta name=\"twitter:data2\" content=\"2 minutes\" \/>\n<script type=\"application\/ld+json\" class=\"yoast-schema-graph\">{\"@context\":\"https:\/\/schema.org\",\"@graph\":[{\"@type\":\"Article\",\"@id\":\"https:\/\/stadtwerkezeitung.info\/schwedt\/2025\/08\/25\/stadtwerke-bringen-motorsport-nachwuchs-auf-touren\/#article\",\"isPartOf\":{\"@id\":\"https:\/\/stadtwerkezeitung.info\/schwedt\/2025\/08\/25\/stadtwerke-bringen-motorsport-nachwuchs-auf-touren\/\"},\"author\":{\"name\":\"admin\",\"@id\":\"https:\/\/stadtwerkezeitung.info\/schwedt\/#\/schema\/person\/acd409dca37d4bb8bf3a1284da7f1ee0\"},\"headline\":\"Stadtwerke bringen Motorsport-Nachwuchs auf Touren\",\"datePublished\":\"2025-08-25T09:21:29+00:00\",\"dateModified\":\"2025-08-25T11:41:49+00:00\",\"mainEntityOfPage\":{\"@id\":\"https:\/\/stadtwerkezeitung.info\/schwedt\/2025\/08\/25\/stadtwerke-bringen-motorsport-nachwuchs-auf-touren\/\"},\"wordCount\":328,\"commentCount\":0,\"image\":{\"@id\":\"https:\/\/stadtwerkezeitung.info\/schwedt\/2025\/08\/25\/stadtwerke-bringen-motorsport-nachwuchs-auf-touren\/#primaryimage\"},\"thumbnailUrl\":\"https:\/\/stadtwerkezeitung.info\/schwedt\/wp-content\/uploads\/sites\/5\/2025\/08\/206_Teaser_y_MG_2817.jpg\",\"inLanguage\":\"en-US\",\"potentialAction\":[{\"@type\":\"CommentAction\",\"name\":\"Comment\",\"target\":[\"https:\/\/stadtwerkezeitung.info\/schwedt\/2025\/08\/25\/stadtwerke-bringen-motorsport-nachwuchs-auf-touren\/#respond\"]}]},{\"@type\":\"WebPage\",\"@id\":\"https:\/\/stadtwerkezeitung.info\/schwedt\/2025\/08\/25\/stadtwerke-bringen-motorsport-nachwuchs-auf-touren\/\",\"url\":\"https:\/\/stadtwerkezeitung.info\/schwedt\/2025\/08\/25\/stadtwerke-bringen-motorsport-nachwuchs-auf-touren\/\",\"name\":\"Stadtwerke bringen Motorsport-Nachwuchs auf Touren - UMschau Schwedt\",\"isPartOf\":{\"@id\":\"https:\/\/stadtwerkezeitung.info\/schwedt\/#website\"},\"primaryImageOfPage\":{\"@id\":\"https:\/\/stadtwerkezeitung.info\/schwedt\/2025\/08\/25\/stadtwerke-bringen-motorsport-nachwuchs-auf-touren\/#primaryimage\"},\"image\":{\"@id\":\"https:\/\/stadtwerkezeitung.info\/schwedt\/2025\/08\/25\/stadtwerke-bringen-motorsport-nachwuchs-auf-touren\/#primaryimage\"},\"thumbnailUrl\":\"https:\/\/stadtwerkezeitung.info\/schwedt\/wp-content\/uploads\/sites\/5\/2025\/08\/206_Teaser_y_MG_2817.jpg\",\"datePublished\":\"2025-08-25T09:21:29+00:00\",\"dateModified\":\"2025-08-25T11:41:49+00:00\",\"author\":{\"@id\":\"https:\/\/stadtwerkezeitung.info\/schwedt\/#\/schema\/person\/acd409dca37d4bb8bf3a1284da7f1ee0\"},\"description\":\"Mit lautem R\u00f6hren erklimmt Lina einen steilen H\u00fcgel, setzt zur Kurve an und die Reifen graben sich kurz in den Sandboden. Die 14-J\u00e4hrige ist ganz in ihrem Element \u2013 nat\u00fcrlich in Helm, Stiefel, Schutzkleidung.\",\"breadcrumb\":{\"@id\":\"https:\/\/stadtwerkezeitung.info\/schwedt\/2025\/08\/25\/stadtwerke-bringen-motorsport-nachwuchs-auf-touren\/#breadcrumb\"},\"inLanguage\":\"en-US\",\"potentialAction\":[{\"@type\":\"ReadAction\",\"target\":[\"https:\/\/stadtwerkezeitung.info\/schwedt\/2025\/08\/25\/stadtwerke-bringen-motorsport-nachwuchs-auf-touren\/\"]}]},{\"@type\":\"ImageObject\",\"inLanguage\":\"en-US\",\"@id\":\"https:\/\/stadtwerkezeitung.info\/schwedt\/2025\/08\/25\/stadtwerke-bringen-motorsport-nachwuchs-auf-touren\/#primaryimage\",\"url\":\"https:\/\/stadtwerkezeitung.info\/schwedt\/wp-content\/uploads\/sites\/5\/2025\/08\/206_Teaser_y_MG_2817.jpg\",\"contentUrl\":\"https:\/\/stadtwerkezeitung.info\/schwedt\/wp-content\/uploads\/sites\/5\/2025\/08\/206_Teaser_y_MG_2817.jpg\",\"width\":900,\"height\":600},{\"@type\":\"BreadcrumbList\",\"@id\":\"https:\/\/stadtwerkezeitung.info\/schwedt\/2025\/08\/25\/stadtwerke-bringen-motorsport-nachwuchs-auf-touren\/#breadcrumb\",\"itemListElement\":[{\"@type\":\"ListItem\",\"position\":1,\"name\":\"Home\",\"item\":\"https:\/\/stadtwerkezeitung.info\/schwedt\/\"},{\"@type\":\"ListItem\",\"position\":2,\"name\":\"Stadtwerke bringen Motorsport-Nachwuchs auf Touren\"}]},{\"@type\":\"WebSite\",\"@id\":\"https:\/\/stadtwerkezeitung.info\/schwedt\/#website\",\"url\":\"https:\/\/stadtwerkezeitung.info\/schwedt\/\",\"name\":\"UMschau Schwedt\",\"description\":\"\",\"inLanguage\":\"en-US\"},{\"@type\":\"Person\",\"@id\":\"https:\/\/stadtwerkezeitung.info\/schwedt\/#\/schema\/person\/acd409dca37d4bb8bf3a1284da7f1ee0\",\"name\":\"admin\",\"image\":{\"@type\":\"ImageObject\",\"inLanguage\":\"en-US\",\"@id\":\"https:\/\/stadtwerkezeitung.info\/schwedt\/#\/schema\/person\/image\/\",\"url\":\"https:\/\/secure.gravatar.com\/avatar\/52dc0b3340c8087a51f52eaa20dc62cd4a6fe41f5bd886140989db7b572c00cd?s=96&d=mm&r=g\",\"contentUrl\":\"https:\/\/secure.gravatar.com\/avatar\/52dc0b3340c8087a51f52eaa20dc62cd4a6fe41f5bd886140989db7b572c00cd?s=96&d=mm&r=g\",\"caption\":\"admin\"},\"sameAs\":[\"https:\/\/stadtwerkezeitung.info\"]}]}<\/script>\n<!-- \/ Yoast SEO plugin. -->","yoast_head_json":{"title":"Stadtwerke bringen Motorsport-Nachwuchs auf Touren - UMschau Schwedt","description":"Mit lautem R\u00f6hren erklimmt Lina einen steilen H\u00fcgel, setzt zur Kurve an und die Reifen graben sich kurz in den Sandboden. Die 14-J\u00e4hrige ist ganz in ihrem Element \u2013 nat\u00fcrlich in Helm, Stiefel, Schutzkleidung.","robots":{"index":"index","follow":"follow","max-snippet":"max-snippet:-1","max-image-preview":"max-image-preview:large","max-video-preview":"max-video-preview:-1"},"canonical":"https:\/\/stadtwerkezeitung.info\/schwedt\/2025\/08\/25\/stadtwerke-bringen-motorsport-nachwuchs-auf-touren\/","og_locale":"en_US","og_type":"article","og_title":"Stadtwerke bringen Motorsport-Nachwuchs auf Touren - UMschau Schwedt","og_description":"Mit lautem R\u00f6hren erklimmt Lina einen steilen H\u00fcgel, setzt zur Kurve an und die Reifen graben sich kurz in den Sandboden. Die 14-J\u00e4hrige ist ganz in ihrem Element \u2013 nat\u00fcrlich in Helm, Stiefel, Schutzkleidung.","og_url":"https:\/\/stadtwerkezeitung.info\/schwedt\/2025\/08\/25\/stadtwerke-bringen-motorsport-nachwuchs-auf-touren\/","og_site_name":"UMschau Schwedt","article_published_time":"2025-08-25T09:21:29+00:00","article_modified_time":"2025-08-25T11:41:49+00:00","og_image":[{"width":900,"height":600,"url":"https:\/\/stadtwerkezeitung.info\/schwedt\/wp-content\/uploads\/sites\/5\/2025\/08\/206_Teaser_y_MG_2817.jpg","type":"image\/jpeg"}],"author":"admin","twitter_card":"summary_large_image","twitter_misc":{"Written by":"admin","Est. reading time":"2 minutes"},"schema":{"@context":"https:\/\/schema.org","@graph":[{"@type":"Article","@id":"https:\/\/stadtwerkezeitung.info\/schwedt\/2025\/08\/25\/stadtwerke-bringen-motorsport-nachwuchs-auf-touren\/#article","isPartOf":{"@id":"https:\/\/stadtwerkezeitung.info\/schwedt\/2025\/08\/25\/stadtwerke-bringen-motorsport-nachwuchs-auf-touren\/"},"author":{"name":"admin","@id":"https:\/\/stadtwerkezeitung.info\/schwedt\/#\/schema\/person\/acd409dca37d4bb8bf3a1284da7f1ee0"},"headline":"Stadtwerke bringen Motorsport-Nachwuchs auf Touren","datePublished":"2025-08-25T09:21:29+00:00","dateModified":"2025-08-25T11:41:49+00:00","mainEntityOfPage":{"@id":"https:\/\/stadtwerkezeitung.info\/schwedt\/2025\/08\/25\/stadtwerke-bringen-motorsport-nachwuchs-auf-touren\/"},"wordCount":328,"commentCount":0,"image":{"@id":"https:\/\/stadtwerkezeitung.info\/schwedt\/2025\/08\/25\/stadtwerke-bringen-motorsport-nachwuchs-auf-touren\/#primaryimage"},"thumbnailUrl":"https:\/\/stadtwerkezeitung.info\/schwedt\/wp-content\/uploads\/sites\/5\/2025\/08\/206_Teaser_y_MG_2817.jpg","inLanguage":"en-US","potentialAction":[{"@type":"CommentAction","name":"Comment","target":["https:\/\/stadtwerkezeitung.info\/schwedt\/2025\/08\/25\/stadtwerke-bringen-motorsport-nachwuchs-auf-touren\/#respond"]}]},{"@type":"WebPage","@id":"https:\/\/stadtwerkezeitung.info\/schwedt\/2025\/08\/25\/stadtwerke-bringen-motorsport-nachwuchs-auf-touren\/","url":"https:\/\/stadtwerkezeitung.info\/schwedt\/2025\/08\/25\/stadtwerke-bringen-motorsport-nachwuchs-auf-touren\/","name":"Stadtwerke bringen Motorsport-Nachwuchs auf Touren - UMschau Schwedt","isPartOf":{"@id":"https:\/\/stadtwerkezeitung.info\/schwedt\/#website"},"primaryImageOfPage":{"@id":"https:\/\/stadtwerkezeitung.info\/schwedt\/2025\/08\/25\/stadtwerke-bringen-motorsport-nachwuchs-auf-touren\/#primaryimage"},"image":{"@id":"https:\/\/stadtwerkezeitung.info\/schwedt\/2025\/08\/25\/stadtwerke-bringen-motorsport-nachwuchs-auf-touren\/#primaryimage"},"thumbnailUrl":"https:\/\/stadtwerkezeitung.info\/schwedt\/wp-content\/uploads\/sites\/5\/2025\/08\/206_Teaser_y_MG_2817.jpg","datePublished":"2025-08-25T09:21:29+00:00","dateModified":"2025-08-25T11:41:49+00:00","author":{"@id":"https:\/\/stadtwerkezeitung.info\/schwedt\/#\/schema\/person\/acd409dca37d4bb8bf3a1284da7f1ee0"},"description":"Mit lautem R\u00f6hren erklimmt Lina einen steilen H\u00fcgel, setzt zur Kurve an und die Reifen graben sich kurz in den Sandboden. Die 14-J\u00e4hrige ist ganz in ihrem Element \u2013 nat\u00fcrlich in Helm, Stiefel, Schutzkleidung.","breadcrumb":{"@id":"https:\/\/stadtwerkezeitung.info\/schwedt\/2025\/08\/25\/stadtwerke-bringen-motorsport-nachwuchs-auf-touren\/#breadcrumb"},"inLanguage":"en-US","potentialAction":[{"@type":"ReadAction","target":["https:\/\/stadtwerkezeitung.info\/schwedt\/2025\/08\/25\/stadtwerke-bringen-motorsport-nachwuchs-auf-touren\/"]}]},{"@type":"ImageObject","inLanguage":"en-US","@id":"https:\/\/stadtwerkezeitung.info\/schwedt\/2025\/08\/25\/stadtwerke-bringen-motorsport-nachwuchs-auf-touren\/#primaryimage","url":"https:\/\/stadtwerkezeitung.info\/schwedt\/wp-content\/uploads\/sites\/5\/2025\/08\/206_Teaser_y_MG_2817.jpg","contentUrl":"https:\/\/stadtwerkezeitung.info\/schwedt\/wp-content\/uploads\/sites\/5\/2025\/08\/206_Teaser_y_MG_2817.jpg","width":900,"height":600},{"@type":"BreadcrumbList","@id":"https:\/\/stadtwerkezeitung.info\/schwedt\/2025\/08\/25\/stadtwerke-bringen-motorsport-nachwuchs-auf-touren\/#breadcrumb","itemListElement":[{"@type":"ListItem","position":1,"name":"Home","item":"https:\/\/stadtwerkezeitung.info\/schwedt\/"},{"@type":"ListItem","position":2,"name":"Stadtwerke bringen Motorsport-Nachwuchs auf Touren"}]},{"@type":"WebSite","@id":"https:\/\/stadtwerkezeitung.info\/schwedt\/#website","url":"https:\/\/stadtwerkezeitung.info\/schwedt\/","name":"UMschau Schwedt","description":"","inLanguage":"en-US"},{"@type":"Person","@id":"https:\/\/stadtwerkezeitung.info\/schwedt\/#\/schema\/person\/acd409dca37d4bb8bf3a1284da7f1ee0","name":"admin","image":{"@type":"ImageObject","inLanguage":"en-US","@id":"https:\/\/stadtwerkezeitung.info\/schwedt\/#\/schema\/person\/image\/","url":"https:\/\/secure.gravatar.com\/avatar\/52dc0b3340c8087a51f52eaa20dc62cd4a6fe41f5bd886140989db7b572c00cd?s=96&d=mm&r=g","contentUrl":"https:\/\/secure.gravatar.com\/avatar\/52dc0b3340c8087a51f52eaa20dc62cd4a6fe41f5bd886140989db7b572c00cd?s=96&d=mm&r=g","caption":"admin"},"sameAs":["https:\/\/stadtwerkezeitung.info"]}]}},"_links":{"self":[{"href":"https:\/\/stadtwerkezeitung.info\/schwedt\/wp-json\/wp\/v2\/posts\/288","targetHints":{"allow":["GET"]}}],"collection":[{"href":"https:\/\/stadtwerkezeitung.info\/schwedt\/wp-json\/wp\/v2\/posts"}],"about":[{"href":"https:\/\/stadtwerkezeitung.info\/schwedt\/wp-json\/wp\/v2\/types\/post"}],"author":[{"embeddable":true,"href":"https:\/\/stadtwerkezeitung.info\/schwedt\/wp-json\/wp\/v2\/users\/1"}],"replies":[{"embeddable":true,"href":"https:\/\/stadtwerkezeitung.info\/schwedt\/wp-json\/wp\/v2\/comments?post=288"}],"version-history":[{"count":4,"href":"https:\/\/stadtwerkezeitung.info\/schwedt\/wp-json\/wp\/v2\/posts\/288\/revisions"}],"predecessor-version":[{"id":332,"href":"https:\/\/stadtwerkezeitung.info\/schwedt\/wp-json\/wp\/v2\/posts\/288\/revisions\/332"}],"wp:featuredmedia":[{"embeddable":true,"href":"https:\/\/stadtwerkezeitung.info\/schwedt\/wp-json\/wp\/v2\/media\/292"}],"wp:attachment":[{"href":"https:\/\/stadtwerkezeitung.info\/schwedt\/wp-json\/wp\/v2\/media?parent=288"}],"wp:term":[{"taxonomy":"category","embeddable":true,"href":"https:\/\/stadtwerkezeitung.info\/schwedt\/wp-json\/wp\/v2\/categories?post=288"},{"taxonomy":"post_tag","embeddable":true,"href":"https:\/\/stadtwerkezeitung.info\/schwedt\/wp-json\/wp\/v2\/tags?post=288"}],"curies":[{"name":"wp","href":"https:\/\/api.w.org\/{rel}","templated":true}]}}