{"id":343,"date":"2025-11-13T12:00:36","date_gmt":"2025-11-13T12:00:36","guid":{"rendered":"https:\/\/stadtwerkezeitung.info\/schwedt\/?p=343"},"modified":"2025-11-17T11:20:06","modified_gmt":"2025-11-17T11:20:06","slug":"neuer-imagefilm-zeigt-vielfalt-des-unternehmensverbundes","status":"publish","type":"post","link":"https:\/\/stadtwerkezeitung.info\/schwedt\/2025\/11\/13\/neuer-imagefilm-zeigt-vielfalt-des-unternehmensverbundes\/","title":{"rendered":"Neuer Imagefilm zeigt Vielfalt des Unternehmensverbundes"},"content":{"rendered":"<h2>\u201eNi hao \u2013 hier sagen wa Tach!\u201c<\/h2>\n<h1>Neuer Imagefilm zeigt Vielfalt des Unternehmensverbundes<\/h1>\n<h2>\u201eSchwedt, das ist wie New York und Shanghai \u2013 nur kleiner.\u201c Mit diesem frechen Vergleich startet der neue Imagefilm des Unternehmensverbundes Stadtwerke Schwedt \u2013 und macht sofort klar: Hier gibt\u2019s keine steifen Business-Inhalte, hier sind die Menschen im Vordergrund, die t\u00e4glich daf\u00fcr sorgen, dass in der Stadt nicht nur Energie flie\u00dft.<\/h2>\n<p><img decoding=\"async\" src=\"\/schwedt\/wp-content\/uploads\/sites\/5\/2025\/11\/Filmer_MG_8875kl.jpg\" alt=\"\"><\/p>\n<div>\n<p><em>Der Uckerm\u00e4rker Willy Schr\u00f6der (25) von \u201e2000films\u201c drehte das Unternehmensvideo und lie\u00df es im Schnitt zum Leben erwachen.<\/p>\n<p><small> Foto: SPREE-PR\/Petsch <br \/><\/small><\/em><\/p>\n<\/div>\n<div>\n<p>Im Mittelpunkt stehen die rund 200 Mitarbeitenden, von denen die H\u00e4lfte vor der Kamera gl\u00e4nzt. Sie zeigen, was Schwedt bewegt \u2013 wortw\u00f6rtlich. Denn hier str\u00f6mt Leidenschaft durch die Adern.<\/p>\n<p>\u201eWir wollten zeigen, wer wir wirklich sind: bunt, klug, engagiert und immer mit Herz\u201c, sagt Ulrike Beckmann aus der Unternehmenskommunikation, die das Drehbuch geschrieben und die Dreharbeiten organisiert sowie begleitet hat. \u201eViele denken, Schwedt liegt am Rand der Welt \u2013 dabei sind wir mittendrin im Leben. Und mindestens genauso agil wie jede Gro\u00dfstadt.\u201c<\/p>\n<p>Gedreht wurde an drei Tagen quer durch den Unternehmensverbund: vom Hafen \u00fcber das AquariUM, das FilmforUM, den Unternehmenssitz bis zum StroamCamp. Morgens um f\u00fcnf am Campingplatz, abends um neun an der Stadtbr\u00fccke \u2013 sogar der Regen durfte mitspielen. Authentisch? Absolut. Aufwendig? Durchaus. Aber das Ergebnis kann sich sehen lassen.<\/p>\n<p>F\u00fcr den modernen Look sorgte der junge Medienmacher Willy Schr\u00f6der, Gr\u00fcnder von \u201e2000films\u201c. Mit 25 Jahren bringt er frischen Wind in die Filmszene der Uckermark. \u201eDer Plot war klar vorgegeben, aber beim Dreh und Schnitt konnte ich das Tempo und die Dynamik richtig herausarbeiten \u2013 schnelle Bilder, viel Bewegung, ein bisschen Witz. So bleibt der Zuschauer dran \u2013 auch die jungen Leute\u201c, erz\u00e4hlt er. Der Film ist nicht nur ein Imagefilm, sondern auch ein Recruiting-Highlight: Wer hier arbeitet, bekommt mehr als nur einen Job \u2013 n\u00e4mlich ein echtes Miteinander.<\/p>\n<p>Die Premiere auf der INKONTAKT-Messe war ein voller Erfolg. \u201eDie Reaktionen reichten von \u201awow\u2018 bis \u201amega\u2018\u201c, freut sich Ulrike Beckmann. \u201eAndere Unternehmen meinten: \u201aSo einen Film wollen wir auch!\u2018\u201c<\/p>\n<p>Seit Oktober l\u00e4uft die 40-sek\u00fcndige Kurzversion als Kinospot im FilmforUM \u2013 direkt vor den gro\u00dfen Blockbustern. Und wer genau hinschaut, entdeckt viele vertraute Gesichter: Menschen, die zeigen, dass Energie in Schwedt aus Leidenschaft, Ideen, Engagement besteht. Denn am Ende dreht sich beim Unternehmensverbund alles um die Menschen und das Miteinander. Und darum, gemeinsam etwas zu bewegen \u2013 mit einem L\u00e4cheln und einem kr\u00e4ftigen \u201eTach!\u201c<\/p>\n<\/div>\n<p>\n    <a href=\"https:\/\/www.youtube.com\/watch?v=KfEEoNIL9QM\">Zum neuen Unternehmensvideo<\/a>\n<\/p>\n<p><!--more--><br \/>\n<!-- {\"type\":\"layout\",\"children\":[{\"type\":\"section\",\"props\":{\"image_position\":\"center-center\",\"padding_remove_top\":true,\"style\":\"default\",\"title_breakpoint\":\"xl\",\"title_position\":\"top-left\",\"title_rotation\":\"left\",\"vertical_align\":\"\",\"width\":\"small\"},\"children\":[{\"type\":\"row\",\"children\":[{\"type\":\"column\",\"props\":{\"image_position\":\"center-center\",\"position_sticky_breakpoint\":\"m\"},\"children\":[{\"type\":\"headline\",\"props\":{\"content\":\"\\u201eNi hao \\u2013 hier sagen wa Tach!\\u201c\",\"margin\":\"small\",\"margin_remove_bottom\":false,\"margin_remove_top\":false,\"title_element\":\"h2\",\"title_style\":\"h6\"}},{\"type\":\"headline\",\"props\":{\"content\":\"Neuer Imagefilm zeigt Vielfalt des Unternehmensverbundes\",\"margin\":\"small\",\"margin_remove_bottom\":false,\"margin_remove_top\":false,\"title_element\":\"h1\",\"title_style\":\"h2\"}},{\"type\":\"headline\",\"props\":{\"content\":\"\\u201eSchwedt, das ist wie New York und Shanghai \\u2013 nur kleiner.\\u201c Mit diesem frechen Vergleich startet der neue Imagefilm des Unternehmensverbundes Stadtwerke Schwedt \\u2013 und macht sofort klar: Hier gibt\\u2019s keine steifen Business-Inhalte, hier sind die Menschen im Vordergrund, die t\\u00e4glich daf\\u00fcr sorgen, dass in der Stadt nicht nur Energie flie\\u00dft.\",\"margin\":\"small\",\"margin_remove_top\":false,\"title_element\":\"h2\",\"title_style\":\"text-lead\"}},{\"type\":\"image\",\"props\":{\"image\":\"wp-content\\\/uploads\\\/sites\\\/5\\\/2025\\\/11\\\/Filmer_MG_8875kl.jpg\",\"image_svg_color\":\"emphasis\",\"margin\":\"default\"}},{\"type\":\"text\",\"props\":{\"column_breakpoint\":\"m\",\"content\":\"\n\n<p><em>Der Uckerm\\u00e4rker Willy Schr\\u00f6der (25) von \\u201e2000films\\u201c drehte das Unternehmensvideo und lie\\u00df es im Schnitt zum Leben erwachen.\\n\\n    \\n    <br \\\/><small> Foto: SPREE-PR\\\/Petsch <br \\\/><\\\/small><\\\/em><\\\/p>\",\"margin\":\"default\"}},{\"type\":\"text\",\"props\":{\"column_breakpoint\":\"m\",\"content\":\"\n\n<p>Im Mittelpunkt stehen die rund 200 Mitarbeitenden, von denen die H\\u00e4lfte vor der Kamera gl\\u00e4nzt. Sie zeigen, was Schwedt bewegt \\u2013 wortw\\u00f6rtlich. Denn hier str\\u00f6mt Leidenschaft durch die Adern.<\\\/p>\\n\n\n<p>\\u201eWir wollten zeigen, wer wir wirklich sind: bunt, klug, engagiert und immer mit Herz\\u201c, sagt Ulrike Beckmann aus der Unternehmenskommunikation, die das Drehbuch geschrieben und die Dreharbeiten organisiert sowie begleitet hat. \\u201eViele denken, Schwedt liegt am Rand der Welt \\u2013 dabei sind wir mittendrin im Leben. Und mindestens genauso agil wie jede Gro\\u00dfstadt.\\u201c<\\\/p>\\n\n\n<p>Gedreht wurde an drei Tagen quer durch den Unternehmensverbund: vom Hafen \\u00fcber das AquariUM, das FilmforUM, den Unternehmenssitz bis zum StroamCamp. Morgens um f\\u00fcnf am Campingplatz, abends um neun an der Stadtbr\\u00fccke \\u2013 sogar der Regen durfte mitspielen. Authentisch? Absolut. Aufwendig? Durchaus. Aber das Ergebnis kann sich sehen lassen.<\\\/p>\\n\n\n<p>F\\u00fcr den modernen Look sorgte der junge Medienmacher Willy Schr\\u00f6der, Gr\\u00fcnder von \\u201e2000films\\u201c. Mit 25 Jahren bringt er frischen Wind in die Filmszene der Uckermark. \\u201eDer Plot war klar vorgegeben, aber beim Dreh und Schnitt konnte ich das Tempo und die Dynamik richtig herausarbeiten \\u2013 schnelle Bilder, viel Bewegung, ein bisschen Witz. So bleibt der Zuschauer dran \\u2013 auch die jungen Leute\\u201c, erz\\u00e4hlt er. Der Film ist nicht nur ein Imagefilm, sondern auch ein Recruiting-Highlight: Wer hier arbeitet, bekommt mehr als nur einen Job \\u2013 n\\u00e4mlich ein echtes Miteinander.<\\\/p>\\n\n\n<p>Die Premiere auf der INKONTAKT-Messe war ein voller Erfolg. \\u201eDie Reaktionen reichten von \\u201awow\\u2018 bis \\u201amega\\u2018\\u201c, freut sich Ulrike Beckmann. \\u201eAndere Unternehmen meinten: \\u201aSo einen Film wollen wir auch!\\u2018\\u201c<\\\/p>\\n\n\n<p>Seit Oktober l\\u00e4uft die 40-sek\\u00fcndige Kurzversion als Kinospot im FilmforUM \\u2013 direkt vor den gro\\u00dfen Blockbustern. Und wer genau hinschaut, entdeckt viele vertraute Gesichter: Menschen, die zeigen, dass Energie in Schwedt aus Leidenschaft, Ideen, Engagement besteht. Denn am Ende dreht sich beim Unternehmensverbund alles um die Menschen und das Miteinander. Und darum, gemeinsam etwas zu bewegen \\u2013 mit einem L\\u00e4cheln und einem kr\\u00e4ftigen \\u201eTach!\\u201c<\\\/p>\",\"margin\":\"default\"}},{\"type\":\"button\",\"props\":{\"fullwidth\":true,\"grid_column_gap\":\"small\",\"grid_row_gap\":\"small\",\"margin\":\"default\"},\"children\":[{\"type\":\"button_item\",\"props\":{\"button_style\":\"secondary\",\"content\":\"Zum neuen Unternehmensvideo\",\"icon\":\"play-circle\",\"icon_align\":\"left\",\"link\":\"https:\\\/\\\/www.youtube.com\\\/watch?v=KfEEoNIL9QM\",\"link_target\":\"blank\"}}]}]}]}],\"name\":\"Artikel Format\"}],\"version\":\"4.4.1\"} --><\/p>\n","protected":false},"excerpt":{"rendered":"<p>\u201eNi hao \u2013 hier sagen wa Tach!\u201c Neuer Imagefilm zeigt Vielfalt des Unternehmensverbundes \u201eSchwedt, das ist wie New York und Shanghai \u2013 nur kleiner.\u201c Mit diesem frechen Vergleich startet der neue Imagefilm des Unternehmensverbundes Stadtwerke Schwedt \u2013 und macht sofort klar: Hier gibt\u2019s keine steifen Business-Inhalte, hier sind die Menschen im Vordergrund, die t\u00e4glich daf\u00fcr [&hellip;]<\/p>\n","protected":false},"author":1,"featured_media":344,"comment_status":"open","ping_status":"open","sticky":false,"template":"","format":"standard","meta":{"footnotes":""},"categories":[1],"tags":[],"class_list":["post-343","post","type-post","status-publish","format-standard","has-post-thumbnail","hentry","category-uncategorized"],"yoast_head":"<!-- This site is optimized with the Yoast SEO plugin v26.9 - https:\/\/yoast.com\/product\/yoast-seo-wordpress\/ -->\n<title>Neuer Imagefilm zeigt Vielfalt des Unternehmensverbundes - UMschau Schwedt<\/title>\n<meta name=\"description\" content=\"Im Mittelpunkt stehen die rund 200 Mitarbeitenden, von denen die H\u00e4lfte vor der Kamera zu sehen ist.\" \/>\n<meta name=\"robots\" content=\"index, follow, max-snippet:-1, max-image-preview:large, max-video-preview:-1\" \/>\n<link rel=\"canonical\" href=\"https:\/\/stadtwerkezeitung.info\/schwedt\/2025\/11\/13\/neuer-imagefilm-zeigt-vielfalt-des-unternehmensverbundes\/\" \/>\n<meta property=\"og:locale\" content=\"en_US\" \/>\n<meta property=\"og:type\" content=\"article\" \/>\n<meta property=\"og:title\" content=\"Neuer Imagefilm zeigt Vielfalt des Unternehmensverbundes - UMschau Schwedt\" \/>\n<meta property=\"og:description\" content=\"Im Mittelpunkt stehen die rund 200 Mitarbeitenden, von denen die H\u00e4lfte vor der Kamera zu sehen ist.\" \/>\n<meta property=\"og:url\" content=\"https:\/\/stadtwerkezeitung.info\/schwedt\/2025\/11\/13\/neuer-imagefilm-zeigt-vielfalt-des-unternehmensverbundes\/\" \/>\n<meta property=\"og:site_name\" content=\"UMschau Schwedt\" \/>\n<meta property=\"article:published_time\" content=\"2025-11-13T12:00:36+00:00\" \/>\n<meta property=\"article:modified_time\" content=\"2025-11-17T11:20:06+00:00\" \/>\n<meta property=\"og:image\" content=\"https:\/\/stadtwerkezeitung.info\/schwedt\/wp-content\/uploads\/sites\/5\/2025\/11\/101bild1-1024x683.png\" \/>\n\t<meta property=\"og:image:width\" content=\"1024\" \/>\n\t<meta property=\"og:image:height\" content=\"683\" \/>\n\t<meta property=\"og:image:type\" content=\"image\/png\" \/>\n<meta name=\"author\" content=\"admin\" \/>\n<meta name=\"twitter:card\" content=\"summary_large_image\" \/>\n<meta name=\"twitter:label1\" content=\"Written by\" \/>\n\t<meta name=\"twitter:data1\" content=\"admin\" \/>\n\t<meta name=\"twitter:label2\" content=\"Est. reading time\" \/>\n\t<meta name=\"twitter:data2\" content=\"3 minutes\" \/>\n<script type=\"application\/ld+json\" class=\"yoast-schema-graph\">{\"@context\":\"https:\/\/schema.org\",\"@graph\":[{\"@type\":\"Article\",\"@id\":\"https:\/\/stadtwerkezeitung.info\/schwedt\/2025\/11\/13\/neuer-imagefilm-zeigt-vielfalt-des-unternehmensverbundes\/#article\",\"isPartOf\":{\"@id\":\"https:\/\/stadtwerkezeitung.info\/schwedt\/2025\/11\/13\/neuer-imagefilm-zeigt-vielfalt-des-unternehmensverbundes\/\"},\"author\":{\"name\":\"admin\",\"@id\":\"https:\/\/stadtwerkezeitung.info\/schwedt\/#\/schema\/person\/acd409dca37d4bb8bf3a1284da7f1ee0\"},\"headline\":\"Neuer Imagefilm zeigt Vielfalt des Unternehmensverbundes\",\"datePublished\":\"2025-11-13T12:00:36+00:00\",\"dateModified\":\"2025-11-17T11:20:06+00:00\",\"mainEntityOfPage\":{\"@id\":\"https:\/\/stadtwerkezeitung.info\/schwedt\/2025\/11\/13\/neuer-imagefilm-zeigt-vielfalt-des-unternehmensverbundes\/\"},\"wordCount\":416,\"commentCount\":0,\"image\":{\"@id\":\"https:\/\/stadtwerkezeitung.info\/schwedt\/2025\/11\/13\/neuer-imagefilm-zeigt-vielfalt-des-unternehmensverbundes\/#primaryimage\"},\"thumbnailUrl\":\"https:\/\/stadtwerkezeitung.info\/schwedt\/wp-content\/uploads\/sites\/5\/2025\/11\/101bild1.png\",\"inLanguage\":\"en-US\",\"potentialAction\":[{\"@type\":\"CommentAction\",\"name\":\"Comment\",\"target\":[\"https:\/\/stadtwerkezeitung.info\/schwedt\/2025\/11\/13\/neuer-imagefilm-zeigt-vielfalt-des-unternehmensverbundes\/#respond\"]}]},{\"@type\":\"WebPage\",\"@id\":\"https:\/\/stadtwerkezeitung.info\/schwedt\/2025\/11\/13\/neuer-imagefilm-zeigt-vielfalt-des-unternehmensverbundes\/\",\"url\":\"https:\/\/stadtwerkezeitung.info\/schwedt\/2025\/11\/13\/neuer-imagefilm-zeigt-vielfalt-des-unternehmensverbundes\/\",\"name\":\"Neuer Imagefilm zeigt Vielfalt des Unternehmensverbundes - UMschau Schwedt\",\"isPartOf\":{\"@id\":\"https:\/\/stadtwerkezeitung.info\/schwedt\/#website\"},\"primaryImageOfPage\":{\"@id\":\"https:\/\/stadtwerkezeitung.info\/schwedt\/2025\/11\/13\/neuer-imagefilm-zeigt-vielfalt-des-unternehmensverbundes\/#primaryimage\"},\"image\":{\"@id\":\"https:\/\/stadtwerkezeitung.info\/schwedt\/2025\/11\/13\/neuer-imagefilm-zeigt-vielfalt-des-unternehmensverbundes\/#primaryimage\"},\"thumbnailUrl\":\"https:\/\/stadtwerkezeitung.info\/schwedt\/wp-content\/uploads\/sites\/5\/2025\/11\/101bild1.png\",\"datePublished\":\"2025-11-13T12:00:36+00:00\",\"dateModified\":\"2025-11-17T11:20:06+00:00\",\"author\":{\"@id\":\"https:\/\/stadtwerkezeitung.info\/schwedt\/#\/schema\/person\/acd409dca37d4bb8bf3a1284da7f1ee0\"},\"description\":\"Im Mittelpunkt stehen die rund 200 Mitarbeitenden, von denen die H\u00e4lfte vor der Kamera zu sehen ist.\",\"breadcrumb\":{\"@id\":\"https:\/\/stadtwerkezeitung.info\/schwedt\/2025\/11\/13\/neuer-imagefilm-zeigt-vielfalt-des-unternehmensverbundes\/#breadcrumb\"},\"inLanguage\":\"en-US\",\"potentialAction\":[{\"@type\":\"ReadAction\",\"target\":[\"https:\/\/stadtwerkezeitung.info\/schwedt\/2025\/11\/13\/neuer-imagefilm-zeigt-vielfalt-des-unternehmensverbundes\/\"]}]},{\"@type\":\"ImageObject\",\"inLanguage\":\"en-US\",\"@id\":\"https:\/\/stadtwerkezeitung.info\/schwedt\/2025\/11\/13\/neuer-imagefilm-zeigt-vielfalt-des-unternehmensverbundes\/#primaryimage\",\"url\":\"https:\/\/stadtwerkezeitung.info\/schwedt\/wp-content\/uploads\/sites\/5\/2025\/11\/101bild1.png\",\"contentUrl\":\"https:\/\/stadtwerkezeitung.info\/schwedt\/wp-content\/uploads\/sites\/5\/2025\/11\/101bild1.png\",\"width\":2480,\"height\":1654},{\"@type\":\"BreadcrumbList\",\"@id\":\"https:\/\/stadtwerkezeitung.info\/schwedt\/2025\/11\/13\/neuer-imagefilm-zeigt-vielfalt-des-unternehmensverbundes\/#breadcrumb\",\"itemListElement\":[{\"@type\":\"ListItem\",\"position\":1,\"name\":\"Home\",\"item\":\"https:\/\/stadtwerkezeitung.info\/schwedt\/\"},{\"@type\":\"ListItem\",\"position\":2,\"name\":\"Neuer Imagefilm zeigt Vielfalt des Unternehmensverbundes\"}]},{\"@type\":\"WebSite\",\"@id\":\"https:\/\/stadtwerkezeitung.info\/schwedt\/#website\",\"url\":\"https:\/\/stadtwerkezeitung.info\/schwedt\/\",\"name\":\"UMschau Schwedt\",\"description\":\"\",\"inLanguage\":\"en-US\"},{\"@type\":\"Person\",\"@id\":\"https:\/\/stadtwerkezeitung.info\/schwedt\/#\/schema\/person\/acd409dca37d4bb8bf3a1284da7f1ee0\",\"name\":\"admin\",\"image\":{\"@type\":\"ImageObject\",\"inLanguage\":\"en-US\",\"@id\":\"https:\/\/stadtwerkezeitung.info\/schwedt\/#\/schema\/person\/image\/\",\"url\":\"https:\/\/secure.gravatar.com\/avatar\/52dc0b3340c8087a51f52eaa20dc62cd4a6fe41f5bd886140989db7b572c00cd?s=96&d=mm&r=g\",\"contentUrl\":\"https:\/\/secure.gravatar.com\/avatar\/52dc0b3340c8087a51f52eaa20dc62cd4a6fe41f5bd886140989db7b572c00cd?s=96&d=mm&r=g\",\"caption\":\"admin\"},\"sameAs\":[\"https:\/\/stadtwerkezeitung.info\"]}]}<\/script>\n<!-- \/ Yoast SEO plugin. -->","yoast_head_json":{"title":"Neuer Imagefilm zeigt Vielfalt des Unternehmensverbundes - UMschau Schwedt","description":"Im Mittelpunkt stehen die rund 200 Mitarbeitenden, von denen die H\u00e4lfte vor der Kamera zu sehen ist.","robots":{"index":"index","follow":"follow","max-snippet":"max-snippet:-1","max-image-preview":"max-image-preview:large","max-video-preview":"max-video-preview:-1"},"canonical":"https:\/\/stadtwerkezeitung.info\/schwedt\/2025\/11\/13\/neuer-imagefilm-zeigt-vielfalt-des-unternehmensverbundes\/","og_locale":"en_US","og_type":"article","og_title":"Neuer Imagefilm zeigt Vielfalt des Unternehmensverbundes - UMschau Schwedt","og_description":"Im Mittelpunkt stehen die rund 200 Mitarbeitenden, von denen die H\u00e4lfte vor der Kamera zu sehen ist.","og_url":"https:\/\/stadtwerkezeitung.info\/schwedt\/2025\/11\/13\/neuer-imagefilm-zeigt-vielfalt-des-unternehmensverbundes\/","og_site_name":"UMschau Schwedt","article_published_time":"2025-11-13T12:00:36+00:00","article_modified_time":"2025-11-17T11:20:06+00:00","og_image":[{"width":1024,"height":683,"url":"https:\/\/stadtwerkezeitung.info\/schwedt\/wp-content\/uploads\/sites\/5\/2025\/11\/101bild1-1024x683.png","type":"image\/png"}],"author":"admin","twitter_card":"summary_large_image","twitter_misc":{"Written by":"admin","Est. reading time":"3 minutes"},"schema":{"@context":"https:\/\/schema.org","@graph":[{"@type":"Article","@id":"https:\/\/stadtwerkezeitung.info\/schwedt\/2025\/11\/13\/neuer-imagefilm-zeigt-vielfalt-des-unternehmensverbundes\/#article","isPartOf":{"@id":"https:\/\/stadtwerkezeitung.info\/schwedt\/2025\/11\/13\/neuer-imagefilm-zeigt-vielfalt-des-unternehmensverbundes\/"},"author":{"name":"admin","@id":"https:\/\/stadtwerkezeitung.info\/schwedt\/#\/schema\/person\/acd409dca37d4bb8bf3a1284da7f1ee0"},"headline":"Neuer Imagefilm zeigt Vielfalt des Unternehmensverbundes","datePublished":"2025-11-13T12:00:36+00:00","dateModified":"2025-11-17T11:20:06+00:00","mainEntityOfPage":{"@id":"https:\/\/stadtwerkezeitung.info\/schwedt\/2025\/11\/13\/neuer-imagefilm-zeigt-vielfalt-des-unternehmensverbundes\/"},"wordCount":416,"commentCount":0,"image":{"@id":"https:\/\/stadtwerkezeitung.info\/schwedt\/2025\/11\/13\/neuer-imagefilm-zeigt-vielfalt-des-unternehmensverbundes\/#primaryimage"},"thumbnailUrl":"https:\/\/stadtwerkezeitung.info\/schwedt\/wp-content\/uploads\/sites\/5\/2025\/11\/101bild1.png","inLanguage":"en-US","potentialAction":[{"@type":"CommentAction","name":"Comment","target":["https:\/\/stadtwerkezeitung.info\/schwedt\/2025\/11\/13\/neuer-imagefilm-zeigt-vielfalt-des-unternehmensverbundes\/#respond"]}]},{"@type":"WebPage","@id":"https:\/\/stadtwerkezeitung.info\/schwedt\/2025\/11\/13\/neuer-imagefilm-zeigt-vielfalt-des-unternehmensverbundes\/","url":"https:\/\/stadtwerkezeitung.info\/schwedt\/2025\/11\/13\/neuer-imagefilm-zeigt-vielfalt-des-unternehmensverbundes\/","name":"Neuer Imagefilm zeigt Vielfalt des Unternehmensverbundes - UMschau Schwedt","isPartOf":{"@id":"https:\/\/stadtwerkezeitung.info\/schwedt\/#website"},"primaryImageOfPage":{"@id":"https:\/\/stadtwerkezeitung.info\/schwedt\/2025\/11\/13\/neuer-imagefilm-zeigt-vielfalt-des-unternehmensverbundes\/#primaryimage"},"image":{"@id":"https:\/\/stadtwerkezeitung.info\/schwedt\/2025\/11\/13\/neuer-imagefilm-zeigt-vielfalt-des-unternehmensverbundes\/#primaryimage"},"thumbnailUrl":"https:\/\/stadtwerkezeitung.info\/schwedt\/wp-content\/uploads\/sites\/5\/2025\/11\/101bild1.png","datePublished":"2025-11-13T12:00:36+00:00","dateModified":"2025-11-17T11:20:06+00:00","author":{"@id":"https:\/\/stadtwerkezeitung.info\/schwedt\/#\/schema\/person\/acd409dca37d4bb8bf3a1284da7f1ee0"},"description":"Im Mittelpunkt stehen die rund 200 Mitarbeitenden, von denen die H\u00e4lfte vor der Kamera zu sehen ist.","breadcrumb":{"@id":"https:\/\/stadtwerkezeitung.info\/schwedt\/2025\/11\/13\/neuer-imagefilm-zeigt-vielfalt-des-unternehmensverbundes\/#breadcrumb"},"inLanguage":"en-US","potentialAction":[{"@type":"ReadAction","target":["https:\/\/stadtwerkezeitung.info\/schwedt\/2025\/11\/13\/neuer-imagefilm-zeigt-vielfalt-des-unternehmensverbundes\/"]}]},{"@type":"ImageObject","inLanguage":"en-US","@id":"https:\/\/stadtwerkezeitung.info\/schwedt\/2025\/11\/13\/neuer-imagefilm-zeigt-vielfalt-des-unternehmensverbundes\/#primaryimage","url":"https:\/\/stadtwerkezeitung.info\/schwedt\/wp-content\/uploads\/sites\/5\/2025\/11\/101bild1.png","contentUrl":"https:\/\/stadtwerkezeitung.info\/schwedt\/wp-content\/uploads\/sites\/5\/2025\/11\/101bild1.png","width":2480,"height":1654},{"@type":"BreadcrumbList","@id":"https:\/\/stadtwerkezeitung.info\/schwedt\/2025\/11\/13\/neuer-imagefilm-zeigt-vielfalt-des-unternehmensverbundes\/#breadcrumb","itemListElement":[{"@type":"ListItem","position":1,"name":"Home","item":"https:\/\/stadtwerkezeitung.info\/schwedt\/"},{"@type":"ListItem","position":2,"name":"Neuer Imagefilm zeigt Vielfalt des Unternehmensverbundes"}]},{"@type":"WebSite","@id":"https:\/\/stadtwerkezeitung.info\/schwedt\/#website","url":"https:\/\/stadtwerkezeitung.info\/schwedt\/","name":"UMschau Schwedt","description":"","inLanguage":"en-US"},{"@type":"Person","@id":"https:\/\/stadtwerkezeitung.info\/schwedt\/#\/schema\/person\/acd409dca37d4bb8bf3a1284da7f1ee0","name":"admin","image":{"@type":"ImageObject","inLanguage":"en-US","@id":"https:\/\/stadtwerkezeitung.info\/schwedt\/#\/schema\/person\/image\/","url":"https:\/\/secure.gravatar.com\/avatar\/52dc0b3340c8087a51f52eaa20dc62cd4a6fe41f5bd886140989db7b572c00cd?s=96&d=mm&r=g","contentUrl":"https:\/\/secure.gravatar.com\/avatar\/52dc0b3340c8087a51f52eaa20dc62cd4a6fe41f5bd886140989db7b572c00cd?s=96&d=mm&r=g","caption":"admin"},"sameAs":["https:\/\/stadtwerkezeitung.info"]}]}},"_links":{"self":[{"href":"https:\/\/stadtwerkezeitung.info\/schwedt\/wp-json\/wp\/v2\/posts\/343","targetHints":{"allow":["GET"]}}],"collection":[{"href":"https:\/\/stadtwerkezeitung.info\/schwedt\/wp-json\/wp\/v2\/posts"}],"about":[{"href":"https:\/\/stadtwerkezeitung.info\/schwedt\/wp-json\/wp\/v2\/types\/post"}],"author":[{"embeddable":true,"href":"https:\/\/stadtwerkezeitung.info\/schwedt\/wp-json\/wp\/v2\/users\/1"}],"replies":[{"embeddable":true,"href":"https:\/\/stadtwerkezeitung.info\/schwedt\/wp-json\/wp\/v2\/comments?post=343"}],"version-history":[{"count":4,"href":"https:\/\/stadtwerkezeitung.info\/schwedt\/wp-json\/wp\/v2\/posts\/343\/revisions"}],"predecessor-version":[{"id":495,"href":"https:\/\/stadtwerkezeitung.info\/schwedt\/wp-json\/wp\/v2\/posts\/343\/revisions\/495"}],"wp:featuredmedia":[{"embeddable":true,"href":"https:\/\/stadtwerkezeitung.info\/schwedt\/wp-json\/wp\/v2\/media\/344"}],"wp:attachment":[{"href":"https:\/\/stadtwerkezeitung.info\/schwedt\/wp-json\/wp\/v2\/media?parent=343"}],"wp:term":[{"taxonomy":"category","embeddable":true,"href":"https:\/\/stadtwerkezeitung.info\/schwedt\/wp-json\/wp\/v2\/categories?post=343"},{"taxonomy":"post_tag","embeddable":true,"href":"https:\/\/stadtwerkezeitung.info\/schwedt\/wp-json\/wp\/v2\/tags?post=343"}],"curies":[{"name":"wp","href":"https:\/\/api.w.org\/{rel}","templated":true}]}}