{"id":348,"date":"2025-11-13T12:07:09","date_gmt":"2025-11-13T12:07:09","guid":{"rendered":"https:\/\/stadtwerkezeitung.info\/schwedt\/?p=348"},"modified":"2025-11-13T12:32:43","modified_gmt":"2025-11-13T12:32:43","slug":"familiaerer-weihnachtstreff-der-stadtwerke","status":"publish","type":"post","link":"https:\/\/stadtwerkezeitung.info\/schwedt\/2025\/11\/13\/familiaerer-weihnachtstreff-der-stadtwerke\/","title":{"rendered":"Famili\u00e4rer Weihnachtstreff der Stadtwerke"},"content":{"rendered":"<h2>LichterZeit am StroamCamp<\/h2>\n<h1>Famili\u00e4rer Weihnachtstreff der Stadtwerke<\/h1>\n<h2>Gem\u00fctliche Feuerstellen, eine stimmungsvoll illuminierte Zeltwiese, ein anheimelnder Blick auf die beleuchtete Stadtbr\u00fccke, dazu Bastelangebote und charmante kulturelle Highlights. Mit der sch\u00f6nen Adventszeit zieht in Schwedt ein neues vorweihnachtliches Vergn\u00fcgen ein: die LichterZeit am StroamCamp.<\/h2>\n<p><img decoding=\"async\" src=\"\/schwedt\/wp-content\/uploads\/sites\/5\/2025\/11\/102bild1-scaled.jpg\" alt=\"\"><\/p>\n<div>\n<p><em>Auch zur LichterZeit warten hei\u00dfe Getr\u00e4nke am offenen Feuer: Jana J\u00e4hnke (F. li) vom Veranstalter, den Stadtwerken Schwedt, Sven Ketel vom Technikst\u00fctzpunkt und Programm-Organisatorin Ireen Mieczkowski.<\/p>\n<p><small> Foto: SPREE-PR\/Petsch <br \/><\/small><\/em><\/p>\n<\/div>\n<div>Die Stadtwerke Schwedt laden an allen vier Adventswochenenden von Freitag bis Sonntag zum neuen Adventserlebnis ein. \u201eGemeinsam mit unseren Partnern m\u00f6chten wir am Flusscampingplatz einen behaglichen Ort f\u00fcr Begegnungen und ein entspanntes Miteinander aller gro\u00dfen und kleinen Schwedter und ihrer G\u00e4ste schaffen\u201c, verr\u00e4t Jana J\u00e4hnke, Leiterin der \u00d6ffentlichkeitsarbeit des Unternehmensverbunds Stadtwerke Schwedt. Ein beschaulich beleuchteter Platz, ein gem\u00fctliches Loungezelt, behagliche Feuerstellen, eine Garteneisenbahn und Schwedts gro\u00dfe Weihnachtspyramide sollen genau daf\u00fcr sorgen. Nat\u00fcrlich werden auch hei\u00dfe Getr\u00e4nke und kleine Leckereien wie Bratwurst, Waffeln und hei\u00dfe Suppen nicht fehlen.<\/div>\n<div>\n<div class=\"uk-card uk-card-primary uk-card-body uk-border-rounded info-bubble\">\n  <strong>An allen<br \/>\n  Adventswochenenden<\/strong><\/p>\n<p>  <strong>Fr. + Sa.<\/strong> 16:00 \u2013 21:00 Uhr<br \/>\n  <strong>So.<\/strong> 16:00 \u2013 19:00 Uhr<\/p>\n<p>  <strong>Campingplatz StroamCamp<\/strong><br \/>\n  <strong>Regattastra\u00dfe 1<\/strong><br \/>\n  <strong>16302 Schwedt\/Oder<\/strong>\n<\/div>\n<\/div>\n<div>\n<p>Ireen Mieczkowski vom Restaurant \u201eAnker&amp;Platz\u201c hat als Kooperationspartnerin der Stadtwerke zudem ein vielf\u00e4ltiges Programm f\u00fcr die insgesamt 12 (!) Tage LichterZeit geschn\u00fcrt (siehe Infokasten). \u201eEs wird u.a. einen Lampionumzug, Weihnachtsbingo, Adventssingen, einen Lichterlauf und das Stadtwerke-Kuschelkino auf der Open-Air-Leinwand geben\u201c, z\u00e4hlt sie nur einige Highlights auf. Der Eintritt ist jeweils frei. Mitzubringen ist unbedingt: gute Laune!<\/p>\n<p>Der Verein Jugend trifft Technik e.V. bringt den Lichtzauber ins Spiel. \u201eDie Stadtwerke liefern den Strom \u2013 wir lassen die Lichter erstrahlen\u201c, sagt Sven Ketel, Vorstandsmitglied des Vereins. \u201eWir haben bereits in der Vergangenheit zwei Lichterfestivals organisiert, beraten bei der Gestaltung, bringen unsere Lichttechnik ein und werden das Areal am Campingplatz lichttechnisch in Szene setzen.\u201c Ein besonderes Angebot f\u00fcr die kleinen Besucher: W\u00e4hrend der \u201eLichterZeit\u201c wird der Technikst\u00fctzpunkt des Vereins auch Mitmachaktionen anbieten, bei denen Kinder spielerisch Technik und Licht erleben. Auch die WOBAG Schwedt ist als Partner bei der LichterZeit dabei, sorgt mit H\u00fctten und Ausstattung f\u00fcr weihnachtliches Flair. <\/p>\n<\/div>\n<div>\n<h3>Die Highlights<\/h3>\n<div>\n<p>28.11. Lampionumzug<br \/>29.11. Lichterlauf des AquariUM-Teams, Weihnachtliches Basteln<br \/>30.11. Reinhard Simon &#8211; VorleseZeit<br \/>5.\u2013 7.12. \u201eSalon de Couture\u201c (Trickfabrik e.V.)<br \/>12.12. Weihnachtsbingo<br \/>12.-14.12. Basteln und Knobeln mit dem Jugend trifft Technik e.V.<br \/>13.12. Mitmach-Aktion der JuzzCrewzz<br \/>20.12. Adventssingen mit Dirk Weidner<br \/>21.12. Stadtwerke-Kuschelkino<\/p>\n<\/div>\n<p><a href=\"https:\/\/stadtwerke-schwedt.de\/lichterzeit.html\">Zum aktuellen Programm<\/a><\/p>\n<\/div>\n<p><!--more--><br \/>\n<!-- {\"type\":\"layout\",\"children\":[{\"type\":\"section\",\"props\":{\"image_position\":\"center-center\",\"padding_remove_top\":true,\"style\":\"default\",\"title_breakpoint\":\"xl\",\"title_position\":\"top-left\",\"title_rotation\":\"left\",\"vertical_align\":\"\",\"width\":\"small\"},\"children\":[{\"type\":\"row\",\"children\":[{\"type\":\"column\",\"props\":{\"image_position\":\"center-center\",\"position_sticky_breakpoint\":\"m\"},\"children\":[{\"type\":\"headline\",\"props\":{\"content\":\"LichterZeit am StroamCamp\",\"margin\":\"small\",\"margin_remove_bottom\":false,\"margin_remove_top\":false,\"title_element\":\"h2\",\"title_style\":\"h6\"}},{\"type\":\"headline\",\"props\":{\"content\":\"Famili\\u00e4rer Weihnachtstreff der Stadtwerke\",\"margin\":\"small\",\"margin_remove_bottom\":false,\"margin_remove_top\":false,\"title_element\":\"h1\",\"title_style\":\"h2\"}},{\"type\":\"headline\",\"props\":{\"content\":\"Gem\\u00fctliche Feuerstellen, eine stimmungsvoll illuminierte Zeltwiese, ein anheimelnder Blick auf die beleuchtete Stadtbr\\u00fccke, dazu Bastelangebote und charmante kulturelle Highlights. Mit der sch\\u00f6nen Adventszeit zieht in Schwedt ein neues vorweihnachtliches Vergn\\u00fcgen ein: die LichterZeit am StroamCamp.\",\"margin\":\"small\",\"margin_remove_top\":false,\"title_element\":\"h2\",\"title_style\":\"text-lead\"}},{\"type\":\"image\",\"props\":{\"image\":\"wp-content\\\/uploads\\\/sites\\\/5\\\/2025\\\/11\\\/102bild1-scaled.jpg\",\"image_svg_color\":\"emphasis\",\"margin\":\"default\"}},{\"type\":\"text\",\"props\":{\"column_breakpoint\":\"m\",\"content\":\"\n\n<p><em>Auch zur LichterZeit warten hei\\u00dfe Getr\\u00e4nke am offenen Feuer: Jana J\\u00e4hnke (F. li) vom Veranstalter, den Stadtwerken Schwedt, Sven Ketel vom Technikst\\u00fctzpunkt und Programm-Organisatorin Ireen Mieczkowski.\\n    \\n    <br \\\/><small> Foto: SPREE-PR\\\/Petsch <br \\\/><\\\/small><\\\/em><\\\/p>\",\"margin\":\"default\"}}]}]},{\"type\":\"row\",\"props\":{\"divider\":true,\"layout\":\"1-2,1-2\"},\"children\":[{\"type\":\"column\",\"props\":{\"image_position\":\"center-center\",\"position_sticky_breakpoint\":\"m\",\"width_medium\":\"1-2\"},\"children\":[{\"type\":\"text\",\"props\":{\"column_breakpoint\":\"m\",\"content\":\"Die Stadtwerke Schwedt laden an allen vier Adventswochenenden von Freitag bis Sonntag zum neuen Adventserlebnis ein. \\u201eGemeinsam mit unseren Partnern m\\u00f6chten wir am Flusscampingplatz einen behaglichen Ort f\\u00fcr Begegnungen und ein entspanntes Miteinander aller gro\\u00dfen und kleinen Schwedter und ihrer G\\u00e4ste schaffen\\u201c, verr\\u00e4t Jana J\\u00e4hnke, Leiterin der \\u00d6ffentlichkeitsarbeit des Unternehmensverbunds Stadtwerke Schwedt. Ein beschaulich beleuchteter Platz, ein gem\\u00fctliches Loungezelt, behagliche Feuerstellen, eine Garteneisenbahn und Schwedts gro\\u00dfe Weihnachtspyramide sollen genau daf\\u00fcr sorgen. Nat\\u00fcrlich werden auch hei\\u00dfe Getr\\u00e4nke und kleine Leckereien wie Bratwurst, Waffeln und hei\\u00dfe Suppen nicht fehlen.\",\"margin\":\"default\"}}]},{\"type\":\"column\",\"props\":{\"image_position\":\"center-center\",\"position_sticky_breakpoint\":\"m\",\"vertical_align\":\"middle\",\"width_medium\":\"1-2\"},\"children\":[{\"type\":\"html\",\"props\":{\"content\":\"\n\n<div class=\\\"uk-card uk-card-primary uk-card-body uk-border-rounded info-bubble\\\">\\n  <strong>An allen<br \/>\\n  Adventswochenenden<\\\/strong>\n\n\\n\\n  <strong>Fr. + Sa.<\\\/strong> 16:00 \\u2013 21:00 Uhr<br \/>\\n  <strong>So.<\\\/strong> 16:00 \\u2013 19:00 Uhr\n\n\\n\\n  <strong>Campingplatz StroamCamp<\\\/strong><br \/>\\n  <strong>Regattastra\\u00dfe 1<\\\/strong><br \/>\\n  <strong>16302 Schwedt\\\/Oder<\\\/strong>\\n<\\\/div>\\n\",\"css\":\".info-bubble {\\n  border-radius: 50%;\\n   width: 300px;\\n    height: 300px;\\n  text-align: center;\\n  line-height: 1.4;\\n  color: #fff; \\n    box-shadow: 0 8px 18px rgba(0, 0, 0, 0.18); \\n}\\n\\n.info-bubble strong {\\n  color: #fff;\\n}\\n\"}}]}]},{\"type\":\"row\",\"children\":[{\"type\":\"column\",\"props\":{\"image_position\":\"center-center\",\"position_sticky_breakpoint\":\"m\"},\"children\":[{\"type\":\"text\",\"props\":{\"column_breakpoint\":\"m\",\"content\":\"\n\n<p>Ireen Mieczkowski vom Restaurant \\u201eAnker&amp;Platz\\u201c hat als Kooperationspartnerin der Stadtwerke zudem ein vielf\\u00e4ltiges Programm f\\u00fcr die insgesamt 12 (!) Tage LichterZeit geschn\\u00fcrt (siehe Infokasten). \\u201eEs wird u.a. einen Lampionumzug, Weihnachtsbingo, Adventssingen, einen Lichterlauf und das Stadtwerke-Kuschelkino auf der Open-Air-Leinwand geben\\u201c, z\\u00e4hlt sie nur einige Highlights auf. Der Eintritt ist jeweils frei. Mitzubringen ist unbedingt: gute Laune!<\\\/p>\\n\n\n<p>Der Verein Jugend trifft Technik e.V. bringt den Lichtzauber ins Spiel. \\u201eDie Stadtwerke liefern den Strom \\u2013 wir lassen die Lichter erstrahlen\\u201c, sagt Sven Ketel, Vorstandsmitglied des Vereins. \\u201eWir haben bereits in der Vergangenheit zwei Lichterfestivals organisiert, beraten bei der Gestaltung, bringen unsere Lichttechnik ein und werden das Areal am Campingplatz lichttechnisch in Szene setzen.\\u201c Ein besonderes Angebot f\\u00fcr die kleinen Besucher: W\\u00e4hrend der \\u201eLichterZeit\\u201c wird der Technikst\\u00fctzpunkt des Vereins auch Mitmachaktionen anbieten, bei denen Kinder spielerisch Technik und Licht erleben. Auch die WOBAG Schwedt ist als Partner bei der LichterZeit dabei, sorgt mit H\\u00fctten und Ausstattung f\\u00fcr weihnachtliches Flair. <\\\/p>\",\"margin\":\"default\"}},{\"type\":\"panel\",\"props\":{\"content\":\"\n\n<p>28.11. Lampionumzug<br \\\/>29.11. Lichterlauf des AquariUM-Teams, Weihnachtliches Basteln<br \\\/>30.11. Reinhard Simon - VorleseZeit<br \\\/>5.\\u2013 7.12. \\u201eSalon de Couture\\u201c (Trickfabrik e.V.)<br \\\/>12.12. Weihnachtsbingo<br \\\/>12.-14.12. Basteln und Knobeln mit dem Jugend trifft Technik e.V.<br \\\/>13.12. Mitmach-Aktion der JuzzCrewzz<br \\\/>20.12. Adventssingen mit Dirk Weidner<br \\\/>21.12. Stadtwerke-Kuschelkino<\\\/p>\",\"content_column_breakpoint\":\"m\",\"icon_width\":80,\"image_align\":\"top\",\"image_grid_breakpoint\":\"m\",\"image_grid_width\":\"1-2\",\"image_svg_color\":\"emphasis\",\"link\":\"https:\\\/\\\/stadtwerke-schwedt.de\\\/lichterzeit.html\",\"link_style\":\"default\",\"link_target\":true,\"link_text\":\"Zum aktuellen Programm\",\"margin\":\"default\",\"meta_align\":\"below-title\",\"meta_element\":\"div\",\"meta_style\":\"text-meta\",\"panel_padding\":\"default\",\"panel_style\":\"card-secondary\",\"title\":\"Die Highlights\",\"title_align\":\"top\",\"title_element\":\"h3\",\"title_grid_breakpoint\":\"m\",\"title_grid_width\":\"1-2\",\"title_hover_style\":\"reset\"}}]}]}],\"name\":\"Artikel Format\"}],\"version\":\"4.4.1\"} --><\/p>\n","protected":false},"excerpt":{"rendered":"<p>LichterZeit am StroamCamp Famili\u00e4rer Weihnachtstreff der Stadtwerke Gem\u00fctliche Feuerstellen, eine stimmungsvoll illuminierte Zeltwiese, ein anheimelnder Blick auf die beleuchtete Stadtbr\u00fccke, dazu Bastelangebote und charmante kulturelle Highlights. Mit der sch\u00f6nen Adventszeit zieht in Schwedt ein neues vorweihnachtliches Vergn\u00fcgen ein: die LichterZeit am StroamCamp. Auch zur LichterZeit warten hei\u00dfe Getr\u00e4nke am offenen Feuer: Jana J\u00e4hnke (F. li) [&hellip;]<\/p>\n","protected":false},"author":1,"featured_media":349,"comment_status":"open","ping_status":"open","sticky":false,"template":"","format":"standard","meta":{"footnotes":""},"categories":[1],"tags":[],"class_list":["post-348","post","type-post","status-publish","format-standard","has-post-thumbnail","hentry","category-uncategorized"],"yoast_head":"<!-- This site is optimized with the Yoast SEO plugin v26.9 - https:\/\/yoast.com\/product\/yoast-seo-wordpress\/ -->\n<title>Famili\u00e4rer Weihnachtstreff der Stadtwerke - UMschau Schwedt<\/title>\n<meta name=\"description\" content=\"Mit der sch\u00f6nen Adventszeit zieht in Schwedt ein neues vorweihnachtliches Vergn\u00fcgen ein: die LichterZeit am StroamCamp.\" \/>\n<meta name=\"robots\" content=\"index, follow, max-snippet:-1, max-image-preview:large, max-video-preview:-1\" \/>\n<link rel=\"canonical\" href=\"https:\/\/stadtwerkezeitung.info\/schwedt\/2025\/11\/13\/familiaerer-weihnachtstreff-der-stadtwerke\/\" \/>\n<meta property=\"og:locale\" content=\"en_US\" \/>\n<meta property=\"og:type\" content=\"article\" \/>\n<meta property=\"og:title\" content=\"Famili\u00e4rer Weihnachtstreff der Stadtwerke - UMschau Schwedt\" \/>\n<meta property=\"og:description\" content=\"Mit der sch\u00f6nen Adventszeit zieht in Schwedt ein neues vorweihnachtliches Vergn\u00fcgen ein: die LichterZeit am StroamCamp.\" \/>\n<meta property=\"og:url\" content=\"https:\/\/stadtwerkezeitung.info\/schwedt\/2025\/11\/13\/familiaerer-weihnachtstreff-der-stadtwerke\/\" \/>\n<meta property=\"og:site_name\" content=\"UMschau Schwedt\" \/>\n<meta property=\"article:published_time\" content=\"2025-11-13T12:07:09+00:00\" \/>\n<meta property=\"article:modified_time\" content=\"2025-11-13T12:32:43+00:00\" \/>\n<meta property=\"og:image\" content=\"https:\/\/stadtwerkezeitung.info\/schwedt\/wp-content\/uploads\/sites\/5\/2025\/11\/102bild1-scaled.jpg\" \/>\n\t<meta property=\"og:image:width\" content=\"2560\" \/>\n\t<meta property=\"og:image:height\" content=\"1863\" \/>\n\t<meta property=\"og:image:type\" content=\"image\/jpeg\" \/>\n<meta name=\"author\" content=\"admin\" \/>\n<meta name=\"twitter:card\" content=\"summary_large_image\" \/>\n<meta name=\"twitter:label1\" content=\"Written by\" \/>\n\t<meta name=\"twitter:data1\" content=\"admin\" \/>\n\t<meta name=\"twitter:label2\" content=\"Est. reading time\" \/>\n\t<meta name=\"twitter:data2\" content=\"3 minutes\" \/>\n<script type=\"application\/ld+json\" class=\"yoast-schema-graph\">{\"@context\":\"https:\/\/schema.org\",\"@graph\":[{\"@type\":\"Article\",\"@id\":\"https:\/\/stadtwerkezeitung.info\/schwedt\/2025\/11\/13\/familiaerer-weihnachtstreff-der-stadtwerke\/#article\",\"isPartOf\":{\"@id\":\"https:\/\/stadtwerkezeitung.info\/schwedt\/2025\/11\/13\/familiaerer-weihnachtstreff-der-stadtwerke\/\"},\"author\":{\"name\":\"admin\",\"@id\":\"https:\/\/stadtwerkezeitung.info\/schwedt\/#\/schema\/person\/acd409dca37d4bb8bf3a1284da7f1ee0\"},\"headline\":\"Famili\u00e4rer Weihnachtstreff der Stadtwerke\",\"datePublished\":\"2025-11-13T12:07:09+00:00\",\"dateModified\":\"2025-11-13T12:32:43+00:00\",\"mainEntityOfPage\":{\"@id\":\"https:\/\/stadtwerkezeitung.info\/schwedt\/2025\/11\/13\/familiaerer-weihnachtstreff-der-stadtwerke\/\"},\"wordCount\":406,\"commentCount\":0,\"image\":{\"@id\":\"https:\/\/stadtwerkezeitung.info\/schwedt\/2025\/11\/13\/familiaerer-weihnachtstreff-der-stadtwerke\/#primaryimage\"},\"thumbnailUrl\":\"https:\/\/stadtwerkezeitung.info\/schwedt\/wp-content\/uploads\/sites\/5\/2025\/11\/102bild1-scaled.jpg\",\"inLanguage\":\"en-US\",\"potentialAction\":[{\"@type\":\"CommentAction\",\"name\":\"Comment\",\"target\":[\"https:\/\/stadtwerkezeitung.info\/schwedt\/2025\/11\/13\/familiaerer-weihnachtstreff-der-stadtwerke\/#respond\"]}]},{\"@type\":\"WebPage\",\"@id\":\"https:\/\/stadtwerkezeitung.info\/schwedt\/2025\/11\/13\/familiaerer-weihnachtstreff-der-stadtwerke\/\",\"url\":\"https:\/\/stadtwerkezeitung.info\/schwedt\/2025\/11\/13\/familiaerer-weihnachtstreff-der-stadtwerke\/\",\"name\":\"Famili\u00e4rer Weihnachtstreff der Stadtwerke - UMschau Schwedt\",\"isPartOf\":{\"@id\":\"https:\/\/stadtwerkezeitung.info\/schwedt\/#website\"},\"primaryImageOfPage\":{\"@id\":\"https:\/\/stadtwerkezeitung.info\/schwedt\/2025\/11\/13\/familiaerer-weihnachtstreff-der-stadtwerke\/#primaryimage\"},\"image\":{\"@id\":\"https:\/\/stadtwerkezeitung.info\/schwedt\/2025\/11\/13\/familiaerer-weihnachtstreff-der-stadtwerke\/#primaryimage\"},\"thumbnailUrl\":\"https:\/\/stadtwerkezeitung.info\/schwedt\/wp-content\/uploads\/sites\/5\/2025\/11\/102bild1-scaled.jpg\",\"datePublished\":\"2025-11-13T12:07:09+00:00\",\"dateModified\":\"2025-11-13T12:32:43+00:00\",\"author\":{\"@id\":\"https:\/\/stadtwerkezeitung.info\/schwedt\/#\/schema\/person\/acd409dca37d4bb8bf3a1284da7f1ee0\"},\"description\":\"Mit der sch\u00f6nen Adventszeit zieht in Schwedt ein neues vorweihnachtliches Vergn\u00fcgen ein: die LichterZeit am StroamCamp.\",\"breadcrumb\":{\"@id\":\"https:\/\/stadtwerkezeitung.info\/schwedt\/2025\/11\/13\/familiaerer-weihnachtstreff-der-stadtwerke\/#breadcrumb\"},\"inLanguage\":\"en-US\",\"potentialAction\":[{\"@type\":\"ReadAction\",\"target\":[\"https:\/\/stadtwerkezeitung.info\/schwedt\/2025\/11\/13\/familiaerer-weihnachtstreff-der-stadtwerke\/\"]}]},{\"@type\":\"ImageObject\",\"inLanguage\":\"en-US\",\"@id\":\"https:\/\/stadtwerkezeitung.info\/schwedt\/2025\/11\/13\/familiaerer-weihnachtstreff-der-stadtwerke\/#primaryimage\",\"url\":\"https:\/\/stadtwerkezeitung.info\/schwedt\/wp-content\/uploads\/sites\/5\/2025\/11\/102bild1-scaled.jpg\",\"contentUrl\":\"https:\/\/stadtwerkezeitung.info\/schwedt\/wp-content\/uploads\/sites\/5\/2025\/11\/102bild1-scaled.jpg\",\"width\":2560,\"height\":1863},{\"@type\":\"BreadcrumbList\",\"@id\":\"https:\/\/stadtwerkezeitung.info\/schwedt\/2025\/11\/13\/familiaerer-weihnachtstreff-der-stadtwerke\/#breadcrumb\",\"itemListElement\":[{\"@type\":\"ListItem\",\"position\":1,\"name\":\"Home\",\"item\":\"https:\/\/stadtwerkezeitung.info\/schwedt\/\"},{\"@type\":\"ListItem\",\"position\":2,\"name\":\"Famili\u00e4rer Weihnachtstreff der Stadtwerke\"}]},{\"@type\":\"WebSite\",\"@id\":\"https:\/\/stadtwerkezeitung.info\/schwedt\/#website\",\"url\":\"https:\/\/stadtwerkezeitung.info\/schwedt\/\",\"name\":\"UMschau Schwedt\",\"description\":\"\",\"inLanguage\":\"en-US\"},{\"@type\":\"Person\",\"@id\":\"https:\/\/stadtwerkezeitung.info\/schwedt\/#\/schema\/person\/acd409dca37d4bb8bf3a1284da7f1ee0\",\"name\":\"admin\",\"image\":{\"@type\":\"ImageObject\",\"inLanguage\":\"en-US\",\"@id\":\"https:\/\/stadtwerkezeitung.info\/schwedt\/#\/schema\/person\/image\/\",\"url\":\"https:\/\/secure.gravatar.com\/avatar\/52dc0b3340c8087a51f52eaa20dc62cd4a6fe41f5bd886140989db7b572c00cd?s=96&d=mm&r=g\",\"contentUrl\":\"https:\/\/secure.gravatar.com\/avatar\/52dc0b3340c8087a51f52eaa20dc62cd4a6fe41f5bd886140989db7b572c00cd?s=96&d=mm&r=g\",\"caption\":\"admin\"},\"sameAs\":[\"https:\/\/stadtwerkezeitung.info\"]}]}<\/script>\n<!-- \/ Yoast SEO plugin. -->","yoast_head_json":{"title":"Famili\u00e4rer Weihnachtstreff der Stadtwerke - UMschau Schwedt","description":"Mit der sch\u00f6nen Adventszeit zieht in Schwedt ein neues vorweihnachtliches Vergn\u00fcgen ein: die LichterZeit am StroamCamp.","robots":{"index":"index","follow":"follow","max-snippet":"max-snippet:-1","max-image-preview":"max-image-preview:large","max-video-preview":"max-video-preview:-1"},"canonical":"https:\/\/stadtwerkezeitung.info\/schwedt\/2025\/11\/13\/familiaerer-weihnachtstreff-der-stadtwerke\/","og_locale":"en_US","og_type":"article","og_title":"Famili\u00e4rer Weihnachtstreff der Stadtwerke - UMschau Schwedt","og_description":"Mit der sch\u00f6nen Adventszeit zieht in Schwedt ein neues vorweihnachtliches Vergn\u00fcgen ein: die LichterZeit am StroamCamp.","og_url":"https:\/\/stadtwerkezeitung.info\/schwedt\/2025\/11\/13\/familiaerer-weihnachtstreff-der-stadtwerke\/","og_site_name":"UMschau Schwedt","article_published_time":"2025-11-13T12:07:09+00:00","article_modified_time":"2025-11-13T12:32:43+00:00","og_image":[{"width":2560,"height":1863,"url":"https:\/\/stadtwerkezeitung.info\/schwedt\/wp-content\/uploads\/sites\/5\/2025\/11\/102bild1-scaled.jpg","type":"image\/jpeg"}],"author":"admin","twitter_card":"summary_large_image","twitter_misc":{"Written by":"admin","Est. reading time":"3 minutes"},"schema":{"@context":"https:\/\/schema.org","@graph":[{"@type":"Article","@id":"https:\/\/stadtwerkezeitung.info\/schwedt\/2025\/11\/13\/familiaerer-weihnachtstreff-der-stadtwerke\/#article","isPartOf":{"@id":"https:\/\/stadtwerkezeitung.info\/schwedt\/2025\/11\/13\/familiaerer-weihnachtstreff-der-stadtwerke\/"},"author":{"name":"admin","@id":"https:\/\/stadtwerkezeitung.info\/schwedt\/#\/schema\/person\/acd409dca37d4bb8bf3a1284da7f1ee0"},"headline":"Famili\u00e4rer Weihnachtstreff der Stadtwerke","datePublished":"2025-11-13T12:07:09+00:00","dateModified":"2025-11-13T12:32:43+00:00","mainEntityOfPage":{"@id":"https:\/\/stadtwerkezeitung.info\/schwedt\/2025\/11\/13\/familiaerer-weihnachtstreff-der-stadtwerke\/"},"wordCount":406,"commentCount":0,"image":{"@id":"https:\/\/stadtwerkezeitung.info\/schwedt\/2025\/11\/13\/familiaerer-weihnachtstreff-der-stadtwerke\/#primaryimage"},"thumbnailUrl":"https:\/\/stadtwerkezeitung.info\/schwedt\/wp-content\/uploads\/sites\/5\/2025\/11\/102bild1-scaled.jpg","inLanguage":"en-US","potentialAction":[{"@type":"CommentAction","name":"Comment","target":["https:\/\/stadtwerkezeitung.info\/schwedt\/2025\/11\/13\/familiaerer-weihnachtstreff-der-stadtwerke\/#respond"]}]},{"@type":"WebPage","@id":"https:\/\/stadtwerkezeitung.info\/schwedt\/2025\/11\/13\/familiaerer-weihnachtstreff-der-stadtwerke\/","url":"https:\/\/stadtwerkezeitung.info\/schwedt\/2025\/11\/13\/familiaerer-weihnachtstreff-der-stadtwerke\/","name":"Famili\u00e4rer Weihnachtstreff der Stadtwerke - UMschau Schwedt","isPartOf":{"@id":"https:\/\/stadtwerkezeitung.info\/schwedt\/#website"},"primaryImageOfPage":{"@id":"https:\/\/stadtwerkezeitung.info\/schwedt\/2025\/11\/13\/familiaerer-weihnachtstreff-der-stadtwerke\/#primaryimage"},"image":{"@id":"https:\/\/stadtwerkezeitung.info\/schwedt\/2025\/11\/13\/familiaerer-weihnachtstreff-der-stadtwerke\/#primaryimage"},"thumbnailUrl":"https:\/\/stadtwerkezeitung.info\/schwedt\/wp-content\/uploads\/sites\/5\/2025\/11\/102bild1-scaled.jpg","datePublished":"2025-11-13T12:07:09+00:00","dateModified":"2025-11-13T12:32:43+00:00","author":{"@id":"https:\/\/stadtwerkezeitung.info\/schwedt\/#\/schema\/person\/acd409dca37d4bb8bf3a1284da7f1ee0"},"description":"Mit der sch\u00f6nen Adventszeit zieht in Schwedt ein neues vorweihnachtliches Vergn\u00fcgen ein: die LichterZeit am StroamCamp.","breadcrumb":{"@id":"https:\/\/stadtwerkezeitung.info\/schwedt\/2025\/11\/13\/familiaerer-weihnachtstreff-der-stadtwerke\/#breadcrumb"},"inLanguage":"en-US","potentialAction":[{"@type":"ReadAction","target":["https:\/\/stadtwerkezeitung.info\/schwedt\/2025\/11\/13\/familiaerer-weihnachtstreff-der-stadtwerke\/"]}]},{"@type":"ImageObject","inLanguage":"en-US","@id":"https:\/\/stadtwerkezeitung.info\/schwedt\/2025\/11\/13\/familiaerer-weihnachtstreff-der-stadtwerke\/#primaryimage","url":"https:\/\/stadtwerkezeitung.info\/schwedt\/wp-content\/uploads\/sites\/5\/2025\/11\/102bild1-scaled.jpg","contentUrl":"https:\/\/stadtwerkezeitung.info\/schwedt\/wp-content\/uploads\/sites\/5\/2025\/11\/102bild1-scaled.jpg","width":2560,"height":1863},{"@type":"BreadcrumbList","@id":"https:\/\/stadtwerkezeitung.info\/schwedt\/2025\/11\/13\/familiaerer-weihnachtstreff-der-stadtwerke\/#breadcrumb","itemListElement":[{"@type":"ListItem","position":1,"name":"Home","item":"https:\/\/stadtwerkezeitung.info\/schwedt\/"},{"@type":"ListItem","position":2,"name":"Famili\u00e4rer Weihnachtstreff der Stadtwerke"}]},{"@type":"WebSite","@id":"https:\/\/stadtwerkezeitung.info\/schwedt\/#website","url":"https:\/\/stadtwerkezeitung.info\/schwedt\/","name":"UMschau Schwedt","description":"","inLanguage":"en-US"},{"@type":"Person","@id":"https:\/\/stadtwerkezeitung.info\/schwedt\/#\/schema\/person\/acd409dca37d4bb8bf3a1284da7f1ee0","name":"admin","image":{"@type":"ImageObject","inLanguage":"en-US","@id":"https:\/\/stadtwerkezeitung.info\/schwedt\/#\/schema\/person\/image\/","url":"https:\/\/secure.gravatar.com\/avatar\/52dc0b3340c8087a51f52eaa20dc62cd4a6fe41f5bd886140989db7b572c00cd?s=96&d=mm&r=g","contentUrl":"https:\/\/secure.gravatar.com\/avatar\/52dc0b3340c8087a51f52eaa20dc62cd4a6fe41f5bd886140989db7b572c00cd?s=96&d=mm&r=g","caption":"admin"},"sameAs":["https:\/\/stadtwerkezeitung.info"]}]}},"_links":{"self":[{"href":"https:\/\/stadtwerkezeitung.info\/schwedt\/wp-json\/wp\/v2\/posts\/348","targetHints":{"allow":["GET"]}}],"collection":[{"href":"https:\/\/stadtwerkezeitung.info\/schwedt\/wp-json\/wp\/v2\/posts"}],"about":[{"href":"https:\/\/stadtwerkezeitung.info\/schwedt\/wp-json\/wp\/v2\/types\/post"}],"author":[{"embeddable":true,"href":"https:\/\/stadtwerkezeitung.info\/schwedt\/wp-json\/wp\/v2\/users\/1"}],"replies":[{"embeddable":true,"href":"https:\/\/stadtwerkezeitung.info\/schwedt\/wp-json\/wp\/v2\/comments?post=348"}],"version-history":[{"count":4,"href":"https:\/\/stadtwerkezeitung.info\/schwedt\/wp-json\/wp\/v2\/posts\/348\/revisions"}],"predecessor-version":[{"id":362,"href":"https:\/\/stadtwerkezeitung.info\/schwedt\/wp-json\/wp\/v2\/posts\/348\/revisions\/362"}],"wp:featuredmedia":[{"embeddable":true,"href":"https:\/\/stadtwerkezeitung.info\/schwedt\/wp-json\/wp\/v2\/media\/349"}],"wp:attachment":[{"href":"https:\/\/stadtwerkezeitung.info\/schwedt\/wp-json\/wp\/v2\/media?parent=348"}],"wp:term":[{"taxonomy":"category","embeddable":true,"href":"https:\/\/stadtwerkezeitung.info\/schwedt\/wp-json\/wp\/v2\/categories?post=348"},{"taxonomy":"post_tag","embeddable":true,"href":"https:\/\/stadtwerkezeitung.info\/schwedt\/wp-json\/wp\/v2\/tags?post=348"}],"curies":[{"name":"wp","href":"https:\/\/api.w.org\/{rel}","templated":true}]}}