{"id":358,"date":"2025-11-13T12:26:07","date_gmt":"2025-11-13T12:26:07","guid":{"rendered":"https:\/\/stadtwerkezeitung.info\/schwedt\/?p=358"},"modified":"2025-11-13T12:31:29","modified_gmt":"2025-11-13T12:31:29","slug":"gemeinsame-aktion-500-baueme-fuer-die-uckermark","status":"publish","type":"post","link":"https:\/\/stadtwerkezeitung.info\/schwedt\/2025\/11\/13\/gemeinsame-aktion-500-baueme-fuer-die-uckermark\/","title":{"rendered":"Gemeinsame Aktion: 500 B\u00e4ume f\u00fcr die Uckermark"},"content":{"rendered":"<h2>Der Stadtwerke-Wald<\/h2>\n<h1>Gemeinsame Aktion: 500 B\u00e4ume f\u00fcr die Uckermark<\/h1>\n<h2>Noch bis ins Fr\u00fchjahr 2026 l\u00e4uft die Aktion der Stadtwerke Schwedt: \u201eF\u00fcr jeden neuen Energie- oder Telekommunikationsvertrag pflanzen wir einen Baum in der Uckermark\u201c, so lautet das Versprechen. Mitte Oktober wurden die ersten Jungb\u00e4ume gesetzt!<\/h2>\n<p><img decoding=\"async\" src=\"\/schwedt\/wp-content\/uploads\/sites\/5\/2025\/11\/103bild1-scaled.jpg\" alt=\"\"><\/p>\n<div>\n<p><em>Gemeinsame Baumpflanzaktion: Gesch\u00e4ftsf\u00fchrer Matthias Mundt und Jana Hempel von  Uckertanne, Stadtwerke-Mitarbeiter Maurice Martini, Revierf\u00f6rsterin Judith Lenz mit ihrer H\u00fcndin Nami und Uckertanne-Praktikant Jan John pflanzen die ersten Flatterulmen im Forst Hohenfelde in Trupp-Pflanzung \u2013 einem Verj\u00fcngungsverfahren der Walderneuerung.<\/p>\n<p><small> Fotos (2): SPREE-PR\/Petsch <br \/><\/small><\/em><\/p>\n<\/div>\n<div>\n<p>Es dauerte nur wenige Minuten und die etwa ein Meter hohen Flatterulmen streckten ihre Wurzeln in den Waldboden im Forst Hohenfelde bei Schwedt aus. Noch eingez\u00e4unt \u2013 gut gesch\u00fctzt vor Wildverbiss \u2013 d\u00fcrfen die Laubb\u00e4ume der Stadtwerke-Kunden hier auf lichten Stellen inmitten des Hochwalds auf Lebenszeit bis zu 250 Jahre wachsen und gedeihen. \u201eSie werden einmal 25 Meter hoch\u201c, wei\u00df Revierf\u00f6rsterin Judith Lenz. \u201eDie Flatterulme ist eine heimische Baumart, der Baum des Jahres 2019, und passt perfekt zu den hiesigen Bodenverh\u00e4ltnissen. Sie ist robust, mag Schatten und reichert mit ihrem Laub den Boden mit N\u00e4hrstoffen an.\u201c Die Revierf\u00f6rsterin freut sich \u00fcber jedes Waldst\u00fcck, das nachhaltig bewirtschaftet wird.<\/p>\n<p>Insgesamt 500 B\u00e4ume wollen die Stadtwerke Schwedt bis Mitte 2026 pflanzen. Als kompetenten Partner k\u00f6nnen sie daf\u00fcr auf die Firma Uckertanne Mundt aus Kunow z\u00e4hlen. Seit \u00fcber 30 Jahren zieht der Familienbetrieb Weihnachtsb\u00e4ume auf. Neben diesen landwirtschaftlichen Fl\u00e4chen, verf\u00fcgt Uckertanne auch \u00fcber Forst. Sie \u00fcbernimmt nun Pflanzung, Pflege und Schutz des Stadtwerke-Walds. \u201eEine Win-win-Situation f\u00fcr beide Seiten\u201c, erkl\u00e4rt Jana Hempel von Uckertanne. \u201eIm Wald gibt es immer etwas zu tun. Das Aufforsten spielt dabei eine entscheidende Rolle. Daf\u00fcr haben wir nun mit den Stadtwerken einen starken regionalen Partner an unserer Seite, der mit uns gemeinsam an die Umsetzung geht. Am Ende ist das keine Frage des Profits, sondern der Leidenschaft f\u00fcr unsere W\u00e4lder.\u201c<\/p>\n<\/div>\n<div>\n<p>Bei den Schwedtern kommt die Baumpflanzaktion gut an: 25 % des 500-B\u00e4ume-Ziels sind bereits erreicht. F\u00fcr jedes neu abgeschlossene Energie- oder tio-Produkt, spenden die Stadtwerke Schwedt einen Baum. \u201eMit den neuen B\u00e4umen wird ein bestehender Forst aufgeforstet und nachhaltig gest\u00e4rkt. Dank unserer Kunden k\u00f6nnen wir so einen kleinen Betrag f\u00fcr einen gesunden Wald und ein st\u00fcckweit mehr Lebensqualit\u00e4t hier vor Ort sorgen\u201c, zeigt sich Dirk Sasson, Gesch\u00e4ftsf\u00fchrer des Unternehmensverbunds Stadtwerke Schwedt, \u00fcberzeugt von dem Projekt.<\/p>\n<\/div>\n<p><img decoding=\"async\" src=\"\/schwedt\/wp-content\/uploads\/sites\/5\/2025\/11\/103bild2-scaled.jpg\" alt=\"\"><\/p>\n<p>\n    <a href=\"https:\/\/stadtwerke-schwedt.de\/baumpflanzprojekt\/index.php\">Ein neuer Baum f\u00fcr jeden neuen Vertrag<\/a>\n<\/p>\n<p><!--more--><br \/>\n<!-- {\"type\":\"layout\",\"children\":[{\"type\":\"section\",\"props\":{\"image_position\":\"center-center\",\"padding_remove_top\":true,\"style\":\"default\",\"title_breakpoint\":\"xl\",\"title_position\":\"top-left\",\"title_rotation\":\"left\",\"vertical_align\":\"\",\"width\":\"small\"},\"children\":[{\"type\":\"row\",\"children\":[{\"type\":\"column\",\"props\":{\"image_position\":\"center-center\",\"position_sticky_breakpoint\":\"m\"},\"children\":[{\"type\":\"headline\",\"props\":{\"content\":\"Der Stadtwerke-Wald\",\"margin\":\"small\",\"margin_remove_bottom\":false,\"margin_remove_top\":false,\"title_element\":\"h2\",\"title_style\":\"h6\"}},{\"type\":\"headline\",\"props\":{\"content\":\"Gemeinsame Aktion: 500 B\\u00e4ume f\\u00fcr die Uckermark\",\"margin\":\"small\",\"margin_remove_bottom\":false,\"margin_remove_top\":false,\"title_element\":\"h1\",\"title_style\":\"h2\"}},{\"type\":\"headline\",\"props\":{\"content\":\"Noch bis ins Fr\\u00fchjahr 2026 l\\u00e4uft die Aktion der Stadtwerke Schwedt: \\u201eF\\u00fcr jeden neuen Energie- oder Telekommunikationsvertrag pflanzen wir einen Baum in der Uckermark\\u201c, so lautet das Versprechen. Mitte Oktober wurden die ersten Jungb\\u00e4ume gesetzt!\",\"margin\":\"small\",\"margin_remove_top\":false,\"title_element\":\"h2\",\"title_style\":\"text-lead\"}},{\"type\":\"image\",\"props\":{\"image\":\"wp-content\\\/uploads\\\/sites\\\/5\\\/2025\\\/11\\\/103bild1-scaled.jpg\",\"image_svg_color\":\"emphasis\",\"margin\":\"default\"}},{\"type\":\"text\",\"props\":{\"column_breakpoint\":\"m\",\"content\":\"\n\n<p><em>Gemeinsame Baumpflanzaktion: Gesch\\u00e4ftsf\\u00fchrer Matthias Mundt und Jana Hempel von  Uckertanne, Stadtwerke-Mitarbeiter Maurice Martini, Revierf\\u00f6rsterin Judith Lenz mit ihrer H\\u00fcndin Nami und Uckertanne-Praktikant Jan John pflanzen die ersten Flatterulmen im Forst Hohenfelde in Trupp-Pflanzung \\u2013 einem Verj\\u00fcngungsverfahren der Walderneuerung.\\n\\n    \\n    <br \\\/><small> Fotos (2): SPREE-PR\\\/Petsch <br \\\/><\\\/small><\\\/em><\\\/p>\",\"margin\":\"default\"}},{\"type\":\"text\",\"props\":{\"column_breakpoint\":\"m\",\"content\":\"\n\n<p>Es dauerte nur wenige Minuten und die etwa ein Meter hohen Flatterulmen streckten ihre Wurzeln in den Waldboden im Forst Hohenfelde bei Schwedt aus. Noch eingez\\u00e4unt \\u2013 gut gesch\\u00fctzt vor Wildverbiss \\u2013 d\\u00fcrfen die Laubb\\u00e4ume der Stadtwerke-Kunden hier auf lichten Stellen inmitten des Hochwalds auf Lebenszeit bis zu 250 Jahre wachsen und gedeihen. \\u201eSie werden einmal 25 Meter hoch\\u201c, wei\\u00df Revierf\\u00f6rsterin Judith Lenz. \\u201eDie Flatterulme ist eine heimische Baumart, der Baum des Jahres 2019, und passt perfekt zu den hiesigen Bodenverh\\u00e4ltnissen. Sie ist robust, mag Schatten und reichert mit ihrem Laub den Boden mit N\\u00e4hrstoffen an.\\u201c Die Revierf\\u00f6rsterin freut sich \\u00fcber jedes Waldst\\u00fcck, das nachhaltig bewirtschaftet wird.<\\\/p>\\n\n\n<p>Insgesamt 500 B\\u00e4ume wollen die Stadtwerke Schwedt bis Mitte 2026 pflanzen. Als kompetenten Partner k\\u00f6nnen sie daf\\u00fcr auf die Firma Uckertanne Mundt aus Kunow z\\u00e4hlen. Seit \\u00fcber 30 Jahren zieht der Familienbetrieb Weihnachtsb\\u00e4ume auf. Neben diesen landwirtschaftlichen Fl\\u00e4chen, verf\\u00fcgt Uckertanne auch \\u00fcber Forst. Sie \\u00fcbernimmt nun Pflanzung, Pflege und Schutz des Stadtwerke-Walds. \\u201eEine Win-win-Situation f\\u00fcr beide Seiten\\u201c, erkl\\u00e4rt Jana Hempel von Uckertanne. \\u201eIm Wald gibt es immer etwas zu tun. Das Aufforsten spielt dabei eine entscheidende Rolle. Daf\\u00fcr haben wir nun mit den Stadtwerken einen starken regionalen Partner an unserer Seite, der mit uns gemeinsam an die Umsetzung geht. Am Ende ist das keine Frage des Profits, sondern der Leidenschaft f\\u00fcr unsere W\\u00e4lder.\\u201c<\\\/p>\",\"margin\":\"default\"}}]}]},{\"type\":\"row\",\"props\":{\"divider\":true,\"layout\":\"1-2,1-2\"},\"children\":[{\"type\":\"column\",\"props\":{\"image_position\":\"center-center\",\"position_sticky_breakpoint\":\"m\",\"width_medium\":\"1-2\"},\"children\":[{\"type\":\"text\",\"props\":{\"column_breakpoint\":\"m\",\"content\":\"\n\n<p>Bei den Schwedtern kommt die Baumpflanzaktion gut an: 25 % des 500-B\\u00e4ume-Ziels sind bereits erreicht. F\\u00fcr jedes neu abgeschlossene Energie- oder tio-Produkt, spenden die Stadtwerke Schwedt einen Baum. \\u201eMit den neuen B\\u00e4umen wird ein bestehender Forst aufgeforstet und nachhaltig gest\\u00e4rkt. Dank unserer Kunden k\\u00f6nnen wir so einen kleinen Betrag f\\u00fcr einen gesunden Wald und ein st\\u00fcckweit mehr Lebensqualit\\u00e4t hier vor Ort sorgen\\u201c, zeigt sich Dirk Sasson, Gesch\\u00e4ftsf\\u00fchrer des Unternehmensverbunds Stadtwerke Schwedt, \\u00fcberzeugt von dem Projekt.<\\\/p>\",\"margin\":\"default\"}}]},{\"type\":\"column\",\"props\":{\"image_position\":\"center-center\",\"position_sticky_breakpoint\":\"m\",\"width_medium\":\"1-2\"},\"children\":[{\"type\":\"image\",\"props\":{\"image\":\"wp-content\\\/uploads\\\/sites\\\/5\\\/2025\\\/11\\\/103bild2-scaled.jpg\",\"image_svg_color\":\"emphasis\",\"margin\":\"default\"}}]}]},{\"type\":\"row\",\"children\":[{\"type\":\"column\",\"props\":{\"image_position\":\"center-center\",\"position_sticky_breakpoint\":\"m\"},\"children\":[{\"type\":\"button\",\"props\":{\"fullwidth\":true,\"grid_column_gap\":\"small\",\"grid_row_gap\":\"small\",\"margin\":\"default\"},\"children\":[{\"type\":\"button_item\",\"props\":{\"button_style\":\"secondary\",\"content\":\"Ein neuer Baum f\\u00fcr jeden neuen Vertrag\",\"icon\":\"link-external\",\"icon_align\":\"left\",\"link\":\"https:\\\/\\\/stadtwerke-schwedt.de\\\/baumpflanzprojekt\\\/index.php\",\"link_target\":\"blank\"}}]}]}]}],\"name\":\"Artikel Format\"}],\"version\":\"4.4.1\"} --><\/p>\n","protected":false},"excerpt":{"rendered":"<p>Der Stadtwerke-Wald Gemeinsame Aktion: 500 B\u00e4ume f\u00fcr die Uckermark Noch bis ins Fr\u00fchjahr 2026 l\u00e4uft die Aktion der Stadtwerke Schwedt: \u201eF\u00fcr jeden neuen Energie- oder Telekommunikationsvertrag pflanzen wir einen Baum in der Uckermark\u201c, so lautet das Versprechen. Mitte Oktober wurden die ersten Jungb\u00e4ume gesetzt! Gemeinsame Baumpflanzaktion: Gesch\u00e4ftsf\u00fchrer Matthias Mundt und Jana Hempel von Uckertanne, Stadtwerke-Mitarbeiter [&hellip;]<\/p>\n","protected":false},"author":1,"featured_media":350,"comment_status":"open","ping_status":"open","sticky":false,"template":"","format":"standard","meta":{"footnotes":""},"categories":[1],"tags":[],"class_list":["post-358","post","type-post","status-publish","format-standard","has-post-thumbnail","hentry","category-uncategorized"],"yoast_head":"<!-- This site is optimized with the Yoast SEO plugin v26.9 - https:\/\/yoast.com\/product\/yoast-seo-wordpress\/ -->\n<title>Gemeinsame Aktion: 500 B\u00e4ume f\u00fcr die Uckermark - UMschau Schwedt<\/title>\n<meta name=\"description\" content=\"Noch bis ins Fr\u00fchjahr 2026 l\u00e4uft die Aktion der Stadtwerke Schwedt: \u201eF\u00fcr jeden neuen Energie- oder Telekommunikationsvertrag pflanzen wir einen Baum in der Uckermark\u201c.\" \/>\n<meta name=\"robots\" content=\"index, follow, max-snippet:-1, max-image-preview:large, max-video-preview:-1\" \/>\n<link rel=\"canonical\" href=\"https:\/\/stadtwerkezeitung.info\/schwedt\/2025\/11\/13\/gemeinsame-aktion-500-baueme-fuer-die-uckermark\/\" \/>\n<meta property=\"og:locale\" content=\"en_US\" \/>\n<meta property=\"og:type\" content=\"article\" \/>\n<meta property=\"og:title\" content=\"Gemeinsame Aktion: 500 B\u00e4ume f\u00fcr die Uckermark - UMschau Schwedt\" \/>\n<meta property=\"og:description\" content=\"Noch bis ins Fr\u00fchjahr 2026 l\u00e4uft die Aktion der Stadtwerke Schwedt: \u201eF\u00fcr jeden neuen Energie- oder Telekommunikationsvertrag pflanzen wir einen Baum in der Uckermark\u201c.\" \/>\n<meta property=\"og:url\" content=\"https:\/\/stadtwerkezeitung.info\/schwedt\/2025\/11\/13\/gemeinsame-aktion-500-baueme-fuer-die-uckermark\/\" \/>\n<meta property=\"og:site_name\" content=\"UMschau Schwedt\" \/>\n<meta property=\"article:published_time\" content=\"2025-11-13T12:26:07+00:00\" \/>\n<meta property=\"article:modified_time\" content=\"2025-11-13T12:31:29+00:00\" \/>\n<meta property=\"og:image\" content=\"https:\/\/stadtwerkezeitung.info\/schwedt\/wp-content\/uploads\/sites\/5\/2025\/11\/103bild1-scaled.jpg\" \/>\n\t<meta property=\"og:image:width\" content=\"2560\" \/>\n\t<meta property=\"og:image:height\" content=\"1908\" \/>\n\t<meta property=\"og:image:type\" content=\"image\/jpeg\" \/>\n<meta name=\"author\" content=\"admin\" \/>\n<meta name=\"twitter:card\" content=\"summary_large_image\" \/>\n<meta name=\"twitter:label1\" content=\"Written by\" \/>\n\t<meta name=\"twitter:data1\" content=\"admin\" \/>\n\t<meta name=\"twitter:label2\" content=\"Est. reading time\" \/>\n\t<meta name=\"twitter:data2\" content=\"3 minutes\" \/>\n<script type=\"application\/ld+json\" class=\"yoast-schema-graph\">{\"@context\":\"https:\/\/schema.org\",\"@graph\":[{\"@type\":\"Article\",\"@id\":\"https:\/\/stadtwerkezeitung.info\/schwedt\/2025\/11\/13\/gemeinsame-aktion-500-baueme-fuer-die-uckermark\/#article\",\"isPartOf\":{\"@id\":\"https:\/\/stadtwerkezeitung.info\/schwedt\/2025\/11\/13\/gemeinsame-aktion-500-baueme-fuer-die-uckermark\/\"},\"author\":{\"name\":\"admin\",\"@id\":\"https:\/\/stadtwerkezeitung.info\/schwedt\/#\/schema\/person\/acd409dca37d4bb8bf3a1284da7f1ee0\"},\"headline\":\"Gemeinsame Aktion: 500 B\u00e4ume f\u00fcr die Uckermark\",\"datePublished\":\"2025-11-13T12:26:07+00:00\",\"dateModified\":\"2025-11-13T12:31:29+00:00\",\"mainEntityOfPage\":{\"@id\":\"https:\/\/stadtwerkezeitung.info\/schwedt\/2025\/11\/13\/gemeinsame-aktion-500-baueme-fuer-die-uckermark\/\"},\"wordCount\":425,\"commentCount\":0,\"image\":{\"@id\":\"https:\/\/stadtwerkezeitung.info\/schwedt\/2025\/11\/13\/gemeinsame-aktion-500-baueme-fuer-die-uckermark\/#primaryimage\"},\"thumbnailUrl\":\"https:\/\/stadtwerkezeitung.info\/schwedt\/wp-content\/uploads\/sites\/5\/2025\/11\/103bild1-scaled.jpg\",\"inLanguage\":\"en-US\",\"potentialAction\":[{\"@type\":\"CommentAction\",\"name\":\"Comment\",\"target\":[\"https:\/\/stadtwerkezeitung.info\/schwedt\/2025\/11\/13\/gemeinsame-aktion-500-baueme-fuer-die-uckermark\/#respond\"]}]},{\"@type\":\"WebPage\",\"@id\":\"https:\/\/stadtwerkezeitung.info\/schwedt\/2025\/11\/13\/gemeinsame-aktion-500-baueme-fuer-die-uckermark\/\",\"url\":\"https:\/\/stadtwerkezeitung.info\/schwedt\/2025\/11\/13\/gemeinsame-aktion-500-baueme-fuer-die-uckermark\/\",\"name\":\"Gemeinsame Aktion: 500 B\u00e4ume f\u00fcr die Uckermark - UMschau Schwedt\",\"isPartOf\":{\"@id\":\"https:\/\/stadtwerkezeitung.info\/schwedt\/#website\"},\"primaryImageOfPage\":{\"@id\":\"https:\/\/stadtwerkezeitung.info\/schwedt\/2025\/11\/13\/gemeinsame-aktion-500-baueme-fuer-die-uckermark\/#primaryimage\"},\"image\":{\"@id\":\"https:\/\/stadtwerkezeitung.info\/schwedt\/2025\/11\/13\/gemeinsame-aktion-500-baueme-fuer-die-uckermark\/#primaryimage\"},\"thumbnailUrl\":\"https:\/\/stadtwerkezeitung.info\/schwedt\/wp-content\/uploads\/sites\/5\/2025\/11\/103bild1-scaled.jpg\",\"datePublished\":\"2025-11-13T12:26:07+00:00\",\"dateModified\":\"2025-11-13T12:31:29+00:00\",\"author\":{\"@id\":\"https:\/\/stadtwerkezeitung.info\/schwedt\/#\/schema\/person\/acd409dca37d4bb8bf3a1284da7f1ee0\"},\"description\":\"Noch bis ins Fr\u00fchjahr 2026 l\u00e4uft die Aktion der Stadtwerke Schwedt: \u201eF\u00fcr jeden neuen Energie- oder Telekommunikationsvertrag pflanzen wir einen Baum in der Uckermark\u201c.\",\"breadcrumb\":{\"@id\":\"https:\/\/stadtwerkezeitung.info\/schwedt\/2025\/11\/13\/gemeinsame-aktion-500-baueme-fuer-die-uckermark\/#breadcrumb\"},\"inLanguage\":\"en-US\",\"potentialAction\":[{\"@type\":\"ReadAction\",\"target\":[\"https:\/\/stadtwerkezeitung.info\/schwedt\/2025\/11\/13\/gemeinsame-aktion-500-baueme-fuer-die-uckermark\/\"]}]},{\"@type\":\"ImageObject\",\"inLanguage\":\"en-US\",\"@id\":\"https:\/\/stadtwerkezeitung.info\/schwedt\/2025\/11\/13\/gemeinsame-aktion-500-baueme-fuer-die-uckermark\/#primaryimage\",\"url\":\"https:\/\/stadtwerkezeitung.info\/schwedt\/wp-content\/uploads\/sites\/5\/2025\/11\/103bild1-scaled.jpg\",\"contentUrl\":\"https:\/\/stadtwerkezeitung.info\/schwedt\/wp-content\/uploads\/sites\/5\/2025\/11\/103bild1-scaled.jpg\",\"width\":2560,\"height\":1908},{\"@type\":\"BreadcrumbList\",\"@id\":\"https:\/\/stadtwerkezeitung.info\/schwedt\/2025\/11\/13\/gemeinsame-aktion-500-baueme-fuer-die-uckermark\/#breadcrumb\",\"itemListElement\":[{\"@type\":\"ListItem\",\"position\":1,\"name\":\"Home\",\"item\":\"https:\/\/stadtwerkezeitung.info\/schwedt\/\"},{\"@type\":\"ListItem\",\"position\":2,\"name\":\"Gemeinsame Aktion: 500 B\u00e4ume f\u00fcr die Uckermark\"}]},{\"@type\":\"WebSite\",\"@id\":\"https:\/\/stadtwerkezeitung.info\/schwedt\/#website\",\"url\":\"https:\/\/stadtwerkezeitung.info\/schwedt\/\",\"name\":\"UMschau Schwedt\",\"description\":\"\",\"inLanguage\":\"en-US\"},{\"@type\":\"Person\",\"@id\":\"https:\/\/stadtwerkezeitung.info\/schwedt\/#\/schema\/person\/acd409dca37d4bb8bf3a1284da7f1ee0\",\"name\":\"admin\",\"image\":{\"@type\":\"ImageObject\",\"inLanguage\":\"en-US\",\"@id\":\"https:\/\/stadtwerkezeitung.info\/schwedt\/#\/schema\/person\/image\/\",\"url\":\"https:\/\/secure.gravatar.com\/avatar\/52dc0b3340c8087a51f52eaa20dc62cd4a6fe41f5bd886140989db7b572c00cd?s=96&d=mm&r=g\",\"contentUrl\":\"https:\/\/secure.gravatar.com\/avatar\/52dc0b3340c8087a51f52eaa20dc62cd4a6fe41f5bd886140989db7b572c00cd?s=96&d=mm&r=g\",\"caption\":\"admin\"},\"sameAs\":[\"https:\/\/stadtwerkezeitung.info\"]}]}<\/script>\n<!-- \/ Yoast SEO plugin. -->","yoast_head_json":{"title":"Gemeinsame Aktion: 500 B\u00e4ume f\u00fcr die Uckermark - UMschau Schwedt","description":"Noch bis ins Fr\u00fchjahr 2026 l\u00e4uft die Aktion der Stadtwerke Schwedt: \u201eF\u00fcr jeden neuen Energie- oder Telekommunikationsvertrag pflanzen wir einen Baum in der Uckermark\u201c.","robots":{"index":"index","follow":"follow","max-snippet":"max-snippet:-1","max-image-preview":"max-image-preview:large","max-video-preview":"max-video-preview:-1"},"canonical":"https:\/\/stadtwerkezeitung.info\/schwedt\/2025\/11\/13\/gemeinsame-aktion-500-baueme-fuer-die-uckermark\/","og_locale":"en_US","og_type":"article","og_title":"Gemeinsame Aktion: 500 B\u00e4ume f\u00fcr die Uckermark - UMschau Schwedt","og_description":"Noch bis ins Fr\u00fchjahr 2026 l\u00e4uft die Aktion der Stadtwerke Schwedt: \u201eF\u00fcr jeden neuen Energie- oder Telekommunikationsvertrag pflanzen wir einen Baum in der Uckermark\u201c.","og_url":"https:\/\/stadtwerkezeitung.info\/schwedt\/2025\/11\/13\/gemeinsame-aktion-500-baueme-fuer-die-uckermark\/","og_site_name":"UMschau Schwedt","article_published_time":"2025-11-13T12:26:07+00:00","article_modified_time":"2025-11-13T12:31:29+00:00","og_image":[{"width":2560,"height":1908,"url":"https:\/\/stadtwerkezeitung.info\/schwedt\/wp-content\/uploads\/sites\/5\/2025\/11\/103bild1-scaled.jpg","type":"image\/jpeg"}],"author":"admin","twitter_card":"summary_large_image","twitter_misc":{"Written by":"admin","Est. reading time":"3 minutes"},"schema":{"@context":"https:\/\/schema.org","@graph":[{"@type":"Article","@id":"https:\/\/stadtwerkezeitung.info\/schwedt\/2025\/11\/13\/gemeinsame-aktion-500-baueme-fuer-die-uckermark\/#article","isPartOf":{"@id":"https:\/\/stadtwerkezeitung.info\/schwedt\/2025\/11\/13\/gemeinsame-aktion-500-baueme-fuer-die-uckermark\/"},"author":{"name":"admin","@id":"https:\/\/stadtwerkezeitung.info\/schwedt\/#\/schema\/person\/acd409dca37d4bb8bf3a1284da7f1ee0"},"headline":"Gemeinsame Aktion: 500 B\u00e4ume f\u00fcr die Uckermark","datePublished":"2025-11-13T12:26:07+00:00","dateModified":"2025-11-13T12:31:29+00:00","mainEntityOfPage":{"@id":"https:\/\/stadtwerkezeitung.info\/schwedt\/2025\/11\/13\/gemeinsame-aktion-500-baueme-fuer-die-uckermark\/"},"wordCount":425,"commentCount":0,"image":{"@id":"https:\/\/stadtwerkezeitung.info\/schwedt\/2025\/11\/13\/gemeinsame-aktion-500-baueme-fuer-die-uckermark\/#primaryimage"},"thumbnailUrl":"https:\/\/stadtwerkezeitung.info\/schwedt\/wp-content\/uploads\/sites\/5\/2025\/11\/103bild1-scaled.jpg","inLanguage":"en-US","potentialAction":[{"@type":"CommentAction","name":"Comment","target":["https:\/\/stadtwerkezeitung.info\/schwedt\/2025\/11\/13\/gemeinsame-aktion-500-baueme-fuer-die-uckermark\/#respond"]}]},{"@type":"WebPage","@id":"https:\/\/stadtwerkezeitung.info\/schwedt\/2025\/11\/13\/gemeinsame-aktion-500-baueme-fuer-die-uckermark\/","url":"https:\/\/stadtwerkezeitung.info\/schwedt\/2025\/11\/13\/gemeinsame-aktion-500-baueme-fuer-die-uckermark\/","name":"Gemeinsame Aktion: 500 B\u00e4ume f\u00fcr die Uckermark - UMschau Schwedt","isPartOf":{"@id":"https:\/\/stadtwerkezeitung.info\/schwedt\/#website"},"primaryImageOfPage":{"@id":"https:\/\/stadtwerkezeitung.info\/schwedt\/2025\/11\/13\/gemeinsame-aktion-500-baueme-fuer-die-uckermark\/#primaryimage"},"image":{"@id":"https:\/\/stadtwerkezeitung.info\/schwedt\/2025\/11\/13\/gemeinsame-aktion-500-baueme-fuer-die-uckermark\/#primaryimage"},"thumbnailUrl":"https:\/\/stadtwerkezeitung.info\/schwedt\/wp-content\/uploads\/sites\/5\/2025\/11\/103bild1-scaled.jpg","datePublished":"2025-11-13T12:26:07+00:00","dateModified":"2025-11-13T12:31:29+00:00","author":{"@id":"https:\/\/stadtwerkezeitung.info\/schwedt\/#\/schema\/person\/acd409dca37d4bb8bf3a1284da7f1ee0"},"description":"Noch bis ins Fr\u00fchjahr 2026 l\u00e4uft die Aktion der Stadtwerke Schwedt: \u201eF\u00fcr jeden neuen Energie- oder Telekommunikationsvertrag pflanzen wir einen Baum in der Uckermark\u201c.","breadcrumb":{"@id":"https:\/\/stadtwerkezeitung.info\/schwedt\/2025\/11\/13\/gemeinsame-aktion-500-baueme-fuer-die-uckermark\/#breadcrumb"},"inLanguage":"en-US","potentialAction":[{"@type":"ReadAction","target":["https:\/\/stadtwerkezeitung.info\/schwedt\/2025\/11\/13\/gemeinsame-aktion-500-baueme-fuer-die-uckermark\/"]}]},{"@type":"ImageObject","inLanguage":"en-US","@id":"https:\/\/stadtwerkezeitung.info\/schwedt\/2025\/11\/13\/gemeinsame-aktion-500-baueme-fuer-die-uckermark\/#primaryimage","url":"https:\/\/stadtwerkezeitung.info\/schwedt\/wp-content\/uploads\/sites\/5\/2025\/11\/103bild1-scaled.jpg","contentUrl":"https:\/\/stadtwerkezeitung.info\/schwedt\/wp-content\/uploads\/sites\/5\/2025\/11\/103bild1-scaled.jpg","width":2560,"height":1908},{"@type":"BreadcrumbList","@id":"https:\/\/stadtwerkezeitung.info\/schwedt\/2025\/11\/13\/gemeinsame-aktion-500-baueme-fuer-die-uckermark\/#breadcrumb","itemListElement":[{"@type":"ListItem","position":1,"name":"Home","item":"https:\/\/stadtwerkezeitung.info\/schwedt\/"},{"@type":"ListItem","position":2,"name":"Gemeinsame Aktion: 500 B\u00e4ume f\u00fcr die Uckermark"}]},{"@type":"WebSite","@id":"https:\/\/stadtwerkezeitung.info\/schwedt\/#website","url":"https:\/\/stadtwerkezeitung.info\/schwedt\/","name":"UMschau Schwedt","description":"","inLanguage":"en-US"},{"@type":"Person","@id":"https:\/\/stadtwerkezeitung.info\/schwedt\/#\/schema\/person\/acd409dca37d4bb8bf3a1284da7f1ee0","name":"admin","image":{"@type":"ImageObject","inLanguage":"en-US","@id":"https:\/\/stadtwerkezeitung.info\/schwedt\/#\/schema\/person\/image\/","url":"https:\/\/secure.gravatar.com\/avatar\/52dc0b3340c8087a51f52eaa20dc62cd4a6fe41f5bd886140989db7b572c00cd?s=96&d=mm&r=g","contentUrl":"https:\/\/secure.gravatar.com\/avatar\/52dc0b3340c8087a51f52eaa20dc62cd4a6fe41f5bd886140989db7b572c00cd?s=96&d=mm&r=g","caption":"admin"},"sameAs":["https:\/\/stadtwerkezeitung.info"]}]}},"_links":{"self":[{"href":"https:\/\/stadtwerkezeitung.info\/schwedt\/wp-json\/wp\/v2\/posts\/358","targetHints":{"allow":["GET"]}}],"collection":[{"href":"https:\/\/stadtwerkezeitung.info\/schwedt\/wp-json\/wp\/v2\/posts"}],"about":[{"href":"https:\/\/stadtwerkezeitung.info\/schwedt\/wp-json\/wp\/v2\/types\/post"}],"author":[{"embeddable":true,"href":"https:\/\/stadtwerkezeitung.info\/schwedt\/wp-json\/wp\/v2\/users\/1"}],"replies":[{"embeddable":true,"href":"https:\/\/stadtwerkezeitung.info\/schwedt\/wp-json\/wp\/v2\/comments?post=358"}],"version-history":[{"count":2,"href":"https:\/\/stadtwerkezeitung.info\/schwedt\/wp-json\/wp\/v2\/posts\/358\/revisions"}],"predecessor-version":[{"id":360,"href":"https:\/\/stadtwerkezeitung.info\/schwedt\/wp-json\/wp\/v2\/posts\/358\/revisions\/360"}],"wp:featuredmedia":[{"embeddable":true,"href":"https:\/\/stadtwerkezeitung.info\/schwedt\/wp-json\/wp\/v2\/media\/350"}],"wp:attachment":[{"href":"https:\/\/stadtwerkezeitung.info\/schwedt\/wp-json\/wp\/v2\/media?parent=358"}],"wp:term":[{"taxonomy":"category","embeddable":true,"href":"https:\/\/stadtwerkezeitung.info\/schwedt\/wp-json\/wp\/v2\/categories?post=358"},{"taxonomy":"post_tag","embeddable":true,"href":"https:\/\/stadtwerkezeitung.info\/schwedt\/wp-json\/wp\/v2\/tags?post=358"}],"curies":[{"name":"wp","href":"https:\/\/api.w.org\/{rel}","templated":true}]}}