{"id":363,"date":"2025-11-13T12:33:18","date_gmt":"2025-11-13T12:33:18","guid":{"rendered":"https:\/\/stadtwerkezeitung.info\/schwedt\/?p=363"},"modified":"2025-11-14T11:45:00","modified_gmt":"2025-11-14T11:45:00","slug":"aus-erfahrung-gewachsen-fuer-die-zukunft-geruestet","status":"publish","type":"post","link":"https:\/\/stadtwerkezeitung.info\/schwedt\/2025\/11\/13\/aus-erfahrung-gewachsen-fuer-die-zukunft-geruestet\/","title":{"rendered":"Aus Erfahrung gewachsen, f\u00fcr die Zukunft ger\u00fcstet"},"content":{"rendered":"<h2>Im Gespr\u00e4ch mit Marco K\u00fchn<\/h2>\n<h1>Aus Erfahrung gewachsen, f\u00fcr die Zukunft ger\u00fcstet<\/h1>\n<h2>Seit 30 Jahren begleitet Marco K\u00fchn, Prokurist und Leiter Controlling des Unternehmensverbunds Stadtwerke Schwedt, den stetigen Wandel bei der Energieversorgung. Im Gespr\u00e4ch mit uns blickt er zur\u00fcck, erkl\u00e4rt aktuelle Herausforderungen \u2013 und zeigt, warum die Stadtwerke f\u00fcr die Zukunft bestens ger\u00fcstet sind.<\/h2>\n<p><img decoding=\"async\" src=\"\/schwedt\/wp-content\/uploads\/sites\/5\/2025\/11\/104bild1-scaled.jpg\" alt=\"\"><\/p>\n<div>\n<p><em>Der Schwedter Marco K\u00fchn auf dem Dach des Firmensitzes des Unternehmensverbunds: \u00dcberblick und Weitsicht pr\u00e4gten seine Arbeit als Prokurist und Leiter Controlling in den vergangenen 30 Jahren.\u00a0<br \/><small>Foto: SPREE-PR\/Petsch<br \/><\/small><\/em><\/p>\n<\/div>\n<div>\n<h3>Beruflicher Werdegang: <\/h3>\n<div>\n<p>\u2022 3\u2009Jahre Beruf mit Abitur im PCK <br \/>\u2022 1990 \u2013 1994 Studium Berlin Wirtschaftsingenieurwesen <br \/>\u2022 seit 1995 bei den Stadtwerken <br \/>\u2022 2010\/2011 Masterstudium Kommunalwirtschaft<br \/>\u2022 seit 2017 Prokurist<br \/>\u2022 Januar 2025: 30. Jubil\u00e4um<\/p>\n<\/div>\n<\/div>\n<div>\n<p><strong><em>Herr K\u00fchn, Sie haben die Stadtwerke Schwedt 30 Jahre lang auf dem Weg zum Unternehmensverbund mitgestaltet. Erinnern Sie sich noch, wie die Energieversorgung damals aussah?<\/em><\/strong><\/p>\n<p>1995 war alles noch stark monopolistisch. Netz und Vertrieb waren eins, es gab keinen Wettbewerb. Preise mussten lediglich genehmigt werden. Erst mit der Liberalisierung 1998 begann der Wettbewerb, und damit eine v\u00f6llig neue \u00c4ra. Der \u00dcbergang vom Monopolisten zum Wettbewerber war f\u00fcr alle Energieversorger eine echte Bew\u00e4hrungsprobe. Pl\u00f6tzlich musste man um Kunden k\u00e4mpfen, neue F\u00e4higkeiten aufbauen und strategisch denken \u2013 das hat uns als Team geformt.<\/p>\n<p><em><strong>Welche Technologien oder Projekte haben die Anfangsjahre besonders gepr\u00e4gt?<\/strong><\/em><\/p>\n<p>Naja, als im Sternzeichen Krebs Geborener bin ich per se in der Thematik verwurzelt \u2026 Es ist wohl meine Berufung, alles daf\u00fcr zu tun, damit das Lebenselixier der Menschheit f\u00fcr heutige und k\u00fcnftige Generationen in der gewohnten Qualit\u00e4t und Quantit\u00e4t zur Verf\u00fcgung steht und f\u00fcr Jedermann bezahlbar bleibt.<\/p>\n<p><em><strong>Was war besonders pr\u00e4gend in Ihrer Arbeit?<\/strong><\/em><\/p>\n<p>Die Vielseitigkeit. Kein Jahr glich dem anderen. Wir haben nicht nur Energie geliefert, sondern auch eine Hafengesellschaft, Kino, Schwimmbad und den Bereich Telekommunikation integriert. Es kamen Corona und Energiekrise. Unser Vorteil war Schnelligkeit: Im Vergleich zu gro\u00dfen Konzernen konnten wir Entscheidungen schneller treffen, unsere Hierarchien sind schlank und flach. Und: Als kommunales Unternehmen handeln wir vor Ort, f\u00fcr die Menschen hier. Das ist unsere St\u00e4rke.<\/p>\n<\/div>\n<div>\n<h3>W\u00e4rme aus Abwasser<\/h3>\n<div>\n<p><span>Zus\u00e4tzlich zur Abw\u00e4rme aus dem PCK, will Schwedt k\u00fcnftig die bislang ungenutzte W\u00e4rme aus dem gereinigten Abwasser nutzbar machen. Die F\u00f6rdermittel f\u00fcr das gemeinsame Projekte der Stadtwerke Schwedt und ZOWA sind bewilligt. Die geplante Anlage verf\u00fcgt \u00fcber eine Leistung von 1 Megawatt und kann j\u00e4hrlich rund 8 Gigawattstunden W\u00e4rme erzeugen \u2013 genug, um ab 2028 bis zu 1.000 Haushalte zu versorgen. Derzeit werden erste neue Fernw\u00e4rmeleitungen vom Firmensitz der Stadtwerke zur ZOWA errichtet. <\/span><\/p>\n<\/div>\n<\/div>\n<div>\n<p><em><strong>Wie hat sich die Kundenbeziehung \u00fcber die Jahre entwickelt?<\/strong><\/em><\/p>\n<p>Fr\u00fcher waren Stadtwerke einfach da \u2013 heute m\u00fcssen sie im Wettbewerb \u00fcberzeugen. Wir setzen auf Vertrauen, Service und attraktive Produkte. Besonders die Kombination aus Energie, Telekommunikation sowie Freizeitangeboten wie Kino und Schwimmbad sorgt f\u00fcr eine starke Kundenbindung. Unsere Quote im eigenen Netzgebiet liegt bei \u00fcber 90 Prozent \u2013 das ist bundesweit au\u00dfergew\u00f6hnlich.<\/p>\n<p><em><strong>Warum ist die Energiewirtschaft heute so komplex?<\/strong><\/em><\/p>\n<p>Weil viele Akteure und Ebenen mitreden: EU, Bund, L\u00e4nder, Kommunen \u2013 dazu Netzbetreiber, Erzeuger, Lieferanten, Dienstleister. Jedes neue Gesetz bringt neue Anforderungen und verkompliziert bestimmte Sachverhalte. Manchmal denke ich, man m\u00fcsste alles auf null setzen und mit klaren Strukturen neu starten. Dennoch: Wir setzen alles gesetzeskonform um und behalten den \u00dcberblick.<\/p>\n<p><em><strong>Wie sieht die Energieversorgung von morgen in Schwedt aus?<\/strong><\/em><\/p>\n<p>Unser Ziel bleibt: eine sichere, bezahlbare und nachhaltige Energieversorgung. Wir arbeiten eng mit der Stadt an der kommunalen W\u00e4rmeplanung. Die Integration erneuerbarer Energien und die Steuerbarkeit der Systeme werden entscheidend sein. Fernw\u00e4rme bleibt ein Grundbaustein. Als Netzbetreiber und Partner der Kommune bauen und betreiben wir die Netze, und wir tun das mit Weitsicht.<\/p>\n<p><em><strong>Und wie ist ihr Ausblick?<\/strong><\/em><\/p>\n<p>Aus den positiven Erfahrungen der letzten Jahrzehnte sch\u00f6pfen wir Zuversicht. Wir haben bisher jede Herausforderung als Unternehmensverbund gemeistert \u2013 deshalb blicke ich optimistisch in die Zukunft. Die n\u00e4chsten Jahre werden spannend, besonders im Hinblick auf die Energiewende, Digitalisierung und regulatorische Ver\u00e4nderungen. Wir gehen die Transformation Schritt f\u00fcr Schritt an, vorausschauend und immer mit Blick auf die Menschen in Schwedt.<\/p>\n<p><strong>Vielen Dank f\u00fcr das Gespr\u00e4ch!<\/strong><\/p>\n<\/p>\n<\/div>\n<p><!--more--><br \/>\n<!-- {\"type\":\"layout\",\"children\":[{\"type\":\"section\",\"props\":{\"image_position\":\"center-center\",\"padding_remove_top\":true,\"style\":\"default\",\"title_breakpoint\":\"xl\",\"title_position\":\"top-left\",\"title_rotation\":\"left\",\"vertical_align\":\"\",\"width\":\"small\"},\"children\":[{\"type\":\"row\",\"children\":[{\"type\":\"column\",\"props\":{\"image_position\":\"center-center\",\"position_sticky_breakpoint\":\"m\"},\"children\":[{\"type\":\"headline\",\"props\":{\"content\":\"Im Gespr\\u00e4ch mit Marco K\\u00fchn\",\"margin\":\"small\",\"margin_remove_bottom\":false,\"margin_remove_top\":false,\"title_element\":\"h2\",\"title_style\":\"h6\"}},{\"type\":\"headline\",\"props\":{\"content\":\"Aus Erfahrung gewachsen, f\\u00fcr die Zukunft ger\\u00fcstet\",\"margin\":\"small\",\"margin_remove_bottom\":false,\"margin_remove_top\":false,\"title_element\":\"h1\",\"title_style\":\"h2\"}},{\"type\":\"headline\",\"props\":{\"content\":\"Seit 30 Jahren begleitet Marco K\\u00fchn, Prokurist und Leiter Controlling des Unternehmensverbunds Stadtwerke Schwedt, den stetigen Wandel bei der Energieversorgung. Im Gespr\\u00e4ch mit uns blickt er zur\\u00fcck, erkl\\u00e4rt aktuelle Herausforderungen \\u2013 und zeigt, warum die Stadtwerke f\\u00fcr die Zukunft bestens ger\\u00fcstet sind.\",\"margin\":\"small\",\"margin_remove_top\":false,\"title_element\":\"h2\",\"title_style\":\"text-lead\"}},{\"type\":\"image\",\"props\":{\"image\":\"wp-content\\\/uploads\\\/sites\\\/5\\\/2025\\\/11\\\/104bild1-scaled.jpg\",\"image_svg_color\":\"emphasis\",\"margin\":\"default\"}},{\"type\":\"text\",\"props\":{\"column_breakpoint\":\"m\",\"content\":\"\n\n<p><em>Der Schwedter Marco K\\u00fchn auf dem Dach des Firmensitzes des Unternehmensverbunds: \\u00dcberblick und Weitsicht pr\\u00e4gten seine Arbeit als Prokurist und Leiter Controlling in den vergangenen 30 Jahren.\\u00a0<br \\\/><small>Foto: SPREE-PR\\\/Petsch<br \\\/><\\\/small><\\\/em><\\\/p>\",\"margin\":\"default\"}},{\"type\":\"panel\",\"props\":{\"content\":\"\n\n<p>\\u2022 3\\u2009Jahre Beruf mit Abitur im PCK <br \\\/>\\u2022 1990 \\u2013 1994 Studium Berlin Wirtschaftsingenieurwesen <br \\\/>\\u2022 seit 1995 bei den Stadtwerken <br \\\/>\\u2022 2010\\\/2011 Masterstudium Kommunalwirtschaft<br \\\/>\\u2022 seit 2017 Prokurist<br \\\/>\\u2022 Januar 2025: 30. Jubil\\u00e4um<\\\/p>\",\"content_column_breakpoint\":\"m\",\"icon\":\"info\",\"icon_width\":80,\"image_align\":\"left\",\"image_grid_breakpoint\":\"m\",\"image_grid_width\":\"small\",\"image_svg_color\":\"emphasis\",\"image_vertical_align\":true,\"link_style\":\"default\",\"link_text\":\"Read more\",\"margin\":\"default\",\"meta_align\":\"below-title\",\"meta_element\":\"div\",\"meta_style\":\"text-meta\",\"panel_padding\":\"default\",\"panel_style\":\"card-secondary\",\"title\":\"Beruflicher Werdegang: \",\"title_align\":\"top\",\"title_element\":\"h3\",\"title_grid_breakpoint\":\"m\",\"title_grid_width\":\"1-2\",\"title_hover_style\":\"reset\"}},{\"type\":\"text\",\"props\":{\"column_breakpoint\":\"m\",\"content\":\"\n\n<p><strong><em>Herr K\\u00fchn, Sie haben die Stadtwerke Schwedt 30 Jahre lang auf dem Weg zum Unternehmensverbund mitgestaltet. Erinnern Sie sich noch, wie die Energieversorgung damals aussah?<\\\/em><\\\/strong><\\\/p>\\n\n\n<p>1995 war alles noch stark monopolistisch. Netz und Vertrieb waren eins, es gab keinen Wettbewerb. Preise mussten lediglich genehmigt werden. Erst mit der Liberalisierung 1998 begann der Wettbewerb, und damit eine v\\u00f6llig neue \\u00c4ra. Der \\u00dcbergang vom Monopolisten zum Wettbewerber war f\\u00fcr alle Energieversorger eine echte Bew\\u00e4hrungsprobe. Pl\\u00f6tzlich musste man um Kunden k\\u00e4mpfen, neue F\\u00e4higkeiten aufbauen und strategisch denken \\u2013 das hat uns als Team geformt.<br \\\/><br \\\/><em><strong>Welche Technologien oder Projekte haben die Anfangsjahre besonders gepr\\u00e4gt?<\\\/strong><\\\/em><br \\\/><br \\\/>Naja, als im Sternzeichen Krebs Geborener bin ich per se in der Thematik verwurzelt \\u2026 Es ist wohl meine Berufung, alles daf\\u00fcr zu tun, damit das Lebenselixier der Menschheit f\\u00fcr heutige und k\\u00fcnftige Generationen in der gewohnten Qualit\\u00e4t und Quantit\\u00e4t zur Verf\\u00fcgung steht und f\\u00fcr Jedermann bezahlbar bleibt.<br \\\/><br \\\/><em><strong>Was war besonders pr\\u00e4gend in Ihrer Arbeit?<\\\/strong><\\\/em><br \\\/><br \\\/>Die Vielseitigkeit. Kein Jahr glich dem anderen. Wir haben nicht nur Energie geliefert, sondern auch eine Hafengesellschaft, Kino, Schwimmbad und den Bereich Telekommunikation integriert. Es kamen Corona und Energiekrise. Unser Vorteil war Schnelligkeit: Im Vergleich zu gro\\u00dfen Konzernen konnten wir Entscheidungen schneller treffen, unsere Hierarchien sind schlank und flach. Und: Als kommunales Unternehmen handeln wir vor Ort, f\\u00fcr die Menschen hier. Das ist unsere St\\u00e4rke.<br \\\/><br \\\/><\\\/p>\",\"margin\":\"default\"}},{\"type\":\"panel\",\"props\":{\"content\":\"\n\n<p><span>Zus\\u00e4tzlich zur Abw\\u00e4rme aus dem PCK, will Schwedt k\\u00fcnftig die bislang ungenutzte W\\u00e4rme aus dem gereinigten Abwasser nutzbar machen. Die F\\u00f6rdermittel f\\u00fcr das gemeinsame Projekte der Stadtwerke Schwedt und ZOWA sind bewilligt. Die geplante Anlage verf\\u00fcgt \\u00fcber eine Leistung von 1 Megawatt und kann j\\u00e4hrlich rund 8 Gigawattstunden W\\u00e4rme erzeugen \\u2013 genug, um ab 2028 bis zu 1.000 Haushalte zu versorgen. Derzeit werden erste neue Fernw\\u00e4rmeleitungen vom Firmensitz der Stadtwerke zur ZOWA errichtet. <\\\/span><\\\/p>\",\"content_column_breakpoint\":\"m\",\"icon\":\"info\",\"icon_width\":80,\"image_align\":\"left\",\"image_grid_breakpoint\":\"m\",\"image_grid_width\":\"small\",\"image_svg_color\":\"emphasis\",\"image_vertical_align\":true,\"link_style\":\"default\",\"link_text\":\"Read more\",\"margin\":\"default\",\"meta_align\":\"below-title\",\"meta_element\":\"div\",\"meta_style\":\"text-meta\",\"panel_padding\":\"default\",\"panel_style\":\"card-secondary\",\"title\":\"W\\u00e4rme aus Abwasser\",\"title_align\":\"top\",\"title_element\":\"h3\",\"title_grid_breakpoint\":\"m\",\"title_grid_width\":\"1-2\",\"title_hover_style\":\"reset\"}},{\"type\":\"text\",\"props\":{\"column_breakpoint\":\"m\",\"content\":\"\n\n<p><em><strong>Wie hat sich die Kundenbeziehung \\u00fcber die Jahre entwickelt?<\\\/strong><\\\/em><\\\/p>\\n\n\n<p>Fr\\u00fcher waren Stadtwerke einfach da \\u2013 heute m\\u00fcssen sie im Wettbewerb \\u00fcberzeugen. Wir setzen auf Vertrauen, Service und attraktive Produkte. Besonders die Kombination aus Energie, Telekommunikation sowie Freizeitangeboten wie Kino und Schwimmbad sorgt f\\u00fcr eine starke Kundenbindung. Unsere Quote im eigenen Netzgebiet liegt bei \\u00fcber 90 Prozent \\u2013 das ist bundesweit au\\u00dfergew\\u00f6hnlich.<\\\/p>\\n\n\n<p><em><strong>Warum ist die Energiewirtschaft heute so komplex?<\\\/strong><\\\/em><\\\/p>\\n\n\n<p>Weil viele Akteure und Ebenen mitreden: EU, Bund, L\\u00e4nder, Kommunen \\u2013 dazu Netzbetreiber, Erzeuger, Lieferanten, Dienstleister. Jedes neue Gesetz bringt neue Anforderungen und verkompliziert bestimmte Sachverhalte. Manchmal denke ich, man m\\u00fcsste alles auf null setzen und mit klaren Strukturen neu starten. Dennoch: Wir setzen alles gesetzeskonform um und behalten den \\u00dcberblick.<\\\/p>\\n\n\n<p><em><strong>Wie sieht die Energieversorgung von morgen in Schwedt aus?<\\\/strong><\\\/em><\\\/p>\\n\n\n<p>Unser Ziel bleibt: eine sichere, bezahlbare und nachhaltige Energieversorgung. Wir arbeiten eng mit der Stadt an der kommunalen W\\u00e4rmeplanung. Die Integration erneuerbarer Energien und die Steuerbarkeit der Systeme werden entscheidend sein. Fernw\\u00e4rme bleibt ein Grundbaustein. Als Netzbetreiber und Partner der Kommune bauen und betreiben wir die Netze, und wir tun das mit Weitsicht.<\\\/p>\\n\n\n<p><em><strong>Und wie ist ihr Ausblick?<\\\/strong><\\\/em><\\\/p>\\n\n\n<p>Aus den positiven Erfahrungen der letzten Jahrzehnte sch\\u00f6pfen wir Zuversicht. Wir haben bisher jede Herausforderung als Unternehmensverbund gemeistert \\u2013 deshalb blicke ich optimistisch in die Zukunft. Die n\\u00e4chsten Jahre werden spannend, besonders im Hinblick auf die Energiewende, Digitalisierung und regulatorische Ver\\u00e4nderungen. Wir gehen die Transformation Schritt f\\u00fcr Schritt an, vorausschauend und immer mit Blick auf die Menschen in Schwedt.<\\\/p>\\n\n\n<p><strong>Vielen Dank f\\u00fcr das Gespr\\u00e4ch!<\\\/strong><\\\/p>\\n\n\n<p><\\\/p>\",\"margin\":\"default\"}}]}]}],\"name\":\"Artikel Format\"}],\"version\":\"4.4.1\"} --><\/p>\n","protected":false},"excerpt":{"rendered":"<p>Im Gespr\u00e4ch mit Marco K\u00fchn Aus Erfahrung gewachsen, f\u00fcr die Zukunft ger\u00fcstet Seit 30 Jahren begleitet Marco K\u00fchn, Prokurist und Leiter Controlling des Unternehmensverbunds Stadtwerke Schwedt, den stetigen Wandel bei der Energieversorgung. Im Gespr\u00e4ch mit uns blickt er zur\u00fcck, erkl\u00e4rt aktuelle Herausforderungen \u2013 und zeigt, warum die Stadtwerke f\u00fcr die Zukunft bestens ger\u00fcstet sind. Der [&hellip;]<\/p>\n","protected":false},"author":1,"featured_media":352,"comment_status":"open","ping_status":"open","sticky":false,"template":"","format":"standard","meta":{"footnotes":""},"categories":[1],"tags":[],"class_list":["post-363","post","type-post","status-publish","format-standard","has-post-thumbnail","hentry","category-uncategorized"],"yoast_head":"<!-- This site is optimized with the Yoast SEO plugin v26.9 - https:\/\/yoast.com\/product\/yoast-seo-wordpress\/ -->\n<title>Aus Erfahrung gewachsen, f\u00fcr die Zukunft ger\u00fcstet - UMschau Schwedt<\/title>\n<meta name=\"description\" content=\"Seit 30 Jahren begleitet Marco K\u00fchn, Prokurist und Leiter Controlling des Unternehmensverbunds Stadtwerke Schwedt, den stetigen Wandel bei der Energieversorgung.\" \/>\n<meta name=\"robots\" content=\"index, follow, max-snippet:-1, max-image-preview:large, max-video-preview:-1\" \/>\n<link rel=\"canonical\" href=\"https:\/\/stadtwerkezeitung.info\/schwedt\/2025\/11\/13\/aus-erfahrung-gewachsen-fuer-die-zukunft-geruestet\/\" \/>\n<meta property=\"og:locale\" content=\"en_US\" \/>\n<meta property=\"og:type\" content=\"article\" \/>\n<meta property=\"og:title\" content=\"Aus Erfahrung gewachsen, f\u00fcr die Zukunft ger\u00fcstet - UMschau Schwedt\" \/>\n<meta property=\"og:description\" content=\"Seit 30 Jahren begleitet Marco K\u00fchn, Prokurist und Leiter Controlling des Unternehmensverbunds Stadtwerke Schwedt, den stetigen Wandel bei der Energieversorgung.\" \/>\n<meta property=\"og:url\" content=\"https:\/\/stadtwerkezeitung.info\/schwedt\/2025\/11\/13\/aus-erfahrung-gewachsen-fuer-die-zukunft-geruestet\/\" \/>\n<meta property=\"og:site_name\" content=\"UMschau Schwedt\" \/>\n<meta property=\"article:published_time\" content=\"2025-11-13T12:33:18+00:00\" \/>\n<meta property=\"article:modified_time\" content=\"2025-11-14T11:45:00+00:00\" \/>\n<meta property=\"og:image\" content=\"https:\/\/stadtwerkezeitung.info\/schwedt\/wp-content\/uploads\/sites\/5\/2025\/11\/104bild1-scaled.jpg\" \/>\n\t<meta property=\"og:image:width\" content=\"2560\" \/>\n\t<meta property=\"og:image:height\" content=\"1707\" \/>\n\t<meta property=\"og:image:type\" content=\"image\/jpeg\" \/>\n<meta name=\"author\" content=\"admin\" \/>\n<meta name=\"twitter:card\" content=\"summary_large_image\" \/>\n<meta name=\"twitter:label1\" content=\"Written by\" \/>\n\t<meta name=\"twitter:data1\" content=\"admin\" \/>\n\t<meta name=\"twitter:label2\" content=\"Est. reading time\" \/>\n\t<meta name=\"twitter:data2\" content=\"3 minutes\" \/>\n<script type=\"application\/ld+json\" class=\"yoast-schema-graph\">{\"@context\":\"https:\/\/schema.org\",\"@graph\":[{\"@type\":\"Article\",\"@id\":\"https:\/\/stadtwerkezeitung.info\/schwedt\/2025\/11\/13\/aus-erfahrung-gewachsen-fuer-die-zukunft-geruestet\/#article\",\"isPartOf\":{\"@id\":\"https:\/\/stadtwerkezeitung.info\/schwedt\/2025\/11\/13\/aus-erfahrung-gewachsen-fuer-die-zukunft-geruestet\/\"},\"author\":{\"name\":\"admin\",\"@id\":\"https:\/\/stadtwerkezeitung.info\/schwedt\/#\/schema\/person\/acd409dca37d4bb8bf3a1284da7f1ee0\"},\"headline\":\"Aus Erfahrung gewachsen, f\u00fcr die Zukunft ger\u00fcstet\",\"datePublished\":\"2025-11-13T12:33:18+00:00\",\"dateModified\":\"2025-11-14T11:45:00+00:00\",\"mainEntityOfPage\":{\"@id\":\"https:\/\/stadtwerkezeitung.info\/schwedt\/2025\/11\/13\/aus-erfahrung-gewachsen-fuer-die-zukunft-geruestet\/\"},\"wordCount\":700,\"commentCount\":0,\"image\":{\"@id\":\"https:\/\/stadtwerkezeitung.info\/schwedt\/2025\/11\/13\/aus-erfahrung-gewachsen-fuer-die-zukunft-geruestet\/#primaryimage\"},\"thumbnailUrl\":\"https:\/\/stadtwerkezeitung.info\/schwedt\/wp-content\/uploads\/sites\/5\/2025\/11\/104bild1-scaled.jpg\",\"inLanguage\":\"en-US\",\"potentialAction\":[{\"@type\":\"CommentAction\",\"name\":\"Comment\",\"target\":[\"https:\/\/stadtwerkezeitung.info\/schwedt\/2025\/11\/13\/aus-erfahrung-gewachsen-fuer-die-zukunft-geruestet\/#respond\"]}]},{\"@type\":\"WebPage\",\"@id\":\"https:\/\/stadtwerkezeitung.info\/schwedt\/2025\/11\/13\/aus-erfahrung-gewachsen-fuer-die-zukunft-geruestet\/\",\"url\":\"https:\/\/stadtwerkezeitung.info\/schwedt\/2025\/11\/13\/aus-erfahrung-gewachsen-fuer-die-zukunft-geruestet\/\",\"name\":\"Aus Erfahrung gewachsen, f\u00fcr die Zukunft ger\u00fcstet - UMschau Schwedt\",\"isPartOf\":{\"@id\":\"https:\/\/stadtwerkezeitung.info\/schwedt\/#website\"},\"primaryImageOfPage\":{\"@id\":\"https:\/\/stadtwerkezeitung.info\/schwedt\/2025\/11\/13\/aus-erfahrung-gewachsen-fuer-die-zukunft-geruestet\/#primaryimage\"},\"image\":{\"@id\":\"https:\/\/stadtwerkezeitung.info\/schwedt\/2025\/11\/13\/aus-erfahrung-gewachsen-fuer-die-zukunft-geruestet\/#primaryimage\"},\"thumbnailUrl\":\"https:\/\/stadtwerkezeitung.info\/schwedt\/wp-content\/uploads\/sites\/5\/2025\/11\/104bild1-scaled.jpg\",\"datePublished\":\"2025-11-13T12:33:18+00:00\",\"dateModified\":\"2025-11-14T11:45:00+00:00\",\"author\":{\"@id\":\"https:\/\/stadtwerkezeitung.info\/schwedt\/#\/schema\/person\/acd409dca37d4bb8bf3a1284da7f1ee0\"},\"description\":\"Seit 30 Jahren begleitet Marco K\u00fchn, Prokurist und Leiter Controlling des Unternehmensverbunds Stadtwerke Schwedt, den stetigen Wandel bei der Energieversorgung.\",\"breadcrumb\":{\"@id\":\"https:\/\/stadtwerkezeitung.info\/schwedt\/2025\/11\/13\/aus-erfahrung-gewachsen-fuer-die-zukunft-geruestet\/#breadcrumb\"},\"inLanguage\":\"en-US\",\"potentialAction\":[{\"@type\":\"ReadAction\",\"target\":[\"https:\/\/stadtwerkezeitung.info\/schwedt\/2025\/11\/13\/aus-erfahrung-gewachsen-fuer-die-zukunft-geruestet\/\"]}]},{\"@type\":\"ImageObject\",\"inLanguage\":\"en-US\",\"@id\":\"https:\/\/stadtwerkezeitung.info\/schwedt\/2025\/11\/13\/aus-erfahrung-gewachsen-fuer-die-zukunft-geruestet\/#primaryimage\",\"url\":\"https:\/\/stadtwerkezeitung.info\/schwedt\/wp-content\/uploads\/sites\/5\/2025\/11\/104bild1-scaled.jpg\",\"contentUrl\":\"https:\/\/stadtwerkezeitung.info\/schwedt\/wp-content\/uploads\/sites\/5\/2025\/11\/104bild1-scaled.jpg\",\"width\":2560,\"height\":1707},{\"@type\":\"BreadcrumbList\",\"@id\":\"https:\/\/stadtwerkezeitung.info\/schwedt\/2025\/11\/13\/aus-erfahrung-gewachsen-fuer-die-zukunft-geruestet\/#breadcrumb\",\"itemListElement\":[{\"@type\":\"ListItem\",\"position\":1,\"name\":\"Home\",\"item\":\"https:\/\/stadtwerkezeitung.info\/schwedt\/\"},{\"@type\":\"ListItem\",\"position\":2,\"name\":\"Aus Erfahrung gewachsen, f\u00fcr die Zukunft ger\u00fcstet\"}]},{\"@type\":\"WebSite\",\"@id\":\"https:\/\/stadtwerkezeitung.info\/schwedt\/#website\",\"url\":\"https:\/\/stadtwerkezeitung.info\/schwedt\/\",\"name\":\"UMschau Schwedt\",\"description\":\"\",\"inLanguage\":\"en-US\"},{\"@type\":\"Person\",\"@id\":\"https:\/\/stadtwerkezeitung.info\/schwedt\/#\/schema\/person\/acd409dca37d4bb8bf3a1284da7f1ee0\",\"name\":\"admin\",\"image\":{\"@type\":\"ImageObject\",\"inLanguage\":\"en-US\",\"@id\":\"https:\/\/stadtwerkezeitung.info\/schwedt\/#\/schema\/person\/image\/\",\"url\":\"https:\/\/secure.gravatar.com\/avatar\/52dc0b3340c8087a51f52eaa20dc62cd4a6fe41f5bd886140989db7b572c00cd?s=96&d=mm&r=g\",\"contentUrl\":\"https:\/\/secure.gravatar.com\/avatar\/52dc0b3340c8087a51f52eaa20dc62cd4a6fe41f5bd886140989db7b572c00cd?s=96&d=mm&r=g\",\"caption\":\"admin\"},\"sameAs\":[\"https:\/\/stadtwerkezeitung.info\"]}]}<\/script>\n<!-- \/ Yoast SEO plugin. -->","yoast_head_json":{"title":"Aus Erfahrung gewachsen, f\u00fcr die Zukunft ger\u00fcstet - UMschau Schwedt","description":"Seit 30 Jahren begleitet Marco K\u00fchn, Prokurist und Leiter Controlling des Unternehmensverbunds Stadtwerke Schwedt, den stetigen Wandel bei der Energieversorgung.","robots":{"index":"index","follow":"follow","max-snippet":"max-snippet:-1","max-image-preview":"max-image-preview:large","max-video-preview":"max-video-preview:-1"},"canonical":"https:\/\/stadtwerkezeitung.info\/schwedt\/2025\/11\/13\/aus-erfahrung-gewachsen-fuer-die-zukunft-geruestet\/","og_locale":"en_US","og_type":"article","og_title":"Aus Erfahrung gewachsen, f\u00fcr die Zukunft ger\u00fcstet - UMschau Schwedt","og_description":"Seit 30 Jahren begleitet Marco K\u00fchn, Prokurist und Leiter Controlling des Unternehmensverbunds Stadtwerke Schwedt, den stetigen Wandel bei der Energieversorgung.","og_url":"https:\/\/stadtwerkezeitung.info\/schwedt\/2025\/11\/13\/aus-erfahrung-gewachsen-fuer-die-zukunft-geruestet\/","og_site_name":"UMschau Schwedt","article_published_time":"2025-11-13T12:33:18+00:00","article_modified_time":"2025-11-14T11:45:00+00:00","og_image":[{"width":2560,"height":1707,"url":"https:\/\/stadtwerkezeitung.info\/schwedt\/wp-content\/uploads\/sites\/5\/2025\/11\/104bild1-scaled.jpg","type":"image\/jpeg"}],"author":"admin","twitter_card":"summary_large_image","twitter_misc":{"Written by":"admin","Est. reading time":"3 minutes"},"schema":{"@context":"https:\/\/schema.org","@graph":[{"@type":"Article","@id":"https:\/\/stadtwerkezeitung.info\/schwedt\/2025\/11\/13\/aus-erfahrung-gewachsen-fuer-die-zukunft-geruestet\/#article","isPartOf":{"@id":"https:\/\/stadtwerkezeitung.info\/schwedt\/2025\/11\/13\/aus-erfahrung-gewachsen-fuer-die-zukunft-geruestet\/"},"author":{"name":"admin","@id":"https:\/\/stadtwerkezeitung.info\/schwedt\/#\/schema\/person\/acd409dca37d4bb8bf3a1284da7f1ee0"},"headline":"Aus Erfahrung gewachsen, f\u00fcr die Zukunft ger\u00fcstet","datePublished":"2025-11-13T12:33:18+00:00","dateModified":"2025-11-14T11:45:00+00:00","mainEntityOfPage":{"@id":"https:\/\/stadtwerkezeitung.info\/schwedt\/2025\/11\/13\/aus-erfahrung-gewachsen-fuer-die-zukunft-geruestet\/"},"wordCount":700,"commentCount":0,"image":{"@id":"https:\/\/stadtwerkezeitung.info\/schwedt\/2025\/11\/13\/aus-erfahrung-gewachsen-fuer-die-zukunft-geruestet\/#primaryimage"},"thumbnailUrl":"https:\/\/stadtwerkezeitung.info\/schwedt\/wp-content\/uploads\/sites\/5\/2025\/11\/104bild1-scaled.jpg","inLanguage":"en-US","potentialAction":[{"@type":"CommentAction","name":"Comment","target":["https:\/\/stadtwerkezeitung.info\/schwedt\/2025\/11\/13\/aus-erfahrung-gewachsen-fuer-die-zukunft-geruestet\/#respond"]}]},{"@type":"WebPage","@id":"https:\/\/stadtwerkezeitung.info\/schwedt\/2025\/11\/13\/aus-erfahrung-gewachsen-fuer-die-zukunft-geruestet\/","url":"https:\/\/stadtwerkezeitung.info\/schwedt\/2025\/11\/13\/aus-erfahrung-gewachsen-fuer-die-zukunft-geruestet\/","name":"Aus Erfahrung gewachsen, f\u00fcr die Zukunft ger\u00fcstet - UMschau Schwedt","isPartOf":{"@id":"https:\/\/stadtwerkezeitung.info\/schwedt\/#website"},"primaryImageOfPage":{"@id":"https:\/\/stadtwerkezeitung.info\/schwedt\/2025\/11\/13\/aus-erfahrung-gewachsen-fuer-die-zukunft-geruestet\/#primaryimage"},"image":{"@id":"https:\/\/stadtwerkezeitung.info\/schwedt\/2025\/11\/13\/aus-erfahrung-gewachsen-fuer-die-zukunft-geruestet\/#primaryimage"},"thumbnailUrl":"https:\/\/stadtwerkezeitung.info\/schwedt\/wp-content\/uploads\/sites\/5\/2025\/11\/104bild1-scaled.jpg","datePublished":"2025-11-13T12:33:18+00:00","dateModified":"2025-11-14T11:45:00+00:00","author":{"@id":"https:\/\/stadtwerkezeitung.info\/schwedt\/#\/schema\/person\/acd409dca37d4bb8bf3a1284da7f1ee0"},"description":"Seit 30 Jahren begleitet Marco K\u00fchn, Prokurist und Leiter Controlling des Unternehmensverbunds Stadtwerke Schwedt, den stetigen Wandel bei der Energieversorgung.","breadcrumb":{"@id":"https:\/\/stadtwerkezeitung.info\/schwedt\/2025\/11\/13\/aus-erfahrung-gewachsen-fuer-die-zukunft-geruestet\/#breadcrumb"},"inLanguage":"en-US","potentialAction":[{"@type":"ReadAction","target":["https:\/\/stadtwerkezeitung.info\/schwedt\/2025\/11\/13\/aus-erfahrung-gewachsen-fuer-die-zukunft-geruestet\/"]}]},{"@type":"ImageObject","inLanguage":"en-US","@id":"https:\/\/stadtwerkezeitung.info\/schwedt\/2025\/11\/13\/aus-erfahrung-gewachsen-fuer-die-zukunft-geruestet\/#primaryimage","url":"https:\/\/stadtwerkezeitung.info\/schwedt\/wp-content\/uploads\/sites\/5\/2025\/11\/104bild1-scaled.jpg","contentUrl":"https:\/\/stadtwerkezeitung.info\/schwedt\/wp-content\/uploads\/sites\/5\/2025\/11\/104bild1-scaled.jpg","width":2560,"height":1707},{"@type":"BreadcrumbList","@id":"https:\/\/stadtwerkezeitung.info\/schwedt\/2025\/11\/13\/aus-erfahrung-gewachsen-fuer-die-zukunft-geruestet\/#breadcrumb","itemListElement":[{"@type":"ListItem","position":1,"name":"Home","item":"https:\/\/stadtwerkezeitung.info\/schwedt\/"},{"@type":"ListItem","position":2,"name":"Aus Erfahrung gewachsen, f\u00fcr die Zukunft ger\u00fcstet"}]},{"@type":"WebSite","@id":"https:\/\/stadtwerkezeitung.info\/schwedt\/#website","url":"https:\/\/stadtwerkezeitung.info\/schwedt\/","name":"UMschau Schwedt","description":"","inLanguage":"en-US"},{"@type":"Person","@id":"https:\/\/stadtwerkezeitung.info\/schwedt\/#\/schema\/person\/acd409dca37d4bb8bf3a1284da7f1ee0","name":"admin","image":{"@type":"ImageObject","inLanguage":"en-US","@id":"https:\/\/stadtwerkezeitung.info\/schwedt\/#\/schema\/person\/image\/","url":"https:\/\/secure.gravatar.com\/avatar\/52dc0b3340c8087a51f52eaa20dc62cd4a6fe41f5bd886140989db7b572c00cd?s=96&d=mm&r=g","contentUrl":"https:\/\/secure.gravatar.com\/avatar\/52dc0b3340c8087a51f52eaa20dc62cd4a6fe41f5bd886140989db7b572c00cd?s=96&d=mm&r=g","caption":"admin"},"sameAs":["https:\/\/stadtwerkezeitung.info"]}]}},"_links":{"self":[{"href":"https:\/\/stadtwerkezeitung.info\/schwedt\/wp-json\/wp\/v2\/posts\/363","targetHints":{"allow":["GET"]}}],"collection":[{"href":"https:\/\/stadtwerkezeitung.info\/schwedt\/wp-json\/wp\/v2\/posts"}],"about":[{"href":"https:\/\/stadtwerkezeitung.info\/schwedt\/wp-json\/wp\/v2\/types\/post"}],"author":[{"embeddable":true,"href":"https:\/\/stadtwerkezeitung.info\/schwedt\/wp-json\/wp\/v2\/users\/1"}],"replies":[{"embeddable":true,"href":"https:\/\/stadtwerkezeitung.info\/schwedt\/wp-json\/wp\/v2\/comments?post=363"}],"version-history":[{"count":4,"href":"https:\/\/stadtwerkezeitung.info\/schwedt\/wp-json\/wp\/v2\/posts\/363\/revisions"}],"predecessor-version":[{"id":485,"href":"https:\/\/stadtwerkezeitung.info\/schwedt\/wp-json\/wp\/v2\/posts\/363\/revisions\/485"}],"wp:featuredmedia":[{"embeddable":true,"href":"https:\/\/stadtwerkezeitung.info\/schwedt\/wp-json\/wp\/v2\/media\/352"}],"wp:attachment":[{"href":"https:\/\/stadtwerkezeitung.info\/schwedt\/wp-json\/wp\/v2\/media?parent=363"}],"wp:term":[{"taxonomy":"category","embeddable":true,"href":"https:\/\/stadtwerkezeitung.info\/schwedt\/wp-json\/wp\/v2\/categories?post=363"},{"taxonomy":"post_tag","embeddable":true,"href":"https:\/\/stadtwerkezeitung.info\/schwedt\/wp-json\/wp\/v2\/tags?post=363"}],"curies":[{"name":"wp","href":"https:\/\/api.w.org\/{rel}","templated":true}]}}