{"id":368,"date":"2025-11-13T12:42:25","date_gmt":"2025-11-13T12:42:25","guid":{"rendered":"https:\/\/stadtwerkezeitung.info\/schwedt\/?p=368"},"modified":"2025-11-13T12:49:26","modified_gmt":"2025-11-13T12:49:26","slug":"fachangestellter-fuer-baederbetriebe-der-allrounder-am-beckenrand","status":"publish","type":"post","link":"https:\/\/stadtwerkezeitung.info\/schwedt\/2025\/11\/13\/fachangestellter-fuer-baederbetriebe-der-allrounder-am-beckenrand\/","title":{"rendered":"Fachangestellter f\u00fcr B\u00e4derbetriebe: Der Allrounder am Beckenrand"},"content":{"rendered":"<h2>Azubis und Fachkr\u00e4fte gesucht<\/h2>\n<h1>Fachangestellter f\u00fcr B\u00e4derbetriebe: Der Allrounder am Beckenrand<\/h1>\n<h2>Das AquariUM Schwedt bildet 2026 wieder einen Fachangestellten f\u00fcr B\u00e4derbetriebe (FAB) aus. Und freut sich auch auf Bewerbungen bereits erfahrener Fachkr\u00e4fte. Der Job ist vielf\u00e4ltig und verantwortungsvoll. Wir trafen Daniel Wei\u00dfer, der im Verbund mit dem Freizeitbad BAFF Eberswalde seine dreij\u00e4hrige Ausbildung abgeschlossen hat.<\/h2>\n<p><img decoding=\"async\" src=\"\/schwedt\/wp-content\/uploads\/sites\/5\/2025\/11\/105bild1-scaled.jpg\" alt=\"\"><\/p>\n<div>\n<p><em>In den Katakomben des AquariUM: Daniel Wei\u00dfer beprobt das gefilterte und aufbereitete Schwimmwasser.<\/p>\n<p><small> Fotos (3): SPREE-PR\/Petsch <br \/><\/small><\/em><\/p>\n<\/div>\n<div>\n<p>Der 23-J\u00e4hrige sorgt im Schwedter Freizeit- und Erlebnisbad f\u00fcr Sicherheit und Sauberkeit, damit G\u00e4ste ihren Aufenthalt sorglos genie\u00dfen k\u00f6nnen. Noch bevor sie die ersten Bahnen ziehen, steht der Fachangestellte ab sechs Uhr in der Schwimmhalle. Nach festem Reinigungsplan s\u00e4ubert er Becken und Beckenumgang, testet Chlor- und pH-Werte im Reagenzglas. \u201eWir haben f\u00fcr jeden Wert eine Tropfenkombination\u201c, erkl\u00e4rt er. \u201eDas Wasser muss perfekt sein.\u201c<\/p>\n<\/div>\n<div>\n<p>Heute kennt er jede Leitung, kalibriert Messzellen und behebt kleine St\u00f6rungen. Am Wochenende, wenn die Techniker frei haben, \u00fcbernimmt er die Aufgabe ganz selbst\u00e4ndig. Acht Uhr morgens, wenn das Sportbad wochentags \u00f6ffnet, hat er Aufsicht, gemeinsam mit einem Rettungsschwimmer pro Schicht. \u201eWenn es voll ist und viele Kinder planschen und rutschen, muss man sehr konzentriert sein\u201c, sagt Daniel Wei\u00dfer. Schon im ersten Lehrjahr legte er die Rettungsschwimmpr\u00fcfung ab, alle zwei Jahre wird die Rettungsf\u00e4higkeit erneut gepr\u00fcft. \u201eMan sollte fit bleiben.\u201c Als Azubi geh\u00f6rte auch Schwimmtraining dazu, heute darf er Abzeichen abnehmen.<\/p>\n<\/div>\n<p><img decoding=\"async\" src=\"\/schwedt\/wp-content\/uploads\/sites\/5\/2025\/11\/105bild2-scaled.jpg\" alt=\"\"><\/p>\n<div>\n<p><em>Aufsicht am Beckenrand des Spa\u00dfbads. <small><\/small><\/em><\/p>\n<\/div>\n<p><img decoding=\"async\" src=\"\/schwedt\/wp-content\/uploads\/sites\/5\/2025\/11\/105bild3-scaled.jpg\" alt=\"\"><\/p>\n<div>\n<p><em>Hier kommt Daniel Wei\u00dfer ins Schwitzen: Aufguss in der Panoramasauna im Saunagarten. <small><\/small><\/em><\/p>\n<\/div>\n<div>Zwischendurch verschwindet Daniel Wei\u00dfer in den Saunabereich: Der Saunaaufguss ist eine weitere seiner Aufgaben. Um 12 Uhr steht er im kurzen Shirt und kurzen Hosen in der 90 Grad hei\u00dfen Panoramasauna und heizt anderen beim Aufguss ein. Und wo erholt er sich privat am liebsten? \u201eAuch am Wasser\u201c, sagt er lachend. \u201eIm Urlaub bin ich gern am Meer in Spanien.\u201c<\/div>\n<div>\n<h3>Noch bis zum 30.11. l\u00e4uft die Bewerbungs&shy;phase aller Ausbildungs&shy;angebote des Unternehmens&shy;verbunds Stadtwerke Schwedt f\u00fcr 2026.<\/h3>\n<p><a href=\"https:\/\/karriere.stadtwerke-schwedt.de\">Einfach online bewerben<\/a><\/p>\n<\/div>\n<p><!--more--><br \/>\n<!-- {\"type\":\"layout\",\"children\":[{\"type\":\"section\",\"props\":{\"image_position\":\"center-center\",\"padding_remove_top\":true,\"style\":\"default\",\"title_breakpoint\":\"xl\",\"title_position\":\"top-left\",\"title_rotation\":\"left\",\"vertical_align\":\"\",\"width\":\"small\"},\"children\":[{\"type\":\"row\",\"children\":[{\"type\":\"column\",\"props\":{\"image_position\":\"center-center\",\"position_sticky_breakpoint\":\"m\"},\"children\":[{\"type\":\"headline\",\"props\":{\"content\":\"Azubis und Fachkr\\u00e4fte gesucht\",\"margin\":\"small\",\"margin_remove_bottom\":false,\"margin_remove_top\":false,\"title_element\":\"h2\",\"title_style\":\"h6\"}},{\"type\":\"headline\",\"props\":{\"content\":\"Fachangestellter f\\u00fcr B\\u00e4derbetriebe: Der Allrounder am Beckenrand\",\"margin\":\"small\",\"margin_remove_bottom\":false,\"margin_remove_top\":false,\"title_element\":\"h1\",\"title_style\":\"h2\"}},{\"type\":\"headline\",\"props\":{\"content\":\"Das AquariUM Schwedt bildet 2026 wieder einen Fachangestellten f\\u00fcr B\\u00e4derbetriebe (FAB) aus. Und freut sich auch auf Bewerbungen bereits erfahrener Fachkr\\u00e4fte. Der Job ist vielf\\u00e4ltig und verantwortungsvoll. Wir trafen Daniel Wei\\u00dfer, der im Verbund mit dem Freizeitbad BAFF Eberswalde seine dreij\\u00e4hrige Ausbildung abgeschlossen hat.\",\"margin\":\"small\",\"margin_remove_top\":false,\"title_element\":\"h2\",\"title_style\":\"text-lead\"}},{\"type\":\"image\",\"props\":{\"image\":\"wp-content\\\/uploads\\\/sites\\\/5\\\/2025\\\/11\\\/105bild1-scaled.jpg\",\"image_svg_color\":\"emphasis\",\"margin\":\"default\"}},{\"type\":\"text\",\"props\":{\"column_breakpoint\":\"m\",\"content\":\"\n\n<p><em>In den Katakomben des AquariUM: Daniel Wei\\u00dfer beprobt das gefilterte und aufbereitete Schwimmwasser.\\n\\n\\n\\n\\n    \\n    <br \\\/><small> Fotos (3): SPREE-PR\\\/Petsch <br \\\/><\\\/small><\\\/em><\\\/p>\",\"margin\":\"default\"}},{\"type\":\"text\",\"props\":{\"column_breakpoint\":\"m\",\"content\":\"\n\n<p>Der 23-J\\u00e4hrige sorgt im Schwedter Freizeit- und Erlebnisbad f\\u00fcr Sicherheit und Sauberkeit, damit G\\u00e4ste ihren Aufenthalt sorglos genie\\u00dfen k\\u00f6nnen. Noch bevor sie die ersten Bahnen ziehen, steht der Fachangestellte ab sechs Uhr in der Schwimmhalle. Nach festem Reinigungsplan s\\u00e4ubert er Becken und Beckenumgang, testet Chlor- und pH-Werte im Reagenzglas. \\u201eWir haben f\\u00fcr jeden Wert eine Tropfenkombination\\u201c, erkl\\u00e4rt er. \\u201eDas Wasser muss perfekt sein.\\u201c<\\\/p>\",\"margin\":\"default\"}}]}]},{\"type\":\"row\",\"props\":{\"divider\":true,\"layout\":\"1-2,1-2\"},\"children\":[{\"type\":\"column\",\"props\":{\"image_position\":\"center-center\",\"position_sticky_breakpoint\":\"m\",\"vertical_align\":\"middle\",\"width_medium\":\"1-2\"},\"children\":[{\"type\":\"text\",\"props\":{\"column_breakpoint\":\"m\",\"content\":\"\n\n<p>Heute kennt er jede Leitung, kalibriert Messzellen und behebt kleine St\\u00f6rungen. Am Wochenende, wenn die Techniker frei haben, \\u00fcbernimmt er die Aufgabe ganz selbst\\u00e4ndig. Acht Uhr morgens, wenn das Sportbad wochentags \\u00f6ffnet, hat er Aufsicht, gemeinsam mit einem Rettungsschwimmer pro Schicht. \\u201eWenn es voll ist und viele Kinder planschen und rutschen, muss man sehr konzentriert sein\\u201c, sagt Daniel Wei\\u00dfer. Schon im ersten Lehrjahr legte er die Rettungsschwimmpr\\u00fcfung ab, alle zwei Jahre wird die Rettungsf\\u00e4higkeit erneut gepr\\u00fcft. \\u201eMan sollte fit bleiben.\\u201c Als Azubi geh\\u00f6rte auch Schwimmtraining dazu, heute darf er Abzeichen abnehmen.<\\\/p>\",\"margin\":\"default\"}}]},{\"type\":\"column\",\"props\":{\"image_position\":\"center-center\",\"position_sticky_breakpoint\":\"m\",\"width_medium\":\"1-2\"},\"children\":[{\"type\":\"image\",\"props\":{\"image\":\"wp-content\\\/uploads\\\/sites\\\/5\\\/2025\\\/11\\\/105bild2-scaled.jpg\",\"image_svg_color\":\"emphasis\",\"margin\":\"default\"}},{\"type\":\"text\",\"props\":{\"column_breakpoint\":\"m\",\"content\":\"\n\n<p><em>Aufsicht am Beckenrand des Spa\\u00dfbads. <small><\\\/small><\\\/em><\\\/p>\",\"margin\":\"default\"}}]}]},{\"type\":\"row\",\"props\":{\"divider\":true,\"layout\":\"1-2,1-2\"},\"children\":[{\"type\":\"column\",\"props\":{\"image_position\":\"center-center\",\"position_sticky_breakpoint\":\"m\",\"width_medium\":\"1-2\"},\"children\":[{\"type\":\"image\",\"props\":{\"image\":\"wp-content\\\/uploads\\\/sites\\\/5\\\/2025\\\/11\\\/105bild3-scaled.jpg\",\"image_svg_color\":\"emphasis\",\"margin\":\"default\"}},{\"type\":\"text\",\"props\":{\"column_breakpoint\":\"m\",\"content\":\"\n\n<p><em>Hier kommt Daniel Wei\\u00dfer ins Schwitzen: Aufguss in der Panoramasauna im Saunagarten. <small><\\\/small><\\\/em><\\\/p>\",\"margin\":\"default\"}}]},{\"type\":\"column\",\"props\":{\"image_position\":\"center-center\",\"position_sticky_breakpoint\":\"m\",\"vertical_align\":\"middle\",\"width_medium\":\"1-2\"},\"children\":[{\"type\":\"text\",\"props\":{\"column_breakpoint\":\"m\",\"content\":\"Zwischendurch verschwindet Daniel Wei\\u00dfer in den Saunabereich: Der Saunaaufguss ist eine weitere seiner Aufgaben. Um 12 Uhr steht er im kurzen Shirt und kurzen Hosen in der 90 Grad hei\\u00dfen Panoramasauna und heizt anderen beim Aufguss ein. Und wo erholt er sich privat am liebsten? \\u201eAuch am Wasser\\u201c, sagt er lachend. \\u201eIm Urlaub bin ich gern am Meer in Spanien.\\u201c\",\"margin\":\"default\"}}]}]},{\"type\":\"row\",\"children\":[{\"type\":\"column\",\"props\":{\"image_position\":\"center-center\",\"position_sticky_breakpoint\":\"m\"},\"children\":[{\"type\":\"panel\",\"props\":{\"content_column_breakpoint\":\"m\",\"icon\":\"link-external\",\"icon_width\":80,\"image_align\":\"left\",\"image_grid_breakpoint\":\"m\",\"image_grid_width\":\"auto\",\"image_svg_color\":\"emphasis\",\"image_vertical_align\":true,\"link\":\"https:\\\/\\\/karriere.stadtwerke-schwedt.de\",\"link_fullwidth\":true,\"link_style\":\"primary\",\"link_text\":\"Einfach online bewerben\",\"margin\":\"default\",\"meta_align\":\"below-title\",\"meta_element\":\"div\",\"meta_style\":\"text-meta\",\"panel_link\":true,\"panel_padding\":\"default\",\"panel_style\":\"card-primary\",\"title\":\"Noch bis zum 30.11. l\\u00e4uft die Bewerbungs&shy;phase aller Ausbildungs&shy;angebote des Unternehmens&shy;verbunds Stadtwerke Schwedt f\\u00fcr 2026.\",\"title_align\":\"top\",\"title_element\":\"h3\",\"title_grid_breakpoint\":\"m\",\"title_grid_width\":\"1-2\",\"title_hover_style\":\"reset\"}}]}]}],\"name\":\"Artikel Format\"}],\"version\":\"4.4.1\"} --><\/p>\n","protected":false},"excerpt":{"rendered":"<p>Azubis und Fachkr\u00e4fte gesucht Fachangestellter f\u00fcr B\u00e4derbetriebe: Der Allrounder am Beckenrand Das AquariUM Schwedt bildet 2026 wieder einen Fachangestellten f\u00fcr B\u00e4derbetriebe (FAB) aus. Und freut sich auch auf Bewerbungen bereits erfahrener Fachkr\u00e4fte. Der Job ist vielf\u00e4ltig und verantwortungsvoll. Wir trafen Daniel Wei\u00dfer, der im Verbund mit dem Freizeitbad BAFF Eberswalde seine dreij\u00e4hrige Ausbildung abgeschlossen hat. [&hellip;]<\/p>\n","protected":false},"author":1,"featured_media":353,"comment_status":"open","ping_status":"open","sticky":false,"template":"","format":"standard","meta":{"footnotes":""},"categories":[1],"tags":[],"class_list":["post-368","post","type-post","status-publish","format-standard","has-post-thumbnail","hentry","category-uncategorized"],"yoast_head":"<!-- This site is optimized with the Yoast SEO plugin v26.9 - https:\/\/yoast.com\/product\/yoast-seo-wordpress\/ -->\n<title>Fachangestellter f\u00fcr B\u00e4derbetriebe: Der Allrounder am Beckenrand - UMschau Schwedt<\/title>\n<meta name=\"description\" content=\"Das AquariUM Schwedt bildet 2026 wieder einen Fachangestellten f\u00fcr B\u00e4derbetriebe (FAB) aus und freut sich auch auf Bewerbungen bereits erfahrener Fachkr\u00e4fte.\" \/>\n<meta name=\"robots\" content=\"index, follow, max-snippet:-1, max-image-preview:large, max-video-preview:-1\" \/>\n<link rel=\"canonical\" href=\"https:\/\/stadtwerkezeitung.info\/schwedt\/2025\/11\/13\/fachangestellter-fuer-baederbetriebe-der-allrounder-am-beckenrand\/\" \/>\n<meta property=\"og:locale\" content=\"en_US\" \/>\n<meta property=\"og:type\" content=\"article\" \/>\n<meta property=\"og:title\" content=\"Fachangestellter f\u00fcr B\u00e4derbetriebe: Der Allrounder am Beckenrand - UMschau Schwedt\" \/>\n<meta property=\"og:description\" content=\"Das AquariUM Schwedt bildet 2026 wieder einen Fachangestellten f\u00fcr B\u00e4derbetriebe (FAB) aus und freut sich auch auf Bewerbungen bereits erfahrener Fachkr\u00e4fte.\" \/>\n<meta property=\"og:url\" content=\"https:\/\/stadtwerkezeitung.info\/schwedt\/2025\/11\/13\/fachangestellter-fuer-baederbetriebe-der-allrounder-am-beckenrand\/\" \/>\n<meta property=\"og:site_name\" content=\"UMschau Schwedt\" \/>\n<meta property=\"article:published_time\" content=\"2025-11-13T12:42:25+00:00\" \/>\n<meta property=\"article:modified_time\" content=\"2025-11-13T12:49:26+00:00\" \/>\n<meta property=\"og:image\" content=\"https:\/\/stadtwerkezeitung.info\/schwedt\/wp-content\/uploads\/sites\/5\/2025\/11\/105bild1-scaled.jpg\" \/>\n\t<meta property=\"og:image:width\" content=\"2560\" \/>\n\t<meta property=\"og:image:height\" content=\"1707\" \/>\n\t<meta property=\"og:image:type\" content=\"image\/jpeg\" \/>\n<meta name=\"author\" content=\"admin\" \/>\n<meta name=\"twitter:card\" content=\"summary_large_image\" \/>\n<meta name=\"twitter:label1\" content=\"Written by\" \/>\n\t<meta name=\"twitter:data1\" content=\"admin\" \/>\n\t<meta name=\"twitter:label2\" content=\"Est. reading time\" \/>\n\t<meta name=\"twitter:data2\" content=\"3 minutes\" \/>\n<script type=\"application\/ld+json\" class=\"yoast-schema-graph\">{\"@context\":\"https:\/\/schema.org\",\"@graph\":[{\"@type\":\"Article\",\"@id\":\"https:\/\/stadtwerkezeitung.info\/schwedt\/2025\/11\/13\/fachangestellter-fuer-baederbetriebe-der-allrounder-am-beckenrand\/#article\",\"isPartOf\":{\"@id\":\"https:\/\/stadtwerkezeitung.info\/schwedt\/2025\/11\/13\/fachangestellter-fuer-baederbetriebe-der-allrounder-am-beckenrand\/\"},\"author\":{\"name\":\"admin\",\"@id\":\"https:\/\/stadtwerkezeitung.info\/schwedt\/#\/schema\/person\/acd409dca37d4bb8bf3a1284da7f1ee0\"},\"headline\":\"Fachangestellter f\u00fcr B\u00e4derbetriebe: Der Allrounder am Beckenrand\",\"datePublished\":\"2025-11-13T12:42:25+00:00\",\"dateModified\":\"2025-11-13T12:49:26+00:00\",\"mainEntityOfPage\":{\"@id\":\"https:\/\/stadtwerkezeitung.info\/schwedt\/2025\/11\/13\/fachangestellter-fuer-baederbetriebe-der-allrounder-am-beckenrand\/\"},\"wordCount\":361,\"commentCount\":0,\"image\":{\"@id\":\"https:\/\/stadtwerkezeitung.info\/schwedt\/2025\/11\/13\/fachangestellter-fuer-baederbetriebe-der-allrounder-am-beckenrand\/#primaryimage\"},\"thumbnailUrl\":\"https:\/\/stadtwerkezeitung.info\/schwedt\/wp-content\/uploads\/sites\/5\/2025\/11\/105bild1-scaled.jpg\",\"inLanguage\":\"en-US\",\"potentialAction\":[{\"@type\":\"CommentAction\",\"name\":\"Comment\",\"target\":[\"https:\/\/stadtwerkezeitung.info\/schwedt\/2025\/11\/13\/fachangestellter-fuer-baederbetriebe-der-allrounder-am-beckenrand\/#respond\"]}]},{\"@type\":\"WebPage\",\"@id\":\"https:\/\/stadtwerkezeitung.info\/schwedt\/2025\/11\/13\/fachangestellter-fuer-baederbetriebe-der-allrounder-am-beckenrand\/\",\"url\":\"https:\/\/stadtwerkezeitung.info\/schwedt\/2025\/11\/13\/fachangestellter-fuer-baederbetriebe-der-allrounder-am-beckenrand\/\",\"name\":\"Fachangestellter f\u00fcr B\u00e4derbetriebe: Der Allrounder am Beckenrand - UMschau Schwedt\",\"isPartOf\":{\"@id\":\"https:\/\/stadtwerkezeitung.info\/schwedt\/#website\"},\"primaryImageOfPage\":{\"@id\":\"https:\/\/stadtwerkezeitung.info\/schwedt\/2025\/11\/13\/fachangestellter-fuer-baederbetriebe-der-allrounder-am-beckenrand\/#primaryimage\"},\"image\":{\"@id\":\"https:\/\/stadtwerkezeitung.info\/schwedt\/2025\/11\/13\/fachangestellter-fuer-baederbetriebe-der-allrounder-am-beckenrand\/#primaryimage\"},\"thumbnailUrl\":\"https:\/\/stadtwerkezeitung.info\/schwedt\/wp-content\/uploads\/sites\/5\/2025\/11\/105bild1-scaled.jpg\",\"datePublished\":\"2025-11-13T12:42:25+00:00\",\"dateModified\":\"2025-11-13T12:49:26+00:00\",\"author\":{\"@id\":\"https:\/\/stadtwerkezeitung.info\/schwedt\/#\/schema\/person\/acd409dca37d4bb8bf3a1284da7f1ee0\"},\"description\":\"Das AquariUM Schwedt bildet 2026 wieder einen Fachangestellten f\u00fcr B\u00e4derbetriebe (FAB) aus und freut sich auch auf Bewerbungen bereits erfahrener Fachkr\u00e4fte.\",\"breadcrumb\":{\"@id\":\"https:\/\/stadtwerkezeitung.info\/schwedt\/2025\/11\/13\/fachangestellter-fuer-baederbetriebe-der-allrounder-am-beckenrand\/#breadcrumb\"},\"inLanguage\":\"en-US\",\"potentialAction\":[{\"@type\":\"ReadAction\",\"target\":[\"https:\/\/stadtwerkezeitung.info\/schwedt\/2025\/11\/13\/fachangestellter-fuer-baederbetriebe-der-allrounder-am-beckenrand\/\"]}]},{\"@type\":\"ImageObject\",\"inLanguage\":\"en-US\",\"@id\":\"https:\/\/stadtwerkezeitung.info\/schwedt\/2025\/11\/13\/fachangestellter-fuer-baederbetriebe-der-allrounder-am-beckenrand\/#primaryimage\",\"url\":\"https:\/\/stadtwerkezeitung.info\/schwedt\/wp-content\/uploads\/sites\/5\/2025\/11\/105bild1-scaled.jpg\",\"contentUrl\":\"https:\/\/stadtwerkezeitung.info\/schwedt\/wp-content\/uploads\/sites\/5\/2025\/11\/105bild1-scaled.jpg\",\"width\":2560,\"height\":1707},{\"@type\":\"BreadcrumbList\",\"@id\":\"https:\/\/stadtwerkezeitung.info\/schwedt\/2025\/11\/13\/fachangestellter-fuer-baederbetriebe-der-allrounder-am-beckenrand\/#breadcrumb\",\"itemListElement\":[{\"@type\":\"ListItem\",\"position\":1,\"name\":\"Home\",\"item\":\"https:\/\/stadtwerkezeitung.info\/schwedt\/\"},{\"@type\":\"ListItem\",\"position\":2,\"name\":\"Fachangestellter f\u00fcr B\u00e4derbetriebe: Der Allrounder am Beckenrand\"}]},{\"@type\":\"WebSite\",\"@id\":\"https:\/\/stadtwerkezeitung.info\/schwedt\/#website\",\"url\":\"https:\/\/stadtwerkezeitung.info\/schwedt\/\",\"name\":\"UMschau Schwedt\",\"description\":\"\",\"inLanguage\":\"en-US\"},{\"@type\":\"Person\",\"@id\":\"https:\/\/stadtwerkezeitung.info\/schwedt\/#\/schema\/person\/acd409dca37d4bb8bf3a1284da7f1ee0\",\"name\":\"admin\",\"image\":{\"@type\":\"ImageObject\",\"inLanguage\":\"en-US\",\"@id\":\"https:\/\/stadtwerkezeitung.info\/schwedt\/#\/schema\/person\/image\/\",\"url\":\"https:\/\/secure.gravatar.com\/avatar\/52dc0b3340c8087a51f52eaa20dc62cd4a6fe41f5bd886140989db7b572c00cd?s=96&d=mm&r=g\",\"contentUrl\":\"https:\/\/secure.gravatar.com\/avatar\/52dc0b3340c8087a51f52eaa20dc62cd4a6fe41f5bd886140989db7b572c00cd?s=96&d=mm&r=g\",\"caption\":\"admin\"},\"sameAs\":[\"https:\/\/stadtwerkezeitung.info\"]}]}<\/script>\n<!-- \/ Yoast SEO plugin. -->","yoast_head_json":{"title":"Fachangestellter f\u00fcr B\u00e4derbetriebe: Der Allrounder am Beckenrand - UMschau Schwedt","description":"Das AquariUM Schwedt bildet 2026 wieder einen Fachangestellten f\u00fcr B\u00e4derbetriebe (FAB) aus und freut sich auch auf Bewerbungen bereits erfahrener Fachkr\u00e4fte.","robots":{"index":"index","follow":"follow","max-snippet":"max-snippet:-1","max-image-preview":"max-image-preview:large","max-video-preview":"max-video-preview:-1"},"canonical":"https:\/\/stadtwerkezeitung.info\/schwedt\/2025\/11\/13\/fachangestellter-fuer-baederbetriebe-der-allrounder-am-beckenrand\/","og_locale":"en_US","og_type":"article","og_title":"Fachangestellter f\u00fcr B\u00e4derbetriebe: Der Allrounder am Beckenrand - UMschau Schwedt","og_description":"Das AquariUM Schwedt bildet 2026 wieder einen Fachangestellten f\u00fcr B\u00e4derbetriebe (FAB) aus und freut sich auch auf Bewerbungen bereits erfahrener Fachkr\u00e4fte.","og_url":"https:\/\/stadtwerkezeitung.info\/schwedt\/2025\/11\/13\/fachangestellter-fuer-baederbetriebe-der-allrounder-am-beckenrand\/","og_site_name":"UMschau Schwedt","article_published_time":"2025-11-13T12:42:25+00:00","article_modified_time":"2025-11-13T12:49:26+00:00","og_image":[{"width":2560,"height":1707,"url":"https:\/\/stadtwerkezeitung.info\/schwedt\/wp-content\/uploads\/sites\/5\/2025\/11\/105bild1-scaled.jpg","type":"image\/jpeg"}],"author":"admin","twitter_card":"summary_large_image","twitter_misc":{"Written by":"admin","Est. reading time":"3 minutes"},"schema":{"@context":"https:\/\/schema.org","@graph":[{"@type":"Article","@id":"https:\/\/stadtwerkezeitung.info\/schwedt\/2025\/11\/13\/fachangestellter-fuer-baederbetriebe-der-allrounder-am-beckenrand\/#article","isPartOf":{"@id":"https:\/\/stadtwerkezeitung.info\/schwedt\/2025\/11\/13\/fachangestellter-fuer-baederbetriebe-der-allrounder-am-beckenrand\/"},"author":{"name":"admin","@id":"https:\/\/stadtwerkezeitung.info\/schwedt\/#\/schema\/person\/acd409dca37d4bb8bf3a1284da7f1ee0"},"headline":"Fachangestellter f\u00fcr B\u00e4derbetriebe: Der Allrounder am Beckenrand","datePublished":"2025-11-13T12:42:25+00:00","dateModified":"2025-11-13T12:49:26+00:00","mainEntityOfPage":{"@id":"https:\/\/stadtwerkezeitung.info\/schwedt\/2025\/11\/13\/fachangestellter-fuer-baederbetriebe-der-allrounder-am-beckenrand\/"},"wordCount":361,"commentCount":0,"image":{"@id":"https:\/\/stadtwerkezeitung.info\/schwedt\/2025\/11\/13\/fachangestellter-fuer-baederbetriebe-der-allrounder-am-beckenrand\/#primaryimage"},"thumbnailUrl":"https:\/\/stadtwerkezeitung.info\/schwedt\/wp-content\/uploads\/sites\/5\/2025\/11\/105bild1-scaled.jpg","inLanguage":"en-US","potentialAction":[{"@type":"CommentAction","name":"Comment","target":["https:\/\/stadtwerkezeitung.info\/schwedt\/2025\/11\/13\/fachangestellter-fuer-baederbetriebe-der-allrounder-am-beckenrand\/#respond"]}]},{"@type":"WebPage","@id":"https:\/\/stadtwerkezeitung.info\/schwedt\/2025\/11\/13\/fachangestellter-fuer-baederbetriebe-der-allrounder-am-beckenrand\/","url":"https:\/\/stadtwerkezeitung.info\/schwedt\/2025\/11\/13\/fachangestellter-fuer-baederbetriebe-der-allrounder-am-beckenrand\/","name":"Fachangestellter f\u00fcr B\u00e4derbetriebe: Der Allrounder am Beckenrand - UMschau Schwedt","isPartOf":{"@id":"https:\/\/stadtwerkezeitung.info\/schwedt\/#website"},"primaryImageOfPage":{"@id":"https:\/\/stadtwerkezeitung.info\/schwedt\/2025\/11\/13\/fachangestellter-fuer-baederbetriebe-der-allrounder-am-beckenrand\/#primaryimage"},"image":{"@id":"https:\/\/stadtwerkezeitung.info\/schwedt\/2025\/11\/13\/fachangestellter-fuer-baederbetriebe-der-allrounder-am-beckenrand\/#primaryimage"},"thumbnailUrl":"https:\/\/stadtwerkezeitung.info\/schwedt\/wp-content\/uploads\/sites\/5\/2025\/11\/105bild1-scaled.jpg","datePublished":"2025-11-13T12:42:25+00:00","dateModified":"2025-11-13T12:49:26+00:00","author":{"@id":"https:\/\/stadtwerkezeitung.info\/schwedt\/#\/schema\/person\/acd409dca37d4bb8bf3a1284da7f1ee0"},"description":"Das AquariUM Schwedt bildet 2026 wieder einen Fachangestellten f\u00fcr B\u00e4derbetriebe (FAB) aus und freut sich auch auf Bewerbungen bereits erfahrener Fachkr\u00e4fte.","breadcrumb":{"@id":"https:\/\/stadtwerkezeitung.info\/schwedt\/2025\/11\/13\/fachangestellter-fuer-baederbetriebe-der-allrounder-am-beckenrand\/#breadcrumb"},"inLanguage":"en-US","potentialAction":[{"@type":"ReadAction","target":["https:\/\/stadtwerkezeitung.info\/schwedt\/2025\/11\/13\/fachangestellter-fuer-baederbetriebe-der-allrounder-am-beckenrand\/"]}]},{"@type":"ImageObject","inLanguage":"en-US","@id":"https:\/\/stadtwerkezeitung.info\/schwedt\/2025\/11\/13\/fachangestellter-fuer-baederbetriebe-der-allrounder-am-beckenrand\/#primaryimage","url":"https:\/\/stadtwerkezeitung.info\/schwedt\/wp-content\/uploads\/sites\/5\/2025\/11\/105bild1-scaled.jpg","contentUrl":"https:\/\/stadtwerkezeitung.info\/schwedt\/wp-content\/uploads\/sites\/5\/2025\/11\/105bild1-scaled.jpg","width":2560,"height":1707},{"@type":"BreadcrumbList","@id":"https:\/\/stadtwerkezeitung.info\/schwedt\/2025\/11\/13\/fachangestellter-fuer-baederbetriebe-der-allrounder-am-beckenrand\/#breadcrumb","itemListElement":[{"@type":"ListItem","position":1,"name":"Home","item":"https:\/\/stadtwerkezeitung.info\/schwedt\/"},{"@type":"ListItem","position":2,"name":"Fachangestellter f\u00fcr B\u00e4derbetriebe: Der Allrounder am Beckenrand"}]},{"@type":"WebSite","@id":"https:\/\/stadtwerkezeitung.info\/schwedt\/#website","url":"https:\/\/stadtwerkezeitung.info\/schwedt\/","name":"UMschau Schwedt","description":"","inLanguage":"en-US"},{"@type":"Person","@id":"https:\/\/stadtwerkezeitung.info\/schwedt\/#\/schema\/person\/acd409dca37d4bb8bf3a1284da7f1ee0","name":"admin","image":{"@type":"ImageObject","inLanguage":"en-US","@id":"https:\/\/stadtwerkezeitung.info\/schwedt\/#\/schema\/person\/image\/","url":"https:\/\/secure.gravatar.com\/avatar\/52dc0b3340c8087a51f52eaa20dc62cd4a6fe41f5bd886140989db7b572c00cd?s=96&d=mm&r=g","contentUrl":"https:\/\/secure.gravatar.com\/avatar\/52dc0b3340c8087a51f52eaa20dc62cd4a6fe41f5bd886140989db7b572c00cd?s=96&d=mm&r=g","caption":"admin"},"sameAs":["https:\/\/stadtwerkezeitung.info"]}]}},"_links":{"self":[{"href":"https:\/\/stadtwerkezeitung.info\/schwedt\/wp-json\/wp\/v2\/posts\/368","targetHints":{"allow":["GET"]}}],"collection":[{"href":"https:\/\/stadtwerkezeitung.info\/schwedt\/wp-json\/wp\/v2\/posts"}],"about":[{"href":"https:\/\/stadtwerkezeitung.info\/schwedt\/wp-json\/wp\/v2\/types\/post"}],"author":[{"embeddable":true,"href":"https:\/\/stadtwerkezeitung.info\/schwedt\/wp-json\/wp\/v2\/users\/1"}],"replies":[{"embeddable":true,"href":"https:\/\/stadtwerkezeitung.info\/schwedt\/wp-json\/wp\/v2\/comments?post=368"}],"version-history":[{"count":3,"href":"https:\/\/stadtwerkezeitung.info\/schwedt\/wp-json\/wp\/v2\/posts\/368\/revisions"}],"predecessor-version":[{"id":373,"href":"https:\/\/stadtwerkezeitung.info\/schwedt\/wp-json\/wp\/v2\/posts\/368\/revisions\/373"}],"wp:featuredmedia":[{"embeddable":true,"href":"https:\/\/stadtwerkezeitung.info\/schwedt\/wp-json\/wp\/v2\/media\/353"}],"wp:attachment":[{"href":"https:\/\/stadtwerkezeitung.info\/schwedt\/wp-json\/wp\/v2\/media?parent=368"}],"wp:term":[{"taxonomy":"category","embeddable":true,"href":"https:\/\/stadtwerkezeitung.info\/schwedt\/wp-json\/wp\/v2\/categories?post=368"},{"taxonomy":"post_tag","embeddable":true,"href":"https:\/\/stadtwerkezeitung.info\/schwedt\/wp-json\/wp\/v2\/tags?post=368"}],"curies":[{"name":"wp","href":"https:\/\/api.w.org\/{rel}","templated":true}]}}