{"id":375,"date":"2025-11-13T12:50:51","date_gmt":"2025-11-13T12:50:51","guid":{"rendered":"https:\/\/stadtwerkezeitung.info\/schwedt\/?p=375"},"modified":"2025-11-13T12:55:26","modified_gmt":"2025-11-13T12:55:26","slug":"stadtwerke-schwedt-senken-strompreise","status":"publish","type":"post","link":"https:\/\/stadtwerkezeitung.info\/schwedt\/2025\/11\/13\/stadtwerke-schwedt-senken-strompreise\/","title":{"rendered":"Stadtwerke Schwedt senken Strompreise"},"content":{"rendered":"<h2>Entlastung ab 2026<\/h2>\n<h1>Stadtwerke Schwedt senken Strompreise<\/h1>\n<h2>Ab 2026 senken die Stadtwerke Schwedt die Strompreise. Insgesamt werden Kunden um \u00fcber 2 Millionen Euro entlastet.<\/h2>\n<div>\n<p><span class=\"num-outline\">1<\/span> <strong>G\u00fcnstiger Einkauf:<\/strong> Die Stadtwerke konnten Strom an der B\u00f6rse zu besseren Konditionen beschaffen.<\/p>\n<p><span class=\"num-outline\">2<\/span> <strong>Weniger Netzentgelte:<\/strong> Dank Bundeszuschuss sinken die Netzentgelte \u2013 und das wird direkt weitergegeben.<\/p>\n<p>\u201eDas ist ein Gewinn f\u00fcr alle \u2013 mehr Kaufkraft, mehr regionale Wertsch\u00f6pfung\u201c, freut sich Gesch\u00e4ftsf\u00fchrer Dirk Sasson, denn klar ist: Die Entlastung wird sp\u00fcrbar sein.<\/p>\n<\/div>\n<p><!--more--><br \/>\n<!-- {\"type\":\"layout\",\"children\":[{\"type\":\"section\",\"props\":{\"image_position\":\"center-center\",\"padding_remove_top\":true,\"style\":\"default\",\"title_breakpoint\":\"xl\",\"title_position\":\"top-left\",\"title_rotation\":\"left\",\"vertical_align\":\"\",\"width\":\"small\"},\"children\":[{\"type\":\"row\",\"children\":[{\"type\":\"column\",\"props\":{\"image_position\":\"center-center\",\"position_sticky_breakpoint\":\"m\"},\"children\":[{\"type\":\"headline\",\"props\":{\"content\":\"Entlastung ab 2026\",\"margin\":\"small\",\"margin_remove_bottom\":false,\"margin_remove_top\":false,\"title_element\":\"h2\",\"title_style\":\"h6\"}},{\"type\":\"headline\",\"props\":{\"content\":\"Stadtwerke Schwedt senken Strompreise\",\"margin\":\"small\",\"margin_remove_bottom\":false,\"margin_remove_top\":false,\"title_element\":\"h1\",\"title_style\":\"h2\"}},{\"type\":\"headline\",\"props\":{\"content\":\"Ab 2026 senken die Stadtwerke Schwedt die Strompreise. Insgesamt werden Kunden um \\u00fcber 2 Millionen Euro entlastet.\",\"margin\":\"small\",\"margin_remove_top\":false,\"title_element\":\"h2\",\"title_style\":\"text-lead\"}},{\"type\":\"text\",\"props\":{\"column_breakpoint\":\"m\",\"content\":\"\n\n<p><span class=\\\"num-outline\\\">1<\\\/span> <strong>G\\u00fcnstiger Einkauf:<\\\/strong> Die Stadtwerke konnten Strom an der B\\u00f6rse zu besseren Konditionen beschaffen.<\\\/p>\\n\\n\n\n<p><span class=\\\"num-outline\\\">2<\\\/span> <strong>Weniger Netzentgelte:<\\\/strong> Dank Bundeszuschuss sinken die Netzentgelte \\u2013 und das wird direkt weitergegeben.<\\\/p>\\n\\n\n\n<p>\\u201eDas ist ein Gewinn f\\u00fcr alle \\u2013 mehr Kaufkraft, mehr regionale Wertsch\\u00f6pfung\\u201c, freut sich Gesch\\u00e4ftsf\\u00fchrer Dirk Sasson, denn klar ist: Die Entlastung wird sp\\u00fcrbar sein.<\\\/p>\\n\",\"css\":\".num-outline {\\n  display: inline-flex;\\n  justify-content: center;\\n  align-items: center;\\n  width: 26px;\\n  height: 26px;\\n\\n  border-radius: 50%;\\n  border: 2px solid #000) !important;\\n\\n  font-weight: 700;\\n  color: var(--uk-primary) !important;\\n  background: transparent !important;\\n\\n  font-size: 14px;\\n  line-height: 1;\\n  margin-right: 6px;\\n  box-sizing: border-box;\\n}\\n\",\"margin\":\"default\"}}]}]}],\"name\":\"Artikel Format\"}],\"version\":\"4.4.1\"} --><\/p>\n","protected":false},"excerpt":{"rendered":"<p>Entlastung ab 2026 Stadtwerke Schwedt senken Strompreise Ab 2026 senken die Stadtwerke Schwedt die Strompreise. Insgesamt werden Kunden um \u00fcber 2 Millionen Euro entlastet. 1 G\u00fcnstiger Einkauf: Die Stadtwerke konnten Strom an der B\u00f6rse zu besseren Konditionen beschaffen. 2 Weniger Netzentgelte: Dank Bundeszuschuss sinken die Netzentgelte \u2013 und das wird direkt weitergegeben. \u201eDas ist ein [&hellip;]<\/p>\n","protected":false},"author":1,"featured_media":0,"comment_status":"open","ping_status":"open","sticky":false,"template":"","format":"standard","meta":{"footnotes":""},"categories":[1],"tags":[],"class_list":["post-375","post","type-post","status-publish","format-standard","hentry","category-uncategorized"],"yoast_head":"<!-- This site is optimized with the Yoast SEO plugin v26.9 - https:\/\/yoast.com\/product\/yoast-seo-wordpress\/ -->\n<title>Stadtwerke Schwedt senken Strompreise - UMschau Schwedt<\/title>\n<meta name=\"description\" content=\"Ab 2026 senken die Stadtwerke Schwedt die Strompreise. Insgesamt werden Kunden um \u00fcber 2 Millionen Euro entlastet.\" \/>\n<meta name=\"robots\" content=\"index, follow, max-snippet:-1, max-image-preview:large, max-video-preview:-1\" \/>\n<link rel=\"canonical\" href=\"https:\/\/stadtwerkezeitung.info\/schwedt\/2025\/11\/13\/stadtwerke-schwedt-senken-strompreise\/\" \/>\n<meta property=\"og:locale\" content=\"en_US\" \/>\n<meta property=\"og:type\" content=\"article\" \/>\n<meta property=\"og:title\" content=\"Stadtwerke Schwedt senken Strompreise - UMschau Schwedt\" \/>\n<meta property=\"og:description\" content=\"Ab 2026 senken die Stadtwerke Schwedt die Strompreise. Insgesamt werden Kunden um \u00fcber 2 Millionen Euro entlastet.\" \/>\n<meta property=\"og:url\" content=\"https:\/\/stadtwerkezeitung.info\/schwedt\/2025\/11\/13\/stadtwerke-schwedt-senken-strompreise\/\" \/>\n<meta property=\"og:site_name\" content=\"UMschau Schwedt\" \/>\n<meta property=\"article:published_time\" content=\"2025-11-13T12:50:51+00:00\" \/>\n<meta property=\"article:modified_time\" content=\"2025-11-13T12:55:26+00:00\" \/>\n<meta name=\"author\" content=\"admin\" \/>\n<meta name=\"twitter:card\" content=\"summary_large_image\" \/>\n<meta name=\"twitter:label1\" content=\"Written by\" \/>\n\t<meta name=\"twitter:data1\" content=\"admin\" \/>\n\t<meta name=\"twitter:label2\" content=\"Est. reading time\" \/>\n\t<meta name=\"twitter:data2\" content=\"3 minutes\" \/>\n<script type=\"application\/ld+json\" class=\"yoast-schema-graph\">{\"@context\":\"https:\/\/schema.org\",\"@graph\":[{\"@type\":\"Article\",\"@id\":\"https:\/\/stadtwerkezeitung.info\/schwedt\/2025\/11\/13\/stadtwerke-schwedt-senken-strompreise\/#article\",\"isPartOf\":{\"@id\":\"https:\/\/stadtwerkezeitung.info\/schwedt\/2025\/11\/13\/stadtwerke-schwedt-senken-strompreise\/\"},\"author\":{\"name\":\"admin\",\"@id\":\"https:\/\/stadtwerkezeitung.info\/schwedt\/#\/schema\/person\/acd409dca37d4bb8bf3a1284da7f1ee0\"},\"headline\":\"Stadtwerke Schwedt senken Strompreise\",\"datePublished\":\"2025-11-13T12:50:51+00:00\",\"dateModified\":\"2025-11-13T12:55:26+00:00\",\"mainEntityOfPage\":{\"@id\":\"https:\/\/stadtwerkezeitung.info\/schwedt\/2025\/11\/13\/stadtwerke-schwedt-senken-strompreise\/\"},\"wordCount\":81,\"commentCount\":0,\"inLanguage\":\"en-US\",\"potentialAction\":[{\"@type\":\"CommentAction\",\"name\":\"Comment\",\"target\":[\"https:\/\/stadtwerkezeitung.info\/schwedt\/2025\/11\/13\/stadtwerke-schwedt-senken-strompreise\/#respond\"]}]},{\"@type\":\"WebPage\",\"@id\":\"https:\/\/stadtwerkezeitung.info\/schwedt\/2025\/11\/13\/stadtwerke-schwedt-senken-strompreise\/\",\"url\":\"https:\/\/stadtwerkezeitung.info\/schwedt\/2025\/11\/13\/stadtwerke-schwedt-senken-strompreise\/\",\"name\":\"Stadtwerke Schwedt senken Strompreise - UMschau Schwedt\",\"isPartOf\":{\"@id\":\"https:\/\/stadtwerkezeitung.info\/schwedt\/#website\"},\"datePublished\":\"2025-11-13T12:50:51+00:00\",\"dateModified\":\"2025-11-13T12:55:26+00:00\",\"author\":{\"@id\":\"https:\/\/stadtwerkezeitung.info\/schwedt\/#\/schema\/person\/acd409dca37d4bb8bf3a1284da7f1ee0\"},\"description\":\"Ab 2026 senken die Stadtwerke Schwedt die Strompreise. Insgesamt werden Kunden um \u00fcber 2 Millionen Euro entlastet.\",\"breadcrumb\":{\"@id\":\"https:\/\/stadtwerkezeitung.info\/schwedt\/2025\/11\/13\/stadtwerke-schwedt-senken-strompreise\/#breadcrumb\"},\"inLanguage\":\"en-US\",\"potentialAction\":[{\"@type\":\"ReadAction\",\"target\":[\"https:\/\/stadtwerkezeitung.info\/schwedt\/2025\/11\/13\/stadtwerke-schwedt-senken-strompreise\/\"]}]},{\"@type\":\"BreadcrumbList\",\"@id\":\"https:\/\/stadtwerkezeitung.info\/schwedt\/2025\/11\/13\/stadtwerke-schwedt-senken-strompreise\/#breadcrumb\",\"itemListElement\":[{\"@type\":\"ListItem\",\"position\":1,\"name\":\"Home\",\"item\":\"https:\/\/stadtwerkezeitung.info\/schwedt\/\"},{\"@type\":\"ListItem\",\"position\":2,\"name\":\"Stadtwerke Schwedt senken Strompreise\"}]},{\"@type\":\"WebSite\",\"@id\":\"https:\/\/stadtwerkezeitung.info\/schwedt\/#website\",\"url\":\"https:\/\/stadtwerkezeitung.info\/schwedt\/\",\"name\":\"UMschau Schwedt\",\"description\":\"\",\"inLanguage\":\"en-US\"},{\"@type\":\"Person\",\"@id\":\"https:\/\/stadtwerkezeitung.info\/schwedt\/#\/schema\/person\/acd409dca37d4bb8bf3a1284da7f1ee0\",\"name\":\"admin\",\"image\":{\"@type\":\"ImageObject\",\"inLanguage\":\"en-US\",\"@id\":\"https:\/\/stadtwerkezeitung.info\/schwedt\/#\/schema\/person\/image\/\",\"url\":\"https:\/\/secure.gravatar.com\/avatar\/52dc0b3340c8087a51f52eaa20dc62cd4a6fe41f5bd886140989db7b572c00cd?s=96&d=mm&r=g\",\"contentUrl\":\"https:\/\/secure.gravatar.com\/avatar\/52dc0b3340c8087a51f52eaa20dc62cd4a6fe41f5bd886140989db7b572c00cd?s=96&d=mm&r=g\",\"caption\":\"admin\"},\"sameAs\":[\"https:\/\/stadtwerkezeitung.info\"]}]}<\/script>\n<!-- \/ Yoast SEO plugin. -->","yoast_head_json":{"title":"Stadtwerke Schwedt senken Strompreise - UMschau Schwedt","description":"Ab 2026 senken die Stadtwerke Schwedt die Strompreise. Insgesamt werden Kunden um \u00fcber 2 Millionen Euro entlastet.","robots":{"index":"index","follow":"follow","max-snippet":"max-snippet:-1","max-image-preview":"max-image-preview:large","max-video-preview":"max-video-preview:-1"},"canonical":"https:\/\/stadtwerkezeitung.info\/schwedt\/2025\/11\/13\/stadtwerke-schwedt-senken-strompreise\/","og_locale":"en_US","og_type":"article","og_title":"Stadtwerke Schwedt senken Strompreise - UMschau Schwedt","og_description":"Ab 2026 senken die Stadtwerke Schwedt die Strompreise. Insgesamt werden Kunden um \u00fcber 2 Millionen Euro entlastet.","og_url":"https:\/\/stadtwerkezeitung.info\/schwedt\/2025\/11\/13\/stadtwerke-schwedt-senken-strompreise\/","og_site_name":"UMschau Schwedt","article_published_time":"2025-11-13T12:50:51+00:00","article_modified_time":"2025-11-13T12:55:26+00:00","author":"admin","twitter_card":"summary_large_image","twitter_misc":{"Written by":"admin","Est. reading time":"3 minutes"},"schema":{"@context":"https:\/\/schema.org","@graph":[{"@type":"Article","@id":"https:\/\/stadtwerkezeitung.info\/schwedt\/2025\/11\/13\/stadtwerke-schwedt-senken-strompreise\/#article","isPartOf":{"@id":"https:\/\/stadtwerkezeitung.info\/schwedt\/2025\/11\/13\/stadtwerke-schwedt-senken-strompreise\/"},"author":{"name":"admin","@id":"https:\/\/stadtwerkezeitung.info\/schwedt\/#\/schema\/person\/acd409dca37d4bb8bf3a1284da7f1ee0"},"headline":"Stadtwerke Schwedt senken Strompreise","datePublished":"2025-11-13T12:50:51+00:00","dateModified":"2025-11-13T12:55:26+00:00","mainEntityOfPage":{"@id":"https:\/\/stadtwerkezeitung.info\/schwedt\/2025\/11\/13\/stadtwerke-schwedt-senken-strompreise\/"},"wordCount":81,"commentCount":0,"inLanguage":"en-US","potentialAction":[{"@type":"CommentAction","name":"Comment","target":["https:\/\/stadtwerkezeitung.info\/schwedt\/2025\/11\/13\/stadtwerke-schwedt-senken-strompreise\/#respond"]}]},{"@type":"WebPage","@id":"https:\/\/stadtwerkezeitung.info\/schwedt\/2025\/11\/13\/stadtwerke-schwedt-senken-strompreise\/","url":"https:\/\/stadtwerkezeitung.info\/schwedt\/2025\/11\/13\/stadtwerke-schwedt-senken-strompreise\/","name":"Stadtwerke Schwedt senken Strompreise - UMschau Schwedt","isPartOf":{"@id":"https:\/\/stadtwerkezeitung.info\/schwedt\/#website"},"datePublished":"2025-11-13T12:50:51+00:00","dateModified":"2025-11-13T12:55:26+00:00","author":{"@id":"https:\/\/stadtwerkezeitung.info\/schwedt\/#\/schema\/person\/acd409dca37d4bb8bf3a1284da7f1ee0"},"description":"Ab 2026 senken die Stadtwerke Schwedt die Strompreise. Insgesamt werden Kunden um \u00fcber 2 Millionen Euro entlastet.","breadcrumb":{"@id":"https:\/\/stadtwerkezeitung.info\/schwedt\/2025\/11\/13\/stadtwerke-schwedt-senken-strompreise\/#breadcrumb"},"inLanguage":"en-US","potentialAction":[{"@type":"ReadAction","target":["https:\/\/stadtwerkezeitung.info\/schwedt\/2025\/11\/13\/stadtwerke-schwedt-senken-strompreise\/"]}]},{"@type":"BreadcrumbList","@id":"https:\/\/stadtwerkezeitung.info\/schwedt\/2025\/11\/13\/stadtwerke-schwedt-senken-strompreise\/#breadcrumb","itemListElement":[{"@type":"ListItem","position":1,"name":"Home","item":"https:\/\/stadtwerkezeitung.info\/schwedt\/"},{"@type":"ListItem","position":2,"name":"Stadtwerke Schwedt senken Strompreise"}]},{"@type":"WebSite","@id":"https:\/\/stadtwerkezeitung.info\/schwedt\/#website","url":"https:\/\/stadtwerkezeitung.info\/schwedt\/","name":"UMschau Schwedt","description":"","inLanguage":"en-US"},{"@type":"Person","@id":"https:\/\/stadtwerkezeitung.info\/schwedt\/#\/schema\/person\/acd409dca37d4bb8bf3a1284da7f1ee0","name":"admin","image":{"@type":"ImageObject","inLanguage":"en-US","@id":"https:\/\/stadtwerkezeitung.info\/schwedt\/#\/schema\/person\/image\/","url":"https:\/\/secure.gravatar.com\/avatar\/52dc0b3340c8087a51f52eaa20dc62cd4a6fe41f5bd886140989db7b572c00cd?s=96&d=mm&r=g","contentUrl":"https:\/\/secure.gravatar.com\/avatar\/52dc0b3340c8087a51f52eaa20dc62cd4a6fe41f5bd886140989db7b572c00cd?s=96&d=mm&r=g","caption":"admin"},"sameAs":["https:\/\/stadtwerkezeitung.info"]}]}},"_links":{"self":[{"href":"https:\/\/stadtwerkezeitung.info\/schwedt\/wp-json\/wp\/v2\/posts\/375","targetHints":{"allow":["GET"]}}],"collection":[{"href":"https:\/\/stadtwerkezeitung.info\/schwedt\/wp-json\/wp\/v2\/posts"}],"about":[{"href":"https:\/\/stadtwerkezeitung.info\/schwedt\/wp-json\/wp\/v2\/types\/post"}],"author":[{"embeddable":true,"href":"https:\/\/stadtwerkezeitung.info\/schwedt\/wp-json\/wp\/v2\/users\/1"}],"replies":[{"embeddable":true,"href":"https:\/\/stadtwerkezeitung.info\/schwedt\/wp-json\/wp\/v2\/comments?post=375"}],"version-history":[{"count":2,"href":"https:\/\/stadtwerkezeitung.info\/schwedt\/wp-json\/wp\/v2\/posts\/375\/revisions"}],"predecessor-version":[{"id":377,"href":"https:\/\/stadtwerkezeitung.info\/schwedt\/wp-json\/wp\/v2\/posts\/375\/revisions\/377"}],"wp:attachment":[{"href":"https:\/\/stadtwerkezeitung.info\/schwedt\/wp-json\/wp\/v2\/media?parent=375"}],"wp:term":[{"taxonomy":"category","embeddable":true,"href":"https:\/\/stadtwerkezeitung.info\/schwedt\/wp-json\/wp\/v2\/categories?post=375"},{"taxonomy":"post_tag","embeddable":true,"href":"https:\/\/stadtwerkezeitung.info\/schwedt\/wp-json\/wp\/v2\/tags?post=375"}],"curies":[{"name":"wp","href":"https:\/\/api.w.org\/{rel}","templated":true}]}}