{"id":403,"date":"2025-11-13T13:19:01","date_gmt":"2025-11-13T13:19:01","guid":{"rendered":"https:\/\/stadtwerkezeitung.info\/schwedt\/?p=403"},"modified":"2025-11-13T13:20:08","modified_gmt":"2025-11-13T13:20:08","slug":"frohe-lichterzeit-und-zuversicht","status":"publish","type":"post","link":"https:\/\/stadtwerkezeitung.info\/schwedt\/2025\/11\/13\/frohe-lichterzeit-und-zuversicht\/","title":{"rendered":"Frohe LichterZeit und Zuversicht"},"content":{"rendered":"<h2>Editorial<\/h2>\n<h1>Frohe LichterZeit und Zuversicht <\/h1>\n<p><img decoding=\"async\" src=\"\/schwedt\/wp-content\/uploads\/sites\/5\/2025\/11\/201bild1.png\" alt=\"\"><\/p>\n<div>\n<p><em><small>Foto: SPREE-PR\/Arbeit <br \/><\/small><\/em><\/p>\n<\/div>\n<div>\n<h4>Liebe Leserinnen und Leser!<\/h4>\n<p>das Jahr neigt sich dem Ende zu \u2013 und mit ihm beginnt in Schwedt eine ganz besondere Zeit: unsere LichterZeit am StroamCamp. Gemeinsam mit unseren Partnern, Anker&amp;Platz, dem Verein Jugend trifft Technik und der WOBAG Schwedt, m\u00f6chten wir den Campingplatz an der HoFriWa in warmes Licht tauchen und Raum f\u00fcr Begegnungen schaffen \u2013 besinnlich, famili\u00e4r, fr\u00f6hlich.<\/p>\n<p>Auch wirtschaftlich wird es heller: Ab 2026 senken wir die Strompreise \u2013 eine sp\u00fcrbare Entlastung f\u00fcr alle. Das ist unser Beitrag, Energie bezahlbar und zukunftsf\u00e4hig zu halten.<br \/>Ob bei Kerzenschein, Lichterglanz oder einem hei\u00dfen Punsch am Feuer \u2013 wir w\u00fcnschen Ihnen eine friedvolle Adventszeit, strahlende Momente und einen zuversichtlichen Start ins neue Jahr.<\/p>\n<h4>Ihr Dirk Sasson, Gesch\u00e4ftsf\u00fchrer des Unternehmensverbundes Stadtwerke Schwedt<\/h4>\n<\/div>\n<p><!--more--><br \/>\n<!-- {\"type\":\"layout\",\"children\":[{\"type\":\"section\",\"props\":{\"image_position\":\"center-center\",\"padding_remove_top\":true,\"style\":\"default\",\"title_breakpoint\":\"xl\",\"title_position\":\"top-left\",\"title_rotation\":\"left\",\"vertical_align\":\"\",\"width\":\"small\"},\"children\":[{\"type\":\"row\",\"children\":[{\"type\":\"column\",\"props\":{\"image_position\":\"center-center\",\"position_sticky_breakpoint\":\"m\",\"width_medium\":\"1-2\"},\"children\":[{\"type\":\"headline\",\"props\":{\"content\":\"Editorial\",\"margin\":\"small\",\"margin_remove_bottom\":false,\"margin_remove_top\":false,\"title_element\":\"h2\",\"title_style\":\"h6\"}},{\"type\":\"headline\",\"props\":{\"content\":\"Frohe LichterZeit und Zuversicht \",\"margin\":\"small\",\"margin_remove_bottom\":false,\"margin_remove_top\":false,\"title_element\":\"h1\",\"title_style\":\"h2\"}},{\"type\":\"image\",\"props\":{\"image\":\"wp-content\\\/uploads\\\/sites\\\/5\\\/2025\\\/11\\\/201bild1.png\",\"image_svg_color\":\"emphasis\",\"margin\":\"default\"}},{\"type\":\"text\",\"props\":{\"column_breakpoint\":\"m\",\"content\":\"\n\n<p><em><small>Foto: SPREE-PR\\\/Arbeit <br \\\/><\\\/small><\\\/em><\\\/p>\",\"margin\":\"default\"}}]},{\"type\":\"column\",\"props\":{\"image_position\":\"center-center\",\"position_sticky_breakpoint\":\"m\",\"width_medium\":\"1-2\"},\"children\":[{\"type\":\"text\",\"props\":{\"column_breakpoint\":\"m\",\"content\":\"\n\n<h4>Liebe Leserinnen und Leser!<\\\/h4>\\n\n\n<p>das Jahr neigt sich dem Ende zu \\u2013 und mit ihm beginnt in Schwedt eine ganz besondere Zeit: unsere LichterZeit am StroamCamp. Gemeinsam mit unseren Partnern, Anker&amp;Platz, dem Verein Jugend trifft Technik und der WOBAG Schwedt, m\\u00f6chten wir den Campingplatz an der HoFriWa in warmes Licht tauchen und Raum f\\u00fcr Begegnungen schaffen \\u2013 besinnlich, famili\\u00e4r, fr\\u00f6hlich.<\\\/p>\\n\n\n<p>Auch wirtschaftlich wird es heller: Ab 2026 senken wir die Strompreise \\u2013 eine sp\\u00fcrbare Entlastung f\\u00fcr alle. Das ist unser Beitrag, Energie bezahlbar und zukunftsf\\u00e4hig zu halten.<br \\\/>Ob bei Kerzenschein, Lichterglanz oder einem hei\\u00dfen Punsch am Feuer \\u2013 wir w\\u00fcnschen Ihnen eine friedvolle Adventszeit, strahlende Momente und einen zuversichtlichen Start ins neue Jahr.<\\\/p>\\n\n\n<h4>Ihr Dirk Sasson, Gesch\\u00e4ftsf\\u00fchrer des Unternehmensverbundes Stadtwerke Schwedt<\\\/h4>\",\"margin\":\"default\"}}]}],\"props\":{\"divider\":true,\"layout\":\"1-2,1-2\"}}],\"name\":\"Artikel Format\"}],\"version\":\"4.4.1\"} --><\/p>\n","protected":false},"excerpt":{"rendered":"<p>Editorial Frohe LichterZeit und Zuversicht Foto: SPREE-PR\/Arbeit Liebe Leserinnen und Leser! das Jahr neigt sich dem Ende zu \u2013 und mit ihm beginnt in Schwedt eine ganz besondere Zeit: unsere LichterZeit am StroamCamp. Gemeinsam mit unseren Partnern, Anker&amp;Platz, dem Verein Jugend trifft Technik und der WOBAG Schwedt, m\u00f6chten wir den Campingplatz an der HoFriWa in [&hellip;]<\/p>\n","protected":false},"author":1,"featured_media":404,"comment_status":"open","ping_status":"open","sticky":false,"template":"","format":"standard","meta":{"footnotes":""},"categories":[1],"tags":[],"class_list":["post-403","post","type-post","status-publish","format-standard","has-post-thumbnail","hentry","category-uncategorized"],"yoast_head":"<!-- This site is optimized with the Yoast SEO plugin v26.9 - https:\/\/yoast.com\/product\/yoast-seo-wordpress\/ -->\n<title>Frohe LichterZeit und Zuversicht - UMschau Schwedt<\/title>\n<meta name=\"description\" content=\"Liebe Leserinnen und Leser,das Jahr neigt sich dem Ende zu \u2013 und mit ihm beginnt in Schwedt eine ganz besondere Zeit.\" \/>\n<meta name=\"robots\" content=\"index, follow, max-snippet:-1, max-image-preview:large, max-video-preview:-1\" \/>\n<link rel=\"canonical\" href=\"https:\/\/stadtwerkezeitung.info\/schwedt\/2025\/11\/13\/frohe-lichterzeit-und-zuversicht\/\" \/>\n<meta property=\"og:locale\" content=\"en_US\" \/>\n<meta property=\"og:type\" content=\"article\" \/>\n<meta property=\"og:title\" content=\"Frohe LichterZeit und Zuversicht - UMschau Schwedt\" \/>\n<meta property=\"og:description\" content=\"Liebe Leserinnen und Leser,das Jahr neigt sich dem Ende zu \u2013 und mit ihm beginnt in Schwedt eine ganz besondere Zeit.\" \/>\n<meta property=\"og:url\" content=\"https:\/\/stadtwerkezeitung.info\/schwedt\/2025\/11\/13\/frohe-lichterzeit-und-zuversicht\/\" \/>\n<meta property=\"og:site_name\" content=\"UMschau Schwedt\" \/>\n<meta property=\"article:published_time\" content=\"2025-11-13T13:19:01+00:00\" \/>\n<meta property=\"article:modified_time\" content=\"2025-11-13T13:20:08+00:00\" \/>\n<meta property=\"og:image\" content=\"https:\/\/stadtwerkezeitung.info\/schwedt\/wp-content\/uploads\/sites\/5\/2025\/11\/201bild1.png\" \/>\n\t<meta property=\"og:image:width\" content=\"531\" \/>\n\t<meta property=\"og:image:height\" content=\"444\" \/>\n\t<meta property=\"og:image:type\" content=\"image\/png\" \/>\n<meta name=\"author\" content=\"admin\" \/>\n<meta name=\"twitter:card\" content=\"summary_large_image\" \/>\n<meta name=\"twitter:label1\" content=\"Written by\" \/>\n\t<meta name=\"twitter:data1\" content=\"admin\" \/>\n\t<meta name=\"twitter:label2\" content=\"Est. reading time\" \/>\n\t<meta name=\"twitter:data2\" content=\"1 minute\" \/>\n<script type=\"application\/ld+json\" class=\"yoast-schema-graph\">{\"@context\":\"https:\/\/schema.org\",\"@graph\":[{\"@type\":\"Article\",\"@id\":\"https:\/\/stadtwerkezeitung.info\/schwedt\/2025\/11\/13\/frohe-lichterzeit-und-zuversicht\/#article\",\"isPartOf\":{\"@id\":\"https:\/\/stadtwerkezeitung.info\/schwedt\/2025\/11\/13\/frohe-lichterzeit-und-zuversicht\/\"},\"author\":{\"name\":\"admin\",\"@id\":\"https:\/\/stadtwerkezeitung.info\/schwedt\/#\/schema\/person\/acd409dca37d4bb8bf3a1284da7f1ee0\"},\"headline\":\"Frohe LichterZeit und Zuversicht\",\"datePublished\":\"2025-11-13T13:19:01+00:00\",\"dateModified\":\"2025-11-13T13:20:08+00:00\",\"mainEntityOfPage\":{\"@id\":\"https:\/\/stadtwerkezeitung.info\/schwedt\/2025\/11\/13\/frohe-lichterzeit-und-zuversicht\/\"},\"wordCount\":141,\"commentCount\":0,\"image\":{\"@id\":\"https:\/\/stadtwerkezeitung.info\/schwedt\/2025\/11\/13\/frohe-lichterzeit-und-zuversicht\/#primaryimage\"},\"thumbnailUrl\":\"https:\/\/stadtwerkezeitung.info\/schwedt\/wp-content\/uploads\/sites\/5\/2025\/11\/201bild1.png\",\"inLanguage\":\"en-US\",\"potentialAction\":[{\"@type\":\"CommentAction\",\"name\":\"Comment\",\"target\":[\"https:\/\/stadtwerkezeitung.info\/schwedt\/2025\/11\/13\/frohe-lichterzeit-und-zuversicht\/#respond\"]}]},{\"@type\":\"WebPage\",\"@id\":\"https:\/\/stadtwerkezeitung.info\/schwedt\/2025\/11\/13\/frohe-lichterzeit-und-zuversicht\/\",\"url\":\"https:\/\/stadtwerkezeitung.info\/schwedt\/2025\/11\/13\/frohe-lichterzeit-und-zuversicht\/\",\"name\":\"Frohe LichterZeit und Zuversicht - UMschau Schwedt\",\"isPartOf\":{\"@id\":\"https:\/\/stadtwerkezeitung.info\/schwedt\/#website\"},\"primaryImageOfPage\":{\"@id\":\"https:\/\/stadtwerkezeitung.info\/schwedt\/2025\/11\/13\/frohe-lichterzeit-und-zuversicht\/#primaryimage\"},\"image\":{\"@id\":\"https:\/\/stadtwerkezeitung.info\/schwedt\/2025\/11\/13\/frohe-lichterzeit-und-zuversicht\/#primaryimage\"},\"thumbnailUrl\":\"https:\/\/stadtwerkezeitung.info\/schwedt\/wp-content\/uploads\/sites\/5\/2025\/11\/201bild1.png\",\"datePublished\":\"2025-11-13T13:19:01+00:00\",\"dateModified\":\"2025-11-13T13:20:08+00:00\",\"author\":{\"@id\":\"https:\/\/stadtwerkezeitung.info\/schwedt\/#\/schema\/person\/acd409dca37d4bb8bf3a1284da7f1ee0\"},\"description\":\"Liebe Leserinnen und Leser,das Jahr neigt sich dem Ende zu \u2013 und mit ihm beginnt in Schwedt eine ganz besondere Zeit.\",\"breadcrumb\":{\"@id\":\"https:\/\/stadtwerkezeitung.info\/schwedt\/2025\/11\/13\/frohe-lichterzeit-und-zuversicht\/#breadcrumb\"},\"inLanguage\":\"en-US\",\"potentialAction\":[{\"@type\":\"ReadAction\",\"target\":[\"https:\/\/stadtwerkezeitung.info\/schwedt\/2025\/11\/13\/frohe-lichterzeit-und-zuversicht\/\"]}]},{\"@type\":\"ImageObject\",\"inLanguage\":\"en-US\",\"@id\":\"https:\/\/stadtwerkezeitung.info\/schwedt\/2025\/11\/13\/frohe-lichterzeit-und-zuversicht\/#primaryimage\",\"url\":\"https:\/\/stadtwerkezeitung.info\/schwedt\/wp-content\/uploads\/sites\/5\/2025\/11\/201bild1.png\",\"contentUrl\":\"https:\/\/stadtwerkezeitung.info\/schwedt\/wp-content\/uploads\/sites\/5\/2025\/11\/201bild1.png\",\"width\":531,\"height\":444},{\"@type\":\"BreadcrumbList\",\"@id\":\"https:\/\/stadtwerkezeitung.info\/schwedt\/2025\/11\/13\/frohe-lichterzeit-und-zuversicht\/#breadcrumb\",\"itemListElement\":[{\"@type\":\"ListItem\",\"position\":1,\"name\":\"Home\",\"item\":\"https:\/\/stadtwerkezeitung.info\/schwedt\/\"},{\"@type\":\"ListItem\",\"position\":2,\"name\":\"Frohe LichterZeit und Zuversicht\"}]},{\"@type\":\"WebSite\",\"@id\":\"https:\/\/stadtwerkezeitung.info\/schwedt\/#website\",\"url\":\"https:\/\/stadtwerkezeitung.info\/schwedt\/\",\"name\":\"UMschau Schwedt\",\"description\":\"\",\"inLanguage\":\"en-US\"},{\"@type\":\"Person\",\"@id\":\"https:\/\/stadtwerkezeitung.info\/schwedt\/#\/schema\/person\/acd409dca37d4bb8bf3a1284da7f1ee0\",\"name\":\"admin\",\"image\":{\"@type\":\"ImageObject\",\"inLanguage\":\"en-US\",\"@id\":\"https:\/\/stadtwerkezeitung.info\/schwedt\/#\/schema\/person\/image\/\",\"url\":\"https:\/\/secure.gravatar.com\/avatar\/52dc0b3340c8087a51f52eaa20dc62cd4a6fe41f5bd886140989db7b572c00cd?s=96&d=mm&r=g\",\"contentUrl\":\"https:\/\/secure.gravatar.com\/avatar\/52dc0b3340c8087a51f52eaa20dc62cd4a6fe41f5bd886140989db7b572c00cd?s=96&d=mm&r=g\",\"caption\":\"admin\"},\"sameAs\":[\"https:\/\/stadtwerkezeitung.info\"]}]}<\/script>\n<!-- \/ Yoast SEO plugin. -->","yoast_head_json":{"title":"Frohe LichterZeit und Zuversicht - UMschau Schwedt","description":"Liebe Leserinnen und Leser,das Jahr neigt sich dem Ende zu \u2013 und mit ihm beginnt in Schwedt eine ganz besondere Zeit.","robots":{"index":"index","follow":"follow","max-snippet":"max-snippet:-1","max-image-preview":"max-image-preview:large","max-video-preview":"max-video-preview:-1"},"canonical":"https:\/\/stadtwerkezeitung.info\/schwedt\/2025\/11\/13\/frohe-lichterzeit-und-zuversicht\/","og_locale":"en_US","og_type":"article","og_title":"Frohe LichterZeit und Zuversicht - UMschau Schwedt","og_description":"Liebe Leserinnen und Leser,das Jahr neigt sich dem Ende zu \u2013 und mit ihm beginnt in Schwedt eine ganz besondere Zeit.","og_url":"https:\/\/stadtwerkezeitung.info\/schwedt\/2025\/11\/13\/frohe-lichterzeit-und-zuversicht\/","og_site_name":"UMschau Schwedt","article_published_time":"2025-11-13T13:19:01+00:00","article_modified_time":"2025-11-13T13:20:08+00:00","og_image":[{"width":531,"height":444,"url":"https:\/\/stadtwerkezeitung.info\/schwedt\/wp-content\/uploads\/sites\/5\/2025\/11\/201bild1.png","type":"image\/png"}],"author":"admin","twitter_card":"summary_large_image","twitter_misc":{"Written by":"admin","Est. reading time":"1 minute"},"schema":{"@context":"https:\/\/schema.org","@graph":[{"@type":"Article","@id":"https:\/\/stadtwerkezeitung.info\/schwedt\/2025\/11\/13\/frohe-lichterzeit-und-zuversicht\/#article","isPartOf":{"@id":"https:\/\/stadtwerkezeitung.info\/schwedt\/2025\/11\/13\/frohe-lichterzeit-und-zuversicht\/"},"author":{"name":"admin","@id":"https:\/\/stadtwerkezeitung.info\/schwedt\/#\/schema\/person\/acd409dca37d4bb8bf3a1284da7f1ee0"},"headline":"Frohe LichterZeit und Zuversicht","datePublished":"2025-11-13T13:19:01+00:00","dateModified":"2025-11-13T13:20:08+00:00","mainEntityOfPage":{"@id":"https:\/\/stadtwerkezeitung.info\/schwedt\/2025\/11\/13\/frohe-lichterzeit-und-zuversicht\/"},"wordCount":141,"commentCount":0,"image":{"@id":"https:\/\/stadtwerkezeitung.info\/schwedt\/2025\/11\/13\/frohe-lichterzeit-und-zuversicht\/#primaryimage"},"thumbnailUrl":"https:\/\/stadtwerkezeitung.info\/schwedt\/wp-content\/uploads\/sites\/5\/2025\/11\/201bild1.png","inLanguage":"en-US","potentialAction":[{"@type":"CommentAction","name":"Comment","target":["https:\/\/stadtwerkezeitung.info\/schwedt\/2025\/11\/13\/frohe-lichterzeit-und-zuversicht\/#respond"]}]},{"@type":"WebPage","@id":"https:\/\/stadtwerkezeitung.info\/schwedt\/2025\/11\/13\/frohe-lichterzeit-und-zuversicht\/","url":"https:\/\/stadtwerkezeitung.info\/schwedt\/2025\/11\/13\/frohe-lichterzeit-und-zuversicht\/","name":"Frohe LichterZeit und Zuversicht - UMschau Schwedt","isPartOf":{"@id":"https:\/\/stadtwerkezeitung.info\/schwedt\/#website"},"primaryImageOfPage":{"@id":"https:\/\/stadtwerkezeitung.info\/schwedt\/2025\/11\/13\/frohe-lichterzeit-und-zuversicht\/#primaryimage"},"image":{"@id":"https:\/\/stadtwerkezeitung.info\/schwedt\/2025\/11\/13\/frohe-lichterzeit-und-zuversicht\/#primaryimage"},"thumbnailUrl":"https:\/\/stadtwerkezeitung.info\/schwedt\/wp-content\/uploads\/sites\/5\/2025\/11\/201bild1.png","datePublished":"2025-11-13T13:19:01+00:00","dateModified":"2025-11-13T13:20:08+00:00","author":{"@id":"https:\/\/stadtwerkezeitung.info\/schwedt\/#\/schema\/person\/acd409dca37d4bb8bf3a1284da7f1ee0"},"description":"Liebe Leserinnen und Leser,das Jahr neigt sich dem Ende zu \u2013 und mit ihm beginnt in Schwedt eine ganz besondere Zeit.","breadcrumb":{"@id":"https:\/\/stadtwerkezeitung.info\/schwedt\/2025\/11\/13\/frohe-lichterzeit-und-zuversicht\/#breadcrumb"},"inLanguage":"en-US","potentialAction":[{"@type":"ReadAction","target":["https:\/\/stadtwerkezeitung.info\/schwedt\/2025\/11\/13\/frohe-lichterzeit-und-zuversicht\/"]}]},{"@type":"ImageObject","inLanguage":"en-US","@id":"https:\/\/stadtwerkezeitung.info\/schwedt\/2025\/11\/13\/frohe-lichterzeit-und-zuversicht\/#primaryimage","url":"https:\/\/stadtwerkezeitung.info\/schwedt\/wp-content\/uploads\/sites\/5\/2025\/11\/201bild1.png","contentUrl":"https:\/\/stadtwerkezeitung.info\/schwedt\/wp-content\/uploads\/sites\/5\/2025\/11\/201bild1.png","width":531,"height":444},{"@type":"BreadcrumbList","@id":"https:\/\/stadtwerkezeitung.info\/schwedt\/2025\/11\/13\/frohe-lichterzeit-und-zuversicht\/#breadcrumb","itemListElement":[{"@type":"ListItem","position":1,"name":"Home","item":"https:\/\/stadtwerkezeitung.info\/schwedt\/"},{"@type":"ListItem","position":2,"name":"Frohe LichterZeit und Zuversicht"}]},{"@type":"WebSite","@id":"https:\/\/stadtwerkezeitung.info\/schwedt\/#website","url":"https:\/\/stadtwerkezeitung.info\/schwedt\/","name":"UMschau Schwedt","description":"","inLanguage":"en-US"},{"@type":"Person","@id":"https:\/\/stadtwerkezeitung.info\/schwedt\/#\/schema\/person\/acd409dca37d4bb8bf3a1284da7f1ee0","name":"admin","image":{"@type":"ImageObject","inLanguage":"en-US","@id":"https:\/\/stadtwerkezeitung.info\/schwedt\/#\/schema\/person\/image\/","url":"https:\/\/secure.gravatar.com\/avatar\/52dc0b3340c8087a51f52eaa20dc62cd4a6fe41f5bd886140989db7b572c00cd?s=96&d=mm&r=g","contentUrl":"https:\/\/secure.gravatar.com\/avatar\/52dc0b3340c8087a51f52eaa20dc62cd4a6fe41f5bd886140989db7b572c00cd?s=96&d=mm&r=g","caption":"admin"},"sameAs":["https:\/\/stadtwerkezeitung.info"]}]}},"_links":{"self":[{"href":"https:\/\/stadtwerkezeitung.info\/schwedt\/wp-json\/wp\/v2\/posts\/403","targetHints":{"allow":["GET"]}}],"collection":[{"href":"https:\/\/stadtwerkezeitung.info\/schwedt\/wp-json\/wp\/v2\/posts"}],"about":[{"href":"https:\/\/stadtwerkezeitung.info\/schwedt\/wp-json\/wp\/v2\/types\/post"}],"author":[{"embeddable":true,"href":"https:\/\/stadtwerkezeitung.info\/schwedt\/wp-json\/wp\/v2\/users\/1"}],"replies":[{"embeddable":true,"href":"https:\/\/stadtwerkezeitung.info\/schwedt\/wp-json\/wp\/v2\/comments?post=403"}],"version-history":[{"count":2,"href":"https:\/\/stadtwerkezeitung.info\/schwedt\/wp-json\/wp\/v2\/posts\/403\/revisions"}],"predecessor-version":[{"id":411,"href":"https:\/\/stadtwerkezeitung.info\/schwedt\/wp-json\/wp\/v2\/posts\/403\/revisions\/411"}],"wp:featuredmedia":[{"embeddable":true,"href":"https:\/\/stadtwerkezeitung.info\/schwedt\/wp-json\/wp\/v2\/media\/404"}],"wp:attachment":[{"href":"https:\/\/stadtwerkezeitung.info\/schwedt\/wp-json\/wp\/v2\/media?parent=403"}],"wp:term":[{"taxonomy":"category","embeddable":true,"href":"https:\/\/stadtwerkezeitung.info\/schwedt\/wp-json\/wp\/v2\/categories?post=403"},{"taxonomy":"post_tag","embeddable":true,"href":"https:\/\/stadtwerkezeitung.info\/schwedt\/wp-json\/wp\/v2\/tags?post=403"}],"curies":[{"name":"wp","href":"https:\/\/api.w.org\/{rel}","templated":true}]}}