{"id":413,"date":"2025-11-13T13:21:22","date_gmt":"2025-11-13T13:21:22","guid":{"rendered":"https:\/\/stadtwerkezeitung.info\/schwedt\/?p=413"},"modified":"2025-11-13T13:23:20","modified_gmt":"2025-11-13T13:23:20","slug":"niemand-ist-nutzlos-weihnachtlicher-maerchenspass","status":"publish","type":"post","link":"https:\/\/stadtwerkezeitung.info\/schwedt\/2025\/11\/13\/niemand-ist-nutzlos-weihnachtlicher-maerchenspass\/","title":{"rendered":"Niemand ist nutzlos! \u2013 Weihnachtlicher M\u00e4rchenspa\u00df"},"content":{"rendered":"<h2>UMschau-Tipp<\/h2>\n<h1>Niemand ist nutzlos! \u2013 Weihnachtlicher M\u00e4rchenspa\u00df<\/h1>\n<p><img decoding=\"async\" src=\"\/schwedt\/wp-content\/uploads\/sites\/5\/2025\/11\/202bild1-scaled.jpg\" alt=\"\"><\/p>\n<div>\n<p><em>Andreas Philemon Schlegel als Lebkuchenmann, Alexandra-Magdalena Heinrich als Frau Teebeutel.<\/p>\n<p><small>Foto: ubs\/Krause<br \/><\/small><\/em><\/p>\n<\/div>\n<div>\n<p>Hoch oben auf dem K\u00fcchenschrank erwachen des Nachts seine kleinen Bewohner zum Leben. Jeden Abend treffen sich Herr Kuckuck, Herr Salz und Frau Pfeffer, um sich miteinander die Langeweile zu vertreiben. Doch oh weh \u2013 eines Nachts hat Herr Kuckuck keine Stimme mehr. Und das verhei\u00dft nichts Gutes, ist er doch f\u00fcr die Verk\u00fcndung der exakten Uhrzeit zust\u00e4ndig. Ohne sein \u201eKuckuck\u201c zu jeder vollen Stunde droht ihm ein schlimmes Schicksal \u2013 der M\u00fclleimer. Schnellstens muss Hilfe her! Und die naht in Form eines frischgebackenen und mutigen Neulings: dem Lebkuchenmann. Gemeinsam mit Frau Pfeffer und Herrn Salz begibt er sich auf die Suche nach dem Heilmittel. Doch der Weg ist voller Hindernisse.<\/p>\n<p>Fantasievoll in Szene gesetzt bringt Tilo Esche und sein Team das M\u00e4rchen \u201eDer Lebkuchenmann\u201c f\u00fcr Kinder ab 4 Jahren und Familien auf die B\u00fchne \u2013 ein m\u00e4rchenhaftes Abenteuer \u00fcber Mut, Freundschaft und Zusammenhalt. Denn niemand ist nutzlos!<\/p>\n<p>Familienvorstellungen: 6.12., 19:30 Uhr | 7.12., 15 Uhr | 24.12. 14 Uhr | 25.12., 15 Uhr | Gro\u00dfer Saal. <\/p>\n<\/div>\n<p>\n    <a href=\"https:\/\/www.theater-schwedt.de\">Alle Infos<\/a>\n<\/p>\n<div>\n<h3>Der Lebkuchenmann \/ Piernikowy ludzik<\/h3>\n<div>\n<p>F\u00fcr die Vorstellung an Heiligabend, dem 24.12.2025, um 14 Uhr, verlosen wir ein Familienticket (2 Erwachsene + 2\u2009Kinder), um die Wartezeit bis zur Bescherung zu vers\u00fc\u00dfen. Einfach eine E-Mail mit dem Begriff \u201eLebkuchen\u201c an: <a href=\"mailto:umschauschwedt@spree-pr.com\">umschauschwedt@spree-pr.com<\/a>.<\/p>\n<p>Viel Gl\u00fcck!<\/p>\n<\/div>\n<\/div>\n<p><!--more--><br \/>\n<!-- {\"type\":\"layout\",\"children\":[{\"type\":\"section\",\"props\":{\"image_position\":\"center-center\",\"padding_remove_top\":true,\"style\":\"default\",\"title_breakpoint\":\"xl\",\"title_position\":\"top-left\",\"title_rotation\":\"left\",\"vertical_align\":\"\",\"width\":\"small\"},\"children\":[{\"type\":\"row\",\"children\":[{\"type\":\"column\",\"props\":{\"image_position\":\"center-center\",\"position_sticky_breakpoint\":\"m\"},\"children\":[{\"type\":\"headline\",\"props\":{\"content\":\"UMschau-Tipp\",\"margin\":\"small\",\"margin_remove_bottom\":false,\"margin_remove_top\":false,\"title_element\":\"h2\",\"title_style\":\"h6\"}},{\"type\":\"headline\",\"props\":{\"content\":\"Niemand ist nutzlos! \\u2013 Weihnachtlicher M\\u00e4rchenspa\\u00df\",\"margin\":\"small\",\"margin_remove_bottom\":false,\"margin_remove_top\":false,\"title_element\":\"h1\",\"title_style\":\"h2\"}},{\"type\":\"image\",\"props\":{\"image\":\"wp-content\\\/uploads\\\/sites\\\/5\\\/2025\\\/11\\\/202bild1-scaled.jpg\",\"image_svg_color\":\"emphasis\",\"margin\":\"default\"}},{\"type\":\"text\",\"props\":{\"column_breakpoint\":\"m\",\"content\":\"\n\n<p><em>Andreas Philemon Schlegel als Lebkuchenmann, Alexandra-Magdalena Heinrich als Frau Teebeutel.\\n\\n\\n\\n\\n\\n\\n\\n\\n\\n\\n\\n\\n\\n    \\n    <br \\\/><small>Foto: ubs\\\/Krause<br \\\/><\\\/small><\\\/em><\\\/p>\",\"margin\":\"default\"}},{\"type\":\"text\",\"props\":{\"column_breakpoint\":\"m\",\"content\":\"\n\n<p>Hoch oben auf dem K\\u00fcchenschrank erwachen des Nachts seine kleinen Bewohner zum Leben. Jeden Abend treffen sich Herr Kuckuck, Herr Salz und Frau Pfeffer, um sich miteinander die Langeweile zu vertreiben. Doch oh weh \\u2013 eines Nachts hat Herr Kuckuck keine Stimme mehr. Und das verhei\\u00dft nichts Gutes, ist er doch f\\u00fcr die Verk\\u00fcndung der exakten Uhrzeit zust\\u00e4ndig. Ohne sein \\u201eKuckuck\\u201c zu jeder vollen Stunde droht ihm ein schlimmes Schicksal \\u2013 der M\\u00fclleimer. Schnellstens muss Hilfe her! Und die naht in Form eines frischgebackenen und mutigen Neulings: dem Lebkuchenmann. Gemeinsam mit Frau Pfeffer und Herrn Salz begibt er sich auf die Suche nach dem Heilmittel. Doch der Weg ist voller Hindernisse.<\\\/p>\\n\n\n<p>Fantasievoll in Szene gesetzt bringt Tilo Esche und sein Team das M\\u00e4rchen \\u201eDer Lebkuchenmann\\u201c f\\u00fcr Kinder ab 4 Jahren und Familien auf die B\\u00fchne \\u2013 ein m\\u00e4rchenhaftes Abenteuer \\u00fcber Mut, Freundschaft und Zusammenhalt. Denn niemand ist nutzlos!<\\\/p>\\n\n\n<p>Familienvorstellungen: 6.12., 19:30 Uhr | 7.12., 15 Uhr | 24.12. 14 Uhr | 25.12., 15 Uhr | Gro\\u00dfer Saal. <\\\/p>\",\"margin\":\"default\"}},{\"type\":\"button\",\"props\":{\"fullwidth\":true,\"grid_column_gap\":\"small\",\"grid_row_gap\":\"small\",\"margin\":\"default\"},\"children\":[{\"type\":\"button_item\",\"props\":{\"button_style\":\"secondary\",\"content\":\"Alle Infos\",\"icon\":\"link-external\",\"icon_align\":\"left\",\"link\":\"https:\\\/\\\/www.theater-schwedt.de\"}}]},{\"type\":\"panel\",\"props\":{\"content\":\"\n\n<p>F\\u00fcr die Vorstellung an Heiligabend, dem 24.12.2025, um 14 Uhr, verlosen wir ein Familienticket (2 Erwachsene + 2\\u2009Kinder), um die Wartezeit bis zur Bescherung zu vers\\u00fc\\u00dfen. Einfach eine E-Mail mit dem Begriff \\u201eLebkuchen\\u201c an: <a href=\\\"mailto:umschauschwedt@spree-pr.com\\\">umschauschwedt@spree-pr.com<\\\/a>.<\\\/p>\\n\n\n<p>Viel Gl\\u00fcck!<\\\/p>\",\"content_column_breakpoint\":\"m\",\"icon_width\":80,\"image_align\":\"top\",\"image_grid_breakpoint\":\"m\",\"image_grid_width\":\"1-2\",\"image_svg_color\":\"emphasis\",\"link_style\":\"default\",\"link_text\":\"Read more\",\"margin\":\"default\",\"meta_align\":\"below-title\",\"meta_element\":\"div\",\"meta_style\":\"text-meta\",\"panel_padding\":\"default\",\"panel_style\":\"card-secondary\",\"title\":\"Der Lebkuchenmann \\\/ Piernikowy ludzik\",\"title_align\":\"top\",\"title_element\":\"h3\",\"title_grid_breakpoint\":\"m\",\"title_grid_width\":\"1-2\",\"title_hover_style\":\"reset\"}}]}]}],\"name\":\"Artikel Format\"}],\"version\":\"4.4.1\"} --><\/p>\n","protected":false},"excerpt":{"rendered":"<p>UMschau-Tipp Niemand ist nutzlos! \u2013 Weihnachtlicher M\u00e4rchenspa\u00df Andreas Philemon Schlegel als Lebkuchenmann, Alexandra-Magdalena Heinrich als Frau Teebeutel. Foto: ubs\/Krause Hoch oben auf dem K\u00fcchenschrank erwachen des Nachts seine kleinen Bewohner zum Leben. Jeden Abend treffen sich Herr Kuckuck, Herr Salz und Frau Pfeffer, um sich miteinander die Langeweile zu vertreiben. Doch oh weh \u2013 eines [&hellip;]<\/p>\n","protected":false},"author":1,"featured_media":405,"comment_status":"open","ping_status":"open","sticky":false,"template":"","format":"standard","meta":{"footnotes":""},"categories":[1],"tags":[],"class_list":["post-413","post","type-post","status-publish","format-standard","has-post-thumbnail","hentry","category-uncategorized"],"yoast_head":"<!-- This site is optimized with the Yoast SEO plugin v26.9 - https:\/\/yoast.com\/product\/yoast-seo-wordpress\/ -->\n<title>Niemand ist nutzlos! \u2013 Weihnachtlicher M\u00e4rchenspa\u00df - UMschau Schwedt<\/title>\n<meta name=\"description\" content=\"Tilo Esche und sein Team bringen das M\u00e4rchen \u201eDer Lebkuchenmann\u201c f\u00fcr Kinder ab 4 Jahren und Familien auf die B\u00fchne.\" \/>\n<meta name=\"robots\" content=\"index, follow, max-snippet:-1, max-image-preview:large, max-video-preview:-1\" \/>\n<link rel=\"canonical\" href=\"https:\/\/stadtwerkezeitung.info\/schwedt\/2025\/11\/13\/niemand-ist-nutzlos-weihnachtlicher-maerchenspass\/\" \/>\n<meta property=\"og:locale\" content=\"en_US\" \/>\n<meta property=\"og:type\" content=\"article\" \/>\n<meta property=\"og:title\" content=\"Niemand ist nutzlos! \u2013 Weihnachtlicher M\u00e4rchenspa\u00df - UMschau Schwedt\" \/>\n<meta property=\"og:description\" content=\"Tilo Esche und sein Team bringen das M\u00e4rchen \u201eDer Lebkuchenmann\u201c f\u00fcr Kinder ab 4 Jahren und Familien auf die B\u00fchne.\" \/>\n<meta property=\"og:url\" content=\"https:\/\/stadtwerkezeitung.info\/schwedt\/2025\/11\/13\/niemand-ist-nutzlos-weihnachtlicher-maerchenspass\/\" \/>\n<meta property=\"og:site_name\" content=\"UMschau Schwedt\" \/>\n<meta property=\"article:published_time\" content=\"2025-11-13T13:21:22+00:00\" \/>\n<meta property=\"article:modified_time\" content=\"2025-11-13T13:23:20+00:00\" \/>\n<meta property=\"og:image\" content=\"https:\/\/stadtwerkezeitung.info\/schwedt\/wp-content\/uploads\/sites\/5\/2025\/11\/202bild1-scaled.jpg\" \/>\n\t<meta property=\"og:image:width\" content=\"2560\" \/>\n\t<meta property=\"og:image:height\" content=\"2560\" \/>\n\t<meta property=\"og:image:type\" content=\"image\/jpeg\" \/>\n<meta name=\"author\" content=\"admin\" \/>\n<meta name=\"twitter:card\" content=\"summary_large_image\" \/>\n<meta name=\"twitter:label1\" content=\"Written by\" \/>\n\t<meta name=\"twitter:data1\" content=\"admin\" \/>\n\t<meta name=\"twitter:label2\" content=\"Est. reading time\" \/>\n\t<meta name=\"twitter:data2\" content=\"1 minute\" \/>\n<script type=\"application\/ld+json\" class=\"yoast-schema-graph\">{\"@context\":\"https:\/\/schema.org\",\"@graph\":[{\"@type\":\"Article\",\"@id\":\"https:\/\/stadtwerkezeitung.info\/schwedt\/2025\/11\/13\/niemand-ist-nutzlos-weihnachtlicher-maerchenspass\/#article\",\"isPartOf\":{\"@id\":\"https:\/\/stadtwerkezeitung.info\/schwedt\/2025\/11\/13\/niemand-ist-nutzlos-weihnachtlicher-maerchenspass\/\"},\"author\":{\"name\":\"admin\",\"@id\":\"https:\/\/stadtwerkezeitung.info\/schwedt\/#\/schema\/person\/acd409dca37d4bb8bf3a1284da7f1ee0\"},\"headline\":\"Niemand ist nutzlos! \u2013 Weihnachtlicher M\u00e4rchenspa\u00df\",\"datePublished\":\"2025-11-13T13:21:22+00:00\",\"dateModified\":\"2025-11-13T13:23:20+00:00\",\"mainEntityOfPage\":{\"@id\":\"https:\/\/stadtwerkezeitung.info\/schwedt\/2025\/11\/13\/niemand-ist-nutzlos-weihnachtlicher-maerchenspass\/\"},\"wordCount\":232,\"commentCount\":0,\"image\":{\"@id\":\"https:\/\/stadtwerkezeitung.info\/schwedt\/2025\/11\/13\/niemand-ist-nutzlos-weihnachtlicher-maerchenspass\/#primaryimage\"},\"thumbnailUrl\":\"https:\/\/stadtwerkezeitung.info\/schwedt\/wp-content\/uploads\/sites\/5\/2025\/11\/202bild1-scaled.jpg\",\"inLanguage\":\"en-US\",\"potentialAction\":[{\"@type\":\"CommentAction\",\"name\":\"Comment\",\"target\":[\"https:\/\/stadtwerkezeitung.info\/schwedt\/2025\/11\/13\/niemand-ist-nutzlos-weihnachtlicher-maerchenspass\/#respond\"]}]},{\"@type\":\"WebPage\",\"@id\":\"https:\/\/stadtwerkezeitung.info\/schwedt\/2025\/11\/13\/niemand-ist-nutzlos-weihnachtlicher-maerchenspass\/\",\"url\":\"https:\/\/stadtwerkezeitung.info\/schwedt\/2025\/11\/13\/niemand-ist-nutzlos-weihnachtlicher-maerchenspass\/\",\"name\":\"Niemand ist nutzlos! \u2013 Weihnachtlicher M\u00e4rchenspa\u00df - UMschau Schwedt\",\"isPartOf\":{\"@id\":\"https:\/\/stadtwerkezeitung.info\/schwedt\/#website\"},\"primaryImageOfPage\":{\"@id\":\"https:\/\/stadtwerkezeitung.info\/schwedt\/2025\/11\/13\/niemand-ist-nutzlos-weihnachtlicher-maerchenspass\/#primaryimage\"},\"image\":{\"@id\":\"https:\/\/stadtwerkezeitung.info\/schwedt\/2025\/11\/13\/niemand-ist-nutzlos-weihnachtlicher-maerchenspass\/#primaryimage\"},\"thumbnailUrl\":\"https:\/\/stadtwerkezeitung.info\/schwedt\/wp-content\/uploads\/sites\/5\/2025\/11\/202bild1-scaled.jpg\",\"datePublished\":\"2025-11-13T13:21:22+00:00\",\"dateModified\":\"2025-11-13T13:23:20+00:00\",\"author\":{\"@id\":\"https:\/\/stadtwerkezeitung.info\/schwedt\/#\/schema\/person\/acd409dca37d4bb8bf3a1284da7f1ee0\"},\"description\":\"Tilo Esche und sein Team bringen das M\u00e4rchen \u201eDer Lebkuchenmann\u201c f\u00fcr Kinder ab 4 Jahren und Familien auf die B\u00fchne.\",\"breadcrumb\":{\"@id\":\"https:\/\/stadtwerkezeitung.info\/schwedt\/2025\/11\/13\/niemand-ist-nutzlos-weihnachtlicher-maerchenspass\/#breadcrumb\"},\"inLanguage\":\"en-US\",\"potentialAction\":[{\"@type\":\"ReadAction\",\"target\":[\"https:\/\/stadtwerkezeitung.info\/schwedt\/2025\/11\/13\/niemand-ist-nutzlos-weihnachtlicher-maerchenspass\/\"]}]},{\"@type\":\"ImageObject\",\"inLanguage\":\"en-US\",\"@id\":\"https:\/\/stadtwerkezeitung.info\/schwedt\/2025\/11\/13\/niemand-ist-nutzlos-weihnachtlicher-maerchenspass\/#primaryimage\",\"url\":\"https:\/\/stadtwerkezeitung.info\/schwedt\/wp-content\/uploads\/sites\/5\/2025\/11\/202bild1-scaled.jpg\",\"contentUrl\":\"https:\/\/stadtwerkezeitung.info\/schwedt\/wp-content\/uploads\/sites\/5\/2025\/11\/202bild1-scaled.jpg\",\"width\":2560,\"height\":2560},{\"@type\":\"BreadcrumbList\",\"@id\":\"https:\/\/stadtwerkezeitung.info\/schwedt\/2025\/11\/13\/niemand-ist-nutzlos-weihnachtlicher-maerchenspass\/#breadcrumb\",\"itemListElement\":[{\"@type\":\"ListItem\",\"position\":1,\"name\":\"Home\",\"item\":\"https:\/\/stadtwerkezeitung.info\/schwedt\/\"},{\"@type\":\"ListItem\",\"position\":2,\"name\":\"Niemand ist nutzlos! \u2013 Weihnachtlicher M\u00e4rchenspa\u00df\"}]},{\"@type\":\"WebSite\",\"@id\":\"https:\/\/stadtwerkezeitung.info\/schwedt\/#website\",\"url\":\"https:\/\/stadtwerkezeitung.info\/schwedt\/\",\"name\":\"UMschau Schwedt\",\"description\":\"\",\"inLanguage\":\"en-US\"},{\"@type\":\"Person\",\"@id\":\"https:\/\/stadtwerkezeitung.info\/schwedt\/#\/schema\/person\/acd409dca37d4bb8bf3a1284da7f1ee0\",\"name\":\"admin\",\"image\":{\"@type\":\"ImageObject\",\"inLanguage\":\"en-US\",\"@id\":\"https:\/\/stadtwerkezeitung.info\/schwedt\/#\/schema\/person\/image\/\",\"url\":\"https:\/\/secure.gravatar.com\/avatar\/52dc0b3340c8087a51f52eaa20dc62cd4a6fe41f5bd886140989db7b572c00cd?s=96&d=mm&r=g\",\"contentUrl\":\"https:\/\/secure.gravatar.com\/avatar\/52dc0b3340c8087a51f52eaa20dc62cd4a6fe41f5bd886140989db7b572c00cd?s=96&d=mm&r=g\",\"caption\":\"admin\"},\"sameAs\":[\"https:\/\/stadtwerkezeitung.info\"]}]}<\/script>\n<!-- \/ Yoast SEO plugin. -->","yoast_head_json":{"title":"Niemand ist nutzlos! \u2013 Weihnachtlicher M\u00e4rchenspa\u00df - UMschau Schwedt","description":"Tilo Esche und sein Team bringen das M\u00e4rchen \u201eDer Lebkuchenmann\u201c f\u00fcr Kinder ab 4 Jahren und Familien auf die B\u00fchne.","robots":{"index":"index","follow":"follow","max-snippet":"max-snippet:-1","max-image-preview":"max-image-preview:large","max-video-preview":"max-video-preview:-1"},"canonical":"https:\/\/stadtwerkezeitung.info\/schwedt\/2025\/11\/13\/niemand-ist-nutzlos-weihnachtlicher-maerchenspass\/","og_locale":"en_US","og_type":"article","og_title":"Niemand ist nutzlos! \u2013 Weihnachtlicher M\u00e4rchenspa\u00df - UMschau Schwedt","og_description":"Tilo Esche und sein Team bringen das M\u00e4rchen \u201eDer Lebkuchenmann\u201c f\u00fcr Kinder ab 4 Jahren und Familien auf die B\u00fchne.","og_url":"https:\/\/stadtwerkezeitung.info\/schwedt\/2025\/11\/13\/niemand-ist-nutzlos-weihnachtlicher-maerchenspass\/","og_site_name":"UMschau Schwedt","article_published_time":"2025-11-13T13:21:22+00:00","article_modified_time":"2025-11-13T13:23:20+00:00","og_image":[{"width":2560,"height":2560,"url":"https:\/\/stadtwerkezeitung.info\/schwedt\/wp-content\/uploads\/sites\/5\/2025\/11\/202bild1-scaled.jpg","type":"image\/jpeg"}],"author":"admin","twitter_card":"summary_large_image","twitter_misc":{"Written by":"admin","Est. reading time":"1 minute"},"schema":{"@context":"https:\/\/schema.org","@graph":[{"@type":"Article","@id":"https:\/\/stadtwerkezeitung.info\/schwedt\/2025\/11\/13\/niemand-ist-nutzlos-weihnachtlicher-maerchenspass\/#article","isPartOf":{"@id":"https:\/\/stadtwerkezeitung.info\/schwedt\/2025\/11\/13\/niemand-ist-nutzlos-weihnachtlicher-maerchenspass\/"},"author":{"name":"admin","@id":"https:\/\/stadtwerkezeitung.info\/schwedt\/#\/schema\/person\/acd409dca37d4bb8bf3a1284da7f1ee0"},"headline":"Niemand ist nutzlos! \u2013 Weihnachtlicher M\u00e4rchenspa\u00df","datePublished":"2025-11-13T13:21:22+00:00","dateModified":"2025-11-13T13:23:20+00:00","mainEntityOfPage":{"@id":"https:\/\/stadtwerkezeitung.info\/schwedt\/2025\/11\/13\/niemand-ist-nutzlos-weihnachtlicher-maerchenspass\/"},"wordCount":232,"commentCount":0,"image":{"@id":"https:\/\/stadtwerkezeitung.info\/schwedt\/2025\/11\/13\/niemand-ist-nutzlos-weihnachtlicher-maerchenspass\/#primaryimage"},"thumbnailUrl":"https:\/\/stadtwerkezeitung.info\/schwedt\/wp-content\/uploads\/sites\/5\/2025\/11\/202bild1-scaled.jpg","inLanguage":"en-US","potentialAction":[{"@type":"CommentAction","name":"Comment","target":["https:\/\/stadtwerkezeitung.info\/schwedt\/2025\/11\/13\/niemand-ist-nutzlos-weihnachtlicher-maerchenspass\/#respond"]}]},{"@type":"WebPage","@id":"https:\/\/stadtwerkezeitung.info\/schwedt\/2025\/11\/13\/niemand-ist-nutzlos-weihnachtlicher-maerchenspass\/","url":"https:\/\/stadtwerkezeitung.info\/schwedt\/2025\/11\/13\/niemand-ist-nutzlos-weihnachtlicher-maerchenspass\/","name":"Niemand ist nutzlos! \u2013 Weihnachtlicher M\u00e4rchenspa\u00df - UMschau Schwedt","isPartOf":{"@id":"https:\/\/stadtwerkezeitung.info\/schwedt\/#website"},"primaryImageOfPage":{"@id":"https:\/\/stadtwerkezeitung.info\/schwedt\/2025\/11\/13\/niemand-ist-nutzlos-weihnachtlicher-maerchenspass\/#primaryimage"},"image":{"@id":"https:\/\/stadtwerkezeitung.info\/schwedt\/2025\/11\/13\/niemand-ist-nutzlos-weihnachtlicher-maerchenspass\/#primaryimage"},"thumbnailUrl":"https:\/\/stadtwerkezeitung.info\/schwedt\/wp-content\/uploads\/sites\/5\/2025\/11\/202bild1-scaled.jpg","datePublished":"2025-11-13T13:21:22+00:00","dateModified":"2025-11-13T13:23:20+00:00","author":{"@id":"https:\/\/stadtwerkezeitung.info\/schwedt\/#\/schema\/person\/acd409dca37d4bb8bf3a1284da7f1ee0"},"description":"Tilo Esche und sein Team bringen das M\u00e4rchen \u201eDer Lebkuchenmann\u201c f\u00fcr Kinder ab 4 Jahren und Familien auf die B\u00fchne.","breadcrumb":{"@id":"https:\/\/stadtwerkezeitung.info\/schwedt\/2025\/11\/13\/niemand-ist-nutzlos-weihnachtlicher-maerchenspass\/#breadcrumb"},"inLanguage":"en-US","potentialAction":[{"@type":"ReadAction","target":["https:\/\/stadtwerkezeitung.info\/schwedt\/2025\/11\/13\/niemand-ist-nutzlos-weihnachtlicher-maerchenspass\/"]}]},{"@type":"ImageObject","inLanguage":"en-US","@id":"https:\/\/stadtwerkezeitung.info\/schwedt\/2025\/11\/13\/niemand-ist-nutzlos-weihnachtlicher-maerchenspass\/#primaryimage","url":"https:\/\/stadtwerkezeitung.info\/schwedt\/wp-content\/uploads\/sites\/5\/2025\/11\/202bild1-scaled.jpg","contentUrl":"https:\/\/stadtwerkezeitung.info\/schwedt\/wp-content\/uploads\/sites\/5\/2025\/11\/202bild1-scaled.jpg","width":2560,"height":2560},{"@type":"BreadcrumbList","@id":"https:\/\/stadtwerkezeitung.info\/schwedt\/2025\/11\/13\/niemand-ist-nutzlos-weihnachtlicher-maerchenspass\/#breadcrumb","itemListElement":[{"@type":"ListItem","position":1,"name":"Home","item":"https:\/\/stadtwerkezeitung.info\/schwedt\/"},{"@type":"ListItem","position":2,"name":"Niemand ist nutzlos! \u2013 Weihnachtlicher M\u00e4rchenspa\u00df"}]},{"@type":"WebSite","@id":"https:\/\/stadtwerkezeitung.info\/schwedt\/#website","url":"https:\/\/stadtwerkezeitung.info\/schwedt\/","name":"UMschau Schwedt","description":"","inLanguage":"en-US"},{"@type":"Person","@id":"https:\/\/stadtwerkezeitung.info\/schwedt\/#\/schema\/person\/acd409dca37d4bb8bf3a1284da7f1ee0","name":"admin","image":{"@type":"ImageObject","inLanguage":"en-US","@id":"https:\/\/stadtwerkezeitung.info\/schwedt\/#\/schema\/person\/image\/","url":"https:\/\/secure.gravatar.com\/avatar\/52dc0b3340c8087a51f52eaa20dc62cd4a6fe41f5bd886140989db7b572c00cd?s=96&d=mm&r=g","contentUrl":"https:\/\/secure.gravatar.com\/avatar\/52dc0b3340c8087a51f52eaa20dc62cd4a6fe41f5bd886140989db7b572c00cd?s=96&d=mm&r=g","caption":"admin"},"sameAs":["https:\/\/stadtwerkezeitung.info"]}]}},"_links":{"self":[{"href":"https:\/\/stadtwerkezeitung.info\/schwedt\/wp-json\/wp\/v2\/posts\/413","targetHints":{"allow":["GET"]}}],"collection":[{"href":"https:\/\/stadtwerkezeitung.info\/schwedt\/wp-json\/wp\/v2\/posts"}],"about":[{"href":"https:\/\/stadtwerkezeitung.info\/schwedt\/wp-json\/wp\/v2\/types\/post"}],"author":[{"embeddable":true,"href":"https:\/\/stadtwerkezeitung.info\/schwedt\/wp-json\/wp\/v2\/users\/1"}],"replies":[{"embeddable":true,"href":"https:\/\/stadtwerkezeitung.info\/schwedt\/wp-json\/wp\/v2\/comments?post=413"}],"version-history":[{"count":2,"href":"https:\/\/stadtwerkezeitung.info\/schwedt\/wp-json\/wp\/v2\/posts\/413\/revisions"}],"predecessor-version":[{"id":415,"href":"https:\/\/stadtwerkezeitung.info\/schwedt\/wp-json\/wp\/v2\/posts\/413\/revisions\/415"}],"wp:featuredmedia":[{"embeddable":true,"href":"https:\/\/stadtwerkezeitung.info\/schwedt\/wp-json\/wp\/v2\/media\/405"}],"wp:attachment":[{"href":"https:\/\/stadtwerkezeitung.info\/schwedt\/wp-json\/wp\/v2\/media?parent=413"}],"wp:term":[{"taxonomy":"category","embeddable":true,"href":"https:\/\/stadtwerkezeitung.info\/schwedt\/wp-json\/wp\/v2\/categories?post=413"},{"taxonomy":"post_tag","embeddable":true,"href":"https:\/\/stadtwerkezeitung.info\/schwedt\/wp-json\/wp\/v2\/tags?post=413"}],"curies":[{"name":"wp","href":"https:\/\/api.w.org\/{rel}","templated":true}]}}