{"id":417,"date":"2025-11-13T13:25:05","date_gmt":"2025-11-13T13:25:05","guid":{"rendered":"https:\/\/stadtwerkezeitung.info\/schwedt\/?p=417"},"modified":"2025-11-13T13:26:59","modified_gmt":"2025-11-13T13:26:59","slug":"mal-und-zeichenwettbewerb-flow-2025-am-hafen-schwedt","status":"publish","type":"post","link":"https:\/\/stadtwerkezeitung.info\/schwedt\/2025\/11\/13\/mal-und-zeichenwettbewerb-flow-2025-am-hafen-schwedt\/","title":{"rendered":"Mal- und Zeichenwettbewerb FLOW 2025 am Hafen Schwedt"},"content":{"rendered":"<h2>Wo Schiffe anlegen, legt die Fantasie ab<\/h2>\n<h1>Mal- und Zeichenwettbewerb FLOW 2025 am Hafen Schwedt<\/h1>\n<h2>Am 14. September wurde der Schwedter Hafen zur Leinwand f\u00fcr junge K\u00fcnstlerinnen und K\u00fcnstler.<\/h2>\n<p><img decoding=\"async\" src=\"\/schwedt\/wp-content\/uploads\/sites\/5\/2025\/11\/203bild1.jpeg\" alt=\"\"><\/p>\n<div>\n<p><em><\/p>\n<p> <small> Fotos (2): SWS<br \/><\/small><\/em><\/p>\n<\/div>\n<div>\n<p>Schwerlastkr\u00e4ne ragten in den grauen Himmel, Regen und Wind setzten den Rahmen \u2013 doch die 14\u2009Preistr\u00e4ger des internationalen Mal- und Zeichenwettbewerbes FLOW aus Taiwan, Polen, der Ukraine und Deutschland, lie\u00dfen sich davon nicht bremsen. Herausgekommen ist ein Hafen voller Kunst.<\/p>\n<p>Die ungew\u00f6hnliche Kulisse durften in diesem Jahr die Stadtwerke Schwedt nominieren. Gefragt war eine Industrielandschaft &#8211; als Kontrast zur urspr\u00fcnglichen Natur des Nationalparks Unteres Odertal. \u201eDa hat sich der Hafen Schwedt, in dem j\u00e4hrlich etwa 270.000 Tonnen Fracht \u00fcber Schiffe und Z\u00fcge umgeschlagen werden, nat\u00fcrlich angeboten\u201c, sagt Jana J\u00e4hnke, Sprecherin des Unternehmensverbunds Stadtwerke Schwedt. \u201eEs war faszinierend zu beobachten, wie die jungen Menschen den Arbeitsalltag am Hafen erlebt und kreativ umgesetzt haben \u2013 so vielf\u00e4ltig und bunt wie man unseren Hafen sonst eher selten sieht.\u201c Viele der im Hafen entstandenen Arbeiten fanden sogar Einzug in die Jahresausstellung in den Uckerm\u00e4rkischen B\u00fchnen Schwedt. <\/p>\n<\/div>\n<p><img decoding=\"async\" src=\"\/schwedt\/wp-content\/uploads\/sites\/5\/2025\/11\/203bild2.jpeg\" alt=\"\"><\/p>\n<div>\n<p>Beim diesj\u00e4hrigen 58. Wettbewerb FLOW waren insgesamt 2.539 Arbeiten von 2.467 Teilnehmenden und 72 Gruppenarbeiten aus 22 L\u00e4ndern eingegangen, wei\u00df Norbert L\u00f6hn vom Organisationsteam: \u201eAuch 9 Schulen und 7 Kitas aus Schwedt hatten mitgemacht.\u201c Eine internationale Jury w\u00e4hlt j\u00e4hrlich rund 600 Arbeiten f\u00fcr die Er\u00f6ffnungs- und Wanderausstellungen aus. Neben attraktiven Geld- und Sachpreisen werden die Preistr\u00e4ger der Altersgruppe III und IV jedes Jahr zu dem Kunstcamp nach Schwedt eingeladen. 14 von ihnen waren der Einladung 2025 gefolgt.<\/p>\n<h4>Die an der Kaikante entstandenen Werke werden sp\u00e4ter in den R\u00e4umlichkeiten des Schwedter Hafens ausgestellt.<\/h4>\n<\/div>\n<p><!--more--><br \/>\n<!-- {\"type\":\"layout\",\"children\":[{\"type\":\"section\",\"props\":{\"image_position\":\"center-center\",\"padding_remove_top\":true,\"style\":\"default\",\"title_breakpoint\":\"xl\",\"title_position\":\"top-left\",\"title_rotation\":\"left\",\"vertical_align\":\"\",\"width\":\"small\"},\"children\":[{\"type\":\"row\",\"children\":[{\"type\":\"column\",\"props\":{\"image_position\":\"center-center\",\"position_sticky_breakpoint\":\"m\"},\"children\":[{\"type\":\"headline\",\"props\":{\"content\":\"Wo Schiffe anlegen, legt die Fantasie ab\",\"margin\":\"small\",\"margin_remove_bottom\":false,\"margin_remove_top\":false,\"title_element\":\"h2\",\"title_style\":\"h6\"}},{\"type\":\"headline\",\"props\":{\"content\":\"Mal- und Zeichenwettbewerb FLOW 2025 am Hafen Schwedt\",\"margin\":\"small\",\"margin_remove_bottom\":false,\"margin_remove_top\":false,\"title_element\":\"h1\",\"title_style\":\"h2\"}},{\"type\":\"headline\",\"props\":{\"content\":\"Am 14. September wurde der Schwedter Hafen zur Leinwand f\\u00fcr junge K\\u00fcnstlerinnen und K\\u00fcnstler.\",\"margin\":\"small\",\"margin_remove_top\":false,\"title_element\":\"h2\",\"title_style\":\"text-lead\"}},{\"type\":\"image\",\"props\":{\"image\":\"wp-content\\\/uploads\\\/sites\\\/5\\\/2025\\\/11\\\/203bild1.jpeg\",\"image_svg_color\":\"emphasis\",\"margin\":\"default\"}},{\"type\":\"text\",\"props\":{\"column_breakpoint\":\"m\",\"content\":\"\n\n<p><em>\\n    \\n <small> Fotos (2): SWS<br \\\/><\\\/small><\\\/em><\\\/p>\",\"margin\":\"default\"}},{\"type\":\"text\",\"props\":{\"column_breakpoint\":\"m\",\"content\":\"\n\n<p>Schwerlastkr\\u00e4ne ragten in den grauen Himmel, Regen und Wind setzten den Rahmen \\u2013 doch die 14\\u2009Preistr\\u00e4ger des internationalen Mal- und Zeichenwettbewerbes FLOW aus Taiwan, Polen, der Ukraine und Deutschland, lie\\u00dfen sich davon nicht bremsen. Herausgekommen ist ein Hafen voller Kunst.<\\\/p>\\n\n\n<p>Die ungew\\u00f6hnliche Kulisse durften in diesem Jahr die Stadtwerke Schwedt nominieren. Gefragt war eine Industrielandschaft - als Kontrast zur urspr\\u00fcnglichen Natur des Nationalparks Unteres Odertal. \\u201eDa hat sich der Hafen Schwedt, in dem j\\u00e4hrlich etwa 270.000 Tonnen Fracht \\u00fcber Schiffe und Z\\u00fcge umgeschlagen werden, nat\\u00fcrlich angeboten\\u201c, sagt Jana J\\u00e4hnke, Sprecherin des Unternehmensverbunds Stadtwerke Schwedt. \\u201eEs war faszinierend zu beobachten, wie die jungen Menschen den Arbeitsalltag am Hafen erlebt und kreativ umgesetzt haben \\u2013 so vielf\\u00e4ltig und bunt wie man unseren Hafen sonst eher selten sieht.\\u201c Viele der im Hafen entstandenen Arbeiten fanden sogar Einzug in die Jahresausstellung in den Uckerm\\u00e4rkischen B\\u00fchnen Schwedt. <\\\/p>\",\"margin\":\"default\"}},{\"type\":\"image\",\"props\":{\"image\":\"wp-content\\\/uploads\\\/sites\\\/5\\\/2025\\\/11\\\/203bild2.jpeg\",\"image_svg_color\":\"emphasis\",\"margin\":\"default\"}},{\"type\":\"text\",\"props\":{\"column_breakpoint\":\"m\",\"content\":\"\n\n<p>Beim diesj\\u00e4hrigen 58. Wettbewerb FLOW waren insgesamt 2.539 Arbeiten von 2.467 Teilnehmenden und 72 Gruppenarbeiten aus 22 L\\u00e4ndern eingegangen, wei\\u00df Norbert L\\u00f6hn vom Organisationsteam: \\u201eAuch 9 Schulen und 7 Kitas aus Schwedt hatten mitgemacht.\\u201c Eine internationale Jury w\\u00e4hlt j\\u00e4hrlich rund 600 Arbeiten f\\u00fcr die Er\\u00f6ffnungs- und Wanderausstellungen aus. Neben attraktiven Geld- und Sachpreisen werden die Preistr\\u00e4ger der Altersgruppe III und IV jedes Jahr zu dem Kunstcamp nach Schwedt eingeladen. 14 von ihnen waren der Einladung 2025 gefolgt.<\\\/p>\\n\n\n<h4>Die an der Kaikante entstandenen Werke werden sp\\u00e4ter in den R\\u00e4umlichkeiten des Schwedter Hafens ausgestellt.<\\\/h4>\",\"margin\":\"default\"}}]}]}],\"name\":\"Artikel Format\"}],\"version\":\"4.4.1\"} --><\/p>\n","protected":false},"excerpt":{"rendered":"<p>Wo Schiffe anlegen, legt die Fantasie ab Mal- und Zeichenwettbewerb FLOW 2025 am Hafen Schwedt Am 14. September wurde der Schwedter Hafen zur Leinwand f\u00fcr junge K\u00fcnstlerinnen und K\u00fcnstler. Fotos (2): SWS Schwerlastkr\u00e4ne ragten in den grauen Himmel, Regen und Wind setzten den Rahmen \u2013 doch die 14\u2009Preistr\u00e4ger des internationalen Mal- und Zeichenwettbewerbes FLOW aus [&hellip;]<\/p>\n","protected":false},"author":1,"featured_media":406,"comment_status":"open","ping_status":"open","sticky":false,"template":"","format":"standard","meta":{"footnotes":""},"categories":[1],"tags":[],"class_list":["post-417","post","type-post","status-publish","format-standard","has-post-thumbnail","hentry","category-uncategorized"],"yoast_head":"<!-- This site is optimized with the Yoast SEO plugin v26.9 - https:\/\/yoast.com\/product\/yoast-seo-wordpress\/ -->\n<title>Mal- und Zeichenwettbewerb FLOW 2025 am Hafen Schwedt - UMschau Schwedt<\/title>\n<meta name=\"description\" content=\"Am 14. September wurde der Schwedter Hafen zur Leinwand f\u00fcr junge K\u00fcnstlerinnen und K\u00fcnstler.\" \/>\n<meta name=\"robots\" content=\"index, follow, max-snippet:-1, max-image-preview:large, max-video-preview:-1\" \/>\n<link rel=\"canonical\" href=\"https:\/\/stadtwerkezeitung.info\/schwedt\/2025\/11\/13\/mal-und-zeichenwettbewerb-flow-2025-am-hafen-schwedt\/\" \/>\n<meta property=\"og:locale\" content=\"en_US\" \/>\n<meta property=\"og:type\" content=\"article\" \/>\n<meta property=\"og:title\" content=\"Mal- und Zeichenwettbewerb FLOW 2025 am Hafen Schwedt - UMschau Schwedt\" \/>\n<meta property=\"og:description\" content=\"Am 14. September wurde der Schwedter Hafen zur Leinwand f\u00fcr junge K\u00fcnstlerinnen und K\u00fcnstler.\" \/>\n<meta property=\"og:url\" content=\"https:\/\/stadtwerkezeitung.info\/schwedt\/2025\/11\/13\/mal-und-zeichenwettbewerb-flow-2025-am-hafen-schwedt\/\" \/>\n<meta property=\"og:site_name\" content=\"UMschau Schwedt\" \/>\n<meta property=\"article:published_time\" content=\"2025-11-13T13:25:05+00:00\" \/>\n<meta property=\"article:modified_time\" content=\"2025-11-13T13:26:59+00:00\" \/>\n<meta property=\"og:image\" content=\"https:\/\/stadtwerkezeitung.info\/schwedt\/wp-content\/uploads\/sites\/5\/2025\/11\/203bild1.jpeg\" \/>\n\t<meta property=\"og:image:width\" content=\"2048\" \/>\n\t<meta property=\"og:image:height\" content=\"1536\" \/>\n\t<meta property=\"og:image:type\" content=\"image\/jpeg\" \/>\n<meta name=\"author\" content=\"admin\" \/>\n<meta name=\"twitter:card\" content=\"summary_large_image\" \/>\n<meta name=\"twitter:label1\" content=\"Written by\" \/>\n\t<meta name=\"twitter:data1\" content=\"admin\" \/>\n\t<meta name=\"twitter:label2\" content=\"Est. reading time\" \/>\n\t<meta name=\"twitter:data2\" content=\"3 minutes\" \/>\n<script type=\"application\/ld+json\" class=\"yoast-schema-graph\">{\"@context\":\"https:\/\/schema.org\",\"@graph\":[{\"@type\":\"Article\",\"@id\":\"https:\/\/stadtwerkezeitung.info\/schwedt\/2025\/11\/13\/mal-und-zeichenwettbewerb-flow-2025-am-hafen-schwedt\/#article\",\"isPartOf\":{\"@id\":\"https:\/\/stadtwerkezeitung.info\/schwedt\/2025\/11\/13\/mal-und-zeichenwettbewerb-flow-2025-am-hafen-schwedt\/\"},\"author\":{\"name\":\"admin\",\"@id\":\"https:\/\/stadtwerkezeitung.info\/schwedt\/#\/schema\/person\/acd409dca37d4bb8bf3a1284da7f1ee0\"},\"headline\":\"Mal- und Zeichenwettbewerb FLOW 2025 am Hafen Schwedt\",\"datePublished\":\"2025-11-13T13:25:05+00:00\",\"dateModified\":\"2025-11-13T13:26:59+00:00\",\"mainEntityOfPage\":{\"@id\":\"https:\/\/stadtwerkezeitung.info\/schwedt\/2025\/11\/13\/mal-und-zeichenwettbewerb-flow-2025-am-hafen-schwedt\/\"},\"wordCount\":282,\"commentCount\":0,\"image\":{\"@id\":\"https:\/\/stadtwerkezeitung.info\/schwedt\/2025\/11\/13\/mal-und-zeichenwettbewerb-flow-2025-am-hafen-schwedt\/#primaryimage\"},\"thumbnailUrl\":\"https:\/\/stadtwerkezeitung.info\/schwedt\/wp-content\/uploads\/sites\/5\/2025\/11\/203bild1.jpeg\",\"inLanguage\":\"en-US\",\"potentialAction\":[{\"@type\":\"CommentAction\",\"name\":\"Comment\",\"target\":[\"https:\/\/stadtwerkezeitung.info\/schwedt\/2025\/11\/13\/mal-und-zeichenwettbewerb-flow-2025-am-hafen-schwedt\/#respond\"]}]},{\"@type\":\"WebPage\",\"@id\":\"https:\/\/stadtwerkezeitung.info\/schwedt\/2025\/11\/13\/mal-und-zeichenwettbewerb-flow-2025-am-hafen-schwedt\/\",\"url\":\"https:\/\/stadtwerkezeitung.info\/schwedt\/2025\/11\/13\/mal-und-zeichenwettbewerb-flow-2025-am-hafen-schwedt\/\",\"name\":\"Mal- und Zeichenwettbewerb FLOW 2025 am Hafen Schwedt - UMschau Schwedt\",\"isPartOf\":{\"@id\":\"https:\/\/stadtwerkezeitung.info\/schwedt\/#website\"},\"primaryImageOfPage\":{\"@id\":\"https:\/\/stadtwerkezeitung.info\/schwedt\/2025\/11\/13\/mal-und-zeichenwettbewerb-flow-2025-am-hafen-schwedt\/#primaryimage\"},\"image\":{\"@id\":\"https:\/\/stadtwerkezeitung.info\/schwedt\/2025\/11\/13\/mal-und-zeichenwettbewerb-flow-2025-am-hafen-schwedt\/#primaryimage\"},\"thumbnailUrl\":\"https:\/\/stadtwerkezeitung.info\/schwedt\/wp-content\/uploads\/sites\/5\/2025\/11\/203bild1.jpeg\",\"datePublished\":\"2025-11-13T13:25:05+00:00\",\"dateModified\":\"2025-11-13T13:26:59+00:00\",\"author\":{\"@id\":\"https:\/\/stadtwerkezeitung.info\/schwedt\/#\/schema\/person\/acd409dca37d4bb8bf3a1284da7f1ee0\"},\"description\":\"Am 14. September wurde der Schwedter Hafen zur Leinwand f\u00fcr junge K\u00fcnstlerinnen und K\u00fcnstler.\",\"breadcrumb\":{\"@id\":\"https:\/\/stadtwerkezeitung.info\/schwedt\/2025\/11\/13\/mal-und-zeichenwettbewerb-flow-2025-am-hafen-schwedt\/#breadcrumb\"},\"inLanguage\":\"en-US\",\"potentialAction\":[{\"@type\":\"ReadAction\",\"target\":[\"https:\/\/stadtwerkezeitung.info\/schwedt\/2025\/11\/13\/mal-und-zeichenwettbewerb-flow-2025-am-hafen-schwedt\/\"]}]},{\"@type\":\"ImageObject\",\"inLanguage\":\"en-US\",\"@id\":\"https:\/\/stadtwerkezeitung.info\/schwedt\/2025\/11\/13\/mal-und-zeichenwettbewerb-flow-2025-am-hafen-schwedt\/#primaryimage\",\"url\":\"https:\/\/stadtwerkezeitung.info\/schwedt\/wp-content\/uploads\/sites\/5\/2025\/11\/203bild1.jpeg\",\"contentUrl\":\"https:\/\/stadtwerkezeitung.info\/schwedt\/wp-content\/uploads\/sites\/5\/2025\/11\/203bild1.jpeg\",\"width\":2048,\"height\":1536},{\"@type\":\"BreadcrumbList\",\"@id\":\"https:\/\/stadtwerkezeitung.info\/schwedt\/2025\/11\/13\/mal-und-zeichenwettbewerb-flow-2025-am-hafen-schwedt\/#breadcrumb\",\"itemListElement\":[{\"@type\":\"ListItem\",\"position\":1,\"name\":\"Home\",\"item\":\"https:\/\/stadtwerkezeitung.info\/schwedt\/\"},{\"@type\":\"ListItem\",\"position\":2,\"name\":\"Mal- und Zeichenwettbewerb FLOW 2025 am Hafen Schwedt\"}]},{\"@type\":\"WebSite\",\"@id\":\"https:\/\/stadtwerkezeitung.info\/schwedt\/#website\",\"url\":\"https:\/\/stadtwerkezeitung.info\/schwedt\/\",\"name\":\"UMschau Schwedt\",\"description\":\"\",\"inLanguage\":\"en-US\"},{\"@type\":\"Person\",\"@id\":\"https:\/\/stadtwerkezeitung.info\/schwedt\/#\/schema\/person\/acd409dca37d4bb8bf3a1284da7f1ee0\",\"name\":\"admin\",\"image\":{\"@type\":\"ImageObject\",\"inLanguage\":\"en-US\",\"@id\":\"https:\/\/stadtwerkezeitung.info\/schwedt\/#\/schema\/person\/image\/\",\"url\":\"https:\/\/secure.gravatar.com\/avatar\/52dc0b3340c8087a51f52eaa20dc62cd4a6fe41f5bd886140989db7b572c00cd?s=96&d=mm&r=g\",\"contentUrl\":\"https:\/\/secure.gravatar.com\/avatar\/52dc0b3340c8087a51f52eaa20dc62cd4a6fe41f5bd886140989db7b572c00cd?s=96&d=mm&r=g\",\"caption\":\"admin\"},\"sameAs\":[\"https:\/\/stadtwerkezeitung.info\"]}]}<\/script>\n<!-- \/ Yoast SEO plugin. -->","yoast_head_json":{"title":"Mal- und Zeichenwettbewerb FLOW 2025 am Hafen Schwedt - UMschau Schwedt","description":"Am 14. September wurde der Schwedter Hafen zur Leinwand f\u00fcr junge K\u00fcnstlerinnen und K\u00fcnstler.","robots":{"index":"index","follow":"follow","max-snippet":"max-snippet:-1","max-image-preview":"max-image-preview:large","max-video-preview":"max-video-preview:-1"},"canonical":"https:\/\/stadtwerkezeitung.info\/schwedt\/2025\/11\/13\/mal-und-zeichenwettbewerb-flow-2025-am-hafen-schwedt\/","og_locale":"en_US","og_type":"article","og_title":"Mal- und Zeichenwettbewerb FLOW 2025 am Hafen Schwedt - UMschau Schwedt","og_description":"Am 14. September wurde der Schwedter Hafen zur Leinwand f\u00fcr junge K\u00fcnstlerinnen und K\u00fcnstler.","og_url":"https:\/\/stadtwerkezeitung.info\/schwedt\/2025\/11\/13\/mal-und-zeichenwettbewerb-flow-2025-am-hafen-schwedt\/","og_site_name":"UMschau Schwedt","article_published_time":"2025-11-13T13:25:05+00:00","article_modified_time":"2025-11-13T13:26:59+00:00","og_image":[{"width":2048,"height":1536,"url":"https:\/\/stadtwerkezeitung.info\/schwedt\/wp-content\/uploads\/sites\/5\/2025\/11\/203bild1.jpeg","type":"image\/jpeg"}],"author":"admin","twitter_card":"summary_large_image","twitter_misc":{"Written by":"admin","Est. reading time":"3 minutes"},"schema":{"@context":"https:\/\/schema.org","@graph":[{"@type":"Article","@id":"https:\/\/stadtwerkezeitung.info\/schwedt\/2025\/11\/13\/mal-und-zeichenwettbewerb-flow-2025-am-hafen-schwedt\/#article","isPartOf":{"@id":"https:\/\/stadtwerkezeitung.info\/schwedt\/2025\/11\/13\/mal-und-zeichenwettbewerb-flow-2025-am-hafen-schwedt\/"},"author":{"name":"admin","@id":"https:\/\/stadtwerkezeitung.info\/schwedt\/#\/schema\/person\/acd409dca37d4bb8bf3a1284da7f1ee0"},"headline":"Mal- und Zeichenwettbewerb FLOW 2025 am Hafen Schwedt","datePublished":"2025-11-13T13:25:05+00:00","dateModified":"2025-11-13T13:26:59+00:00","mainEntityOfPage":{"@id":"https:\/\/stadtwerkezeitung.info\/schwedt\/2025\/11\/13\/mal-und-zeichenwettbewerb-flow-2025-am-hafen-schwedt\/"},"wordCount":282,"commentCount":0,"image":{"@id":"https:\/\/stadtwerkezeitung.info\/schwedt\/2025\/11\/13\/mal-und-zeichenwettbewerb-flow-2025-am-hafen-schwedt\/#primaryimage"},"thumbnailUrl":"https:\/\/stadtwerkezeitung.info\/schwedt\/wp-content\/uploads\/sites\/5\/2025\/11\/203bild1.jpeg","inLanguage":"en-US","potentialAction":[{"@type":"CommentAction","name":"Comment","target":["https:\/\/stadtwerkezeitung.info\/schwedt\/2025\/11\/13\/mal-und-zeichenwettbewerb-flow-2025-am-hafen-schwedt\/#respond"]}]},{"@type":"WebPage","@id":"https:\/\/stadtwerkezeitung.info\/schwedt\/2025\/11\/13\/mal-und-zeichenwettbewerb-flow-2025-am-hafen-schwedt\/","url":"https:\/\/stadtwerkezeitung.info\/schwedt\/2025\/11\/13\/mal-und-zeichenwettbewerb-flow-2025-am-hafen-schwedt\/","name":"Mal- und Zeichenwettbewerb FLOW 2025 am Hafen Schwedt - UMschau Schwedt","isPartOf":{"@id":"https:\/\/stadtwerkezeitung.info\/schwedt\/#website"},"primaryImageOfPage":{"@id":"https:\/\/stadtwerkezeitung.info\/schwedt\/2025\/11\/13\/mal-und-zeichenwettbewerb-flow-2025-am-hafen-schwedt\/#primaryimage"},"image":{"@id":"https:\/\/stadtwerkezeitung.info\/schwedt\/2025\/11\/13\/mal-und-zeichenwettbewerb-flow-2025-am-hafen-schwedt\/#primaryimage"},"thumbnailUrl":"https:\/\/stadtwerkezeitung.info\/schwedt\/wp-content\/uploads\/sites\/5\/2025\/11\/203bild1.jpeg","datePublished":"2025-11-13T13:25:05+00:00","dateModified":"2025-11-13T13:26:59+00:00","author":{"@id":"https:\/\/stadtwerkezeitung.info\/schwedt\/#\/schema\/person\/acd409dca37d4bb8bf3a1284da7f1ee0"},"description":"Am 14. September wurde der Schwedter Hafen zur Leinwand f\u00fcr junge K\u00fcnstlerinnen und K\u00fcnstler.","breadcrumb":{"@id":"https:\/\/stadtwerkezeitung.info\/schwedt\/2025\/11\/13\/mal-und-zeichenwettbewerb-flow-2025-am-hafen-schwedt\/#breadcrumb"},"inLanguage":"en-US","potentialAction":[{"@type":"ReadAction","target":["https:\/\/stadtwerkezeitung.info\/schwedt\/2025\/11\/13\/mal-und-zeichenwettbewerb-flow-2025-am-hafen-schwedt\/"]}]},{"@type":"ImageObject","inLanguage":"en-US","@id":"https:\/\/stadtwerkezeitung.info\/schwedt\/2025\/11\/13\/mal-und-zeichenwettbewerb-flow-2025-am-hafen-schwedt\/#primaryimage","url":"https:\/\/stadtwerkezeitung.info\/schwedt\/wp-content\/uploads\/sites\/5\/2025\/11\/203bild1.jpeg","contentUrl":"https:\/\/stadtwerkezeitung.info\/schwedt\/wp-content\/uploads\/sites\/5\/2025\/11\/203bild1.jpeg","width":2048,"height":1536},{"@type":"BreadcrumbList","@id":"https:\/\/stadtwerkezeitung.info\/schwedt\/2025\/11\/13\/mal-und-zeichenwettbewerb-flow-2025-am-hafen-schwedt\/#breadcrumb","itemListElement":[{"@type":"ListItem","position":1,"name":"Home","item":"https:\/\/stadtwerkezeitung.info\/schwedt\/"},{"@type":"ListItem","position":2,"name":"Mal- und Zeichenwettbewerb FLOW 2025 am Hafen Schwedt"}]},{"@type":"WebSite","@id":"https:\/\/stadtwerkezeitung.info\/schwedt\/#website","url":"https:\/\/stadtwerkezeitung.info\/schwedt\/","name":"UMschau Schwedt","description":"","inLanguage":"en-US"},{"@type":"Person","@id":"https:\/\/stadtwerkezeitung.info\/schwedt\/#\/schema\/person\/acd409dca37d4bb8bf3a1284da7f1ee0","name":"admin","image":{"@type":"ImageObject","inLanguage":"en-US","@id":"https:\/\/stadtwerkezeitung.info\/schwedt\/#\/schema\/person\/image\/","url":"https:\/\/secure.gravatar.com\/avatar\/52dc0b3340c8087a51f52eaa20dc62cd4a6fe41f5bd886140989db7b572c00cd?s=96&d=mm&r=g","contentUrl":"https:\/\/secure.gravatar.com\/avatar\/52dc0b3340c8087a51f52eaa20dc62cd4a6fe41f5bd886140989db7b572c00cd?s=96&d=mm&r=g","caption":"admin"},"sameAs":["https:\/\/stadtwerkezeitung.info"]}]}},"_links":{"self":[{"href":"https:\/\/stadtwerkezeitung.info\/schwedt\/wp-json\/wp\/v2\/posts\/417","targetHints":{"allow":["GET"]}}],"collection":[{"href":"https:\/\/stadtwerkezeitung.info\/schwedt\/wp-json\/wp\/v2\/posts"}],"about":[{"href":"https:\/\/stadtwerkezeitung.info\/schwedt\/wp-json\/wp\/v2\/types\/post"}],"author":[{"embeddable":true,"href":"https:\/\/stadtwerkezeitung.info\/schwedt\/wp-json\/wp\/v2\/users\/1"}],"replies":[{"embeddable":true,"href":"https:\/\/stadtwerkezeitung.info\/schwedt\/wp-json\/wp\/v2\/comments?post=417"}],"version-history":[{"count":2,"href":"https:\/\/stadtwerkezeitung.info\/schwedt\/wp-json\/wp\/v2\/posts\/417\/revisions"}],"predecessor-version":[{"id":419,"href":"https:\/\/stadtwerkezeitung.info\/schwedt\/wp-json\/wp\/v2\/posts\/417\/revisions\/419"}],"wp:featuredmedia":[{"embeddable":true,"href":"https:\/\/stadtwerkezeitung.info\/schwedt\/wp-json\/wp\/v2\/media\/406"}],"wp:attachment":[{"href":"https:\/\/stadtwerkezeitung.info\/schwedt\/wp-json\/wp\/v2\/media?parent=417"}],"wp:term":[{"taxonomy":"category","embeddable":true,"href":"https:\/\/stadtwerkezeitung.info\/schwedt\/wp-json\/wp\/v2\/categories?post=417"},{"taxonomy":"post_tag","embeddable":true,"href":"https:\/\/stadtwerkezeitung.info\/schwedt\/wp-json\/wp\/v2\/tags?post=417"}],"curies":[{"name":"wp","href":"https:\/\/api.w.org\/{rel}","templated":true}]}}