{"id":428,"date":"2025-11-13T13:37:05","date_gmt":"2025-11-13T13:37:05","guid":{"rendered":"https:\/\/stadtwerkezeitung.info\/schwedt\/?p=428"},"modified":"2025-11-13T13:38:33","modified_gmt":"2025-11-13T13:38:33","slug":"vereinsmitglieder-als-stickerhelden","status":"publish","type":"post","link":"https:\/\/stadtwerkezeitung.info\/schwedt\/2025\/11\/13\/vereinsmitglieder-als-stickerhelden\/","title":{"rendered":"Vereinsmitglieder als Stickerhelden"},"content":{"rendered":"<h2>Tolle Aktion<\/h2>\n<h1>Vereinsmitglieder als Stickerhelden<\/h1>\n<h2>Ein Foto-Sammelalbum hat beim VfL Vierraden 1960 e.V. in den vergangenen Wochen f\u00fcr Begeisterung gesorgt. Von Mitte September bis zum 21. November konnten Vereinsmitglieder und Fans beim Nahkauf Schwedt die Sticker mit den Portraitbildern der Vereins-Kollegen sammeln und tauschen.<\/h2>\n<div>\n<p>Die Idee entstand im Verein selbst und wurde gemeinsam mit dem Unternehmen Stickerstars und Marktinhaberin Frau Pham umgesetzt. Bevor es losging, mussten zun\u00e4chst alle Mitglieder, Trainer, \u00dcbungsleiter, Spieler, von den Bambinis bis zu den Altherren fotografiert und das Album gestaltet werden \u2013 eine echte Gemeinschaftsaufgabe. Schon beim gro\u00dfen \u201eKick-off\u201c verwandelten \u00fcber 200 Gr\u00fcn-Wei\u00dfe den Markt in ein Vereinsfest. \u201eDer Sammel-Hype war gigantisch\u201c, sagt Organisator und Co-Trainer der M\u00e4nnermannschaft Leon Rabinowitsch vom VfL Vierraden 1960 e.V. (279 Mitglieder in 6 Abteilungen). \u201eDas Album zeigt, wie stark das Wir-Gef\u00fchl im Verein ist und verbindet Generationen.\u201c<\/p>\n<h4>Die Stadtwerke Schwedt unterst\u00fctzten die Aktion.<\/h4>\n<\/div>\n<p><img decoding=\"async\" src=\"\/schwedt\/wp-content\/uploads\/sites\/5\/2025\/11\/206bild1.jpeg\" alt=\"\"><\/p>\n<div>\n<p><em>Marketingmitarbeiterin des Unternehmensverbundes Stadtwerke Schwedt, Janice Schmidt und Sebastian Kl\u00fcter, VfL-Nachwuchskoordinator, beim \u201eKick-off\u201c im Nahkauf mit dem Stickeralbum.<\/p>\n<p><small> Foto: SWS<br \/>\n <br \/><\/small><\/em><\/p>\n<\/div>\n<p><!--more--><br \/>\n<!-- {\"type\":\"layout\",\"children\":[{\"type\":\"section\",\"props\":{\"image_position\":\"center-center\",\"padding_remove_top\":true,\"style\":\"default\",\"title_breakpoint\":\"xl\",\"title_position\":\"top-left\",\"title_rotation\":\"left\",\"vertical_align\":\"\",\"width\":\"small\"},\"children\":[{\"type\":\"row\",\"children\":[{\"type\":\"column\",\"props\":{\"image_position\":\"center-center\",\"position_sticky_breakpoint\":\"m\",\"width_medium\":\"1-2\"},\"children\":[{\"type\":\"headline\",\"props\":{\"content\":\"Tolle Aktion\",\"margin\":\"small\",\"margin_remove_bottom\":false,\"margin_remove_top\":false,\"title_element\":\"h2\",\"title_style\":\"h6\"}},{\"type\":\"headline\",\"props\":{\"content\":\"Vereinsmitglieder als Stickerhelden\",\"margin\":\"small\",\"margin_remove_bottom\":false,\"margin_remove_top\":false,\"title_element\":\"h1\",\"title_style\":\"h2\"}},{\"type\":\"headline\",\"props\":{\"content\":\"Ein Foto-Sammelalbum hat beim VfL Vierraden 1960 e.V. in den vergangenen Wochen f\\u00fcr Begeisterung gesorgt. Von Mitte September bis zum 21. November konnten Vereinsmitglieder und Fans beim Nahkauf Schwedt die Sticker mit den Portraitbildern der Vereins-Kollegen sammeln und tauschen.\",\"margin\":\"small\",\"margin_remove_top\":false,\"title_element\":\"h2\",\"title_style\":\"text-lead\"}},{\"type\":\"text\",\"props\":{\"column_breakpoint\":\"m\",\"content\":\"\n\n<p>Die Idee entstand im Verein selbst und wurde gemeinsam mit dem Unternehmen Stickerstars und Marktinhaberin Frau Pham umgesetzt. Bevor es losging, mussten zun\\u00e4chst alle Mitglieder, Trainer, \\u00dcbungsleiter, Spieler, von den Bambinis bis zu den Altherren fotografiert und das Album gestaltet werden \\u2013 eine echte Gemeinschaftsaufgabe. Schon beim gro\\u00dfen \\u201eKick-off\\u201c verwandelten \\u00fcber 200 Gr\\u00fcn-Wei\\u00dfe den Markt in ein Vereinsfest. \\u201eDer Sammel-Hype war gigantisch\\u201c, sagt Organisator und Co-Trainer der M\\u00e4nnermannschaft Leon Rabinowitsch vom VfL Vierraden 1960 e.V. (279 Mitglieder in 6 Abteilungen). \\u201eDas Album zeigt, wie stark das Wir-Gef\\u00fchl im Verein ist und verbindet Generationen.\\u201c<\\\/p>\\n\n\n<h4>Die Stadtwerke Schwedt unterst\\u00fctzten die Aktion.<\\\/h4>\",\"margin\":\"default\"}}]},{\"type\":\"column\",\"props\":{\"image_position\":\"center-center\",\"position_sticky_breakpoint\":\"m\",\"width_medium\":\"1-2\"},\"children\":[{\"type\":\"image\",\"props\":{\"image\":\"wp-content\\\/uploads\\\/sites\\\/5\\\/2025\\\/11\\\/206bild1.jpeg\",\"image_svg_color\":\"emphasis\",\"margin\":\"default\"}},{\"type\":\"text\",\"props\":{\"column_breakpoint\":\"m\",\"content\":\"\n\n<p><em>Marketingmitarbeiterin des Unternehmensverbundes Stadtwerke Schwedt, Janice Schmidt und Sebastian Kl\\u00fcter, VfL-Nachwuchskoordinator, beim \\u201eKick-off\\u201c im Nahkauf mit dem Stickeralbum.\\n\\n\\n\\n    \\n    <br \\\/><small> Foto: SWS\\n <br \\\/><\\\/small><\\\/em><\\\/p>\",\"margin\":\"default\"}}]}],\"props\":{\"divider\":true,\"layout\":\"1-2,1-2\"}}],\"name\":\"Artikel Format\"}],\"version\":\"4.4.1\"} --><\/p>\n","protected":false},"excerpt":{"rendered":"<p>Tolle Aktion Vereinsmitglieder als Stickerhelden Ein Foto-Sammelalbum hat beim VfL Vierraden 1960 e.V. in den vergangenen Wochen f\u00fcr Begeisterung gesorgt. Von Mitte September bis zum 21. November konnten Vereinsmitglieder und Fans beim Nahkauf Schwedt die Sticker mit den Portraitbildern der Vereins-Kollegen sammeln und tauschen. Die Idee entstand im Verein selbst und wurde gemeinsam mit dem [&hellip;]<\/p>\n","protected":false},"author":1,"featured_media":409,"comment_status":"open","ping_status":"open","sticky":false,"template":"","format":"standard","meta":{"footnotes":""},"categories":[1],"tags":[],"class_list":["post-428","post","type-post","status-publish","format-standard","has-post-thumbnail","hentry","category-uncategorized"],"yoast_head":"<!-- This site is optimized with the Yoast SEO plugin v26.9 - https:\/\/yoast.com\/product\/yoast-seo-wordpress\/ -->\n<title>Vereinsmitglieder als Stickerhelden - UMschau Schwedt<\/title>\n<meta name=\"description\" content=\"Von Mitte September bis zum 21. November konnten Vereinsmitglieder und Fans beim Nahkauf Schwedt die Sticker mit den Portraitbildern der Vereins-Kollegen sammeln und tauschen.\" \/>\n<meta name=\"robots\" content=\"index, follow, max-snippet:-1, max-image-preview:large, max-video-preview:-1\" \/>\n<link rel=\"canonical\" href=\"https:\/\/stadtwerkezeitung.info\/schwedt\/2025\/11\/13\/vereinsmitglieder-als-stickerhelden\/\" \/>\n<meta property=\"og:locale\" content=\"en_US\" \/>\n<meta property=\"og:type\" content=\"article\" \/>\n<meta property=\"og:title\" content=\"Vereinsmitglieder als Stickerhelden - UMschau Schwedt\" \/>\n<meta property=\"og:description\" content=\"Von Mitte September bis zum 21. November konnten Vereinsmitglieder und Fans beim Nahkauf Schwedt die Sticker mit den Portraitbildern der Vereins-Kollegen sammeln und tauschen.\" \/>\n<meta property=\"og:url\" content=\"https:\/\/stadtwerkezeitung.info\/schwedt\/2025\/11\/13\/vereinsmitglieder-als-stickerhelden\/\" \/>\n<meta property=\"og:site_name\" content=\"UMschau Schwedt\" \/>\n<meta property=\"article:published_time\" content=\"2025-11-13T13:37:05+00:00\" \/>\n<meta property=\"article:modified_time\" content=\"2025-11-13T13:38:33+00:00\" \/>\n<meta property=\"og:image\" content=\"https:\/\/stadtwerkezeitung.info\/schwedt\/wp-content\/uploads\/sites\/5\/2025\/11\/206bild1.jpeg\" \/>\n\t<meta property=\"og:image:width\" content=\"1281\" \/>\n\t<meta property=\"og:image:height\" content=\"2000\" \/>\n\t<meta property=\"og:image:type\" content=\"image\/jpeg\" \/>\n<meta name=\"author\" content=\"admin\" \/>\n<meta name=\"twitter:card\" content=\"summary_large_image\" \/>\n<meta name=\"twitter:label1\" content=\"Written by\" \/>\n\t<meta name=\"twitter:data1\" content=\"admin\" \/>\n\t<meta name=\"twitter:label2\" content=\"Est. reading time\" \/>\n\t<meta name=\"twitter:data2\" content=\"3 minutes\" \/>\n<script type=\"application\/ld+json\" class=\"yoast-schema-graph\">{\"@context\":\"https:\/\/schema.org\",\"@graph\":[{\"@type\":\"Article\",\"@id\":\"https:\/\/stadtwerkezeitung.info\/schwedt\/2025\/11\/13\/vereinsmitglieder-als-stickerhelden\/#article\",\"isPartOf\":{\"@id\":\"https:\/\/stadtwerkezeitung.info\/schwedt\/2025\/11\/13\/vereinsmitglieder-als-stickerhelden\/\"},\"author\":{\"name\":\"admin\",\"@id\":\"https:\/\/stadtwerkezeitung.info\/schwedt\/#\/schema\/person\/acd409dca37d4bb8bf3a1284da7f1ee0\"},\"headline\":\"Vereinsmitglieder als Stickerhelden\",\"datePublished\":\"2025-11-13T13:37:05+00:00\",\"dateModified\":\"2025-11-13T13:38:33+00:00\",\"mainEntityOfPage\":{\"@id\":\"https:\/\/stadtwerkezeitung.info\/schwedt\/2025\/11\/13\/vereinsmitglieder-als-stickerhelden\/\"},\"wordCount\":170,\"commentCount\":0,\"image\":{\"@id\":\"https:\/\/stadtwerkezeitung.info\/schwedt\/2025\/11\/13\/vereinsmitglieder-als-stickerhelden\/#primaryimage\"},\"thumbnailUrl\":\"https:\/\/stadtwerkezeitung.info\/schwedt\/wp-content\/uploads\/sites\/5\/2025\/11\/206bild1.jpeg\",\"inLanguage\":\"en-US\",\"potentialAction\":[{\"@type\":\"CommentAction\",\"name\":\"Comment\",\"target\":[\"https:\/\/stadtwerkezeitung.info\/schwedt\/2025\/11\/13\/vereinsmitglieder-als-stickerhelden\/#respond\"]}]},{\"@type\":\"WebPage\",\"@id\":\"https:\/\/stadtwerkezeitung.info\/schwedt\/2025\/11\/13\/vereinsmitglieder-als-stickerhelden\/\",\"url\":\"https:\/\/stadtwerkezeitung.info\/schwedt\/2025\/11\/13\/vereinsmitglieder-als-stickerhelden\/\",\"name\":\"Vereinsmitglieder als Stickerhelden - UMschau Schwedt\",\"isPartOf\":{\"@id\":\"https:\/\/stadtwerkezeitung.info\/schwedt\/#website\"},\"primaryImageOfPage\":{\"@id\":\"https:\/\/stadtwerkezeitung.info\/schwedt\/2025\/11\/13\/vereinsmitglieder-als-stickerhelden\/#primaryimage\"},\"image\":{\"@id\":\"https:\/\/stadtwerkezeitung.info\/schwedt\/2025\/11\/13\/vereinsmitglieder-als-stickerhelden\/#primaryimage\"},\"thumbnailUrl\":\"https:\/\/stadtwerkezeitung.info\/schwedt\/wp-content\/uploads\/sites\/5\/2025\/11\/206bild1.jpeg\",\"datePublished\":\"2025-11-13T13:37:05+00:00\",\"dateModified\":\"2025-11-13T13:38:33+00:00\",\"author\":{\"@id\":\"https:\/\/stadtwerkezeitung.info\/schwedt\/#\/schema\/person\/acd409dca37d4bb8bf3a1284da7f1ee0\"},\"description\":\"Von Mitte September bis zum 21. November konnten Vereinsmitglieder und Fans beim Nahkauf Schwedt die Sticker mit den Portraitbildern der Vereins-Kollegen sammeln und tauschen.\",\"breadcrumb\":{\"@id\":\"https:\/\/stadtwerkezeitung.info\/schwedt\/2025\/11\/13\/vereinsmitglieder-als-stickerhelden\/#breadcrumb\"},\"inLanguage\":\"en-US\",\"potentialAction\":[{\"@type\":\"ReadAction\",\"target\":[\"https:\/\/stadtwerkezeitung.info\/schwedt\/2025\/11\/13\/vereinsmitglieder-als-stickerhelden\/\"]}]},{\"@type\":\"ImageObject\",\"inLanguage\":\"en-US\",\"@id\":\"https:\/\/stadtwerkezeitung.info\/schwedt\/2025\/11\/13\/vereinsmitglieder-als-stickerhelden\/#primaryimage\",\"url\":\"https:\/\/stadtwerkezeitung.info\/schwedt\/wp-content\/uploads\/sites\/5\/2025\/11\/206bild1.jpeg\",\"contentUrl\":\"https:\/\/stadtwerkezeitung.info\/schwedt\/wp-content\/uploads\/sites\/5\/2025\/11\/206bild1.jpeg\",\"width\":1281,\"height\":2000},{\"@type\":\"BreadcrumbList\",\"@id\":\"https:\/\/stadtwerkezeitung.info\/schwedt\/2025\/11\/13\/vereinsmitglieder-als-stickerhelden\/#breadcrumb\",\"itemListElement\":[{\"@type\":\"ListItem\",\"position\":1,\"name\":\"Home\",\"item\":\"https:\/\/stadtwerkezeitung.info\/schwedt\/\"},{\"@type\":\"ListItem\",\"position\":2,\"name\":\"Vereinsmitglieder als Stickerhelden\"}]},{\"@type\":\"WebSite\",\"@id\":\"https:\/\/stadtwerkezeitung.info\/schwedt\/#website\",\"url\":\"https:\/\/stadtwerkezeitung.info\/schwedt\/\",\"name\":\"UMschau Schwedt\",\"description\":\"\",\"inLanguage\":\"en-US\"},{\"@type\":\"Person\",\"@id\":\"https:\/\/stadtwerkezeitung.info\/schwedt\/#\/schema\/person\/acd409dca37d4bb8bf3a1284da7f1ee0\",\"name\":\"admin\",\"image\":{\"@type\":\"ImageObject\",\"inLanguage\":\"en-US\",\"@id\":\"https:\/\/stadtwerkezeitung.info\/schwedt\/#\/schema\/person\/image\/\",\"url\":\"https:\/\/secure.gravatar.com\/avatar\/52dc0b3340c8087a51f52eaa20dc62cd4a6fe41f5bd886140989db7b572c00cd?s=96&d=mm&r=g\",\"contentUrl\":\"https:\/\/secure.gravatar.com\/avatar\/52dc0b3340c8087a51f52eaa20dc62cd4a6fe41f5bd886140989db7b572c00cd?s=96&d=mm&r=g\",\"caption\":\"admin\"},\"sameAs\":[\"https:\/\/stadtwerkezeitung.info\"]}]}<\/script>\n<!-- \/ Yoast SEO plugin. -->","yoast_head_json":{"title":"Vereinsmitglieder als Stickerhelden - UMschau Schwedt","description":"Von Mitte September bis zum 21. November konnten Vereinsmitglieder und Fans beim Nahkauf Schwedt die Sticker mit den Portraitbildern der Vereins-Kollegen sammeln und tauschen.","robots":{"index":"index","follow":"follow","max-snippet":"max-snippet:-1","max-image-preview":"max-image-preview:large","max-video-preview":"max-video-preview:-1"},"canonical":"https:\/\/stadtwerkezeitung.info\/schwedt\/2025\/11\/13\/vereinsmitglieder-als-stickerhelden\/","og_locale":"en_US","og_type":"article","og_title":"Vereinsmitglieder als Stickerhelden - UMschau Schwedt","og_description":"Von Mitte September bis zum 21. November konnten Vereinsmitglieder und Fans beim Nahkauf Schwedt die Sticker mit den Portraitbildern der Vereins-Kollegen sammeln und tauschen.","og_url":"https:\/\/stadtwerkezeitung.info\/schwedt\/2025\/11\/13\/vereinsmitglieder-als-stickerhelden\/","og_site_name":"UMschau Schwedt","article_published_time":"2025-11-13T13:37:05+00:00","article_modified_time":"2025-11-13T13:38:33+00:00","og_image":[{"width":1281,"height":2000,"url":"https:\/\/stadtwerkezeitung.info\/schwedt\/wp-content\/uploads\/sites\/5\/2025\/11\/206bild1.jpeg","type":"image\/jpeg"}],"author":"admin","twitter_card":"summary_large_image","twitter_misc":{"Written by":"admin","Est. reading time":"3 minutes"},"schema":{"@context":"https:\/\/schema.org","@graph":[{"@type":"Article","@id":"https:\/\/stadtwerkezeitung.info\/schwedt\/2025\/11\/13\/vereinsmitglieder-als-stickerhelden\/#article","isPartOf":{"@id":"https:\/\/stadtwerkezeitung.info\/schwedt\/2025\/11\/13\/vereinsmitglieder-als-stickerhelden\/"},"author":{"name":"admin","@id":"https:\/\/stadtwerkezeitung.info\/schwedt\/#\/schema\/person\/acd409dca37d4bb8bf3a1284da7f1ee0"},"headline":"Vereinsmitglieder als Stickerhelden","datePublished":"2025-11-13T13:37:05+00:00","dateModified":"2025-11-13T13:38:33+00:00","mainEntityOfPage":{"@id":"https:\/\/stadtwerkezeitung.info\/schwedt\/2025\/11\/13\/vereinsmitglieder-als-stickerhelden\/"},"wordCount":170,"commentCount":0,"image":{"@id":"https:\/\/stadtwerkezeitung.info\/schwedt\/2025\/11\/13\/vereinsmitglieder-als-stickerhelden\/#primaryimage"},"thumbnailUrl":"https:\/\/stadtwerkezeitung.info\/schwedt\/wp-content\/uploads\/sites\/5\/2025\/11\/206bild1.jpeg","inLanguage":"en-US","potentialAction":[{"@type":"CommentAction","name":"Comment","target":["https:\/\/stadtwerkezeitung.info\/schwedt\/2025\/11\/13\/vereinsmitglieder-als-stickerhelden\/#respond"]}]},{"@type":"WebPage","@id":"https:\/\/stadtwerkezeitung.info\/schwedt\/2025\/11\/13\/vereinsmitglieder-als-stickerhelden\/","url":"https:\/\/stadtwerkezeitung.info\/schwedt\/2025\/11\/13\/vereinsmitglieder-als-stickerhelden\/","name":"Vereinsmitglieder als Stickerhelden - UMschau Schwedt","isPartOf":{"@id":"https:\/\/stadtwerkezeitung.info\/schwedt\/#website"},"primaryImageOfPage":{"@id":"https:\/\/stadtwerkezeitung.info\/schwedt\/2025\/11\/13\/vereinsmitglieder-als-stickerhelden\/#primaryimage"},"image":{"@id":"https:\/\/stadtwerkezeitung.info\/schwedt\/2025\/11\/13\/vereinsmitglieder-als-stickerhelden\/#primaryimage"},"thumbnailUrl":"https:\/\/stadtwerkezeitung.info\/schwedt\/wp-content\/uploads\/sites\/5\/2025\/11\/206bild1.jpeg","datePublished":"2025-11-13T13:37:05+00:00","dateModified":"2025-11-13T13:38:33+00:00","author":{"@id":"https:\/\/stadtwerkezeitung.info\/schwedt\/#\/schema\/person\/acd409dca37d4bb8bf3a1284da7f1ee0"},"description":"Von Mitte September bis zum 21. November konnten Vereinsmitglieder und Fans beim Nahkauf Schwedt die Sticker mit den Portraitbildern der Vereins-Kollegen sammeln und tauschen.","breadcrumb":{"@id":"https:\/\/stadtwerkezeitung.info\/schwedt\/2025\/11\/13\/vereinsmitglieder-als-stickerhelden\/#breadcrumb"},"inLanguage":"en-US","potentialAction":[{"@type":"ReadAction","target":["https:\/\/stadtwerkezeitung.info\/schwedt\/2025\/11\/13\/vereinsmitglieder-als-stickerhelden\/"]}]},{"@type":"ImageObject","inLanguage":"en-US","@id":"https:\/\/stadtwerkezeitung.info\/schwedt\/2025\/11\/13\/vereinsmitglieder-als-stickerhelden\/#primaryimage","url":"https:\/\/stadtwerkezeitung.info\/schwedt\/wp-content\/uploads\/sites\/5\/2025\/11\/206bild1.jpeg","contentUrl":"https:\/\/stadtwerkezeitung.info\/schwedt\/wp-content\/uploads\/sites\/5\/2025\/11\/206bild1.jpeg","width":1281,"height":2000},{"@type":"BreadcrumbList","@id":"https:\/\/stadtwerkezeitung.info\/schwedt\/2025\/11\/13\/vereinsmitglieder-als-stickerhelden\/#breadcrumb","itemListElement":[{"@type":"ListItem","position":1,"name":"Home","item":"https:\/\/stadtwerkezeitung.info\/schwedt\/"},{"@type":"ListItem","position":2,"name":"Vereinsmitglieder als Stickerhelden"}]},{"@type":"WebSite","@id":"https:\/\/stadtwerkezeitung.info\/schwedt\/#website","url":"https:\/\/stadtwerkezeitung.info\/schwedt\/","name":"UMschau Schwedt","description":"","inLanguage":"en-US"},{"@type":"Person","@id":"https:\/\/stadtwerkezeitung.info\/schwedt\/#\/schema\/person\/acd409dca37d4bb8bf3a1284da7f1ee0","name":"admin","image":{"@type":"ImageObject","inLanguage":"en-US","@id":"https:\/\/stadtwerkezeitung.info\/schwedt\/#\/schema\/person\/image\/","url":"https:\/\/secure.gravatar.com\/avatar\/52dc0b3340c8087a51f52eaa20dc62cd4a6fe41f5bd886140989db7b572c00cd?s=96&d=mm&r=g","contentUrl":"https:\/\/secure.gravatar.com\/avatar\/52dc0b3340c8087a51f52eaa20dc62cd4a6fe41f5bd886140989db7b572c00cd?s=96&d=mm&r=g","caption":"admin"},"sameAs":["https:\/\/stadtwerkezeitung.info"]}]}},"_links":{"self":[{"href":"https:\/\/stadtwerkezeitung.info\/schwedt\/wp-json\/wp\/v2\/posts\/428","targetHints":{"allow":["GET"]}}],"collection":[{"href":"https:\/\/stadtwerkezeitung.info\/schwedt\/wp-json\/wp\/v2\/posts"}],"about":[{"href":"https:\/\/stadtwerkezeitung.info\/schwedt\/wp-json\/wp\/v2\/types\/post"}],"author":[{"embeddable":true,"href":"https:\/\/stadtwerkezeitung.info\/schwedt\/wp-json\/wp\/v2\/users\/1"}],"replies":[{"embeddable":true,"href":"https:\/\/stadtwerkezeitung.info\/schwedt\/wp-json\/wp\/v2\/comments?post=428"}],"version-history":[{"count":2,"href":"https:\/\/stadtwerkezeitung.info\/schwedt\/wp-json\/wp\/v2\/posts\/428\/revisions"}],"predecessor-version":[{"id":430,"href":"https:\/\/stadtwerkezeitung.info\/schwedt\/wp-json\/wp\/v2\/posts\/428\/revisions\/430"}],"wp:featuredmedia":[{"embeddable":true,"href":"https:\/\/stadtwerkezeitung.info\/schwedt\/wp-json\/wp\/v2\/media\/409"}],"wp:attachment":[{"href":"https:\/\/stadtwerkezeitung.info\/schwedt\/wp-json\/wp\/v2\/media?parent=428"}],"wp:term":[{"taxonomy":"category","embeddable":true,"href":"https:\/\/stadtwerkezeitung.info\/schwedt\/wp-json\/wp\/v2\/categories?post=428"},{"taxonomy":"post_tag","embeddable":true,"href":"https:\/\/stadtwerkezeitung.info\/schwedt\/wp-json\/wp\/v2\/tags?post=428"}],"curies":[{"name":"wp","href":"https:\/\/api.w.org\/{rel}","templated":true}]}}