{"id":432,"date":"2025-11-13T13:40:06","date_gmt":"2025-11-13T13:40:06","guid":{"rendered":"https:\/\/stadtwerkezeitung.info\/schwedt\/?p=432"},"modified":"2025-11-13T13:40:29","modified_gmt":"2025-11-13T13:40:29","slug":"nationalpark-ecke-november-2025","status":"publish","type":"post","link":"https:\/\/stadtwerkezeitung.info\/schwedt\/2025\/11\/13\/nationalpark-ecke-november-2025\/","title":{"rendered":"Nationalpark-Ecke November 2025"},"content":{"rendered":"<p><img decoding=\"async\" src=\"\/schwedt\/wp-content\/uploads\/sites\/5\/2025\/07\/108_Teaser_S.-4_5-NEU-Julia-KuwaldNationalpark-Ecke.jpg\" alt=\"\"><\/p>\n<div>\n<p><em>Julia Kuwald, Mitarbeiterin StroamCamp und Unterst\u00fctzerin des F\u00f6rdervereins Nationalpark Unteres Odertal e. V. <br \/><small> Foto: SWS<br \/><\/small><\/em><\/p>\n<\/div>\n<h1>Nationalpark-Ecke<br \/>\n<\/h1>\n<h2>Liebe Freunde des Nationalparks,<\/h2>\n<div>\n<p>30 Jahre Nationalpark \u2013 was f\u00fcr ein Jubil\u00e4um! Wir sagen Danke f\u00fcr viele unvergessliche Naturerlebnisse und freuen uns auf die n\u00e4chsten 30.<\/p>\n<p>Im Winter f\u00fcttern viele Vogelbegeisterte ihre kleinen gefiederten Nachbarn \u2013 aber bitte richtig! Weichfutterfresser wie Rotkehlchen, Amsel oder Star m\u00f6gen Haferflocken, Mohn, Rosinen oder Obst. Allesfresser wie Meisen, Spechte und Kleiber nehmen auch Sonnenblumenkerne oder Fett-K\u00f6rner-Mischungen an. K\u00f6rnerfresser wie Finken und Sperlinge bevorzugen kr\u00e4ftige S\u00e4mereien.<\/p>\n<p>\u00dcbrigens: Zaunk\u00f6nige bilden im Winter Schlafgemeinschaften aus bis zu 20 Tieren, um sich gegenseitig zu w\u00e4rmen \u2013 ein sch\u00f6nes Beispiel f\u00fcr Zusammenhalt in der Natur. Und wer nach einem Spaziergang ebenfalls W\u00e4rme sucht, findet sie auch im StroamCamp in unserer Sauna.<\/p>\n<p><em>Ihre Julia Kuwald<\/em><br \/><em>Mitarbeiterin StroamCamp und <\/em><br \/><em>Unterst\u00fctzerin des F\u00f6rdervereins <\/em><br \/><em>Nationalpark Unteres Odertal e.\u2009V.<\/em><\/p>\n<\/div>\n<p><!--more--><br \/>\n<!-- {\"type\":\"layout\",\"children\":[{\"type\":\"section\",\"props\":{\"image_position\":\"center-center\",\"padding_remove_top\":true,\"style\":\"default\",\"title_breakpoint\":\"xl\",\"title_position\":\"top-left\",\"title_rotation\":\"left\",\"vertical_align\":\"\",\"width\":\"small\"},\"children\":[{\"type\":\"row\",\"children\":[{\"type\":\"column\",\"props\":{\"image_position\":\"center-center\",\"position_sticky_breakpoint\":\"m\",\"width_medium\":\"1-2\"},\"children\":[{\"type\":\"image\",\"props\":{\"image\":\"wp-content\\\/uploads\\\/sites\\\/5\\\/2025\\\/07\\\/108_Teaser_S.-4_5-NEU-Julia-KuwaldNationalpark-Ecke.jpg\",\"image_svg_color\":\"emphasis\",\"margin\":\"default\"}},{\"type\":\"text\",\"props\":{\"column_breakpoint\":\"m\",\"content\":\"\n\n<p><em>Julia Kuwald, Mitarbeiterin StroamCamp und Unterst\\u00fctzerin des F\\u00f6rdervereins Nationalpark Unteres Odertal e. V. <br \\\/><small> Foto: SWS<br \\\/><\\\/small><\\\/em><\\\/p>\",\"margin\":\"default\"}}]},{\"type\":\"column\",\"props\":{\"image_position\":\"center-center\",\"position_sticky_breakpoint\":\"m\",\"width_medium\":\"1-2\"},\"children\":[{\"type\":\"headline\",\"props\":{\"content\":\"Nationalpark-Ecke\\n\",\"margin\":\"small\",\"margin_remove_bottom\":false,\"margin_remove_top\":false,\"title_element\":\"h1\",\"title_style\":\"h2\"}},{\"type\":\"headline\",\"props\":{\"content\":\"Liebe Freunde des Nationalparks,\",\"margin\":\"small\",\"margin_remove_top\":false,\"title_element\":\"h2\",\"title_style\":\"text-lead\"}},{\"type\":\"text\",\"props\":{\"column_breakpoint\":\"m\",\"content\":\"\n\n<p>30 Jahre Nationalpark \\u2013 was f\\u00fcr ein Jubil\\u00e4um! Wir sagen Danke f\\u00fcr viele unvergessliche Naturerlebnisse und freuen uns auf die n\\u00e4chsten 30.<\\\/p>\\n\n\n<p>Im Winter f\\u00fcttern viele Vogelbegeisterte ihre kleinen gefiederten Nachbarn \\u2013 aber bitte richtig! Weichfutterfresser wie Rotkehlchen, Amsel oder Star m\\u00f6gen Haferflocken, Mohn, Rosinen oder Obst. Allesfresser wie Meisen, Spechte und Kleiber nehmen auch Sonnenblumenkerne oder Fett-K\\u00f6rner-Mischungen an. K\\u00f6rnerfresser wie Finken und Sperlinge bevorzugen kr\\u00e4ftige S\\u00e4mereien.<\\\/p>\\n\n\n<p>\\u00dcbrigens: Zaunk\\u00f6nige bilden im Winter Schlafgemeinschaften aus bis zu 20 Tieren, um sich gegenseitig zu w\\u00e4rmen \\u2013 ein sch\\u00f6nes Beispiel f\\u00fcr Zusammenhalt in der Natur. Und wer nach einem Spaziergang ebenfalls W\\u00e4rme sucht, findet sie auch im StroamCamp in unserer Sauna.<\\\/p>\\n\n\n<p><br \\\/><br \\\/><em>Ihre Julia Kuwald<\\\/em><br \\\/><em>Mitarbeiterin StroamCamp und <\\\/em><br \\\/><em>Unterst\\u00fctzerin des F\\u00f6rdervereins <\\\/em><br \\\/><em>Nationalpark Unteres Odertal e.\\u2009V.<\\\/em><\\\/p>\",\"margin\":\"default\"}}]}],\"props\":{\"divider\":true,\"layout\":\"1-2,1-2\"}}],\"name\":\"Artikel Format\"}],\"version\":\"4.4.1\"} --><\/p>\n","protected":false},"excerpt":{"rendered":"<p>Julia Kuwald, Mitarbeiterin StroamCamp und Unterst\u00fctzerin des F\u00f6rdervereins Nationalpark Unteres Odertal e. V. Foto: SWS Nationalpark-Ecke Liebe Freunde des Nationalparks, 30 Jahre Nationalpark \u2013 was f\u00fcr ein Jubil\u00e4um! Wir sagen Danke f\u00fcr viele unvergessliche Naturerlebnisse und freuen uns auf die n\u00e4chsten 30. Im Winter f\u00fcttern viele Vogelbegeisterte ihre kleinen gefiederten Nachbarn \u2013 aber bitte richtig! [&hellip;]<\/p>\n","protected":false},"author":1,"featured_media":0,"comment_status":"open","ping_status":"open","sticky":false,"template":"","format":"standard","meta":{"footnotes":""},"categories":[1],"tags":[],"class_list":["post-432","post","type-post","status-publish","format-standard","hentry","category-uncategorized"],"yoast_head":"<!-- This site is optimized with the Yoast SEO plugin v26.9 - https:\/\/yoast.com\/product\/yoast-seo-wordpress\/ -->\n<title>Nationalpark-Ecke November 2025 - UMschau Schwedt<\/title>\n<meta name=\"description\" content=\"30 Jahre Nationalpark \u2013 was f\u00fcr ein Jubil\u00e4um! Wir sagen Danke f\u00fcr viele unvergessliche Naturerlebnisse und freuen uns auf die n\u00e4chsten 30.\" \/>\n<meta name=\"robots\" content=\"index, follow, max-snippet:-1, max-image-preview:large, max-video-preview:-1\" \/>\n<link rel=\"canonical\" href=\"https:\/\/stadtwerkezeitung.info\/schwedt\/2025\/11\/13\/nationalpark-ecke-november-2025\/\" \/>\n<meta property=\"og:locale\" content=\"en_US\" \/>\n<meta property=\"og:type\" content=\"article\" \/>\n<meta property=\"og:title\" content=\"Nationalpark-Ecke November 2025 - UMschau Schwedt\" \/>\n<meta property=\"og:description\" content=\"30 Jahre Nationalpark \u2013 was f\u00fcr ein Jubil\u00e4um! Wir sagen Danke f\u00fcr viele unvergessliche Naturerlebnisse und freuen uns auf die n\u00e4chsten 30.\" \/>\n<meta property=\"og:url\" content=\"https:\/\/stadtwerkezeitung.info\/schwedt\/2025\/11\/13\/nationalpark-ecke-november-2025\/\" \/>\n<meta property=\"og:site_name\" content=\"UMschau Schwedt\" \/>\n<meta property=\"article:published_time\" content=\"2025-11-13T13:40:06+00:00\" \/>\n<meta property=\"article:modified_time\" content=\"2025-11-13T13:40:29+00:00\" \/>\n<meta name=\"author\" content=\"admin\" \/>\n<meta name=\"twitter:card\" content=\"summary_large_image\" \/>\n<meta name=\"twitter:label1\" content=\"Written by\" \/>\n\t<meta name=\"twitter:data1\" content=\"admin\" \/>\n\t<meta name=\"twitter:label2\" content=\"Est. reading time\" \/>\n\t<meta name=\"twitter:data2\" content=\"1 minute\" \/>\n<script type=\"application\/ld+json\" class=\"yoast-schema-graph\">{\"@context\":\"https:\/\/schema.org\",\"@graph\":[{\"@type\":\"Article\",\"@id\":\"https:\/\/stadtwerkezeitung.info\/schwedt\/2025\/11\/13\/nationalpark-ecke-november-2025\/#article\",\"isPartOf\":{\"@id\":\"https:\/\/stadtwerkezeitung.info\/schwedt\/2025\/11\/13\/nationalpark-ecke-november-2025\/\"},\"author\":{\"name\":\"admin\",\"@id\":\"https:\/\/stadtwerkezeitung.info\/schwedt\/#\/schema\/person\/acd409dca37d4bb8bf3a1284da7f1ee0\"},\"headline\":\"Nationalpark-Ecke November 2025\",\"datePublished\":\"2025-11-13T13:40:06+00:00\",\"dateModified\":\"2025-11-13T13:40:29+00:00\",\"mainEntityOfPage\":{\"@id\":\"https:\/\/stadtwerkezeitung.info\/schwedt\/2025\/11\/13\/nationalpark-ecke-november-2025\/\"},\"wordCount\":157,\"commentCount\":0,\"inLanguage\":\"en-US\",\"potentialAction\":[{\"@type\":\"CommentAction\",\"name\":\"Comment\",\"target\":[\"https:\/\/stadtwerkezeitung.info\/schwedt\/2025\/11\/13\/nationalpark-ecke-november-2025\/#respond\"]}]},{\"@type\":\"WebPage\",\"@id\":\"https:\/\/stadtwerkezeitung.info\/schwedt\/2025\/11\/13\/nationalpark-ecke-november-2025\/\",\"url\":\"https:\/\/stadtwerkezeitung.info\/schwedt\/2025\/11\/13\/nationalpark-ecke-november-2025\/\",\"name\":\"Nationalpark-Ecke November 2025 - UMschau Schwedt\",\"isPartOf\":{\"@id\":\"https:\/\/stadtwerkezeitung.info\/schwedt\/#website\"},\"datePublished\":\"2025-11-13T13:40:06+00:00\",\"dateModified\":\"2025-11-13T13:40:29+00:00\",\"author\":{\"@id\":\"https:\/\/stadtwerkezeitung.info\/schwedt\/#\/schema\/person\/acd409dca37d4bb8bf3a1284da7f1ee0\"},\"description\":\"30 Jahre Nationalpark \u2013 was f\u00fcr ein Jubil\u00e4um! Wir sagen Danke f\u00fcr viele unvergessliche Naturerlebnisse und freuen uns auf die n\u00e4chsten 30.\",\"breadcrumb\":{\"@id\":\"https:\/\/stadtwerkezeitung.info\/schwedt\/2025\/11\/13\/nationalpark-ecke-november-2025\/#breadcrumb\"},\"inLanguage\":\"en-US\",\"potentialAction\":[{\"@type\":\"ReadAction\",\"target\":[\"https:\/\/stadtwerkezeitung.info\/schwedt\/2025\/11\/13\/nationalpark-ecke-november-2025\/\"]}]},{\"@type\":\"BreadcrumbList\",\"@id\":\"https:\/\/stadtwerkezeitung.info\/schwedt\/2025\/11\/13\/nationalpark-ecke-november-2025\/#breadcrumb\",\"itemListElement\":[{\"@type\":\"ListItem\",\"position\":1,\"name\":\"Home\",\"item\":\"https:\/\/stadtwerkezeitung.info\/schwedt\/\"},{\"@type\":\"ListItem\",\"position\":2,\"name\":\"Nationalpark-Ecke November 2025\"}]},{\"@type\":\"WebSite\",\"@id\":\"https:\/\/stadtwerkezeitung.info\/schwedt\/#website\",\"url\":\"https:\/\/stadtwerkezeitung.info\/schwedt\/\",\"name\":\"UMschau Schwedt\",\"description\":\"\",\"inLanguage\":\"en-US\"},{\"@type\":\"Person\",\"@id\":\"https:\/\/stadtwerkezeitung.info\/schwedt\/#\/schema\/person\/acd409dca37d4bb8bf3a1284da7f1ee0\",\"name\":\"admin\",\"image\":{\"@type\":\"ImageObject\",\"inLanguage\":\"en-US\",\"@id\":\"https:\/\/stadtwerkezeitung.info\/schwedt\/#\/schema\/person\/image\/\",\"url\":\"https:\/\/secure.gravatar.com\/avatar\/52dc0b3340c8087a51f52eaa20dc62cd4a6fe41f5bd886140989db7b572c00cd?s=96&d=mm&r=g\",\"contentUrl\":\"https:\/\/secure.gravatar.com\/avatar\/52dc0b3340c8087a51f52eaa20dc62cd4a6fe41f5bd886140989db7b572c00cd?s=96&d=mm&r=g\",\"caption\":\"admin\"},\"sameAs\":[\"https:\/\/stadtwerkezeitung.info\"]}]}<\/script>\n<!-- \/ Yoast SEO plugin. -->","yoast_head_json":{"title":"Nationalpark-Ecke November 2025 - UMschau Schwedt","description":"30 Jahre Nationalpark \u2013 was f\u00fcr ein Jubil\u00e4um! Wir sagen Danke f\u00fcr viele unvergessliche Naturerlebnisse und freuen uns auf die n\u00e4chsten 30.","robots":{"index":"index","follow":"follow","max-snippet":"max-snippet:-1","max-image-preview":"max-image-preview:large","max-video-preview":"max-video-preview:-1"},"canonical":"https:\/\/stadtwerkezeitung.info\/schwedt\/2025\/11\/13\/nationalpark-ecke-november-2025\/","og_locale":"en_US","og_type":"article","og_title":"Nationalpark-Ecke November 2025 - UMschau Schwedt","og_description":"30 Jahre Nationalpark \u2013 was f\u00fcr ein Jubil\u00e4um! Wir sagen Danke f\u00fcr viele unvergessliche Naturerlebnisse und freuen uns auf die n\u00e4chsten 30.","og_url":"https:\/\/stadtwerkezeitung.info\/schwedt\/2025\/11\/13\/nationalpark-ecke-november-2025\/","og_site_name":"UMschau Schwedt","article_published_time":"2025-11-13T13:40:06+00:00","article_modified_time":"2025-11-13T13:40:29+00:00","author":"admin","twitter_card":"summary_large_image","twitter_misc":{"Written by":"admin","Est. reading time":"1 minute"},"schema":{"@context":"https:\/\/schema.org","@graph":[{"@type":"Article","@id":"https:\/\/stadtwerkezeitung.info\/schwedt\/2025\/11\/13\/nationalpark-ecke-november-2025\/#article","isPartOf":{"@id":"https:\/\/stadtwerkezeitung.info\/schwedt\/2025\/11\/13\/nationalpark-ecke-november-2025\/"},"author":{"name":"admin","@id":"https:\/\/stadtwerkezeitung.info\/schwedt\/#\/schema\/person\/acd409dca37d4bb8bf3a1284da7f1ee0"},"headline":"Nationalpark-Ecke November 2025","datePublished":"2025-11-13T13:40:06+00:00","dateModified":"2025-11-13T13:40:29+00:00","mainEntityOfPage":{"@id":"https:\/\/stadtwerkezeitung.info\/schwedt\/2025\/11\/13\/nationalpark-ecke-november-2025\/"},"wordCount":157,"commentCount":0,"inLanguage":"en-US","potentialAction":[{"@type":"CommentAction","name":"Comment","target":["https:\/\/stadtwerkezeitung.info\/schwedt\/2025\/11\/13\/nationalpark-ecke-november-2025\/#respond"]}]},{"@type":"WebPage","@id":"https:\/\/stadtwerkezeitung.info\/schwedt\/2025\/11\/13\/nationalpark-ecke-november-2025\/","url":"https:\/\/stadtwerkezeitung.info\/schwedt\/2025\/11\/13\/nationalpark-ecke-november-2025\/","name":"Nationalpark-Ecke November 2025 - UMschau Schwedt","isPartOf":{"@id":"https:\/\/stadtwerkezeitung.info\/schwedt\/#website"},"datePublished":"2025-11-13T13:40:06+00:00","dateModified":"2025-11-13T13:40:29+00:00","author":{"@id":"https:\/\/stadtwerkezeitung.info\/schwedt\/#\/schema\/person\/acd409dca37d4bb8bf3a1284da7f1ee0"},"description":"30 Jahre Nationalpark \u2013 was f\u00fcr ein Jubil\u00e4um! Wir sagen Danke f\u00fcr viele unvergessliche Naturerlebnisse und freuen uns auf die n\u00e4chsten 30.","breadcrumb":{"@id":"https:\/\/stadtwerkezeitung.info\/schwedt\/2025\/11\/13\/nationalpark-ecke-november-2025\/#breadcrumb"},"inLanguage":"en-US","potentialAction":[{"@type":"ReadAction","target":["https:\/\/stadtwerkezeitung.info\/schwedt\/2025\/11\/13\/nationalpark-ecke-november-2025\/"]}]},{"@type":"BreadcrumbList","@id":"https:\/\/stadtwerkezeitung.info\/schwedt\/2025\/11\/13\/nationalpark-ecke-november-2025\/#breadcrumb","itemListElement":[{"@type":"ListItem","position":1,"name":"Home","item":"https:\/\/stadtwerkezeitung.info\/schwedt\/"},{"@type":"ListItem","position":2,"name":"Nationalpark-Ecke November 2025"}]},{"@type":"WebSite","@id":"https:\/\/stadtwerkezeitung.info\/schwedt\/#website","url":"https:\/\/stadtwerkezeitung.info\/schwedt\/","name":"UMschau Schwedt","description":"","inLanguage":"en-US"},{"@type":"Person","@id":"https:\/\/stadtwerkezeitung.info\/schwedt\/#\/schema\/person\/acd409dca37d4bb8bf3a1284da7f1ee0","name":"admin","image":{"@type":"ImageObject","inLanguage":"en-US","@id":"https:\/\/stadtwerkezeitung.info\/schwedt\/#\/schema\/person\/image\/","url":"https:\/\/secure.gravatar.com\/avatar\/52dc0b3340c8087a51f52eaa20dc62cd4a6fe41f5bd886140989db7b572c00cd?s=96&d=mm&r=g","contentUrl":"https:\/\/secure.gravatar.com\/avatar\/52dc0b3340c8087a51f52eaa20dc62cd4a6fe41f5bd886140989db7b572c00cd?s=96&d=mm&r=g","caption":"admin"},"sameAs":["https:\/\/stadtwerkezeitung.info"]}]}},"_links":{"self":[{"href":"https:\/\/stadtwerkezeitung.info\/schwedt\/wp-json\/wp\/v2\/posts\/432","targetHints":{"allow":["GET"]}}],"collection":[{"href":"https:\/\/stadtwerkezeitung.info\/schwedt\/wp-json\/wp\/v2\/posts"}],"about":[{"href":"https:\/\/stadtwerkezeitung.info\/schwedt\/wp-json\/wp\/v2\/types\/post"}],"author":[{"embeddable":true,"href":"https:\/\/stadtwerkezeitung.info\/schwedt\/wp-json\/wp\/v2\/users\/1"}],"replies":[{"embeddable":true,"href":"https:\/\/stadtwerkezeitung.info\/schwedt\/wp-json\/wp\/v2\/comments?post=432"}],"version-history":[{"count":2,"href":"https:\/\/stadtwerkezeitung.info\/schwedt\/wp-json\/wp\/v2\/posts\/432\/revisions"}],"predecessor-version":[{"id":434,"href":"https:\/\/stadtwerkezeitung.info\/schwedt\/wp-json\/wp\/v2\/posts\/432\/revisions\/434"}],"wp:attachment":[{"href":"https:\/\/stadtwerkezeitung.info\/schwedt\/wp-json\/wp\/v2\/media?parent=432"}],"wp:term":[{"taxonomy":"category","embeddable":true,"href":"https:\/\/stadtwerkezeitung.info\/schwedt\/wp-json\/wp\/v2\/categories?post=432"},{"taxonomy":"post_tag","embeddable":true,"href":"https:\/\/stadtwerkezeitung.info\/schwedt\/wp-json\/wp\/v2\/tags?post=432"}],"curies":[{"name":"wp","href":"https:\/\/api.w.org\/{rel}","templated":true}]}}