{"id":515,"date":"2026-02-19T09:49:01","date_gmt":"2026-02-19T09:49:01","guid":{"rendered":"https:\/\/stadtwerkezeitung.info\/schwedt\/?p=515"},"modified":"2026-02-26T09:17:03","modified_gmt":"2026-02-26T09:17:03","slug":"juchhu-geburtstag-und-ab-ins-spassbad","status":"publish","type":"post","link":"https:\/\/stadtwerkezeitung.info\/schwedt\/2026\/02\/19\/juchhu-geburtstag-und-ab-ins-spassbad\/","title":{"rendered":"Juchhu, Geburtstag \u2013 und ab ins Spa\u00dfbad!"},"content":{"rendered":"<h2>Kindergeburtstag im AquariUM<\/h2>\n<h1>Juchhu, Geburtstag \u2013 und ab ins Spa\u00dfbad!<\/h1>\n<h2>Rutschen, Planschen, Feiern! Kleine Wasserratten k\u00f6nnen ihren Kindergeburtstag ab sofort auch im Schwedter Erlebnisbad feiern. Mitzubringen sind lediglich die Partyg\u00e4ste und Lust auf jede Menge Wasserspa\u00df. Alles andere \u00fcbernehmen das Team des AquariUM und des Restaurants WasserWirtschaft.<\/h2>\n<p><img decoding=\"async\" src=\"\/schwedt\/wp-content\/uploads\/sites\/5\/2026\/02\/102_Bild_1_IMG_6592-scaled.jpg\" alt=\"\"><\/p>\n<div>\n<p><em>Um die Wette planschen und abtauchen: Der Kindergeburtstag wird im AquariUM  zum unvergesslichen Erlebnis. <\/p>\n<p><small> Foto: SWS <\/small><\/em><\/p>\n<\/div>\n<div>So bleibt mehr Zeit f\u00fcr das Wesentliche: strahlende Kinderaugen und ausgelassene Stimmung. \u201eWir m\u00f6chten dem Geburtstagskind und seinen G\u00e4sten hier einen unvergesslichen und erlebnisreichen Tag bei uns bescheren\u201c, sagt Martin Grunert, Leiter Freizeiteinrichtungen beim Unternehmensverbund Stadtwerke Schwedt.  \u201eUnd zugleich die Eltern so gut wie m\u00f6glich entlasten.\u201c Dass Kindergeburtstage immer aufregend sind, wei\u00df er aus eigener Erfahrung. Und so hat Grunert mit seinem Team ein Geburtstagspaket geschn\u00fcrt, das den perfekten Rahmen bietet.<\/div>\n<p><img decoding=\"async\" src=\"\/schwedt\/wp-content\/uploads\/sites\/5\/2026\/02\/102_Bild_2_DJI_20260213_144400_760-scaled.jpg\" alt=\"\"><\/p>\n<div>\n<p><em>Zur St\u00e4rkung k\u00f6nnen Geburtstagskind und G\u00e4ste aus drei Men\u00fcs w\u00e4hlen.<\/p>\n<p><small> Foto: SWS <\/small><\/em><\/p>\n<\/div>\n<p><img decoding=\"async\" src=\"\/schwedt\/wp-content\/uploads\/sites\/5\/2026\/02\/102_Bild_3_IMG_6389-scaled.jpg\" alt=\"\"><\/p>\n<div>\n<p><em>Der dekorierte Geburtstagstisch auf der Galerie. <\/p>\n<p><small> Foto: SWS <\/small><\/em><\/p>\n<\/div>\n<div>\n<p>W\u00e4hrend der vier Stunden im Spa\u00dfbad steht f\u00fcr die Geburtstagsrunde ein (meeres)tierisch dekorierter Tisch auf der Galerie bereit. Nat\u00fcrlich erwartet den Star des Tages auch eine kleine \u00dcberraschung nebst Geburtstagsgru\u00df der AquariUM-Mannschaft. Und weil das Wettrutschen auf der Erlebnisrutsche und das Toben im Wasser irgendwann alle kleinen und gro\u00dfen Wasserratten so richtig hungrig macht, kann jeder aus drei leckeren Men\u00fcs sein Essen w\u00e4hlen. Auch das Getr\u00e4nk ist im Festpreis enthalten.<\/p>\n<p>Der Kindergeburtstag im AquariUM ist nicht nur dem Wochenende vorbehalten. Er kann im Voraus f\u00fcr jeden Wochentag gebucht werden. Einfach vorher anmelden und den Wunschtermin nennen. Und ja, gefeiert werden darf auch bei Schulanf\u00e4ngen oder anderen Anl\u00e4ssen\u2009\u2026<\/p>\n<\/div>\n<div>\n<p>        <img decoding=\"async\" src=\"\/schwedt\/wp-content\/uploads\/sites\/5\/2025\/11\/204.png\" alt=\"\"><\/p>\n<h3>Das Geburtstagspaket auf einen Blick<\/h3>\n<div>\n<p><strong>Badespa\u00df:<\/strong> 4\u2009Stunden Einlass ins Spa\u00dfbad<br \/><strong>Essen:<\/strong> Auswahl aus drei Men\u00fcs, Getr\u00e4nke<br \/><strong>R\u00fcckzugsort:<\/strong>\u2009separater Tisch auf der Spa\u00dfbad-Galerie<br \/><strong>Geschenk:<\/strong> kleine \u00dcberraschung f\u00fcr das Geburtstagskind<br \/><strong>Paketpreis:<\/strong> 74,95\u2009\u20ac f\u00fcr 4 Kinder + 1 Erwachsenen, f\u00fcr jedes weitere Kind 18\u2009\u20ac<\/p>\n<\/div>\n<p><a href=\"https:\/\/www.aquarium-schwedt.de\/service\/kindergeburtstag\">Zum Onlineformular<\/a><\/p>\n<\/div>\n<p><!--more--><br \/>\n<!-- {\"type\":\"layout\",\"children\":[{\"type\":\"section\",\"props\":{\"image_position\":\"center-center\",\"padding_top\":\"none\",\"style\":\"default\",\"title_breakpoint\":\"xl\",\"title_position\":\"top-left\",\"title_rotation\":\"left\",\"vertical_align\":\"\",\"width\":\"small\"},\"children\":[{\"type\":\"row\",\"children\":[{\"type\":\"column\",\"props\":{\"image_position\":\"center-center\",\"position_sticky_breakpoint\":\"m\"},\"children\":[{\"type\":\"headline\",\"props\":{\"content\":\"Kindergeburtstag im AquariUM\",\"image_align\":\"left\",\"image_margin\":\"xsmall\",\"margin_bottom\":\"small\",\"margin_top\":\"small\",\"title_element\":\"h2\",\"title_style\":\"h6\"}},{\"type\":\"headline\",\"props\":{\"content\":\"Juchhu, Geburtstag \u2013 und ab ins Spa\u00dfbad!\",\"image_align\":\"left\",\"image_margin\":\"xsmall\",\"margin_bottom\":\"small\",\"margin_top\":\"small\",\"title_element\":\"h1\",\"title_style\":\"h2\"}},{\"type\":\"headline\",\"props\":{\"content\":\"Rutschen, Planschen, Feiern! Kleine Wasserratten k\u00f6nnen ihren Kindergeburtstag ab sofort auch im Schwedter Erlebnisbad feiern. Mitzubringen sind lediglich die Partyg\u00e4ste und Lust auf jede Menge Wasserspa\u00df. Alles andere \u00fcbernehmen das Team des AquariUM und des Restaurants WasserWirtschaft.\",\"image_align\":\"left\",\"image_margin\":\"xsmall\",\"margin_bottom\":\"small\",\"margin_top\":\"small\",\"title_element\":\"h2\",\"title_style\":\"text-lead\"}},{\"type\":\"image\",\"props\":{\"image\":\"wp-content\/uploads\/sites\/5\/2026\/02\/102_Bild_1_IMG_6592-scaled.jpg\",\"image_svg_color\":\"emphasis\",\"margin_bottom\":\"default\",\"margin_top\":\"default\"}},{\"type\":\"text\",\"props\":{\"column_breakpoint\":\"m\",\"content\":\"\n\n<p><em>Um die Wette planschen und abtauchen: Der Kindergeburtstag wird im AquariUM  zum unvergesslichen Erlebnis. \\n\\n\\n\\n    \\n    <br \/><small> Foto: SWS <\/small><\/em><\/p>\n\n\",\"margin_bottom\":\"default\",\"margin_top\":\"default\"}}]}]},{\"type\":\"row\",\"children\":[{\"type\":\"column\",\"props\":{\"image_position\":\"center-center\",\"position_sticky_breakpoint\":\"m\",\"vertical_align\":\"middle\",\"width_medium\":\"1-2\"},\"children\":[{\"type\":\"text\",\"props\":{\"column_breakpoint\":\"m\",\"content\":\"So bleibt mehr Zeit f\u00fcr das Wesentliche: strahlende Kinderaugen und ausgelassene Stimmung. \u201eWir m\u00f6chten dem Geburtstagskind und seinen G\u00e4sten hier einen unvergesslichen und erlebnisreichen Tag bei uns bescheren\u201c, sagt Martin Grunert, Leiter Freizeiteinrichtungen beim Unternehmensverbund Stadtwerke Schwedt.  \u201eUnd zugleich die Eltern so gut wie m\u00f6glich entlasten.\u201c Dass Kindergeburtstage immer aufregend sind, wei\u00df er aus eigener Erfahrung. Und so hat Grunert mit seinem Team ein Geburtstagspaket geschn\u00fcrt, das den perfekten Rahmen bietet.\",\"margin_bottom\":\"default\",\"margin_top\":\"default\"}}]},{\"type\":\"column\",\"props\":{\"image_position\":\"center-center\",\"position_sticky_breakpoint\":\"m\",\"width_medium\":\"1-2\"},\"children\":[{\"type\":\"image\",\"props\":{\"image\":\"wp-content\/uploads\/sites\/5\/2026\/02\/102_Bild_2_DJI_20260213_144400_760-scaled.jpg\",\"image_svg_color\":\"emphasis\",\"margin_bottom\":\"default\",\"margin_top\":\"default\"}},{\"type\":\"text\",\"props\":{\"column_breakpoint\":\"m\",\"content\":\"\n\n<p><em>Zur St\u00e4rkung k\u00f6nnen Geburtstagskind und G\u00e4ste aus drei Men\u00fcs w\u00e4hlen.\\n\\n\\n    \\n    <br \/><small> Foto: SWS <\/small><\/em><\/p>\n\n\",\"margin_bottom\":\"default\",\"margin_top\":\"default\"}}]}],\"props\":{\"divider\":true,\"layout\":\"1-2,1-2\"}},{\"type\":\"row\",\"props\":{\"divider\":true,\"layout\":\"1-2,1-2\"},\"children\":[{\"type\":\"column\",\"props\":{\"image_position\":\"center-center\",\"position_sticky_breakpoint\":\"m\",\"vertical_align\":\"middle\",\"width_medium\":\"1-2\"},\"children\":[{\"type\":\"image\",\"props\":{\"image\":\"wp-content\/uploads\/sites\/5\/2026\/02\/102_Bild_3_IMG_6389-scaled.jpg\",\"image_svg_color\":\"emphasis\",\"margin_bottom\":\"default\",\"margin_top\":\"default\"}},{\"type\":\"text\",\"props\":{\"column_breakpoint\":\"m\",\"content\":\"\n\n<p><em>Der dekorierte Geburtstagstisch auf der Galerie. \\n\\n    \\n    <br \/><small> Foto: SWS <\/small><\/em><\/p>\n\n\",\"margin_bottom\":\"default\",\"margin_top\":\"default\"}}]},{\"type\":\"column\",\"props\":{\"image_position\":\"center-center\",\"position_sticky_breakpoint\":\"m\",\"width_medium\":\"1-2\"},\"children\":[{\"type\":\"text\",\"props\":{\"column_breakpoint\":\"m\",\"content\":\"\n\n<p>W\u00e4hrend der vier Stunden im Spa\u00dfbad steht f\u00fcr die Geburtstagsrunde ein (meeres)tierisch dekorierter Tisch auf der Galerie bereit. Nat\u00fcrlich erwartet den Star des Tages auch eine kleine \u00dcberraschung nebst Geburtstagsgru\u00df der AquariUM-Mannschaft. Und weil das Wettrutschen auf der Erlebnisrutsche und das Toben im Wasser irgendwann alle kleinen und gro\u00dfen Wasserratten so richtig hungrig macht, kann jeder aus drei leckeren Men\u00fcs sein Essen w\u00e4hlen. Auch das Getr\u00e4nk ist im Festpreis enthalten.<\/p>\n\n\\n\n\n<p>Der Kindergeburtstag im AquariUM ist nicht nur dem Wochenende vorbehalten. Er kann im Voraus f\u00fcr jeden Wochentag gebucht werden. Einfach vorher anmelden und den Wunschtermin nennen. Und ja, gefeiert werden darf auch bei Schulanf\u00e4ngen oder anderen Anl\u00e4ssen\u2009\u2026<\/p>\n\n\",\"margin_bottom\":\"default\",\"margin_top\":\"default\"}}]}]},{\"type\":\"row\",\"props\":{\"divider\":true},\"children\":[{\"type\":\"column\",\"props\":{\"image_position\":\"center-center\",\"position_sticky_breakpoint\":\"m\"},\"children\":[{\"type\":\"panel\",\"props\":{\"content\":\"\n\n<p><strong>Badespa\u00df:<\/strong> 4\u2009Stunden Einlass ins Spa\u00dfbad<br \/><strong>Essen:<\/strong> Auswahl aus drei Men\u00fcs, Getr\u00e4nke<br \/><strong>R\u00fcckzugsort:<\/strong>\u2009separater Tisch auf der Spa\u00dfbad-Galerie<br \/><strong>Geschenk:<\/strong> kleine \u00dcberraschung f\u00fcr das Geburtstagskind<br \/><strong>Paketpreis:<\/strong> 74,95\u2009\u20ac f\u00fcr 4 Kinder + 1 Erwachsenen, f\u00fcr jedes weitere Kind 18\u2009\u20ac<\/p>\n\n\",\"content_column_breakpoint\":\"m\",\"image\":\"wp-content\/uploads\/sites\/5\/2025\/11\/204.png\",\"image_align\":\"top\",\"image_grid_breakpoint\":\"m\",\"image_grid_width\":\"1-2\",\"image_svg_color\":\"emphasis\",\"link\":\"https:\/\/www.aquarium-schwedt.de\/service\/kindergeburtstag\",\"link_fullwidth\":true,\"link_style\":\"default\",\"link_target\":true,\"link_text\":\"Zum Onlineformular\",\"margin_bottom\":\"default\",\"margin_top\":\"default\",\"meta_align\":\"below-title\",\"meta_element\":\"div\",\"meta_style\":\"text-meta\",\"panel_link\":true,\"panel_link_hover\":true,\"panel_padding\":\"default\",\"panel_style\":\"card-default\",\"title\":\"Das Geburtstagspaket auf einen Blick\",\"title_align\":\"top\",\"title_element\":\"h3\",\"title_grid_breakpoint\":\"m\",\"title_grid_width\":\"1-2\",\"title_hover_style\":\"reset\",\"title_margin\":\"medium\",\"title_style\":\"h4\"}}]}]}],\"name\":\"Artikel Format\"}],\"version\":\"5.0.12\"} --><\/p>\n","protected":false},"excerpt":{"rendered":"<p>Kindergeburtstag im AquariUM Juchhu, Geburtstag \u2013 und ab ins Spa\u00dfbad! Rutschen, Planschen, Feiern! Kleine Wasserratten k\u00f6nnen ihren Kindergeburtstag ab sofort auch im Schwedter Erlebnisbad feiern. Mitzubringen sind lediglich die Partyg\u00e4ste und Lust auf jede Menge Wasserspa\u00df. Alles andere \u00fcbernehmen das Team des AquariUM und des Restaurants WasserWirtschaft. Um die Wette planschen und abtauchen: Der Kindergeburtstag [&hellip;]<\/p>\n","protected":false},"author":1,"featured_media":519,"comment_status":"open","ping_status":"open","sticky":false,"template":"","format":"standard","meta":{"footnotes":""},"categories":[1],"tags":[],"class_list":["post-515","post","type-post","status-publish","format-standard","has-post-thumbnail","hentry","category-uncategorized"],"yoast_head":"<!-- This site is optimized with the Yoast SEO plugin v26.9 - https:\/\/yoast.com\/product\/yoast-seo-wordpress\/ -->\n<title>Juchhu, Geburtstag \u2013 und ab ins Spa\u00dfbad! - UMschau Schwedt<\/title>\n<meta name=\"description\" content=\"Rutschen, Planschen, Feiern! Kleine Wasserratten k\u00f6nnen ihren Kindergeburtstag ab sofort auch im Schwedter Erlebnisbad feiern.\" \/>\n<meta name=\"robots\" content=\"index, follow, max-snippet:-1, max-image-preview:large, max-video-preview:-1\" \/>\n<link rel=\"canonical\" href=\"https:\/\/stadtwerkezeitung.info\/schwedt\/2026\/02\/19\/juchhu-geburtstag-und-ab-ins-spassbad\/\" \/>\n<meta property=\"og:locale\" content=\"en_US\" \/>\n<meta property=\"og:type\" content=\"article\" \/>\n<meta property=\"og:title\" content=\"Juchhu, Geburtstag \u2013 und ab ins Spa\u00dfbad! - UMschau Schwedt\" \/>\n<meta property=\"og:description\" content=\"Rutschen, Planschen, Feiern! Kleine Wasserratten k\u00f6nnen ihren Kindergeburtstag ab sofort auch im Schwedter Erlebnisbad feiern.\" \/>\n<meta property=\"og:url\" content=\"https:\/\/stadtwerkezeitung.info\/schwedt\/2026\/02\/19\/juchhu-geburtstag-und-ab-ins-spassbad\/\" \/>\n<meta property=\"og:site_name\" content=\"UMschau Schwedt\" \/>\n<meta property=\"article:published_time\" content=\"2026-02-19T09:49:01+00:00\" \/>\n<meta property=\"article:modified_time\" content=\"2026-02-26T09:17:03+00:00\" \/>\n<meta property=\"og:image\" content=\"https:\/\/stadtwerkezeitung.info\/schwedt\/wp-content\/uploads\/sites\/5\/2026\/02\/102_Teaser_Bild_IMG_6578-scaled.jpg\" \/>\n\t<meta property=\"og:image:width\" content=\"2560\" \/>\n\t<meta property=\"og:image:height\" content=\"1920\" \/>\n\t<meta property=\"og:image:type\" content=\"image\/jpeg\" \/>\n<meta name=\"author\" content=\"admin\" \/>\n<meta name=\"twitter:card\" content=\"summary_large_image\" \/>\n<meta name=\"twitter:label1\" content=\"Written by\" \/>\n\t<meta name=\"twitter:data1\" content=\"admin\" \/>\n\t<meta name=\"twitter:label2\" content=\"Est. reading time\" \/>\n\t<meta name=\"twitter:data2\" content=\"3 minutes\" \/>\n<script type=\"application\/ld+json\" class=\"yoast-schema-graph\">{\"@context\":\"https:\/\/schema.org\",\"@graph\":[{\"@type\":\"Article\",\"@id\":\"https:\/\/stadtwerkezeitung.info\/schwedt\/2026\/02\/19\/juchhu-geburtstag-und-ab-ins-spassbad\/#article\",\"isPartOf\":{\"@id\":\"https:\/\/stadtwerkezeitung.info\/schwedt\/2026\/02\/19\/juchhu-geburtstag-und-ab-ins-spassbad\/\"},\"author\":{\"name\":\"admin\",\"@id\":\"https:\/\/stadtwerkezeitung.info\/schwedt\/#\/schema\/person\/acd409dca37d4bb8bf3a1284da7f1ee0\"},\"headline\":\"Juchhu, Geburtstag \u2013 und ab ins Spa\u00dfbad!\",\"datePublished\":\"2026-02-19T09:49:01+00:00\",\"dateModified\":\"2026-02-26T09:17:03+00:00\",\"mainEntityOfPage\":{\"@id\":\"https:\/\/stadtwerkezeitung.info\/schwedt\/2026\/02\/19\/juchhu-geburtstag-und-ab-ins-spassbad\/\"},\"wordCount\":338,\"commentCount\":0,\"image\":{\"@id\":\"https:\/\/stadtwerkezeitung.info\/schwedt\/2026\/02\/19\/juchhu-geburtstag-und-ab-ins-spassbad\/#primaryimage\"},\"thumbnailUrl\":\"https:\/\/stadtwerkezeitung.info\/schwedt\/wp-content\/uploads\/sites\/5\/2026\/02\/102_Teaser_Bild_IMG_6578-scaled.jpg\",\"inLanguage\":\"en-US\",\"potentialAction\":[{\"@type\":\"CommentAction\",\"name\":\"Comment\",\"target\":[\"https:\/\/stadtwerkezeitung.info\/schwedt\/2026\/02\/19\/juchhu-geburtstag-und-ab-ins-spassbad\/#respond\"]}]},{\"@type\":\"WebPage\",\"@id\":\"https:\/\/stadtwerkezeitung.info\/schwedt\/2026\/02\/19\/juchhu-geburtstag-und-ab-ins-spassbad\/\",\"url\":\"https:\/\/stadtwerkezeitung.info\/schwedt\/2026\/02\/19\/juchhu-geburtstag-und-ab-ins-spassbad\/\",\"name\":\"Juchhu, Geburtstag \u2013 und ab ins Spa\u00dfbad! - UMschau Schwedt\",\"isPartOf\":{\"@id\":\"https:\/\/stadtwerkezeitung.info\/schwedt\/#website\"},\"primaryImageOfPage\":{\"@id\":\"https:\/\/stadtwerkezeitung.info\/schwedt\/2026\/02\/19\/juchhu-geburtstag-und-ab-ins-spassbad\/#primaryimage\"},\"image\":{\"@id\":\"https:\/\/stadtwerkezeitung.info\/schwedt\/2026\/02\/19\/juchhu-geburtstag-und-ab-ins-spassbad\/#primaryimage\"},\"thumbnailUrl\":\"https:\/\/stadtwerkezeitung.info\/schwedt\/wp-content\/uploads\/sites\/5\/2026\/02\/102_Teaser_Bild_IMG_6578-scaled.jpg\",\"datePublished\":\"2026-02-19T09:49:01+00:00\",\"dateModified\":\"2026-02-26T09:17:03+00:00\",\"author\":{\"@id\":\"https:\/\/stadtwerkezeitung.info\/schwedt\/#\/schema\/person\/acd409dca37d4bb8bf3a1284da7f1ee0\"},\"description\":\"Rutschen, Planschen, Feiern! Kleine Wasserratten k\u00f6nnen ihren Kindergeburtstag ab sofort auch im Schwedter Erlebnisbad feiern.\",\"breadcrumb\":{\"@id\":\"https:\/\/stadtwerkezeitung.info\/schwedt\/2026\/02\/19\/juchhu-geburtstag-und-ab-ins-spassbad\/#breadcrumb\"},\"inLanguage\":\"en-US\",\"potentialAction\":[{\"@type\":\"ReadAction\",\"target\":[\"https:\/\/stadtwerkezeitung.info\/schwedt\/2026\/02\/19\/juchhu-geburtstag-und-ab-ins-spassbad\/\"]}]},{\"@type\":\"ImageObject\",\"inLanguage\":\"en-US\",\"@id\":\"https:\/\/stadtwerkezeitung.info\/schwedt\/2026\/02\/19\/juchhu-geburtstag-und-ab-ins-spassbad\/#primaryimage\",\"url\":\"https:\/\/stadtwerkezeitung.info\/schwedt\/wp-content\/uploads\/sites\/5\/2026\/02\/102_Teaser_Bild_IMG_6578-scaled.jpg\",\"contentUrl\":\"https:\/\/stadtwerkezeitung.info\/schwedt\/wp-content\/uploads\/sites\/5\/2026\/02\/102_Teaser_Bild_IMG_6578-scaled.jpg\",\"width\":2560,\"height\":1920},{\"@type\":\"BreadcrumbList\",\"@id\":\"https:\/\/stadtwerkezeitung.info\/schwedt\/2026\/02\/19\/juchhu-geburtstag-und-ab-ins-spassbad\/#breadcrumb\",\"itemListElement\":[{\"@type\":\"ListItem\",\"position\":1,\"name\":\"Home\",\"item\":\"https:\/\/stadtwerkezeitung.info\/schwedt\/\"},{\"@type\":\"ListItem\",\"position\":2,\"name\":\"Juchhu, Geburtstag \u2013 und ab ins Spa\u00dfbad!\"}]},{\"@type\":\"WebSite\",\"@id\":\"https:\/\/stadtwerkezeitung.info\/schwedt\/#website\",\"url\":\"https:\/\/stadtwerkezeitung.info\/schwedt\/\",\"name\":\"UMschau Schwedt\",\"description\":\"\",\"inLanguage\":\"en-US\"},{\"@type\":\"Person\",\"@id\":\"https:\/\/stadtwerkezeitung.info\/schwedt\/#\/schema\/person\/acd409dca37d4bb8bf3a1284da7f1ee0\",\"name\":\"admin\",\"image\":{\"@type\":\"ImageObject\",\"inLanguage\":\"en-US\",\"@id\":\"https:\/\/stadtwerkezeitung.info\/schwedt\/#\/schema\/person\/image\/\",\"url\":\"https:\/\/secure.gravatar.com\/avatar\/52dc0b3340c8087a51f52eaa20dc62cd4a6fe41f5bd886140989db7b572c00cd?s=96&d=mm&r=g\",\"contentUrl\":\"https:\/\/secure.gravatar.com\/avatar\/52dc0b3340c8087a51f52eaa20dc62cd4a6fe41f5bd886140989db7b572c00cd?s=96&d=mm&r=g\",\"caption\":\"admin\"},\"sameAs\":[\"https:\/\/stadtwerkezeitung.info\"]}]}<\/script>\n<!-- \/ Yoast SEO plugin. -->","yoast_head_json":{"title":"Juchhu, Geburtstag \u2013 und ab ins Spa\u00dfbad! - UMschau Schwedt","description":"Rutschen, Planschen, Feiern! Kleine Wasserratten k\u00f6nnen ihren Kindergeburtstag ab sofort auch im Schwedter Erlebnisbad feiern.","robots":{"index":"index","follow":"follow","max-snippet":"max-snippet:-1","max-image-preview":"max-image-preview:large","max-video-preview":"max-video-preview:-1"},"canonical":"https:\/\/stadtwerkezeitung.info\/schwedt\/2026\/02\/19\/juchhu-geburtstag-und-ab-ins-spassbad\/","og_locale":"en_US","og_type":"article","og_title":"Juchhu, Geburtstag \u2013 und ab ins Spa\u00dfbad! - UMschau Schwedt","og_description":"Rutschen, Planschen, Feiern! Kleine Wasserratten k\u00f6nnen ihren Kindergeburtstag ab sofort auch im Schwedter Erlebnisbad feiern.","og_url":"https:\/\/stadtwerkezeitung.info\/schwedt\/2026\/02\/19\/juchhu-geburtstag-und-ab-ins-spassbad\/","og_site_name":"UMschau Schwedt","article_published_time":"2026-02-19T09:49:01+00:00","article_modified_time":"2026-02-26T09:17:03+00:00","og_image":[{"width":2560,"height":1920,"url":"https:\/\/stadtwerkezeitung.info\/schwedt\/wp-content\/uploads\/sites\/5\/2026\/02\/102_Teaser_Bild_IMG_6578-scaled.jpg","type":"image\/jpeg"}],"author":"admin","twitter_card":"summary_large_image","twitter_misc":{"Written by":"admin","Est. reading time":"3 minutes"},"schema":{"@context":"https:\/\/schema.org","@graph":[{"@type":"Article","@id":"https:\/\/stadtwerkezeitung.info\/schwedt\/2026\/02\/19\/juchhu-geburtstag-und-ab-ins-spassbad\/#article","isPartOf":{"@id":"https:\/\/stadtwerkezeitung.info\/schwedt\/2026\/02\/19\/juchhu-geburtstag-und-ab-ins-spassbad\/"},"author":{"name":"admin","@id":"https:\/\/stadtwerkezeitung.info\/schwedt\/#\/schema\/person\/acd409dca37d4bb8bf3a1284da7f1ee0"},"headline":"Juchhu, Geburtstag \u2013 und ab ins Spa\u00dfbad!","datePublished":"2026-02-19T09:49:01+00:00","dateModified":"2026-02-26T09:17:03+00:00","mainEntityOfPage":{"@id":"https:\/\/stadtwerkezeitung.info\/schwedt\/2026\/02\/19\/juchhu-geburtstag-und-ab-ins-spassbad\/"},"wordCount":338,"commentCount":0,"image":{"@id":"https:\/\/stadtwerkezeitung.info\/schwedt\/2026\/02\/19\/juchhu-geburtstag-und-ab-ins-spassbad\/#primaryimage"},"thumbnailUrl":"https:\/\/stadtwerkezeitung.info\/schwedt\/wp-content\/uploads\/sites\/5\/2026\/02\/102_Teaser_Bild_IMG_6578-scaled.jpg","inLanguage":"en-US","potentialAction":[{"@type":"CommentAction","name":"Comment","target":["https:\/\/stadtwerkezeitung.info\/schwedt\/2026\/02\/19\/juchhu-geburtstag-und-ab-ins-spassbad\/#respond"]}]},{"@type":"WebPage","@id":"https:\/\/stadtwerkezeitung.info\/schwedt\/2026\/02\/19\/juchhu-geburtstag-und-ab-ins-spassbad\/","url":"https:\/\/stadtwerkezeitung.info\/schwedt\/2026\/02\/19\/juchhu-geburtstag-und-ab-ins-spassbad\/","name":"Juchhu, Geburtstag \u2013 und ab ins Spa\u00dfbad! - UMschau Schwedt","isPartOf":{"@id":"https:\/\/stadtwerkezeitung.info\/schwedt\/#website"},"primaryImageOfPage":{"@id":"https:\/\/stadtwerkezeitung.info\/schwedt\/2026\/02\/19\/juchhu-geburtstag-und-ab-ins-spassbad\/#primaryimage"},"image":{"@id":"https:\/\/stadtwerkezeitung.info\/schwedt\/2026\/02\/19\/juchhu-geburtstag-und-ab-ins-spassbad\/#primaryimage"},"thumbnailUrl":"https:\/\/stadtwerkezeitung.info\/schwedt\/wp-content\/uploads\/sites\/5\/2026\/02\/102_Teaser_Bild_IMG_6578-scaled.jpg","datePublished":"2026-02-19T09:49:01+00:00","dateModified":"2026-02-26T09:17:03+00:00","author":{"@id":"https:\/\/stadtwerkezeitung.info\/schwedt\/#\/schema\/person\/acd409dca37d4bb8bf3a1284da7f1ee0"},"description":"Rutschen, Planschen, Feiern! Kleine Wasserratten k\u00f6nnen ihren Kindergeburtstag ab sofort auch im Schwedter Erlebnisbad feiern.","breadcrumb":{"@id":"https:\/\/stadtwerkezeitung.info\/schwedt\/2026\/02\/19\/juchhu-geburtstag-und-ab-ins-spassbad\/#breadcrumb"},"inLanguage":"en-US","potentialAction":[{"@type":"ReadAction","target":["https:\/\/stadtwerkezeitung.info\/schwedt\/2026\/02\/19\/juchhu-geburtstag-und-ab-ins-spassbad\/"]}]},{"@type":"ImageObject","inLanguage":"en-US","@id":"https:\/\/stadtwerkezeitung.info\/schwedt\/2026\/02\/19\/juchhu-geburtstag-und-ab-ins-spassbad\/#primaryimage","url":"https:\/\/stadtwerkezeitung.info\/schwedt\/wp-content\/uploads\/sites\/5\/2026\/02\/102_Teaser_Bild_IMG_6578-scaled.jpg","contentUrl":"https:\/\/stadtwerkezeitung.info\/schwedt\/wp-content\/uploads\/sites\/5\/2026\/02\/102_Teaser_Bild_IMG_6578-scaled.jpg","width":2560,"height":1920},{"@type":"BreadcrumbList","@id":"https:\/\/stadtwerkezeitung.info\/schwedt\/2026\/02\/19\/juchhu-geburtstag-und-ab-ins-spassbad\/#breadcrumb","itemListElement":[{"@type":"ListItem","position":1,"name":"Home","item":"https:\/\/stadtwerkezeitung.info\/schwedt\/"},{"@type":"ListItem","position":2,"name":"Juchhu, Geburtstag \u2013 und ab ins Spa\u00dfbad!"}]},{"@type":"WebSite","@id":"https:\/\/stadtwerkezeitung.info\/schwedt\/#website","url":"https:\/\/stadtwerkezeitung.info\/schwedt\/","name":"UMschau Schwedt","description":"","inLanguage":"en-US"},{"@type":"Person","@id":"https:\/\/stadtwerkezeitung.info\/schwedt\/#\/schema\/person\/acd409dca37d4bb8bf3a1284da7f1ee0","name":"admin","image":{"@type":"ImageObject","inLanguage":"en-US","@id":"https:\/\/stadtwerkezeitung.info\/schwedt\/#\/schema\/person\/image\/","url":"https:\/\/secure.gravatar.com\/avatar\/52dc0b3340c8087a51f52eaa20dc62cd4a6fe41f5bd886140989db7b572c00cd?s=96&d=mm&r=g","contentUrl":"https:\/\/secure.gravatar.com\/avatar\/52dc0b3340c8087a51f52eaa20dc62cd4a6fe41f5bd886140989db7b572c00cd?s=96&d=mm&r=g","caption":"admin"},"sameAs":["https:\/\/stadtwerkezeitung.info"]}]}},"_links":{"self":[{"href":"https:\/\/stadtwerkezeitung.info\/schwedt\/wp-json\/wp\/v2\/posts\/515","targetHints":{"allow":["GET"]}}],"collection":[{"href":"https:\/\/stadtwerkezeitung.info\/schwedt\/wp-json\/wp\/v2\/posts"}],"about":[{"href":"https:\/\/stadtwerkezeitung.info\/schwedt\/wp-json\/wp\/v2\/types\/post"}],"author":[{"embeddable":true,"href":"https:\/\/stadtwerkezeitung.info\/schwedt\/wp-json\/wp\/v2\/users\/1"}],"replies":[{"embeddable":true,"href":"https:\/\/stadtwerkezeitung.info\/schwedt\/wp-json\/wp\/v2\/comments?post=515"}],"version-history":[{"count":4,"href":"https:\/\/stadtwerkezeitung.info\/schwedt\/wp-json\/wp\/v2\/posts\/515\/revisions"}],"predecessor-version":[{"id":651,"href":"https:\/\/stadtwerkezeitung.info\/schwedt\/wp-json\/wp\/v2\/posts\/515\/revisions\/651"}],"wp:featuredmedia":[{"embeddable":true,"href":"https:\/\/stadtwerkezeitung.info\/schwedt\/wp-json\/wp\/v2\/media\/519"}],"wp:attachment":[{"href":"https:\/\/stadtwerkezeitung.info\/schwedt\/wp-json\/wp\/v2\/media?parent=515"}],"wp:term":[{"taxonomy":"category","embeddable":true,"href":"https:\/\/stadtwerkezeitung.info\/schwedt\/wp-json\/wp\/v2\/categories?post=515"},{"taxonomy":"post_tag","embeddable":true,"href":"https:\/\/stadtwerkezeitung.info\/schwedt\/wp-json\/wp\/v2\/tags?post=515"}],"curies":[{"name":"wp","href":"https:\/\/api.w.org\/{rel}","templated":true}]}}