{"id":524,"date":"2026-02-19T10:03:29","date_gmt":"2026-02-19T10:03:29","guid":{"rendered":"https:\/\/stadtwerkezeitung.info\/schwedt\/?p=524"},"modified":"2026-02-26T09:17:31","modified_gmt":"2026-02-26T09:17:31","slug":"hier-weiss-ich-dass-sich-jemand-kuemmert","status":"publish","type":"post","link":"https:\/\/stadtwerkezeitung.info\/schwedt\/2026\/02\/19\/hier-weiss-ich-dass-sich-jemand-kuemmert\/","title":{"rendered":"\u201eHier wei\u00df ich, dass sich jemand k\u00fcmmert.\u201c"},"content":{"rendered":"<h2>Warum ein Stromkunde zu den Stadtwerken Schwedt zur\u00fcckkehrte<\/h2>\n<h1>\u201eHier wei\u00df ich, dass sich jemand k\u00fcmmert.\u201c<\/h1>\n<h2>Der Schwedter Detlef Grosenick ist sehr achtsam, was seinen Stromverbrauch betrifft. Er hat seinen Z\u00e4hler stets genau im Blick. Genauso wie seine Rechnungen. Wenn er sparen kann, nutzt er die Chance. \u00dcber viele Jahre hat der 70-J\u00e4hrige immer wieder den Stromanbieter gewechselt. Vergleichsportale, Neukundenboni, zeitlich befristete Lockangebote, sogar Insolvenzen \u2013 Detlef Grosenick kennt das alles. Nun kehrte er als Stromkunde zu den Stadtwerken Schwedt zur\u00fcck. Eine abenteuerliche Geschichte \u2013 mit Happy End!<\/h2>\n<div>Ein paar Euro sparen \u2013 das war der urspr\u00fcngliche Antrieb. \u201eWenn am Ende des Jahres ein Hunderter \u00fcbrigbleibt, ist das wie ein kleines Weihnachtsgeschenk\u201c, beschreibt er seine Motivation zum Anbieterwechsel. \u201eNicht weil wir unzufrieden waren mit den Stadtwerken Schwedt. Das erste Mal sind wir von den Stadtwerken weg, als ein bundesweiter Stromanbieter richtig aggressiv geworben hat. Da haben wir gedacht, wir probieren es mal aus.\u201c Seine Frau sei damals schon skeptisch gewesen. <\/div>\n<p><img decoding=\"async\" src=\"\/schwedt\/wp-content\/uploads\/sites\/5\/2026\/02\/103_Teaser_Bild_2231-scaled.jpg\" alt=\"\"><\/p>\n<div>\n<p><em>Detlef Grosenick (70) kehrte nach jahrelanger Stromanbieter-Odyssee zu den Stadtwerken Schwedt zur\u00fcck. Ihm ging ein Licht auf: \u201eDer Service stimmt.\u201c<\/p>\n<p><small> Foto: SPREE-PR\/Petsch<\/small><\/em><\/p>\n<\/div>\n<div>\n<h4>Insolvenz und unklare Vertr\u00e4ge<\/h4>\n<p>Die Jagd nach dem g\u00fcnstigsten Stromtarif, wenn die zeitlich befristeten Lockangebote ausliefen, das sp\u00fcrt man, machten dem Rentner schon Spa\u00df. Doch nach mehreren Wechseln folgten eine Insolvenz, versp\u00e4tete und falsche Abrechnungen, Probleme mit Zahlungsabwicklung oder unklare Vertragsbedingungen. Am Ende brachten Sprachverst\u00e4ndigungsprobleme bei einer Service-Hotline das Fass f\u00fcr ihn zum \u00dcberlaufen. Die Frustration kam ins Spiel. \u201eWenn man Leute an so eine Hotline setzt, sollten die schon verstehen, was man sagt. Besser wird es sonst nicht.\u201c Vielleicht war er ja in einem Callcenter am anderen Ende der Welt gelandet?<\/p>\n<h4>Preisunterschiede? \u00dcberschaubar<\/h4>\n<p>R\u00fcckblickend stellt Detlef Grosenick fest: \u201eDer Preis ist nicht alles. Und ein oder zwei Cent pro Kilowattstunde weniger machen bei meinem Jahresverbrauch von rund 2.000 Kilowattstunden keinen entscheidenden Unterschied.\u201c Ausschlaggebend sei doch etwas anderes: Zuverl\u00e4ssigkeit, Regionalit\u00e4t und Erreichbarkeit.<\/p>\n<h4>Service entscheidet im Alltag<\/h4>\n<p>Gerade dann, wenn es hakt \u2013 etwa bei Z\u00e4hlerwechseln, Abrechnungen oder Vertragsfragen \u2013 zeigte sich f\u00fcr ihn der Unterschied. W\u00e4hrend er bei \u00fcberregionalen Anbietern oft auf R\u00fcckmeldungen warten musste oder sich missverstanden f\u00fchlte, erlebte er den Kontakt zu den Stadtwerken Schwedt als direkter und verbindlicher. \u201eHier wei\u00df ich, dass sich jemand k\u00fcmmert\u201c, so der fr\u00fchere Mitarbeiter der WOBAG.<\/p>\n<h4>R\u00fcckkehr mit gutem Gef\u00fchl<\/h4>\n<p>Seit dem 23. Dezember 2025 wird Detlef Grosenick wieder von den Stadtwerken mit Strom versorgt. Auch ein Telekommunikationsprodukt nutzt er. Sein Fazit f\u00e4llt eindeutig aus: \u201eAm Ende m\u00f6chte ich mich nicht jedes Jahr neu \u00e4rgern oder wieder alles pr\u00fcfen m\u00fcssen. Ich will einen fairen Preis \u2013 und vor allem einen Ansprechpartner vor Ort.\u201c Seiner Frau habe er versprechen m\u00fcssen: \u201eWir bleiben bei den Stadtwerken. Keine Experimente mehr.\u201c Ach ja, f\u00fcr den Wechsel zu den Stadtwerken hat er gern den Neukundenbonus von 100 Euro angenommen. Ein letztes Mal!<\/p>\n<\/div>\n<p><!--more--><br \/>\n<!-- {\"type\":\"layout\",\"children\":[{\"type\":\"section\",\"props\":{\"image_position\":\"center-center\",\"padding_top\":\"none\",\"style\":\"default\",\"title_breakpoint\":\"xl\",\"title_position\":\"top-left\",\"title_rotation\":\"left\",\"vertical_align\":\"\",\"width\":\"small\"},\"children\":[{\"type\":\"row\",\"children\":[{\"type\":\"column\",\"props\":{\"image_position\":\"center-center\",\"position_sticky_breakpoint\":\"m\",\"width_medium\":\"1-2\"},\"children\":[{\"type\":\"headline\",\"props\":{\"content\":\"Warum ein Stromkunde zu den Stadtwerken Schwedt zur\u00fcckkehrte\",\"image_align\":\"left\",\"image_margin\":\"xsmall\",\"margin_bottom\":\"small\",\"margin_top\":\"small\",\"title_element\":\"h2\",\"title_style\":\"h6\"}},{\"type\":\"headline\",\"props\":{\"content\":\"\u201eHier wei\u00df ich, dass sich jemand k\u00fcmmert.\u201c\",\"image_align\":\"left\",\"image_margin\":\"xsmall\",\"margin_bottom\":\"small\",\"margin_top\":\"small\",\"title_element\":\"h1\",\"title_style\":\"h2\"}},{\"type\":\"headline\",\"props\":{\"content\":\"Der Schwedter Detlef Grosenick ist sehr achtsam, was seinen Stromverbrauch betrifft. Er hat seinen Z\u00e4hler stets genau im Blick. Genauso wie seine Rechnungen. Wenn er sparen kann, nutzt er die Chance. \u00dcber viele Jahre hat der 70-J\u00e4hrige immer wieder den Stromanbieter gewechselt. Vergleichsportale, Neukundenboni, zeitlich befristete Lockangebote, sogar Insolvenzen \u2013 Detlef Grosenick kennt das alles. Nun kehrte er als Stromkunde zu den Stadtwerken Schwedt zur\u00fcck. Eine abenteuerliche Geschichte \u2013 mit Happy End!\",\"image_align\":\"left\",\"image_margin\":\"xsmall\",\"margin_bottom\":\"small\",\"margin_top\":\"small\",\"title_element\":\"h2\",\"title_style\":\"text-lead\"}},{\"type\":\"text\",\"props\":{\"column_breakpoint\":\"m\",\"content\":\"Ein paar Euro sparen \u2013 das war der urspr\u00fcngliche Antrieb. \u201eWenn am Ende des Jahres ein Hunderter \u00fcbrigbleibt, ist das wie ein kleines Weihnachtsgeschenk\u201c, beschreibt er seine Motivation zum Anbieterwechsel. \u201eNicht weil wir unzufrieden waren mit den Stadtwerken Schwedt. Das erste Mal sind wir von den Stadtwerken weg, als ein bundesweiter Stromanbieter richtig aggressiv geworben hat. Da haben wir gedacht, wir probieren es mal aus.\u201c Seine Frau sei damals schon skeptisch gewesen. \",\"margin_bottom\":\"default\",\"margin_top\":\"default\"}}]},{\"type\":\"column\",\"props\":{\"image_position\":\"center-center\",\"position_sticky_breakpoint\":\"m\",\"vertical_align\":\"middle\",\"width_medium\":\"1-2\"},\"children\":[{\"type\":\"image\",\"props\":{\"image\":\"wp-content\/uploads\/sites\/5\/2026\/02\/103_Teaser_Bild_2231-scaled.jpg\",\"image_svg_color\":\"emphasis\",\"margin_bottom\":\"default\",\"margin_top\":\"default\"}},{\"type\":\"text\",\"props\":{\"column_breakpoint\":\"m\",\"content\":\"\n\n<p><em>Detlef Grosenick (70) kehrte nach jahrelanger Stromanbieter-Odyssee zu den Stadtwerken Schwedt zur\u00fcck. Ihm ging ein Licht auf: \u201eDer Service stimmt.\u201c\\n\\n    \\n    <br \/><small> Foto: SPREE-PR\/Petsch<\/small><\/em><\/p>\n\n\",\"margin_bottom\":\"default\",\"margin_top\":\"default\"}}]}],\"props\":{\"divider\":true,\"layout\":\"1-2,1-2\"}},{\"type\":\"row\",\"children\":[{\"type\":\"column\",\"props\":{\"image_position\":\"center-center\",\"position_sticky_breakpoint\":\"m\"},\"children\":[{\"type\":\"text\",\"props\":{\"column_breakpoint\":\"m\",\"content\":\"\n\n<h4>Insolvenz und unklare Vertr\u00e4ge<\/h4>\n\n\\n\n\n<p>Die Jagd nach dem g\u00fcnstigsten Stromtarif, wenn die zeitlich befristeten Lockangebote ausliefen, das sp\u00fcrt man, machten dem Rentner schon Spa\u00df. Doch nach mehreren Wechseln folgten eine Insolvenz, versp\u00e4tete und falsche Abrechnungen, Probleme mit Zahlungsabwicklung oder unklare Vertragsbedingungen. Am Ende brachten Sprachverst\u00e4ndigungsprobleme bei einer Service-Hotline das Fass f\u00fcr ihn zum \u00dcberlaufen. Die Frustration kam ins Spiel. \u201eWenn man Leute an so eine Hotline setzt, sollten die schon verstehen, was man sagt. Besser wird es sonst nicht.\u201c Vielleicht war er ja in einem Callcenter am anderen Ende der Welt gelandet?<\/p>\n\n\\n\n\n<h4>Preisunterschiede? \u00dcberschaubar<\/h4>\n\n\\n\n\n<p>R\u00fcckblickend stellt Detlef Grosenick fest: \u201eDer Preis ist nicht alles. Und ein oder zwei Cent pro Kilowattstunde weniger machen bei meinem Jahresverbrauch von rund 2.000 Kilowattstunden keinen entscheidenden Unterschied.\u201c Ausschlaggebend sei doch etwas anderes: Zuverl\u00e4ssigkeit, Regionalit\u00e4t und Erreichbarkeit.<\/p>\n\n\\n\n\n<h4>Service entscheidet im Alltag<\/h4>\n\n\\n\n\n<p>Gerade dann, wenn es hakt \u2013 etwa bei Z\u00e4hlerwechseln, Abrechnungen oder Vertragsfragen \u2013 zeigte sich f\u00fcr ihn der Unterschied. W\u00e4hrend er bei \u00fcberregionalen Anbietern oft auf R\u00fcckmeldungen warten musste oder sich missverstanden f\u00fchlte, erlebte er den Kontakt zu den Stadtwerken Schwedt als direkter und verbindlicher. \u201eHier wei\u00df ich, dass sich jemand k\u00fcmmert\u201c, so der fr\u00fchere Mitarbeiter der WOBAG.<\/p>\n\n\\n\n\n<h4>R\u00fcckkehr mit gutem Gef\u00fchl<\/h4>\n\n\\n\n\n<p>Seit dem 23. Dezember 2025 wird Detlef Grosenick wieder von den Stadtwerken mit Strom versorgt. Auch ein Telekommunikationsprodukt nutzt er. Sein Fazit f\u00e4llt eindeutig aus: \u201eAm Ende m\u00f6chte ich mich nicht jedes Jahr neu \u00e4rgern oder wieder alles pr\u00fcfen m\u00fcssen. Ich will einen fairen Preis \u2013 und vor allem einen Ansprechpartner vor Ort.\u201c Seiner Frau habe er versprechen m\u00fcssen: \u201eWir bleiben bei den Stadtwerken. Keine Experimente mehr.\u201c Ach ja, f\u00fcr den Wechsel zu den Stadtwerken hat er gern den Neukundenbonus von 100 Euro angenommen. Ein letztes Mal!<\/p>\n\n\",\"margin_bottom\":\"default\",\"margin_top\":\"default\"}}]}]}],\"name\":\"Artikel Format\"}],\"version\":\"5.0.12\"} --><\/p>\n","protected":false},"excerpt":{"rendered":"<p>Warum ein Stromkunde zu den Stadtwerken Schwedt zur\u00fcckkehrte \u201eHier wei\u00df ich, dass sich jemand k\u00fcmmert.\u201c Der Schwedter Detlef Grosenick ist sehr achtsam, was seinen Stromverbrauch betrifft. Er hat seinen Z\u00e4hler stets genau im Blick. Genauso wie seine Rechnungen. Wenn er sparen kann, nutzt er die Chance. \u00dcber viele Jahre hat der 70-J\u00e4hrige immer wieder den [&hellip;]<\/p>\n","protected":false},"author":1,"featured_media":525,"comment_status":"open","ping_status":"open","sticky":false,"template":"","format":"standard","meta":{"footnotes":""},"categories":[1],"tags":[],"class_list":["post-524","post","type-post","status-publish","format-standard","has-post-thumbnail","hentry","category-uncategorized"],"yoast_head":"<!-- This site is optimized with the Yoast SEO plugin v26.9 - https:\/\/yoast.com\/product\/yoast-seo-wordpress\/ -->\n<title>\u201eHier wei\u00df ich, dass sich jemand k\u00fcmmert.\u201c - UMschau Schwedt<\/title>\n<meta name=\"description\" content=\"Vergleichsportale, Neukundenboni, zeitlich befristete Lockangebote, sogar Insolvenzen \u2013 Detlef Grosenick kennt das alles. Nun kehrte er als Stromkunde zu den Stadtwerken Schwedt zur\u00fcck. Eine abenteuerliche Geschichte \u2013 mit Happy End!\" \/>\n<meta name=\"robots\" content=\"index, follow, max-snippet:-1, max-image-preview:large, max-video-preview:-1\" \/>\n<link rel=\"canonical\" href=\"https:\/\/stadtwerkezeitung.info\/schwedt\/2026\/02\/19\/hier-weiss-ich-dass-sich-jemand-kuemmert\/\" \/>\n<meta property=\"og:locale\" content=\"en_US\" \/>\n<meta property=\"og:type\" content=\"article\" \/>\n<meta property=\"og:title\" content=\"\u201eHier wei\u00df ich, dass sich jemand k\u00fcmmert.\u201c - UMschau Schwedt\" \/>\n<meta property=\"og:description\" content=\"Vergleichsportale, Neukundenboni, zeitlich befristete Lockangebote, sogar Insolvenzen \u2013 Detlef Grosenick kennt das alles. Nun kehrte er als Stromkunde zu den Stadtwerken Schwedt zur\u00fcck. Eine abenteuerliche Geschichte \u2013 mit Happy End!\" \/>\n<meta property=\"og:url\" content=\"https:\/\/stadtwerkezeitung.info\/schwedt\/2026\/02\/19\/hier-weiss-ich-dass-sich-jemand-kuemmert\/\" \/>\n<meta property=\"og:site_name\" content=\"UMschau Schwedt\" \/>\n<meta property=\"article:published_time\" content=\"2026-02-19T10:03:29+00:00\" \/>\n<meta property=\"article:modified_time\" content=\"2026-02-26T09:17:31+00:00\" \/>\n<meta property=\"og:image\" content=\"https:\/\/stadtwerkezeitung.info\/schwedt\/wp-content\/uploads\/sites\/5\/2026\/02\/103_Teaser_Bild_2231-scaled.jpg\" \/>\n\t<meta property=\"og:image:width\" content=\"2003\" \/>\n\t<meta property=\"og:image:height\" content=\"2560\" \/>\n\t<meta property=\"og:image:type\" content=\"image\/jpeg\" \/>\n<meta name=\"author\" content=\"admin\" \/>\n<meta name=\"twitter:card\" content=\"summary_large_image\" \/>\n<meta name=\"twitter:label1\" content=\"Written by\" \/>\n\t<meta name=\"twitter:data1\" content=\"admin\" \/>\n\t<meta name=\"twitter:label2\" content=\"Est. reading time\" \/>\n\t<meta name=\"twitter:data2\" content=\"3 minutes\" \/>\n<script type=\"application\/ld+json\" class=\"yoast-schema-graph\">{\"@context\":\"https:\/\/schema.org\",\"@graph\":[{\"@type\":\"Article\",\"@id\":\"https:\/\/stadtwerkezeitung.info\/schwedt\/2026\/02\/19\/hier-weiss-ich-dass-sich-jemand-kuemmert\/#article\",\"isPartOf\":{\"@id\":\"https:\/\/stadtwerkezeitung.info\/schwedt\/2026\/02\/19\/hier-weiss-ich-dass-sich-jemand-kuemmert\/\"},\"author\":{\"name\":\"admin\",\"@id\":\"https:\/\/stadtwerkezeitung.info\/schwedt\/#\/schema\/person\/acd409dca37d4bb8bf3a1284da7f1ee0\"},\"headline\":\"\u201eHier wei\u00df ich, dass sich jemand k\u00fcmmert.\u201c\",\"datePublished\":\"2026-02-19T10:03:29+00:00\",\"dateModified\":\"2026-02-26T09:17:31+00:00\",\"mainEntityOfPage\":{\"@id\":\"https:\/\/stadtwerkezeitung.info\/schwedt\/2026\/02\/19\/hier-weiss-ich-dass-sich-jemand-kuemmert\/\"},\"wordCount\":495,\"commentCount\":0,\"image\":{\"@id\":\"https:\/\/stadtwerkezeitung.info\/schwedt\/2026\/02\/19\/hier-weiss-ich-dass-sich-jemand-kuemmert\/#primaryimage\"},\"thumbnailUrl\":\"https:\/\/stadtwerkezeitung.info\/schwedt\/wp-content\/uploads\/sites\/5\/2026\/02\/103_Teaser_Bild_2231-scaled.jpg\",\"inLanguage\":\"en-US\",\"potentialAction\":[{\"@type\":\"CommentAction\",\"name\":\"Comment\",\"target\":[\"https:\/\/stadtwerkezeitung.info\/schwedt\/2026\/02\/19\/hier-weiss-ich-dass-sich-jemand-kuemmert\/#respond\"]}]},{\"@type\":\"WebPage\",\"@id\":\"https:\/\/stadtwerkezeitung.info\/schwedt\/2026\/02\/19\/hier-weiss-ich-dass-sich-jemand-kuemmert\/\",\"url\":\"https:\/\/stadtwerkezeitung.info\/schwedt\/2026\/02\/19\/hier-weiss-ich-dass-sich-jemand-kuemmert\/\",\"name\":\"\u201eHier wei\u00df ich, dass sich jemand k\u00fcmmert.\u201c - UMschau Schwedt\",\"isPartOf\":{\"@id\":\"https:\/\/stadtwerkezeitung.info\/schwedt\/#website\"},\"primaryImageOfPage\":{\"@id\":\"https:\/\/stadtwerkezeitung.info\/schwedt\/2026\/02\/19\/hier-weiss-ich-dass-sich-jemand-kuemmert\/#primaryimage\"},\"image\":{\"@id\":\"https:\/\/stadtwerkezeitung.info\/schwedt\/2026\/02\/19\/hier-weiss-ich-dass-sich-jemand-kuemmert\/#primaryimage\"},\"thumbnailUrl\":\"https:\/\/stadtwerkezeitung.info\/schwedt\/wp-content\/uploads\/sites\/5\/2026\/02\/103_Teaser_Bild_2231-scaled.jpg\",\"datePublished\":\"2026-02-19T10:03:29+00:00\",\"dateModified\":\"2026-02-26T09:17:31+00:00\",\"author\":{\"@id\":\"https:\/\/stadtwerkezeitung.info\/schwedt\/#\/schema\/person\/acd409dca37d4bb8bf3a1284da7f1ee0\"},\"description\":\"Vergleichsportale, Neukundenboni, zeitlich befristete Lockangebote, sogar Insolvenzen \u2013 Detlef Grosenick kennt das alles. Nun kehrte er als Stromkunde zu den Stadtwerken Schwedt zur\u00fcck. Eine abenteuerliche Geschichte \u2013 mit Happy End!\",\"breadcrumb\":{\"@id\":\"https:\/\/stadtwerkezeitung.info\/schwedt\/2026\/02\/19\/hier-weiss-ich-dass-sich-jemand-kuemmert\/#breadcrumb\"},\"inLanguage\":\"en-US\",\"potentialAction\":[{\"@type\":\"ReadAction\",\"target\":[\"https:\/\/stadtwerkezeitung.info\/schwedt\/2026\/02\/19\/hier-weiss-ich-dass-sich-jemand-kuemmert\/\"]}]},{\"@type\":\"ImageObject\",\"inLanguage\":\"en-US\",\"@id\":\"https:\/\/stadtwerkezeitung.info\/schwedt\/2026\/02\/19\/hier-weiss-ich-dass-sich-jemand-kuemmert\/#primaryimage\",\"url\":\"https:\/\/stadtwerkezeitung.info\/schwedt\/wp-content\/uploads\/sites\/5\/2026\/02\/103_Teaser_Bild_2231-scaled.jpg\",\"contentUrl\":\"https:\/\/stadtwerkezeitung.info\/schwedt\/wp-content\/uploads\/sites\/5\/2026\/02\/103_Teaser_Bild_2231-scaled.jpg\",\"width\":2003,\"height\":2560},{\"@type\":\"BreadcrumbList\",\"@id\":\"https:\/\/stadtwerkezeitung.info\/schwedt\/2026\/02\/19\/hier-weiss-ich-dass-sich-jemand-kuemmert\/#breadcrumb\",\"itemListElement\":[{\"@type\":\"ListItem\",\"position\":1,\"name\":\"Home\",\"item\":\"https:\/\/stadtwerkezeitung.info\/schwedt\/\"},{\"@type\":\"ListItem\",\"position\":2,\"name\":\"\u201eHier wei\u00df ich, dass sich jemand k\u00fcmmert.\u201c\"}]},{\"@type\":\"WebSite\",\"@id\":\"https:\/\/stadtwerkezeitung.info\/schwedt\/#website\",\"url\":\"https:\/\/stadtwerkezeitung.info\/schwedt\/\",\"name\":\"UMschau Schwedt\",\"description\":\"\",\"inLanguage\":\"en-US\"},{\"@type\":\"Person\",\"@id\":\"https:\/\/stadtwerkezeitung.info\/schwedt\/#\/schema\/person\/acd409dca37d4bb8bf3a1284da7f1ee0\",\"name\":\"admin\",\"image\":{\"@type\":\"ImageObject\",\"inLanguage\":\"en-US\",\"@id\":\"https:\/\/stadtwerkezeitung.info\/schwedt\/#\/schema\/person\/image\/\",\"url\":\"https:\/\/secure.gravatar.com\/avatar\/52dc0b3340c8087a51f52eaa20dc62cd4a6fe41f5bd886140989db7b572c00cd?s=96&d=mm&r=g\",\"contentUrl\":\"https:\/\/secure.gravatar.com\/avatar\/52dc0b3340c8087a51f52eaa20dc62cd4a6fe41f5bd886140989db7b572c00cd?s=96&d=mm&r=g\",\"caption\":\"admin\"},\"sameAs\":[\"https:\/\/stadtwerkezeitung.info\"]}]}<\/script>\n<!-- \/ Yoast SEO plugin. -->","yoast_head_json":{"title":"\u201eHier wei\u00df ich, dass sich jemand k\u00fcmmert.\u201c - UMschau Schwedt","description":"Vergleichsportale, Neukundenboni, zeitlich befristete Lockangebote, sogar Insolvenzen \u2013 Detlef Grosenick kennt das alles. Nun kehrte er als Stromkunde zu den Stadtwerken Schwedt zur\u00fcck. Eine abenteuerliche Geschichte \u2013 mit Happy End!","robots":{"index":"index","follow":"follow","max-snippet":"max-snippet:-1","max-image-preview":"max-image-preview:large","max-video-preview":"max-video-preview:-1"},"canonical":"https:\/\/stadtwerkezeitung.info\/schwedt\/2026\/02\/19\/hier-weiss-ich-dass-sich-jemand-kuemmert\/","og_locale":"en_US","og_type":"article","og_title":"\u201eHier wei\u00df ich, dass sich jemand k\u00fcmmert.\u201c - UMschau Schwedt","og_description":"Vergleichsportale, Neukundenboni, zeitlich befristete Lockangebote, sogar Insolvenzen \u2013 Detlef Grosenick kennt das alles. Nun kehrte er als Stromkunde zu den Stadtwerken Schwedt zur\u00fcck. Eine abenteuerliche Geschichte \u2013 mit Happy End!","og_url":"https:\/\/stadtwerkezeitung.info\/schwedt\/2026\/02\/19\/hier-weiss-ich-dass-sich-jemand-kuemmert\/","og_site_name":"UMschau Schwedt","article_published_time":"2026-02-19T10:03:29+00:00","article_modified_time":"2026-02-26T09:17:31+00:00","og_image":[{"width":2003,"height":2560,"url":"https:\/\/stadtwerkezeitung.info\/schwedt\/wp-content\/uploads\/sites\/5\/2026\/02\/103_Teaser_Bild_2231-scaled.jpg","type":"image\/jpeg"}],"author":"admin","twitter_card":"summary_large_image","twitter_misc":{"Written by":"admin","Est. reading time":"3 minutes"},"schema":{"@context":"https:\/\/schema.org","@graph":[{"@type":"Article","@id":"https:\/\/stadtwerkezeitung.info\/schwedt\/2026\/02\/19\/hier-weiss-ich-dass-sich-jemand-kuemmert\/#article","isPartOf":{"@id":"https:\/\/stadtwerkezeitung.info\/schwedt\/2026\/02\/19\/hier-weiss-ich-dass-sich-jemand-kuemmert\/"},"author":{"name":"admin","@id":"https:\/\/stadtwerkezeitung.info\/schwedt\/#\/schema\/person\/acd409dca37d4bb8bf3a1284da7f1ee0"},"headline":"\u201eHier wei\u00df ich, dass sich jemand k\u00fcmmert.\u201c","datePublished":"2026-02-19T10:03:29+00:00","dateModified":"2026-02-26T09:17:31+00:00","mainEntityOfPage":{"@id":"https:\/\/stadtwerkezeitung.info\/schwedt\/2026\/02\/19\/hier-weiss-ich-dass-sich-jemand-kuemmert\/"},"wordCount":495,"commentCount":0,"image":{"@id":"https:\/\/stadtwerkezeitung.info\/schwedt\/2026\/02\/19\/hier-weiss-ich-dass-sich-jemand-kuemmert\/#primaryimage"},"thumbnailUrl":"https:\/\/stadtwerkezeitung.info\/schwedt\/wp-content\/uploads\/sites\/5\/2026\/02\/103_Teaser_Bild_2231-scaled.jpg","inLanguage":"en-US","potentialAction":[{"@type":"CommentAction","name":"Comment","target":["https:\/\/stadtwerkezeitung.info\/schwedt\/2026\/02\/19\/hier-weiss-ich-dass-sich-jemand-kuemmert\/#respond"]}]},{"@type":"WebPage","@id":"https:\/\/stadtwerkezeitung.info\/schwedt\/2026\/02\/19\/hier-weiss-ich-dass-sich-jemand-kuemmert\/","url":"https:\/\/stadtwerkezeitung.info\/schwedt\/2026\/02\/19\/hier-weiss-ich-dass-sich-jemand-kuemmert\/","name":"\u201eHier wei\u00df ich, dass sich jemand k\u00fcmmert.\u201c - UMschau Schwedt","isPartOf":{"@id":"https:\/\/stadtwerkezeitung.info\/schwedt\/#website"},"primaryImageOfPage":{"@id":"https:\/\/stadtwerkezeitung.info\/schwedt\/2026\/02\/19\/hier-weiss-ich-dass-sich-jemand-kuemmert\/#primaryimage"},"image":{"@id":"https:\/\/stadtwerkezeitung.info\/schwedt\/2026\/02\/19\/hier-weiss-ich-dass-sich-jemand-kuemmert\/#primaryimage"},"thumbnailUrl":"https:\/\/stadtwerkezeitung.info\/schwedt\/wp-content\/uploads\/sites\/5\/2026\/02\/103_Teaser_Bild_2231-scaled.jpg","datePublished":"2026-02-19T10:03:29+00:00","dateModified":"2026-02-26T09:17:31+00:00","author":{"@id":"https:\/\/stadtwerkezeitung.info\/schwedt\/#\/schema\/person\/acd409dca37d4bb8bf3a1284da7f1ee0"},"description":"Vergleichsportale, Neukundenboni, zeitlich befristete Lockangebote, sogar Insolvenzen \u2013 Detlef Grosenick kennt das alles. Nun kehrte er als Stromkunde zu den Stadtwerken Schwedt zur\u00fcck. Eine abenteuerliche Geschichte \u2013 mit Happy End!","breadcrumb":{"@id":"https:\/\/stadtwerkezeitung.info\/schwedt\/2026\/02\/19\/hier-weiss-ich-dass-sich-jemand-kuemmert\/#breadcrumb"},"inLanguage":"en-US","potentialAction":[{"@type":"ReadAction","target":["https:\/\/stadtwerkezeitung.info\/schwedt\/2026\/02\/19\/hier-weiss-ich-dass-sich-jemand-kuemmert\/"]}]},{"@type":"ImageObject","inLanguage":"en-US","@id":"https:\/\/stadtwerkezeitung.info\/schwedt\/2026\/02\/19\/hier-weiss-ich-dass-sich-jemand-kuemmert\/#primaryimage","url":"https:\/\/stadtwerkezeitung.info\/schwedt\/wp-content\/uploads\/sites\/5\/2026\/02\/103_Teaser_Bild_2231-scaled.jpg","contentUrl":"https:\/\/stadtwerkezeitung.info\/schwedt\/wp-content\/uploads\/sites\/5\/2026\/02\/103_Teaser_Bild_2231-scaled.jpg","width":2003,"height":2560},{"@type":"BreadcrumbList","@id":"https:\/\/stadtwerkezeitung.info\/schwedt\/2026\/02\/19\/hier-weiss-ich-dass-sich-jemand-kuemmert\/#breadcrumb","itemListElement":[{"@type":"ListItem","position":1,"name":"Home","item":"https:\/\/stadtwerkezeitung.info\/schwedt\/"},{"@type":"ListItem","position":2,"name":"\u201eHier wei\u00df ich, dass sich jemand k\u00fcmmert.\u201c"}]},{"@type":"WebSite","@id":"https:\/\/stadtwerkezeitung.info\/schwedt\/#website","url":"https:\/\/stadtwerkezeitung.info\/schwedt\/","name":"UMschau Schwedt","description":"","inLanguage":"en-US"},{"@type":"Person","@id":"https:\/\/stadtwerkezeitung.info\/schwedt\/#\/schema\/person\/acd409dca37d4bb8bf3a1284da7f1ee0","name":"admin","image":{"@type":"ImageObject","inLanguage":"en-US","@id":"https:\/\/stadtwerkezeitung.info\/schwedt\/#\/schema\/person\/image\/","url":"https:\/\/secure.gravatar.com\/avatar\/52dc0b3340c8087a51f52eaa20dc62cd4a6fe41f5bd886140989db7b572c00cd?s=96&d=mm&r=g","contentUrl":"https:\/\/secure.gravatar.com\/avatar\/52dc0b3340c8087a51f52eaa20dc62cd4a6fe41f5bd886140989db7b572c00cd?s=96&d=mm&r=g","caption":"admin"},"sameAs":["https:\/\/stadtwerkezeitung.info"]}]}},"_links":{"self":[{"href":"https:\/\/stadtwerkezeitung.info\/schwedt\/wp-json\/wp\/v2\/posts\/524","targetHints":{"allow":["GET"]}}],"collection":[{"href":"https:\/\/stadtwerkezeitung.info\/schwedt\/wp-json\/wp\/v2\/posts"}],"about":[{"href":"https:\/\/stadtwerkezeitung.info\/schwedt\/wp-json\/wp\/v2\/types\/post"}],"author":[{"embeddable":true,"href":"https:\/\/stadtwerkezeitung.info\/schwedt\/wp-json\/wp\/v2\/users\/1"}],"replies":[{"embeddable":true,"href":"https:\/\/stadtwerkezeitung.info\/schwedt\/wp-json\/wp\/v2\/comments?post=524"}],"version-history":[{"count":4,"href":"https:\/\/stadtwerkezeitung.info\/schwedt\/wp-json\/wp\/v2\/posts\/524\/revisions"}],"predecessor-version":[{"id":652,"href":"https:\/\/stadtwerkezeitung.info\/schwedt\/wp-json\/wp\/v2\/posts\/524\/revisions\/652"}],"wp:featuredmedia":[{"embeddable":true,"href":"https:\/\/stadtwerkezeitung.info\/schwedt\/wp-json\/wp\/v2\/media\/525"}],"wp:attachment":[{"href":"https:\/\/stadtwerkezeitung.info\/schwedt\/wp-json\/wp\/v2\/media?parent=524"}],"wp:term":[{"taxonomy":"category","embeddable":true,"href":"https:\/\/stadtwerkezeitung.info\/schwedt\/wp-json\/wp\/v2\/categories?post=524"},{"taxonomy":"post_tag","embeddable":true,"href":"https:\/\/stadtwerkezeitung.info\/schwedt\/wp-json\/wp\/v2\/tags?post=524"}],"curies":[{"name":"wp","href":"https:\/\/api.w.org\/{rel}","templated":true}]}}