{"id":567,"date":"2026-02-19T11:08:36","date_gmt":"2026-02-19T11:08:36","guid":{"rendered":"https:\/\/stadtwerkezeitung.info\/schwedt\/?p=567"},"modified":"2026-02-19T11:58:54","modified_gmt":"2026-02-19T11:58:54","slug":"7-000-gaeste-aus-21-nationen","status":"publish","type":"post","link":"https:\/\/stadtwerkezeitung.info\/schwedt\/2026\/02\/19\/7-000-gaeste-aus-21-nationen\/","title":{"rendered":"7.000 G\u00e4ste aus 21 Nationen"},"content":{"rendered":"<h2>Erfolgskurs dank Ausbau und Radlerh\u00fctten<\/h2>\n<h1>7.000 G\u00e4ste aus 21 Nationen<\/h1>\n<h2>Die Saison 2025 hat gezeigt: Das StroamCamp wird bei Reisenden &#8211; ob nun per Caravan, per Pedes oder Boot &#8211; immer beliebter und gern angesteuert.<\/h2>\n<p><img decoding=\"async\" src=\"\/schwedt\/wp-content\/uploads\/sites\/5\/2026\/02\/109_Bild_1Radlerhutte_MG_2243_a-scaled.jpg\" alt=\"\"><\/p>\n<div>\n<p><em>Campingplatzmitarbeiterin Sophie Gro\u00df richtet eine der neuen Radlerh\u00fctten her.<\/p>\n<p><small> Foto: SPREE-PR\/Petsch <\/small><\/em><\/p>\n<\/div>\n<div>\n<p>Campingplatzleiter Ralf Diesterweg z\u00e4hlte insgesamt 7.000\u2009G\u00e4ste aus 21\u2009Nationen und 13.800\u2009\u00dcbernachtungen (+\u200922\u2009% zu 2024). Davon wurden 1.650 in Zelten, 7.750 in Wohnmobilen und Wohnwagen, 1.600 in Sportbooten und 2.800 in den G\u00e4stezimmern verbracht. \u201eAllein bei unseren Stellpl\u00e4tzen konnten wir ein Plus von 28\u2009% bei den \u00dcbernachtungszahlen verzeichnen\u201c, sagt Campingplatzleiter Ralf Diesterweg, \u201eDie Er\u00f6ffnung unserer Erweiterungsfl\u00e4che kam genau zum richtigen Zeitpunkt. Wir freuen uns, dass die neuen komfortableren Stellpl\u00e4tze von den Campern so gut angenommen werden. Auch das Restaurant Anker\u2009&amp;\u2009Platz, mit seinem Angebot von Fr\u00fchst\u00fcck bis Abendmahl wertet den Campingplatz auf und erfreut sich wachsender Beliebtheit.\u201c<\/p>\n<p>Die Lage mitten in der Nationalparkstadt und doch in der Natur am Wasser, die Ruhe, die Sauberkeit und das freundliche Team wissen die G\u00e4ste des Flusscampingplatzes zu sch\u00e4tzen. Ab der kommenden Saison sollen den Radfahrern zwei einfache Radlerh\u00fctten \u2013 mit je zwei Betten ausgestattet \u2013 zur \u00dcbernachtung bereitstehen. Wer nach einer langen Tour oder bei schlechtem Wetter sein Zelt nicht aufbauen will, kann in seinem Schlafsack auf einer gem\u00fctlichen Matratze \u00fcber Nacht Kraft f\u00fcr den n\u00e4chsten Tag sammeln.<\/p>\n<\/div>\n<p><!--more--><br \/>\n<!-- {\"type\":\"layout\",\"children\":[{\"type\":\"section\",\"props\":{\"image_position\":\"center-center\",\"padding_top\":\"none\",\"style\":\"default\",\"title_breakpoint\":\"xl\",\"title_position\":\"top-left\",\"title_rotation\":\"left\",\"vertical_align\":\"\",\"width\":\"small\"},\"children\":[{\"type\":\"row\",\"children\":[{\"type\":\"column\",\"props\":{\"image_position\":\"center-center\",\"position_sticky_breakpoint\":\"m\"},\"children\":[{\"type\":\"headline\",\"props\":{\"content\":\"Erfolgskurs dank Ausbau und Radlerh\u00fctten\",\"image_align\":\"left\",\"image_margin\":\"xsmall\",\"margin_bottom\":\"small\",\"margin_top\":\"small\",\"title_element\":\"h2\",\"title_style\":\"h6\"}},{\"type\":\"headline\",\"props\":{\"content\":\"7.000 G\u00e4ste aus 21 Nationen\",\"image_align\":\"left\",\"image_margin\":\"xsmall\",\"margin_bottom\":\"small\",\"margin_top\":\"small\",\"title_element\":\"h1\",\"title_style\":\"h2\"}},{\"type\":\"headline\",\"props\":{\"content\":\"Die Saison 2025 hat gezeigt: Das StroamCamp wird bei Reisenden - ob nun per Caravan, per Pedes oder Boot - immer beliebter und gern angesteuert.\",\"image_align\":\"left\",\"image_margin\":\"xsmall\",\"margin_bottom\":\"small\",\"margin_top\":\"small\",\"title_element\":\"h2\",\"title_style\":\"text-lead\"}},{\"type\":\"image\",\"props\":{\"image\":\"wp-content\/uploads\/sites\/5\/2026\/02\/109_Bild_1Radlerhutte_MG_2243_a-scaled.jpg\",\"image_svg_color\":\"emphasis\",\"margin_bottom\":\"default\",\"margin_top\":\"default\"}},{\"type\":\"text\",\"props\":{\"column_breakpoint\":\"m\",\"content\":\"\n\n<p><em>Campingplatzmitarbeiterin Sophie Gro\u00df richtet eine der neuen Radlerh\u00fctten her.\\n\\n\\n\\n    \\n    <br \/><small> Foto: SPREE-PR\/Petsch <\/small><\/em><\/p>\n\n\",\"margin_bottom\":\"default\",\"margin_top\":\"default\"}},{\"type\":\"text\",\"props\":{\"column_breakpoint\":\"m\",\"content\":\"\n\n<p>Campingplatzleiter Ralf Diesterweg z\u00e4hlte insgesamt 7.000\u2009G\u00e4ste aus 21\u2009Nationen und 13.800\u2009\u00dcbernachtungen (+\u200922\u2009% zu 2024). Davon wurden 1.650 in Zelten, 7.750 in Wohnmobilen und Wohnwagen, 1.600 in Sportbooten und 2.800 in den G\u00e4stezimmern verbracht. \u201eAllein bei unseren Stellpl\u00e4tzen konnten wir ein Plus von 28\u2009% bei den \u00dcbernachtungszahlen verzeichnen\u201c, sagt Campingplatzleiter Ralf Diesterweg, \u201eDie Er\u00f6ffnung unserer Erweiterungsfl\u00e4che kam genau zum richtigen Zeitpunkt. Wir freuen uns, dass die neuen komfortableren Stellpl\u00e4tze von den Campern so gut angenommen werden. Auch das Restaurant Anker\u2009&amp;\u2009Platz, mit seinem Angebot von Fr\u00fchst\u00fcck bis Abendmahl wertet den Campingplatz auf und erfreut sich wachsender Beliebtheit.\u201c<\/p>\n\n\\n\n\n<p>Die Lage mitten in der Nationalparkstadt und doch in der Natur am Wasser, die Ruhe, die Sauberkeit und das freundliche Team wissen die G\u00e4ste des Flusscampingplatzes zu sch\u00e4tzen. Ab der kommenden Saison sollen den Radfahrern zwei einfache Radlerh\u00fctten \u2013 mit je zwei Betten ausgestattet \u2013 zur \u00dcbernachtung bereitstehen. Wer nach einer langen Tour oder bei schlechtem Wetter sein Zelt nicht aufbauen will, kann in seinem Schlafsack auf einer gem\u00fctlichen Matratze \u00fcber Nacht Kraft f\u00fcr den n\u00e4chsten Tag sammeln.<\/p>\n\n\",\"margin_bottom\":\"default\",\"margin_top\":\"default\"}}]}]}],\"name\":\"Artikel Format\"}],\"version\":\"5.0.12\"} --><\/p>\n","protected":false},"excerpt":{"rendered":"<p>Erfolgskurs dank Ausbau und Radlerh\u00fctten 7.000 G\u00e4ste aus 21 Nationen Die Saison 2025 hat gezeigt: Das StroamCamp wird bei Reisenden &#8211; ob nun per Caravan, per Pedes oder Boot &#8211; immer beliebter und gern angesteuert. Campingplatzmitarbeiterin Sophie Gro\u00df richtet eine der neuen Radlerh\u00fctten her. Foto: SPREE-PR\/Petsch Campingplatzleiter Ralf Diesterweg z\u00e4hlte insgesamt 7.000\u2009G\u00e4ste aus 21\u2009Nationen und [&hellip;]<\/p>\n","protected":false},"author":1,"featured_media":569,"comment_status":"open","ping_status":"open","sticky":false,"template":"","format":"standard","meta":{"footnotes":""},"categories":[1],"tags":[],"class_list":["post-567","post","type-post","status-publish","format-standard","has-post-thumbnail","hentry","category-uncategorized"],"yoast_head":"<!-- This site is optimized with the Yoast SEO plugin v26.9 - https:\/\/yoast.com\/product\/yoast-seo-wordpress\/ -->\n<title>7.000 G\u00e4ste aus 21 Nationen - UMschau Schwedt<\/title>\n<meta name=\"description\" content=\"Die Saison 2025 hat gezeigt: Das StroamCamp wird bei Reisenden - ob nun per Caravan, per Pedes oder Boot - immer beliebter und gern angesteuert.\" \/>\n<meta name=\"robots\" content=\"index, follow, max-snippet:-1, max-image-preview:large, max-video-preview:-1\" \/>\n<link rel=\"canonical\" href=\"https:\/\/stadtwerkezeitung.info\/schwedt\/2026\/02\/19\/7-000-gaeste-aus-21-nationen\/\" \/>\n<meta property=\"og:locale\" content=\"en_US\" \/>\n<meta property=\"og:type\" content=\"article\" \/>\n<meta property=\"og:title\" content=\"7.000 G\u00e4ste aus 21 Nationen - UMschau Schwedt\" \/>\n<meta property=\"og:description\" content=\"Die Saison 2025 hat gezeigt: Das StroamCamp wird bei Reisenden - ob nun per Caravan, per Pedes oder Boot - immer beliebter und gern angesteuert.\" \/>\n<meta property=\"og:url\" content=\"https:\/\/stadtwerkezeitung.info\/schwedt\/2026\/02\/19\/7-000-gaeste-aus-21-nationen\/\" \/>\n<meta property=\"og:site_name\" content=\"UMschau Schwedt\" \/>\n<meta property=\"article:published_time\" content=\"2026-02-19T11:08:36+00:00\" \/>\n<meta property=\"article:modified_time\" content=\"2026-02-19T11:58:54+00:00\" \/>\n<meta property=\"og:image\" content=\"https:\/\/stadtwerkezeitung.info\/schwedt\/wp-content\/uploads\/sites\/5\/2026\/02\/109_Teaser_Radlerhutte_MG_2243-scaled.jpg\" \/>\n\t<meta property=\"og:image:width\" content=\"2085\" \/>\n\t<meta property=\"og:image:height\" content=\"2560\" \/>\n\t<meta property=\"og:image:type\" content=\"image\/jpeg\" \/>\n<meta name=\"author\" content=\"admin\" \/>\n<meta name=\"twitter:card\" content=\"summary_large_image\" \/>\n<meta name=\"twitter:label1\" content=\"Written by\" \/>\n\t<meta name=\"twitter:data1\" content=\"admin\" \/>\n\t<meta name=\"twitter:label2\" content=\"Est. reading time\" \/>\n\t<meta name=\"twitter:data2\" content=\"2 minutes\" \/>\n<script type=\"application\/ld+json\" class=\"yoast-schema-graph\">{\"@context\":\"https:\/\/schema.org\",\"@graph\":[{\"@type\":\"Article\",\"@id\":\"https:\/\/stadtwerkezeitung.info\/schwedt\/2026\/02\/19\/7-000-gaeste-aus-21-nationen\/#article\",\"isPartOf\":{\"@id\":\"https:\/\/stadtwerkezeitung.info\/schwedt\/2026\/02\/19\/7-000-gaeste-aus-21-nationen\/\"},\"author\":{\"name\":\"admin\",\"@id\":\"https:\/\/stadtwerkezeitung.info\/schwedt\/#\/schema\/person\/acd409dca37d4bb8bf3a1284da7f1ee0\"},\"headline\":\"7.000 G\u00e4ste aus 21 Nationen\",\"datePublished\":\"2026-02-19T11:08:36+00:00\",\"dateModified\":\"2026-02-19T11:58:54+00:00\",\"mainEntityOfPage\":{\"@id\":\"https:\/\/stadtwerkezeitung.info\/schwedt\/2026\/02\/19\/7-000-gaeste-aus-21-nationen\/\"},\"wordCount\":231,\"commentCount\":0,\"image\":{\"@id\":\"https:\/\/stadtwerkezeitung.info\/schwedt\/2026\/02\/19\/7-000-gaeste-aus-21-nationen\/#primaryimage\"},\"thumbnailUrl\":\"https:\/\/stadtwerkezeitung.info\/schwedt\/wp-content\/uploads\/sites\/5\/2026\/02\/109_Teaser_Radlerhutte_MG_2243-scaled.jpg\",\"inLanguage\":\"en-US\",\"potentialAction\":[{\"@type\":\"CommentAction\",\"name\":\"Comment\",\"target\":[\"https:\/\/stadtwerkezeitung.info\/schwedt\/2026\/02\/19\/7-000-gaeste-aus-21-nationen\/#respond\"]}]},{\"@type\":\"WebPage\",\"@id\":\"https:\/\/stadtwerkezeitung.info\/schwedt\/2026\/02\/19\/7-000-gaeste-aus-21-nationen\/\",\"url\":\"https:\/\/stadtwerkezeitung.info\/schwedt\/2026\/02\/19\/7-000-gaeste-aus-21-nationen\/\",\"name\":\"7.000 G\u00e4ste aus 21 Nationen - UMschau Schwedt\",\"isPartOf\":{\"@id\":\"https:\/\/stadtwerkezeitung.info\/schwedt\/#website\"},\"primaryImageOfPage\":{\"@id\":\"https:\/\/stadtwerkezeitung.info\/schwedt\/2026\/02\/19\/7-000-gaeste-aus-21-nationen\/#primaryimage\"},\"image\":{\"@id\":\"https:\/\/stadtwerkezeitung.info\/schwedt\/2026\/02\/19\/7-000-gaeste-aus-21-nationen\/#primaryimage\"},\"thumbnailUrl\":\"https:\/\/stadtwerkezeitung.info\/schwedt\/wp-content\/uploads\/sites\/5\/2026\/02\/109_Teaser_Radlerhutte_MG_2243-scaled.jpg\",\"datePublished\":\"2026-02-19T11:08:36+00:00\",\"dateModified\":\"2026-02-19T11:58:54+00:00\",\"author\":{\"@id\":\"https:\/\/stadtwerkezeitung.info\/schwedt\/#\/schema\/person\/acd409dca37d4bb8bf3a1284da7f1ee0\"},\"description\":\"Die Saison 2025 hat gezeigt: Das StroamCamp wird bei Reisenden - ob nun per Caravan, per Pedes oder Boot - immer beliebter und gern angesteuert.\",\"breadcrumb\":{\"@id\":\"https:\/\/stadtwerkezeitung.info\/schwedt\/2026\/02\/19\/7-000-gaeste-aus-21-nationen\/#breadcrumb\"},\"inLanguage\":\"en-US\",\"potentialAction\":[{\"@type\":\"ReadAction\",\"target\":[\"https:\/\/stadtwerkezeitung.info\/schwedt\/2026\/02\/19\/7-000-gaeste-aus-21-nationen\/\"]}]},{\"@type\":\"ImageObject\",\"inLanguage\":\"en-US\",\"@id\":\"https:\/\/stadtwerkezeitung.info\/schwedt\/2026\/02\/19\/7-000-gaeste-aus-21-nationen\/#primaryimage\",\"url\":\"https:\/\/stadtwerkezeitung.info\/schwedt\/wp-content\/uploads\/sites\/5\/2026\/02\/109_Teaser_Radlerhutte_MG_2243-scaled.jpg\",\"contentUrl\":\"https:\/\/stadtwerkezeitung.info\/schwedt\/wp-content\/uploads\/sites\/5\/2026\/02\/109_Teaser_Radlerhutte_MG_2243-scaled.jpg\",\"width\":2085,\"height\":2560},{\"@type\":\"BreadcrumbList\",\"@id\":\"https:\/\/stadtwerkezeitung.info\/schwedt\/2026\/02\/19\/7-000-gaeste-aus-21-nationen\/#breadcrumb\",\"itemListElement\":[{\"@type\":\"ListItem\",\"position\":1,\"name\":\"Home\",\"item\":\"https:\/\/stadtwerkezeitung.info\/schwedt\/\"},{\"@type\":\"ListItem\",\"position\":2,\"name\":\"7.000 G\u00e4ste aus 21 Nationen\"}]},{\"@type\":\"WebSite\",\"@id\":\"https:\/\/stadtwerkezeitung.info\/schwedt\/#website\",\"url\":\"https:\/\/stadtwerkezeitung.info\/schwedt\/\",\"name\":\"UMschau Schwedt\",\"description\":\"\",\"inLanguage\":\"en-US\"},{\"@type\":\"Person\",\"@id\":\"https:\/\/stadtwerkezeitung.info\/schwedt\/#\/schema\/person\/acd409dca37d4bb8bf3a1284da7f1ee0\",\"name\":\"admin\",\"image\":{\"@type\":\"ImageObject\",\"inLanguage\":\"en-US\",\"@id\":\"https:\/\/stadtwerkezeitung.info\/schwedt\/#\/schema\/person\/image\/\",\"url\":\"https:\/\/secure.gravatar.com\/avatar\/52dc0b3340c8087a51f52eaa20dc62cd4a6fe41f5bd886140989db7b572c00cd?s=96&d=mm&r=g\",\"contentUrl\":\"https:\/\/secure.gravatar.com\/avatar\/52dc0b3340c8087a51f52eaa20dc62cd4a6fe41f5bd886140989db7b572c00cd?s=96&d=mm&r=g\",\"caption\":\"admin\"},\"sameAs\":[\"https:\/\/stadtwerkezeitung.info\"]}]}<\/script>\n<!-- \/ Yoast SEO plugin. -->","yoast_head_json":{"title":"7.000 G\u00e4ste aus 21 Nationen - UMschau Schwedt","description":"Die Saison 2025 hat gezeigt: Das StroamCamp wird bei Reisenden - ob nun per Caravan, per Pedes oder Boot - immer beliebter und gern angesteuert.","robots":{"index":"index","follow":"follow","max-snippet":"max-snippet:-1","max-image-preview":"max-image-preview:large","max-video-preview":"max-video-preview:-1"},"canonical":"https:\/\/stadtwerkezeitung.info\/schwedt\/2026\/02\/19\/7-000-gaeste-aus-21-nationen\/","og_locale":"en_US","og_type":"article","og_title":"7.000 G\u00e4ste aus 21 Nationen - UMschau Schwedt","og_description":"Die Saison 2025 hat gezeigt: Das StroamCamp wird bei Reisenden - ob nun per Caravan, per Pedes oder Boot - immer beliebter und gern angesteuert.","og_url":"https:\/\/stadtwerkezeitung.info\/schwedt\/2026\/02\/19\/7-000-gaeste-aus-21-nationen\/","og_site_name":"UMschau Schwedt","article_published_time":"2026-02-19T11:08:36+00:00","article_modified_time":"2026-02-19T11:58:54+00:00","og_image":[{"width":2085,"height":2560,"url":"https:\/\/stadtwerkezeitung.info\/schwedt\/wp-content\/uploads\/sites\/5\/2026\/02\/109_Teaser_Radlerhutte_MG_2243-scaled.jpg","type":"image\/jpeg"}],"author":"admin","twitter_card":"summary_large_image","twitter_misc":{"Written by":"admin","Est. reading time":"2 minutes"},"schema":{"@context":"https:\/\/schema.org","@graph":[{"@type":"Article","@id":"https:\/\/stadtwerkezeitung.info\/schwedt\/2026\/02\/19\/7-000-gaeste-aus-21-nationen\/#article","isPartOf":{"@id":"https:\/\/stadtwerkezeitung.info\/schwedt\/2026\/02\/19\/7-000-gaeste-aus-21-nationen\/"},"author":{"name":"admin","@id":"https:\/\/stadtwerkezeitung.info\/schwedt\/#\/schema\/person\/acd409dca37d4bb8bf3a1284da7f1ee0"},"headline":"7.000 G\u00e4ste aus 21 Nationen","datePublished":"2026-02-19T11:08:36+00:00","dateModified":"2026-02-19T11:58:54+00:00","mainEntityOfPage":{"@id":"https:\/\/stadtwerkezeitung.info\/schwedt\/2026\/02\/19\/7-000-gaeste-aus-21-nationen\/"},"wordCount":231,"commentCount":0,"image":{"@id":"https:\/\/stadtwerkezeitung.info\/schwedt\/2026\/02\/19\/7-000-gaeste-aus-21-nationen\/#primaryimage"},"thumbnailUrl":"https:\/\/stadtwerkezeitung.info\/schwedt\/wp-content\/uploads\/sites\/5\/2026\/02\/109_Teaser_Radlerhutte_MG_2243-scaled.jpg","inLanguage":"en-US","potentialAction":[{"@type":"CommentAction","name":"Comment","target":["https:\/\/stadtwerkezeitung.info\/schwedt\/2026\/02\/19\/7-000-gaeste-aus-21-nationen\/#respond"]}]},{"@type":"WebPage","@id":"https:\/\/stadtwerkezeitung.info\/schwedt\/2026\/02\/19\/7-000-gaeste-aus-21-nationen\/","url":"https:\/\/stadtwerkezeitung.info\/schwedt\/2026\/02\/19\/7-000-gaeste-aus-21-nationen\/","name":"7.000 G\u00e4ste aus 21 Nationen - UMschau Schwedt","isPartOf":{"@id":"https:\/\/stadtwerkezeitung.info\/schwedt\/#website"},"primaryImageOfPage":{"@id":"https:\/\/stadtwerkezeitung.info\/schwedt\/2026\/02\/19\/7-000-gaeste-aus-21-nationen\/#primaryimage"},"image":{"@id":"https:\/\/stadtwerkezeitung.info\/schwedt\/2026\/02\/19\/7-000-gaeste-aus-21-nationen\/#primaryimage"},"thumbnailUrl":"https:\/\/stadtwerkezeitung.info\/schwedt\/wp-content\/uploads\/sites\/5\/2026\/02\/109_Teaser_Radlerhutte_MG_2243-scaled.jpg","datePublished":"2026-02-19T11:08:36+00:00","dateModified":"2026-02-19T11:58:54+00:00","author":{"@id":"https:\/\/stadtwerkezeitung.info\/schwedt\/#\/schema\/person\/acd409dca37d4bb8bf3a1284da7f1ee0"},"description":"Die Saison 2025 hat gezeigt: Das StroamCamp wird bei Reisenden - ob nun per Caravan, per Pedes oder Boot - immer beliebter und gern angesteuert.","breadcrumb":{"@id":"https:\/\/stadtwerkezeitung.info\/schwedt\/2026\/02\/19\/7-000-gaeste-aus-21-nationen\/#breadcrumb"},"inLanguage":"en-US","potentialAction":[{"@type":"ReadAction","target":["https:\/\/stadtwerkezeitung.info\/schwedt\/2026\/02\/19\/7-000-gaeste-aus-21-nationen\/"]}]},{"@type":"ImageObject","inLanguage":"en-US","@id":"https:\/\/stadtwerkezeitung.info\/schwedt\/2026\/02\/19\/7-000-gaeste-aus-21-nationen\/#primaryimage","url":"https:\/\/stadtwerkezeitung.info\/schwedt\/wp-content\/uploads\/sites\/5\/2026\/02\/109_Teaser_Radlerhutte_MG_2243-scaled.jpg","contentUrl":"https:\/\/stadtwerkezeitung.info\/schwedt\/wp-content\/uploads\/sites\/5\/2026\/02\/109_Teaser_Radlerhutte_MG_2243-scaled.jpg","width":2085,"height":2560},{"@type":"BreadcrumbList","@id":"https:\/\/stadtwerkezeitung.info\/schwedt\/2026\/02\/19\/7-000-gaeste-aus-21-nationen\/#breadcrumb","itemListElement":[{"@type":"ListItem","position":1,"name":"Home","item":"https:\/\/stadtwerkezeitung.info\/schwedt\/"},{"@type":"ListItem","position":2,"name":"7.000 G\u00e4ste aus 21 Nationen"}]},{"@type":"WebSite","@id":"https:\/\/stadtwerkezeitung.info\/schwedt\/#website","url":"https:\/\/stadtwerkezeitung.info\/schwedt\/","name":"UMschau Schwedt","description":"","inLanguage":"en-US"},{"@type":"Person","@id":"https:\/\/stadtwerkezeitung.info\/schwedt\/#\/schema\/person\/acd409dca37d4bb8bf3a1284da7f1ee0","name":"admin","image":{"@type":"ImageObject","inLanguage":"en-US","@id":"https:\/\/stadtwerkezeitung.info\/schwedt\/#\/schema\/person\/image\/","url":"https:\/\/secure.gravatar.com\/avatar\/52dc0b3340c8087a51f52eaa20dc62cd4a6fe41f5bd886140989db7b572c00cd?s=96&d=mm&r=g","contentUrl":"https:\/\/secure.gravatar.com\/avatar\/52dc0b3340c8087a51f52eaa20dc62cd4a6fe41f5bd886140989db7b572c00cd?s=96&d=mm&r=g","caption":"admin"},"sameAs":["https:\/\/stadtwerkezeitung.info"]}]}},"_links":{"self":[{"href":"https:\/\/stadtwerkezeitung.info\/schwedt\/wp-json\/wp\/v2\/posts\/567","targetHints":{"allow":["GET"]}}],"collection":[{"href":"https:\/\/stadtwerkezeitung.info\/schwedt\/wp-json\/wp\/v2\/posts"}],"about":[{"href":"https:\/\/stadtwerkezeitung.info\/schwedt\/wp-json\/wp\/v2\/types\/post"}],"author":[{"embeddable":true,"href":"https:\/\/stadtwerkezeitung.info\/schwedt\/wp-json\/wp\/v2\/users\/1"}],"replies":[{"embeddable":true,"href":"https:\/\/stadtwerkezeitung.info\/schwedt\/wp-json\/wp\/v2\/comments?post=567"}],"version-history":[{"count":4,"href":"https:\/\/stadtwerkezeitung.info\/schwedt\/wp-json\/wp\/v2\/posts\/567\/revisions"}],"predecessor-version":[{"id":633,"href":"https:\/\/stadtwerkezeitung.info\/schwedt\/wp-json\/wp\/v2\/posts\/567\/revisions\/633"}],"wp:featuredmedia":[{"embeddable":true,"href":"https:\/\/stadtwerkezeitung.info\/schwedt\/wp-json\/wp\/v2\/media\/569"}],"wp:attachment":[{"href":"https:\/\/stadtwerkezeitung.info\/schwedt\/wp-json\/wp\/v2\/media?parent=567"}],"wp:term":[{"taxonomy":"category","embeddable":true,"href":"https:\/\/stadtwerkezeitung.info\/schwedt\/wp-json\/wp\/v2\/categories?post=567"},{"taxonomy":"post_tag","embeddable":true,"href":"https:\/\/stadtwerkezeitung.info\/schwedt\/wp-json\/wp\/v2\/tags?post=567"}],"curies":[{"name":"wp","href":"https:\/\/api.w.org\/{rel}","templated":true}]}}